{"id":41033,"date":"2015-06-25T22:50:00","date_gmt":"2015-06-25T21:20:00","guid":{"rendered":"http:\/\/eldigitaldeasturias.com\/magazine365\/?p=41033"},"modified":"2015-06-25T22:50:00","modified_gmt":"2015-06-25T21:20:00","slug":"el-aeropuerto-de-malaga-costa-del-sol-estrena-una-nueva-ruta-a-zurich","status":"publish","type":"post","link":"https:\/\/eldigitaldeasturias.com\/magazine365\/el-aeropuerto-de-malaga-costa-del-sol-estrena-una-nueva-ruta-a-zurich\/","title":{"rendered":"El aeropuerto de M\u00e1laga-Costa del Sol estrena una nueva ruta a Z\u00farich"},"content":{"rendered":"<p><img fetchpriority=\"high\" decoding=\"async\" class=\"alignleft size-medium wp-image-41034\" src=\"https:\/\/eldigitaldeasturias.com\/magazine365\/wp-content\/uploads\/2015\/06\/fotonoticia_20150625160049_800-360x250.jpg\" alt=\"fotonoticia_20150625160049_800\" width=\"360\" height=\"250\" srcset=\"https:\/\/eldigitaldeasturias.com\/magazine365\/wp-content\/uploads\/2015\/06\/fotonoticia_20150625160049_800-360x250.jpg 360w, https:\/\/eldigitaldeasturias.com\/magazine365\/wp-content\/uploads\/2015\/06\/fotonoticia_20150625160049_800-650x451.jpg 650w, https:\/\/eldigitaldeasturias.com\/magazine365\/wp-content\/uploads\/2015\/06\/fotonoticia_20150625160049_800-768x533.jpg 768w, https:\/\/eldigitaldeasturias.com\/magazine365\/wp-content\/uploads\/2015\/06\/fotonoticia_20150625160049_800-150x104.jpg 150w, https:\/\/eldigitaldeasturias.com\/magazine365\/wp-content\/uploads\/2015\/06\/fotonoticia_20150625160049_800-450x312.jpg 450w, https:\/\/eldigitaldeasturias.com\/magazine365\/wp-content\/uploads\/2015\/06\/fotonoticia_20150625160049_800-100x70.jpg 100w, https:\/\/eldigitaldeasturias.com\/magazine365\/wp-content\/uploads\/2015\/06\/fotonoticia_20150625160049_800-218x150.jpg 218w, https:\/\/eldigitaldeasturias.com\/magazine365\/wp-content\/uploads\/2015\/06\/fotonoticia_20150625160049_800-696x483.jpg 696w, https:\/\/eldigitaldeasturias.com\/magazine365\/wp-content\/uploads\/2015\/06\/fotonoticia_20150625160049_800-605x420.jpg 605w, https:\/\/eldigitaldeasturias.com\/magazine365\/wp-content\/uploads\/2015\/06\/fotonoticia_20150625160049_800.jpg 800w\" sizes=\"(max-width: 360px) 100vw, 360px\" \/>El aeropuerto de M\u00e1laga-Costa del Sol estren\u00f3 este pasado mi\u00e9rcoles una ruta que enlaza con Z\u00farich, de la mano de Vueling. Este vuelo se incluye en la temporada de verano 2015, que se extiende desde el 29 de marzo hasta el \u00faltimo fin de semana de octubre.<\/p>\n<p>La aerol\u00ednea ampl\u00eda as\u00ed las posibilidades de enlaces a Centroeuropa desde la infraestructura malague\u00f1a con seis vuelos a la semana, una llegada y una salida los mi\u00e9rcoles, viernes y domingos de cada semana.<\/p>\n<p>Para la temporada estival de este ejercicio, las compa\u00f1\u00edas a\u00e9reas han programado en el aeropuerto de M\u00e1laga-Costa del Sol m\u00e1s de 69.300 vuelos comerciales (+1,5 por ciento), con casi 12 millones de plazas (+2,1 por ciento), a trav\u00e9s de 194 rutas.<\/p>\n","protected":false},"excerpt":{"rendered":"<p>El aeropuerto de M\u00e1laga-Costa del Sol estren\u00f3 este pasado mi\u00e9rcoles una ruta que enlaza con Z\u00farich, de la mano de Vueling. Este vuelo se incluye en la temporada de verano 2015, que se extiende desde el 29 de marzo hasta el \u00faltimo fin de semana de octubre. La aerol\u00ednea ampl\u00eda as\u00ed las posibilidades de enlaces<\/p>\n","protected":false},"author":1,"featured_media":41034,"comment_status":"open","ping_status":"closed","sticky":false,"template":"","format":"standard","meta":{"footnotes":""},"categories":[222],"tags":[],"class_list":{"0":"post-41033","1":"post","2":"type-post","3":"status-publish","4":"format-standard","5":"has-post-thumbnail","7":"category-actualidad-turismo"},"aioseo_notices":[],"aioseo_head":"\n\t\t<!-- All in One SEO Pro 4.9.6.1 - aioseo.com -->\n\t<meta name=\"description\" content=\"El aeropuerto de M\u00e1laga-Costa del Sol estren\u00f3 este pasado mi\u00e9rcoles una ruta que enlaza con Z\u00farich, de la mano de Vueling. Este vuelo se incluye en la temporada de verano 2015, que se extiende desde el 29 de marzo hasta el \u00faltimo fin de semana de octubre. La aerol\u00ednea ampl\u00eda as\u00ed las posibilidades de enlaces\" \/>\n\t<meta name=\"robots\" content=\"max-image-preview:large\" \/>\n\t<meta name=\"author\" content=\"admin\"\/>\n\t<meta name=\"google-site-verification\" content=\"UA-38556648-1\" \/>\n\t<meta name=\"keywords\" content=\"actualidad turismo\" \/>\n\t<link rel=\"canonical\" href=\"https:\/\/eldigitaldeasturias.com\/magazine365\/el-aeropuerto-de-malaga-costa-del-sol-estrena-una-nueva-ruta-a-zurich\/\" \/>\n\t<meta name=\"generator\" content=\"All in One SEO Pro (AIOSEO) 4.9.6.1\" \/>\n\t\t<meta property=\"og:locale\" content=\"es_ES\" \/>\n\t\t<meta property=\"og:site_name\" content=\"El Digital de Asturias \u2013 Revista de ocio, turismo y estilo de vida\" \/>\n\t\t<meta property=\"og:type\" content=\"article\" \/>\n\t\t<meta property=\"og:title\" content=\"El aeropuerto de M\u00e1laga-Costa del Sol estrena una nueva ruta a Z\u00farich | El Digital de Asturias\" \/>\n\t\t<meta property=\"og:description\" content=\"El aeropuerto de M\u00e1laga-Costa del Sol estren\u00f3 este pasado mi\u00e9rcoles una ruta que enlaza con Z\u00farich, de la mano de Vueling. Este vuelo se incluye en la temporada de verano 2015, que se extiende desde el 29 de marzo hasta el \u00faltimo fin de semana de octubre. La aerol\u00ednea ampl\u00eda as\u00ed las posibilidades de enlaces\" \/>\n\t\t<meta property=\"og:url\" content=\"https:\/\/eldigitaldeasturias.com\/magazine365\/el-aeropuerto-de-malaga-costa-del-sol-estrena-una-nueva-ruta-a-zurich\/\" \/>\n\t\t<meta property=\"og:image\" content=\"https:\/\/eldigitaldeasturias.com\/magazine365\/wp-content\/uploads\/2015\/06\/fotonoticia_20150625160049_800.jpg\" \/>\n\t\t<meta property=\"og:image:secure_url\" content=\"https:\/\/eldigitaldeasturias.com\/magazine365\/wp-content\/uploads\/2015\/06\/fotonoticia_20150625160049_800.jpg\" \/>\n\t\t<meta property=\"og:image:width\" content=\"800\" \/>\n\t\t<meta property=\"og:image:height\" content=\"555\" \/>\n\t\t<meta property=\"article:published_time\" content=\"2015-06-25T21:20:00+00:00\" \/>\n\t\t<meta property=\"article:modified_time\" content=\"2015-06-25T21:20:00+00:00\" \/>\n\t\t<meta name=\"twitter:card\" content=\"summary_large_image\" \/>\n\t\t<meta name=\"twitter:title\" content=\"El aeropuerto de M\u00e1laga-Costa del Sol estrena una nueva ruta a Z\u00farich | El Digital de Asturias\" \/>\n\t\t<meta name=\"twitter:description\" content=\"El aeropuerto de M\u00e1laga-Costa del Sol estren\u00f3 este pasado mi\u00e9rcoles una ruta que enlaza con Z\u00farich, de la mano de Vueling. Este vuelo se incluye en la temporada de verano 2015, que se extiende desde el 29 de marzo hasta el \u00faltimo fin de semana de octubre. La aerol\u00ednea ampl\u00eda as\u00ed las posibilidades de enlaces\" \/>\n\t\t<meta name=\"twitter:image\" content=\"https:\/\/eldigitaldeasturias.com\/magazine365\/wp-content\/uploads\/2015\/06\/fotonoticia_20150625160049_800.jpg\" \/>\n\t\t<script type=\"application\/ld+json\" class=\"aioseo-schema\">\n\t\t\t{\"@context\":\"https:\\\/\\\/schema.org\",\"@graph\":[{\"@type\":\"Article\",\"@id\":\"https:\\\/\\\/eldigitaldeasturias.com\\\/magazine365\\\/el-aeropuerto-de-malaga-costa-del-sol-estrena-una-nueva-ruta-a-zurich\\\/#article\",\"name\":\"El aeropuerto de M\\u00e1laga-Costa del Sol estrena una nueva ruta a Z\\u00farich | El Digital de Asturias\",\"headline\":\"El aeropuerto de M\\u00e1laga-Costa del Sol estrena una nueva ruta a Z\\u00farich\",\"author\":{\"@id\":\"https:\\\/\\\/eldigitaldeasturias.com\\\/magazine365\\\/author\\\/admin\\\/#author\"},\"publisher\":{\"@id\":\"https:\\\/\\\/eldigitaldeasturias.com\\\/magazine365\\\/#organization\"},\"image\":{\"@type\":\"ImageObject\",\"url\":\"https:\\\/\\\/eldigitaldeasturias.com\\\/magazine365\\\/wp-content\\\/uploads\\\/2015\\\/06\\\/fotonoticia_20150625160049_800.jpg\",\"width\":800,\"height\":555},\"datePublished\":\"2015-06-25T22:50:00+02:00\",\"dateModified\":\"2015-06-25T22:50:00+02:00\",\"inLanguage\":\"es-ES\",\"mainEntityOfPage\":{\"@id\":\"https:\\\/\\\/eldigitaldeasturias.com\\\/magazine365\\\/el-aeropuerto-de-malaga-costa-del-sol-estrena-una-nueva-ruta-a-zurich\\\/#webpage\"},\"isPartOf\":{\"@id\":\"https:\\\/\\\/eldigitaldeasturias.com\\\/magazine365\\\/el-aeropuerto-de-malaga-costa-del-sol-estrena-una-nueva-ruta-a-zurich\\\/#webpage\"},\"articleSection\":\"Actualidad Turismo\"},{\"@type\":\"BreadcrumbList\",\"@id\":\"https:\\\/\\\/eldigitaldeasturias.com\\\/magazine365\\\/el-aeropuerto-de-malaga-costa-del-sol-estrena-una-nueva-ruta-a-zurich\\\/#breadcrumblist\",\"itemListElement\":[{\"@type\":\"ListItem\",\"@id\":\"https:\\\/\\\/eldigitaldeasturias.com\\\/magazine365#listItem\",\"position\":1,\"name\":\"Home\",\"item\":\"https:\\\/\\\/eldigitaldeasturias.com\\\/magazine365\",\"nextItem\":{\"@type\":\"ListItem\",\"@id\":\"https:\\\/\\\/eldigitaldeasturias.com\\\/magazine365\\\/category\\\/actualidad-turismo\\\/#listItem\",\"name\":\"Actualidad Turismo\"}},{\"@type\":\"ListItem\",\"@id\":\"https:\\\/\\\/eldigitaldeasturias.com\\\/magazine365\\\/category\\\/actualidad-turismo\\\/#listItem\",\"position\":2,\"name\":\"Actualidad Turismo\",\"item\":\"https:\\\/\\\/eldigitaldeasturias.com\\\/magazine365\\\/category\\\/actualidad-turismo\\\/\",\"nextItem\":{\"@type\":\"ListItem\",\"@id\":\"https:\\\/\\\/eldigitaldeasturias.com\\\/magazine365\\\/el-aeropuerto-de-malaga-costa-del-sol-estrena-una-nueva-ruta-a-zurich\\\/#listItem\",\"name\":\"El aeropuerto de M\\u00e1laga-Costa del Sol estrena una nueva ruta a Z\\u00farich\"},\"previousItem\":{\"@type\":\"ListItem\",\"@id\":\"https:\\\/\\\/eldigitaldeasturias.com\\\/magazine365#listItem\",\"name\":\"Home\"}},{\"@type\":\"ListItem\",\"@id\":\"https:\\\/\\\/eldigitaldeasturias.com\\\/magazine365\\\/el-aeropuerto-de-malaga-costa-del-sol-estrena-una-nueva-ruta-a-zurich\\\/#listItem\",\"position\":3,\"name\":\"El aeropuerto de M\\u00e1laga-Costa del Sol estrena una nueva ruta a Z\\u00farich\",\"previousItem\":{\"@type\":\"ListItem\",\"@id\":\"https:\\\/\\\/eldigitaldeasturias.com\\\/magazine365\\\/category\\\/actualidad-turismo\\\/#listItem\",\"name\":\"Actualidad Turismo\"}}]},{\"@type\":\"Organization\",\"@id\":\"https:\\\/\\\/eldigitaldeasturias.com\\\/magazine365\\\/#organization\",\"name\":\"El digital de Asturias\",\"description\":\"Revista de ocio, turismo y estilo de vida\",\"url\":\"https:\\\/\\\/eldigitaldeasturias.com\\\/magazine365\\\/\",\"logo\":{\"@type\":\"ImageObject\",\"url\":\"https:\\\/\\\/www.eldigitaldeasturias.com\\\/noticias\\\/wp-content\\\/uploads\\\/2020\\\/12\\\/EDA.jpg\",\"@id\":\"https:\\\/\\\/eldigitaldeasturias.com\\\/magazine365\\\/el-aeropuerto-de-malaga-costa-del-sol-estrena-una-nueva-ruta-a-zurich\\\/#organizationLogo\"},\"image\":{\"@id\":\"https:\\\/\\\/eldigitaldeasturias.com\\\/magazine365\\\/el-aeropuerto-de-malaga-costa-del-sol-estrena-una-nueva-ruta-a-zurich\\\/#organizationLogo\"}},{\"@type\":\"Person\",\"@id\":\"https:\\\/\\\/eldigitaldeasturias.com\\\/magazine365\\\/author\\\/admin\\\/#author\",\"url\":\"https:\\\/\\\/eldigitaldeasturias.com\\\/magazine365\\\/author\\\/admin\\\/\",\"name\":\"admin\",\"image\":{\"@type\":\"ImageObject\",\"@id\":\"https:\\\/\\\/eldigitaldeasturias.com\\\/magazine365\\\/el-aeropuerto-de-malaga-costa-del-sol-estrena-una-nueva-ruta-a-zurich\\\/#authorImage\",\"url\":\"https:\\\/\\\/eldigitaldeasturias.com\\\/magazine365\\\/wp-content\\\/litespeed\\\/avatar\\\/e571bcf59a0edd6fa6838245a470f2fe.jpg?ver=1777574230\",\"width\":96,\"height\":96,\"caption\":\"admin\"}},{\"@type\":\"WebPage\",\"@id\":\"https:\\\/\\\/eldigitaldeasturias.com\\\/magazine365\\\/el-aeropuerto-de-malaga-costa-del-sol-estrena-una-nueva-ruta-a-zurich\\\/#webpage\",\"url\":\"https:\\\/\\\/eldigitaldeasturias.com\\\/magazine365\\\/el-aeropuerto-de-malaga-costa-del-sol-estrena-una-nueva-ruta-a-zurich\\\/\",\"name\":\"El aeropuerto de M\\u00e1laga-Costa del Sol estrena una nueva ruta a Z\\u00farich | El Digital de Asturias\",\"description\":\"El aeropuerto de M\\u00e1laga-Costa del Sol estren\\u00f3 este pasado mi\\u00e9rcoles una ruta que enlaza con Z\\u00farich, de la mano de Vueling. Este vuelo se incluye en la temporada de verano 2015, que se extiende desde el 29 de marzo hasta el \\u00faltimo fin de semana de octubre. La aerol\\u00ednea ampl\\u00eda as\\u00ed las posibilidades de enlaces\",\"inLanguage\":\"es-ES\",\"isPartOf\":{\"@id\":\"https:\\\/\\\/eldigitaldeasturias.com\\\/magazine365\\\/#website\"},\"breadcrumb\":{\"@id\":\"https:\\\/\\\/eldigitaldeasturias.com\\\/magazine365\\\/el-aeropuerto-de-malaga-costa-del-sol-estrena-una-nueva-ruta-a-zurich\\\/#breadcrumblist\"},\"author\":{\"@id\":\"https:\\\/\\\/eldigitaldeasturias.com\\\/magazine365\\\/author\\\/admin\\\/#author\"},\"creator\":{\"@id\":\"https:\\\/\\\/eldigitaldeasturias.com\\\/magazine365\\\/author\\\/admin\\\/#author\"},\"image\":{\"@type\":\"ImageObject\",\"url\":\"https:\\\/\\\/eldigitaldeasturias.com\\\/magazine365\\\/wp-content\\\/uploads\\\/2015\\\/06\\\/fotonoticia_20150625160049_800.jpg\",\"@id\":\"https:\\\/\\\/eldigitaldeasturias.com\\\/magazine365\\\/el-aeropuerto-de-malaga-costa-del-sol-estrena-una-nueva-ruta-a-zurich\\\/#mainImage\",\"width\":800,\"height\":555},\"primaryImageOfPage\":{\"@id\":\"https:\\\/\\\/eldigitaldeasturias.com\\\/magazine365\\\/el-aeropuerto-de-malaga-costa-del-sol-estrena-una-nueva-ruta-a-zurich\\\/#mainImage\"},\"datePublished\":\"2015-06-25T22:50:00+02:00\",\"dateModified\":\"2015-06-25T22:50:00+02:00\"},{\"@type\":\"WebSite\",\"@id\":\"https:\\\/\\\/eldigitaldeasturias.com\\\/magazine365\\\/#website\",\"url\":\"https:\\\/\\\/eldigitaldeasturias.com\\\/magazine365\\\/\",\"name\":\"El Digital de Asturias\",\"description\":\"Revista de ocio, turismo y estilo de vida\",\"inLanguage\":\"es-ES\",\"publisher\":{\"@id\":\"https:\\\/\\\/eldigitaldeasturias.com\\\/magazine365\\\/#organization\"}}]}\n\t\t<\/script>\n\t\t<!-- All in One SEO Pro -->\r\n\t\t<title>El aeropuerto de M\u00e1laga-Costa del Sol estrena una nueva ruta a Z\u00farich | El Digital de Asturias<\/title>\n\n","aioseo_head_json":{"title":"El aeropuerto de M\u00e1laga-Costa del Sol estrena una nueva ruta a Z\u00farich | El Digital de Asturias","description":"El aeropuerto de M\u00e1laga-Costa del Sol estren\u00f3 este pasado mi\u00e9rcoles una ruta que enlaza con Z\u00farich, de la mano de Vueling. Este vuelo se incluye en la temporada de verano 2015, que se extiende desde el 29 de marzo hasta el \u00faltimo fin de semana de octubre. La aerol\u00ednea ampl\u00eda as\u00ed las posibilidades de enlaces","canonical_url":"https:\/\/eldigitaldeasturias.com\/magazine365\/el-aeropuerto-de-malaga-costa-del-sol-estrena-una-nueva-ruta-a-zurich\/","robots":"max-image-preview:large","keywords":"actualidad turismo","webmasterTools":{"google-site-verification":"UA-38556648-1","miscellaneous":""},"schema":{"@context":"https:\/\/schema.org","@graph":[{"@type":"Article","@id":"https:\/\/eldigitaldeasturias.com\/magazine365\/el-aeropuerto-de-malaga-costa-del-sol-estrena-una-nueva-ruta-a-zurich\/#article","name":"El aeropuerto de M\u00e1laga-Costa del Sol estrena una nueva ruta a Z\u00farich | El Digital de Asturias","headline":"El aeropuerto de M\u00e1laga-Costa del Sol estrena una nueva ruta a Z\u00farich","author":{"@id":"https:\/\/eldigitaldeasturias.com\/magazine365\/author\/admin\/#author"},"publisher":{"@id":"https:\/\/eldigitaldeasturias.com\/magazine365\/#organization"},"image":{"@type":"ImageObject","url":"https:\/\/eldigitaldeasturias.com\/magazine365\/wp-content\/uploads\/2015\/06\/fotonoticia_20150625160049_800.jpg","width":800,"height":555},"datePublished":"2015-06-25T22:50:00+02:00","dateModified":"2015-06-25T22:50:00+02:00","inLanguage":"es-ES","mainEntityOfPage":{"@id":"https:\/\/eldigitaldeasturias.com\/magazine365\/el-aeropuerto-de-malaga-costa-del-sol-estrena-una-nueva-ruta-a-zurich\/#webpage"},"isPartOf":{"@id":"https:\/\/eldigitaldeasturias.com\/magazine365\/el-aeropuerto-de-malaga-costa-del-sol-estrena-una-nueva-ruta-a-zurich\/#webpage"},"articleSection":"Actualidad Turismo"},{"@type":"BreadcrumbList","@id":"https:\/\/eldigitaldeasturias.com\/magazine365\/el-aeropuerto-de-malaga-costa-del-sol-estrena-una-nueva-ruta-a-zurich\/#breadcrumblist","itemListElement":[{"@type":"ListItem","@id":"https:\/\/eldigitaldeasturias.com\/magazine365#listItem","position":1,"name":"Home","item":"https:\/\/eldigitaldeasturias.com\/magazine365","nextItem":{"@type":"ListItem","@id":"https:\/\/eldigitaldeasturias.com\/magazine365\/category\/actualidad-turismo\/#listItem","name":"Actualidad Turismo"}},{"@type":"ListItem","@id":"https:\/\/eldigitaldeasturias.com\/magazine365\/category\/actualidad-turismo\/#listItem","position":2,"name":"Actualidad Turismo","item":"https:\/\/eldigitaldeasturias.com\/magazine365\/category\/actualidad-turismo\/","nextItem":{"@type":"ListItem","@id":"https:\/\/eldigitaldeasturias.com\/magazine365\/el-aeropuerto-de-malaga-costa-del-sol-estrena-una-nueva-ruta-a-zurich\/#listItem","name":"El aeropuerto de M\u00e1laga-Costa del Sol estrena una nueva ruta a Z\u00farich"},"previousItem":{"@type":"ListItem","@id":"https:\/\/eldigitaldeasturias.com\/magazine365#listItem","name":"Home"}},{"@type":"ListItem","@id":"https:\/\/eldigitaldeasturias.com\/magazine365\/el-aeropuerto-de-malaga-costa-del-sol-estrena-una-nueva-ruta-a-zurich\/#listItem","position":3,"name":"El aeropuerto de M\u00e1laga-Costa del Sol estrena una nueva ruta a Z\u00farich","previousItem":{"@type":"ListItem","@id":"https:\/\/eldigitaldeasturias.com\/magazine365\/category\/actualidad-turismo\/#listItem","name":"Actualidad Turismo"}}]},{"@type":"Organization","@id":"https:\/\/eldigitaldeasturias.com\/magazine365\/#organization","name":"El digital de Asturias","description":"Revista de ocio, turismo y estilo de vida","url":"https:\/\/eldigitaldeasturias.com\/magazine365\/","logo":{"@type":"ImageObject","url":"https:\/\/www.eldigitaldeasturias.com\/noticias\/wp-content\/uploads\/2020\/12\/EDA.jpg","@id":"https:\/\/eldigitaldeasturias.com\/magazine365\/el-aeropuerto-de-malaga-costa-del-sol-estrena-una-nueva-ruta-a-zurich\/#organizationLogo"},"image":{"@id":"https:\/\/eldigitaldeasturias.com\/magazine365\/el-aeropuerto-de-malaga-costa-del-sol-estrena-una-nueva-ruta-a-zurich\/#organizationLogo"}},{"@type":"Person","@id":"https:\/\/eldigitaldeasturias.com\/magazine365\/author\/admin\/#author","url":"https:\/\/eldigitaldeasturias.com\/magazine365\/author\/admin\/","name":"admin","image":{"@type":"ImageObject","@id":"https:\/\/eldigitaldeasturias.com\/magazine365\/el-aeropuerto-de-malaga-costa-del-sol-estrena-una-nueva-ruta-a-zurich\/#authorImage","url":"https:\/\/eldigitaldeasturias.com\/magazine365\/wp-content\/litespeed\/avatar\/e571bcf59a0edd6fa6838245a470f2fe.jpg?ver=1777574230","width":96,"height":96,"caption":"admin"}},{"@type":"WebPage","@id":"https:\/\/eldigitaldeasturias.com\/magazine365\/el-aeropuerto-de-malaga-costa-del-sol-estrena-una-nueva-ruta-a-zurich\/#webpage","url":"https:\/\/eldigitaldeasturias.com\/magazine365\/el-aeropuerto-de-malaga-costa-del-sol-estrena-una-nueva-ruta-a-zurich\/","name":"El aeropuerto de M\u00e1laga-Costa del Sol estrena una nueva ruta a Z\u00farich | El Digital de Asturias","description":"El aeropuerto de M\u00e1laga-Costa del Sol estren\u00f3 este pasado mi\u00e9rcoles una ruta que enlaza con Z\u00farich, de la mano de Vueling. Este vuelo se incluye en la temporada de verano 2015, que se extiende desde el 29 de marzo hasta el \u00faltimo fin de semana de octubre. La aerol\u00ednea ampl\u00eda as\u00ed las posibilidades de enlaces","inLanguage":"es-ES","isPartOf":{"@id":"https:\/\/eldigitaldeasturias.com\/magazine365\/#website"},"breadcrumb":{"@id":"https:\/\/eldigitaldeasturias.com\/magazine365\/el-aeropuerto-de-malaga-costa-del-sol-estrena-una-nueva-ruta-a-zurich\/#breadcrumblist"},"author":{"@id":"https:\/\/eldigitaldeasturias.com\/magazine365\/author\/admin\/#author"},"creator":{"@id":"https:\/\/eldigitaldeasturias.com\/magazine365\/author\/admin\/#author"},"image":{"@type":"ImageObject","url":"https:\/\/eldigitaldeasturias.com\/magazine365\/wp-content\/uploads\/2015\/06\/fotonoticia_20150625160049_800.jpg","@id":"https:\/\/eldigitaldeasturias.com\/magazine365\/el-aeropuerto-de-malaga-costa-del-sol-estrena-una-nueva-ruta-a-zurich\/#mainImage","width":800,"height":555},"primaryImageOfPage":{"@id":"https:\/\/eldigitaldeasturias.com\/magazine365\/el-aeropuerto-de-malaga-costa-del-sol-estrena-una-nueva-ruta-a-zurich\/#mainImage"},"datePublished":"2015-06-25T22:50:00+02:00","dateModified":"2015-06-25T22:50:00+02:00"},{"@type":"WebSite","@id":"https:\/\/eldigitaldeasturias.com\/magazine365\/#website","url":"https:\/\/eldigitaldeasturias.com\/magazine365\/","name":"El Digital de Asturias","description":"Revista de ocio, turismo y estilo de vida","inLanguage":"es-ES","publisher":{"@id":"https:\/\/eldigitaldeasturias.com\/magazine365\/#organization"}}]},"og:locale":"es_ES","og:site_name":"El Digital de Asturias \u2013 Revista de ocio, turismo y estilo de vida","og:type":"article","og:title":"El aeropuerto de M\u00e1laga-Costa del Sol estrena una nueva ruta a Z\u00farich | El Digital de Asturias","og:description":"El aeropuerto de M\u00e1laga-Costa del Sol estren\u00f3 este pasado mi\u00e9rcoles una ruta que enlaza con Z\u00farich, de la mano de Vueling. Este vuelo se incluye en la temporada de verano 2015, que se extiende desde el 29 de marzo hasta el \u00faltimo fin de semana de octubre. La aerol\u00ednea ampl\u00eda as\u00ed las posibilidades de enlaces","og:url":"https:\/\/eldigitaldeasturias.com\/magazine365\/el-aeropuerto-de-malaga-costa-del-sol-estrena-una-nueva-ruta-a-zurich\/","og:image":"https:\/\/eldigitaldeasturias.com\/magazine365\/wp-content\/uploads\/2015\/06\/fotonoticia_20150625160049_800.jpg","og:image:secure_url":"https:\/\/eldigitaldeasturias.com\/magazine365\/wp-content\/uploads\/2015\/06\/fotonoticia_20150625160049_800.jpg","og:image:width":800,"og:image:height":555,"article:published_time":"2015-06-25T21:20:00+00:00","article:modified_time":"2015-06-25T21:20:00+00:00","twitter:card":"summary_large_image","twitter:title":"El aeropuerto de M\u00e1laga-Costa del Sol estrena una nueva ruta a Z\u00farich | El Digital de Asturias","twitter:description":"El aeropuerto de M\u00e1laga-Costa del Sol estren\u00f3 este pasado mi\u00e9rcoles una ruta que enlaza con Z\u00farich, de la mano de Vueling. Este vuelo se incluye en la temporada de verano 2015, que se extiende desde el 29 de marzo hasta el \u00faltimo fin de semana de octubre. La aerol\u00ednea ampl\u00eda as\u00ed las posibilidades de enlaces","twitter:image":"https:\/\/eldigitaldeasturias.com\/magazine365\/wp-content\/uploads\/2015\/06\/fotonoticia_20150625160049_800.jpg"},"aioseo_meta_data":{"post_id":"41033","title":null,"description":null,"keywords":null,"keyphrases":null,"primary_term":null,"canonical_url":null,"og_title":null,"og_description":null,"og_object_type":"default","og_image_type":"default","og_image_url":null,"og_image_width":null,"og_image_height":null,"og_image_custom_url":null,"og_image_custom_fields":null,"og_video":null,"og_custom_url":null,"og_article_section":null,"og_article_tags":null,"twitter_use_og":false,"twitter_card":"default","twitter_image_type":"default","twitter_image_url":null,"twitter_image_custom_url":null,"twitter_image_custom_fields":null,"twitter_title":null,"twitter_description":null,"schema":{"blockGraphs":[],"customGraphs":[],"default":{"data":{"Article":[],"Course":[],"Dataset":[],"FAQPage":[],"Movie":[],"Person":[],"Product":[],"ProductReview":[],"Car":[],"Recipe":[],"Service":[],"SoftwareApplication":[],"WebPage":[]},"graphName":"","isEnabled":true},"graphs":[],"defaultGraph":"","defaultPostTypeGraph":""},"schema_type":null,"schema_type_options":null,"pillar_content":false,"robots_default":true,"robots_noindex":false,"robots_noarchive":false,"robots_nosnippet":false,"robots_nofollow":false,"robots_noimageindex":false,"robots_noodp":false,"robots_notranslate":false,"robots_max_snippet":null,"robots_max_videopreview":null,"robots_max_imagepreview":"large","priority":null,"frequency":null,"location":null,"local_seo":null,"seo_analyzer_scan_date":"2025-09-19 14:51:41","breadcrumb_settings":null,"limit_modified_date":false,"open_ai":null,"ai":null,"created":"2021-03-09 02:20:43","updated":"2025-09-19 14:51:41"},"aioseo_breadcrumb":"<div class=\"aioseo-breadcrumbs\"><span class=\"aioseo-breadcrumb\">\n\t<a href=\"https:\/\/eldigitaldeasturias.com\/magazine365\" title=\"Home\">Home<\/a>\n<\/span><span class=\"aioseo-breadcrumb-separator\">\u2013<\/span><span class=\"aioseo-breadcrumb\">\n\t<a href=\"https:\/\/eldigitaldeasturias.com\/magazine365\/category\/actualidad-turismo\/\" title=\"Actualidad Turismo\">Actualidad Turismo<\/a>\n<\/span><span class=\"aioseo-breadcrumb-separator\">\u2013<\/span><span class=\"aioseo-breadcrumb\">\n\t<a href=\"https:\/\/eldigitaldeasturias.com\/magazine365\/el-aeropuerto-de-malaga-costa-del-sol-estrena-una-nueva-ruta-a-zurich\/\" title=\"El aeropuerto de M\u00e1laga-Costa del Sol estrena una nueva ruta a Z\u00farich\">El aeropuerto de M\u00e1laga-Costa del Sol estrena una nueva ruta a Z\u00farich<\/a>\n<\/span><\/div>","aioseo_breadcrumb_json":[{"label":"Home","link":"https:\/\/eldigitaldeasturias.com\/magazine365"},{"label":"Actualidad Turismo","link":"https:\/\/eldigitaldeasturias.com\/magazine365\/category\/actualidad-turismo\/"},{"label":"El aeropuerto de M\u00e1laga-Costa del Sol estrena una nueva ruta a Z\u00farich","link":"https:\/\/eldigitaldeasturias.com\/magazine365\/el-aeropuerto-de-malaga-costa-del-sol-estrena-una-nueva-ruta-a-zurich\/"}],"_links":{"self":[{"href":"https:\/\/eldigitaldeasturias.com\/magazine365\/wp-json\/wp\/v2\/posts\/41033","targetHints":{"allow":["GET"]}}],"collection":[{"href":"https:\/\/eldigitaldeasturias.com\/magazine365\/wp-json\/wp\/v2\/posts"}],"about":[{"href":"https:\/\/eldigitaldeasturias.com\/magazine365\/wp-json\/wp\/v2\/types\/post"}],"author":[{"embeddable":true,"href":"https:\/\/eldigitaldeasturias.com\/magazine365\/wp-json\/wp\/v2\/users\/1"}],"replies":[{"embeddable":true,"href":"https:\/\/eldigitaldeasturias.com\/magazine365\/wp-json\/wp\/v2\/comments?post=41033"}],"version-history":[{"count":0,"href":"https:\/\/eldigitaldeasturias.com\/magazine365\/wp-json\/wp\/v2\/posts\/41033\/revisions"}],"wp:featuredmedia":[{"embeddable":true,"href":"https:\/\/eldigitaldeasturias.com\/magazine365\/wp-json\/wp\/v2\/media\/41034"}],"wp:attachment":[{"href":"https:\/\/eldigitaldeasturias.com\/magazine365\/wp-json\/wp\/v2\/media?parent=41033"}],"wp:term":[{"taxonomy":"category","embeddable":true,"href":"https:\/\/eldigitaldeasturias.com\/magazine365\/wp-json\/wp\/v2\/categories?post=41033"},{"taxonomy":"post_tag","embeddable":true,"href":"https:\/\/eldigitaldeasturias.com\/magazine365\/wp-json\/wp\/v2\/tags?post=41033"}],"curies":[{"name":"wp","href":"https:\/\/api.w.org\/{rel}","templated":true}]}}