{"id":41030,"date":"2015-06-25T22:49:05","date_gmt":"2015-06-25T21:19:05","guid":{"rendered":"http:\/\/eldigitaldeasturias.com\/magazine365\/?p=41030"},"modified":"2015-06-25T22:49:05","modified_gmt":"2015-06-25T21:19:05","slug":"marbella-y-junta-abren-un-tiempo-nuevo-de-colaboracion-mutua-en-turismo-seguridad-politica-social-y-deuda","status":"publish","type":"post","link":"https:\/\/eldigitaldeasturias.com\/magazine365\/marbella-y-junta-abren-un-tiempo-nuevo-de-colaboracion-mutua-en-turismo-seguridad-politica-social-y-deuda\/","title":{"rendered":"Marbella y Junta abren \u00abun tiempo nuevo de colaboraci\u00f3n mutua\u00bb en turismo, seguridad, pol\u00edtica social y deuda"},"content":{"rendered":"<p><img fetchpriority=\"high\" decoding=\"async\" class=\"alignleft size-medium wp-image-41031\" src=\"https:\/\/eldigitaldeasturias.com\/magazine365\/wp-content\/uploads\/2015\/06\/fotonoticia_20150625155926_800-360x240.jpg\" alt=\"fotonoticia_20150625155926_800\" width=\"360\" height=\"240\" srcset=\"https:\/\/eldigitaldeasturias.com\/magazine365\/wp-content\/uploads\/2015\/06\/fotonoticia_20150625155926_800-360x240.jpg 360w, https:\/\/eldigitaldeasturias.com\/magazine365\/wp-content\/uploads\/2015\/06\/fotonoticia_20150625155926_800-650x433.jpg 650w, https:\/\/eldigitaldeasturias.com\/magazine365\/wp-content\/uploads\/2015\/06\/fotonoticia_20150625155926_800-768x512.jpg 768w, https:\/\/eldigitaldeasturias.com\/magazine365\/wp-content\/uploads\/2015\/06\/fotonoticia_20150625155926_800-150x100.jpg 150w, https:\/\/eldigitaldeasturias.com\/magazine365\/wp-content\/uploads\/2015\/06\/fotonoticia_20150625155926_800-450x300.jpg 450w, https:\/\/eldigitaldeasturias.com\/magazine365\/wp-content\/uploads\/2015\/06\/fotonoticia_20150625155926_800-696x464.jpg 696w, https:\/\/eldigitaldeasturias.com\/magazine365\/wp-content\/uploads\/2015\/06\/fotonoticia_20150625155926_800-630x420.jpg 630w, https:\/\/eldigitaldeasturias.com\/magazine365\/wp-content\/uploads\/2015\/06\/fotonoticia_20150625155926_800-84x55.jpg 84w, https:\/\/eldigitaldeasturias.com\/magazine365\/wp-content\/uploads\/2015\/06\/fotonoticia_20150625155926_800.jpg 800w\" sizes=\"(max-width: 360px) 100vw, 360px\" \/>La Junta de Andaluc\u00eda y el Ayuntamiento de Marbella (M\u00e1laga) retoman las buenas relaciones institucionales y abren \u00abun tiempo nuevo de colaboraci\u00f3n mutua\u00bb en diversos puntos de actuaci\u00f3n como turismo, seguridad, pol\u00edtica social y deuda.<\/p>\n<p>As\u00ed lo ha asegurado el delegado del Gobierno andaluz en M\u00e1laga, Jos\u00e9 Luis Ruiz Espejo, que se ha reunido con el alcalde marbell\u00ed, Jos\u00e9 Bernal, en la que ha sido su primera visita oficial al Consistorio local.<\/p>\n<p>En el mismo sentido se ha manifestado el regidor costasole\u00f1o, que ha asegurado que sent\u00eda \u00absatisfacci\u00f3n y \u00e1nimo\u00bb tras la \u00abconciliadora\u00bb reuni\u00f3n que ha tenido como objetivo \u00abtender puentes de cara al futuro de Marbella y San Pedro Alc\u00e1ntara\u00bb.<\/p>\n<p>Entre los \u00e1mbitos que se han puesto sobre la mesa en la cita, para Bernal el \u00abm\u00e1s importante\u00bb ha sido el econ\u00f3mico. A este respecto, el alcalde ha agradecido a Ruiz Espejo la \u00abrapidez\u00bb mostrada con tal de dar los pasos para la posibilidad de agilizar la moratoria de la deuda que el Ayuntamiento tiene contra\u00edda con la Junta de Andaluc\u00eda.<\/p>\n<p>Sobre esto, Bernal ha calificado de \u00abnecesario\u00bb dicho aplazamiento. Por su parte, Ruiz Espejo ha indicado que, al igual que se hizo en 2014, el Ejecutivo andaluz ha acordado que el montante que el consistorio tendr\u00eda que pagar en junio sea abonado en dos partes: la mitad en septiembre y lo restante en diciembre.<\/p>\n<p>Para acabar con el tema de la deuda, el representante de la Junta ha anunciado el acuerdo entre ambas instituciones \u00abpara la creaci\u00f3n de una comisi\u00f3n de seguimiento para la compensaci\u00f3n de deudas por parte de la Junta\u00bb, a la vez que ha revelado la petici\u00f3n de Bernal para tener una reuni\u00f3n con la consejera de Hacienda.<\/p>\n<p>Otro aspecto tratado en la \u00ablarga\u00bb reuni\u00f3n, seg\u00fan ha indicado Bernal, ha sido el tur\u00edstico. Seg\u00fan el alcalde, ahora llega \u00abel momento m\u00e1s candente de Marbella\u00bb, por lo que ha asegurado que el consistorio y el gobierno andaluz \u00abvan a volcarse para que la ciudad brille m\u00e1s que nunca\u00bb.<\/p>\n<p>De hecho, ambos representantes han anunciado la visita al municipio del consejero de Turismo este viernes para el izado de la bandera azul y as\u00ed mostrar \u00abla idoneidad\u00bb de las playas de Marbella y San Pedro<\/p>\n<p>POL\u00cdTICA SOCIAL Y SEGURIDAD<\/p>\n<p>Adem\u00e1s de lo relativo a la econom\u00eda y el turismo, Bernal y Ruiz Espejo han tratado la colaboraci\u00f3n entre el Ayuntamiento y la Junta en pol\u00edtica social y seguridad. Respecto a la primera, no han anunciado medidas concretas, aunque el representante auton\u00f3mico ha asegurado que van a \u00abintensificar\u00bb su relaci\u00f3n a la hora de instaurar mecanismos \u00abde defensa de la vivienda y lucha contra los desahucios\u00bb.<\/p>\n<p>En cuanto a seguridad, las conclusiones han ido encaminadas a la lucha contra los incendios, m\u00e1s a\u00fan cuando en Marbella se prev\u00e9 \u00abun verano mucho m\u00e1s caluroso\u00bb despu\u00e9s de un invierno y una primavera \u00abmuy secos\u00bb, en palabras de Bernal.<\/p>\n<p>Sobre este asunto, Ruiz Espejo ha declarado que la Junta de Andaluc\u00eda \u00abintensificar\u00e1\u00bb sus esfuerzos en materia de \u00abinformaci\u00f3n, prevenci\u00f3n y extinci\u00f3n de incendios\u00bb.<\/p>\n","protected":false},"excerpt":{"rendered":"<p>La Junta de Andaluc\u00eda y el Ayuntamiento de Marbella (M\u00e1laga) retoman las buenas relaciones institucionales y abren \u00abun tiempo nuevo de colaboraci\u00f3n mutua\u00bb en diversos puntos de actuaci\u00f3n como turismo, seguridad, pol\u00edtica social y deuda. As\u00ed lo ha asegurado el delegado del Gobierno andaluz en M\u00e1laga, Jos\u00e9 Luis Ruiz Espejo, que se ha reunido con<\/p>\n","protected":false},"author":1,"featured_media":41031,"comment_status":"open","ping_status":"closed","sticky":false,"template":"","format":"standard","meta":{"footnotes":""},"categories":[222],"tags":[],"class_list":{"0":"post-41030","1":"post","2":"type-post","3":"status-publish","4":"format-standard","5":"has-post-thumbnail","7":"category-actualidad-turismo"},"aioseo_notices":[],"aioseo_head":"\n\t\t<!-- All in One SEO Pro 4.9.6.1 - aioseo.com -->\n\t<meta name=\"description\" content=\"La Junta de Andaluc\u00eda y el Ayuntamiento de Marbella (M\u00e1laga) retoman las buenas relaciones institucionales y abren &quot;un tiempo nuevo de colaboraci\u00f3n mutua&quot; en diversos puntos de actuaci\u00f3n como turismo, seguridad, pol\u00edtica social y deuda. As\u00ed lo ha asegurado el delegado del Gobierno andaluz en M\u00e1laga, Jos\u00e9 Luis Ruiz Espejo, que se ha reunido con\" \/>\n\t<meta name=\"robots\" content=\"max-image-preview:large\" \/>\n\t<meta name=\"author\" content=\"admin\"\/>\n\t<meta name=\"google-site-verification\" content=\"UA-38556648-1\" \/>\n\t<meta name=\"keywords\" content=\"actualidad turismo\" \/>\n\t<link rel=\"canonical\" href=\"https:\/\/eldigitaldeasturias.com\/magazine365\/marbella-y-junta-abren-un-tiempo-nuevo-de-colaboracion-mutua-en-turismo-seguridad-politica-social-y-deuda\/\" \/>\n\t<meta name=\"generator\" content=\"All in One SEO Pro (AIOSEO) 4.9.6.1\" \/>\n\t\t<meta property=\"og:locale\" content=\"es_ES\" \/>\n\t\t<meta property=\"og:site_name\" content=\"El Digital de Asturias \u2013 Revista de ocio, turismo y estilo de vida\" \/>\n\t\t<meta property=\"og:type\" content=\"article\" \/>\n\t\t<meta property=\"og:title\" content=\"Marbella y Junta abren \u00abun tiempo nuevo de colaboraci\u00f3n mutua\u00bb en turismo, seguridad, pol\u00edtica social y deuda | El Digital de Asturias\" \/>\n\t\t<meta property=\"og:description\" content=\"La Junta de Andaluc\u00eda y el Ayuntamiento de Marbella (M\u00e1laga) retoman las buenas relaciones institucionales y abren &quot;un tiempo nuevo de colaboraci\u00f3n mutua&quot; en diversos puntos de actuaci\u00f3n como turismo, seguridad, pol\u00edtica social y deuda. As\u00ed lo ha asegurado el delegado del Gobierno andaluz en M\u00e1laga, Jos\u00e9 Luis Ruiz Espejo, que se ha reunido con\" \/>\n\t\t<meta property=\"og:url\" content=\"https:\/\/eldigitaldeasturias.com\/magazine365\/marbella-y-junta-abren-un-tiempo-nuevo-de-colaboracion-mutua-en-turismo-seguridad-politica-social-y-deuda\/\" \/>\n\t\t<meta property=\"og:image\" content=\"https:\/\/eldigitaldeasturias.com\/magazine365\/wp-content\/uploads\/2015\/06\/fotonoticia_20150625155926_800.jpg\" \/>\n\t\t<meta property=\"og:image:secure_url\" content=\"https:\/\/eldigitaldeasturias.com\/magazine365\/wp-content\/uploads\/2015\/06\/fotonoticia_20150625155926_800.jpg\" \/>\n\t\t<meta property=\"og:image:width\" content=\"800\" \/>\n\t\t<meta property=\"og:image:height\" content=\"533\" \/>\n\t\t<meta property=\"article:published_time\" content=\"2015-06-25T21:19:05+00:00\" \/>\n\t\t<meta property=\"article:modified_time\" content=\"2015-06-25T21:19:05+00:00\" \/>\n\t\t<meta name=\"twitter:card\" content=\"summary_large_image\" \/>\n\t\t<meta name=\"twitter:title\" content=\"Marbella y Junta abren \u00abun tiempo nuevo de colaboraci\u00f3n mutua\u00bb en turismo, seguridad, pol\u00edtica social y deuda | El Digital de Asturias\" \/>\n\t\t<meta name=\"twitter:description\" content=\"La Junta de Andaluc\u00eda y el Ayuntamiento de Marbella (M\u00e1laga) retoman las buenas relaciones institucionales y abren &quot;un tiempo nuevo de colaboraci\u00f3n mutua&quot; en diversos puntos de actuaci\u00f3n como turismo, seguridad, pol\u00edtica social y deuda. As\u00ed lo ha asegurado el delegado del Gobierno andaluz en M\u00e1laga, Jos\u00e9 Luis Ruiz Espejo, que se ha reunido con\" \/>\n\t\t<meta name=\"twitter:image\" content=\"https:\/\/eldigitaldeasturias.com\/magazine365\/wp-content\/uploads\/2015\/06\/fotonoticia_20150625155926_800.jpg\" \/>\n\t\t<script type=\"application\/ld+json\" class=\"aioseo-schema\">\n\t\t\t{\"@context\":\"https:\\\/\\\/schema.org\",\"@graph\":[{\"@type\":\"Article\",\"@id\":\"https:\\\/\\\/eldigitaldeasturias.com\\\/magazine365\\\/marbella-y-junta-abren-un-tiempo-nuevo-de-colaboracion-mutua-en-turismo-seguridad-politica-social-y-deuda\\\/#article\",\"name\":\"Marbella y Junta abren \\u00abun tiempo nuevo de colaboraci\\u00f3n mutua\\u00bb en turismo, seguridad, pol\\u00edtica social y deuda | El Digital de Asturias\",\"headline\":\"Marbella y Junta abren \\u00abun tiempo nuevo de colaboraci\\u00f3n mutua\\u00bb en turismo, seguridad, pol\\u00edtica social y deuda\",\"author\":{\"@id\":\"https:\\\/\\\/eldigitaldeasturias.com\\\/magazine365\\\/author\\\/admin\\\/#author\"},\"publisher\":{\"@id\":\"https:\\\/\\\/eldigitaldeasturias.com\\\/magazine365\\\/#organization\"},\"image\":{\"@type\":\"ImageObject\",\"url\":\"https:\\\/\\\/eldigitaldeasturias.com\\\/magazine365\\\/wp-content\\\/uploads\\\/2015\\\/06\\\/fotonoticia_20150625155926_800.jpg\",\"width\":800,\"height\":533},\"datePublished\":\"2015-06-25T22:49:05+02:00\",\"dateModified\":\"2015-06-25T22:49:05+02:00\",\"inLanguage\":\"es-ES\",\"mainEntityOfPage\":{\"@id\":\"https:\\\/\\\/eldigitaldeasturias.com\\\/magazine365\\\/marbella-y-junta-abren-un-tiempo-nuevo-de-colaboracion-mutua-en-turismo-seguridad-politica-social-y-deuda\\\/#webpage\"},\"isPartOf\":{\"@id\":\"https:\\\/\\\/eldigitaldeasturias.com\\\/magazine365\\\/marbella-y-junta-abren-un-tiempo-nuevo-de-colaboracion-mutua-en-turismo-seguridad-politica-social-y-deuda\\\/#webpage\"},\"articleSection\":\"Actualidad Turismo\"},{\"@type\":\"BreadcrumbList\",\"@id\":\"https:\\\/\\\/eldigitaldeasturias.com\\\/magazine365\\\/marbella-y-junta-abren-un-tiempo-nuevo-de-colaboracion-mutua-en-turismo-seguridad-politica-social-y-deuda\\\/#breadcrumblist\",\"itemListElement\":[{\"@type\":\"ListItem\",\"@id\":\"https:\\\/\\\/eldigitaldeasturias.com\\\/magazine365#listItem\",\"position\":1,\"name\":\"Home\",\"item\":\"https:\\\/\\\/eldigitaldeasturias.com\\\/magazine365\",\"nextItem\":{\"@type\":\"ListItem\",\"@id\":\"https:\\\/\\\/eldigitaldeasturias.com\\\/magazine365\\\/category\\\/actualidad-turismo\\\/#listItem\",\"name\":\"Actualidad Turismo\"}},{\"@type\":\"ListItem\",\"@id\":\"https:\\\/\\\/eldigitaldeasturias.com\\\/magazine365\\\/category\\\/actualidad-turismo\\\/#listItem\",\"position\":2,\"name\":\"Actualidad Turismo\",\"item\":\"https:\\\/\\\/eldigitaldeasturias.com\\\/magazine365\\\/category\\\/actualidad-turismo\\\/\",\"nextItem\":{\"@type\":\"ListItem\",\"@id\":\"https:\\\/\\\/eldigitaldeasturias.com\\\/magazine365\\\/marbella-y-junta-abren-un-tiempo-nuevo-de-colaboracion-mutua-en-turismo-seguridad-politica-social-y-deuda\\\/#listItem\",\"name\":\"Marbella y Junta abren \\u00abun tiempo nuevo de colaboraci\\u00f3n mutua\\u00bb en turismo, seguridad, pol\\u00edtica social y deuda\"},\"previousItem\":{\"@type\":\"ListItem\",\"@id\":\"https:\\\/\\\/eldigitaldeasturias.com\\\/magazine365#listItem\",\"name\":\"Home\"}},{\"@type\":\"ListItem\",\"@id\":\"https:\\\/\\\/eldigitaldeasturias.com\\\/magazine365\\\/marbella-y-junta-abren-un-tiempo-nuevo-de-colaboracion-mutua-en-turismo-seguridad-politica-social-y-deuda\\\/#listItem\",\"position\":3,\"name\":\"Marbella y Junta abren \\u00abun tiempo nuevo de colaboraci\\u00f3n mutua\\u00bb en turismo, seguridad, pol\\u00edtica social y deuda\",\"previousItem\":{\"@type\":\"ListItem\",\"@id\":\"https:\\\/\\\/eldigitaldeasturias.com\\\/magazine365\\\/category\\\/actualidad-turismo\\\/#listItem\",\"name\":\"Actualidad Turismo\"}}]},{\"@type\":\"Organization\",\"@id\":\"https:\\\/\\\/eldigitaldeasturias.com\\\/magazine365\\\/#organization\",\"name\":\"El digital de Asturias\",\"description\":\"Revista de ocio, turismo y estilo de vida\",\"url\":\"https:\\\/\\\/eldigitaldeasturias.com\\\/magazine365\\\/\",\"logo\":{\"@type\":\"ImageObject\",\"url\":\"https:\\\/\\\/www.eldigitaldeasturias.com\\\/noticias\\\/wp-content\\\/uploads\\\/2020\\\/12\\\/EDA.jpg\",\"@id\":\"https:\\\/\\\/eldigitaldeasturias.com\\\/magazine365\\\/marbella-y-junta-abren-un-tiempo-nuevo-de-colaboracion-mutua-en-turismo-seguridad-politica-social-y-deuda\\\/#organizationLogo\"},\"image\":{\"@id\":\"https:\\\/\\\/eldigitaldeasturias.com\\\/magazine365\\\/marbella-y-junta-abren-un-tiempo-nuevo-de-colaboracion-mutua-en-turismo-seguridad-politica-social-y-deuda\\\/#organizationLogo\"}},{\"@type\":\"Person\",\"@id\":\"https:\\\/\\\/eldigitaldeasturias.com\\\/magazine365\\\/author\\\/admin\\\/#author\",\"url\":\"https:\\\/\\\/eldigitaldeasturias.com\\\/magazine365\\\/author\\\/admin\\\/\",\"name\":\"admin\",\"image\":{\"@type\":\"ImageObject\",\"@id\":\"https:\\\/\\\/eldigitaldeasturias.com\\\/magazine365\\\/marbella-y-junta-abren-un-tiempo-nuevo-de-colaboracion-mutua-en-turismo-seguridad-politica-social-y-deuda\\\/#authorImage\",\"url\":\"https:\\\/\\\/eldigitaldeasturias.com\\\/magazine365\\\/wp-content\\\/litespeed\\\/avatar\\\/e571bcf59a0edd6fa6838245a470f2fe.jpg?ver=1777574230\",\"width\":96,\"height\":96,\"caption\":\"admin\"}},{\"@type\":\"WebPage\",\"@id\":\"https:\\\/\\\/eldigitaldeasturias.com\\\/magazine365\\\/marbella-y-junta-abren-un-tiempo-nuevo-de-colaboracion-mutua-en-turismo-seguridad-politica-social-y-deuda\\\/#webpage\",\"url\":\"https:\\\/\\\/eldigitaldeasturias.com\\\/magazine365\\\/marbella-y-junta-abren-un-tiempo-nuevo-de-colaboracion-mutua-en-turismo-seguridad-politica-social-y-deuda\\\/\",\"name\":\"Marbella y Junta abren \\u00abun tiempo nuevo de colaboraci\\u00f3n mutua\\u00bb en turismo, seguridad, pol\\u00edtica social y deuda | El Digital de Asturias\",\"description\":\"La Junta de Andaluc\\u00eda y el Ayuntamiento de Marbella (M\\u00e1laga) retoman las buenas relaciones institucionales y abren \\\"un tiempo nuevo de colaboraci\\u00f3n mutua\\\" en diversos puntos de actuaci\\u00f3n como turismo, seguridad, pol\\u00edtica social y deuda. As\\u00ed lo ha asegurado el delegado del Gobierno andaluz en M\\u00e1laga, Jos\\u00e9 Luis Ruiz Espejo, que se ha reunido con\",\"inLanguage\":\"es-ES\",\"isPartOf\":{\"@id\":\"https:\\\/\\\/eldigitaldeasturias.com\\\/magazine365\\\/#website\"},\"breadcrumb\":{\"@id\":\"https:\\\/\\\/eldigitaldeasturias.com\\\/magazine365\\\/marbella-y-junta-abren-un-tiempo-nuevo-de-colaboracion-mutua-en-turismo-seguridad-politica-social-y-deuda\\\/#breadcrumblist\"},\"author\":{\"@id\":\"https:\\\/\\\/eldigitaldeasturias.com\\\/magazine365\\\/author\\\/admin\\\/#author\"},\"creator\":{\"@id\":\"https:\\\/\\\/eldigitaldeasturias.com\\\/magazine365\\\/author\\\/admin\\\/#author\"},\"image\":{\"@type\":\"ImageObject\",\"url\":\"https:\\\/\\\/eldigitaldeasturias.com\\\/magazine365\\\/wp-content\\\/uploads\\\/2015\\\/06\\\/fotonoticia_20150625155926_800.jpg\",\"@id\":\"https:\\\/\\\/eldigitaldeasturias.com\\\/magazine365\\\/marbella-y-junta-abren-un-tiempo-nuevo-de-colaboracion-mutua-en-turismo-seguridad-politica-social-y-deuda\\\/#mainImage\",\"width\":800,\"height\":533},\"primaryImageOfPage\":{\"@id\":\"https:\\\/\\\/eldigitaldeasturias.com\\\/magazine365\\\/marbella-y-junta-abren-un-tiempo-nuevo-de-colaboracion-mutua-en-turismo-seguridad-politica-social-y-deuda\\\/#mainImage\"},\"datePublished\":\"2015-06-25T22:49:05+02:00\",\"dateModified\":\"2015-06-25T22:49:05+02:00\"},{\"@type\":\"WebSite\",\"@id\":\"https:\\\/\\\/eldigitaldeasturias.com\\\/magazine365\\\/#website\",\"url\":\"https:\\\/\\\/eldigitaldeasturias.com\\\/magazine365\\\/\",\"name\":\"El Digital de Asturias\",\"description\":\"Revista de ocio, turismo y estilo de vida\",\"inLanguage\":\"es-ES\",\"publisher\":{\"@id\":\"https:\\\/\\\/eldigitaldeasturias.com\\\/magazine365\\\/#organization\"}}]}\n\t\t<\/script>\n\t\t<!-- All in One SEO Pro -->\r\n\t\t<title>Marbella y Junta abren \u00abun tiempo nuevo de colaboraci\u00f3n mutua\u00bb en turismo, seguridad, pol\u00edtica social y deuda | El Digital de Asturias<\/title>\n\n","aioseo_head_json":{"title":"Marbella y Junta abren \u00abun tiempo nuevo de colaboraci\u00f3n mutua\u00bb en turismo, seguridad, pol\u00edtica social y deuda | El Digital de Asturias","description":"La Junta de Andaluc\u00eda y el Ayuntamiento de Marbella (M\u00e1laga) retoman las buenas relaciones institucionales y abren \"un tiempo nuevo de colaboraci\u00f3n mutua\" en diversos puntos de actuaci\u00f3n como turismo, seguridad, pol\u00edtica social y deuda. As\u00ed lo ha asegurado el delegado del Gobierno andaluz en M\u00e1laga, Jos\u00e9 Luis Ruiz Espejo, que se ha reunido con","canonical_url":"https:\/\/eldigitaldeasturias.com\/magazine365\/marbella-y-junta-abren-un-tiempo-nuevo-de-colaboracion-mutua-en-turismo-seguridad-politica-social-y-deuda\/","robots":"max-image-preview:large","keywords":"actualidad turismo","webmasterTools":{"google-site-verification":"UA-38556648-1","miscellaneous":""},"schema":{"@context":"https:\/\/schema.org","@graph":[{"@type":"Article","@id":"https:\/\/eldigitaldeasturias.com\/magazine365\/marbella-y-junta-abren-un-tiempo-nuevo-de-colaboracion-mutua-en-turismo-seguridad-politica-social-y-deuda\/#article","name":"Marbella y Junta abren \u00abun tiempo nuevo de colaboraci\u00f3n mutua\u00bb en turismo, seguridad, pol\u00edtica social y deuda | El Digital de Asturias","headline":"Marbella y Junta abren \u00abun tiempo nuevo de colaboraci\u00f3n mutua\u00bb en turismo, seguridad, pol\u00edtica social y deuda","author":{"@id":"https:\/\/eldigitaldeasturias.com\/magazine365\/author\/admin\/#author"},"publisher":{"@id":"https:\/\/eldigitaldeasturias.com\/magazine365\/#organization"},"image":{"@type":"ImageObject","url":"https:\/\/eldigitaldeasturias.com\/magazine365\/wp-content\/uploads\/2015\/06\/fotonoticia_20150625155926_800.jpg","width":800,"height":533},"datePublished":"2015-06-25T22:49:05+02:00","dateModified":"2015-06-25T22:49:05+02:00","inLanguage":"es-ES","mainEntityOfPage":{"@id":"https:\/\/eldigitaldeasturias.com\/magazine365\/marbella-y-junta-abren-un-tiempo-nuevo-de-colaboracion-mutua-en-turismo-seguridad-politica-social-y-deuda\/#webpage"},"isPartOf":{"@id":"https:\/\/eldigitaldeasturias.com\/magazine365\/marbella-y-junta-abren-un-tiempo-nuevo-de-colaboracion-mutua-en-turismo-seguridad-politica-social-y-deuda\/#webpage"},"articleSection":"Actualidad Turismo"},{"@type":"BreadcrumbList","@id":"https:\/\/eldigitaldeasturias.com\/magazine365\/marbella-y-junta-abren-un-tiempo-nuevo-de-colaboracion-mutua-en-turismo-seguridad-politica-social-y-deuda\/#breadcrumblist","itemListElement":[{"@type":"ListItem","@id":"https:\/\/eldigitaldeasturias.com\/magazine365#listItem","position":1,"name":"Home","item":"https:\/\/eldigitaldeasturias.com\/magazine365","nextItem":{"@type":"ListItem","@id":"https:\/\/eldigitaldeasturias.com\/magazine365\/category\/actualidad-turismo\/#listItem","name":"Actualidad Turismo"}},{"@type":"ListItem","@id":"https:\/\/eldigitaldeasturias.com\/magazine365\/category\/actualidad-turismo\/#listItem","position":2,"name":"Actualidad Turismo","item":"https:\/\/eldigitaldeasturias.com\/magazine365\/category\/actualidad-turismo\/","nextItem":{"@type":"ListItem","@id":"https:\/\/eldigitaldeasturias.com\/magazine365\/marbella-y-junta-abren-un-tiempo-nuevo-de-colaboracion-mutua-en-turismo-seguridad-politica-social-y-deuda\/#listItem","name":"Marbella y Junta abren \u00abun tiempo nuevo de colaboraci\u00f3n mutua\u00bb en turismo, seguridad, pol\u00edtica social y deuda"},"previousItem":{"@type":"ListItem","@id":"https:\/\/eldigitaldeasturias.com\/magazine365#listItem","name":"Home"}},{"@type":"ListItem","@id":"https:\/\/eldigitaldeasturias.com\/magazine365\/marbella-y-junta-abren-un-tiempo-nuevo-de-colaboracion-mutua-en-turismo-seguridad-politica-social-y-deuda\/#listItem","position":3,"name":"Marbella y Junta abren \u00abun tiempo nuevo de colaboraci\u00f3n mutua\u00bb en turismo, seguridad, pol\u00edtica social y deuda","previousItem":{"@type":"ListItem","@id":"https:\/\/eldigitaldeasturias.com\/magazine365\/category\/actualidad-turismo\/#listItem","name":"Actualidad Turismo"}}]},{"@type":"Organization","@id":"https:\/\/eldigitaldeasturias.com\/magazine365\/#organization","name":"El digital de Asturias","description":"Revista de ocio, turismo y estilo de vida","url":"https:\/\/eldigitaldeasturias.com\/magazine365\/","logo":{"@type":"ImageObject","url":"https:\/\/www.eldigitaldeasturias.com\/noticias\/wp-content\/uploads\/2020\/12\/EDA.jpg","@id":"https:\/\/eldigitaldeasturias.com\/magazine365\/marbella-y-junta-abren-un-tiempo-nuevo-de-colaboracion-mutua-en-turismo-seguridad-politica-social-y-deuda\/#organizationLogo"},"image":{"@id":"https:\/\/eldigitaldeasturias.com\/magazine365\/marbella-y-junta-abren-un-tiempo-nuevo-de-colaboracion-mutua-en-turismo-seguridad-politica-social-y-deuda\/#organizationLogo"}},{"@type":"Person","@id":"https:\/\/eldigitaldeasturias.com\/magazine365\/author\/admin\/#author","url":"https:\/\/eldigitaldeasturias.com\/magazine365\/author\/admin\/","name":"admin","image":{"@type":"ImageObject","@id":"https:\/\/eldigitaldeasturias.com\/magazine365\/marbella-y-junta-abren-un-tiempo-nuevo-de-colaboracion-mutua-en-turismo-seguridad-politica-social-y-deuda\/#authorImage","url":"https:\/\/eldigitaldeasturias.com\/magazine365\/wp-content\/litespeed\/avatar\/e571bcf59a0edd6fa6838245a470f2fe.jpg?ver=1777574230","width":96,"height":96,"caption":"admin"}},{"@type":"WebPage","@id":"https:\/\/eldigitaldeasturias.com\/magazine365\/marbella-y-junta-abren-un-tiempo-nuevo-de-colaboracion-mutua-en-turismo-seguridad-politica-social-y-deuda\/#webpage","url":"https:\/\/eldigitaldeasturias.com\/magazine365\/marbella-y-junta-abren-un-tiempo-nuevo-de-colaboracion-mutua-en-turismo-seguridad-politica-social-y-deuda\/","name":"Marbella y Junta abren \u00abun tiempo nuevo de colaboraci\u00f3n mutua\u00bb en turismo, seguridad, pol\u00edtica social y deuda | El Digital de Asturias","description":"La Junta de Andaluc\u00eda y el Ayuntamiento de Marbella (M\u00e1laga) retoman las buenas relaciones institucionales y abren \"un tiempo nuevo de colaboraci\u00f3n mutua\" en diversos puntos de actuaci\u00f3n como turismo, seguridad, pol\u00edtica social y deuda. As\u00ed lo ha asegurado el delegado del Gobierno andaluz en M\u00e1laga, Jos\u00e9 Luis Ruiz Espejo, que se ha reunido con","inLanguage":"es-ES","isPartOf":{"@id":"https:\/\/eldigitaldeasturias.com\/magazine365\/#website"},"breadcrumb":{"@id":"https:\/\/eldigitaldeasturias.com\/magazine365\/marbella-y-junta-abren-un-tiempo-nuevo-de-colaboracion-mutua-en-turismo-seguridad-politica-social-y-deuda\/#breadcrumblist"},"author":{"@id":"https:\/\/eldigitaldeasturias.com\/magazine365\/author\/admin\/#author"},"creator":{"@id":"https:\/\/eldigitaldeasturias.com\/magazine365\/author\/admin\/#author"},"image":{"@type":"ImageObject","url":"https:\/\/eldigitaldeasturias.com\/magazine365\/wp-content\/uploads\/2015\/06\/fotonoticia_20150625155926_800.jpg","@id":"https:\/\/eldigitaldeasturias.com\/magazine365\/marbella-y-junta-abren-un-tiempo-nuevo-de-colaboracion-mutua-en-turismo-seguridad-politica-social-y-deuda\/#mainImage","width":800,"height":533},"primaryImageOfPage":{"@id":"https:\/\/eldigitaldeasturias.com\/magazine365\/marbella-y-junta-abren-un-tiempo-nuevo-de-colaboracion-mutua-en-turismo-seguridad-politica-social-y-deuda\/#mainImage"},"datePublished":"2015-06-25T22:49:05+02:00","dateModified":"2015-06-25T22:49:05+02:00"},{"@type":"WebSite","@id":"https:\/\/eldigitaldeasturias.com\/magazine365\/#website","url":"https:\/\/eldigitaldeasturias.com\/magazine365\/","name":"El Digital de Asturias","description":"Revista de ocio, turismo y estilo de vida","inLanguage":"es-ES","publisher":{"@id":"https:\/\/eldigitaldeasturias.com\/magazine365\/#organization"}}]},"og:locale":"es_ES","og:site_name":"El Digital de Asturias \u2013 Revista de ocio, turismo y estilo de vida","og:type":"article","og:title":"Marbella y Junta abren \u00abun tiempo nuevo de colaboraci\u00f3n mutua\u00bb en turismo, seguridad, pol\u00edtica social y deuda | El Digital de Asturias","og:description":"La Junta de Andaluc\u00eda y el Ayuntamiento de Marbella (M\u00e1laga) retoman las buenas relaciones institucionales y abren &quot;un tiempo nuevo de colaboraci\u00f3n mutua&quot; en diversos puntos de actuaci\u00f3n como turismo, seguridad, pol\u00edtica social y deuda. As\u00ed lo ha asegurado el delegado del Gobierno andaluz en M\u00e1laga, Jos\u00e9 Luis Ruiz Espejo, que se ha reunido con","og:url":"https:\/\/eldigitaldeasturias.com\/magazine365\/marbella-y-junta-abren-un-tiempo-nuevo-de-colaboracion-mutua-en-turismo-seguridad-politica-social-y-deuda\/","og:image":"https:\/\/eldigitaldeasturias.com\/magazine365\/wp-content\/uploads\/2015\/06\/fotonoticia_20150625155926_800.jpg","og:image:secure_url":"https:\/\/eldigitaldeasturias.com\/magazine365\/wp-content\/uploads\/2015\/06\/fotonoticia_20150625155926_800.jpg","og:image:width":800,"og:image:height":533,"article:published_time":"2015-06-25T21:19:05+00:00","article:modified_time":"2015-06-25T21:19:05+00:00","twitter:card":"summary_large_image","twitter:title":"Marbella y Junta abren \u00abun tiempo nuevo de colaboraci\u00f3n mutua\u00bb en turismo, seguridad, pol\u00edtica social y deuda | El Digital de Asturias","twitter:description":"La Junta de Andaluc\u00eda y el Ayuntamiento de Marbella (M\u00e1laga) retoman las buenas relaciones institucionales y abren &quot;un tiempo nuevo de colaboraci\u00f3n mutua&quot; en diversos puntos de actuaci\u00f3n como turismo, seguridad, pol\u00edtica social y deuda. As\u00ed lo ha asegurado el delegado del Gobierno andaluz en M\u00e1laga, Jos\u00e9 Luis Ruiz Espejo, que se ha reunido con","twitter:image":"https:\/\/eldigitaldeasturias.com\/magazine365\/wp-content\/uploads\/2015\/06\/fotonoticia_20150625155926_800.jpg"},"aioseo_meta_data":{"post_id":"41030","title":null,"description":null,"keywords":null,"keyphrases":null,"primary_term":null,"canonical_url":null,"og_title":null,"og_description":null,"og_object_type":"default","og_image_type":"default","og_image_url":null,"og_image_width":null,"og_image_height":null,"og_image_custom_url":null,"og_image_custom_fields":null,"og_video":null,"og_custom_url":null,"og_article_section":null,"og_article_tags":null,"twitter_use_og":false,"twitter_card":"default","twitter_image_type":"default","twitter_image_url":null,"twitter_image_custom_url":null,"twitter_image_custom_fields":null,"twitter_title":null,"twitter_description":null,"schema":{"blockGraphs":[],"customGraphs":[],"default":{"data":{"Article":[],"Course":[],"Dataset":[],"FAQPage":[],"Movie":[],"Person":[],"Product":[],"ProductReview":[],"Car":[],"Recipe":[],"Service":[],"SoftwareApplication":[],"WebPage":[]},"graphName":"","isEnabled":true},"graphs":[],"defaultGraph":"","defaultPostTypeGraph":""},"schema_type":null,"schema_type_options":null,"pillar_content":false,"robots_default":true,"robots_noindex":false,"robots_noarchive":false,"robots_nosnippet":false,"robots_nofollow":false,"robots_noimageindex":false,"robots_noodp":false,"robots_notranslate":false,"robots_max_snippet":null,"robots_max_videopreview":null,"robots_max_imagepreview":"large","priority":null,"frequency":null,"location":null,"local_seo":null,"seo_analyzer_scan_date":"2025-09-19 14:51:40","breadcrumb_settings":null,"limit_modified_date":false,"open_ai":null,"ai":null,"created":"2021-03-09 02:20:43","updated":"2025-09-19 14:51:40"},"aioseo_breadcrumb":"<div class=\"aioseo-breadcrumbs\"><span class=\"aioseo-breadcrumb\">\n\t<a href=\"https:\/\/eldigitaldeasturias.com\/magazine365\" title=\"Home\">Home<\/a>\n<\/span><span class=\"aioseo-breadcrumb-separator\">\u2013<\/span><span class=\"aioseo-breadcrumb\">\n\t<a href=\"https:\/\/eldigitaldeasturias.com\/magazine365\/category\/actualidad-turismo\/\" title=\"Actualidad Turismo\">Actualidad Turismo<\/a>\n<\/span><span class=\"aioseo-breadcrumb-separator\">\u2013<\/span><span class=\"aioseo-breadcrumb\">\n\t<a href=\"https:\/\/eldigitaldeasturias.com\/magazine365\/marbella-y-junta-abren-un-tiempo-nuevo-de-colaboracion-mutua-en-turismo-seguridad-politica-social-y-deuda\/\" title=\"Marbella y Junta abren \u00abun tiempo nuevo de colaboraci\u00f3n mutua\u00bb en turismo, seguridad, pol\u00edtica social y deuda\">Marbella y Junta abren \u00abun tiempo nuevo de colaboraci\u00f3n mutua\u00bb en turismo, seguridad, pol\u00edtica social y deuda<\/a>\n<\/span><\/div>","aioseo_breadcrumb_json":[{"label":"Home","link":"https:\/\/eldigitaldeasturias.com\/magazine365"},{"label":"Actualidad Turismo","link":"https:\/\/eldigitaldeasturias.com\/magazine365\/category\/actualidad-turismo\/"},{"label":"Marbella y Junta abren \u00abun tiempo nuevo de colaboraci\u00f3n mutua\u00bb en turismo, seguridad, pol\u00edtica social y deuda","link":"https:\/\/eldigitaldeasturias.com\/magazine365\/marbella-y-junta-abren-un-tiempo-nuevo-de-colaboracion-mutua-en-turismo-seguridad-politica-social-y-deuda\/"}],"_links":{"self":[{"href":"https:\/\/eldigitaldeasturias.com\/magazine365\/wp-json\/wp\/v2\/posts\/41030","targetHints":{"allow":["GET"]}}],"collection":[{"href":"https:\/\/eldigitaldeasturias.com\/magazine365\/wp-json\/wp\/v2\/posts"}],"about":[{"href":"https:\/\/eldigitaldeasturias.com\/magazine365\/wp-json\/wp\/v2\/types\/post"}],"author":[{"embeddable":true,"href":"https:\/\/eldigitaldeasturias.com\/magazine365\/wp-json\/wp\/v2\/users\/1"}],"replies":[{"embeddable":true,"href":"https:\/\/eldigitaldeasturias.com\/magazine365\/wp-json\/wp\/v2\/comments?post=41030"}],"version-history":[{"count":0,"href":"https:\/\/eldigitaldeasturias.com\/magazine365\/wp-json\/wp\/v2\/posts\/41030\/revisions"}],"wp:featuredmedia":[{"embeddable":true,"href":"https:\/\/eldigitaldeasturias.com\/magazine365\/wp-json\/wp\/v2\/media\/41031"}],"wp:attachment":[{"href":"https:\/\/eldigitaldeasturias.com\/magazine365\/wp-json\/wp\/v2\/media?parent=41030"}],"wp:term":[{"taxonomy":"category","embeddable":true,"href":"https:\/\/eldigitaldeasturias.com\/magazine365\/wp-json\/wp\/v2\/categories?post=41030"},{"taxonomy":"post_tag","embeddable":true,"href":"https:\/\/eldigitaldeasturias.com\/magazine365\/wp-json\/wp\/v2\/tags?post=41030"}],"curies":[{"name":"wp","href":"https:\/\/api.w.org\/{rel}","templated":true}]}}