{"id":41021,"date":"2015-06-25T19:52:37","date_gmt":"2015-06-25T18:22:37","guid":{"rendered":"http:\/\/eldigitaldeasturias.com\/magazine365\/?p=41021"},"modified":"2015-06-25T19:52:37","modified_gmt":"2015-06-25T18:22:37","slug":"mas-de-un-centenar-de-efectivos-velaran-por-la-seguridad-de-los-turistas-en-cordoba","status":"publish","type":"post","link":"https:\/\/eldigitaldeasturias.com\/magazine365\/mas-de-un-centenar-de-efectivos-velaran-por-la-seguridad-de-los-turistas-en-cordoba\/","title":{"rendered":"M\u00e1s de un centenar de efectivos velar\u00e1n por la seguridad de los turistas en C\u00f3rdoba"},"content":{"rendered":"<p><img fetchpriority=\"high\" decoding=\"async\" class=\"alignleft size-medium wp-image-41022\" src=\"https:\/\/eldigitaldeasturias.com\/magazine365\/wp-content\/uploads\/2015\/06\/fotonoticia_20150625151120_800-360x240.jpg\" alt=\"fotonoticia_20150625151120_800\" width=\"360\" height=\"240\" srcset=\"https:\/\/eldigitaldeasturias.com\/magazine365\/wp-content\/uploads\/2015\/06\/fotonoticia_20150625151120_800-360x240.jpg 360w, https:\/\/eldigitaldeasturias.com\/magazine365\/wp-content\/uploads\/2015\/06\/fotonoticia_20150625151120_800-650x433.jpg 650w, https:\/\/eldigitaldeasturias.com\/magazine365\/wp-content\/uploads\/2015\/06\/fotonoticia_20150625151120_800-768x512.jpg 768w, https:\/\/eldigitaldeasturias.com\/magazine365\/wp-content\/uploads\/2015\/06\/fotonoticia_20150625151120_800-150x100.jpg 150w, https:\/\/eldigitaldeasturias.com\/magazine365\/wp-content\/uploads\/2015\/06\/fotonoticia_20150625151120_800-450x300.jpg 450w, https:\/\/eldigitaldeasturias.com\/magazine365\/wp-content\/uploads\/2015\/06\/fotonoticia_20150625151120_800-696x464.jpg 696w, https:\/\/eldigitaldeasturias.com\/magazine365\/wp-content\/uploads\/2015\/06\/fotonoticia_20150625151120_800-630x420.jpg 630w, https:\/\/eldigitaldeasturias.com\/magazine365\/wp-content\/uploads\/2015\/06\/fotonoticia_20150625151120_800-84x55.jpg 84w, https:\/\/eldigitaldeasturias.com\/magazine365\/wp-content\/uploads\/2015\/06\/fotonoticia_20150625151120_800.jpg 800w\" sizes=\"(max-width: 360px) 100vw, 360px\" \/>El subdelegado del Gobierno en C\u00f3rdoba, Juan Jos\u00e9 Primo Jurado, ha presentado este jueves el Plan de Turismo Seguro 2015, puesto en marcha por el Ministerio del Interior, y que prev\u00e9 para la provincia de C\u00f3rdoba un total de 105 efectivos de las Fuerzas y Cuerpos de Seguridad del Estado que se encargar\u00e1n de velar por la seguridad de los turistas que visiten la provincia de C\u00f3rdoba durante los meses de verano.<\/p>\n<p>En concreto, esta cifra supone un 1,2% m\u00e1s que el a\u00f1o pasado. Seg\u00fan destaca Primo Jurado, \u00abeste aumento en los niveles de seguridad mantiene la marca de C\u00f3rdoba y de Andaluc\u00eda en general como destino tur\u00edstico seguro para todo aquel que nos visite\u00bb.<\/p>\n<p>Este Plan Turismo Seguro 2015 se activar\u00e1 el pr\u00f3ximo 1 de julio y estar\u00e1 vigente hasta el 31 de agosto. En Andaluc\u00eda, la cifra de efectivos se eleva a m\u00e1s de 8.600 agentes de las Fuerzas y Cuerpos de Seguridad del Estado, un 23,7% m\u00e1s que el a\u00f1o pasado.<\/p>\n<p>Seg\u00fan ha apuntado el subdelegado del Gobierno, \u00abel turismo es uno de los sectores econ\u00f3micos m\u00e1s pujantes de Andaluc\u00eda, ya que supone casi el 13% del PIB\u00bb, a lo que ha a\u00f1adido \u00abde ah\u00ed el compromiso del Gobierno de Espa\u00f1a con este sector a trav\u00e9s de la implementaci\u00f3n de este Plan Turismo Seguro\u00bb.<\/p>\n<p>En cuanto a los principales objetivos del plan se encuentran: incrementar la seguridad ciudadana y transmitir sensaci\u00f3n de seguridad para tranquilidad de nuestros turistas y empresarios tur\u00edsticos; proporcionar una mayor eficacia en la atenci\u00f3n a perjudicados por hechos delictivos. Para ello las Fuerzas y Cuerpos de Seguridad del Estado llevar\u00e1n a cabo una serie de actuaciones preventivas, con cinco l\u00edneas generales de actuaci\u00f3n.<\/p>\n<p>Al respecto, aumentar\u00e1n la vigilancia y control preventivo en v\u00edas de comunicaci\u00f3n urbanas e interurbanas, estaciones, puertos, aeropuertos, hoteles, playas y campings; se reforzar\u00e1n las medidas de seguridad en espect\u00e1culos y acontecimientos que supongan grandes concentraciones de personas.<\/p>\n<p>Tambi\u00e9n, se realizar\u00e1n tareas de prevenci\u00f3n en la informaci\u00f3n relativa a actos terroristas, as\u00ed como potenciar las labores de investigaci\u00f3n de las unidades de Polic\u00eda Judicial, as\u00ed como agilizar, facilitar los tr\u00e1mites en las oficinas de denuncia, incrementar la atenci\u00f3n y colaboraci\u00f3n ciudadana.<\/p>\n<p>LA M\u00c1XIMA EFICACIA<\/p>\n<p>Adem\u00e1s, para conseguir la m\u00e1xima eficacia se potenciar\u00e1 la coordinaci\u00f3n de las Fuerzas y Cuerpos de Seguridad del Estado con las diferentes Polic\u00edas Locales a trav\u00e9s de las Juntas de Seguridad.<\/p>\n<p>Ante todo ello, Primo Jurado ha afirmado que \u00abC\u00f3rdoba est\u00e1 preparada para disfrutar de un verano seguro con un dispositivo que permite estar a la altura de las exigencias de las demandas del sector tur\u00edstico\u00bb. Tambi\u00e9n, ha recordado que hay en marcha otras medidas de apoyo al sector y a los municipios tur\u00edsticos, como diversas campa\u00f1as de refuerzo en el exterior de la marca Espa\u00f1a as\u00ed como el Plan Nacional e Integral del Turismo 2012-2015, dotado de 1.800 millones de euros con medidas para reforzar la competitividad de las empresas y nuestros destinos.<\/p>\n","protected":false},"excerpt":{"rendered":"<p>El subdelegado del Gobierno en C\u00f3rdoba, Juan Jos\u00e9 Primo Jurado, ha presentado este jueves el Plan de Turismo Seguro 2015, puesto en marcha por el Ministerio del Interior, y que prev\u00e9 para la provincia de C\u00f3rdoba un total de 105 efectivos de las Fuerzas y Cuerpos de Seguridad del Estado que se encargar\u00e1n de velar<\/p>\n","protected":false},"author":1,"featured_media":41022,"comment_status":"open","ping_status":"closed","sticky":false,"template":"","format":"standard","meta":{"footnotes":""},"categories":[222],"tags":[],"class_list":{"0":"post-41021","1":"post","2":"type-post","3":"status-publish","4":"format-standard","5":"has-post-thumbnail","7":"category-actualidad-turismo"},"aioseo_notices":[],"aioseo_head":"\n\t\t<!-- All in One SEO Pro 4.9.6.1 - aioseo.com -->\n\t<meta name=\"description\" content=\"El subdelegado del Gobierno en C\u00f3rdoba, Juan Jos\u00e9 Primo Jurado, ha presentado este jueves el Plan de Turismo Seguro 2015, puesto en marcha por el Ministerio del Interior, y que prev\u00e9 para la provincia de C\u00f3rdoba un total de 105 efectivos de las Fuerzas y Cuerpos de Seguridad del Estado que se encargar\u00e1n de velar\" \/>\n\t<meta name=\"robots\" content=\"max-image-preview:large\" \/>\n\t<meta name=\"author\" content=\"admin\"\/>\n\t<meta name=\"google-site-verification\" content=\"UA-38556648-1\" \/>\n\t<meta name=\"keywords\" content=\"actualidad turismo\" \/>\n\t<link rel=\"canonical\" href=\"https:\/\/eldigitaldeasturias.com\/magazine365\/mas-de-un-centenar-de-efectivos-velaran-por-la-seguridad-de-los-turistas-en-cordoba\/\" \/>\n\t<meta name=\"generator\" content=\"All in One SEO Pro (AIOSEO) 4.9.6.1\" \/>\n\t\t<meta property=\"og:locale\" content=\"es_ES\" \/>\n\t\t<meta property=\"og:site_name\" content=\"El Digital de Asturias \u2013 Revista de ocio, turismo y estilo de vida\" \/>\n\t\t<meta property=\"og:type\" content=\"article\" \/>\n\t\t<meta property=\"og:title\" content=\"M\u00e1s de un centenar de efectivos velar\u00e1n por la seguridad de los turistas en C\u00f3rdoba | El Digital de Asturias\" \/>\n\t\t<meta property=\"og:description\" content=\"El subdelegado del Gobierno en C\u00f3rdoba, Juan Jos\u00e9 Primo Jurado, ha presentado este jueves el Plan de Turismo Seguro 2015, puesto en marcha por el Ministerio del Interior, y que prev\u00e9 para la provincia de C\u00f3rdoba un total de 105 efectivos de las Fuerzas y Cuerpos de Seguridad del Estado que se encargar\u00e1n de velar\" \/>\n\t\t<meta property=\"og:url\" content=\"https:\/\/eldigitaldeasturias.com\/magazine365\/mas-de-un-centenar-de-efectivos-velaran-por-la-seguridad-de-los-turistas-en-cordoba\/\" \/>\n\t\t<meta property=\"og:image\" content=\"https:\/\/eldigitaldeasturias.com\/magazine365\/wp-content\/uploads\/2015\/06\/fotonoticia_20150625151120_800.jpg\" \/>\n\t\t<meta property=\"og:image:secure_url\" content=\"https:\/\/eldigitaldeasturias.com\/magazine365\/wp-content\/uploads\/2015\/06\/fotonoticia_20150625151120_800.jpg\" \/>\n\t\t<meta property=\"og:image:width\" content=\"800\" \/>\n\t\t<meta property=\"og:image:height\" content=\"533\" \/>\n\t\t<meta property=\"article:published_time\" content=\"2015-06-25T18:22:37+00:00\" \/>\n\t\t<meta property=\"article:modified_time\" content=\"2015-06-25T18:22:37+00:00\" \/>\n\t\t<meta name=\"twitter:card\" content=\"summary_large_image\" \/>\n\t\t<meta name=\"twitter:title\" content=\"M\u00e1s de un centenar de efectivos velar\u00e1n por la seguridad de los turistas en C\u00f3rdoba | El Digital de Asturias\" \/>\n\t\t<meta name=\"twitter:description\" content=\"El subdelegado del Gobierno en C\u00f3rdoba, Juan Jos\u00e9 Primo Jurado, ha presentado este jueves el Plan de Turismo Seguro 2015, puesto en marcha por el Ministerio del Interior, y que prev\u00e9 para la provincia de C\u00f3rdoba un total de 105 efectivos de las Fuerzas y Cuerpos de Seguridad del Estado que se encargar\u00e1n de velar\" \/>\n\t\t<meta name=\"twitter:image\" content=\"https:\/\/eldigitaldeasturias.com\/magazine365\/wp-content\/uploads\/2015\/06\/fotonoticia_20150625151120_800.jpg\" \/>\n\t\t<script type=\"application\/ld+json\" class=\"aioseo-schema\">\n\t\t\t{\"@context\":\"https:\\\/\\\/schema.org\",\"@graph\":[{\"@type\":\"Article\",\"@id\":\"https:\\\/\\\/eldigitaldeasturias.com\\\/magazine365\\\/mas-de-un-centenar-de-efectivos-velaran-por-la-seguridad-de-los-turistas-en-cordoba\\\/#article\",\"name\":\"M\\u00e1s de un centenar de efectivos velar\\u00e1n por la seguridad de los turistas en C\\u00f3rdoba | El Digital de Asturias\",\"headline\":\"M\\u00e1s de un centenar de efectivos velar\\u00e1n por la seguridad de los turistas en C\\u00f3rdoba\",\"author\":{\"@id\":\"https:\\\/\\\/eldigitaldeasturias.com\\\/magazine365\\\/author\\\/admin\\\/#author\"},\"publisher\":{\"@id\":\"https:\\\/\\\/eldigitaldeasturias.com\\\/magazine365\\\/#organization\"},\"image\":{\"@type\":\"ImageObject\",\"url\":\"https:\\\/\\\/eldigitaldeasturias.com\\\/magazine365\\\/wp-content\\\/uploads\\\/2015\\\/06\\\/fotonoticia_20150625151120_800.jpg\",\"width\":800,\"height\":533},\"datePublished\":\"2015-06-25T19:52:37+02:00\",\"dateModified\":\"2015-06-25T19:52:37+02:00\",\"inLanguage\":\"es-ES\",\"mainEntityOfPage\":{\"@id\":\"https:\\\/\\\/eldigitaldeasturias.com\\\/magazine365\\\/mas-de-un-centenar-de-efectivos-velaran-por-la-seguridad-de-los-turistas-en-cordoba\\\/#webpage\"},\"isPartOf\":{\"@id\":\"https:\\\/\\\/eldigitaldeasturias.com\\\/magazine365\\\/mas-de-un-centenar-de-efectivos-velaran-por-la-seguridad-de-los-turistas-en-cordoba\\\/#webpage\"},\"articleSection\":\"Actualidad Turismo\"},{\"@type\":\"BreadcrumbList\",\"@id\":\"https:\\\/\\\/eldigitaldeasturias.com\\\/magazine365\\\/mas-de-un-centenar-de-efectivos-velaran-por-la-seguridad-de-los-turistas-en-cordoba\\\/#breadcrumblist\",\"itemListElement\":[{\"@type\":\"ListItem\",\"@id\":\"https:\\\/\\\/eldigitaldeasturias.com\\\/magazine365#listItem\",\"position\":1,\"name\":\"Home\",\"item\":\"https:\\\/\\\/eldigitaldeasturias.com\\\/magazine365\",\"nextItem\":{\"@type\":\"ListItem\",\"@id\":\"https:\\\/\\\/eldigitaldeasturias.com\\\/magazine365\\\/category\\\/actualidad-turismo\\\/#listItem\",\"name\":\"Actualidad Turismo\"}},{\"@type\":\"ListItem\",\"@id\":\"https:\\\/\\\/eldigitaldeasturias.com\\\/magazine365\\\/category\\\/actualidad-turismo\\\/#listItem\",\"position\":2,\"name\":\"Actualidad Turismo\",\"item\":\"https:\\\/\\\/eldigitaldeasturias.com\\\/magazine365\\\/category\\\/actualidad-turismo\\\/\",\"nextItem\":{\"@type\":\"ListItem\",\"@id\":\"https:\\\/\\\/eldigitaldeasturias.com\\\/magazine365\\\/mas-de-un-centenar-de-efectivos-velaran-por-la-seguridad-de-los-turistas-en-cordoba\\\/#listItem\",\"name\":\"M\\u00e1s de un centenar de efectivos velar\\u00e1n por la seguridad de los turistas en C\\u00f3rdoba\"},\"previousItem\":{\"@type\":\"ListItem\",\"@id\":\"https:\\\/\\\/eldigitaldeasturias.com\\\/magazine365#listItem\",\"name\":\"Home\"}},{\"@type\":\"ListItem\",\"@id\":\"https:\\\/\\\/eldigitaldeasturias.com\\\/magazine365\\\/mas-de-un-centenar-de-efectivos-velaran-por-la-seguridad-de-los-turistas-en-cordoba\\\/#listItem\",\"position\":3,\"name\":\"M\\u00e1s de un centenar de efectivos velar\\u00e1n por la seguridad de los turistas en C\\u00f3rdoba\",\"previousItem\":{\"@type\":\"ListItem\",\"@id\":\"https:\\\/\\\/eldigitaldeasturias.com\\\/magazine365\\\/category\\\/actualidad-turismo\\\/#listItem\",\"name\":\"Actualidad Turismo\"}}]},{\"@type\":\"Organization\",\"@id\":\"https:\\\/\\\/eldigitaldeasturias.com\\\/magazine365\\\/#organization\",\"name\":\"El digital de Asturias\",\"description\":\"Revista de ocio, turismo y estilo de vida\",\"url\":\"https:\\\/\\\/eldigitaldeasturias.com\\\/magazine365\\\/\",\"logo\":{\"@type\":\"ImageObject\",\"url\":\"https:\\\/\\\/www.eldigitaldeasturias.com\\\/noticias\\\/wp-content\\\/uploads\\\/2020\\\/12\\\/EDA.jpg\",\"@id\":\"https:\\\/\\\/eldigitaldeasturias.com\\\/magazine365\\\/mas-de-un-centenar-de-efectivos-velaran-por-la-seguridad-de-los-turistas-en-cordoba\\\/#organizationLogo\"},\"image\":{\"@id\":\"https:\\\/\\\/eldigitaldeasturias.com\\\/magazine365\\\/mas-de-un-centenar-de-efectivos-velaran-por-la-seguridad-de-los-turistas-en-cordoba\\\/#organizationLogo\"}},{\"@type\":\"Person\",\"@id\":\"https:\\\/\\\/eldigitaldeasturias.com\\\/magazine365\\\/author\\\/admin\\\/#author\",\"url\":\"https:\\\/\\\/eldigitaldeasturias.com\\\/magazine365\\\/author\\\/admin\\\/\",\"name\":\"admin\",\"image\":{\"@type\":\"ImageObject\",\"@id\":\"https:\\\/\\\/eldigitaldeasturias.com\\\/magazine365\\\/mas-de-un-centenar-de-efectivos-velaran-por-la-seguridad-de-los-turistas-en-cordoba\\\/#authorImage\",\"url\":\"https:\\\/\\\/eldigitaldeasturias.com\\\/magazine365\\\/wp-content\\\/litespeed\\\/avatar\\\/e571bcf59a0edd6fa6838245a470f2fe.jpg?ver=1777574230\",\"width\":96,\"height\":96,\"caption\":\"admin\"}},{\"@type\":\"WebPage\",\"@id\":\"https:\\\/\\\/eldigitaldeasturias.com\\\/magazine365\\\/mas-de-un-centenar-de-efectivos-velaran-por-la-seguridad-de-los-turistas-en-cordoba\\\/#webpage\",\"url\":\"https:\\\/\\\/eldigitaldeasturias.com\\\/magazine365\\\/mas-de-un-centenar-de-efectivos-velaran-por-la-seguridad-de-los-turistas-en-cordoba\\\/\",\"name\":\"M\\u00e1s de un centenar de efectivos velar\\u00e1n por la seguridad de los turistas en C\\u00f3rdoba | El Digital de Asturias\",\"description\":\"El subdelegado del Gobierno en C\\u00f3rdoba, Juan Jos\\u00e9 Primo Jurado, ha presentado este jueves el Plan de Turismo Seguro 2015, puesto en marcha por el Ministerio del Interior, y que prev\\u00e9 para la provincia de C\\u00f3rdoba un total de 105 efectivos de las Fuerzas y Cuerpos de Seguridad del Estado que se encargar\\u00e1n de velar\",\"inLanguage\":\"es-ES\",\"isPartOf\":{\"@id\":\"https:\\\/\\\/eldigitaldeasturias.com\\\/magazine365\\\/#website\"},\"breadcrumb\":{\"@id\":\"https:\\\/\\\/eldigitaldeasturias.com\\\/magazine365\\\/mas-de-un-centenar-de-efectivos-velaran-por-la-seguridad-de-los-turistas-en-cordoba\\\/#breadcrumblist\"},\"author\":{\"@id\":\"https:\\\/\\\/eldigitaldeasturias.com\\\/magazine365\\\/author\\\/admin\\\/#author\"},\"creator\":{\"@id\":\"https:\\\/\\\/eldigitaldeasturias.com\\\/magazine365\\\/author\\\/admin\\\/#author\"},\"image\":{\"@type\":\"ImageObject\",\"url\":\"https:\\\/\\\/eldigitaldeasturias.com\\\/magazine365\\\/wp-content\\\/uploads\\\/2015\\\/06\\\/fotonoticia_20150625151120_800.jpg\",\"@id\":\"https:\\\/\\\/eldigitaldeasturias.com\\\/magazine365\\\/mas-de-un-centenar-de-efectivos-velaran-por-la-seguridad-de-los-turistas-en-cordoba\\\/#mainImage\",\"width\":800,\"height\":533},\"primaryImageOfPage\":{\"@id\":\"https:\\\/\\\/eldigitaldeasturias.com\\\/magazine365\\\/mas-de-un-centenar-de-efectivos-velaran-por-la-seguridad-de-los-turistas-en-cordoba\\\/#mainImage\"},\"datePublished\":\"2015-06-25T19:52:37+02:00\",\"dateModified\":\"2015-06-25T19:52:37+02:00\"},{\"@type\":\"WebSite\",\"@id\":\"https:\\\/\\\/eldigitaldeasturias.com\\\/magazine365\\\/#website\",\"url\":\"https:\\\/\\\/eldigitaldeasturias.com\\\/magazine365\\\/\",\"name\":\"El Digital de Asturias\",\"description\":\"Revista de ocio, turismo y estilo de vida\",\"inLanguage\":\"es-ES\",\"publisher\":{\"@id\":\"https:\\\/\\\/eldigitaldeasturias.com\\\/magazine365\\\/#organization\"}}]}\n\t\t<\/script>\n\t\t<!-- All in One SEO Pro -->\r\n\t\t<title>M\u00e1s de un centenar de efectivos velar\u00e1n por la seguridad de los turistas en C\u00f3rdoba | El Digital de Asturias<\/title>\n\n","aioseo_head_json":{"title":"M\u00e1s de un centenar de efectivos velar\u00e1n por la seguridad de los turistas en C\u00f3rdoba | El Digital de Asturias","description":"El subdelegado del Gobierno en C\u00f3rdoba, Juan Jos\u00e9 Primo Jurado, ha presentado este jueves el Plan de Turismo Seguro 2015, puesto en marcha por el Ministerio del Interior, y que prev\u00e9 para la provincia de C\u00f3rdoba un total de 105 efectivos de las Fuerzas y Cuerpos de Seguridad del Estado que se encargar\u00e1n de velar","canonical_url":"https:\/\/eldigitaldeasturias.com\/magazine365\/mas-de-un-centenar-de-efectivos-velaran-por-la-seguridad-de-los-turistas-en-cordoba\/","robots":"max-image-preview:large","keywords":"actualidad turismo","webmasterTools":{"google-site-verification":"UA-38556648-1","miscellaneous":""},"schema":{"@context":"https:\/\/schema.org","@graph":[{"@type":"Article","@id":"https:\/\/eldigitaldeasturias.com\/magazine365\/mas-de-un-centenar-de-efectivos-velaran-por-la-seguridad-de-los-turistas-en-cordoba\/#article","name":"M\u00e1s de un centenar de efectivos velar\u00e1n por la seguridad de los turistas en C\u00f3rdoba | El Digital de Asturias","headline":"M\u00e1s de un centenar de efectivos velar\u00e1n por la seguridad de los turistas en C\u00f3rdoba","author":{"@id":"https:\/\/eldigitaldeasturias.com\/magazine365\/author\/admin\/#author"},"publisher":{"@id":"https:\/\/eldigitaldeasturias.com\/magazine365\/#organization"},"image":{"@type":"ImageObject","url":"https:\/\/eldigitaldeasturias.com\/magazine365\/wp-content\/uploads\/2015\/06\/fotonoticia_20150625151120_800.jpg","width":800,"height":533},"datePublished":"2015-06-25T19:52:37+02:00","dateModified":"2015-06-25T19:52:37+02:00","inLanguage":"es-ES","mainEntityOfPage":{"@id":"https:\/\/eldigitaldeasturias.com\/magazine365\/mas-de-un-centenar-de-efectivos-velaran-por-la-seguridad-de-los-turistas-en-cordoba\/#webpage"},"isPartOf":{"@id":"https:\/\/eldigitaldeasturias.com\/magazine365\/mas-de-un-centenar-de-efectivos-velaran-por-la-seguridad-de-los-turistas-en-cordoba\/#webpage"},"articleSection":"Actualidad Turismo"},{"@type":"BreadcrumbList","@id":"https:\/\/eldigitaldeasturias.com\/magazine365\/mas-de-un-centenar-de-efectivos-velaran-por-la-seguridad-de-los-turistas-en-cordoba\/#breadcrumblist","itemListElement":[{"@type":"ListItem","@id":"https:\/\/eldigitaldeasturias.com\/magazine365#listItem","position":1,"name":"Home","item":"https:\/\/eldigitaldeasturias.com\/magazine365","nextItem":{"@type":"ListItem","@id":"https:\/\/eldigitaldeasturias.com\/magazine365\/category\/actualidad-turismo\/#listItem","name":"Actualidad Turismo"}},{"@type":"ListItem","@id":"https:\/\/eldigitaldeasturias.com\/magazine365\/category\/actualidad-turismo\/#listItem","position":2,"name":"Actualidad Turismo","item":"https:\/\/eldigitaldeasturias.com\/magazine365\/category\/actualidad-turismo\/","nextItem":{"@type":"ListItem","@id":"https:\/\/eldigitaldeasturias.com\/magazine365\/mas-de-un-centenar-de-efectivos-velaran-por-la-seguridad-de-los-turistas-en-cordoba\/#listItem","name":"M\u00e1s de un centenar de efectivos velar\u00e1n por la seguridad de los turistas en C\u00f3rdoba"},"previousItem":{"@type":"ListItem","@id":"https:\/\/eldigitaldeasturias.com\/magazine365#listItem","name":"Home"}},{"@type":"ListItem","@id":"https:\/\/eldigitaldeasturias.com\/magazine365\/mas-de-un-centenar-de-efectivos-velaran-por-la-seguridad-de-los-turistas-en-cordoba\/#listItem","position":3,"name":"M\u00e1s de un centenar de efectivos velar\u00e1n por la seguridad de los turistas en C\u00f3rdoba","previousItem":{"@type":"ListItem","@id":"https:\/\/eldigitaldeasturias.com\/magazine365\/category\/actualidad-turismo\/#listItem","name":"Actualidad Turismo"}}]},{"@type":"Organization","@id":"https:\/\/eldigitaldeasturias.com\/magazine365\/#organization","name":"El digital de Asturias","description":"Revista de ocio, turismo y estilo de vida","url":"https:\/\/eldigitaldeasturias.com\/magazine365\/","logo":{"@type":"ImageObject","url":"https:\/\/www.eldigitaldeasturias.com\/noticias\/wp-content\/uploads\/2020\/12\/EDA.jpg","@id":"https:\/\/eldigitaldeasturias.com\/magazine365\/mas-de-un-centenar-de-efectivos-velaran-por-la-seguridad-de-los-turistas-en-cordoba\/#organizationLogo"},"image":{"@id":"https:\/\/eldigitaldeasturias.com\/magazine365\/mas-de-un-centenar-de-efectivos-velaran-por-la-seguridad-de-los-turistas-en-cordoba\/#organizationLogo"}},{"@type":"Person","@id":"https:\/\/eldigitaldeasturias.com\/magazine365\/author\/admin\/#author","url":"https:\/\/eldigitaldeasturias.com\/magazine365\/author\/admin\/","name":"admin","image":{"@type":"ImageObject","@id":"https:\/\/eldigitaldeasturias.com\/magazine365\/mas-de-un-centenar-de-efectivos-velaran-por-la-seguridad-de-los-turistas-en-cordoba\/#authorImage","url":"https:\/\/eldigitaldeasturias.com\/magazine365\/wp-content\/litespeed\/avatar\/e571bcf59a0edd6fa6838245a470f2fe.jpg?ver=1777574230","width":96,"height":96,"caption":"admin"}},{"@type":"WebPage","@id":"https:\/\/eldigitaldeasturias.com\/magazine365\/mas-de-un-centenar-de-efectivos-velaran-por-la-seguridad-de-los-turistas-en-cordoba\/#webpage","url":"https:\/\/eldigitaldeasturias.com\/magazine365\/mas-de-un-centenar-de-efectivos-velaran-por-la-seguridad-de-los-turistas-en-cordoba\/","name":"M\u00e1s de un centenar de efectivos velar\u00e1n por la seguridad de los turistas en C\u00f3rdoba | El Digital de Asturias","description":"El subdelegado del Gobierno en C\u00f3rdoba, Juan Jos\u00e9 Primo Jurado, ha presentado este jueves el Plan de Turismo Seguro 2015, puesto en marcha por el Ministerio del Interior, y que prev\u00e9 para la provincia de C\u00f3rdoba un total de 105 efectivos de las Fuerzas y Cuerpos de Seguridad del Estado que se encargar\u00e1n de velar","inLanguage":"es-ES","isPartOf":{"@id":"https:\/\/eldigitaldeasturias.com\/magazine365\/#website"},"breadcrumb":{"@id":"https:\/\/eldigitaldeasturias.com\/magazine365\/mas-de-un-centenar-de-efectivos-velaran-por-la-seguridad-de-los-turistas-en-cordoba\/#breadcrumblist"},"author":{"@id":"https:\/\/eldigitaldeasturias.com\/magazine365\/author\/admin\/#author"},"creator":{"@id":"https:\/\/eldigitaldeasturias.com\/magazine365\/author\/admin\/#author"},"image":{"@type":"ImageObject","url":"https:\/\/eldigitaldeasturias.com\/magazine365\/wp-content\/uploads\/2015\/06\/fotonoticia_20150625151120_800.jpg","@id":"https:\/\/eldigitaldeasturias.com\/magazine365\/mas-de-un-centenar-de-efectivos-velaran-por-la-seguridad-de-los-turistas-en-cordoba\/#mainImage","width":800,"height":533},"primaryImageOfPage":{"@id":"https:\/\/eldigitaldeasturias.com\/magazine365\/mas-de-un-centenar-de-efectivos-velaran-por-la-seguridad-de-los-turistas-en-cordoba\/#mainImage"},"datePublished":"2015-06-25T19:52:37+02:00","dateModified":"2015-06-25T19:52:37+02:00"},{"@type":"WebSite","@id":"https:\/\/eldigitaldeasturias.com\/magazine365\/#website","url":"https:\/\/eldigitaldeasturias.com\/magazine365\/","name":"El Digital de Asturias","description":"Revista de ocio, turismo y estilo de vida","inLanguage":"es-ES","publisher":{"@id":"https:\/\/eldigitaldeasturias.com\/magazine365\/#organization"}}]},"og:locale":"es_ES","og:site_name":"El Digital de Asturias \u2013 Revista de ocio, turismo y estilo de vida","og:type":"article","og:title":"M\u00e1s de un centenar de efectivos velar\u00e1n por la seguridad de los turistas en C\u00f3rdoba | El Digital de Asturias","og:description":"El subdelegado del Gobierno en C\u00f3rdoba, Juan Jos\u00e9 Primo Jurado, ha presentado este jueves el Plan de Turismo Seguro 2015, puesto en marcha por el Ministerio del Interior, y que prev\u00e9 para la provincia de C\u00f3rdoba un total de 105 efectivos de las Fuerzas y Cuerpos de Seguridad del Estado que se encargar\u00e1n de velar","og:url":"https:\/\/eldigitaldeasturias.com\/magazine365\/mas-de-un-centenar-de-efectivos-velaran-por-la-seguridad-de-los-turistas-en-cordoba\/","og:image":"https:\/\/eldigitaldeasturias.com\/magazine365\/wp-content\/uploads\/2015\/06\/fotonoticia_20150625151120_800.jpg","og:image:secure_url":"https:\/\/eldigitaldeasturias.com\/magazine365\/wp-content\/uploads\/2015\/06\/fotonoticia_20150625151120_800.jpg","og:image:width":800,"og:image:height":533,"article:published_time":"2015-06-25T18:22:37+00:00","article:modified_time":"2015-06-25T18:22:37+00:00","twitter:card":"summary_large_image","twitter:title":"M\u00e1s de un centenar de efectivos velar\u00e1n por la seguridad de los turistas en C\u00f3rdoba | El Digital de Asturias","twitter:description":"El subdelegado del Gobierno en C\u00f3rdoba, Juan Jos\u00e9 Primo Jurado, ha presentado este jueves el Plan de Turismo Seguro 2015, puesto en marcha por el Ministerio del Interior, y que prev\u00e9 para la provincia de C\u00f3rdoba un total de 105 efectivos de las Fuerzas y Cuerpos de Seguridad del Estado que se encargar\u00e1n de velar","twitter:image":"https:\/\/eldigitaldeasturias.com\/magazine365\/wp-content\/uploads\/2015\/06\/fotonoticia_20150625151120_800.jpg"},"aioseo_meta_data":{"post_id":"41021","title":null,"description":null,"keywords":null,"keyphrases":null,"primary_term":null,"canonical_url":null,"og_title":null,"og_description":null,"og_object_type":"default","og_image_type":"default","og_image_url":null,"og_image_width":null,"og_image_height":null,"og_image_custom_url":null,"og_image_custom_fields":null,"og_video":null,"og_custom_url":null,"og_article_section":null,"og_article_tags":null,"twitter_use_og":false,"twitter_card":"default","twitter_image_type":"default","twitter_image_url":null,"twitter_image_custom_url":null,"twitter_image_custom_fields":null,"twitter_title":null,"twitter_description":null,"schema":{"blockGraphs":[],"customGraphs":[],"default":{"data":{"Article":[],"Course":[],"Dataset":[],"FAQPage":[],"Movie":[],"Person":[],"Product":[],"ProductReview":[],"Car":[],"Recipe":[],"Service":[],"SoftwareApplication":[],"WebPage":[]},"graphName":"","isEnabled":true},"graphs":[],"defaultGraph":"","defaultPostTypeGraph":""},"schema_type":null,"schema_type_options":null,"pillar_content":false,"robots_default":true,"robots_noindex":false,"robots_noarchive":false,"robots_nosnippet":false,"robots_nofollow":false,"robots_noimageindex":false,"robots_noodp":false,"robots_notranslate":false,"robots_max_snippet":null,"robots_max_videopreview":null,"robots_max_imagepreview":"large","priority":null,"frequency":null,"location":null,"local_seo":null,"seo_analyzer_scan_date":"2025-09-19 14:51:35","breadcrumb_settings":null,"limit_modified_date":false,"open_ai":null,"ai":null,"created":"2021-03-09 02:20:43","updated":"2025-09-19 14:51:35"},"aioseo_breadcrumb":"<div class=\"aioseo-breadcrumbs\"><span class=\"aioseo-breadcrumb\">\n\t<a href=\"https:\/\/eldigitaldeasturias.com\/magazine365\" title=\"Home\">Home<\/a>\n<\/span><span class=\"aioseo-breadcrumb-separator\">\u2013<\/span><span class=\"aioseo-breadcrumb\">\n\t<a href=\"https:\/\/eldigitaldeasturias.com\/magazine365\/category\/actualidad-turismo\/\" title=\"Actualidad Turismo\">Actualidad Turismo<\/a>\n<\/span><span class=\"aioseo-breadcrumb-separator\">\u2013<\/span><span class=\"aioseo-breadcrumb\">\n\t<a href=\"https:\/\/eldigitaldeasturias.com\/magazine365\/mas-de-un-centenar-de-efectivos-velaran-por-la-seguridad-de-los-turistas-en-cordoba\/\" title=\"M\u00e1s de un centenar de efectivos velar\u00e1n por la seguridad de los turistas en C\u00f3rdoba\">M\u00e1s de un centenar de efectivos velar\u00e1n por la seguridad de los turistas en C\u00f3rdoba<\/a>\n<\/span><\/div>","aioseo_breadcrumb_json":[{"label":"Home","link":"https:\/\/eldigitaldeasturias.com\/magazine365"},{"label":"Actualidad Turismo","link":"https:\/\/eldigitaldeasturias.com\/magazine365\/category\/actualidad-turismo\/"},{"label":"M\u00e1s de un centenar de efectivos velar\u00e1n por la seguridad de los turistas en C\u00f3rdoba","link":"https:\/\/eldigitaldeasturias.com\/magazine365\/mas-de-un-centenar-de-efectivos-velaran-por-la-seguridad-de-los-turistas-en-cordoba\/"}],"_links":{"self":[{"href":"https:\/\/eldigitaldeasturias.com\/magazine365\/wp-json\/wp\/v2\/posts\/41021","targetHints":{"allow":["GET"]}}],"collection":[{"href":"https:\/\/eldigitaldeasturias.com\/magazine365\/wp-json\/wp\/v2\/posts"}],"about":[{"href":"https:\/\/eldigitaldeasturias.com\/magazine365\/wp-json\/wp\/v2\/types\/post"}],"author":[{"embeddable":true,"href":"https:\/\/eldigitaldeasturias.com\/magazine365\/wp-json\/wp\/v2\/users\/1"}],"replies":[{"embeddable":true,"href":"https:\/\/eldigitaldeasturias.com\/magazine365\/wp-json\/wp\/v2\/comments?post=41021"}],"version-history":[{"count":0,"href":"https:\/\/eldigitaldeasturias.com\/magazine365\/wp-json\/wp\/v2\/posts\/41021\/revisions"}],"wp:featuredmedia":[{"embeddable":true,"href":"https:\/\/eldigitaldeasturias.com\/magazine365\/wp-json\/wp\/v2\/media\/41022"}],"wp:attachment":[{"href":"https:\/\/eldigitaldeasturias.com\/magazine365\/wp-json\/wp\/v2\/media?parent=41021"}],"wp:term":[{"taxonomy":"category","embeddable":true,"href":"https:\/\/eldigitaldeasturias.com\/magazine365\/wp-json\/wp\/v2\/categories?post=41021"},{"taxonomy":"post_tag","embeddable":true,"href":"https:\/\/eldigitaldeasturias.com\/magazine365\/wp-json\/wp\/v2\/tags?post=41021"}],"curies":[{"name":"wp","href":"https:\/\/api.w.org\/{rel}","templated":true}]}}