{"id":41018,"date":"2015-06-25T19:49:14","date_gmt":"2015-06-25T18:19:14","guid":{"rendered":"http:\/\/eldigitaldeasturias.com\/magazine365\/?p=41018"},"modified":"2015-06-25T19:49:14","modified_gmt":"2015-06-25T18:19:14","slug":"delegacion-del-gobierno-apuesta-por-la-colaboracion-policial-en-magaluf-y-playa-de-palma","status":"publish","type":"post","link":"https:\/\/eldigitaldeasturias.com\/magazine365\/delegacion-del-gobierno-apuesta-por-la-colaboracion-policial-en-magaluf-y-playa-de-palma\/","title":{"rendered":"Delegaci\u00f3n del Gobierno apuesta por la colaboraci\u00f3n policial en Magaluf y Playa de Palma"},"content":{"rendered":"<p><img fetchpriority=\"high\" decoding=\"async\" class=\"alignleft size-medium wp-image-41019\" src=\"https:\/\/eldigitaldeasturias.com\/magazine365\/wp-content\/uploads\/2015\/06\/magaluf-360x241.jpg\" alt=\"magaluf\" width=\"360\" height=\"241\" srcset=\"https:\/\/eldigitaldeasturias.com\/magazine365\/wp-content\/uploads\/2015\/06\/magaluf-360x241.jpg 360w, https:\/\/eldigitaldeasturias.com\/magazine365\/wp-content\/uploads\/2015\/06\/magaluf-650x435.jpg 650w, https:\/\/eldigitaldeasturias.com\/magazine365\/wp-content\/uploads\/2015\/06\/magaluf-768x514.jpg 768w, https:\/\/eldigitaldeasturias.com\/magazine365\/wp-content\/uploads\/2015\/06\/magaluf-150x100.jpg 150w, https:\/\/eldigitaldeasturias.com\/magazine365\/wp-content\/uploads\/2015\/06\/magaluf-450x301.jpg 450w, https:\/\/eldigitaldeasturias.com\/magazine365\/wp-content\/uploads\/2015\/06\/magaluf-696x465.jpg 696w, https:\/\/eldigitaldeasturias.com\/magazine365\/wp-content\/uploads\/2015\/06\/magaluf-628x420.jpg 628w, https:\/\/eldigitaldeasturias.com\/magazine365\/wp-content\/uploads\/2015\/06\/magaluf-84x55.jpg 84w, https:\/\/eldigitaldeasturias.com\/magazine365\/wp-content\/uploads\/2015\/06\/magaluf.jpg 800w\" sizes=\"(max-width: 360px) 100vw, 360px\" \/>La delegada del Gobierno en Baleares, Teresa Palmer, ha asegurado este jueves que apuesta por \u00abla continuidad y la colaboraci\u00f3n policial\u00bb en los destinos tur\u00edsticos de Calvi\u00e0 y Playa de Palma \u00abtras los buenos resultados obtenidos las \u00faltimas temporadas\u00bb en \u00edndices de criminalidad.<\/p>\n<p>Palmer ha hecho estas declaraciones con motivo de las reuniones de este jueves en materia de seguridad primero con el alcalde de Calvi\u00e0, Alfonso Rodr\u00edguez, y posteriormente con la presidenta de la Federaci\u00f3n Empresarial Hotelera de Mallorca (FEHM), Inmaculada de Benito, y el presidente de la Asociaci\u00f3n Hotelera de Playa de Palma, Francisco Mar\u00edn.<\/p>\n<p>La delegada, acompa\u00f1ada por el coronel jefe de la Guardia Civil, Jaume Barcel\u00f3, ha recibido en primer lugar al nuevo alcalde de Calvi\u00e0 y a su teniente de alcalde de Servicios Generales y Seguridad, Andreu Serra, quienes han mostrado su predisposici\u00f3n a seguir actuando como hasta la fecha en la zona m\u00e1s conflictiva del municipio, Magaluf.<\/p>\n<p>As\u00ed, las actuaciones conjuntas y la coordinaci\u00f3n entre Guardia Civil y Polic\u00eda Local seguir\u00e1 siendo una prioridad en Calvi\u00e0, uno de los municipios donde se concentrar\u00e1n los refuerzos estivales incluidos en el Plan Turismo Seguro del Ministerio del Interior. Como avanz\u00f3 ayer Palmer, este verano los refuerzos policiales aumentan un 23% y Magaluf volver\u00e1 a contar con unidades especiales de la Benem\u00e9rita.<\/p>\n<p>Posteriormente, la delegada del Gobierno, acompa\u00f1ada en esta ocasi\u00f3n por el jefe de la Polic\u00eda Nacional, Antonio Jarabo, y varios mandos, ha recibido a la presidenta de la FEHM y al presidente de la Asociaci\u00f3n Hotelera de la Playa de Palma.<\/p>\n<p>Palmer les ha informado que en el principal destino tur\u00edstico de Ciutat la Polic\u00eda Nacional mantendr\u00e1 la coordinaci\u00f3n con la Polic\u00eda Local y contar\u00e1 con Unidades de Intervenci\u00f3n Policial (UIP), que refuerzan desde hace d\u00edas las patrullas de la Platja de Palma.<\/p>\n","protected":false},"excerpt":{"rendered":"<p>La delegada del Gobierno en Baleares, Teresa Palmer, ha asegurado este jueves que apuesta por \u00abla continuidad y la colaboraci\u00f3n policial\u00bb en los destinos tur\u00edsticos de Calvi\u00e0 y Playa de Palma \u00abtras los buenos resultados obtenidos las \u00faltimas temporadas\u00bb en \u00edndices de criminalidad. Palmer ha hecho estas declaraciones con motivo de las reuniones de este<\/p>\n","protected":false},"author":1,"featured_media":41019,"comment_status":"open","ping_status":"closed","sticky":false,"template":"","format":"standard","meta":{"footnotes":""},"categories":[222],"tags":[],"class_list":{"0":"post-41018","1":"post","2":"type-post","3":"status-publish","4":"format-standard","5":"has-post-thumbnail","7":"category-actualidad-turismo"},"aioseo_notices":[],"aioseo_head":"\n\t\t<!-- All in One SEO Pro 4.9.6.1 - aioseo.com -->\n\t<meta name=\"description\" content=\"La delegada del Gobierno en Baleares, Teresa Palmer, ha asegurado este jueves que apuesta por &quot;la continuidad y la colaboraci\u00f3n policial&quot; en los destinos tur\u00edsticos de Calvi\u00e0 y Playa de Palma &quot;tras los buenos resultados obtenidos las \u00faltimas temporadas&quot; en \u00edndices de criminalidad. Palmer ha hecho estas declaraciones con motivo de las reuniones de este\" \/>\n\t<meta name=\"robots\" content=\"max-image-preview:large\" \/>\n\t<meta name=\"author\" content=\"admin\"\/>\n\t<meta name=\"google-site-verification\" content=\"UA-38556648-1\" \/>\n\t<meta name=\"keywords\" content=\"actualidad turismo\" \/>\n\t<link rel=\"canonical\" href=\"https:\/\/eldigitaldeasturias.com\/magazine365\/delegacion-del-gobierno-apuesta-por-la-colaboracion-policial-en-magaluf-y-playa-de-palma\/\" \/>\n\t<meta name=\"generator\" content=\"All in One SEO Pro (AIOSEO) 4.9.6.1\" \/>\n\t\t<meta property=\"og:locale\" content=\"es_ES\" \/>\n\t\t<meta property=\"og:site_name\" content=\"El Digital de Asturias \u2013 Revista de ocio, turismo y estilo de vida\" \/>\n\t\t<meta property=\"og:type\" content=\"article\" \/>\n\t\t<meta property=\"og:title\" content=\"Delegaci\u00f3n del Gobierno apuesta por la colaboraci\u00f3n policial en Magaluf y Playa de Palma | El Digital de Asturias\" \/>\n\t\t<meta property=\"og:description\" content=\"La delegada del Gobierno en Baleares, Teresa Palmer, ha asegurado este jueves que apuesta por &quot;la continuidad y la colaboraci\u00f3n policial&quot; en los destinos tur\u00edsticos de Calvi\u00e0 y Playa de Palma &quot;tras los buenos resultados obtenidos las \u00faltimas temporadas&quot; en \u00edndices de criminalidad. Palmer ha hecho estas declaraciones con motivo de las reuniones de este\" \/>\n\t\t<meta property=\"og:url\" content=\"https:\/\/eldigitaldeasturias.com\/magazine365\/delegacion-del-gobierno-apuesta-por-la-colaboracion-policial-en-magaluf-y-playa-de-palma\/\" \/>\n\t\t<meta property=\"og:image\" content=\"https:\/\/eldigitaldeasturias.com\/magazine365\/wp-content\/uploads\/2015\/06\/magaluf.jpg\" \/>\n\t\t<meta property=\"og:image:secure_url\" content=\"https:\/\/eldigitaldeasturias.com\/magazine365\/wp-content\/uploads\/2015\/06\/magaluf.jpg\" \/>\n\t\t<meta property=\"og:image:width\" content=\"800\" \/>\n\t\t<meta property=\"og:image:height\" content=\"535\" \/>\n\t\t<meta property=\"article:published_time\" content=\"2015-06-25T18:19:14+00:00\" \/>\n\t\t<meta property=\"article:modified_time\" content=\"2015-06-25T18:19:14+00:00\" \/>\n\t\t<meta name=\"twitter:card\" content=\"summary_large_image\" \/>\n\t\t<meta name=\"twitter:title\" content=\"Delegaci\u00f3n del Gobierno apuesta por la colaboraci\u00f3n policial en Magaluf y Playa de Palma | El Digital de Asturias\" \/>\n\t\t<meta name=\"twitter:description\" content=\"La delegada del Gobierno en Baleares, Teresa Palmer, ha asegurado este jueves que apuesta por &quot;la continuidad y la colaboraci\u00f3n policial&quot; en los destinos tur\u00edsticos de Calvi\u00e0 y Playa de Palma &quot;tras los buenos resultados obtenidos las \u00faltimas temporadas&quot; en \u00edndices de criminalidad. Palmer ha hecho estas declaraciones con motivo de las reuniones de este\" \/>\n\t\t<meta name=\"twitter:image\" content=\"https:\/\/eldigitaldeasturias.com\/magazine365\/wp-content\/uploads\/2015\/06\/magaluf.jpg\" \/>\n\t\t<script type=\"application\/ld+json\" class=\"aioseo-schema\">\n\t\t\t{\"@context\":\"https:\\\/\\\/schema.org\",\"@graph\":[{\"@type\":\"Article\",\"@id\":\"https:\\\/\\\/eldigitaldeasturias.com\\\/magazine365\\\/delegacion-del-gobierno-apuesta-por-la-colaboracion-policial-en-magaluf-y-playa-de-palma\\\/#article\",\"name\":\"Delegaci\\u00f3n del Gobierno apuesta por la colaboraci\\u00f3n policial en Magaluf y Playa de Palma | El Digital de Asturias\",\"headline\":\"Delegaci\\u00f3n del Gobierno apuesta por la colaboraci\\u00f3n policial en Magaluf y Playa de Palma\",\"author\":{\"@id\":\"https:\\\/\\\/eldigitaldeasturias.com\\\/magazine365\\\/author\\\/admin\\\/#author\"},\"publisher\":{\"@id\":\"https:\\\/\\\/eldigitaldeasturias.com\\\/magazine365\\\/#organization\"},\"image\":{\"@type\":\"ImageObject\",\"url\":\"https:\\\/\\\/eldigitaldeasturias.com\\\/magazine365\\\/wp-content\\\/uploads\\\/2015\\\/06\\\/magaluf.jpg\",\"width\":800,\"height\":535},\"datePublished\":\"2015-06-25T19:49:14+02:00\",\"dateModified\":\"2015-06-25T19:49:14+02:00\",\"inLanguage\":\"es-ES\",\"mainEntityOfPage\":{\"@id\":\"https:\\\/\\\/eldigitaldeasturias.com\\\/magazine365\\\/delegacion-del-gobierno-apuesta-por-la-colaboracion-policial-en-magaluf-y-playa-de-palma\\\/#webpage\"},\"isPartOf\":{\"@id\":\"https:\\\/\\\/eldigitaldeasturias.com\\\/magazine365\\\/delegacion-del-gobierno-apuesta-por-la-colaboracion-policial-en-magaluf-y-playa-de-palma\\\/#webpage\"},\"articleSection\":\"Actualidad Turismo\"},{\"@type\":\"BreadcrumbList\",\"@id\":\"https:\\\/\\\/eldigitaldeasturias.com\\\/magazine365\\\/delegacion-del-gobierno-apuesta-por-la-colaboracion-policial-en-magaluf-y-playa-de-palma\\\/#breadcrumblist\",\"itemListElement\":[{\"@type\":\"ListItem\",\"@id\":\"https:\\\/\\\/eldigitaldeasturias.com\\\/magazine365#listItem\",\"position\":1,\"name\":\"Home\",\"item\":\"https:\\\/\\\/eldigitaldeasturias.com\\\/magazine365\",\"nextItem\":{\"@type\":\"ListItem\",\"@id\":\"https:\\\/\\\/eldigitaldeasturias.com\\\/magazine365\\\/category\\\/actualidad-turismo\\\/#listItem\",\"name\":\"Actualidad Turismo\"}},{\"@type\":\"ListItem\",\"@id\":\"https:\\\/\\\/eldigitaldeasturias.com\\\/magazine365\\\/category\\\/actualidad-turismo\\\/#listItem\",\"position\":2,\"name\":\"Actualidad Turismo\",\"item\":\"https:\\\/\\\/eldigitaldeasturias.com\\\/magazine365\\\/category\\\/actualidad-turismo\\\/\",\"nextItem\":{\"@type\":\"ListItem\",\"@id\":\"https:\\\/\\\/eldigitaldeasturias.com\\\/magazine365\\\/delegacion-del-gobierno-apuesta-por-la-colaboracion-policial-en-magaluf-y-playa-de-palma\\\/#listItem\",\"name\":\"Delegaci\\u00f3n del Gobierno apuesta por la colaboraci\\u00f3n policial en Magaluf y Playa de Palma\"},\"previousItem\":{\"@type\":\"ListItem\",\"@id\":\"https:\\\/\\\/eldigitaldeasturias.com\\\/magazine365#listItem\",\"name\":\"Home\"}},{\"@type\":\"ListItem\",\"@id\":\"https:\\\/\\\/eldigitaldeasturias.com\\\/magazine365\\\/delegacion-del-gobierno-apuesta-por-la-colaboracion-policial-en-magaluf-y-playa-de-palma\\\/#listItem\",\"position\":3,\"name\":\"Delegaci\\u00f3n del Gobierno apuesta por la colaboraci\\u00f3n policial en Magaluf y Playa de Palma\",\"previousItem\":{\"@type\":\"ListItem\",\"@id\":\"https:\\\/\\\/eldigitaldeasturias.com\\\/magazine365\\\/category\\\/actualidad-turismo\\\/#listItem\",\"name\":\"Actualidad Turismo\"}}]},{\"@type\":\"Organization\",\"@id\":\"https:\\\/\\\/eldigitaldeasturias.com\\\/magazine365\\\/#organization\",\"name\":\"El digital de Asturias\",\"description\":\"Revista de ocio, turismo y estilo de vida\",\"url\":\"https:\\\/\\\/eldigitaldeasturias.com\\\/magazine365\\\/\",\"logo\":{\"@type\":\"ImageObject\",\"url\":\"https:\\\/\\\/www.eldigitaldeasturias.com\\\/noticias\\\/wp-content\\\/uploads\\\/2020\\\/12\\\/EDA.jpg\",\"@id\":\"https:\\\/\\\/eldigitaldeasturias.com\\\/magazine365\\\/delegacion-del-gobierno-apuesta-por-la-colaboracion-policial-en-magaluf-y-playa-de-palma\\\/#organizationLogo\"},\"image\":{\"@id\":\"https:\\\/\\\/eldigitaldeasturias.com\\\/magazine365\\\/delegacion-del-gobierno-apuesta-por-la-colaboracion-policial-en-magaluf-y-playa-de-palma\\\/#organizationLogo\"}},{\"@type\":\"Person\",\"@id\":\"https:\\\/\\\/eldigitaldeasturias.com\\\/magazine365\\\/author\\\/admin\\\/#author\",\"url\":\"https:\\\/\\\/eldigitaldeasturias.com\\\/magazine365\\\/author\\\/admin\\\/\",\"name\":\"admin\",\"image\":{\"@type\":\"ImageObject\",\"@id\":\"https:\\\/\\\/eldigitaldeasturias.com\\\/magazine365\\\/delegacion-del-gobierno-apuesta-por-la-colaboracion-policial-en-magaluf-y-playa-de-palma\\\/#authorImage\",\"url\":\"https:\\\/\\\/eldigitaldeasturias.com\\\/magazine365\\\/wp-content\\\/litespeed\\\/avatar\\\/e571bcf59a0edd6fa6838245a470f2fe.jpg?ver=1777574230\",\"width\":96,\"height\":96,\"caption\":\"admin\"}},{\"@type\":\"WebPage\",\"@id\":\"https:\\\/\\\/eldigitaldeasturias.com\\\/magazine365\\\/delegacion-del-gobierno-apuesta-por-la-colaboracion-policial-en-magaluf-y-playa-de-palma\\\/#webpage\",\"url\":\"https:\\\/\\\/eldigitaldeasturias.com\\\/magazine365\\\/delegacion-del-gobierno-apuesta-por-la-colaboracion-policial-en-magaluf-y-playa-de-palma\\\/\",\"name\":\"Delegaci\\u00f3n del Gobierno apuesta por la colaboraci\\u00f3n policial en Magaluf y Playa de Palma | El Digital de Asturias\",\"description\":\"La delegada del Gobierno en Baleares, Teresa Palmer, ha asegurado este jueves que apuesta por \\\"la continuidad y la colaboraci\\u00f3n policial\\\" en los destinos tur\\u00edsticos de Calvi\\u00e0 y Playa de Palma \\\"tras los buenos resultados obtenidos las \\u00faltimas temporadas\\\" en \\u00edndices de criminalidad. Palmer ha hecho estas declaraciones con motivo de las reuniones de este\",\"inLanguage\":\"es-ES\",\"isPartOf\":{\"@id\":\"https:\\\/\\\/eldigitaldeasturias.com\\\/magazine365\\\/#website\"},\"breadcrumb\":{\"@id\":\"https:\\\/\\\/eldigitaldeasturias.com\\\/magazine365\\\/delegacion-del-gobierno-apuesta-por-la-colaboracion-policial-en-magaluf-y-playa-de-palma\\\/#breadcrumblist\"},\"author\":{\"@id\":\"https:\\\/\\\/eldigitaldeasturias.com\\\/magazine365\\\/author\\\/admin\\\/#author\"},\"creator\":{\"@id\":\"https:\\\/\\\/eldigitaldeasturias.com\\\/magazine365\\\/author\\\/admin\\\/#author\"},\"image\":{\"@type\":\"ImageObject\",\"url\":\"https:\\\/\\\/eldigitaldeasturias.com\\\/magazine365\\\/wp-content\\\/uploads\\\/2015\\\/06\\\/magaluf.jpg\",\"@id\":\"https:\\\/\\\/eldigitaldeasturias.com\\\/magazine365\\\/delegacion-del-gobierno-apuesta-por-la-colaboracion-policial-en-magaluf-y-playa-de-palma\\\/#mainImage\",\"width\":800,\"height\":535},\"primaryImageOfPage\":{\"@id\":\"https:\\\/\\\/eldigitaldeasturias.com\\\/magazine365\\\/delegacion-del-gobierno-apuesta-por-la-colaboracion-policial-en-magaluf-y-playa-de-palma\\\/#mainImage\"},\"datePublished\":\"2015-06-25T19:49:14+02:00\",\"dateModified\":\"2015-06-25T19:49:14+02:00\"},{\"@type\":\"WebSite\",\"@id\":\"https:\\\/\\\/eldigitaldeasturias.com\\\/magazine365\\\/#website\",\"url\":\"https:\\\/\\\/eldigitaldeasturias.com\\\/magazine365\\\/\",\"name\":\"El Digital de Asturias\",\"description\":\"Revista de ocio, turismo y estilo de vida\",\"inLanguage\":\"es-ES\",\"publisher\":{\"@id\":\"https:\\\/\\\/eldigitaldeasturias.com\\\/magazine365\\\/#organization\"}}]}\n\t\t<\/script>\n\t\t<!-- All in One SEO Pro -->\r\n\t\t<title>Delegaci\u00f3n del Gobierno apuesta por la colaboraci\u00f3n policial en Magaluf y Playa de Palma | El Digital de Asturias<\/title>\n\n","aioseo_head_json":{"title":"Delegaci\u00f3n del Gobierno apuesta por la colaboraci\u00f3n policial en Magaluf y Playa de Palma | El Digital de Asturias","description":"La delegada del Gobierno en Baleares, Teresa Palmer, ha asegurado este jueves que apuesta por \"la continuidad y la colaboraci\u00f3n policial\" en los destinos tur\u00edsticos de Calvi\u00e0 y Playa de Palma \"tras los buenos resultados obtenidos las \u00faltimas temporadas\" en \u00edndices de criminalidad. Palmer ha hecho estas declaraciones con motivo de las reuniones de este","canonical_url":"https:\/\/eldigitaldeasturias.com\/magazine365\/delegacion-del-gobierno-apuesta-por-la-colaboracion-policial-en-magaluf-y-playa-de-palma\/","robots":"max-image-preview:large","keywords":"actualidad turismo","webmasterTools":{"google-site-verification":"UA-38556648-1","miscellaneous":""},"schema":{"@context":"https:\/\/schema.org","@graph":[{"@type":"Article","@id":"https:\/\/eldigitaldeasturias.com\/magazine365\/delegacion-del-gobierno-apuesta-por-la-colaboracion-policial-en-magaluf-y-playa-de-palma\/#article","name":"Delegaci\u00f3n del Gobierno apuesta por la colaboraci\u00f3n policial en Magaluf y Playa de Palma | El Digital de Asturias","headline":"Delegaci\u00f3n del Gobierno apuesta por la colaboraci\u00f3n policial en Magaluf y Playa de Palma","author":{"@id":"https:\/\/eldigitaldeasturias.com\/magazine365\/author\/admin\/#author"},"publisher":{"@id":"https:\/\/eldigitaldeasturias.com\/magazine365\/#organization"},"image":{"@type":"ImageObject","url":"https:\/\/eldigitaldeasturias.com\/magazine365\/wp-content\/uploads\/2015\/06\/magaluf.jpg","width":800,"height":535},"datePublished":"2015-06-25T19:49:14+02:00","dateModified":"2015-06-25T19:49:14+02:00","inLanguage":"es-ES","mainEntityOfPage":{"@id":"https:\/\/eldigitaldeasturias.com\/magazine365\/delegacion-del-gobierno-apuesta-por-la-colaboracion-policial-en-magaluf-y-playa-de-palma\/#webpage"},"isPartOf":{"@id":"https:\/\/eldigitaldeasturias.com\/magazine365\/delegacion-del-gobierno-apuesta-por-la-colaboracion-policial-en-magaluf-y-playa-de-palma\/#webpage"},"articleSection":"Actualidad Turismo"},{"@type":"BreadcrumbList","@id":"https:\/\/eldigitaldeasturias.com\/magazine365\/delegacion-del-gobierno-apuesta-por-la-colaboracion-policial-en-magaluf-y-playa-de-palma\/#breadcrumblist","itemListElement":[{"@type":"ListItem","@id":"https:\/\/eldigitaldeasturias.com\/magazine365#listItem","position":1,"name":"Home","item":"https:\/\/eldigitaldeasturias.com\/magazine365","nextItem":{"@type":"ListItem","@id":"https:\/\/eldigitaldeasturias.com\/magazine365\/category\/actualidad-turismo\/#listItem","name":"Actualidad Turismo"}},{"@type":"ListItem","@id":"https:\/\/eldigitaldeasturias.com\/magazine365\/category\/actualidad-turismo\/#listItem","position":2,"name":"Actualidad Turismo","item":"https:\/\/eldigitaldeasturias.com\/magazine365\/category\/actualidad-turismo\/","nextItem":{"@type":"ListItem","@id":"https:\/\/eldigitaldeasturias.com\/magazine365\/delegacion-del-gobierno-apuesta-por-la-colaboracion-policial-en-magaluf-y-playa-de-palma\/#listItem","name":"Delegaci\u00f3n del Gobierno apuesta por la colaboraci\u00f3n policial en Magaluf y Playa de Palma"},"previousItem":{"@type":"ListItem","@id":"https:\/\/eldigitaldeasturias.com\/magazine365#listItem","name":"Home"}},{"@type":"ListItem","@id":"https:\/\/eldigitaldeasturias.com\/magazine365\/delegacion-del-gobierno-apuesta-por-la-colaboracion-policial-en-magaluf-y-playa-de-palma\/#listItem","position":3,"name":"Delegaci\u00f3n del Gobierno apuesta por la colaboraci\u00f3n policial en Magaluf y Playa de Palma","previousItem":{"@type":"ListItem","@id":"https:\/\/eldigitaldeasturias.com\/magazine365\/category\/actualidad-turismo\/#listItem","name":"Actualidad Turismo"}}]},{"@type":"Organization","@id":"https:\/\/eldigitaldeasturias.com\/magazine365\/#organization","name":"El digital de Asturias","description":"Revista de ocio, turismo y estilo de vida","url":"https:\/\/eldigitaldeasturias.com\/magazine365\/","logo":{"@type":"ImageObject","url":"https:\/\/www.eldigitaldeasturias.com\/noticias\/wp-content\/uploads\/2020\/12\/EDA.jpg","@id":"https:\/\/eldigitaldeasturias.com\/magazine365\/delegacion-del-gobierno-apuesta-por-la-colaboracion-policial-en-magaluf-y-playa-de-palma\/#organizationLogo"},"image":{"@id":"https:\/\/eldigitaldeasturias.com\/magazine365\/delegacion-del-gobierno-apuesta-por-la-colaboracion-policial-en-magaluf-y-playa-de-palma\/#organizationLogo"}},{"@type":"Person","@id":"https:\/\/eldigitaldeasturias.com\/magazine365\/author\/admin\/#author","url":"https:\/\/eldigitaldeasturias.com\/magazine365\/author\/admin\/","name":"admin","image":{"@type":"ImageObject","@id":"https:\/\/eldigitaldeasturias.com\/magazine365\/delegacion-del-gobierno-apuesta-por-la-colaboracion-policial-en-magaluf-y-playa-de-palma\/#authorImage","url":"https:\/\/eldigitaldeasturias.com\/magazine365\/wp-content\/litespeed\/avatar\/e571bcf59a0edd6fa6838245a470f2fe.jpg?ver=1777574230","width":96,"height":96,"caption":"admin"}},{"@type":"WebPage","@id":"https:\/\/eldigitaldeasturias.com\/magazine365\/delegacion-del-gobierno-apuesta-por-la-colaboracion-policial-en-magaluf-y-playa-de-palma\/#webpage","url":"https:\/\/eldigitaldeasturias.com\/magazine365\/delegacion-del-gobierno-apuesta-por-la-colaboracion-policial-en-magaluf-y-playa-de-palma\/","name":"Delegaci\u00f3n del Gobierno apuesta por la colaboraci\u00f3n policial en Magaluf y Playa de Palma | El Digital de Asturias","description":"La delegada del Gobierno en Baleares, Teresa Palmer, ha asegurado este jueves que apuesta por \"la continuidad y la colaboraci\u00f3n policial\" en los destinos tur\u00edsticos de Calvi\u00e0 y Playa de Palma \"tras los buenos resultados obtenidos las \u00faltimas temporadas\" en \u00edndices de criminalidad. Palmer ha hecho estas declaraciones con motivo de las reuniones de este","inLanguage":"es-ES","isPartOf":{"@id":"https:\/\/eldigitaldeasturias.com\/magazine365\/#website"},"breadcrumb":{"@id":"https:\/\/eldigitaldeasturias.com\/magazine365\/delegacion-del-gobierno-apuesta-por-la-colaboracion-policial-en-magaluf-y-playa-de-palma\/#breadcrumblist"},"author":{"@id":"https:\/\/eldigitaldeasturias.com\/magazine365\/author\/admin\/#author"},"creator":{"@id":"https:\/\/eldigitaldeasturias.com\/magazine365\/author\/admin\/#author"},"image":{"@type":"ImageObject","url":"https:\/\/eldigitaldeasturias.com\/magazine365\/wp-content\/uploads\/2015\/06\/magaluf.jpg","@id":"https:\/\/eldigitaldeasturias.com\/magazine365\/delegacion-del-gobierno-apuesta-por-la-colaboracion-policial-en-magaluf-y-playa-de-palma\/#mainImage","width":800,"height":535},"primaryImageOfPage":{"@id":"https:\/\/eldigitaldeasturias.com\/magazine365\/delegacion-del-gobierno-apuesta-por-la-colaboracion-policial-en-magaluf-y-playa-de-palma\/#mainImage"},"datePublished":"2015-06-25T19:49:14+02:00","dateModified":"2015-06-25T19:49:14+02:00"},{"@type":"WebSite","@id":"https:\/\/eldigitaldeasturias.com\/magazine365\/#website","url":"https:\/\/eldigitaldeasturias.com\/magazine365\/","name":"El Digital de Asturias","description":"Revista de ocio, turismo y estilo de vida","inLanguage":"es-ES","publisher":{"@id":"https:\/\/eldigitaldeasturias.com\/magazine365\/#organization"}}]},"og:locale":"es_ES","og:site_name":"El Digital de Asturias \u2013 Revista de ocio, turismo y estilo de vida","og:type":"article","og:title":"Delegaci\u00f3n del Gobierno apuesta por la colaboraci\u00f3n policial en Magaluf y Playa de Palma | El Digital de Asturias","og:description":"La delegada del Gobierno en Baleares, Teresa Palmer, ha asegurado este jueves que apuesta por &quot;la continuidad y la colaboraci\u00f3n policial&quot; en los destinos tur\u00edsticos de Calvi\u00e0 y Playa de Palma &quot;tras los buenos resultados obtenidos las \u00faltimas temporadas&quot; en \u00edndices de criminalidad. Palmer ha hecho estas declaraciones con motivo de las reuniones de este","og:url":"https:\/\/eldigitaldeasturias.com\/magazine365\/delegacion-del-gobierno-apuesta-por-la-colaboracion-policial-en-magaluf-y-playa-de-palma\/","og:image":"https:\/\/eldigitaldeasturias.com\/magazine365\/wp-content\/uploads\/2015\/06\/magaluf.jpg","og:image:secure_url":"https:\/\/eldigitaldeasturias.com\/magazine365\/wp-content\/uploads\/2015\/06\/magaluf.jpg","og:image:width":800,"og:image:height":535,"article:published_time":"2015-06-25T18:19:14+00:00","article:modified_time":"2015-06-25T18:19:14+00:00","twitter:card":"summary_large_image","twitter:title":"Delegaci\u00f3n del Gobierno apuesta por la colaboraci\u00f3n policial en Magaluf y Playa de Palma | El Digital de Asturias","twitter:description":"La delegada del Gobierno en Baleares, Teresa Palmer, ha asegurado este jueves que apuesta por &quot;la continuidad y la colaboraci\u00f3n policial&quot; en los destinos tur\u00edsticos de Calvi\u00e0 y Playa de Palma &quot;tras los buenos resultados obtenidos las \u00faltimas temporadas&quot; en \u00edndices de criminalidad. Palmer ha hecho estas declaraciones con motivo de las reuniones de este","twitter:image":"https:\/\/eldigitaldeasturias.com\/magazine365\/wp-content\/uploads\/2015\/06\/magaluf.jpg"},"aioseo_meta_data":{"post_id":"41018","title":null,"description":null,"keywords":null,"keyphrases":null,"primary_term":null,"canonical_url":null,"og_title":null,"og_description":null,"og_object_type":"default","og_image_type":"default","og_image_url":null,"og_image_width":null,"og_image_height":null,"og_image_custom_url":null,"og_image_custom_fields":null,"og_video":null,"og_custom_url":null,"og_article_section":null,"og_article_tags":null,"twitter_use_og":false,"twitter_card":"default","twitter_image_type":"default","twitter_image_url":null,"twitter_image_custom_url":null,"twitter_image_custom_fields":null,"twitter_title":null,"twitter_description":null,"schema":{"blockGraphs":[],"customGraphs":[],"default":{"data":{"Article":[],"Course":[],"Dataset":[],"FAQPage":[],"Movie":[],"Person":[],"Product":[],"ProductReview":[],"Car":[],"Recipe":[],"Service":[],"SoftwareApplication":[],"WebPage":[]},"graphName":"","isEnabled":true},"graphs":[],"defaultGraph":"","defaultPostTypeGraph":""},"schema_type":null,"schema_type_options":null,"pillar_content":false,"robots_default":true,"robots_noindex":false,"robots_noarchive":false,"robots_nosnippet":false,"robots_nofollow":false,"robots_noimageindex":false,"robots_noodp":false,"robots_notranslate":false,"robots_max_snippet":null,"robots_max_videopreview":null,"robots_max_imagepreview":"large","priority":null,"frequency":null,"location":null,"local_seo":null,"seo_analyzer_scan_date":"2025-09-19 14:49:30","breadcrumb_settings":null,"limit_modified_date":false,"open_ai":null,"ai":null,"created":"2021-03-09 02:20:43","updated":"2025-09-19 14:49:30"},"aioseo_breadcrumb":"<div class=\"aioseo-breadcrumbs\"><span class=\"aioseo-breadcrumb\">\n\t<a href=\"https:\/\/eldigitaldeasturias.com\/magazine365\" title=\"Home\">Home<\/a>\n<\/span><span class=\"aioseo-breadcrumb-separator\">\u2013<\/span><span class=\"aioseo-breadcrumb\">\n\t<a href=\"https:\/\/eldigitaldeasturias.com\/magazine365\/category\/actualidad-turismo\/\" title=\"Actualidad Turismo\">Actualidad Turismo<\/a>\n<\/span><span class=\"aioseo-breadcrumb-separator\">\u2013<\/span><span class=\"aioseo-breadcrumb\">\n\t<a href=\"https:\/\/eldigitaldeasturias.com\/magazine365\/delegacion-del-gobierno-apuesta-por-la-colaboracion-policial-en-magaluf-y-playa-de-palma\/\" title=\"Delegaci\u00f3n del Gobierno apuesta por la colaboraci\u00f3n policial en Magaluf y Playa de Palma\">Delegaci\u00f3n del Gobierno apuesta por la colaboraci\u00f3n policial en Magaluf y Playa de Palma<\/a>\n<\/span><\/div>","aioseo_breadcrumb_json":[{"label":"Home","link":"https:\/\/eldigitaldeasturias.com\/magazine365"},{"label":"Actualidad Turismo","link":"https:\/\/eldigitaldeasturias.com\/magazine365\/category\/actualidad-turismo\/"},{"label":"Delegaci\u00f3n del Gobierno apuesta por la colaboraci\u00f3n policial en Magaluf y Playa de Palma","link":"https:\/\/eldigitaldeasturias.com\/magazine365\/delegacion-del-gobierno-apuesta-por-la-colaboracion-policial-en-magaluf-y-playa-de-palma\/"}],"_links":{"self":[{"href":"https:\/\/eldigitaldeasturias.com\/magazine365\/wp-json\/wp\/v2\/posts\/41018","targetHints":{"allow":["GET"]}}],"collection":[{"href":"https:\/\/eldigitaldeasturias.com\/magazine365\/wp-json\/wp\/v2\/posts"}],"about":[{"href":"https:\/\/eldigitaldeasturias.com\/magazine365\/wp-json\/wp\/v2\/types\/post"}],"author":[{"embeddable":true,"href":"https:\/\/eldigitaldeasturias.com\/magazine365\/wp-json\/wp\/v2\/users\/1"}],"replies":[{"embeddable":true,"href":"https:\/\/eldigitaldeasturias.com\/magazine365\/wp-json\/wp\/v2\/comments?post=41018"}],"version-history":[{"count":0,"href":"https:\/\/eldigitaldeasturias.com\/magazine365\/wp-json\/wp\/v2\/posts\/41018\/revisions"}],"wp:featuredmedia":[{"embeddable":true,"href":"https:\/\/eldigitaldeasturias.com\/magazine365\/wp-json\/wp\/v2\/media\/41019"}],"wp:attachment":[{"href":"https:\/\/eldigitaldeasturias.com\/magazine365\/wp-json\/wp\/v2\/media?parent=41018"}],"wp:term":[{"taxonomy":"category","embeddable":true,"href":"https:\/\/eldigitaldeasturias.com\/magazine365\/wp-json\/wp\/v2\/categories?post=41018"},{"taxonomy":"post_tag","embeddable":true,"href":"https:\/\/eldigitaldeasturias.com\/magazine365\/wp-json\/wp\/v2\/tags?post=41018"}],"curies":[{"name":"wp","href":"https:\/\/api.w.org\/{rel}","templated":true}]}}