{"id":41012,"date":"2015-06-25T19:46:27","date_gmt":"2015-06-25T18:16:27","guid":{"rendered":"http:\/\/eldigitaldeasturias.com\/magazine365\/?p=41012"},"modified":"2015-06-25T19:46:27","modified_gmt":"2015-06-25T18:16:27","slug":"potenciar-el-turismo-cultural-gastronomico-y-de-autocaravanas-peticiones-del-sector-al-ayuntamiento-de-santander","status":"publish","type":"post","link":"https:\/\/eldigitaldeasturias.com\/magazine365\/potenciar-el-turismo-cultural-gastronomico-y-de-autocaravanas-peticiones-del-sector-al-ayuntamiento-de-santander\/","title":{"rendered":"Potenciar el turismo cultural, gastron\u00f3mico y de autocaravanas, peticiones del sector al Ayuntamiento de Santander"},"content":{"rendered":"<p><img fetchpriority=\"high\" decoding=\"async\" class=\"alignleft size-medium wp-image-41013\" src=\"https:\/\/eldigitaldeasturias.com\/magazine365\/wp-content\/uploads\/2015\/06\/fotonoticia_20150625144145_800-360x247.jpg\" alt=\"fotonoticia_20150625144145_800\" width=\"360\" height=\"247\" srcset=\"https:\/\/eldigitaldeasturias.com\/magazine365\/wp-content\/uploads\/2015\/06\/fotonoticia_20150625144145_800-360x247.jpg 360w, https:\/\/eldigitaldeasturias.com\/magazine365\/wp-content\/uploads\/2015\/06\/fotonoticia_20150625144145_800-650x446.jpg 650w, https:\/\/eldigitaldeasturias.com\/magazine365\/wp-content\/uploads\/2015\/06\/fotonoticia_20150625144145_800-768x527.jpg 768w, https:\/\/eldigitaldeasturias.com\/magazine365\/wp-content\/uploads\/2015\/06\/fotonoticia_20150625144145_800-150x103.jpg 150w, https:\/\/eldigitaldeasturias.com\/magazine365\/wp-content\/uploads\/2015\/06\/fotonoticia_20150625144145_800-450x309.jpg 450w, https:\/\/eldigitaldeasturias.com\/magazine365\/wp-content\/uploads\/2015\/06\/fotonoticia_20150625144145_800-100x70.jpg 100w, https:\/\/eldigitaldeasturias.com\/magazine365\/wp-content\/uploads\/2015\/06\/fotonoticia_20150625144145_800-218x150.jpg 218w, https:\/\/eldigitaldeasturias.com\/magazine365\/wp-content\/uploads\/2015\/06\/fotonoticia_20150625144145_800-696x478.jpg 696w, https:\/\/eldigitaldeasturias.com\/magazine365\/wp-content\/uploads\/2015\/06\/fotonoticia_20150625144145_800-612x420.jpg 612w, https:\/\/eldigitaldeasturias.com\/magazine365\/wp-content\/uploads\/2015\/06\/fotonoticia_20150625144145_800.jpg 800w\" sizes=\"(max-width: 360px) 100vw, 360px\" \/>Incrementar la capacidad de Santander de atraer turismo cultural, gastron\u00f3mico, deportivo y de autocaravanas son algunas de las principales peticiones que ha trasladado el propio sector tur\u00edstico al Ayuntamiento, a trav\u00e9s de las 43 propuestas que ha planteado el Consejo Asesor para el Plan de Actuaci\u00f3n Tur\u00edstica de la ciudad.<\/p>\n<p>La concejala de Turismo y Relaciones Institucionales, Gema Igual, ha mantenido este jueves el primer encuentro, en el arranque de esta legislatura, con los representantes de los hoteles de 3 a 5 estrellas de la ciudad, as\u00ed como con los integrantes del Consejo Asesor de Turismo, para avanzar en las \u00e1reas de trabajo a corto y medio plazo, en el marco del Plan de Actuaci\u00f3n Tur\u00edstica.<\/p>\n<p>\u00abEl Plan de Actuaci\u00f3n Tur\u00edstica es una herramienta fundamental para el desarrollo tur\u00edstico de la ciudad, que se ha basado en la participaci\u00f3n, puesto que no se ha puesto en marcha nada que no haya salido del Consejo Asesor\u00bb, ha subrayado.<\/p>\n<p>Igual ha explicado que los idiomas, la tecnolog\u00eda, la cultura, los encuentros profesionales, las rutas tem\u00e1ticas, el turismo institucional y las redes sociales son algunas de las l\u00edneas de actuaci\u00f3n prioritarias que el propio sector ha trasladado al Ayuntamiento.<\/p>\n<p>\u00abEntre los productos en alza, el sector ha determinado que la gastronom\u00eda, el turismo de congresos y la cultura son nuestros grandes potenciales, por lo que ya estamos trabajando en el pr\u00f3ximo lanzamiento de una aplicaci\u00f3n m\u00f3vil sobre la gastronom\u00eda de la ciudad, en breve presentaremos el II Plan de Actuaci\u00f3n de Congresos para el segundo semestre del a\u00f1o y vamos a reforzar el anillo cultural\u00bb, ha declarado la concejala.<\/p>\n<p>NUEVO LOGOTIPO Y ESLOGAN<\/p>\n<p>Igual ha adelantado que el Ayuntamiento ha adjudicado la creaci\u00f3n de la imagen de marca de la ciudad a la empresa PS Live, que ya est\u00e1 trabajando y posiblemente para la pr\u00f3xima edici\u00f3n de FITUR, en enero de 2016, Santander dispondr\u00e1 ya de un nuevo logotipo y eslogan para que, \u00abahora ya s\u00ed, pueda salir con fuerza para atraer turismo a la ciudad y pueda ser m\u00e1s competitiva\u00bb.<\/p>\n<p>Como nuevo nicho de mercado, Santander apostar\u00e1 por el turismo de autocaravanas, facilitando que, adem\u00e1s de pernoctar en los campings de la ciudad, puedan estar de paso y consumir en restaurantes y comercio.<\/p>\n<p>Igual ha apuntado que, en el campo de la formaci\u00f3n, informaci\u00f3n y excelencia, se ha puesto el foco en el refuerzo del conocimiento de idiomas, por lo que el Ayuntamiento y la Asociaci\u00f3n de Hosteler\u00eda han organizado conjuntamente cursos de iniciaci\u00f3n al ingl\u00e9s que han estado dirigidos tanto al personal de restaurantes y establecimientos hosteleros, como a los taxistas y al sector comercial.<\/p>\n<p>Otros de los aspectos por los que apuesta el sector son el refuerzo a los recursos tur\u00edsticos a trav\u00e9s de rutas tem\u00e1ticas que generen inter\u00e9s entre quienes visitan la ciudad o el impulso al turismo institucional, aprovechando el proceso de internacionalizaci\u00f3n de Santander para seguir invitando a profesionales e instituciones a que conozcan los proyectos en los que est\u00e1 inmersa la ciudad.<\/p>\n<p>Asimismo, se ha analizado el funcionamiento de los bonos deporte que hacen posible que, aunque no tengan gimnasio, ofrezcan a sus clientes la posibilidad de hacer deporte, por medio de acuerdos con los cinco principales centros deportivos de la ciudad.<\/p>\n<p>La responsable municipal de Turismo ha abogado por intercambiar experiencias entre los profesionales del sector y les ha informado, adem\u00e1s, de la apertura de una nueva l\u00ednea de ayudas, por valor de 50.000 euros, en la que a cada empresa, con un m\u00e1ximo de 2.500 euros, \u00abse le subvenciona hasta un 75% para que pueda traducir sus cartas, sus p\u00e1ginas web, pueda posicionarse con alguna campa\u00f1a de promoci\u00f3n y llegue a esos mercados a los que, muchas veces, no puede llegar\u00bb.<\/p>\n<p>\u00abCreemos que va a ser buen verano y con ilusi\u00f3n de seguir trabajando y de seguir llevando a la ciudad de Santander por el camino que lo llevamos haciendo\u00bb, ha concluido.<\/p>\n","protected":false},"excerpt":{"rendered":"<p>Incrementar la capacidad de Santander de atraer turismo cultural, gastron\u00f3mico, deportivo y de autocaravanas son algunas de las principales peticiones que ha trasladado el propio sector tur\u00edstico al Ayuntamiento, a trav\u00e9s de las 43 propuestas que ha planteado el Consejo Asesor para el Plan de Actuaci\u00f3n Tur\u00edstica de la ciudad. La concejala de Turismo y<\/p>\n","protected":false},"author":1,"featured_media":41013,"comment_status":"open","ping_status":"closed","sticky":false,"template":"","format":"standard","meta":{"footnotes":""},"categories":[222],"tags":[],"class_list":{"0":"post-41012","1":"post","2":"type-post","3":"status-publish","4":"format-standard","5":"has-post-thumbnail","7":"category-actualidad-turismo"},"aioseo_notices":[],"aioseo_head":"\n\t\t<!-- All in One SEO Pro 4.9.6.1 - aioseo.com -->\n\t<meta name=\"description\" content=\"Incrementar la capacidad de Santander de atraer turismo cultural, gastron\u00f3mico, deportivo y de autocaravanas son algunas de las principales peticiones que ha trasladado el propio sector tur\u00edstico al Ayuntamiento, a trav\u00e9s de las 43 propuestas que ha planteado el Consejo Asesor para el Plan de Actuaci\u00f3n Tur\u00edstica de la ciudad. La concejala de Turismo y\" \/>\n\t<meta name=\"robots\" content=\"max-image-preview:large\" \/>\n\t<meta name=\"author\" content=\"admin\"\/>\n\t<meta name=\"google-site-verification\" content=\"UA-38556648-1\" \/>\n\t<meta name=\"keywords\" content=\"actualidad turismo\" \/>\n\t<link rel=\"canonical\" href=\"https:\/\/eldigitaldeasturias.com\/magazine365\/potenciar-el-turismo-cultural-gastronomico-y-de-autocaravanas-peticiones-del-sector-al-ayuntamiento-de-santander\/\" \/>\n\t<meta name=\"generator\" content=\"All in One SEO Pro (AIOSEO) 4.9.6.1\" \/>\n\t\t<meta property=\"og:locale\" content=\"es_ES\" \/>\n\t\t<meta property=\"og:site_name\" content=\"El Digital de Asturias \u2013 Revista de ocio, turismo y estilo de vida\" \/>\n\t\t<meta property=\"og:type\" content=\"article\" \/>\n\t\t<meta property=\"og:title\" content=\"Potenciar el turismo cultural, gastron\u00f3mico y de autocaravanas, peticiones del sector al Ayuntamiento de Santander | El Digital de Asturias\" \/>\n\t\t<meta property=\"og:description\" content=\"Incrementar la capacidad de Santander de atraer turismo cultural, gastron\u00f3mico, deportivo y de autocaravanas son algunas de las principales peticiones que ha trasladado el propio sector tur\u00edstico al Ayuntamiento, a trav\u00e9s de las 43 propuestas que ha planteado el Consejo Asesor para el Plan de Actuaci\u00f3n Tur\u00edstica de la ciudad. La concejala de Turismo y\" \/>\n\t\t<meta property=\"og:url\" content=\"https:\/\/eldigitaldeasturias.com\/magazine365\/potenciar-el-turismo-cultural-gastronomico-y-de-autocaravanas-peticiones-del-sector-al-ayuntamiento-de-santander\/\" \/>\n\t\t<meta property=\"og:image\" content=\"https:\/\/eldigitaldeasturias.com\/magazine365\/wp-content\/uploads\/2015\/06\/fotonoticia_20150625144145_800.jpg\" \/>\n\t\t<meta property=\"og:image:secure_url\" content=\"https:\/\/eldigitaldeasturias.com\/magazine365\/wp-content\/uploads\/2015\/06\/fotonoticia_20150625144145_800.jpg\" \/>\n\t\t<meta property=\"og:image:width\" content=\"800\" \/>\n\t\t<meta property=\"og:image:height\" content=\"549\" \/>\n\t\t<meta property=\"article:published_time\" content=\"2015-06-25T18:16:27+00:00\" \/>\n\t\t<meta property=\"article:modified_time\" content=\"2015-06-25T18:16:27+00:00\" \/>\n\t\t<meta name=\"twitter:card\" content=\"summary_large_image\" \/>\n\t\t<meta name=\"twitter:title\" content=\"Potenciar el turismo cultural, gastron\u00f3mico y de autocaravanas, peticiones del sector al Ayuntamiento de Santander | El Digital de Asturias\" \/>\n\t\t<meta name=\"twitter:description\" content=\"Incrementar la capacidad de Santander de atraer turismo cultural, gastron\u00f3mico, deportivo y de autocaravanas son algunas de las principales peticiones que ha trasladado el propio sector tur\u00edstico al Ayuntamiento, a trav\u00e9s de las 43 propuestas que ha planteado el Consejo Asesor para el Plan de Actuaci\u00f3n Tur\u00edstica de la ciudad. La concejala de Turismo y\" \/>\n\t\t<meta name=\"twitter:image\" content=\"https:\/\/eldigitaldeasturias.com\/magazine365\/wp-content\/uploads\/2015\/06\/fotonoticia_20150625144145_800.jpg\" \/>\n\t\t<script type=\"application\/ld+json\" class=\"aioseo-schema\">\n\t\t\t{\"@context\":\"https:\\\/\\\/schema.org\",\"@graph\":[{\"@type\":\"Article\",\"@id\":\"https:\\\/\\\/eldigitaldeasturias.com\\\/magazine365\\\/potenciar-el-turismo-cultural-gastronomico-y-de-autocaravanas-peticiones-del-sector-al-ayuntamiento-de-santander\\\/#article\",\"name\":\"Potenciar el turismo cultural, gastron\\u00f3mico y de autocaravanas, peticiones del sector al Ayuntamiento de Santander | El Digital de Asturias\",\"headline\":\"Potenciar el turismo cultural, gastron\\u00f3mico y de autocaravanas, peticiones del sector al Ayuntamiento de Santander\",\"author\":{\"@id\":\"https:\\\/\\\/eldigitaldeasturias.com\\\/magazine365\\\/author\\\/admin\\\/#author\"},\"publisher\":{\"@id\":\"https:\\\/\\\/eldigitaldeasturias.com\\\/magazine365\\\/#organization\"},\"image\":{\"@type\":\"ImageObject\",\"url\":\"https:\\\/\\\/eldigitaldeasturias.com\\\/magazine365\\\/wp-content\\\/uploads\\\/2015\\\/06\\\/fotonoticia_20150625144145_800.jpg\",\"width\":800,\"height\":549},\"datePublished\":\"2015-06-25T19:46:27+02:00\",\"dateModified\":\"2015-06-25T19:46:27+02:00\",\"inLanguage\":\"es-ES\",\"mainEntityOfPage\":{\"@id\":\"https:\\\/\\\/eldigitaldeasturias.com\\\/magazine365\\\/potenciar-el-turismo-cultural-gastronomico-y-de-autocaravanas-peticiones-del-sector-al-ayuntamiento-de-santander\\\/#webpage\"},\"isPartOf\":{\"@id\":\"https:\\\/\\\/eldigitaldeasturias.com\\\/magazine365\\\/potenciar-el-turismo-cultural-gastronomico-y-de-autocaravanas-peticiones-del-sector-al-ayuntamiento-de-santander\\\/#webpage\"},\"articleSection\":\"Actualidad Turismo\"},{\"@type\":\"BreadcrumbList\",\"@id\":\"https:\\\/\\\/eldigitaldeasturias.com\\\/magazine365\\\/potenciar-el-turismo-cultural-gastronomico-y-de-autocaravanas-peticiones-del-sector-al-ayuntamiento-de-santander\\\/#breadcrumblist\",\"itemListElement\":[{\"@type\":\"ListItem\",\"@id\":\"https:\\\/\\\/eldigitaldeasturias.com\\\/magazine365#listItem\",\"position\":1,\"name\":\"Home\",\"item\":\"https:\\\/\\\/eldigitaldeasturias.com\\\/magazine365\",\"nextItem\":{\"@type\":\"ListItem\",\"@id\":\"https:\\\/\\\/eldigitaldeasturias.com\\\/magazine365\\\/category\\\/actualidad-turismo\\\/#listItem\",\"name\":\"Actualidad Turismo\"}},{\"@type\":\"ListItem\",\"@id\":\"https:\\\/\\\/eldigitaldeasturias.com\\\/magazine365\\\/category\\\/actualidad-turismo\\\/#listItem\",\"position\":2,\"name\":\"Actualidad Turismo\",\"item\":\"https:\\\/\\\/eldigitaldeasturias.com\\\/magazine365\\\/category\\\/actualidad-turismo\\\/\",\"nextItem\":{\"@type\":\"ListItem\",\"@id\":\"https:\\\/\\\/eldigitaldeasturias.com\\\/magazine365\\\/potenciar-el-turismo-cultural-gastronomico-y-de-autocaravanas-peticiones-del-sector-al-ayuntamiento-de-santander\\\/#listItem\",\"name\":\"Potenciar el turismo cultural, gastron\\u00f3mico y de autocaravanas, peticiones del sector al Ayuntamiento de Santander\"},\"previousItem\":{\"@type\":\"ListItem\",\"@id\":\"https:\\\/\\\/eldigitaldeasturias.com\\\/magazine365#listItem\",\"name\":\"Home\"}},{\"@type\":\"ListItem\",\"@id\":\"https:\\\/\\\/eldigitaldeasturias.com\\\/magazine365\\\/potenciar-el-turismo-cultural-gastronomico-y-de-autocaravanas-peticiones-del-sector-al-ayuntamiento-de-santander\\\/#listItem\",\"position\":3,\"name\":\"Potenciar el turismo cultural, gastron\\u00f3mico y de autocaravanas, peticiones del sector al Ayuntamiento de Santander\",\"previousItem\":{\"@type\":\"ListItem\",\"@id\":\"https:\\\/\\\/eldigitaldeasturias.com\\\/magazine365\\\/category\\\/actualidad-turismo\\\/#listItem\",\"name\":\"Actualidad Turismo\"}}]},{\"@type\":\"Organization\",\"@id\":\"https:\\\/\\\/eldigitaldeasturias.com\\\/magazine365\\\/#organization\",\"name\":\"El digital de Asturias\",\"description\":\"Revista de ocio, turismo y estilo de vida\",\"url\":\"https:\\\/\\\/eldigitaldeasturias.com\\\/magazine365\\\/\",\"logo\":{\"@type\":\"ImageObject\",\"url\":\"https:\\\/\\\/www.eldigitaldeasturias.com\\\/noticias\\\/wp-content\\\/uploads\\\/2020\\\/12\\\/EDA.jpg\",\"@id\":\"https:\\\/\\\/eldigitaldeasturias.com\\\/magazine365\\\/potenciar-el-turismo-cultural-gastronomico-y-de-autocaravanas-peticiones-del-sector-al-ayuntamiento-de-santander\\\/#organizationLogo\"},\"image\":{\"@id\":\"https:\\\/\\\/eldigitaldeasturias.com\\\/magazine365\\\/potenciar-el-turismo-cultural-gastronomico-y-de-autocaravanas-peticiones-del-sector-al-ayuntamiento-de-santander\\\/#organizationLogo\"}},{\"@type\":\"Person\",\"@id\":\"https:\\\/\\\/eldigitaldeasturias.com\\\/magazine365\\\/author\\\/admin\\\/#author\",\"url\":\"https:\\\/\\\/eldigitaldeasturias.com\\\/magazine365\\\/author\\\/admin\\\/\",\"name\":\"admin\",\"image\":{\"@type\":\"ImageObject\",\"@id\":\"https:\\\/\\\/eldigitaldeasturias.com\\\/magazine365\\\/potenciar-el-turismo-cultural-gastronomico-y-de-autocaravanas-peticiones-del-sector-al-ayuntamiento-de-santander\\\/#authorImage\",\"url\":\"https:\\\/\\\/eldigitaldeasturias.com\\\/magazine365\\\/wp-content\\\/litespeed\\\/avatar\\\/e571bcf59a0edd6fa6838245a470f2fe.jpg?ver=1777574230\",\"width\":96,\"height\":96,\"caption\":\"admin\"}},{\"@type\":\"WebPage\",\"@id\":\"https:\\\/\\\/eldigitaldeasturias.com\\\/magazine365\\\/potenciar-el-turismo-cultural-gastronomico-y-de-autocaravanas-peticiones-del-sector-al-ayuntamiento-de-santander\\\/#webpage\",\"url\":\"https:\\\/\\\/eldigitaldeasturias.com\\\/magazine365\\\/potenciar-el-turismo-cultural-gastronomico-y-de-autocaravanas-peticiones-del-sector-al-ayuntamiento-de-santander\\\/\",\"name\":\"Potenciar el turismo cultural, gastron\\u00f3mico y de autocaravanas, peticiones del sector al Ayuntamiento de Santander | El Digital de Asturias\",\"description\":\"Incrementar la capacidad de Santander de atraer turismo cultural, gastron\\u00f3mico, deportivo y de autocaravanas son algunas de las principales peticiones que ha trasladado el propio sector tur\\u00edstico al Ayuntamiento, a trav\\u00e9s de las 43 propuestas que ha planteado el Consejo Asesor para el Plan de Actuaci\\u00f3n Tur\\u00edstica de la ciudad. La concejala de Turismo y\",\"inLanguage\":\"es-ES\",\"isPartOf\":{\"@id\":\"https:\\\/\\\/eldigitaldeasturias.com\\\/magazine365\\\/#website\"},\"breadcrumb\":{\"@id\":\"https:\\\/\\\/eldigitaldeasturias.com\\\/magazine365\\\/potenciar-el-turismo-cultural-gastronomico-y-de-autocaravanas-peticiones-del-sector-al-ayuntamiento-de-santander\\\/#breadcrumblist\"},\"author\":{\"@id\":\"https:\\\/\\\/eldigitaldeasturias.com\\\/magazine365\\\/author\\\/admin\\\/#author\"},\"creator\":{\"@id\":\"https:\\\/\\\/eldigitaldeasturias.com\\\/magazine365\\\/author\\\/admin\\\/#author\"},\"image\":{\"@type\":\"ImageObject\",\"url\":\"https:\\\/\\\/eldigitaldeasturias.com\\\/magazine365\\\/wp-content\\\/uploads\\\/2015\\\/06\\\/fotonoticia_20150625144145_800.jpg\",\"@id\":\"https:\\\/\\\/eldigitaldeasturias.com\\\/magazine365\\\/potenciar-el-turismo-cultural-gastronomico-y-de-autocaravanas-peticiones-del-sector-al-ayuntamiento-de-santander\\\/#mainImage\",\"width\":800,\"height\":549},\"primaryImageOfPage\":{\"@id\":\"https:\\\/\\\/eldigitaldeasturias.com\\\/magazine365\\\/potenciar-el-turismo-cultural-gastronomico-y-de-autocaravanas-peticiones-del-sector-al-ayuntamiento-de-santander\\\/#mainImage\"},\"datePublished\":\"2015-06-25T19:46:27+02:00\",\"dateModified\":\"2015-06-25T19:46:27+02:00\"},{\"@type\":\"WebSite\",\"@id\":\"https:\\\/\\\/eldigitaldeasturias.com\\\/magazine365\\\/#website\",\"url\":\"https:\\\/\\\/eldigitaldeasturias.com\\\/magazine365\\\/\",\"name\":\"El Digital de Asturias\",\"description\":\"Revista de ocio, turismo y estilo de vida\",\"inLanguage\":\"es-ES\",\"publisher\":{\"@id\":\"https:\\\/\\\/eldigitaldeasturias.com\\\/magazine365\\\/#organization\"}}]}\n\t\t<\/script>\n\t\t<!-- All in One SEO Pro -->\r\n\t\t<title>Potenciar el turismo cultural, gastron\u00f3mico y de autocaravanas, peticiones del sector al Ayuntamiento de Santander | El Digital de Asturias<\/title>\n\n","aioseo_head_json":{"title":"Potenciar el turismo cultural, gastron\u00f3mico y de autocaravanas, peticiones del sector al Ayuntamiento de Santander | El Digital de Asturias","description":"Incrementar la capacidad de Santander de atraer turismo cultural, gastron\u00f3mico, deportivo y de autocaravanas son algunas de las principales peticiones que ha trasladado el propio sector tur\u00edstico al Ayuntamiento, a trav\u00e9s de las 43 propuestas que ha planteado el Consejo Asesor para el Plan de Actuaci\u00f3n Tur\u00edstica de la ciudad. La concejala de Turismo y","canonical_url":"https:\/\/eldigitaldeasturias.com\/magazine365\/potenciar-el-turismo-cultural-gastronomico-y-de-autocaravanas-peticiones-del-sector-al-ayuntamiento-de-santander\/","robots":"max-image-preview:large","keywords":"actualidad turismo","webmasterTools":{"google-site-verification":"UA-38556648-1","miscellaneous":""},"schema":{"@context":"https:\/\/schema.org","@graph":[{"@type":"Article","@id":"https:\/\/eldigitaldeasturias.com\/magazine365\/potenciar-el-turismo-cultural-gastronomico-y-de-autocaravanas-peticiones-del-sector-al-ayuntamiento-de-santander\/#article","name":"Potenciar el turismo cultural, gastron\u00f3mico y de autocaravanas, peticiones del sector al Ayuntamiento de Santander | El Digital de Asturias","headline":"Potenciar el turismo cultural, gastron\u00f3mico y de autocaravanas, peticiones del sector al Ayuntamiento de Santander","author":{"@id":"https:\/\/eldigitaldeasturias.com\/magazine365\/author\/admin\/#author"},"publisher":{"@id":"https:\/\/eldigitaldeasturias.com\/magazine365\/#organization"},"image":{"@type":"ImageObject","url":"https:\/\/eldigitaldeasturias.com\/magazine365\/wp-content\/uploads\/2015\/06\/fotonoticia_20150625144145_800.jpg","width":800,"height":549},"datePublished":"2015-06-25T19:46:27+02:00","dateModified":"2015-06-25T19:46:27+02:00","inLanguage":"es-ES","mainEntityOfPage":{"@id":"https:\/\/eldigitaldeasturias.com\/magazine365\/potenciar-el-turismo-cultural-gastronomico-y-de-autocaravanas-peticiones-del-sector-al-ayuntamiento-de-santander\/#webpage"},"isPartOf":{"@id":"https:\/\/eldigitaldeasturias.com\/magazine365\/potenciar-el-turismo-cultural-gastronomico-y-de-autocaravanas-peticiones-del-sector-al-ayuntamiento-de-santander\/#webpage"},"articleSection":"Actualidad Turismo"},{"@type":"BreadcrumbList","@id":"https:\/\/eldigitaldeasturias.com\/magazine365\/potenciar-el-turismo-cultural-gastronomico-y-de-autocaravanas-peticiones-del-sector-al-ayuntamiento-de-santander\/#breadcrumblist","itemListElement":[{"@type":"ListItem","@id":"https:\/\/eldigitaldeasturias.com\/magazine365#listItem","position":1,"name":"Home","item":"https:\/\/eldigitaldeasturias.com\/magazine365","nextItem":{"@type":"ListItem","@id":"https:\/\/eldigitaldeasturias.com\/magazine365\/category\/actualidad-turismo\/#listItem","name":"Actualidad Turismo"}},{"@type":"ListItem","@id":"https:\/\/eldigitaldeasturias.com\/magazine365\/category\/actualidad-turismo\/#listItem","position":2,"name":"Actualidad Turismo","item":"https:\/\/eldigitaldeasturias.com\/magazine365\/category\/actualidad-turismo\/","nextItem":{"@type":"ListItem","@id":"https:\/\/eldigitaldeasturias.com\/magazine365\/potenciar-el-turismo-cultural-gastronomico-y-de-autocaravanas-peticiones-del-sector-al-ayuntamiento-de-santander\/#listItem","name":"Potenciar el turismo cultural, gastron\u00f3mico y de autocaravanas, peticiones del sector al Ayuntamiento de Santander"},"previousItem":{"@type":"ListItem","@id":"https:\/\/eldigitaldeasturias.com\/magazine365#listItem","name":"Home"}},{"@type":"ListItem","@id":"https:\/\/eldigitaldeasturias.com\/magazine365\/potenciar-el-turismo-cultural-gastronomico-y-de-autocaravanas-peticiones-del-sector-al-ayuntamiento-de-santander\/#listItem","position":3,"name":"Potenciar el turismo cultural, gastron\u00f3mico y de autocaravanas, peticiones del sector al Ayuntamiento de Santander","previousItem":{"@type":"ListItem","@id":"https:\/\/eldigitaldeasturias.com\/magazine365\/category\/actualidad-turismo\/#listItem","name":"Actualidad Turismo"}}]},{"@type":"Organization","@id":"https:\/\/eldigitaldeasturias.com\/magazine365\/#organization","name":"El digital de Asturias","description":"Revista de ocio, turismo y estilo de vida","url":"https:\/\/eldigitaldeasturias.com\/magazine365\/","logo":{"@type":"ImageObject","url":"https:\/\/www.eldigitaldeasturias.com\/noticias\/wp-content\/uploads\/2020\/12\/EDA.jpg","@id":"https:\/\/eldigitaldeasturias.com\/magazine365\/potenciar-el-turismo-cultural-gastronomico-y-de-autocaravanas-peticiones-del-sector-al-ayuntamiento-de-santander\/#organizationLogo"},"image":{"@id":"https:\/\/eldigitaldeasturias.com\/magazine365\/potenciar-el-turismo-cultural-gastronomico-y-de-autocaravanas-peticiones-del-sector-al-ayuntamiento-de-santander\/#organizationLogo"}},{"@type":"Person","@id":"https:\/\/eldigitaldeasturias.com\/magazine365\/author\/admin\/#author","url":"https:\/\/eldigitaldeasturias.com\/magazine365\/author\/admin\/","name":"admin","image":{"@type":"ImageObject","@id":"https:\/\/eldigitaldeasturias.com\/magazine365\/potenciar-el-turismo-cultural-gastronomico-y-de-autocaravanas-peticiones-del-sector-al-ayuntamiento-de-santander\/#authorImage","url":"https:\/\/eldigitaldeasturias.com\/magazine365\/wp-content\/litespeed\/avatar\/e571bcf59a0edd6fa6838245a470f2fe.jpg?ver=1777574230","width":96,"height":96,"caption":"admin"}},{"@type":"WebPage","@id":"https:\/\/eldigitaldeasturias.com\/magazine365\/potenciar-el-turismo-cultural-gastronomico-y-de-autocaravanas-peticiones-del-sector-al-ayuntamiento-de-santander\/#webpage","url":"https:\/\/eldigitaldeasturias.com\/magazine365\/potenciar-el-turismo-cultural-gastronomico-y-de-autocaravanas-peticiones-del-sector-al-ayuntamiento-de-santander\/","name":"Potenciar el turismo cultural, gastron\u00f3mico y de autocaravanas, peticiones del sector al Ayuntamiento de Santander | El Digital de Asturias","description":"Incrementar la capacidad de Santander de atraer turismo cultural, gastron\u00f3mico, deportivo y de autocaravanas son algunas de las principales peticiones que ha trasladado el propio sector tur\u00edstico al Ayuntamiento, a trav\u00e9s de las 43 propuestas que ha planteado el Consejo Asesor para el Plan de Actuaci\u00f3n Tur\u00edstica de la ciudad. La concejala de Turismo y","inLanguage":"es-ES","isPartOf":{"@id":"https:\/\/eldigitaldeasturias.com\/magazine365\/#website"},"breadcrumb":{"@id":"https:\/\/eldigitaldeasturias.com\/magazine365\/potenciar-el-turismo-cultural-gastronomico-y-de-autocaravanas-peticiones-del-sector-al-ayuntamiento-de-santander\/#breadcrumblist"},"author":{"@id":"https:\/\/eldigitaldeasturias.com\/magazine365\/author\/admin\/#author"},"creator":{"@id":"https:\/\/eldigitaldeasturias.com\/magazine365\/author\/admin\/#author"},"image":{"@type":"ImageObject","url":"https:\/\/eldigitaldeasturias.com\/magazine365\/wp-content\/uploads\/2015\/06\/fotonoticia_20150625144145_800.jpg","@id":"https:\/\/eldigitaldeasturias.com\/magazine365\/potenciar-el-turismo-cultural-gastronomico-y-de-autocaravanas-peticiones-del-sector-al-ayuntamiento-de-santander\/#mainImage","width":800,"height":549},"primaryImageOfPage":{"@id":"https:\/\/eldigitaldeasturias.com\/magazine365\/potenciar-el-turismo-cultural-gastronomico-y-de-autocaravanas-peticiones-del-sector-al-ayuntamiento-de-santander\/#mainImage"},"datePublished":"2015-06-25T19:46:27+02:00","dateModified":"2015-06-25T19:46:27+02:00"},{"@type":"WebSite","@id":"https:\/\/eldigitaldeasturias.com\/magazine365\/#website","url":"https:\/\/eldigitaldeasturias.com\/magazine365\/","name":"El Digital de Asturias","description":"Revista de ocio, turismo y estilo de vida","inLanguage":"es-ES","publisher":{"@id":"https:\/\/eldigitaldeasturias.com\/magazine365\/#organization"}}]},"og:locale":"es_ES","og:site_name":"El Digital de Asturias \u2013 Revista de ocio, turismo y estilo de vida","og:type":"article","og:title":"Potenciar el turismo cultural, gastron\u00f3mico y de autocaravanas, peticiones del sector al Ayuntamiento de Santander | El Digital de Asturias","og:description":"Incrementar la capacidad de Santander de atraer turismo cultural, gastron\u00f3mico, deportivo y de autocaravanas son algunas de las principales peticiones que ha trasladado el propio sector tur\u00edstico al Ayuntamiento, a trav\u00e9s de las 43 propuestas que ha planteado el Consejo Asesor para el Plan de Actuaci\u00f3n Tur\u00edstica de la ciudad. La concejala de Turismo y","og:url":"https:\/\/eldigitaldeasturias.com\/magazine365\/potenciar-el-turismo-cultural-gastronomico-y-de-autocaravanas-peticiones-del-sector-al-ayuntamiento-de-santander\/","og:image":"https:\/\/eldigitaldeasturias.com\/magazine365\/wp-content\/uploads\/2015\/06\/fotonoticia_20150625144145_800.jpg","og:image:secure_url":"https:\/\/eldigitaldeasturias.com\/magazine365\/wp-content\/uploads\/2015\/06\/fotonoticia_20150625144145_800.jpg","og:image:width":800,"og:image:height":549,"article:published_time":"2015-06-25T18:16:27+00:00","article:modified_time":"2015-06-25T18:16:27+00:00","twitter:card":"summary_large_image","twitter:title":"Potenciar el turismo cultural, gastron\u00f3mico y de autocaravanas, peticiones del sector al Ayuntamiento de Santander | El Digital de Asturias","twitter:description":"Incrementar la capacidad de Santander de atraer turismo cultural, gastron\u00f3mico, deportivo y de autocaravanas son algunas de las principales peticiones que ha trasladado el propio sector tur\u00edstico al Ayuntamiento, a trav\u00e9s de las 43 propuestas que ha planteado el Consejo Asesor para el Plan de Actuaci\u00f3n Tur\u00edstica de la ciudad. La concejala de Turismo y","twitter:image":"https:\/\/eldigitaldeasturias.com\/magazine365\/wp-content\/uploads\/2015\/06\/fotonoticia_20150625144145_800.jpg"},"aioseo_meta_data":{"post_id":"41012","title":null,"description":null,"keywords":null,"keyphrases":null,"primary_term":null,"canonical_url":null,"og_title":null,"og_description":null,"og_object_type":"default","og_image_type":"default","og_image_url":null,"og_image_width":null,"og_image_height":null,"og_image_custom_url":null,"og_image_custom_fields":null,"og_video":null,"og_custom_url":null,"og_article_section":null,"og_article_tags":null,"twitter_use_og":false,"twitter_card":"default","twitter_image_type":"default","twitter_image_url":null,"twitter_image_custom_url":null,"twitter_image_custom_fields":null,"twitter_title":null,"twitter_description":null,"schema":{"blockGraphs":[],"customGraphs":[],"default":{"data":{"Article":[],"Course":[],"Dataset":[],"FAQPage":[],"Movie":[],"Person":[],"Product":[],"ProductReview":[],"Car":[],"Recipe":[],"Service":[],"SoftwareApplication":[],"WebPage":[]},"graphName":"","isEnabled":true},"graphs":[]},"schema_type":null,"schema_type_options":null,"pillar_content":false,"robots_default":true,"robots_noindex":false,"robots_noarchive":false,"robots_nosnippet":false,"robots_nofollow":false,"robots_noimageindex":false,"robots_noodp":false,"robots_notranslate":false,"robots_max_snippet":null,"robots_max_videopreview":null,"robots_max_imagepreview":"large","priority":null,"frequency":null,"location":null,"local_seo":null,"seo_analyzer_scan_date":"2025-09-19 14:49:27","breadcrumb_settings":null,"limit_modified_date":false,"open_ai":null,"ai":null,"created":"2021-03-09 02:20:43","updated":"2025-09-19 14:49:27"},"aioseo_breadcrumb":"<div class=\"aioseo-breadcrumbs\"><span class=\"aioseo-breadcrumb\">\n\t<a href=\"https:\/\/eldigitaldeasturias.com\/magazine365\" title=\"Home\">Home<\/a>\n<\/span><span class=\"aioseo-breadcrumb-separator\">\u2013<\/span><span class=\"aioseo-breadcrumb\">\n\t<a href=\"https:\/\/eldigitaldeasturias.com\/magazine365\/category\/actualidad-turismo\/\" title=\"Actualidad Turismo\">Actualidad Turismo<\/a>\n<\/span><span class=\"aioseo-breadcrumb-separator\">\u2013<\/span><span class=\"aioseo-breadcrumb\">\n\t<a href=\"https:\/\/eldigitaldeasturias.com\/magazine365\/potenciar-el-turismo-cultural-gastronomico-y-de-autocaravanas-peticiones-del-sector-al-ayuntamiento-de-santander\/\" title=\"Potenciar el turismo cultural, gastron\u00f3mico y de autocaravanas, peticiones del sector al Ayuntamiento de Santander\">Potenciar el turismo cultural, gastron\u00f3mico y de autocaravanas, peticiones del sector al Ayuntamiento de Santander<\/a>\n<\/span><\/div>","aioseo_breadcrumb_json":[{"label":"Home","link":"https:\/\/eldigitaldeasturias.com\/magazine365"},{"label":"Actualidad Turismo","link":"https:\/\/eldigitaldeasturias.com\/magazine365\/category\/actualidad-turismo\/"},{"label":"Potenciar el turismo cultural, gastron\u00f3mico y de autocaravanas, peticiones del sector al Ayuntamiento de Santander","link":"https:\/\/eldigitaldeasturias.com\/magazine365\/potenciar-el-turismo-cultural-gastronomico-y-de-autocaravanas-peticiones-del-sector-al-ayuntamiento-de-santander\/"}],"_links":{"self":[{"href":"https:\/\/eldigitaldeasturias.com\/magazine365\/wp-json\/wp\/v2\/posts\/41012","targetHints":{"allow":["GET"]}}],"collection":[{"href":"https:\/\/eldigitaldeasturias.com\/magazine365\/wp-json\/wp\/v2\/posts"}],"about":[{"href":"https:\/\/eldigitaldeasturias.com\/magazine365\/wp-json\/wp\/v2\/types\/post"}],"author":[{"embeddable":true,"href":"https:\/\/eldigitaldeasturias.com\/magazine365\/wp-json\/wp\/v2\/users\/1"}],"replies":[{"embeddable":true,"href":"https:\/\/eldigitaldeasturias.com\/magazine365\/wp-json\/wp\/v2\/comments?post=41012"}],"version-history":[{"count":0,"href":"https:\/\/eldigitaldeasturias.com\/magazine365\/wp-json\/wp\/v2\/posts\/41012\/revisions"}],"wp:featuredmedia":[{"embeddable":true,"href":"https:\/\/eldigitaldeasturias.com\/magazine365\/wp-json\/wp\/v2\/media\/41013"}],"wp:attachment":[{"href":"https:\/\/eldigitaldeasturias.com\/magazine365\/wp-json\/wp\/v2\/media?parent=41012"}],"wp:term":[{"taxonomy":"category","embeddable":true,"href":"https:\/\/eldigitaldeasturias.com\/magazine365\/wp-json\/wp\/v2\/categories?post=41012"},{"taxonomy":"post_tag","embeddable":true,"href":"https:\/\/eldigitaldeasturias.com\/magazine365\/wp-json\/wp\/v2\/tags?post=41012"}],"curies":[{"name":"wp","href":"https:\/\/api.w.org\/{rel}","templated":true}]}}