{"id":40992,"date":"2015-06-25T19:26:14","date_gmt":"2015-06-25T17:56:14","guid":{"rendered":"http:\/\/eldigitaldeasturias.com\/magazine365\/?p=40992"},"modified":"2015-06-25T19:26:14","modified_gmt":"2015-06-25T17:56:14","slug":"el-aeropuerto-de-asturias-baja-hasta-un-36-sus-tarifas-de-parking-de-larga-estancia","status":"publish","type":"post","link":"https:\/\/eldigitaldeasturias.com\/magazine365\/el-aeropuerto-de-asturias-baja-hasta-un-36-sus-tarifas-de-parking-de-larga-estancia\/","title":{"rendered":"El Aeropuerto de Asturias baja hasta un 36% sus tarifas de parking de larga estancia"},"content":{"rendered":"<p><img fetchpriority=\"high\" decoding=\"async\" class=\"alignleft size-medium wp-image-40993\" src=\"https:\/\/eldigitaldeasturias.com\/magazine365\/wp-content\/uploads\/2015\/06\/fotonoticia_20150625141210_800-201x300.jpg\" alt=\"fotonoticia_20150625141210_800\" width=\"201\" height=\"300\" srcset=\"https:\/\/eldigitaldeasturias.com\/magazine365\/wp-content\/uploads\/2015\/06\/fotonoticia_20150625141210_800-201x300.jpg 201w, https:\/\/eldigitaldeasturias.com\/magazine365\/wp-content\/uploads\/2015\/06\/fotonoticia_20150625141210_800-428x640.jpg 428w, https:\/\/eldigitaldeasturias.com\/magazine365\/wp-content\/uploads\/2015\/06\/fotonoticia_20150625141210_800-768x1147.jpg 768w, https:\/\/eldigitaldeasturias.com\/magazine365\/wp-content\/uploads\/2015\/06\/fotonoticia_20150625141210_800-150x224.jpg 150w, https:\/\/eldigitaldeasturias.com\/magazine365\/wp-content\/uploads\/2015\/06\/fotonoticia_20150625141210_800-450x672.jpg 450w, https:\/\/eldigitaldeasturias.com\/magazine365\/wp-content\/uploads\/2015\/06\/fotonoticia_20150625141210_800-696x1040.jpg 696w, https:\/\/eldigitaldeasturias.com\/magazine365\/wp-content\/uploads\/2015\/06\/fotonoticia_20150625141210_800-281x420.jpg 281w, https:\/\/eldigitaldeasturias.com\/magazine365\/wp-content\/uploads\/2015\/06\/fotonoticia_20150625141210_800.jpg 800w\" sizes=\"(max-width: 201px) 100vw, 201px\" \/>El Aeropuerto de Asturias ha comunicado este jueves la bajada de sus tarifas de parking de larga estancia hasta un 36 por ciento para las reservas hechas con antelaci\u00f3n.<\/p>\n<p>Seg\u00fan han detallado en una nota desde Aena Asturias, la estancia de tres d\u00edas pasa a costar 26 euros y 32 por cuatro d\u00edas. Las nuevas tarifas se ponen en marcha coincidiendo con la operaci\u00f3n salida de las vacaciones y para poder acceder a ella hay que reservar con un m\u00ednimo de tres horas de antelaci\u00f3n.<\/p>\n<p>La oferta esta destinada a aquellas personas que necesiten dejar el coche un m\u00ednimo de tres d\u00edas. A partir del tercer d\u00eda, siempre que se reserve con antelaci\u00f3n, el usuario pagara un 30,67 % menos, es decir 26 euros por tres d\u00edas frente a los 37,50 que costaba hasta ahora.<\/p>\n<p>Los descuentos van en incremento y por ejemplo para estancias de cuatro d\u00edas la rebaja es del 36 % pasando de 50 a 32 euros. Las reservas pueden hacerse v\u00eda online, a trav\u00e9s de la aplicaci\u00f3n que Aena ha puesto en servicio en el enlace &#8216;www.aenaparking.com&#8217; o bien en el tel\u00e9fono 902 40 47 04.<\/p>\n","protected":false},"excerpt":{"rendered":"<p>El Aeropuerto de Asturias ha comunicado este jueves la bajada de sus tarifas de parking de larga estancia hasta un 36 por ciento para las reservas hechas con antelaci\u00f3n. Seg\u00fan han detallado en una nota desde Aena Asturias, la estancia de tres d\u00edas pasa a costar 26 euros y 32 por cuatro d\u00edas. Las nuevas<\/p>\n","protected":false},"author":1,"featured_media":40993,"comment_status":"open","ping_status":"closed","sticky":false,"template":"","format":"standard","meta":{"footnotes":""},"categories":[224],"tags":[],"class_list":{"0":"post-40992","1":"post","2":"type-post","3":"status-publish","4":"format-standard","5":"has-post-thumbnail","7":"category-noticias-actualidad"},"aioseo_notices":[],"aioseo_head":"\n\t\t<!-- All in One SEO Pro 4.9.6.1 - aioseo.com -->\n\t<meta name=\"description\" content=\"El Aeropuerto de Asturias ha comunicado este jueves la bajada de sus tarifas de parking de larga estancia hasta un 36 por ciento para las reservas hechas con antelaci\u00f3n. Seg\u00fan han detallado en una nota desde Aena Asturias, la estancia de tres d\u00edas pasa a costar 26 euros y 32 por cuatro d\u00edas. Las nuevas\" \/>\n\t<meta name=\"robots\" content=\"max-image-preview:large\" \/>\n\t<meta name=\"author\" content=\"admin\"\/>\n\t<meta name=\"google-site-verification\" content=\"UA-38556648-1\" \/>\n\t<meta name=\"keywords\" content=\"noticias y actualidad\" \/>\n\t<link rel=\"canonical\" href=\"https:\/\/eldigitaldeasturias.com\/magazine365\/el-aeropuerto-de-asturias-baja-hasta-un-36-sus-tarifas-de-parking-de-larga-estancia\/\" \/>\n\t<meta name=\"generator\" content=\"All in One SEO Pro (AIOSEO) 4.9.6.1\" \/>\n\t\t<meta property=\"og:locale\" content=\"es_ES\" \/>\n\t\t<meta property=\"og:site_name\" content=\"El Digital de Asturias \u2013 Revista de ocio, turismo y estilo de vida\" \/>\n\t\t<meta property=\"og:type\" content=\"article\" \/>\n\t\t<meta property=\"og:title\" content=\"El Aeropuerto de Asturias baja hasta un 36% sus tarifas de parking de larga estancia | El Digital de Asturias\" \/>\n\t\t<meta property=\"og:description\" content=\"El Aeropuerto de Asturias ha comunicado este jueves la bajada de sus tarifas de parking de larga estancia hasta un 36 por ciento para las reservas hechas con antelaci\u00f3n. Seg\u00fan han detallado en una nota desde Aena Asturias, la estancia de tres d\u00edas pasa a costar 26 euros y 32 por cuatro d\u00edas. Las nuevas\" \/>\n\t\t<meta property=\"og:url\" content=\"https:\/\/eldigitaldeasturias.com\/magazine365\/el-aeropuerto-de-asturias-baja-hasta-un-36-sus-tarifas-de-parking-de-larga-estancia\/\" \/>\n\t\t<meta property=\"og:image\" content=\"https:\/\/eldigitaldeasturias.com\/magazine365\/wp-content\/uploads\/2015\/06\/fotonoticia_20150625141210_800.jpg\" \/>\n\t\t<meta property=\"og:image:secure_url\" content=\"https:\/\/eldigitaldeasturias.com\/magazine365\/wp-content\/uploads\/2015\/06\/fotonoticia_20150625141210_800.jpg\" \/>\n\t\t<meta property=\"og:image:width\" content=\"800\" \/>\n\t\t<meta property=\"og:image:height\" content=\"1195\" \/>\n\t\t<meta property=\"article:published_time\" content=\"2015-06-25T17:56:14+00:00\" \/>\n\t\t<meta property=\"article:modified_time\" content=\"2015-06-25T17:56:14+00:00\" \/>\n\t\t<meta name=\"twitter:card\" content=\"summary_large_image\" \/>\n\t\t<meta name=\"twitter:title\" content=\"El Aeropuerto de Asturias baja hasta un 36% sus tarifas de parking de larga estancia | El Digital de Asturias\" \/>\n\t\t<meta name=\"twitter:description\" content=\"El Aeropuerto de Asturias ha comunicado este jueves la bajada de sus tarifas de parking de larga estancia hasta un 36 por ciento para las reservas hechas con antelaci\u00f3n. Seg\u00fan han detallado en una nota desde Aena Asturias, la estancia de tres d\u00edas pasa a costar 26 euros y 32 por cuatro d\u00edas. Las nuevas\" \/>\n\t\t<meta name=\"twitter:image\" content=\"https:\/\/eldigitaldeasturias.com\/magazine365\/wp-content\/uploads\/2015\/06\/fotonoticia_20150625141210_800.jpg\" \/>\n\t\t<script type=\"application\/ld+json\" class=\"aioseo-schema\">\n\t\t\t{\"@context\":\"https:\\\/\\\/schema.org\",\"@graph\":[{\"@type\":\"Article\",\"@id\":\"https:\\\/\\\/eldigitaldeasturias.com\\\/magazine365\\\/el-aeropuerto-de-asturias-baja-hasta-un-36-sus-tarifas-de-parking-de-larga-estancia\\\/#article\",\"name\":\"El Aeropuerto de Asturias baja hasta un 36% sus tarifas de parking de larga estancia | El Digital de Asturias\",\"headline\":\"El Aeropuerto de Asturias baja hasta un 36% sus tarifas de parking de larga estancia\",\"author\":{\"@id\":\"https:\\\/\\\/eldigitaldeasturias.com\\\/magazine365\\\/author\\\/admin\\\/#author\"},\"publisher\":{\"@id\":\"https:\\\/\\\/eldigitaldeasturias.com\\\/magazine365\\\/#organization\"},\"image\":{\"@type\":\"ImageObject\",\"url\":\"https:\\\/\\\/eldigitaldeasturias.com\\\/magazine365\\\/wp-content\\\/uploads\\\/2015\\\/06\\\/fotonoticia_20150625141210_800.jpg\",\"width\":800,\"height\":1195},\"datePublished\":\"2015-06-25T19:26:14+02:00\",\"dateModified\":\"2015-06-25T19:26:14+02:00\",\"inLanguage\":\"es-ES\",\"mainEntityOfPage\":{\"@id\":\"https:\\\/\\\/eldigitaldeasturias.com\\\/magazine365\\\/el-aeropuerto-de-asturias-baja-hasta-un-36-sus-tarifas-de-parking-de-larga-estancia\\\/#webpage\"},\"isPartOf\":{\"@id\":\"https:\\\/\\\/eldigitaldeasturias.com\\\/magazine365\\\/el-aeropuerto-de-asturias-baja-hasta-un-36-sus-tarifas-de-parking-de-larga-estancia\\\/#webpage\"},\"articleSection\":\"Noticias y Actualidad\"},{\"@type\":\"BreadcrumbList\",\"@id\":\"https:\\\/\\\/eldigitaldeasturias.com\\\/magazine365\\\/el-aeropuerto-de-asturias-baja-hasta-un-36-sus-tarifas-de-parking-de-larga-estancia\\\/#breadcrumblist\",\"itemListElement\":[{\"@type\":\"ListItem\",\"@id\":\"https:\\\/\\\/eldigitaldeasturias.com\\\/magazine365#listItem\",\"position\":1,\"name\":\"Home\",\"item\":\"https:\\\/\\\/eldigitaldeasturias.com\\\/magazine365\",\"nextItem\":{\"@type\":\"ListItem\",\"@id\":\"https:\\\/\\\/eldigitaldeasturias.com\\\/magazine365\\\/category\\\/noticias-actualidad\\\/#listItem\",\"name\":\"Noticias y Actualidad\"}},{\"@type\":\"ListItem\",\"@id\":\"https:\\\/\\\/eldigitaldeasturias.com\\\/magazine365\\\/category\\\/noticias-actualidad\\\/#listItem\",\"position\":2,\"name\":\"Noticias y Actualidad\",\"item\":\"https:\\\/\\\/eldigitaldeasturias.com\\\/magazine365\\\/category\\\/noticias-actualidad\\\/\",\"nextItem\":{\"@type\":\"ListItem\",\"@id\":\"https:\\\/\\\/eldigitaldeasturias.com\\\/magazine365\\\/el-aeropuerto-de-asturias-baja-hasta-un-36-sus-tarifas-de-parking-de-larga-estancia\\\/#listItem\",\"name\":\"El Aeropuerto de Asturias baja hasta un 36% sus tarifas de parking de larga estancia\"},\"previousItem\":{\"@type\":\"ListItem\",\"@id\":\"https:\\\/\\\/eldigitaldeasturias.com\\\/magazine365#listItem\",\"name\":\"Home\"}},{\"@type\":\"ListItem\",\"@id\":\"https:\\\/\\\/eldigitaldeasturias.com\\\/magazine365\\\/el-aeropuerto-de-asturias-baja-hasta-un-36-sus-tarifas-de-parking-de-larga-estancia\\\/#listItem\",\"position\":3,\"name\":\"El Aeropuerto de Asturias baja hasta un 36% sus tarifas de parking de larga estancia\",\"previousItem\":{\"@type\":\"ListItem\",\"@id\":\"https:\\\/\\\/eldigitaldeasturias.com\\\/magazine365\\\/category\\\/noticias-actualidad\\\/#listItem\",\"name\":\"Noticias y Actualidad\"}}]},{\"@type\":\"Organization\",\"@id\":\"https:\\\/\\\/eldigitaldeasturias.com\\\/magazine365\\\/#organization\",\"name\":\"El digital de Asturias\",\"description\":\"Revista de ocio, turismo y estilo de vida\",\"url\":\"https:\\\/\\\/eldigitaldeasturias.com\\\/magazine365\\\/\",\"logo\":{\"@type\":\"ImageObject\",\"url\":\"https:\\\/\\\/www.eldigitaldeasturias.com\\\/noticias\\\/wp-content\\\/uploads\\\/2020\\\/12\\\/EDA.jpg\",\"@id\":\"https:\\\/\\\/eldigitaldeasturias.com\\\/magazine365\\\/el-aeropuerto-de-asturias-baja-hasta-un-36-sus-tarifas-de-parking-de-larga-estancia\\\/#organizationLogo\"},\"image\":{\"@id\":\"https:\\\/\\\/eldigitaldeasturias.com\\\/magazine365\\\/el-aeropuerto-de-asturias-baja-hasta-un-36-sus-tarifas-de-parking-de-larga-estancia\\\/#organizationLogo\"}},{\"@type\":\"Person\",\"@id\":\"https:\\\/\\\/eldigitaldeasturias.com\\\/magazine365\\\/author\\\/admin\\\/#author\",\"url\":\"https:\\\/\\\/eldigitaldeasturias.com\\\/magazine365\\\/author\\\/admin\\\/\",\"name\":\"admin\",\"image\":{\"@type\":\"ImageObject\",\"@id\":\"https:\\\/\\\/eldigitaldeasturias.com\\\/magazine365\\\/el-aeropuerto-de-asturias-baja-hasta-un-36-sus-tarifas-de-parking-de-larga-estancia\\\/#authorImage\",\"url\":\"https:\\\/\\\/eldigitaldeasturias.com\\\/magazine365\\\/wp-content\\\/litespeed\\\/avatar\\\/e571bcf59a0edd6fa6838245a470f2fe.jpg?ver=1777574230\",\"width\":96,\"height\":96,\"caption\":\"admin\"}},{\"@type\":\"WebPage\",\"@id\":\"https:\\\/\\\/eldigitaldeasturias.com\\\/magazine365\\\/el-aeropuerto-de-asturias-baja-hasta-un-36-sus-tarifas-de-parking-de-larga-estancia\\\/#webpage\",\"url\":\"https:\\\/\\\/eldigitaldeasturias.com\\\/magazine365\\\/el-aeropuerto-de-asturias-baja-hasta-un-36-sus-tarifas-de-parking-de-larga-estancia\\\/\",\"name\":\"El Aeropuerto de Asturias baja hasta un 36% sus tarifas de parking de larga estancia | El Digital de Asturias\",\"description\":\"El Aeropuerto de Asturias ha comunicado este jueves la bajada de sus tarifas de parking de larga estancia hasta un 36 por ciento para las reservas hechas con antelaci\\u00f3n. Seg\\u00fan han detallado en una nota desde Aena Asturias, la estancia de tres d\\u00edas pasa a costar 26 euros y 32 por cuatro d\\u00edas. Las nuevas\",\"inLanguage\":\"es-ES\",\"isPartOf\":{\"@id\":\"https:\\\/\\\/eldigitaldeasturias.com\\\/magazine365\\\/#website\"},\"breadcrumb\":{\"@id\":\"https:\\\/\\\/eldigitaldeasturias.com\\\/magazine365\\\/el-aeropuerto-de-asturias-baja-hasta-un-36-sus-tarifas-de-parking-de-larga-estancia\\\/#breadcrumblist\"},\"author\":{\"@id\":\"https:\\\/\\\/eldigitaldeasturias.com\\\/magazine365\\\/author\\\/admin\\\/#author\"},\"creator\":{\"@id\":\"https:\\\/\\\/eldigitaldeasturias.com\\\/magazine365\\\/author\\\/admin\\\/#author\"},\"image\":{\"@type\":\"ImageObject\",\"url\":\"https:\\\/\\\/eldigitaldeasturias.com\\\/magazine365\\\/wp-content\\\/uploads\\\/2015\\\/06\\\/fotonoticia_20150625141210_800.jpg\",\"@id\":\"https:\\\/\\\/eldigitaldeasturias.com\\\/magazine365\\\/el-aeropuerto-de-asturias-baja-hasta-un-36-sus-tarifas-de-parking-de-larga-estancia\\\/#mainImage\",\"width\":800,\"height\":1195},\"primaryImageOfPage\":{\"@id\":\"https:\\\/\\\/eldigitaldeasturias.com\\\/magazine365\\\/el-aeropuerto-de-asturias-baja-hasta-un-36-sus-tarifas-de-parking-de-larga-estancia\\\/#mainImage\"},\"datePublished\":\"2015-06-25T19:26:14+02:00\",\"dateModified\":\"2015-06-25T19:26:14+02:00\"},{\"@type\":\"WebSite\",\"@id\":\"https:\\\/\\\/eldigitaldeasturias.com\\\/magazine365\\\/#website\",\"url\":\"https:\\\/\\\/eldigitaldeasturias.com\\\/magazine365\\\/\",\"name\":\"El Digital de Asturias\",\"description\":\"Revista de ocio, turismo y estilo de vida\",\"inLanguage\":\"es-ES\",\"publisher\":{\"@id\":\"https:\\\/\\\/eldigitaldeasturias.com\\\/magazine365\\\/#organization\"}}]}\n\t\t<\/script>\n\t\t<!-- All in One SEO Pro -->\r\n\t\t<title>El Aeropuerto de Asturias baja hasta un 36% sus tarifas de parking de larga estancia | El Digital de Asturias<\/title>\n\n","aioseo_head_json":{"title":"El Aeropuerto de Asturias baja hasta un 36% sus tarifas de parking de larga estancia | El Digital de Asturias","description":"El Aeropuerto de Asturias ha comunicado este jueves la bajada de sus tarifas de parking de larga estancia hasta un 36 por ciento para las reservas hechas con antelaci\u00f3n. Seg\u00fan han detallado en una nota desde Aena Asturias, la estancia de tres d\u00edas pasa a costar 26 euros y 32 por cuatro d\u00edas. Las nuevas","canonical_url":"https:\/\/eldigitaldeasturias.com\/magazine365\/el-aeropuerto-de-asturias-baja-hasta-un-36-sus-tarifas-de-parking-de-larga-estancia\/","robots":"max-image-preview:large","keywords":"noticias y actualidad","webmasterTools":{"google-site-verification":"UA-38556648-1","miscellaneous":""},"schema":{"@context":"https:\/\/schema.org","@graph":[{"@type":"Article","@id":"https:\/\/eldigitaldeasturias.com\/magazine365\/el-aeropuerto-de-asturias-baja-hasta-un-36-sus-tarifas-de-parking-de-larga-estancia\/#article","name":"El Aeropuerto de Asturias baja hasta un 36% sus tarifas de parking de larga estancia | El Digital de Asturias","headline":"El Aeropuerto de Asturias baja hasta un 36% sus tarifas de parking de larga estancia","author":{"@id":"https:\/\/eldigitaldeasturias.com\/magazine365\/author\/admin\/#author"},"publisher":{"@id":"https:\/\/eldigitaldeasturias.com\/magazine365\/#organization"},"image":{"@type":"ImageObject","url":"https:\/\/eldigitaldeasturias.com\/magazine365\/wp-content\/uploads\/2015\/06\/fotonoticia_20150625141210_800.jpg","width":800,"height":1195},"datePublished":"2015-06-25T19:26:14+02:00","dateModified":"2015-06-25T19:26:14+02:00","inLanguage":"es-ES","mainEntityOfPage":{"@id":"https:\/\/eldigitaldeasturias.com\/magazine365\/el-aeropuerto-de-asturias-baja-hasta-un-36-sus-tarifas-de-parking-de-larga-estancia\/#webpage"},"isPartOf":{"@id":"https:\/\/eldigitaldeasturias.com\/magazine365\/el-aeropuerto-de-asturias-baja-hasta-un-36-sus-tarifas-de-parking-de-larga-estancia\/#webpage"},"articleSection":"Noticias y Actualidad"},{"@type":"BreadcrumbList","@id":"https:\/\/eldigitaldeasturias.com\/magazine365\/el-aeropuerto-de-asturias-baja-hasta-un-36-sus-tarifas-de-parking-de-larga-estancia\/#breadcrumblist","itemListElement":[{"@type":"ListItem","@id":"https:\/\/eldigitaldeasturias.com\/magazine365#listItem","position":1,"name":"Home","item":"https:\/\/eldigitaldeasturias.com\/magazine365","nextItem":{"@type":"ListItem","@id":"https:\/\/eldigitaldeasturias.com\/magazine365\/category\/noticias-actualidad\/#listItem","name":"Noticias y Actualidad"}},{"@type":"ListItem","@id":"https:\/\/eldigitaldeasturias.com\/magazine365\/category\/noticias-actualidad\/#listItem","position":2,"name":"Noticias y Actualidad","item":"https:\/\/eldigitaldeasturias.com\/magazine365\/category\/noticias-actualidad\/","nextItem":{"@type":"ListItem","@id":"https:\/\/eldigitaldeasturias.com\/magazine365\/el-aeropuerto-de-asturias-baja-hasta-un-36-sus-tarifas-de-parking-de-larga-estancia\/#listItem","name":"El Aeropuerto de Asturias baja hasta un 36% sus tarifas de parking de larga estancia"},"previousItem":{"@type":"ListItem","@id":"https:\/\/eldigitaldeasturias.com\/magazine365#listItem","name":"Home"}},{"@type":"ListItem","@id":"https:\/\/eldigitaldeasturias.com\/magazine365\/el-aeropuerto-de-asturias-baja-hasta-un-36-sus-tarifas-de-parking-de-larga-estancia\/#listItem","position":3,"name":"El Aeropuerto de Asturias baja hasta un 36% sus tarifas de parking de larga estancia","previousItem":{"@type":"ListItem","@id":"https:\/\/eldigitaldeasturias.com\/magazine365\/category\/noticias-actualidad\/#listItem","name":"Noticias y Actualidad"}}]},{"@type":"Organization","@id":"https:\/\/eldigitaldeasturias.com\/magazine365\/#organization","name":"El digital de Asturias","description":"Revista de ocio, turismo y estilo de vida","url":"https:\/\/eldigitaldeasturias.com\/magazine365\/","logo":{"@type":"ImageObject","url":"https:\/\/www.eldigitaldeasturias.com\/noticias\/wp-content\/uploads\/2020\/12\/EDA.jpg","@id":"https:\/\/eldigitaldeasturias.com\/magazine365\/el-aeropuerto-de-asturias-baja-hasta-un-36-sus-tarifas-de-parking-de-larga-estancia\/#organizationLogo"},"image":{"@id":"https:\/\/eldigitaldeasturias.com\/magazine365\/el-aeropuerto-de-asturias-baja-hasta-un-36-sus-tarifas-de-parking-de-larga-estancia\/#organizationLogo"}},{"@type":"Person","@id":"https:\/\/eldigitaldeasturias.com\/magazine365\/author\/admin\/#author","url":"https:\/\/eldigitaldeasturias.com\/magazine365\/author\/admin\/","name":"admin","image":{"@type":"ImageObject","@id":"https:\/\/eldigitaldeasturias.com\/magazine365\/el-aeropuerto-de-asturias-baja-hasta-un-36-sus-tarifas-de-parking-de-larga-estancia\/#authorImage","url":"https:\/\/eldigitaldeasturias.com\/magazine365\/wp-content\/litespeed\/avatar\/e571bcf59a0edd6fa6838245a470f2fe.jpg?ver=1777574230","width":96,"height":96,"caption":"admin"}},{"@type":"WebPage","@id":"https:\/\/eldigitaldeasturias.com\/magazine365\/el-aeropuerto-de-asturias-baja-hasta-un-36-sus-tarifas-de-parking-de-larga-estancia\/#webpage","url":"https:\/\/eldigitaldeasturias.com\/magazine365\/el-aeropuerto-de-asturias-baja-hasta-un-36-sus-tarifas-de-parking-de-larga-estancia\/","name":"El Aeropuerto de Asturias baja hasta un 36% sus tarifas de parking de larga estancia | El Digital de Asturias","description":"El Aeropuerto de Asturias ha comunicado este jueves la bajada de sus tarifas de parking de larga estancia hasta un 36 por ciento para las reservas hechas con antelaci\u00f3n. Seg\u00fan han detallado en una nota desde Aena Asturias, la estancia de tres d\u00edas pasa a costar 26 euros y 32 por cuatro d\u00edas. Las nuevas","inLanguage":"es-ES","isPartOf":{"@id":"https:\/\/eldigitaldeasturias.com\/magazine365\/#website"},"breadcrumb":{"@id":"https:\/\/eldigitaldeasturias.com\/magazine365\/el-aeropuerto-de-asturias-baja-hasta-un-36-sus-tarifas-de-parking-de-larga-estancia\/#breadcrumblist"},"author":{"@id":"https:\/\/eldigitaldeasturias.com\/magazine365\/author\/admin\/#author"},"creator":{"@id":"https:\/\/eldigitaldeasturias.com\/magazine365\/author\/admin\/#author"},"image":{"@type":"ImageObject","url":"https:\/\/eldigitaldeasturias.com\/magazine365\/wp-content\/uploads\/2015\/06\/fotonoticia_20150625141210_800.jpg","@id":"https:\/\/eldigitaldeasturias.com\/magazine365\/el-aeropuerto-de-asturias-baja-hasta-un-36-sus-tarifas-de-parking-de-larga-estancia\/#mainImage","width":800,"height":1195},"primaryImageOfPage":{"@id":"https:\/\/eldigitaldeasturias.com\/magazine365\/el-aeropuerto-de-asturias-baja-hasta-un-36-sus-tarifas-de-parking-de-larga-estancia\/#mainImage"},"datePublished":"2015-06-25T19:26:14+02:00","dateModified":"2015-06-25T19:26:14+02:00"},{"@type":"WebSite","@id":"https:\/\/eldigitaldeasturias.com\/magazine365\/#website","url":"https:\/\/eldigitaldeasturias.com\/magazine365\/","name":"El Digital de Asturias","description":"Revista de ocio, turismo y estilo de vida","inLanguage":"es-ES","publisher":{"@id":"https:\/\/eldigitaldeasturias.com\/magazine365\/#organization"}}]},"og:locale":"es_ES","og:site_name":"El Digital de Asturias \u2013 Revista de ocio, turismo y estilo de vida","og:type":"article","og:title":"El Aeropuerto de Asturias baja hasta un 36% sus tarifas de parking de larga estancia | El Digital de Asturias","og:description":"El Aeropuerto de Asturias ha comunicado este jueves la bajada de sus tarifas de parking de larga estancia hasta un 36 por ciento para las reservas hechas con antelaci\u00f3n. Seg\u00fan han detallado en una nota desde Aena Asturias, la estancia de tres d\u00edas pasa a costar 26 euros y 32 por cuatro d\u00edas. Las nuevas","og:url":"https:\/\/eldigitaldeasturias.com\/magazine365\/el-aeropuerto-de-asturias-baja-hasta-un-36-sus-tarifas-de-parking-de-larga-estancia\/","og:image":"https:\/\/eldigitaldeasturias.com\/magazine365\/wp-content\/uploads\/2015\/06\/fotonoticia_20150625141210_800.jpg","og:image:secure_url":"https:\/\/eldigitaldeasturias.com\/magazine365\/wp-content\/uploads\/2015\/06\/fotonoticia_20150625141210_800.jpg","og:image:width":800,"og:image:height":1195,"article:published_time":"2015-06-25T17:56:14+00:00","article:modified_time":"2015-06-25T17:56:14+00:00","twitter:card":"summary_large_image","twitter:title":"El Aeropuerto de Asturias baja hasta un 36% sus tarifas de parking de larga estancia | El Digital de Asturias","twitter:description":"El Aeropuerto de Asturias ha comunicado este jueves la bajada de sus tarifas de parking de larga estancia hasta un 36 por ciento para las reservas hechas con antelaci\u00f3n. Seg\u00fan han detallado en una nota desde Aena Asturias, la estancia de tres d\u00edas pasa a costar 26 euros y 32 por cuatro d\u00edas. Las nuevas","twitter:image":"https:\/\/eldigitaldeasturias.com\/magazine365\/wp-content\/uploads\/2015\/06\/fotonoticia_20150625141210_800.jpg"},"aioseo_meta_data":{"post_id":"40992","title":null,"description":null,"keywords":null,"keyphrases":null,"primary_term":null,"canonical_url":null,"og_title":null,"og_description":null,"og_object_type":"default","og_image_type":"default","og_image_url":null,"og_image_width":null,"og_image_height":null,"og_image_custom_url":null,"og_image_custom_fields":null,"og_video":null,"og_custom_url":null,"og_article_section":null,"og_article_tags":null,"twitter_use_og":false,"twitter_card":"default","twitter_image_type":"default","twitter_image_url":null,"twitter_image_custom_url":null,"twitter_image_custom_fields":null,"twitter_title":null,"twitter_description":null,"schema":{"blockGraphs":[],"customGraphs":[],"default":{"data":{"Article":[],"Course":[],"Dataset":[],"FAQPage":[],"Movie":[],"Person":[],"Product":[],"ProductReview":[],"Car":[],"Recipe":[],"Service":[],"SoftwareApplication":[],"WebPage":[]},"graphName":"","isEnabled":true},"graphs":[],"defaultGraph":"","defaultPostTypeGraph":""},"schema_type":null,"schema_type_options":null,"pillar_content":false,"robots_default":true,"robots_noindex":false,"robots_noarchive":false,"robots_nosnippet":false,"robots_nofollow":false,"robots_noimageindex":false,"robots_noodp":false,"robots_notranslate":false,"robots_max_snippet":null,"robots_max_videopreview":null,"robots_max_imagepreview":"large","priority":null,"frequency":null,"location":null,"local_seo":null,"seo_analyzer_scan_date":"2025-09-19 14:48:10","breadcrumb_settings":null,"limit_modified_date":false,"open_ai":null,"ai":null,"created":"2021-03-09 02:21:53","updated":"2025-09-19 14:48:10"},"aioseo_breadcrumb":"<div class=\"aioseo-breadcrumbs\"><span class=\"aioseo-breadcrumb\">\n\t<a href=\"https:\/\/eldigitaldeasturias.com\/magazine365\" title=\"Home\">Home<\/a>\n<\/span><span class=\"aioseo-breadcrumb-separator\">\u2013<\/span><span class=\"aioseo-breadcrumb\">\n\t<a href=\"https:\/\/eldigitaldeasturias.com\/magazine365\/category\/noticias-actualidad\/\" title=\"Noticias y Actualidad\">Noticias y Actualidad<\/a>\n<\/span><span class=\"aioseo-breadcrumb-separator\">\u2013<\/span><span class=\"aioseo-breadcrumb\">\n\t<a href=\"https:\/\/eldigitaldeasturias.com\/magazine365\/el-aeropuerto-de-asturias-baja-hasta-un-36-sus-tarifas-de-parking-de-larga-estancia\/\" title=\"El Aeropuerto de Asturias baja hasta un 36% sus tarifas de parking de larga estancia\">El Aeropuerto de Asturias baja hasta un 36% sus tarifas de parking de larga estancia<\/a>\n<\/span><\/div>","aioseo_breadcrumb_json":[{"label":"Home","link":"https:\/\/eldigitaldeasturias.com\/magazine365"},{"label":"Noticias y Actualidad","link":"https:\/\/eldigitaldeasturias.com\/magazine365\/category\/noticias-actualidad\/"},{"label":"El Aeropuerto de Asturias baja hasta un 36% sus tarifas de parking de larga estancia","link":"https:\/\/eldigitaldeasturias.com\/magazine365\/el-aeropuerto-de-asturias-baja-hasta-un-36-sus-tarifas-de-parking-de-larga-estancia\/"}],"_links":{"self":[{"href":"https:\/\/eldigitaldeasturias.com\/magazine365\/wp-json\/wp\/v2\/posts\/40992","targetHints":{"allow":["GET"]}}],"collection":[{"href":"https:\/\/eldigitaldeasturias.com\/magazine365\/wp-json\/wp\/v2\/posts"}],"about":[{"href":"https:\/\/eldigitaldeasturias.com\/magazine365\/wp-json\/wp\/v2\/types\/post"}],"author":[{"embeddable":true,"href":"https:\/\/eldigitaldeasturias.com\/magazine365\/wp-json\/wp\/v2\/users\/1"}],"replies":[{"embeddable":true,"href":"https:\/\/eldigitaldeasturias.com\/magazine365\/wp-json\/wp\/v2\/comments?post=40992"}],"version-history":[{"count":0,"href":"https:\/\/eldigitaldeasturias.com\/magazine365\/wp-json\/wp\/v2\/posts\/40992\/revisions"}],"wp:featuredmedia":[{"embeddable":true,"href":"https:\/\/eldigitaldeasturias.com\/magazine365\/wp-json\/wp\/v2\/media\/40993"}],"wp:attachment":[{"href":"https:\/\/eldigitaldeasturias.com\/magazine365\/wp-json\/wp\/v2\/media?parent=40992"}],"wp:term":[{"taxonomy":"category","embeddable":true,"href":"https:\/\/eldigitaldeasturias.com\/magazine365\/wp-json\/wp\/v2\/categories?post=40992"},{"taxonomy":"post_tag","embeddable":true,"href":"https:\/\/eldigitaldeasturias.com\/magazine365\/wp-json\/wp\/v2\/tags?post=40992"}],"curies":[{"name":"wp","href":"https:\/\/api.w.org\/{rel}","templated":true}]}}