{"id":40986,"date":"2015-06-25T19:23:56","date_gmt":"2015-06-25T17:53:56","guid":{"rendered":"http:\/\/eldigitaldeasturias.com\/magazine365\/?p=40986"},"modified":"2015-06-25T19:23:56","modified_gmt":"2015-06-25T17:53:56","slug":"pastor-cree-que-ha-llegado-el-momento-de-pensar-en-el-largo-plazo-y-en-un-ferrocarril-del-siglo-xxi","status":"publish","type":"post","link":"https:\/\/eldigitaldeasturias.com\/magazine365\/pastor-cree-que-ha-llegado-el-momento-de-pensar-en-el-largo-plazo-y-en-un-ferrocarril-del-siglo-xxi\/","title":{"rendered":"Pastor cree que \u00abha llegado el momento de pensar en el largo plazo\u00bb y en un ferrocarril del siglo XXI"},"content":{"rendered":"<p><img fetchpriority=\"high\" decoding=\"async\" class=\"alignleft size-medium wp-image-40987\" src=\"https:\/\/eldigitaldeasturias.com\/magazine365\/wp-content\/uploads\/2015\/06\/fotonoticia_20150625140315_800-360x240.jpg\" alt=\"fotonoticia_20150625140315_800\" width=\"360\" height=\"240\" srcset=\"https:\/\/eldigitaldeasturias.com\/magazine365\/wp-content\/uploads\/2015\/06\/fotonoticia_20150625140315_800-360x240.jpg 360w, https:\/\/eldigitaldeasturias.com\/magazine365\/wp-content\/uploads\/2015\/06\/fotonoticia_20150625140315_800-650x433.jpg 650w, https:\/\/eldigitaldeasturias.com\/magazine365\/wp-content\/uploads\/2015\/06\/fotonoticia_20150625140315_800-768x512.jpg 768w, https:\/\/eldigitaldeasturias.com\/magazine365\/wp-content\/uploads\/2015\/06\/fotonoticia_20150625140315_800-150x100.jpg 150w, https:\/\/eldigitaldeasturias.com\/magazine365\/wp-content\/uploads\/2015\/06\/fotonoticia_20150625140315_800-450x300.jpg 450w, https:\/\/eldigitaldeasturias.com\/magazine365\/wp-content\/uploads\/2015\/06\/fotonoticia_20150625140315_800-696x464.jpg 696w, https:\/\/eldigitaldeasturias.com\/magazine365\/wp-content\/uploads\/2015\/06\/fotonoticia_20150625140315_800-630x420.jpg 630w, https:\/\/eldigitaldeasturias.com\/magazine365\/wp-content\/uploads\/2015\/06\/fotonoticia_20150625140315_800-84x55.jpg 84w, https:\/\/eldigitaldeasturias.com\/magazine365\/wp-content\/uploads\/2015\/06\/fotonoticia_20150625140315_800.jpg 800w\" sizes=\"(max-width: 360px) 100vw, 360px\" \/>La ministra de Fomento, Ana Pastor, cree que \u00abha llegado el momento de pensar en el largo plazo\u00bb para el ferrocarril y defiende que su proyecto de ley del Sector Ferroviario permitir\u00e1 precisamente consolidar un \u00abgran sistema\u00bb y adaptarlo para el escenario del siglo XXI.<\/p>\n<p>As\u00ed se ha pronunciado durante su defensa de la norma ante el Pleno del Congreso, a la que el PSOE, la Izquierda Plural (IU-ICV-CHA), el PNV, ERC y BNG han presentado enmiendas de totalidad exigiendo la devoluci\u00f3n del texto al Gobierno.<\/p>\n<p>\u00abHa llegado el momento de consolidar lo logrado y de pensar en el largo plazo, en el ferrocarril del siglo XXI. Esta ley no es para la pr\u00f3xima legislatura, ni siquiera para los pr\u00f3ximos diez a\u00f1os, sino que deber\u00eda ser una ley con vocaci\u00f3n de permanencia orientada a definir el ferrocarril del futuro\u00bb, ha proclamado la ministra.<\/p>\n<p>Tras recordar la situaci\u00f3n de proyectos paralizados e situaci\u00f3n deficitaria de las cuentas de las empresas ferroviarias p\u00fablicas, Pastor ha enumerado las reformas aplicadas a lo largo de la legislatura y ha insistido en que la nueva norma \u00abbusca consolidar esas mejoras\u00bb, cuyos resultados son \u00abpositivos para el conjunto de la sociedad y prometedores de cara a la apertura de nuevas l\u00edneas prevista para los pr\u00f3ximos meses\u00bb.<\/p>\n<p>PLANIFICACI\u00d3N RIGUROSA Y APUESTA POR LA SEGURIDAD<\/p>\n<p>En este contexto, el Ministerio plantea un proyecto de ley cuyas principales novedades, seg\u00fan Pastor, son la nueva obligaci\u00f3n de planificar \u00abrigurosamente\u00bb las infraestructuras ferroviarias pensando en la \u00abeficiencia y en la sostenibilidad financiera, desde una perspectiva modal\u00bb, un nuevo sistema de c\u00e1nones que pretende \u00abincentivar el crecimiento del tr\u00e1fico maximizando el uso de las infraestructuras y garantizando los ingresos de las administraciones\u00bb, y una eliminaci\u00f3n de barreras de entrada para nuevos operadores mediante la eliminaci\u00f3n del canon de entrada y la creaci\u00f3n de nuevas bonificaciones por el uso de la red.<\/p>\n<p>Adem\u00e1s, en el transporte de las mercanc\u00edas se introduce una \u00abnovedad importante\u00bb como es la liberalizaci\u00f3n de los servicios de terminales ferroviarias p\u00fablicas para \u00abmejorar su competitividad\u00bb, mientras que en el \u00e1mbito del transporte de viajeros se \u00abgarantizan\u00bb la financiaci\u00f3n de las obligaciones de servicio p\u00fablico (OSP) y, con ello, la movilidad de los ciudadanos.<\/p>\n<p>Junto a estos contenidos, Pastor ha puesto el acento particularmente tanto en el nuevo reconocimiento de derechos a las v\u00edctimas de accidentes ferroviarios como a las medidas de seguridad que se incluyen en el proyecto de ley, con la creaci\u00f3n de la nueva Agencia Estatal de Seguridad Ferroviaria y un nuevo r\u00e9gimen infractor y sancionador \u00abm\u00e1s proporcional, efectivo y justo\u00bb.<\/p>\n<p>\u00abEl sistema ferroviario no es patrimonio de nadie, sino de todos los espa\u00f1oles. Hemos aportado lo que hemos podido a consolidar este gran sistema, y este proyecto es una apuesta decidida por las infraestructuras ferroviarias. El proyecto establece mecanismos para asegurar la sostenibilidad del sistema, tiene como prioridad la seguridad ferroviaria, traspone directivas europeas y, lo m\u00e1s importante, impulsar\u00e1 el crecimiento del sector, aumentar\u00e1 su eficiencia y utilizaci\u00f3n, y fomentar\u00e1 la innovaci\u00f3n. Es el marco de nuestro sector para el siglo XXI\u00bb, ha apostillado.<\/p>\n<p>OFRECE DI\u00c1LOGO A LA OPOSICI\u00d3N<\/p>\n<p>En este punto, la titular de Fomento ha mostrado su \u00abdisposici\u00f3n permanente al di\u00e1logo\u00bb y, tras agradecer a los grupos parlamentarios su trabajo hasta la fecha, les ha invitado a presentar propuestas para mejorar el proyecto de ley en su tramitaci\u00f3n parlamentaria.<\/p>\n<p>No obstante, ha rechazado sus enmiendas de totalidad, lamentando que ninguna formaci\u00f3n haya presentado un texto alternativo para conocer qu\u00e9 modelo proponen. Adem\u00e1s, ha rechazado las cr\u00edticas recogidas en los vetos, comenzando por las que se refieren a la liberalizaci\u00f3n.<\/p>\n<p>En este sentido, ha afirmado que la intenci\u00f3n de la ley es conseguir que el proceso de liberalizaci\u00f3n, desarrollado desde hace a\u00f1os, sea \u00abprogresivo y ordenado\u00bb para \u00abgarantizar un adecuado control de las administraciones p\u00fablicas de la calidad y la seguridad\u00bb, as\u00ed como dar tiempo a Renfe para \u00abprepararse para un nuevo escenario de competencia\u00bb en los servicios comerciales \u00abexclusivamente\u00bb.<\/p>\n<p>\u00abNo podemos permitirnos dejar algo en lo que nos jugamos tanto para el \u00faltimo minuto, y el mejor modo es hacerlo de forma progresiva y de acuerdo con las organizaciones sociales, como estamos haciendo\u00bb, ha insistido la ministra, resaltando en varias ocasiones que las empresas Renfe, Adif y Adif Alta Velocidad \u00abson y seguir\u00e1n siendo p\u00fablicas\u00bb y que \u00abno existe una privatizaci\u00f3n\u00bb ya que la norma \u00abgarantiza\u00bb las OSP.<\/p>\n<p>Adem\u00e1s, ha defendido que el texto \u00abrespeta al m\u00e1ximo\u00bb las competencias auton\u00f3micas, establece nuevos mecanismos y financiaci\u00f3n para la Agencia Estatal de Seguridad Ferroviaria para que trabaje \u00abcon eficacia, eficiencia\u00bb e independencia, y garantiza un sector \u00abmoderno y de calidad, mejorando progresivamente los servicios de proximidad y desarrollando a la vez la alta velocidad\u00bb.<\/p>\n<p>PARTIDO A PARTIDO<\/p>\n<p>Por \u00faltimo, Pastor ha hecho referencia una a una a todas las enmiendas, rechazando as\u00ed las cr\u00edticas socialistas a la pr\u00e1ctica legislativa de una norma que ha pasado todos los tr\u00e1mites de informe preceptivos y que iba acompa\u00f1ada por una memoria econ\u00f3mica.<\/p>\n<p>A la Izquierda Plural le ha se\u00f1alado que el Ministerio \u00abapuesta por todos los modos de transporte\u00bb, recordando que \u00abtener v\u00edas del siglo XXI y trenes m\u00e1s modernos no significa que sean excluyentes\u00bb porque hoy m\u00e1s ciudadanos usan la alta velocidad de forma habitual, como muestra el incremento de viajeros, sin que eso haya afectado a la utilizaci\u00f3n de las Cercan\u00edas y la media distancia.<\/p>\n<p>Pastor tambi\u00e9n se ha preguntado \u00abcu\u00e1l es el modelo\u00bb que propone el PNV, porque el del Gobierno es \u00abconectar con mayor calidad y eficiencia todas las ciudades del pa\u00eds y no trocear la red de inter\u00e9s general\u00bb, porque eso \u00abperjudicar\u00eda la eficiencia del servicio e ir\u00eda en contra de la cohesi\u00f3n y la vertebraci\u00f3n del pa\u00eds\u00bb, en contra de la tendencia europea. \u00abYo defiendo un sistema integral de ferrocarril, y no ponernos fronteras dentro del pa\u00eds\u00bb, ha a\u00f1adido.<\/p>\n<p>Por \u00faltimo, ha asegurado que se hace \u00abjusto lo contrario\u00bb de \u00abdebilitar\u00bb el ferrocarril, como acusa el BNG, y ha reprochado a los independentistas de ERC que \u00abes f\u00e1cil oponerse a la red de alta velocidad cuando se vive en un lugar donde todas las capitales est\u00e1n unidas por un servicio de las m\u00e1ximas prestaciones\u00bb que, a su juicio, \u00abdeber\u00edan tener todos los ciudadanos del pa\u00eds\u00bb.<\/p>\n","protected":false},"excerpt":{"rendered":"<p>La ministra de Fomento, Ana Pastor, cree que \u00abha llegado el momento de pensar en el largo plazo\u00bb para el ferrocarril y defiende que su proyecto de ley del Sector Ferroviario permitir\u00e1 precisamente consolidar un \u00abgran sistema\u00bb y adaptarlo para el escenario del siglo XXI. As\u00ed se ha pronunciado durante su defensa de la norma<\/p>\n","protected":false},"author":1,"featured_media":40987,"comment_status":"open","ping_status":"closed","sticky":false,"template":"","format":"standard","meta":{"footnotes":""},"categories":[224],"tags":[],"class_list":{"0":"post-40986","1":"post","2":"type-post","3":"status-publish","4":"format-standard","5":"has-post-thumbnail","7":"category-noticias-actualidad"},"aioseo_notices":[],"aioseo_head":"\n\t\t<!-- All in One SEO Pro 4.9.6.1 - aioseo.com -->\n\t<meta name=\"description\" content=\"La ministra de Fomento, Ana Pastor, cree que &quot;ha llegado el momento de pensar en el largo plazo&quot; para el ferrocarril y defiende que su proyecto de ley del Sector Ferroviario permitir\u00e1 precisamente consolidar un &quot;gran sistema&quot; y adaptarlo para el escenario del siglo XXI. As\u00ed se ha pronunciado durante su defensa de la norma\" \/>\n\t<meta name=\"robots\" content=\"max-image-preview:large\" \/>\n\t<meta name=\"author\" content=\"admin\"\/>\n\t<meta name=\"google-site-verification\" content=\"UA-38556648-1\" \/>\n\t<meta name=\"keywords\" content=\"noticias y actualidad\" \/>\n\t<link rel=\"canonical\" href=\"https:\/\/eldigitaldeasturias.com\/magazine365\/pastor-cree-que-ha-llegado-el-momento-de-pensar-en-el-largo-plazo-y-en-un-ferrocarril-del-siglo-xxi\/\" \/>\n\t<meta name=\"generator\" content=\"All in One SEO Pro (AIOSEO) 4.9.6.1\" \/>\n\t\t<meta property=\"og:locale\" content=\"es_ES\" \/>\n\t\t<meta property=\"og:site_name\" content=\"El Digital de Asturias \u2013 Revista de ocio, turismo y estilo de vida\" \/>\n\t\t<meta property=\"og:type\" content=\"article\" \/>\n\t\t<meta property=\"og:title\" content=\"Pastor cree que \u00abha llegado el momento de pensar en el largo plazo\u00bb y en un ferrocarril del siglo XXI | El Digital de Asturias\" \/>\n\t\t<meta property=\"og:description\" content=\"La ministra de Fomento, Ana Pastor, cree que &quot;ha llegado el momento de pensar en el largo plazo&quot; para el ferrocarril y defiende que su proyecto de ley del Sector Ferroviario permitir\u00e1 precisamente consolidar un &quot;gran sistema&quot; y adaptarlo para el escenario del siglo XXI. As\u00ed se ha pronunciado durante su defensa de la norma\" \/>\n\t\t<meta property=\"og:url\" content=\"https:\/\/eldigitaldeasturias.com\/magazine365\/pastor-cree-que-ha-llegado-el-momento-de-pensar-en-el-largo-plazo-y-en-un-ferrocarril-del-siglo-xxi\/\" \/>\n\t\t<meta property=\"og:image\" content=\"https:\/\/eldigitaldeasturias.com\/magazine365\/wp-content\/uploads\/2015\/06\/fotonoticia_20150625140315_800.jpg\" \/>\n\t\t<meta property=\"og:image:secure_url\" content=\"https:\/\/eldigitaldeasturias.com\/magazine365\/wp-content\/uploads\/2015\/06\/fotonoticia_20150625140315_800.jpg\" \/>\n\t\t<meta property=\"og:image:width\" content=\"800\" \/>\n\t\t<meta property=\"og:image:height\" content=\"533\" \/>\n\t\t<meta property=\"article:published_time\" content=\"2015-06-25T17:53:56+00:00\" \/>\n\t\t<meta property=\"article:modified_time\" content=\"2015-06-25T17:53:56+00:00\" \/>\n\t\t<meta name=\"twitter:card\" content=\"summary_large_image\" \/>\n\t\t<meta name=\"twitter:title\" content=\"Pastor cree que \u00abha llegado el momento de pensar en el largo plazo\u00bb y en un ferrocarril del siglo XXI | El Digital de Asturias\" \/>\n\t\t<meta name=\"twitter:description\" content=\"La ministra de Fomento, Ana Pastor, cree que &quot;ha llegado el momento de pensar en el largo plazo&quot; para el ferrocarril y defiende que su proyecto de ley del Sector Ferroviario permitir\u00e1 precisamente consolidar un &quot;gran sistema&quot; y adaptarlo para el escenario del siglo XXI. As\u00ed se ha pronunciado durante su defensa de la norma\" \/>\n\t\t<meta name=\"twitter:image\" content=\"https:\/\/eldigitaldeasturias.com\/magazine365\/wp-content\/uploads\/2015\/06\/fotonoticia_20150625140315_800.jpg\" \/>\n\t\t<script type=\"application\/ld+json\" class=\"aioseo-schema\">\n\t\t\t{\"@context\":\"https:\\\/\\\/schema.org\",\"@graph\":[{\"@type\":\"Article\",\"@id\":\"https:\\\/\\\/eldigitaldeasturias.com\\\/magazine365\\\/pastor-cree-que-ha-llegado-el-momento-de-pensar-en-el-largo-plazo-y-en-un-ferrocarril-del-siglo-xxi\\\/#article\",\"name\":\"Pastor cree que \\u00abha llegado el momento de pensar en el largo plazo\\u00bb y en un ferrocarril del siglo XXI | El Digital de Asturias\",\"headline\":\"Pastor cree que \\u00abha llegado el momento de pensar en el largo plazo\\u00bb y en un ferrocarril del siglo XXI\",\"author\":{\"@id\":\"https:\\\/\\\/eldigitaldeasturias.com\\\/magazine365\\\/author\\\/admin\\\/#author\"},\"publisher\":{\"@id\":\"https:\\\/\\\/eldigitaldeasturias.com\\\/magazine365\\\/#organization\"},\"image\":{\"@type\":\"ImageObject\",\"url\":\"https:\\\/\\\/eldigitaldeasturias.com\\\/magazine365\\\/wp-content\\\/uploads\\\/2015\\\/06\\\/fotonoticia_20150625140315_800.jpg\",\"width\":800,\"height\":533},\"datePublished\":\"2015-06-25T19:23:56+02:00\",\"dateModified\":\"2015-06-25T19:23:56+02:00\",\"inLanguage\":\"es-ES\",\"mainEntityOfPage\":{\"@id\":\"https:\\\/\\\/eldigitaldeasturias.com\\\/magazine365\\\/pastor-cree-que-ha-llegado-el-momento-de-pensar-en-el-largo-plazo-y-en-un-ferrocarril-del-siglo-xxi\\\/#webpage\"},\"isPartOf\":{\"@id\":\"https:\\\/\\\/eldigitaldeasturias.com\\\/magazine365\\\/pastor-cree-que-ha-llegado-el-momento-de-pensar-en-el-largo-plazo-y-en-un-ferrocarril-del-siglo-xxi\\\/#webpage\"},\"articleSection\":\"Noticias y Actualidad\"},{\"@type\":\"BreadcrumbList\",\"@id\":\"https:\\\/\\\/eldigitaldeasturias.com\\\/magazine365\\\/pastor-cree-que-ha-llegado-el-momento-de-pensar-en-el-largo-plazo-y-en-un-ferrocarril-del-siglo-xxi\\\/#breadcrumblist\",\"itemListElement\":[{\"@type\":\"ListItem\",\"@id\":\"https:\\\/\\\/eldigitaldeasturias.com\\\/magazine365#listItem\",\"position\":1,\"name\":\"Home\",\"item\":\"https:\\\/\\\/eldigitaldeasturias.com\\\/magazine365\",\"nextItem\":{\"@type\":\"ListItem\",\"@id\":\"https:\\\/\\\/eldigitaldeasturias.com\\\/magazine365\\\/category\\\/noticias-actualidad\\\/#listItem\",\"name\":\"Noticias y Actualidad\"}},{\"@type\":\"ListItem\",\"@id\":\"https:\\\/\\\/eldigitaldeasturias.com\\\/magazine365\\\/category\\\/noticias-actualidad\\\/#listItem\",\"position\":2,\"name\":\"Noticias y Actualidad\",\"item\":\"https:\\\/\\\/eldigitaldeasturias.com\\\/magazine365\\\/category\\\/noticias-actualidad\\\/\",\"nextItem\":{\"@type\":\"ListItem\",\"@id\":\"https:\\\/\\\/eldigitaldeasturias.com\\\/magazine365\\\/pastor-cree-que-ha-llegado-el-momento-de-pensar-en-el-largo-plazo-y-en-un-ferrocarril-del-siglo-xxi\\\/#listItem\",\"name\":\"Pastor cree que \\u00abha llegado el momento de pensar en el largo plazo\\u00bb y en un ferrocarril del siglo XXI\"},\"previousItem\":{\"@type\":\"ListItem\",\"@id\":\"https:\\\/\\\/eldigitaldeasturias.com\\\/magazine365#listItem\",\"name\":\"Home\"}},{\"@type\":\"ListItem\",\"@id\":\"https:\\\/\\\/eldigitaldeasturias.com\\\/magazine365\\\/pastor-cree-que-ha-llegado-el-momento-de-pensar-en-el-largo-plazo-y-en-un-ferrocarril-del-siglo-xxi\\\/#listItem\",\"position\":3,\"name\":\"Pastor cree que \\u00abha llegado el momento de pensar en el largo plazo\\u00bb y en un ferrocarril del siglo XXI\",\"previousItem\":{\"@type\":\"ListItem\",\"@id\":\"https:\\\/\\\/eldigitaldeasturias.com\\\/magazine365\\\/category\\\/noticias-actualidad\\\/#listItem\",\"name\":\"Noticias y Actualidad\"}}]},{\"@type\":\"Organization\",\"@id\":\"https:\\\/\\\/eldigitaldeasturias.com\\\/magazine365\\\/#organization\",\"name\":\"El digital de Asturias\",\"description\":\"Revista de ocio, turismo y estilo de vida\",\"url\":\"https:\\\/\\\/eldigitaldeasturias.com\\\/magazine365\\\/\",\"logo\":{\"@type\":\"ImageObject\",\"url\":\"https:\\\/\\\/www.eldigitaldeasturias.com\\\/noticias\\\/wp-content\\\/uploads\\\/2020\\\/12\\\/EDA.jpg\",\"@id\":\"https:\\\/\\\/eldigitaldeasturias.com\\\/magazine365\\\/pastor-cree-que-ha-llegado-el-momento-de-pensar-en-el-largo-plazo-y-en-un-ferrocarril-del-siglo-xxi\\\/#organizationLogo\"},\"image\":{\"@id\":\"https:\\\/\\\/eldigitaldeasturias.com\\\/magazine365\\\/pastor-cree-que-ha-llegado-el-momento-de-pensar-en-el-largo-plazo-y-en-un-ferrocarril-del-siglo-xxi\\\/#organizationLogo\"}},{\"@type\":\"Person\",\"@id\":\"https:\\\/\\\/eldigitaldeasturias.com\\\/magazine365\\\/author\\\/admin\\\/#author\",\"url\":\"https:\\\/\\\/eldigitaldeasturias.com\\\/magazine365\\\/author\\\/admin\\\/\",\"name\":\"admin\",\"image\":{\"@type\":\"ImageObject\",\"@id\":\"https:\\\/\\\/eldigitaldeasturias.com\\\/magazine365\\\/pastor-cree-que-ha-llegado-el-momento-de-pensar-en-el-largo-plazo-y-en-un-ferrocarril-del-siglo-xxi\\\/#authorImage\",\"url\":\"https:\\\/\\\/eldigitaldeasturias.com\\\/magazine365\\\/wp-content\\\/litespeed\\\/avatar\\\/e571bcf59a0edd6fa6838245a470f2fe.jpg?ver=1777574230\",\"width\":96,\"height\":96,\"caption\":\"admin\"}},{\"@type\":\"WebPage\",\"@id\":\"https:\\\/\\\/eldigitaldeasturias.com\\\/magazine365\\\/pastor-cree-que-ha-llegado-el-momento-de-pensar-en-el-largo-plazo-y-en-un-ferrocarril-del-siglo-xxi\\\/#webpage\",\"url\":\"https:\\\/\\\/eldigitaldeasturias.com\\\/magazine365\\\/pastor-cree-que-ha-llegado-el-momento-de-pensar-en-el-largo-plazo-y-en-un-ferrocarril-del-siglo-xxi\\\/\",\"name\":\"Pastor cree que \\u00abha llegado el momento de pensar en el largo plazo\\u00bb y en un ferrocarril del siglo XXI | El Digital de Asturias\",\"description\":\"La ministra de Fomento, Ana Pastor, cree que \\\"ha llegado el momento de pensar en el largo plazo\\\" para el ferrocarril y defiende que su proyecto de ley del Sector Ferroviario permitir\\u00e1 precisamente consolidar un \\\"gran sistema\\\" y adaptarlo para el escenario del siglo XXI. As\\u00ed se ha pronunciado durante su defensa de la norma\",\"inLanguage\":\"es-ES\",\"isPartOf\":{\"@id\":\"https:\\\/\\\/eldigitaldeasturias.com\\\/magazine365\\\/#website\"},\"breadcrumb\":{\"@id\":\"https:\\\/\\\/eldigitaldeasturias.com\\\/magazine365\\\/pastor-cree-que-ha-llegado-el-momento-de-pensar-en-el-largo-plazo-y-en-un-ferrocarril-del-siglo-xxi\\\/#breadcrumblist\"},\"author\":{\"@id\":\"https:\\\/\\\/eldigitaldeasturias.com\\\/magazine365\\\/author\\\/admin\\\/#author\"},\"creator\":{\"@id\":\"https:\\\/\\\/eldigitaldeasturias.com\\\/magazine365\\\/author\\\/admin\\\/#author\"},\"image\":{\"@type\":\"ImageObject\",\"url\":\"https:\\\/\\\/eldigitaldeasturias.com\\\/magazine365\\\/wp-content\\\/uploads\\\/2015\\\/06\\\/fotonoticia_20150625140315_800.jpg\",\"@id\":\"https:\\\/\\\/eldigitaldeasturias.com\\\/magazine365\\\/pastor-cree-que-ha-llegado-el-momento-de-pensar-en-el-largo-plazo-y-en-un-ferrocarril-del-siglo-xxi\\\/#mainImage\",\"width\":800,\"height\":533},\"primaryImageOfPage\":{\"@id\":\"https:\\\/\\\/eldigitaldeasturias.com\\\/magazine365\\\/pastor-cree-que-ha-llegado-el-momento-de-pensar-en-el-largo-plazo-y-en-un-ferrocarril-del-siglo-xxi\\\/#mainImage\"},\"datePublished\":\"2015-06-25T19:23:56+02:00\",\"dateModified\":\"2015-06-25T19:23:56+02:00\"},{\"@type\":\"WebSite\",\"@id\":\"https:\\\/\\\/eldigitaldeasturias.com\\\/magazine365\\\/#website\",\"url\":\"https:\\\/\\\/eldigitaldeasturias.com\\\/magazine365\\\/\",\"name\":\"El Digital de Asturias\",\"description\":\"Revista de ocio, turismo y estilo de vida\",\"inLanguage\":\"es-ES\",\"publisher\":{\"@id\":\"https:\\\/\\\/eldigitaldeasturias.com\\\/magazine365\\\/#organization\"}}]}\n\t\t<\/script>\n\t\t<!-- All in One SEO Pro -->\r\n\t\t<title>Pastor cree que \u00abha llegado el momento de pensar en el largo plazo\u00bb y en un ferrocarril del siglo XXI | El Digital de Asturias<\/title>\n\n","aioseo_head_json":{"title":"Pastor cree que \u00abha llegado el momento de pensar en el largo plazo\u00bb y en un ferrocarril del siglo XXI | El Digital de Asturias","description":"La ministra de Fomento, Ana Pastor, cree que \"ha llegado el momento de pensar en el largo plazo\" para el ferrocarril y defiende que su proyecto de ley del Sector Ferroviario permitir\u00e1 precisamente consolidar un \"gran sistema\" y adaptarlo para el escenario del siglo XXI. As\u00ed se ha pronunciado durante su defensa de la norma","canonical_url":"https:\/\/eldigitaldeasturias.com\/magazine365\/pastor-cree-que-ha-llegado-el-momento-de-pensar-en-el-largo-plazo-y-en-un-ferrocarril-del-siglo-xxi\/","robots":"max-image-preview:large","keywords":"noticias y actualidad","webmasterTools":{"google-site-verification":"UA-38556648-1","miscellaneous":""},"schema":{"@context":"https:\/\/schema.org","@graph":[{"@type":"Article","@id":"https:\/\/eldigitaldeasturias.com\/magazine365\/pastor-cree-que-ha-llegado-el-momento-de-pensar-en-el-largo-plazo-y-en-un-ferrocarril-del-siglo-xxi\/#article","name":"Pastor cree que \u00abha llegado el momento de pensar en el largo plazo\u00bb y en un ferrocarril del siglo XXI | El Digital de Asturias","headline":"Pastor cree que \u00abha llegado el momento de pensar en el largo plazo\u00bb y en un ferrocarril del siglo XXI","author":{"@id":"https:\/\/eldigitaldeasturias.com\/magazine365\/author\/admin\/#author"},"publisher":{"@id":"https:\/\/eldigitaldeasturias.com\/magazine365\/#organization"},"image":{"@type":"ImageObject","url":"https:\/\/eldigitaldeasturias.com\/magazine365\/wp-content\/uploads\/2015\/06\/fotonoticia_20150625140315_800.jpg","width":800,"height":533},"datePublished":"2015-06-25T19:23:56+02:00","dateModified":"2015-06-25T19:23:56+02:00","inLanguage":"es-ES","mainEntityOfPage":{"@id":"https:\/\/eldigitaldeasturias.com\/magazine365\/pastor-cree-que-ha-llegado-el-momento-de-pensar-en-el-largo-plazo-y-en-un-ferrocarril-del-siglo-xxi\/#webpage"},"isPartOf":{"@id":"https:\/\/eldigitaldeasturias.com\/magazine365\/pastor-cree-que-ha-llegado-el-momento-de-pensar-en-el-largo-plazo-y-en-un-ferrocarril-del-siglo-xxi\/#webpage"},"articleSection":"Noticias y Actualidad"},{"@type":"BreadcrumbList","@id":"https:\/\/eldigitaldeasturias.com\/magazine365\/pastor-cree-que-ha-llegado-el-momento-de-pensar-en-el-largo-plazo-y-en-un-ferrocarril-del-siglo-xxi\/#breadcrumblist","itemListElement":[{"@type":"ListItem","@id":"https:\/\/eldigitaldeasturias.com\/magazine365#listItem","position":1,"name":"Home","item":"https:\/\/eldigitaldeasturias.com\/magazine365","nextItem":{"@type":"ListItem","@id":"https:\/\/eldigitaldeasturias.com\/magazine365\/category\/noticias-actualidad\/#listItem","name":"Noticias y Actualidad"}},{"@type":"ListItem","@id":"https:\/\/eldigitaldeasturias.com\/magazine365\/category\/noticias-actualidad\/#listItem","position":2,"name":"Noticias y Actualidad","item":"https:\/\/eldigitaldeasturias.com\/magazine365\/category\/noticias-actualidad\/","nextItem":{"@type":"ListItem","@id":"https:\/\/eldigitaldeasturias.com\/magazine365\/pastor-cree-que-ha-llegado-el-momento-de-pensar-en-el-largo-plazo-y-en-un-ferrocarril-del-siglo-xxi\/#listItem","name":"Pastor cree que \u00abha llegado el momento de pensar en el largo plazo\u00bb y en un ferrocarril del siglo XXI"},"previousItem":{"@type":"ListItem","@id":"https:\/\/eldigitaldeasturias.com\/magazine365#listItem","name":"Home"}},{"@type":"ListItem","@id":"https:\/\/eldigitaldeasturias.com\/magazine365\/pastor-cree-que-ha-llegado-el-momento-de-pensar-en-el-largo-plazo-y-en-un-ferrocarril-del-siglo-xxi\/#listItem","position":3,"name":"Pastor cree que \u00abha llegado el momento de pensar en el largo plazo\u00bb y en un ferrocarril del siglo XXI","previousItem":{"@type":"ListItem","@id":"https:\/\/eldigitaldeasturias.com\/magazine365\/category\/noticias-actualidad\/#listItem","name":"Noticias y Actualidad"}}]},{"@type":"Organization","@id":"https:\/\/eldigitaldeasturias.com\/magazine365\/#organization","name":"El digital de Asturias","description":"Revista de ocio, turismo y estilo de vida","url":"https:\/\/eldigitaldeasturias.com\/magazine365\/","logo":{"@type":"ImageObject","url":"https:\/\/www.eldigitaldeasturias.com\/noticias\/wp-content\/uploads\/2020\/12\/EDA.jpg","@id":"https:\/\/eldigitaldeasturias.com\/magazine365\/pastor-cree-que-ha-llegado-el-momento-de-pensar-en-el-largo-plazo-y-en-un-ferrocarril-del-siglo-xxi\/#organizationLogo"},"image":{"@id":"https:\/\/eldigitaldeasturias.com\/magazine365\/pastor-cree-que-ha-llegado-el-momento-de-pensar-en-el-largo-plazo-y-en-un-ferrocarril-del-siglo-xxi\/#organizationLogo"}},{"@type":"Person","@id":"https:\/\/eldigitaldeasturias.com\/magazine365\/author\/admin\/#author","url":"https:\/\/eldigitaldeasturias.com\/magazine365\/author\/admin\/","name":"admin","image":{"@type":"ImageObject","@id":"https:\/\/eldigitaldeasturias.com\/magazine365\/pastor-cree-que-ha-llegado-el-momento-de-pensar-en-el-largo-plazo-y-en-un-ferrocarril-del-siglo-xxi\/#authorImage","url":"https:\/\/eldigitaldeasturias.com\/magazine365\/wp-content\/litespeed\/avatar\/e571bcf59a0edd6fa6838245a470f2fe.jpg?ver=1777574230","width":96,"height":96,"caption":"admin"}},{"@type":"WebPage","@id":"https:\/\/eldigitaldeasturias.com\/magazine365\/pastor-cree-que-ha-llegado-el-momento-de-pensar-en-el-largo-plazo-y-en-un-ferrocarril-del-siglo-xxi\/#webpage","url":"https:\/\/eldigitaldeasturias.com\/magazine365\/pastor-cree-que-ha-llegado-el-momento-de-pensar-en-el-largo-plazo-y-en-un-ferrocarril-del-siglo-xxi\/","name":"Pastor cree que \u00abha llegado el momento de pensar en el largo plazo\u00bb y en un ferrocarril del siglo XXI | El Digital de Asturias","description":"La ministra de Fomento, Ana Pastor, cree que \"ha llegado el momento de pensar en el largo plazo\" para el ferrocarril y defiende que su proyecto de ley del Sector Ferroviario permitir\u00e1 precisamente consolidar un \"gran sistema\" y adaptarlo para el escenario del siglo XXI. As\u00ed se ha pronunciado durante su defensa de la norma","inLanguage":"es-ES","isPartOf":{"@id":"https:\/\/eldigitaldeasturias.com\/magazine365\/#website"},"breadcrumb":{"@id":"https:\/\/eldigitaldeasturias.com\/magazine365\/pastor-cree-que-ha-llegado-el-momento-de-pensar-en-el-largo-plazo-y-en-un-ferrocarril-del-siglo-xxi\/#breadcrumblist"},"author":{"@id":"https:\/\/eldigitaldeasturias.com\/magazine365\/author\/admin\/#author"},"creator":{"@id":"https:\/\/eldigitaldeasturias.com\/magazine365\/author\/admin\/#author"},"image":{"@type":"ImageObject","url":"https:\/\/eldigitaldeasturias.com\/magazine365\/wp-content\/uploads\/2015\/06\/fotonoticia_20150625140315_800.jpg","@id":"https:\/\/eldigitaldeasturias.com\/magazine365\/pastor-cree-que-ha-llegado-el-momento-de-pensar-en-el-largo-plazo-y-en-un-ferrocarril-del-siglo-xxi\/#mainImage","width":800,"height":533},"primaryImageOfPage":{"@id":"https:\/\/eldigitaldeasturias.com\/magazine365\/pastor-cree-que-ha-llegado-el-momento-de-pensar-en-el-largo-plazo-y-en-un-ferrocarril-del-siglo-xxi\/#mainImage"},"datePublished":"2015-06-25T19:23:56+02:00","dateModified":"2015-06-25T19:23:56+02:00"},{"@type":"WebSite","@id":"https:\/\/eldigitaldeasturias.com\/magazine365\/#website","url":"https:\/\/eldigitaldeasturias.com\/magazine365\/","name":"El Digital de Asturias","description":"Revista de ocio, turismo y estilo de vida","inLanguage":"es-ES","publisher":{"@id":"https:\/\/eldigitaldeasturias.com\/magazine365\/#organization"}}]},"og:locale":"es_ES","og:site_name":"El Digital de Asturias \u2013 Revista de ocio, turismo y estilo de vida","og:type":"article","og:title":"Pastor cree que \u00abha llegado el momento de pensar en el largo plazo\u00bb y en un ferrocarril del siglo XXI | El Digital de Asturias","og:description":"La ministra de Fomento, Ana Pastor, cree que &quot;ha llegado el momento de pensar en el largo plazo&quot; para el ferrocarril y defiende que su proyecto de ley del Sector Ferroviario permitir\u00e1 precisamente consolidar un &quot;gran sistema&quot; y adaptarlo para el escenario del siglo XXI. As\u00ed se ha pronunciado durante su defensa de la norma","og:url":"https:\/\/eldigitaldeasturias.com\/magazine365\/pastor-cree-que-ha-llegado-el-momento-de-pensar-en-el-largo-plazo-y-en-un-ferrocarril-del-siglo-xxi\/","og:image":"https:\/\/eldigitaldeasturias.com\/magazine365\/wp-content\/uploads\/2015\/06\/fotonoticia_20150625140315_800.jpg","og:image:secure_url":"https:\/\/eldigitaldeasturias.com\/magazine365\/wp-content\/uploads\/2015\/06\/fotonoticia_20150625140315_800.jpg","og:image:width":800,"og:image:height":533,"article:published_time":"2015-06-25T17:53:56+00:00","article:modified_time":"2015-06-25T17:53:56+00:00","twitter:card":"summary_large_image","twitter:title":"Pastor cree que \u00abha llegado el momento de pensar en el largo plazo\u00bb y en un ferrocarril del siglo XXI | El Digital de Asturias","twitter:description":"La ministra de Fomento, Ana Pastor, cree que &quot;ha llegado el momento de pensar en el largo plazo&quot; para el ferrocarril y defiende que su proyecto de ley del Sector Ferroviario permitir\u00e1 precisamente consolidar un &quot;gran sistema&quot; y adaptarlo para el escenario del siglo XXI. As\u00ed se ha pronunciado durante su defensa de la norma","twitter:image":"https:\/\/eldigitaldeasturias.com\/magazine365\/wp-content\/uploads\/2015\/06\/fotonoticia_20150625140315_800.jpg"},"aioseo_meta_data":{"post_id":"40986","title":null,"description":null,"keywords":null,"keyphrases":null,"primary_term":null,"canonical_url":null,"og_title":null,"og_description":null,"og_object_type":"default","og_image_type":"default","og_image_url":null,"og_image_width":null,"og_image_height":null,"og_image_custom_url":null,"og_image_custom_fields":null,"og_video":null,"og_custom_url":null,"og_article_section":null,"og_article_tags":null,"twitter_use_og":false,"twitter_card":"default","twitter_image_type":"default","twitter_image_url":null,"twitter_image_custom_url":null,"twitter_image_custom_fields":null,"twitter_title":null,"twitter_description":null,"schema":{"blockGraphs":[],"customGraphs":[],"default":{"data":{"Article":[],"Course":[],"Dataset":[],"FAQPage":[],"Movie":[],"Person":[],"Product":[],"ProductReview":[],"Car":[],"Recipe":[],"Service":[],"SoftwareApplication":[],"WebPage":[]},"graphName":"","isEnabled":true},"graphs":[],"defaultGraph":"","defaultPostTypeGraph":""},"schema_type":null,"schema_type_options":null,"pillar_content":false,"robots_default":true,"robots_noindex":false,"robots_noarchive":false,"robots_nosnippet":false,"robots_nofollow":false,"robots_noimageindex":false,"robots_noodp":false,"robots_notranslate":false,"robots_max_snippet":null,"robots_max_videopreview":null,"robots_max_imagepreview":"large","priority":null,"frequency":null,"location":null,"local_seo":null,"seo_analyzer_scan_date":"2025-09-19 14:46:00","breadcrumb_settings":null,"limit_modified_date":false,"open_ai":null,"ai":null,"created":"2021-03-09 02:21:53","updated":"2025-09-19 14:46:00"},"aioseo_breadcrumb":"<div class=\"aioseo-breadcrumbs\"><span class=\"aioseo-breadcrumb\">\n\t<a href=\"https:\/\/eldigitaldeasturias.com\/magazine365\" title=\"Home\">Home<\/a>\n<\/span><span class=\"aioseo-breadcrumb-separator\">\u2013<\/span><span class=\"aioseo-breadcrumb\">\n\t<a href=\"https:\/\/eldigitaldeasturias.com\/magazine365\/category\/noticias-actualidad\/\" title=\"Noticias y Actualidad\">Noticias y Actualidad<\/a>\n<\/span><span class=\"aioseo-breadcrumb-separator\">\u2013<\/span><span class=\"aioseo-breadcrumb\">\n\t<a href=\"https:\/\/eldigitaldeasturias.com\/magazine365\/pastor-cree-que-ha-llegado-el-momento-de-pensar-en-el-largo-plazo-y-en-un-ferrocarril-del-siglo-xxi\/\" title=\"Pastor cree que \u00abha llegado el momento de pensar en el largo plazo\u00bb y en un ferrocarril del siglo XXI\">Pastor cree que \u00abha llegado el momento de pensar en el largo plazo\u00bb y en un ferrocarril del siglo XXI<\/a>\n<\/span><\/div>","aioseo_breadcrumb_json":[{"label":"Home","link":"https:\/\/eldigitaldeasturias.com\/magazine365"},{"label":"Noticias y Actualidad","link":"https:\/\/eldigitaldeasturias.com\/magazine365\/category\/noticias-actualidad\/"},{"label":"Pastor cree que \u00abha llegado el momento de pensar en el largo plazo\u00bb y en un ferrocarril del siglo XXI","link":"https:\/\/eldigitaldeasturias.com\/magazine365\/pastor-cree-que-ha-llegado-el-momento-de-pensar-en-el-largo-plazo-y-en-un-ferrocarril-del-siglo-xxi\/"}],"_links":{"self":[{"href":"https:\/\/eldigitaldeasturias.com\/magazine365\/wp-json\/wp\/v2\/posts\/40986","targetHints":{"allow":["GET"]}}],"collection":[{"href":"https:\/\/eldigitaldeasturias.com\/magazine365\/wp-json\/wp\/v2\/posts"}],"about":[{"href":"https:\/\/eldigitaldeasturias.com\/magazine365\/wp-json\/wp\/v2\/types\/post"}],"author":[{"embeddable":true,"href":"https:\/\/eldigitaldeasturias.com\/magazine365\/wp-json\/wp\/v2\/users\/1"}],"replies":[{"embeddable":true,"href":"https:\/\/eldigitaldeasturias.com\/magazine365\/wp-json\/wp\/v2\/comments?post=40986"}],"version-history":[{"count":0,"href":"https:\/\/eldigitaldeasturias.com\/magazine365\/wp-json\/wp\/v2\/posts\/40986\/revisions"}],"wp:featuredmedia":[{"embeddable":true,"href":"https:\/\/eldigitaldeasturias.com\/magazine365\/wp-json\/wp\/v2\/media\/40987"}],"wp:attachment":[{"href":"https:\/\/eldigitaldeasturias.com\/magazine365\/wp-json\/wp\/v2\/media?parent=40986"}],"wp:term":[{"taxonomy":"category","embeddable":true,"href":"https:\/\/eldigitaldeasturias.com\/magazine365\/wp-json\/wp\/v2\/categories?post=40986"},{"taxonomy":"post_tag","embeddable":true,"href":"https:\/\/eldigitaldeasturias.com\/magazine365\/wp-json\/wp\/v2\/tags?post=40986"}],"curies":[{"name":"wp","href":"https:\/\/api.w.org\/{rel}","templated":true}]}}