{"id":40977,"date":"2015-06-25T19:13:08","date_gmt":"2015-06-25T17:43:08","guid":{"rendered":"http:\/\/eldigitaldeasturias.com\/magazine365\/?p=40977"},"modified":"2015-06-25T19:13:08","modified_gmt":"2015-06-25T17:43:08","slug":"espana-actualiza-su-acuerdo-con-la-organizacion-mundial-de-turismo-para-facilitar-las-reuniones-internacionales","status":"publish","type":"post","link":"https:\/\/eldigitaldeasturias.com\/magazine365\/espana-actualiza-su-acuerdo-con-la-organizacion-mundial-de-turismo-para-facilitar-las-reuniones-internacionales\/","title":{"rendered":"Espa\u00f1a actualiza su acuerdo con la Organizaci\u00f3n Mundial de Turismo para facilitar las reuniones internacionales"},"content":{"rendered":"<p><img fetchpriority=\"high\" decoding=\"async\" class=\"alignleft size-medium wp-image-40978\" src=\"https:\/\/eldigitaldeasturias.com\/magazine365\/wp-content\/uploads\/2015\/06\/fotonoticia_20150625134246_800-360x240.jpg\" alt=\"fotonoticia_20150625134246_800\" width=\"360\" height=\"240\" srcset=\"https:\/\/eldigitaldeasturias.com\/magazine365\/wp-content\/uploads\/2015\/06\/fotonoticia_20150625134246_800-360x240.jpg 360w, https:\/\/eldigitaldeasturias.com\/magazine365\/wp-content\/uploads\/2015\/06\/fotonoticia_20150625134246_800-650x433.jpg 650w, https:\/\/eldigitaldeasturias.com\/magazine365\/wp-content\/uploads\/2015\/06\/fotonoticia_20150625134246_800-768x512.jpg 768w, https:\/\/eldigitaldeasturias.com\/magazine365\/wp-content\/uploads\/2015\/06\/fotonoticia_20150625134246_800-150x100.jpg 150w, https:\/\/eldigitaldeasturias.com\/magazine365\/wp-content\/uploads\/2015\/06\/fotonoticia_20150625134246_800-450x300.jpg 450w, https:\/\/eldigitaldeasturias.com\/magazine365\/wp-content\/uploads\/2015\/06\/fotonoticia_20150625134246_800-696x464.jpg 696w, https:\/\/eldigitaldeasturias.com\/magazine365\/wp-content\/uploads\/2015\/06\/fotonoticia_20150625134246_800-630x420.jpg 630w, https:\/\/eldigitaldeasturias.com\/magazine365\/wp-content\/uploads\/2015\/06\/fotonoticia_20150625134246_800-84x55.jpg 84w, https:\/\/eldigitaldeasturias.com\/magazine365\/wp-content\/uploads\/2015\/06\/fotonoticia_20150625134246_800.jpg 800w\" sizes=\"(max-width: 360px) 100vw, 360px\" \/>El Gobierno ha firmado este jueves con la Organizaci\u00f3n Mundial del Turismo (OMT), \u00fanica agencia de la ONU con sede en Espa\u00f1a, un acuerdo que actualiza el estatus jur\u00eddico de la organizaci\u00f3n y que facilitar\u00e1 la organizaci\u00f3n de reuniones internacionales al regular los privilegios e inmunidades de los que gozar\u00e1n los asistentes a esos encuentros.<\/p>\n<p>El ministro de Asuntos Exteriores y de Cooperaci\u00f3n, Jos\u00e9 Manuel Garc\u00eda-Margallo, ha suscrito con el secretario general de la OMT, el jordano Taleb Rifai, este nuevo acuerdo de sede que actualiza el suscrito hace 40 a\u00f1os, cuando la organizaci\u00f3n decidi\u00f3 trasladar su sede de Ginebra a Madrid.<\/p>\n<p>El nuevo convenio introduce dos elementos de calado que facilitar\u00e1n el funcionamiento de la organizaci\u00f3n en Espa\u00f1a. El primero de ellos es la regulaci\u00f3n de los privilegios e inmunidades de la que gozar\u00e1 el organismo y sus funcionarios y que se extiende a los encuentros internacionales que organice en nuestro pa\u00eds.<\/p>\n<p>Hasta la fecha, cada vez que la OMT celebraba un encuentro en nuestro pa\u00eds ten\u00eda que negociar un convenio ad hoc con el Gobierno espa\u00f1ol para garantizar las inmunidades y privilegios que se les suponen a los participantes en esos encuentros (y sin las cuales ser\u00eda pr\u00e1cticamente imposible celebrar reuniones internacionales a lo largo y ancho del planeta).<\/p>\n<p>La segunda de las novedades del acuerdo es que permite a los pa\u00edses establecer representaciones permanentes ante la OMT, en consonancia con su nueva condici\u00f3n de organismo especializado de las Naciones Unidas desde 2003.<\/p>\n<p>Hasta 156 pa\u00edses son miembros de la OMT, a la que tambi\u00e9n pertenecen, bajo la categor\u00eda de &#8216;miembro afiliado&#8217;, m\u00e1s de 400 organizaciones que representan al sector privado, la ense\u00f1anza, asociaciones de turismo y autoridades de promoci\u00f3n tur\u00edstica, cuyo estatuto va m\u00e1s all\u00e1 del estatuto de observador que reconocen otras agencias de Naciones Unidas a las ONG.<\/p>\n<p>UN REFERENTE<\/p>\n<p>En el acto de la firma del acuerdo, que ha tenido lugar en el Palacio de Viana, Rifai ha destacado el salto cualitativo que representa el nuevo convenio en la relaci\u00f3n entre Espa\u00f1a y la OMT, y que no ha dudado en calificar de \u00abreferente\u00bb. De hecho, este nuevo acuerdo puede servir para atraer la presencia de otras organizaciones internacionales a Espa\u00f1a.<\/p>\n<p>Rifai ha agradecido al Gobierno espa\u00f1ol su disposici\u00f3n a negociar el nuevo acuerdo, que ha llevado m\u00e1s de dos a\u00f1os, y ha manifestado el orgullo de la organizaci\u00f3n por haberse establecido en Espa\u00f1a, un pa\u00eds que el organismo considera ahora su casa.<\/p>\n<p>El ministro Garc\u00eda-Margallo ha aprovechado el acto para poner en valor la iniciativa de este Gobierno de promocionar la Marca Espa\u00f1a, entre cuyos objetivos est\u00e1 el de aumentar el n\u00famero de turistas que visitan nuestro pa\u00eds y que, en m\u00e1s de un 80%, repite visita.<\/p>\n","protected":false},"excerpt":{"rendered":"<p>El Gobierno ha firmado este jueves con la Organizaci\u00f3n Mundial del Turismo (OMT), \u00fanica agencia de la ONU con sede en Espa\u00f1a, un acuerdo que actualiza el estatus jur\u00eddico de la organizaci\u00f3n y que facilitar\u00e1 la organizaci\u00f3n de reuniones internacionales al regular los privilegios e inmunidades de los que gozar\u00e1n los asistentes a esos encuentros.<\/p>\n","protected":false},"author":1,"featured_media":40978,"comment_status":"open","ping_status":"closed","sticky":false,"template":"","format":"standard","meta":{"footnotes":""},"categories":[222],"tags":[],"class_list":{"0":"post-40977","1":"post","2":"type-post","3":"status-publish","4":"format-standard","5":"has-post-thumbnail","7":"category-actualidad-turismo"},"aioseo_notices":[],"aioseo_head":"\n\t\t<!-- All in One SEO Pro 4.9.6.1 - aioseo.com -->\n\t<meta name=\"description\" content=\"El Gobierno ha firmado este jueves con la Organizaci\u00f3n Mundial del Turismo (OMT), \u00fanica agencia de la ONU con sede en Espa\u00f1a, un acuerdo que actualiza el estatus jur\u00eddico de la organizaci\u00f3n y que facilitar\u00e1 la organizaci\u00f3n de reuniones internacionales al regular los privilegios e inmunidades de los que gozar\u00e1n los asistentes a esos encuentros.\" \/>\n\t<meta name=\"robots\" content=\"max-image-preview:large\" \/>\n\t<meta name=\"author\" content=\"admin\"\/>\n\t<meta name=\"google-site-verification\" content=\"UA-38556648-1\" \/>\n\t<meta name=\"keywords\" content=\"actualidad turismo\" \/>\n\t<link rel=\"canonical\" href=\"https:\/\/eldigitaldeasturias.com\/magazine365\/espana-actualiza-su-acuerdo-con-la-organizacion-mundial-de-turismo-para-facilitar-las-reuniones-internacionales\/\" \/>\n\t<meta name=\"generator\" content=\"All in One SEO Pro (AIOSEO) 4.9.6.1\" \/>\n\t\t<meta property=\"og:locale\" content=\"es_ES\" \/>\n\t\t<meta property=\"og:site_name\" content=\"El Digital de Asturias \u2013 Revista de ocio, turismo y estilo de vida\" \/>\n\t\t<meta property=\"og:type\" content=\"article\" \/>\n\t\t<meta property=\"og:title\" content=\"Espa\u00f1a actualiza su acuerdo con la Organizaci\u00f3n Mundial de Turismo para facilitar las reuniones internacionales | El Digital de Asturias\" \/>\n\t\t<meta property=\"og:description\" content=\"El Gobierno ha firmado este jueves con la Organizaci\u00f3n Mundial del Turismo (OMT), \u00fanica agencia de la ONU con sede en Espa\u00f1a, un acuerdo que actualiza el estatus jur\u00eddico de la organizaci\u00f3n y que facilitar\u00e1 la organizaci\u00f3n de reuniones internacionales al regular los privilegios e inmunidades de los que gozar\u00e1n los asistentes a esos encuentros.\" \/>\n\t\t<meta property=\"og:url\" content=\"https:\/\/eldigitaldeasturias.com\/magazine365\/espana-actualiza-su-acuerdo-con-la-organizacion-mundial-de-turismo-para-facilitar-las-reuniones-internacionales\/\" \/>\n\t\t<meta property=\"og:image\" content=\"https:\/\/eldigitaldeasturias.com\/magazine365\/wp-content\/uploads\/2015\/06\/fotonoticia_20150625134246_800.jpg\" \/>\n\t\t<meta property=\"og:image:secure_url\" content=\"https:\/\/eldigitaldeasturias.com\/magazine365\/wp-content\/uploads\/2015\/06\/fotonoticia_20150625134246_800.jpg\" \/>\n\t\t<meta property=\"og:image:width\" content=\"800\" \/>\n\t\t<meta property=\"og:image:height\" content=\"533\" \/>\n\t\t<meta property=\"article:published_time\" content=\"2015-06-25T17:43:08+00:00\" \/>\n\t\t<meta property=\"article:modified_time\" content=\"2015-06-25T17:43:08+00:00\" \/>\n\t\t<meta name=\"twitter:card\" content=\"summary_large_image\" \/>\n\t\t<meta name=\"twitter:title\" content=\"Espa\u00f1a actualiza su acuerdo con la Organizaci\u00f3n Mundial de Turismo para facilitar las reuniones internacionales | El Digital de Asturias\" \/>\n\t\t<meta name=\"twitter:description\" content=\"El Gobierno ha firmado este jueves con la Organizaci\u00f3n Mundial del Turismo (OMT), \u00fanica agencia de la ONU con sede en Espa\u00f1a, un acuerdo que actualiza el estatus jur\u00eddico de la organizaci\u00f3n y que facilitar\u00e1 la organizaci\u00f3n de reuniones internacionales al regular los privilegios e inmunidades de los que gozar\u00e1n los asistentes a esos encuentros.\" \/>\n\t\t<meta name=\"twitter:image\" content=\"https:\/\/eldigitaldeasturias.com\/magazine365\/wp-content\/uploads\/2015\/06\/fotonoticia_20150625134246_800.jpg\" \/>\n\t\t<script type=\"application\/ld+json\" class=\"aioseo-schema\">\n\t\t\t{\"@context\":\"https:\\\/\\\/schema.org\",\"@graph\":[{\"@type\":\"Article\",\"@id\":\"https:\\\/\\\/eldigitaldeasturias.com\\\/magazine365\\\/espana-actualiza-su-acuerdo-con-la-organizacion-mundial-de-turismo-para-facilitar-las-reuniones-internacionales\\\/#article\",\"name\":\"Espa\\u00f1a actualiza su acuerdo con la Organizaci\\u00f3n Mundial de Turismo para facilitar las reuniones internacionales | El Digital de Asturias\",\"headline\":\"Espa\\u00f1a actualiza su acuerdo con la Organizaci\\u00f3n Mundial de Turismo para facilitar las reuniones internacionales\",\"author\":{\"@id\":\"https:\\\/\\\/eldigitaldeasturias.com\\\/magazine365\\\/author\\\/admin\\\/#author\"},\"publisher\":{\"@id\":\"https:\\\/\\\/eldigitaldeasturias.com\\\/magazine365\\\/#organization\"},\"image\":{\"@type\":\"ImageObject\",\"url\":\"https:\\\/\\\/eldigitaldeasturias.com\\\/magazine365\\\/wp-content\\\/uploads\\\/2015\\\/06\\\/fotonoticia_20150625134246_800.jpg\",\"width\":800,\"height\":533},\"datePublished\":\"2015-06-25T19:13:08+02:00\",\"dateModified\":\"2015-06-25T19:13:08+02:00\",\"inLanguage\":\"es-ES\",\"mainEntityOfPage\":{\"@id\":\"https:\\\/\\\/eldigitaldeasturias.com\\\/magazine365\\\/espana-actualiza-su-acuerdo-con-la-organizacion-mundial-de-turismo-para-facilitar-las-reuniones-internacionales\\\/#webpage\"},\"isPartOf\":{\"@id\":\"https:\\\/\\\/eldigitaldeasturias.com\\\/magazine365\\\/espana-actualiza-su-acuerdo-con-la-organizacion-mundial-de-turismo-para-facilitar-las-reuniones-internacionales\\\/#webpage\"},\"articleSection\":\"Actualidad Turismo\"},{\"@type\":\"BreadcrumbList\",\"@id\":\"https:\\\/\\\/eldigitaldeasturias.com\\\/magazine365\\\/espana-actualiza-su-acuerdo-con-la-organizacion-mundial-de-turismo-para-facilitar-las-reuniones-internacionales\\\/#breadcrumblist\",\"itemListElement\":[{\"@type\":\"ListItem\",\"@id\":\"https:\\\/\\\/eldigitaldeasturias.com\\\/magazine365#listItem\",\"position\":1,\"name\":\"Home\",\"item\":\"https:\\\/\\\/eldigitaldeasturias.com\\\/magazine365\",\"nextItem\":{\"@type\":\"ListItem\",\"@id\":\"https:\\\/\\\/eldigitaldeasturias.com\\\/magazine365\\\/category\\\/actualidad-turismo\\\/#listItem\",\"name\":\"Actualidad Turismo\"}},{\"@type\":\"ListItem\",\"@id\":\"https:\\\/\\\/eldigitaldeasturias.com\\\/magazine365\\\/category\\\/actualidad-turismo\\\/#listItem\",\"position\":2,\"name\":\"Actualidad Turismo\",\"item\":\"https:\\\/\\\/eldigitaldeasturias.com\\\/magazine365\\\/category\\\/actualidad-turismo\\\/\",\"nextItem\":{\"@type\":\"ListItem\",\"@id\":\"https:\\\/\\\/eldigitaldeasturias.com\\\/magazine365\\\/espana-actualiza-su-acuerdo-con-la-organizacion-mundial-de-turismo-para-facilitar-las-reuniones-internacionales\\\/#listItem\",\"name\":\"Espa\\u00f1a actualiza su acuerdo con la Organizaci\\u00f3n Mundial de Turismo para facilitar las reuniones internacionales\"},\"previousItem\":{\"@type\":\"ListItem\",\"@id\":\"https:\\\/\\\/eldigitaldeasturias.com\\\/magazine365#listItem\",\"name\":\"Home\"}},{\"@type\":\"ListItem\",\"@id\":\"https:\\\/\\\/eldigitaldeasturias.com\\\/magazine365\\\/espana-actualiza-su-acuerdo-con-la-organizacion-mundial-de-turismo-para-facilitar-las-reuniones-internacionales\\\/#listItem\",\"position\":3,\"name\":\"Espa\\u00f1a actualiza su acuerdo con la Organizaci\\u00f3n Mundial de Turismo para facilitar las reuniones internacionales\",\"previousItem\":{\"@type\":\"ListItem\",\"@id\":\"https:\\\/\\\/eldigitaldeasturias.com\\\/magazine365\\\/category\\\/actualidad-turismo\\\/#listItem\",\"name\":\"Actualidad Turismo\"}}]},{\"@type\":\"Organization\",\"@id\":\"https:\\\/\\\/eldigitaldeasturias.com\\\/magazine365\\\/#organization\",\"name\":\"El digital de Asturias\",\"description\":\"Revista de ocio, turismo y estilo de vida\",\"url\":\"https:\\\/\\\/eldigitaldeasturias.com\\\/magazine365\\\/\",\"logo\":{\"@type\":\"ImageObject\",\"url\":\"https:\\\/\\\/www.eldigitaldeasturias.com\\\/noticias\\\/wp-content\\\/uploads\\\/2020\\\/12\\\/EDA.jpg\",\"@id\":\"https:\\\/\\\/eldigitaldeasturias.com\\\/magazine365\\\/espana-actualiza-su-acuerdo-con-la-organizacion-mundial-de-turismo-para-facilitar-las-reuniones-internacionales\\\/#organizationLogo\"},\"image\":{\"@id\":\"https:\\\/\\\/eldigitaldeasturias.com\\\/magazine365\\\/espana-actualiza-su-acuerdo-con-la-organizacion-mundial-de-turismo-para-facilitar-las-reuniones-internacionales\\\/#organizationLogo\"}},{\"@type\":\"Person\",\"@id\":\"https:\\\/\\\/eldigitaldeasturias.com\\\/magazine365\\\/author\\\/admin\\\/#author\",\"url\":\"https:\\\/\\\/eldigitaldeasturias.com\\\/magazine365\\\/author\\\/admin\\\/\",\"name\":\"admin\",\"image\":{\"@type\":\"ImageObject\",\"@id\":\"https:\\\/\\\/eldigitaldeasturias.com\\\/magazine365\\\/espana-actualiza-su-acuerdo-con-la-organizacion-mundial-de-turismo-para-facilitar-las-reuniones-internacionales\\\/#authorImage\",\"url\":\"https:\\\/\\\/eldigitaldeasturias.com\\\/magazine365\\\/wp-content\\\/litespeed\\\/avatar\\\/e571bcf59a0edd6fa6838245a470f2fe.jpg?ver=1777574230\",\"width\":96,\"height\":96,\"caption\":\"admin\"}},{\"@type\":\"WebPage\",\"@id\":\"https:\\\/\\\/eldigitaldeasturias.com\\\/magazine365\\\/espana-actualiza-su-acuerdo-con-la-organizacion-mundial-de-turismo-para-facilitar-las-reuniones-internacionales\\\/#webpage\",\"url\":\"https:\\\/\\\/eldigitaldeasturias.com\\\/magazine365\\\/espana-actualiza-su-acuerdo-con-la-organizacion-mundial-de-turismo-para-facilitar-las-reuniones-internacionales\\\/\",\"name\":\"Espa\\u00f1a actualiza su acuerdo con la Organizaci\\u00f3n Mundial de Turismo para facilitar las reuniones internacionales | El Digital de Asturias\",\"description\":\"El Gobierno ha firmado este jueves con la Organizaci\\u00f3n Mundial del Turismo (OMT), \\u00fanica agencia de la ONU con sede en Espa\\u00f1a, un acuerdo que actualiza el estatus jur\\u00eddico de la organizaci\\u00f3n y que facilitar\\u00e1 la organizaci\\u00f3n de reuniones internacionales al regular los privilegios e inmunidades de los que gozar\\u00e1n los asistentes a esos encuentros.\",\"inLanguage\":\"es-ES\",\"isPartOf\":{\"@id\":\"https:\\\/\\\/eldigitaldeasturias.com\\\/magazine365\\\/#website\"},\"breadcrumb\":{\"@id\":\"https:\\\/\\\/eldigitaldeasturias.com\\\/magazine365\\\/espana-actualiza-su-acuerdo-con-la-organizacion-mundial-de-turismo-para-facilitar-las-reuniones-internacionales\\\/#breadcrumblist\"},\"author\":{\"@id\":\"https:\\\/\\\/eldigitaldeasturias.com\\\/magazine365\\\/author\\\/admin\\\/#author\"},\"creator\":{\"@id\":\"https:\\\/\\\/eldigitaldeasturias.com\\\/magazine365\\\/author\\\/admin\\\/#author\"},\"image\":{\"@type\":\"ImageObject\",\"url\":\"https:\\\/\\\/eldigitaldeasturias.com\\\/magazine365\\\/wp-content\\\/uploads\\\/2015\\\/06\\\/fotonoticia_20150625134246_800.jpg\",\"@id\":\"https:\\\/\\\/eldigitaldeasturias.com\\\/magazine365\\\/espana-actualiza-su-acuerdo-con-la-organizacion-mundial-de-turismo-para-facilitar-las-reuniones-internacionales\\\/#mainImage\",\"width\":800,\"height\":533},\"primaryImageOfPage\":{\"@id\":\"https:\\\/\\\/eldigitaldeasturias.com\\\/magazine365\\\/espana-actualiza-su-acuerdo-con-la-organizacion-mundial-de-turismo-para-facilitar-las-reuniones-internacionales\\\/#mainImage\"},\"datePublished\":\"2015-06-25T19:13:08+02:00\",\"dateModified\":\"2015-06-25T19:13:08+02:00\"},{\"@type\":\"WebSite\",\"@id\":\"https:\\\/\\\/eldigitaldeasturias.com\\\/magazine365\\\/#website\",\"url\":\"https:\\\/\\\/eldigitaldeasturias.com\\\/magazine365\\\/\",\"name\":\"El Digital de Asturias\",\"description\":\"Revista de ocio, turismo y estilo de vida\",\"inLanguage\":\"es-ES\",\"publisher\":{\"@id\":\"https:\\\/\\\/eldigitaldeasturias.com\\\/magazine365\\\/#organization\"}}]}\n\t\t<\/script>\n\t\t<!-- All in One SEO Pro -->\r\n\t\t<title>Espa\u00f1a actualiza su acuerdo con la Organizaci\u00f3n Mundial de Turismo para facilitar las reuniones internacionales | El Digital de Asturias<\/title>\n\n","aioseo_head_json":{"title":"Espa\u00f1a actualiza su acuerdo con la Organizaci\u00f3n Mundial de Turismo para facilitar las reuniones internacionales | El Digital de Asturias","description":"El Gobierno ha firmado este jueves con la Organizaci\u00f3n Mundial del Turismo (OMT), \u00fanica agencia de la ONU con sede en Espa\u00f1a, un acuerdo que actualiza el estatus jur\u00eddico de la organizaci\u00f3n y que facilitar\u00e1 la organizaci\u00f3n de reuniones internacionales al regular los privilegios e inmunidades de los que gozar\u00e1n los asistentes a esos encuentros.","canonical_url":"https:\/\/eldigitaldeasturias.com\/magazine365\/espana-actualiza-su-acuerdo-con-la-organizacion-mundial-de-turismo-para-facilitar-las-reuniones-internacionales\/","robots":"max-image-preview:large","keywords":"actualidad turismo","webmasterTools":{"google-site-verification":"UA-38556648-1","miscellaneous":""},"schema":{"@context":"https:\/\/schema.org","@graph":[{"@type":"Article","@id":"https:\/\/eldigitaldeasturias.com\/magazine365\/espana-actualiza-su-acuerdo-con-la-organizacion-mundial-de-turismo-para-facilitar-las-reuniones-internacionales\/#article","name":"Espa\u00f1a actualiza su acuerdo con la Organizaci\u00f3n Mundial de Turismo para facilitar las reuniones internacionales | El Digital de Asturias","headline":"Espa\u00f1a actualiza su acuerdo con la Organizaci\u00f3n Mundial de Turismo para facilitar las reuniones internacionales","author":{"@id":"https:\/\/eldigitaldeasturias.com\/magazine365\/author\/admin\/#author"},"publisher":{"@id":"https:\/\/eldigitaldeasturias.com\/magazine365\/#organization"},"image":{"@type":"ImageObject","url":"https:\/\/eldigitaldeasturias.com\/magazine365\/wp-content\/uploads\/2015\/06\/fotonoticia_20150625134246_800.jpg","width":800,"height":533},"datePublished":"2015-06-25T19:13:08+02:00","dateModified":"2015-06-25T19:13:08+02:00","inLanguage":"es-ES","mainEntityOfPage":{"@id":"https:\/\/eldigitaldeasturias.com\/magazine365\/espana-actualiza-su-acuerdo-con-la-organizacion-mundial-de-turismo-para-facilitar-las-reuniones-internacionales\/#webpage"},"isPartOf":{"@id":"https:\/\/eldigitaldeasturias.com\/magazine365\/espana-actualiza-su-acuerdo-con-la-organizacion-mundial-de-turismo-para-facilitar-las-reuniones-internacionales\/#webpage"},"articleSection":"Actualidad Turismo"},{"@type":"BreadcrumbList","@id":"https:\/\/eldigitaldeasturias.com\/magazine365\/espana-actualiza-su-acuerdo-con-la-organizacion-mundial-de-turismo-para-facilitar-las-reuniones-internacionales\/#breadcrumblist","itemListElement":[{"@type":"ListItem","@id":"https:\/\/eldigitaldeasturias.com\/magazine365#listItem","position":1,"name":"Home","item":"https:\/\/eldigitaldeasturias.com\/magazine365","nextItem":{"@type":"ListItem","@id":"https:\/\/eldigitaldeasturias.com\/magazine365\/category\/actualidad-turismo\/#listItem","name":"Actualidad Turismo"}},{"@type":"ListItem","@id":"https:\/\/eldigitaldeasturias.com\/magazine365\/category\/actualidad-turismo\/#listItem","position":2,"name":"Actualidad Turismo","item":"https:\/\/eldigitaldeasturias.com\/magazine365\/category\/actualidad-turismo\/","nextItem":{"@type":"ListItem","@id":"https:\/\/eldigitaldeasturias.com\/magazine365\/espana-actualiza-su-acuerdo-con-la-organizacion-mundial-de-turismo-para-facilitar-las-reuniones-internacionales\/#listItem","name":"Espa\u00f1a actualiza su acuerdo con la Organizaci\u00f3n Mundial de Turismo para facilitar las reuniones internacionales"},"previousItem":{"@type":"ListItem","@id":"https:\/\/eldigitaldeasturias.com\/magazine365#listItem","name":"Home"}},{"@type":"ListItem","@id":"https:\/\/eldigitaldeasturias.com\/magazine365\/espana-actualiza-su-acuerdo-con-la-organizacion-mundial-de-turismo-para-facilitar-las-reuniones-internacionales\/#listItem","position":3,"name":"Espa\u00f1a actualiza su acuerdo con la Organizaci\u00f3n Mundial de Turismo para facilitar las reuniones internacionales","previousItem":{"@type":"ListItem","@id":"https:\/\/eldigitaldeasturias.com\/magazine365\/category\/actualidad-turismo\/#listItem","name":"Actualidad Turismo"}}]},{"@type":"Organization","@id":"https:\/\/eldigitaldeasturias.com\/magazine365\/#organization","name":"El digital de Asturias","description":"Revista de ocio, turismo y estilo de vida","url":"https:\/\/eldigitaldeasturias.com\/magazine365\/","logo":{"@type":"ImageObject","url":"https:\/\/www.eldigitaldeasturias.com\/noticias\/wp-content\/uploads\/2020\/12\/EDA.jpg","@id":"https:\/\/eldigitaldeasturias.com\/magazine365\/espana-actualiza-su-acuerdo-con-la-organizacion-mundial-de-turismo-para-facilitar-las-reuniones-internacionales\/#organizationLogo"},"image":{"@id":"https:\/\/eldigitaldeasturias.com\/magazine365\/espana-actualiza-su-acuerdo-con-la-organizacion-mundial-de-turismo-para-facilitar-las-reuniones-internacionales\/#organizationLogo"}},{"@type":"Person","@id":"https:\/\/eldigitaldeasturias.com\/magazine365\/author\/admin\/#author","url":"https:\/\/eldigitaldeasturias.com\/magazine365\/author\/admin\/","name":"admin","image":{"@type":"ImageObject","@id":"https:\/\/eldigitaldeasturias.com\/magazine365\/espana-actualiza-su-acuerdo-con-la-organizacion-mundial-de-turismo-para-facilitar-las-reuniones-internacionales\/#authorImage","url":"https:\/\/eldigitaldeasturias.com\/magazine365\/wp-content\/litespeed\/avatar\/e571bcf59a0edd6fa6838245a470f2fe.jpg?ver=1777574230","width":96,"height":96,"caption":"admin"}},{"@type":"WebPage","@id":"https:\/\/eldigitaldeasturias.com\/magazine365\/espana-actualiza-su-acuerdo-con-la-organizacion-mundial-de-turismo-para-facilitar-las-reuniones-internacionales\/#webpage","url":"https:\/\/eldigitaldeasturias.com\/magazine365\/espana-actualiza-su-acuerdo-con-la-organizacion-mundial-de-turismo-para-facilitar-las-reuniones-internacionales\/","name":"Espa\u00f1a actualiza su acuerdo con la Organizaci\u00f3n Mundial de Turismo para facilitar las reuniones internacionales | El Digital de Asturias","description":"El Gobierno ha firmado este jueves con la Organizaci\u00f3n Mundial del Turismo (OMT), \u00fanica agencia de la ONU con sede en Espa\u00f1a, un acuerdo que actualiza el estatus jur\u00eddico de la organizaci\u00f3n y que facilitar\u00e1 la organizaci\u00f3n de reuniones internacionales al regular los privilegios e inmunidades de los que gozar\u00e1n los asistentes a esos encuentros.","inLanguage":"es-ES","isPartOf":{"@id":"https:\/\/eldigitaldeasturias.com\/magazine365\/#website"},"breadcrumb":{"@id":"https:\/\/eldigitaldeasturias.com\/magazine365\/espana-actualiza-su-acuerdo-con-la-organizacion-mundial-de-turismo-para-facilitar-las-reuniones-internacionales\/#breadcrumblist"},"author":{"@id":"https:\/\/eldigitaldeasturias.com\/magazine365\/author\/admin\/#author"},"creator":{"@id":"https:\/\/eldigitaldeasturias.com\/magazine365\/author\/admin\/#author"},"image":{"@type":"ImageObject","url":"https:\/\/eldigitaldeasturias.com\/magazine365\/wp-content\/uploads\/2015\/06\/fotonoticia_20150625134246_800.jpg","@id":"https:\/\/eldigitaldeasturias.com\/magazine365\/espana-actualiza-su-acuerdo-con-la-organizacion-mundial-de-turismo-para-facilitar-las-reuniones-internacionales\/#mainImage","width":800,"height":533},"primaryImageOfPage":{"@id":"https:\/\/eldigitaldeasturias.com\/magazine365\/espana-actualiza-su-acuerdo-con-la-organizacion-mundial-de-turismo-para-facilitar-las-reuniones-internacionales\/#mainImage"},"datePublished":"2015-06-25T19:13:08+02:00","dateModified":"2015-06-25T19:13:08+02:00"},{"@type":"WebSite","@id":"https:\/\/eldigitaldeasturias.com\/magazine365\/#website","url":"https:\/\/eldigitaldeasturias.com\/magazine365\/","name":"El Digital de Asturias","description":"Revista de ocio, turismo y estilo de vida","inLanguage":"es-ES","publisher":{"@id":"https:\/\/eldigitaldeasturias.com\/magazine365\/#organization"}}]},"og:locale":"es_ES","og:site_name":"El Digital de Asturias \u2013 Revista de ocio, turismo y estilo de vida","og:type":"article","og:title":"Espa\u00f1a actualiza su acuerdo con la Organizaci\u00f3n Mundial de Turismo para facilitar las reuniones internacionales | El Digital de Asturias","og:description":"El Gobierno ha firmado este jueves con la Organizaci\u00f3n Mundial del Turismo (OMT), \u00fanica agencia de la ONU con sede en Espa\u00f1a, un acuerdo que actualiza el estatus jur\u00eddico de la organizaci\u00f3n y que facilitar\u00e1 la organizaci\u00f3n de reuniones internacionales al regular los privilegios e inmunidades de los que gozar\u00e1n los asistentes a esos encuentros.","og:url":"https:\/\/eldigitaldeasturias.com\/magazine365\/espana-actualiza-su-acuerdo-con-la-organizacion-mundial-de-turismo-para-facilitar-las-reuniones-internacionales\/","og:image":"https:\/\/eldigitaldeasturias.com\/magazine365\/wp-content\/uploads\/2015\/06\/fotonoticia_20150625134246_800.jpg","og:image:secure_url":"https:\/\/eldigitaldeasturias.com\/magazine365\/wp-content\/uploads\/2015\/06\/fotonoticia_20150625134246_800.jpg","og:image:width":800,"og:image:height":533,"article:published_time":"2015-06-25T17:43:08+00:00","article:modified_time":"2015-06-25T17:43:08+00:00","twitter:card":"summary_large_image","twitter:title":"Espa\u00f1a actualiza su acuerdo con la Organizaci\u00f3n Mundial de Turismo para facilitar las reuniones internacionales | El Digital de Asturias","twitter:description":"El Gobierno ha firmado este jueves con la Organizaci\u00f3n Mundial del Turismo (OMT), \u00fanica agencia de la ONU con sede en Espa\u00f1a, un acuerdo que actualiza el estatus jur\u00eddico de la organizaci\u00f3n y que facilitar\u00e1 la organizaci\u00f3n de reuniones internacionales al regular los privilegios e inmunidades de los que gozar\u00e1n los asistentes a esos encuentros.","twitter:image":"https:\/\/eldigitaldeasturias.com\/magazine365\/wp-content\/uploads\/2015\/06\/fotonoticia_20150625134246_800.jpg"},"aioseo_meta_data":{"post_id":"40977","title":null,"description":null,"keywords":null,"keyphrases":null,"primary_term":null,"canonical_url":null,"og_title":null,"og_description":null,"og_object_type":"default","og_image_type":"default","og_image_url":null,"og_image_width":null,"og_image_height":null,"og_image_custom_url":null,"og_image_custom_fields":null,"og_video":null,"og_custom_url":null,"og_article_section":null,"og_article_tags":null,"twitter_use_og":false,"twitter_card":"default","twitter_image_type":"default","twitter_image_url":null,"twitter_image_custom_url":null,"twitter_image_custom_fields":null,"twitter_title":null,"twitter_description":null,"schema":{"blockGraphs":[],"customGraphs":[],"default":{"data":{"Article":[],"Course":[],"Dataset":[],"FAQPage":[],"Movie":[],"Person":[],"Product":[],"ProductReview":[],"Car":[],"Recipe":[],"Service":[],"SoftwareApplication":[],"WebPage":[]},"graphName":"","isEnabled":true},"graphs":[],"defaultGraph":"","defaultPostTypeGraph":""},"schema_type":null,"schema_type_options":null,"pillar_content":false,"robots_default":true,"robots_noindex":false,"robots_noarchive":false,"robots_nosnippet":false,"robots_nofollow":false,"robots_noimageindex":false,"robots_noodp":false,"robots_notranslate":false,"robots_max_snippet":null,"robots_max_videopreview":null,"robots_max_imagepreview":"large","priority":null,"frequency":null,"location":null,"local_seo":null,"seo_analyzer_scan_date":"2025-09-19 14:45:57","breadcrumb_settings":null,"limit_modified_date":false,"open_ai":null,"ai":null,"created":"2021-03-09 02:21:53","updated":"2025-09-19 14:45:57"},"aioseo_breadcrumb":"<div class=\"aioseo-breadcrumbs\"><span class=\"aioseo-breadcrumb\">\n\t<a href=\"https:\/\/eldigitaldeasturias.com\/magazine365\" title=\"Home\">Home<\/a>\n<\/span><span class=\"aioseo-breadcrumb-separator\">\u2013<\/span><span class=\"aioseo-breadcrumb\">\n\t<a href=\"https:\/\/eldigitaldeasturias.com\/magazine365\/category\/actualidad-turismo\/\" title=\"Actualidad Turismo\">Actualidad Turismo<\/a>\n<\/span><span class=\"aioseo-breadcrumb-separator\">\u2013<\/span><span class=\"aioseo-breadcrumb\">\n\t<a href=\"https:\/\/eldigitaldeasturias.com\/magazine365\/espana-actualiza-su-acuerdo-con-la-organizacion-mundial-de-turismo-para-facilitar-las-reuniones-internacionales\/\" title=\"Espa\u00f1a actualiza su acuerdo con la Organizaci\u00f3n Mundial de Turismo para facilitar las reuniones internacionales\">Espa\u00f1a actualiza su acuerdo con la Organizaci\u00f3n Mundial de Turismo para facilitar las reuniones internacionales<\/a>\n<\/span><\/div>","aioseo_breadcrumb_json":[{"label":"Home","link":"https:\/\/eldigitaldeasturias.com\/magazine365"},{"label":"Actualidad Turismo","link":"https:\/\/eldigitaldeasturias.com\/magazine365\/category\/actualidad-turismo\/"},{"label":"Espa\u00f1a actualiza su acuerdo con la Organizaci\u00f3n Mundial de Turismo para facilitar las reuniones internacionales","link":"https:\/\/eldigitaldeasturias.com\/magazine365\/espana-actualiza-su-acuerdo-con-la-organizacion-mundial-de-turismo-para-facilitar-las-reuniones-internacionales\/"}],"_links":{"self":[{"href":"https:\/\/eldigitaldeasturias.com\/magazine365\/wp-json\/wp\/v2\/posts\/40977","targetHints":{"allow":["GET"]}}],"collection":[{"href":"https:\/\/eldigitaldeasturias.com\/magazine365\/wp-json\/wp\/v2\/posts"}],"about":[{"href":"https:\/\/eldigitaldeasturias.com\/magazine365\/wp-json\/wp\/v2\/types\/post"}],"author":[{"embeddable":true,"href":"https:\/\/eldigitaldeasturias.com\/magazine365\/wp-json\/wp\/v2\/users\/1"}],"replies":[{"embeddable":true,"href":"https:\/\/eldigitaldeasturias.com\/magazine365\/wp-json\/wp\/v2\/comments?post=40977"}],"version-history":[{"count":0,"href":"https:\/\/eldigitaldeasturias.com\/magazine365\/wp-json\/wp\/v2\/posts\/40977\/revisions"}],"wp:featuredmedia":[{"embeddable":true,"href":"https:\/\/eldigitaldeasturias.com\/magazine365\/wp-json\/wp\/v2\/media\/40978"}],"wp:attachment":[{"href":"https:\/\/eldigitaldeasturias.com\/magazine365\/wp-json\/wp\/v2\/media?parent=40977"}],"wp:term":[{"taxonomy":"category","embeddable":true,"href":"https:\/\/eldigitaldeasturias.com\/magazine365\/wp-json\/wp\/v2\/categories?post=40977"},{"taxonomy":"post_tag","embeddable":true,"href":"https:\/\/eldigitaldeasturias.com\/magazine365\/wp-json\/wp\/v2\/tags?post=40977"}],"curies":[{"name":"wp","href":"https:\/\/api.w.org\/{rel}","templated":true}]}}