{"id":40974,"date":"2015-06-25T19:04:14","date_gmt":"2015-06-25T17:34:14","guid":{"rendered":"http:\/\/eldigitaldeasturias.com\/magazine365\/?p=40974"},"modified":"2015-06-25T19:04:14","modified_gmt":"2015-06-25T17:34:14","slug":"amadeus-abonara-un-dividendo-complementario-de-038-euros-por-titulo","status":"publish","type":"post","link":"https:\/\/eldigitaldeasturias.com\/magazine365\/amadeus-abonara-un-dividendo-complementario-de-038-euros-por-titulo\/","title":{"rendered":"Amadeus abonar\u00e1 un dividendo complementario de 0,38 euros por t\u00edtulo"},"content":{"rendered":"<p><img fetchpriority=\"high\" decoding=\"async\" class=\"alignleft size-medium wp-image-40975\" src=\"https:\/\/eldigitaldeasturias.com\/magazine365\/wp-content\/uploads\/2015\/06\/fotonoticia_20150625133259_800-360x270.jpg\" alt=\"fotonoticia_20150625133259_800\" width=\"360\" height=\"270\" srcset=\"https:\/\/eldigitaldeasturias.com\/magazine365\/wp-content\/uploads\/2015\/06\/fotonoticia_20150625133259_800-360x270.jpg 360w, https:\/\/eldigitaldeasturias.com\/magazine365\/wp-content\/uploads\/2015\/06\/fotonoticia_20150625133259_800-650x488.jpg 650w, https:\/\/eldigitaldeasturias.com\/magazine365\/wp-content\/uploads\/2015\/06\/fotonoticia_20150625133259_800-768x577.jpg 768w, https:\/\/eldigitaldeasturias.com\/magazine365\/wp-content\/uploads\/2015\/06\/fotonoticia_20150625133259_800-150x113.jpg 150w, https:\/\/eldigitaldeasturias.com\/magazine365\/wp-content\/uploads\/2015\/06\/fotonoticia_20150625133259_800-450x338.jpg 450w, https:\/\/eldigitaldeasturias.com\/magazine365\/wp-content\/uploads\/2015\/06\/fotonoticia_20150625133259_800-80x60.jpg 80w, https:\/\/eldigitaldeasturias.com\/magazine365\/wp-content\/uploads\/2015\/06\/fotonoticia_20150625133259_800-265x198.jpg 265w, https:\/\/eldigitaldeasturias.com\/magazine365\/wp-content\/uploads\/2015\/06\/fotonoticia_20150625133259_800-696x523.jpg 696w, https:\/\/eldigitaldeasturias.com\/magazine365\/wp-content\/uploads\/2015\/06\/fotonoticia_20150625133259_800-559x420.jpg 559w, https:\/\/eldigitaldeasturias.com\/magazine365\/wp-content\/uploads\/2015\/06\/fotonoticia_20150625133259_800-90x67.jpg 90w, https:\/\/eldigitaldeasturias.com\/magazine365\/wp-content\/uploads\/2015\/06\/fotonoticia_20150625133259_800-100x75.jpg 100w, https:\/\/eldigitaldeasturias.com\/magazine365\/wp-content\/uploads\/2015\/06\/fotonoticia_20150625133259_800.jpg 800w\" sizes=\"(max-width: 360px) 100vw, 360px\" \/>La junta de accionistas de Amadeus IT Group ha aprobado hoy a propuesta del consejo de administraci\u00f3n, el pago de un dividendo complementario de 0,38 euros por acci\u00f3n, que se abonar\u00e1 el 30 de julio, y que se sumar\u00e1 a los 0,32 euros por t\u00edtulo que reparti\u00f3 en enero a cuenta del ejercicio 2014, hasta un dividendo fijo bruto final de 0,70 euros.<\/p>\n<p>En 2014, Amadeus logr\u00f3 un beneficio ajustado de 681,1 millones de euros en 2014, un 9,9% m\u00e1s con respecto a 2013. El beneficio ajustado por acci\u00f3n en 2014 fue de 1,53 euros. A cierre del ejercicio, la relaci\u00f3n precio beneficio era de 21,6 veces.<\/p>\n<p>La compa\u00f1\u00eda mantiene as\u00ed su pol\u00edtica de dividendos, que contempla un reparto (&#8216;pay-out&#8217;) de entre un 40% y un 50% del beneficio consolidado del ejercicio excluidas las partidas extraordinarias, y lo aplica en su rango m\u00e1s alto.<\/p>\n<p>Desde su salida a Bolsa en 2010, la retribuci\u00f3n al accionista en forma de dividendo ha crecido un promedio anual de entre un 25% y un 35%.<\/p>\n<p>Con su programa de recompra de acciones, que constituye una retribuci\u00f3n extraordinaria, con cargo al ejercicio 2014, los accionistas percibir\u00e1n el dividendo ordinario y la remuneraci\u00f3n extraordinaria, lo que supone un incremento del 126% respecto a la percibida en 2013.<\/p>\n<p>Durante su intervenci\u00f3n en la junta de accionistas, el consejero delegado de Amadeus, Luis Maroto, se\u00f1al\u00f3 que la compa\u00f1\u00eda seguir\u00e1 durante 2015 avanzando en su proceso de diversificaci\u00f3n de su cartera de soluciones tecnol\u00f3gicas para el sector de viajes para otros segmentos como los hoteles, los trenes, las soluciones m\u00f3viles, de pago y de &#8216;Business Intelligence&#8217;.<\/p>\n<p>FLUJO DE CAJA.<\/p>\n<p>Amadeus prev\u00e9 durante este ejercicio generar un flujo de caja de entre 600 y 650 millones de euros, manteniendo su ratio neto de endeudamiento para 2015 en una horquilla de entre un 1,0 y un 1,5 veces el resultado bruto de explotaci\u00f3n (Ebitda) estimado.<\/p>\n<p>Con el 64,2% del capital representado, la junta aprob\u00f3 tambi\u00e9n el nombramiento y reelecci\u00f3n de Jos\u00e9 Antonio Taz\u00f3n como consejero independiente, y de otros cuatro consejeros, entre ellos Pierre-Henri Gourgeon, como consejero externo, todos ellos por un a\u00f1o.<\/p>\n<p>Tambi\u00e9n se aprob\u00f3 la retribuci\u00f3n de los miembros del consejo de administraci\u00f3n para el ejercicio 2015, que incluyendo la asignaci\u00f3n fija y la retribuci\u00f3n variable, asciende a una cuant\u00eda m\u00e1xima global de algo m\u00e1s de 1,4 millones de euros.<\/p>\n<p>Asimismo, sali\u00f3 adelante la extensi\u00f3n a los consejeros ejecutivos de la sociedad del Plan de Incentivos para directivos a largo plazo, aprobado en junio de 2012 y consistente en la entrega de acciones, y que en ning\u00fan caso puede exceder del 2,07% del capital.<\/p>\n<p>Entre los puntos del d\u00eda qued\u00f3 aprobada la reducci\u00f3n de capital social mediante la amortizaci\u00f3n de hasta un m\u00e1ximo de 8,75 millones de acciones propias, por valor de 87.594,44 euros, adquiridas a trav\u00e9s de un programa de recompra de t\u00edtulos lanzado por la sociedad y actualmente en autocartera.<\/p>\n<p>El volumen de acciones de Amadeus IT Holding aument\u00f3 hasta el 95,9% del total de acciones de la sociedad, en 2014 debido a la colocaci\u00f3n de acciones en el mercado por parte de Air France (2,8%) y de Malta Pension Investments (3,0%) &#8211;fondo de pensiones de Lufthansa&#8211;; y al programa de recompra de acciones iniciado el 11 de diciembre, cuya finalidad es reducir el capital accionario de la compa\u00f1\u00eda.<\/p>\n","protected":false},"excerpt":{"rendered":"<p>La junta de accionistas de Amadeus IT Group ha aprobado hoy a propuesta del consejo de administraci\u00f3n, el pago de un dividendo complementario de 0,38 euros por acci\u00f3n, que se abonar\u00e1 el 30 de julio, y que se sumar\u00e1 a los 0,32 euros por t\u00edtulo que reparti\u00f3 en enero a cuenta del ejercicio 2014, hasta<\/p>\n","protected":false},"author":1,"featured_media":40975,"comment_status":"open","ping_status":"closed","sticky":false,"template":"","format":"standard","meta":{"footnotes":""},"categories":[222],"tags":[],"class_list":{"0":"post-40974","1":"post","2":"type-post","3":"status-publish","4":"format-standard","5":"has-post-thumbnail","7":"category-actualidad-turismo"},"aioseo_notices":[],"aioseo_head":"\n\t\t<!-- All in One SEO Pro 4.9.6.1 - aioseo.com -->\n\t<meta name=\"description\" content=\"La junta de accionistas de Amadeus IT Group ha aprobado hoy a propuesta del consejo de administraci\u00f3n, el pago de un dividendo complementario de 0,38 euros por acci\u00f3n, que se abonar\u00e1 el 30 de julio, y que se sumar\u00e1 a los 0,32 euros por t\u00edtulo que reparti\u00f3 en enero a cuenta del ejercicio 2014, hasta\" \/>\n\t<meta name=\"robots\" content=\"max-image-preview:large\" \/>\n\t<meta name=\"author\" content=\"admin\"\/>\n\t<meta name=\"google-site-verification\" content=\"UA-38556648-1\" \/>\n\t<meta name=\"keywords\" content=\"actualidad turismo\" \/>\n\t<link rel=\"canonical\" href=\"https:\/\/eldigitaldeasturias.com\/magazine365\/amadeus-abonara-un-dividendo-complementario-de-038-euros-por-titulo\/\" \/>\n\t<meta name=\"generator\" content=\"All in One SEO Pro (AIOSEO) 4.9.6.1\" \/>\n\t\t<meta property=\"og:locale\" content=\"es_ES\" \/>\n\t\t<meta property=\"og:site_name\" content=\"El Digital de Asturias \u2013 Revista de ocio, turismo y estilo de vida\" \/>\n\t\t<meta property=\"og:type\" content=\"article\" \/>\n\t\t<meta property=\"og:title\" content=\"Amadeus abonar\u00e1 un dividendo complementario de 0,38 euros por t\u00edtulo | El Digital de Asturias\" \/>\n\t\t<meta property=\"og:description\" content=\"La junta de accionistas de Amadeus IT Group ha aprobado hoy a propuesta del consejo de administraci\u00f3n, el pago de un dividendo complementario de 0,38 euros por acci\u00f3n, que se abonar\u00e1 el 30 de julio, y que se sumar\u00e1 a los 0,32 euros por t\u00edtulo que reparti\u00f3 en enero a cuenta del ejercicio 2014, hasta\" \/>\n\t\t<meta property=\"og:url\" content=\"https:\/\/eldigitaldeasturias.com\/magazine365\/amadeus-abonara-un-dividendo-complementario-de-038-euros-por-titulo\/\" \/>\n\t\t<meta property=\"og:image\" content=\"https:\/\/eldigitaldeasturias.com\/magazine365\/wp-content\/uploads\/2015\/06\/fotonoticia_20150625133259_800.jpg\" \/>\n\t\t<meta property=\"og:image:secure_url\" content=\"https:\/\/eldigitaldeasturias.com\/magazine365\/wp-content\/uploads\/2015\/06\/fotonoticia_20150625133259_800.jpg\" \/>\n\t\t<meta property=\"og:image:width\" content=\"800\" \/>\n\t\t<meta property=\"og:image:height\" content=\"601\" \/>\n\t\t<meta property=\"article:published_time\" content=\"2015-06-25T17:34:14+00:00\" \/>\n\t\t<meta property=\"article:modified_time\" content=\"2015-06-25T17:34:14+00:00\" \/>\n\t\t<meta name=\"twitter:card\" content=\"summary_large_image\" \/>\n\t\t<meta name=\"twitter:title\" content=\"Amadeus abonar\u00e1 un dividendo complementario de 0,38 euros por t\u00edtulo | El Digital de Asturias\" \/>\n\t\t<meta name=\"twitter:description\" content=\"La junta de accionistas de Amadeus IT Group ha aprobado hoy a propuesta del consejo de administraci\u00f3n, el pago de un dividendo complementario de 0,38 euros por acci\u00f3n, que se abonar\u00e1 el 30 de julio, y que se sumar\u00e1 a los 0,32 euros por t\u00edtulo que reparti\u00f3 en enero a cuenta del ejercicio 2014, hasta\" \/>\n\t\t<meta name=\"twitter:image\" content=\"https:\/\/eldigitaldeasturias.com\/magazine365\/wp-content\/uploads\/2015\/06\/fotonoticia_20150625133259_800.jpg\" \/>\n\t\t<script type=\"application\/ld+json\" class=\"aioseo-schema\">\n\t\t\t{\"@context\":\"https:\\\/\\\/schema.org\",\"@graph\":[{\"@type\":\"Article\",\"@id\":\"https:\\\/\\\/eldigitaldeasturias.com\\\/magazine365\\\/amadeus-abonara-un-dividendo-complementario-de-038-euros-por-titulo\\\/#article\",\"name\":\"Amadeus abonar\\u00e1 un dividendo complementario de 0,38 euros por t\\u00edtulo | El Digital de Asturias\",\"headline\":\"Amadeus abonar\\u00e1 un dividendo complementario de 0,38 euros por t\\u00edtulo\",\"author\":{\"@id\":\"https:\\\/\\\/eldigitaldeasturias.com\\\/magazine365\\\/author\\\/admin\\\/#author\"},\"publisher\":{\"@id\":\"https:\\\/\\\/eldigitaldeasturias.com\\\/magazine365\\\/#organization\"},\"image\":{\"@type\":\"ImageObject\",\"url\":\"https:\\\/\\\/eldigitaldeasturias.com\\\/magazine365\\\/wp-content\\\/uploads\\\/2015\\\/06\\\/fotonoticia_20150625133259_800.jpg\",\"width\":800,\"height\":601},\"datePublished\":\"2015-06-25T19:04:14+02:00\",\"dateModified\":\"2015-06-25T19:04:14+02:00\",\"inLanguage\":\"es-ES\",\"mainEntityOfPage\":{\"@id\":\"https:\\\/\\\/eldigitaldeasturias.com\\\/magazine365\\\/amadeus-abonara-un-dividendo-complementario-de-038-euros-por-titulo\\\/#webpage\"},\"isPartOf\":{\"@id\":\"https:\\\/\\\/eldigitaldeasturias.com\\\/magazine365\\\/amadeus-abonara-un-dividendo-complementario-de-038-euros-por-titulo\\\/#webpage\"},\"articleSection\":\"Actualidad Turismo\"},{\"@type\":\"BreadcrumbList\",\"@id\":\"https:\\\/\\\/eldigitaldeasturias.com\\\/magazine365\\\/amadeus-abonara-un-dividendo-complementario-de-038-euros-por-titulo\\\/#breadcrumblist\",\"itemListElement\":[{\"@type\":\"ListItem\",\"@id\":\"https:\\\/\\\/eldigitaldeasturias.com\\\/magazine365#listItem\",\"position\":1,\"name\":\"Home\",\"item\":\"https:\\\/\\\/eldigitaldeasturias.com\\\/magazine365\",\"nextItem\":{\"@type\":\"ListItem\",\"@id\":\"https:\\\/\\\/eldigitaldeasturias.com\\\/magazine365\\\/category\\\/actualidad-turismo\\\/#listItem\",\"name\":\"Actualidad Turismo\"}},{\"@type\":\"ListItem\",\"@id\":\"https:\\\/\\\/eldigitaldeasturias.com\\\/magazine365\\\/category\\\/actualidad-turismo\\\/#listItem\",\"position\":2,\"name\":\"Actualidad Turismo\",\"item\":\"https:\\\/\\\/eldigitaldeasturias.com\\\/magazine365\\\/category\\\/actualidad-turismo\\\/\",\"nextItem\":{\"@type\":\"ListItem\",\"@id\":\"https:\\\/\\\/eldigitaldeasturias.com\\\/magazine365\\\/amadeus-abonara-un-dividendo-complementario-de-038-euros-por-titulo\\\/#listItem\",\"name\":\"Amadeus abonar\\u00e1 un dividendo complementario de 0,38 euros por t\\u00edtulo\"},\"previousItem\":{\"@type\":\"ListItem\",\"@id\":\"https:\\\/\\\/eldigitaldeasturias.com\\\/magazine365#listItem\",\"name\":\"Home\"}},{\"@type\":\"ListItem\",\"@id\":\"https:\\\/\\\/eldigitaldeasturias.com\\\/magazine365\\\/amadeus-abonara-un-dividendo-complementario-de-038-euros-por-titulo\\\/#listItem\",\"position\":3,\"name\":\"Amadeus abonar\\u00e1 un dividendo complementario de 0,38 euros por t\\u00edtulo\",\"previousItem\":{\"@type\":\"ListItem\",\"@id\":\"https:\\\/\\\/eldigitaldeasturias.com\\\/magazine365\\\/category\\\/actualidad-turismo\\\/#listItem\",\"name\":\"Actualidad Turismo\"}}]},{\"@type\":\"Organization\",\"@id\":\"https:\\\/\\\/eldigitaldeasturias.com\\\/magazine365\\\/#organization\",\"name\":\"El digital de Asturias\",\"description\":\"Revista de ocio, turismo y estilo de vida\",\"url\":\"https:\\\/\\\/eldigitaldeasturias.com\\\/magazine365\\\/\",\"logo\":{\"@type\":\"ImageObject\",\"url\":\"https:\\\/\\\/www.eldigitaldeasturias.com\\\/noticias\\\/wp-content\\\/uploads\\\/2020\\\/12\\\/EDA.jpg\",\"@id\":\"https:\\\/\\\/eldigitaldeasturias.com\\\/magazine365\\\/amadeus-abonara-un-dividendo-complementario-de-038-euros-por-titulo\\\/#organizationLogo\"},\"image\":{\"@id\":\"https:\\\/\\\/eldigitaldeasturias.com\\\/magazine365\\\/amadeus-abonara-un-dividendo-complementario-de-038-euros-por-titulo\\\/#organizationLogo\"}},{\"@type\":\"Person\",\"@id\":\"https:\\\/\\\/eldigitaldeasturias.com\\\/magazine365\\\/author\\\/admin\\\/#author\",\"url\":\"https:\\\/\\\/eldigitaldeasturias.com\\\/magazine365\\\/author\\\/admin\\\/\",\"name\":\"admin\",\"image\":{\"@type\":\"ImageObject\",\"@id\":\"https:\\\/\\\/eldigitaldeasturias.com\\\/magazine365\\\/amadeus-abonara-un-dividendo-complementario-de-038-euros-por-titulo\\\/#authorImage\",\"url\":\"https:\\\/\\\/eldigitaldeasturias.com\\\/magazine365\\\/wp-content\\\/litespeed\\\/avatar\\\/e571bcf59a0edd6fa6838245a470f2fe.jpg?ver=1777574230\",\"width\":96,\"height\":96,\"caption\":\"admin\"}},{\"@type\":\"WebPage\",\"@id\":\"https:\\\/\\\/eldigitaldeasturias.com\\\/magazine365\\\/amadeus-abonara-un-dividendo-complementario-de-038-euros-por-titulo\\\/#webpage\",\"url\":\"https:\\\/\\\/eldigitaldeasturias.com\\\/magazine365\\\/amadeus-abonara-un-dividendo-complementario-de-038-euros-por-titulo\\\/\",\"name\":\"Amadeus abonar\\u00e1 un dividendo complementario de 0,38 euros por t\\u00edtulo | El Digital de Asturias\",\"description\":\"La junta de accionistas de Amadeus IT Group ha aprobado hoy a propuesta del consejo de administraci\\u00f3n, el pago de un dividendo complementario de 0,38 euros por acci\\u00f3n, que se abonar\\u00e1 el 30 de julio, y que se sumar\\u00e1 a los 0,32 euros por t\\u00edtulo que reparti\\u00f3 en enero a cuenta del ejercicio 2014, hasta\",\"inLanguage\":\"es-ES\",\"isPartOf\":{\"@id\":\"https:\\\/\\\/eldigitaldeasturias.com\\\/magazine365\\\/#website\"},\"breadcrumb\":{\"@id\":\"https:\\\/\\\/eldigitaldeasturias.com\\\/magazine365\\\/amadeus-abonara-un-dividendo-complementario-de-038-euros-por-titulo\\\/#breadcrumblist\"},\"author\":{\"@id\":\"https:\\\/\\\/eldigitaldeasturias.com\\\/magazine365\\\/author\\\/admin\\\/#author\"},\"creator\":{\"@id\":\"https:\\\/\\\/eldigitaldeasturias.com\\\/magazine365\\\/author\\\/admin\\\/#author\"},\"image\":{\"@type\":\"ImageObject\",\"url\":\"https:\\\/\\\/eldigitaldeasturias.com\\\/magazine365\\\/wp-content\\\/uploads\\\/2015\\\/06\\\/fotonoticia_20150625133259_800.jpg\",\"@id\":\"https:\\\/\\\/eldigitaldeasturias.com\\\/magazine365\\\/amadeus-abonara-un-dividendo-complementario-de-038-euros-por-titulo\\\/#mainImage\",\"width\":800,\"height\":601},\"primaryImageOfPage\":{\"@id\":\"https:\\\/\\\/eldigitaldeasturias.com\\\/magazine365\\\/amadeus-abonara-un-dividendo-complementario-de-038-euros-por-titulo\\\/#mainImage\"},\"datePublished\":\"2015-06-25T19:04:14+02:00\",\"dateModified\":\"2015-06-25T19:04:14+02:00\"},{\"@type\":\"WebSite\",\"@id\":\"https:\\\/\\\/eldigitaldeasturias.com\\\/magazine365\\\/#website\",\"url\":\"https:\\\/\\\/eldigitaldeasturias.com\\\/magazine365\\\/\",\"name\":\"El Digital de Asturias\",\"description\":\"Revista de ocio, turismo y estilo de vida\",\"inLanguage\":\"es-ES\",\"publisher\":{\"@id\":\"https:\\\/\\\/eldigitaldeasturias.com\\\/magazine365\\\/#organization\"}}]}\n\t\t<\/script>\n\t\t<!-- All in One SEO Pro -->\r\n\t\t<title>Amadeus abonar\u00e1 un dividendo complementario de 0,38 euros por t\u00edtulo | El Digital de Asturias<\/title>\n\n","aioseo_head_json":{"title":"Amadeus abonar\u00e1 un dividendo complementario de 0,38 euros por t\u00edtulo | El Digital de Asturias","description":"La junta de accionistas de Amadeus IT Group ha aprobado hoy a propuesta del consejo de administraci\u00f3n, el pago de un dividendo complementario de 0,38 euros por acci\u00f3n, que se abonar\u00e1 el 30 de julio, y que se sumar\u00e1 a los 0,32 euros por t\u00edtulo que reparti\u00f3 en enero a cuenta del ejercicio 2014, hasta","canonical_url":"https:\/\/eldigitaldeasturias.com\/magazine365\/amadeus-abonara-un-dividendo-complementario-de-038-euros-por-titulo\/","robots":"max-image-preview:large","keywords":"actualidad turismo","webmasterTools":{"google-site-verification":"UA-38556648-1","miscellaneous":""},"schema":{"@context":"https:\/\/schema.org","@graph":[{"@type":"Article","@id":"https:\/\/eldigitaldeasturias.com\/magazine365\/amadeus-abonara-un-dividendo-complementario-de-038-euros-por-titulo\/#article","name":"Amadeus abonar\u00e1 un dividendo complementario de 0,38 euros por t\u00edtulo | El Digital de Asturias","headline":"Amadeus abonar\u00e1 un dividendo complementario de 0,38 euros por t\u00edtulo","author":{"@id":"https:\/\/eldigitaldeasturias.com\/magazine365\/author\/admin\/#author"},"publisher":{"@id":"https:\/\/eldigitaldeasturias.com\/magazine365\/#organization"},"image":{"@type":"ImageObject","url":"https:\/\/eldigitaldeasturias.com\/magazine365\/wp-content\/uploads\/2015\/06\/fotonoticia_20150625133259_800.jpg","width":800,"height":601},"datePublished":"2015-06-25T19:04:14+02:00","dateModified":"2015-06-25T19:04:14+02:00","inLanguage":"es-ES","mainEntityOfPage":{"@id":"https:\/\/eldigitaldeasturias.com\/magazine365\/amadeus-abonara-un-dividendo-complementario-de-038-euros-por-titulo\/#webpage"},"isPartOf":{"@id":"https:\/\/eldigitaldeasturias.com\/magazine365\/amadeus-abonara-un-dividendo-complementario-de-038-euros-por-titulo\/#webpage"},"articleSection":"Actualidad Turismo"},{"@type":"BreadcrumbList","@id":"https:\/\/eldigitaldeasturias.com\/magazine365\/amadeus-abonara-un-dividendo-complementario-de-038-euros-por-titulo\/#breadcrumblist","itemListElement":[{"@type":"ListItem","@id":"https:\/\/eldigitaldeasturias.com\/magazine365#listItem","position":1,"name":"Home","item":"https:\/\/eldigitaldeasturias.com\/magazine365","nextItem":{"@type":"ListItem","@id":"https:\/\/eldigitaldeasturias.com\/magazine365\/category\/actualidad-turismo\/#listItem","name":"Actualidad Turismo"}},{"@type":"ListItem","@id":"https:\/\/eldigitaldeasturias.com\/magazine365\/category\/actualidad-turismo\/#listItem","position":2,"name":"Actualidad Turismo","item":"https:\/\/eldigitaldeasturias.com\/magazine365\/category\/actualidad-turismo\/","nextItem":{"@type":"ListItem","@id":"https:\/\/eldigitaldeasturias.com\/magazine365\/amadeus-abonara-un-dividendo-complementario-de-038-euros-por-titulo\/#listItem","name":"Amadeus abonar\u00e1 un dividendo complementario de 0,38 euros por t\u00edtulo"},"previousItem":{"@type":"ListItem","@id":"https:\/\/eldigitaldeasturias.com\/magazine365#listItem","name":"Home"}},{"@type":"ListItem","@id":"https:\/\/eldigitaldeasturias.com\/magazine365\/amadeus-abonara-un-dividendo-complementario-de-038-euros-por-titulo\/#listItem","position":3,"name":"Amadeus abonar\u00e1 un dividendo complementario de 0,38 euros por t\u00edtulo","previousItem":{"@type":"ListItem","@id":"https:\/\/eldigitaldeasturias.com\/magazine365\/category\/actualidad-turismo\/#listItem","name":"Actualidad Turismo"}}]},{"@type":"Organization","@id":"https:\/\/eldigitaldeasturias.com\/magazine365\/#organization","name":"El digital de Asturias","description":"Revista de ocio, turismo y estilo de vida","url":"https:\/\/eldigitaldeasturias.com\/magazine365\/","logo":{"@type":"ImageObject","url":"https:\/\/www.eldigitaldeasturias.com\/noticias\/wp-content\/uploads\/2020\/12\/EDA.jpg","@id":"https:\/\/eldigitaldeasturias.com\/magazine365\/amadeus-abonara-un-dividendo-complementario-de-038-euros-por-titulo\/#organizationLogo"},"image":{"@id":"https:\/\/eldigitaldeasturias.com\/magazine365\/amadeus-abonara-un-dividendo-complementario-de-038-euros-por-titulo\/#organizationLogo"}},{"@type":"Person","@id":"https:\/\/eldigitaldeasturias.com\/magazine365\/author\/admin\/#author","url":"https:\/\/eldigitaldeasturias.com\/magazine365\/author\/admin\/","name":"admin","image":{"@type":"ImageObject","@id":"https:\/\/eldigitaldeasturias.com\/magazine365\/amadeus-abonara-un-dividendo-complementario-de-038-euros-por-titulo\/#authorImage","url":"https:\/\/eldigitaldeasturias.com\/magazine365\/wp-content\/litespeed\/avatar\/e571bcf59a0edd6fa6838245a470f2fe.jpg?ver=1777574230","width":96,"height":96,"caption":"admin"}},{"@type":"WebPage","@id":"https:\/\/eldigitaldeasturias.com\/magazine365\/amadeus-abonara-un-dividendo-complementario-de-038-euros-por-titulo\/#webpage","url":"https:\/\/eldigitaldeasturias.com\/magazine365\/amadeus-abonara-un-dividendo-complementario-de-038-euros-por-titulo\/","name":"Amadeus abonar\u00e1 un dividendo complementario de 0,38 euros por t\u00edtulo | El Digital de Asturias","description":"La junta de accionistas de Amadeus IT Group ha aprobado hoy a propuesta del consejo de administraci\u00f3n, el pago de un dividendo complementario de 0,38 euros por acci\u00f3n, que se abonar\u00e1 el 30 de julio, y que se sumar\u00e1 a los 0,32 euros por t\u00edtulo que reparti\u00f3 en enero a cuenta del ejercicio 2014, hasta","inLanguage":"es-ES","isPartOf":{"@id":"https:\/\/eldigitaldeasturias.com\/magazine365\/#website"},"breadcrumb":{"@id":"https:\/\/eldigitaldeasturias.com\/magazine365\/amadeus-abonara-un-dividendo-complementario-de-038-euros-por-titulo\/#breadcrumblist"},"author":{"@id":"https:\/\/eldigitaldeasturias.com\/magazine365\/author\/admin\/#author"},"creator":{"@id":"https:\/\/eldigitaldeasturias.com\/magazine365\/author\/admin\/#author"},"image":{"@type":"ImageObject","url":"https:\/\/eldigitaldeasturias.com\/magazine365\/wp-content\/uploads\/2015\/06\/fotonoticia_20150625133259_800.jpg","@id":"https:\/\/eldigitaldeasturias.com\/magazine365\/amadeus-abonara-un-dividendo-complementario-de-038-euros-por-titulo\/#mainImage","width":800,"height":601},"primaryImageOfPage":{"@id":"https:\/\/eldigitaldeasturias.com\/magazine365\/amadeus-abonara-un-dividendo-complementario-de-038-euros-por-titulo\/#mainImage"},"datePublished":"2015-06-25T19:04:14+02:00","dateModified":"2015-06-25T19:04:14+02:00"},{"@type":"WebSite","@id":"https:\/\/eldigitaldeasturias.com\/magazine365\/#website","url":"https:\/\/eldigitaldeasturias.com\/magazine365\/","name":"El Digital de Asturias","description":"Revista de ocio, turismo y estilo de vida","inLanguage":"es-ES","publisher":{"@id":"https:\/\/eldigitaldeasturias.com\/magazine365\/#organization"}}]},"og:locale":"es_ES","og:site_name":"El Digital de Asturias \u2013 Revista de ocio, turismo y estilo de vida","og:type":"article","og:title":"Amadeus abonar\u00e1 un dividendo complementario de 0,38 euros por t\u00edtulo | El Digital de Asturias","og:description":"La junta de accionistas de Amadeus IT Group ha aprobado hoy a propuesta del consejo de administraci\u00f3n, el pago de un dividendo complementario de 0,38 euros por acci\u00f3n, que se abonar\u00e1 el 30 de julio, y que se sumar\u00e1 a los 0,32 euros por t\u00edtulo que reparti\u00f3 en enero a cuenta del ejercicio 2014, hasta","og:url":"https:\/\/eldigitaldeasturias.com\/magazine365\/amadeus-abonara-un-dividendo-complementario-de-038-euros-por-titulo\/","og:image":"https:\/\/eldigitaldeasturias.com\/magazine365\/wp-content\/uploads\/2015\/06\/fotonoticia_20150625133259_800.jpg","og:image:secure_url":"https:\/\/eldigitaldeasturias.com\/magazine365\/wp-content\/uploads\/2015\/06\/fotonoticia_20150625133259_800.jpg","og:image:width":800,"og:image:height":601,"article:published_time":"2015-06-25T17:34:14+00:00","article:modified_time":"2015-06-25T17:34:14+00:00","twitter:card":"summary_large_image","twitter:title":"Amadeus abonar\u00e1 un dividendo complementario de 0,38 euros por t\u00edtulo | El Digital de Asturias","twitter:description":"La junta de accionistas de Amadeus IT Group ha aprobado hoy a propuesta del consejo de administraci\u00f3n, el pago de un dividendo complementario de 0,38 euros por acci\u00f3n, que se abonar\u00e1 el 30 de julio, y que se sumar\u00e1 a los 0,32 euros por t\u00edtulo que reparti\u00f3 en enero a cuenta del ejercicio 2014, hasta","twitter:image":"https:\/\/eldigitaldeasturias.com\/magazine365\/wp-content\/uploads\/2015\/06\/fotonoticia_20150625133259_800.jpg"},"aioseo_meta_data":{"post_id":"40974","title":null,"description":null,"keywords":null,"keyphrases":null,"primary_term":null,"canonical_url":null,"og_title":null,"og_description":null,"og_object_type":"default","og_image_type":"default","og_image_url":null,"og_image_width":null,"og_image_height":null,"og_image_custom_url":null,"og_image_custom_fields":null,"og_video":null,"og_custom_url":null,"og_article_section":null,"og_article_tags":null,"twitter_use_og":false,"twitter_card":"default","twitter_image_type":"default","twitter_image_url":null,"twitter_image_custom_url":null,"twitter_image_custom_fields":null,"twitter_title":null,"twitter_description":null,"schema":{"blockGraphs":[],"customGraphs":[],"default":{"data":{"Article":[],"Course":[],"Dataset":[],"FAQPage":[],"Movie":[],"Person":[],"Product":[],"ProductReview":[],"Car":[],"Recipe":[],"Service":[],"SoftwareApplication":[],"WebPage":[]},"graphName":"","isEnabled":true},"graphs":[],"defaultGraph":"","defaultPostTypeGraph":""},"schema_type":null,"schema_type_options":null,"pillar_content":false,"robots_default":true,"robots_noindex":false,"robots_noarchive":false,"robots_nosnippet":false,"robots_nofollow":false,"robots_noimageindex":false,"robots_noodp":false,"robots_notranslate":false,"robots_max_snippet":null,"robots_max_videopreview":null,"robots_max_imagepreview":"large","priority":null,"frequency":null,"location":null,"local_seo":null,"seo_analyzer_scan_date":"2025-09-19 14:44:40","breadcrumb_settings":null,"limit_modified_date":false,"open_ai":null,"ai":null,"created":"2021-03-09 02:21:53","updated":"2025-09-19 14:44:40"},"aioseo_breadcrumb":"<div class=\"aioseo-breadcrumbs\"><span class=\"aioseo-breadcrumb\">\n\t<a href=\"https:\/\/eldigitaldeasturias.com\/magazine365\" title=\"Home\">Home<\/a>\n<\/span><span class=\"aioseo-breadcrumb-separator\">\u2013<\/span><span class=\"aioseo-breadcrumb\">\n\t<a href=\"https:\/\/eldigitaldeasturias.com\/magazine365\/category\/actualidad-turismo\/\" title=\"Actualidad Turismo\">Actualidad Turismo<\/a>\n<\/span><span class=\"aioseo-breadcrumb-separator\">\u2013<\/span><span class=\"aioseo-breadcrumb\">\n\t<a href=\"https:\/\/eldigitaldeasturias.com\/magazine365\/amadeus-abonara-un-dividendo-complementario-de-038-euros-por-titulo\/\" title=\"Amadeus abonar\u00e1 un dividendo complementario de 0,38 euros por t\u00edtulo\">Amadeus abonar\u00e1 un dividendo complementario de 0,38 euros por t\u00edtulo<\/a>\n<\/span><\/div>","aioseo_breadcrumb_json":[{"label":"Home","link":"https:\/\/eldigitaldeasturias.com\/magazine365"},{"label":"Actualidad Turismo","link":"https:\/\/eldigitaldeasturias.com\/magazine365\/category\/actualidad-turismo\/"},{"label":"Amadeus abonar\u00e1 un dividendo complementario de 0,38 euros por t\u00edtulo","link":"https:\/\/eldigitaldeasturias.com\/magazine365\/amadeus-abonara-un-dividendo-complementario-de-038-euros-por-titulo\/"}],"_links":{"self":[{"href":"https:\/\/eldigitaldeasturias.com\/magazine365\/wp-json\/wp\/v2\/posts\/40974","targetHints":{"allow":["GET"]}}],"collection":[{"href":"https:\/\/eldigitaldeasturias.com\/magazine365\/wp-json\/wp\/v2\/posts"}],"about":[{"href":"https:\/\/eldigitaldeasturias.com\/magazine365\/wp-json\/wp\/v2\/types\/post"}],"author":[{"embeddable":true,"href":"https:\/\/eldigitaldeasturias.com\/magazine365\/wp-json\/wp\/v2\/users\/1"}],"replies":[{"embeddable":true,"href":"https:\/\/eldigitaldeasturias.com\/magazine365\/wp-json\/wp\/v2\/comments?post=40974"}],"version-history":[{"count":0,"href":"https:\/\/eldigitaldeasturias.com\/magazine365\/wp-json\/wp\/v2\/posts\/40974\/revisions"}],"wp:featuredmedia":[{"embeddable":true,"href":"https:\/\/eldigitaldeasturias.com\/magazine365\/wp-json\/wp\/v2\/media\/40975"}],"wp:attachment":[{"href":"https:\/\/eldigitaldeasturias.com\/magazine365\/wp-json\/wp\/v2\/media?parent=40974"}],"wp:term":[{"taxonomy":"category","embeddable":true,"href":"https:\/\/eldigitaldeasturias.com\/magazine365\/wp-json\/wp\/v2\/categories?post=40974"},{"taxonomy":"post_tag","embeddable":true,"href":"https:\/\/eldigitaldeasturias.com\/magazine365\/wp-json\/wp\/v2\/tags?post=40974"}],"curies":[{"name":"wp","href":"https:\/\/api.w.org\/{rel}","templated":true}]}}