{"id":40964,"date":"2015-06-25T14:06:39","date_gmt":"2015-06-25T12:36:39","guid":{"rendered":"http:\/\/eldigitaldeasturias.com\/magazine365\/?p=40964"},"modified":"2015-06-25T14:06:39","modified_gmt":"2015-06-25T12:36:39","slug":"exceltur-solicita-una-regulacion-del-alojamiento-del-alquiler-turistico","status":"publish","type":"post","link":"https:\/\/eldigitaldeasturias.com\/magazine365\/exceltur-solicita-una-regulacion-del-alojamiento-del-alquiler-turistico\/","title":{"rendered":"Exceltur solicita una regulaci\u00f3n del alojamiento del alquiler tur\u00edstico"},"content":{"rendered":"<p><img fetchpriority=\"high\" decoding=\"async\" class=\"alignleft size-medium wp-image-40965\" src=\"https:\/\/eldigitaldeasturias.com\/magazine365\/wp-content\/uploads\/2015\/06\/fotonoticia_20150625123419_800-360x270.jpg\" alt=\"fotonoticia_20150625123419_800\" width=\"360\" height=\"270\" srcset=\"https:\/\/eldigitaldeasturias.com\/magazine365\/wp-content\/uploads\/2015\/06\/fotonoticia_20150625123419_800-360x270.jpg 360w, https:\/\/eldigitaldeasturias.com\/magazine365\/wp-content\/uploads\/2015\/06\/fotonoticia_20150625123419_800-650x488.jpg 650w, https:\/\/eldigitaldeasturias.com\/magazine365\/wp-content\/uploads\/2015\/06\/fotonoticia_20150625123419_800-768x576.jpg 768w, https:\/\/eldigitaldeasturias.com\/magazine365\/wp-content\/uploads\/2015\/06\/fotonoticia_20150625123419_800-150x113.jpg 150w, https:\/\/eldigitaldeasturias.com\/magazine365\/wp-content\/uploads\/2015\/06\/fotonoticia_20150625123419_800-450x338.jpg 450w, https:\/\/eldigitaldeasturias.com\/magazine365\/wp-content\/uploads\/2015\/06\/fotonoticia_20150625123419_800-80x60.jpg 80w, https:\/\/eldigitaldeasturias.com\/magazine365\/wp-content\/uploads\/2015\/06\/fotonoticia_20150625123419_800-265x198.jpg 265w, https:\/\/eldigitaldeasturias.com\/magazine365\/wp-content\/uploads\/2015\/06\/fotonoticia_20150625123419_800-696x522.jpg 696w, https:\/\/eldigitaldeasturias.com\/magazine365\/wp-content\/uploads\/2015\/06\/fotonoticia_20150625123419_800-560x420.jpg 560w, https:\/\/eldigitaldeasturias.com\/magazine365\/wp-content\/uploads\/2015\/06\/fotonoticia_20150625123419_800-90x67.jpg 90w, https:\/\/eldigitaldeasturias.com\/magazine365\/wp-content\/uploads\/2015\/06\/fotonoticia_20150625123419_800-100x75.jpg 100w, https:\/\/eldigitaldeasturias.com\/magazine365\/wp-content\/uploads\/2015\/06\/fotonoticia_20150625123419_800.jpg 800w\" sizes=\"(max-width: 360px) 100vw, 360px\" \/>El sector tur\u00edstico pide una ordenaci\u00f3n de la situaci\u00f3n del alojamiento en viviendas de alquiler tur\u00edstico en Espa\u00f1a para desarrollar un modelo tur\u00edstico nacional m\u00e1s sostenible y generador de empleo y de crecimiento econ\u00f3mico.<\/p>\n<p>En las conclusiones del informe &#8216;Impactos sociales y econ\u00f3micos sobre los destinos espa\u00f1oles derivados del exponencial aumento del alquiler de viviendas tur\u00edsticas de corta duraci\u00f3n, impulsado por los nuevos modelos y canales de comercializaci\u00f3n P2P&#8217;, elaborado por la Alianza para la Excelencia Tur\u00edstica (Exceltur) se insta a todas las instituciones a realizar una acci\u00f3n coordinada que logre mantener y mejorar el atractivo tur\u00edstico espa\u00f1ol.<\/p>\n<p>\u00abEste es un negocio claramente lucrativo y tenemos que buscar el mejor encaje entre los actores econ\u00f3mico en contextos sociales y ciudadanos procurando mantener una competitividad equitativa no afectando al modelo tur\u00edstico espa\u00f1ol con ofertas que no coincidan con la estrategia de posicionamiento tur\u00edstico de destinos\u00bb, explic\u00f3 el vicepresidente ejecutivo de Exceltur, Jos\u00e9 Luis Zoreda.<\/p>\n<p>Exceltur considera que \u00abse debe poner en marcha una actuaci\u00f3n legal que regularice estos servicios con el objetivo de establecer los par\u00e1metros viables para conseguir que todos aquellos actores lo hagan de manera legal\u00bb.<\/p>\n<p>\u00abEs un fen\u00f3meno que se debe tomar con seriedad. En este momento de cambios de reg\u00edmenes locales tenemos una oportunidad \u00fanica para tratar de reflexionar sobre el desarrollo de este fen\u00f3meno en los distintos lugares de Espa\u00f1a\u00bb, asegur\u00f3 Zoreda, quien solicit\u00f3 un marco regulatorio \u00abclaro, espec\u00edfico, concreto y proporcional\u00bb.<\/p>\n<p>Las recomendaciones que plantea este estudio responden a un planteamiento integral que persigue sea factible en cuanto a su cumplimiento, por lo que se considera clave la involucraci\u00f3n de las plataformas y el resto de intermediarios del mercado del alquiler vacacional tur\u00edstico en Espa\u00f1a.<\/p>\n<p>En este punto se solicit\u00f3 la colaboraci\u00f3n de las plataformas, \u00abclaves para controlar este fen\u00f3meno\u00bb, para que asuma su corresponsabilidad en este fen\u00f3meno. Por ello, solicitan una \u00abno neutralidad\u00bb de las mismas y que colaboren con la Secretar\u00eda de Estado de Telecomunicaciones para que sean responsables subsidiarios de controlar la normativa de todo lo que se sube a sus plataformas.<\/p>\n<p>Finalmente, insta a una respuesta similar a escala europea, ya que considera que los operadores digitales est\u00e1n actuando desde un planteamiento global y con unas responsabilidades legales que en su mayor\u00eda emanan del marco comunitario.<\/p>\n<p>RECOMENDACIONES CONCRETAS.<\/p>\n<p>Desde estas premisas se proponen una serie recomendaciones concretas sobre diversos elementos a incorporar en la legislaci\u00f3n espa\u00f1ola que pivotan sobre tres instrumentos regulatorios: la exigencia del cumplimiento de la normativa al igual que los alojamientos reglados, el desarrollo normativo de la forma m\u00e1s homog\u00e9nea posible en el pa\u00eds y la modificaci\u00f3n de normativa existente clave para el control y cumplimiento de los objetivos.<\/p>\n<p>\u00abEl primer sector de la econom\u00eda espa\u00f1ola no puede tener un 120% de viviendas en alquiler alegal frente a un r\u00e9gimen regulado. Hay que competir en igualdad\u00bb, subray\u00f3 Zoreda.<\/p>\n<p>A nivel de Estado se solicita al Gobierno central que promueva y lidere un posicionamiento y una pol\u00edtica de actuaci\u00f3n com\u00fan en todo el pa\u00eds teniendo en cuenta el car\u00e1cter estrat\u00e9gico de la actividad tur\u00edstica en t\u00e9rminos de empleo, contribuci\u00f3n al PIB y recuperaci\u00f3n econ\u00f3mica espa\u00f1ola.<\/p>\n<p>Por ello, se solicita considerar este oferta de alquiler de viviendas como alojamiento tur\u00edstico, lo que supone la exigencia de los requisitos inherentes a los establecimientos de p\u00fablica concurrencia en materia de seguridad y protecci\u00f3n. Exceltur asegura que ha mantenido varias reuniones con Industria y que ha detectado \u00abuna voluntad propicia para atender a la sugerencias planteadas\u00bb.<\/p>\n<p>Tambi\u00e9n se pide impulsar una mayor equidad en el tratamiento impositivo del alojamiento en viviendas de uso tur\u00edstico, frente al que rige sobre otras tipolog\u00edas regladas, as\u00ed como garantizar el cumplimiento de las normativas vigentes que afectan al uso tur\u00edstico de las viviendas.<\/p>\n<p>\u00abSentimos que esta desigualdad impositiva estimula la econom\u00eda sumergida y si las arcas p\u00fablicas en estos momentos necesitan fondos, esta corresponsabilidad fiscal es imprescindible\u00bb, aseguran desde Exceltur.<\/p>\n<p>Para finalizar exigen al Estado el cumplimiento de los protocolos de seguridad nacional en materia de informaci\u00f3n sobre los hu\u00e9spedes, con el env\u00edo de la identificaci\u00f3n correspondiente (ficha de la polic\u00eda) de aquellos que alquilen la vivienda.<\/p>\n<p>En el \u00e1mbito auton\u00f3mico el informe recomienda establecer un conjunto de garant\u00edas m\u00ednimas de seguridad al turista tales como: seguro de responsabilidad civil, plan de emergencia, sistema de alumbrado, se\u00f1alizaci\u00f3n de evacuaci\u00f3n, extintores, tel\u00e9fono de asistencia 24 horas y medidas peri\u00f3dicas de desinfecci\u00f3n.<\/p>\n<p>Adem\u00e1s solicita garantizar unos derechos de informaci\u00f3n del turista, para un conocimiento previo de los vecinos, exigiendo entre otros elementos la existencia de un contrato, la publicaci\u00f3n de forma clara el precio, ubicaci\u00f3n y caracter\u00edstica as\u00ed como la exhibici\u00f3n de una placa distintiva en los accesos a la vivienda, entre otros elementos.<\/p>\n<p>Tambi\u00e9n ser\u00eda competencia de las comunidades aut\u00f3nomas la exigencia de un m\u00ednimo de dotaciones de calidad b\u00e1sica en las viviendas que aseguren la m\u00e1xima satisfacci\u00f3n del cliente en t\u00e9rminos de estado de las instalaciones y limpieza (mobiliario, menaje de cocina, ropa de cama, climatizaci\u00f3n adecuada).<\/p>\n<p>Para finalizar el informe tambi\u00e9n determina que los ayuntamientos son los responsables de determinar los ritmos de crecimiento y la localizaci\u00f3n f\u00edsica m\u00e1s adecuada de esta oferta de alojamiento de alquiler que responda al modelo urbano y posicionamiento tur\u00edstico objetivo. Por ello, ven muy positivo la propuesta de la alcaldesa de Barcelona, Ada Colau, de revisar las estrategias de la ciudad sobre este fen\u00f3meno.<\/p>\n<p>Para finalizar, Exceltur considera que los municipios espa\u00f1oles deben exigir de forma concreta una licencia de actividad econ\u00f3mica para el desarrollo de esta actividad, as\u00ed como el establecimiento de una zonificaci\u00f3n de la ciudad en funci\u00f3n de su modelo urbano y capacidad de carga tur\u00edstica para adecuarlo a la convivencia social.<\/p>\n","protected":false},"excerpt":{"rendered":"<p>El sector tur\u00edstico pide una ordenaci\u00f3n de la situaci\u00f3n del alojamiento en viviendas de alquiler tur\u00edstico en Espa\u00f1a para desarrollar un modelo tur\u00edstico nacional m\u00e1s sostenible y generador de empleo y de crecimiento econ\u00f3mico. En las conclusiones del informe &#8216;Impactos sociales y econ\u00f3micos sobre los destinos espa\u00f1oles derivados del exponencial aumento del alquiler de viviendas<\/p>\n","protected":false},"author":1,"featured_media":40965,"comment_status":"open","ping_status":"closed","sticky":false,"template":"","format":"standard","meta":{"footnotes":""},"categories":[222],"tags":[],"class_list":{"0":"post-40964","1":"post","2":"type-post","3":"status-publish","4":"format-standard","5":"has-post-thumbnail","7":"category-actualidad-turismo"},"aioseo_notices":[],"aioseo_head":"\n\t\t<!-- All in One SEO Pro 4.9.6.1 - aioseo.com -->\n\t<meta name=\"description\" content=\"El sector tur\u00edstico pide una ordenaci\u00f3n de la situaci\u00f3n del alojamiento en viviendas de alquiler tur\u00edstico en Espa\u00f1a para desarrollar un modelo tur\u00edstico nacional m\u00e1s sostenible y generador de empleo y de crecimiento econ\u00f3mico. En las conclusiones del informe &#039;Impactos sociales y econ\u00f3micos sobre los destinos espa\u00f1oles derivados del exponencial aumento del alquiler de viviendas\" \/>\n\t<meta name=\"robots\" content=\"max-image-preview:large\" \/>\n\t<meta name=\"author\" content=\"admin\"\/>\n\t<meta name=\"google-site-verification\" content=\"UA-38556648-1\" \/>\n\t<meta name=\"keywords\" content=\"actualidad turismo\" \/>\n\t<link rel=\"canonical\" href=\"https:\/\/eldigitaldeasturias.com\/magazine365\/exceltur-solicita-una-regulacion-del-alojamiento-del-alquiler-turistico\/\" \/>\n\t<meta name=\"generator\" content=\"All in One SEO Pro (AIOSEO) 4.9.6.1\" \/>\n\t\t<meta property=\"og:locale\" content=\"es_ES\" \/>\n\t\t<meta property=\"og:site_name\" content=\"El Digital de Asturias \u2013 Revista de ocio, turismo y estilo de vida\" \/>\n\t\t<meta property=\"og:type\" content=\"article\" \/>\n\t\t<meta property=\"og:title\" content=\"Exceltur solicita una regulaci\u00f3n del alojamiento del alquiler tur\u00edstico | El Digital de Asturias\" \/>\n\t\t<meta property=\"og:description\" content=\"El sector tur\u00edstico pide una ordenaci\u00f3n de la situaci\u00f3n del alojamiento en viviendas de alquiler tur\u00edstico en Espa\u00f1a para desarrollar un modelo tur\u00edstico nacional m\u00e1s sostenible y generador de empleo y de crecimiento econ\u00f3mico. En las conclusiones del informe &#039;Impactos sociales y econ\u00f3micos sobre los destinos espa\u00f1oles derivados del exponencial aumento del alquiler de viviendas\" \/>\n\t\t<meta property=\"og:url\" content=\"https:\/\/eldigitaldeasturias.com\/magazine365\/exceltur-solicita-una-regulacion-del-alojamiento-del-alquiler-turistico\/\" \/>\n\t\t<meta property=\"og:image\" content=\"https:\/\/eldigitaldeasturias.com\/magazine365\/wp-content\/uploads\/2015\/06\/fotonoticia_20150625123419_800.jpg\" \/>\n\t\t<meta property=\"og:image:secure_url\" content=\"https:\/\/eldigitaldeasturias.com\/magazine365\/wp-content\/uploads\/2015\/06\/fotonoticia_20150625123419_800.jpg\" \/>\n\t\t<meta property=\"og:image:width\" content=\"800\" \/>\n\t\t<meta property=\"og:image:height\" content=\"600\" \/>\n\t\t<meta property=\"article:published_time\" content=\"2015-06-25T12:36:39+00:00\" \/>\n\t\t<meta property=\"article:modified_time\" content=\"2015-06-25T12:36:39+00:00\" \/>\n\t\t<meta name=\"twitter:card\" content=\"summary_large_image\" \/>\n\t\t<meta name=\"twitter:title\" content=\"Exceltur solicita una regulaci\u00f3n del alojamiento del alquiler tur\u00edstico | El Digital de Asturias\" \/>\n\t\t<meta name=\"twitter:description\" content=\"El sector tur\u00edstico pide una ordenaci\u00f3n de la situaci\u00f3n del alojamiento en viviendas de alquiler tur\u00edstico en Espa\u00f1a para desarrollar un modelo tur\u00edstico nacional m\u00e1s sostenible y generador de empleo y de crecimiento econ\u00f3mico. En las conclusiones del informe &#039;Impactos sociales y econ\u00f3micos sobre los destinos espa\u00f1oles derivados del exponencial aumento del alquiler de viviendas\" \/>\n\t\t<meta name=\"twitter:image\" content=\"https:\/\/eldigitaldeasturias.com\/magazine365\/wp-content\/uploads\/2015\/06\/fotonoticia_20150625123419_800.jpg\" \/>\n\t\t<script type=\"application\/ld+json\" class=\"aioseo-schema\">\n\t\t\t{\"@context\":\"https:\\\/\\\/schema.org\",\"@graph\":[{\"@type\":\"Article\",\"@id\":\"https:\\\/\\\/eldigitaldeasturias.com\\\/magazine365\\\/exceltur-solicita-una-regulacion-del-alojamiento-del-alquiler-turistico\\\/#article\",\"name\":\"Exceltur solicita una regulaci\\u00f3n del alojamiento del alquiler tur\\u00edstico | El Digital de Asturias\",\"headline\":\"Exceltur solicita una regulaci\\u00f3n del alojamiento del alquiler tur\\u00edstico\",\"author\":{\"@id\":\"https:\\\/\\\/eldigitaldeasturias.com\\\/magazine365\\\/author\\\/admin\\\/#author\"},\"publisher\":{\"@id\":\"https:\\\/\\\/eldigitaldeasturias.com\\\/magazine365\\\/#organization\"},\"image\":{\"@type\":\"ImageObject\",\"url\":\"https:\\\/\\\/eldigitaldeasturias.com\\\/magazine365\\\/wp-content\\\/uploads\\\/2015\\\/06\\\/fotonoticia_20150625123419_800.jpg\",\"width\":800,\"height\":600},\"datePublished\":\"2015-06-25T14:06:39+02:00\",\"dateModified\":\"2015-06-25T14:06:39+02:00\",\"inLanguage\":\"es-ES\",\"mainEntityOfPage\":{\"@id\":\"https:\\\/\\\/eldigitaldeasturias.com\\\/magazine365\\\/exceltur-solicita-una-regulacion-del-alojamiento-del-alquiler-turistico\\\/#webpage\"},\"isPartOf\":{\"@id\":\"https:\\\/\\\/eldigitaldeasturias.com\\\/magazine365\\\/exceltur-solicita-una-regulacion-del-alojamiento-del-alquiler-turistico\\\/#webpage\"},\"articleSection\":\"Actualidad Turismo\"},{\"@type\":\"BreadcrumbList\",\"@id\":\"https:\\\/\\\/eldigitaldeasturias.com\\\/magazine365\\\/exceltur-solicita-una-regulacion-del-alojamiento-del-alquiler-turistico\\\/#breadcrumblist\",\"itemListElement\":[{\"@type\":\"ListItem\",\"@id\":\"https:\\\/\\\/eldigitaldeasturias.com\\\/magazine365#listItem\",\"position\":1,\"name\":\"Home\",\"item\":\"https:\\\/\\\/eldigitaldeasturias.com\\\/magazine365\",\"nextItem\":{\"@type\":\"ListItem\",\"@id\":\"https:\\\/\\\/eldigitaldeasturias.com\\\/magazine365\\\/category\\\/actualidad-turismo\\\/#listItem\",\"name\":\"Actualidad Turismo\"}},{\"@type\":\"ListItem\",\"@id\":\"https:\\\/\\\/eldigitaldeasturias.com\\\/magazine365\\\/category\\\/actualidad-turismo\\\/#listItem\",\"position\":2,\"name\":\"Actualidad Turismo\",\"item\":\"https:\\\/\\\/eldigitaldeasturias.com\\\/magazine365\\\/category\\\/actualidad-turismo\\\/\",\"nextItem\":{\"@type\":\"ListItem\",\"@id\":\"https:\\\/\\\/eldigitaldeasturias.com\\\/magazine365\\\/exceltur-solicita-una-regulacion-del-alojamiento-del-alquiler-turistico\\\/#listItem\",\"name\":\"Exceltur solicita una regulaci\\u00f3n del alojamiento del alquiler tur\\u00edstico\"},\"previousItem\":{\"@type\":\"ListItem\",\"@id\":\"https:\\\/\\\/eldigitaldeasturias.com\\\/magazine365#listItem\",\"name\":\"Home\"}},{\"@type\":\"ListItem\",\"@id\":\"https:\\\/\\\/eldigitaldeasturias.com\\\/magazine365\\\/exceltur-solicita-una-regulacion-del-alojamiento-del-alquiler-turistico\\\/#listItem\",\"position\":3,\"name\":\"Exceltur solicita una regulaci\\u00f3n del alojamiento del alquiler tur\\u00edstico\",\"previousItem\":{\"@type\":\"ListItem\",\"@id\":\"https:\\\/\\\/eldigitaldeasturias.com\\\/magazine365\\\/category\\\/actualidad-turismo\\\/#listItem\",\"name\":\"Actualidad Turismo\"}}]},{\"@type\":\"Organization\",\"@id\":\"https:\\\/\\\/eldigitaldeasturias.com\\\/magazine365\\\/#organization\",\"name\":\"El digital de Asturias\",\"description\":\"Revista de ocio, turismo y estilo de vida\",\"url\":\"https:\\\/\\\/eldigitaldeasturias.com\\\/magazine365\\\/\",\"logo\":{\"@type\":\"ImageObject\",\"url\":\"https:\\\/\\\/www.eldigitaldeasturias.com\\\/noticias\\\/wp-content\\\/uploads\\\/2020\\\/12\\\/EDA.jpg\",\"@id\":\"https:\\\/\\\/eldigitaldeasturias.com\\\/magazine365\\\/exceltur-solicita-una-regulacion-del-alojamiento-del-alquiler-turistico\\\/#organizationLogo\"},\"image\":{\"@id\":\"https:\\\/\\\/eldigitaldeasturias.com\\\/magazine365\\\/exceltur-solicita-una-regulacion-del-alojamiento-del-alquiler-turistico\\\/#organizationLogo\"}},{\"@type\":\"Person\",\"@id\":\"https:\\\/\\\/eldigitaldeasturias.com\\\/magazine365\\\/author\\\/admin\\\/#author\",\"url\":\"https:\\\/\\\/eldigitaldeasturias.com\\\/magazine365\\\/author\\\/admin\\\/\",\"name\":\"admin\",\"image\":{\"@type\":\"ImageObject\",\"@id\":\"https:\\\/\\\/eldigitaldeasturias.com\\\/magazine365\\\/exceltur-solicita-una-regulacion-del-alojamiento-del-alquiler-turistico\\\/#authorImage\",\"url\":\"https:\\\/\\\/eldigitaldeasturias.com\\\/magazine365\\\/wp-content\\\/litespeed\\\/avatar\\\/e571bcf59a0edd6fa6838245a470f2fe.jpg?ver=1777574230\",\"width\":96,\"height\":96,\"caption\":\"admin\"}},{\"@type\":\"WebPage\",\"@id\":\"https:\\\/\\\/eldigitaldeasturias.com\\\/magazine365\\\/exceltur-solicita-una-regulacion-del-alojamiento-del-alquiler-turistico\\\/#webpage\",\"url\":\"https:\\\/\\\/eldigitaldeasturias.com\\\/magazine365\\\/exceltur-solicita-una-regulacion-del-alojamiento-del-alquiler-turistico\\\/\",\"name\":\"Exceltur solicita una regulaci\\u00f3n del alojamiento del alquiler tur\\u00edstico | El Digital de Asturias\",\"description\":\"El sector tur\\u00edstico pide una ordenaci\\u00f3n de la situaci\\u00f3n del alojamiento en viviendas de alquiler tur\\u00edstico en Espa\\u00f1a para desarrollar un modelo tur\\u00edstico nacional m\\u00e1s sostenible y generador de empleo y de crecimiento econ\\u00f3mico. En las conclusiones del informe 'Impactos sociales y econ\\u00f3micos sobre los destinos espa\\u00f1oles derivados del exponencial aumento del alquiler de viviendas\",\"inLanguage\":\"es-ES\",\"isPartOf\":{\"@id\":\"https:\\\/\\\/eldigitaldeasturias.com\\\/magazine365\\\/#website\"},\"breadcrumb\":{\"@id\":\"https:\\\/\\\/eldigitaldeasturias.com\\\/magazine365\\\/exceltur-solicita-una-regulacion-del-alojamiento-del-alquiler-turistico\\\/#breadcrumblist\"},\"author\":{\"@id\":\"https:\\\/\\\/eldigitaldeasturias.com\\\/magazine365\\\/author\\\/admin\\\/#author\"},\"creator\":{\"@id\":\"https:\\\/\\\/eldigitaldeasturias.com\\\/magazine365\\\/author\\\/admin\\\/#author\"},\"image\":{\"@type\":\"ImageObject\",\"url\":\"https:\\\/\\\/eldigitaldeasturias.com\\\/magazine365\\\/wp-content\\\/uploads\\\/2015\\\/06\\\/fotonoticia_20150625123419_800.jpg\",\"@id\":\"https:\\\/\\\/eldigitaldeasturias.com\\\/magazine365\\\/exceltur-solicita-una-regulacion-del-alojamiento-del-alquiler-turistico\\\/#mainImage\",\"width\":800,\"height\":600},\"primaryImageOfPage\":{\"@id\":\"https:\\\/\\\/eldigitaldeasturias.com\\\/magazine365\\\/exceltur-solicita-una-regulacion-del-alojamiento-del-alquiler-turistico\\\/#mainImage\"},\"datePublished\":\"2015-06-25T14:06:39+02:00\",\"dateModified\":\"2015-06-25T14:06:39+02:00\"},{\"@type\":\"WebSite\",\"@id\":\"https:\\\/\\\/eldigitaldeasturias.com\\\/magazine365\\\/#website\",\"url\":\"https:\\\/\\\/eldigitaldeasturias.com\\\/magazine365\\\/\",\"name\":\"El Digital de Asturias\",\"description\":\"Revista de ocio, turismo y estilo de vida\",\"inLanguage\":\"es-ES\",\"publisher\":{\"@id\":\"https:\\\/\\\/eldigitaldeasturias.com\\\/magazine365\\\/#organization\"}}]}\n\t\t<\/script>\n\t\t<!-- All in One SEO Pro -->\r\n\t\t<title>Exceltur solicita una regulaci\u00f3n del alojamiento del alquiler tur\u00edstico | El Digital de Asturias<\/title>\n\n","aioseo_head_json":{"title":"Exceltur solicita una regulaci\u00f3n del alojamiento del alquiler tur\u00edstico | El Digital de Asturias","description":"El sector tur\u00edstico pide una ordenaci\u00f3n de la situaci\u00f3n del alojamiento en viviendas de alquiler tur\u00edstico en Espa\u00f1a para desarrollar un modelo tur\u00edstico nacional m\u00e1s sostenible y generador de empleo y de crecimiento econ\u00f3mico. En las conclusiones del informe 'Impactos sociales y econ\u00f3micos sobre los destinos espa\u00f1oles derivados del exponencial aumento del alquiler de viviendas","canonical_url":"https:\/\/eldigitaldeasturias.com\/magazine365\/exceltur-solicita-una-regulacion-del-alojamiento-del-alquiler-turistico\/","robots":"max-image-preview:large","keywords":"actualidad turismo","webmasterTools":{"google-site-verification":"UA-38556648-1","miscellaneous":""},"schema":{"@context":"https:\/\/schema.org","@graph":[{"@type":"Article","@id":"https:\/\/eldigitaldeasturias.com\/magazine365\/exceltur-solicita-una-regulacion-del-alojamiento-del-alquiler-turistico\/#article","name":"Exceltur solicita una regulaci\u00f3n del alojamiento del alquiler tur\u00edstico | El Digital de Asturias","headline":"Exceltur solicita una regulaci\u00f3n del alojamiento del alquiler tur\u00edstico","author":{"@id":"https:\/\/eldigitaldeasturias.com\/magazine365\/author\/admin\/#author"},"publisher":{"@id":"https:\/\/eldigitaldeasturias.com\/magazine365\/#organization"},"image":{"@type":"ImageObject","url":"https:\/\/eldigitaldeasturias.com\/magazine365\/wp-content\/uploads\/2015\/06\/fotonoticia_20150625123419_800.jpg","width":800,"height":600},"datePublished":"2015-06-25T14:06:39+02:00","dateModified":"2015-06-25T14:06:39+02:00","inLanguage":"es-ES","mainEntityOfPage":{"@id":"https:\/\/eldigitaldeasturias.com\/magazine365\/exceltur-solicita-una-regulacion-del-alojamiento-del-alquiler-turistico\/#webpage"},"isPartOf":{"@id":"https:\/\/eldigitaldeasturias.com\/magazine365\/exceltur-solicita-una-regulacion-del-alojamiento-del-alquiler-turistico\/#webpage"},"articleSection":"Actualidad Turismo"},{"@type":"BreadcrumbList","@id":"https:\/\/eldigitaldeasturias.com\/magazine365\/exceltur-solicita-una-regulacion-del-alojamiento-del-alquiler-turistico\/#breadcrumblist","itemListElement":[{"@type":"ListItem","@id":"https:\/\/eldigitaldeasturias.com\/magazine365#listItem","position":1,"name":"Home","item":"https:\/\/eldigitaldeasturias.com\/magazine365","nextItem":{"@type":"ListItem","@id":"https:\/\/eldigitaldeasturias.com\/magazine365\/category\/actualidad-turismo\/#listItem","name":"Actualidad Turismo"}},{"@type":"ListItem","@id":"https:\/\/eldigitaldeasturias.com\/magazine365\/category\/actualidad-turismo\/#listItem","position":2,"name":"Actualidad Turismo","item":"https:\/\/eldigitaldeasturias.com\/magazine365\/category\/actualidad-turismo\/","nextItem":{"@type":"ListItem","@id":"https:\/\/eldigitaldeasturias.com\/magazine365\/exceltur-solicita-una-regulacion-del-alojamiento-del-alquiler-turistico\/#listItem","name":"Exceltur solicita una regulaci\u00f3n del alojamiento del alquiler tur\u00edstico"},"previousItem":{"@type":"ListItem","@id":"https:\/\/eldigitaldeasturias.com\/magazine365#listItem","name":"Home"}},{"@type":"ListItem","@id":"https:\/\/eldigitaldeasturias.com\/magazine365\/exceltur-solicita-una-regulacion-del-alojamiento-del-alquiler-turistico\/#listItem","position":3,"name":"Exceltur solicita una regulaci\u00f3n del alojamiento del alquiler tur\u00edstico","previousItem":{"@type":"ListItem","@id":"https:\/\/eldigitaldeasturias.com\/magazine365\/category\/actualidad-turismo\/#listItem","name":"Actualidad Turismo"}}]},{"@type":"Organization","@id":"https:\/\/eldigitaldeasturias.com\/magazine365\/#organization","name":"El digital de Asturias","description":"Revista de ocio, turismo y estilo de vida","url":"https:\/\/eldigitaldeasturias.com\/magazine365\/","logo":{"@type":"ImageObject","url":"https:\/\/www.eldigitaldeasturias.com\/noticias\/wp-content\/uploads\/2020\/12\/EDA.jpg","@id":"https:\/\/eldigitaldeasturias.com\/magazine365\/exceltur-solicita-una-regulacion-del-alojamiento-del-alquiler-turistico\/#organizationLogo"},"image":{"@id":"https:\/\/eldigitaldeasturias.com\/magazine365\/exceltur-solicita-una-regulacion-del-alojamiento-del-alquiler-turistico\/#organizationLogo"}},{"@type":"Person","@id":"https:\/\/eldigitaldeasturias.com\/magazine365\/author\/admin\/#author","url":"https:\/\/eldigitaldeasturias.com\/magazine365\/author\/admin\/","name":"admin","image":{"@type":"ImageObject","@id":"https:\/\/eldigitaldeasturias.com\/magazine365\/exceltur-solicita-una-regulacion-del-alojamiento-del-alquiler-turistico\/#authorImage","url":"https:\/\/eldigitaldeasturias.com\/magazine365\/wp-content\/litespeed\/avatar\/e571bcf59a0edd6fa6838245a470f2fe.jpg?ver=1777574230","width":96,"height":96,"caption":"admin"}},{"@type":"WebPage","@id":"https:\/\/eldigitaldeasturias.com\/magazine365\/exceltur-solicita-una-regulacion-del-alojamiento-del-alquiler-turistico\/#webpage","url":"https:\/\/eldigitaldeasturias.com\/magazine365\/exceltur-solicita-una-regulacion-del-alojamiento-del-alquiler-turistico\/","name":"Exceltur solicita una regulaci\u00f3n del alojamiento del alquiler tur\u00edstico | El Digital de Asturias","description":"El sector tur\u00edstico pide una ordenaci\u00f3n de la situaci\u00f3n del alojamiento en viviendas de alquiler tur\u00edstico en Espa\u00f1a para desarrollar un modelo tur\u00edstico nacional m\u00e1s sostenible y generador de empleo y de crecimiento econ\u00f3mico. En las conclusiones del informe 'Impactos sociales y econ\u00f3micos sobre los destinos espa\u00f1oles derivados del exponencial aumento del alquiler de viviendas","inLanguage":"es-ES","isPartOf":{"@id":"https:\/\/eldigitaldeasturias.com\/magazine365\/#website"},"breadcrumb":{"@id":"https:\/\/eldigitaldeasturias.com\/magazine365\/exceltur-solicita-una-regulacion-del-alojamiento-del-alquiler-turistico\/#breadcrumblist"},"author":{"@id":"https:\/\/eldigitaldeasturias.com\/magazine365\/author\/admin\/#author"},"creator":{"@id":"https:\/\/eldigitaldeasturias.com\/magazine365\/author\/admin\/#author"},"image":{"@type":"ImageObject","url":"https:\/\/eldigitaldeasturias.com\/magazine365\/wp-content\/uploads\/2015\/06\/fotonoticia_20150625123419_800.jpg","@id":"https:\/\/eldigitaldeasturias.com\/magazine365\/exceltur-solicita-una-regulacion-del-alojamiento-del-alquiler-turistico\/#mainImage","width":800,"height":600},"primaryImageOfPage":{"@id":"https:\/\/eldigitaldeasturias.com\/magazine365\/exceltur-solicita-una-regulacion-del-alojamiento-del-alquiler-turistico\/#mainImage"},"datePublished":"2015-06-25T14:06:39+02:00","dateModified":"2015-06-25T14:06:39+02:00"},{"@type":"WebSite","@id":"https:\/\/eldigitaldeasturias.com\/magazine365\/#website","url":"https:\/\/eldigitaldeasturias.com\/magazine365\/","name":"El Digital de Asturias","description":"Revista de ocio, turismo y estilo de vida","inLanguage":"es-ES","publisher":{"@id":"https:\/\/eldigitaldeasturias.com\/magazine365\/#organization"}}]},"og:locale":"es_ES","og:site_name":"El Digital de Asturias \u2013 Revista de ocio, turismo y estilo de vida","og:type":"article","og:title":"Exceltur solicita una regulaci\u00f3n del alojamiento del alquiler tur\u00edstico | El Digital de Asturias","og:description":"El sector tur\u00edstico pide una ordenaci\u00f3n de la situaci\u00f3n del alojamiento en viviendas de alquiler tur\u00edstico en Espa\u00f1a para desarrollar un modelo tur\u00edstico nacional m\u00e1s sostenible y generador de empleo y de crecimiento econ\u00f3mico. En las conclusiones del informe 'Impactos sociales y econ\u00f3micos sobre los destinos espa\u00f1oles derivados del exponencial aumento del alquiler de viviendas","og:url":"https:\/\/eldigitaldeasturias.com\/magazine365\/exceltur-solicita-una-regulacion-del-alojamiento-del-alquiler-turistico\/","og:image":"https:\/\/eldigitaldeasturias.com\/magazine365\/wp-content\/uploads\/2015\/06\/fotonoticia_20150625123419_800.jpg","og:image:secure_url":"https:\/\/eldigitaldeasturias.com\/magazine365\/wp-content\/uploads\/2015\/06\/fotonoticia_20150625123419_800.jpg","og:image:width":800,"og:image:height":600,"article:published_time":"2015-06-25T12:36:39+00:00","article:modified_time":"2015-06-25T12:36:39+00:00","twitter:card":"summary_large_image","twitter:title":"Exceltur solicita una regulaci\u00f3n del alojamiento del alquiler tur\u00edstico | El Digital de Asturias","twitter:description":"El sector tur\u00edstico pide una ordenaci\u00f3n de la situaci\u00f3n del alojamiento en viviendas de alquiler tur\u00edstico en Espa\u00f1a para desarrollar un modelo tur\u00edstico nacional m\u00e1s sostenible y generador de empleo y de crecimiento econ\u00f3mico. En las conclusiones del informe 'Impactos sociales y econ\u00f3micos sobre los destinos espa\u00f1oles derivados del exponencial aumento del alquiler de viviendas","twitter:image":"https:\/\/eldigitaldeasturias.com\/magazine365\/wp-content\/uploads\/2015\/06\/fotonoticia_20150625123419_800.jpg"},"aioseo_meta_data":{"post_id":"40964","title":null,"description":null,"keywords":null,"keyphrases":null,"primary_term":null,"canonical_url":null,"og_title":null,"og_description":null,"og_object_type":"default","og_image_type":"default","og_image_url":null,"og_image_width":null,"og_image_height":null,"og_image_custom_url":null,"og_image_custom_fields":null,"og_video":null,"og_custom_url":null,"og_article_section":null,"og_article_tags":null,"twitter_use_og":false,"twitter_card":"default","twitter_image_type":"default","twitter_image_url":null,"twitter_image_custom_url":null,"twitter_image_custom_fields":null,"twitter_title":null,"twitter_description":null,"schema":{"blockGraphs":[],"customGraphs":[],"default":{"data":{"Article":[],"Course":[],"Dataset":[],"FAQPage":[],"Movie":[],"Person":[],"Product":[],"ProductReview":[],"Car":[],"Recipe":[],"Service":[],"SoftwareApplication":[],"WebPage":[]},"graphName":"","isEnabled":true},"graphs":[],"defaultGraph":"","defaultPostTypeGraph":""},"schema_type":null,"schema_type_options":null,"pillar_content":false,"robots_default":true,"robots_noindex":false,"robots_noarchive":false,"robots_nosnippet":false,"robots_nofollow":false,"robots_noimageindex":false,"robots_noodp":false,"robots_notranslate":false,"robots_max_snippet":null,"robots_max_videopreview":null,"robots_max_imagepreview":"large","priority":null,"frequency":null,"location":null,"local_seo":null,"seo_analyzer_scan_date":"2025-09-19 14:44:35","breadcrumb_settings":null,"limit_modified_date":false,"open_ai":null,"ai":null,"created":"2021-03-09 02:21:53","updated":"2025-09-19 14:44:35"},"aioseo_breadcrumb":"<div class=\"aioseo-breadcrumbs\"><span class=\"aioseo-breadcrumb\">\n\t<a href=\"https:\/\/eldigitaldeasturias.com\/magazine365\" title=\"Home\">Home<\/a>\n<\/span><span class=\"aioseo-breadcrumb-separator\">\u2013<\/span><span class=\"aioseo-breadcrumb\">\n\t<a href=\"https:\/\/eldigitaldeasturias.com\/magazine365\/category\/actualidad-turismo\/\" title=\"Actualidad Turismo\">Actualidad Turismo<\/a>\n<\/span><span class=\"aioseo-breadcrumb-separator\">\u2013<\/span><span class=\"aioseo-breadcrumb\">\n\t<a href=\"https:\/\/eldigitaldeasturias.com\/magazine365\/exceltur-solicita-una-regulacion-del-alojamiento-del-alquiler-turistico\/\" title=\"Exceltur solicita una regulaci\u00f3n del alojamiento del alquiler tur\u00edstico\">Exceltur solicita una regulaci\u00f3n del alojamiento del alquiler tur\u00edstico<\/a>\n<\/span><\/div>","aioseo_breadcrumb_json":[{"label":"Home","link":"https:\/\/eldigitaldeasturias.com\/magazine365"},{"label":"Actualidad Turismo","link":"https:\/\/eldigitaldeasturias.com\/magazine365\/category\/actualidad-turismo\/"},{"label":"Exceltur solicita una regulaci\u00f3n del alojamiento del alquiler tur\u00edstico","link":"https:\/\/eldigitaldeasturias.com\/magazine365\/exceltur-solicita-una-regulacion-del-alojamiento-del-alquiler-turistico\/"}],"_links":{"self":[{"href":"https:\/\/eldigitaldeasturias.com\/magazine365\/wp-json\/wp\/v2\/posts\/40964","targetHints":{"allow":["GET"]}}],"collection":[{"href":"https:\/\/eldigitaldeasturias.com\/magazine365\/wp-json\/wp\/v2\/posts"}],"about":[{"href":"https:\/\/eldigitaldeasturias.com\/magazine365\/wp-json\/wp\/v2\/types\/post"}],"author":[{"embeddable":true,"href":"https:\/\/eldigitaldeasturias.com\/magazine365\/wp-json\/wp\/v2\/users\/1"}],"replies":[{"embeddable":true,"href":"https:\/\/eldigitaldeasturias.com\/magazine365\/wp-json\/wp\/v2\/comments?post=40964"}],"version-history":[{"count":0,"href":"https:\/\/eldigitaldeasturias.com\/magazine365\/wp-json\/wp\/v2\/posts\/40964\/revisions"}],"wp:featuredmedia":[{"embeddable":true,"href":"https:\/\/eldigitaldeasturias.com\/magazine365\/wp-json\/wp\/v2\/media\/40965"}],"wp:attachment":[{"href":"https:\/\/eldigitaldeasturias.com\/magazine365\/wp-json\/wp\/v2\/media?parent=40964"}],"wp:term":[{"taxonomy":"category","embeddable":true,"href":"https:\/\/eldigitaldeasturias.com\/magazine365\/wp-json\/wp\/v2\/categories?post=40964"},{"taxonomy":"post_tag","embeddable":true,"href":"https:\/\/eldigitaldeasturias.com\/magazine365\/wp-json\/wp\/v2\/tags?post=40964"}],"curies":[{"name":"wp","href":"https:\/\/api.w.org\/{rel}","templated":true}]}}