{"id":40952,"date":"2015-06-25T13:30:00","date_gmt":"2015-06-25T12:00:00","guid":{"rendered":"http:\/\/eldigitaldeasturias.com\/magazine365\/?p=40952"},"modified":"2015-06-25T13:30:00","modified_gmt":"2015-06-25T12:00:00","slug":"los-trabajadores-de-ryanair-en-huelga-mantienen-el-paro-y-convocan-concentraciones","status":"publish","type":"post","link":"https:\/\/eldigitaldeasturias.com\/magazine365\/los-trabajadores-de-ryanair-en-huelga-mantienen-el-paro-y-convocan-concentraciones\/","title":{"rendered":"Los trabajadores de Ryanair en huelga mantienen el paro y convocan concentraciones"},"content":{"rendered":"<p><img fetchpriority=\"high\" decoding=\"async\" class=\"alignleft size-medium wp-image-40953\" src=\"https:\/\/eldigitaldeasturias.com\/magazine365\/wp-content\/uploads\/2015\/06\/fotonoticia_20150625110403_800-300x300.jpg\" alt=\"fotonoticia_20150625110403_800\" width=\"300\" height=\"300\" srcset=\"https:\/\/eldigitaldeasturias.com\/magazine365\/wp-content\/uploads\/2015\/06\/fotonoticia_20150625110403_800-300x300.jpg 300w, https:\/\/eldigitaldeasturias.com\/magazine365\/wp-content\/uploads\/2015\/06\/fotonoticia_20150625110403_800-640x640.jpg 640w, https:\/\/eldigitaldeasturias.com\/magazine365\/wp-content\/uploads\/2015\/06\/fotonoticia_20150625110403_800-768x768.jpg 768w, https:\/\/eldigitaldeasturias.com\/magazine365\/wp-content\/uploads\/2015\/06\/fotonoticia_20150625110403_800-150x150.jpg 150w, https:\/\/eldigitaldeasturias.com\/magazine365\/wp-content\/uploads\/2015\/06\/fotonoticia_20150625110403_800-450x450.jpg 450w, https:\/\/eldigitaldeasturias.com\/magazine365\/wp-content\/uploads\/2015\/06\/fotonoticia_20150625110403_800-696x696.jpg 696w, https:\/\/eldigitaldeasturias.com\/magazine365\/wp-content\/uploads\/2015\/06\/fotonoticia_20150625110403_800-420x420.jpg 420w, https:\/\/eldigitaldeasturias.com\/magazine365\/wp-content\/uploads\/2015\/06\/fotonoticia_20150625110403_800-50x50.jpg 50w, https:\/\/eldigitaldeasturias.com\/magazine365\/wp-content\/uploads\/2015\/06\/fotonoticia_20150625110403_800.jpg 800w\" sizes=\"(max-width: 300px) 100vw, 300px\" \/>El comit\u00e9 de huelga de Ryanair ha denunciado \u00abpresiones y amenazas\u00bb a la plantilla por el paro convocado en protesta por las condiciones laborales que soporta, pero informa de que, con todo, la asamblea de afiliados celebrada el pasado lunes aprob\u00f3 por unanimidad continuar con la huelga.<\/p>\n<p>Adem\u00e1s, el comit\u00e9 ha convocado una concentraci\u00f3n a los trabajadores de Ryanair del huelga, haci\u00e9ndola extensible a otros trabajadores del sector, para tomar conciencia de la situaci\u00f3n de \u00abprecariedad laboral y de miseria\u00bb en la que sit\u00faan, a su juicio, los empresarios de handling.<\/p>\n<p>Los empleados de Ryanair se quejan de que la aerol\u00ednea irlandesa no respeta los t\u00e9rminos de subrogaci\u00f3n, lo que estar\u00eda incidiendo de forma negativa en sus n\u00f3minas.<\/p>\n<p>Pero m\u00e1s all\u00e1 de sus condiciones laborales, denuncian que la aerol\u00ednea vuela con equipajes sin etiquetar, que despega con exceso de equipaje, con maletas en los aseos o entre las piernas de los pasajeros, y que contraviene \u00abcontinuamente\u00bb las normas de seguridad a\u00e9rea.<\/p>\n<p>Por otro lado, los empleados recalcan que Ryanair \u00abno ha dejado de violar las leyes que regulan el derecho a huelga en Espa\u00f1a, creyendo que puede seguir campando a sus aires y establecer derechos y obligaciones que sus trabajadores bajo la ley de &#8216;ordeno y mando'\u00bb.<\/p>\n","protected":false},"excerpt":{"rendered":"<p>El comit\u00e9 de huelga de Ryanair ha denunciado \u00abpresiones y amenazas\u00bb a la plantilla por el paro convocado en protesta por las condiciones laborales que soporta, pero informa de que, con todo, la asamblea de afiliados celebrada el pasado lunes aprob\u00f3 por unanimidad continuar con la huelga. Adem\u00e1s, el comit\u00e9 ha convocado una concentraci\u00f3n a<\/p>\n","protected":false},"author":1,"featured_media":40953,"comment_status":"open","ping_status":"closed","sticky":false,"template":"","format":"standard","meta":{"footnotes":""},"categories":[222],"tags":[],"class_list":{"0":"post-40952","1":"post","2":"type-post","3":"status-publish","4":"format-standard","5":"has-post-thumbnail","7":"category-actualidad-turismo"},"aioseo_notices":[],"aioseo_head":"\n\t\t<!-- All in One SEO Pro 4.9.6.1 - aioseo.com -->\n\t<meta name=\"description\" content=\"El comit\u00e9 de huelga de Ryanair ha denunciado &quot;presiones y amenazas&quot; a la plantilla por el paro convocado en protesta por las condiciones laborales que soporta, pero informa de que, con todo, la asamblea de afiliados celebrada el pasado lunes aprob\u00f3 por unanimidad continuar con la huelga. Adem\u00e1s, el comit\u00e9 ha convocado una concentraci\u00f3n a\" \/>\n\t<meta name=\"robots\" content=\"max-image-preview:large\" \/>\n\t<meta name=\"author\" content=\"admin\"\/>\n\t<meta name=\"google-site-verification\" content=\"UA-38556648-1\" \/>\n\t<meta name=\"keywords\" content=\"actualidad turismo\" \/>\n\t<link rel=\"canonical\" href=\"https:\/\/eldigitaldeasturias.com\/magazine365\/los-trabajadores-de-ryanair-en-huelga-mantienen-el-paro-y-convocan-concentraciones\/\" \/>\n\t<meta name=\"generator\" content=\"All in One SEO Pro (AIOSEO) 4.9.6.1\" \/>\n\t\t<meta property=\"og:locale\" content=\"es_ES\" \/>\n\t\t<meta property=\"og:site_name\" content=\"El Digital de Asturias \u2013 Revista de ocio, turismo y estilo de vida\" \/>\n\t\t<meta property=\"og:type\" content=\"article\" \/>\n\t\t<meta property=\"og:title\" content=\"Los trabajadores de Ryanair en huelga mantienen el paro y convocan concentraciones | El Digital de Asturias\" \/>\n\t\t<meta property=\"og:description\" content=\"El comit\u00e9 de huelga de Ryanair ha denunciado &quot;presiones y amenazas&quot; a la plantilla por el paro convocado en protesta por las condiciones laborales que soporta, pero informa de que, con todo, la asamblea de afiliados celebrada el pasado lunes aprob\u00f3 por unanimidad continuar con la huelga. Adem\u00e1s, el comit\u00e9 ha convocado una concentraci\u00f3n a\" \/>\n\t\t<meta property=\"og:url\" content=\"https:\/\/eldigitaldeasturias.com\/magazine365\/los-trabajadores-de-ryanair-en-huelga-mantienen-el-paro-y-convocan-concentraciones\/\" \/>\n\t\t<meta property=\"og:image\" content=\"https:\/\/eldigitaldeasturias.com\/magazine365\/wp-content\/uploads\/2015\/06\/fotonoticia_20150625110403_800.jpg\" \/>\n\t\t<meta property=\"og:image:secure_url\" content=\"https:\/\/eldigitaldeasturias.com\/magazine365\/wp-content\/uploads\/2015\/06\/fotonoticia_20150625110403_800.jpg\" \/>\n\t\t<meta property=\"og:image:width\" content=\"800\" \/>\n\t\t<meta property=\"og:image:height\" content=\"800\" \/>\n\t\t<meta property=\"article:published_time\" content=\"2015-06-25T12:00:00+00:00\" \/>\n\t\t<meta property=\"article:modified_time\" content=\"2015-06-25T12:00:00+00:00\" \/>\n\t\t<meta name=\"twitter:card\" content=\"summary_large_image\" \/>\n\t\t<meta name=\"twitter:title\" content=\"Los trabajadores de Ryanair en huelga mantienen el paro y convocan concentraciones | El Digital de Asturias\" \/>\n\t\t<meta name=\"twitter:description\" content=\"El comit\u00e9 de huelga de Ryanair ha denunciado &quot;presiones y amenazas&quot; a la plantilla por el paro convocado en protesta por las condiciones laborales que soporta, pero informa de que, con todo, la asamblea de afiliados celebrada el pasado lunes aprob\u00f3 por unanimidad continuar con la huelga. Adem\u00e1s, el comit\u00e9 ha convocado una concentraci\u00f3n a\" \/>\n\t\t<meta name=\"twitter:image\" content=\"https:\/\/eldigitaldeasturias.com\/magazine365\/wp-content\/uploads\/2015\/06\/fotonoticia_20150625110403_800.jpg\" \/>\n\t\t<script type=\"application\/ld+json\" class=\"aioseo-schema\">\n\t\t\t{\"@context\":\"https:\\\/\\\/schema.org\",\"@graph\":[{\"@type\":\"Article\",\"@id\":\"https:\\\/\\\/eldigitaldeasturias.com\\\/magazine365\\\/los-trabajadores-de-ryanair-en-huelga-mantienen-el-paro-y-convocan-concentraciones\\\/#article\",\"name\":\"Los trabajadores de Ryanair en huelga mantienen el paro y convocan concentraciones | El Digital de Asturias\",\"headline\":\"Los trabajadores de Ryanair en huelga mantienen el paro y convocan concentraciones\",\"author\":{\"@id\":\"https:\\\/\\\/eldigitaldeasturias.com\\\/magazine365\\\/author\\\/admin\\\/#author\"},\"publisher\":{\"@id\":\"https:\\\/\\\/eldigitaldeasturias.com\\\/magazine365\\\/#organization\"},\"image\":{\"@type\":\"ImageObject\",\"url\":\"https:\\\/\\\/eldigitaldeasturias.com\\\/magazine365\\\/wp-content\\\/uploads\\\/2015\\\/06\\\/fotonoticia_20150625110403_800.jpg\",\"width\":800,\"height\":800},\"datePublished\":\"2015-06-25T13:30:00+02:00\",\"dateModified\":\"2015-06-25T13:30:00+02:00\",\"inLanguage\":\"es-ES\",\"mainEntityOfPage\":{\"@id\":\"https:\\\/\\\/eldigitaldeasturias.com\\\/magazine365\\\/los-trabajadores-de-ryanair-en-huelga-mantienen-el-paro-y-convocan-concentraciones\\\/#webpage\"},\"isPartOf\":{\"@id\":\"https:\\\/\\\/eldigitaldeasturias.com\\\/magazine365\\\/los-trabajadores-de-ryanair-en-huelga-mantienen-el-paro-y-convocan-concentraciones\\\/#webpage\"},\"articleSection\":\"Actualidad Turismo\"},{\"@type\":\"BreadcrumbList\",\"@id\":\"https:\\\/\\\/eldigitaldeasturias.com\\\/magazine365\\\/los-trabajadores-de-ryanair-en-huelga-mantienen-el-paro-y-convocan-concentraciones\\\/#breadcrumblist\",\"itemListElement\":[{\"@type\":\"ListItem\",\"@id\":\"https:\\\/\\\/eldigitaldeasturias.com\\\/magazine365#listItem\",\"position\":1,\"name\":\"Home\",\"item\":\"https:\\\/\\\/eldigitaldeasturias.com\\\/magazine365\",\"nextItem\":{\"@type\":\"ListItem\",\"@id\":\"https:\\\/\\\/eldigitaldeasturias.com\\\/magazine365\\\/category\\\/actualidad-turismo\\\/#listItem\",\"name\":\"Actualidad Turismo\"}},{\"@type\":\"ListItem\",\"@id\":\"https:\\\/\\\/eldigitaldeasturias.com\\\/magazine365\\\/category\\\/actualidad-turismo\\\/#listItem\",\"position\":2,\"name\":\"Actualidad Turismo\",\"item\":\"https:\\\/\\\/eldigitaldeasturias.com\\\/magazine365\\\/category\\\/actualidad-turismo\\\/\",\"nextItem\":{\"@type\":\"ListItem\",\"@id\":\"https:\\\/\\\/eldigitaldeasturias.com\\\/magazine365\\\/los-trabajadores-de-ryanair-en-huelga-mantienen-el-paro-y-convocan-concentraciones\\\/#listItem\",\"name\":\"Los trabajadores de Ryanair en huelga mantienen el paro y convocan concentraciones\"},\"previousItem\":{\"@type\":\"ListItem\",\"@id\":\"https:\\\/\\\/eldigitaldeasturias.com\\\/magazine365#listItem\",\"name\":\"Home\"}},{\"@type\":\"ListItem\",\"@id\":\"https:\\\/\\\/eldigitaldeasturias.com\\\/magazine365\\\/los-trabajadores-de-ryanair-en-huelga-mantienen-el-paro-y-convocan-concentraciones\\\/#listItem\",\"position\":3,\"name\":\"Los trabajadores de Ryanair en huelga mantienen el paro y convocan concentraciones\",\"previousItem\":{\"@type\":\"ListItem\",\"@id\":\"https:\\\/\\\/eldigitaldeasturias.com\\\/magazine365\\\/category\\\/actualidad-turismo\\\/#listItem\",\"name\":\"Actualidad Turismo\"}}]},{\"@type\":\"Organization\",\"@id\":\"https:\\\/\\\/eldigitaldeasturias.com\\\/magazine365\\\/#organization\",\"name\":\"El digital de Asturias\",\"description\":\"Revista de ocio, turismo y estilo de vida\",\"url\":\"https:\\\/\\\/eldigitaldeasturias.com\\\/magazine365\\\/\",\"logo\":{\"@type\":\"ImageObject\",\"url\":\"https:\\\/\\\/www.eldigitaldeasturias.com\\\/noticias\\\/wp-content\\\/uploads\\\/2020\\\/12\\\/EDA.jpg\",\"@id\":\"https:\\\/\\\/eldigitaldeasturias.com\\\/magazine365\\\/los-trabajadores-de-ryanair-en-huelga-mantienen-el-paro-y-convocan-concentraciones\\\/#organizationLogo\"},\"image\":{\"@id\":\"https:\\\/\\\/eldigitaldeasturias.com\\\/magazine365\\\/los-trabajadores-de-ryanair-en-huelga-mantienen-el-paro-y-convocan-concentraciones\\\/#organizationLogo\"}},{\"@type\":\"Person\",\"@id\":\"https:\\\/\\\/eldigitaldeasturias.com\\\/magazine365\\\/author\\\/admin\\\/#author\",\"url\":\"https:\\\/\\\/eldigitaldeasturias.com\\\/magazine365\\\/author\\\/admin\\\/\",\"name\":\"admin\",\"image\":{\"@type\":\"ImageObject\",\"@id\":\"https:\\\/\\\/eldigitaldeasturias.com\\\/magazine365\\\/los-trabajadores-de-ryanair-en-huelga-mantienen-el-paro-y-convocan-concentraciones\\\/#authorImage\",\"url\":\"https:\\\/\\\/eldigitaldeasturias.com\\\/magazine365\\\/wp-content\\\/litespeed\\\/avatar\\\/e571bcf59a0edd6fa6838245a470f2fe.jpg?ver=1777574230\",\"width\":96,\"height\":96,\"caption\":\"admin\"}},{\"@type\":\"WebPage\",\"@id\":\"https:\\\/\\\/eldigitaldeasturias.com\\\/magazine365\\\/los-trabajadores-de-ryanair-en-huelga-mantienen-el-paro-y-convocan-concentraciones\\\/#webpage\",\"url\":\"https:\\\/\\\/eldigitaldeasturias.com\\\/magazine365\\\/los-trabajadores-de-ryanair-en-huelga-mantienen-el-paro-y-convocan-concentraciones\\\/\",\"name\":\"Los trabajadores de Ryanair en huelga mantienen el paro y convocan concentraciones | El Digital de Asturias\",\"description\":\"El comit\\u00e9 de huelga de Ryanair ha denunciado \\\"presiones y amenazas\\\" a la plantilla por el paro convocado en protesta por las condiciones laborales que soporta, pero informa de que, con todo, la asamblea de afiliados celebrada el pasado lunes aprob\\u00f3 por unanimidad continuar con la huelga. Adem\\u00e1s, el comit\\u00e9 ha convocado una concentraci\\u00f3n a\",\"inLanguage\":\"es-ES\",\"isPartOf\":{\"@id\":\"https:\\\/\\\/eldigitaldeasturias.com\\\/magazine365\\\/#website\"},\"breadcrumb\":{\"@id\":\"https:\\\/\\\/eldigitaldeasturias.com\\\/magazine365\\\/los-trabajadores-de-ryanair-en-huelga-mantienen-el-paro-y-convocan-concentraciones\\\/#breadcrumblist\"},\"author\":{\"@id\":\"https:\\\/\\\/eldigitaldeasturias.com\\\/magazine365\\\/author\\\/admin\\\/#author\"},\"creator\":{\"@id\":\"https:\\\/\\\/eldigitaldeasturias.com\\\/magazine365\\\/author\\\/admin\\\/#author\"},\"image\":{\"@type\":\"ImageObject\",\"url\":\"https:\\\/\\\/eldigitaldeasturias.com\\\/magazine365\\\/wp-content\\\/uploads\\\/2015\\\/06\\\/fotonoticia_20150625110403_800.jpg\",\"@id\":\"https:\\\/\\\/eldigitaldeasturias.com\\\/magazine365\\\/los-trabajadores-de-ryanair-en-huelga-mantienen-el-paro-y-convocan-concentraciones\\\/#mainImage\",\"width\":800,\"height\":800},\"primaryImageOfPage\":{\"@id\":\"https:\\\/\\\/eldigitaldeasturias.com\\\/magazine365\\\/los-trabajadores-de-ryanair-en-huelga-mantienen-el-paro-y-convocan-concentraciones\\\/#mainImage\"},\"datePublished\":\"2015-06-25T13:30:00+02:00\",\"dateModified\":\"2015-06-25T13:30:00+02:00\"},{\"@type\":\"WebSite\",\"@id\":\"https:\\\/\\\/eldigitaldeasturias.com\\\/magazine365\\\/#website\",\"url\":\"https:\\\/\\\/eldigitaldeasturias.com\\\/magazine365\\\/\",\"name\":\"El Digital de Asturias\",\"description\":\"Revista de ocio, turismo y estilo de vida\",\"inLanguage\":\"es-ES\",\"publisher\":{\"@id\":\"https:\\\/\\\/eldigitaldeasturias.com\\\/magazine365\\\/#organization\"}}]}\n\t\t<\/script>\n\t\t<!-- All in One SEO Pro -->\r\n\t\t<title>Los trabajadores de Ryanair en huelga mantienen el paro y convocan concentraciones | El Digital de Asturias<\/title>\n\n","aioseo_head_json":{"title":"Los trabajadores de Ryanair en huelga mantienen el paro y convocan concentraciones | El Digital de Asturias","description":"El comit\u00e9 de huelga de Ryanair ha denunciado \"presiones y amenazas\" a la plantilla por el paro convocado en protesta por las condiciones laborales que soporta, pero informa de que, con todo, la asamblea de afiliados celebrada el pasado lunes aprob\u00f3 por unanimidad continuar con la huelga. Adem\u00e1s, el comit\u00e9 ha convocado una concentraci\u00f3n a","canonical_url":"https:\/\/eldigitaldeasturias.com\/magazine365\/los-trabajadores-de-ryanair-en-huelga-mantienen-el-paro-y-convocan-concentraciones\/","robots":"max-image-preview:large","keywords":"actualidad turismo","webmasterTools":{"google-site-verification":"UA-38556648-1","miscellaneous":""},"schema":{"@context":"https:\/\/schema.org","@graph":[{"@type":"Article","@id":"https:\/\/eldigitaldeasturias.com\/magazine365\/los-trabajadores-de-ryanair-en-huelga-mantienen-el-paro-y-convocan-concentraciones\/#article","name":"Los trabajadores de Ryanair en huelga mantienen el paro y convocan concentraciones | El Digital de Asturias","headline":"Los trabajadores de Ryanair en huelga mantienen el paro y convocan concentraciones","author":{"@id":"https:\/\/eldigitaldeasturias.com\/magazine365\/author\/admin\/#author"},"publisher":{"@id":"https:\/\/eldigitaldeasturias.com\/magazine365\/#organization"},"image":{"@type":"ImageObject","url":"https:\/\/eldigitaldeasturias.com\/magazine365\/wp-content\/uploads\/2015\/06\/fotonoticia_20150625110403_800.jpg","width":800,"height":800},"datePublished":"2015-06-25T13:30:00+02:00","dateModified":"2015-06-25T13:30:00+02:00","inLanguage":"es-ES","mainEntityOfPage":{"@id":"https:\/\/eldigitaldeasturias.com\/magazine365\/los-trabajadores-de-ryanair-en-huelga-mantienen-el-paro-y-convocan-concentraciones\/#webpage"},"isPartOf":{"@id":"https:\/\/eldigitaldeasturias.com\/magazine365\/los-trabajadores-de-ryanair-en-huelga-mantienen-el-paro-y-convocan-concentraciones\/#webpage"},"articleSection":"Actualidad Turismo"},{"@type":"BreadcrumbList","@id":"https:\/\/eldigitaldeasturias.com\/magazine365\/los-trabajadores-de-ryanair-en-huelga-mantienen-el-paro-y-convocan-concentraciones\/#breadcrumblist","itemListElement":[{"@type":"ListItem","@id":"https:\/\/eldigitaldeasturias.com\/magazine365#listItem","position":1,"name":"Home","item":"https:\/\/eldigitaldeasturias.com\/magazine365","nextItem":{"@type":"ListItem","@id":"https:\/\/eldigitaldeasturias.com\/magazine365\/category\/actualidad-turismo\/#listItem","name":"Actualidad Turismo"}},{"@type":"ListItem","@id":"https:\/\/eldigitaldeasturias.com\/magazine365\/category\/actualidad-turismo\/#listItem","position":2,"name":"Actualidad Turismo","item":"https:\/\/eldigitaldeasturias.com\/magazine365\/category\/actualidad-turismo\/","nextItem":{"@type":"ListItem","@id":"https:\/\/eldigitaldeasturias.com\/magazine365\/los-trabajadores-de-ryanair-en-huelga-mantienen-el-paro-y-convocan-concentraciones\/#listItem","name":"Los trabajadores de Ryanair en huelga mantienen el paro y convocan concentraciones"},"previousItem":{"@type":"ListItem","@id":"https:\/\/eldigitaldeasturias.com\/magazine365#listItem","name":"Home"}},{"@type":"ListItem","@id":"https:\/\/eldigitaldeasturias.com\/magazine365\/los-trabajadores-de-ryanair-en-huelga-mantienen-el-paro-y-convocan-concentraciones\/#listItem","position":3,"name":"Los trabajadores de Ryanair en huelga mantienen el paro y convocan concentraciones","previousItem":{"@type":"ListItem","@id":"https:\/\/eldigitaldeasturias.com\/magazine365\/category\/actualidad-turismo\/#listItem","name":"Actualidad Turismo"}}]},{"@type":"Organization","@id":"https:\/\/eldigitaldeasturias.com\/magazine365\/#organization","name":"El digital de Asturias","description":"Revista de ocio, turismo y estilo de vida","url":"https:\/\/eldigitaldeasturias.com\/magazine365\/","logo":{"@type":"ImageObject","url":"https:\/\/www.eldigitaldeasturias.com\/noticias\/wp-content\/uploads\/2020\/12\/EDA.jpg","@id":"https:\/\/eldigitaldeasturias.com\/magazine365\/los-trabajadores-de-ryanair-en-huelga-mantienen-el-paro-y-convocan-concentraciones\/#organizationLogo"},"image":{"@id":"https:\/\/eldigitaldeasturias.com\/magazine365\/los-trabajadores-de-ryanair-en-huelga-mantienen-el-paro-y-convocan-concentraciones\/#organizationLogo"}},{"@type":"Person","@id":"https:\/\/eldigitaldeasturias.com\/magazine365\/author\/admin\/#author","url":"https:\/\/eldigitaldeasturias.com\/magazine365\/author\/admin\/","name":"admin","image":{"@type":"ImageObject","@id":"https:\/\/eldigitaldeasturias.com\/magazine365\/los-trabajadores-de-ryanair-en-huelga-mantienen-el-paro-y-convocan-concentraciones\/#authorImage","url":"https:\/\/eldigitaldeasturias.com\/magazine365\/wp-content\/litespeed\/avatar\/e571bcf59a0edd6fa6838245a470f2fe.jpg?ver=1777574230","width":96,"height":96,"caption":"admin"}},{"@type":"WebPage","@id":"https:\/\/eldigitaldeasturias.com\/magazine365\/los-trabajadores-de-ryanair-en-huelga-mantienen-el-paro-y-convocan-concentraciones\/#webpage","url":"https:\/\/eldigitaldeasturias.com\/magazine365\/los-trabajadores-de-ryanair-en-huelga-mantienen-el-paro-y-convocan-concentraciones\/","name":"Los trabajadores de Ryanair en huelga mantienen el paro y convocan concentraciones | El Digital de Asturias","description":"El comit\u00e9 de huelga de Ryanair ha denunciado \"presiones y amenazas\" a la plantilla por el paro convocado en protesta por las condiciones laborales que soporta, pero informa de que, con todo, la asamblea de afiliados celebrada el pasado lunes aprob\u00f3 por unanimidad continuar con la huelga. Adem\u00e1s, el comit\u00e9 ha convocado una concentraci\u00f3n a","inLanguage":"es-ES","isPartOf":{"@id":"https:\/\/eldigitaldeasturias.com\/magazine365\/#website"},"breadcrumb":{"@id":"https:\/\/eldigitaldeasturias.com\/magazine365\/los-trabajadores-de-ryanair-en-huelga-mantienen-el-paro-y-convocan-concentraciones\/#breadcrumblist"},"author":{"@id":"https:\/\/eldigitaldeasturias.com\/magazine365\/author\/admin\/#author"},"creator":{"@id":"https:\/\/eldigitaldeasturias.com\/magazine365\/author\/admin\/#author"},"image":{"@type":"ImageObject","url":"https:\/\/eldigitaldeasturias.com\/magazine365\/wp-content\/uploads\/2015\/06\/fotonoticia_20150625110403_800.jpg","@id":"https:\/\/eldigitaldeasturias.com\/magazine365\/los-trabajadores-de-ryanair-en-huelga-mantienen-el-paro-y-convocan-concentraciones\/#mainImage","width":800,"height":800},"primaryImageOfPage":{"@id":"https:\/\/eldigitaldeasturias.com\/magazine365\/los-trabajadores-de-ryanair-en-huelga-mantienen-el-paro-y-convocan-concentraciones\/#mainImage"},"datePublished":"2015-06-25T13:30:00+02:00","dateModified":"2015-06-25T13:30:00+02:00"},{"@type":"WebSite","@id":"https:\/\/eldigitaldeasturias.com\/magazine365\/#website","url":"https:\/\/eldigitaldeasturias.com\/magazine365\/","name":"El Digital de Asturias","description":"Revista de ocio, turismo y estilo de vida","inLanguage":"es-ES","publisher":{"@id":"https:\/\/eldigitaldeasturias.com\/magazine365\/#organization"}}]},"og:locale":"es_ES","og:site_name":"El Digital de Asturias \u2013 Revista de ocio, turismo y estilo de vida","og:type":"article","og:title":"Los trabajadores de Ryanair en huelga mantienen el paro y convocan concentraciones | El Digital de Asturias","og:description":"El comit\u00e9 de huelga de Ryanair ha denunciado &quot;presiones y amenazas&quot; a la plantilla por el paro convocado en protesta por las condiciones laborales que soporta, pero informa de que, con todo, la asamblea de afiliados celebrada el pasado lunes aprob\u00f3 por unanimidad continuar con la huelga. Adem\u00e1s, el comit\u00e9 ha convocado una concentraci\u00f3n a","og:url":"https:\/\/eldigitaldeasturias.com\/magazine365\/los-trabajadores-de-ryanair-en-huelga-mantienen-el-paro-y-convocan-concentraciones\/","og:image":"https:\/\/eldigitaldeasturias.com\/magazine365\/wp-content\/uploads\/2015\/06\/fotonoticia_20150625110403_800.jpg","og:image:secure_url":"https:\/\/eldigitaldeasturias.com\/magazine365\/wp-content\/uploads\/2015\/06\/fotonoticia_20150625110403_800.jpg","og:image:width":800,"og:image:height":800,"article:published_time":"2015-06-25T12:00:00+00:00","article:modified_time":"2015-06-25T12:00:00+00:00","twitter:card":"summary_large_image","twitter:title":"Los trabajadores de Ryanair en huelga mantienen el paro y convocan concentraciones | El Digital de Asturias","twitter:description":"El comit\u00e9 de huelga de Ryanair ha denunciado &quot;presiones y amenazas&quot; a la plantilla por el paro convocado en protesta por las condiciones laborales que soporta, pero informa de que, con todo, la asamblea de afiliados celebrada el pasado lunes aprob\u00f3 por unanimidad continuar con la huelga. Adem\u00e1s, el comit\u00e9 ha convocado una concentraci\u00f3n a","twitter:image":"https:\/\/eldigitaldeasturias.com\/magazine365\/wp-content\/uploads\/2015\/06\/fotonoticia_20150625110403_800.jpg"},"aioseo_meta_data":{"post_id":"40952","title":null,"description":null,"keywords":null,"keyphrases":null,"primary_term":null,"canonical_url":null,"og_title":null,"og_description":null,"og_object_type":"default","og_image_type":"default","og_image_url":null,"og_image_width":null,"og_image_height":null,"og_image_custom_url":null,"og_image_custom_fields":null,"og_video":null,"og_custom_url":null,"og_article_section":null,"og_article_tags":null,"twitter_use_og":false,"twitter_card":"default","twitter_image_type":"default","twitter_image_url":null,"twitter_image_custom_url":null,"twitter_image_custom_fields":null,"twitter_title":null,"twitter_description":null,"schema":{"blockGraphs":[],"customGraphs":[],"default":{"data":{"Article":[],"Course":[],"Dataset":[],"FAQPage":[],"Movie":[],"Person":[],"Product":[],"ProductReview":[],"Car":[],"Recipe":[],"Service":[],"SoftwareApplication":[],"WebPage":[]},"graphName":"","isEnabled":true},"graphs":[],"defaultGraph":"","defaultPostTypeGraph":""},"schema_type":null,"schema_type_options":null,"pillar_content":false,"robots_default":true,"robots_noindex":false,"robots_noarchive":false,"robots_nosnippet":false,"robots_nofollow":false,"robots_noimageindex":false,"robots_noodp":false,"robots_notranslate":false,"robots_max_snippet":null,"robots_max_videopreview":null,"robots_max_imagepreview":"large","priority":null,"frequency":null,"location":null,"local_seo":null,"seo_analyzer_scan_date":"2025-09-19 14:42:19","breadcrumb_settings":null,"limit_modified_date":false,"open_ai":null,"ai":null,"created":"2021-03-09 02:21:53","updated":"2025-09-19 14:42:19"},"aioseo_breadcrumb":"<div class=\"aioseo-breadcrumbs\"><span class=\"aioseo-breadcrumb\">\n\t<a href=\"https:\/\/eldigitaldeasturias.com\/magazine365\" title=\"Home\">Home<\/a>\n<\/span><span class=\"aioseo-breadcrumb-separator\">\u2013<\/span><span class=\"aioseo-breadcrumb\">\n\t<a href=\"https:\/\/eldigitaldeasturias.com\/magazine365\/category\/actualidad-turismo\/\" title=\"Actualidad Turismo\">Actualidad Turismo<\/a>\n<\/span><span class=\"aioseo-breadcrumb-separator\">\u2013<\/span><span class=\"aioseo-breadcrumb\">\n\t<a href=\"https:\/\/eldigitaldeasturias.com\/magazine365\/los-trabajadores-de-ryanair-en-huelga-mantienen-el-paro-y-convocan-concentraciones\/\" title=\"Los trabajadores de Ryanair en huelga mantienen el paro y convocan concentraciones\">Los trabajadores de Ryanair en huelga mantienen el paro y convocan concentraciones<\/a>\n<\/span><\/div>","aioseo_breadcrumb_json":[{"label":"Home","link":"https:\/\/eldigitaldeasturias.com\/magazine365"},{"label":"Actualidad Turismo","link":"https:\/\/eldigitaldeasturias.com\/magazine365\/category\/actualidad-turismo\/"},{"label":"Los trabajadores de Ryanair en huelga mantienen el paro y convocan concentraciones","link":"https:\/\/eldigitaldeasturias.com\/magazine365\/los-trabajadores-de-ryanair-en-huelga-mantienen-el-paro-y-convocan-concentraciones\/"}],"_links":{"self":[{"href":"https:\/\/eldigitaldeasturias.com\/magazine365\/wp-json\/wp\/v2\/posts\/40952","targetHints":{"allow":["GET"]}}],"collection":[{"href":"https:\/\/eldigitaldeasturias.com\/magazine365\/wp-json\/wp\/v2\/posts"}],"about":[{"href":"https:\/\/eldigitaldeasturias.com\/magazine365\/wp-json\/wp\/v2\/types\/post"}],"author":[{"embeddable":true,"href":"https:\/\/eldigitaldeasturias.com\/magazine365\/wp-json\/wp\/v2\/users\/1"}],"replies":[{"embeddable":true,"href":"https:\/\/eldigitaldeasturias.com\/magazine365\/wp-json\/wp\/v2\/comments?post=40952"}],"version-history":[{"count":0,"href":"https:\/\/eldigitaldeasturias.com\/magazine365\/wp-json\/wp\/v2\/posts\/40952\/revisions"}],"wp:featuredmedia":[{"embeddable":true,"href":"https:\/\/eldigitaldeasturias.com\/magazine365\/wp-json\/wp\/v2\/media\/40953"}],"wp:attachment":[{"href":"https:\/\/eldigitaldeasturias.com\/magazine365\/wp-json\/wp\/v2\/media?parent=40952"}],"wp:term":[{"taxonomy":"category","embeddable":true,"href":"https:\/\/eldigitaldeasturias.com\/magazine365\/wp-json\/wp\/v2\/categories?post=40952"},{"taxonomy":"post_tag","embeddable":true,"href":"https:\/\/eldigitaldeasturias.com\/magazine365\/wp-json\/wp\/v2\/tags?post=40952"}],"curies":[{"name":"wp","href":"https:\/\/api.w.org\/{rel}","templated":true}]}}