{"id":40949,"date":"2015-06-25T13:25:23","date_gmt":"2015-06-25T11:55:23","guid":{"rendered":"http:\/\/eldigitaldeasturias.com\/magazine365\/?p=40949"},"modified":"2015-06-25T13:25:23","modified_gmt":"2015-06-25T11:55:23","slug":"la-generalitat-valenciana-organiza-un-viaje-con-bloggers-franceses","status":"publish","type":"post","link":"https:\/\/eldigitaldeasturias.com\/magazine365\/la-generalitat-valenciana-organiza-un-viaje-con-bloggers-franceses\/","title":{"rendered":"La Generalitat Valenciana organiza un viaje con bloggers franceses"},"content":{"rendered":"<p><img fetchpriority=\"high\" decoding=\"async\" class=\"alignleft size-medium wp-image-40950\" src=\"https:\/\/eldigitaldeasturias.com\/magazine365\/wp-content\/uploads\/2015\/06\/fotonoticia_20150625083315_800-360x239.jpg\" alt=\"fotonoticia_20150625083315_800\" width=\"360\" height=\"239\" srcset=\"https:\/\/eldigitaldeasturias.com\/magazine365\/wp-content\/uploads\/2015\/06\/fotonoticia_20150625083315_800-360x239.jpg 360w, https:\/\/eldigitaldeasturias.com\/magazine365\/wp-content\/uploads\/2015\/06\/fotonoticia_20150625083315_800-650x431.jpg 650w, https:\/\/eldigitaldeasturias.com\/magazine365\/wp-content\/uploads\/2015\/06\/fotonoticia_20150625083315_800-768x510.jpg 768w, https:\/\/eldigitaldeasturias.com\/magazine365\/wp-content\/uploads\/2015\/06\/fotonoticia_20150625083315_800-150x100.jpg 150w, https:\/\/eldigitaldeasturias.com\/magazine365\/wp-content\/uploads\/2015\/06\/fotonoticia_20150625083315_800-450x299.jpg 450w, https:\/\/eldigitaldeasturias.com\/magazine365\/wp-content\/uploads\/2015\/06\/fotonoticia_20150625083315_800-696x462.jpg 696w, https:\/\/eldigitaldeasturias.com\/magazine365\/wp-content\/uploads\/2015\/06\/fotonoticia_20150625083315_800-633x420.jpg 633w, https:\/\/eldigitaldeasturias.com\/magazine365\/wp-content\/uploads\/2015\/06\/fotonoticia_20150625083315_800-84x55.jpg 84w, https:\/\/eldigitaldeasturias.com\/magazine365\/wp-content\/uploads\/2015\/06\/fotonoticia_20150625083315_800.jpg 800w\" sizes=\"(max-width: 360px) 100vw, 360px\" \/>La Ag\u00e8ncia Valenciana del Turisme organiza, junto con la Fundaci\u00f3n Turismo Benidorm y la oficina Espa\u00f1ola de Turismo en Par\u00eds, un viaje de prensa para bloggers franceses con el objetivo de afianzar el turismo familiar en la Comunitat Valenciana.<\/p>\n<p>Este &#8216;press trip&#8217;, que se inici\u00f3 ayer y se desarrollar\u00e1 hasta el pr\u00f3ximo domingo 28 de junio, incluye la visita a la Ciudad de las Artes y las Ciencias para conocer de cerca el Museo de Ciencias Pr\u00edncipe Felipe, el Hemisf\u00e9ric y el Oceanogr\u00e0fic. Visitar\u00e1n tambi\u00e9n diferentes recursos tur\u00edsticos de la ciudad de Valencia, aptos para ni\u00f1os y familias.<\/p>\n<p>Tras la visita a Valencia, se desplazar\u00e1n a Benidorm para conocer sus playas y los parques tem\u00e1ticos de Mundomar, Terra Natura y Terra M\u00edtica. La finalidad de esta acci\u00f3n promocional es fomentar el turismo familiar en la Comunitat Valenciana, un producto con gran potencial en nuestro destino, detalla la Generalitat en un comunicado.<\/p>\n<p>Esta acci\u00f3n forma parte del plan operativo acordado con Turespa\u00f1a y la Comunitat Valenciana para el presente ejercicio.<\/p>\n<p>FRANCIA, SEGUNDO EMISOR INTERNACIONAL<\/p>\n<p>Francia es el segundo emisor internacional para la Comunitat, con una cuota del 15% y por detr\u00e1s de Reino Unido. En 2014 visitaron la Comunitat 941.221 turistas franceses que gastaron 762 millones de euros.<\/p>\n<p>La Comunitat es el cuarto destino m\u00e1s visitado por los franceses en Espa\u00f1a y el a\u00f1o pasado fue el destino principal para el 8,9%. El emisor franc\u00e9s ha crecido en la Comunitat en grado similar a la media de Espa\u00f1a, un 11,2%. Al igual que sucede para el conjunto nacional, su evoluci\u00f3n en la Comunitat Valenciana est\u00e1 siendo expansiva desde 2012, con cifras r\u00e9cord en 2013 y 2014.<\/p>\n<p>Con respecto al perfil, el emisor franc\u00e9s se caracteriza por su estacionalidad asociada a las vacaciones estivales de escolares (2 semanas de vacaciones cada 7 de clase). Su estancia media en el extranjero es de 8,9 d\u00edas y organizan individualmente los viajes, reservando por Internet.<\/p>\n<p>Eligen destinos internacionales en funci\u00f3n de la seguridad, cultura (gastronom\u00eda y monumentos), precio y clima. Valoran la riqueza natural y las playas y su motivaci\u00f3n principal para visitar la Comunitat es nuestra proximidad y nuestra oferta tur\u00edstica.<\/p>\n","protected":false},"excerpt":{"rendered":"<p>La Ag\u00e8ncia Valenciana del Turisme organiza, junto con la Fundaci\u00f3n Turismo Benidorm y la oficina Espa\u00f1ola de Turismo en Par\u00eds, un viaje de prensa para bloggers franceses con el objetivo de afianzar el turismo familiar en la Comunitat Valenciana. Este &#8216;press trip&#8217;, que se inici\u00f3 ayer y se desarrollar\u00e1 hasta el pr\u00f3ximo domingo 28 de<\/p>\n","protected":false},"author":1,"featured_media":40950,"comment_status":"open","ping_status":"closed","sticky":false,"template":"","format":"standard","meta":{"footnotes":""},"categories":[222],"tags":[],"class_list":{"0":"post-40949","1":"post","2":"type-post","3":"status-publish","4":"format-standard","5":"has-post-thumbnail","7":"category-actualidad-turismo"},"aioseo_notices":[],"aioseo_head":"\n\t\t<!-- All in One SEO Pro 4.9.6.1 - aioseo.com -->\n\t<meta name=\"description\" content=\"La Ag\u00e8ncia Valenciana del Turisme organiza, junto con la Fundaci\u00f3n Turismo Benidorm y la oficina Espa\u00f1ola de Turismo en Par\u00eds, un viaje de prensa para bloggers franceses con el objetivo de afianzar el turismo familiar en la Comunitat Valenciana. Este &#039;press trip&#039;, que se inici\u00f3 ayer y se desarrollar\u00e1 hasta el pr\u00f3ximo domingo 28 de\" \/>\n\t<meta name=\"robots\" content=\"max-image-preview:large\" \/>\n\t<meta name=\"author\" content=\"admin\"\/>\n\t<meta name=\"google-site-verification\" content=\"UA-38556648-1\" \/>\n\t<meta name=\"keywords\" content=\"actualidad turismo\" \/>\n\t<link rel=\"canonical\" href=\"https:\/\/eldigitaldeasturias.com\/magazine365\/la-generalitat-valenciana-organiza-un-viaje-con-bloggers-franceses\/\" \/>\n\t<meta name=\"generator\" content=\"All in One SEO Pro (AIOSEO) 4.9.6.1\" \/>\n\t\t<meta property=\"og:locale\" content=\"es_ES\" \/>\n\t\t<meta property=\"og:site_name\" content=\"El Digital de Asturias \u2013 Revista de ocio, turismo y estilo de vida\" \/>\n\t\t<meta property=\"og:type\" content=\"article\" \/>\n\t\t<meta property=\"og:title\" content=\"La Generalitat Valenciana organiza un viaje con bloggers franceses | El Digital de Asturias\" \/>\n\t\t<meta property=\"og:description\" content=\"La Ag\u00e8ncia Valenciana del Turisme organiza, junto con la Fundaci\u00f3n Turismo Benidorm y la oficina Espa\u00f1ola de Turismo en Par\u00eds, un viaje de prensa para bloggers franceses con el objetivo de afianzar el turismo familiar en la Comunitat Valenciana. Este &#039;press trip&#039;, que se inici\u00f3 ayer y se desarrollar\u00e1 hasta el pr\u00f3ximo domingo 28 de\" \/>\n\t\t<meta property=\"og:url\" content=\"https:\/\/eldigitaldeasturias.com\/magazine365\/la-generalitat-valenciana-organiza-un-viaje-con-bloggers-franceses\/\" \/>\n\t\t<meta property=\"og:image\" content=\"https:\/\/eldigitaldeasturias.com\/magazine365\/wp-content\/uploads\/2015\/06\/fotonoticia_20150625083315_800.jpg\" \/>\n\t\t<meta property=\"og:image:secure_url\" content=\"https:\/\/eldigitaldeasturias.com\/magazine365\/wp-content\/uploads\/2015\/06\/fotonoticia_20150625083315_800.jpg\" \/>\n\t\t<meta property=\"og:image:width\" content=\"800\" \/>\n\t\t<meta property=\"og:image:height\" content=\"531\" \/>\n\t\t<meta property=\"article:published_time\" content=\"2015-06-25T11:55:23+00:00\" \/>\n\t\t<meta property=\"article:modified_time\" content=\"2015-06-25T11:55:23+00:00\" \/>\n\t\t<meta name=\"twitter:card\" content=\"summary_large_image\" \/>\n\t\t<meta name=\"twitter:title\" content=\"La Generalitat Valenciana organiza un viaje con bloggers franceses | El Digital de Asturias\" \/>\n\t\t<meta name=\"twitter:description\" content=\"La Ag\u00e8ncia Valenciana del Turisme organiza, junto con la Fundaci\u00f3n Turismo Benidorm y la oficina Espa\u00f1ola de Turismo en Par\u00eds, un viaje de prensa para bloggers franceses con el objetivo de afianzar el turismo familiar en la Comunitat Valenciana. Este &#039;press trip&#039;, que se inici\u00f3 ayer y se desarrollar\u00e1 hasta el pr\u00f3ximo domingo 28 de\" \/>\n\t\t<meta name=\"twitter:image\" content=\"https:\/\/eldigitaldeasturias.com\/magazine365\/wp-content\/uploads\/2015\/06\/fotonoticia_20150625083315_800.jpg\" \/>\n\t\t<script type=\"application\/ld+json\" class=\"aioseo-schema\">\n\t\t\t{\"@context\":\"https:\\\/\\\/schema.org\",\"@graph\":[{\"@type\":\"Article\",\"@id\":\"https:\\\/\\\/eldigitaldeasturias.com\\\/magazine365\\\/la-generalitat-valenciana-organiza-un-viaje-con-bloggers-franceses\\\/#article\",\"name\":\"La Generalitat Valenciana organiza un viaje con bloggers franceses | El Digital de Asturias\",\"headline\":\"La Generalitat Valenciana organiza un viaje con bloggers franceses\",\"author\":{\"@id\":\"https:\\\/\\\/eldigitaldeasturias.com\\\/magazine365\\\/author\\\/admin\\\/#author\"},\"publisher\":{\"@id\":\"https:\\\/\\\/eldigitaldeasturias.com\\\/magazine365\\\/#organization\"},\"image\":{\"@type\":\"ImageObject\",\"url\":\"https:\\\/\\\/eldigitaldeasturias.com\\\/magazine365\\\/wp-content\\\/uploads\\\/2015\\\/06\\\/fotonoticia_20150625083315_800.jpg\",\"width\":800,\"height\":531},\"datePublished\":\"2015-06-25T13:25:23+02:00\",\"dateModified\":\"2015-06-25T13:25:23+02:00\",\"inLanguage\":\"es-ES\",\"mainEntityOfPage\":{\"@id\":\"https:\\\/\\\/eldigitaldeasturias.com\\\/magazine365\\\/la-generalitat-valenciana-organiza-un-viaje-con-bloggers-franceses\\\/#webpage\"},\"isPartOf\":{\"@id\":\"https:\\\/\\\/eldigitaldeasturias.com\\\/magazine365\\\/la-generalitat-valenciana-organiza-un-viaje-con-bloggers-franceses\\\/#webpage\"},\"articleSection\":\"Actualidad Turismo\"},{\"@type\":\"BreadcrumbList\",\"@id\":\"https:\\\/\\\/eldigitaldeasturias.com\\\/magazine365\\\/la-generalitat-valenciana-organiza-un-viaje-con-bloggers-franceses\\\/#breadcrumblist\",\"itemListElement\":[{\"@type\":\"ListItem\",\"@id\":\"https:\\\/\\\/eldigitaldeasturias.com\\\/magazine365#listItem\",\"position\":1,\"name\":\"Home\",\"item\":\"https:\\\/\\\/eldigitaldeasturias.com\\\/magazine365\",\"nextItem\":{\"@type\":\"ListItem\",\"@id\":\"https:\\\/\\\/eldigitaldeasturias.com\\\/magazine365\\\/category\\\/actualidad-turismo\\\/#listItem\",\"name\":\"Actualidad Turismo\"}},{\"@type\":\"ListItem\",\"@id\":\"https:\\\/\\\/eldigitaldeasturias.com\\\/magazine365\\\/category\\\/actualidad-turismo\\\/#listItem\",\"position\":2,\"name\":\"Actualidad Turismo\",\"item\":\"https:\\\/\\\/eldigitaldeasturias.com\\\/magazine365\\\/category\\\/actualidad-turismo\\\/\",\"nextItem\":{\"@type\":\"ListItem\",\"@id\":\"https:\\\/\\\/eldigitaldeasturias.com\\\/magazine365\\\/la-generalitat-valenciana-organiza-un-viaje-con-bloggers-franceses\\\/#listItem\",\"name\":\"La Generalitat Valenciana organiza un viaje con bloggers franceses\"},\"previousItem\":{\"@type\":\"ListItem\",\"@id\":\"https:\\\/\\\/eldigitaldeasturias.com\\\/magazine365#listItem\",\"name\":\"Home\"}},{\"@type\":\"ListItem\",\"@id\":\"https:\\\/\\\/eldigitaldeasturias.com\\\/magazine365\\\/la-generalitat-valenciana-organiza-un-viaje-con-bloggers-franceses\\\/#listItem\",\"position\":3,\"name\":\"La Generalitat Valenciana organiza un viaje con bloggers franceses\",\"previousItem\":{\"@type\":\"ListItem\",\"@id\":\"https:\\\/\\\/eldigitaldeasturias.com\\\/magazine365\\\/category\\\/actualidad-turismo\\\/#listItem\",\"name\":\"Actualidad Turismo\"}}]},{\"@type\":\"Organization\",\"@id\":\"https:\\\/\\\/eldigitaldeasturias.com\\\/magazine365\\\/#organization\",\"name\":\"El digital de Asturias\",\"description\":\"Revista de ocio, turismo y estilo de vida\",\"url\":\"https:\\\/\\\/eldigitaldeasturias.com\\\/magazine365\\\/\",\"logo\":{\"@type\":\"ImageObject\",\"url\":\"https:\\\/\\\/www.eldigitaldeasturias.com\\\/noticias\\\/wp-content\\\/uploads\\\/2020\\\/12\\\/EDA.jpg\",\"@id\":\"https:\\\/\\\/eldigitaldeasturias.com\\\/magazine365\\\/la-generalitat-valenciana-organiza-un-viaje-con-bloggers-franceses\\\/#organizationLogo\"},\"image\":{\"@id\":\"https:\\\/\\\/eldigitaldeasturias.com\\\/magazine365\\\/la-generalitat-valenciana-organiza-un-viaje-con-bloggers-franceses\\\/#organizationLogo\"}},{\"@type\":\"Person\",\"@id\":\"https:\\\/\\\/eldigitaldeasturias.com\\\/magazine365\\\/author\\\/admin\\\/#author\",\"url\":\"https:\\\/\\\/eldigitaldeasturias.com\\\/magazine365\\\/author\\\/admin\\\/\",\"name\":\"admin\",\"image\":{\"@type\":\"ImageObject\",\"@id\":\"https:\\\/\\\/eldigitaldeasturias.com\\\/magazine365\\\/la-generalitat-valenciana-organiza-un-viaje-con-bloggers-franceses\\\/#authorImage\",\"url\":\"https:\\\/\\\/eldigitaldeasturias.com\\\/magazine365\\\/wp-content\\\/litespeed\\\/avatar\\\/e571bcf59a0edd6fa6838245a470f2fe.jpg?ver=1777574230\",\"width\":96,\"height\":96,\"caption\":\"admin\"}},{\"@type\":\"WebPage\",\"@id\":\"https:\\\/\\\/eldigitaldeasturias.com\\\/magazine365\\\/la-generalitat-valenciana-organiza-un-viaje-con-bloggers-franceses\\\/#webpage\",\"url\":\"https:\\\/\\\/eldigitaldeasturias.com\\\/magazine365\\\/la-generalitat-valenciana-organiza-un-viaje-con-bloggers-franceses\\\/\",\"name\":\"La Generalitat Valenciana organiza un viaje con bloggers franceses | El Digital de Asturias\",\"description\":\"La Ag\\u00e8ncia Valenciana del Turisme organiza, junto con la Fundaci\\u00f3n Turismo Benidorm y la oficina Espa\\u00f1ola de Turismo en Par\\u00eds, un viaje de prensa para bloggers franceses con el objetivo de afianzar el turismo familiar en la Comunitat Valenciana. Este 'press trip', que se inici\\u00f3 ayer y se desarrollar\\u00e1 hasta el pr\\u00f3ximo domingo 28 de\",\"inLanguage\":\"es-ES\",\"isPartOf\":{\"@id\":\"https:\\\/\\\/eldigitaldeasturias.com\\\/magazine365\\\/#website\"},\"breadcrumb\":{\"@id\":\"https:\\\/\\\/eldigitaldeasturias.com\\\/magazine365\\\/la-generalitat-valenciana-organiza-un-viaje-con-bloggers-franceses\\\/#breadcrumblist\"},\"author\":{\"@id\":\"https:\\\/\\\/eldigitaldeasturias.com\\\/magazine365\\\/author\\\/admin\\\/#author\"},\"creator\":{\"@id\":\"https:\\\/\\\/eldigitaldeasturias.com\\\/magazine365\\\/author\\\/admin\\\/#author\"},\"image\":{\"@type\":\"ImageObject\",\"url\":\"https:\\\/\\\/eldigitaldeasturias.com\\\/magazine365\\\/wp-content\\\/uploads\\\/2015\\\/06\\\/fotonoticia_20150625083315_800.jpg\",\"@id\":\"https:\\\/\\\/eldigitaldeasturias.com\\\/magazine365\\\/la-generalitat-valenciana-organiza-un-viaje-con-bloggers-franceses\\\/#mainImage\",\"width\":800,\"height\":531},\"primaryImageOfPage\":{\"@id\":\"https:\\\/\\\/eldigitaldeasturias.com\\\/magazine365\\\/la-generalitat-valenciana-organiza-un-viaje-con-bloggers-franceses\\\/#mainImage\"},\"datePublished\":\"2015-06-25T13:25:23+02:00\",\"dateModified\":\"2015-06-25T13:25:23+02:00\"},{\"@type\":\"WebSite\",\"@id\":\"https:\\\/\\\/eldigitaldeasturias.com\\\/magazine365\\\/#website\",\"url\":\"https:\\\/\\\/eldigitaldeasturias.com\\\/magazine365\\\/\",\"name\":\"El Digital de Asturias\",\"description\":\"Revista de ocio, turismo y estilo de vida\",\"inLanguage\":\"es-ES\",\"publisher\":{\"@id\":\"https:\\\/\\\/eldigitaldeasturias.com\\\/magazine365\\\/#organization\"}}]}\n\t\t<\/script>\n\t\t<!-- All in One SEO Pro -->\r\n\t\t<title>La Generalitat Valenciana organiza un viaje con bloggers franceses | El Digital de Asturias<\/title>\n\n","aioseo_head_json":{"title":"La Generalitat Valenciana organiza un viaje con bloggers franceses | El Digital de Asturias","description":"La Ag\u00e8ncia Valenciana del Turisme organiza, junto con la Fundaci\u00f3n Turismo Benidorm y la oficina Espa\u00f1ola de Turismo en Par\u00eds, un viaje de prensa para bloggers franceses con el objetivo de afianzar el turismo familiar en la Comunitat Valenciana. Este 'press trip', que se inici\u00f3 ayer y se desarrollar\u00e1 hasta el pr\u00f3ximo domingo 28 de","canonical_url":"https:\/\/eldigitaldeasturias.com\/magazine365\/la-generalitat-valenciana-organiza-un-viaje-con-bloggers-franceses\/","robots":"max-image-preview:large","keywords":"actualidad turismo","webmasterTools":{"google-site-verification":"UA-38556648-1","miscellaneous":""},"schema":{"@context":"https:\/\/schema.org","@graph":[{"@type":"Article","@id":"https:\/\/eldigitaldeasturias.com\/magazine365\/la-generalitat-valenciana-organiza-un-viaje-con-bloggers-franceses\/#article","name":"La Generalitat Valenciana organiza un viaje con bloggers franceses | El Digital de Asturias","headline":"La Generalitat Valenciana organiza un viaje con bloggers franceses","author":{"@id":"https:\/\/eldigitaldeasturias.com\/magazine365\/author\/admin\/#author"},"publisher":{"@id":"https:\/\/eldigitaldeasturias.com\/magazine365\/#organization"},"image":{"@type":"ImageObject","url":"https:\/\/eldigitaldeasturias.com\/magazine365\/wp-content\/uploads\/2015\/06\/fotonoticia_20150625083315_800.jpg","width":800,"height":531},"datePublished":"2015-06-25T13:25:23+02:00","dateModified":"2015-06-25T13:25:23+02:00","inLanguage":"es-ES","mainEntityOfPage":{"@id":"https:\/\/eldigitaldeasturias.com\/magazine365\/la-generalitat-valenciana-organiza-un-viaje-con-bloggers-franceses\/#webpage"},"isPartOf":{"@id":"https:\/\/eldigitaldeasturias.com\/magazine365\/la-generalitat-valenciana-organiza-un-viaje-con-bloggers-franceses\/#webpage"},"articleSection":"Actualidad Turismo"},{"@type":"BreadcrumbList","@id":"https:\/\/eldigitaldeasturias.com\/magazine365\/la-generalitat-valenciana-organiza-un-viaje-con-bloggers-franceses\/#breadcrumblist","itemListElement":[{"@type":"ListItem","@id":"https:\/\/eldigitaldeasturias.com\/magazine365#listItem","position":1,"name":"Home","item":"https:\/\/eldigitaldeasturias.com\/magazine365","nextItem":{"@type":"ListItem","@id":"https:\/\/eldigitaldeasturias.com\/magazine365\/category\/actualidad-turismo\/#listItem","name":"Actualidad Turismo"}},{"@type":"ListItem","@id":"https:\/\/eldigitaldeasturias.com\/magazine365\/category\/actualidad-turismo\/#listItem","position":2,"name":"Actualidad Turismo","item":"https:\/\/eldigitaldeasturias.com\/magazine365\/category\/actualidad-turismo\/","nextItem":{"@type":"ListItem","@id":"https:\/\/eldigitaldeasturias.com\/magazine365\/la-generalitat-valenciana-organiza-un-viaje-con-bloggers-franceses\/#listItem","name":"La Generalitat Valenciana organiza un viaje con bloggers franceses"},"previousItem":{"@type":"ListItem","@id":"https:\/\/eldigitaldeasturias.com\/magazine365#listItem","name":"Home"}},{"@type":"ListItem","@id":"https:\/\/eldigitaldeasturias.com\/magazine365\/la-generalitat-valenciana-organiza-un-viaje-con-bloggers-franceses\/#listItem","position":3,"name":"La Generalitat Valenciana organiza un viaje con bloggers franceses","previousItem":{"@type":"ListItem","@id":"https:\/\/eldigitaldeasturias.com\/magazine365\/category\/actualidad-turismo\/#listItem","name":"Actualidad Turismo"}}]},{"@type":"Organization","@id":"https:\/\/eldigitaldeasturias.com\/magazine365\/#organization","name":"El digital de Asturias","description":"Revista de ocio, turismo y estilo de vida","url":"https:\/\/eldigitaldeasturias.com\/magazine365\/","logo":{"@type":"ImageObject","url":"https:\/\/www.eldigitaldeasturias.com\/noticias\/wp-content\/uploads\/2020\/12\/EDA.jpg","@id":"https:\/\/eldigitaldeasturias.com\/magazine365\/la-generalitat-valenciana-organiza-un-viaje-con-bloggers-franceses\/#organizationLogo"},"image":{"@id":"https:\/\/eldigitaldeasturias.com\/magazine365\/la-generalitat-valenciana-organiza-un-viaje-con-bloggers-franceses\/#organizationLogo"}},{"@type":"Person","@id":"https:\/\/eldigitaldeasturias.com\/magazine365\/author\/admin\/#author","url":"https:\/\/eldigitaldeasturias.com\/magazine365\/author\/admin\/","name":"admin","image":{"@type":"ImageObject","@id":"https:\/\/eldigitaldeasturias.com\/magazine365\/la-generalitat-valenciana-organiza-un-viaje-con-bloggers-franceses\/#authorImage","url":"https:\/\/eldigitaldeasturias.com\/magazine365\/wp-content\/litespeed\/avatar\/e571bcf59a0edd6fa6838245a470f2fe.jpg?ver=1777574230","width":96,"height":96,"caption":"admin"}},{"@type":"WebPage","@id":"https:\/\/eldigitaldeasturias.com\/magazine365\/la-generalitat-valenciana-organiza-un-viaje-con-bloggers-franceses\/#webpage","url":"https:\/\/eldigitaldeasturias.com\/magazine365\/la-generalitat-valenciana-organiza-un-viaje-con-bloggers-franceses\/","name":"La Generalitat Valenciana organiza un viaje con bloggers franceses | El Digital de Asturias","description":"La Ag\u00e8ncia Valenciana del Turisme organiza, junto con la Fundaci\u00f3n Turismo Benidorm y la oficina Espa\u00f1ola de Turismo en Par\u00eds, un viaje de prensa para bloggers franceses con el objetivo de afianzar el turismo familiar en la Comunitat Valenciana. Este 'press trip', que se inici\u00f3 ayer y se desarrollar\u00e1 hasta el pr\u00f3ximo domingo 28 de","inLanguage":"es-ES","isPartOf":{"@id":"https:\/\/eldigitaldeasturias.com\/magazine365\/#website"},"breadcrumb":{"@id":"https:\/\/eldigitaldeasturias.com\/magazine365\/la-generalitat-valenciana-organiza-un-viaje-con-bloggers-franceses\/#breadcrumblist"},"author":{"@id":"https:\/\/eldigitaldeasturias.com\/magazine365\/author\/admin\/#author"},"creator":{"@id":"https:\/\/eldigitaldeasturias.com\/magazine365\/author\/admin\/#author"},"image":{"@type":"ImageObject","url":"https:\/\/eldigitaldeasturias.com\/magazine365\/wp-content\/uploads\/2015\/06\/fotonoticia_20150625083315_800.jpg","@id":"https:\/\/eldigitaldeasturias.com\/magazine365\/la-generalitat-valenciana-organiza-un-viaje-con-bloggers-franceses\/#mainImage","width":800,"height":531},"primaryImageOfPage":{"@id":"https:\/\/eldigitaldeasturias.com\/magazine365\/la-generalitat-valenciana-organiza-un-viaje-con-bloggers-franceses\/#mainImage"},"datePublished":"2015-06-25T13:25:23+02:00","dateModified":"2015-06-25T13:25:23+02:00"},{"@type":"WebSite","@id":"https:\/\/eldigitaldeasturias.com\/magazine365\/#website","url":"https:\/\/eldigitaldeasturias.com\/magazine365\/","name":"El Digital de Asturias","description":"Revista de ocio, turismo y estilo de vida","inLanguage":"es-ES","publisher":{"@id":"https:\/\/eldigitaldeasturias.com\/magazine365\/#organization"}}]},"og:locale":"es_ES","og:site_name":"El Digital de Asturias \u2013 Revista de ocio, turismo y estilo de vida","og:type":"article","og:title":"La Generalitat Valenciana organiza un viaje con bloggers franceses | El Digital de Asturias","og:description":"La Ag\u00e8ncia Valenciana del Turisme organiza, junto con la Fundaci\u00f3n Turismo Benidorm y la oficina Espa\u00f1ola de Turismo en Par\u00eds, un viaje de prensa para bloggers franceses con el objetivo de afianzar el turismo familiar en la Comunitat Valenciana. Este 'press trip', que se inici\u00f3 ayer y se desarrollar\u00e1 hasta el pr\u00f3ximo domingo 28 de","og:url":"https:\/\/eldigitaldeasturias.com\/magazine365\/la-generalitat-valenciana-organiza-un-viaje-con-bloggers-franceses\/","og:image":"https:\/\/eldigitaldeasturias.com\/magazine365\/wp-content\/uploads\/2015\/06\/fotonoticia_20150625083315_800.jpg","og:image:secure_url":"https:\/\/eldigitaldeasturias.com\/magazine365\/wp-content\/uploads\/2015\/06\/fotonoticia_20150625083315_800.jpg","og:image:width":800,"og:image:height":531,"article:published_time":"2015-06-25T11:55:23+00:00","article:modified_time":"2015-06-25T11:55:23+00:00","twitter:card":"summary_large_image","twitter:title":"La Generalitat Valenciana organiza un viaje con bloggers franceses | El Digital de Asturias","twitter:description":"La Ag\u00e8ncia Valenciana del Turisme organiza, junto con la Fundaci\u00f3n Turismo Benidorm y la oficina Espa\u00f1ola de Turismo en Par\u00eds, un viaje de prensa para bloggers franceses con el objetivo de afianzar el turismo familiar en la Comunitat Valenciana. Este 'press trip', que se inici\u00f3 ayer y se desarrollar\u00e1 hasta el pr\u00f3ximo domingo 28 de","twitter:image":"https:\/\/eldigitaldeasturias.com\/magazine365\/wp-content\/uploads\/2015\/06\/fotonoticia_20150625083315_800.jpg"},"aioseo_meta_data":{"post_id":"40949","title":null,"description":null,"keywords":null,"keyphrases":null,"primary_term":null,"canonical_url":null,"og_title":null,"og_description":null,"og_object_type":"default","og_image_type":"default","og_image_url":null,"og_image_width":null,"og_image_height":null,"og_image_custom_url":null,"og_image_custom_fields":null,"og_video":null,"og_custom_url":null,"og_article_section":null,"og_article_tags":null,"twitter_use_og":false,"twitter_card":"default","twitter_image_type":"default","twitter_image_url":null,"twitter_image_custom_url":null,"twitter_image_custom_fields":null,"twitter_title":null,"twitter_description":null,"schema":{"blockGraphs":[],"customGraphs":[],"default":{"data":{"Article":[],"Course":[],"Dataset":[],"FAQPage":[],"Movie":[],"Person":[],"Product":[],"ProductReview":[],"Car":[],"Recipe":[],"Service":[],"SoftwareApplication":[],"WebPage":[]},"graphName":"","isEnabled":true},"graphs":[],"defaultGraph":"","defaultPostTypeGraph":""},"schema_type":null,"schema_type_options":null,"pillar_content":false,"robots_default":true,"robots_noindex":false,"robots_noarchive":false,"robots_nosnippet":false,"robots_nofollow":false,"robots_noimageindex":false,"robots_noodp":false,"robots_notranslate":false,"robots_max_snippet":null,"robots_max_videopreview":null,"robots_max_imagepreview":"large","priority":null,"frequency":null,"location":null,"local_seo":null,"seo_analyzer_scan_date":"2025-09-19 14:42:18","breadcrumb_settings":null,"limit_modified_date":false,"open_ai":null,"ai":null,"created":"2021-03-09 02:21:54","updated":"2025-09-19 14:42:18"},"aioseo_breadcrumb":"<div class=\"aioseo-breadcrumbs\"><span class=\"aioseo-breadcrumb\">\n\t<a href=\"https:\/\/eldigitaldeasturias.com\/magazine365\" title=\"Home\">Home<\/a>\n<\/span><span class=\"aioseo-breadcrumb-separator\">\u2013<\/span><span class=\"aioseo-breadcrumb\">\n\t<a href=\"https:\/\/eldigitaldeasturias.com\/magazine365\/category\/actualidad-turismo\/\" title=\"Actualidad Turismo\">Actualidad Turismo<\/a>\n<\/span><span class=\"aioseo-breadcrumb-separator\">\u2013<\/span><span class=\"aioseo-breadcrumb\">\n\t<a href=\"https:\/\/eldigitaldeasturias.com\/magazine365\/la-generalitat-valenciana-organiza-un-viaje-con-bloggers-franceses\/\" title=\"La Generalitat Valenciana organiza un viaje con bloggers franceses\">La Generalitat Valenciana organiza un viaje con bloggers franceses<\/a>\n<\/span><\/div>","aioseo_breadcrumb_json":[{"label":"Home","link":"https:\/\/eldigitaldeasturias.com\/magazine365"},{"label":"Actualidad Turismo","link":"https:\/\/eldigitaldeasturias.com\/magazine365\/category\/actualidad-turismo\/"},{"label":"La Generalitat Valenciana organiza un viaje con bloggers franceses","link":"https:\/\/eldigitaldeasturias.com\/magazine365\/la-generalitat-valenciana-organiza-un-viaje-con-bloggers-franceses\/"}],"_links":{"self":[{"href":"https:\/\/eldigitaldeasturias.com\/magazine365\/wp-json\/wp\/v2\/posts\/40949","targetHints":{"allow":["GET"]}}],"collection":[{"href":"https:\/\/eldigitaldeasturias.com\/magazine365\/wp-json\/wp\/v2\/posts"}],"about":[{"href":"https:\/\/eldigitaldeasturias.com\/magazine365\/wp-json\/wp\/v2\/types\/post"}],"author":[{"embeddable":true,"href":"https:\/\/eldigitaldeasturias.com\/magazine365\/wp-json\/wp\/v2\/users\/1"}],"replies":[{"embeddable":true,"href":"https:\/\/eldigitaldeasturias.com\/magazine365\/wp-json\/wp\/v2\/comments?post=40949"}],"version-history":[{"count":0,"href":"https:\/\/eldigitaldeasturias.com\/magazine365\/wp-json\/wp\/v2\/posts\/40949\/revisions"}],"wp:featuredmedia":[{"embeddable":true,"href":"https:\/\/eldigitaldeasturias.com\/magazine365\/wp-json\/wp\/v2\/media\/40950"}],"wp:attachment":[{"href":"https:\/\/eldigitaldeasturias.com\/magazine365\/wp-json\/wp\/v2\/media?parent=40949"}],"wp:term":[{"taxonomy":"category","embeddable":true,"href":"https:\/\/eldigitaldeasturias.com\/magazine365\/wp-json\/wp\/v2\/categories?post=40949"},{"taxonomy":"post_tag","embeddable":true,"href":"https:\/\/eldigitaldeasturias.com\/magazine365\/wp-json\/wp\/v2\/tags?post=40949"}],"curies":[{"name":"wp","href":"https:\/\/api.w.org\/{rel}","templated":true}]}}