{"id":40946,"date":"2015-06-25T13:23:49","date_gmt":"2015-06-25T11:53:49","guid":{"rendered":"http:\/\/eldigitaldeasturias.com\/magazine365\/?p=40946"},"modified":"2015-06-25T13:23:49","modified_gmt":"2015-06-25T11:53:49","slug":"constructores-e-instituciones-apuestan-por-el-turismo-residencial-en-la-costa-del-sol","status":"publish","type":"post","link":"https:\/\/eldigitaldeasturias.com\/magazine365\/constructores-e-instituciones-apuestan-por-el-turismo-residencial-en-la-costa-del-sol\/","title":{"rendered":"Constructores e instituciones apuestan por el turismo residencial en la Costa del Sol"},"content":{"rendered":"<p><img fetchpriority=\"high\" decoding=\"async\" class=\"alignleft size-medium wp-image-40947\" src=\"https:\/\/eldigitaldeasturias.com\/magazine365\/wp-content\/uploads\/2015\/06\/fotonoticia_20150625083209_800-360x202.jpg\" alt=\"fotonoticia_20150625083209_800\" width=\"360\" height=\"202\" srcset=\"https:\/\/eldigitaldeasturias.com\/magazine365\/wp-content\/uploads\/2015\/06\/fotonoticia_20150625083209_800-360x202.jpg 360w, https:\/\/eldigitaldeasturias.com\/magazine365\/wp-content\/uploads\/2015\/06\/fotonoticia_20150625083209_800-650x365.jpg 650w, https:\/\/eldigitaldeasturias.com\/magazine365\/wp-content\/uploads\/2015\/06\/fotonoticia_20150625083209_800-768x431.jpg 768w, https:\/\/eldigitaldeasturias.com\/magazine365\/wp-content\/uploads\/2015\/06\/fotonoticia_20150625083209_800-150x84.jpg 150w, https:\/\/eldigitaldeasturias.com\/magazine365\/wp-content\/uploads\/2015\/06\/fotonoticia_20150625083209_800-450x253.jpg 450w, https:\/\/eldigitaldeasturias.com\/magazine365\/wp-content\/uploads\/2015\/06\/fotonoticia_20150625083209_800-696x391.jpg 696w, https:\/\/eldigitaldeasturias.com\/magazine365\/wp-content\/uploads\/2015\/06\/fotonoticia_20150625083209_800-748x420.jpg 748w, https:\/\/eldigitaldeasturias.com\/magazine365\/wp-content\/uploads\/2015\/06\/fotonoticia_20150625083209_800-499x280.jpg 499w, https:\/\/eldigitaldeasturias.com\/magazine365\/wp-content\/uploads\/2015\/06\/fotonoticia_20150625083209_800.jpg 800w\" sizes=\"(max-width: 360px) 100vw, 360px\" \/>El turismo residencial en la provincia de M\u00e1laga tiene futuro. Eso, al menos, es lo que se desprende de las declaraciones de promotores, constructores y representantes p\u00fablicos en la VII Jornada de Turismo Residencial, celebrada en el hotel Villa Padierna de Benahav\u00eds (M\u00e1laga) y organizada por Andaluc\u00eda Inmobiliaria.<\/p>\n<p>En un conjunto de ponencias y mesas redondas, expertos de diversos \u00e1mbitos relacionados con el turismo han dado las claves para que el aspecto residencial sea uno de los motores de la zona. Uno de ellos, sin duda el m\u00e1s importante, es el que han destacado todos los conferenciantes: la seguridad jur\u00eddica.<\/p>\n<p>As\u00ed, el presidente de la Federaci\u00f3n Andaluza de Urbanizadores y Turismo Residencial y due\u00f1o del hotel Villa Padierna, Ricardo Arranz, ha reclamado \u00abm\u00e1s agilidad\u00bb en la tramitaci\u00f3n urban\u00edstica a la Junta de Andaluc\u00eda y los ayuntamientos \u00abpara aportar seguridad a las inversiones\u00bb.<\/p>\n<p>Ha indicado que el mercado \u00abha cambiado\u00bb y que \u00abahora son los fondos de inversi\u00f3n los que traen las posibilidades de generar proyectos y riqueza en la zona\u00bb. No obstante, ha apuntado que las administraciones \u00abdeben actuar m\u00e1s r\u00e1pido\u00bb, ya que el dinero \u00abes cobarde y se va r\u00e1pido\u00bb, y ha considerado que \u00abno pueden legislar de espaldas al mercado\u00bb.<\/p>\n<p>El secretario general de Ordenaci\u00f3n del Territorio y Cambio Clim\u00e1tico de la Junta andaluza, Rafael M\u00e1rquez, ha recalcado que ante un cambio de ciclo \u00abdesde la pol\u00edtica lo que debemos hacer es apuntalar ese cambio\u00bb y ha se\u00f1alado que una apuesta en la que est\u00e1 trabajando el Gobierno de Andaluc\u00eda es \u00abla agilizaci\u00f3n y flexibilizaci\u00f3n de los procedimientos\u00bb.<\/p>\n<p>Ha considerado que en Andaluc\u00eda y en Espa\u00f1a \u00abexiste seguridad jur\u00eddica\u00bb y ha a\u00f1adido que, adem\u00e1s, \u00abhay que saber interpretar los tiempos, subsanar lagunas y aportar estabilidad normativa\u00bb. Ha se\u00f1alado que el dise\u00f1o de los planes urban\u00edsticos de las ciudades debe ser \u00abpausado y con concertaci\u00f3n, muy dialogado por todos los actores, para evitar que los cambios en las corporaciones provoquen vaivenes y estancamiento\u00bb.<\/p>\n<p>El alcalde de Marbella, Jos\u00e9 Bernal, ha asegurado que \u00abla ciudad apostar\u00e1 claramente por el modelo de turismo residencial\u00bb y ha manifestado que una de las apuestas de su gobierno es \u00abevitar la especulaci\u00f3n y desarrollar un planeamiento urban\u00edstico de marcado car\u00e1cter humano\u00bb.<\/p>\n<p>El alcalde de Benahav\u00eds, Jos\u00e9 Antonio Mena, encargado de clausurar la jornada, ha manifestado que ante la seguridad jur\u00eddica que recalca el sector del turismo residencial \u00abla responsabilidad de las administraciones es conseguir trasladar al sector privado la confianza en que los plazos se puedan acortar lo m\u00e1ximo posible\u00bb.<\/p>\n<p>Por su parte, el concejal de Estepona Blas Ruzafa ha hecho una llamamiento a inversores y constructores para que inviertan en el denominado &#8216;tri\u00e1ngulo de oro&#8217; (Marbella, Estepona y Benahav\u00eds) en los pr\u00f3ximos a\u00f1os.<\/p>\n<p>Por su parte, el director general de Inmobiliaria del Sur, Francisco Pumar, ha indicado que esa seguridad jur\u00eddica reclamada \u00abes la \u00fanica manera\u00bb para conseguir que la construcci\u00f3n en general y el turismo residencial en particular \u00abse conviertan en sectores estables en el tiempo\u00bb.<\/p>\n<p>Al respecto, tambi\u00e9n se ha manifestado el consejero delegado de la asesor\u00eda legal y financiera IREA, Mikel Echavarren, quien ha apuntado que, tras las elecciones del 24 de mayo, hay algunos ayuntamientos que no animan a invertir en sus ciudades. Concretamente, se ha referido a Madrid y Barcelona, \u00abgobernados por plataformas auspiciadas por Podemos\u00bb.<\/p>\n<p>En el \u00e1mbito de la abogac\u00eda, el socio del despacho Garrigues Pedro Fern\u00e1ndez ha indicado que el \u00abproblema\u00bb en Espa\u00f1a es que el proceso de compra \u00abes muy complejo\u00bb. Para solucionarlo, ha aconsejado que la \u00abclave\u00bb es \u00abinformar muy bien de qu\u00e9 est\u00e1 comprando el cliente\u00bb y ha apuntado que se debe poner \u00aborden y claridad\u00bb.<\/p>\n<p>Por otra parte, el socio del despacho de abogados Ontier, presente en 12 pa\u00edses, Luis Miguel Mart\u00edn Rubio ha recalcado la importancia de la Costa del Sol: \u00abpor aqu\u00ed entran y salen las tormentas. Por aqu\u00ed entran y salen las crisis\u00bb.<\/p>\n<p>Adem\u00e1s, ha recalcado que esta zona goza de una situaci\u00f3n \u00abprivilegiada\u00bb: \u00abtenemos que ser optimistas; tenemos un patrimonio cultural, hist\u00f3rico, gastron\u00f3mico y un clima \u00fanicos\u00bb.<\/p>\n<p>CRECIMIENTO Y CONFIANZA<\/p>\n<p>En lo que la totalidad de ponentes han coincidido ha sido en se\u00f1alar el ciclo de \u00abprosperidad, confianza y crecimiento\u00bb que est\u00e1 experimentando Espa\u00f1a en la actualidad y que \u00abseguir\u00e1 haci\u00e9ndolo en los pr\u00f3ximos a\u00f1os\u00bb.<\/p>\n<p>Sobre ello, el presidente de la Federaci\u00f3n Andaluza de Urbanizadores y Turismo Residencial y due\u00f1o del hotel Villa Padierna ha afirmado que a Andaluc\u00eda \u00absi se sabe vender bien\u00bb, le esperan \u00ablos mejores\u00bb a\u00f1os de crecimiento. Adem\u00e1s, ha recordado que la regi\u00f3n es \u00abde los menores sitios de Europa para vivir e invertir\u00bb.<\/p>\n<p>Por \u00faltimo, Pumar ha anunciado las claves para que el sector tur\u00edstico residencial sea \u00abpr\u00f3spero\u00bb en los pr\u00f3ximos a\u00f1os. Entre otras, ha indicado el fuerte crecimiento econ\u00f3mico, la facilidad de financiaci\u00f3n, el aumento en las rentas, la mayor competencia o la buena gesti\u00f3n de la Sareb (o &#8216;banco malo&#8217;).<\/p>\n","protected":false},"excerpt":{"rendered":"<p>El turismo residencial en la provincia de M\u00e1laga tiene futuro. Eso, al menos, es lo que se desprende de las declaraciones de promotores, constructores y representantes p\u00fablicos en la VII Jornada de Turismo Residencial, celebrada en el hotel Villa Padierna de Benahav\u00eds (M\u00e1laga) y organizada por Andaluc\u00eda Inmobiliaria. En un conjunto de ponencias y mesas<\/p>\n","protected":false},"author":1,"featured_media":40947,"comment_status":"open","ping_status":"closed","sticky":false,"template":"","format":"standard","meta":{"footnotes":""},"categories":[222],"tags":[],"class_list":{"0":"post-40946","1":"post","2":"type-post","3":"status-publish","4":"format-standard","5":"has-post-thumbnail","7":"category-actualidad-turismo"},"aioseo_notices":[],"aioseo_head":"\n\t\t<!-- All in One SEO Pro 4.9.6.1 - aioseo.com -->\n\t<meta name=\"description\" content=\"El turismo residencial en la provincia de M\u00e1laga tiene futuro. Eso, al menos, es lo que se desprende de las declaraciones de promotores, constructores y representantes p\u00fablicos en la VII Jornada de Turismo Residencial, celebrada en el hotel Villa Padierna de Benahav\u00eds (M\u00e1laga) y organizada por Andaluc\u00eda Inmobiliaria. En un conjunto de ponencias y mesas\" \/>\n\t<meta name=\"robots\" content=\"max-image-preview:large\" \/>\n\t<meta name=\"author\" content=\"admin\"\/>\n\t<meta name=\"google-site-verification\" content=\"UA-38556648-1\" \/>\n\t<meta name=\"keywords\" content=\"actualidad turismo\" \/>\n\t<link rel=\"canonical\" href=\"https:\/\/eldigitaldeasturias.com\/magazine365\/constructores-e-instituciones-apuestan-por-el-turismo-residencial-en-la-costa-del-sol\/\" \/>\n\t<meta name=\"generator\" content=\"All in One SEO Pro (AIOSEO) 4.9.6.1\" \/>\n\t\t<meta property=\"og:locale\" content=\"es_ES\" \/>\n\t\t<meta property=\"og:site_name\" content=\"El Digital de Asturias \u2013 Revista de ocio, turismo y estilo de vida\" \/>\n\t\t<meta property=\"og:type\" content=\"article\" \/>\n\t\t<meta property=\"og:title\" content=\"Constructores e instituciones apuestan por el turismo residencial en la Costa del Sol | El Digital de Asturias\" \/>\n\t\t<meta property=\"og:description\" content=\"El turismo residencial en la provincia de M\u00e1laga tiene futuro. Eso, al menos, es lo que se desprende de las declaraciones de promotores, constructores y representantes p\u00fablicos en la VII Jornada de Turismo Residencial, celebrada en el hotel Villa Padierna de Benahav\u00eds (M\u00e1laga) y organizada por Andaluc\u00eda Inmobiliaria. En un conjunto de ponencias y mesas\" \/>\n\t\t<meta property=\"og:url\" content=\"https:\/\/eldigitaldeasturias.com\/magazine365\/constructores-e-instituciones-apuestan-por-el-turismo-residencial-en-la-costa-del-sol\/\" \/>\n\t\t<meta property=\"og:image\" content=\"https:\/\/eldigitaldeasturias.com\/magazine365\/wp-content\/uploads\/2015\/06\/fotonoticia_20150625083209_800.jpg\" \/>\n\t\t<meta property=\"og:image:secure_url\" content=\"https:\/\/eldigitaldeasturias.com\/magazine365\/wp-content\/uploads\/2015\/06\/fotonoticia_20150625083209_800.jpg\" \/>\n\t\t<meta property=\"og:image:width\" content=\"800\" \/>\n\t\t<meta property=\"og:image:height\" content=\"449\" \/>\n\t\t<meta property=\"article:published_time\" content=\"2015-06-25T11:53:49+00:00\" \/>\n\t\t<meta property=\"article:modified_time\" content=\"2015-06-25T11:53:49+00:00\" \/>\n\t\t<meta name=\"twitter:card\" content=\"summary_large_image\" \/>\n\t\t<meta name=\"twitter:title\" content=\"Constructores e instituciones apuestan por el turismo residencial en la Costa del Sol | El Digital de Asturias\" \/>\n\t\t<meta name=\"twitter:description\" content=\"El turismo residencial en la provincia de M\u00e1laga tiene futuro. Eso, al menos, es lo que se desprende de las declaraciones de promotores, constructores y representantes p\u00fablicos en la VII Jornada de Turismo Residencial, celebrada en el hotel Villa Padierna de Benahav\u00eds (M\u00e1laga) y organizada por Andaluc\u00eda Inmobiliaria. En un conjunto de ponencias y mesas\" \/>\n\t\t<meta name=\"twitter:image\" content=\"https:\/\/eldigitaldeasturias.com\/magazine365\/wp-content\/uploads\/2015\/06\/fotonoticia_20150625083209_800.jpg\" \/>\n\t\t<script type=\"application\/ld+json\" class=\"aioseo-schema\">\n\t\t\t{\"@context\":\"https:\\\/\\\/schema.org\",\"@graph\":[{\"@type\":\"Article\",\"@id\":\"https:\\\/\\\/eldigitaldeasturias.com\\\/magazine365\\\/constructores-e-instituciones-apuestan-por-el-turismo-residencial-en-la-costa-del-sol\\\/#article\",\"name\":\"Constructores e instituciones apuestan por el turismo residencial en la Costa del Sol | El Digital de Asturias\",\"headline\":\"Constructores e instituciones apuestan por el turismo residencial en la Costa del Sol\",\"author\":{\"@id\":\"https:\\\/\\\/eldigitaldeasturias.com\\\/magazine365\\\/author\\\/admin\\\/#author\"},\"publisher\":{\"@id\":\"https:\\\/\\\/eldigitaldeasturias.com\\\/magazine365\\\/#organization\"},\"image\":{\"@type\":\"ImageObject\",\"url\":\"https:\\\/\\\/eldigitaldeasturias.com\\\/magazine365\\\/wp-content\\\/uploads\\\/2015\\\/06\\\/fotonoticia_20150625083209_800.jpg\",\"width\":800,\"height\":449},\"datePublished\":\"2015-06-25T13:23:49+02:00\",\"dateModified\":\"2015-06-25T13:23:49+02:00\",\"inLanguage\":\"es-ES\",\"mainEntityOfPage\":{\"@id\":\"https:\\\/\\\/eldigitaldeasturias.com\\\/magazine365\\\/constructores-e-instituciones-apuestan-por-el-turismo-residencial-en-la-costa-del-sol\\\/#webpage\"},\"isPartOf\":{\"@id\":\"https:\\\/\\\/eldigitaldeasturias.com\\\/magazine365\\\/constructores-e-instituciones-apuestan-por-el-turismo-residencial-en-la-costa-del-sol\\\/#webpage\"},\"articleSection\":\"Actualidad Turismo\"},{\"@type\":\"BreadcrumbList\",\"@id\":\"https:\\\/\\\/eldigitaldeasturias.com\\\/magazine365\\\/constructores-e-instituciones-apuestan-por-el-turismo-residencial-en-la-costa-del-sol\\\/#breadcrumblist\",\"itemListElement\":[{\"@type\":\"ListItem\",\"@id\":\"https:\\\/\\\/eldigitaldeasturias.com\\\/magazine365#listItem\",\"position\":1,\"name\":\"Home\",\"item\":\"https:\\\/\\\/eldigitaldeasturias.com\\\/magazine365\",\"nextItem\":{\"@type\":\"ListItem\",\"@id\":\"https:\\\/\\\/eldigitaldeasturias.com\\\/magazine365\\\/category\\\/actualidad-turismo\\\/#listItem\",\"name\":\"Actualidad Turismo\"}},{\"@type\":\"ListItem\",\"@id\":\"https:\\\/\\\/eldigitaldeasturias.com\\\/magazine365\\\/category\\\/actualidad-turismo\\\/#listItem\",\"position\":2,\"name\":\"Actualidad Turismo\",\"item\":\"https:\\\/\\\/eldigitaldeasturias.com\\\/magazine365\\\/category\\\/actualidad-turismo\\\/\",\"nextItem\":{\"@type\":\"ListItem\",\"@id\":\"https:\\\/\\\/eldigitaldeasturias.com\\\/magazine365\\\/constructores-e-instituciones-apuestan-por-el-turismo-residencial-en-la-costa-del-sol\\\/#listItem\",\"name\":\"Constructores e instituciones apuestan por el turismo residencial en la Costa del Sol\"},\"previousItem\":{\"@type\":\"ListItem\",\"@id\":\"https:\\\/\\\/eldigitaldeasturias.com\\\/magazine365#listItem\",\"name\":\"Home\"}},{\"@type\":\"ListItem\",\"@id\":\"https:\\\/\\\/eldigitaldeasturias.com\\\/magazine365\\\/constructores-e-instituciones-apuestan-por-el-turismo-residencial-en-la-costa-del-sol\\\/#listItem\",\"position\":3,\"name\":\"Constructores e instituciones apuestan por el turismo residencial en la Costa del Sol\",\"previousItem\":{\"@type\":\"ListItem\",\"@id\":\"https:\\\/\\\/eldigitaldeasturias.com\\\/magazine365\\\/category\\\/actualidad-turismo\\\/#listItem\",\"name\":\"Actualidad Turismo\"}}]},{\"@type\":\"Organization\",\"@id\":\"https:\\\/\\\/eldigitaldeasturias.com\\\/magazine365\\\/#organization\",\"name\":\"El digital de Asturias\",\"description\":\"Revista de ocio, turismo y estilo de vida\",\"url\":\"https:\\\/\\\/eldigitaldeasturias.com\\\/magazine365\\\/\",\"logo\":{\"@type\":\"ImageObject\",\"url\":\"https:\\\/\\\/www.eldigitaldeasturias.com\\\/noticias\\\/wp-content\\\/uploads\\\/2020\\\/12\\\/EDA.jpg\",\"@id\":\"https:\\\/\\\/eldigitaldeasturias.com\\\/magazine365\\\/constructores-e-instituciones-apuestan-por-el-turismo-residencial-en-la-costa-del-sol\\\/#organizationLogo\"},\"image\":{\"@id\":\"https:\\\/\\\/eldigitaldeasturias.com\\\/magazine365\\\/constructores-e-instituciones-apuestan-por-el-turismo-residencial-en-la-costa-del-sol\\\/#organizationLogo\"}},{\"@type\":\"Person\",\"@id\":\"https:\\\/\\\/eldigitaldeasturias.com\\\/magazine365\\\/author\\\/admin\\\/#author\",\"url\":\"https:\\\/\\\/eldigitaldeasturias.com\\\/magazine365\\\/author\\\/admin\\\/\",\"name\":\"admin\",\"image\":{\"@type\":\"ImageObject\",\"@id\":\"https:\\\/\\\/eldigitaldeasturias.com\\\/magazine365\\\/constructores-e-instituciones-apuestan-por-el-turismo-residencial-en-la-costa-del-sol\\\/#authorImage\",\"url\":\"https:\\\/\\\/eldigitaldeasturias.com\\\/magazine365\\\/wp-content\\\/litespeed\\\/avatar\\\/e571bcf59a0edd6fa6838245a470f2fe.jpg?ver=1777574230\",\"width\":96,\"height\":96,\"caption\":\"admin\"}},{\"@type\":\"WebPage\",\"@id\":\"https:\\\/\\\/eldigitaldeasturias.com\\\/magazine365\\\/constructores-e-instituciones-apuestan-por-el-turismo-residencial-en-la-costa-del-sol\\\/#webpage\",\"url\":\"https:\\\/\\\/eldigitaldeasturias.com\\\/magazine365\\\/constructores-e-instituciones-apuestan-por-el-turismo-residencial-en-la-costa-del-sol\\\/\",\"name\":\"Constructores e instituciones apuestan por el turismo residencial en la Costa del Sol | El Digital de Asturias\",\"description\":\"El turismo residencial en la provincia de M\\u00e1laga tiene futuro. Eso, al menos, es lo que se desprende de las declaraciones de promotores, constructores y representantes p\\u00fablicos en la VII Jornada de Turismo Residencial, celebrada en el hotel Villa Padierna de Benahav\\u00eds (M\\u00e1laga) y organizada por Andaluc\\u00eda Inmobiliaria. En un conjunto de ponencias y mesas\",\"inLanguage\":\"es-ES\",\"isPartOf\":{\"@id\":\"https:\\\/\\\/eldigitaldeasturias.com\\\/magazine365\\\/#website\"},\"breadcrumb\":{\"@id\":\"https:\\\/\\\/eldigitaldeasturias.com\\\/magazine365\\\/constructores-e-instituciones-apuestan-por-el-turismo-residencial-en-la-costa-del-sol\\\/#breadcrumblist\"},\"author\":{\"@id\":\"https:\\\/\\\/eldigitaldeasturias.com\\\/magazine365\\\/author\\\/admin\\\/#author\"},\"creator\":{\"@id\":\"https:\\\/\\\/eldigitaldeasturias.com\\\/magazine365\\\/author\\\/admin\\\/#author\"},\"image\":{\"@type\":\"ImageObject\",\"url\":\"https:\\\/\\\/eldigitaldeasturias.com\\\/magazine365\\\/wp-content\\\/uploads\\\/2015\\\/06\\\/fotonoticia_20150625083209_800.jpg\",\"@id\":\"https:\\\/\\\/eldigitaldeasturias.com\\\/magazine365\\\/constructores-e-instituciones-apuestan-por-el-turismo-residencial-en-la-costa-del-sol\\\/#mainImage\",\"width\":800,\"height\":449},\"primaryImageOfPage\":{\"@id\":\"https:\\\/\\\/eldigitaldeasturias.com\\\/magazine365\\\/constructores-e-instituciones-apuestan-por-el-turismo-residencial-en-la-costa-del-sol\\\/#mainImage\"},\"datePublished\":\"2015-06-25T13:23:49+02:00\",\"dateModified\":\"2015-06-25T13:23:49+02:00\"},{\"@type\":\"WebSite\",\"@id\":\"https:\\\/\\\/eldigitaldeasturias.com\\\/magazine365\\\/#website\",\"url\":\"https:\\\/\\\/eldigitaldeasturias.com\\\/magazine365\\\/\",\"name\":\"El Digital de Asturias\",\"description\":\"Revista de ocio, turismo y estilo de vida\",\"inLanguage\":\"es-ES\",\"publisher\":{\"@id\":\"https:\\\/\\\/eldigitaldeasturias.com\\\/magazine365\\\/#organization\"}}]}\n\t\t<\/script>\n\t\t<!-- All in One SEO Pro -->\r\n\t\t<title>Constructores e instituciones apuestan por el turismo residencial en la Costa del Sol | El Digital de Asturias<\/title>\n\n","aioseo_head_json":{"title":"Constructores e instituciones apuestan por el turismo residencial en la Costa del Sol | El Digital de Asturias","description":"El turismo residencial en la provincia de M\u00e1laga tiene futuro. Eso, al menos, es lo que se desprende de las declaraciones de promotores, constructores y representantes p\u00fablicos en la VII Jornada de Turismo Residencial, celebrada en el hotel Villa Padierna de Benahav\u00eds (M\u00e1laga) y organizada por Andaluc\u00eda Inmobiliaria. En un conjunto de ponencias y mesas","canonical_url":"https:\/\/eldigitaldeasturias.com\/magazine365\/constructores-e-instituciones-apuestan-por-el-turismo-residencial-en-la-costa-del-sol\/","robots":"max-image-preview:large","keywords":"actualidad turismo","webmasterTools":{"google-site-verification":"UA-38556648-1","miscellaneous":""},"schema":{"@context":"https:\/\/schema.org","@graph":[{"@type":"Article","@id":"https:\/\/eldigitaldeasturias.com\/magazine365\/constructores-e-instituciones-apuestan-por-el-turismo-residencial-en-la-costa-del-sol\/#article","name":"Constructores e instituciones apuestan por el turismo residencial en la Costa del Sol | El Digital de Asturias","headline":"Constructores e instituciones apuestan por el turismo residencial en la Costa del Sol","author":{"@id":"https:\/\/eldigitaldeasturias.com\/magazine365\/author\/admin\/#author"},"publisher":{"@id":"https:\/\/eldigitaldeasturias.com\/magazine365\/#organization"},"image":{"@type":"ImageObject","url":"https:\/\/eldigitaldeasturias.com\/magazine365\/wp-content\/uploads\/2015\/06\/fotonoticia_20150625083209_800.jpg","width":800,"height":449},"datePublished":"2015-06-25T13:23:49+02:00","dateModified":"2015-06-25T13:23:49+02:00","inLanguage":"es-ES","mainEntityOfPage":{"@id":"https:\/\/eldigitaldeasturias.com\/magazine365\/constructores-e-instituciones-apuestan-por-el-turismo-residencial-en-la-costa-del-sol\/#webpage"},"isPartOf":{"@id":"https:\/\/eldigitaldeasturias.com\/magazine365\/constructores-e-instituciones-apuestan-por-el-turismo-residencial-en-la-costa-del-sol\/#webpage"},"articleSection":"Actualidad Turismo"},{"@type":"BreadcrumbList","@id":"https:\/\/eldigitaldeasturias.com\/magazine365\/constructores-e-instituciones-apuestan-por-el-turismo-residencial-en-la-costa-del-sol\/#breadcrumblist","itemListElement":[{"@type":"ListItem","@id":"https:\/\/eldigitaldeasturias.com\/magazine365#listItem","position":1,"name":"Home","item":"https:\/\/eldigitaldeasturias.com\/magazine365","nextItem":{"@type":"ListItem","@id":"https:\/\/eldigitaldeasturias.com\/magazine365\/category\/actualidad-turismo\/#listItem","name":"Actualidad Turismo"}},{"@type":"ListItem","@id":"https:\/\/eldigitaldeasturias.com\/magazine365\/category\/actualidad-turismo\/#listItem","position":2,"name":"Actualidad Turismo","item":"https:\/\/eldigitaldeasturias.com\/magazine365\/category\/actualidad-turismo\/","nextItem":{"@type":"ListItem","@id":"https:\/\/eldigitaldeasturias.com\/magazine365\/constructores-e-instituciones-apuestan-por-el-turismo-residencial-en-la-costa-del-sol\/#listItem","name":"Constructores e instituciones apuestan por el turismo residencial en la Costa del Sol"},"previousItem":{"@type":"ListItem","@id":"https:\/\/eldigitaldeasturias.com\/magazine365#listItem","name":"Home"}},{"@type":"ListItem","@id":"https:\/\/eldigitaldeasturias.com\/magazine365\/constructores-e-instituciones-apuestan-por-el-turismo-residencial-en-la-costa-del-sol\/#listItem","position":3,"name":"Constructores e instituciones apuestan por el turismo residencial en la Costa del Sol","previousItem":{"@type":"ListItem","@id":"https:\/\/eldigitaldeasturias.com\/magazine365\/category\/actualidad-turismo\/#listItem","name":"Actualidad Turismo"}}]},{"@type":"Organization","@id":"https:\/\/eldigitaldeasturias.com\/magazine365\/#organization","name":"El digital de Asturias","description":"Revista de ocio, turismo y estilo de vida","url":"https:\/\/eldigitaldeasturias.com\/magazine365\/","logo":{"@type":"ImageObject","url":"https:\/\/www.eldigitaldeasturias.com\/noticias\/wp-content\/uploads\/2020\/12\/EDA.jpg","@id":"https:\/\/eldigitaldeasturias.com\/magazine365\/constructores-e-instituciones-apuestan-por-el-turismo-residencial-en-la-costa-del-sol\/#organizationLogo"},"image":{"@id":"https:\/\/eldigitaldeasturias.com\/magazine365\/constructores-e-instituciones-apuestan-por-el-turismo-residencial-en-la-costa-del-sol\/#organizationLogo"}},{"@type":"Person","@id":"https:\/\/eldigitaldeasturias.com\/magazine365\/author\/admin\/#author","url":"https:\/\/eldigitaldeasturias.com\/magazine365\/author\/admin\/","name":"admin","image":{"@type":"ImageObject","@id":"https:\/\/eldigitaldeasturias.com\/magazine365\/constructores-e-instituciones-apuestan-por-el-turismo-residencial-en-la-costa-del-sol\/#authorImage","url":"https:\/\/eldigitaldeasturias.com\/magazine365\/wp-content\/litespeed\/avatar\/e571bcf59a0edd6fa6838245a470f2fe.jpg?ver=1777574230","width":96,"height":96,"caption":"admin"}},{"@type":"WebPage","@id":"https:\/\/eldigitaldeasturias.com\/magazine365\/constructores-e-instituciones-apuestan-por-el-turismo-residencial-en-la-costa-del-sol\/#webpage","url":"https:\/\/eldigitaldeasturias.com\/magazine365\/constructores-e-instituciones-apuestan-por-el-turismo-residencial-en-la-costa-del-sol\/","name":"Constructores e instituciones apuestan por el turismo residencial en la Costa del Sol | El Digital de Asturias","description":"El turismo residencial en la provincia de M\u00e1laga tiene futuro. Eso, al menos, es lo que se desprende de las declaraciones de promotores, constructores y representantes p\u00fablicos en la VII Jornada de Turismo Residencial, celebrada en el hotel Villa Padierna de Benahav\u00eds (M\u00e1laga) y organizada por Andaluc\u00eda Inmobiliaria. En un conjunto de ponencias y mesas","inLanguage":"es-ES","isPartOf":{"@id":"https:\/\/eldigitaldeasturias.com\/magazine365\/#website"},"breadcrumb":{"@id":"https:\/\/eldigitaldeasturias.com\/magazine365\/constructores-e-instituciones-apuestan-por-el-turismo-residencial-en-la-costa-del-sol\/#breadcrumblist"},"author":{"@id":"https:\/\/eldigitaldeasturias.com\/magazine365\/author\/admin\/#author"},"creator":{"@id":"https:\/\/eldigitaldeasturias.com\/magazine365\/author\/admin\/#author"},"image":{"@type":"ImageObject","url":"https:\/\/eldigitaldeasturias.com\/magazine365\/wp-content\/uploads\/2015\/06\/fotonoticia_20150625083209_800.jpg","@id":"https:\/\/eldigitaldeasturias.com\/magazine365\/constructores-e-instituciones-apuestan-por-el-turismo-residencial-en-la-costa-del-sol\/#mainImage","width":800,"height":449},"primaryImageOfPage":{"@id":"https:\/\/eldigitaldeasturias.com\/magazine365\/constructores-e-instituciones-apuestan-por-el-turismo-residencial-en-la-costa-del-sol\/#mainImage"},"datePublished":"2015-06-25T13:23:49+02:00","dateModified":"2015-06-25T13:23:49+02:00"},{"@type":"WebSite","@id":"https:\/\/eldigitaldeasturias.com\/magazine365\/#website","url":"https:\/\/eldigitaldeasturias.com\/magazine365\/","name":"El Digital de Asturias","description":"Revista de ocio, turismo y estilo de vida","inLanguage":"es-ES","publisher":{"@id":"https:\/\/eldigitaldeasturias.com\/magazine365\/#organization"}}]},"og:locale":"es_ES","og:site_name":"El Digital de Asturias \u2013 Revista de ocio, turismo y estilo de vida","og:type":"article","og:title":"Constructores e instituciones apuestan por el turismo residencial en la Costa del Sol | El Digital de Asturias","og:description":"El turismo residencial en la provincia de M\u00e1laga tiene futuro. Eso, al menos, es lo que se desprende de las declaraciones de promotores, constructores y representantes p\u00fablicos en la VII Jornada de Turismo Residencial, celebrada en el hotel Villa Padierna de Benahav\u00eds (M\u00e1laga) y organizada por Andaluc\u00eda Inmobiliaria. En un conjunto de ponencias y mesas","og:url":"https:\/\/eldigitaldeasturias.com\/magazine365\/constructores-e-instituciones-apuestan-por-el-turismo-residencial-en-la-costa-del-sol\/","og:image":"https:\/\/eldigitaldeasturias.com\/magazine365\/wp-content\/uploads\/2015\/06\/fotonoticia_20150625083209_800.jpg","og:image:secure_url":"https:\/\/eldigitaldeasturias.com\/magazine365\/wp-content\/uploads\/2015\/06\/fotonoticia_20150625083209_800.jpg","og:image:width":800,"og:image:height":449,"article:published_time":"2015-06-25T11:53:49+00:00","article:modified_time":"2015-06-25T11:53:49+00:00","twitter:card":"summary_large_image","twitter:title":"Constructores e instituciones apuestan por el turismo residencial en la Costa del Sol | El Digital de Asturias","twitter:description":"El turismo residencial en la provincia de M\u00e1laga tiene futuro. Eso, al menos, es lo que se desprende de las declaraciones de promotores, constructores y representantes p\u00fablicos en la VII Jornada de Turismo Residencial, celebrada en el hotel Villa Padierna de Benahav\u00eds (M\u00e1laga) y organizada por Andaluc\u00eda Inmobiliaria. En un conjunto de ponencias y mesas","twitter:image":"https:\/\/eldigitaldeasturias.com\/magazine365\/wp-content\/uploads\/2015\/06\/fotonoticia_20150625083209_800.jpg"},"aioseo_meta_data":{"post_id":"40946","title":null,"description":null,"keywords":null,"keyphrases":null,"primary_term":null,"canonical_url":null,"og_title":null,"og_description":null,"og_object_type":"default","og_image_type":"default","og_image_url":null,"og_image_width":null,"og_image_height":null,"og_image_custom_url":null,"og_image_custom_fields":null,"og_video":null,"og_custom_url":null,"og_article_section":null,"og_article_tags":null,"twitter_use_og":false,"twitter_card":"default","twitter_image_type":"default","twitter_image_url":null,"twitter_image_custom_url":null,"twitter_image_custom_fields":null,"twitter_title":null,"twitter_description":null,"schema":{"blockGraphs":[],"customGraphs":[],"default":{"data":{"Article":[],"Course":[],"Dataset":[],"FAQPage":[],"Movie":[],"Person":[],"Product":[],"ProductReview":[],"Car":[],"Recipe":[],"Service":[],"SoftwareApplication":[],"WebPage":[]},"graphName":"","isEnabled":true},"graphs":[],"defaultGraph":"","defaultPostTypeGraph":""},"schema_type":null,"schema_type_options":null,"pillar_content":false,"robots_default":true,"robots_noindex":false,"robots_noarchive":false,"robots_nosnippet":false,"robots_nofollow":false,"robots_noimageindex":false,"robots_noodp":false,"robots_notranslate":false,"robots_max_snippet":null,"robots_max_videopreview":null,"robots_max_imagepreview":"large","priority":null,"frequency":null,"location":null,"local_seo":null,"seo_analyzer_scan_date":"2025-09-19 14:42:17","breadcrumb_settings":null,"limit_modified_date":false,"open_ai":null,"ai":null,"created":"2021-03-09 02:21:54","updated":"2025-09-19 14:42:17"},"aioseo_breadcrumb":"<div class=\"aioseo-breadcrumbs\"><span class=\"aioseo-breadcrumb\">\n\t<a href=\"https:\/\/eldigitaldeasturias.com\/magazine365\" title=\"Home\">Home<\/a>\n<\/span><span class=\"aioseo-breadcrumb-separator\">\u2013<\/span><span class=\"aioseo-breadcrumb\">\n\t<a href=\"https:\/\/eldigitaldeasturias.com\/magazine365\/category\/actualidad-turismo\/\" title=\"Actualidad Turismo\">Actualidad Turismo<\/a>\n<\/span><span class=\"aioseo-breadcrumb-separator\">\u2013<\/span><span class=\"aioseo-breadcrumb\">\n\t<a href=\"https:\/\/eldigitaldeasturias.com\/magazine365\/constructores-e-instituciones-apuestan-por-el-turismo-residencial-en-la-costa-del-sol\/\" title=\"Constructores e instituciones apuestan por el turismo residencial en la Costa del Sol\">Constructores e instituciones apuestan por el turismo residencial en la Costa del Sol<\/a>\n<\/span><\/div>","aioseo_breadcrumb_json":[{"label":"Home","link":"https:\/\/eldigitaldeasturias.com\/magazine365"},{"label":"Actualidad Turismo","link":"https:\/\/eldigitaldeasturias.com\/magazine365\/category\/actualidad-turismo\/"},{"label":"Constructores e instituciones apuestan por el turismo residencial en la Costa del Sol","link":"https:\/\/eldigitaldeasturias.com\/magazine365\/constructores-e-instituciones-apuestan-por-el-turismo-residencial-en-la-costa-del-sol\/"}],"_links":{"self":[{"href":"https:\/\/eldigitaldeasturias.com\/magazine365\/wp-json\/wp\/v2\/posts\/40946","targetHints":{"allow":["GET"]}}],"collection":[{"href":"https:\/\/eldigitaldeasturias.com\/magazine365\/wp-json\/wp\/v2\/posts"}],"about":[{"href":"https:\/\/eldigitaldeasturias.com\/magazine365\/wp-json\/wp\/v2\/types\/post"}],"author":[{"embeddable":true,"href":"https:\/\/eldigitaldeasturias.com\/magazine365\/wp-json\/wp\/v2\/users\/1"}],"replies":[{"embeddable":true,"href":"https:\/\/eldigitaldeasturias.com\/magazine365\/wp-json\/wp\/v2\/comments?post=40946"}],"version-history":[{"count":0,"href":"https:\/\/eldigitaldeasturias.com\/magazine365\/wp-json\/wp\/v2\/posts\/40946\/revisions"}],"wp:featuredmedia":[{"embeddable":true,"href":"https:\/\/eldigitaldeasturias.com\/magazine365\/wp-json\/wp\/v2\/media\/40947"}],"wp:attachment":[{"href":"https:\/\/eldigitaldeasturias.com\/magazine365\/wp-json\/wp\/v2\/media?parent=40946"}],"wp:term":[{"taxonomy":"category","embeddable":true,"href":"https:\/\/eldigitaldeasturias.com\/magazine365\/wp-json\/wp\/v2\/categories?post=40946"},{"taxonomy":"post_tag","embeddable":true,"href":"https:\/\/eldigitaldeasturias.com\/magazine365\/wp-json\/wp\/v2\/tags?post=40946"}],"curies":[{"name":"wp","href":"https:\/\/api.w.org\/{rel}","templated":true}]}}