{"id":40943,"date":"2015-06-25T09:16:45","date_gmt":"2015-06-25T07:46:45","guid":{"rendered":"http:\/\/eldigitaldeasturias.com\/magazine365\/?p=40943"},"modified":"2015-06-25T09:16:45","modified_gmt":"2015-06-25T07:46:45","slug":"mundiplan-recurrira-ante-los-tribunales-la-adjudicacion-de-los-viajes-del-imserso-si-se-confirma","status":"publish","type":"post","link":"https:\/\/eldigitaldeasturias.com\/magazine365\/mundiplan-recurrira-ante-los-tribunales-la-adjudicacion-de-los-viajes-del-imserso-si-se-confirma\/","title":{"rendered":"Mundiplan recurrir\u00e1 ante los tribunales la adjudicaci\u00f3n de los viajes del Imserso si se confirma"},"content":{"rendered":"<p><img fetchpriority=\"high\" decoding=\"async\" class=\"alignleft size-medium wp-image-40944\" src=\"https:\/\/eldigitaldeasturias.com\/magazine365\/wp-content\/uploads\/2015\/06\/fotonoticia_20150624201320_800-300x300.jpg\" alt=\"fotonoticia_20150624201320_800\" width=\"300\" height=\"300\" srcset=\"https:\/\/eldigitaldeasturias.com\/magazine365\/wp-content\/uploads\/2015\/06\/fotonoticia_20150624201320_800-300x300.jpg 300w, https:\/\/eldigitaldeasturias.com\/magazine365\/wp-content\/uploads\/2015\/06\/fotonoticia_20150624201320_800-640x640.jpg 640w, https:\/\/eldigitaldeasturias.com\/magazine365\/wp-content\/uploads\/2015\/06\/fotonoticia_20150624201320_800-768x768.jpg 768w, https:\/\/eldigitaldeasturias.com\/magazine365\/wp-content\/uploads\/2015\/06\/fotonoticia_20150624201320_800-150x150.jpg 150w, https:\/\/eldigitaldeasturias.com\/magazine365\/wp-content\/uploads\/2015\/06\/fotonoticia_20150624201320_800-450x450.jpg 450w, https:\/\/eldigitaldeasturias.com\/magazine365\/wp-content\/uploads\/2015\/06\/fotonoticia_20150624201320_800-696x696.jpg 696w, https:\/\/eldigitaldeasturias.com\/magazine365\/wp-content\/uploads\/2015\/06\/fotonoticia_20150624201320_800-420x420.jpg 420w, https:\/\/eldigitaldeasturias.com\/magazine365\/wp-content\/uploads\/2015\/06\/fotonoticia_20150624201320_800-50x50.jpg 50w, https:\/\/eldigitaldeasturias.com\/magazine365\/wp-content\/uploads\/2015\/06\/fotonoticia_20150624201320_800.jpg 800w\" sizes=\"(max-width: 300px) 100vw, 300px\" \/>Mundiplan, la UTE de Alsa, Gowaii, IAG7 Viajes e Iberia, recurrir\u00e1 ante los tribunales la decisi\u00f3n de adjudicar a Mundosenior &#8211;UTE formada por Globalia (Viajes Halc\u00f3n) y Barcel\u00f3 (Viajes Barcel\u00f3)&#8211; la gesti\u00f3n de los viajes del Imserso si esta se confirmara por \u00abirregularidades\u00bb en su adjudicaci\u00f3n.<\/p>\n<p>En un comunicado, Mundiplan muestra su sorpresa ante la noticia de la \u00abaparente adjudicaci\u00f3n\u00bb, del concurso de la gesti\u00f3n de viajes que el Imserso lanz\u00f3 a principios de febrero, y anuncia que si dicha adjudicaci\u00f3n, como parece, no responde a los criterios objetivos recogidos en el concurso, recurrir\u00e1 la decisi\u00f3n \u00abpor irregularidades\u00bb y por ser \u00abcontraria a la ley\u00bb.<\/p>\n<p>\u00abLa propuesta de Mundiplan fue la mejor en t\u00e9rminos econ\u00f3micos para todos los lotes y su oferta t\u00e9cnica ten\u00eda un nivel incuestionable en todos los aspectos valorados\u00bb, se\u00f1ala en su nota, para a\u00f1adir que esperar\u00e1 a que la resoluci\u00f3n sea firma para adoptar la decisi\u00f3n que legalmente proceda.<\/p>\n<p>La oferta econ\u00f3mica de Mundiplan, que part\u00eda en un principio como favorita, supon\u00eda una reducci\u00f3n del 4,08% y un ahorro superior a 22 millones de euros a la Administraci\u00f3n para el contrato global.<\/p>\n<p>Ofrec\u00eda m\u00e1s de un mill\u00f3n de plazas al a\u00f1o, contando con la cobertura del Grupo Iberia (Iberia, Iberia Express, Air Nostrum y Vueling), con Alsa y con la capacidad de organizaci\u00f3n, venta y recepci\u00f3n de viajes del resto de empresas participantes.<\/p>\n<p>Mundiplan defendi\u00f3 que sus socios \u00abson l\u00edderes sectoriales en sus \u00e1mbitos y cuentan con la mayor cobertura de vuelos tanto en rutas nacionales como internacionales, la mayor red de transporte terrestre y con la experiencia y la calidad en el servicio al cliente, incluida la atenci\u00f3n a mayores\u00bb.<\/p>\n<p>MUNDOSENIOR, A UN PASO DE GANAR EL CONCURSO.<\/p>\n<p>El diario digital &#8216;Sabemos&#8217;, y el especializado &#8216;Hosteltur&#8217;, anunciaban a primera hora de esta tarde que Mundosenior seguir\u00eda gestionando los viajes del Imserso, tras adjudicarse los tres lotes del concurso, valorado en 1.200 millones de euros.<\/p>\n<p>Y es que Mundosenior (Globalia y Barcel\u00f3) est\u00e1 a un paso de hacerse con el concurso de los viajes del Imserso para los pr\u00f3ximos dos a\u00f1os, cuyo proceso de licitaci\u00f3n sigue abierto, y al que tambi\u00e9n concurren Mundiplan y Logitravel.<\/p>\n<p>La oferta de Mundosenior es la \u00abm\u00e1s ventajosa\u00bb para la mesa de contrataci\u00f3n que eval\u00faa dicho expediente, seg\u00fan confirmaron fuentes del Instituto de Mayores y Servicios Sociales (Imserso) a Europa Press.<\/p>\n<p>Por ello, se ha requerido a Mundosenior que env\u00ede en plazo y forma la documentaci\u00f3n necesaria, de cara a una adjudicaci\u00f3n definitiva, para lo que tiene un plazo de unos 10 d\u00edas antes de que la adjudicaci\u00f3n sea oficial.<\/p>\n<p>El nuevo programa de Turismo Social para Personas Mayores y Mantenimiento del Empleo en Zonas Tur\u00edsticas para las temporadas 2015-2016 y 2016-2017, aumentar\u00e1 hasta las 938.000 plazas, 41.334 m\u00e1s que en la temporada actual, y participar\u00e1n m\u00e1s de 300 establecimientos hoteleros de toda Espa\u00f1a.<\/p>\n<p>UNA LICITACI\u00d3N NO EXENTA DE POL\u00c9MICA.<\/p>\n<p>Mundosenior, UTE a partes iguales por Globalia y Barcel\u00f3, lleva gestionando los viajes del Imserso en los \u00faltimos 25 a\u00f1os, de los 30 que lleva en marcha el programa, por lo que de hacerse efectiva, volver\u00eda a gestionar dichos viajes para las temporadas 2015-2016 y 2016-2017. Dividido en tres lotes, el plazo de ejecuci\u00f3n del contrato es de 24 meses, prorrogable por igual periodo.<\/p>\n<p>Adem\u00e1s de su demora en la adjudicaci\u00f3n, que lleg\u00f3 a achacarse a una posible divisi\u00f3n en lotes, la adjudicaci\u00f3n de este concurso no ha estado exenta de pol\u00e9mica.<\/p>\n<p>El empresario Juan Jos\u00e9 Hidalgo, presidente de Globalia y quien lidera Mundonsenior, denunciaba que Iberia y Alsa no contaban con licencia como agencia de viajes para poder presentarse al concurso, un aspecto negado desde Iberia.<\/p>\n<p>El presidente de Iberia, Luis Gallego, dijo recientemente que le sorprender\u00eda que Mundiplan no ganara los tres lotes, y pon\u00eda en valor una oferta que permitir\u00eda dar \u00abair fresco\u00bb al programa, despu\u00e9s de m\u00e1s de 25 a\u00f1os de gesti\u00f3n en manos de Mundosenior.<\/p>\n<p>El dise\u00f1o del nuevo programa suscit\u00f3 la pol\u00e9mica tambi\u00e9n con los hoteleros. La Confederaci\u00f3n Espa\u00f1ola de Hoteles y Alojamientos Tur\u00edsticos (Cehat) critic\u00f3 al Ejecutivo por entender que se penalizaba a los hoteles de tres estrellas frente a los de 4 y 5 estrellas, al congelar los precios.<\/p>\n<p>El nuevo programa fija unos precios de venta al p\u00fablico para las dos temporadas pr\u00f3ximas, pero no fija el coste concreto de cada paquete, que vendr\u00e1 en funci\u00f3n de los c\u00e1lculos que realice el licitador, tomando en cuenta la financiaci\u00f3n global del Imserso y la aportaci\u00f3n de los usuarios.<\/p>\n<p>As\u00ed, las cosas el plazo para presentar las solicitudes para participar en el Programa de Turismo del Imserso 2015-2016 se cerr\u00f3 el 5 de junio. No obstante, estar\u00e1 abierto hasta el 1 de diciembre para aquellas personas que no hubieran formulado en su momento la solicitud, si bien estas ser\u00e1n solo para cubrir las posibles vacantes entre los acreditados dentro del plazo inicial.<\/p>\n","protected":false},"excerpt":{"rendered":"<p>Mundiplan, la UTE de Alsa, Gowaii, IAG7 Viajes e Iberia, recurrir\u00e1 ante los tribunales la decisi\u00f3n de adjudicar a Mundosenior &#8211;UTE formada por Globalia (Viajes Halc\u00f3n) y Barcel\u00f3 (Viajes Barcel\u00f3)&#8211; la gesti\u00f3n de los viajes del Imserso si esta se confirmara por \u00abirregularidades\u00bb en su adjudicaci\u00f3n. En un comunicado, Mundiplan muestra su sorpresa ante la<\/p>\n","protected":false},"author":1,"featured_media":40944,"comment_status":"open","ping_status":"closed","sticky":false,"template":"","format":"standard","meta":{"footnotes":""},"categories":[222],"tags":[],"class_list":{"0":"post-40943","1":"post","2":"type-post","3":"status-publish","4":"format-standard","5":"has-post-thumbnail","7":"category-actualidad-turismo"},"aioseo_notices":[],"aioseo_head":"\n\t\t<!-- All in One SEO Pro 4.9.6.1 - aioseo.com -->\n\t<meta name=\"description\" content=\"Mundiplan, la UTE de Alsa, Gowaii, IAG7 Viajes e Iberia, recurrir\u00e1 ante los tribunales la decisi\u00f3n de adjudicar a Mundosenior --UTE formada por Globalia (Viajes Halc\u00f3n) y Barcel\u00f3 (Viajes Barcel\u00f3)-- la gesti\u00f3n de los viajes del Imserso si esta se confirmara por &quot;irregularidades&quot; en su adjudicaci\u00f3n. En un comunicado, Mundiplan muestra su sorpresa ante la\" \/>\n\t<meta name=\"robots\" content=\"max-image-preview:large\" \/>\n\t<meta name=\"author\" content=\"admin\"\/>\n\t<meta name=\"google-site-verification\" content=\"UA-38556648-1\" \/>\n\t<meta name=\"keywords\" content=\"actualidad turismo\" \/>\n\t<link rel=\"canonical\" href=\"https:\/\/eldigitaldeasturias.com\/magazine365\/mundiplan-recurrira-ante-los-tribunales-la-adjudicacion-de-los-viajes-del-imserso-si-se-confirma\/\" \/>\n\t<meta name=\"generator\" content=\"All in One SEO Pro (AIOSEO) 4.9.6.1\" \/>\n\t\t<meta property=\"og:locale\" content=\"es_ES\" \/>\n\t\t<meta property=\"og:site_name\" content=\"El Digital de Asturias \u2013 Revista de ocio, turismo y estilo de vida\" \/>\n\t\t<meta property=\"og:type\" content=\"article\" \/>\n\t\t<meta property=\"og:title\" content=\"Mundiplan recurrir\u00e1 ante los tribunales la adjudicaci\u00f3n de los viajes del Imserso si se confirma | El Digital de Asturias\" \/>\n\t\t<meta property=\"og:description\" content=\"Mundiplan, la UTE de Alsa, Gowaii, IAG7 Viajes e Iberia, recurrir\u00e1 ante los tribunales la decisi\u00f3n de adjudicar a Mundosenior --UTE formada por Globalia (Viajes Halc\u00f3n) y Barcel\u00f3 (Viajes Barcel\u00f3)-- la gesti\u00f3n de los viajes del Imserso si esta se confirmara por &quot;irregularidades&quot; en su adjudicaci\u00f3n. En un comunicado, Mundiplan muestra su sorpresa ante la\" \/>\n\t\t<meta property=\"og:url\" content=\"https:\/\/eldigitaldeasturias.com\/magazine365\/mundiplan-recurrira-ante-los-tribunales-la-adjudicacion-de-los-viajes-del-imserso-si-se-confirma\/\" \/>\n\t\t<meta property=\"og:image\" content=\"https:\/\/eldigitaldeasturias.com\/magazine365\/wp-content\/uploads\/2015\/06\/fotonoticia_20150624201320_800.jpg\" \/>\n\t\t<meta property=\"og:image:secure_url\" content=\"https:\/\/eldigitaldeasturias.com\/magazine365\/wp-content\/uploads\/2015\/06\/fotonoticia_20150624201320_800.jpg\" \/>\n\t\t<meta property=\"og:image:width\" content=\"800\" \/>\n\t\t<meta property=\"og:image:height\" content=\"800\" \/>\n\t\t<meta property=\"article:published_time\" content=\"2015-06-25T07:46:45+00:00\" \/>\n\t\t<meta property=\"article:modified_time\" content=\"2015-06-25T07:46:45+00:00\" \/>\n\t\t<meta name=\"twitter:card\" content=\"summary_large_image\" \/>\n\t\t<meta name=\"twitter:title\" content=\"Mundiplan recurrir\u00e1 ante los tribunales la adjudicaci\u00f3n de los viajes del Imserso si se confirma | El Digital de Asturias\" \/>\n\t\t<meta name=\"twitter:description\" content=\"Mundiplan, la UTE de Alsa, Gowaii, IAG7 Viajes e Iberia, recurrir\u00e1 ante los tribunales la decisi\u00f3n de adjudicar a Mundosenior --UTE formada por Globalia (Viajes Halc\u00f3n) y Barcel\u00f3 (Viajes Barcel\u00f3)-- la gesti\u00f3n de los viajes del Imserso si esta se confirmara por &quot;irregularidades&quot; en su adjudicaci\u00f3n. En un comunicado, Mundiplan muestra su sorpresa ante la\" \/>\n\t\t<meta name=\"twitter:image\" content=\"https:\/\/eldigitaldeasturias.com\/magazine365\/wp-content\/uploads\/2015\/06\/fotonoticia_20150624201320_800.jpg\" \/>\n\t\t<script type=\"application\/ld+json\" class=\"aioseo-schema\">\n\t\t\t{\"@context\":\"https:\\\/\\\/schema.org\",\"@graph\":[{\"@type\":\"Article\",\"@id\":\"https:\\\/\\\/eldigitaldeasturias.com\\\/magazine365\\\/mundiplan-recurrira-ante-los-tribunales-la-adjudicacion-de-los-viajes-del-imserso-si-se-confirma\\\/#article\",\"name\":\"Mundiplan recurrir\\u00e1 ante los tribunales la adjudicaci\\u00f3n de los viajes del Imserso si se confirma | El Digital de Asturias\",\"headline\":\"Mundiplan recurrir\\u00e1 ante los tribunales la adjudicaci\\u00f3n de los viajes del Imserso si se confirma\",\"author\":{\"@id\":\"https:\\\/\\\/eldigitaldeasturias.com\\\/magazine365\\\/author\\\/admin\\\/#author\"},\"publisher\":{\"@id\":\"https:\\\/\\\/eldigitaldeasturias.com\\\/magazine365\\\/#organization\"},\"image\":{\"@type\":\"ImageObject\",\"url\":\"https:\\\/\\\/eldigitaldeasturias.com\\\/magazine365\\\/wp-content\\\/uploads\\\/2015\\\/06\\\/fotonoticia_20150624201320_800.jpg\",\"width\":800,\"height\":800},\"datePublished\":\"2015-06-25T09:16:45+02:00\",\"dateModified\":\"2015-06-25T09:16:45+02:00\",\"inLanguage\":\"es-ES\",\"mainEntityOfPage\":{\"@id\":\"https:\\\/\\\/eldigitaldeasturias.com\\\/magazine365\\\/mundiplan-recurrira-ante-los-tribunales-la-adjudicacion-de-los-viajes-del-imserso-si-se-confirma\\\/#webpage\"},\"isPartOf\":{\"@id\":\"https:\\\/\\\/eldigitaldeasturias.com\\\/magazine365\\\/mundiplan-recurrira-ante-los-tribunales-la-adjudicacion-de-los-viajes-del-imserso-si-se-confirma\\\/#webpage\"},\"articleSection\":\"Actualidad Turismo\"},{\"@type\":\"BreadcrumbList\",\"@id\":\"https:\\\/\\\/eldigitaldeasturias.com\\\/magazine365\\\/mundiplan-recurrira-ante-los-tribunales-la-adjudicacion-de-los-viajes-del-imserso-si-se-confirma\\\/#breadcrumblist\",\"itemListElement\":[{\"@type\":\"ListItem\",\"@id\":\"https:\\\/\\\/eldigitaldeasturias.com\\\/magazine365#listItem\",\"position\":1,\"name\":\"Home\",\"item\":\"https:\\\/\\\/eldigitaldeasturias.com\\\/magazine365\",\"nextItem\":{\"@type\":\"ListItem\",\"@id\":\"https:\\\/\\\/eldigitaldeasturias.com\\\/magazine365\\\/category\\\/actualidad-turismo\\\/#listItem\",\"name\":\"Actualidad Turismo\"}},{\"@type\":\"ListItem\",\"@id\":\"https:\\\/\\\/eldigitaldeasturias.com\\\/magazine365\\\/category\\\/actualidad-turismo\\\/#listItem\",\"position\":2,\"name\":\"Actualidad Turismo\",\"item\":\"https:\\\/\\\/eldigitaldeasturias.com\\\/magazine365\\\/category\\\/actualidad-turismo\\\/\",\"nextItem\":{\"@type\":\"ListItem\",\"@id\":\"https:\\\/\\\/eldigitaldeasturias.com\\\/magazine365\\\/mundiplan-recurrira-ante-los-tribunales-la-adjudicacion-de-los-viajes-del-imserso-si-se-confirma\\\/#listItem\",\"name\":\"Mundiplan recurrir\\u00e1 ante los tribunales la adjudicaci\\u00f3n de los viajes del Imserso si se confirma\"},\"previousItem\":{\"@type\":\"ListItem\",\"@id\":\"https:\\\/\\\/eldigitaldeasturias.com\\\/magazine365#listItem\",\"name\":\"Home\"}},{\"@type\":\"ListItem\",\"@id\":\"https:\\\/\\\/eldigitaldeasturias.com\\\/magazine365\\\/mundiplan-recurrira-ante-los-tribunales-la-adjudicacion-de-los-viajes-del-imserso-si-se-confirma\\\/#listItem\",\"position\":3,\"name\":\"Mundiplan recurrir\\u00e1 ante los tribunales la adjudicaci\\u00f3n de los viajes del Imserso si se confirma\",\"previousItem\":{\"@type\":\"ListItem\",\"@id\":\"https:\\\/\\\/eldigitaldeasturias.com\\\/magazine365\\\/category\\\/actualidad-turismo\\\/#listItem\",\"name\":\"Actualidad Turismo\"}}]},{\"@type\":\"Organization\",\"@id\":\"https:\\\/\\\/eldigitaldeasturias.com\\\/magazine365\\\/#organization\",\"name\":\"El digital de Asturias\",\"description\":\"Revista de ocio, turismo y estilo de vida\",\"url\":\"https:\\\/\\\/eldigitaldeasturias.com\\\/magazine365\\\/\",\"logo\":{\"@type\":\"ImageObject\",\"url\":\"https:\\\/\\\/www.eldigitaldeasturias.com\\\/noticias\\\/wp-content\\\/uploads\\\/2020\\\/12\\\/EDA.jpg\",\"@id\":\"https:\\\/\\\/eldigitaldeasturias.com\\\/magazine365\\\/mundiplan-recurrira-ante-los-tribunales-la-adjudicacion-de-los-viajes-del-imserso-si-se-confirma\\\/#organizationLogo\"},\"image\":{\"@id\":\"https:\\\/\\\/eldigitaldeasturias.com\\\/magazine365\\\/mundiplan-recurrira-ante-los-tribunales-la-adjudicacion-de-los-viajes-del-imserso-si-se-confirma\\\/#organizationLogo\"}},{\"@type\":\"Person\",\"@id\":\"https:\\\/\\\/eldigitaldeasturias.com\\\/magazine365\\\/author\\\/admin\\\/#author\",\"url\":\"https:\\\/\\\/eldigitaldeasturias.com\\\/magazine365\\\/author\\\/admin\\\/\",\"name\":\"admin\",\"image\":{\"@type\":\"ImageObject\",\"@id\":\"https:\\\/\\\/eldigitaldeasturias.com\\\/magazine365\\\/mundiplan-recurrira-ante-los-tribunales-la-adjudicacion-de-los-viajes-del-imserso-si-se-confirma\\\/#authorImage\",\"url\":\"https:\\\/\\\/eldigitaldeasturias.com\\\/magazine365\\\/wp-content\\\/litespeed\\\/avatar\\\/e571bcf59a0edd6fa6838245a470f2fe.jpg?ver=1777574230\",\"width\":96,\"height\":96,\"caption\":\"admin\"}},{\"@type\":\"WebPage\",\"@id\":\"https:\\\/\\\/eldigitaldeasturias.com\\\/magazine365\\\/mundiplan-recurrira-ante-los-tribunales-la-adjudicacion-de-los-viajes-del-imserso-si-se-confirma\\\/#webpage\",\"url\":\"https:\\\/\\\/eldigitaldeasturias.com\\\/magazine365\\\/mundiplan-recurrira-ante-los-tribunales-la-adjudicacion-de-los-viajes-del-imserso-si-se-confirma\\\/\",\"name\":\"Mundiplan recurrir\\u00e1 ante los tribunales la adjudicaci\\u00f3n de los viajes del Imserso si se confirma | El Digital de Asturias\",\"description\":\"Mundiplan, la UTE de Alsa, Gowaii, IAG7 Viajes e Iberia, recurrir\\u00e1 ante los tribunales la decisi\\u00f3n de adjudicar a Mundosenior --UTE formada por Globalia (Viajes Halc\\u00f3n) y Barcel\\u00f3 (Viajes Barcel\\u00f3)-- la gesti\\u00f3n de los viajes del Imserso si esta se confirmara por \\\"irregularidades\\\" en su adjudicaci\\u00f3n. En un comunicado, Mundiplan muestra su sorpresa ante la\",\"inLanguage\":\"es-ES\",\"isPartOf\":{\"@id\":\"https:\\\/\\\/eldigitaldeasturias.com\\\/magazine365\\\/#website\"},\"breadcrumb\":{\"@id\":\"https:\\\/\\\/eldigitaldeasturias.com\\\/magazine365\\\/mundiplan-recurrira-ante-los-tribunales-la-adjudicacion-de-los-viajes-del-imserso-si-se-confirma\\\/#breadcrumblist\"},\"author\":{\"@id\":\"https:\\\/\\\/eldigitaldeasturias.com\\\/magazine365\\\/author\\\/admin\\\/#author\"},\"creator\":{\"@id\":\"https:\\\/\\\/eldigitaldeasturias.com\\\/magazine365\\\/author\\\/admin\\\/#author\"},\"image\":{\"@type\":\"ImageObject\",\"url\":\"https:\\\/\\\/eldigitaldeasturias.com\\\/magazine365\\\/wp-content\\\/uploads\\\/2015\\\/06\\\/fotonoticia_20150624201320_800.jpg\",\"@id\":\"https:\\\/\\\/eldigitaldeasturias.com\\\/magazine365\\\/mundiplan-recurrira-ante-los-tribunales-la-adjudicacion-de-los-viajes-del-imserso-si-se-confirma\\\/#mainImage\",\"width\":800,\"height\":800},\"primaryImageOfPage\":{\"@id\":\"https:\\\/\\\/eldigitaldeasturias.com\\\/magazine365\\\/mundiplan-recurrira-ante-los-tribunales-la-adjudicacion-de-los-viajes-del-imserso-si-se-confirma\\\/#mainImage\"},\"datePublished\":\"2015-06-25T09:16:45+02:00\",\"dateModified\":\"2015-06-25T09:16:45+02:00\"},{\"@type\":\"WebSite\",\"@id\":\"https:\\\/\\\/eldigitaldeasturias.com\\\/magazine365\\\/#website\",\"url\":\"https:\\\/\\\/eldigitaldeasturias.com\\\/magazine365\\\/\",\"name\":\"El Digital de Asturias\",\"description\":\"Revista de ocio, turismo y estilo de vida\",\"inLanguage\":\"es-ES\",\"publisher\":{\"@id\":\"https:\\\/\\\/eldigitaldeasturias.com\\\/magazine365\\\/#organization\"}}]}\n\t\t<\/script>\n\t\t<!-- All in One SEO Pro -->\r\n\t\t<title>Mundiplan recurrir\u00e1 ante los tribunales la adjudicaci\u00f3n de los viajes del Imserso si se confirma | El Digital de Asturias<\/title>\n\n","aioseo_head_json":{"title":"Mundiplan recurrir\u00e1 ante los tribunales la adjudicaci\u00f3n de los viajes del Imserso si se confirma | El Digital de Asturias","description":"Mundiplan, la UTE de Alsa, Gowaii, IAG7 Viajes e Iberia, recurrir\u00e1 ante los tribunales la decisi\u00f3n de adjudicar a Mundosenior --UTE formada por Globalia (Viajes Halc\u00f3n) y Barcel\u00f3 (Viajes Barcel\u00f3)-- la gesti\u00f3n de los viajes del Imserso si esta se confirmara por \"irregularidades\" en su adjudicaci\u00f3n. En un comunicado, Mundiplan muestra su sorpresa ante la","canonical_url":"https:\/\/eldigitaldeasturias.com\/magazine365\/mundiplan-recurrira-ante-los-tribunales-la-adjudicacion-de-los-viajes-del-imserso-si-se-confirma\/","robots":"max-image-preview:large","keywords":"actualidad turismo","webmasterTools":{"google-site-verification":"UA-38556648-1","miscellaneous":""},"schema":{"@context":"https:\/\/schema.org","@graph":[{"@type":"Article","@id":"https:\/\/eldigitaldeasturias.com\/magazine365\/mundiplan-recurrira-ante-los-tribunales-la-adjudicacion-de-los-viajes-del-imserso-si-se-confirma\/#article","name":"Mundiplan recurrir\u00e1 ante los tribunales la adjudicaci\u00f3n de los viajes del Imserso si se confirma | El Digital de Asturias","headline":"Mundiplan recurrir\u00e1 ante los tribunales la adjudicaci\u00f3n de los viajes del Imserso si se confirma","author":{"@id":"https:\/\/eldigitaldeasturias.com\/magazine365\/author\/admin\/#author"},"publisher":{"@id":"https:\/\/eldigitaldeasturias.com\/magazine365\/#organization"},"image":{"@type":"ImageObject","url":"https:\/\/eldigitaldeasturias.com\/magazine365\/wp-content\/uploads\/2015\/06\/fotonoticia_20150624201320_800.jpg","width":800,"height":800},"datePublished":"2015-06-25T09:16:45+02:00","dateModified":"2015-06-25T09:16:45+02:00","inLanguage":"es-ES","mainEntityOfPage":{"@id":"https:\/\/eldigitaldeasturias.com\/magazine365\/mundiplan-recurrira-ante-los-tribunales-la-adjudicacion-de-los-viajes-del-imserso-si-se-confirma\/#webpage"},"isPartOf":{"@id":"https:\/\/eldigitaldeasturias.com\/magazine365\/mundiplan-recurrira-ante-los-tribunales-la-adjudicacion-de-los-viajes-del-imserso-si-se-confirma\/#webpage"},"articleSection":"Actualidad Turismo"},{"@type":"BreadcrumbList","@id":"https:\/\/eldigitaldeasturias.com\/magazine365\/mundiplan-recurrira-ante-los-tribunales-la-adjudicacion-de-los-viajes-del-imserso-si-se-confirma\/#breadcrumblist","itemListElement":[{"@type":"ListItem","@id":"https:\/\/eldigitaldeasturias.com\/magazine365#listItem","position":1,"name":"Home","item":"https:\/\/eldigitaldeasturias.com\/magazine365","nextItem":{"@type":"ListItem","@id":"https:\/\/eldigitaldeasturias.com\/magazine365\/category\/actualidad-turismo\/#listItem","name":"Actualidad Turismo"}},{"@type":"ListItem","@id":"https:\/\/eldigitaldeasturias.com\/magazine365\/category\/actualidad-turismo\/#listItem","position":2,"name":"Actualidad Turismo","item":"https:\/\/eldigitaldeasturias.com\/magazine365\/category\/actualidad-turismo\/","nextItem":{"@type":"ListItem","@id":"https:\/\/eldigitaldeasturias.com\/magazine365\/mundiplan-recurrira-ante-los-tribunales-la-adjudicacion-de-los-viajes-del-imserso-si-se-confirma\/#listItem","name":"Mundiplan recurrir\u00e1 ante los tribunales la adjudicaci\u00f3n de los viajes del Imserso si se confirma"},"previousItem":{"@type":"ListItem","@id":"https:\/\/eldigitaldeasturias.com\/magazine365#listItem","name":"Home"}},{"@type":"ListItem","@id":"https:\/\/eldigitaldeasturias.com\/magazine365\/mundiplan-recurrira-ante-los-tribunales-la-adjudicacion-de-los-viajes-del-imserso-si-se-confirma\/#listItem","position":3,"name":"Mundiplan recurrir\u00e1 ante los tribunales la adjudicaci\u00f3n de los viajes del Imserso si se confirma","previousItem":{"@type":"ListItem","@id":"https:\/\/eldigitaldeasturias.com\/magazine365\/category\/actualidad-turismo\/#listItem","name":"Actualidad Turismo"}}]},{"@type":"Organization","@id":"https:\/\/eldigitaldeasturias.com\/magazine365\/#organization","name":"El digital de Asturias","description":"Revista de ocio, turismo y estilo de vida","url":"https:\/\/eldigitaldeasturias.com\/magazine365\/","logo":{"@type":"ImageObject","url":"https:\/\/www.eldigitaldeasturias.com\/noticias\/wp-content\/uploads\/2020\/12\/EDA.jpg","@id":"https:\/\/eldigitaldeasturias.com\/magazine365\/mundiplan-recurrira-ante-los-tribunales-la-adjudicacion-de-los-viajes-del-imserso-si-se-confirma\/#organizationLogo"},"image":{"@id":"https:\/\/eldigitaldeasturias.com\/magazine365\/mundiplan-recurrira-ante-los-tribunales-la-adjudicacion-de-los-viajes-del-imserso-si-se-confirma\/#organizationLogo"}},{"@type":"Person","@id":"https:\/\/eldigitaldeasturias.com\/magazine365\/author\/admin\/#author","url":"https:\/\/eldigitaldeasturias.com\/magazine365\/author\/admin\/","name":"admin","image":{"@type":"ImageObject","@id":"https:\/\/eldigitaldeasturias.com\/magazine365\/mundiplan-recurrira-ante-los-tribunales-la-adjudicacion-de-los-viajes-del-imserso-si-se-confirma\/#authorImage","url":"https:\/\/eldigitaldeasturias.com\/magazine365\/wp-content\/litespeed\/avatar\/e571bcf59a0edd6fa6838245a470f2fe.jpg?ver=1777574230","width":96,"height":96,"caption":"admin"}},{"@type":"WebPage","@id":"https:\/\/eldigitaldeasturias.com\/magazine365\/mundiplan-recurrira-ante-los-tribunales-la-adjudicacion-de-los-viajes-del-imserso-si-se-confirma\/#webpage","url":"https:\/\/eldigitaldeasturias.com\/magazine365\/mundiplan-recurrira-ante-los-tribunales-la-adjudicacion-de-los-viajes-del-imserso-si-se-confirma\/","name":"Mundiplan recurrir\u00e1 ante los tribunales la adjudicaci\u00f3n de los viajes del Imserso si se confirma | El Digital de Asturias","description":"Mundiplan, la UTE de Alsa, Gowaii, IAG7 Viajes e Iberia, recurrir\u00e1 ante los tribunales la decisi\u00f3n de adjudicar a Mundosenior --UTE formada por Globalia (Viajes Halc\u00f3n) y Barcel\u00f3 (Viajes Barcel\u00f3)-- la gesti\u00f3n de los viajes del Imserso si esta se confirmara por \"irregularidades\" en su adjudicaci\u00f3n. En un comunicado, Mundiplan muestra su sorpresa ante la","inLanguage":"es-ES","isPartOf":{"@id":"https:\/\/eldigitaldeasturias.com\/magazine365\/#website"},"breadcrumb":{"@id":"https:\/\/eldigitaldeasturias.com\/magazine365\/mundiplan-recurrira-ante-los-tribunales-la-adjudicacion-de-los-viajes-del-imserso-si-se-confirma\/#breadcrumblist"},"author":{"@id":"https:\/\/eldigitaldeasturias.com\/magazine365\/author\/admin\/#author"},"creator":{"@id":"https:\/\/eldigitaldeasturias.com\/magazine365\/author\/admin\/#author"},"image":{"@type":"ImageObject","url":"https:\/\/eldigitaldeasturias.com\/magazine365\/wp-content\/uploads\/2015\/06\/fotonoticia_20150624201320_800.jpg","@id":"https:\/\/eldigitaldeasturias.com\/magazine365\/mundiplan-recurrira-ante-los-tribunales-la-adjudicacion-de-los-viajes-del-imserso-si-se-confirma\/#mainImage","width":800,"height":800},"primaryImageOfPage":{"@id":"https:\/\/eldigitaldeasturias.com\/magazine365\/mundiplan-recurrira-ante-los-tribunales-la-adjudicacion-de-los-viajes-del-imserso-si-se-confirma\/#mainImage"},"datePublished":"2015-06-25T09:16:45+02:00","dateModified":"2015-06-25T09:16:45+02:00"},{"@type":"WebSite","@id":"https:\/\/eldigitaldeasturias.com\/magazine365\/#website","url":"https:\/\/eldigitaldeasturias.com\/magazine365\/","name":"El Digital de Asturias","description":"Revista de ocio, turismo y estilo de vida","inLanguage":"es-ES","publisher":{"@id":"https:\/\/eldigitaldeasturias.com\/magazine365\/#organization"}}]},"og:locale":"es_ES","og:site_name":"El Digital de Asturias \u2013 Revista de ocio, turismo y estilo de vida","og:type":"article","og:title":"Mundiplan recurrir\u00e1 ante los tribunales la adjudicaci\u00f3n de los viajes del Imserso si se confirma | El Digital de Asturias","og:description":"Mundiplan, la UTE de Alsa, Gowaii, IAG7 Viajes e Iberia, recurrir\u00e1 ante los tribunales la decisi\u00f3n de adjudicar a Mundosenior --UTE formada por Globalia (Viajes Halc\u00f3n) y Barcel\u00f3 (Viajes Barcel\u00f3)-- la gesti\u00f3n de los viajes del Imserso si esta se confirmara por &quot;irregularidades&quot; en su adjudicaci\u00f3n. En un comunicado, Mundiplan muestra su sorpresa ante la","og:url":"https:\/\/eldigitaldeasturias.com\/magazine365\/mundiplan-recurrira-ante-los-tribunales-la-adjudicacion-de-los-viajes-del-imserso-si-se-confirma\/","og:image":"https:\/\/eldigitaldeasturias.com\/magazine365\/wp-content\/uploads\/2015\/06\/fotonoticia_20150624201320_800.jpg","og:image:secure_url":"https:\/\/eldigitaldeasturias.com\/magazine365\/wp-content\/uploads\/2015\/06\/fotonoticia_20150624201320_800.jpg","og:image:width":800,"og:image:height":800,"article:published_time":"2015-06-25T07:46:45+00:00","article:modified_time":"2015-06-25T07:46:45+00:00","twitter:card":"summary_large_image","twitter:title":"Mundiplan recurrir\u00e1 ante los tribunales la adjudicaci\u00f3n de los viajes del Imserso si se confirma | El Digital de Asturias","twitter:description":"Mundiplan, la UTE de Alsa, Gowaii, IAG7 Viajes e Iberia, recurrir\u00e1 ante los tribunales la decisi\u00f3n de adjudicar a Mundosenior --UTE formada por Globalia (Viajes Halc\u00f3n) y Barcel\u00f3 (Viajes Barcel\u00f3)-- la gesti\u00f3n de los viajes del Imserso si esta se confirmara por &quot;irregularidades&quot; en su adjudicaci\u00f3n. En un comunicado, Mundiplan muestra su sorpresa ante la","twitter:image":"https:\/\/eldigitaldeasturias.com\/magazine365\/wp-content\/uploads\/2015\/06\/fotonoticia_20150624201320_800.jpg"},"aioseo_meta_data":{"post_id":"40943","title":null,"description":null,"keywords":null,"keyphrases":null,"primary_term":null,"canonical_url":null,"og_title":null,"og_description":null,"og_object_type":"default","og_image_type":"default","og_image_url":null,"og_image_width":null,"og_image_height":null,"og_image_custom_url":null,"og_image_custom_fields":null,"og_video":null,"og_custom_url":null,"og_article_section":null,"og_article_tags":null,"twitter_use_og":false,"twitter_card":"default","twitter_image_type":"default","twitter_image_url":null,"twitter_image_custom_url":null,"twitter_image_custom_fields":null,"twitter_title":null,"twitter_description":null,"schema":{"blockGraphs":[],"customGraphs":[],"default":{"data":{"Article":[],"Course":[],"Dataset":[],"FAQPage":[],"Movie":[],"Person":[],"Product":[],"ProductReview":[],"Car":[],"Recipe":[],"Service":[],"SoftwareApplication":[],"WebPage":[]},"graphName":"","isEnabled":true},"graphs":[],"defaultGraph":"","defaultPostTypeGraph":""},"schema_type":null,"schema_type_options":null,"pillar_content":false,"robots_default":true,"robots_noindex":false,"robots_noarchive":false,"robots_nosnippet":false,"robots_nofollow":false,"robots_noimageindex":false,"robots_noodp":false,"robots_notranslate":false,"robots_max_snippet":null,"robots_max_videopreview":null,"robots_max_imagepreview":"large","priority":null,"frequency":null,"location":null,"local_seo":null,"seo_analyzer_scan_date":"2025-09-19 14:40:22","breadcrumb_settings":null,"limit_modified_date":false,"open_ai":null,"ai":null,"created":"2021-03-09 02:21:54","updated":"2025-09-19 14:40:22"},"aioseo_breadcrumb":"<div class=\"aioseo-breadcrumbs\"><span class=\"aioseo-breadcrumb\">\n\t<a href=\"https:\/\/eldigitaldeasturias.com\/magazine365\" title=\"Home\">Home<\/a>\n<\/span><span class=\"aioseo-breadcrumb-separator\">\u2013<\/span><span class=\"aioseo-breadcrumb\">\n\t<a href=\"https:\/\/eldigitaldeasturias.com\/magazine365\/category\/actualidad-turismo\/\" title=\"Actualidad Turismo\">Actualidad Turismo<\/a>\n<\/span><span class=\"aioseo-breadcrumb-separator\">\u2013<\/span><span class=\"aioseo-breadcrumb\">\n\t<a href=\"https:\/\/eldigitaldeasturias.com\/magazine365\/mundiplan-recurrira-ante-los-tribunales-la-adjudicacion-de-los-viajes-del-imserso-si-se-confirma\/\" title=\"Mundiplan recurrir\u00e1 ante los tribunales la adjudicaci\u00f3n de los viajes del Imserso si se confirma\">Mundiplan recurrir\u00e1 ante los tribunales la adjudicaci\u00f3n de los viajes del Imserso si se confirma<\/a>\n<\/span><\/div>","aioseo_breadcrumb_json":[{"label":"Home","link":"https:\/\/eldigitaldeasturias.com\/magazine365"},{"label":"Actualidad Turismo","link":"https:\/\/eldigitaldeasturias.com\/magazine365\/category\/actualidad-turismo\/"},{"label":"Mundiplan recurrir\u00e1 ante los tribunales la adjudicaci\u00f3n de los viajes del Imserso si se confirma","link":"https:\/\/eldigitaldeasturias.com\/magazine365\/mundiplan-recurrira-ante-los-tribunales-la-adjudicacion-de-los-viajes-del-imserso-si-se-confirma\/"}],"_links":{"self":[{"href":"https:\/\/eldigitaldeasturias.com\/magazine365\/wp-json\/wp\/v2\/posts\/40943","targetHints":{"allow":["GET"]}}],"collection":[{"href":"https:\/\/eldigitaldeasturias.com\/magazine365\/wp-json\/wp\/v2\/posts"}],"about":[{"href":"https:\/\/eldigitaldeasturias.com\/magazine365\/wp-json\/wp\/v2\/types\/post"}],"author":[{"embeddable":true,"href":"https:\/\/eldigitaldeasturias.com\/magazine365\/wp-json\/wp\/v2\/users\/1"}],"replies":[{"embeddable":true,"href":"https:\/\/eldigitaldeasturias.com\/magazine365\/wp-json\/wp\/v2\/comments?post=40943"}],"version-history":[{"count":0,"href":"https:\/\/eldigitaldeasturias.com\/magazine365\/wp-json\/wp\/v2\/posts\/40943\/revisions"}],"wp:featuredmedia":[{"embeddable":true,"href":"https:\/\/eldigitaldeasturias.com\/magazine365\/wp-json\/wp\/v2\/media\/40944"}],"wp:attachment":[{"href":"https:\/\/eldigitaldeasturias.com\/magazine365\/wp-json\/wp\/v2\/media?parent=40943"}],"wp:term":[{"taxonomy":"category","embeddable":true,"href":"https:\/\/eldigitaldeasturias.com\/magazine365\/wp-json\/wp\/v2\/categories?post=40943"},{"taxonomy":"post_tag","embeddable":true,"href":"https:\/\/eldigitaldeasturias.com\/magazine365\/wp-json\/wp\/v2\/tags?post=40943"}],"curies":[{"name":"wp","href":"https:\/\/api.w.org\/{rel}","templated":true}]}}