{"id":40940,"date":"2015-06-25T09:13:58","date_gmt":"2015-06-25T07:43:58","guid":{"rendered":"http:\/\/eldigitaldeasturias.com\/magazine365\/?p=40940"},"modified":"2015-06-25T09:13:58","modified_gmt":"2015-06-25T07:43:58","slug":"renfe-inicia-los-contactos-con-suministradoras-de-los-40-nuevos-trenes-anunciados-en-santander","status":"publish","type":"post","link":"https:\/\/eldigitaldeasturias.com\/magazine365\/renfe-inicia-los-contactos-con-suministradoras-de-los-40-nuevos-trenes-anunciados-en-santander\/","title":{"rendered":"Renfe inicia los contactos con suministradoras de los 40 nuevos trenes anunciados en Santander"},"content":{"rendered":"<p><img fetchpriority=\"high\" decoding=\"async\" class=\"alignleft size-medium wp-image-40941\" src=\"https:\/\/eldigitaldeasturias.com\/magazine365\/wp-content\/uploads\/2015\/06\/fotonoticia_20150624194231_800-333x300.jpg\" alt=\"fotonoticia_20150624194231_800\" width=\"333\" height=\"300\" srcset=\"https:\/\/eldigitaldeasturias.com\/magazine365\/wp-content\/uploads\/2015\/06\/fotonoticia_20150624194231_800-333x300.jpg 333w, https:\/\/eldigitaldeasturias.com\/magazine365\/wp-content\/uploads\/2015\/06\/fotonoticia_20150624194231_800-650x585.jpg 650w, https:\/\/eldigitaldeasturias.com\/magazine365\/wp-content\/uploads\/2015\/06\/fotonoticia_20150624194231_800-768x691.jpg 768w, https:\/\/eldigitaldeasturias.com\/magazine365\/wp-content\/uploads\/2015\/06\/fotonoticia_20150624194231_800-150x135.jpg 150w, https:\/\/eldigitaldeasturias.com\/magazine365\/wp-content\/uploads\/2015\/06\/fotonoticia_20150624194231_800-450x405.jpg 450w, https:\/\/eldigitaldeasturias.com\/magazine365\/wp-content\/uploads\/2015\/06\/fotonoticia_20150624194231_800-696x626.jpg 696w, https:\/\/eldigitaldeasturias.com\/magazine365\/wp-content\/uploads\/2015\/06\/fotonoticia_20150624194231_800-467x420.jpg 467w, https:\/\/eldigitaldeasturias.com\/magazine365\/wp-content\/uploads\/2015\/06\/fotonoticia_20150624194231_800.jpg 800w\" sizes=\"(max-width: 333px) 100vw, 333px\" \/>Renfe ya ha comenzado los contactos con empresas para el suministro de los 40 nuevos trenes anunciados y el concurso p\u00fablico para contratarlo saldr\u00e1 este a\u00f1o.<\/p>\n<p>As\u00ed lo ha avanzado este mi\u00e9rcoles en Santander la ministra Ana Pastor, quien ha asegurado, a preguntas de los periodistas, que la programaci\u00f3n para este procedimiento, ya anunciado por Fomento, ya est\u00e1 \u00aben marcha\u00bb y ha confirmado, como ya avanz\u00f3 anteriormente, que \u00aba lo largo de este a\u00f1o\u00bb saldr\u00e1 el concurso p\u00fablico para contratar este suministro.<\/p>\n<p>Pastor, que esta tarde ha clausurado el Foro Global de Ingenier\u00eda y Obra P\u00fablica que ha celebrado la Universidad Internacional Men\u00e9ndez Pelayo (UIMP), tambi\u00e9n ha sido cuestionada por el concurso para liberalizar el AVE a Levante y ha confirmado en que, como ya ha se\u00f1alado en anteriores ocasiones, se licitar\u00e1 antes de que expire esta legislatura.<\/p>\n<p>Ha explicado que para poder hacerlo solo resta por tener el informe del Consejo de Estado sobre la orden ministerial en la que se establecen los pliegos del concurso y ha se\u00f1alado que, \u00aben el momento\u00bb en que se cuente con \u00e9l ya se podr\u00e1 sacar a licitaci\u00f3n.<\/p>\n<p>A trav\u00e9s de este concurso p\u00fablico, Fomento elegir\u00e1 a la empresa que se adjudicar\u00e1 el &#8216;t\u00edtulo habilitante&#8217; para competir con Renfe en transporte de viajeros por el corredor AVE a Levante.<\/p>\n","protected":false},"excerpt":{"rendered":"<p>Renfe ya ha comenzado los contactos con empresas para el suministro de los 40 nuevos trenes anunciados y el concurso p\u00fablico para contratarlo saldr\u00e1 este a\u00f1o. As\u00ed lo ha avanzado este mi\u00e9rcoles en Santander la ministra Ana Pastor, quien ha asegurado, a preguntas de los periodistas, que la programaci\u00f3n para este procedimiento, ya anunciado por<\/p>\n","protected":false},"author":1,"featured_media":40941,"comment_status":"open","ping_status":"closed","sticky":false,"template":"","format":"standard","meta":{"footnotes":""},"categories":[224],"tags":[],"class_list":{"0":"post-40940","1":"post","2":"type-post","3":"status-publish","4":"format-standard","5":"has-post-thumbnail","7":"category-noticias-actualidad"},"aioseo_notices":[],"aioseo_head":"\n\t\t<!-- All in One SEO Pro 4.9.6.1 - aioseo.com -->\n\t<meta name=\"description\" content=\"Renfe ya ha comenzado los contactos con empresas para el suministro de los 40 nuevos trenes anunciados y el concurso p\u00fablico para contratarlo saldr\u00e1 este a\u00f1o. As\u00ed lo ha avanzado este mi\u00e9rcoles en Santander la ministra Ana Pastor, quien ha asegurado, a preguntas de los periodistas, que la programaci\u00f3n para este procedimiento, ya anunciado por\" \/>\n\t<meta name=\"robots\" content=\"max-image-preview:large\" \/>\n\t<meta name=\"author\" content=\"admin\"\/>\n\t<meta name=\"google-site-verification\" content=\"UA-38556648-1\" \/>\n\t<meta name=\"keywords\" content=\"noticias y actualidad\" \/>\n\t<link rel=\"canonical\" href=\"https:\/\/eldigitaldeasturias.com\/magazine365\/renfe-inicia-los-contactos-con-suministradoras-de-los-40-nuevos-trenes-anunciados-en-santander\/\" \/>\n\t<meta name=\"generator\" content=\"All in One SEO Pro (AIOSEO) 4.9.6.1\" \/>\n\t\t<meta property=\"og:locale\" content=\"es_ES\" \/>\n\t\t<meta property=\"og:site_name\" content=\"El Digital de Asturias \u2013 Revista de ocio, turismo y estilo de vida\" \/>\n\t\t<meta property=\"og:type\" content=\"article\" \/>\n\t\t<meta property=\"og:title\" content=\"Renfe inicia los contactos con suministradoras de los 40 nuevos trenes anunciados en Santander | El Digital de Asturias\" \/>\n\t\t<meta property=\"og:description\" content=\"Renfe ya ha comenzado los contactos con empresas para el suministro de los 40 nuevos trenes anunciados y el concurso p\u00fablico para contratarlo saldr\u00e1 este a\u00f1o. As\u00ed lo ha avanzado este mi\u00e9rcoles en Santander la ministra Ana Pastor, quien ha asegurado, a preguntas de los periodistas, que la programaci\u00f3n para este procedimiento, ya anunciado por\" \/>\n\t\t<meta property=\"og:url\" content=\"https:\/\/eldigitaldeasturias.com\/magazine365\/renfe-inicia-los-contactos-con-suministradoras-de-los-40-nuevos-trenes-anunciados-en-santander\/\" \/>\n\t\t<meta property=\"og:image\" content=\"https:\/\/eldigitaldeasturias.com\/magazine365\/wp-content\/uploads\/2015\/06\/fotonoticia_20150624194231_800.jpg\" \/>\n\t\t<meta property=\"og:image:secure_url\" content=\"https:\/\/eldigitaldeasturias.com\/magazine365\/wp-content\/uploads\/2015\/06\/fotonoticia_20150624194231_800.jpg\" \/>\n\t\t<meta property=\"og:image:width\" content=\"800\" \/>\n\t\t<meta property=\"og:image:height\" content=\"720\" \/>\n\t\t<meta property=\"article:published_time\" content=\"2015-06-25T07:43:58+00:00\" \/>\n\t\t<meta property=\"article:modified_time\" content=\"2015-06-25T07:43:58+00:00\" \/>\n\t\t<meta name=\"twitter:card\" content=\"summary_large_image\" \/>\n\t\t<meta name=\"twitter:title\" content=\"Renfe inicia los contactos con suministradoras de los 40 nuevos trenes anunciados en Santander | El Digital de Asturias\" \/>\n\t\t<meta name=\"twitter:description\" content=\"Renfe ya ha comenzado los contactos con empresas para el suministro de los 40 nuevos trenes anunciados y el concurso p\u00fablico para contratarlo saldr\u00e1 este a\u00f1o. As\u00ed lo ha avanzado este mi\u00e9rcoles en Santander la ministra Ana Pastor, quien ha asegurado, a preguntas de los periodistas, que la programaci\u00f3n para este procedimiento, ya anunciado por\" \/>\n\t\t<meta name=\"twitter:image\" content=\"https:\/\/eldigitaldeasturias.com\/magazine365\/wp-content\/uploads\/2015\/06\/fotonoticia_20150624194231_800.jpg\" \/>\n\t\t<script type=\"application\/ld+json\" class=\"aioseo-schema\">\n\t\t\t{\"@context\":\"https:\\\/\\\/schema.org\",\"@graph\":[{\"@type\":\"Article\",\"@id\":\"https:\\\/\\\/eldigitaldeasturias.com\\\/magazine365\\\/renfe-inicia-los-contactos-con-suministradoras-de-los-40-nuevos-trenes-anunciados-en-santander\\\/#article\",\"name\":\"Renfe inicia los contactos con suministradoras de los 40 nuevos trenes anunciados en Santander | El Digital de Asturias\",\"headline\":\"Renfe inicia los contactos con suministradoras de los 40 nuevos trenes anunciados en Santander\",\"author\":{\"@id\":\"https:\\\/\\\/eldigitaldeasturias.com\\\/magazine365\\\/author\\\/admin\\\/#author\"},\"publisher\":{\"@id\":\"https:\\\/\\\/eldigitaldeasturias.com\\\/magazine365\\\/#organization\"},\"image\":{\"@type\":\"ImageObject\",\"url\":\"https:\\\/\\\/eldigitaldeasturias.com\\\/magazine365\\\/wp-content\\\/uploads\\\/2015\\\/06\\\/fotonoticia_20150624194231_800.jpg\",\"width\":800,\"height\":720},\"datePublished\":\"2015-06-25T09:13:58+02:00\",\"dateModified\":\"2015-06-25T09:13:58+02:00\",\"inLanguage\":\"es-ES\",\"mainEntityOfPage\":{\"@id\":\"https:\\\/\\\/eldigitaldeasturias.com\\\/magazine365\\\/renfe-inicia-los-contactos-con-suministradoras-de-los-40-nuevos-trenes-anunciados-en-santander\\\/#webpage\"},\"isPartOf\":{\"@id\":\"https:\\\/\\\/eldigitaldeasturias.com\\\/magazine365\\\/renfe-inicia-los-contactos-con-suministradoras-de-los-40-nuevos-trenes-anunciados-en-santander\\\/#webpage\"},\"articleSection\":\"Noticias y Actualidad\"},{\"@type\":\"BreadcrumbList\",\"@id\":\"https:\\\/\\\/eldigitaldeasturias.com\\\/magazine365\\\/renfe-inicia-los-contactos-con-suministradoras-de-los-40-nuevos-trenes-anunciados-en-santander\\\/#breadcrumblist\",\"itemListElement\":[{\"@type\":\"ListItem\",\"@id\":\"https:\\\/\\\/eldigitaldeasturias.com\\\/magazine365#listItem\",\"position\":1,\"name\":\"Home\",\"item\":\"https:\\\/\\\/eldigitaldeasturias.com\\\/magazine365\",\"nextItem\":{\"@type\":\"ListItem\",\"@id\":\"https:\\\/\\\/eldigitaldeasturias.com\\\/magazine365\\\/category\\\/noticias-actualidad\\\/#listItem\",\"name\":\"Noticias y Actualidad\"}},{\"@type\":\"ListItem\",\"@id\":\"https:\\\/\\\/eldigitaldeasturias.com\\\/magazine365\\\/category\\\/noticias-actualidad\\\/#listItem\",\"position\":2,\"name\":\"Noticias y Actualidad\",\"item\":\"https:\\\/\\\/eldigitaldeasturias.com\\\/magazine365\\\/category\\\/noticias-actualidad\\\/\",\"nextItem\":{\"@type\":\"ListItem\",\"@id\":\"https:\\\/\\\/eldigitaldeasturias.com\\\/magazine365\\\/renfe-inicia-los-contactos-con-suministradoras-de-los-40-nuevos-trenes-anunciados-en-santander\\\/#listItem\",\"name\":\"Renfe inicia los contactos con suministradoras de los 40 nuevos trenes anunciados en Santander\"},\"previousItem\":{\"@type\":\"ListItem\",\"@id\":\"https:\\\/\\\/eldigitaldeasturias.com\\\/magazine365#listItem\",\"name\":\"Home\"}},{\"@type\":\"ListItem\",\"@id\":\"https:\\\/\\\/eldigitaldeasturias.com\\\/magazine365\\\/renfe-inicia-los-contactos-con-suministradoras-de-los-40-nuevos-trenes-anunciados-en-santander\\\/#listItem\",\"position\":3,\"name\":\"Renfe inicia los contactos con suministradoras de los 40 nuevos trenes anunciados en Santander\",\"previousItem\":{\"@type\":\"ListItem\",\"@id\":\"https:\\\/\\\/eldigitaldeasturias.com\\\/magazine365\\\/category\\\/noticias-actualidad\\\/#listItem\",\"name\":\"Noticias y Actualidad\"}}]},{\"@type\":\"Organization\",\"@id\":\"https:\\\/\\\/eldigitaldeasturias.com\\\/magazine365\\\/#organization\",\"name\":\"El digital de Asturias\",\"description\":\"Revista de ocio, turismo y estilo de vida\",\"url\":\"https:\\\/\\\/eldigitaldeasturias.com\\\/magazine365\\\/\",\"logo\":{\"@type\":\"ImageObject\",\"url\":\"https:\\\/\\\/www.eldigitaldeasturias.com\\\/noticias\\\/wp-content\\\/uploads\\\/2020\\\/12\\\/EDA.jpg\",\"@id\":\"https:\\\/\\\/eldigitaldeasturias.com\\\/magazine365\\\/renfe-inicia-los-contactos-con-suministradoras-de-los-40-nuevos-trenes-anunciados-en-santander\\\/#organizationLogo\"},\"image\":{\"@id\":\"https:\\\/\\\/eldigitaldeasturias.com\\\/magazine365\\\/renfe-inicia-los-contactos-con-suministradoras-de-los-40-nuevos-trenes-anunciados-en-santander\\\/#organizationLogo\"}},{\"@type\":\"Person\",\"@id\":\"https:\\\/\\\/eldigitaldeasturias.com\\\/magazine365\\\/author\\\/admin\\\/#author\",\"url\":\"https:\\\/\\\/eldigitaldeasturias.com\\\/magazine365\\\/author\\\/admin\\\/\",\"name\":\"admin\",\"image\":{\"@type\":\"ImageObject\",\"@id\":\"https:\\\/\\\/eldigitaldeasturias.com\\\/magazine365\\\/renfe-inicia-los-contactos-con-suministradoras-de-los-40-nuevos-trenes-anunciados-en-santander\\\/#authorImage\",\"url\":\"https:\\\/\\\/eldigitaldeasturias.com\\\/magazine365\\\/wp-content\\\/litespeed\\\/avatar\\\/e571bcf59a0edd6fa6838245a470f2fe.jpg?ver=1777574230\",\"width\":96,\"height\":96,\"caption\":\"admin\"}},{\"@type\":\"WebPage\",\"@id\":\"https:\\\/\\\/eldigitaldeasturias.com\\\/magazine365\\\/renfe-inicia-los-contactos-con-suministradoras-de-los-40-nuevos-trenes-anunciados-en-santander\\\/#webpage\",\"url\":\"https:\\\/\\\/eldigitaldeasturias.com\\\/magazine365\\\/renfe-inicia-los-contactos-con-suministradoras-de-los-40-nuevos-trenes-anunciados-en-santander\\\/\",\"name\":\"Renfe inicia los contactos con suministradoras de los 40 nuevos trenes anunciados en Santander | El Digital de Asturias\",\"description\":\"Renfe ya ha comenzado los contactos con empresas para el suministro de los 40 nuevos trenes anunciados y el concurso p\\u00fablico para contratarlo saldr\\u00e1 este a\\u00f1o. As\\u00ed lo ha avanzado este mi\\u00e9rcoles en Santander la ministra Ana Pastor, quien ha asegurado, a preguntas de los periodistas, que la programaci\\u00f3n para este procedimiento, ya anunciado por\",\"inLanguage\":\"es-ES\",\"isPartOf\":{\"@id\":\"https:\\\/\\\/eldigitaldeasturias.com\\\/magazine365\\\/#website\"},\"breadcrumb\":{\"@id\":\"https:\\\/\\\/eldigitaldeasturias.com\\\/magazine365\\\/renfe-inicia-los-contactos-con-suministradoras-de-los-40-nuevos-trenes-anunciados-en-santander\\\/#breadcrumblist\"},\"author\":{\"@id\":\"https:\\\/\\\/eldigitaldeasturias.com\\\/magazine365\\\/author\\\/admin\\\/#author\"},\"creator\":{\"@id\":\"https:\\\/\\\/eldigitaldeasturias.com\\\/magazine365\\\/author\\\/admin\\\/#author\"},\"image\":{\"@type\":\"ImageObject\",\"url\":\"https:\\\/\\\/eldigitaldeasturias.com\\\/magazine365\\\/wp-content\\\/uploads\\\/2015\\\/06\\\/fotonoticia_20150624194231_800.jpg\",\"@id\":\"https:\\\/\\\/eldigitaldeasturias.com\\\/magazine365\\\/renfe-inicia-los-contactos-con-suministradoras-de-los-40-nuevos-trenes-anunciados-en-santander\\\/#mainImage\",\"width\":800,\"height\":720},\"primaryImageOfPage\":{\"@id\":\"https:\\\/\\\/eldigitaldeasturias.com\\\/magazine365\\\/renfe-inicia-los-contactos-con-suministradoras-de-los-40-nuevos-trenes-anunciados-en-santander\\\/#mainImage\"},\"datePublished\":\"2015-06-25T09:13:58+02:00\",\"dateModified\":\"2015-06-25T09:13:58+02:00\"},{\"@type\":\"WebSite\",\"@id\":\"https:\\\/\\\/eldigitaldeasturias.com\\\/magazine365\\\/#website\",\"url\":\"https:\\\/\\\/eldigitaldeasturias.com\\\/magazine365\\\/\",\"name\":\"El Digital de Asturias\",\"description\":\"Revista de ocio, turismo y estilo de vida\",\"inLanguage\":\"es-ES\",\"publisher\":{\"@id\":\"https:\\\/\\\/eldigitaldeasturias.com\\\/magazine365\\\/#organization\"}}]}\n\t\t<\/script>\n\t\t<!-- All in One SEO Pro -->\r\n\t\t<title>Renfe inicia los contactos con suministradoras de los 40 nuevos trenes anunciados en Santander | El Digital de Asturias<\/title>\n\n","aioseo_head_json":{"title":"Renfe inicia los contactos con suministradoras de los 40 nuevos trenes anunciados en Santander | El Digital de Asturias","description":"Renfe ya ha comenzado los contactos con empresas para el suministro de los 40 nuevos trenes anunciados y el concurso p\u00fablico para contratarlo saldr\u00e1 este a\u00f1o. As\u00ed lo ha avanzado este mi\u00e9rcoles en Santander la ministra Ana Pastor, quien ha asegurado, a preguntas de los periodistas, que la programaci\u00f3n para este procedimiento, ya anunciado por","canonical_url":"https:\/\/eldigitaldeasturias.com\/magazine365\/renfe-inicia-los-contactos-con-suministradoras-de-los-40-nuevos-trenes-anunciados-en-santander\/","robots":"max-image-preview:large","keywords":"noticias y actualidad","webmasterTools":{"google-site-verification":"UA-38556648-1","miscellaneous":""},"schema":{"@context":"https:\/\/schema.org","@graph":[{"@type":"Article","@id":"https:\/\/eldigitaldeasturias.com\/magazine365\/renfe-inicia-los-contactos-con-suministradoras-de-los-40-nuevos-trenes-anunciados-en-santander\/#article","name":"Renfe inicia los contactos con suministradoras de los 40 nuevos trenes anunciados en Santander | El Digital de Asturias","headline":"Renfe inicia los contactos con suministradoras de los 40 nuevos trenes anunciados en Santander","author":{"@id":"https:\/\/eldigitaldeasturias.com\/magazine365\/author\/admin\/#author"},"publisher":{"@id":"https:\/\/eldigitaldeasturias.com\/magazine365\/#organization"},"image":{"@type":"ImageObject","url":"https:\/\/eldigitaldeasturias.com\/magazine365\/wp-content\/uploads\/2015\/06\/fotonoticia_20150624194231_800.jpg","width":800,"height":720},"datePublished":"2015-06-25T09:13:58+02:00","dateModified":"2015-06-25T09:13:58+02:00","inLanguage":"es-ES","mainEntityOfPage":{"@id":"https:\/\/eldigitaldeasturias.com\/magazine365\/renfe-inicia-los-contactos-con-suministradoras-de-los-40-nuevos-trenes-anunciados-en-santander\/#webpage"},"isPartOf":{"@id":"https:\/\/eldigitaldeasturias.com\/magazine365\/renfe-inicia-los-contactos-con-suministradoras-de-los-40-nuevos-trenes-anunciados-en-santander\/#webpage"},"articleSection":"Noticias y Actualidad"},{"@type":"BreadcrumbList","@id":"https:\/\/eldigitaldeasturias.com\/magazine365\/renfe-inicia-los-contactos-con-suministradoras-de-los-40-nuevos-trenes-anunciados-en-santander\/#breadcrumblist","itemListElement":[{"@type":"ListItem","@id":"https:\/\/eldigitaldeasturias.com\/magazine365#listItem","position":1,"name":"Home","item":"https:\/\/eldigitaldeasturias.com\/magazine365","nextItem":{"@type":"ListItem","@id":"https:\/\/eldigitaldeasturias.com\/magazine365\/category\/noticias-actualidad\/#listItem","name":"Noticias y Actualidad"}},{"@type":"ListItem","@id":"https:\/\/eldigitaldeasturias.com\/magazine365\/category\/noticias-actualidad\/#listItem","position":2,"name":"Noticias y Actualidad","item":"https:\/\/eldigitaldeasturias.com\/magazine365\/category\/noticias-actualidad\/","nextItem":{"@type":"ListItem","@id":"https:\/\/eldigitaldeasturias.com\/magazine365\/renfe-inicia-los-contactos-con-suministradoras-de-los-40-nuevos-trenes-anunciados-en-santander\/#listItem","name":"Renfe inicia los contactos con suministradoras de los 40 nuevos trenes anunciados en Santander"},"previousItem":{"@type":"ListItem","@id":"https:\/\/eldigitaldeasturias.com\/magazine365#listItem","name":"Home"}},{"@type":"ListItem","@id":"https:\/\/eldigitaldeasturias.com\/magazine365\/renfe-inicia-los-contactos-con-suministradoras-de-los-40-nuevos-trenes-anunciados-en-santander\/#listItem","position":3,"name":"Renfe inicia los contactos con suministradoras de los 40 nuevos trenes anunciados en Santander","previousItem":{"@type":"ListItem","@id":"https:\/\/eldigitaldeasturias.com\/magazine365\/category\/noticias-actualidad\/#listItem","name":"Noticias y Actualidad"}}]},{"@type":"Organization","@id":"https:\/\/eldigitaldeasturias.com\/magazine365\/#organization","name":"El digital de Asturias","description":"Revista de ocio, turismo y estilo de vida","url":"https:\/\/eldigitaldeasturias.com\/magazine365\/","logo":{"@type":"ImageObject","url":"https:\/\/www.eldigitaldeasturias.com\/noticias\/wp-content\/uploads\/2020\/12\/EDA.jpg","@id":"https:\/\/eldigitaldeasturias.com\/magazine365\/renfe-inicia-los-contactos-con-suministradoras-de-los-40-nuevos-trenes-anunciados-en-santander\/#organizationLogo"},"image":{"@id":"https:\/\/eldigitaldeasturias.com\/magazine365\/renfe-inicia-los-contactos-con-suministradoras-de-los-40-nuevos-trenes-anunciados-en-santander\/#organizationLogo"}},{"@type":"Person","@id":"https:\/\/eldigitaldeasturias.com\/magazine365\/author\/admin\/#author","url":"https:\/\/eldigitaldeasturias.com\/magazine365\/author\/admin\/","name":"admin","image":{"@type":"ImageObject","@id":"https:\/\/eldigitaldeasturias.com\/magazine365\/renfe-inicia-los-contactos-con-suministradoras-de-los-40-nuevos-trenes-anunciados-en-santander\/#authorImage","url":"https:\/\/eldigitaldeasturias.com\/magazine365\/wp-content\/litespeed\/avatar\/e571bcf59a0edd6fa6838245a470f2fe.jpg?ver=1777574230","width":96,"height":96,"caption":"admin"}},{"@type":"WebPage","@id":"https:\/\/eldigitaldeasturias.com\/magazine365\/renfe-inicia-los-contactos-con-suministradoras-de-los-40-nuevos-trenes-anunciados-en-santander\/#webpage","url":"https:\/\/eldigitaldeasturias.com\/magazine365\/renfe-inicia-los-contactos-con-suministradoras-de-los-40-nuevos-trenes-anunciados-en-santander\/","name":"Renfe inicia los contactos con suministradoras de los 40 nuevos trenes anunciados en Santander | El Digital de Asturias","description":"Renfe ya ha comenzado los contactos con empresas para el suministro de los 40 nuevos trenes anunciados y el concurso p\u00fablico para contratarlo saldr\u00e1 este a\u00f1o. As\u00ed lo ha avanzado este mi\u00e9rcoles en Santander la ministra Ana Pastor, quien ha asegurado, a preguntas de los periodistas, que la programaci\u00f3n para este procedimiento, ya anunciado por","inLanguage":"es-ES","isPartOf":{"@id":"https:\/\/eldigitaldeasturias.com\/magazine365\/#website"},"breadcrumb":{"@id":"https:\/\/eldigitaldeasturias.com\/magazine365\/renfe-inicia-los-contactos-con-suministradoras-de-los-40-nuevos-trenes-anunciados-en-santander\/#breadcrumblist"},"author":{"@id":"https:\/\/eldigitaldeasturias.com\/magazine365\/author\/admin\/#author"},"creator":{"@id":"https:\/\/eldigitaldeasturias.com\/magazine365\/author\/admin\/#author"},"image":{"@type":"ImageObject","url":"https:\/\/eldigitaldeasturias.com\/magazine365\/wp-content\/uploads\/2015\/06\/fotonoticia_20150624194231_800.jpg","@id":"https:\/\/eldigitaldeasturias.com\/magazine365\/renfe-inicia-los-contactos-con-suministradoras-de-los-40-nuevos-trenes-anunciados-en-santander\/#mainImage","width":800,"height":720},"primaryImageOfPage":{"@id":"https:\/\/eldigitaldeasturias.com\/magazine365\/renfe-inicia-los-contactos-con-suministradoras-de-los-40-nuevos-trenes-anunciados-en-santander\/#mainImage"},"datePublished":"2015-06-25T09:13:58+02:00","dateModified":"2015-06-25T09:13:58+02:00"},{"@type":"WebSite","@id":"https:\/\/eldigitaldeasturias.com\/magazine365\/#website","url":"https:\/\/eldigitaldeasturias.com\/magazine365\/","name":"El Digital de Asturias","description":"Revista de ocio, turismo y estilo de vida","inLanguage":"es-ES","publisher":{"@id":"https:\/\/eldigitaldeasturias.com\/magazine365\/#organization"}}]},"og:locale":"es_ES","og:site_name":"El Digital de Asturias \u2013 Revista de ocio, turismo y estilo de vida","og:type":"article","og:title":"Renfe inicia los contactos con suministradoras de los 40 nuevos trenes anunciados en Santander | El Digital de Asturias","og:description":"Renfe ya ha comenzado los contactos con empresas para el suministro de los 40 nuevos trenes anunciados y el concurso p\u00fablico para contratarlo saldr\u00e1 este a\u00f1o. As\u00ed lo ha avanzado este mi\u00e9rcoles en Santander la ministra Ana Pastor, quien ha asegurado, a preguntas de los periodistas, que la programaci\u00f3n para este procedimiento, ya anunciado por","og:url":"https:\/\/eldigitaldeasturias.com\/magazine365\/renfe-inicia-los-contactos-con-suministradoras-de-los-40-nuevos-trenes-anunciados-en-santander\/","og:image":"https:\/\/eldigitaldeasturias.com\/magazine365\/wp-content\/uploads\/2015\/06\/fotonoticia_20150624194231_800.jpg","og:image:secure_url":"https:\/\/eldigitaldeasturias.com\/magazine365\/wp-content\/uploads\/2015\/06\/fotonoticia_20150624194231_800.jpg","og:image:width":800,"og:image:height":720,"article:published_time":"2015-06-25T07:43:58+00:00","article:modified_time":"2015-06-25T07:43:58+00:00","twitter:card":"summary_large_image","twitter:title":"Renfe inicia los contactos con suministradoras de los 40 nuevos trenes anunciados en Santander | El Digital de Asturias","twitter:description":"Renfe ya ha comenzado los contactos con empresas para el suministro de los 40 nuevos trenes anunciados y el concurso p\u00fablico para contratarlo saldr\u00e1 este a\u00f1o. As\u00ed lo ha avanzado este mi\u00e9rcoles en Santander la ministra Ana Pastor, quien ha asegurado, a preguntas de los periodistas, que la programaci\u00f3n para este procedimiento, ya anunciado por","twitter:image":"https:\/\/eldigitaldeasturias.com\/magazine365\/wp-content\/uploads\/2015\/06\/fotonoticia_20150624194231_800.jpg"},"aioseo_meta_data":{"post_id":"40940","title":null,"description":null,"keywords":null,"keyphrases":null,"primary_term":null,"canonical_url":null,"og_title":null,"og_description":null,"og_object_type":"default","og_image_type":"default","og_image_url":null,"og_image_width":null,"og_image_height":null,"og_image_custom_url":null,"og_image_custom_fields":null,"og_video":null,"og_custom_url":null,"og_article_section":null,"og_article_tags":null,"twitter_use_og":false,"twitter_card":"default","twitter_image_type":"default","twitter_image_url":null,"twitter_image_custom_url":null,"twitter_image_custom_fields":null,"twitter_title":null,"twitter_description":null,"schema":{"blockGraphs":[],"customGraphs":[],"default":{"data":{"Article":[],"Course":[],"Dataset":[],"FAQPage":[],"Movie":[],"Person":[],"Product":[],"ProductReview":[],"Car":[],"Recipe":[],"Service":[],"SoftwareApplication":[],"WebPage":[]},"graphName":"","isEnabled":true},"graphs":[]},"schema_type":null,"schema_type_options":null,"pillar_content":false,"robots_default":true,"robots_noindex":false,"robots_noarchive":false,"robots_nosnippet":false,"robots_nofollow":false,"robots_noimageindex":false,"robots_noodp":false,"robots_notranslate":false,"robots_max_snippet":null,"robots_max_videopreview":null,"robots_max_imagepreview":"large","priority":null,"frequency":null,"location":null,"local_seo":null,"seo_analyzer_scan_date":"2025-09-19 14:40:20","breadcrumb_settings":null,"limit_modified_date":false,"open_ai":null,"ai":null,"created":"2021-03-09 02:21:54","updated":"2025-09-19 14:40:20"},"aioseo_breadcrumb":"<div class=\"aioseo-breadcrumbs\"><span class=\"aioseo-breadcrumb\">\n\t<a href=\"https:\/\/eldigitaldeasturias.com\/magazine365\" title=\"Home\">Home<\/a>\n<\/span><span class=\"aioseo-breadcrumb-separator\">\u2013<\/span><span class=\"aioseo-breadcrumb\">\n\t<a href=\"https:\/\/eldigitaldeasturias.com\/magazine365\/category\/noticias-actualidad\/\" title=\"Noticias y Actualidad\">Noticias y Actualidad<\/a>\n<\/span><span class=\"aioseo-breadcrumb-separator\">\u2013<\/span><span class=\"aioseo-breadcrumb\">\n\t<a href=\"https:\/\/eldigitaldeasturias.com\/magazine365\/renfe-inicia-los-contactos-con-suministradoras-de-los-40-nuevos-trenes-anunciados-en-santander\/\" title=\"Renfe inicia los contactos con suministradoras de los 40 nuevos trenes anunciados en Santander\">Renfe inicia los contactos con suministradoras de los 40 nuevos trenes anunciados en Santander<\/a>\n<\/span><\/div>","aioseo_breadcrumb_json":[{"label":"Home","link":"https:\/\/eldigitaldeasturias.com\/magazine365"},{"label":"Noticias y Actualidad","link":"https:\/\/eldigitaldeasturias.com\/magazine365\/category\/noticias-actualidad\/"},{"label":"Renfe inicia los contactos con suministradoras de los 40 nuevos trenes anunciados en Santander","link":"https:\/\/eldigitaldeasturias.com\/magazine365\/renfe-inicia-los-contactos-con-suministradoras-de-los-40-nuevos-trenes-anunciados-en-santander\/"}],"_links":{"self":[{"href":"https:\/\/eldigitaldeasturias.com\/magazine365\/wp-json\/wp\/v2\/posts\/40940","targetHints":{"allow":["GET"]}}],"collection":[{"href":"https:\/\/eldigitaldeasturias.com\/magazine365\/wp-json\/wp\/v2\/posts"}],"about":[{"href":"https:\/\/eldigitaldeasturias.com\/magazine365\/wp-json\/wp\/v2\/types\/post"}],"author":[{"embeddable":true,"href":"https:\/\/eldigitaldeasturias.com\/magazine365\/wp-json\/wp\/v2\/users\/1"}],"replies":[{"embeddable":true,"href":"https:\/\/eldigitaldeasturias.com\/magazine365\/wp-json\/wp\/v2\/comments?post=40940"}],"version-history":[{"count":0,"href":"https:\/\/eldigitaldeasturias.com\/magazine365\/wp-json\/wp\/v2\/posts\/40940\/revisions"}],"wp:featuredmedia":[{"embeddable":true,"href":"https:\/\/eldigitaldeasturias.com\/magazine365\/wp-json\/wp\/v2\/media\/40941"}],"wp:attachment":[{"href":"https:\/\/eldigitaldeasturias.com\/magazine365\/wp-json\/wp\/v2\/media?parent=40940"}],"wp:term":[{"taxonomy":"category","embeddable":true,"href":"https:\/\/eldigitaldeasturias.com\/magazine365\/wp-json\/wp\/v2\/categories?post=40940"},{"taxonomy":"post_tag","embeddable":true,"href":"https:\/\/eldigitaldeasturias.com\/magazine365\/wp-json\/wp\/v2\/tags?post=40940"}],"curies":[{"name":"wp","href":"https:\/\/api.w.org\/{rel}","templated":true}]}}