{"id":40931,"date":"2015-06-25T09:09:34","date_gmt":"2015-06-25T07:39:34","guid":{"rendered":"http:\/\/eldigitaldeasturias.com\/magazine365\/?p=40931"},"modified":"2015-06-25T09:09:34","modified_gmt":"2015-06-25T07:39:34","slug":"el-anthem-of-the-seas-recala-en-cartagena","status":"publish","type":"post","link":"https:\/\/eldigitaldeasturias.com\/magazine365\/el-anthem-of-the-seas-recala-en-cartagena\/","title":{"rendered":"El &#8216;Anthem of the Seas&#8217; recala en Cartagena"},"content":{"rendered":"<p><img fetchpriority=\"high\" decoding=\"async\" class=\"alignleft size-medium wp-image-40932\" src=\"https:\/\/eldigitaldeasturias.com\/magazine365\/wp-content\/uploads\/2015\/06\/fotonoticia_20150624185330_800-360x238.jpg\" alt=\"fotonoticia_20150624185330_800\" width=\"360\" height=\"238\" srcset=\"https:\/\/eldigitaldeasturias.com\/magazine365\/wp-content\/uploads\/2015\/06\/fotonoticia_20150624185330_800-360x238.jpg 360w, https:\/\/eldigitaldeasturias.com\/magazine365\/wp-content\/uploads\/2015\/06\/fotonoticia_20150624185330_800-650x430.jpg 650w, https:\/\/eldigitaldeasturias.com\/magazine365\/wp-content\/uploads\/2015\/06\/fotonoticia_20150624185330_800-768x508.jpg 768w, https:\/\/eldigitaldeasturias.com\/magazine365\/wp-content\/uploads\/2015\/06\/fotonoticia_20150624185330_800-150x99.jpg 150w, https:\/\/eldigitaldeasturias.com\/magazine365\/wp-content\/uploads\/2015\/06\/fotonoticia_20150624185330_800-450x298.jpg 450w, https:\/\/eldigitaldeasturias.com\/magazine365\/wp-content\/uploads\/2015\/06\/fotonoticia_20150624185330_800-696x460.jpg 696w, https:\/\/eldigitaldeasturias.com\/magazine365\/wp-content\/uploads\/2015\/06\/fotonoticia_20150624185330_800-635x420.jpg 635w, https:\/\/eldigitaldeasturias.com\/magazine365\/wp-content\/uploads\/2015\/06\/fotonoticia_20150624185330_800-84x55.jpg 84w, https:\/\/eldigitaldeasturias.com\/magazine365\/wp-content\/uploads\/2015\/06\/fotonoticia_20150624185330_800.jpg 800w\" sizes=\"(max-width: 360px) 100vw, 360px\" \/>El Anthem of the Seas, considerado uno de los m\u00e1s grandes, ha recalado este mi\u00e9rcoles en el Puerto de Cartagena dejando m\u00e1s de 4.000 pasajeros por las calles principales de la ciudad. El barco, de 16 cubiertas o pisos, simulador de paracaidismo y gr\u00faa de atalaya, entre otros, ha dejado la ciudad a las 17.00 horas.<\/p>\n<p>Como todo barco que recala por primera vez en el puerto, ha recibido la visita protocolaria de las autoridades municipales. La vicealcaldesa, Ana Bel\u00e9n Castej\u00f3n, y la concejala de Turismo, Obdulia G\u00f3mez, han recorrido este mediod\u00eda sus espaciosas instalaciones.<\/p>\n<p>El crucero tiene 347 metros de eslora, 40.8 metros de manga m\u00e1xima, 8,5 metros de calado y 22 nudos de velocidad de crucero. Esta ma\u00f1ana resaltaba por sus grandes dimensiones en el Puerto de Cartagena.<\/p>\n<p>El c\u00e1lido d\u00eda de hoy ha dejado miles de turistas por las calles m\u00e1s c\u00e9ntricas de Cartagena, que han aprovechado la escala para conocer y disfrutar de la ciudad.<\/p>\n<p>El Anthem of the Seas es un barco del siglo XXI, sus pasajeros pueden disfrutar de novedades como un simulador de paracaidismo, una gr\u00faa atalaya que eleva a los pasajero a m\u00e1s de 90 metros de altura para disfrutar de las mejores vistas, las zonas de ocio, m\u00e1s vanguardistas con los complejos de deporte y entretenimiento cubiertos m\u00e1s grandes en alta mar, coches de choque, patinaje y mucho m\u00e1s. Adem\u00e1s, cuenta con 18 restaurantes, shows y espect\u00e1culos en el Music Hall, Royal Theater y la Royal Esplanade.<\/p>\n<p>El crucero desplaza unas 167.800 toneladas, y tiene capacidad para 4.180 pasajeros en ocupaci\u00f3n doble y en sus 2.090 camarotes. El barco pertenece a la Royal Caribbean Cruise Lines, que ha dejado otros cruceros tambi\u00e9n novedosos como el Quantum of the Seas, que recal\u00f3 en la ciudad el pasado mes de mayo.<\/p>\n<p>La visita del Anthem of the Seas con sus m\u00e1s de 4.000 pasajeros ha coincidido con la grabaci\u00f3n de un programa de televisi\u00f3n gastron\u00f3mico que se emitir\u00e1 este verano, y se ha estado rodando estos d\u00edas por las v\u00edas m\u00e1s importantes de Cartagena como la calle Mayor, la Plaza del Ayuntamiento y la explanada del Puerto de Cartagena.<\/p>\n<p>A esto se ha sumado tambi\u00e9n la celebraci\u00f3n de una Convenci\u00f3n de Bandas de M\u00fasica que est\u00e1 teniendo lugar en La Manga Club. Una de ellas, procedente de Noruega ha recorrido tambi\u00e9n las principales calles.<\/p>\n","protected":false},"excerpt":{"rendered":"<p>El Anthem of the Seas, considerado uno de los m\u00e1s grandes, ha recalado este mi\u00e9rcoles en el Puerto de Cartagena dejando m\u00e1s de 4.000 pasajeros por las calles principales de la ciudad. El barco, de 16 cubiertas o pisos, simulador de paracaidismo y gr\u00faa de atalaya, entre otros, ha dejado la ciudad a las 17.00<\/p>\n","protected":false},"author":1,"featured_media":40932,"comment_status":"open","ping_status":"closed","sticky":false,"template":"","format":"standard","meta":{"footnotes":""},"categories":[222],"tags":[],"class_list":{"0":"post-40931","1":"post","2":"type-post","3":"status-publish","4":"format-standard","5":"has-post-thumbnail","7":"category-actualidad-turismo"},"aioseo_notices":[],"aioseo_head":"\n\t\t<!-- All in One SEO Pro 4.9.6.1 - aioseo.com -->\n\t<meta name=\"description\" content=\"El Anthem of the Seas, considerado uno de los m\u00e1s grandes, ha recalado este mi\u00e9rcoles en el Puerto de Cartagena dejando m\u00e1s de 4.000 pasajeros por las calles principales de la ciudad. El barco, de 16 cubiertas o pisos, simulador de paracaidismo y gr\u00faa de atalaya, entre otros, ha dejado la ciudad a las 17.00\" \/>\n\t<meta name=\"robots\" content=\"max-image-preview:large\" \/>\n\t<meta name=\"author\" content=\"admin\"\/>\n\t<meta name=\"google-site-verification\" content=\"UA-38556648-1\" \/>\n\t<meta name=\"keywords\" content=\"actualidad turismo\" \/>\n\t<link rel=\"canonical\" href=\"https:\/\/eldigitaldeasturias.com\/magazine365\/el-anthem-of-the-seas-recala-en-cartagena\/\" \/>\n\t<meta name=\"generator\" content=\"All in One SEO Pro (AIOSEO) 4.9.6.1\" \/>\n\t\t<meta property=\"og:locale\" content=\"es_ES\" \/>\n\t\t<meta property=\"og:site_name\" content=\"El Digital de Asturias \u2013 Revista de ocio, turismo y estilo de vida\" \/>\n\t\t<meta property=\"og:type\" content=\"article\" \/>\n\t\t<meta property=\"og:title\" content=\"El \u2018Anthem of the Seas\u2019 recala en Cartagena | El Digital de Asturias\" \/>\n\t\t<meta property=\"og:description\" content=\"El Anthem of the Seas, considerado uno de los m\u00e1s grandes, ha recalado este mi\u00e9rcoles en el Puerto de Cartagena dejando m\u00e1s de 4.000 pasajeros por las calles principales de la ciudad. El barco, de 16 cubiertas o pisos, simulador de paracaidismo y gr\u00faa de atalaya, entre otros, ha dejado la ciudad a las 17.00\" \/>\n\t\t<meta property=\"og:url\" content=\"https:\/\/eldigitaldeasturias.com\/magazine365\/el-anthem-of-the-seas-recala-en-cartagena\/\" \/>\n\t\t<meta property=\"og:image\" content=\"https:\/\/eldigitaldeasturias.com\/magazine365\/wp-content\/uploads\/2015\/06\/fotonoticia_20150624185330_800.jpg\" \/>\n\t\t<meta property=\"og:image:secure_url\" content=\"https:\/\/eldigitaldeasturias.com\/magazine365\/wp-content\/uploads\/2015\/06\/fotonoticia_20150624185330_800.jpg\" \/>\n\t\t<meta property=\"og:image:width\" content=\"800\" \/>\n\t\t<meta property=\"og:image:height\" content=\"529\" \/>\n\t\t<meta property=\"article:published_time\" content=\"2015-06-25T07:39:34+00:00\" \/>\n\t\t<meta property=\"article:modified_time\" content=\"2015-06-25T07:39:34+00:00\" \/>\n\t\t<meta name=\"twitter:card\" content=\"summary_large_image\" \/>\n\t\t<meta name=\"twitter:title\" content=\"El \u2018Anthem of the Seas\u2019 recala en Cartagena | El Digital de Asturias\" \/>\n\t\t<meta name=\"twitter:description\" content=\"El Anthem of the Seas, considerado uno de los m\u00e1s grandes, ha recalado este mi\u00e9rcoles en el Puerto de Cartagena dejando m\u00e1s de 4.000 pasajeros por las calles principales de la ciudad. El barco, de 16 cubiertas o pisos, simulador de paracaidismo y gr\u00faa de atalaya, entre otros, ha dejado la ciudad a las 17.00\" \/>\n\t\t<meta name=\"twitter:image\" content=\"https:\/\/eldigitaldeasturias.com\/magazine365\/wp-content\/uploads\/2015\/06\/fotonoticia_20150624185330_800.jpg\" \/>\n\t\t<script type=\"application\/ld+json\" class=\"aioseo-schema\">\n\t\t\t{\"@context\":\"https:\\\/\\\/schema.org\",\"@graph\":[{\"@type\":\"Article\",\"@id\":\"https:\\\/\\\/eldigitaldeasturias.com\\\/magazine365\\\/el-anthem-of-the-seas-recala-en-cartagena\\\/#article\",\"name\":\"El \\u2018Anthem of the Seas\\u2019 recala en Cartagena | El Digital de Asturias\",\"headline\":\"El &#8216;Anthem of the Seas&#8217; recala en Cartagena\",\"author\":{\"@id\":\"https:\\\/\\\/eldigitaldeasturias.com\\\/magazine365\\\/author\\\/admin\\\/#author\"},\"publisher\":{\"@id\":\"https:\\\/\\\/eldigitaldeasturias.com\\\/magazine365\\\/#organization\"},\"image\":{\"@type\":\"ImageObject\",\"url\":\"https:\\\/\\\/eldigitaldeasturias.com\\\/magazine365\\\/wp-content\\\/uploads\\\/2015\\\/06\\\/fotonoticia_20150624185330_800.jpg\",\"width\":800,\"height\":529},\"datePublished\":\"2015-06-25T09:09:34+02:00\",\"dateModified\":\"2015-06-25T09:09:34+02:00\",\"inLanguage\":\"es-ES\",\"mainEntityOfPage\":{\"@id\":\"https:\\\/\\\/eldigitaldeasturias.com\\\/magazine365\\\/el-anthem-of-the-seas-recala-en-cartagena\\\/#webpage\"},\"isPartOf\":{\"@id\":\"https:\\\/\\\/eldigitaldeasturias.com\\\/magazine365\\\/el-anthem-of-the-seas-recala-en-cartagena\\\/#webpage\"},\"articleSection\":\"Actualidad Turismo\"},{\"@type\":\"BreadcrumbList\",\"@id\":\"https:\\\/\\\/eldigitaldeasturias.com\\\/magazine365\\\/el-anthem-of-the-seas-recala-en-cartagena\\\/#breadcrumblist\",\"itemListElement\":[{\"@type\":\"ListItem\",\"@id\":\"https:\\\/\\\/eldigitaldeasturias.com\\\/magazine365#listItem\",\"position\":1,\"name\":\"Home\",\"item\":\"https:\\\/\\\/eldigitaldeasturias.com\\\/magazine365\",\"nextItem\":{\"@type\":\"ListItem\",\"@id\":\"https:\\\/\\\/eldigitaldeasturias.com\\\/magazine365\\\/category\\\/actualidad-turismo\\\/#listItem\",\"name\":\"Actualidad Turismo\"}},{\"@type\":\"ListItem\",\"@id\":\"https:\\\/\\\/eldigitaldeasturias.com\\\/magazine365\\\/category\\\/actualidad-turismo\\\/#listItem\",\"position\":2,\"name\":\"Actualidad Turismo\",\"item\":\"https:\\\/\\\/eldigitaldeasturias.com\\\/magazine365\\\/category\\\/actualidad-turismo\\\/\",\"nextItem\":{\"@type\":\"ListItem\",\"@id\":\"https:\\\/\\\/eldigitaldeasturias.com\\\/magazine365\\\/el-anthem-of-the-seas-recala-en-cartagena\\\/#listItem\",\"name\":\"El &#8216;Anthem of the Seas&#8217; recala en Cartagena\"},\"previousItem\":{\"@type\":\"ListItem\",\"@id\":\"https:\\\/\\\/eldigitaldeasturias.com\\\/magazine365#listItem\",\"name\":\"Home\"}},{\"@type\":\"ListItem\",\"@id\":\"https:\\\/\\\/eldigitaldeasturias.com\\\/magazine365\\\/el-anthem-of-the-seas-recala-en-cartagena\\\/#listItem\",\"position\":3,\"name\":\"El &#8216;Anthem of the Seas&#8217; recala en Cartagena\",\"previousItem\":{\"@type\":\"ListItem\",\"@id\":\"https:\\\/\\\/eldigitaldeasturias.com\\\/magazine365\\\/category\\\/actualidad-turismo\\\/#listItem\",\"name\":\"Actualidad Turismo\"}}]},{\"@type\":\"Organization\",\"@id\":\"https:\\\/\\\/eldigitaldeasturias.com\\\/magazine365\\\/#organization\",\"name\":\"El digital de Asturias\",\"description\":\"Revista de ocio, turismo y estilo de vida\",\"url\":\"https:\\\/\\\/eldigitaldeasturias.com\\\/magazine365\\\/\",\"logo\":{\"@type\":\"ImageObject\",\"url\":\"https:\\\/\\\/www.eldigitaldeasturias.com\\\/noticias\\\/wp-content\\\/uploads\\\/2020\\\/12\\\/EDA.jpg\",\"@id\":\"https:\\\/\\\/eldigitaldeasturias.com\\\/magazine365\\\/el-anthem-of-the-seas-recala-en-cartagena\\\/#organizationLogo\"},\"image\":{\"@id\":\"https:\\\/\\\/eldigitaldeasturias.com\\\/magazine365\\\/el-anthem-of-the-seas-recala-en-cartagena\\\/#organizationLogo\"}},{\"@type\":\"Person\",\"@id\":\"https:\\\/\\\/eldigitaldeasturias.com\\\/magazine365\\\/author\\\/admin\\\/#author\",\"url\":\"https:\\\/\\\/eldigitaldeasturias.com\\\/magazine365\\\/author\\\/admin\\\/\",\"name\":\"admin\",\"image\":{\"@type\":\"ImageObject\",\"@id\":\"https:\\\/\\\/eldigitaldeasturias.com\\\/magazine365\\\/el-anthem-of-the-seas-recala-en-cartagena\\\/#authorImage\",\"url\":\"https:\\\/\\\/eldigitaldeasturias.com\\\/magazine365\\\/wp-content\\\/litespeed\\\/avatar\\\/e571bcf59a0edd6fa6838245a470f2fe.jpg?ver=1777574230\",\"width\":96,\"height\":96,\"caption\":\"admin\"}},{\"@type\":\"WebPage\",\"@id\":\"https:\\\/\\\/eldigitaldeasturias.com\\\/magazine365\\\/el-anthem-of-the-seas-recala-en-cartagena\\\/#webpage\",\"url\":\"https:\\\/\\\/eldigitaldeasturias.com\\\/magazine365\\\/el-anthem-of-the-seas-recala-en-cartagena\\\/\",\"name\":\"El \\u2018Anthem of the Seas\\u2019 recala en Cartagena | El Digital de Asturias\",\"description\":\"El Anthem of the Seas, considerado uno de los m\\u00e1s grandes, ha recalado este mi\\u00e9rcoles en el Puerto de Cartagena dejando m\\u00e1s de 4.000 pasajeros por las calles principales de la ciudad. El barco, de 16 cubiertas o pisos, simulador de paracaidismo y gr\\u00faa de atalaya, entre otros, ha dejado la ciudad a las 17.00\",\"inLanguage\":\"es-ES\",\"isPartOf\":{\"@id\":\"https:\\\/\\\/eldigitaldeasturias.com\\\/magazine365\\\/#website\"},\"breadcrumb\":{\"@id\":\"https:\\\/\\\/eldigitaldeasturias.com\\\/magazine365\\\/el-anthem-of-the-seas-recala-en-cartagena\\\/#breadcrumblist\"},\"author\":{\"@id\":\"https:\\\/\\\/eldigitaldeasturias.com\\\/magazine365\\\/author\\\/admin\\\/#author\"},\"creator\":{\"@id\":\"https:\\\/\\\/eldigitaldeasturias.com\\\/magazine365\\\/author\\\/admin\\\/#author\"},\"image\":{\"@type\":\"ImageObject\",\"url\":\"https:\\\/\\\/eldigitaldeasturias.com\\\/magazine365\\\/wp-content\\\/uploads\\\/2015\\\/06\\\/fotonoticia_20150624185330_800.jpg\",\"@id\":\"https:\\\/\\\/eldigitaldeasturias.com\\\/magazine365\\\/el-anthem-of-the-seas-recala-en-cartagena\\\/#mainImage\",\"width\":800,\"height\":529},\"primaryImageOfPage\":{\"@id\":\"https:\\\/\\\/eldigitaldeasturias.com\\\/magazine365\\\/el-anthem-of-the-seas-recala-en-cartagena\\\/#mainImage\"},\"datePublished\":\"2015-06-25T09:09:34+02:00\",\"dateModified\":\"2015-06-25T09:09:34+02:00\"},{\"@type\":\"WebSite\",\"@id\":\"https:\\\/\\\/eldigitaldeasturias.com\\\/magazine365\\\/#website\",\"url\":\"https:\\\/\\\/eldigitaldeasturias.com\\\/magazine365\\\/\",\"name\":\"El Digital de Asturias\",\"description\":\"Revista de ocio, turismo y estilo de vida\",\"inLanguage\":\"es-ES\",\"publisher\":{\"@id\":\"https:\\\/\\\/eldigitaldeasturias.com\\\/magazine365\\\/#organization\"}}]}\n\t\t<\/script>\n\t\t<!-- All in One SEO Pro -->\r\n\t\t<title>El \u2018Anthem of the Seas\u2019 recala en Cartagena | El Digital de Asturias<\/title>\n\n","aioseo_head_json":{"title":"El \u2018Anthem of the Seas\u2019 recala en Cartagena | El Digital de Asturias","description":"El Anthem of the Seas, considerado uno de los m\u00e1s grandes, ha recalado este mi\u00e9rcoles en el Puerto de Cartagena dejando m\u00e1s de 4.000 pasajeros por las calles principales de la ciudad. El barco, de 16 cubiertas o pisos, simulador de paracaidismo y gr\u00faa de atalaya, entre otros, ha dejado la ciudad a las 17.00","canonical_url":"https:\/\/eldigitaldeasturias.com\/magazine365\/el-anthem-of-the-seas-recala-en-cartagena\/","robots":"max-image-preview:large","keywords":"actualidad turismo","webmasterTools":{"google-site-verification":"UA-38556648-1","miscellaneous":""},"schema":{"@context":"https:\/\/schema.org","@graph":[{"@type":"Article","@id":"https:\/\/eldigitaldeasturias.com\/magazine365\/el-anthem-of-the-seas-recala-en-cartagena\/#article","name":"El \u2018Anthem of the Seas\u2019 recala en Cartagena | El Digital de Asturias","headline":"El &#8216;Anthem of the Seas&#8217; recala en Cartagena","author":{"@id":"https:\/\/eldigitaldeasturias.com\/magazine365\/author\/admin\/#author"},"publisher":{"@id":"https:\/\/eldigitaldeasturias.com\/magazine365\/#organization"},"image":{"@type":"ImageObject","url":"https:\/\/eldigitaldeasturias.com\/magazine365\/wp-content\/uploads\/2015\/06\/fotonoticia_20150624185330_800.jpg","width":800,"height":529},"datePublished":"2015-06-25T09:09:34+02:00","dateModified":"2015-06-25T09:09:34+02:00","inLanguage":"es-ES","mainEntityOfPage":{"@id":"https:\/\/eldigitaldeasturias.com\/magazine365\/el-anthem-of-the-seas-recala-en-cartagena\/#webpage"},"isPartOf":{"@id":"https:\/\/eldigitaldeasturias.com\/magazine365\/el-anthem-of-the-seas-recala-en-cartagena\/#webpage"},"articleSection":"Actualidad Turismo"},{"@type":"BreadcrumbList","@id":"https:\/\/eldigitaldeasturias.com\/magazine365\/el-anthem-of-the-seas-recala-en-cartagena\/#breadcrumblist","itemListElement":[{"@type":"ListItem","@id":"https:\/\/eldigitaldeasturias.com\/magazine365#listItem","position":1,"name":"Home","item":"https:\/\/eldigitaldeasturias.com\/magazine365","nextItem":{"@type":"ListItem","@id":"https:\/\/eldigitaldeasturias.com\/magazine365\/category\/actualidad-turismo\/#listItem","name":"Actualidad Turismo"}},{"@type":"ListItem","@id":"https:\/\/eldigitaldeasturias.com\/magazine365\/category\/actualidad-turismo\/#listItem","position":2,"name":"Actualidad Turismo","item":"https:\/\/eldigitaldeasturias.com\/magazine365\/category\/actualidad-turismo\/","nextItem":{"@type":"ListItem","@id":"https:\/\/eldigitaldeasturias.com\/magazine365\/el-anthem-of-the-seas-recala-en-cartagena\/#listItem","name":"El &#8216;Anthem of the Seas&#8217; recala en Cartagena"},"previousItem":{"@type":"ListItem","@id":"https:\/\/eldigitaldeasturias.com\/magazine365#listItem","name":"Home"}},{"@type":"ListItem","@id":"https:\/\/eldigitaldeasturias.com\/magazine365\/el-anthem-of-the-seas-recala-en-cartagena\/#listItem","position":3,"name":"El &#8216;Anthem of the Seas&#8217; recala en Cartagena","previousItem":{"@type":"ListItem","@id":"https:\/\/eldigitaldeasturias.com\/magazine365\/category\/actualidad-turismo\/#listItem","name":"Actualidad Turismo"}}]},{"@type":"Organization","@id":"https:\/\/eldigitaldeasturias.com\/magazine365\/#organization","name":"El digital de Asturias","description":"Revista de ocio, turismo y estilo de vida","url":"https:\/\/eldigitaldeasturias.com\/magazine365\/","logo":{"@type":"ImageObject","url":"https:\/\/www.eldigitaldeasturias.com\/noticias\/wp-content\/uploads\/2020\/12\/EDA.jpg","@id":"https:\/\/eldigitaldeasturias.com\/magazine365\/el-anthem-of-the-seas-recala-en-cartagena\/#organizationLogo"},"image":{"@id":"https:\/\/eldigitaldeasturias.com\/magazine365\/el-anthem-of-the-seas-recala-en-cartagena\/#organizationLogo"}},{"@type":"Person","@id":"https:\/\/eldigitaldeasturias.com\/magazine365\/author\/admin\/#author","url":"https:\/\/eldigitaldeasturias.com\/magazine365\/author\/admin\/","name":"admin","image":{"@type":"ImageObject","@id":"https:\/\/eldigitaldeasturias.com\/magazine365\/el-anthem-of-the-seas-recala-en-cartagena\/#authorImage","url":"https:\/\/eldigitaldeasturias.com\/magazine365\/wp-content\/litespeed\/avatar\/e571bcf59a0edd6fa6838245a470f2fe.jpg?ver=1777574230","width":96,"height":96,"caption":"admin"}},{"@type":"WebPage","@id":"https:\/\/eldigitaldeasturias.com\/magazine365\/el-anthem-of-the-seas-recala-en-cartagena\/#webpage","url":"https:\/\/eldigitaldeasturias.com\/magazine365\/el-anthem-of-the-seas-recala-en-cartagena\/","name":"El \u2018Anthem of the Seas\u2019 recala en Cartagena | El Digital de Asturias","description":"El Anthem of the Seas, considerado uno de los m\u00e1s grandes, ha recalado este mi\u00e9rcoles en el Puerto de Cartagena dejando m\u00e1s de 4.000 pasajeros por las calles principales de la ciudad. El barco, de 16 cubiertas o pisos, simulador de paracaidismo y gr\u00faa de atalaya, entre otros, ha dejado la ciudad a las 17.00","inLanguage":"es-ES","isPartOf":{"@id":"https:\/\/eldigitaldeasturias.com\/magazine365\/#website"},"breadcrumb":{"@id":"https:\/\/eldigitaldeasturias.com\/magazine365\/el-anthem-of-the-seas-recala-en-cartagena\/#breadcrumblist"},"author":{"@id":"https:\/\/eldigitaldeasturias.com\/magazine365\/author\/admin\/#author"},"creator":{"@id":"https:\/\/eldigitaldeasturias.com\/magazine365\/author\/admin\/#author"},"image":{"@type":"ImageObject","url":"https:\/\/eldigitaldeasturias.com\/magazine365\/wp-content\/uploads\/2015\/06\/fotonoticia_20150624185330_800.jpg","@id":"https:\/\/eldigitaldeasturias.com\/magazine365\/el-anthem-of-the-seas-recala-en-cartagena\/#mainImage","width":800,"height":529},"primaryImageOfPage":{"@id":"https:\/\/eldigitaldeasturias.com\/magazine365\/el-anthem-of-the-seas-recala-en-cartagena\/#mainImage"},"datePublished":"2015-06-25T09:09:34+02:00","dateModified":"2015-06-25T09:09:34+02:00"},{"@type":"WebSite","@id":"https:\/\/eldigitaldeasturias.com\/magazine365\/#website","url":"https:\/\/eldigitaldeasturias.com\/magazine365\/","name":"El Digital de Asturias","description":"Revista de ocio, turismo y estilo de vida","inLanguage":"es-ES","publisher":{"@id":"https:\/\/eldigitaldeasturias.com\/magazine365\/#organization"}}]},"og:locale":"es_ES","og:site_name":"El Digital de Asturias \u2013 Revista de ocio, turismo y estilo de vida","og:type":"article","og:title":"El \u2018Anthem of the Seas\u2019 recala en Cartagena | El Digital de Asturias","og:description":"El Anthem of the Seas, considerado uno de los m\u00e1s grandes, ha recalado este mi\u00e9rcoles en el Puerto de Cartagena dejando m\u00e1s de 4.000 pasajeros por las calles principales de la ciudad. El barco, de 16 cubiertas o pisos, simulador de paracaidismo y gr\u00faa de atalaya, entre otros, ha dejado la ciudad a las 17.00","og:url":"https:\/\/eldigitaldeasturias.com\/magazine365\/el-anthem-of-the-seas-recala-en-cartagena\/","og:image":"https:\/\/eldigitaldeasturias.com\/magazine365\/wp-content\/uploads\/2015\/06\/fotonoticia_20150624185330_800.jpg","og:image:secure_url":"https:\/\/eldigitaldeasturias.com\/magazine365\/wp-content\/uploads\/2015\/06\/fotonoticia_20150624185330_800.jpg","og:image:width":800,"og:image:height":529,"article:published_time":"2015-06-25T07:39:34+00:00","article:modified_time":"2015-06-25T07:39:34+00:00","twitter:card":"summary_large_image","twitter:title":"El \u2018Anthem of the Seas\u2019 recala en Cartagena | El Digital de Asturias","twitter:description":"El Anthem of the Seas, considerado uno de los m\u00e1s grandes, ha recalado este mi\u00e9rcoles en el Puerto de Cartagena dejando m\u00e1s de 4.000 pasajeros por las calles principales de la ciudad. El barco, de 16 cubiertas o pisos, simulador de paracaidismo y gr\u00faa de atalaya, entre otros, ha dejado la ciudad a las 17.00","twitter:image":"https:\/\/eldigitaldeasturias.com\/magazine365\/wp-content\/uploads\/2015\/06\/fotonoticia_20150624185330_800.jpg"},"aioseo_meta_data":{"post_id":"40931","title":null,"description":null,"keywords":null,"keyphrases":null,"primary_term":null,"canonical_url":null,"og_title":null,"og_description":null,"og_object_type":"default","og_image_type":"default","og_image_url":null,"og_image_width":null,"og_image_height":null,"og_image_custom_url":null,"og_image_custom_fields":null,"og_video":null,"og_custom_url":null,"og_article_section":null,"og_article_tags":null,"twitter_use_og":false,"twitter_card":"default","twitter_image_type":"default","twitter_image_url":null,"twitter_image_custom_url":null,"twitter_image_custom_fields":null,"twitter_title":null,"twitter_description":null,"schema":{"blockGraphs":[],"customGraphs":[],"default":{"data":{"Article":[],"Course":[],"Dataset":[],"FAQPage":[],"Movie":[],"Person":[],"Product":[],"ProductReview":[],"Car":[],"Recipe":[],"Service":[],"SoftwareApplication":[],"WebPage":[]},"graphName":"","isEnabled":true},"graphs":[],"defaultGraph":"","defaultPostTypeGraph":""},"schema_type":null,"schema_type_options":null,"pillar_content":false,"robots_default":true,"robots_noindex":false,"robots_noarchive":false,"robots_nosnippet":false,"robots_nofollow":false,"robots_noimageindex":false,"robots_noodp":false,"robots_notranslate":false,"robots_max_snippet":null,"robots_max_videopreview":null,"robots_max_imagepreview":"large","priority":null,"frequency":null,"location":null,"local_seo":null,"seo_analyzer_scan_date":"2025-09-19 14:40:17","breadcrumb_settings":null,"limit_modified_date":false,"open_ai":null,"ai":null,"created":"2021-03-09 02:21:54","updated":"2025-09-19 14:40:17"},"aioseo_breadcrumb":"<div class=\"aioseo-breadcrumbs\"><span class=\"aioseo-breadcrumb\">\n\t<a href=\"https:\/\/eldigitaldeasturias.com\/magazine365\" title=\"Home\">Home<\/a>\n<\/span><span class=\"aioseo-breadcrumb-separator\">\u2013<\/span><span class=\"aioseo-breadcrumb\">\n\t<a href=\"https:\/\/eldigitaldeasturias.com\/magazine365\/category\/actualidad-turismo\/\" title=\"Actualidad Turismo\">Actualidad Turismo<\/a>\n<\/span><span class=\"aioseo-breadcrumb-separator\">\u2013<\/span><span class=\"aioseo-breadcrumb\">\n\t<a href=\"https:\/\/eldigitaldeasturias.com\/magazine365\/el-anthem-of-the-seas-recala-en-cartagena\/\" title=\"El \u2018Anthem of the Seas\u2019 recala en Cartagena\">El \u2018Anthem of the Seas\u2019 recala en Cartagena<\/a>\n<\/span><\/div>","aioseo_breadcrumb_json":[{"label":"Home","link":"https:\/\/eldigitaldeasturias.com\/magazine365"},{"label":"Actualidad Turismo","link":"https:\/\/eldigitaldeasturias.com\/magazine365\/category\/actualidad-turismo\/"},{"label":"El &#8216;Anthem of the Seas&#8217; recala en Cartagena","link":"https:\/\/eldigitaldeasturias.com\/magazine365\/el-anthem-of-the-seas-recala-en-cartagena\/"}],"_links":{"self":[{"href":"https:\/\/eldigitaldeasturias.com\/magazine365\/wp-json\/wp\/v2\/posts\/40931","targetHints":{"allow":["GET"]}}],"collection":[{"href":"https:\/\/eldigitaldeasturias.com\/magazine365\/wp-json\/wp\/v2\/posts"}],"about":[{"href":"https:\/\/eldigitaldeasturias.com\/magazine365\/wp-json\/wp\/v2\/types\/post"}],"author":[{"embeddable":true,"href":"https:\/\/eldigitaldeasturias.com\/magazine365\/wp-json\/wp\/v2\/users\/1"}],"replies":[{"embeddable":true,"href":"https:\/\/eldigitaldeasturias.com\/magazine365\/wp-json\/wp\/v2\/comments?post=40931"}],"version-history":[{"count":0,"href":"https:\/\/eldigitaldeasturias.com\/magazine365\/wp-json\/wp\/v2\/posts\/40931\/revisions"}],"wp:featuredmedia":[{"embeddable":true,"href":"https:\/\/eldigitaldeasturias.com\/magazine365\/wp-json\/wp\/v2\/media\/40932"}],"wp:attachment":[{"href":"https:\/\/eldigitaldeasturias.com\/magazine365\/wp-json\/wp\/v2\/media?parent=40931"}],"wp:term":[{"taxonomy":"category","embeddable":true,"href":"https:\/\/eldigitaldeasturias.com\/magazine365\/wp-json\/wp\/v2\/categories?post=40931"},{"taxonomy":"post_tag","embeddable":true,"href":"https:\/\/eldigitaldeasturias.com\/magazine365\/wp-json\/wp\/v2\/tags?post=40931"}],"curies":[{"name":"wp","href":"https:\/\/api.w.org\/{rel}","templated":true}]}}