{"id":40928,"date":"2015-06-25T09:07:22","date_gmt":"2015-06-25T07:37:22","guid":{"rendered":"http:\/\/eldigitaldeasturias.com\/magazine365\/?p=40928"},"modified":"2015-06-25T09:07:22","modified_gmt":"2015-06-25T07:37:22","slug":"las-obras-del-puerto-deportivo-y-pesquero-de-la-bahia-de-portman-se-podrian-licitar-a-final-de-ano","status":"publish","type":"post","link":"https:\/\/eldigitaldeasturias.com\/magazine365\/las-obras-del-puerto-deportivo-y-pesquero-de-la-bahia-de-portman-se-podrian-licitar-a-final-de-ano\/","title":{"rendered":"Las obras del Puerto Deportivo y Pesquero de la Bah\u00eda de Portm\u00e1n se podr\u00edan licitar a final de a\u00f1o"},"content":{"rendered":"<p><img fetchpriority=\"high\" decoding=\"async\" class=\"alignleft size-medium wp-image-40929\" src=\"https:\/\/eldigitaldeasturias.com\/magazine365\/wp-content\/uploads\/2015\/06\/fotonoticia_20150624185256_800-360x160.jpg\" alt=\"fotonoticia_20150624185256_800\" width=\"360\" height=\"160\" srcset=\"https:\/\/eldigitaldeasturias.com\/magazine365\/wp-content\/uploads\/2015\/06\/fotonoticia_20150624185256_800-360x160.jpg 360w, https:\/\/eldigitaldeasturias.com\/magazine365\/wp-content\/uploads\/2015\/06\/fotonoticia_20150624185256_800-650x288.jpg 650w, https:\/\/eldigitaldeasturias.com\/magazine365\/wp-content\/uploads\/2015\/06\/fotonoticia_20150624185256_800-768x341.jpg 768w, https:\/\/eldigitaldeasturias.com\/magazine365\/wp-content\/uploads\/2015\/06\/fotonoticia_20150624185256_800-150x67.jpg 150w, https:\/\/eldigitaldeasturias.com\/magazine365\/wp-content\/uploads\/2015\/06\/fotonoticia_20150624185256_800-450x200.jpg 450w, https:\/\/eldigitaldeasturias.com\/magazine365\/wp-content\/uploads\/2015\/06\/fotonoticia_20150624185256_800-696x309.jpg 696w, https:\/\/eldigitaldeasturias.com\/magazine365\/wp-content\/uploads\/2015\/06\/fotonoticia_20150624185256_800-250x110.jpg 250w, https:\/\/eldigitaldeasturias.com\/magazine365\/wp-content\/uploads\/2015\/06\/fotonoticia_20150624185256_800.jpg 800w\" sizes=\"(max-width: 360px) 100vw, 360px\" \/>El consejero de Fomento, Obras P\u00fablicas y Ordenaci\u00f3n del Territorio en funciones, Francisco Bernab\u00e9, ha anunciado este mi\u00e9rcoles que las obras del Puerto Deportivo y Pesquero de la Bah\u00eda de Portm\u00e1n se podr\u00edan licitar \u00abde cara a final de a\u00f1o\u00bb, aunque ha precisado que se tendr\u00e1n que compatibilizar estas actuaciones con las de la regeneraci\u00f3n de la Bah\u00eda.<\/p>\n<p>Por un lado, est\u00e1n los trabajos de regeneraci\u00f3n de Portm\u00e1n, presupuestados en 60 millones y que es una iniciativa \u00ab100% p\u00fablica\u00bb, y por otro lado, estos trabajos del puerto deportivo, que suponen un importe de 48 millones y la iniciativa es privada.<\/p>\n<p>De manera que, ha explicado, \u00abhabr\u00e1 que hacer un plan conjunto de la obra a la vista de lo que los t\u00e9cnicos determinen cu\u00e1les ser\u00e1n las fases y el momento de sacar adelante el concurso\u00bb. \u00abA final de a\u00f1o se licitar\u00e1n las obras, pero la decisi\u00f3n final deber\u00e1 ir de la mano del consenso con el Ministerio de cara a cu\u00e1les ser\u00e1n los tiempos y fases de la obra\u00bb, ha subrayado.<\/p>\n<p>En este sentido, ha afirmado que se ha sometido a informaci\u00f3n p\u00fablica, mediante anuncio en el Bolet\u00edn Oficial de la Regi\u00f3n de Murcia (BORM), el estudio de viabilidad para la construcci\u00f3n, mediante concesi\u00f3n de obra p\u00fablica, del puerto deportivo de la bah\u00eda de Portm\u00e1n y, en concreto, de la alternativa denominada 2-Bis.<\/p>\n<p>Un proyecto que \u00abest\u00e1 estrechamente vinculado a la regeneraci\u00f3n de la bah\u00eda, cuyo pliego de condiciones para la adjudicaci\u00f3n de las obras de regeneraci\u00f3n aprob\u00f3 el pasado viernes el Consejo de Ministros, y es una nueva manifestaci\u00f3n de que la determinaci\u00f3n de devolver aquel espacio a los vecinos y a los ciudadanos en general, y convertirlo en un referente tur\u00edstico para el Mediterr\u00e1neo, es absolutamente firme para el Gobierno regional\u00bb.<\/p>\n<p>ZONAS DE RESTAURACI\u00d3N Y COMERCIALES<\/p>\n<p>Conforme al proyecto, que tiene un coste de 48,3 millones de euros, el nuevo puerto de la bah\u00eda de Portm\u00e1n generar\u00e1 un espacio abrigado, en el lado oeste de la ensenada, que permitir\u00e1 el atraque de 815 embarcaciones, recuper\u00e1ndose as\u00ed el emplazamiento del puerto tradicional.<\/p>\n<p>Asimismo, el puerto incluir\u00e1 servicios a los usuarios para garantizar un correcto funcionamiento del mismo, como varadero, capitan\u00eda, club n\u00e1utico, edificios de restauraci\u00f3n y comerciales, viales de acceso, aparcamientos, zonas verdes, paseos peatonales, contribuyendo a la recuperaci\u00f3n de un espacio de gran belleza e indiscutible atractivo en el litoral murciano, que generar\u00e1 trabajo y riqueza para el municipio y la comarca de una forma \u00absostenible y respetuosa con el medio ambiente\u00bb.<\/p>\n<p>Conforme al proyecto, en el muelle central se ubican las edificaciones de club n\u00e1utico, restauraci\u00f3n y locales comerciales, as\u00ed como 221 plazas de aparcamiento, mientras que en el muelle perpendicular al central, o muelle este, se disponen 1.500 metros cuadrados adicionales de zona de restauraci\u00f3n y comercial de libre acceso p\u00fablico y otras 479 plazas de aparcamiento.<\/p>\n<p>Un paseo peatonal discurre por todo el contorno del puerto, desde el arranque del contradique hasta el arranque del dique de abrigo, con una longitud de 2 kil\u00f3metros.<\/p>\n<p>La superficie total de atraque es de 39.000 metros cuadrados, e incluye los 171 puntos de atraque de la d\u00e1rsena pesquera y de usos tradicionales, que se ubicar\u00e1 en la zona del antiguo puerto y que permitir\u00e1 el traslado all\u00ed de las embarcaciones que actualmente utilizan la peque\u00f1a ensenada de La Farola, en el extremo este de la bah\u00eda.<\/p>\n<p>El dique de abrigo del puerto, con una longitud de 203 metros, arranca de la punta de Portm\u00e1n y presenta forma curva. El manto principal del lado de mar del dique estar\u00e1 formado por bloques c\u00fabicos de hormig\u00f3n de ocho toneladas, dispuestos sobre una capa filtro de escollera de entre 400 y 750 kilos.<\/p>\n<p>El pasado mes de abril, la Direcci\u00f3n General de Medio Ambiente inform\u00f3 favorablemente del proyecto, y en el mes de mayo, la Direcci\u00f3n General de Transportes, Costas y Puertos remiti\u00f3 escrito a la Demarcaci\u00f3n de Costas de Murcia para que se iniciara el tr\u00e1mite de adscripci\u00f3n del dominio p\u00fablico mar\u00edtimo-terrestre a la Comunidad Aut\u00f3noma para hacer posible el desarrollo del mismo.<\/p>\n<p>Dado que se trata de una concesi\u00f3n de obra p\u00fablica, conforme a lo dispuesto en la Ley de Contratos del Sector P\u00fablico, se ha redactado un Estudio de Viabilidad de la Alternativa 2-Bis, \u00abque debe ahora someterse a informaci\u00f3n p\u00fablica por el plazo de 20 d\u00edas.<\/p>\n<p>La documentaci\u00f3n estar\u00e1 expuesta al p\u00fablico en la Consejer\u00eda de Obras P\u00fablicas y Ordenaci\u00f3n del Territorio por el tiempo indicado, computado a partir de este jueves, durante el cual podr\u00e1 ser examinada por las personas que lo deseen, en horario de atenci\u00f3n al ciudadano, al objeto de formular las alegaciones que estimen pertinentes.<\/p>\n","protected":false},"excerpt":{"rendered":"<p>El consejero de Fomento, Obras P\u00fablicas y Ordenaci\u00f3n del Territorio en funciones, Francisco Bernab\u00e9, ha anunciado este mi\u00e9rcoles que las obras del Puerto Deportivo y Pesquero de la Bah\u00eda de Portm\u00e1n se podr\u00edan licitar \u00abde cara a final de a\u00f1o\u00bb, aunque ha precisado que se tendr\u00e1n que compatibilizar estas actuaciones con las de la regeneraci\u00f3n<\/p>\n","protected":false},"author":1,"featured_media":40929,"comment_status":"open","ping_status":"closed","sticky":false,"template":"","format":"standard","meta":{"footnotes":""},"categories":[222],"tags":[],"class_list":{"0":"post-40928","1":"post","2":"type-post","3":"status-publish","4":"format-standard","5":"has-post-thumbnail","7":"category-actualidad-turismo"},"aioseo_notices":[],"aioseo_head":"\n\t\t<!-- All in One SEO Pro 4.9.6.1 - aioseo.com -->\n\t<meta name=\"description\" content=\"El consejero de Fomento, Obras P\u00fablicas y Ordenaci\u00f3n del Territorio en funciones, Francisco Bernab\u00e9, ha anunciado este mi\u00e9rcoles que las obras del Puerto Deportivo y Pesquero de la Bah\u00eda de Portm\u00e1n se podr\u00edan licitar &quot;de cara a final de a\u00f1o&quot;, aunque ha precisado que se tendr\u00e1n que compatibilizar estas actuaciones con las de la regeneraci\u00f3n\" \/>\n\t<meta name=\"robots\" content=\"max-image-preview:large\" \/>\n\t<meta name=\"author\" content=\"admin\"\/>\n\t<meta name=\"google-site-verification\" content=\"UA-38556648-1\" \/>\n\t<meta name=\"keywords\" content=\"actualidad turismo\" \/>\n\t<link rel=\"canonical\" href=\"https:\/\/eldigitaldeasturias.com\/magazine365\/las-obras-del-puerto-deportivo-y-pesquero-de-la-bahia-de-portman-se-podrian-licitar-a-final-de-ano\/\" \/>\n\t<meta name=\"generator\" content=\"All in One SEO Pro (AIOSEO) 4.9.6.1\" \/>\n\t\t<meta property=\"og:locale\" content=\"es_ES\" \/>\n\t\t<meta property=\"og:site_name\" content=\"El Digital de Asturias \u2013 Revista de ocio, turismo y estilo de vida\" \/>\n\t\t<meta property=\"og:type\" content=\"article\" \/>\n\t\t<meta property=\"og:title\" content=\"Las obras del Puerto Deportivo y Pesquero de la Bah\u00eda de Portm\u00e1n se podr\u00edan licitar a final de a\u00f1o | El Digital de Asturias\" \/>\n\t\t<meta property=\"og:description\" content=\"El consejero de Fomento, Obras P\u00fablicas y Ordenaci\u00f3n del Territorio en funciones, Francisco Bernab\u00e9, ha anunciado este mi\u00e9rcoles que las obras del Puerto Deportivo y Pesquero de la Bah\u00eda de Portm\u00e1n se podr\u00edan licitar &quot;de cara a final de a\u00f1o&quot;, aunque ha precisado que se tendr\u00e1n que compatibilizar estas actuaciones con las de la regeneraci\u00f3n\" \/>\n\t\t<meta property=\"og:url\" content=\"https:\/\/eldigitaldeasturias.com\/magazine365\/las-obras-del-puerto-deportivo-y-pesquero-de-la-bahia-de-portman-se-podrian-licitar-a-final-de-ano\/\" \/>\n\t\t<meta property=\"og:image\" content=\"https:\/\/eldigitaldeasturias.com\/magazine365\/wp-content\/uploads\/2015\/06\/fotonoticia_20150624185256_800.jpg\" \/>\n\t\t<meta property=\"og:image:secure_url\" content=\"https:\/\/eldigitaldeasturias.com\/magazine365\/wp-content\/uploads\/2015\/06\/fotonoticia_20150624185256_800.jpg\" \/>\n\t\t<meta property=\"og:image:width\" content=\"800\" \/>\n\t\t<meta property=\"og:image:height\" content=\"355\" \/>\n\t\t<meta property=\"article:published_time\" content=\"2015-06-25T07:37:22+00:00\" \/>\n\t\t<meta property=\"article:modified_time\" content=\"2015-06-25T07:37:22+00:00\" \/>\n\t\t<meta name=\"twitter:card\" content=\"summary_large_image\" \/>\n\t\t<meta name=\"twitter:title\" content=\"Las obras del Puerto Deportivo y Pesquero de la Bah\u00eda de Portm\u00e1n se podr\u00edan licitar a final de a\u00f1o | El Digital de Asturias\" \/>\n\t\t<meta name=\"twitter:description\" content=\"El consejero de Fomento, Obras P\u00fablicas y Ordenaci\u00f3n del Territorio en funciones, Francisco Bernab\u00e9, ha anunciado este mi\u00e9rcoles que las obras del Puerto Deportivo y Pesquero de la Bah\u00eda de Portm\u00e1n se podr\u00edan licitar &quot;de cara a final de a\u00f1o&quot;, aunque ha precisado que se tendr\u00e1n que compatibilizar estas actuaciones con las de la regeneraci\u00f3n\" \/>\n\t\t<meta name=\"twitter:image\" content=\"https:\/\/eldigitaldeasturias.com\/magazine365\/wp-content\/uploads\/2015\/06\/fotonoticia_20150624185256_800.jpg\" \/>\n\t\t<script type=\"application\/ld+json\" class=\"aioseo-schema\">\n\t\t\t{\"@context\":\"https:\\\/\\\/schema.org\",\"@graph\":[{\"@type\":\"Article\",\"@id\":\"https:\\\/\\\/eldigitaldeasturias.com\\\/magazine365\\\/las-obras-del-puerto-deportivo-y-pesquero-de-la-bahia-de-portman-se-podrian-licitar-a-final-de-ano\\\/#article\",\"name\":\"Las obras del Puerto Deportivo y Pesquero de la Bah\\u00eda de Portm\\u00e1n se podr\\u00edan licitar a final de a\\u00f1o | El Digital de Asturias\",\"headline\":\"Las obras del Puerto Deportivo y Pesquero de la Bah\\u00eda de Portm\\u00e1n se podr\\u00edan licitar a final de a\\u00f1o\",\"author\":{\"@id\":\"https:\\\/\\\/eldigitaldeasturias.com\\\/magazine365\\\/author\\\/admin\\\/#author\"},\"publisher\":{\"@id\":\"https:\\\/\\\/eldigitaldeasturias.com\\\/magazine365\\\/#organization\"},\"image\":{\"@type\":\"ImageObject\",\"url\":\"https:\\\/\\\/eldigitaldeasturias.com\\\/magazine365\\\/wp-content\\\/uploads\\\/2015\\\/06\\\/fotonoticia_20150624185256_800.jpg\",\"width\":800,\"height\":355},\"datePublished\":\"2015-06-25T09:07:22+02:00\",\"dateModified\":\"2015-06-25T09:07:22+02:00\",\"inLanguage\":\"es-ES\",\"mainEntityOfPage\":{\"@id\":\"https:\\\/\\\/eldigitaldeasturias.com\\\/magazine365\\\/las-obras-del-puerto-deportivo-y-pesquero-de-la-bahia-de-portman-se-podrian-licitar-a-final-de-ano\\\/#webpage\"},\"isPartOf\":{\"@id\":\"https:\\\/\\\/eldigitaldeasturias.com\\\/magazine365\\\/las-obras-del-puerto-deportivo-y-pesquero-de-la-bahia-de-portman-se-podrian-licitar-a-final-de-ano\\\/#webpage\"},\"articleSection\":\"Actualidad Turismo\"},{\"@type\":\"BreadcrumbList\",\"@id\":\"https:\\\/\\\/eldigitaldeasturias.com\\\/magazine365\\\/las-obras-del-puerto-deportivo-y-pesquero-de-la-bahia-de-portman-se-podrian-licitar-a-final-de-ano\\\/#breadcrumblist\",\"itemListElement\":[{\"@type\":\"ListItem\",\"@id\":\"https:\\\/\\\/eldigitaldeasturias.com\\\/magazine365#listItem\",\"position\":1,\"name\":\"Home\",\"item\":\"https:\\\/\\\/eldigitaldeasturias.com\\\/magazine365\",\"nextItem\":{\"@type\":\"ListItem\",\"@id\":\"https:\\\/\\\/eldigitaldeasturias.com\\\/magazine365\\\/category\\\/actualidad-turismo\\\/#listItem\",\"name\":\"Actualidad Turismo\"}},{\"@type\":\"ListItem\",\"@id\":\"https:\\\/\\\/eldigitaldeasturias.com\\\/magazine365\\\/category\\\/actualidad-turismo\\\/#listItem\",\"position\":2,\"name\":\"Actualidad Turismo\",\"item\":\"https:\\\/\\\/eldigitaldeasturias.com\\\/magazine365\\\/category\\\/actualidad-turismo\\\/\",\"nextItem\":{\"@type\":\"ListItem\",\"@id\":\"https:\\\/\\\/eldigitaldeasturias.com\\\/magazine365\\\/las-obras-del-puerto-deportivo-y-pesquero-de-la-bahia-de-portman-se-podrian-licitar-a-final-de-ano\\\/#listItem\",\"name\":\"Las obras del Puerto Deportivo y Pesquero de la Bah\\u00eda de Portm\\u00e1n se podr\\u00edan licitar a final de a\\u00f1o\"},\"previousItem\":{\"@type\":\"ListItem\",\"@id\":\"https:\\\/\\\/eldigitaldeasturias.com\\\/magazine365#listItem\",\"name\":\"Home\"}},{\"@type\":\"ListItem\",\"@id\":\"https:\\\/\\\/eldigitaldeasturias.com\\\/magazine365\\\/las-obras-del-puerto-deportivo-y-pesquero-de-la-bahia-de-portman-se-podrian-licitar-a-final-de-ano\\\/#listItem\",\"position\":3,\"name\":\"Las obras del Puerto Deportivo y Pesquero de la Bah\\u00eda de Portm\\u00e1n se podr\\u00edan licitar a final de a\\u00f1o\",\"previousItem\":{\"@type\":\"ListItem\",\"@id\":\"https:\\\/\\\/eldigitaldeasturias.com\\\/magazine365\\\/category\\\/actualidad-turismo\\\/#listItem\",\"name\":\"Actualidad Turismo\"}}]},{\"@type\":\"Organization\",\"@id\":\"https:\\\/\\\/eldigitaldeasturias.com\\\/magazine365\\\/#organization\",\"name\":\"El digital de Asturias\",\"description\":\"Revista de ocio, turismo y estilo de vida\",\"url\":\"https:\\\/\\\/eldigitaldeasturias.com\\\/magazine365\\\/\",\"logo\":{\"@type\":\"ImageObject\",\"url\":\"https:\\\/\\\/www.eldigitaldeasturias.com\\\/noticias\\\/wp-content\\\/uploads\\\/2020\\\/12\\\/EDA.jpg\",\"@id\":\"https:\\\/\\\/eldigitaldeasturias.com\\\/magazine365\\\/las-obras-del-puerto-deportivo-y-pesquero-de-la-bahia-de-portman-se-podrian-licitar-a-final-de-ano\\\/#organizationLogo\"},\"image\":{\"@id\":\"https:\\\/\\\/eldigitaldeasturias.com\\\/magazine365\\\/las-obras-del-puerto-deportivo-y-pesquero-de-la-bahia-de-portman-se-podrian-licitar-a-final-de-ano\\\/#organizationLogo\"}},{\"@type\":\"Person\",\"@id\":\"https:\\\/\\\/eldigitaldeasturias.com\\\/magazine365\\\/author\\\/admin\\\/#author\",\"url\":\"https:\\\/\\\/eldigitaldeasturias.com\\\/magazine365\\\/author\\\/admin\\\/\",\"name\":\"admin\",\"image\":{\"@type\":\"ImageObject\",\"@id\":\"https:\\\/\\\/eldigitaldeasturias.com\\\/magazine365\\\/las-obras-del-puerto-deportivo-y-pesquero-de-la-bahia-de-portman-se-podrian-licitar-a-final-de-ano\\\/#authorImage\",\"url\":\"https:\\\/\\\/eldigitaldeasturias.com\\\/magazine365\\\/wp-content\\\/litespeed\\\/avatar\\\/e571bcf59a0edd6fa6838245a470f2fe.jpg?ver=1777574230\",\"width\":96,\"height\":96,\"caption\":\"admin\"}},{\"@type\":\"WebPage\",\"@id\":\"https:\\\/\\\/eldigitaldeasturias.com\\\/magazine365\\\/las-obras-del-puerto-deportivo-y-pesquero-de-la-bahia-de-portman-se-podrian-licitar-a-final-de-ano\\\/#webpage\",\"url\":\"https:\\\/\\\/eldigitaldeasturias.com\\\/magazine365\\\/las-obras-del-puerto-deportivo-y-pesquero-de-la-bahia-de-portman-se-podrian-licitar-a-final-de-ano\\\/\",\"name\":\"Las obras del Puerto Deportivo y Pesquero de la Bah\\u00eda de Portm\\u00e1n se podr\\u00edan licitar a final de a\\u00f1o | El Digital de Asturias\",\"description\":\"El consejero de Fomento, Obras P\\u00fablicas y Ordenaci\\u00f3n del Territorio en funciones, Francisco Bernab\\u00e9, ha anunciado este mi\\u00e9rcoles que las obras del Puerto Deportivo y Pesquero de la Bah\\u00eda de Portm\\u00e1n se podr\\u00edan licitar \\\"de cara a final de a\\u00f1o\\\", aunque ha precisado que se tendr\\u00e1n que compatibilizar estas actuaciones con las de la regeneraci\\u00f3n\",\"inLanguage\":\"es-ES\",\"isPartOf\":{\"@id\":\"https:\\\/\\\/eldigitaldeasturias.com\\\/magazine365\\\/#website\"},\"breadcrumb\":{\"@id\":\"https:\\\/\\\/eldigitaldeasturias.com\\\/magazine365\\\/las-obras-del-puerto-deportivo-y-pesquero-de-la-bahia-de-portman-se-podrian-licitar-a-final-de-ano\\\/#breadcrumblist\"},\"author\":{\"@id\":\"https:\\\/\\\/eldigitaldeasturias.com\\\/magazine365\\\/author\\\/admin\\\/#author\"},\"creator\":{\"@id\":\"https:\\\/\\\/eldigitaldeasturias.com\\\/magazine365\\\/author\\\/admin\\\/#author\"},\"image\":{\"@type\":\"ImageObject\",\"url\":\"https:\\\/\\\/eldigitaldeasturias.com\\\/magazine365\\\/wp-content\\\/uploads\\\/2015\\\/06\\\/fotonoticia_20150624185256_800.jpg\",\"@id\":\"https:\\\/\\\/eldigitaldeasturias.com\\\/magazine365\\\/las-obras-del-puerto-deportivo-y-pesquero-de-la-bahia-de-portman-se-podrian-licitar-a-final-de-ano\\\/#mainImage\",\"width\":800,\"height\":355},\"primaryImageOfPage\":{\"@id\":\"https:\\\/\\\/eldigitaldeasturias.com\\\/magazine365\\\/las-obras-del-puerto-deportivo-y-pesquero-de-la-bahia-de-portman-se-podrian-licitar-a-final-de-ano\\\/#mainImage\"},\"datePublished\":\"2015-06-25T09:07:22+02:00\",\"dateModified\":\"2015-06-25T09:07:22+02:00\"},{\"@type\":\"WebSite\",\"@id\":\"https:\\\/\\\/eldigitaldeasturias.com\\\/magazine365\\\/#website\",\"url\":\"https:\\\/\\\/eldigitaldeasturias.com\\\/magazine365\\\/\",\"name\":\"El Digital de Asturias\",\"description\":\"Revista de ocio, turismo y estilo de vida\",\"inLanguage\":\"es-ES\",\"publisher\":{\"@id\":\"https:\\\/\\\/eldigitaldeasturias.com\\\/magazine365\\\/#organization\"}}]}\n\t\t<\/script>\n\t\t<!-- All in One SEO Pro -->\r\n\t\t<title>Las obras del Puerto Deportivo y Pesquero de la Bah\u00eda de Portm\u00e1n se podr\u00edan licitar a final de a\u00f1o | El Digital de Asturias<\/title>\n\n","aioseo_head_json":{"title":"Las obras del Puerto Deportivo y Pesquero de la Bah\u00eda de Portm\u00e1n se podr\u00edan licitar a final de a\u00f1o | El Digital de Asturias","description":"El consejero de Fomento, Obras P\u00fablicas y Ordenaci\u00f3n del Territorio en funciones, Francisco Bernab\u00e9, ha anunciado este mi\u00e9rcoles que las obras del Puerto Deportivo y Pesquero de la Bah\u00eda de Portm\u00e1n se podr\u00edan licitar \"de cara a final de a\u00f1o\", aunque ha precisado que se tendr\u00e1n que compatibilizar estas actuaciones con las de la regeneraci\u00f3n","canonical_url":"https:\/\/eldigitaldeasturias.com\/magazine365\/las-obras-del-puerto-deportivo-y-pesquero-de-la-bahia-de-portman-se-podrian-licitar-a-final-de-ano\/","robots":"max-image-preview:large","keywords":"actualidad turismo","webmasterTools":{"google-site-verification":"UA-38556648-1","miscellaneous":""},"schema":{"@context":"https:\/\/schema.org","@graph":[{"@type":"Article","@id":"https:\/\/eldigitaldeasturias.com\/magazine365\/las-obras-del-puerto-deportivo-y-pesquero-de-la-bahia-de-portman-se-podrian-licitar-a-final-de-ano\/#article","name":"Las obras del Puerto Deportivo y Pesquero de la Bah\u00eda de Portm\u00e1n se podr\u00edan licitar a final de a\u00f1o | El Digital de Asturias","headline":"Las obras del Puerto Deportivo y Pesquero de la Bah\u00eda de Portm\u00e1n se podr\u00edan licitar a final de a\u00f1o","author":{"@id":"https:\/\/eldigitaldeasturias.com\/magazine365\/author\/admin\/#author"},"publisher":{"@id":"https:\/\/eldigitaldeasturias.com\/magazine365\/#organization"},"image":{"@type":"ImageObject","url":"https:\/\/eldigitaldeasturias.com\/magazine365\/wp-content\/uploads\/2015\/06\/fotonoticia_20150624185256_800.jpg","width":800,"height":355},"datePublished":"2015-06-25T09:07:22+02:00","dateModified":"2015-06-25T09:07:22+02:00","inLanguage":"es-ES","mainEntityOfPage":{"@id":"https:\/\/eldigitaldeasturias.com\/magazine365\/las-obras-del-puerto-deportivo-y-pesquero-de-la-bahia-de-portman-se-podrian-licitar-a-final-de-ano\/#webpage"},"isPartOf":{"@id":"https:\/\/eldigitaldeasturias.com\/magazine365\/las-obras-del-puerto-deportivo-y-pesquero-de-la-bahia-de-portman-se-podrian-licitar-a-final-de-ano\/#webpage"},"articleSection":"Actualidad Turismo"},{"@type":"BreadcrumbList","@id":"https:\/\/eldigitaldeasturias.com\/magazine365\/las-obras-del-puerto-deportivo-y-pesquero-de-la-bahia-de-portman-se-podrian-licitar-a-final-de-ano\/#breadcrumblist","itemListElement":[{"@type":"ListItem","@id":"https:\/\/eldigitaldeasturias.com\/magazine365#listItem","position":1,"name":"Home","item":"https:\/\/eldigitaldeasturias.com\/magazine365","nextItem":{"@type":"ListItem","@id":"https:\/\/eldigitaldeasturias.com\/magazine365\/category\/actualidad-turismo\/#listItem","name":"Actualidad Turismo"}},{"@type":"ListItem","@id":"https:\/\/eldigitaldeasturias.com\/magazine365\/category\/actualidad-turismo\/#listItem","position":2,"name":"Actualidad Turismo","item":"https:\/\/eldigitaldeasturias.com\/magazine365\/category\/actualidad-turismo\/","nextItem":{"@type":"ListItem","@id":"https:\/\/eldigitaldeasturias.com\/magazine365\/las-obras-del-puerto-deportivo-y-pesquero-de-la-bahia-de-portman-se-podrian-licitar-a-final-de-ano\/#listItem","name":"Las obras del Puerto Deportivo y Pesquero de la Bah\u00eda de Portm\u00e1n se podr\u00edan licitar a final de a\u00f1o"},"previousItem":{"@type":"ListItem","@id":"https:\/\/eldigitaldeasturias.com\/magazine365#listItem","name":"Home"}},{"@type":"ListItem","@id":"https:\/\/eldigitaldeasturias.com\/magazine365\/las-obras-del-puerto-deportivo-y-pesquero-de-la-bahia-de-portman-se-podrian-licitar-a-final-de-ano\/#listItem","position":3,"name":"Las obras del Puerto Deportivo y Pesquero de la Bah\u00eda de Portm\u00e1n se podr\u00edan licitar a final de a\u00f1o","previousItem":{"@type":"ListItem","@id":"https:\/\/eldigitaldeasturias.com\/magazine365\/category\/actualidad-turismo\/#listItem","name":"Actualidad Turismo"}}]},{"@type":"Organization","@id":"https:\/\/eldigitaldeasturias.com\/magazine365\/#organization","name":"El digital de Asturias","description":"Revista de ocio, turismo y estilo de vida","url":"https:\/\/eldigitaldeasturias.com\/magazine365\/","logo":{"@type":"ImageObject","url":"https:\/\/www.eldigitaldeasturias.com\/noticias\/wp-content\/uploads\/2020\/12\/EDA.jpg","@id":"https:\/\/eldigitaldeasturias.com\/magazine365\/las-obras-del-puerto-deportivo-y-pesquero-de-la-bahia-de-portman-se-podrian-licitar-a-final-de-ano\/#organizationLogo"},"image":{"@id":"https:\/\/eldigitaldeasturias.com\/magazine365\/las-obras-del-puerto-deportivo-y-pesquero-de-la-bahia-de-portman-se-podrian-licitar-a-final-de-ano\/#organizationLogo"}},{"@type":"Person","@id":"https:\/\/eldigitaldeasturias.com\/magazine365\/author\/admin\/#author","url":"https:\/\/eldigitaldeasturias.com\/magazine365\/author\/admin\/","name":"admin","image":{"@type":"ImageObject","@id":"https:\/\/eldigitaldeasturias.com\/magazine365\/las-obras-del-puerto-deportivo-y-pesquero-de-la-bahia-de-portman-se-podrian-licitar-a-final-de-ano\/#authorImage","url":"https:\/\/eldigitaldeasturias.com\/magazine365\/wp-content\/litespeed\/avatar\/e571bcf59a0edd6fa6838245a470f2fe.jpg?ver=1777574230","width":96,"height":96,"caption":"admin"}},{"@type":"WebPage","@id":"https:\/\/eldigitaldeasturias.com\/magazine365\/las-obras-del-puerto-deportivo-y-pesquero-de-la-bahia-de-portman-se-podrian-licitar-a-final-de-ano\/#webpage","url":"https:\/\/eldigitaldeasturias.com\/magazine365\/las-obras-del-puerto-deportivo-y-pesquero-de-la-bahia-de-portman-se-podrian-licitar-a-final-de-ano\/","name":"Las obras del Puerto Deportivo y Pesquero de la Bah\u00eda de Portm\u00e1n se podr\u00edan licitar a final de a\u00f1o | El Digital de Asturias","description":"El consejero de Fomento, Obras P\u00fablicas y Ordenaci\u00f3n del Territorio en funciones, Francisco Bernab\u00e9, ha anunciado este mi\u00e9rcoles que las obras del Puerto Deportivo y Pesquero de la Bah\u00eda de Portm\u00e1n se podr\u00edan licitar \"de cara a final de a\u00f1o\", aunque ha precisado que se tendr\u00e1n que compatibilizar estas actuaciones con las de la regeneraci\u00f3n","inLanguage":"es-ES","isPartOf":{"@id":"https:\/\/eldigitaldeasturias.com\/magazine365\/#website"},"breadcrumb":{"@id":"https:\/\/eldigitaldeasturias.com\/magazine365\/las-obras-del-puerto-deportivo-y-pesquero-de-la-bahia-de-portman-se-podrian-licitar-a-final-de-ano\/#breadcrumblist"},"author":{"@id":"https:\/\/eldigitaldeasturias.com\/magazine365\/author\/admin\/#author"},"creator":{"@id":"https:\/\/eldigitaldeasturias.com\/magazine365\/author\/admin\/#author"},"image":{"@type":"ImageObject","url":"https:\/\/eldigitaldeasturias.com\/magazine365\/wp-content\/uploads\/2015\/06\/fotonoticia_20150624185256_800.jpg","@id":"https:\/\/eldigitaldeasturias.com\/magazine365\/las-obras-del-puerto-deportivo-y-pesquero-de-la-bahia-de-portman-se-podrian-licitar-a-final-de-ano\/#mainImage","width":800,"height":355},"primaryImageOfPage":{"@id":"https:\/\/eldigitaldeasturias.com\/magazine365\/las-obras-del-puerto-deportivo-y-pesquero-de-la-bahia-de-portman-se-podrian-licitar-a-final-de-ano\/#mainImage"},"datePublished":"2015-06-25T09:07:22+02:00","dateModified":"2015-06-25T09:07:22+02:00"},{"@type":"WebSite","@id":"https:\/\/eldigitaldeasturias.com\/magazine365\/#website","url":"https:\/\/eldigitaldeasturias.com\/magazine365\/","name":"El Digital de Asturias","description":"Revista de ocio, turismo y estilo de vida","inLanguage":"es-ES","publisher":{"@id":"https:\/\/eldigitaldeasturias.com\/magazine365\/#organization"}}]},"og:locale":"es_ES","og:site_name":"El Digital de Asturias \u2013 Revista de ocio, turismo y estilo de vida","og:type":"article","og:title":"Las obras del Puerto Deportivo y Pesquero de la Bah\u00eda de Portm\u00e1n se podr\u00edan licitar a final de a\u00f1o | El Digital de Asturias","og:description":"El consejero de Fomento, Obras P\u00fablicas y Ordenaci\u00f3n del Territorio en funciones, Francisco Bernab\u00e9, ha anunciado este mi\u00e9rcoles que las obras del Puerto Deportivo y Pesquero de la Bah\u00eda de Portm\u00e1n se podr\u00edan licitar &quot;de cara a final de a\u00f1o&quot;, aunque ha precisado que se tendr\u00e1n que compatibilizar estas actuaciones con las de la regeneraci\u00f3n","og:url":"https:\/\/eldigitaldeasturias.com\/magazine365\/las-obras-del-puerto-deportivo-y-pesquero-de-la-bahia-de-portman-se-podrian-licitar-a-final-de-ano\/","og:image":"https:\/\/eldigitaldeasturias.com\/magazine365\/wp-content\/uploads\/2015\/06\/fotonoticia_20150624185256_800.jpg","og:image:secure_url":"https:\/\/eldigitaldeasturias.com\/magazine365\/wp-content\/uploads\/2015\/06\/fotonoticia_20150624185256_800.jpg","og:image:width":800,"og:image:height":355,"article:published_time":"2015-06-25T07:37:22+00:00","article:modified_time":"2015-06-25T07:37:22+00:00","twitter:card":"summary_large_image","twitter:title":"Las obras del Puerto Deportivo y Pesquero de la Bah\u00eda de Portm\u00e1n se podr\u00edan licitar a final de a\u00f1o | El Digital de Asturias","twitter:description":"El consejero de Fomento, Obras P\u00fablicas y Ordenaci\u00f3n del Territorio en funciones, Francisco Bernab\u00e9, ha anunciado este mi\u00e9rcoles que las obras del Puerto Deportivo y Pesquero de la Bah\u00eda de Portm\u00e1n se podr\u00edan licitar &quot;de cara a final de a\u00f1o&quot;, aunque ha precisado que se tendr\u00e1n que compatibilizar estas actuaciones con las de la regeneraci\u00f3n","twitter:image":"https:\/\/eldigitaldeasturias.com\/magazine365\/wp-content\/uploads\/2015\/06\/fotonoticia_20150624185256_800.jpg"},"aioseo_meta_data":{"post_id":"40928","title":null,"description":null,"keywords":null,"keyphrases":null,"primary_term":null,"canonical_url":null,"og_title":null,"og_description":null,"og_object_type":"default","og_image_type":"default","og_image_url":null,"og_image_width":null,"og_image_height":null,"og_image_custom_url":null,"og_image_custom_fields":null,"og_video":null,"og_custom_url":null,"og_article_section":null,"og_article_tags":null,"twitter_use_og":false,"twitter_card":"default","twitter_image_type":"default","twitter_image_url":null,"twitter_image_custom_url":null,"twitter_image_custom_fields":null,"twitter_title":null,"twitter_description":null,"schema":{"blockGraphs":[],"customGraphs":[],"default":{"data":{"Article":[],"Course":[],"Dataset":[],"FAQPage":[],"Movie":[],"Person":[],"Product":[],"ProductReview":[],"Car":[],"Recipe":[],"Service":[],"SoftwareApplication":[],"WebPage":[]},"graphName":"","isEnabled":true},"graphs":[],"defaultGraph":"","defaultPostTypeGraph":""},"schema_type":null,"schema_type_options":null,"pillar_content":false,"robots_default":true,"robots_noindex":false,"robots_noarchive":false,"robots_nosnippet":false,"robots_nofollow":false,"robots_noimageindex":false,"robots_noodp":false,"robots_notranslate":false,"robots_max_snippet":null,"robots_max_videopreview":null,"robots_max_imagepreview":"large","priority":null,"frequency":null,"location":null,"local_seo":null,"seo_analyzer_scan_date":"2025-09-19 14:39:10","breadcrumb_settings":null,"limit_modified_date":false,"open_ai":null,"ai":null,"created":"2021-03-09 02:21:54","updated":"2025-09-19 14:39:10"},"aioseo_breadcrumb":"<div class=\"aioseo-breadcrumbs\"><span class=\"aioseo-breadcrumb\">\n\t<a href=\"https:\/\/eldigitaldeasturias.com\/magazine365\" title=\"Home\">Home<\/a>\n<\/span><span class=\"aioseo-breadcrumb-separator\">\u2013<\/span><span class=\"aioseo-breadcrumb\">\n\t<a href=\"https:\/\/eldigitaldeasturias.com\/magazine365\/category\/actualidad-turismo\/\" title=\"Actualidad Turismo\">Actualidad Turismo<\/a>\n<\/span><span class=\"aioseo-breadcrumb-separator\">\u2013<\/span><span class=\"aioseo-breadcrumb\">\n\t<a href=\"https:\/\/eldigitaldeasturias.com\/magazine365\/las-obras-del-puerto-deportivo-y-pesquero-de-la-bahia-de-portman-se-podrian-licitar-a-final-de-ano\/\" title=\"Las obras del Puerto Deportivo y Pesquero de la Bah\u00eda de Portm\u00e1n se podr\u00edan licitar a final de a\u00f1o\">Las obras del Puerto Deportivo y Pesquero de la Bah\u00eda de Portm\u00e1n se podr\u00edan licitar a final de a\u00f1o<\/a>\n<\/span><\/div>","aioseo_breadcrumb_json":[{"label":"Home","link":"https:\/\/eldigitaldeasturias.com\/magazine365"},{"label":"Actualidad Turismo","link":"https:\/\/eldigitaldeasturias.com\/magazine365\/category\/actualidad-turismo\/"},{"label":"Las obras del Puerto Deportivo y Pesquero de la Bah\u00eda de Portm\u00e1n se podr\u00edan licitar a final de a\u00f1o","link":"https:\/\/eldigitaldeasturias.com\/magazine365\/las-obras-del-puerto-deportivo-y-pesquero-de-la-bahia-de-portman-se-podrian-licitar-a-final-de-ano\/"}],"_links":{"self":[{"href":"https:\/\/eldigitaldeasturias.com\/magazine365\/wp-json\/wp\/v2\/posts\/40928","targetHints":{"allow":["GET"]}}],"collection":[{"href":"https:\/\/eldigitaldeasturias.com\/magazine365\/wp-json\/wp\/v2\/posts"}],"about":[{"href":"https:\/\/eldigitaldeasturias.com\/magazine365\/wp-json\/wp\/v2\/types\/post"}],"author":[{"embeddable":true,"href":"https:\/\/eldigitaldeasturias.com\/magazine365\/wp-json\/wp\/v2\/users\/1"}],"replies":[{"embeddable":true,"href":"https:\/\/eldigitaldeasturias.com\/magazine365\/wp-json\/wp\/v2\/comments?post=40928"}],"version-history":[{"count":0,"href":"https:\/\/eldigitaldeasturias.com\/magazine365\/wp-json\/wp\/v2\/posts\/40928\/revisions"}],"wp:featuredmedia":[{"embeddable":true,"href":"https:\/\/eldigitaldeasturias.com\/magazine365\/wp-json\/wp\/v2\/media\/40929"}],"wp:attachment":[{"href":"https:\/\/eldigitaldeasturias.com\/magazine365\/wp-json\/wp\/v2\/media?parent=40928"}],"wp:term":[{"taxonomy":"category","embeddable":true,"href":"https:\/\/eldigitaldeasturias.com\/magazine365\/wp-json\/wp\/v2\/categories?post=40928"},{"taxonomy":"post_tag","embeddable":true,"href":"https:\/\/eldigitaldeasturias.com\/magazine365\/wp-json\/wp\/v2\/tags?post=40928"}],"curies":[{"name":"wp","href":"https:\/\/api.w.org\/{rel}","templated":true}]}}