{"id":40925,"date":"2015-06-25T09:06:10","date_gmt":"2015-06-25T07:36:10","guid":{"rendered":"http:\/\/eldigitaldeasturias.com\/magazine365\/?p=40925"},"modified":"2015-06-25T09:06:10","modified_gmt":"2015-06-25T07:36:10","slug":"la-linea-maritima-tarfaya-puerto-del-rosario-comenzara-a-operar-en-diciembre","status":"publish","type":"post","link":"https:\/\/eldigitaldeasturias.com\/magazine365\/la-linea-maritima-tarfaya-puerto-del-rosario-comenzara-a-operar-en-diciembre\/","title":{"rendered":"La l\u00ednea mar\u00edtima Tarfaya-Puerto del Rosario comenzar\u00e1 a operar en diciembre"},"content":{"rendered":"<p><img fetchpriority=\"high\" decoding=\"async\" class=\"alignleft size-medium wp-image-40926\" src=\"https:\/\/eldigitaldeasturias.com\/magazine365\/wp-content\/uploads\/2015\/06\/fotonoticia_20150624185154_800-360x269.jpg\" alt=\"fotonoticia_20150624185154_800\" width=\"360\" height=\"269\" srcset=\"https:\/\/eldigitaldeasturias.com\/magazine365\/wp-content\/uploads\/2015\/06\/fotonoticia_20150624185154_800-360x269.jpg 360w, https:\/\/eldigitaldeasturias.com\/magazine365\/wp-content\/uploads\/2015\/06\/fotonoticia_20150624185154_800-650x485.jpg 650w, https:\/\/eldigitaldeasturias.com\/magazine365\/wp-content\/uploads\/2015\/06\/fotonoticia_20150624185154_800-768x573.jpg 768w, https:\/\/eldigitaldeasturias.com\/magazine365\/wp-content\/uploads\/2015\/06\/fotonoticia_20150624185154_800-150x112.jpg 150w, https:\/\/eldigitaldeasturias.com\/magazine365\/wp-content\/uploads\/2015\/06\/fotonoticia_20150624185154_800-450x336.jpg 450w, https:\/\/eldigitaldeasturias.com\/magazine365\/wp-content\/uploads\/2015\/06\/fotonoticia_20150624185154_800-80x60.jpg 80w, https:\/\/eldigitaldeasturias.com\/magazine365\/wp-content\/uploads\/2015\/06\/fotonoticia_20150624185154_800-265x198.jpg 265w, https:\/\/eldigitaldeasturias.com\/magazine365\/wp-content\/uploads\/2015\/06\/fotonoticia_20150624185154_800-696x519.jpg 696w, https:\/\/eldigitaldeasturias.com\/magazine365\/wp-content\/uploads\/2015\/06\/fotonoticia_20150624185154_800-563x420.jpg 563w, https:\/\/eldigitaldeasturias.com\/magazine365\/wp-content\/uploads\/2015\/06\/fotonoticia_20150624185154_800-90x67.jpg 90w, https:\/\/eldigitaldeasturias.com\/magazine365\/wp-content\/uploads\/2015\/06\/fotonoticia_20150624185154_800-100x75.jpg 100w, https:\/\/eldigitaldeasturias.com\/magazine365\/wp-content\/uploads\/2015\/06\/fotonoticia_20150624185154_800.jpg 800w\" sizes=\"(max-width: 360px) 100vw, 360px\" \/>La l\u00ednea mar\u00edtima Tarfaya-Puerto del Rosario entrar\u00e1 en funcionamiento el pr\u00f3ximo mes de diciembre, y se espera que pueda convertirse en una oportunidad comercial para los empresarios de la isla de Fuerteventura una vez se produzca su inauguraci\u00f3n.<\/p>\n<p>As\u00ed lo anunci\u00f3 hoy el director del Centro Regional de Inversiones de La\u00e2youne Boujdour Sakia El Hamra, Mohamed Boumesmar, en la jornada informativa sobre inversiones en la zona que se ha desarrollado en el marco de la Segunda fase del programa de actuaciones para potenciar la conectividad entre Canarias y el Sur de Marruecos.<\/p>\n<p>\u00abEn Tarfaya todo est\u00e1 por hacer\u00bb, explic\u00f3 Boumesmar, quien invit\u00f3 a los presentes a ponerse en contacto con el Centro Regional de Inversiones, conocer in situ la zona y comprobar \u00ablas numerosas oportunidades que hay\u00bb.<\/p>\n<p>Sectores como las energ\u00edas renovables, la pesca, la ganader\u00eda y, sobre todo, el turismo son un nicho que los empresarios canarios deben aprovechar, dijo.<\/p>\n<p>Puso como ejemplo que en la zona de Tarfaya hay \u00fanicamente un hotel y decenas de kil\u00f3metros de playas. Por ello, anim\u00f3 a extrapolar la experiencia de Canarias.<\/p>\n<p>En este sentido se pronunciaron tambi\u00e9n Moussaoui Sidi Tayed, presidente de la C\u00e1mara de Comercio de La\u00e2youne, quien manifest\u00f3 la relevancia de esta l\u00ednea no s\u00f3lo para Fuerteventura, sino tambi\u00e9n para El Aai\u00fan y para el sur de Marruecos, por lo que se comprometi\u00f3 a hacer \u00abtodo lo posible\u00bb para solventar los \u00abpeque\u00f1os problemas\u00bb que existen y poner en marcha la conectividad \u00abcuanto antes\u00bb.<\/p>\n<p>Por su parte, la c\u00f3nsul general de Espa\u00f1a en Agadir, Leyre Lozano, constat\u00f3 que los intercambios comerciales con Marruecos \u00abgozan de un buen momento y las perspectivas econ\u00f3micas son positivas, ya que se barajan tasas de crecimiento de en torno al 5 por ciento\u00bb.<\/p>\n<p>Tanto el presidente del Cabildo, Marcial Morales, como el presidente de la C\u00e1mara de Comercio de Fuerteventura, Antonio Rodr\u00edguez, expusieron la \u00abfuerte apuesta\u00bb que se realiza desde ambas instituciones por poner en marcha una l\u00ednea mar\u00edtima \u00abque no se puede dejar escapar\u00bb con el fin de potenciar el tejido empresarial de la isla y fomentar el desarrollo econ\u00f3mico.<\/p>\n<p>INVERSIONES M\u00c1S SEGURAS<\/p>\n<p>La jornada t\u00e9cnica, que cont\u00f3 con la presencia del presidente de la C\u00e1mara de Comercio de Lanzarote, Jos\u00e9 Torres, entre otros, permiti\u00f3 solventar las dudas de los empresarios interesados en desarrollar negocios en Marruecos.<\/p>\n<p>Tanto los representantes marroqu\u00edes como la c\u00f3nsul general aconsejaron a los presentes dirigirse al Consulado o las distintas oficinas comerciales existentes en la zona para conseguir el asesoramiento adecuado y, tambi\u00e9n, establecer un contacto directo con el Centro Regional de Inversiones.<\/p>\n<p>Por su parte, los empresarios plantearon la posibilidad de crear una Comisi\u00f3n entre la C\u00e1mara de Comercio de Fuerteventura, el Cabildo y el Centro Regional de Inversiones Centro de La\u00e2youne Boujdour Sakia El Hamra para solucionar tr\u00e1mites administrativos y promover la confianza de los inversores interesados en la zona hasta que se ponga en marcha la l\u00ednea.<\/p>\n<p>En esta idea, el c\u00f3nsul general del Reino de Marruecos en las Islas Canarias, Ahmed Moussa, destac\u00f3 la importancia de crear un \u00abhilo directo entre los empresarios y el Centro Regional de Inversiones para promover con \u00e9xito el desarrollo comercial\u00bb.<\/p>\n<p>La C\u00e1mara de Comercio de Fuerteventura y el Cabildo continuar\u00e1n realizando acciones para promover el restablecimiento de la l\u00ednea mar\u00edtima con Tarfaya y el desarrollo de proyectos empresariales en la zona.<\/p>\n","protected":false},"excerpt":{"rendered":"<p>La l\u00ednea mar\u00edtima Tarfaya-Puerto del Rosario entrar\u00e1 en funcionamiento el pr\u00f3ximo mes de diciembre, y se espera que pueda convertirse en una oportunidad comercial para los empresarios de la isla de Fuerteventura una vez se produzca su inauguraci\u00f3n. As\u00ed lo anunci\u00f3 hoy el director del Centro Regional de Inversiones de La\u00e2youne Boujdour Sakia El Hamra,<\/p>\n","protected":false},"author":1,"featured_media":40926,"comment_status":"open","ping_status":"closed","sticky":false,"template":"","format":"standard","meta":{"footnotes":""},"categories":[222],"tags":[],"class_list":{"0":"post-40925","1":"post","2":"type-post","3":"status-publish","4":"format-standard","5":"has-post-thumbnail","7":"category-actualidad-turismo"},"aioseo_notices":[],"aioseo_head":"\n\t\t<!-- All in One SEO Pro 4.9.6.1 - aioseo.com -->\n\t<meta name=\"description\" content=\"La l\u00ednea mar\u00edtima Tarfaya-Puerto del Rosario entrar\u00e1 en funcionamiento el pr\u00f3ximo mes de diciembre, y se espera que pueda convertirse en una oportunidad comercial para los empresarios de la isla de Fuerteventura una vez se produzca su inauguraci\u00f3n. As\u00ed lo anunci\u00f3 hoy el director del Centro Regional de Inversiones de La\u00e2youne Boujdour Sakia El Hamra,\" \/>\n\t<meta name=\"robots\" content=\"max-image-preview:large\" \/>\n\t<meta name=\"author\" content=\"admin\"\/>\n\t<meta name=\"google-site-verification\" content=\"UA-38556648-1\" \/>\n\t<meta name=\"keywords\" content=\"actualidad turismo\" \/>\n\t<link rel=\"canonical\" href=\"https:\/\/eldigitaldeasturias.com\/magazine365\/la-linea-maritima-tarfaya-puerto-del-rosario-comenzara-a-operar-en-diciembre\/\" \/>\n\t<meta name=\"generator\" content=\"All in One SEO Pro (AIOSEO) 4.9.6.1\" \/>\n\t\t<meta property=\"og:locale\" content=\"es_ES\" \/>\n\t\t<meta property=\"og:site_name\" content=\"El Digital de Asturias \u2013 Revista de ocio, turismo y estilo de vida\" \/>\n\t\t<meta property=\"og:type\" content=\"article\" \/>\n\t\t<meta property=\"og:title\" content=\"La l\u00ednea mar\u00edtima Tarfaya-Puerto del Rosario comenzar\u00e1 a operar en diciembre | El Digital de Asturias\" \/>\n\t\t<meta property=\"og:description\" content=\"La l\u00ednea mar\u00edtima Tarfaya-Puerto del Rosario entrar\u00e1 en funcionamiento el pr\u00f3ximo mes de diciembre, y se espera que pueda convertirse en una oportunidad comercial para los empresarios de la isla de Fuerteventura una vez se produzca su inauguraci\u00f3n. As\u00ed lo anunci\u00f3 hoy el director del Centro Regional de Inversiones de La\u00e2youne Boujdour Sakia El Hamra,\" \/>\n\t\t<meta property=\"og:url\" content=\"https:\/\/eldigitaldeasturias.com\/magazine365\/la-linea-maritima-tarfaya-puerto-del-rosario-comenzara-a-operar-en-diciembre\/\" \/>\n\t\t<meta property=\"og:image\" content=\"https:\/\/eldigitaldeasturias.com\/magazine365\/wp-content\/uploads\/2015\/06\/fotonoticia_20150624185154_800.jpg\" \/>\n\t\t<meta property=\"og:image:secure_url\" content=\"https:\/\/eldigitaldeasturias.com\/magazine365\/wp-content\/uploads\/2015\/06\/fotonoticia_20150624185154_800.jpg\" \/>\n\t\t<meta property=\"og:image:width\" content=\"800\" \/>\n\t\t<meta property=\"og:image:height\" content=\"597\" \/>\n\t\t<meta property=\"article:published_time\" content=\"2015-06-25T07:36:10+00:00\" \/>\n\t\t<meta property=\"article:modified_time\" content=\"2015-06-25T07:36:10+00:00\" \/>\n\t\t<meta name=\"twitter:card\" content=\"summary_large_image\" \/>\n\t\t<meta name=\"twitter:title\" content=\"La l\u00ednea mar\u00edtima Tarfaya-Puerto del Rosario comenzar\u00e1 a operar en diciembre | El Digital de Asturias\" \/>\n\t\t<meta name=\"twitter:description\" content=\"La l\u00ednea mar\u00edtima Tarfaya-Puerto del Rosario entrar\u00e1 en funcionamiento el pr\u00f3ximo mes de diciembre, y se espera que pueda convertirse en una oportunidad comercial para los empresarios de la isla de Fuerteventura una vez se produzca su inauguraci\u00f3n. As\u00ed lo anunci\u00f3 hoy el director del Centro Regional de Inversiones de La\u00e2youne Boujdour Sakia El Hamra,\" \/>\n\t\t<meta name=\"twitter:image\" content=\"https:\/\/eldigitaldeasturias.com\/magazine365\/wp-content\/uploads\/2015\/06\/fotonoticia_20150624185154_800.jpg\" \/>\n\t\t<script type=\"application\/ld+json\" class=\"aioseo-schema\">\n\t\t\t{\"@context\":\"https:\\\/\\\/schema.org\",\"@graph\":[{\"@type\":\"Article\",\"@id\":\"https:\\\/\\\/eldigitaldeasturias.com\\\/magazine365\\\/la-linea-maritima-tarfaya-puerto-del-rosario-comenzara-a-operar-en-diciembre\\\/#article\",\"name\":\"La l\\u00ednea mar\\u00edtima Tarfaya-Puerto del Rosario comenzar\\u00e1 a operar en diciembre | El Digital de Asturias\",\"headline\":\"La l\\u00ednea mar\\u00edtima Tarfaya-Puerto del Rosario comenzar\\u00e1 a operar en diciembre\",\"author\":{\"@id\":\"https:\\\/\\\/eldigitaldeasturias.com\\\/magazine365\\\/author\\\/admin\\\/#author\"},\"publisher\":{\"@id\":\"https:\\\/\\\/eldigitaldeasturias.com\\\/magazine365\\\/#organization\"},\"image\":{\"@type\":\"ImageObject\",\"url\":\"https:\\\/\\\/eldigitaldeasturias.com\\\/magazine365\\\/wp-content\\\/uploads\\\/2015\\\/06\\\/fotonoticia_20150624185154_800.jpg\",\"width\":800,\"height\":597},\"datePublished\":\"2015-06-25T09:06:10+02:00\",\"dateModified\":\"2015-06-25T09:06:10+02:00\",\"inLanguage\":\"es-ES\",\"mainEntityOfPage\":{\"@id\":\"https:\\\/\\\/eldigitaldeasturias.com\\\/magazine365\\\/la-linea-maritima-tarfaya-puerto-del-rosario-comenzara-a-operar-en-diciembre\\\/#webpage\"},\"isPartOf\":{\"@id\":\"https:\\\/\\\/eldigitaldeasturias.com\\\/magazine365\\\/la-linea-maritima-tarfaya-puerto-del-rosario-comenzara-a-operar-en-diciembre\\\/#webpage\"},\"articleSection\":\"Actualidad Turismo\"},{\"@type\":\"BreadcrumbList\",\"@id\":\"https:\\\/\\\/eldigitaldeasturias.com\\\/magazine365\\\/la-linea-maritima-tarfaya-puerto-del-rosario-comenzara-a-operar-en-diciembre\\\/#breadcrumblist\",\"itemListElement\":[{\"@type\":\"ListItem\",\"@id\":\"https:\\\/\\\/eldigitaldeasturias.com\\\/magazine365#listItem\",\"position\":1,\"name\":\"Home\",\"item\":\"https:\\\/\\\/eldigitaldeasturias.com\\\/magazine365\",\"nextItem\":{\"@type\":\"ListItem\",\"@id\":\"https:\\\/\\\/eldigitaldeasturias.com\\\/magazine365\\\/category\\\/actualidad-turismo\\\/#listItem\",\"name\":\"Actualidad Turismo\"}},{\"@type\":\"ListItem\",\"@id\":\"https:\\\/\\\/eldigitaldeasturias.com\\\/magazine365\\\/category\\\/actualidad-turismo\\\/#listItem\",\"position\":2,\"name\":\"Actualidad Turismo\",\"item\":\"https:\\\/\\\/eldigitaldeasturias.com\\\/magazine365\\\/category\\\/actualidad-turismo\\\/\",\"nextItem\":{\"@type\":\"ListItem\",\"@id\":\"https:\\\/\\\/eldigitaldeasturias.com\\\/magazine365\\\/la-linea-maritima-tarfaya-puerto-del-rosario-comenzara-a-operar-en-diciembre\\\/#listItem\",\"name\":\"La l\\u00ednea mar\\u00edtima Tarfaya-Puerto del Rosario comenzar\\u00e1 a operar en diciembre\"},\"previousItem\":{\"@type\":\"ListItem\",\"@id\":\"https:\\\/\\\/eldigitaldeasturias.com\\\/magazine365#listItem\",\"name\":\"Home\"}},{\"@type\":\"ListItem\",\"@id\":\"https:\\\/\\\/eldigitaldeasturias.com\\\/magazine365\\\/la-linea-maritima-tarfaya-puerto-del-rosario-comenzara-a-operar-en-diciembre\\\/#listItem\",\"position\":3,\"name\":\"La l\\u00ednea mar\\u00edtima Tarfaya-Puerto del Rosario comenzar\\u00e1 a operar en diciembre\",\"previousItem\":{\"@type\":\"ListItem\",\"@id\":\"https:\\\/\\\/eldigitaldeasturias.com\\\/magazine365\\\/category\\\/actualidad-turismo\\\/#listItem\",\"name\":\"Actualidad Turismo\"}}]},{\"@type\":\"Organization\",\"@id\":\"https:\\\/\\\/eldigitaldeasturias.com\\\/magazine365\\\/#organization\",\"name\":\"El digital de Asturias\",\"description\":\"Revista de ocio, turismo y estilo de vida\",\"url\":\"https:\\\/\\\/eldigitaldeasturias.com\\\/magazine365\\\/\",\"logo\":{\"@type\":\"ImageObject\",\"url\":\"https:\\\/\\\/www.eldigitaldeasturias.com\\\/noticias\\\/wp-content\\\/uploads\\\/2020\\\/12\\\/EDA.jpg\",\"@id\":\"https:\\\/\\\/eldigitaldeasturias.com\\\/magazine365\\\/la-linea-maritima-tarfaya-puerto-del-rosario-comenzara-a-operar-en-diciembre\\\/#organizationLogo\"},\"image\":{\"@id\":\"https:\\\/\\\/eldigitaldeasturias.com\\\/magazine365\\\/la-linea-maritima-tarfaya-puerto-del-rosario-comenzara-a-operar-en-diciembre\\\/#organizationLogo\"}},{\"@type\":\"Person\",\"@id\":\"https:\\\/\\\/eldigitaldeasturias.com\\\/magazine365\\\/author\\\/admin\\\/#author\",\"url\":\"https:\\\/\\\/eldigitaldeasturias.com\\\/magazine365\\\/author\\\/admin\\\/\",\"name\":\"admin\",\"image\":{\"@type\":\"ImageObject\",\"@id\":\"https:\\\/\\\/eldigitaldeasturias.com\\\/magazine365\\\/la-linea-maritima-tarfaya-puerto-del-rosario-comenzara-a-operar-en-diciembre\\\/#authorImage\",\"url\":\"https:\\\/\\\/eldigitaldeasturias.com\\\/magazine365\\\/wp-content\\\/litespeed\\\/avatar\\\/e571bcf59a0edd6fa6838245a470f2fe.jpg?ver=1777574230\",\"width\":96,\"height\":96,\"caption\":\"admin\"}},{\"@type\":\"WebPage\",\"@id\":\"https:\\\/\\\/eldigitaldeasturias.com\\\/magazine365\\\/la-linea-maritima-tarfaya-puerto-del-rosario-comenzara-a-operar-en-diciembre\\\/#webpage\",\"url\":\"https:\\\/\\\/eldigitaldeasturias.com\\\/magazine365\\\/la-linea-maritima-tarfaya-puerto-del-rosario-comenzara-a-operar-en-diciembre\\\/\",\"name\":\"La l\\u00ednea mar\\u00edtima Tarfaya-Puerto del Rosario comenzar\\u00e1 a operar en diciembre | El Digital de Asturias\",\"description\":\"La l\\u00ednea mar\\u00edtima Tarfaya-Puerto del Rosario entrar\\u00e1 en funcionamiento el pr\\u00f3ximo mes de diciembre, y se espera que pueda convertirse en una oportunidad comercial para los empresarios de la isla de Fuerteventura una vez se produzca su inauguraci\\u00f3n. As\\u00ed lo anunci\\u00f3 hoy el director del Centro Regional de Inversiones de La\\u00e2youne Boujdour Sakia El Hamra,\",\"inLanguage\":\"es-ES\",\"isPartOf\":{\"@id\":\"https:\\\/\\\/eldigitaldeasturias.com\\\/magazine365\\\/#website\"},\"breadcrumb\":{\"@id\":\"https:\\\/\\\/eldigitaldeasturias.com\\\/magazine365\\\/la-linea-maritima-tarfaya-puerto-del-rosario-comenzara-a-operar-en-diciembre\\\/#breadcrumblist\"},\"author\":{\"@id\":\"https:\\\/\\\/eldigitaldeasturias.com\\\/magazine365\\\/author\\\/admin\\\/#author\"},\"creator\":{\"@id\":\"https:\\\/\\\/eldigitaldeasturias.com\\\/magazine365\\\/author\\\/admin\\\/#author\"},\"image\":{\"@type\":\"ImageObject\",\"url\":\"https:\\\/\\\/eldigitaldeasturias.com\\\/magazine365\\\/wp-content\\\/uploads\\\/2015\\\/06\\\/fotonoticia_20150624185154_800.jpg\",\"@id\":\"https:\\\/\\\/eldigitaldeasturias.com\\\/magazine365\\\/la-linea-maritima-tarfaya-puerto-del-rosario-comenzara-a-operar-en-diciembre\\\/#mainImage\",\"width\":800,\"height\":597},\"primaryImageOfPage\":{\"@id\":\"https:\\\/\\\/eldigitaldeasturias.com\\\/magazine365\\\/la-linea-maritima-tarfaya-puerto-del-rosario-comenzara-a-operar-en-diciembre\\\/#mainImage\"},\"datePublished\":\"2015-06-25T09:06:10+02:00\",\"dateModified\":\"2015-06-25T09:06:10+02:00\"},{\"@type\":\"WebSite\",\"@id\":\"https:\\\/\\\/eldigitaldeasturias.com\\\/magazine365\\\/#website\",\"url\":\"https:\\\/\\\/eldigitaldeasturias.com\\\/magazine365\\\/\",\"name\":\"El Digital de Asturias\",\"description\":\"Revista de ocio, turismo y estilo de vida\",\"inLanguage\":\"es-ES\",\"publisher\":{\"@id\":\"https:\\\/\\\/eldigitaldeasturias.com\\\/magazine365\\\/#organization\"}}]}\n\t\t<\/script>\n\t\t<!-- All in One SEO Pro -->\r\n\t\t<title>La l\u00ednea mar\u00edtima Tarfaya-Puerto del Rosario comenzar\u00e1 a operar en diciembre | El Digital de Asturias<\/title>\n\n","aioseo_head_json":{"title":"La l\u00ednea mar\u00edtima Tarfaya-Puerto del Rosario comenzar\u00e1 a operar en diciembre | El Digital de Asturias","description":"La l\u00ednea mar\u00edtima Tarfaya-Puerto del Rosario entrar\u00e1 en funcionamiento el pr\u00f3ximo mes de diciembre, y se espera que pueda convertirse en una oportunidad comercial para los empresarios de la isla de Fuerteventura una vez se produzca su inauguraci\u00f3n. As\u00ed lo anunci\u00f3 hoy el director del Centro Regional de Inversiones de La\u00e2youne Boujdour Sakia El Hamra,","canonical_url":"https:\/\/eldigitaldeasturias.com\/magazine365\/la-linea-maritima-tarfaya-puerto-del-rosario-comenzara-a-operar-en-diciembre\/","robots":"max-image-preview:large","keywords":"actualidad turismo","webmasterTools":{"google-site-verification":"UA-38556648-1","miscellaneous":""},"schema":{"@context":"https:\/\/schema.org","@graph":[{"@type":"Article","@id":"https:\/\/eldigitaldeasturias.com\/magazine365\/la-linea-maritima-tarfaya-puerto-del-rosario-comenzara-a-operar-en-diciembre\/#article","name":"La l\u00ednea mar\u00edtima Tarfaya-Puerto del Rosario comenzar\u00e1 a operar en diciembre | El Digital de Asturias","headline":"La l\u00ednea mar\u00edtima Tarfaya-Puerto del Rosario comenzar\u00e1 a operar en diciembre","author":{"@id":"https:\/\/eldigitaldeasturias.com\/magazine365\/author\/admin\/#author"},"publisher":{"@id":"https:\/\/eldigitaldeasturias.com\/magazine365\/#organization"},"image":{"@type":"ImageObject","url":"https:\/\/eldigitaldeasturias.com\/magazine365\/wp-content\/uploads\/2015\/06\/fotonoticia_20150624185154_800.jpg","width":800,"height":597},"datePublished":"2015-06-25T09:06:10+02:00","dateModified":"2015-06-25T09:06:10+02:00","inLanguage":"es-ES","mainEntityOfPage":{"@id":"https:\/\/eldigitaldeasturias.com\/magazine365\/la-linea-maritima-tarfaya-puerto-del-rosario-comenzara-a-operar-en-diciembre\/#webpage"},"isPartOf":{"@id":"https:\/\/eldigitaldeasturias.com\/magazine365\/la-linea-maritima-tarfaya-puerto-del-rosario-comenzara-a-operar-en-diciembre\/#webpage"},"articleSection":"Actualidad Turismo"},{"@type":"BreadcrumbList","@id":"https:\/\/eldigitaldeasturias.com\/magazine365\/la-linea-maritima-tarfaya-puerto-del-rosario-comenzara-a-operar-en-diciembre\/#breadcrumblist","itemListElement":[{"@type":"ListItem","@id":"https:\/\/eldigitaldeasturias.com\/magazine365#listItem","position":1,"name":"Home","item":"https:\/\/eldigitaldeasturias.com\/magazine365","nextItem":{"@type":"ListItem","@id":"https:\/\/eldigitaldeasturias.com\/magazine365\/category\/actualidad-turismo\/#listItem","name":"Actualidad Turismo"}},{"@type":"ListItem","@id":"https:\/\/eldigitaldeasturias.com\/magazine365\/category\/actualidad-turismo\/#listItem","position":2,"name":"Actualidad Turismo","item":"https:\/\/eldigitaldeasturias.com\/magazine365\/category\/actualidad-turismo\/","nextItem":{"@type":"ListItem","@id":"https:\/\/eldigitaldeasturias.com\/magazine365\/la-linea-maritima-tarfaya-puerto-del-rosario-comenzara-a-operar-en-diciembre\/#listItem","name":"La l\u00ednea mar\u00edtima Tarfaya-Puerto del Rosario comenzar\u00e1 a operar en diciembre"},"previousItem":{"@type":"ListItem","@id":"https:\/\/eldigitaldeasturias.com\/magazine365#listItem","name":"Home"}},{"@type":"ListItem","@id":"https:\/\/eldigitaldeasturias.com\/magazine365\/la-linea-maritima-tarfaya-puerto-del-rosario-comenzara-a-operar-en-diciembre\/#listItem","position":3,"name":"La l\u00ednea mar\u00edtima Tarfaya-Puerto del Rosario comenzar\u00e1 a operar en diciembre","previousItem":{"@type":"ListItem","@id":"https:\/\/eldigitaldeasturias.com\/magazine365\/category\/actualidad-turismo\/#listItem","name":"Actualidad Turismo"}}]},{"@type":"Organization","@id":"https:\/\/eldigitaldeasturias.com\/magazine365\/#organization","name":"El digital de Asturias","description":"Revista de ocio, turismo y estilo de vida","url":"https:\/\/eldigitaldeasturias.com\/magazine365\/","logo":{"@type":"ImageObject","url":"https:\/\/www.eldigitaldeasturias.com\/noticias\/wp-content\/uploads\/2020\/12\/EDA.jpg","@id":"https:\/\/eldigitaldeasturias.com\/magazine365\/la-linea-maritima-tarfaya-puerto-del-rosario-comenzara-a-operar-en-diciembre\/#organizationLogo"},"image":{"@id":"https:\/\/eldigitaldeasturias.com\/magazine365\/la-linea-maritima-tarfaya-puerto-del-rosario-comenzara-a-operar-en-diciembre\/#organizationLogo"}},{"@type":"Person","@id":"https:\/\/eldigitaldeasturias.com\/magazine365\/author\/admin\/#author","url":"https:\/\/eldigitaldeasturias.com\/magazine365\/author\/admin\/","name":"admin","image":{"@type":"ImageObject","@id":"https:\/\/eldigitaldeasturias.com\/magazine365\/la-linea-maritima-tarfaya-puerto-del-rosario-comenzara-a-operar-en-diciembre\/#authorImage","url":"https:\/\/eldigitaldeasturias.com\/magazine365\/wp-content\/litespeed\/avatar\/e571bcf59a0edd6fa6838245a470f2fe.jpg?ver=1777574230","width":96,"height":96,"caption":"admin"}},{"@type":"WebPage","@id":"https:\/\/eldigitaldeasturias.com\/magazine365\/la-linea-maritima-tarfaya-puerto-del-rosario-comenzara-a-operar-en-diciembre\/#webpage","url":"https:\/\/eldigitaldeasturias.com\/magazine365\/la-linea-maritima-tarfaya-puerto-del-rosario-comenzara-a-operar-en-diciembre\/","name":"La l\u00ednea mar\u00edtima Tarfaya-Puerto del Rosario comenzar\u00e1 a operar en diciembre | El Digital de Asturias","description":"La l\u00ednea mar\u00edtima Tarfaya-Puerto del Rosario entrar\u00e1 en funcionamiento el pr\u00f3ximo mes de diciembre, y se espera que pueda convertirse en una oportunidad comercial para los empresarios de la isla de Fuerteventura una vez se produzca su inauguraci\u00f3n. As\u00ed lo anunci\u00f3 hoy el director del Centro Regional de Inversiones de La\u00e2youne Boujdour Sakia El Hamra,","inLanguage":"es-ES","isPartOf":{"@id":"https:\/\/eldigitaldeasturias.com\/magazine365\/#website"},"breadcrumb":{"@id":"https:\/\/eldigitaldeasturias.com\/magazine365\/la-linea-maritima-tarfaya-puerto-del-rosario-comenzara-a-operar-en-diciembre\/#breadcrumblist"},"author":{"@id":"https:\/\/eldigitaldeasturias.com\/magazine365\/author\/admin\/#author"},"creator":{"@id":"https:\/\/eldigitaldeasturias.com\/magazine365\/author\/admin\/#author"},"image":{"@type":"ImageObject","url":"https:\/\/eldigitaldeasturias.com\/magazine365\/wp-content\/uploads\/2015\/06\/fotonoticia_20150624185154_800.jpg","@id":"https:\/\/eldigitaldeasturias.com\/magazine365\/la-linea-maritima-tarfaya-puerto-del-rosario-comenzara-a-operar-en-diciembre\/#mainImage","width":800,"height":597},"primaryImageOfPage":{"@id":"https:\/\/eldigitaldeasturias.com\/magazine365\/la-linea-maritima-tarfaya-puerto-del-rosario-comenzara-a-operar-en-diciembre\/#mainImage"},"datePublished":"2015-06-25T09:06:10+02:00","dateModified":"2015-06-25T09:06:10+02:00"},{"@type":"WebSite","@id":"https:\/\/eldigitaldeasturias.com\/magazine365\/#website","url":"https:\/\/eldigitaldeasturias.com\/magazine365\/","name":"El Digital de Asturias","description":"Revista de ocio, turismo y estilo de vida","inLanguage":"es-ES","publisher":{"@id":"https:\/\/eldigitaldeasturias.com\/magazine365\/#organization"}}]},"og:locale":"es_ES","og:site_name":"El Digital de Asturias \u2013 Revista de ocio, turismo y estilo de vida","og:type":"article","og:title":"La l\u00ednea mar\u00edtima Tarfaya-Puerto del Rosario comenzar\u00e1 a operar en diciembre | El Digital de Asturias","og:description":"La l\u00ednea mar\u00edtima Tarfaya-Puerto del Rosario entrar\u00e1 en funcionamiento el pr\u00f3ximo mes de diciembre, y se espera que pueda convertirse en una oportunidad comercial para los empresarios de la isla de Fuerteventura una vez se produzca su inauguraci\u00f3n. As\u00ed lo anunci\u00f3 hoy el director del Centro Regional de Inversiones de La\u00e2youne Boujdour Sakia El Hamra,","og:url":"https:\/\/eldigitaldeasturias.com\/magazine365\/la-linea-maritima-tarfaya-puerto-del-rosario-comenzara-a-operar-en-diciembre\/","og:image":"https:\/\/eldigitaldeasturias.com\/magazine365\/wp-content\/uploads\/2015\/06\/fotonoticia_20150624185154_800.jpg","og:image:secure_url":"https:\/\/eldigitaldeasturias.com\/magazine365\/wp-content\/uploads\/2015\/06\/fotonoticia_20150624185154_800.jpg","og:image:width":800,"og:image:height":597,"article:published_time":"2015-06-25T07:36:10+00:00","article:modified_time":"2015-06-25T07:36:10+00:00","twitter:card":"summary_large_image","twitter:title":"La l\u00ednea mar\u00edtima Tarfaya-Puerto del Rosario comenzar\u00e1 a operar en diciembre | El Digital de Asturias","twitter:description":"La l\u00ednea mar\u00edtima Tarfaya-Puerto del Rosario entrar\u00e1 en funcionamiento el pr\u00f3ximo mes de diciembre, y se espera que pueda convertirse en una oportunidad comercial para los empresarios de la isla de Fuerteventura una vez se produzca su inauguraci\u00f3n. As\u00ed lo anunci\u00f3 hoy el director del Centro Regional de Inversiones de La\u00e2youne Boujdour Sakia El Hamra,","twitter:image":"https:\/\/eldigitaldeasturias.com\/magazine365\/wp-content\/uploads\/2015\/06\/fotonoticia_20150624185154_800.jpg"},"aioseo_meta_data":{"post_id":"40925","title":null,"description":null,"keywords":null,"keyphrases":null,"primary_term":null,"canonical_url":null,"og_title":null,"og_description":null,"og_object_type":"default","og_image_type":"default","og_image_url":null,"og_image_width":null,"og_image_height":null,"og_image_custom_url":null,"og_image_custom_fields":null,"og_video":null,"og_custom_url":null,"og_article_section":null,"og_article_tags":null,"twitter_use_og":false,"twitter_card":"default","twitter_image_type":"default","twitter_image_url":null,"twitter_image_custom_url":null,"twitter_image_custom_fields":null,"twitter_title":null,"twitter_description":null,"schema":{"blockGraphs":[],"customGraphs":[],"default":{"data":{"Article":[],"Course":[],"Dataset":[],"FAQPage":[],"Movie":[],"Person":[],"Product":[],"ProductReview":[],"Car":[],"Recipe":[],"Service":[],"SoftwareApplication":[],"WebPage":[]},"graphName":"","isEnabled":true},"graphs":[],"defaultGraph":"","defaultPostTypeGraph":""},"schema_type":null,"schema_type_options":null,"pillar_content":false,"robots_default":true,"robots_noindex":false,"robots_noarchive":false,"robots_nosnippet":false,"robots_nofollow":false,"robots_noimageindex":false,"robots_noodp":false,"robots_notranslate":false,"robots_max_snippet":null,"robots_max_videopreview":null,"robots_max_imagepreview":"large","priority":null,"frequency":null,"location":null,"local_seo":null,"seo_analyzer_scan_date":"2025-09-19 14:39:09","breadcrumb_settings":null,"limit_modified_date":false,"open_ai":null,"ai":null,"created":"2021-03-09 02:21:54","updated":"2025-09-19 14:39:09"},"aioseo_breadcrumb":"<div class=\"aioseo-breadcrumbs\"><span class=\"aioseo-breadcrumb\">\n\t<a href=\"https:\/\/eldigitaldeasturias.com\/magazine365\" title=\"Home\">Home<\/a>\n<\/span><span class=\"aioseo-breadcrumb-separator\">\u2013<\/span><span class=\"aioseo-breadcrumb\">\n\t<a href=\"https:\/\/eldigitaldeasturias.com\/magazine365\/category\/actualidad-turismo\/\" title=\"Actualidad Turismo\">Actualidad Turismo<\/a>\n<\/span><span class=\"aioseo-breadcrumb-separator\">\u2013<\/span><span class=\"aioseo-breadcrumb\">\n\t<a href=\"https:\/\/eldigitaldeasturias.com\/magazine365\/la-linea-maritima-tarfaya-puerto-del-rosario-comenzara-a-operar-en-diciembre\/\" title=\"La l\u00ednea mar\u00edtima Tarfaya-Puerto del Rosario comenzar\u00e1 a operar en diciembre\">La l\u00ednea mar\u00edtima Tarfaya-Puerto del Rosario comenzar\u00e1 a operar en diciembre<\/a>\n<\/span><\/div>","aioseo_breadcrumb_json":[{"label":"Home","link":"https:\/\/eldigitaldeasturias.com\/magazine365"},{"label":"Actualidad Turismo","link":"https:\/\/eldigitaldeasturias.com\/magazine365\/category\/actualidad-turismo\/"},{"label":"La l\u00ednea mar\u00edtima Tarfaya-Puerto del Rosario comenzar\u00e1 a operar en diciembre","link":"https:\/\/eldigitaldeasturias.com\/magazine365\/la-linea-maritima-tarfaya-puerto-del-rosario-comenzara-a-operar-en-diciembre\/"}],"_links":{"self":[{"href":"https:\/\/eldigitaldeasturias.com\/magazine365\/wp-json\/wp\/v2\/posts\/40925","targetHints":{"allow":["GET"]}}],"collection":[{"href":"https:\/\/eldigitaldeasturias.com\/magazine365\/wp-json\/wp\/v2\/posts"}],"about":[{"href":"https:\/\/eldigitaldeasturias.com\/magazine365\/wp-json\/wp\/v2\/types\/post"}],"author":[{"embeddable":true,"href":"https:\/\/eldigitaldeasturias.com\/magazine365\/wp-json\/wp\/v2\/users\/1"}],"replies":[{"embeddable":true,"href":"https:\/\/eldigitaldeasturias.com\/magazine365\/wp-json\/wp\/v2\/comments?post=40925"}],"version-history":[{"count":0,"href":"https:\/\/eldigitaldeasturias.com\/magazine365\/wp-json\/wp\/v2\/posts\/40925\/revisions"}],"wp:featuredmedia":[{"embeddable":true,"href":"https:\/\/eldigitaldeasturias.com\/magazine365\/wp-json\/wp\/v2\/media\/40926"}],"wp:attachment":[{"href":"https:\/\/eldigitaldeasturias.com\/magazine365\/wp-json\/wp\/v2\/media?parent=40925"}],"wp:term":[{"taxonomy":"category","embeddable":true,"href":"https:\/\/eldigitaldeasturias.com\/magazine365\/wp-json\/wp\/v2\/categories?post=40925"},{"taxonomy":"post_tag","embeddable":true,"href":"https:\/\/eldigitaldeasturias.com\/magazine365\/wp-json\/wp\/v2\/tags?post=40925"}],"curies":[{"name":"wp","href":"https:\/\/api.w.org\/{rel}","templated":true}]}}