{"id":40907,"date":"2015-06-25T08:56:02","date_gmt":"2015-06-25T07:26:02","guid":{"rendered":"http:\/\/eldigitaldeasturias.com\/magazine365\/?p=40907"},"modified":"2015-06-25T08:56:02","modified_gmt":"2015-06-25T07:26:02","slug":"el-psoe-incide-en-relanzar-la-actividad-turistica-de-torremolinos-e-impulsar-el-area-metropolitana","status":"publish","type":"post","link":"https:\/\/eldigitaldeasturias.com\/magazine365\/el-psoe-incide-en-relanzar-la-actividad-turistica-de-torremolinos-e-impulsar-el-area-metropolitana\/","title":{"rendered":"El PSOE incide en relanzar la actividad tur\u00edstica de Torremolinos e impulsar el \u00e1rea metropolitana"},"content":{"rendered":"<p><img fetchpriority=\"high\" decoding=\"async\" class=\"alignleft size-medium wp-image-40908\" src=\"https:\/\/eldigitaldeasturias.com\/magazine365\/wp-content\/uploads\/2015\/06\/fotonoticia_20150624172846_800-360x240.jpg\" alt=\"fotonoticia_20150624172846_800\" width=\"360\" height=\"240\" srcset=\"https:\/\/eldigitaldeasturias.com\/magazine365\/wp-content\/uploads\/2015\/06\/fotonoticia_20150624172846_800-360x240.jpg 360w, https:\/\/eldigitaldeasturias.com\/magazine365\/wp-content\/uploads\/2015\/06\/fotonoticia_20150624172846_800-650x433.jpg 650w, https:\/\/eldigitaldeasturias.com\/magazine365\/wp-content\/uploads\/2015\/06\/fotonoticia_20150624172846_800-768x512.jpg 768w, https:\/\/eldigitaldeasturias.com\/magazine365\/wp-content\/uploads\/2015\/06\/fotonoticia_20150624172846_800-150x100.jpg 150w, https:\/\/eldigitaldeasturias.com\/magazine365\/wp-content\/uploads\/2015\/06\/fotonoticia_20150624172846_800-450x300.jpg 450w, https:\/\/eldigitaldeasturias.com\/magazine365\/wp-content\/uploads\/2015\/06\/fotonoticia_20150624172846_800-696x464.jpg 696w, https:\/\/eldigitaldeasturias.com\/magazine365\/wp-content\/uploads\/2015\/06\/fotonoticia_20150624172846_800-630x420.jpg 630w, https:\/\/eldigitaldeasturias.com\/magazine365\/wp-content\/uploads\/2015\/06\/fotonoticia_20150624172846_800-84x55.jpg 84w, https:\/\/eldigitaldeasturias.com\/magazine365\/wp-content\/uploads\/2015\/06\/fotonoticia_20150624172846_800.jpg 800w\" sizes=\"(max-width: 360px) 100vw, 360px\" \/>El portavoz socialista en la Diputaci\u00f3n de M\u00e1laga en funciones, Francisco Conejo, y el alcalde de la localidad malague\u00f1a de Torremolinos, Jos\u00e9 Ortiz, han coincidido en la necesidad de relanzar la actividad tur\u00edstica e impulsar el \u00e1rea metropolitana, de la que forma parte el municipio.<\/p>\n<p>Conejo y Ortiz, que han mantenido una reuni\u00f3n de trabajo, han destacado la necesidad de abrir \u00abuna nueva etapa de colaboraci\u00f3n institucional para que el municipio vuelva a ser la locomotora del progreso en la Costa del Sol\u00bb.<\/p>\n<p>Con esta visita se inicia una ronda de contactos con los grupos socialistas de los ayuntamientos de la provincia as\u00ed como con los nuevos equipos de gobierno encabezados por el PSOE. El objetivo es conocer sobre el terreno la realidad y las l\u00edneas de trabajo para los pr\u00f3ximos cuatro a\u00f1os, ha dicho Conejo, quien ha apelado al di\u00e1logo, al consenso y a la lealtad institucional entre las diferentes administraciones.<\/p>\n<p>En el caso de la relaci\u00f3n del Ayuntamiento torremolinense con el ente provincial, el portavoz socialista ha recordado que Torremolinos mantiene lazos con Diputaci\u00f3n a trav\u00e9s del Patronato de Recaudaci\u00f3n as\u00ed como de la sociedad Turismo Costa del Sol, organismo que seg\u00fan Conejo es \u00abfundamental para el futuro\u00bb de la localidad, al ser la actividad tur\u00edstica la principal fuente econ\u00f3mica y de empleo.<\/p>\n<p>\u00abLIDERAR EL TURISMO NACIONAL\u00bb<\/p>\n<p>\u00abTorremolinos tiene que liderar el turismo a nivel nacional\u00bb, ha afirmado Conejo, al tiempo que ha recibido la petici\u00f3n del grupo socialista de Torremolinos de que desde la Diputaci\u00f3n y Turismo Costa del Sol se trabaje \u00abdecididamente para que el municipio vuelva a ser el destino tur\u00edstico de referencia que fue en otro tiempo\u00bb.<\/p>\n<p>Seg\u00fan Conejo, \u00abla pol\u00edtica practicada en Torremolinos durante a\u00f1os ha mermado las posibilidades de desarrollo de la ciudad\u00bb. En esta l\u00ednea, los socialistas trabajar\u00e1n para que desde Diputaci\u00f3n la localidad \u00abreciba la financiaci\u00f3n, el apoyo y el impulso que se merece, algo que tambi\u00e9n exigir\u00e1n a la Junta de Andaluc\u00eda y al Gobierno de Espa\u00f1a\u00bb.<\/p>\n<p>Desde el PSOE han destacado su apuesta por el Plan Qualifica \u00abya que el perfil del turista est\u00e1 cambiando y hay que adaptarse a los nuevos tiempos\u00bb; un plan que, adem\u00e1s, beneficiar\u00eda al conjunto de la Costa del Sol en t\u00e9rminos de econom\u00eda y empleo.<\/p>\n<p>Por \u00faltimo, Conejo ha destacado la petici\u00f3n del Consistorio de apostar por impulsar el \u00e1rea metropolitana de M\u00e1laga a trav\u00e9s del Foro Metropolitano de Alcaldes y Alcaldesas de la Diputaci\u00f3n. Por ello, los socialistas han afirmado que trabajar\u00e1n desde la administraci\u00f3n provincial y los ayuntamientos para que la Mancomunidad y los servicios comunes \u00absean una realidad, apostando de manera especial por la movilidad a trav\u00e9s del Consorcio de Transportes\u00bb.<\/p>\n<p>Por su parte, el alcalde de Torremolinos ha destacado la posici\u00f3n \u00abestrat\u00e9gica\u00bb del municipio dentro de la Costa del Sol y su papel \u00abreferente dentro del \u00e1rea metropolitana de M\u00e1laga\u00bb. Ortiz ha apostado por mantener un di\u00e1logo abierto con el Ayuntamiento de M\u00e1laga y con localidades vecinas, adem\u00e1s de con la Diputaci\u00f3n.<\/p>\n","protected":false},"excerpt":{"rendered":"<p>El portavoz socialista en la Diputaci\u00f3n de M\u00e1laga en funciones, Francisco Conejo, y el alcalde de la localidad malague\u00f1a de Torremolinos, Jos\u00e9 Ortiz, han coincidido en la necesidad de relanzar la actividad tur\u00edstica e impulsar el \u00e1rea metropolitana, de la que forma parte el municipio. Conejo y Ortiz, que han mantenido una reuni\u00f3n de trabajo,<\/p>\n","protected":false},"author":1,"featured_media":40908,"comment_status":"open","ping_status":"closed","sticky":false,"template":"","format":"standard","meta":{"footnotes":""},"categories":[222],"tags":[],"class_list":{"0":"post-40907","1":"post","2":"type-post","3":"status-publish","4":"format-standard","5":"has-post-thumbnail","7":"category-actualidad-turismo"},"aioseo_notices":[],"aioseo_head":"\n\t\t<!-- All in One SEO Pro 4.9.6.1 - aioseo.com -->\n\t<meta name=\"description\" content=\"El portavoz socialista en la Diputaci\u00f3n de M\u00e1laga en funciones, Francisco Conejo, y el alcalde de la localidad malague\u00f1a de Torremolinos, Jos\u00e9 Ortiz, han coincidido en la necesidad de relanzar la actividad tur\u00edstica e impulsar el \u00e1rea metropolitana, de la que forma parte el municipio. Conejo y Ortiz, que han mantenido una reuni\u00f3n de trabajo,\" \/>\n\t<meta name=\"robots\" content=\"max-image-preview:large\" \/>\n\t<meta name=\"author\" content=\"admin\"\/>\n\t<meta name=\"google-site-verification\" content=\"UA-38556648-1\" \/>\n\t<meta name=\"keywords\" content=\"actualidad turismo\" \/>\n\t<link rel=\"canonical\" href=\"https:\/\/eldigitaldeasturias.com\/magazine365\/el-psoe-incide-en-relanzar-la-actividad-turistica-de-torremolinos-e-impulsar-el-area-metropolitana\/\" \/>\n\t<meta name=\"generator\" content=\"All in One SEO Pro (AIOSEO) 4.9.6.1\" \/>\n\t\t<meta property=\"og:locale\" content=\"es_ES\" \/>\n\t\t<meta property=\"og:site_name\" content=\"El Digital de Asturias \u2013 Revista de ocio, turismo y estilo de vida\" \/>\n\t\t<meta property=\"og:type\" content=\"article\" \/>\n\t\t<meta property=\"og:title\" content=\"El PSOE incide en relanzar la actividad tur\u00edstica de Torremolinos e impulsar el \u00e1rea metropolitana | El Digital de Asturias\" \/>\n\t\t<meta property=\"og:description\" content=\"El portavoz socialista en la Diputaci\u00f3n de M\u00e1laga en funciones, Francisco Conejo, y el alcalde de la localidad malague\u00f1a de Torremolinos, Jos\u00e9 Ortiz, han coincidido en la necesidad de relanzar la actividad tur\u00edstica e impulsar el \u00e1rea metropolitana, de la que forma parte el municipio. Conejo y Ortiz, que han mantenido una reuni\u00f3n de trabajo,\" \/>\n\t\t<meta property=\"og:url\" content=\"https:\/\/eldigitaldeasturias.com\/magazine365\/el-psoe-incide-en-relanzar-la-actividad-turistica-de-torremolinos-e-impulsar-el-area-metropolitana\/\" \/>\n\t\t<meta property=\"og:image\" content=\"https:\/\/eldigitaldeasturias.com\/magazine365\/wp-content\/uploads\/2015\/06\/fotonoticia_20150624172846_800.jpg\" \/>\n\t\t<meta property=\"og:image:secure_url\" content=\"https:\/\/eldigitaldeasturias.com\/magazine365\/wp-content\/uploads\/2015\/06\/fotonoticia_20150624172846_800.jpg\" \/>\n\t\t<meta property=\"og:image:width\" content=\"800\" \/>\n\t\t<meta property=\"og:image:height\" content=\"533\" \/>\n\t\t<meta property=\"article:published_time\" content=\"2015-06-25T07:26:02+00:00\" \/>\n\t\t<meta property=\"article:modified_time\" content=\"2015-06-25T07:26:02+00:00\" \/>\n\t\t<meta name=\"twitter:card\" content=\"summary_large_image\" \/>\n\t\t<meta name=\"twitter:title\" content=\"El PSOE incide en relanzar la actividad tur\u00edstica de Torremolinos e impulsar el \u00e1rea metropolitana | El Digital de Asturias\" \/>\n\t\t<meta name=\"twitter:description\" content=\"El portavoz socialista en la Diputaci\u00f3n de M\u00e1laga en funciones, Francisco Conejo, y el alcalde de la localidad malague\u00f1a de Torremolinos, Jos\u00e9 Ortiz, han coincidido en la necesidad de relanzar la actividad tur\u00edstica e impulsar el \u00e1rea metropolitana, de la que forma parte el municipio. Conejo y Ortiz, que han mantenido una reuni\u00f3n de trabajo,\" \/>\n\t\t<meta name=\"twitter:image\" content=\"https:\/\/eldigitaldeasturias.com\/magazine365\/wp-content\/uploads\/2015\/06\/fotonoticia_20150624172846_800.jpg\" \/>\n\t\t<script type=\"application\/ld+json\" class=\"aioseo-schema\">\n\t\t\t{\"@context\":\"https:\\\/\\\/schema.org\",\"@graph\":[{\"@type\":\"Article\",\"@id\":\"https:\\\/\\\/eldigitaldeasturias.com\\\/magazine365\\\/el-psoe-incide-en-relanzar-la-actividad-turistica-de-torremolinos-e-impulsar-el-area-metropolitana\\\/#article\",\"name\":\"El PSOE incide en relanzar la actividad tur\\u00edstica de Torremolinos e impulsar el \\u00e1rea metropolitana | El Digital de Asturias\",\"headline\":\"El PSOE incide en relanzar la actividad tur\\u00edstica de Torremolinos e impulsar el \\u00e1rea metropolitana\",\"author\":{\"@id\":\"https:\\\/\\\/eldigitaldeasturias.com\\\/magazine365\\\/author\\\/admin\\\/#author\"},\"publisher\":{\"@id\":\"https:\\\/\\\/eldigitaldeasturias.com\\\/magazine365\\\/#organization\"},\"image\":{\"@type\":\"ImageObject\",\"url\":\"https:\\\/\\\/eldigitaldeasturias.com\\\/magazine365\\\/wp-content\\\/uploads\\\/2015\\\/06\\\/fotonoticia_20150624172846_800.jpg\",\"width\":800,\"height\":533},\"datePublished\":\"2015-06-25T08:56:02+02:00\",\"dateModified\":\"2015-06-25T08:56:02+02:00\",\"inLanguage\":\"es-ES\",\"mainEntityOfPage\":{\"@id\":\"https:\\\/\\\/eldigitaldeasturias.com\\\/magazine365\\\/el-psoe-incide-en-relanzar-la-actividad-turistica-de-torremolinos-e-impulsar-el-area-metropolitana\\\/#webpage\"},\"isPartOf\":{\"@id\":\"https:\\\/\\\/eldigitaldeasturias.com\\\/magazine365\\\/el-psoe-incide-en-relanzar-la-actividad-turistica-de-torremolinos-e-impulsar-el-area-metropolitana\\\/#webpage\"},\"articleSection\":\"Actualidad Turismo\"},{\"@type\":\"BreadcrumbList\",\"@id\":\"https:\\\/\\\/eldigitaldeasturias.com\\\/magazine365\\\/el-psoe-incide-en-relanzar-la-actividad-turistica-de-torremolinos-e-impulsar-el-area-metropolitana\\\/#breadcrumblist\",\"itemListElement\":[{\"@type\":\"ListItem\",\"@id\":\"https:\\\/\\\/eldigitaldeasturias.com\\\/magazine365#listItem\",\"position\":1,\"name\":\"Home\",\"item\":\"https:\\\/\\\/eldigitaldeasturias.com\\\/magazine365\",\"nextItem\":{\"@type\":\"ListItem\",\"@id\":\"https:\\\/\\\/eldigitaldeasturias.com\\\/magazine365\\\/category\\\/actualidad-turismo\\\/#listItem\",\"name\":\"Actualidad Turismo\"}},{\"@type\":\"ListItem\",\"@id\":\"https:\\\/\\\/eldigitaldeasturias.com\\\/magazine365\\\/category\\\/actualidad-turismo\\\/#listItem\",\"position\":2,\"name\":\"Actualidad Turismo\",\"item\":\"https:\\\/\\\/eldigitaldeasturias.com\\\/magazine365\\\/category\\\/actualidad-turismo\\\/\",\"nextItem\":{\"@type\":\"ListItem\",\"@id\":\"https:\\\/\\\/eldigitaldeasturias.com\\\/magazine365\\\/el-psoe-incide-en-relanzar-la-actividad-turistica-de-torremolinos-e-impulsar-el-area-metropolitana\\\/#listItem\",\"name\":\"El PSOE incide en relanzar la actividad tur\\u00edstica de Torremolinos e impulsar el \\u00e1rea metropolitana\"},\"previousItem\":{\"@type\":\"ListItem\",\"@id\":\"https:\\\/\\\/eldigitaldeasturias.com\\\/magazine365#listItem\",\"name\":\"Home\"}},{\"@type\":\"ListItem\",\"@id\":\"https:\\\/\\\/eldigitaldeasturias.com\\\/magazine365\\\/el-psoe-incide-en-relanzar-la-actividad-turistica-de-torremolinos-e-impulsar-el-area-metropolitana\\\/#listItem\",\"position\":3,\"name\":\"El PSOE incide en relanzar la actividad tur\\u00edstica de Torremolinos e impulsar el \\u00e1rea metropolitana\",\"previousItem\":{\"@type\":\"ListItem\",\"@id\":\"https:\\\/\\\/eldigitaldeasturias.com\\\/magazine365\\\/category\\\/actualidad-turismo\\\/#listItem\",\"name\":\"Actualidad Turismo\"}}]},{\"@type\":\"Organization\",\"@id\":\"https:\\\/\\\/eldigitaldeasturias.com\\\/magazine365\\\/#organization\",\"name\":\"El digital de Asturias\",\"description\":\"Revista de ocio, turismo y estilo de vida\",\"url\":\"https:\\\/\\\/eldigitaldeasturias.com\\\/magazine365\\\/\",\"logo\":{\"@type\":\"ImageObject\",\"url\":\"https:\\\/\\\/www.eldigitaldeasturias.com\\\/noticias\\\/wp-content\\\/uploads\\\/2020\\\/12\\\/EDA.jpg\",\"@id\":\"https:\\\/\\\/eldigitaldeasturias.com\\\/magazine365\\\/el-psoe-incide-en-relanzar-la-actividad-turistica-de-torremolinos-e-impulsar-el-area-metropolitana\\\/#organizationLogo\"},\"image\":{\"@id\":\"https:\\\/\\\/eldigitaldeasturias.com\\\/magazine365\\\/el-psoe-incide-en-relanzar-la-actividad-turistica-de-torremolinos-e-impulsar-el-area-metropolitana\\\/#organizationLogo\"}},{\"@type\":\"Person\",\"@id\":\"https:\\\/\\\/eldigitaldeasturias.com\\\/magazine365\\\/author\\\/admin\\\/#author\",\"url\":\"https:\\\/\\\/eldigitaldeasturias.com\\\/magazine365\\\/author\\\/admin\\\/\",\"name\":\"admin\",\"image\":{\"@type\":\"ImageObject\",\"@id\":\"https:\\\/\\\/eldigitaldeasturias.com\\\/magazine365\\\/el-psoe-incide-en-relanzar-la-actividad-turistica-de-torremolinos-e-impulsar-el-area-metropolitana\\\/#authorImage\",\"url\":\"https:\\\/\\\/eldigitaldeasturias.com\\\/magazine365\\\/wp-content\\\/litespeed\\\/avatar\\\/e571bcf59a0edd6fa6838245a470f2fe.jpg?ver=1777574230\",\"width\":96,\"height\":96,\"caption\":\"admin\"}},{\"@type\":\"WebPage\",\"@id\":\"https:\\\/\\\/eldigitaldeasturias.com\\\/magazine365\\\/el-psoe-incide-en-relanzar-la-actividad-turistica-de-torremolinos-e-impulsar-el-area-metropolitana\\\/#webpage\",\"url\":\"https:\\\/\\\/eldigitaldeasturias.com\\\/magazine365\\\/el-psoe-incide-en-relanzar-la-actividad-turistica-de-torremolinos-e-impulsar-el-area-metropolitana\\\/\",\"name\":\"El PSOE incide en relanzar la actividad tur\\u00edstica de Torremolinos e impulsar el \\u00e1rea metropolitana | El Digital de Asturias\",\"description\":\"El portavoz socialista en la Diputaci\\u00f3n de M\\u00e1laga en funciones, Francisco Conejo, y el alcalde de la localidad malague\\u00f1a de Torremolinos, Jos\\u00e9 Ortiz, han coincidido en la necesidad de relanzar la actividad tur\\u00edstica e impulsar el \\u00e1rea metropolitana, de la que forma parte el municipio. Conejo y Ortiz, que han mantenido una reuni\\u00f3n de trabajo,\",\"inLanguage\":\"es-ES\",\"isPartOf\":{\"@id\":\"https:\\\/\\\/eldigitaldeasturias.com\\\/magazine365\\\/#website\"},\"breadcrumb\":{\"@id\":\"https:\\\/\\\/eldigitaldeasturias.com\\\/magazine365\\\/el-psoe-incide-en-relanzar-la-actividad-turistica-de-torremolinos-e-impulsar-el-area-metropolitana\\\/#breadcrumblist\"},\"author\":{\"@id\":\"https:\\\/\\\/eldigitaldeasturias.com\\\/magazine365\\\/author\\\/admin\\\/#author\"},\"creator\":{\"@id\":\"https:\\\/\\\/eldigitaldeasturias.com\\\/magazine365\\\/author\\\/admin\\\/#author\"},\"image\":{\"@type\":\"ImageObject\",\"url\":\"https:\\\/\\\/eldigitaldeasturias.com\\\/magazine365\\\/wp-content\\\/uploads\\\/2015\\\/06\\\/fotonoticia_20150624172846_800.jpg\",\"@id\":\"https:\\\/\\\/eldigitaldeasturias.com\\\/magazine365\\\/el-psoe-incide-en-relanzar-la-actividad-turistica-de-torremolinos-e-impulsar-el-area-metropolitana\\\/#mainImage\",\"width\":800,\"height\":533},\"primaryImageOfPage\":{\"@id\":\"https:\\\/\\\/eldigitaldeasturias.com\\\/magazine365\\\/el-psoe-incide-en-relanzar-la-actividad-turistica-de-torremolinos-e-impulsar-el-area-metropolitana\\\/#mainImage\"},\"datePublished\":\"2015-06-25T08:56:02+02:00\",\"dateModified\":\"2015-06-25T08:56:02+02:00\"},{\"@type\":\"WebSite\",\"@id\":\"https:\\\/\\\/eldigitaldeasturias.com\\\/magazine365\\\/#website\",\"url\":\"https:\\\/\\\/eldigitaldeasturias.com\\\/magazine365\\\/\",\"name\":\"El Digital de Asturias\",\"description\":\"Revista de ocio, turismo y estilo de vida\",\"inLanguage\":\"es-ES\",\"publisher\":{\"@id\":\"https:\\\/\\\/eldigitaldeasturias.com\\\/magazine365\\\/#organization\"}}]}\n\t\t<\/script>\n\t\t<!-- All in One SEO Pro -->\r\n\t\t<title>El PSOE incide en relanzar la actividad tur\u00edstica de Torremolinos e impulsar el \u00e1rea metropolitana | El Digital de Asturias<\/title>\n\n","aioseo_head_json":{"title":"El PSOE incide en relanzar la actividad tur\u00edstica de Torremolinos e impulsar el \u00e1rea metropolitana | El Digital de Asturias","description":"El portavoz socialista en la Diputaci\u00f3n de M\u00e1laga en funciones, Francisco Conejo, y el alcalde de la localidad malague\u00f1a de Torremolinos, Jos\u00e9 Ortiz, han coincidido en la necesidad de relanzar la actividad tur\u00edstica e impulsar el \u00e1rea metropolitana, de la que forma parte el municipio. Conejo y Ortiz, que han mantenido una reuni\u00f3n de trabajo,","canonical_url":"https:\/\/eldigitaldeasturias.com\/magazine365\/el-psoe-incide-en-relanzar-la-actividad-turistica-de-torremolinos-e-impulsar-el-area-metropolitana\/","robots":"max-image-preview:large","keywords":"actualidad turismo","webmasterTools":{"google-site-verification":"UA-38556648-1","miscellaneous":""},"schema":{"@context":"https:\/\/schema.org","@graph":[{"@type":"Article","@id":"https:\/\/eldigitaldeasturias.com\/magazine365\/el-psoe-incide-en-relanzar-la-actividad-turistica-de-torremolinos-e-impulsar-el-area-metropolitana\/#article","name":"El PSOE incide en relanzar la actividad tur\u00edstica de Torremolinos e impulsar el \u00e1rea metropolitana | El Digital de Asturias","headline":"El PSOE incide en relanzar la actividad tur\u00edstica de Torremolinos e impulsar el \u00e1rea metropolitana","author":{"@id":"https:\/\/eldigitaldeasturias.com\/magazine365\/author\/admin\/#author"},"publisher":{"@id":"https:\/\/eldigitaldeasturias.com\/magazine365\/#organization"},"image":{"@type":"ImageObject","url":"https:\/\/eldigitaldeasturias.com\/magazine365\/wp-content\/uploads\/2015\/06\/fotonoticia_20150624172846_800.jpg","width":800,"height":533},"datePublished":"2015-06-25T08:56:02+02:00","dateModified":"2015-06-25T08:56:02+02:00","inLanguage":"es-ES","mainEntityOfPage":{"@id":"https:\/\/eldigitaldeasturias.com\/magazine365\/el-psoe-incide-en-relanzar-la-actividad-turistica-de-torremolinos-e-impulsar-el-area-metropolitana\/#webpage"},"isPartOf":{"@id":"https:\/\/eldigitaldeasturias.com\/magazine365\/el-psoe-incide-en-relanzar-la-actividad-turistica-de-torremolinos-e-impulsar-el-area-metropolitana\/#webpage"},"articleSection":"Actualidad Turismo"},{"@type":"BreadcrumbList","@id":"https:\/\/eldigitaldeasturias.com\/magazine365\/el-psoe-incide-en-relanzar-la-actividad-turistica-de-torremolinos-e-impulsar-el-area-metropolitana\/#breadcrumblist","itemListElement":[{"@type":"ListItem","@id":"https:\/\/eldigitaldeasturias.com\/magazine365#listItem","position":1,"name":"Home","item":"https:\/\/eldigitaldeasturias.com\/magazine365","nextItem":{"@type":"ListItem","@id":"https:\/\/eldigitaldeasturias.com\/magazine365\/category\/actualidad-turismo\/#listItem","name":"Actualidad Turismo"}},{"@type":"ListItem","@id":"https:\/\/eldigitaldeasturias.com\/magazine365\/category\/actualidad-turismo\/#listItem","position":2,"name":"Actualidad Turismo","item":"https:\/\/eldigitaldeasturias.com\/magazine365\/category\/actualidad-turismo\/","nextItem":{"@type":"ListItem","@id":"https:\/\/eldigitaldeasturias.com\/magazine365\/el-psoe-incide-en-relanzar-la-actividad-turistica-de-torremolinos-e-impulsar-el-area-metropolitana\/#listItem","name":"El PSOE incide en relanzar la actividad tur\u00edstica de Torremolinos e impulsar el \u00e1rea metropolitana"},"previousItem":{"@type":"ListItem","@id":"https:\/\/eldigitaldeasturias.com\/magazine365#listItem","name":"Home"}},{"@type":"ListItem","@id":"https:\/\/eldigitaldeasturias.com\/magazine365\/el-psoe-incide-en-relanzar-la-actividad-turistica-de-torremolinos-e-impulsar-el-area-metropolitana\/#listItem","position":3,"name":"El PSOE incide en relanzar la actividad tur\u00edstica de Torremolinos e impulsar el \u00e1rea metropolitana","previousItem":{"@type":"ListItem","@id":"https:\/\/eldigitaldeasturias.com\/magazine365\/category\/actualidad-turismo\/#listItem","name":"Actualidad Turismo"}}]},{"@type":"Organization","@id":"https:\/\/eldigitaldeasturias.com\/magazine365\/#organization","name":"El digital de Asturias","description":"Revista de ocio, turismo y estilo de vida","url":"https:\/\/eldigitaldeasturias.com\/magazine365\/","logo":{"@type":"ImageObject","url":"https:\/\/www.eldigitaldeasturias.com\/noticias\/wp-content\/uploads\/2020\/12\/EDA.jpg","@id":"https:\/\/eldigitaldeasturias.com\/magazine365\/el-psoe-incide-en-relanzar-la-actividad-turistica-de-torremolinos-e-impulsar-el-area-metropolitana\/#organizationLogo"},"image":{"@id":"https:\/\/eldigitaldeasturias.com\/magazine365\/el-psoe-incide-en-relanzar-la-actividad-turistica-de-torremolinos-e-impulsar-el-area-metropolitana\/#organizationLogo"}},{"@type":"Person","@id":"https:\/\/eldigitaldeasturias.com\/magazine365\/author\/admin\/#author","url":"https:\/\/eldigitaldeasturias.com\/magazine365\/author\/admin\/","name":"admin","image":{"@type":"ImageObject","@id":"https:\/\/eldigitaldeasturias.com\/magazine365\/el-psoe-incide-en-relanzar-la-actividad-turistica-de-torremolinos-e-impulsar-el-area-metropolitana\/#authorImage","url":"https:\/\/eldigitaldeasturias.com\/magazine365\/wp-content\/litespeed\/avatar\/e571bcf59a0edd6fa6838245a470f2fe.jpg?ver=1777574230","width":96,"height":96,"caption":"admin"}},{"@type":"WebPage","@id":"https:\/\/eldigitaldeasturias.com\/magazine365\/el-psoe-incide-en-relanzar-la-actividad-turistica-de-torremolinos-e-impulsar-el-area-metropolitana\/#webpage","url":"https:\/\/eldigitaldeasturias.com\/magazine365\/el-psoe-incide-en-relanzar-la-actividad-turistica-de-torremolinos-e-impulsar-el-area-metropolitana\/","name":"El PSOE incide en relanzar la actividad tur\u00edstica de Torremolinos e impulsar el \u00e1rea metropolitana | El Digital de Asturias","description":"El portavoz socialista en la Diputaci\u00f3n de M\u00e1laga en funciones, Francisco Conejo, y el alcalde de la localidad malague\u00f1a de Torremolinos, Jos\u00e9 Ortiz, han coincidido en la necesidad de relanzar la actividad tur\u00edstica e impulsar el \u00e1rea metropolitana, de la que forma parte el municipio. Conejo y Ortiz, que han mantenido una reuni\u00f3n de trabajo,","inLanguage":"es-ES","isPartOf":{"@id":"https:\/\/eldigitaldeasturias.com\/magazine365\/#website"},"breadcrumb":{"@id":"https:\/\/eldigitaldeasturias.com\/magazine365\/el-psoe-incide-en-relanzar-la-actividad-turistica-de-torremolinos-e-impulsar-el-area-metropolitana\/#breadcrumblist"},"author":{"@id":"https:\/\/eldigitaldeasturias.com\/magazine365\/author\/admin\/#author"},"creator":{"@id":"https:\/\/eldigitaldeasturias.com\/magazine365\/author\/admin\/#author"},"image":{"@type":"ImageObject","url":"https:\/\/eldigitaldeasturias.com\/magazine365\/wp-content\/uploads\/2015\/06\/fotonoticia_20150624172846_800.jpg","@id":"https:\/\/eldigitaldeasturias.com\/magazine365\/el-psoe-incide-en-relanzar-la-actividad-turistica-de-torremolinos-e-impulsar-el-area-metropolitana\/#mainImage","width":800,"height":533},"primaryImageOfPage":{"@id":"https:\/\/eldigitaldeasturias.com\/magazine365\/el-psoe-incide-en-relanzar-la-actividad-turistica-de-torremolinos-e-impulsar-el-area-metropolitana\/#mainImage"},"datePublished":"2015-06-25T08:56:02+02:00","dateModified":"2015-06-25T08:56:02+02:00"},{"@type":"WebSite","@id":"https:\/\/eldigitaldeasturias.com\/magazine365\/#website","url":"https:\/\/eldigitaldeasturias.com\/magazine365\/","name":"El Digital de Asturias","description":"Revista de ocio, turismo y estilo de vida","inLanguage":"es-ES","publisher":{"@id":"https:\/\/eldigitaldeasturias.com\/magazine365\/#organization"}}]},"og:locale":"es_ES","og:site_name":"El Digital de Asturias \u2013 Revista de ocio, turismo y estilo de vida","og:type":"article","og:title":"El PSOE incide en relanzar la actividad tur\u00edstica de Torremolinos e impulsar el \u00e1rea metropolitana | El Digital de Asturias","og:description":"El portavoz socialista en la Diputaci\u00f3n de M\u00e1laga en funciones, Francisco Conejo, y el alcalde de la localidad malague\u00f1a de Torremolinos, Jos\u00e9 Ortiz, han coincidido en la necesidad de relanzar la actividad tur\u00edstica e impulsar el \u00e1rea metropolitana, de la que forma parte el municipio. Conejo y Ortiz, que han mantenido una reuni\u00f3n de trabajo,","og:url":"https:\/\/eldigitaldeasturias.com\/magazine365\/el-psoe-incide-en-relanzar-la-actividad-turistica-de-torremolinos-e-impulsar-el-area-metropolitana\/","og:image":"https:\/\/eldigitaldeasturias.com\/magazine365\/wp-content\/uploads\/2015\/06\/fotonoticia_20150624172846_800.jpg","og:image:secure_url":"https:\/\/eldigitaldeasturias.com\/magazine365\/wp-content\/uploads\/2015\/06\/fotonoticia_20150624172846_800.jpg","og:image:width":800,"og:image:height":533,"article:published_time":"2015-06-25T07:26:02+00:00","article:modified_time":"2015-06-25T07:26:02+00:00","twitter:card":"summary_large_image","twitter:title":"El PSOE incide en relanzar la actividad tur\u00edstica de Torremolinos e impulsar el \u00e1rea metropolitana | El Digital de Asturias","twitter:description":"El portavoz socialista en la Diputaci\u00f3n de M\u00e1laga en funciones, Francisco Conejo, y el alcalde de la localidad malague\u00f1a de Torremolinos, Jos\u00e9 Ortiz, han coincidido en la necesidad de relanzar la actividad tur\u00edstica e impulsar el \u00e1rea metropolitana, de la que forma parte el municipio. Conejo y Ortiz, que han mantenido una reuni\u00f3n de trabajo,","twitter:image":"https:\/\/eldigitaldeasturias.com\/magazine365\/wp-content\/uploads\/2015\/06\/fotonoticia_20150624172846_800.jpg"},"aioseo_meta_data":{"post_id":"40907","title":null,"description":null,"keywords":null,"keyphrases":null,"primary_term":null,"canonical_url":null,"og_title":null,"og_description":null,"og_object_type":"default","og_image_type":"default","og_image_url":null,"og_image_width":null,"og_image_height":null,"og_image_custom_url":null,"og_image_custom_fields":null,"og_video":null,"og_custom_url":null,"og_article_section":null,"og_article_tags":null,"twitter_use_og":false,"twitter_card":"default","twitter_image_type":"default","twitter_image_url":null,"twitter_image_custom_url":null,"twitter_image_custom_fields":null,"twitter_title":null,"twitter_description":null,"schema":{"blockGraphs":[],"customGraphs":[],"default":{"data":{"Article":[],"Course":[],"Dataset":[],"FAQPage":[],"Movie":[],"Person":[],"Product":[],"ProductReview":[],"Car":[],"Recipe":[],"Service":[],"SoftwareApplication":[],"WebPage":[]},"graphName":"","isEnabled":true},"graphs":[],"defaultGraph":"","defaultPostTypeGraph":""},"schema_type":null,"schema_type_options":null,"pillar_content":false,"robots_default":true,"robots_noindex":false,"robots_noarchive":false,"robots_nosnippet":false,"robots_nofollow":false,"robots_noimageindex":false,"robots_noodp":false,"robots_notranslate":false,"robots_max_snippet":null,"robots_max_videopreview":null,"robots_max_imagepreview":"large","priority":null,"frequency":null,"location":null,"local_seo":null,"seo_analyzer_scan_date":"2025-09-19 14:37:59","breadcrumb_settings":null,"limit_modified_date":false,"open_ai":null,"ai":null,"created":"2021-03-09 02:22:40","updated":"2025-09-19 14:37:59"},"aioseo_breadcrumb":"<div class=\"aioseo-breadcrumbs\"><span class=\"aioseo-breadcrumb\">\n\t<a href=\"https:\/\/eldigitaldeasturias.com\/magazine365\" title=\"Home\">Home<\/a>\n<\/span><span class=\"aioseo-breadcrumb-separator\">\u2013<\/span><span class=\"aioseo-breadcrumb\">\n\t<a href=\"https:\/\/eldigitaldeasturias.com\/magazine365\/category\/actualidad-turismo\/\" title=\"Actualidad Turismo\">Actualidad Turismo<\/a>\n<\/span><span class=\"aioseo-breadcrumb-separator\">\u2013<\/span><span class=\"aioseo-breadcrumb\">\n\t<a href=\"https:\/\/eldigitaldeasturias.com\/magazine365\/el-psoe-incide-en-relanzar-la-actividad-turistica-de-torremolinos-e-impulsar-el-area-metropolitana\/\" title=\"El PSOE incide en relanzar la actividad tur\u00edstica de Torremolinos e impulsar el \u00e1rea metropolitana\">El PSOE incide en relanzar la actividad tur\u00edstica de Torremolinos e impulsar el \u00e1rea metropolitana<\/a>\n<\/span><\/div>","aioseo_breadcrumb_json":[{"label":"Home","link":"https:\/\/eldigitaldeasturias.com\/magazine365"},{"label":"Actualidad Turismo","link":"https:\/\/eldigitaldeasturias.com\/magazine365\/category\/actualidad-turismo\/"},{"label":"El PSOE incide en relanzar la actividad tur\u00edstica de Torremolinos e impulsar el \u00e1rea metropolitana","link":"https:\/\/eldigitaldeasturias.com\/magazine365\/el-psoe-incide-en-relanzar-la-actividad-turistica-de-torremolinos-e-impulsar-el-area-metropolitana\/"}],"_links":{"self":[{"href":"https:\/\/eldigitaldeasturias.com\/magazine365\/wp-json\/wp\/v2\/posts\/40907","targetHints":{"allow":["GET"]}}],"collection":[{"href":"https:\/\/eldigitaldeasturias.com\/magazine365\/wp-json\/wp\/v2\/posts"}],"about":[{"href":"https:\/\/eldigitaldeasturias.com\/magazine365\/wp-json\/wp\/v2\/types\/post"}],"author":[{"embeddable":true,"href":"https:\/\/eldigitaldeasturias.com\/magazine365\/wp-json\/wp\/v2\/users\/1"}],"replies":[{"embeddable":true,"href":"https:\/\/eldigitaldeasturias.com\/magazine365\/wp-json\/wp\/v2\/comments?post=40907"}],"version-history":[{"count":0,"href":"https:\/\/eldigitaldeasturias.com\/magazine365\/wp-json\/wp\/v2\/posts\/40907\/revisions"}],"wp:featuredmedia":[{"embeddable":true,"href":"https:\/\/eldigitaldeasturias.com\/magazine365\/wp-json\/wp\/v2\/media\/40908"}],"wp:attachment":[{"href":"https:\/\/eldigitaldeasturias.com\/magazine365\/wp-json\/wp\/v2\/media?parent=40907"}],"wp:term":[{"taxonomy":"category","embeddable":true,"href":"https:\/\/eldigitaldeasturias.com\/magazine365\/wp-json\/wp\/v2\/categories?post=40907"},{"taxonomy":"post_tag","embeddable":true,"href":"https:\/\/eldigitaldeasturias.com\/magazine365\/wp-json\/wp\/v2\/tags?post=40907"}],"curies":[{"name":"wp","href":"https:\/\/api.w.org\/{rel}","templated":true}]}}