{"id":40904,"date":"2015-06-25T08:54:53","date_gmt":"2015-06-25T07:24:53","guid":{"rendered":"http:\/\/eldigitaldeasturias.com\/magazine365\/?p=40904"},"modified":"2015-06-25T08:54:53","modified_gmt":"2015-06-25T07:24:53","slug":"malaga-aprovecha-el-despegue-del-30-en-el-mercado-vasco-para-promocionar-su-oferta-de-interior","status":"publish","type":"post","link":"https:\/\/eldigitaldeasturias.com\/magazine365\/malaga-aprovecha-el-despegue-del-30-en-el-mercado-vasco-para-promocionar-su-oferta-de-interior\/","title":{"rendered":"M\u00e1laga aprovecha el despegue del 30% en el mercado vasco para promocionar su oferta de interior"},"content":{"rendered":"<p><img fetchpriority=\"high\" decoding=\"async\" class=\"alignleft size-medium wp-image-40905\" src=\"https:\/\/eldigitaldeasturias.com\/magazine365\/wp-content\/uploads\/2015\/06\/fotonoticia_20150624172644_800-360x270.jpg\" alt=\"fotonoticia_20150624172644_800\" width=\"360\" height=\"270\" srcset=\"https:\/\/eldigitaldeasturias.com\/magazine365\/wp-content\/uploads\/2015\/06\/fotonoticia_20150624172644_800-360x270.jpg 360w, https:\/\/eldigitaldeasturias.com\/magazine365\/wp-content\/uploads\/2015\/06\/fotonoticia_20150624172644_800-650x488.jpg 650w, https:\/\/eldigitaldeasturias.com\/magazine365\/wp-content\/uploads\/2015\/06\/fotonoticia_20150624172644_800-768x576.jpg 768w, https:\/\/eldigitaldeasturias.com\/magazine365\/wp-content\/uploads\/2015\/06\/fotonoticia_20150624172644_800-150x113.jpg 150w, https:\/\/eldigitaldeasturias.com\/magazine365\/wp-content\/uploads\/2015\/06\/fotonoticia_20150624172644_800-450x338.jpg 450w, https:\/\/eldigitaldeasturias.com\/magazine365\/wp-content\/uploads\/2015\/06\/fotonoticia_20150624172644_800-80x60.jpg 80w, https:\/\/eldigitaldeasturias.com\/magazine365\/wp-content\/uploads\/2015\/06\/fotonoticia_20150624172644_800-265x198.jpg 265w, https:\/\/eldigitaldeasturias.com\/magazine365\/wp-content\/uploads\/2015\/06\/fotonoticia_20150624172644_800-696x522.jpg 696w, https:\/\/eldigitaldeasturias.com\/magazine365\/wp-content\/uploads\/2015\/06\/fotonoticia_20150624172644_800-560x420.jpg 560w, https:\/\/eldigitaldeasturias.com\/magazine365\/wp-content\/uploads\/2015\/06\/fotonoticia_20150624172644_800-90x67.jpg 90w, https:\/\/eldigitaldeasturias.com\/magazine365\/wp-content\/uploads\/2015\/06\/fotonoticia_20150624172644_800-100x75.jpg 100w, https:\/\/eldigitaldeasturias.com\/magazine365\/wp-content\/uploads\/2015\/06\/fotonoticia_20150624172644_800.jpg 800w\" sizes=\"(max-width: 360px) 100vw, 360px\" \/>Turismo Costa del Sol estar\u00e1 presente desde este jueves y hasta el s\u00e1bado en una acci\u00f3n promocional en el Pa\u00eds Vasco para mostrar toda la oferta de interior de la provincia y fidelizar al turista de esta regi\u00f3n, que este a\u00f1o est\u00e1 creciendo en n\u00famero de viajeros hoteleros y en pernoctaciones por encima del 30 por ciento.<\/p>\n<p>El encuentro, organizado por la Consejer\u00eda de Turismo y Comercio de la Junta de Andaluc\u00eda, se llevar\u00e1 a cabo en Bilbao para continuar con las iniciativas que generan demanda en mercados afines.<\/p>\n<p>De hecho, la promoci\u00f3n se centrar\u00e1 en las bondades de toda la provincia y, de manera espec\u00edfica, en los municipios malague\u00f1os de Antequera y Ronda, y en el parque natural de Sierra de las Nieves y los espacios naturales de turismo ornitol\u00f3gico.<\/p>\n<p>El presidente en funciones de la Diputaci\u00f3n de M\u00e1laga y de Turismo Costa del Sol, El\u00edas Bendodo, ha explicado, a trav\u00e9s de un comunicado, que \u00abel visitante del Pa\u00eds Vasco, adem\u00e1s de un turista fiel al destino, siempre se ha sentido muy atra\u00eddo por el turismo activo, de interior y de naturaleza\u00bb.<\/p>\n<p>Es m\u00e1s, en la reciente visita que se realiz\u00f3 a la feria Expovacaciones de Bilbao, a principios del mes de mayo, \u00abnotamos no s\u00f3lo un gran inter\u00e9s hacia los destinos de playa para este verano, sino tambi\u00e9n por las tres joyas que conforman el Gran Desaf\u00edo: la Gran Senda, la Senda Litoral y el Caminito del Rey\u00bb.<\/p>\n<p>La acci\u00f3n, bajo la denominaci\u00f3n Vuelve Andaluc\u00eda a Bilbao, se centra en un mercado nacional que est\u00e1 despuntando con mucha fuerza en la provincia de M\u00e1laga durante el presente 2015.<\/p>\n<p>Entre enero y mayo de este a\u00f1o, se han recibido m\u00e1s de 21.500 vascos alojados en los hoteles de M\u00e1laga, lo que se traduce en un 35 por ciento m\u00e1s que los contabilizados en el mismo per\u00edodo de 2014.<\/p>\n<p>Por su parte, las pernoctaciones superan las 95.000 y reflejan un crecimiento interanual del 31 por ciento, ya que en 2014 apenas sobrepasaban las 72.000. En este sentido, los turistas procedentes del Pa\u00eds Vasco suponen ya el tres por ciento de los viajeros y el cinco por ciento de todas las noches de hotel consumidas por los espa\u00f1oles.<\/p>\n<p>La iniciativa que arranca este jueves se complementa con la llevada a cabo a finales del pasado mes de mayo en la capital de Espa\u00f1a, Vuelve Andaluc\u00eda a Madrid, para fomentar la demanda nacional hacia el destino Costa del Sol.<\/p>\n","protected":false},"excerpt":{"rendered":"<p>Turismo Costa del Sol estar\u00e1 presente desde este jueves y hasta el s\u00e1bado en una acci\u00f3n promocional en el Pa\u00eds Vasco para mostrar toda la oferta de interior de la provincia y fidelizar al turista de esta regi\u00f3n, que este a\u00f1o est\u00e1 creciendo en n\u00famero de viajeros hoteleros y en pernoctaciones por encima del 30<\/p>\n","protected":false},"author":1,"featured_media":40905,"comment_status":"open","ping_status":"closed","sticky":false,"template":"","format":"standard","meta":{"footnotes":""},"categories":[222],"tags":[],"class_list":{"0":"post-40904","1":"post","2":"type-post","3":"status-publish","4":"format-standard","5":"has-post-thumbnail","7":"category-actualidad-turismo"},"aioseo_notices":[],"aioseo_head":"\n\t\t<!-- All in One SEO Pro 4.9.6.1 - aioseo.com -->\n\t<meta name=\"description\" content=\"Turismo Costa del Sol estar\u00e1 presente desde este jueves y hasta el s\u00e1bado en una acci\u00f3n promocional en el Pa\u00eds Vasco para mostrar toda la oferta de interior de la provincia y fidelizar al turista de esta regi\u00f3n, que este a\u00f1o est\u00e1 creciendo en n\u00famero de viajeros hoteleros y en pernoctaciones por encima del 30\" \/>\n\t<meta name=\"robots\" content=\"max-image-preview:large\" \/>\n\t<meta name=\"author\" content=\"admin\"\/>\n\t<meta name=\"google-site-verification\" content=\"UA-38556648-1\" \/>\n\t<meta name=\"keywords\" content=\"actualidad turismo\" \/>\n\t<link rel=\"canonical\" href=\"https:\/\/eldigitaldeasturias.com\/magazine365\/malaga-aprovecha-el-despegue-del-30-en-el-mercado-vasco-para-promocionar-su-oferta-de-interior\/\" \/>\n\t<meta name=\"generator\" content=\"All in One SEO Pro (AIOSEO) 4.9.6.1\" \/>\n\t\t<meta property=\"og:locale\" content=\"es_ES\" \/>\n\t\t<meta property=\"og:site_name\" content=\"El Digital de Asturias \u2013 Revista de ocio, turismo y estilo de vida\" \/>\n\t\t<meta property=\"og:type\" content=\"article\" \/>\n\t\t<meta property=\"og:title\" content=\"M\u00e1laga aprovecha el despegue del 30% en el mercado vasco para promocionar su oferta de interior | El Digital de Asturias\" \/>\n\t\t<meta property=\"og:description\" content=\"Turismo Costa del Sol estar\u00e1 presente desde este jueves y hasta el s\u00e1bado en una acci\u00f3n promocional en el Pa\u00eds Vasco para mostrar toda la oferta de interior de la provincia y fidelizar al turista de esta regi\u00f3n, que este a\u00f1o est\u00e1 creciendo en n\u00famero de viajeros hoteleros y en pernoctaciones por encima del 30\" \/>\n\t\t<meta property=\"og:url\" content=\"https:\/\/eldigitaldeasturias.com\/magazine365\/malaga-aprovecha-el-despegue-del-30-en-el-mercado-vasco-para-promocionar-su-oferta-de-interior\/\" \/>\n\t\t<meta property=\"og:image\" content=\"https:\/\/eldigitaldeasturias.com\/magazine365\/wp-content\/uploads\/2015\/06\/fotonoticia_20150624172644_800.jpg\" \/>\n\t\t<meta property=\"og:image:secure_url\" content=\"https:\/\/eldigitaldeasturias.com\/magazine365\/wp-content\/uploads\/2015\/06\/fotonoticia_20150624172644_800.jpg\" \/>\n\t\t<meta property=\"og:image:width\" content=\"800\" \/>\n\t\t<meta property=\"og:image:height\" content=\"600\" \/>\n\t\t<meta property=\"article:published_time\" content=\"2015-06-25T07:24:53+00:00\" \/>\n\t\t<meta property=\"article:modified_time\" content=\"2015-06-25T07:24:53+00:00\" \/>\n\t\t<meta name=\"twitter:card\" content=\"summary_large_image\" \/>\n\t\t<meta name=\"twitter:title\" content=\"M\u00e1laga aprovecha el despegue del 30% en el mercado vasco para promocionar su oferta de interior | El Digital de Asturias\" \/>\n\t\t<meta name=\"twitter:description\" content=\"Turismo Costa del Sol estar\u00e1 presente desde este jueves y hasta el s\u00e1bado en una acci\u00f3n promocional en el Pa\u00eds Vasco para mostrar toda la oferta de interior de la provincia y fidelizar al turista de esta regi\u00f3n, que este a\u00f1o est\u00e1 creciendo en n\u00famero de viajeros hoteleros y en pernoctaciones por encima del 30\" \/>\n\t\t<meta name=\"twitter:image\" content=\"https:\/\/eldigitaldeasturias.com\/magazine365\/wp-content\/uploads\/2015\/06\/fotonoticia_20150624172644_800.jpg\" \/>\n\t\t<script type=\"application\/ld+json\" class=\"aioseo-schema\">\n\t\t\t{\"@context\":\"https:\\\/\\\/schema.org\",\"@graph\":[{\"@type\":\"Article\",\"@id\":\"https:\\\/\\\/eldigitaldeasturias.com\\\/magazine365\\\/malaga-aprovecha-el-despegue-del-30-en-el-mercado-vasco-para-promocionar-su-oferta-de-interior\\\/#article\",\"name\":\"M\\u00e1laga aprovecha el despegue del 30% en el mercado vasco para promocionar su oferta de interior | El Digital de Asturias\",\"headline\":\"M\\u00e1laga aprovecha el despegue del 30% en el mercado vasco para promocionar su oferta de interior\",\"author\":{\"@id\":\"https:\\\/\\\/eldigitaldeasturias.com\\\/magazine365\\\/author\\\/admin\\\/#author\"},\"publisher\":{\"@id\":\"https:\\\/\\\/eldigitaldeasturias.com\\\/magazine365\\\/#organization\"},\"image\":{\"@type\":\"ImageObject\",\"url\":\"https:\\\/\\\/eldigitaldeasturias.com\\\/magazine365\\\/wp-content\\\/uploads\\\/2015\\\/06\\\/fotonoticia_20150624172644_800.jpg\",\"width\":800,\"height\":600},\"datePublished\":\"2015-06-25T08:54:53+02:00\",\"dateModified\":\"2015-06-25T08:54:53+02:00\",\"inLanguage\":\"es-ES\",\"mainEntityOfPage\":{\"@id\":\"https:\\\/\\\/eldigitaldeasturias.com\\\/magazine365\\\/malaga-aprovecha-el-despegue-del-30-en-el-mercado-vasco-para-promocionar-su-oferta-de-interior\\\/#webpage\"},\"isPartOf\":{\"@id\":\"https:\\\/\\\/eldigitaldeasturias.com\\\/magazine365\\\/malaga-aprovecha-el-despegue-del-30-en-el-mercado-vasco-para-promocionar-su-oferta-de-interior\\\/#webpage\"},\"articleSection\":\"Actualidad Turismo\"},{\"@type\":\"BreadcrumbList\",\"@id\":\"https:\\\/\\\/eldigitaldeasturias.com\\\/magazine365\\\/malaga-aprovecha-el-despegue-del-30-en-el-mercado-vasco-para-promocionar-su-oferta-de-interior\\\/#breadcrumblist\",\"itemListElement\":[{\"@type\":\"ListItem\",\"@id\":\"https:\\\/\\\/eldigitaldeasturias.com\\\/magazine365#listItem\",\"position\":1,\"name\":\"Home\",\"item\":\"https:\\\/\\\/eldigitaldeasturias.com\\\/magazine365\",\"nextItem\":{\"@type\":\"ListItem\",\"@id\":\"https:\\\/\\\/eldigitaldeasturias.com\\\/magazine365\\\/category\\\/actualidad-turismo\\\/#listItem\",\"name\":\"Actualidad Turismo\"}},{\"@type\":\"ListItem\",\"@id\":\"https:\\\/\\\/eldigitaldeasturias.com\\\/magazine365\\\/category\\\/actualidad-turismo\\\/#listItem\",\"position\":2,\"name\":\"Actualidad Turismo\",\"item\":\"https:\\\/\\\/eldigitaldeasturias.com\\\/magazine365\\\/category\\\/actualidad-turismo\\\/\",\"nextItem\":{\"@type\":\"ListItem\",\"@id\":\"https:\\\/\\\/eldigitaldeasturias.com\\\/magazine365\\\/malaga-aprovecha-el-despegue-del-30-en-el-mercado-vasco-para-promocionar-su-oferta-de-interior\\\/#listItem\",\"name\":\"M\\u00e1laga aprovecha el despegue del 30% en el mercado vasco para promocionar su oferta de interior\"},\"previousItem\":{\"@type\":\"ListItem\",\"@id\":\"https:\\\/\\\/eldigitaldeasturias.com\\\/magazine365#listItem\",\"name\":\"Home\"}},{\"@type\":\"ListItem\",\"@id\":\"https:\\\/\\\/eldigitaldeasturias.com\\\/magazine365\\\/malaga-aprovecha-el-despegue-del-30-en-el-mercado-vasco-para-promocionar-su-oferta-de-interior\\\/#listItem\",\"position\":3,\"name\":\"M\\u00e1laga aprovecha el despegue del 30% en el mercado vasco para promocionar su oferta de interior\",\"previousItem\":{\"@type\":\"ListItem\",\"@id\":\"https:\\\/\\\/eldigitaldeasturias.com\\\/magazine365\\\/category\\\/actualidad-turismo\\\/#listItem\",\"name\":\"Actualidad Turismo\"}}]},{\"@type\":\"Organization\",\"@id\":\"https:\\\/\\\/eldigitaldeasturias.com\\\/magazine365\\\/#organization\",\"name\":\"El digital de Asturias\",\"description\":\"Revista de ocio, turismo y estilo de vida\",\"url\":\"https:\\\/\\\/eldigitaldeasturias.com\\\/magazine365\\\/\",\"logo\":{\"@type\":\"ImageObject\",\"url\":\"https:\\\/\\\/www.eldigitaldeasturias.com\\\/noticias\\\/wp-content\\\/uploads\\\/2020\\\/12\\\/EDA.jpg\",\"@id\":\"https:\\\/\\\/eldigitaldeasturias.com\\\/magazine365\\\/malaga-aprovecha-el-despegue-del-30-en-el-mercado-vasco-para-promocionar-su-oferta-de-interior\\\/#organizationLogo\"},\"image\":{\"@id\":\"https:\\\/\\\/eldigitaldeasturias.com\\\/magazine365\\\/malaga-aprovecha-el-despegue-del-30-en-el-mercado-vasco-para-promocionar-su-oferta-de-interior\\\/#organizationLogo\"}},{\"@type\":\"Person\",\"@id\":\"https:\\\/\\\/eldigitaldeasturias.com\\\/magazine365\\\/author\\\/admin\\\/#author\",\"url\":\"https:\\\/\\\/eldigitaldeasturias.com\\\/magazine365\\\/author\\\/admin\\\/\",\"name\":\"admin\",\"image\":{\"@type\":\"ImageObject\",\"@id\":\"https:\\\/\\\/eldigitaldeasturias.com\\\/magazine365\\\/malaga-aprovecha-el-despegue-del-30-en-el-mercado-vasco-para-promocionar-su-oferta-de-interior\\\/#authorImage\",\"url\":\"https:\\\/\\\/eldigitaldeasturias.com\\\/magazine365\\\/wp-content\\\/litespeed\\\/avatar\\\/e571bcf59a0edd6fa6838245a470f2fe.jpg?ver=1777574230\",\"width\":96,\"height\":96,\"caption\":\"admin\"}},{\"@type\":\"WebPage\",\"@id\":\"https:\\\/\\\/eldigitaldeasturias.com\\\/magazine365\\\/malaga-aprovecha-el-despegue-del-30-en-el-mercado-vasco-para-promocionar-su-oferta-de-interior\\\/#webpage\",\"url\":\"https:\\\/\\\/eldigitaldeasturias.com\\\/magazine365\\\/malaga-aprovecha-el-despegue-del-30-en-el-mercado-vasco-para-promocionar-su-oferta-de-interior\\\/\",\"name\":\"M\\u00e1laga aprovecha el despegue del 30% en el mercado vasco para promocionar su oferta de interior | El Digital de Asturias\",\"description\":\"Turismo Costa del Sol estar\\u00e1 presente desde este jueves y hasta el s\\u00e1bado en una acci\\u00f3n promocional en el Pa\\u00eds Vasco para mostrar toda la oferta de interior de la provincia y fidelizar al turista de esta regi\\u00f3n, que este a\\u00f1o est\\u00e1 creciendo en n\\u00famero de viajeros hoteleros y en pernoctaciones por encima del 30\",\"inLanguage\":\"es-ES\",\"isPartOf\":{\"@id\":\"https:\\\/\\\/eldigitaldeasturias.com\\\/magazine365\\\/#website\"},\"breadcrumb\":{\"@id\":\"https:\\\/\\\/eldigitaldeasturias.com\\\/magazine365\\\/malaga-aprovecha-el-despegue-del-30-en-el-mercado-vasco-para-promocionar-su-oferta-de-interior\\\/#breadcrumblist\"},\"author\":{\"@id\":\"https:\\\/\\\/eldigitaldeasturias.com\\\/magazine365\\\/author\\\/admin\\\/#author\"},\"creator\":{\"@id\":\"https:\\\/\\\/eldigitaldeasturias.com\\\/magazine365\\\/author\\\/admin\\\/#author\"},\"image\":{\"@type\":\"ImageObject\",\"url\":\"https:\\\/\\\/eldigitaldeasturias.com\\\/magazine365\\\/wp-content\\\/uploads\\\/2015\\\/06\\\/fotonoticia_20150624172644_800.jpg\",\"@id\":\"https:\\\/\\\/eldigitaldeasturias.com\\\/magazine365\\\/malaga-aprovecha-el-despegue-del-30-en-el-mercado-vasco-para-promocionar-su-oferta-de-interior\\\/#mainImage\",\"width\":800,\"height\":600},\"primaryImageOfPage\":{\"@id\":\"https:\\\/\\\/eldigitaldeasturias.com\\\/magazine365\\\/malaga-aprovecha-el-despegue-del-30-en-el-mercado-vasco-para-promocionar-su-oferta-de-interior\\\/#mainImage\"},\"datePublished\":\"2015-06-25T08:54:53+02:00\",\"dateModified\":\"2015-06-25T08:54:53+02:00\"},{\"@type\":\"WebSite\",\"@id\":\"https:\\\/\\\/eldigitaldeasturias.com\\\/magazine365\\\/#website\",\"url\":\"https:\\\/\\\/eldigitaldeasturias.com\\\/magazine365\\\/\",\"name\":\"El Digital de Asturias\",\"description\":\"Revista de ocio, turismo y estilo de vida\",\"inLanguage\":\"es-ES\",\"publisher\":{\"@id\":\"https:\\\/\\\/eldigitaldeasturias.com\\\/magazine365\\\/#organization\"}}]}\n\t\t<\/script>\n\t\t<!-- All in One SEO Pro -->\r\n\t\t<title>M\u00e1laga aprovecha el despegue del 30% en el mercado vasco para promocionar su oferta de interior | El Digital de Asturias<\/title>\n\n","aioseo_head_json":{"title":"M\u00e1laga aprovecha el despegue del 30% en el mercado vasco para promocionar su oferta de interior | El Digital de Asturias","description":"Turismo Costa del Sol estar\u00e1 presente desde este jueves y hasta el s\u00e1bado en una acci\u00f3n promocional en el Pa\u00eds Vasco para mostrar toda la oferta de interior de la provincia y fidelizar al turista de esta regi\u00f3n, que este a\u00f1o est\u00e1 creciendo en n\u00famero de viajeros hoteleros y en pernoctaciones por encima del 30","canonical_url":"https:\/\/eldigitaldeasturias.com\/magazine365\/malaga-aprovecha-el-despegue-del-30-en-el-mercado-vasco-para-promocionar-su-oferta-de-interior\/","robots":"max-image-preview:large","keywords":"actualidad turismo","webmasterTools":{"google-site-verification":"UA-38556648-1","miscellaneous":""},"schema":{"@context":"https:\/\/schema.org","@graph":[{"@type":"Article","@id":"https:\/\/eldigitaldeasturias.com\/magazine365\/malaga-aprovecha-el-despegue-del-30-en-el-mercado-vasco-para-promocionar-su-oferta-de-interior\/#article","name":"M\u00e1laga aprovecha el despegue del 30% en el mercado vasco para promocionar su oferta de interior | El Digital de Asturias","headline":"M\u00e1laga aprovecha el despegue del 30% en el mercado vasco para promocionar su oferta de interior","author":{"@id":"https:\/\/eldigitaldeasturias.com\/magazine365\/author\/admin\/#author"},"publisher":{"@id":"https:\/\/eldigitaldeasturias.com\/magazine365\/#organization"},"image":{"@type":"ImageObject","url":"https:\/\/eldigitaldeasturias.com\/magazine365\/wp-content\/uploads\/2015\/06\/fotonoticia_20150624172644_800.jpg","width":800,"height":600},"datePublished":"2015-06-25T08:54:53+02:00","dateModified":"2015-06-25T08:54:53+02:00","inLanguage":"es-ES","mainEntityOfPage":{"@id":"https:\/\/eldigitaldeasturias.com\/magazine365\/malaga-aprovecha-el-despegue-del-30-en-el-mercado-vasco-para-promocionar-su-oferta-de-interior\/#webpage"},"isPartOf":{"@id":"https:\/\/eldigitaldeasturias.com\/magazine365\/malaga-aprovecha-el-despegue-del-30-en-el-mercado-vasco-para-promocionar-su-oferta-de-interior\/#webpage"},"articleSection":"Actualidad Turismo"},{"@type":"BreadcrumbList","@id":"https:\/\/eldigitaldeasturias.com\/magazine365\/malaga-aprovecha-el-despegue-del-30-en-el-mercado-vasco-para-promocionar-su-oferta-de-interior\/#breadcrumblist","itemListElement":[{"@type":"ListItem","@id":"https:\/\/eldigitaldeasturias.com\/magazine365#listItem","position":1,"name":"Home","item":"https:\/\/eldigitaldeasturias.com\/magazine365","nextItem":{"@type":"ListItem","@id":"https:\/\/eldigitaldeasturias.com\/magazine365\/category\/actualidad-turismo\/#listItem","name":"Actualidad Turismo"}},{"@type":"ListItem","@id":"https:\/\/eldigitaldeasturias.com\/magazine365\/category\/actualidad-turismo\/#listItem","position":2,"name":"Actualidad Turismo","item":"https:\/\/eldigitaldeasturias.com\/magazine365\/category\/actualidad-turismo\/","nextItem":{"@type":"ListItem","@id":"https:\/\/eldigitaldeasturias.com\/magazine365\/malaga-aprovecha-el-despegue-del-30-en-el-mercado-vasco-para-promocionar-su-oferta-de-interior\/#listItem","name":"M\u00e1laga aprovecha el despegue del 30% en el mercado vasco para promocionar su oferta de interior"},"previousItem":{"@type":"ListItem","@id":"https:\/\/eldigitaldeasturias.com\/magazine365#listItem","name":"Home"}},{"@type":"ListItem","@id":"https:\/\/eldigitaldeasturias.com\/magazine365\/malaga-aprovecha-el-despegue-del-30-en-el-mercado-vasco-para-promocionar-su-oferta-de-interior\/#listItem","position":3,"name":"M\u00e1laga aprovecha el despegue del 30% en el mercado vasco para promocionar su oferta de interior","previousItem":{"@type":"ListItem","@id":"https:\/\/eldigitaldeasturias.com\/magazine365\/category\/actualidad-turismo\/#listItem","name":"Actualidad Turismo"}}]},{"@type":"Organization","@id":"https:\/\/eldigitaldeasturias.com\/magazine365\/#organization","name":"El digital de Asturias","description":"Revista de ocio, turismo y estilo de vida","url":"https:\/\/eldigitaldeasturias.com\/magazine365\/","logo":{"@type":"ImageObject","url":"https:\/\/www.eldigitaldeasturias.com\/noticias\/wp-content\/uploads\/2020\/12\/EDA.jpg","@id":"https:\/\/eldigitaldeasturias.com\/magazine365\/malaga-aprovecha-el-despegue-del-30-en-el-mercado-vasco-para-promocionar-su-oferta-de-interior\/#organizationLogo"},"image":{"@id":"https:\/\/eldigitaldeasturias.com\/magazine365\/malaga-aprovecha-el-despegue-del-30-en-el-mercado-vasco-para-promocionar-su-oferta-de-interior\/#organizationLogo"}},{"@type":"Person","@id":"https:\/\/eldigitaldeasturias.com\/magazine365\/author\/admin\/#author","url":"https:\/\/eldigitaldeasturias.com\/magazine365\/author\/admin\/","name":"admin","image":{"@type":"ImageObject","@id":"https:\/\/eldigitaldeasturias.com\/magazine365\/malaga-aprovecha-el-despegue-del-30-en-el-mercado-vasco-para-promocionar-su-oferta-de-interior\/#authorImage","url":"https:\/\/eldigitaldeasturias.com\/magazine365\/wp-content\/litespeed\/avatar\/e571bcf59a0edd6fa6838245a470f2fe.jpg?ver=1777574230","width":96,"height":96,"caption":"admin"}},{"@type":"WebPage","@id":"https:\/\/eldigitaldeasturias.com\/magazine365\/malaga-aprovecha-el-despegue-del-30-en-el-mercado-vasco-para-promocionar-su-oferta-de-interior\/#webpage","url":"https:\/\/eldigitaldeasturias.com\/magazine365\/malaga-aprovecha-el-despegue-del-30-en-el-mercado-vasco-para-promocionar-su-oferta-de-interior\/","name":"M\u00e1laga aprovecha el despegue del 30% en el mercado vasco para promocionar su oferta de interior | El Digital de Asturias","description":"Turismo Costa del Sol estar\u00e1 presente desde este jueves y hasta el s\u00e1bado en una acci\u00f3n promocional en el Pa\u00eds Vasco para mostrar toda la oferta de interior de la provincia y fidelizar al turista de esta regi\u00f3n, que este a\u00f1o est\u00e1 creciendo en n\u00famero de viajeros hoteleros y en pernoctaciones por encima del 30","inLanguage":"es-ES","isPartOf":{"@id":"https:\/\/eldigitaldeasturias.com\/magazine365\/#website"},"breadcrumb":{"@id":"https:\/\/eldigitaldeasturias.com\/magazine365\/malaga-aprovecha-el-despegue-del-30-en-el-mercado-vasco-para-promocionar-su-oferta-de-interior\/#breadcrumblist"},"author":{"@id":"https:\/\/eldigitaldeasturias.com\/magazine365\/author\/admin\/#author"},"creator":{"@id":"https:\/\/eldigitaldeasturias.com\/magazine365\/author\/admin\/#author"},"image":{"@type":"ImageObject","url":"https:\/\/eldigitaldeasturias.com\/magazine365\/wp-content\/uploads\/2015\/06\/fotonoticia_20150624172644_800.jpg","@id":"https:\/\/eldigitaldeasturias.com\/magazine365\/malaga-aprovecha-el-despegue-del-30-en-el-mercado-vasco-para-promocionar-su-oferta-de-interior\/#mainImage","width":800,"height":600},"primaryImageOfPage":{"@id":"https:\/\/eldigitaldeasturias.com\/magazine365\/malaga-aprovecha-el-despegue-del-30-en-el-mercado-vasco-para-promocionar-su-oferta-de-interior\/#mainImage"},"datePublished":"2015-06-25T08:54:53+02:00","dateModified":"2015-06-25T08:54:53+02:00"},{"@type":"WebSite","@id":"https:\/\/eldigitaldeasturias.com\/magazine365\/#website","url":"https:\/\/eldigitaldeasturias.com\/magazine365\/","name":"El Digital de Asturias","description":"Revista de ocio, turismo y estilo de vida","inLanguage":"es-ES","publisher":{"@id":"https:\/\/eldigitaldeasturias.com\/magazine365\/#organization"}}]},"og:locale":"es_ES","og:site_name":"El Digital de Asturias \u2013 Revista de ocio, turismo y estilo de vida","og:type":"article","og:title":"M\u00e1laga aprovecha el despegue del 30% en el mercado vasco para promocionar su oferta de interior | El Digital de Asturias","og:description":"Turismo Costa del Sol estar\u00e1 presente desde este jueves y hasta el s\u00e1bado en una acci\u00f3n promocional en el Pa\u00eds Vasco para mostrar toda la oferta de interior de la provincia y fidelizar al turista de esta regi\u00f3n, que este a\u00f1o est\u00e1 creciendo en n\u00famero de viajeros hoteleros y en pernoctaciones por encima del 30","og:url":"https:\/\/eldigitaldeasturias.com\/magazine365\/malaga-aprovecha-el-despegue-del-30-en-el-mercado-vasco-para-promocionar-su-oferta-de-interior\/","og:image":"https:\/\/eldigitaldeasturias.com\/magazine365\/wp-content\/uploads\/2015\/06\/fotonoticia_20150624172644_800.jpg","og:image:secure_url":"https:\/\/eldigitaldeasturias.com\/magazine365\/wp-content\/uploads\/2015\/06\/fotonoticia_20150624172644_800.jpg","og:image:width":800,"og:image:height":600,"article:published_time":"2015-06-25T07:24:53+00:00","article:modified_time":"2015-06-25T07:24:53+00:00","twitter:card":"summary_large_image","twitter:title":"M\u00e1laga aprovecha el despegue del 30% en el mercado vasco para promocionar su oferta de interior | El Digital de Asturias","twitter:description":"Turismo Costa del Sol estar\u00e1 presente desde este jueves y hasta el s\u00e1bado en una acci\u00f3n promocional en el Pa\u00eds Vasco para mostrar toda la oferta de interior de la provincia y fidelizar al turista de esta regi\u00f3n, que este a\u00f1o est\u00e1 creciendo en n\u00famero de viajeros hoteleros y en pernoctaciones por encima del 30","twitter:image":"https:\/\/eldigitaldeasturias.com\/magazine365\/wp-content\/uploads\/2015\/06\/fotonoticia_20150624172644_800.jpg"},"aioseo_meta_data":{"post_id":"40904","title":null,"description":null,"keywords":null,"keyphrases":null,"primary_term":null,"canonical_url":null,"og_title":null,"og_description":null,"og_object_type":"default","og_image_type":"default","og_image_url":null,"og_image_width":null,"og_image_height":null,"og_image_custom_url":null,"og_image_custom_fields":null,"og_video":null,"og_custom_url":null,"og_article_section":null,"og_article_tags":null,"twitter_use_og":false,"twitter_card":"default","twitter_image_type":"default","twitter_image_url":null,"twitter_image_custom_url":null,"twitter_image_custom_fields":null,"twitter_title":null,"twitter_description":null,"schema":{"blockGraphs":[],"customGraphs":[],"default":{"data":{"Article":[],"Course":[],"Dataset":[],"FAQPage":[],"Movie":[],"Person":[],"Product":[],"ProductReview":[],"Car":[],"Recipe":[],"Service":[],"SoftwareApplication":[],"WebPage":[]},"graphName":"","isEnabled":true},"graphs":[],"defaultGraph":"","defaultPostTypeGraph":""},"schema_type":null,"schema_type_options":null,"pillar_content":false,"robots_default":true,"robots_noindex":false,"robots_noarchive":false,"robots_nosnippet":false,"robots_nofollow":false,"robots_noimageindex":false,"robots_noodp":false,"robots_notranslate":false,"robots_max_snippet":null,"robots_max_videopreview":null,"robots_max_imagepreview":"large","priority":null,"frequency":null,"location":null,"local_seo":null,"seo_analyzer_scan_date":"2025-09-19 14:37:58","breadcrumb_settings":null,"limit_modified_date":false,"open_ai":null,"ai":null,"created":"2021-03-09 02:22:40","updated":"2025-09-19 14:37:58"},"aioseo_breadcrumb":"<div class=\"aioseo-breadcrumbs\"><span class=\"aioseo-breadcrumb\">\n\t<a href=\"https:\/\/eldigitaldeasturias.com\/magazine365\" title=\"Home\">Home<\/a>\n<\/span><span class=\"aioseo-breadcrumb-separator\">\u2013<\/span><span class=\"aioseo-breadcrumb\">\n\t<a href=\"https:\/\/eldigitaldeasturias.com\/magazine365\/category\/actualidad-turismo\/\" title=\"Actualidad Turismo\">Actualidad Turismo<\/a>\n<\/span><span class=\"aioseo-breadcrumb-separator\">\u2013<\/span><span class=\"aioseo-breadcrumb\">\n\t<a href=\"https:\/\/eldigitaldeasturias.com\/magazine365\/malaga-aprovecha-el-despegue-del-30-en-el-mercado-vasco-para-promocionar-su-oferta-de-interior\/\" title=\"M\u00e1laga aprovecha el despegue del 30% en el mercado vasco para promocionar su oferta de interior\">M\u00e1laga aprovecha el despegue del 30% en el mercado vasco para promocionar su oferta de interior<\/a>\n<\/span><\/div>","aioseo_breadcrumb_json":[{"label":"Home","link":"https:\/\/eldigitaldeasturias.com\/magazine365"},{"label":"Actualidad Turismo","link":"https:\/\/eldigitaldeasturias.com\/magazine365\/category\/actualidad-turismo\/"},{"label":"M\u00e1laga aprovecha el despegue del 30% en el mercado vasco para promocionar su oferta de interior","link":"https:\/\/eldigitaldeasturias.com\/magazine365\/malaga-aprovecha-el-despegue-del-30-en-el-mercado-vasco-para-promocionar-su-oferta-de-interior\/"}],"_links":{"self":[{"href":"https:\/\/eldigitaldeasturias.com\/magazine365\/wp-json\/wp\/v2\/posts\/40904","targetHints":{"allow":["GET"]}}],"collection":[{"href":"https:\/\/eldigitaldeasturias.com\/magazine365\/wp-json\/wp\/v2\/posts"}],"about":[{"href":"https:\/\/eldigitaldeasturias.com\/magazine365\/wp-json\/wp\/v2\/types\/post"}],"author":[{"embeddable":true,"href":"https:\/\/eldigitaldeasturias.com\/magazine365\/wp-json\/wp\/v2\/users\/1"}],"replies":[{"embeddable":true,"href":"https:\/\/eldigitaldeasturias.com\/magazine365\/wp-json\/wp\/v2\/comments?post=40904"}],"version-history":[{"count":0,"href":"https:\/\/eldigitaldeasturias.com\/magazine365\/wp-json\/wp\/v2\/posts\/40904\/revisions"}],"wp:featuredmedia":[{"embeddable":true,"href":"https:\/\/eldigitaldeasturias.com\/magazine365\/wp-json\/wp\/v2\/media\/40905"}],"wp:attachment":[{"href":"https:\/\/eldigitaldeasturias.com\/magazine365\/wp-json\/wp\/v2\/media?parent=40904"}],"wp:term":[{"taxonomy":"category","embeddable":true,"href":"https:\/\/eldigitaldeasturias.com\/magazine365\/wp-json\/wp\/v2\/categories?post=40904"},{"taxonomy":"post_tag","embeddable":true,"href":"https:\/\/eldigitaldeasturias.com\/magazine365\/wp-json\/wp\/v2\/tags?post=40904"}],"curies":[{"name":"wp","href":"https:\/\/api.w.org\/{rel}","templated":true}]}}