{"id":40901,"date":"2015-06-25T08:53:50","date_gmt":"2015-06-25T07:23:50","guid":{"rendered":"http:\/\/eldigitaldeasturias.com\/magazine365\/?p=40901"},"modified":"2015-06-25T08:53:50","modified_gmt":"2015-06-25T07:23:50","slug":"susana-diaz-ve-2015-muy-positivo-y-destaca-que-andalucia-tiene-capacidad-para-recibir-a-turistas-todo-el-ano","status":"publish","type":"post","link":"https:\/\/eldigitaldeasturias.com\/magazine365\/susana-diaz-ve-2015-muy-positivo-y-destaca-que-andalucia-tiene-capacidad-para-recibir-a-turistas-todo-el-ano\/","title":{"rendered":"Susana D\u00edaz ve 2015 \u00abmuy positivo\u00bb y destaca que Andaluc\u00eda tiene capacidad para recibir a turistas todo el a\u00f1o"},"content":{"rendered":"<p><img fetchpriority=\"high\" decoding=\"async\" class=\"alignleft size-medium wp-image-40902\" src=\"https:\/\/eldigitaldeasturias.com\/magazine365\/wp-content\/uploads\/2015\/06\/fotonoticia_20150624164445_800-360x247.jpg\" alt=\"fotonoticia_20150624164445_800\" width=\"360\" height=\"247\" srcset=\"https:\/\/eldigitaldeasturias.com\/magazine365\/wp-content\/uploads\/2015\/06\/fotonoticia_20150624164445_800-360x247.jpg 360w, https:\/\/eldigitaldeasturias.com\/magazine365\/wp-content\/uploads\/2015\/06\/fotonoticia_20150624164445_800-650x445.jpg 650w, https:\/\/eldigitaldeasturias.com\/magazine365\/wp-content\/uploads\/2015\/06\/fotonoticia_20150624164445_800-768x526.jpg 768w, https:\/\/eldigitaldeasturias.com\/magazine365\/wp-content\/uploads\/2015\/06\/fotonoticia_20150624164445_800-150x103.jpg 150w, https:\/\/eldigitaldeasturias.com\/magazine365\/wp-content\/uploads\/2015\/06\/fotonoticia_20150624164445_800-450x308.jpg 450w, https:\/\/eldigitaldeasturias.com\/magazine365\/wp-content\/uploads\/2015\/06\/fotonoticia_20150624164445_800-100x70.jpg 100w, https:\/\/eldigitaldeasturias.com\/magazine365\/wp-content\/uploads\/2015\/06\/fotonoticia_20150624164445_800-218x150.jpg 218w, https:\/\/eldigitaldeasturias.com\/magazine365\/wp-content\/uploads\/2015\/06\/fotonoticia_20150624164445_800-696x477.jpg 696w, https:\/\/eldigitaldeasturias.com\/magazine365\/wp-content\/uploads\/2015\/06\/fotonoticia_20150624164445_800-613x420.jpg 613w, https:\/\/eldigitaldeasturias.com\/magazine365\/wp-content\/uploads\/2015\/06\/fotonoticia_20150624164445_800.jpg 800w\" sizes=\"(max-width: 360px) 100vw, 360px\" \/>La presidenta de la Junta de Andaluc\u00eda, Susana D\u00edaz, ha presidido este mi\u00e9rcoles, por primera vez desde que se cre\u00f3 hace 20 a\u00f1os, la Mesa de Turismo, un organismo en el que est\u00e1n representados todos los agentes del sector tur\u00edstico y donde ha conocido la situaci\u00f3n actual y lo que \u00e9ste demanda. As\u00ed, ha incidido en la necesidad de romper la estacionalidad tur\u00edstica, insistiendo en la capacidad y fortaleza que tiene la Comunidad andaluza para recibir a turistas durante todo el a\u00f1o.<\/p>\n<p>Tambi\u00e9n ha recalcado que 2015 est\u00e1 siendo un a\u00f1o \u00abmuy positivo\u00bb para el turismo, no s\u00f3lo por el comportamiento de los mercados internacionales sino por el nacional. De hecho, tras destacar el dato de mayo ha a\u00f1adido que este ejercicio concluir\u00e1 con cifras por encima del cinco por ciento en visitantes y pernoctaciones, con m\u00e1s estancia media; \u00abdatos a\u00fan mejores que los de 2014\u00bb, cuando concluy\u00f3 con 24 millones de viajeros y 45 millones de estancias.<\/p>\n<p>Tras la reuni\u00f3n, celebrada en M\u00e1laga, la presidenta andaluza ha recalcado que se ten\u00eda que reforzar \u00aba\u00fan m\u00e1s el marco de entendimiento\u00bb con el sector, un hecho que ayudar\u00e1 a Andaluc\u00eda \u00abcomo destino tur\u00edstico de primer nivel\u00bb. Adem\u00e1s, ha incidido en la necesidad de que se ampl\u00ede la estancia de los turistas en la regi\u00f3n y en romper la estacionalidad.<\/p>\n<p>\u00abTenemos una magn\u00edfica planta hotelera, un sector muy potente, un clima id\u00f3neo que tiene que permitir que todo el a\u00f1o tenga capacidad para recibir turismo\u00bb, ha dicho, al tiempo que se ha comprometido a que no habr\u00e1 ni un segmento \u00abque no reciba ese esfuerzo y que tenga el mimo por parte de la Junta: nieve, interior, cultural, gastron\u00f3mico, enol\u00f3gico&#8230; todos van a contar con nuestro aliento\u00bb.<\/p>\n<p>En este punto, ha hecho hincapi\u00e9 en su apuesta por la Costa del Sol, \u00abla joya de la corona de nuestro turismo de playa, que tiene capacidad de arrastre para todo el litoral andaluz\u00bb. D\u00edaz ha a\u00f1adido que con todos estos mimbres, Andaluc\u00eda \u00abno se puede permitir tener la planta hotelera cerrada el resto del a\u00f1o, que no tenga rentabilidad\u00bb.<\/p>\n<p>El crecimiento econ\u00f3mico es \u00abfundamental\u00bb para crear empleo y riqueza, ha sostenido, en declaraciones a los periodistas, en las que ha recordado que el turismo es un sector clave, que supone el 13 por ciento del Producto Interior Bruto (PIB); en definitiva, una industria \u00abmuy din\u00e1mica que, en un momento como \u00e9ste de posible recuperaci\u00f3n, tiene mucha capacidad de crecimiento y de hacerlo muy r\u00e1pido\u00bb.<\/p>\n<p>Estos incrementos, ha puntualizado, deben llevar aparejado \u00abun empleo de calidad, salarios dignos, lo que ayuda a la calidad del turismo y a fidelizar al visitante\u00bb. M\u00e1s a\u00fan, ha agregado, en un momento en el que muchos turistas de los que llegan a Andaluc\u00eda lo hacen porque \u00abotros destinos no les son atractivos y hay que fidelizarlos\u00bb para que repitan su viaje y estancia en la regi\u00f3n.<\/p>\n<p>PONER LOS PLANES EN MARCHA<\/p>\n<p>En este punto, el presidente del Consejo de Turismo de la CEA, Miguel S\u00e1nchez, ha manifestado a los periodistas que el actual es un momento \u00abclave\u00bb: \u00abel turismo es muy movible y estamos en un c\u00edrculo en el que ahora estamos de nuevo de moda, despu\u00e9s de la p\u00e9rdida de confianza en los a\u00f1os 2007 y 2008\u00bb.<\/p>\n<p>As\u00ed, ha reclamado a la Junta de Andaluc\u00eda la puesta en marcha de los planes de acci\u00f3n pendientes, como el de la estacionalidad, que es perentorio, algo en lo que ha coincidido tambi\u00e9n el secretario general de la Federaci\u00f3n de Turismo y Comercio de CCOO-A, Gonzalo Fuentes.<\/p>\n<p>Ambos dirigentes de la CEA y de CCOO han agradecido la reuni\u00f3n y el \u00abinter\u00e9s\u00bb de D\u00edaz por el turismo andaluz y han confiado en que ahora, con el nuevo equipo de la Consejer\u00eda, con Javier Fern\u00e1ndez al frente, \u00abnos pongamos a trabajar y se vayan resolviendo los temas porque llevamos seis meses con la mayor\u00eda de los asuntos parados\u00bb.<\/p>\n<p>Para Fuentes, \u00abtoca sentarse ya a trabajar y a desarrollar toda la hoja de ruta y que los planes aprobados se pongan en marcha. No se puede esperar mucho m\u00e1s, es un momento hist\u00f3rico del turismo en el que Andaluc\u00eda crece m\u00e1s r\u00e1pido que el conjunto del Estado y hay que aprovecharlo\u00bb.<\/p>\n<p>FORMACI\u00d3N<\/p>\n<p>La presidenta de la Junta se ha referido tambi\u00e9n a una demanda trasladada por los representantes de la industria tur\u00edstica: la formaci\u00f3n, que \u00ablleva varios a\u00f1os interrumpida\u00bb. En este sentido, ha destacado que si se invierte en promoci\u00f3n, hay que adaptar tanto la oferta como los profesionales para dar servicio a los nuevos destinos en los que se est\u00e1 invirtiendo mucho\u00bb.<\/p>\n<p>S\u00e1nchez ha expuesto la necesidad de continuar con la formaci\u00f3n al haber muchos trabajadores que se est\u00e1n jubilando; y ha reclamado que se \u00abilusione\u00bb a los j\u00f3venes y \u00abvaloren trabajar en la industria tur\u00edstica, la mayor de Andaluc\u00eda\u00bb.<\/p>\n<p>El responsable de Turismo de CCOO-A ha lamentado, adem\u00e1s, que el empleo \u00abno crece al mismo ritmo\u00bb de estancias y visitantes y, en muchos casos, son puestos de trabajo \u00abprecarios\u00bb.<\/p>\n<p>Tambi\u00e9n han reclamado que la Junta sea un aliado para ser \u00ab\u00fatil y cercano\u00bb as\u00ed como para eliminar las trabas administrativas, seg\u00fan ha indicado D\u00edaz, quien ha puesto como ejemplo los chiringuitos, que sin tener a\u00fan la seguridad jur\u00eddica necesaria no pueden crear empleo estable.<\/p>\n<p>En este sentido, ha confiado en que las delegaciones territoriales de Medio Ambiente \u00abterminen de desbloquear este tema\u00bb, que, en el caso de M\u00e1laga, son a\u00fan 190 afectados. \u00abHay una tarea grande por delante\u00bb, ha finalizado.<\/p>\n","protected":false},"excerpt":{"rendered":"<p>La presidenta de la Junta de Andaluc\u00eda, Susana D\u00edaz, ha presidido este mi\u00e9rcoles, por primera vez desde que se cre\u00f3 hace 20 a\u00f1os, la Mesa de Turismo, un organismo en el que est\u00e1n representados todos los agentes del sector tur\u00edstico y donde ha conocido la situaci\u00f3n actual y lo que \u00e9ste demanda. As\u00ed, ha incidido<\/p>\n","protected":false},"author":1,"featured_media":40902,"comment_status":"open","ping_status":"closed","sticky":false,"template":"","format":"standard","meta":{"footnotes":""},"categories":[222],"tags":[],"class_list":{"0":"post-40901","1":"post","2":"type-post","3":"status-publish","4":"format-standard","5":"has-post-thumbnail","7":"category-actualidad-turismo"},"aioseo_notices":[],"aioseo_head":"\n\t\t<!-- All in One SEO Pro 4.9.6.1 - aioseo.com -->\n\t<meta name=\"description\" content=\"La presidenta de la Junta de Andaluc\u00eda, Susana D\u00edaz, ha presidido este mi\u00e9rcoles, por primera vez desde que se cre\u00f3 hace 20 a\u00f1os, la Mesa de Turismo, un organismo en el que est\u00e1n representados todos los agentes del sector tur\u00edstico y donde ha conocido la situaci\u00f3n actual y lo que \u00e9ste demanda. As\u00ed, ha incidido\" \/>\n\t<meta name=\"robots\" content=\"max-image-preview:large\" \/>\n\t<meta name=\"author\" content=\"admin\"\/>\n\t<meta name=\"google-site-verification\" content=\"UA-38556648-1\" \/>\n\t<meta name=\"keywords\" content=\"actualidad turismo\" \/>\n\t<link rel=\"canonical\" href=\"https:\/\/eldigitaldeasturias.com\/magazine365\/susana-diaz-ve-2015-muy-positivo-y-destaca-que-andalucia-tiene-capacidad-para-recibir-a-turistas-todo-el-ano\/\" \/>\n\t<meta name=\"generator\" content=\"All in One SEO Pro (AIOSEO) 4.9.6.1\" \/>\n\t\t<meta property=\"og:locale\" content=\"es_ES\" \/>\n\t\t<meta property=\"og:site_name\" content=\"El Digital de Asturias \u2013 Revista de ocio, turismo y estilo de vida\" \/>\n\t\t<meta property=\"og:type\" content=\"article\" \/>\n\t\t<meta property=\"og:title\" content=\"Susana D\u00edaz ve 2015 \u00abmuy positivo\u00bb y destaca que Andaluc\u00eda tiene capacidad para recibir a turistas todo el a\u00f1o | El Digital de Asturias\" \/>\n\t\t<meta property=\"og:description\" content=\"La presidenta de la Junta de Andaluc\u00eda, Susana D\u00edaz, ha presidido este mi\u00e9rcoles, por primera vez desde que se cre\u00f3 hace 20 a\u00f1os, la Mesa de Turismo, un organismo en el que est\u00e1n representados todos los agentes del sector tur\u00edstico y donde ha conocido la situaci\u00f3n actual y lo que \u00e9ste demanda. As\u00ed, ha incidido\" \/>\n\t\t<meta property=\"og:url\" content=\"https:\/\/eldigitaldeasturias.com\/magazine365\/susana-diaz-ve-2015-muy-positivo-y-destaca-que-andalucia-tiene-capacidad-para-recibir-a-turistas-todo-el-ano\/\" \/>\n\t\t<meta property=\"og:image\" content=\"https:\/\/eldigitaldeasturias.com\/magazine365\/wp-content\/uploads\/2015\/06\/fotonoticia_20150624164445_800.jpg\" \/>\n\t\t<meta property=\"og:image:secure_url\" content=\"https:\/\/eldigitaldeasturias.com\/magazine365\/wp-content\/uploads\/2015\/06\/fotonoticia_20150624164445_800.jpg\" \/>\n\t\t<meta property=\"og:image:width\" content=\"800\" \/>\n\t\t<meta property=\"og:image:height\" content=\"548\" \/>\n\t\t<meta property=\"article:published_time\" content=\"2015-06-25T07:23:50+00:00\" \/>\n\t\t<meta property=\"article:modified_time\" content=\"2015-06-25T07:23:50+00:00\" \/>\n\t\t<meta name=\"twitter:card\" content=\"summary_large_image\" \/>\n\t\t<meta name=\"twitter:title\" content=\"Susana D\u00edaz ve 2015 \u00abmuy positivo\u00bb y destaca que Andaluc\u00eda tiene capacidad para recibir a turistas todo el a\u00f1o | El Digital de Asturias\" \/>\n\t\t<meta name=\"twitter:description\" content=\"La presidenta de la Junta de Andaluc\u00eda, Susana D\u00edaz, ha presidido este mi\u00e9rcoles, por primera vez desde que se cre\u00f3 hace 20 a\u00f1os, la Mesa de Turismo, un organismo en el que est\u00e1n representados todos los agentes del sector tur\u00edstico y donde ha conocido la situaci\u00f3n actual y lo que \u00e9ste demanda. As\u00ed, ha incidido\" \/>\n\t\t<meta name=\"twitter:image\" content=\"https:\/\/eldigitaldeasturias.com\/magazine365\/wp-content\/uploads\/2015\/06\/fotonoticia_20150624164445_800.jpg\" \/>\n\t\t<script type=\"application\/ld+json\" class=\"aioseo-schema\">\n\t\t\t{\"@context\":\"https:\\\/\\\/schema.org\",\"@graph\":[{\"@type\":\"Article\",\"@id\":\"https:\\\/\\\/eldigitaldeasturias.com\\\/magazine365\\\/susana-diaz-ve-2015-muy-positivo-y-destaca-que-andalucia-tiene-capacidad-para-recibir-a-turistas-todo-el-ano\\\/#article\",\"name\":\"Susana D\\u00edaz ve 2015 \\u00abmuy positivo\\u00bb y destaca que Andaluc\\u00eda tiene capacidad para recibir a turistas todo el a\\u00f1o | El Digital de Asturias\",\"headline\":\"Susana D\\u00edaz ve 2015 \\u00abmuy positivo\\u00bb y destaca que Andaluc\\u00eda tiene capacidad para recibir a turistas todo el a\\u00f1o\",\"author\":{\"@id\":\"https:\\\/\\\/eldigitaldeasturias.com\\\/magazine365\\\/author\\\/admin\\\/#author\"},\"publisher\":{\"@id\":\"https:\\\/\\\/eldigitaldeasturias.com\\\/magazine365\\\/#organization\"},\"image\":{\"@type\":\"ImageObject\",\"url\":\"https:\\\/\\\/eldigitaldeasturias.com\\\/magazine365\\\/wp-content\\\/uploads\\\/2015\\\/06\\\/fotonoticia_20150624164445_800.jpg\",\"width\":800,\"height\":548},\"datePublished\":\"2015-06-25T08:53:50+02:00\",\"dateModified\":\"2015-06-25T08:53:50+02:00\",\"inLanguage\":\"es-ES\",\"mainEntityOfPage\":{\"@id\":\"https:\\\/\\\/eldigitaldeasturias.com\\\/magazine365\\\/susana-diaz-ve-2015-muy-positivo-y-destaca-que-andalucia-tiene-capacidad-para-recibir-a-turistas-todo-el-ano\\\/#webpage\"},\"isPartOf\":{\"@id\":\"https:\\\/\\\/eldigitaldeasturias.com\\\/magazine365\\\/susana-diaz-ve-2015-muy-positivo-y-destaca-que-andalucia-tiene-capacidad-para-recibir-a-turistas-todo-el-ano\\\/#webpage\"},\"articleSection\":\"Actualidad Turismo\"},{\"@type\":\"BreadcrumbList\",\"@id\":\"https:\\\/\\\/eldigitaldeasturias.com\\\/magazine365\\\/susana-diaz-ve-2015-muy-positivo-y-destaca-que-andalucia-tiene-capacidad-para-recibir-a-turistas-todo-el-ano\\\/#breadcrumblist\",\"itemListElement\":[{\"@type\":\"ListItem\",\"@id\":\"https:\\\/\\\/eldigitaldeasturias.com\\\/magazine365#listItem\",\"position\":1,\"name\":\"Home\",\"item\":\"https:\\\/\\\/eldigitaldeasturias.com\\\/magazine365\",\"nextItem\":{\"@type\":\"ListItem\",\"@id\":\"https:\\\/\\\/eldigitaldeasturias.com\\\/magazine365\\\/category\\\/actualidad-turismo\\\/#listItem\",\"name\":\"Actualidad Turismo\"}},{\"@type\":\"ListItem\",\"@id\":\"https:\\\/\\\/eldigitaldeasturias.com\\\/magazine365\\\/category\\\/actualidad-turismo\\\/#listItem\",\"position\":2,\"name\":\"Actualidad Turismo\",\"item\":\"https:\\\/\\\/eldigitaldeasturias.com\\\/magazine365\\\/category\\\/actualidad-turismo\\\/\",\"nextItem\":{\"@type\":\"ListItem\",\"@id\":\"https:\\\/\\\/eldigitaldeasturias.com\\\/magazine365\\\/susana-diaz-ve-2015-muy-positivo-y-destaca-que-andalucia-tiene-capacidad-para-recibir-a-turistas-todo-el-ano\\\/#listItem\",\"name\":\"Susana D\\u00edaz ve 2015 \\u00abmuy positivo\\u00bb y destaca que Andaluc\\u00eda tiene capacidad para recibir a turistas todo el a\\u00f1o\"},\"previousItem\":{\"@type\":\"ListItem\",\"@id\":\"https:\\\/\\\/eldigitaldeasturias.com\\\/magazine365#listItem\",\"name\":\"Home\"}},{\"@type\":\"ListItem\",\"@id\":\"https:\\\/\\\/eldigitaldeasturias.com\\\/magazine365\\\/susana-diaz-ve-2015-muy-positivo-y-destaca-que-andalucia-tiene-capacidad-para-recibir-a-turistas-todo-el-ano\\\/#listItem\",\"position\":3,\"name\":\"Susana D\\u00edaz ve 2015 \\u00abmuy positivo\\u00bb y destaca que Andaluc\\u00eda tiene capacidad para recibir a turistas todo el a\\u00f1o\",\"previousItem\":{\"@type\":\"ListItem\",\"@id\":\"https:\\\/\\\/eldigitaldeasturias.com\\\/magazine365\\\/category\\\/actualidad-turismo\\\/#listItem\",\"name\":\"Actualidad Turismo\"}}]},{\"@type\":\"Organization\",\"@id\":\"https:\\\/\\\/eldigitaldeasturias.com\\\/magazine365\\\/#organization\",\"name\":\"El digital de Asturias\",\"description\":\"Revista de ocio, turismo y estilo de vida\",\"url\":\"https:\\\/\\\/eldigitaldeasturias.com\\\/magazine365\\\/\",\"logo\":{\"@type\":\"ImageObject\",\"url\":\"https:\\\/\\\/www.eldigitaldeasturias.com\\\/noticias\\\/wp-content\\\/uploads\\\/2020\\\/12\\\/EDA.jpg\",\"@id\":\"https:\\\/\\\/eldigitaldeasturias.com\\\/magazine365\\\/susana-diaz-ve-2015-muy-positivo-y-destaca-que-andalucia-tiene-capacidad-para-recibir-a-turistas-todo-el-ano\\\/#organizationLogo\"},\"image\":{\"@id\":\"https:\\\/\\\/eldigitaldeasturias.com\\\/magazine365\\\/susana-diaz-ve-2015-muy-positivo-y-destaca-que-andalucia-tiene-capacidad-para-recibir-a-turistas-todo-el-ano\\\/#organizationLogo\"}},{\"@type\":\"Person\",\"@id\":\"https:\\\/\\\/eldigitaldeasturias.com\\\/magazine365\\\/author\\\/admin\\\/#author\",\"url\":\"https:\\\/\\\/eldigitaldeasturias.com\\\/magazine365\\\/author\\\/admin\\\/\",\"name\":\"admin\",\"image\":{\"@type\":\"ImageObject\",\"@id\":\"https:\\\/\\\/eldigitaldeasturias.com\\\/magazine365\\\/susana-diaz-ve-2015-muy-positivo-y-destaca-que-andalucia-tiene-capacidad-para-recibir-a-turistas-todo-el-ano\\\/#authorImage\",\"url\":\"https:\\\/\\\/eldigitaldeasturias.com\\\/magazine365\\\/wp-content\\\/litespeed\\\/avatar\\\/e571bcf59a0edd6fa6838245a470f2fe.jpg?ver=1777574230\",\"width\":96,\"height\":96,\"caption\":\"admin\"}},{\"@type\":\"WebPage\",\"@id\":\"https:\\\/\\\/eldigitaldeasturias.com\\\/magazine365\\\/susana-diaz-ve-2015-muy-positivo-y-destaca-que-andalucia-tiene-capacidad-para-recibir-a-turistas-todo-el-ano\\\/#webpage\",\"url\":\"https:\\\/\\\/eldigitaldeasturias.com\\\/magazine365\\\/susana-diaz-ve-2015-muy-positivo-y-destaca-que-andalucia-tiene-capacidad-para-recibir-a-turistas-todo-el-ano\\\/\",\"name\":\"Susana D\\u00edaz ve 2015 \\u00abmuy positivo\\u00bb y destaca que Andaluc\\u00eda tiene capacidad para recibir a turistas todo el a\\u00f1o | El Digital de Asturias\",\"description\":\"La presidenta de la Junta de Andaluc\\u00eda, Susana D\\u00edaz, ha presidido este mi\\u00e9rcoles, por primera vez desde que se cre\\u00f3 hace 20 a\\u00f1os, la Mesa de Turismo, un organismo en el que est\\u00e1n representados todos los agentes del sector tur\\u00edstico y donde ha conocido la situaci\\u00f3n actual y lo que \\u00e9ste demanda. As\\u00ed, ha incidido\",\"inLanguage\":\"es-ES\",\"isPartOf\":{\"@id\":\"https:\\\/\\\/eldigitaldeasturias.com\\\/magazine365\\\/#website\"},\"breadcrumb\":{\"@id\":\"https:\\\/\\\/eldigitaldeasturias.com\\\/magazine365\\\/susana-diaz-ve-2015-muy-positivo-y-destaca-que-andalucia-tiene-capacidad-para-recibir-a-turistas-todo-el-ano\\\/#breadcrumblist\"},\"author\":{\"@id\":\"https:\\\/\\\/eldigitaldeasturias.com\\\/magazine365\\\/author\\\/admin\\\/#author\"},\"creator\":{\"@id\":\"https:\\\/\\\/eldigitaldeasturias.com\\\/magazine365\\\/author\\\/admin\\\/#author\"},\"image\":{\"@type\":\"ImageObject\",\"url\":\"https:\\\/\\\/eldigitaldeasturias.com\\\/magazine365\\\/wp-content\\\/uploads\\\/2015\\\/06\\\/fotonoticia_20150624164445_800.jpg\",\"@id\":\"https:\\\/\\\/eldigitaldeasturias.com\\\/magazine365\\\/susana-diaz-ve-2015-muy-positivo-y-destaca-que-andalucia-tiene-capacidad-para-recibir-a-turistas-todo-el-ano\\\/#mainImage\",\"width\":800,\"height\":548},\"primaryImageOfPage\":{\"@id\":\"https:\\\/\\\/eldigitaldeasturias.com\\\/magazine365\\\/susana-diaz-ve-2015-muy-positivo-y-destaca-que-andalucia-tiene-capacidad-para-recibir-a-turistas-todo-el-ano\\\/#mainImage\"},\"datePublished\":\"2015-06-25T08:53:50+02:00\",\"dateModified\":\"2015-06-25T08:53:50+02:00\"},{\"@type\":\"WebSite\",\"@id\":\"https:\\\/\\\/eldigitaldeasturias.com\\\/magazine365\\\/#website\",\"url\":\"https:\\\/\\\/eldigitaldeasturias.com\\\/magazine365\\\/\",\"name\":\"El Digital de Asturias\",\"description\":\"Revista de ocio, turismo y estilo de vida\",\"inLanguage\":\"es-ES\",\"publisher\":{\"@id\":\"https:\\\/\\\/eldigitaldeasturias.com\\\/magazine365\\\/#organization\"}}]}\n\t\t<\/script>\n\t\t<!-- All in One SEO Pro -->\r\n\t\t<title>Susana D\u00edaz ve 2015 \u00abmuy positivo\u00bb y destaca que Andaluc\u00eda tiene capacidad para recibir a turistas todo el a\u00f1o | El Digital de Asturias<\/title>\n\n","aioseo_head_json":{"title":"Susana D\u00edaz ve 2015 \u00abmuy positivo\u00bb y destaca que Andaluc\u00eda tiene capacidad para recibir a turistas todo el a\u00f1o | El Digital de Asturias","description":"La presidenta de la Junta de Andaluc\u00eda, Susana D\u00edaz, ha presidido este mi\u00e9rcoles, por primera vez desde que se cre\u00f3 hace 20 a\u00f1os, la Mesa de Turismo, un organismo en el que est\u00e1n representados todos los agentes del sector tur\u00edstico y donde ha conocido la situaci\u00f3n actual y lo que \u00e9ste demanda. As\u00ed, ha incidido","canonical_url":"https:\/\/eldigitaldeasturias.com\/magazine365\/susana-diaz-ve-2015-muy-positivo-y-destaca-que-andalucia-tiene-capacidad-para-recibir-a-turistas-todo-el-ano\/","robots":"max-image-preview:large","keywords":"actualidad turismo","webmasterTools":{"google-site-verification":"UA-38556648-1","miscellaneous":""},"schema":{"@context":"https:\/\/schema.org","@graph":[{"@type":"Article","@id":"https:\/\/eldigitaldeasturias.com\/magazine365\/susana-diaz-ve-2015-muy-positivo-y-destaca-que-andalucia-tiene-capacidad-para-recibir-a-turistas-todo-el-ano\/#article","name":"Susana D\u00edaz ve 2015 \u00abmuy positivo\u00bb y destaca que Andaluc\u00eda tiene capacidad para recibir a turistas todo el a\u00f1o | El Digital de Asturias","headline":"Susana D\u00edaz ve 2015 \u00abmuy positivo\u00bb y destaca que Andaluc\u00eda tiene capacidad para recibir a turistas todo el a\u00f1o","author":{"@id":"https:\/\/eldigitaldeasturias.com\/magazine365\/author\/admin\/#author"},"publisher":{"@id":"https:\/\/eldigitaldeasturias.com\/magazine365\/#organization"},"image":{"@type":"ImageObject","url":"https:\/\/eldigitaldeasturias.com\/magazine365\/wp-content\/uploads\/2015\/06\/fotonoticia_20150624164445_800.jpg","width":800,"height":548},"datePublished":"2015-06-25T08:53:50+02:00","dateModified":"2015-06-25T08:53:50+02:00","inLanguage":"es-ES","mainEntityOfPage":{"@id":"https:\/\/eldigitaldeasturias.com\/magazine365\/susana-diaz-ve-2015-muy-positivo-y-destaca-que-andalucia-tiene-capacidad-para-recibir-a-turistas-todo-el-ano\/#webpage"},"isPartOf":{"@id":"https:\/\/eldigitaldeasturias.com\/magazine365\/susana-diaz-ve-2015-muy-positivo-y-destaca-que-andalucia-tiene-capacidad-para-recibir-a-turistas-todo-el-ano\/#webpage"},"articleSection":"Actualidad Turismo"},{"@type":"BreadcrumbList","@id":"https:\/\/eldigitaldeasturias.com\/magazine365\/susana-diaz-ve-2015-muy-positivo-y-destaca-que-andalucia-tiene-capacidad-para-recibir-a-turistas-todo-el-ano\/#breadcrumblist","itemListElement":[{"@type":"ListItem","@id":"https:\/\/eldigitaldeasturias.com\/magazine365#listItem","position":1,"name":"Home","item":"https:\/\/eldigitaldeasturias.com\/magazine365","nextItem":{"@type":"ListItem","@id":"https:\/\/eldigitaldeasturias.com\/magazine365\/category\/actualidad-turismo\/#listItem","name":"Actualidad Turismo"}},{"@type":"ListItem","@id":"https:\/\/eldigitaldeasturias.com\/magazine365\/category\/actualidad-turismo\/#listItem","position":2,"name":"Actualidad Turismo","item":"https:\/\/eldigitaldeasturias.com\/magazine365\/category\/actualidad-turismo\/","nextItem":{"@type":"ListItem","@id":"https:\/\/eldigitaldeasturias.com\/magazine365\/susana-diaz-ve-2015-muy-positivo-y-destaca-que-andalucia-tiene-capacidad-para-recibir-a-turistas-todo-el-ano\/#listItem","name":"Susana D\u00edaz ve 2015 \u00abmuy positivo\u00bb y destaca que Andaluc\u00eda tiene capacidad para recibir a turistas todo el a\u00f1o"},"previousItem":{"@type":"ListItem","@id":"https:\/\/eldigitaldeasturias.com\/magazine365#listItem","name":"Home"}},{"@type":"ListItem","@id":"https:\/\/eldigitaldeasturias.com\/magazine365\/susana-diaz-ve-2015-muy-positivo-y-destaca-que-andalucia-tiene-capacidad-para-recibir-a-turistas-todo-el-ano\/#listItem","position":3,"name":"Susana D\u00edaz ve 2015 \u00abmuy positivo\u00bb y destaca que Andaluc\u00eda tiene capacidad para recibir a turistas todo el a\u00f1o","previousItem":{"@type":"ListItem","@id":"https:\/\/eldigitaldeasturias.com\/magazine365\/category\/actualidad-turismo\/#listItem","name":"Actualidad Turismo"}}]},{"@type":"Organization","@id":"https:\/\/eldigitaldeasturias.com\/magazine365\/#organization","name":"El digital de Asturias","description":"Revista de ocio, turismo y estilo de vida","url":"https:\/\/eldigitaldeasturias.com\/magazine365\/","logo":{"@type":"ImageObject","url":"https:\/\/www.eldigitaldeasturias.com\/noticias\/wp-content\/uploads\/2020\/12\/EDA.jpg","@id":"https:\/\/eldigitaldeasturias.com\/magazine365\/susana-diaz-ve-2015-muy-positivo-y-destaca-que-andalucia-tiene-capacidad-para-recibir-a-turistas-todo-el-ano\/#organizationLogo"},"image":{"@id":"https:\/\/eldigitaldeasturias.com\/magazine365\/susana-diaz-ve-2015-muy-positivo-y-destaca-que-andalucia-tiene-capacidad-para-recibir-a-turistas-todo-el-ano\/#organizationLogo"}},{"@type":"Person","@id":"https:\/\/eldigitaldeasturias.com\/magazine365\/author\/admin\/#author","url":"https:\/\/eldigitaldeasturias.com\/magazine365\/author\/admin\/","name":"admin","image":{"@type":"ImageObject","@id":"https:\/\/eldigitaldeasturias.com\/magazine365\/susana-diaz-ve-2015-muy-positivo-y-destaca-que-andalucia-tiene-capacidad-para-recibir-a-turistas-todo-el-ano\/#authorImage","url":"https:\/\/eldigitaldeasturias.com\/magazine365\/wp-content\/litespeed\/avatar\/e571bcf59a0edd6fa6838245a470f2fe.jpg?ver=1777574230","width":96,"height":96,"caption":"admin"}},{"@type":"WebPage","@id":"https:\/\/eldigitaldeasturias.com\/magazine365\/susana-diaz-ve-2015-muy-positivo-y-destaca-que-andalucia-tiene-capacidad-para-recibir-a-turistas-todo-el-ano\/#webpage","url":"https:\/\/eldigitaldeasturias.com\/magazine365\/susana-diaz-ve-2015-muy-positivo-y-destaca-que-andalucia-tiene-capacidad-para-recibir-a-turistas-todo-el-ano\/","name":"Susana D\u00edaz ve 2015 \u00abmuy positivo\u00bb y destaca que Andaluc\u00eda tiene capacidad para recibir a turistas todo el a\u00f1o | El Digital de Asturias","description":"La presidenta de la Junta de Andaluc\u00eda, Susana D\u00edaz, ha presidido este mi\u00e9rcoles, por primera vez desde que se cre\u00f3 hace 20 a\u00f1os, la Mesa de Turismo, un organismo en el que est\u00e1n representados todos los agentes del sector tur\u00edstico y donde ha conocido la situaci\u00f3n actual y lo que \u00e9ste demanda. As\u00ed, ha incidido","inLanguage":"es-ES","isPartOf":{"@id":"https:\/\/eldigitaldeasturias.com\/magazine365\/#website"},"breadcrumb":{"@id":"https:\/\/eldigitaldeasturias.com\/magazine365\/susana-diaz-ve-2015-muy-positivo-y-destaca-que-andalucia-tiene-capacidad-para-recibir-a-turistas-todo-el-ano\/#breadcrumblist"},"author":{"@id":"https:\/\/eldigitaldeasturias.com\/magazine365\/author\/admin\/#author"},"creator":{"@id":"https:\/\/eldigitaldeasturias.com\/magazine365\/author\/admin\/#author"},"image":{"@type":"ImageObject","url":"https:\/\/eldigitaldeasturias.com\/magazine365\/wp-content\/uploads\/2015\/06\/fotonoticia_20150624164445_800.jpg","@id":"https:\/\/eldigitaldeasturias.com\/magazine365\/susana-diaz-ve-2015-muy-positivo-y-destaca-que-andalucia-tiene-capacidad-para-recibir-a-turistas-todo-el-ano\/#mainImage","width":800,"height":548},"primaryImageOfPage":{"@id":"https:\/\/eldigitaldeasturias.com\/magazine365\/susana-diaz-ve-2015-muy-positivo-y-destaca-que-andalucia-tiene-capacidad-para-recibir-a-turistas-todo-el-ano\/#mainImage"},"datePublished":"2015-06-25T08:53:50+02:00","dateModified":"2015-06-25T08:53:50+02:00"},{"@type":"WebSite","@id":"https:\/\/eldigitaldeasturias.com\/magazine365\/#website","url":"https:\/\/eldigitaldeasturias.com\/magazine365\/","name":"El Digital de Asturias","description":"Revista de ocio, turismo y estilo de vida","inLanguage":"es-ES","publisher":{"@id":"https:\/\/eldigitaldeasturias.com\/magazine365\/#organization"}}]},"og:locale":"es_ES","og:site_name":"El Digital de Asturias \u2013 Revista de ocio, turismo y estilo de vida","og:type":"article","og:title":"Susana D\u00edaz ve 2015 \u00abmuy positivo\u00bb y destaca que Andaluc\u00eda tiene capacidad para recibir a turistas todo el a\u00f1o | El Digital de Asturias","og:description":"La presidenta de la Junta de Andaluc\u00eda, Susana D\u00edaz, ha presidido este mi\u00e9rcoles, por primera vez desde que se cre\u00f3 hace 20 a\u00f1os, la Mesa de Turismo, un organismo en el que est\u00e1n representados todos los agentes del sector tur\u00edstico y donde ha conocido la situaci\u00f3n actual y lo que \u00e9ste demanda. As\u00ed, ha incidido","og:url":"https:\/\/eldigitaldeasturias.com\/magazine365\/susana-diaz-ve-2015-muy-positivo-y-destaca-que-andalucia-tiene-capacidad-para-recibir-a-turistas-todo-el-ano\/","og:image":"https:\/\/eldigitaldeasturias.com\/magazine365\/wp-content\/uploads\/2015\/06\/fotonoticia_20150624164445_800.jpg","og:image:secure_url":"https:\/\/eldigitaldeasturias.com\/magazine365\/wp-content\/uploads\/2015\/06\/fotonoticia_20150624164445_800.jpg","og:image:width":800,"og:image:height":548,"article:published_time":"2015-06-25T07:23:50+00:00","article:modified_time":"2015-06-25T07:23:50+00:00","twitter:card":"summary_large_image","twitter:title":"Susana D\u00edaz ve 2015 \u00abmuy positivo\u00bb y destaca que Andaluc\u00eda tiene capacidad para recibir a turistas todo el a\u00f1o | El Digital de Asturias","twitter:description":"La presidenta de la Junta de Andaluc\u00eda, Susana D\u00edaz, ha presidido este mi\u00e9rcoles, por primera vez desde que se cre\u00f3 hace 20 a\u00f1os, la Mesa de Turismo, un organismo en el que est\u00e1n representados todos los agentes del sector tur\u00edstico y donde ha conocido la situaci\u00f3n actual y lo que \u00e9ste demanda. As\u00ed, ha incidido","twitter:image":"https:\/\/eldigitaldeasturias.com\/magazine365\/wp-content\/uploads\/2015\/06\/fotonoticia_20150624164445_800.jpg"},"aioseo_meta_data":{"post_id":"40901","title":null,"description":null,"keywords":null,"keyphrases":null,"primary_term":null,"canonical_url":null,"og_title":null,"og_description":null,"og_object_type":"default","og_image_type":"default","og_image_url":null,"og_image_width":null,"og_image_height":null,"og_image_custom_url":null,"og_image_custom_fields":null,"og_video":null,"og_custom_url":null,"og_article_section":null,"og_article_tags":null,"twitter_use_og":false,"twitter_card":"default","twitter_image_type":"default","twitter_image_url":null,"twitter_image_custom_url":null,"twitter_image_custom_fields":null,"twitter_title":null,"twitter_description":null,"schema":{"blockGraphs":[],"customGraphs":[],"default":{"data":{"Article":[],"Course":[],"Dataset":[],"FAQPage":[],"Movie":[],"Person":[],"Product":[],"ProductReview":[],"Car":[],"Recipe":[],"Service":[],"SoftwareApplication":[],"WebPage":[]},"graphName":"","isEnabled":true},"graphs":[],"defaultGraph":"","defaultPostTypeGraph":""},"schema_type":null,"schema_type_options":null,"pillar_content":false,"robots_default":true,"robots_noindex":false,"robots_noarchive":false,"robots_nosnippet":false,"robots_nofollow":false,"robots_noimageindex":false,"robots_noodp":false,"robots_notranslate":false,"robots_max_snippet":null,"robots_max_videopreview":null,"robots_max_imagepreview":"large","priority":null,"frequency":null,"location":null,"local_seo":null,"seo_analyzer_scan_date":"2025-09-19 14:37:56","breadcrumb_settings":null,"limit_modified_date":false,"open_ai":null,"ai":null,"created":"2021-03-09 02:22:40","updated":"2025-09-19 14:37:56"},"aioseo_breadcrumb":"<div class=\"aioseo-breadcrumbs\"><span class=\"aioseo-breadcrumb\">\n\t<a href=\"https:\/\/eldigitaldeasturias.com\/magazine365\" title=\"Home\">Home<\/a>\n<\/span><span class=\"aioseo-breadcrumb-separator\">\u2013<\/span><span class=\"aioseo-breadcrumb\">\n\t<a href=\"https:\/\/eldigitaldeasturias.com\/magazine365\/category\/actualidad-turismo\/\" title=\"Actualidad Turismo\">Actualidad Turismo<\/a>\n<\/span><span class=\"aioseo-breadcrumb-separator\">\u2013<\/span><span class=\"aioseo-breadcrumb\">\n\t<a href=\"https:\/\/eldigitaldeasturias.com\/magazine365\/susana-diaz-ve-2015-muy-positivo-y-destaca-que-andalucia-tiene-capacidad-para-recibir-a-turistas-todo-el-ano\/\" title=\"Susana D\u00edaz ve 2015 \u00abmuy positivo\u00bb y destaca que Andaluc\u00eda tiene capacidad para recibir a turistas todo el a\u00f1o\">Susana D\u00edaz ve 2015 \u00abmuy positivo\u00bb y destaca que Andaluc\u00eda tiene capacidad para recibir a turistas todo el a\u00f1o<\/a>\n<\/span><\/div>","aioseo_breadcrumb_json":[{"label":"Home","link":"https:\/\/eldigitaldeasturias.com\/magazine365"},{"label":"Actualidad Turismo","link":"https:\/\/eldigitaldeasturias.com\/magazine365\/category\/actualidad-turismo\/"},{"label":"Susana D\u00edaz ve 2015 \u00abmuy positivo\u00bb y destaca que Andaluc\u00eda tiene capacidad para recibir a turistas todo el a\u00f1o","link":"https:\/\/eldigitaldeasturias.com\/magazine365\/susana-diaz-ve-2015-muy-positivo-y-destaca-que-andalucia-tiene-capacidad-para-recibir-a-turistas-todo-el-ano\/"}],"_links":{"self":[{"href":"https:\/\/eldigitaldeasturias.com\/magazine365\/wp-json\/wp\/v2\/posts\/40901","targetHints":{"allow":["GET"]}}],"collection":[{"href":"https:\/\/eldigitaldeasturias.com\/magazine365\/wp-json\/wp\/v2\/posts"}],"about":[{"href":"https:\/\/eldigitaldeasturias.com\/magazine365\/wp-json\/wp\/v2\/types\/post"}],"author":[{"embeddable":true,"href":"https:\/\/eldigitaldeasturias.com\/magazine365\/wp-json\/wp\/v2\/users\/1"}],"replies":[{"embeddable":true,"href":"https:\/\/eldigitaldeasturias.com\/magazine365\/wp-json\/wp\/v2\/comments?post=40901"}],"version-history":[{"count":0,"href":"https:\/\/eldigitaldeasturias.com\/magazine365\/wp-json\/wp\/v2\/posts\/40901\/revisions"}],"wp:featuredmedia":[{"embeddable":true,"href":"https:\/\/eldigitaldeasturias.com\/magazine365\/wp-json\/wp\/v2\/media\/40902"}],"wp:attachment":[{"href":"https:\/\/eldigitaldeasturias.com\/magazine365\/wp-json\/wp\/v2\/media?parent=40901"}],"wp:term":[{"taxonomy":"category","embeddable":true,"href":"https:\/\/eldigitaldeasturias.com\/magazine365\/wp-json\/wp\/v2\/categories?post=40901"},{"taxonomy":"post_tag","embeddable":true,"href":"https:\/\/eldigitaldeasturias.com\/magazine365\/wp-json\/wp\/v2\/tags?post=40901"}],"curies":[{"name":"wp","href":"https:\/\/api.w.org\/{rel}","templated":true}]}}