{"id":40892,"date":"2015-06-25T08:48:58","date_gmt":"2015-06-25T07:18:58","guid":{"rendered":"http:\/\/eldigitaldeasturias.com\/magazine365\/?p=40892"},"modified":"2015-06-25T08:48:58","modified_gmt":"2015-06-25T07:18:58","slug":"canarias-exhibe-sus-amaneceres-en-la-exposicion-daylights","status":"publish","type":"post","link":"https:\/\/eldigitaldeasturias.com\/magazine365\/canarias-exhibe-sus-amaneceres-en-la-exposicion-daylights\/","title":{"rendered":"Canarias exhibe sus amaneceres en la exposici\u00f3n &#8216;Daylights&#8217;"},"content":{"rendered":"<p><img fetchpriority=\"high\" decoding=\"async\" class=\"alignleft size-medium wp-image-40893\" src=\"https:\/\/eldigitaldeasturias.com\/magazine365\/wp-content\/uploads\/2015\/06\/fotonoticia_20150624162311_800-360x270.jpg\" alt=\"fotonoticia_20150624162311_800\" width=\"360\" height=\"270\" srcset=\"https:\/\/eldigitaldeasturias.com\/magazine365\/wp-content\/uploads\/2015\/06\/fotonoticia_20150624162311_800-360x270.jpg 360w, https:\/\/eldigitaldeasturias.com\/magazine365\/wp-content\/uploads\/2015\/06\/fotonoticia_20150624162311_800-650x488.jpg 650w, https:\/\/eldigitaldeasturias.com\/magazine365\/wp-content\/uploads\/2015\/06\/fotonoticia_20150624162311_800-768x576.jpg 768w, https:\/\/eldigitaldeasturias.com\/magazine365\/wp-content\/uploads\/2015\/06\/fotonoticia_20150624162311_800-150x113.jpg 150w, https:\/\/eldigitaldeasturias.com\/magazine365\/wp-content\/uploads\/2015\/06\/fotonoticia_20150624162311_800-450x338.jpg 450w, https:\/\/eldigitaldeasturias.com\/magazine365\/wp-content\/uploads\/2015\/06\/fotonoticia_20150624162311_800-80x60.jpg 80w, https:\/\/eldigitaldeasturias.com\/magazine365\/wp-content\/uploads\/2015\/06\/fotonoticia_20150624162311_800-265x198.jpg 265w, https:\/\/eldigitaldeasturias.com\/magazine365\/wp-content\/uploads\/2015\/06\/fotonoticia_20150624162311_800-696x522.jpg 696w, https:\/\/eldigitaldeasturias.com\/magazine365\/wp-content\/uploads\/2015\/06\/fotonoticia_20150624162311_800-560x420.jpg 560w, https:\/\/eldigitaldeasturias.com\/magazine365\/wp-content\/uploads\/2015\/06\/fotonoticia_20150624162311_800-90x67.jpg 90w, https:\/\/eldigitaldeasturias.com\/magazine365\/wp-content\/uploads\/2015\/06\/fotonoticia_20150624162311_800-100x75.jpg 100w, https:\/\/eldigitaldeasturias.com\/magazine365\/wp-content\/uploads\/2015\/06\/fotonoticia_20150624162311_800.jpg 800w\" sizes=\"(max-width: 360px) 100vw, 360px\" \/>La Viceconsejer\u00eda de Turismo del Gobierno de Canarias ha presentado este mi\u00e9rcoles la exposici\u00f3n &#8216;Daylights. Amaneceres de otro mundo&#8217;, una muestra en la que se exhiben los despertares \u00fanicos que esconde el archipi\u00e9lago.<\/p>\n<p>La muestra, compuesta por v\u00eddeos y fotograf\u00edas, es el resultado de un viaje, a lo largo de un mes, por cada una de la siete islas realizado por el fot\u00f3grafo Alfonso Bravo y el realizador Derek Pedr\u00f3s.<\/p>\n<p>La exposici\u00f3n permanecer\u00e1 abierta al p\u00fablico hasta el 1 de julio en La Laguna (Santa Cruz de Tenerife), y su inauguraci\u00f3n est\u00e1 acompa\u00f1ada por el lanzamiento de una secci\u00f3n en la web holaislascanarias.com con los resultados audiovisuales (http:\/\/www.holaislascanarias.com\/daylights ).<\/p>\n<p>Durante el viaje, ambos profesionales han difundido sus experiencias en un cuaderno de bit\u00e1cora online (daylightsdiary.tumblr.com) y a trav\u00e9s de las redes sociales de Turismo de Canarias con los hashtags #daylights y #latituddevida.<\/p>\n<p>Cada una de las siete im\u00e1genes resultantes del proyecto presenta sobreimpreso un mensaje en ingl\u00e9s que invita al espectador a formar parte del paisaje, as\u00ed como las coordenadas donde se ubica el lugar fotografiado.<\/p>\n<p>Adem\u00e1s, por cada uno de los siete entornos de grabaci\u00f3n se ha editado un v\u00eddeo que juega con el mismo concepto utilizado para el motivo de las fotograf\u00edas.<\/p>\n<p>Las siete im\u00e1genes y los siete miniclips confluyen en un v\u00eddeo final, titulado \u00abDespierta en otro mundo\u00bb, que narra las sensaciones que transmiten esos siete amaneceres.<\/p>\n","protected":false},"excerpt":{"rendered":"<p>La Viceconsejer\u00eda de Turismo del Gobierno de Canarias ha presentado este mi\u00e9rcoles la exposici\u00f3n &#8216;Daylights. Amaneceres de otro mundo&#8217;, una muestra en la que se exhiben los despertares \u00fanicos que esconde el archipi\u00e9lago. La muestra, compuesta por v\u00eddeos y fotograf\u00edas, es el resultado de un viaje, a lo largo de un mes, por cada una<\/p>\n","protected":false},"author":1,"featured_media":40893,"comment_status":"open","ping_status":"closed","sticky":false,"template":"","format":"standard","meta":{"footnotes":""},"categories":[222],"tags":[],"class_list":{"0":"post-40892","1":"post","2":"type-post","3":"status-publish","4":"format-standard","5":"has-post-thumbnail","7":"category-actualidad-turismo"},"aioseo_notices":[],"aioseo_head":"\n\t\t<!-- All in One SEO Pro 4.9.6.1 - aioseo.com -->\n\t<meta name=\"description\" content=\"La Viceconsejer\u00eda de Turismo del Gobierno de Canarias ha presentado este mi\u00e9rcoles la exposici\u00f3n &#039;Daylights. Amaneceres de otro mundo&#039;, una muestra en la que se exhiben los despertares \u00fanicos que esconde el archipi\u00e9lago. La muestra, compuesta por v\u00eddeos y fotograf\u00edas, es el resultado de un viaje, a lo largo de un mes, por cada una\" \/>\n\t<meta name=\"robots\" content=\"max-image-preview:large\" \/>\n\t<meta name=\"author\" content=\"admin\"\/>\n\t<meta name=\"google-site-verification\" content=\"UA-38556648-1\" \/>\n\t<meta name=\"keywords\" content=\"actualidad turismo\" \/>\n\t<link rel=\"canonical\" href=\"https:\/\/eldigitaldeasturias.com\/magazine365\/canarias-exhibe-sus-amaneceres-en-la-exposicion-daylights\/\" \/>\n\t<meta name=\"generator\" content=\"All in One SEO Pro (AIOSEO) 4.9.6.1\" \/>\n\t\t<meta property=\"og:locale\" content=\"es_ES\" \/>\n\t\t<meta property=\"og:site_name\" content=\"El Digital de Asturias \u2013 Revista de ocio, turismo y estilo de vida\" \/>\n\t\t<meta property=\"og:type\" content=\"article\" \/>\n\t\t<meta property=\"og:title\" content=\"Canarias exhibe sus amaneceres en la exposici\u00f3n \u2018Daylights\u2019 | El Digital de Asturias\" \/>\n\t\t<meta property=\"og:description\" content=\"La Viceconsejer\u00eda de Turismo del Gobierno de Canarias ha presentado este mi\u00e9rcoles la exposici\u00f3n &#039;Daylights. Amaneceres de otro mundo&#039;, una muestra en la que se exhiben los despertares \u00fanicos que esconde el archipi\u00e9lago. La muestra, compuesta por v\u00eddeos y fotograf\u00edas, es el resultado de un viaje, a lo largo de un mes, por cada una\" \/>\n\t\t<meta property=\"og:url\" content=\"https:\/\/eldigitaldeasturias.com\/magazine365\/canarias-exhibe-sus-amaneceres-en-la-exposicion-daylights\/\" \/>\n\t\t<meta property=\"og:image\" content=\"https:\/\/eldigitaldeasturias.com\/magazine365\/wp-content\/uploads\/2015\/06\/fotonoticia_20150624162311_800.jpg\" \/>\n\t\t<meta property=\"og:image:secure_url\" content=\"https:\/\/eldigitaldeasturias.com\/magazine365\/wp-content\/uploads\/2015\/06\/fotonoticia_20150624162311_800.jpg\" \/>\n\t\t<meta property=\"og:image:width\" content=\"800\" \/>\n\t\t<meta property=\"og:image:height\" content=\"600\" \/>\n\t\t<meta property=\"article:published_time\" content=\"2015-06-25T07:18:58+00:00\" \/>\n\t\t<meta property=\"article:modified_time\" content=\"2015-06-25T07:18:58+00:00\" \/>\n\t\t<meta name=\"twitter:card\" content=\"summary_large_image\" \/>\n\t\t<meta name=\"twitter:title\" content=\"Canarias exhibe sus amaneceres en la exposici\u00f3n \u2018Daylights\u2019 | El Digital de Asturias\" \/>\n\t\t<meta name=\"twitter:description\" content=\"La Viceconsejer\u00eda de Turismo del Gobierno de Canarias ha presentado este mi\u00e9rcoles la exposici\u00f3n &#039;Daylights. Amaneceres de otro mundo&#039;, una muestra en la que se exhiben los despertares \u00fanicos que esconde el archipi\u00e9lago. La muestra, compuesta por v\u00eddeos y fotograf\u00edas, es el resultado de un viaje, a lo largo de un mes, por cada una\" \/>\n\t\t<meta name=\"twitter:image\" content=\"https:\/\/eldigitaldeasturias.com\/magazine365\/wp-content\/uploads\/2015\/06\/fotonoticia_20150624162311_800.jpg\" \/>\n\t\t<script type=\"application\/ld+json\" class=\"aioseo-schema\">\n\t\t\t{\"@context\":\"https:\\\/\\\/schema.org\",\"@graph\":[{\"@type\":\"Article\",\"@id\":\"https:\\\/\\\/eldigitaldeasturias.com\\\/magazine365\\\/canarias-exhibe-sus-amaneceres-en-la-exposicion-daylights\\\/#article\",\"name\":\"Canarias exhibe sus amaneceres en la exposici\\u00f3n \\u2018Daylights\\u2019 | El Digital de Asturias\",\"headline\":\"Canarias exhibe sus amaneceres en la exposici\\u00f3n &#8216;Daylights&#8217;\",\"author\":{\"@id\":\"https:\\\/\\\/eldigitaldeasturias.com\\\/magazine365\\\/author\\\/admin\\\/#author\"},\"publisher\":{\"@id\":\"https:\\\/\\\/eldigitaldeasturias.com\\\/magazine365\\\/#organization\"},\"image\":{\"@type\":\"ImageObject\",\"url\":\"https:\\\/\\\/eldigitaldeasturias.com\\\/magazine365\\\/wp-content\\\/uploads\\\/2015\\\/06\\\/fotonoticia_20150624162311_800.jpg\",\"width\":800,\"height\":600},\"datePublished\":\"2015-06-25T08:48:58+02:00\",\"dateModified\":\"2015-06-25T08:48:58+02:00\",\"inLanguage\":\"es-ES\",\"mainEntityOfPage\":{\"@id\":\"https:\\\/\\\/eldigitaldeasturias.com\\\/magazine365\\\/canarias-exhibe-sus-amaneceres-en-la-exposicion-daylights\\\/#webpage\"},\"isPartOf\":{\"@id\":\"https:\\\/\\\/eldigitaldeasturias.com\\\/magazine365\\\/canarias-exhibe-sus-amaneceres-en-la-exposicion-daylights\\\/#webpage\"},\"articleSection\":\"Actualidad Turismo\"},{\"@type\":\"BreadcrumbList\",\"@id\":\"https:\\\/\\\/eldigitaldeasturias.com\\\/magazine365\\\/canarias-exhibe-sus-amaneceres-en-la-exposicion-daylights\\\/#breadcrumblist\",\"itemListElement\":[{\"@type\":\"ListItem\",\"@id\":\"https:\\\/\\\/eldigitaldeasturias.com\\\/magazine365#listItem\",\"position\":1,\"name\":\"Home\",\"item\":\"https:\\\/\\\/eldigitaldeasturias.com\\\/magazine365\",\"nextItem\":{\"@type\":\"ListItem\",\"@id\":\"https:\\\/\\\/eldigitaldeasturias.com\\\/magazine365\\\/category\\\/actualidad-turismo\\\/#listItem\",\"name\":\"Actualidad Turismo\"}},{\"@type\":\"ListItem\",\"@id\":\"https:\\\/\\\/eldigitaldeasturias.com\\\/magazine365\\\/category\\\/actualidad-turismo\\\/#listItem\",\"position\":2,\"name\":\"Actualidad Turismo\",\"item\":\"https:\\\/\\\/eldigitaldeasturias.com\\\/magazine365\\\/category\\\/actualidad-turismo\\\/\",\"nextItem\":{\"@type\":\"ListItem\",\"@id\":\"https:\\\/\\\/eldigitaldeasturias.com\\\/magazine365\\\/canarias-exhibe-sus-amaneceres-en-la-exposicion-daylights\\\/#listItem\",\"name\":\"Canarias exhibe sus amaneceres en la exposici\\u00f3n &#8216;Daylights&#8217;\"},\"previousItem\":{\"@type\":\"ListItem\",\"@id\":\"https:\\\/\\\/eldigitaldeasturias.com\\\/magazine365#listItem\",\"name\":\"Home\"}},{\"@type\":\"ListItem\",\"@id\":\"https:\\\/\\\/eldigitaldeasturias.com\\\/magazine365\\\/canarias-exhibe-sus-amaneceres-en-la-exposicion-daylights\\\/#listItem\",\"position\":3,\"name\":\"Canarias exhibe sus amaneceres en la exposici\\u00f3n &#8216;Daylights&#8217;\",\"previousItem\":{\"@type\":\"ListItem\",\"@id\":\"https:\\\/\\\/eldigitaldeasturias.com\\\/magazine365\\\/category\\\/actualidad-turismo\\\/#listItem\",\"name\":\"Actualidad Turismo\"}}]},{\"@type\":\"Organization\",\"@id\":\"https:\\\/\\\/eldigitaldeasturias.com\\\/magazine365\\\/#organization\",\"name\":\"El digital de Asturias\",\"description\":\"Revista de ocio, turismo y estilo de vida\",\"url\":\"https:\\\/\\\/eldigitaldeasturias.com\\\/magazine365\\\/\",\"logo\":{\"@type\":\"ImageObject\",\"url\":\"https:\\\/\\\/www.eldigitaldeasturias.com\\\/noticias\\\/wp-content\\\/uploads\\\/2020\\\/12\\\/EDA.jpg\",\"@id\":\"https:\\\/\\\/eldigitaldeasturias.com\\\/magazine365\\\/canarias-exhibe-sus-amaneceres-en-la-exposicion-daylights\\\/#organizationLogo\"},\"image\":{\"@id\":\"https:\\\/\\\/eldigitaldeasturias.com\\\/magazine365\\\/canarias-exhibe-sus-amaneceres-en-la-exposicion-daylights\\\/#organizationLogo\"}},{\"@type\":\"Person\",\"@id\":\"https:\\\/\\\/eldigitaldeasturias.com\\\/magazine365\\\/author\\\/admin\\\/#author\",\"url\":\"https:\\\/\\\/eldigitaldeasturias.com\\\/magazine365\\\/author\\\/admin\\\/\",\"name\":\"admin\",\"image\":{\"@type\":\"ImageObject\",\"@id\":\"https:\\\/\\\/eldigitaldeasturias.com\\\/magazine365\\\/canarias-exhibe-sus-amaneceres-en-la-exposicion-daylights\\\/#authorImage\",\"url\":\"https:\\\/\\\/eldigitaldeasturias.com\\\/magazine365\\\/wp-content\\\/litespeed\\\/avatar\\\/e571bcf59a0edd6fa6838245a470f2fe.jpg?ver=1777574230\",\"width\":96,\"height\":96,\"caption\":\"admin\"}},{\"@type\":\"WebPage\",\"@id\":\"https:\\\/\\\/eldigitaldeasturias.com\\\/magazine365\\\/canarias-exhibe-sus-amaneceres-en-la-exposicion-daylights\\\/#webpage\",\"url\":\"https:\\\/\\\/eldigitaldeasturias.com\\\/magazine365\\\/canarias-exhibe-sus-amaneceres-en-la-exposicion-daylights\\\/\",\"name\":\"Canarias exhibe sus amaneceres en la exposici\\u00f3n \\u2018Daylights\\u2019 | El Digital de Asturias\",\"description\":\"La Viceconsejer\\u00eda de Turismo del Gobierno de Canarias ha presentado este mi\\u00e9rcoles la exposici\\u00f3n 'Daylights. Amaneceres de otro mundo', una muestra en la que se exhiben los despertares \\u00fanicos que esconde el archipi\\u00e9lago. La muestra, compuesta por v\\u00eddeos y fotograf\\u00edas, es el resultado de un viaje, a lo largo de un mes, por cada una\",\"inLanguage\":\"es-ES\",\"isPartOf\":{\"@id\":\"https:\\\/\\\/eldigitaldeasturias.com\\\/magazine365\\\/#website\"},\"breadcrumb\":{\"@id\":\"https:\\\/\\\/eldigitaldeasturias.com\\\/magazine365\\\/canarias-exhibe-sus-amaneceres-en-la-exposicion-daylights\\\/#breadcrumblist\"},\"author\":{\"@id\":\"https:\\\/\\\/eldigitaldeasturias.com\\\/magazine365\\\/author\\\/admin\\\/#author\"},\"creator\":{\"@id\":\"https:\\\/\\\/eldigitaldeasturias.com\\\/magazine365\\\/author\\\/admin\\\/#author\"},\"image\":{\"@type\":\"ImageObject\",\"url\":\"https:\\\/\\\/eldigitaldeasturias.com\\\/magazine365\\\/wp-content\\\/uploads\\\/2015\\\/06\\\/fotonoticia_20150624162311_800.jpg\",\"@id\":\"https:\\\/\\\/eldigitaldeasturias.com\\\/magazine365\\\/canarias-exhibe-sus-amaneceres-en-la-exposicion-daylights\\\/#mainImage\",\"width\":800,\"height\":600},\"primaryImageOfPage\":{\"@id\":\"https:\\\/\\\/eldigitaldeasturias.com\\\/magazine365\\\/canarias-exhibe-sus-amaneceres-en-la-exposicion-daylights\\\/#mainImage\"},\"datePublished\":\"2015-06-25T08:48:58+02:00\",\"dateModified\":\"2015-06-25T08:48:58+02:00\"},{\"@type\":\"WebSite\",\"@id\":\"https:\\\/\\\/eldigitaldeasturias.com\\\/magazine365\\\/#website\",\"url\":\"https:\\\/\\\/eldigitaldeasturias.com\\\/magazine365\\\/\",\"name\":\"El Digital de Asturias\",\"description\":\"Revista de ocio, turismo y estilo de vida\",\"inLanguage\":\"es-ES\",\"publisher\":{\"@id\":\"https:\\\/\\\/eldigitaldeasturias.com\\\/magazine365\\\/#organization\"}}]}\n\t\t<\/script>\n\t\t<!-- All in One SEO Pro -->\r\n\t\t<title>Canarias exhibe sus amaneceres en la exposici\u00f3n \u2018Daylights\u2019 | El Digital de Asturias<\/title>\n\n","aioseo_head_json":{"title":"Canarias exhibe sus amaneceres en la exposici\u00f3n \u2018Daylights\u2019 | El Digital de Asturias","description":"La Viceconsejer\u00eda de Turismo del Gobierno de Canarias ha presentado este mi\u00e9rcoles la exposici\u00f3n 'Daylights. Amaneceres de otro mundo', una muestra en la que se exhiben los despertares \u00fanicos que esconde el archipi\u00e9lago. La muestra, compuesta por v\u00eddeos y fotograf\u00edas, es el resultado de un viaje, a lo largo de un mes, por cada una","canonical_url":"https:\/\/eldigitaldeasturias.com\/magazine365\/canarias-exhibe-sus-amaneceres-en-la-exposicion-daylights\/","robots":"max-image-preview:large","keywords":"actualidad turismo","webmasterTools":{"google-site-verification":"UA-38556648-1","miscellaneous":""},"schema":{"@context":"https:\/\/schema.org","@graph":[{"@type":"Article","@id":"https:\/\/eldigitaldeasturias.com\/magazine365\/canarias-exhibe-sus-amaneceres-en-la-exposicion-daylights\/#article","name":"Canarias exhibe sus amaneceres en la exposici\u00f3n \u2018Daylights\u2019 | El Digital de Asturias","headline":"Canarias exhibe sus amaneceres en la exposici\u00f3n &#8216;Daylights&#8217;","author":{"@id":"https:\/\/eldigitaldeasturias.com\/magazine365\/author\/admin\/#author"},"publisher":{"@id":"https:\/\/eldigitaldeasturias.com\/magazine365\/#organization"},"image":{"@type":"ImageObject","url":"https:\/\/eldigitaldeasturias.com\/magazine365\/wp-content\/uploads\/2015\/06\/fotonoticia_20150624162311_800.jpg","width":800,"height":600},"datePublished":"2015-06-25T08:48:58+02:00","dateModified":"2015-06-25T08:48:58+02:00","inLanguage":"es-ES","mainEntityOfPage":{"@id":"https:\/\/eldigitaldeasturias.com\/magazine365\/canarias-exhibe-sus-amaneceres-en-la-exposicion-daylights\/#webpage"},"isPartOf":{"@id":"https:\/\/eldigitaldeasturias.com\/magazine365\/canarias-exhibe-sus-amaneceres-en-la-exposicion-daylights\/#webpage"},"articleSection":"Actualidad Turismo"},{"@type":"BreadcrumbList","@id":"https:\/\/eldigitaldeasturias.com\/magazine365\/canarias-exhibe-sus-amaneceres-en-la-exposicion-daylights\/#breadcrumblist","itemListElement":[{"@type":"ListItem","@id":"https:\/\/eldigitaldeasturias.com\/magazine365#listItem","position":1,"name":"Home","item":"https:\/\/eldigitaldeasturias.com\/magazine365","nextItem":{"@type":"ListItem","@id":"https:\/\/eldigitaldeasturias.com\/magazine365\/category\/actualidad-turismo\/#listItem","name":"Actualidad Turismo"}},{"@type":"ListItem","@id":"https:\/\/eldigitaldeasturias.com\/magazine365\/category\/actualidad-turismo\/#listItem","position":2,"name":"Actualidad Turismo","item":"https:\/\/eldigitaldeasturias.com\/magazine365\/category\/actualidad-turismo\/","nextItem":{"@type":"ListItem","@id":"https:\/\/eldigitaldeasturias.com\/magazine365\/canarias-exhibe-sus-amaneceres-en-la-exposicion-daylights\/#listItem","name":"Canarias exhibe sus amaneceres en la exposici\u00f3n &#8216;Daylights&#8217;"},"previousItem":{"@type":"ListItem","@id":"https:\/\/eldigitaldeasturias.com\/magazine365#listItem","name":"Home"}},{"@type":"ListItem","@id":"https:\/\/eldigitaldeasturias.com\/magazine365\/canarias-exhibe-sus-amaneceres-en-la-exposicion-daylights\/#listItem","position":3,"name":"Canarias exhibe sus amaneceres en la exposici\u00f3n &#8216;Daylights&#8217;","previousItem":{"@type":"ListItem","@id":"https:\/\/eldigitaldeasturias.com\/magazine365\/category\/actualidad-turismo\/#listItem","name":"Actualidad Turismo"}}]},{"@type":"Organization","@id":"https:\/\/eldigitaldeasturias.com\/magazine365\/#organization","name":"El digital de Asturias","description":"Revista de ocio, turismo y estilo de vida","url":"https:\/\/eldigitaldeasturias.com\/magazine365\/","logo":{"@type":"ImageObject","url":"https:\/\/www.eldigitaldeasturias.com\/noticias\/wp-content\/uploads\/2020\/12\/EDA.jpg","@id":"https:\/\/eldigitaldeasturias.com\/magazine365\/canarias-exhibe-sus-amaneceres-en-la-exposicion-daylights\/#organizationLogo"},"image":{"@id":"https:\/\/eldigitaldeasturias.com\/magazine365\/canarias-exhibe-sus-amaneceres-en-la-exposicion-daylights\/#organizationLogo"}},{"@type":"Person","@id":"https:\/\/eldigitaldeasturias.com\/magazine365\/author\/admin\/#author","url":"https:\/\/eldigitaldeasturias.com\/magazine365\/author\/admin\/","name":"admin","image":{"@type":"ImageObject","@id":"https:\/\/eldigitaldeasturias.com\/magazine365\/canarias-exhibe-sus-amaneceres-en-la-exposicion-daylights\/#authorImage","url":"https:\/\/eldigitaldeasturias.com\/magazine365\/wp-content\/litespeed\/avatar\/e571bcf59a0edd6fa6838245a470f2fe.jpg?ver=1777574230","width":96,"height":96,"caption":"admin"}},{"@type":"WebPage","@id":"https:\/\/eldigitaldeasturias.com\/magazine365\/canarias-exhibe-sus-amaneceres-en-la-exposicion-daylights\/#webpage","url":"https:\/\/eldigitaldeasturias.com\/magazine365\/canarias-exhibe-sus-amaneceres-en-la-exposicion-daylights\/","name":"Canarias exhibe sus amaneceres en la exposici\u00f3n \u2018Daylights\u2019 | El Digital de Asturias","description":"La Viceconsejer\u00eda de Turismo del Gobierno de Canarias ha presentado este mi\u00e9rcoles la exposici\u00f3n 'Daylights. Amaneceres de otro mundo', una muestra en la que se exhiben los despertares \u00fanicos que esconde el archipi\u00e9lago. La muestra, compuesta por v\u00eddeos y fotograf\u00edas, es el resultado de un viaje, a lo largo de un mes, por cada una","inLanguage":"es-ES","isPartOf":{"@id":"https:\/\/eldigitaldeasturias.com\/magazine365\/#website"},"breadcrumb":{"@id":"https:\/\/eldigitaldeasturias.com\/magazine365\/canarias-exhibe-sus-amaneceres-en-la-exposicion-daylights\/#breadcrumblist"},"author":{"@id":"https:\/\/eldigitaldeasturias.com\/magazine365\/author\/admin\/#author"},"creator":{"@id":"https:\/\/eldigitaldeasturias.com\/magazine365\/author\/admin\/#author"},"image":{"@type":"ImageObject","url":"https:\/\/eldigitaldeasturias.com\/magazine365\/wp-content\/uploads\/2015\/06\/fotonoticia_20150624162311_800.jpg","@id":"https:\/\/eldigitaldeasturias.com\/magazine365\/canarias-exhibe-sus-amaneceres-en-la-exposicion-daylights\/#mainImage","width":800,"height":600},"primaryImageOfPage":{"@id":"https:\/\/eldigitaldeasturias.com\/magazine365\/canarias-exhibe-sus-amaneceres-en-la-exposicion-daylights\/#mainImage"},"datePublished":"2015-06-25T08:48:58+02:00","dateModified":"2015-06-25T08:48:58+02:00"},{"@type":"WebSite","@id":"https:\/\/eldigitaldeasturias.com\/magazine365\/#website","url":"https:\/\/eldigitaldeasturias.com\/magazine365\/","name":"El Digital de Asturias","description":"Revista de ocio, turismo y estilo de vida","inLanguage":"es-ES","publisher":{"@id":"https:\/\/eldigitaldeasturias.com\/magazine365\/#organization"}}]},"og:locale":"es_ES","og:site_name":"El Digital de Asturias \u2013 Revista de ocio, turismo y estilo de vida","og:type":"article","og:title":"Canarias exhibe sus amaneceres en la exposici\u00f3n \u2018Daylights\u2019 | El Digital de Asturias","og:description":"La Viceconsejer\u00eda de Turismo del Gobierno de Canarias ha presentado este mi\u00e9rcoles la exposici\u00f3n 'Daylights. Amaneceres de otro mundo', una muestra en la que se exhiben los despertares \u00fanicos que esconde el archipi\u00e9lago. La muestra, compuesta por v\u00eddeos y fotograf\u00edas, es el resultado de un viaje, a lo largo de un mes, por cada una","og:url":"https:\/\/eldigitaldeasturias.com\/magazine365\/canarias-exhibe-sus-amaneceres-en-la-exposicion-daylights\/","og:image":"https:\/\/eldigitaldeasturias.com\/magazine365\/wp-content\/uploads\/2015\/06\/fotonoticia_20150624162311_800.jpg","og:image:secure_url":"https:\/\/eldigitaldeasturias.com\/magazine365\/wp-content\/uploads\/2015\/06\/fotonoticia_20150624162311_800.jpg","og:image:width":800,"og:image:height":600,"article:published_time":"2015-06-25T07:18:58+00:00","article:modified_time":"2015-06-25T07:18:58+00:00","twitter:card":"summary_large_image","twitter:title":"Canarias exhibe sus amaneceres en la exposici\u00f3n \u2018Daylights\u2019 | El Digital de Asturias","twitter:description":"La Viceconsejer\u00eda de Turismo del Gobierno de Canarias ha presentado este mi\u00e9rcoles la exposici\u00f3n 'Daylights. Amaneceres de otro mundo', una muestra en la que se exhiben los despertares \u00fanicos que esconde el archipi\u00e9lago. La muestra, compuesta por v\u00eddeos y fotograf\u00edas, es el resultado de un viaje, a lo largo de un mes, por cada una","twitter:image":"https:\/\/eldigitaldeasturias.com\/magazine365\/wp-content\/uploads\/2015\/06\/fotonoticia_20150624162311_800.jpg"},"aioseo_meta_data":{"post_id":"40892","title":null,"description":null,"keywords":null,"keyphrases":null,"primary_term":null,"canonical_url":null,"og_title":null,"og_description":null,"og_object_type":"default","og_image_type":"default","og_image_url":null,"og_image_width":null,"og_image_height":null,"og_image_custom_url":null,"og_image_custom_fields":null,"og_video":null,"og_custom_url":null,"og_article_section":null,"og_article_tags":null,"twitter_use_og":false,"twitter_card":"default","twitter_image_type":"default","twitter_image_url":null,"twitter_image_custom_url":null,"twitter_image_custom_fields":null,"twitter_title":null,"twitter_description":null,"schema":{"blockGraphs":[],"customGraphs":[],"default":{"data":{"Article":[],"Course":[],"Dataset":[],"FAQPage":[],"Movie":[],"Person":[],"Product":[],"ProductReview":[],"Car":[],"Recipe":[],"Service":[],"SoftwareApplication":[],"WebPage":[]},"graphName":"","isEnabled":true},"graphs":[],"defaultGraph":"","defaultPostTypeGraph":""},"schema_type":null,"schema_type_options":null,"pillar_content":false,"robots_default":true,"robots_noindex":false,"robots_noarchive":false,"robots_nosnippet":false,"robots_nofollow":false,"robots_noimageindex":false,"robots_noodp":false,"robots_notranslate":false,"robots_max_snippet":null,"robots_max_videopreview":null,"robots_max_imagepreview":"large","priority":null,"frequency":null,"location":null,"local_seo":null,"seo_analyzer_scan_date":"2025-09-19 14:36:11","breadcrumb_settings":null,"limit_modified_date":false,"open_ai":null,"ai":null,"created":"2021-03-09 02:22:40","updated":"2025-09-19 14:36:11"},"aioseo_breadcrumb":"<div class=\"aioseo-breadcrumbs\"><span class=\"aioseo-breadcrumb\">\n\t<a href=\"https:\/\/eldigitaldeasturias.com\/magazine365\" title=\"Home\">Home<\/a>\n<\/span><span class=\"aioseo-breadcrumb-separator\">\u2013<\/span><span class=\"aioseo-breadcrumb\">\n\t<a href=\"https:\/\/eldigitaldeasturias.com\/magazine365\/category\/actualidad-turismo\/\" title=\"Actualidad Turismo\">Actualidad Turismo<\/a>\n<\/span><span class=\"aioseo-breadcrumb-separator\">\u2013<\/span><span class=\"aioseo-breadcrumb\">\n\t<a href=\"https:\/\/eldigitaldeasturias.com\/magazine365\/canarias-exhibe-sus-amaneceres-en-la-exposicion-daylights\/\" title=\"Canarias exhibe sus amaneceres en la exposici\u00f3n \u2018Daylights\u2019\">Canarias exhibe sus amaneceres en la exposici\u00f3n \u2018Daylights\u2019<\/a>\n<\/span><\/div>","aioseo_breadcrumb_json":[{"label":"Home","link":"https:\/\/eldigitaldeasturias.com\/magazine365"},{"label":"Actualidad Turismo","link":"https:\/\/eldigitaldeasturias.com\/magazine365\/category\/actualidad-turismo\/"},{"label":"Canarias exhibe sus amaneceres en la exposici\u00f3n &#8216;Daylights&#8217;","link":"https:\/\/eldigitaldeasturias.com\/magazine365\/canarias-exhibe-sus-amaneceres-en-la-exposicion-daylights\/"}],"_links":{"self":[{"href":"https:\/\/eldigitaldeasturias.com\/magazine365\/wp-json\/wp\/v2\/posts\/40892","targetHints":{"allow":["GET"]}}],"collection":[{"href":"https:\/\/eldigitaldeasturias.com\/magazine365\/wp-json\/wp\/v2\/posts"}],"about":[{"href":"https:\/\/eldigitaldeasturias.com\/magazine365\/wp-json\/wp\/v2\/types\/post"}],"author":[{"embeddable":true,"href":"https:\/\/eldigitaldeasturias.com\/magazine365\/wp-json\/wp\/v2\/users\/1"}],"replies":[{"embeddable":true,"href":"https:\/\/eldigitaldeasturias.com\/magazine365\/wp-json\/wp\/v2\/comments?post=40892"}],"version-history":[{"count":0,"href":"https:\/\/eldigitaldeasturias.com\/magazine365\/wp-json\/wp\/v2\/posts\/40892\/revisions"}],"wp:featuredmedia":[{"embeddable":true,"href":"https:\/\/eldigitaldeasturias.com\/magazine365\/wp-json\/wp\/v2\/media\/40893"}],"wp:attachment":[{"href":"https:\/\/eldigitaldeasturias.com\/magazine365\/wp-json\/wp\/v2\/media?parent=40892"}],"wp:term":[{"taxonomy":"category","embeddable":true,"href":"https:\/\/eldigitaldeasturias.com\/magazine365\/wp-json\/wp\/v2\/categories?post=40892"},{"taxonomy":"post_tag","embeddable":true,"href":"https:\/\/eldigitaldeasturias.com\/magazine365\/wp-json\/wp\/v2\/tags?post=40892"}],"curies":[{"name":"wp","href":"https:\/\/api.w.org\/{rel}","templated":true}]}}