{"id":40886,"date":"2015-06-25T08:40:46","date_gmt":"2015-06-25T07:10:46","guid":{"rendered":"http:\/\/eldigitaldeasturias.com\/magazine365\/?p=40886"},"modified":"2015-06-25T08:40:46","modified_gmt":"2015-06-25T07:10:46","slug":"ibiza-y-menorca-ya-tienen-su-primer-hotel-sol-beach-house","status":"publish","type":"post","link":"https:\/\/eldigitaldeasturias.com\/magazine365\/ibiza-y-menorca-ya-tienen-su-primer-hotel-sol-beach-house\/","title":{"rendered":"Ibiza y Menorca ya tienen su primer hotel &#8216;Sol Beach House&#8217;"},"content":{"rendered":"<p><img fetchpriority=\"high\" decoding=\"async\" class=\"alignleft size-medium wp-image-40887\" src=\"https:\/\/eldigitaldeasturias.com\/magazine365\/wp-content\/uploads\/2015\/06\/fotonoticia_20150624142131_800-360x194.jpg\" alt=\"fotonoticia_20150624142131_800\" width=\"360\" height=\"194\" srcset=\"https:\/\/eldigitaldeasturias.com\/magazine365\/wp-content\/uploads\/2015\/06\/fotonoticia_20150624142131_800-360x194.jpg 360w, https:\/\/eldigitaldeasturias.com\/magazine365\/wp-content\/uploads\/2015\/06\/fotonoticia_20150624142131_800-650x350.jpg 650w, https:\/\/eldigitaldeasturias.com\/magazine365\/wp-content\/uploads\/2015\/06\/fotonoticia_20150624142131_800-768x414.jpg 768w, https:\/\/eldigitaldeasturias.com\/magazine365\/wp-content\/uploads\/2015\/06\/fotonoticia_20150624142131_800-150x81.jpg 150w, https:\/\/eldigitaldeasturias.com\/magazine365\/wp-content\/uploads\/2015\/06\/fotonoticia_20150624142131_800-450x242.jpg 450w, https:\/\/eldigitaldeasturias.com\/magazine365\/wp-content\/uploads\/2015\/06\/fotonoticia_20150624142131_800-696x375.jpg 696w, https:\/\/eldigitaldeasturias.com\/magazine365\/wp-content\/uploads\/2015\/06\/fotonoticia_20150624142131_800-780x420.jpg 780w, https:\/\/eldigitaldeasturias.com\/magazine365\/wp-content\/uploads\/2015\/06\/fotonoticia_20150624142131_800-420x225.jpg 420w, https:\/\/eldigitaldeasturias.com\/magazine365\/wp-content\/uploads\/2015\/06\/fotonoticia_20150624142131_800.jpg 800w\" sizes=\"(max-width: 360px) 100vw, 360px\" \/>Meli\u00e1 Hotels International, la hotelera vacacional l\u00edder en el mundo, sigue transformando el segmento vacacional en Espa\u00f1a con los nuevos conceptos de su marca Sol Hotels &amp; Resorts, que apuestan por la innovaci\u00f3n, diferenciaci\u00f3n y personalizaci\u00f3n de experiencias.<\/p>\n<p>En 2015, ha extendido a Ibiza y Menorca su compromiso de renovaci\u00f3n de portfolio y, siguiendo la estela de \u00e9xito Calvi\u00e1 Beach &#8211;proyecto pionero de reposicionamiento tur\u00edstico en Magaluf (Mallorca)&#8211; la compa\u00f1\u00eda ha remodelado los antiguos Sol Ibiza y Sol Menorca bajo el nuevo concepto de &#8216;Sol Beach House&#8217;, una de las cuatro experiencias que ofrece la marca Sol, concebida solo para adultos, informa la cadena hotelera en un comunicado.<\/p>\n<p>Seg\u00fan el consejero delegado y vicepresidente de Meli\u00e1 Hotels International, Gabriel Escarrer, el objetivo es \u00abmejorar el posicionamiento de nuestros hoteles vacacionales en un segmento superior, respondiendo a la mayor demanda de experiencias \u00fanicas y personalizadas, que satisfagan a un p\u00fablico cada vez m\u00e1s diversificado y experimentado\u00bb.<\/p>\n<p>As\u00ed, este verano los conceptos vacacionales de Sol se han extendido por Baleares con actuaciones realizadas en un total de nueve hoteles: Sol Beach House Ibiza, Sol Beach House Menorca, Sol Beach House Mallorca &#8211; Cala Blanca, Sol House Trinidad, Sol Wave House, Sol Katmand\u00fa Park &amp; Resort, Sol Guadalupe, Sol Palmanova y Sol Barbados.<\/p>\n<p>SOL BEACH HOUSE IBIZA.<\/p>\n<p>Concretamente, el nuevo Sol Beach House Ibiza es un nuevo refugio para adultos sin planes ni horarios que buscan evadirse de la rutina, pero sin renunciar a la elegancia y al estilo. De hecho, la alianza entre la marca Sol y la firma espa\u00f1ola Desigual aporta los particulares toques de dise\u00f1o, tanto en la decoraci\u00f3n de los espacios como en los uniformes de los empleados.<\/p>\n<p>Ubicado en primera l\u00ednea, junto a la playa de Santa Eulalia del R\u00edo, Sol Beach House Ibiza cuenta con 239 habitaciones y suites equipadas con lo \u00faltimo en tecnolog\u00eda y con espaciosas terrazas que ofrecen vistas al mar Mediterr\u00e1neo.<\/p>\n<p>Las habitaciones son modernas y su decoraci\u00f3n est\u00e1 inspirada en el estilo ibicenco. Adem\u00e1s, los hu\u00e9spedes disponen de conexi\u00f3n WiFi gratuita en todo el establecimiento.<\/p>\n<p>Dos impresionantes piscinas y grandes terrazas con tumbonas y camas balinesas amenizan las zonas comunes del hotel, mientras que los dos restaurantes del complejo brindar\u00e1n a los hu\u00e9spedes la oportunidad de disfrutar de una deliciosa mezcla de cocina mediterr\u00e1nea e internacional, con toques regionales.<\/p>\n<p>Para rejuvenecer cuerpo y mente, los hu\u00e9spedes tambi\u00e9n disponen de un \u00e1rea Zen, en la que podr\u00e1n disfrutar de clases de Yoga, Pilates o Aquagym, o relajarse a trav\u00e9s del amplio abanico de tratamientos que se ofrecen.<\/p>\n<p>SOL BEACH HOUSE MENORCA.<\/p>\n<p>Por su parte, Sol Beach House Menorca se ubica en la Playa de Santo Tom\u00e1s, un entorno privilegiado para ofrecer la experiencia Solo Adultos de la marca Sol. El hotel cuenta con 188 habitaciones de moderno dise\u00f1o y una amplia piscina exterior rodeada de jardines y varias terrazas con impresionantes vistas al mar. Asimismo, ofrece diferentes espacios gastron\u00f3micos: un restaurante con especialidades regionales y rincones tem\u00e1ticos, un pool bar junto a la piscina donde poder disfrutar del almuerzo y un exclusivo Lounge Bar con amplia carta de c\u00f3cteles y bebidas.<\/p>\n","protected":false},"excerpt":{"rendered":"<p>Meli\u00e1 Hotels International, la hotelera vacacional l\u00edder en el mundo, sigue transformando el segmento vacacional en Espa\u00f1a con los nuevos conceptos de su marca Sol Hotels &amp; Resorts, que apuestan por la innovaci\u00f3n, diferenciaci\u00f3n y personalizaci\u00f3n de experiencias. En 2015, ha extendido a Ibiza y Menorca su compromiso de renovaci\u00f3n de portfolio y, siguiendo la<\/p>\n","protected":false},"author":1,"featured_media":40887,"comment_status":"open","ping_status":"closed","sticky":false,"template":"","format":"standard","meta":{"footnotes":""},"categories":[222],"tags":[],"class_list":{"0":"post-40886","1":"post","2":"type-post","3":"status-publish","4":"format-standard","5":"has-post-thumbnail","7":"category-actualidad-turismo"},"aioseo_notices":[],"aioseo_head":"\n\t\t<!-- All in One SEO Pro 4.9.6.1 - aioseo.com -->\n\t<meta name=\"description\" content=\"Meli\u00e1 Hotels International, la hotelera vacacional l\u00edder en el mundo, sigue transformando el segmento vacacional en Espa\u00f1a con los nuevos conceptos de su marca Sol Hotels &amp; Resorts, que apuestan por la innovaci\u00f3n, diferenciaci\u00f3n y personalizaci\u00f3n de experiencias. En 2015, ha extendido a Ibiza y Menorca su compromiso de renovaci\u00f3n de portfolio y, siguiendo la\" \/>\n\t<meta name=\"robots\" content=\"max-image-preview:large\" \/>\n\t<meta name=\"author\" content=\"admin\"\/>\n\t<meta name=\"google-site-verification\" content=\"UA-38556648-1\" \/>\n\t<meta name=\"keywords\" content=\"actualidad turismo\" \/>\n\t<link rel=\"canonical\" href=\"https:\/\/eldigitaldeasturias.com\/magazine365\/ibiza-y-menorca-ya-tienen-su-primer-hotel-sol-beach-house\/\" \/>\n\t<meta name=\"generator\" content=\"All in One SEO Pro (AIOSEO) 4.9.6.1\" \/>\n\t\t<meta property=\"og:locale\" content=\"es_ES\" \/>\n\t\t<meta property=\"og:site_name\" content=\"El Digital de Asturias \u2013 Revista de ocio, turismo y estilo de vida\" \/>\n\t\t<meta property=\"og:type\" content=\"article\" \/>\n\t\t<meta property=\"og:title\" content=\"Ibiza y Menorca ya tienen su primer hotel \u2018Sol Beach House\u2019 | El Digital de Asturias\" \/>\n\t\t<meta property=\"og:description\" content=\"Meli\u00e1 Hotels International, la hotelera vacacional l\u00edder en el mundo, sigue transformando el segmento vacacional en Espa\u00f1a con los nuevos conceptos de su marca Sol Hotels &amp; Resorts, que apuestan por la innovaci\u00f3n, diferenciaci\u00f3n y personalizaci\u00f3n de experiencias. En 2015, ha extendido a Ibiza y Menorca su compromiso de renovaci\u00f3n de portfolio y, siguiendo la\" \/>\n\t\t<meta property=\"og:url\" content=\"https:\/\/eldigitaldeasturias.com\/magazine365\/ibiza-y-menorca-ya-tienen-su-primer-hotel-sol-beach-house\/\" \/>\n\t\t<meta property=\"og:image\" content=\"https:\/\/eldigitaldeasturias.com\/magazine365\/wp-content\/uploads\/2015\/06\/fotonoticia_20150624142131_800.jpg\" \/>\n\t\t<meta property=\"og:image:secure_url\" content=\"https:\/\/eldigitaldeasturias.com\/magazine365\/wp-content\/uploads\/2015\/06\/fotonoticia_20150624142131_800.jpg\" \/>\n\t\t<meta property=\"og:image:width\" content=\"800\" \/>\n\t\t<meta property=\"og:image:height\" content=\"431\" \/>\n\t\t<meta property=\"article:published_time\" content=\"2015-06-25T07:10:46+00:00\" \/>\n\t\t<meta property=\"article:modified_time\" content=\"2015-06-25T07:10:46+00:00\" \/>\n\t\t<meta name=\"twitter:card\" content=\"summary_large_image\" \/>\n\t\t<meta name=\"twitter:title\" content=\"Ibiza y Menorca ya tienen su primer hotel \u2018Sol Beach House\u2019 | El Digital de Asturias\" \/>\n\t\t<meta name=\"twitter:description\" content=\"Meli\u00e1 Hotels International, la hotelera vacacional l\u00edder en el mundo, sigue transformando el segmento vacacional en Espa\u00f1a con los nuevos conceptos de su marca Sol Hotels &amp; Resorts, que apuestan por la innovaci\u00f3n, diferenciaci\u00f3n y personalizaci\u00f3n de experiencias. En 2015, ha extendido a Ibiza y Menorca su compromiso de renovaci\u00f3n de portfolio y, siguiendo la\" \/>\n\t\t<meta name=\"twitter:image\" content=\"https:\/\/eldigitaldeasturias.com\/magazine365\/wp-content\/uploads\/2015\/06\/fotonoticia_20150624142131_800.jpg\" \/>\n\t\t<script type=\"application\/ld+json\" class=\"aioseo-schema\">\n\t\t\t{\"@context\":\"https:\\\/\\\/schema.org\",\"@graph\":[{\"@type\":\"Article\",\"@id\":\"https:\\\/\\\/eldigitaldeasturias.com\\\/magazine365\\\/ibiza-y-menorca-ya-tienen-su-primer-hotel-sol-beach-house\\\/#article\",\"name\":\"Ibiza y Menorca ya tienen su primer hotel \\u2018Sol Beach House\\u2019 | El Digital de Asturias\",\"headline\":\"Ibiza y Menorca ya tienen su primer hotel &#8216;Sol Beach House&#8217;\",\"author\":{\"@id\":\"https:\\\/\\\/eldigitaldeasturias.com\\\/magazine365\\\/author\\\/admin\\\/#author\"},\"publisher\":{\"@id\":\"https:\\\/\\\/eldigitaldeasturias.com\\\/magazine365\\\/#organization\"},\"image\":{\"@type\":\"ImageObject\",\"url\":\"https:\\\/\\\/eldigitaldeasturias.com\\\/magazine365\\\/wp-content\\\/uploads\\\/2015\\\/06\\\/fotonoticia_20150624142131_800.jpg\",\"width\":800,\"height\":431},\"datePublished\":\"2015-06-25T08:40:46+02:00\",\"dateModified\":\"2015-06-25T08:40:46+02:00\",\"inLanguage\":\"es-ES\",\"mainEntityOfPage\":{\"@id\":\"https:\\\/\\\/eldigitaldeasturias.com\\\/magazine365\\\/ibiza-y-menorca-ya-tienen-su-primer-hotel-sol-beach-house\\\/#webpage\"},\"isPartOf\":{\"@id\":\"https:\\\/\\\/eldigitaldeasturias.com\\\/magazine365\\\/ibiza-y-menorca-ya-tienen-su-primer-hotel-sol-beach-house\\\/#webpage\"},\"articleSection\":\"Actualidad Turismo\"},{\"@type\":\"BreadcrumbList\",\"@id\":\"https:\\\/\\\/eldigitaldeasturias.com\\\/magazine365\\\/ibiza-y-menorca-ya-tienen-su-primer-hotel-sol-beach-house\\\/#breadcrumblist\",\"itemListElement\":[{\"@type\":\"ListItem\",\"@id\":\"https:\\\/\\\/eldigitaldeasturias.com\\\/magazine365#listItem\",\"position\":1,\"name\":\"Home\",\"item\":\"https:\\\/\\\/eldigitaldeasturias.com\\\/magazine365\",\"nextItem\":{\"@type\":\"ListItem\",\"@id\":\"https:\\\/\\\/eldigitaldeasturias.com\\\/magazine365\\\/category\\\/actualidad-turismo\\\/#listItem\",\"name\":\"Actualidad Turismo\"}},{\"@type\":\"ListItem\",\"@id\":\"https:\\\/\\\/eldigitaldeasturias.com\\\/magazine365\\\/category\\\/actualidad-turismo\\\/#listItem\",\"position\":2,\"name\":\"Actualidad Turismo\",\"item\":\"https:\\\/\\\/eldigitaldeasturias.com\\\/magazine365\\\/category\\\/actualidad-turismo\\\/\",\"nextItem\":{\"@type\":\"ListItem\",\"@id\":\"https:\\\/\\\/eldigitaldeasturias.com\\\/magazine365\\\/ibiza-y-menorca-ya-tienen-su-primer-hotel-sol-beach-house\\\/#listItem\",\"name\":\"Ibiza y Menorca ya tienen su primer hotel &#8216;Sol Beach House&#8217;\"},\"previousItem\":{\"@type\":\"ListItem\",\"@id\":\"https:\\\/\\\/eldigitaldeasturias.com\\\/magazine365#listItem\",\"name\":\"Home\"}},{\"@type\":\"ListItem\",\"@id\":\"https:\\\/\\\/eldigitaldeasturias.com\\\/magazine365\\\/ibiza-y-menorca-ya-tienen-su-primer-hotel-sol-beach-house\\\/#listItem\",\"position\":3,\"name\":\"Ibiza y Menorca ya tienen su primer hotel &#8216;Sol Beach House&#8217;\",\"previousItem\":{\"@type\":\"ListItem\",\"@id\":\"https:\\\/\\\/eldigitaldeasturias.com\\\/magazine365\\\/category\\\/actualidad-turismo\\\/#listItem\",\"name\":\"Actualidad Turismo\"}}]},{\"@type\":\"Organization\",\"@id\":\"https:\\\/\\\/eldigitaldeasturias.com\\\/magazine365\\\/#organization\",\"name\":\"El digital de Asturias\",\"description\":\"Revista de ocio, turismo y estilo de vida\",\"url\":\"https:\\\/\\\/eldigitaldeasturias.com\\\/magazine365\\\/\",\"logo\":{\"@type\":\"ImageObject\",\"url\":\"https:\\\/\\\/www.eldigitaldeasturias.com\\\/noticias\\\/wp-content\\\/uploads\\\/2020\\\/12\\\/EDA.jpg\",\"@id\":\"https:\\\/\\\/eldigitaldeasturias.com\\\/magazine365\\\/ibiza-y-menorca-ya-tienen-su-primer-hotel-sol-beach-house\\\/#organizationLogo\"},\"image\":{\"@id\":\"https:\\\/\\\/eldigitaldeasturias.com\\\/magazine365\\\/ibiza-y-menorca-ya-tienen-su-primer-hotel-sol-beach-house\\\/#organizationLogo\"}},{\"@type\":\"Person\",\"@id\":\"https:\\\/\\\/eldigitaldeasturias.com\\\/magazine365\\\/author\\\/admin\\\/#author\",\"url\":\"https:\\\/\\\/eldigitaldeasturias.com\\\/magazine365\\\/author\\\/admin\\\/\",\"name\":\"admin\",\"image\":{\"@type\":\"ImageObject\",\"@id\":\"https:\\\/\\\/eldigitaldeasturias.com\\\/magazine365\\\/ibiza-y-menorca-ya-tienen-su-primer-hotel-sol-beach-house\\\/#authorImage\",\"url\":\"https:\\\/\\\/eldigitaldeasturias.com\\\/magazine365\\\/wp-content\\\/litespeed\\\/avatar\\\/e571bcf59a0edd6fa6838245a470f2fe.jpg?ver=1777574230\",\"width\":96,\"height\":96,\"caption\":\"admin\"}},{\"@type\":\"WebPage\",\"@id\":\"https:\\\/\\\/eldigitaldeasturias.com\\\/magazine365\\\/ibiza-y-menorca-ya-tienen-su-primer-hotel-sol-beach-house\\\/#webpage\",\"url\":\"https:\\\/\\\/eldigitaldeasturias.com\\\/magazine365\\\/ibiza-y-menorca-ya-tienen-su-primer-hotel-sol-beach-house\\\/\",\"name\":\"Ibiza y Menorca ya tienen su primer hotel \\u2018Sol Beach House\\u2019 | El Digital de Asturias\",\"description\":\"Meli\\u00e1 Hotels International, la hotelera vacacional l\\u00edder en el mundo, sigue transformando el segmento vacacional en Espa\\u00f1a con los nuevos conceptos de su marca Sol Hotels & Resorts, que apuestan por la innovaci\\u00f3n, diferenciaci\\u00f3n y personalizaci\\u00f3n de experiencias. En 2015, ha extendido a Ibiza y Menorca su compromiso de renovaci\\u00f3n de portfolio y, siguiendo la\",\"inLanguage\":\"es-ES\",\"isPartOf\":{\"@id\":\"https:\\\/\\\/eldigitaldeasturias.com\\\/magazine365\\\/#website\"},\"breadcrumb\":{\"@id\":\"https:\\\/\\\/eldigitaldeasturias.com\\\/magazine365\\\/ibiza-y-menorca-ya-tienen-su-primer-hotel-sol-beach-house\\\/#breadcrumblist\"},\"author\":{\"@id\":\"https:\\\/\\\/eldigitaldeasturias.com\\\/magazine365\\\/author\\\/admin\\\/#author\"},\"creator\":{\"@id\":\"https:\\\/\\\/eldigitaldeasturias.com\\\/magazine365\\\/author\\\/admin\\\/#author\"},\"image\":{\"@type\":\"ImageObject\",\"url\":\"https:\\\/\\\/eldigitaldeasturias.com\\\/magazine365\\\/wp-content\\\/uploads\\\/2015\\\/06\\\/fotonoticia_20150624142131_800.jpg\",\"@id\":\"https:\\\/\\\/eldigitaldeasturias.com\\\/magazine365\\\/ibiza-y-menorca-ya-tienen-su-primer-hotel-sol-beach-house\\\/#mainImage\",\"width\":800,\"height\":431},\"primaryImageOfPage\":{\"@id\":\"https:\\\/\\\/eldigitaldeasturias.com\\\/magazine365\\\/ibiza-y-menorca-ya-tienen-su-primer-hotel-sol-beach-house\\\/#mainImage\"},\"datePublished\":\"2015-06-25T08:40:46+02:00\",\"dateModified\":\"2015-06-25T08:40:46+02:00\"},{\"@type\":\"WebSite\",\"@id\":\"https:\\\/\\\/eldigitaldeasturias.com\\\/magazine365\\\/#website\",\"url\":\"https:\\\/\\\/eldigitaldeasturias.com\\\/magazine365\\\/\",\"name\":\"El Digital de Asturias\",\"description\":\"Revista de ocio, turismo y estilo de vida\",\"inLanguage\":\"es-ES\",\"publisher\":{\"@id\":\"https:\\\/\\\/eldigitaldeasturias.com\\\/magazine365\\\/#organization\"}}]}\n\t\t<\/script>\n\t\t<!-- All in One SEO Pro -->\r\n\t\t<title>Ibiza y Menorca ya tienen su primer hotel \u2018Sol Beach House\u2019 | El Digital de Asturias<\/title>\n\n","aioseo_head_json":{"title":"Ibiza y Menorca ya tienen su primer hotel \u2018Sol Beach House\u2019 | El Digital de Asturias","description":"Meli\u00e1 Hotels International, la hotelera vacacional l\u00edder en el mundo, sigue transformando el segmento vacacional en Espa\u00f1a con los nuevos conceptos de su marca Sol Hotels & Resorts, que apuestan por la innovaci\u00f3n, diferenciaci\u00f3n y personalizaci\u00f3n de experiencias. En 2015, ha extendido a Ibiza y Menorca su compromiso de renovaci\u00f3n de portfolio y, siguiendo la","canonical_url":"https:\/\/eldigitaldeasturias.com\/magazine365\/ibiza-y-menorca-ya-tienen-su-primer-hotel-sol-beach-house\/","robots":"max-image-preview:large","keywords":"actualidad turismo","webmasterTools":{"google-site-verification":"UA-38556648-1","miscellaneous":""},"schema":{"@context":"https:\/\/schema.org","@graph":[{"@type":"Article","@id":"https:\/\/eldigitaldeasturias.com\/magazine365\/ibiza-y-menorca-ya-tienen-su-primer-hotel-sol-beach-house\/#article","name":"Ibiza y Menorca ya tienen su primer hotel \u2018Sol Beach House\u2019 | El Digital de Asturias","headline":"Ibiza y Menorca ya tienen su primer hotel &#8216;Sol Beach House&#8217;","author":{"@id":"https:\/\/eldigitaldeasturias.com\/magazine365\/author\/admin\/#author"},"publisher":{"@id":"https:\/\/eldigitaldeasturias.com\/magazine365\/#organization"},"image":{"@type":"ImageObject","url":"https:\/\/eldigitaldeasturias.com\/magazine365\/wp-content\/uploads\/2015\/06\/fotonoticia_20150624142131_800.jpg","width":800,"height":431},"datePublished":"2015-06-25T08:40:46+02:00","dateModified":"2015-06-25T08:40:46+02:00","inLanguage":"es-ES","mainEntityOfPage":{"@id":"https:\/\/eldigitaldeasturias.com\/magazine365\/ibiza-y-menorca-ya-tienen-su-primer-hotel-sol-beach-house\/#webpage"},"isPartOf":{"@id":"https:\/\/eldigitaldeasturias.com\/magazine365\/ibiza-y-menorca-ya-tienen-su-primer-hotel-sol-beach-house\/#webpage"},"articleSection":"Actualidad Turismo"},{"@type":"BreadcrumbList","@id":"https:\/\/eldigitaldeasturias.com\/magazine365\/ibiza-y-menorca-ya-tienen-su-primer-hotel-sol-beach-house\/#breadcrumblist","itemListElement":[{"@type":"ListItem","@id":"https:\/\/eldigitaldeasturias.com\/magazine365#listItem","position":1,"name":"Home","item":"https:\/\/eldigitaldeasturias.com\/magazine365","nextItem":{"@type":"ListItem","@id":"https:\/\/eldigitaldeasturias.com\/magazine365\/category\/actualidad-turismo\/#listItem","name":"Actualidad Turismo"}},{"@type":"ListItem","@id":"https:\/\/eldigitaldeasturias.com\/magazine365\/category\/actualidad-turismo\/#listItem","position":2,"name":"Actualidad Turismo","item":"https:\/\/eldigitaldeasturias.com\/magazine365\/category\/actualidad-turismo\/","nextItem":{"@type":"ListItem","@id":"https:\/\/eldigitaldeasturias.com\/magazine365\/ibiza-y-menorca-ya-tienen-su-primer-hotel-sol-beach-house\/#listItem","name":"Ibiza y Menorca ya tienen su primer hotel &#8216;Sol Beach House&#8217;"},"previousItem":{"@type":"ListItem","@id":"https:\/\/eldigitaldeasturias.com\/magazine365#listItem","name":"Home"}},{"@type":"ListItem","@id":"https:\/\/eldigitaldeasturias.com\/magazine365\/ibiza-y-menorca-ya-tienen-su-primer-hotel-sol-beach-house\/#listItem","position":3,"name":"Ibiza y Menorca ya tienen su primer hotel &#8216;Sol Beach House&#8217;","previousItem":{"@type":"ListItem","@id":"https:\/\/eldigitaldeasturias.com\/magazine365\/category\/actualidad-turismo\/#listItem","name":"Actualidad Turismo"}}]},{"@type":"Organization","@id":"https:\/\/eldigitaldeasturias.com\/magazine365\/#organization","name":"El digital de Asturias","description":"Revista de ocio, turismo y estilo de vida","url":"https:\/\/eldigitaldeasturias.com\/magazine365\/","logo":{"@type":"ImageObject","url":"https:\/\/www.eldigitaldeasturias.com\/noticias\/wp-content\/uploads\/2020\/12\/EDA.jpg","@id":"https:\/\/eldigitaldeasturias.com\/magazine365\/ibiza-y-menorca-ya-tienen-su-primer-hotel-sol-beach-house\/#organizationLogo"},"image":{"@id":"https:\/\/eldigitaldeasturias.com\/magazine365\/ibiza-y-menorca-ya-tienen-su-primer-hotel-sol-beach-house\/#organizationLogo"}},{"@type":"Person","@id":"https:\/\/eldigitaldeasturias.com\/magazine365\/author\/admin\/#author","url":"https:\/\/eldigitaldeasturias.com\/magazine365\/author\/admin\/","name":"admin","image":{"@type":"ImageObject","@id":"https:\/\/eldigitaldeasturias.com\/magazine365\/ibiza-y-menorca-ya-tienen-su-primer-hotel-sol-beach-house\/#authorImage","url":"https:\/\/eldigitaldeasturias.com\/magazine365\/wp-content\/litespeed\/avatar\/e571bcf59a0edd6fa6838245a470f2fe.jpg?ver=1777574230","width":96,"height":96,"caption":"admin"}},{"@type":"WebPage","@id":"https:\/\/eldigitaldeasturias.com\/magazine365\/ibiza-y-menorca-ya-tienen-su-primer-hotel-sol-beach-house\/#webpage","url":"https:\/\/eldigitaldeasturias.com\/magazine365\/ibiza-y-menorca-ya-tienen-su-primer-hotel-sol-beach-house\/","name":"Ibiza y Menorca ya tienen su primer hotel \u2018Sol Beach House\u2019 | El Digital de Asturias","description":"Meli\u00e1 Hotels International, la hotelera vacacional l\u00edder en el mundo, sigue transformando el segmento vacacional en Espa\u00f1a con los nuevos conceptos de su marca Sol Hotels & Resorts, que apuestan por la innovaci\u00f3n, diferenciaci\u00f3n y personalizaci\u00f3n de experiencias. En 2015, ha extendido a Ibiza y Menorca su compromiso de renovaci\u00f3n de portfolio y, siguiendo la","inLanguage":"es-ES","isPartOf":{"@id":"https:\/\/eldigitaldeasturias.com\/magazine365\/#website"},"breadcrumb":{"@id":"https:\/\/eldigitaldeasturias.com\/magazine365\/ibiza-y-menorca-ya-tienen-su-primer-hotel-sol-beach-house\/#breadcrumblist"},"author":{"@id":"https:\/\/eldigitaldeasturias.com\/magazine365\/author\/admin\/#author"},"creator":{"@id":"https:\/\/eldigitaldeasturias.com\/magazine365\/author\/admin\/#author"},"image":{"@type":"ImageObject","url":"https:\/\/eldigitaldeasturias.com\/magazine365\/wp-content\/uploads\/2015\/06\/fotonoticia_20150624142131_800.jpg","@id":"https:\/\/eldigitaldeasturias.com\/magazine365\/ibiza-y-menorca-ya-tienen-su-primer-hotel-sol-beach-house\/#mainImage","width":800,"height":431},"primaryImageOfPage":{"@id":"https:\/\/eldigitaldeasturias.com\/magazine365\/ibiza-y-menorca-ya-tienen-su-primer-hotel-sol-beach-house\/#mainImage"},"datePublished":"2015-06-25T08:40:46+02:00","dateModified":"2015-06-25T08:40:46+02:00"},{"@type":"WebSite","@id":"https:\/\/eldigitaldeasturias.com\/magazine365\/#website","url":"https:\/\/eldigitaldeasturias.com\/magazine365\/","name":"El Digital de Asturias","description":"Revista de ocio, turismo y estilo de vida","inLanguage":"es-ES","publisher":{"@id":"https:\/\/eldigitaldeasturias.com\/magazine365\/#organization"}}]},"og:locale":"es_ES","og:site_name":"El Digital de Asturias \u2013 Revista de ocio, turismo y estilo de vida","og:type":"article","og:title":"Ibiza y Menorca ya tienen su primer hotel \u2018Sol Beach House\u2019 | El Digital de Asturias","og:description":"Meli\u00e1 Hotels International, la hotelera vacacional l\u00edder en el mundo, sigue transformando el segmento vacacional en Espa\u00f1a con los nuevos conceptos de su marca Sol Hotels &amp; Resorts, que apuestan por la innovaci\u00f3n, diferenciaci\u00f3n y personalizaci\u00f3n de experiencias. En 2015, ha extendido a Ibiza y Menorca su compromiso de renovaci\u00f3n de portfolio y, siguiendo la","og:url":"https:\/\/eldigitaldeasturias.com\/magazine365\/ibiza-y-menorca-ya-tienen-su-primer-hotel-sol-beach-house\/","og:image":"https:\/\/eldigitaldeasturias.com\/magazine365\/wp-content\/uploads\/2015\/06\/fotonoticia_20150624142131_800.jpg","og:image:secure_url":"https:\/\/eldigitaldeasturias.com\/magazine365\/wp-content\/uploads\/2015\/06\/fotonoticia_20150624142131_800.jpg","og:image:width":800,"og:image:height":431,"article:published_time":"2015-06-25T07:10:46+00:00","article:modified_time":"2015-06-25T07:10:46+00:00","twitter:card":"summary_large_image","twitter:title":"Ibiza y Menorca ya tienen su primer hotel \u2018Sol Beach House\u2019 | El Digital de Asturias","twitter:description":"Meli\u00e1 Hotels International, la hotelera vacacional l\u00edder en el mundo, sigue transformando el segmento vacacional en Espa\u00f1a con los nuevos conceptos de su marca Sol Hotels &amp; Resorts, que apuestan por la innovaci\u00f3n, diferenciaci\u00f3n y personalizaci\u00f3n de experiencias. En 2015, ha extendido a Ibiza y Menorca su compromiso de renovaci\u00f3n de portfolio y, siguiendo la","twitter:image":"https:\/\/eldigitaldeasturias.com\/magazine365\/wp-content\/uploads\/2015\/06\/fotonoticia_20150624142131_800.jpg"},"aioseo_meta_data":{"post_id":"40886","title":null,"description":null,"keywords":null,"keyphrases":null,"primary_term":null,"canonical_url":null,"og_title":null,"og_description":null,"og_object_type":"default","og_image_type":"default","og_image_url":null,"og_image_width":null,"og_image_height":null,"og_image_custom_url":null,"og_image_custom_fields":null,"og_video":null,"og_custom_url":null,"og_article_section":null,"og_article_tags":null,"twitter_use_og":false,"twitter_card":"default","twitter_image_type":"default","twitter_image_url":null,"twitter_image_custom_url":null,"twitter_image_custom_fields":null,"twitter_title":null,"twitter_description":null,"schema":{"blockGraphs":[],"customGraphs":[],"default":{"data":{"Article":[],"Course":[],"Dataset":[],"FAQPage":[],"Movie":[],"Person":[],"Product":[],"ProductReview":[],"Car":[],"Recipe":[],"Service":[],"SoftwareApplication":[],"WebPage":[]},"graphName":"","isEnabled":true},"graphs":[],"defaultGraph":"","defaultPostTypeGraph":""},"schema_type":null,"schema_type_options":null,"pillar_content":false,"robots_default":true,"robots_noindex":false,"robots_noarchive":false,"robots_nosnippet":false,"robots_nofollow":false,"robots_noimageindex":false,"robots_noodp":false,"robots_notranslate":false,"robots_max_snippet":null,"robots_max_videopreview":null,"robots_max_imagepreview":"large","priority":null,"frequency":null,"location":null,"local_seo":null,"seo_analyzer_scan_date":"2025-09-19 14:36:09","breadcrumb_settings":null,"limit_modified_date":false,"open_ai":null,"ai":null,"created":"2021-03-09 02:22:40","updated":"2025-09-19 14:36:09"},"aioseo_breadcrumb":"<div class=\"aioseo-breadcrumbs\"><span class=\"aioseo-breadcrumb\">\n\t<a href=\"https:\/\/eldigitaldeasturias.com\/magazine365\" title=\"Home\">Home<\/a>\n<\/span><span class=\"aioseo-breadcrumb-separator\">\u2013<\/span><span class=\"aioseo-breadcrumb\">\n\t<a href=\"https:\/\/eldigitaldeasturias.com\/magazine365\/category\/actualidad-turismo\/\" title=\"Actualidad Turismo\">Actualidad Turismo<\/a>\n<\/span><span class=\"aioseo-breadcrumb-separator\">\u2013<\/span><span class=\"aioseo-breadcrumb\">\n\t<a href=\"https:\/\/eldigitaldeasturias.com\/magazine365\/ibiza-y-menorca-ya-tienen-su-primer-hotel-sol-beach-house\/\" title=\"Ibiza y Menorca ya tienen su primer hotel \u2018Sol Beach House\u2019\">Ibiza y Menorca ya tienen su primer hotel \u2018Sol Beach House\u2019<\/a>\n<\/span><\/div>","aioseo_breadcrumb_json":[{"label":"Home","link":"https:\/\/eldigitaldeasturias.com\/magazine365"},{"label":"Actualidad Turismo","link":"https:\/\/eldigitaldeasturias.com\/magazine365\/category\/actualidad-turismo\/"},{"label":"Ibiza y Menorca ya tienen su primer hotel &#8216;Sol Beach House&#8217;","link":"https:\/\/eldigitaldeasturias.com\/magazine365\/ibiza-y-menorca-ya-tienen-su-primer-hotel-sol-beach-house\/"}],"_links":{"self":[{"href":"https:\/\/eldigitaldeasturias.com\/magazine365\/wp-json\/wp\/v2\/posts\/40886","targetHints":{"allow":["GET"]}}],"collection":[{"href":"https:\/\/eldigitaldeasturias.com\/magazine365\/wp-json\/wp\/v2\/posts"}],"about":[{"href":"https:\/\/eldigitaldeasturias.com\/magazine365\/wp-json\/wp\/v2\/types\/post"}],"author":[{"embeddable":true,"href":"https:\/\/eldigitaldeasturias.com\/magazine365\/wp-json\/wp\/v2\/users\/1"}],"replies":[{"embeddable":true,"href":"https:\/\/eldigitaldeasturias.com\/magazine365\/wp-json\/wp\/v2\/comments?post=40886"}],"version-history":[{"count":0,"href":"https:\/\/eldigitaldeasturias.com\/magazine365\/wp-json\/wp\/v2\/posts\/40886\/revisions"}],"wp:featuredmedia":[{"embeddable":true,"href":"https:\/\/eldigitaldeasturias.com\/magazine365\/wp-json\/wp\/v2\/media\/40887"}],"wp:attachment":[{"href":"https:\/\/eldigitaldeasturias.com\/magazine365\/wp-json\/wp\/v2\/media?parent=40886"}],"wp:term":[{"taxonomy":"category","embeddable":true,"href":"https:\/\/eldigitaldeasturias.com\/magazine365\/wp-json\/wp\/v2\/categories?post=40886"},{"taxonomy":"post_tag","embeddable":true,"href":"https:\/\/eldigitaldeasturias.com\/magazine365\/wp-json\/wp\/v2\/tags?post=40886"}],"curies":[{"name":"wp","href":"https:\/\/api.w.org\/{rel}","templated":true}]}}