{"id":40883,"date":"2015-06-25T08:39:37","date_gmt":"2015-06-25T07:09:37","guid":{"rendered":"http:\/\/eldigitaldeasturias.com\/magazine365\/?p=40883"},"modified":"2015-06-25T08:39:37","modified_gmt":"2015-06-25T07:09:37","slug":"la-generalitat-publica-el-anuario-el-turismo-en-la-comunidad-valenciana-2014","status":"publish","type":"post","link":"https:\/\/eldigitaldeasturias.com\/magazine365\/la-generalitat-publica-el-anuario-el-turismo-en-la-comunidad-valenciana-2014\/","title":{"rendered":"La Generalitat publica el anuario El turismo en la Comunidad Valenciana 2014&#8242;"},"content":{"rendered":"<p><img fetchpriority=\"high\" decoding=\"async\" class=\"alignleft size-medium wp-image-40884\" src=\"https:\/\/eldigitaldeasturias.com\/magazine365\/wp-content\/uploads\/2015\/06\/fotonoticia_20150624141556_800-360x234.jpg\" alt=\"fotonoticia_20150624141556_800\" width=\"360\" height=\"234\" srcset=\"https:\/\/eldigitaldeasturias.com\/magazine365\/wp-content\/uploads\/2015\/06\/fotonoticia_20150624141556_800-360x234.jpg 360w, https:\/\/eldigitaldeasturias.com\/magazine365\/wp-content\/uploads\/2015\/06\/fotonoticia_20150624141556_800-650x423.jpg 650w, https:\/\/eldigitaldeasturias.com\/magazine365\/wp-content\/uploads\/2015\/06\/fotonoticia_20150624141556_800-768x500.jpg 768w, https:\/\/eldigitaldeasturias.com\/magazine365\/wp-content\/uploads\/2015\/06\/fotonoticia_20150624141556_800-150x98.jpg 150w, https:\/\/eldigitaldeasturias.com\/magazine365\/wp-content\/uploads\/2015\/06\/fotonoticia_20150624141556_800-450x293.jpg 450w, https:\/\/eldigitaldeasturias.com\/magazine365\/wp-content\/uploads\/2015\/06\/fotonoticia_20150624141556_800-696x453.jpg 696w, https:\/\/eldigitaldeasturias.com\/magazine365\/wp-content\/uploads\/2015\/06\/fotonoticia_20150624141556_800-645x420.jpg 645w, https:\/\/eldigitaldeasturias.com\/magazine365\/wp-content\/uploads\/2015\/06\/fotonoticia_20150624141556_800-225x145.jpg 225w, https:\/\/eldigitaldeasturias.com\/magazine365\/wp-content\/uploads\/2015\/06\/fotonoticia_20150624141556_800-84x55.jpg 84w, https:\/\/eldigitaldeasturias.com\/magazine365\/wp-content\/uploads\/2015\/06\/fotonoticia_20150624141556_800.jpg 800w\" sizes=\"(max-width: 360px) 100vw, 360px\" \/>La Conselleria de Econom\u00eda, Industria, Turismo y Empleo ha publicado el anuario &#8216;El turismo en la Comunitat Valenciana 2014&#8217; en la web del Observatorio Tur\u00edstico de la Ag\u00e8ncia Valenciana del Turisme, que constata \u00abla consolidaci\u00f3n de la recuperaci\u00f3n de la demanda tur\u00edstica\u00bb, seg\u00fan fuentes de la Generalitat.<\/p>\n<p>As\u00ed, la Comunitat Valenciana ha recibido cerca de 22,9 millones de visitantes: 6,2 millones de turistas internacionales y 16,6 millones de viajes realizados por los residentes en Espa\u00f1a.<\/p>\n<p>Este repunte de actividad tur\u00edstica en 2014 ha permitido que el conjunto de los alojamientos de la Comunitat haya superado los 155 millones de pernoctaciones, correspondiendo 86,7 millones a las efectuadas por la demanda nacional y 68,5 millones a las producidas por el turista internacional, seg\u00fan las mismas fuentes.<\/p>\n<p>Esto, a su vez, se ha traducido en un incremento del 14,4% en el n\u00famero de ocupados en el sector, seg\u00fan la Encuesta de Poblaci\u00f3n Activa, lo que refuerza el papel estrat\u00e9gico del turismo como sector productivo de la econom\u00eda regional.<\/p>\n<p>Por modalidades de alojamiento, destacar el \u00abbuen\u00bb comportamiento de los establecimientos hoteleros, que han superado los 25,2 millones de pernoctaciones en 2014, as\u00ed como el incremento interanual del conjunto de la oferta extrahotelera, que alcanz\u00f3 los 14,7 millones de pernoctaciones, 3,5% m\u00e1s que en 2013.<\/p>\n<p>El volumen total de plazas creci\u00f3 un 2,7% hasta alcanzar las 396.429, destacando el aumento del 5,4% en las de apartamentos tur\u00edsticos y, muy especialmente, la notable evoluci\u00f3n de la ciudad de Valencia, donde estas crecieron un 28,4%.<\/p>\n<p>As\u00ed, estos datos muestran \u00abla favorable evoluci\u00f3n\u00bb durante 2014 del sector tur\u00edstico valenciano, as\u00ed como la fuerza de un destino que es un referente dentro y fuera de Espa\u00f1a por \u00abla variedad y singularidad\u00bb de su oferta y el atractivo de los productos y servicios que ofrece a todo tipo de turistas.<\/p>\n","protected":false},"excerpt":{"rendered":"<p>La Conselleria de Econom\u00eda, Industria, Turismo y Empleo ha publicado el anuario &#8216;El turismo en la Comunitat Valenciana 2014&#8217; en la web del Observatorio Tur\u00edstico de la Ag\u00e8ncia Valenciana del Turisme, que constata \u00abla consolidaci\u00f3n de la recuperaci\u00f3n de la demanda tur\u00edstica\u00bb, seg\u00fan fuentes de la Generalitat. As\u00ed, la Comunitat Valenciana ha recibido cerca de<\/p>\n","protected":false},"author":1,"featured_media":40884,"comment_status":"open","ping_status":"closed","sticky":false,"template":"","format":"standard","meta":{"footnotes":""},"categories":[222],"tags":[],"class_list":{"0":"post-40883","1":"post","2":"type-post","3":"status-publish","4":"format-standard","5":"has-post-thumbnail","7":"category-actualidad-turismo"},"aioseo_notices":[],"aioseo_head":"\n\t\t<!-- All in One SEO Pro 4.9.6.1 - aioseo.com -->\n\t<meta name=\"description\" content=\"La Conselleria de Econom\u00eda, Industria, Turismo y Empleo ha publicado el anuario &#039;El turismo en la Comunitat Valenciana 2014&#039; en la web del Observatorio Tur\u00edstico de la Ag\u00e8ncia Valenciana del Turisme, que constata &quot;la consolidaci\u00f3n de la recuperaci\u00f3n de la demanda tur\u00edstica&quot;, seg\u00fan fuentes de la Generalitat. As\u00ed, la Comunitat Valenciana ha recibido cerca de\" \/>\n\t<meta name=\"robots\" content=\"max-image-preview:large\" \/>\n\t<meta name=\"author\" content=\"admin\"\/>\n\t<meta name=\"google-site-verification\" content=\"UA-38556648-1\" \/>\n\t<meta name=\"keywords\" content=\"actualidad turismo\" \/>\n\t<link rel=\"canonical\" href=\"https:\/\/eldigitaldeasturias.com\/magazine365\/la-generalitat-publica-el-anuario-el-turismo-en-la-comunidad-valenciana-2014\/\" \/>\n\t<meta name=\"generator\" content=\"All in One SEO Pro (AIOSEO) 4.9.6.1\" \/>\n\t\t<meta property=\"og:locale\" content=\"es_ES\" \/>\n\t\t<meta property=\"og:site_name\" content=\"El Digital de Asturias \u2013 Revista de ocio, turismo y estilo de vida\" \/>\n\t\t<meta property=\"og:type\" content=\"article\" \/>\n\t\t<meta property=\"og:title\" content=\"La Generalitat publica el anuario El turismo en la Comunidad Valenciana 2014\u2032 | El Digital de Asturias\" \/>\n\t\t<meta property=\"og:description\" content=\"La Conselleria de Econom\u00eda, Industria, Turismo y Empleo ha publicado el anuario &#039;El turismo en la Comunitat Valenciana 2014&#039; en la web del Observatorio Tur\u00edstico de la Ag\u00e8ncia Valenciana del Turisme, que constata &quot;la consolidaci\u00f3n de la recuperaci\u00f3n de la demanda tur\u00edstica&quot;, seg\u00fan fuentes de la Generalitat. As\u00ed, la Comunitat Valenciana ha recibido cerca de\" \/>\n\t\t<meta property=\"og:url\" content=\"https:\/\/eldigitaldeasturias.com\/magazine365\/la-generalitat-publica-el-anuario-el-turismo-en-la-comunidad-valenciana-2014\/\" \/>\n\t\t<meta property=\"og:image\" content=\"https:\/\/eldigitaldeasturias.com\/magazine365\/wp-content\/uploads\/2015\/06\/fotonoticia_20150624141556_800.jpg\" \/>\n\t\t<meta property=\"og:image:secure_url\" content=\"https:\/\/eldigitaldeasturias.com\/magazine365\/wp-content\/uploads\/2015\/06\/fotonoticia_20150624141556_800.jpg\" \/>\n\t\t<meta property=\"og:image:width\" content=\"800\" \/>\n\t\t<meta property=\"og:image:height\" content=\"521\" \/>\n\t\t<meta property=\"article:published_time\" content=\"2015-06-25T07:09:37+00:00\" \/>\n\t\t<meta property=\"article:modified_time\" content=\"2015-06-25T07:09:37+00:00\" \/>\n\t\t<meta name=\"twitter:card\" content=\"summary_large_image\" \/>\n\t\t<meta name=\"twitter:title\" content=\"La Generalitat publica el anuario El turismo en la Comunidad Valenciana 2014\u2032 | El Digital de Asturias\" \/>\n\t\t<meta name=\"twitter:description\" content=\"La Conselleria de Econom\u00eda, Industria, Turismo y Empleo ha publicado el anuario &#039;El turismo en la Comunitat Valenciana 2014&#039; en la web del Observatorio Tur\u00edstico de la Ag\u00e8ncia Valenciana del Turisme, que constata &quot;la consolidaci\u00f3n de la recuperaci\u00f3n de la demanda tur\u00edstica&quot;, seg\u00fan fuentes de la Generalitat. As\u00ed, la Comunitat Valenciana ha recibido cerca de\" \/>\n\t\t<meta name=\"twitter:image\" content=\"https:\/\/eldigitaldeasturias.com\/magazine365\/wp-content\/uploads\/2015\/06\/fotonoticia_20150624141556_800.jpg\" \/>\n\t\t<script type=\"application\/ld+json\" class=\"aioseo-schema\">\n\t\t\t{\"@context\":\"https:\\\/\\\/schema.org\",\"@graph\":[{\"@type\":\"Article\",\"@id\":\"https:\\\/\\\/eldigitaldeasturias.com\\\/magazine365\\\/la-generalitat-publica-el-anuario-el-turismo-en-la-comunidad-valenciana-2014\\\/#article\",\"name\":\"La Generalitat publica el anuario El turismo en la Comunidad Valenciana 2014\\u2032 | El Digital de Asturias\",\"headline\":\"La Generalitat publica el anuario El turismo en la Comunidad Valenciana 2014&#8242;\",\"author\":{\"@id\":\"https:\\\/\\\/eldigitaldeasturias.com\\\/magazine365\\\/author\\\/admin\\\/#author\"},\"publisher\":{\"@id\":\"https:\\\/\\\/eldigitaldeasturias.com\\\/magazine365\\\/#organization\"},\"image\":{\"@type\":\"ImageObject\",\"url\":\"https:\\\/\\\/eldigitaldeasturias.com\\\/magazine365\\\/wp-content\\\/uploads\\\/2015\\\/06\\\/fotonoticia_20150624141556_800.jpg\",\"width\":800,\"height\":521},\"datePublished\":\"2015-06-25T08:39:37+02:00\",\"dateModified\":\"2015-06-25T08:39:37+02:00\",\"inLanguage\":\"es-ES\",\"mainEntityOfPage\":{\"@id\":\"https:\\\/\\\/eldigitaldeasturias.com\\\/magazine365\\\/la-generalitat-publica-el-anuario-el-turismo-en-la-comunidad-valenciana-2014\\\/#webpage\"},\"isPartOf\":{\"@id\":\"https:\\\/\\\/eldigitaldeasturias.com\\\/magazine365\\\/la-generalitat-publica-el-anuario-el-turismo-en-la-comunidad-valenciana-2014\\\/#webpage\"},\"articleSection\":\"Actualidad Turismo\"},{\"@type\":\"BreadcrumbList\",\"@id\":\"https:\\\/\\\/eldigitaldeasturias.com\\\/magazine365\\\/la-generalitat-publica-el-anuario-el-turismo-en-la-comunidad-valenciana-2014\\\/#breadcrumblist\",\"itemListElement\":[{\"@type\":\"ListItem\",\"@id\":\"https:\\\/\\\/eldigitaldeasturias.com\\\/magazine365#listItem\",\"position\":1,\"name\":\"Home\",\"item\":\"https:\\\/\\\/eldigitaldeasturias.com\\\/magazine365\",\"nextItem\":{\"@type\":\"ListItem\",\"@id\":\"https:\\\/\\\/eldigitaldeasturias.com\\\/magazine365\\\/category\\\/actualidad-turismo\\\/#listItem\",\"name\":\"Actualidad Turismo\"}},{\"@type\":\"ListItem\",\"@id\":\"https:\\\/\\\/eldigitaldeasturias.com\\\/magazine365\\\/category\\\/actualidad-turismo\\\/#listItem\",\"position\":2,\"name\":\"Actualidad Turismo\",\"item\":\"https:\\\/\\\/eldigitaldeasturias.com\\\/magazine365\\\/category\\\/actualidad-turismo\\\/\",\"nextItem\":{\"@type\":\"ListItem\",\"@id\":\"https:\\\/\\\/eldigitaldeasturias.com\\\/magazine365\\\/la-generalitat-publica-el-anuario-el-turismo-en-la-comunidad-valenciana-2014\\\/#listItem\",\"name\":\"La Generalitat publica el anuario El turismo en la Comunidad Valenciana 2014&#8242;\"},\"previousItem\":{\"@type\":\"ListItem\",\"@id\":\"https:\\\/\\\/eldigitaldeasturias.com\\\/magazine365#listItem\",\"name\":\"Home\"}},{\"@type\":\"ListItem\",\"@id\":\"https:\\\/\\\/eldigitaldeasturias.com\\\/magazine365\\\/la-generalitat-publica-el-anuario-el-turismo-en-la-comunidad-valenciana-2014\\\/#listItem\",\"position\":3,\"name\":\"La Generalitat publica el anuario El turismo en la Comunidad Valenciana 2014&#8242;\",\"previousItem\":{\"@type\":\"ListItem\",\"@id\":\"https:\\\/\\\/eldigitaldeasturias.com\\\/magazine365\\\/category\\\/actualidad-turismo\\\/#listItem\",\"name\":\"Actualidad Turismo\"}}]},{\"@type\":\"Organization\",\"@id\":\"https:\\\/\\\/eldigitaldeasturias.com\\\/magazine365\\\/#organization\",\"name\":\"El digital de Asturias\",\"description\":\"Revista de ocio, turismo y estilo de vida\",\"url\":\"https:\\\/\\\/eldigitaldeasturias.com\\\/magazine365\\\/\",\"logo\":{\"@type\":\"ImageObject\",\"url\":\"https:\\\/\\\/www.eldigitaldeasturias.com\\\/noticias\\\/wp-content\\\/uploads\\\/2020\\\/12\\\/EDA.jpg\",\"@id\":\"https:\\\/\\\/eldigitaldeasturias.com\\\/magazine365\\\/la-generalitat-publica-el-anuario-el-turismo-en-la-comunidad-valenciana-2014\\\/#organizationLogo\"},\"image\":{\"@id\":\"https:\\\/\\\/eldigitaldeasturias.com\\\/magazine365\\\/la-generalitat-publica-el-anuario-el-turismo-en-la-comunidad-valenciana-2014\\\/#organizationLogo\"}},{\"@type\":\"Person\",\"@id\":\"https:\\\/\\\/eldigitaldeasturias.com\\\/magazine365\\\/author\\\/admin\\\/#author\",\"url\":\"https:\\\/\\\/eldigitaldeasturias.com\\\/magazine365\\\/author\\\/admin\\\/\",\"name\":\"admin\",\"image\":{\"@type\":\"ImageObject\",\"@id\":\"https:\\\/\\\/eldigitaldeasturias.com\\\/magazine365\\\/la-generalitat-publica-el-anuario-el-turismo-en-la-comunidad-valenciana-2014\\\/#authorImage\",\"url\":\"https:\\\/\\\/eldigitaldeasturias.com\\\/magazine365\\\/wp-content\\\/litespeed\\\/avatar\\\/e571bcf59a0edd6fa6838245a470f2fe.jpg?ver=1777574230\",\"width\":96,\"height\":96,\"caption\":\"admin\"}},{\"@type\":\"WebPage\",\"@id\":\"https:\\\/\\\/eldigitaldeasturias.com\\\/magazine365\\\/la-generalitat-publica-el-anuario-el-turismo-en-la-comunidad-valenciana-2014\\\/#webpage\",\"url\":\"https:\\\/\\\/eldigitaldeasturias.com\\\/magazine365\\\/la-generalitat-publica-el-anuario-el-turismo-en-la-comunidad-valenciana-2014\\\/\",\"name\":\"La Generalitat publica el anuario El turismo en la Comunidad Valenciana 2014\\u2032 | El Digital de Asturias\",\"description\":\"La Conselleria de Econom\\u00eda, Industria, Turismo y Empleo ha publicado el anuario 'El turismo en la Comunitat Valenciana 2014' en la web del Observatorio Tur\\u00edstico de la Ag\\u00e8ncia Valenciana del Turisme, que constata \\\"la consolidaci\\u00f3n de la recuperaci\\u00f3n de la demanda tur\\u00edstica\\\", seg\\u00fan fuentes de la Generalitat. As\\u00ed, la Comunitat Valenciana ha recibido cerca de\",\"inLanguage\":\"es-ES\",\"isPartOf\":{\"@id\":\"https:\\\/\\\/eldigitaldeasturias.com\\\/magazine365\\\/#website\"},\"breadcrumb\":{\"@id\":\"https:\\\/\\\/eldigitaldeasturias.com\\\/magazine365\\\/la-generalitat-publica-el-anuario-el-turismo-en-la-comunidad-valenciana-2014\\\/#breadcrumblist\"},\"author\":{\"@id\":\"https:\\\/\\\/eldigitaldeasturias.com\\\/magazine365\\\/author\\\/admin\\\/#author\"},\"creator\":{\"@id\":\"https:\\\/\\\/eldigitaldeasturias.com\\\/magazine365\\\/author\\\/admin\\\/#author\"},\"image\":{\"@type\":\"ImageObject\",\"url\":\"https:\\\/\\\/eldigitaldeasturias.com\\\/magazine365\\\/wp-content\\\/uploads\\\/2015\\\/06\\\/fotonoticia_20150624141556_800.jpg\",\"@id\":\"https:\\\/\\\/eldigitaldeasturias.com\\\/magazine365\\\/la-generalitat-publica-el-anuario-el-turismo-en-la-comunidad-valenciana-2014\\\/#mainImage\",\"width\":800,\"height\":521},\"primaryImageOfPage\":{\"@id\":\"https:\\\/\\\/eldigitaldeasturias.com\\\/magazine365\\\/la-generalitat-publica-el-anuario-el-turismo-en-la-comunidad-valenciana-2014\\\/#mainImage\"},\"datePublished\":\"2015-06-25T08:39:37+02:00\",\"dateModified\":\"2015-06-25T08:39:37+02:00\"},{\"@type\":\"WebSite\",\"@id\":\"https:\\\/\\\/eldigitaldeasturias.com\\\/magazine365\\\/#website\",\"url\":\"https:\\\/\\\/eldigitaldeasturias.com\\\/magazine365\\\/\",\"name\":\"El Digital de Asturias\",\"description\":\"Revista de ocio, turismo y estilo de vida\",\"inLanguage\":\"es-ES\",\"publisher\":{\"@id\":\"https:\\\/\\\/eldigitaldeasturias.com\\\/magazine365\\\/#organization\"}}]}\n\t\t<\/script>\n\t\t<!-- All in One SEO Pro -->\r\n\t\t<title>La Generalitat publica el anuario El turismo en la Comunidad Valenciana 2014\u2032 | El Digital de Asturias<\/title>\n\n","aioseo_head_json":{"title":"La Generalitat publica el anuario El turismo en la Comunidad Valenciana 2014\u2032 | El Digital de Asturias","description":"La Conselleria de Econom\u00eda, Industria, Turismo y Empleo ha publicado el anuario 'El turismo en la Comunitat Valenciana 2014' en la web del Observatorio Tur\u00edstico de la Ag\u00e8ncia Valenciana del Turisme, que constata \"la consolidaci\u00f3n de la recuperaci\u00f3n de la demanda tur\u00edstica\", seg\u00fan fuentes de la Generalitat. As\u00ed, la Comunitat Valenciana ha recibido cerca de","canonical_url":"https:\/\/eldigitaldeasturias.com\/magazine365\/la-generalitat-publica-el-anuario-el-turismo-en-la-comunidad-valenciana-2014\/","robots":"max-image-preview:large","keywords":"actualidad turismo","webmasterTools":{"google-site-verification":"UA-38556648-1","miscellaneous":""},"schema":{"@context":"https:\/\/schema.org","@graph":[{"@type":"Article","@id":"https:\/\/eldigitaldeasturias.com\/magazine365\/la-generalitat-publica-el-anuario-el-turismo-en-la-comunidad-valenciana-2014\/#article","name":"La Generalitat publica el anuario El turismo en la Comunidad Valenciana 2014\u2032 | El Digital de Asturias","headline":"La Generalitat publica el anuario El turismo en la Comunidad Valenciana 2014&#8242;","author":{"@id":"https:\/\/eldigitaldeasturias.com\/magazine365\/author\/admin\/#author"},"publisher":{"@id":"https:\/\/eldigitaldeasturias.com\/magazine365\/#organization"},"image":{"@type":"ImageObject","url":"https:\/\/eldigitaldeasturias.com\/magazine365\/wp-content\/uploads\/2015\/06\/fotonoticia_20150624141556_800.jpg","width":800,"height":521},"datePublished":"2015-06-25T08:39:37+02:00","dateModified":"2015-06-25T08:39:37+02:00","inLanguage":"es-ES","mainEntityOfPage":{"@id":"https:\/\/eldigitaldeasturias.com\/magazine365\/la-generalitat-publica-el-anuario-el-turismo-en-la-comunidad-valenciana-2014\/#webpage"},"isPartOf":{"@id":"https:\/\/eldigitaldeasturias.com\/magazine365\/la-generalitat-publica-el-anuario-el-turismo-en-la-comunidad-valenciana-2014\/#webpage"},"articleSection":"Actualidad Turismo"},{"@type":"BreadcrumbList","@id":"https:\/\/eldigitaldeasturias.com\/magazine365\/la-generalitat-publica-el-anuario-el-turismo-en-la-comunidad-valenciana-2014\/#breadcrumblist","itemListElement":[{"@type":"ListItem","@id":"https:\/\/eldigitaldeasturias.com\/magazine365#listItem","position":1,"name":"Home","item":"https:\/\/eldigitaldeasturias.com\/magazine365","nextItem":{"@type":"ListItem","@id":"https:\/\/eldigitaldeasturias.com\/magazine365\/category\/actualidad-turismo\/#listItem","name":"Actualidad Turismo"}},{"@type":"ListItem","@id":"https:\/\/eldigitaldeasturias.com\/magazine365\/category\/actualidad-turismo\/#listItem","position":2,"name":"Actualidad Turismo","item":"https:\/\/eldigitaldeasturias.com\/magazine365\/category\/actualidad-turismo\/","nextItem":{"@type":"ListItem","@id":"https:\/\/eldigitaldeasturias.com\/magazine365\/la-generalitat-publica-el-anuario-el-turismo-en-la-comunidad-valenciana-2014\/#listItem","name":"La Generalitat publica el anuario El turismo en la Comunidad Valenciana 2014&#8242;"},"previousItem":{"@type":"ListItem","@id":"https:\/\/eldigitaldeasturias.com\/magazine365#listItem","name":"Home"}},{"@type":"ListItem","@id":"https:\/\/eldigitaldeasturias.com\/magazine365\/la-generalitat-publica-el-anuario-el-turismo-en-la-comunidad-valenciana-2014\/#listItem","position":3,"name":"La Generalitat publica el anuario El turismo en la Comunidad Valenciana 2014&#8242;","previousItem":{"@type":"ListItem","@id":"https:\/\/eldigitaldeasturias.com\/magazine365\/category\/actualidad-turismo\/#listItem","name":"Actualidad Turismo"}}]},{"@type":"Organization","@id":"https:\/\/eldigitaldeasturias.com\/magazine365\/#organization","name":"El digital de Asturias","description":"Revista de ocio, turismo y estilo de vida","url":"https:\/\/eldigitaldeasturias.com\/magazine365\/","logo":{"@type":"ImageObject","url":"https:\/\/www.eldigitaldeasturias.com\/noticias\/wp-content\/uploads\/2020\/12\/EDA.jpg","@id":"https:\/\/eldigitaldeasturias.com\/magazine365\/la-generalitat-publica-el-anuario-el-turismo-en-la-comunidad-valenciana-2014\/#organizationLogo"},"image":{"@id":"https:\/\/eldigitaldeasturias.com\/magazine365\/la-generalitat-publica-el-anuario-el-turismo-en-la-comunidad-valenciana-2014\/#organizationLogo"}},{"@type":"Person","@id":"https:\/\/eldigitaldeasturias.com\/magazine365\/author\/admin\/#author","url":"https:\/\/eldigitaldeasturias.com\/magazine365\/author\/admin\/","name":"admin","image":{"@type":"ImageObject","@id":"https:\/\/eldigitaldeasturias.com\/magazine365\/la-generalitat-publica-el-anuario-el-turismo-en-la-comunidad-valenciana-2014\/#authorImage","url":"https:\/\/eldigitaldeasturias.com\/magazine365\/wp-content\/litespeed\/avatar\/e571bcf59a0edd6fa6838245a470f2fe.jpg?ver=1777574230","width":96,"height":96,"caption":"admin"}},{"@type":"WebPage","@id":"https:\/\/eldigitaldeasturias.com\/magazine365\/la-generalitat-publica-el-anuario-el-turismo-en-la-comunidad-valenciana-2014\/#webpage","url":"https:\/\/eldigitaldeasturias.com\/magazine365\/la-generalitat-publica-el-anuario-el-turismo-en-la-comunidad-valenciana-2014\/","name":"La Generalitat publica el anuario El turismo en la Comunidad Valenciana 2014\u2032 | El Digital de Asturias","description":"La Conselleria de Econom\u00eda, Industria, Turismo y Empleo ha publicado el anuario 'El turismo en la Comunitat Valenciana 2014' en la web del Observatorio Tur\u00edstico de la Ag\u00e8ncia Valenciana del Turisme, que constata \"la consolidaci\u00f3n de la recuperaci\u00f3n de la demanda tur\u00edstica\", seg\u00fan fuentes de la Generalitat. As\u00ed, la Comunitat Valenciana ha recibido cerca de","inLanguage":"es-ES","isPartOf":{"@id":"https:\/\/eldigitaldeasturias.com\/magazine365\/#website"},"breadcrumb":{"@id":"https:\/\/eldigitaldeasturias.com\/magazine365\/la-generalitat-publica-el-anuario-el-turismo-en-la-comunidad-valenciana-2014\/#breadcrumblist"},"author":{"@id":"https:\/\/eldigitaldeasturias.com\/magazine365\/author\/admin\/#author"},"creator":{"@id":"https:\/\/eldigitaldeasturias.com\/magazine365\/author\/admin\/#author"},"image":{"@type":"ImageObject","url":"https:\/\/eldigitaldeasturias.com\/magazine365\/wp-content\/uploads\/2015\/06\/fotonoticia_20150624141556_800.jpg","@id":"https:\/\/eldigitaldeasturias.com\/magazine365\/la-generalitat-publica-el-anuario-el-turismo-en-la-comunidad-valenciana-2014\/#mainImage","width":800,"height":521},"primaryImageOfPage":{"@id":"https:\/\/eldigitaldeasturias.com\/magazine365\/la-generalitat-publica-el-anuario-el-turismo-en-la-comunidad-valenciana-2014\/#mainImage"},"datePublished":"2015-06-25T08:39:37+02:00","dateModified":"2015-06-25T08:39:37+02:00"},{"@type":"WebSite","@id":"https:\/\/eldigitaldeasturias.com\/magazine365\/#website","url":"https:\/\/eldigitaldeasturias.com\/magazine365\/","name":"El Digital de Asturias","description":"Revista de ocio, turismo y estilo de vida","inLanguage":"es-ES","publisher":{"@id":"https:\/\/eldigitaldeasturias.com\/magazine365\/#organization"}}]},"og:locale":"es_ES","og:site_name":"El Digital de Asturias \u2013 Revista de ocio, turismo y estilo de vida","og:type":"article","og:title":"La Generalitat publica el anuario El turismo en la Comunidad Valenciana 2014\u2032 | El Digital de Asturias","og:description":"La Conselleria de Econom\u00eda, Industria, Turismo y Empleo ha publicado el anuario 'El turismo en la Comunitat Valenciana 2014' en la web del Observatorio Tur\u00edstico de la Ag\u00e8ncia Valenciana del Turisme, que constata &quot;la consolidaci\u00f3n de la recuperaci\u00f3n de la demanda tur\u00edstica&quot;, seg\u00fan fuentes de la Generalitat. As\u00ed, la Comunitat Valenciana ha recibido cerca de","og:url":"https:\/\/eldigitaldeasturias.com\/magazine365\/la-generalitat-publica-el-anuario-el-turismo-en-la-comunidad-valenciana-2014\/","og:image":"https:\/\/eldigitaldeasturias.com\/magazine365\/wp-content\/uploads\/2015\/06\/fotonoticia_20150624141556_800.jpg","og:image:secure_url":"https:\/\/eldigitaldeasturias.com\/magazine365\/wp-content\/uploads\/2015\/06\/fotonoticia_20150624141556_800.jpg","og:image:width":800,"og:image:height":521,"article:published_time":"2015-06-25T07:09:37+00:00","article:modified_time":"2015-06-25T07:09:37+00:00","twitter:card":"summary_large_image","twitter:title":"La Generalitat publica el anuario El turismo en la Comunidad Valenciana 2014\u2032 | El Digital de Asturias","twitter:description":"La Conselleria de Econom\u00eda, Industria, Turismo y Empleo ha publicado el anuario 'El turismo en la Comunitat Valenciana 2014' en la web del Observatorio Tur\u00edstico de la Ag\u00e8ncia Valenciana del Turisme, que constata &quot;la consolidaci\u00f3n de la recuperaci\u00f3n de la demanda tur\u00edstica&quot;, seg\u00fan fuentes de la Generalitat. As\u00ed, la Comunitat Valenciana ha recibido cerca de","twitter:image":"https:\/\/eldigitaldeasturias.com\/magazine365\/wp-content\/uploads\/2015\/06\/fotonoticia_20150624141556_800.jpg"},"aioseo_meta_data":{"post_id":"40883","title":null,"description":null,"keywords":null,"keyphrases":null,"primary_term":null,"canonical_url":null,"og_title":null,"og_description":null,"og_object_type":"default","og_image_type":"default","og_image_url":null,"og_image_width":null,"og_image_height":null,"og_image_custom_url":null,"og_image_custom_fields":null,"og_video":null,"og_custom_url":null,"og_article_section":null,"og_article_tags":null,"twitter_use_og":false,"twitter_card":"default","twitter_image_type":"default","twitter_image_url":null,"twitter_image_custom_url":null,"twitter_image_custom_fields":null,"twitter_title":null,"twitter_description":null,"schema":{"blockGraphs":[],"customGraphs":[],"default":{"data":{"Article":[],"Course":[],"Dataset":[],"FAQPage":[],"Movie":[],"Person":[],"Product":[],"ProductReview":[],"Car":[],"Recipe":[],"Service":[],"SoftwareApplication":[],"WebPage":[]},"graphName":"","isEnabled":true},"graphs":[],"defaultGraph":"","defaultPostTypeGraph":""},"schema_type":null,"schema_type_options":null,"pillar_content":false,"robots_default":true,"robots_noindex":false,"robots_noarchive":false,"robots_nosnippet":false,"robots_nofollow":false,"robots_noimageindex":false,"robots_noodp":false,"robots_notranslate":false,"robots_max_snippet":null,"robots_max_videopreview":null,"robots_max_imagepreview":"large","priority":null,"frequency":null,"location":null,"local_seo":null,"seo_analyzer_scan_date":"2025-09-19 14:32:22","breadcrumb_settings":null,"limit_modified_date":false,"open_ai":null,"ai":null,"created":"2021-03-09 02:22:40","updated":"2025-09-19 14:32:22"},"aioseo_breadcrumb":"<div class=\"aioseo-breadcrumbs\"><span class=\"aioseo-breadcrumb\">\n\t<a href=\"https:\/\/eldigitaldeasturias.com\/magazine365\" title=\"Home\">Home<\/a>\n<\/span><span class=\"aioseo-breadcrumb-separator\">\u2013<\/span><span class=\"aioseo-breadcrumb\">\n\t<a href=\"https:\/\/eldigitaldeasturias.com\/magazine365\/category\/actualidad-turismo\/\" title=\"Actualidad Turismo\">Actualidad Turismo<\/a>\n<\/span><span class=\"aioseo-breadcrumb-separator\">\u2013<\/span><span class=\"aioseo-breadcrumb\">\n\t<a href=\"https:\/\/eldigitaldeasturias.com\/magazine365\/la-generalitat-publica-el-anuario-el-turismo-en-la-comunidad-valenciana-2014\/\" title=\"La Generalitat publica el anuario El turismo en la Comunidad Valenciana 2014\u2032\">La Generalitat publica el anuario El turismo en la Comunidad Valenciana 2014\u2032<\/a>\n<\/span><\/div>","aioseo_breadcrumb_json":[{"label":"Home","link":"https:\/\/eldigitaldeasturias.com\/magazine365"},{"label":"Actualidad Turismo","link":"https:\/\/eldigitaldeasturias.com\/magazine365\/category\/actualidad-turismo\/"},{"label":"La Generalitat publica el anuario El turismo en la Comunidad Valenciana 2014&#8242;","link":"https:\/\/eldigitaldeasturias.com\/magazine365\/la-generalitat-publica-el-anuario-el-turismo-en-la-comunidad-valenciana-2014\/"}],"_links":{"self":[{"href":"https:\/\/eldigitaldeasturias.com\/magazine365\/wp-json\/wp\/v2\/posts\/40883","targetHints":{"allow":["GET"]}}],"collection":[{"href":"https:\/\/eldigitaldeasturias.com\/magazine365\/wp-json\/wp\/v2\/posts"}],"about":[{"href":"https:\/\/eldigitaldeasturias.com\/magazine365\/wp-json\/wp\/v2\/types\/post"}],"author":[{"embeddable":true,"href":"https:\/\/eldigitaldeasturias.com\/magazine365\/wp-json\/wp\/v2\/users\/1"}],"replies":[{"embeddable":true,"href":"https:\/\/eldigitaldeasturias.com\/magazine365\/wp-json\/wp\/v2\/comments?post=40883"}],"version-history":[{"count":0,"href":"https:\/\/eldigitaldeasturias.com\/magazine365\/wp-json\/wp\/v2\/posts\/40883\/revisions"}],"wp:featuredmedia":[{"embeddable":true,"href":"https:\/\/eldigitaldeasturias.com\/magazine365\/wp-json\/wp\/v2\/media\/40884"}],"wp:attachment":[{"href":"https:\/\/eldigitaldeasturias.com\/magazine365\/wp-json\/wp\/v2\/media?parent=40883"}],"wp:term":[{"taxonomy":"category","embeddable":true,"href":"https:\/\/eldigitaldeasturias.com\/magazine365\/wp-json\/wp\/v2\/categories?post=40883"},{"taxonomy":"post_tag","embeddable":true,"href":"https:\/\/eldigitaldeasturias.com\/magazine365\/wp-json\/wp\/v2\/tags?post=40883"}],"curies":[{"name":"wp","href":"https:\/\/api.w.org\/{rel}","templated":true}]}}