{"id":40877,"date":"2015-06-25T08:37:40","date_gmt":"2015-06-25T07:07:40","guid":{"rendered":"http:\/\/eldigitaldeasturias.com\/magazine365\/?p=40877"},"modified":"2015-06-25T08:37:40","modified_gmt":"2015-06-25T07:07:40","slug":"aumentan-en-baleares-un-25-los-refuerzos-destinados-a-la-seguridad-ciudadana-en-verano","status":"publish","type":"post","link":"https:\/\/eldigitaldeasturias.com\/magazine365\/aumentan-en-baleares-un-25-los-refuerzos-destinados-a-la-seguridad-ciudadana-en-verano\/","title":{"rendered":"Aumentan en Baleares un 25% los refuerzos destinados a la seguridad ciudadana en verano"},"content":{"rendered":"<p><img fetchpriority=\"high\" decoding=\"async\" class=\"alignleft size-medium wp-image-40878\" src=\"https:\/\/eldigitaldeasturias.com\/magazine365\/wp-content\/uploads\/2015\/06\/fotonoticia_20150624141424_800-360x238.jpg\" alt=\"fotonoticia_20150624141424_800\" width=\"360\" height=\"238\" srcset=\"https:\/\/eldigitaldeasturias.com\/magazine365\/wp-content\/uploads\/2015\/06\/fotonoticia_20150624141424_800-360x238.jpg 360w, https:\/\/eldigitaldeasturias.com\/magazine365\/wp-content\/uploads\/2015\/06\/fotonoticia_20150624141424_800-650x430.jpg 650w, https:\/\/eldigitaldeasturias.com\/magazine365\/wp-content\/uploads\/2015\/06\/fotonoticia_20150624141424_800-768x508.jpg 768w, https:\/\/eldigitaldeasturias.com\/magazine365\/wp-content\/uploads\/2015\/06\/fotonoticia_20150624141424_800-150x99.jpg 150w, https:\/\/eldigitaldeasturias.com\/magazine365\/wp-content\/uploads\/2015\/06\/fotonoticia_20150624141424_800-450x298.jpg 450w, https:\/\/eldigitaldeasturias.com\/magazine365\/wp-content\/uploads\/2015\/06\/fotonoticia_20150624141424_800-696x460.jpg 696w, https:\/\/eldigitaldeasturias.com\/magazine365\/wp-content\/uploads\/2015\/06\/fotonoticia_20150624141424_800-635x420.jpg 635w, https:\/\/eldigitaldeasturias.com\/magazine365\/wp-content\/uploads\/2015\/06\/fotonoticia_20150624141424_800-84x55.jpg 84w, https:\/\/eldigitaldeasturias.com\/magazine365\/wp-content\/uploads\/2015\/06\/fotonoticia_20150624141424_800.jpg 800w\" sizes=\"(max-width: 360px) 100vw, 360px\" \/>Baleares ha aumentado un 25% la plantilla de refuerzos destinados a la seguridad ciudadana durante el verano, seg\u00fan ha explicado este mi\u00e9rcoles en rueda de prensa la delegada del Gobierno en Baleares, Teresa Palmer, un incremento que se enmarca dentro del Plan Turismo Seguro impulsado por el Ministerio del Interior.<\/p>\n<p>Entre los objetivos del Plan ha destacado el incremento de la seguridad, la atenci\u00f3n \u00abr\u00e1pida y eficaz\u00bb al turismo que ha sido v\u00edctima de delito, y como novedad han a\u00f1adido un dec\u00e1logo de la Guardia Civil y una aplicaci\u00f3n m\u00f3vil para conectar al momento con las Fuerzas y Cuerpos de Seguridad del Estado.<\/p>\n<p>El Plan Turismo Seguro se iniciar\u00e1 el pr\u00f3ximo 1 de julio y contempla una serie de medidas de car\u00e1cter preventivo cuyo principal objetivo es el aumento de la seguridad ciudadana en las zonas tur\u00edsticas, entre las que destacan la Playa de Palma, Calvi\u00e0 y Sant Antoni de Portmany (Ibiza).<\/p>\n<p>Palmer ha destacado la \u00abenorme sensibilidad\u00bb por parte del Ministerio del Interior hacia las Islas, que se ha manifestado tanto en el n\u00famero de efectivos, como en el tiempo que \u00e9stos permanecen en Baleares.<\/p>\n<p>De este modo, en el resto de Comunidades Aut\u00f3nomas los refuerzos estivales act\u00faan solamente durante julio y agosto, mientras que en Baleares tambi\u00e9n abarcan el mes de setiembre.<\/p>\n<p>La delegada ha detallado que los refuerzos son de distintas unidades como tr\u00e1fico, servicio mar\u00edtimo, brigadas m\u00f3viles, antidisturbios y cuerpos especiales, entre otros, y confeccionando, as\u00ed, las \u00abpatrullas policiales est\u00e1ndar\u00bb.<\/p>\n<p>PATRULLAS MIXTAS INTERNACIONALES<\/p>\n<p>Por su parte, Palmer ha subrayado el mantenimiento de las \u00abpatrullas mixtas internacionales\u00bb que se iniciaron en 2014, unas unidades que est\u00e1s compuestas por parejas de guardias civiles, siendo uno de nacionalidad espa\u00f1ola y el otro extranjero.<\/p>\n<p>Asimismo, este tipo de patrullas contar\u00e1n con agentes alemanes, franceses e italianos que actuar\u00e1n en las zonas tur\u00edsticas m\u00e1s conflictivas, y respecto a los agentes de nacionalidad inglesa, Palmer ha informado que a\u00fan est\u00e1n pendientes de la aprobaci\u00f3n por parte del Gobierno Brit\u00e1nico.<\/p>\n<p>De este modo, Palmer ha apuntado que se garantizan los servicios de seguridad para esta temporada estival, y que el \u00abbinomio turismo-seguridad\u00bb es un \u00abelemento clave para la competitividad de Baleares como destino tur\u00edstico\u00bb.<\/p>\n<p>Por \u00faltimo, la delegada ha valorado que se sienten \u00absatisfechos\u00bb pero que no van a \u00abbajar la guardia\u00bb y que mejorar\u00e1n \u00abd\u00eda a d\u00eda para hacer de las Islas un destino tur\u00edstico de primer orden\u00bb.<\/p>\n","protected":false},"excerpt":{"rendered":"<p>Baleares ha aumentado un 25% la plantilla de refuerzos destinados a la seguridad ciudadana durante el verano, seg\u00fan ha explicado este mi\u00e9rcoles en rueda de prensa la delegada del Gobierno en Baleares, Teresa Palmer, un incremento que se enmarca dentro del Plan Turismo Seguro impulsado por el Ministerio del Interior. Entre los objetivos del Plan<\/p>\n","protected":false},"author":1,"featured_media":40878,"comment_status":"open","ping_status":"closed","sticky":false,"template":"","format":"standard","meta":{"footnotes":""},"categories":[222],"tags":[],"class_list":{"0":"post-40877","1":"post","2":"type-post","3":"status-publish","4":"format-standard","5":"has-post-thumbnail","7":"category-actualidad-turismo"},"aioseo_notices":[],"aioseo_head":"\n\t\t<!-- All in One SEO Pro 4.9.6.1 - aioseo.com -->\n\t<meta name=\"description\" content=\"Baleares ha aumentado un 25% la plantilla de refuerzos destinados a la seguridad ciudadana durante el verano, seg\u00fan ha explicado este mi\u00e9rcoles en rueda de prensa la delegada del Gobierno en Baleares, Teresa Palmer, un incremento que se enmarca dentro del Plan Turismo Seguro impulsado por el Ministerio del Interior. Entre los objetivos del Plan\" \/>\n\t<meta name=\"robots\" content=\"max-image-preview:large\" \/>\n\t<meta name=\"author\" content=\"admin\"\/>\n\t<meta name=\"google-site-verification\" content=\"UA-38556648-1\" \/>\n\t<meta name=\"keywords\" content=\"actualidad turismo\" \/>\n\t<link rel=\"canonical\" href=\"https:\/\/eldigitaldeasturias.com\/magazine365\/aumentan-en-baleares-un-25-los-refuerzos-destinados-a-la-seguridad-ciudadana-en-verano\/\" \/>\n\t<meta name=\"generator\" content=\"All in One SEO Pro (AIOSEO) 4.9.6.1\" \/>\n\t\t<meta property=\"og:locale\" content=\"es_ES\" \/>\n\t\t<meta property=\"og:site_name\" content=\"El Digital de Asturias \u2013 Revista de ocio, turismo y estilo de vida\" \/>\n\t\t<meta property=\"og:type\" content=\"article\" \/>\n\t\t<meta property=\"og:title\" content=\"Aumentan en Baleares un 25% los refuerzos destinados a la seguridad ciudadana en verano | El Digital de Asturias\" \/>\n\t\t<meta property=\"og:description\" content=\"Baleares ha aumentado un 25% la plantilla de refuerzos destinados a la seguridad ciudadana durante el verano, seg\u00fan ha explicado este mi\u00e9rcoles en rueda de prensa la delegada del Gobierno en Baleares, Teresa Palmer, un incremento que se enmarca dentro del Plan Turismo Seguro impulsado por el Ministerio del Interior. Entre los objetivos del Plan\" \/>\n\t\t<meta property=\"og:url\" content=\"https:\/\/eldigitaldeasturias.com\/magazine365\/aumentan-en-baleares-un-25-los-refuerzos-destinados-a-la-seguridad-ciudadana-en-verano\/\" \/>\n\t\t<meta property=\"og:image\" content=\"https:\/\/eldigitaldeasturias.com\/magazine365\/wp-content\/uploads\/2015\/06\/fotonoticia_20150624141424_800.jpg\" \/>\n\t\t<meta property=\"og:image:secure_url\" content=\"https:\/\/eldigitaldeasturias.com\/magazine365\/wp-content\/uploads\/2015\/06\/fotonoticia_20150624141424_800.jpg\" \/>\n\t\t<meta property=\"og:image:width\" content=\"800\" \/>\n\t\t<meta property=\"og:image:height\" content=\"529\" \/>\n\t\t<meta property=\"article:published_time\" content=\"2015-06-25T07:07:40+00:00\" \/>\n\t\t<meta property=\"article:modified_time\" content=\"2015-06-25T07:07:40+00:00\" \/>\n\t\t<meta name=\"twitter:card\" content=\"summary_large_image\" \/>\n\t\t<meta name=\"twitter:title\" content=\"Aumentan en Baleares un 25% los refuerzos destinados a la seguridad ciudadana en verano | El Digital de Asturias\" \/>\n\t\t<meta name=\"twitter:description\" content=\"Baleares ha aumentado un 25% la plantilla de refuerzos destinados a la seguridad ciudadana durante el verano, seg\u00fan ha explicado este mi\u00e9rcoles en rueda de prensa la delegada del Gobierno en Baleares, Teresa Palmer, un incremento que se enmarca dentro del Plan Turismo Seguro impulsado por el Ministerio del Interior. Entre los objetivos del Plan\" \/>\n\t\t<meta name=\"twitter:image\" content=\"https:\/\/eldigitaldeasturias.com\/magazine365\/wp-content\/uploads\/2015\/06\/fotonoticia_20150624141424_800.jpg\" \/>\n\t\t<script type=\"application\/ld+json\" class=\"aioseo-schema\">\n\t\t\t{\"@context\":\"https:\\\/\\\/schema.org\",\"@graph\":[{\"@type\":\"Article\",\"@id\":\"https:\\\/\\\/eldigitaldeasturias.com\\\/magazine365\\\/aumentan-en-baleares-un-25-los-refuerzos-destinados-a-la-seguridad-ciudadana-en-verano\\\/#article\",\"name\":\"Aumentan en Baleares un 25% los refuerzos destinados a la seguridad ciudadana en verano | El Digital de Asturias\",\"headline\":\"Aumentan en Baleares un 25% los refuerzos destinados a la seguridad ciudadana en verano\",\"author\":{\"@id\":\"https:\\\/\\\/eldigitaldeasturias.com\\\/magazine365\\\/author\\\/admin\\\/#author\"},\"publisher\":{\"@id\":\"https:\\\/\\\/eldigitaldeasturias.com\\\/magazine365\\\/#organization\"},\"image\":{\"@type\":\"ImageObject\",\"url\":\"https:\\\/\\\/eldigitaldeasturias.com\\\/magazine365\\\/wp-content\\\/uploads\\\/2015\\\/06\\\/fotonoticia_20150624141424_800.jpg\",\"width\":800,\"height\":529},\"datePublished\":\"2015-06-25T08:37:40+02:00\",\"dateModified\":\"2015-06-25T08:37:40+02:00\",\"inLanguage\":\"es-ES\",\"mainEntityOfPage\":{\"@id\":\"https:\\\/\\\/eldigitaldeasturias.com\\\/magazine365\\\/aumentan-en-baleares-un-25-los-refuerzos-destinados-a-la-seguridad-ciudadana-en-verano\\\/#webpage\"},\"isPartOf\":{\"@id\":\"https:\\\/\\\/eldigitaldeasturias.com\\\/magazine365\\\/aumentan-en-baleares-un-25-los-refuerzos-destinados-a-la-seguridad-ciudadana-en-verano\\\/#webpage\"},\"articleSection\":\"Actualidad Turismo\"},{\"@type\":\"BreadcrumbList\",\"@id\":\"https:\\\/\\\/eldigitaldeasturias.com\\\/magazine365\\\/aumentan-en-baleares-un-25-los-refuerzos-destinados-a-la-seguridad-ciudadana-en-verano\\\/#breadcrumblist\",\"itemListElement\":[{\"@type\":\"ListItem\",\"@id\":\"https:\\\/\\\/eldigitaldeasturias.com\\\/magazine365#listItem\",\"position\":1,\"name\":\"Home\",\"item\":\"https:\\\/\\\/eldigitaldeasturias.com\\\/magazine365\",\"nextItem\":{\"@type\":\"ListItem\",\"@id\":\"https:\\\/\\\/eldigitaldeasturias.com\\\/magazine365\\\/category\\\/actualidad-turismo\\\/#listItem\",\"name\":\"Actualidad Turismo\"}},{\"@type\":\"ListItem\",\"@id\":\"https:\\\/\\\/eldigitaldeasturias.com\\\/magazine365\\\/category\\\/actualidad-turismo\\\/#listItem\",\"position\":2,\"name\":\"Actualidad Turismo\",\"item\":\"https:\\\/\\\/eldigitaldeasturias.com\\\/magazine365\\\/category\\\/actualidad-turismo\\\/\",\"nextItem\":{\"@type\":\"ListItem\",\"@id\":\"https:\\\/\\\/eldigitaldeasturias.com\\\/magazine365\\\/aumentan-en-baleares-un-25-los-refuerzos-destinados-a-la-seguridad-ciudadana-en-verano\\\/#listItem\",\"name\":\"Aumentan en Baleares un 25% los refuerzos destinados a la seguridad ciudadana en verano\"},\"previousItem\":{\"@type\":\"ListItem\",\"@id\":\"https:\\\/\\\/eldigitaldeasturias.com\\\/magazine365#listItem\",\"name\":\"Home\"}},{\"@type\":\"ListItem\",\"@id\":\"https:\\\/\\\/eldigitaldeasturias.com\\\/magazine365\\\/aumentan-en-baleares-un-25-los-refuerzos-destinados-a-la-seguridad-ciudadana-en-verano\\\/#listItem\",\"position\":3,\"name\":\"Aumentan en Baleares un 25% los refuerzos destinados a la seguridad ciudadana en verano\",\"previousItem\":{\"@type\":\"ListItem\",\"@id\":\"https:\\\/\\\/eldigitaldeasturias.com\\\/magazine365\\\/category\\\/actualidad-turismo\\\/#listItem\",\"name\":\"Actualidad Turismo\"}}]},{\"@type\":\"Organization\",\"@id\":\"https:\\\/\\\/eldigitaldeasturias.com\\\/magazine365\\\/#organization\",\"name\":\"El digital de Asturias\",\"description\":\"Revista de ocio, turismo y estilo de vida\",\"url\":\"https:\\\/\\\/eldigitaldeasturias.com\\\/magazine365\\\/\",\"logo\":{\"@type\":\"ImageObject\",\"url\":\"https:\\\/\\\/www.eldigitaldeasturias.com\\\/noticias\\\/wp-content\\\/uploads\\\/2020\\\/12\\\/EDA.jpg\",\"@id\":\"https:\\\/\\\/eldigitaldeasturias.com\\\/magazine365\\\/aumentan-en-baleares-un-25-los-refuerzos-destinados-a-la-seguridad-ciudadana-en-verano\\\/#organizationLogo\"},\"image\":{\"@id\":\"https:\\\/\\\/eldigitaldeasturias.com\\\/magazine365\\\/aumentan-en-baleares-un-25-los-refuerzos-destinados-a-la-seguridad-ciudadana-en-verano\\\/#organizationLogo\"}},{\"@type\":\"Person\",\"@id\":\"https:\\\/\\\/eldigitaldeasturias.com\\\/magazine365\\\/author\\\/admin\\\/#author\",\"url\":\"https:\\\/\\\/eldigitaldeasturias.com\\\/magazine365\\\/author\\\/admin\\\/\",\"name\":\"admin\",\"image\":{\"@type\":\"ImageObject\",\"@id\":\"https:\\\/\\\/eldigitaldeasturias.com\\\/magazine365\\\/aumentan-en-baleares-un-25-los-refuerzos-destinados-a-la-seguridad-ciudadana-en-verano\\\/#authorImage\",\"url\":\"https:\\\/\\\/eldigitaldeasturias.com\\\/magazine365\\\/wp-content\\\/litespeed\\\/avatar\\\/e571bcf59a0edd6fa6838245a470f2fe.jpg?ver=1777574230\",\"width\":96,\"height\":96,\"caption\":\"admin\"}},{\"@type\":\"WebPage\",\"@id\":\"https:\\\/\\\/eldigitaldeasturias.com\\\/magazine365\\\/aumentan-en-baleares-un-25-los-refuerzos-destinados-a-la-seguridad-ciudadana-en-verano\\\/#webpage\",\"url\":\"https:\\\/\\\/eldigitaldeasturias.com\\\/magazine365\\\/aumentan-en-baleares-un-25-los-refuerzos-destinados-a-la-seguridad-ciudadana-en-verano\\\/\",\"name\":\"Aumentan en Baleares un 25% los refuerzos destinados a la seguridad ciudadana en verano | El Digital de Asturias\",\"description\":\"Baleares ha aumentado un 25% la plantilla de refuerzos destinados a la seguridad ciudadana durante el verano, seg\\u00fan ha explicado este mi\\u00e9rcoles en rueda de prensa la delegada del Gobierno en Baleares, Teresa Palmer, un incremento que se enmarca dentro del Plan Turismo Seguro impulsado por el Ministerio del Interior. Entre los objetivos del Plan\",\"inLanguage\":\"es-ES\",\"isPartOf\":{\"@id\":\"https:\\\/\\\/eldigitaldeasturias.com\\\/magazine365\\\/#website\"},\"breadcrumb\":{\"@id\":\"https:\\\/\\\/eldigitaldeasturias.com\\\/magazine365\\\/aumentan-en-baleares-un-25-los-refuerzos-destinados-a-la-seguridad-ciudadana-en-verano\\\/#breadcrumblist\"},\"author\":{\"@id\":\"https:\\\/\\\/eldigitaldeasturias.com\\\/magazine365\\\/author\\\/admin\\\/#author\"},\"creator\":{\"@id\":\"https:\\\/\\\/eldigitaldeasturias.com\\\/magazine365\\\/author\\\/admin\\\/#author\"},\"image\":{\"@type\":\"ImageObject\",\"url\":\"https:\\\/\\\/eldigitaldeasturias.com\\\/magazine365\\\/wp-content\\\/uploads\\\/2015\\\/06\\\/fotonoticia_20150624141424_800.jpg\",\"@id\":\"https:\\\/\\\/eldigitaldeasturias.com\\\/magazine365\\\/aumentan-en-baleares-un-25-los-refuerzos-destinados-a-la-seguridad-ciudadana-en-verano\\\/#mainImage\",\"width\":800,\"height\":529},\"primaryImageOfPage\":{\"@id\":\"https:\\\/\\\/eldigitaldeasturias.com\\\/magazine365\\\/aumentan-en-baleares-un-25-los-refuerzos-destinados-a-la-seguridad-ciudadana-en-verano\\\/#mainImage\"},\"datePublished\":\"2015-06-25T08:37:40+02:00\",\"dateModified\":\"2015-06-25T08:37:40+02:00\"},{\"@type\":\"WebSite\",\"@id\":\"https:\\\/\\\/eldigitaldeasturias.com\\\/magazine365\\\/#website\",\"url\":\"https:\\\/\\\/eldigitaldeasturias.com\\\/magazine365\\\/\",\"name\":\"El Digital de Asturias\",\"description\":\"Revista de ocio, turismo y estilo de vida\",\"inLanguage\":\"es-ES\",\"publisher\":{\"@id\":\"https:\\\/\\\/eldigitaldeasturias.com\\\/magazine365\\\/#organization\"}}]}\n\t\t<\/script>\n\t\t<!-- All in One SEO Pro -->\r\n\t\t<title>Aumentan en Baleares un 25% los refuerzos destinados a la seguridad ciudadana en verano | El Digital de Asturias<\/title>\n\n","aioseo_head_json":{"title":"Aumentan en Baleares un 25% los refuerzos destinados a la seguridad ciudadana en verano | El Digital de Asturias","description":"Baleares ha aumentado un 25% la plantilla de refuerzos destinados a la seguridad ciudadana durante el verano, seg\u00fan ha explicado este mi\u00e9rcoles en rueda de prensa la delegada del Gobierno en Baleares, Teresa Palmer, un incremento que se enmarca dentro del Plan Turismo Seguro impulsado por el Ministerio del Interior. Entre los objetivos del Plan","canonical_url":"https:\/\/eldigitaldeasturias.com\/magazine365\/aumentan-en-baleares-un-25-los-refuerzos-destinados-a-la-seguridad-ciudadana-en-verano\/","robots":"max-image-preview:large","keywords":"actualidad turismo","webmasterTools":{"google-site-verification":"UA-38556648-1","miscellaneous":""},"schema":{"@context":"https:\/\/schema.org","@graph":[{"@type":"Article","@id":"https:\/\/eldigitaldeasturias.com\/magazine365\/aumentan-en-baleares-un-25-los-refuerzos-destinados-a-la-seguridad-ciudadana-en-verano\/#article","name":"Aumentan en Baleares un 25% los refuerzos destinados a la seguridad ciudadana en verano | El Digital de Asturias","headline":"Aumentan en Baleares un 25% los refuerzos destinados a la seguridad ciudadana en verano","author":{"@id":"https:\/\/eldigitaldeasturias.com\/magazine365\/author\/admin\/#author"},"publisher":{"@id":"https:\/\/eldigitaldeasturias.com\/magazine365\/#organization"},"image":{"@type":"ImageObject","url":"https:\/\/eldigitaldeasturias.com\/magazine365\/wp-content\/uploads\/2015\/06\/fotonoticia_20150624141424_800.jpg","width":800,"height":529},"datePublished":"2015-06-25T08:37:40+02:00","dateModified":"2015-06-25T08:37:40+02:00","inLanguage":"es-ES","mainEntityOfPage":{"@id":"https:\/\/eldigitaldeasturias.com\/magazine365\/aumentan-en-baleares-un-25-los-refuerzos-destinados-a-la-seguridad-ciudadana-en-verano\/#webpage"},"isPartOf":{"@id":"https:\/\/eldigitaldeasturias.com\/magazine365\/aumentan-en-baleares-un-25-los-refuerzos-destinados-a-la-seguridad-ciudadana-en-verano\/#webpage"},"articleSection":"Actualidad Turismo"},{"@type":"BreadcrumbList","@id":"https:\/\/eldigitaldeasturias.com\/magazine365\/aumentan-en-baleares-un-25-los-refuerzos-destinados-a-la-seguridad-ciudadana-en-verano\/#breadcrumblist","itemListElement":[{"@type":"ListItem","@id":"https:\/\/eldigitaldeasturias.com\/magazine365#listItem","position":1,"name":"Home","item":"https:\/\/eldigitaldeasturias.com\/magazine365","nextItem":{"@type":"ListItem","@id":"https:\/\/eldigitaldeasturias.com\/magazine365\/category\/actualidad-turismo\/#listItem","name":"Actualidad Turismo"}},{"@type":"ListItem","@id":"https:\/\/eldigitaldeasturias.com\/magazine365\/category\/actualidad-turismo\/#listItem","position":2,"name":"Actualidad Turismo","item":"https:\/\/eldigitaldeasturias.com\/magazine365\/category\/actualidad-turismo\/","nextItem":{"@type":"ListItem","@id":"https:\/\/eldigitaldeasturias.com\/magazine365\/aumentan-en-baleares-un-25-los-refuerzos-destinados-a-la-seguridad-ciudadana-en-verano\/#listItem","name":"Aumentan en Baleares un 25% los refuerzos destinados a la seguridad ciudadana en verano"},"previousItem":{"@type":"ListItem","@id":"https:\/\/eldigitaldeasturias.com\/magazine365#listItem","name":"Home"}},{"@type":"ListItem","@id":"https:\/\/eldigitaldeasturias.com\/magazine365\/aumentan-en-baleares-un-25-los-refuerzos-destinados-a-la-seguridad-ciudadana-en-verano\/#listItem","position":3,"name":"Aumentan en Baleares un 25% los refuerzos destinados a la seguridad ciudadana en verano","previousItem":{"@type":"ListItem","@id":"https:\/\/eldigitaldeasturias.com\/magazine365\/category\/actualidad-turismo\/#listItem","name":"Actualidad Turismo"}}]},{"@type":"Organization","@id":"https:\/\/eldigitaldeasturias.com\/magazine365\/#organization","name":"El digital de Asturias","description":"Revista de ocio, turismo y estilo de vida","url":"https:\/\/eldigitaldeasturias.com\/magazine365\/","logo":{"@type":"ImageObject","url":"https:\/\/www.eldigitaldeasturias.com\/noticias\/wp-content\/uploads\/2020\/12\/EDA.jpg","@id":"https:\/\/eldigitaldeasturias.com\/magazine365\/aumentan-en-baleares-un-25-los-refuerzos-destinados-a-la-seguridad-ciudadana-en-verano\/#organizationLogo"},"image":{"@id":"https:\/\/eldigitaldeasturias.com\/magazine365\/aumentan-en-baleares-un-25-los-refuerzos-destinados-a-la-seguridad-ciudadana-en-verano\/#organizationLogo"}},{"@type":"Person","@id":"https:\/\/eldigitaldeasturias.com\/magazine365\/author\/admin\/#author","url":"https:\/\/eldigitaldeasturias.com\/magazine365\/author\/admin\/","name":"admin","image":{"@type":"ImageObject","@id":"https:\/\/eldigitaldeasturias.com\/magazine365\/aumentan-en-baleares-un-25-los-refuerzos-destinados-a-la-seguridad-ciudadana-en-verano\/#authorImage","url":"https:\/\/eldigitaldeasturias.com\/magazine365\/wp-content\/litespeed\/avatar\/e571bcf59a0edd6fa6838245a470f2fe.jpg?ver=1777574230","width":96,"height":96,"caption":"admin"}},{"@type":"WebPage","@id":"https:\/\/eldigitaldeasturias.com\/magazine365\/aumentan-en-baleares-un-25-los-refuerzos-destinados-a-la-seguridad-ciudadana-en-verano\/#webpage","url":"https:\/\/eldigitaldeasturias.com\/magazine365\/aumentan-en-baleares-un-25-los-refuerzos-destinados-a-la-seguridad-ciudadana-en-verano\/","name":"Aumentan en Baleares un 25% los refuerzos destinados a la seguridad ciudadana en verano | El Digital de Asturias","description":"Baleares ha aumentado un 25% la plantilla de refuerzos destinados a la seguridad ciudadana durante el verano, seg\u00fan ha explicado este mi\u00e9rcoles en rueda de prensa la delegada del Gobierno en Baleares, Teresa Palmer, un incremento que se enmarca dentro del Plan Turismo Seguro impulsado por el Ministerio del Interior. Entre los objetivos del Plan","inLanguage":"es-ES","isPartOf":{"@id":"https:\/\/eldigitaldeasturias.com\/magazine365\/#website"},"breadcrumb":{"@id":"https:\/\/eldigitaldeasturias.com\/magazine365\/aumentan-en-baleares-un-25-los-refuerzos-destinados-a-la-seguridad-ciudadana-en-verano\/#breadcrumblist"},"author":{"@id":"https:\/\/eldigitaldeasturias.com\/magazine365\/author\/admin\/#author"},"creator":{"@id":"https:\/\/eldigitaldeasturias.com\/magazine365\/author\/admin\/#author"},"image":{"@type":"ImageObject","url":"https:\/\/eldigitaldeasturias.com\/magazine365\/wp-content\/uploads\/2015\/06\/fotonoticia_20150624141424_800.jpg","@id":"https:\/\/eldigitaldeasturias.com\/magazine365\/aumentan-en-baleares-un-25-los-refuerzos-destinados-a-la-seguridad-ciudadana-en-verano\/#mainImage","width":800,"height":529},"primaryImageOfPage":{"@id":"https:\/\/eldigitaldeasturias.com\/magazine365\/aumentan-en-baleares-un-25-los-refuerzos-destinados-a-la-seguridad-ciudadana-en-verano\/#mainImage"},"datePublished":"2015-06-25T08:37:40+02:00","dateModified":"2015-06-25T08:37:40+02:00"},{"@type":"WebSite","@id":"https:\/\/eldigitaldeasturias.com\/magazine365\/#website","url":"https:\/\/eldigitaldeasturias.com\/magazine365\/","name":"El Digital de Asturias","description":"Revista de ocio, turismo y estilo de vida","inLanguage":"es-ES","publisher":{"@id":"https:\/\/eldigitaldeasturias.com\/magazine365\/#organization"}}]},"og:locale":"es_ES","og:site_name":"El Digital de Asturias \u2013 Revista de ocio, turismo y estilo de vida","og:type":"article","og:title":"Aumentan en Baleares un 25% los refuerzos destinados a la seguridad ciudadana en verano | El Digital de Asturias","og:description":"Baleares ha aumentado un 25% la plantilla de refuerzos destinados a la seguridad ciudadana durante el verano, seg\u00fan ha explicado este mi\u00e9rcoles en rueda de prensa la delegada del Gobierno en Baleares, Teresa Palmer, un incremento que se enmarca dentro del Plan Turismo Seguro impulsado por el Ministerio del Interior. Entre los objetivos del Plan","og:url":"https:\/\/eldigitaldeasturias.com\/magazine365\/aumentan-en-baleares-un-25-los-refuerzos-destinados-a-la-seguridad-ciudadana-en-verano\/","og:image":"https:\/\/eldigitaldeasturias.com\/magazine365\/wp-content\/uploads\/2015\/06\/fotonoticia_20150624141424_800.jpg","og:image:secure_url":"https:\/\/eldigitaldeasturias.com\/magazine365\/wp-content\/uploads\/2015\/06\/fotonoticia_20150624141424_800.jpg","og:image:width":800,"og:image:height":529,"article:published_time":"2015-06-25T07:07:40+00:00","article:modified_time":"2015-06-25T07:07:40+00:00","twitter:card":"summary_large_image","twitter:title":"Aumentan en Baleares un 25% los refuerzos destinados a la seguridad ciudadana en verano | El Digital de Asturias","twitter:description":"Baleares ha aumentado un 25% la plantilla de refuerzos destinados a la seguridad ciudadana durante el verano, seg\u00fan ha explicado este mi\u00e9rcoles en rueda de prensa la delegada del Gobierno en Baleares, Teresa Palmer, un incremento que se enmarca dentro del Plan Turismo Seguro impulsado por el Ministerio del Interior. Entre los objetivos del Plan","twitter:image":"https:\/\/eldigitaldeasturias.com\/magazine365\/wp-content\/uploads\/2015\/06\/fotonoticia_20150624141424_800.jpg"},"aioseo_meta_data":{"post_id":"40877","title":null,"description":null,"keywords":null,"keyphrases":null,"primary_term":null,"canonical_url":null,"og_title":null,"og_description":null,"og_object_type":"default","og_image_type":"default","og_image_url":null,"og_image_width":null,"og_image_height":null,"og_image_custom_url":null,"og_image_custom_fields":null,"og_video":null,"og_custom_url":null,"og_article_section":null,"og_article_tags":null,"twitter_use_og":false,"twitter_card":"default","twitter_image_type":"default","twitter_image_url":null,"twitter_image_custom_url":null,"twitter_image_custom_fields":null,"twitter_title":null,"twitter_description":null,"schema":{"blockGraphs":[],"customGraphs":[],"default":{"data":{"Article":[],"Course":[],"Dataset":[],"FAQPage":[],"Movie":[],"Person":[],"Product":[],"ProductReview":[],"Car":[],"Recipe":[],"Service":[],"SoftwareApplication":[],"WebPage":[]},"graphName":"","isEnabled":true},"graphs":[],"defaultGraph":"","defaultPostTypeGraph":""},"schema_type":null,"schema_type_options":null,"pillar_content":false,"robots_default":true,"robots_noindex":false,"robots_noarchive":false,"robots_nosnippet":false,"robots_nofollow":false,"robots_noimageindex":false,"robots_noodp":false,"robots_notranslate":false,"robots_max_snippet":null,"robots_max_videopreview":null,"robots_max_imagepreview":"large","priority":null,"frequency":null,"location":null,"local_seo":null,"seo_analyzer_scan_date":"2025-09-19 14:32:18","breadcrumb_settings":null,"limit_modified_date":false,"open_ai":null,"ai":null,"created":"2021-03-09 02:22:40","updated":"2025-09-19 14:32:18"},"aioseo_breadcrumb":"<div class=\"aioseo-breadcrumbs\"><span class=\"aioseo-breadcrumb\">\n\t<a href=\"https:\/\/eldigitaldeasturias.com\/magazine365\" title=\"Home\">Home<\/a>\n<\/span><span class=\"aioseo-breadcrumb-separator\">\u2013<\/span><span class=\"aioseo-breadcrumb\">\n\t<a href=\"https:\/\/eldigitaldeasturias.com\/magazine365\/category\/actualidad-turismo\/\" title=\"Actualidad Turismo\">Actualidad Turismo<\/a>\n<\/span><span class=\"aioseo-breadcrumb-separator\">\u2013<\/span><span class=\"aioseo-breadcrumb\">\n\t<a href=\"https:\/\/eldigitaldeasturias.com\/magazine365\/aumentan-en-baleares-un-25-los-refuerzos-destinados-a-la-seguridad-ciudadana-en-verano\/\" title=\"Aumentan en Baleares un 25% los refuerzos destinados a la seguridad ciudadana en verano\">Aumentan en Baleares un 25% los refuerzos destinados a la seguridad ciudadana en verano<\/a>\n<\/span><\/div>","aioseo_breadcrumb_json":[{"label":"Home","link":"https:\/\/eldigitaldeasturias.com\/magazine365"},{"label":"Actualidad Turismo","link":"https:\/\/eldigitaldeasturias.com\/magazine365\/category\/actualidad-turismo\/"},{"label":"Aumentan en Baleares un 25% los refuerzos destinados a la seguridad ciudadana en verano","link":"https:\/\/eldigitaldeasturias.com\/magazine365\/aumentan-en-baleares-un-25-los-refuerzos-destinados-a-la-seguridad-ciudadana-en-verano\/"}],"_links":{"self":[{"href":"https:\/\/eldigitaldeasturias.com\/magazine365\/wp-json\/wp\/v2\/posts\/40877","targetHints":{"allow":["GET"]}}],"collection":[{"href":"https:\/\/eldigitaldeasturias.com\/magazine365\/wp-json\/wp\/v2\/posts"}],"about":[{"href":"https:\/\/eldigitaldeasturias.com\/magazine365\/wp-json\/wp\/v2\/types\/post"}],"author":[{"embeddable":true,"href":"https:\/\/eldigitaldeasturias.com\/magazine365\/wp-json\/wp\/v2\/users\/1"}],"replies":[{"embeddable":true,"href":"https:\/\/eldigitaldeasturias.com\/magazine365\/wp-json\/wp\/v2\/comments?post=40877"}],"version-history":[{"count":0,"href":"https:\/\/eldigitaldeasturias.com\/magazine365\/wp-json\/wp\/v2\/posts\/40877\/revisions"}],"wp:featuredmedia":[{"embeddable":true,"href":"https:\/\/eldigitaldeasturias.com\/magazine365\/wp-json\/wp\/v2\/media\/40878"}],"wp:attachment":[{"href":"https:\/\/eldigitaldeasturias.com\/magazine365\/wp-json\/wp\/v2\/media?parent=40877"}],"wp:term":[{"taxonomy":"category","embeddable":true,"href":"https:\/\/eldigitaldeasturias.com\/magazine365\/wp-json\/wp\/v2\/categories?post=40877"},{"taxonomy":"post_tag","embeddable":true,"href":"https:\/\/eldigitaldeasturias.com\/magazine365\/wp-json\/wp\/v2\/tags?post=40877"}],"curies":[{"name":"wp","href":"https:\/\/api.w.org\/{rel}","templated":true}]}}