{"id":40874,"date":"2015-06-25T08:36:29","date_gmt":"2015-06-25T07:06:29","guid":{"rendered":"http:\/\/eldigitaldeasturias.com\/magazine365\/?p=40874"},"modified":"2015-06-25T08:36:29","modified_gmt":"2015-06-25T07:06:29","slug":"swiss-inaugura-en-julio-vuelos-entre-santiago-y-zurich","status":"publish","type":"post","link":"https:\/\/eldigitaldeasturias.com\/magazine365\/swiss-inaugura-en-julio-vuelos-entre-santiago-y-zurich\/","title":{"rendered":"Swiss inaugura en julio vuelos entre Santiago y Zurich"},"content":{"rendered":"<p><img fetchpriority=\"high\" decoding=\"async\" class=\"alignleft size-medium wp-image-40875\" src=\"https:\/\/eldigitaldeasturias.com\/magazine365\/wp-content\/uploads\/2015\/06\/fotonoticia_20150624134354_800-360x239.jpg\" alt=\"fotonoticia_20150624134354_800\" width=\"360\" height=\"239\" srcset=\"https:\/\/eldigitaldeasturias.com\/magazine365\/wp-content\/uploads\/2015\/06\/fotonoticia_20150624134354_800-360x239.jpg 360w, https:\/\/eldigitaldeasturias.com\/magazine365\/wp-content\/uploads\/2015\/06\/fotonoticia_20150624134354_800-650x432.jpg 650w, https:\/\/eldigitaldeasturias.com\/magazine365\/wp-content\/uploads\/2015\/06\/fotonoticia_20150624134354_800-768x511.jpg 768w, https:\/\/eldigitaldeasturias.com\/magazine365\/wp-content\/uploads\/2015\/06\/fotonoticia_20150624134354_800-150x100.jpg 150w, https:\/\/eldigitaldeasturias.com\/magazine365\/wp-content\/uploads\/2015\/06\/fotonoticia_20150624134354_800-450x299.jpg 450w, https:\/\/eldigitaldeasturias.com\/magazine365\/wp-content\/uploads\/2015\/06\/fotonoticia_20150624134354_800-696x463.jpg 696w, https:\/\/eldigitaldeasturias.com\/magazine365\/wp-content\/uploads\/2015\/06\/fotonoticia_20150624134354_800-632x420.jpg 632w, https:\/\/eldigitaldeasturias.com\/magazine365\/wp-content\/uploads\/2015\/06\/fotonoticia_20150624134354_800-84x55.jpg 84w, https:\/\/eldigitaldeasturias.com\/magazine365\/wp-content\/uploads\/2015\/06\/fotonoticia_20150624134354_800.jpg 800w\" sizes=\"(max-width: 360px) 100vw, 360px\" \/>Swiss International Air Lines inaugurar\u00e1 el pr\u00f3ximo 2 de julio, hasta el 24 de octubre, una nueva conexi\u00f3n entre Santiago de Compostela y Zurich con tres vuelos semanales.<\/p>\n<p>Seg\u00fan ha informado la compa\u00f1\u00eda, Swiss pondr\u00e1 tres vuelos semanales a disposici\u00f3n de los viajeros en Santiago durante los meses de verano, con salidas los martes, jueves y s\u00e1bados. La ruta ser\u00e1 operada por un A320.<\/p>\n<p>\u00abCon esta ruta entre Santiago y Zurich respondemos a una necesidad clara por parte de nuestros pasajeros, especialmente en la \u00e9poca estival\u00bb, seg\u00fan ha afirmado el director de Swiss para Espa\u00f1a y Portugal, Jos\u00e9 Luis L\u00f3pez.<\/p>\n<p>Con las nuevas conexiones, la red de Swiss alcanza ya 106 destinos en 49 pa\u00edses. La aerol\u00ednea ha registrado durante el primer trimestre de 2015 un beneficio antes de impuestos de 51 millones de francos suizos gracias a la estrategia de gesti\u00f3n de sus operaciones, a las elevadas tasas de ocupaci\u00f3n y al abaratamiento de los precios del combustible.<\/p>\n<p>Adem\u00e1s, en 2014 bati\u00f3 un nuevo r\u00e9cord de pasajeros transportados con un total de 16,17 millones, un 1,3 por ciento m\u00e1s que en el a\u00f1o anterior.<\/p>\n","protected":false},"excerpt":{"rendered":"<p>Swiss International Air Lines inaugurar\u00e1 el pr\u00f3ximo 2 de julio, hasta el 24 de octubre, una nueva conexi\u00f3n entre Santiago de Compostela y Zurich con tres vuelos semanales. Seg\u00fan ha informado la compa\u00f1\u00eda, Swiss pondr\u00e1 tres vuelos semanales a disposici\u00f3n de los viajeros en Santiago durante los meses de verano, con salidas los martes, jueves<\/p>\n","protected":false},"author":1,"featured_media":40875,"comment_status":"open","ping_status":"closed","sticky":false,"template":"","format":"standard","meta":{"footnotes":""},"categories":[222],"tags":[],"class_list":{"0":"post-40874","1":"post","2":"type-post","3":"status-publish","4":"format-standard","5":"has-post-thumbnail","7":"category-actualidad-turismo"},"aioseo_notices":[],"aioseo_head":"\n\t\t<!-- All in One SEO Pro 4.9.6.1 - aioseo.com -->\n\t<meta name=\"description\" content=\"Swiss International Air Lines inaugurar\u00e1 el pr\u00f3ximo 2 de julio, hasta el 24 de octubre, una nueva conexi\u00f3n entre Santiago de Compostela y Zurich con tres vuelos semanales. Seg\u00fan ha informado la compa\u00f1\u00eda, Swiss pondr\u00e1 tres vuelos semanales a disposici\u00f3n de los viajeros en Santiago durante los meses de verano, con salidas los martes, jueves\" \/>\n\t<meta name=\"robots\" content=\"max-image-preview:large\" \/>\n\t<meta name=\"author\" content=\"admin\"\/>\n\t<meta name=\"google-site-verification\" content=\"UA-38556648-1\" \/>\n\t<meta name=\"keywords\" content=\"actualidad turismo\" \/>\n\t<link rel=\"canonical\" href=\"https:\/\/eldigitaldeasturias.com\/magazine365\/swiss-inaugura-en-julio-vuelos-entre-santiago-y-zurich\/\" \/>\n\t<meta name=\"generator\" content=\"All in One SEO Pro (AIOSEO) 4.9.6.1\" \/>\n\t\t<meta property=\"og:locale\" content=\"es_ES\" \/>\n\t\t<meta property=\"og:site_name\" content=\"El Digital de Asturias \u2013 Revista de ocio, turismo y estilo de vida\" \/>\n\t\t<meta property=\"og:type\" content=\"article\" \/>\n\t\t<meta property=\"og:title\" content=\"Swiss inaugura en julio vuelos entre Santiago y Zurich | El Digital de Asturias\" \/>\n\t\t<meta property=\"og:description\" content=\"Swiss International Air Lines inaugurar\u00e1 el pr\u00f3ximo 2 de julio, hasta el 24 de octubre, una nueva conexi\u00f3n entre Santiago de Compostela y Zurich con tres vuelos semanales. Seg\u00fan ha informado la compa\u00f1\u00eda, Swiss pondr\u00e1 tres vuelos semanales a disposici\u00f3n de los viajeros en Santiago durante los meses de verano, con salidas los martes, jueves\" \/>\n\t\t<meta property=\"og:url\" content=\"https:\/\/eldigitaldeasturias.com\/magazine365\/swiss-inaugura-en-julio-vuelos-entre-santiago-y-zurich\/\" \/>\n\t\t<meta property=\"og:image\" content=\"https:\/\/eldigitaldeasturias.com\/magazine365\/wp-content\/uploads\/2015\/06\/fotonoticia_20150624134354_800.jpg\" \/>\n\t\t<meta property=\"og:image:secure_url\" content=\"https:\/\/eldigitaldeasturias.com\/magazine365\/wp-content\/uploads\/2015\/06\/fotonoticia_20150624134354_800.jpg\" \/>\n\t\t<meta property=\"og:image:width\" content=\"800\" \/>\n\t\t<meta property=\"og:image:height\" content=\"532\" \/>\n\t\t<meta property=\"article:published_time\" content=\"2015-06-25T07:06:29+00:00\" \/>\n\t\t<meta property=\"article:modified_time\" content=\"2015-06-25T07:06:29+00:00\" \/>\n\t\t<meta name=\"twitter:card\" content=\"summary_large_image\" \/>\n\t\t<meta name=\"twitter:title\" content=\"Swiss inaugura en julio vuelos entre Santiago y Zurich | El Digital de Asturias\" \/>\n\t\t<meta name=\"twitter:description\" content=\"Swiss International Air Lines inaugurar\u00e1 el pr\u00f3ximo 2 de julio, hasta el 24 de octubre, una nueva conexi\u00f3n entre Santiago de Compostela y Zurich con tres vuelos semanales. Seg\u00fan ha informado la compa\u00f1\u00eda, Swiss pondr\u00e1 tres vuelos semanales a disposici\u00f3n de los viajeros en Santiago durante los meses de verano, con salidas los martes, jueves\" \/>\n\t\t<meta name=\"twitter:image\" content=\"https:\/\/eldigitaldeasturias.com\/magazine365\/wp-content\/uploads\/2015\/06\/fotonoticia_20150624134354_800.jpg\" \/>\n\t\t<script type=\"application\/ld+json\" class=\"aioseo-schema\">\n\t\t\t{\"@context\":\"https:\\\/\\\/schema.org\",\"@graph\":[{\"@type\":\"Article\",\"@id\":\"https:\\\/\\\/eldigitaldeasturias.com\\\/magazine365\\\/swiss-inaugura-en-julio-vuelos-entre-santiago-y-zurich\\\/#article\",\"name\":\"Swiss inaugura en julio vuelos entre Santiago y Zurich | El Digital de Asturias\",\"headline\":\"Swiss inaugura en julio vuelos entre Santiago y Zurich\",\"author\":{\"@id\":\"https:\\\/\\\/eldigitaldeasturias.com\\\/magazine365\\\/author\\\/admin\\\/#author\"},\"publisher\":{\"@id\":\"https:\\\/\\\/eldigitaldeasturias.com\\\/magazine365\\\/#organization\"},\"image\":{\"@type\":\"ImageObject\",\"url\":\"https:\\\/\\\/eldigitaldeasturias.com\\\/magazine365\\\/wp-content\\\/uploads\\\/2015\\\/06\\\/fotonoticia_20150624134354_800.jpg\",\"width\":800,\"height\":532},\"datePublished\":\"2015-06-25T08:36:29+02:00\",\"dateModified\":\"2015-06-25T08:36:29+02:00\",\"inLanguage\":\"es-ES\",\"mainEntityOfPage\":{\"@id\":\"https:\\\/\\\/eldigitaldeasturias.com\\\/magazine365\\\/swiss-inaugura-en-julio-vuelos-entre-santiago-y-zurich\\\/#webpage\"},\"isPartOf\":{\"@id\":\"https:\\\/\\\/eldigitaldeasturias.com\\\/magazine365\\\/swiss-inaugura-en-julio-vuelos-entre-santiago-y-zurich\\\/#webpage\"},\"articleSection\":\"Actualidad Turismo\"},{\"@type\":\"BreadcrumbList\",\"@id\":\"https:\\\/\\\/eldigitaldeasturias.com\\\/magazine365\\\/swiss-inaugura-en-julio-vuelos-entre-santiago-y-zurich\\\/#breadcrumblist\",\"itemListElement\":[{\"@type\":\"ListItem\",\"@id\":\"https:\\\/\\\/eldigitaldeasturias.com\\\/magazine365#listItem\",\"position\":1,\"name\":\"Home\",\"item\":\"https:\\\/\\\/eldigitaldeasturias.com\\\/magazine365\",\"nextItem\":{\"@type\":\"ListItem\",\"@id\":\"https:\\\/\\\/eldigitaldeasturias.com\\\/magazine365\\\/category\\\/actualidad-turismo\\\/#listItem\",\"name\":\"Actualidad Turismo\"}},{\"@type\":\"ListItem\",\"@id\":\"https:\\\/\\\/eldigitaldeasturias.com\\\/magazine365\\\/category\\\/actualidad-turismo\\\/#listItem\",\"position\":2,\"name\":\"Actualidad Turismo\",\"item\":\"https:\\\/\\\/eldigitaldeasturias.com\\\/magazine365\\\/category\\\/actualidad-turismo\\\/\",\"nextItem\":{\"@type\":\"ListItem\",\"@id\":\"https:\\\/\\\/eldigitaldeasturias.com\\\/magazine365\\\/swiss-inaugura-en-julio-vuelos-entre-santiago-y-zurich\\\/#listItem\",\"name\":\"Swiss inaugura en julio vuelos entre Santiago y Zurich\"},\"previousItem\":{\"@type\":\"ListItem\",\"@id\":\"https:\\\/\\\/eldigitaldeasturias.com\\\/magazine365#listItem\",\"name\":\"Home\"}},{\"@type\":\"ListItem\",\"@id\":\"https:\\\/\\\/eldigitaldeasturias.com\\\/magazine365\\\/swiss-inaugura-en-julio-vuelos-entre-santiago-y-zurich\\\/#listItem\",\"position\":3,\"name\":\"Swiss inaugura en julio vuelos entre Santiago y Zurich\",\"previousItem\":{\"@type\":\"ListItem\",\"@id\":\"https:\\\/\\\/eldigitaldeasturias.com\\\/magazine365\\\/category\\\/actualidad-turismo\\\/#listItem\",\"name\":\"Actualidad Turismo\"}}]},{\"@type\":\"Organization\",\"@id\":\"https:\\\/\\\/eldigitaldeasturias.com\\\/magazine365\\\/#organization\",\"name\":\"El digital de Asturias\",\"description\":\"Revista de ocio, turismo y estilo de vida\",\"url\":\"https:\\\/\\\/eldigitaldeasturias.com\\\/magazine365\\\/\",\"logo\":{\"@type\":\"ImageObject\",\"url\":\"https:\\\/\\\/www.eldigitaldeasturias.com\\\/noticias\\\/wp-content\\\/uploads\\\/2020\\\/12\\\/EDA.jpg\",\"@id\":\"https:\\\/\\\/eldigitaldeasturias.com\\\/magazine365\\\/swiss-inaugura-en-julio-vuelos-entre-santiago-y-zurich\\\/#organizationLogo\"},\"image\":{\"@id\":\"https:\\\/\\\/eldigitaldeasturias.com\\\/magazine365\\\/swiss-inaugura-en-julio-vuelos-entre-santiago-y-zurich\\\/#organizationLogo\"}},{\"@type\":\"Person\",\"@id\":\"https:\\\/\\\/eldigitaldeasturias.com\\\/magazine365\\\/author\\\/admin\\\/#author\",\"url\":\"https:\\\/\\\/eldigitaldeasturias.com\\\/magazine365\\\/author\\\/admin\\\/\",\"name\":\"admin\",\"image\":{\"@type\":\"ImageObject\",\"@id\":\"https:\\\/\\\/eldigitaldeasturias.com\\\/magazine365\\\/swiss-inaugura-en-julio-vuelos-entre-santiago-y-zurich\\\/#authorImage\",\"url\":\"https:\\\/\\\/eldigitaldeasturias.com\\\/magazine365\\\/wp-content\\\/litespeed\\\/avatar\\\/e571bcf59a0edd6fa6838245a470f2fe.jpg?ver=1777574230\",\"width\":96,\"height\":96,\"caption\":\"admin\"}},{\"@type\":\"WebPage\",\"@id\":\"https:\\\/\\\/eldigitaldeasturias.com\\\/magazine365\\\/swiss-inaugura-en-julio-vuelos-entre-santiago-y-zurich\\\/#webpage\",\"url\":\"https:\\\/\\\/eldigitaldeasturias.com\\\/magazine365\\\/swiss-inaugura-en-julio-vuelos-entre-santiago-y-zurich\\\/\",\"name\":\"Swiss inaugura en julio vuelos entre Santiago y Zurich | El Digital de Asturias\",\"description\":\"Swiss International Air Lines inaugurar\\u00e1 el pr\\u00f3ximo 2 de julio, hasta el 24 de octubre, una nueva conexi\\u00f3n entre Santiago de Compostela y Zurich con tres vuelos semanales. Seg\\u00fan ha informado la compa\\u00f1\\u00eda, Swiss pondr\\u00e1 tres vuelos semanales a disposici\\u00f3n de los viajeros en Santiago durante los meses de verano, con salidas los martes, jueves\",\"inLanguage\":\"es-ES\",\"isPartOf\":{\"@id\":\"https:\\\/\\\/eldigitaldeasturias.com\\\/magazine365\\\/#website\"},\"breadcrumb\":{\"@id\":\"https:\\\/\\\/eldigitaldeasturias.com\\\/magazine365\\\/swiss-inaugura-en-julio-vuelos-entre-santiago-y-zurich\\\/#breadcrumblist\"},\"author\":{\"@id\":\"https:\\\/\\\/eldigitaldeasturias.com\\\/magazine365\\\/author\\\/admin\\\/#author\"},\"creator\":{\"@id\":\"https:\\\/\\\/eldigitaldeasturias.com\\\/magazine365\\\/author\\\/admin\\\/#author\"},\"image\":{\"@type\":\"ImageObject\",\"url\":\"https:\\\/\\\/eldigitaldeasturias.com\\\/magazine365\\\/wp-content\\\/uploads\\\/2015\\\/06\\\/fotonoticia_20150624134354_800.jpg\",\"@id\":\"https:\\\/\\\/eldigitaldeasturias.com\\\/magazine365\\\/swiss-inaugura-en-julio-vuelos-entre-santiago-y-zurich\\\/#mainImage\",\"width\":800,\"height\":532},\"primaryImageOfPage\":{\"@id\":\"https:\\\/\\\/eldigitaldeasturias.com\\\/magazine365\\\/swiss-inaugura-en-julio-vuelos-entre-santiago-y-zurich\\\/#mainImage\"},\"datePublished\":\"2015-06-25T08:36:29+02:00\",\"dateModified\":\"2015-06-25T08:36:29+02:00\"},{\"@type\":\"WebSite\",\"@id\":\"https:\\\/\\\/eldigitaldeasturias.com\\\/magazine365\\\/#website\",\"url\":\"https:\\\/\\\/eldigitaldeasturias.com\\\/magazine365\\\/\",\"name\":\"El Digital de Asturias\",\"description\":\"Revista de ocio, turismo y estilo de vida\",\"inLanguage\":\"es-ES\",\"publisher\":{\"@id\":\"https:\\\/\\\/eldigitaldeasturias.com\\\/magazine365\\\/#organization\"}}]}\n\t\t<\/script>\n\t\t<!-- All in One SEO Pro -->\r\n\t\t<title>Swiss inaugura en julio vuelos entre Santiago y Zurich | El Digital de Asturias<\/title>\n\n","aioseo_head_json":{"title":"Swiss inaugura en julio vuelos entre Santiago y Zurich | El Digital de Asturias","description":"Swiss International Air Lines inaugurar\u00e1 el pr\u00f3ximo 2 de julio, hasta el 24 de octubre, una nueva conexi\u00f3n entre Santiago de Compostela y Zurich con tres vuelos semanales. Seg\u00fan ha informado la compa\u00f1\u00eda, Swiss pondr\u00e1 tres vuelos semanales a disposici\u00f3n de los viajeros en Santiago durante los meses de verano, con salidas los martes, jueves","canonical_url":"https:\/\/eldigitaldeasturias.com\/magazine365\/swiss-inaugura-en-julio-vuelos-entre-santiago-y-zurich\/","robots":"max-image-preview:large","keywords":"actualidad turismo","webmasterTools":{"google-site-verification":"UA-38556648-1","miscellaneous":""},"schema":{"@context":"https:\/\/schema.org","@graph":[{"@type":"Article","@id":"https:\/\/eldigitaldeasturias.com\/magazine365\/swiss-inaugura-en-julio-vuelos-entre-santiago-y-zurich\/#article","name":"Swiss inaugura en julio vuelos entre Santiago y Zurich | El Digital de Asturias","headline":"Swiss inaugura en julio vuelos entre Santiago y Zurich","author":{"@id":"https:\/\/eldigitaldeasturias.com\/magazine365\/author\/admin\/#author"},"publisher":{"@id":"https:\/\/eldigitaldeasturias.com\/magazine365\/#organization"},"image":{"@type":"ImageObject","url":"https:\/\/eldigitaldeasturias.com\/magazine365\/wp-content\/uploads\/2015\/06\/fotonoticia_20150624134354_800.jpg","width":800,"height":532},"datePublished":"2015-06-25T08:36:29+02:00","dateModified":"2015-06-25T08:36:29+02:00","inLanguage":"es-ES","mainEntityOfPage":{"@id":"https:\/\/eldigitaldeasturias.com\/magazine365\/swiss-inaugura-en-julio-vuelos-entre-santiago-y-zurich\/#webpage"},"isPartOf":{"@id":"https:\/\/eldigitaldeasturias.com\/magazine365\/swiss-inaugura-en-julio-vuelos-entre-santiago-y-zurich\/#webpage"},"articleSection":"Actualidad Turismo"},{"@type":"BreadcrumbList","@id":"https:\/\/eldigitaldeasturias.com\/magazine365\/swiss-inaugura-en-julio-vuelos-entre-santiago-y-zurich\/#breadcrumblist","itemListElement":[{"@type":"ListItem","@id":"https:\/\/eldigitaldeasturias.com\/magazine365#listItem","position":1,"name":"Home","item":"https:\/\/eldigitaldeasturias.com\/magazine365","nextItem":{"@type":"ListItem","@id":"https:\/\/eldigitaldeasturias.com\/magazine365\/category\/actualidad-turismo\/#listItem","name":"Actualidad Turismo"}},{"@type":"ListItem","@id":"https:\/\/eldigitaldeasturias.com\/magazine365\/category\/actualidad-turismo\/#listItem","position":2,"name":"Actualidad Turismo","item":"https:\/\/eldigitaldeasturias.com\/magazine365\/category\/actualidad-turismo\/","nextItem":{"@type":"ListItem","@id":"https:\/\/eldigitaldeasturias.com\/magazine365\/swiss-inaugura-en-julio-vuelos-entre-santiago-y-zurich\/#listItem","name":"Swiss inaugura en julio vuelos entre Santiago y Zurich"},"previousItem":{"@type":"ListItem","@id":"https:\/\/eldigitaldeasturias.com\/magazine365#listItem","name":"Home"}},{"@type":"ListItem","@id":"https:\/\/eldigitaldeasturias.com\/magazine365\/swiss-inaugura-en-julio-vuelos-entre-santiago-y-zurich\/#listItem","position":3,"name":"Swiss inaugura en julio vuelos entre Santiago y Zurich","previousItem":{"@type":"ListItem","@id":"https:\/\/eldigitaldeasturias.com\/magazine365\/category\/actualidad-turismo\/#listItem","name":"Actualidad Turismo"}}]},{"@type":"Organization","@id":"https:\/\/eldigitaldeasturias.com\/magazine365\/#organization","name":"El digital de Asturias","description":"Revista de ocio, turismo y estilo de vida","url":"https:\/\/eldigitaldeasturias.com\/magazine365\/","logo":{"@type":"ImageObject","url":"https:\/\/www.eldigitaldeasturias.com\/noticias\/wp-content\/uploads\/2020\/12\/EDA.jpg","@id":"https:\/\/eldigitaldeasturias.com\/magazine365\/swiss-inaugura-en-julio-vuelos-entre-santiago-y-zurich\/#organizationLogo"},"image":{"@id":"https:\/\/eldigitaldeasturias.com\/magazine365\/swiss-inaugura-en-julio-vuelos-entre-santiago-y-zurich\/#organizationLogo"}},{"@type":"Person","@id":"https:\/\/eldigitaldeasturias.com\/magazine365\/author\/admin\/#author","url":"https:\/\/eldigitaldeasturias.com\/magazine365\/author\/admin\/","name":"admin","image":{"@type":"ImageObject","@id":"https:\/\/eldigitaldeasturias.com\/magazine365\/swiss-inaugura-en-julio-vuelos-entre-santiago-y-zurich\/#authorImage","url":"https:\/\/eldigitaldeasturias.com\/magazine365\/wp-content\/litespeed\/avatar\/e571bcf59a0edd6fa6838245a470f2fe.jpg?ver=1777574230","width":96,"height":96,"caption":"admin"}},{"@type":"WebPage","@id":"https:\/\/eldigitaldeasturias.com\/magazine365\/swiss-inaugura-en-julio-vuelos-entre-santiago-y-zurich\/#webpage","url":"https:\/\/eldigitaldeasturias.com\/magazine365\/swiss-inaugura-en-julio-vuelos-entre-santiago-y-zurich\/","name":"Swiss inaugura en julio vuelos entre Santiago y Zurich | El Digital de Asturias","description":"Swiss International Air Lines inaugurar\u00e1 el pr\u00f3ximo 2 de julio, hasta el 24 de octubre, una nueva conexi\u00f3n entre Santiago de Compostela y Zurich con tres vuelos semanales. Seg\u00fan ha informado la compa\u00f1\u00eda, Swiss pondr\u00e1 tres vuelos semanales a disposici\u00f3n de los viajeros en Santiago durante los meses de verano, con salidas los martes, jueves","inLanguage":"es-ES","isPartOf":{"@id":"https:\/\/eldigitaldeasturias.com\/magazine365\/#website"},"breadcrumb":{"@id":"https:\/\/eldigitaldeasturias.com\/magazine365\/swiss-inaugura-en-julio-vuelos-entre-santiago-y-zurich\/#breadcrumblist"},"author":{"@id":"https:\/\/eldigitaldeasturias.com\/magazine365\/author\/admin\/#author"},"creator":{"@id":"https:\/\/eldigitaldeasturias.com\/magazine365\/author\/admin\/#author"},"image":{"@type":"ImageObject","url":"https:\/\/eldigitaldeasturias.com\/magazine365\/wp-content\/uploads\/2015\/06\/fotonoticia_20150624134354_800.jpg","@id":"https:\/\/eldigitaldeasturias.com\/magazine365\/swiss-inaugura-en-julio-vuelos-entre-santiago-y-zurich\/#mainImage","width":800,"height":532},"primaryImageOfPage":{"@id":"https:\/\/eldigitaldeasturias.com\/magazine365\/swiss-inaugura-en-julio-vuelos-entre-santiago-y-zurich\/#mainImage"},"datePublished":"2015-06-25T08:36:29+02:00","dateModified":"2015-06-25T08:36:29+02:00"},{"@type":"WebSite","@id":"https:\/\/eldigitaldeasturias.com\/magazine365\/#website","url":"https:\/\/eldigitaldeasturias.com\/magazine365\/","name":"El Digital de Asturias","description":"Revista de ocio, turismo y estilo de vida","inLanguage":"es-ES","publisher":{"@id":"https:\/\/eldigitaldeasturias.com\/magazine365\/#organization"}}]},"og:locale":"es_ES","og:site_name":"El Digital de Asturias \u2013 Revista de ocio, turismo y estilo de vida","og:type":"article","og:title":"Swiss inaugura en julio vuelos entre Santiago y Zurich | El Digital de Asturias","og:description":"Swiss International Air Lines inaugurar\u00e1 el pr\u00f3ximo 2 de julio, hasta el 24 de octubre, una nueva conexi\u00f3n entre Santiago de Compostela y Zurich con tres vuelos semanales. Seg\u00fan ha informado la compa\u00f1\u00eda, Swiss pondr\u00e1 tres vuelos semanales a disposici\u00f3n de los viajeros en Santiago durante los meses de verano, con salidas los martes, jueves","og:url":"https:\/\/eldigitaldeasturias.com\/magazine365\/swiss-inaugura-en-julio-vuelos-entre-santiago-y-zurich\/","og:image":"https:\/\/eldigitaldeasturias.com\/magazine365\/wp-content\/uploads\/2015\/06\/fotonoticia_20150624134354_800.jpg","og:image:secure_url":"https:\/\/eldigitaldeasturias.com\/magazine365\/wp-content\/uploads\/2015\/06\/fotonoticia_20150624134354_800.jpg","og:image:width":800,"og:image:height":532,"article:published_time":"2015-06-25T07:06:29+00:00","article:modified_time":"2015-06-25T07:06:29+00:00","twitter:card":"summary_large_image","twitter:title":"Swiss inaugura en julio vuelos entre Santiago y Zurich | El Digital de Asturias","twitter:description":"Swiss International Air Lines inaugurar\u00e1 el pr\u00f3ximo 2 de julio, hasta el 24 de octubre, una nueva conexi\u00f3n entre Santiago de Compostela y Zurich con tres vuelos semanales. Seg\u00fan ha informado la compa\u00f1\u00eda, Swiss pondr\u00e1 tres vuelos semanales a disposici\u00f3n de los viajeros en Santiago durante los meses de verano, con salidas los martes, jueves","twitter:image":"https:\/\/eldigitaldeasturias.com\/magazine365\/wp-content\/uploads\/2015\/06\/fotonoticia_20150624134354_800.jpg"},"aioseo_meta_data":{"post_id":"40874","title":null,"description":null,"keywords":null,"keyphrases":null,"primary_term":null,"canonical_url":null,"og_title":null,"og_description":null,"og_object_type":"default","og_image_type":"default","og_image_url":null,"og_image_width":null,"og_image_height":null,"og_image_custom_url":null,"og_image_custom_fields":null,"og_video":null,"og_custom_url":null,"og_article_section":null,"og_article_tags":null,"twitter_use_og":false,"twitter_card":"default","twitter_image_type":"default","twitter_image_url":null,"twitter_image_custom_url":null,"twitter_image_custom_fields":null,"twitter_title":null,"twitter_description":null,"schema":{"blockGraphs":[],"customGraphs":[],"default":{"data":{"Article":[],"Course":[],"Dataset":[],"FAQPage":[],"Movie":[],"Person":[],"Product":[],"ProductReview":[],"Car":[],"Recipe":[],"Service":[],"SoftwareApplication":[],"WebPage":[]},"graphName":"","isEnabled":true},"graphs":[],"defaultGraph":"","defaultPostTypeGraph":""},"schema_type":null,"schema_type_options":null,"pillar_content":false,"robots_default":true,"robots_noindex":false,"robots_noarchive":false,"robots_nosnippet":false,"robots_nofollow":false,"robots_noimageindex":false,"robots_noodp":false,"robots_notranslate":false,"robots_max_snippet":null,"robots_max_videopreview":null,"robots_max_imagepreview":"large","priority":null,"frequency":null,"location":null,"local_seo":null,"seo_analyzer_scan_date":"2025-09-19 14:32:16","breadcrumb_settings":null,"limit_modified_date":false,"open_ai":null,"ai":null,"created":"2021-03-09 02:22:40","updated":"2025-09-19 14:32:16"},"aioseo_breadcrumb":"<div class=\"aioseo-breadcrumbs\"><span class=\"aioseo-breadcrumb\">\n\t<a href=\"https:\/\/eldigitaldeasturias.com\/magazine365\" title=\"Home\">Home<\/a>\n<\/span><span class=\"aioseo-breadcrumb-separator\">\u2013<\/span><span class=\"aioseo-breadcrumb\">\n\t<a href=\"https:\/\/eldigitaldeasturias.com\/magazine365\/category\/actualidad-turismo\/\" title=\"Actualidad Turismo\">Actualidad Turismo<\/a>\n<\/span><span class=\"aioseo-breadcrumb-separator\">\u2013<\/span><span class=\"aioseo-breadcrumb\">\n\t<a href=\"https:\/\/eldigitaldeasturias.com\/magazine365\/swiss-inaugura-en-julio-vuelos-entre-santiago-y-zurich\/\" title=\"Swiss inaugura en julio vuelos entre Santiago y Zurich\">Swiss inaugura en julio vuelos entre Santiago y Zurich<\/a>\n<\/span><\/div>","aioseo_breadcrumb_json":[{"label":"Home","link":"https:\/\/eldigitaldeasturias.com\/magazine365"},{"label":"Actualidad Turismo","link":"https:\/\/eldigitaldeasturias.com\/magazine365\/category\/actualidad-turismo\/"},{"label":"Swiss inaugura en julio vuelos entre Santiago y Zurich","link":"https:\/\/eldigitaldeasturias.com\/magazine365\/swiss-inaugura-en-julio-vuelos-entre-santiago-y-zurich\/"}],"_links":{"self":[{"href":"https:\/\/eldigitaldeasturias.com\/magazine365\/wp-json\/wp\/v2\/posts\/40874","targetHints":{"allow":["GET"]}}],"collection":[{"href":"https:\/\/eldigitaldeasturias.com\/magazine365\/wp-json\/wp\/v2\/posts"}],"about":[{"href":"https:\/\/eldigitaldeasturias.com\/magazine365\/wp-json\/wp\/v2\/types\/post"}],"author":[{"embeddable":true,"href":"https:\/\/eldigitaldeasturias.com\/magazine365\/wp-json\/wp\/v2\/users\/1"}],"replies":[{"embeddable":true,"href":"https:\/\/eldigitaldeasturias.com\/magazine365\/wp-json\/wp\/v2\/comments?post=40874"}],"version-history":[{"count":0,"href":"https:\/\/eldigitaldeasturias.com\/magazine365\/wp-json\/wp\/v2\/posts\/40874\/revisions"}],"wp:featuredmedia":[{"embeddable":true,"href":"https:\/\/eldigitaldeasturias.com\/magazine365\/wp-json\/wp\/v2\/media\/40875"}],"wp:attachment":[{"href":"https:\/\/eldigitaldeasturias.com\/magazine365\/wp-json\/wp\/v2\/media?parent=40874"}],"wp:term":[{"taxonomy":"category","embeddable":true,"href":"https:\/\/eldigitaldeasturias.com\/magazine365\/wp-json\/wp\/v2\/categories?post=40874"},{"taxonomy":"post_tag","embeddable":true,"href":"https:\/\/eldigitaldeasturias.com\/magazine365\/wp-json\/wp\/v2\/tags?post=40874"}],"curies":[{"name":"wp","href":"https:\/\/api.w.org\/{rel}","templated":true}]}}