{"id":40871,"date":"2015-06-25T08:35:24","date_gmt":"2015-06-25T07:05:24","guid":{"rendered":"http:\/\/eldigitaldeasturias.com\/magazine365\/?p=40871"},"modified":"2015-06-25T08:35:24","modified_gmt":"2015-06-25T07:05:24","slug":"aernnova-fabricara-tres-secciones-del-fuselaje-del-beluga-xl-de-airbus","status":"publish","type":"post","link":"https:\/\/eldigitaldeasturias.com\/magazine365\/aernnova-fabricara-tres-secciones-del-fuselaje-del-beluga-xl-de-airbus\/","title":{"rendered":"Aernnova fabricar\u00e1 tres secciones del fuselaje del Beluga XL de Airbus"},"content":{"rendered":"<p><img fetchpriority=\"high\" decoding=\"async\" class=\"alignleft size-medium wp-image-40872\" src=\"https:\/\/eldigitaldeasturias.com\/magazine365\/wp-content\/uploads\/2015\/06\/fotonoticia_20150624134124_800-360x270.jpg\" alt=\"fotonoticia_20150624134124_800\" width=\"360\" height=\"270\" srcset=\"https:\/\/eldigitaldeasturias.com\/magazine365\/wp-content\/uploads\/2015\/06\/fotonoticia_20150624134124_800-360x270.jpg 360w, https:\/\/eldigitaldeasturias.com\/magazine365\/wp-content\/uploads\/2015\/06\/fotonoticia_20150624134124_800-650x488.jpg 650w, https:\/\/eldigitaldeasturias.com\/magazine365\/wp-content\/uploads\/2015\/06\/fotonoticia_20150624134124_800-768x576.jpg 768w, https:\/\/eldigitaldeasturias.com\/magazine365\/wp-content\/uploads\/2015\/06\/fotonoticia_20150624134124_800-150x113.jpg 150w, https:\/\/eldigitaldeasturias.com\/magazine365\/wp-content\/uploads\/2015\/06\/fotonoticia_20150624134124_800-450x338.jpg 450w, https:\/\/eldigitaldeasturias.com\/magazine365\/wp-content\/uploads\/2015\/06\/fotonoticia_20150624134124_800-80x60.jpg 80w, https:\/\/eldigitaldeasturias.com\/magazine365\/wp-content\/uploads\/2015\/06\/fotonoticia_20150624134124_800-265x198.jpg 265w, https:\/\/eldigitaldeasturias.com\/magazine365\/wp-content\/uploads\/2015\/06\/fotonoticia_20150624134124_800-696x522.jpg 696w, https:\/\/eldigitaldeasturias.com\/magazine365\/wp-content\/uploads\/2015\/06\/fotonoticia_20150624134124_800-560x420.jpg 560w, https:\/\/eldigitaldeasturias.com\/magazine365\/wp-content\/uploads\/2015\/06\/fotonoticia_20150624134124_800-90x67.jpg 90w, https:\/\/eldigitaldeasturias.com\/magazine365\/wp-content\/uploads\/2015\/06\/fotonoticia_20150624134124_800-100x75.jpg 100w, https:\/\/eldigitaldeasturias.com\/magazine365\/wp-content\/uploads\/2015\/06\/fotonoticia_20150624134124_800.jpg 800w\" sizes=\"(max-width: 360px) 100vw, 360px\" \/>La empresa aeron\u00e1utica Aernnova ha sido seleccionada entre los proveedores de estructuras para la fabricaci\u00f3n del Beluga XL, el nuevo avi\u00f3n de carga de gran tama\u00f1o de Airbus, que se prev\u00e9 entre en servicio en 2019.<\/p>\n<p>Concretamente, la firma espa\u00f1ola participar\u00e1n en el dise\u00f1o y construcci\u00f3n de tres secciones del fuselaje trasero del Beluga XL y asumir\u00e1 la fabricaci\u00f3n y montaje de las mismas, con una carga de trabajo equivalente a 50 empleos.<\/p>\n<p>Estas actividades requerir\u00e1n, seg\u00fan la firma espa\u00f1ola, m\u00e1s de 350.000 horas de ingenier\u00eda de producto con m\u00e1s de 100 ingenieros en los centros de \u00c1lava y Zamudio.<\/p>\n<p>Adem\u00e1s de Aernnova, entre los proveedores figuran Stelia Aerospace, seleccionada para dise\u00f1ar y construir la &#8216;nariz&#8217; del fuselaje, y la puerta de carga; Deharde en colaboraci\u00f3n con P3 Voith Aerospace, para dise\u00f1ar y fabricar el fuselaje de la bodega de carga y Aciturri, que se encargar\u00e1 del dise\u00f1o y construcci\u00f3n del estabilizador horizontal (HTP) y de las alas del avi\u00f3n.<\/p>\n<p>El avi\u00f3n Beluga se utiliza para transportar grandes componentes de aviones de Airbus para el montaje final de aeronaves y entr\u00f3 en servicio en 1996. En noviembre de 2014, se lanz\u00f3 una nueva versi\u00f3n, el Beluga XL, que mayores dimensiones, que los cinco actuales en funcionamiento.<\/p>\n<p>Gracias a sus seis metros de longitud y a un metro adicional de ancho permitir\u00e1 transportar dos alas del A350 XWB a la vez, el doble de capacidad que el modelo actual, y un 30% m\u00e1s de capacidad de carga.<\/p>\n<p>El primero de los cinco Beluga XL entrar\u00e1 en servicio en 2019. Se prev\u00e9 que hasta 2025 operen ambos modelos durante un periodo de transici\u00f3n hasta que el nuevo modelo sustituya por completo al actual.<\/p>\n","protected":false},"excerpt":{"rendered":"<p>La empresa aeron\u00e1utica Aernnova ha sido seleccionada entre los proveedores de estructuras para la fabricaci\u00f3n del Beluga XL, el nuevo avi\u00f3n de carga de gran tama\u00f1o de Airbus, que se prev\u00e9 entre en servicio en 2019. Concretamente, la firma espa\u00f1ola participar\u00e1n en el dise\u00f1o y construcci\u00f3n de tres secciones del fuselaje trasero del Beluga XL<\/p>\n","protected":false},"author":1,"featured_media":40872,"comment_status":"open","ping_status":"closed","sticky":false,"template":"","format":"standard","meta":{"footnotes":""},"categories":[224],"tags":[],"class_list":{"0":"post-40871","1":"post","2":"type-post","3":"status-publish","4":"format-standard","5":"has-post-thumbnail","7":"category-noticias-actualidad"},"aioseo_notices":[],"aioseo_head":"\n\t\t<!-- All in One SEO Pro 4.9.6.1 - aioseo.com -->\n\t<meta name=\"description\" content=\"La empresa aeron\u00e1utica Aernnova ha sido seleccionada entre los proveedores de estructuras para la fabricaci\u00f3n del Beluga XL, el nuevo avi\u00f3n de carga de gran tama\u00f1o de Airbus, que se prev\u00e9 entre en servicio en 2019. Concretamente, la firma espa\u00f1ola participar\u00e1n en el dise\u00f1o y construcci\u00f3n de tres secciones del fuselaje trasero del Beluga XL\" \/>\n\t<meta name=\"robots\" content=\"max-image-preview:large\" \/>\n\t<meta name=\"author\" content=\"admin\"\/>\n\t<meta name=\"google-site-verification\" content=\"UA-38556648-1\" \/>\n\t<meta name=\"keywords\" content=\"noticias y actualidad\" \/>\n\t<link rel=\"canonical\" href=\"https:\/\/eldigitaldeasturias.com\/magazine365\/aernnova-fabricara-tres-secciones-del-fuselaje-del-beluga-xl-de-airbus\/\" \/>\n\t<meta name=\"generator\" content=\"All in One SEO Pro (AIOSEO) 4.9.6.1\" \/>\n\t\t<meta property=\"og:locale\" content=\"es_ES\" \/>\n\t\t<meta property=\"og:site_name\" content=\"El Digital de Asturias \u2013 Revista de ocio, turismo y estilo de vida\" \/>\n\t\t<meta property=\"og:type\" content=\"article\" \/>\n\t\t<meta property=\"og:title\" content=\"Aernnova fabricar\u00e1 tres secciones del fuselaje del Beluga XL de Airbus | El Digital de Asturias\" \/>\n\t\t<meta property=\"og:description\" content=\"La empresa aeron\u00e1utica Aernnova ha sido seleccionada entre los proveedores de estructuras para la fabricaci\u00f3n del Beluga XL, el nuevo avi\u00f3n de carga de gran tama\u00f1o de Airbus, que se prev\u00e9 entre en servicio en 2019. Concretamente, la firma espa\u00f1ola participar\u00e1n en el dise\u00f1o y construcci\u00f3n de tres secciones del fuselaje trasero del Beluga XL\" \/>\n\t\t<meta property=\"og:url\" content=\"https:\/\/eldigitaldeasturias.com\/magazine365\/aernnova-fabricara-tres-secciones-del-fuselaje-del-beluga-xl-de-airbus\/\" \/>\n\t\t<meta property=\"og:image\" content=\"https:\/\/eldigitaldeasturias.com\/magazine365\/wp-content\/uploads\/2015\/06\/fotonoticia_20150624134124_800.jpg\" \/>\n\t\t<meta property=\"og:image:secure_url\" content=\"https:\/\/eldigitaldeasturias.com\/magazine365\/wp-content\/uploads\/2015\/06\/fotonoticia_20150624134124_800.jpg\" \/>\n\t\t<meta property=\"og:image:width\" content=\"800\" \/>\n\t\t<meta property=\"og:image:height\" content=\"600\" \/>\n\t\t<meta property=\"article:published_time\" content=\"2015-06-25T07:05:24+00:00\" \/>\n\t\t<meta property=\"article:modified_time\" content=\"2015-06-25T07:05:24+00:00\" \/>\n\t\t<meta name=\"twitter:card\" content=\"summary_large_image\" \/>\n\t\t<meta name=\"twitter:title\" content=\"Aernnova fabricar\u00e1 tres secciones del fuselaje del Beluga XL de Airbus | El Digital de Asturias\" \/>\n\t\t<meta name=\"twitter:description\" content=\"La empresa aeron\u00e1utica Aernnova ha sido seleccionada entre los proveedores de estructuras para la fabricaci\u00f3n del Beluga XL, el nuevo avi\u00f3n de carga de gran tama\u00f1o de Airbus, que se prev\u00e9 entre en servicio en 2019. Concretamente, la firma espa\u00f1ola participar\u00e1n en el dise\u00f1o y construcci\u00f3n de tres secciones del fuselaje trasero del Beluga XL\" \/>\n\t\t<meta name=\"twitter:image\" content=\"https:\/\/eldigitaldeasturias.com\/magazine365\/wp-content\/uploads\/2015\/06\/fotonoticia_20150624134124_800.jpg\" \/>\n\t\t<script type=\"application\/ld+json\" class=\"aioseo-schema\">\n\t\t\t{\"@context\":\"https:\\\/\\\/schema.org\",\"@graph\":[{\"@type\":\"Article\",\"@id\":\"https:\\\/\\\/eldigitaldeasturias.com\\\/magazine365\\\/aernnova-fabricara-tres-secciones-del-fuselaje-del-beluga-xl-de-airbus\\\/#article\",\"name\":\"Aernnova fabricar\\u00e1 tres secciones del fuselaje del Beluga XL de Airbus | El Digital de Asturias\",\"headline\":\"Aernnova fabricar\\u00e1 tres secciones del fuselaje del Beluga XL de Airbus\",\"author\":{\"@id\":\"https:\\\/\\\/eldigitaldeasturias.com\\\/magazine365\\\/author\\\/admin\\\/#author\"},\"publisher\":{\"@id\":\"https:\\\/\\\/eldigitaldeasturias.com\\\/magazine365\\\/#organization\"},\"image\":{\"@type\":\"ImageObject\",\"url\":\"https:\\\/\\\/eldigitaldeasturias.com\\\/magazine365\\\/wp-content\\\/uploads\\\/2015\\\/06\\\/fotonoticia_20150624134124_800.jpg\",\"width\":800,\"height\":600},\"datePublished\":\"2015-06-25T08:35:24+02:00\",\"dateModified\":\"2015-06-25T08:35:24+02:00\",\"inLanguage\":\"es-ES\",\"mainEntityOfPage\":{\"@id\":\"https:\\\/\\\/eldigitaldeasturias.com\\\/magazine365\\\/aernnova-fabricara-tres-secciones-del-fuselaje-del-beluga-xl-de-airbus\\\/#webpage\"},\"isPartOf\":{\"@id\":\"https:\\\/\\\/eldigitaldeasturias.com\\\/magazine365\\\/aernnova-fabricara-tres-secciones-del-fuselaje-del-beluga-xl-de-airbus\\\/#webpage\"},\"articleSection\":\"Noticias y Actualidad\"},{\"@type\":\"BreadcrumbList\",\"@id\":\"https:\\\/\\\/eldigitaldeasturias.com\\\/magazine365\\\/aernnova-fabricara-tres-secciones-del-fuselaje-del-beluga-xl-de-airbus\\\/#breadcrumblist\",\"itemListElement\":[{\"@type\":\"ListItem\",\"@id\":\"https:\\\/\\\/eldigitaldeasturias.com\\\/magazine365#listItem\",\"position\":1,\"name\":\"Home\",\"item\":\"https:\\\/\\\/eldigitaldeasturias.com\\\/magazine365\",\"nextItem\":{\"@type\":\"ListItem\",\"@id\":\"https:\\\/\\\/eldigitaldeasturias.com\\\/magazine365\\\/category\\\/noticias-actualidad\\\/#listItem\",\"name\":\"Noticias y Actualidad\"}},{\"@type\":\"ListItem\",\"@id\":\"https:\\\/\\\/eldigitaldeasturias.com\\\/magazine365\\\/category\\\/noticias-actualidad\\\/#listItem\",\"position\":2,\"name\":\"Noticias y Actualidad\",\"item\":\"https:\\\/\\\/eldigitaldeasturias.com\\\/magazine365\\\/category\\\/noticias-actualidad\\\/\",\"nextItem\":{\"@type\":\"ListItem\",\"@id\":\"https:\\\/\\\/eldigitaldeasturias.com\\\/magazine365\\\/aernnova-fabricara-tres-secciones-del-fuselaje-del-beluga-xl-de-airbus\\\/#listItem\",\"name\":\"Aernnova fabricar\\u00e1 tres secciones del fuselaje del Beluga XL de Airbus\"},\"previousItem\":{\"@type\":\"ListItem\",\"@id\":\"https:\\\/\\\/eldigitaldeasturias.com\\\/magazine365#listItem\",\"name\":\"Home\"}},{\"@type\":\"ListItem\",\"@id\":\"https:\\\/\\\/eldigitaldeasturias.com\\\/magazine365\\\/aernnova-fabricara-tres-secciones-del-fuselaje-del-beluga-xl-de-airbus\\\/#listItem\",\"position\":3,\"name\":\"Aernnova fabricar\\u00e1 tres secciones del fuselaje del Beluga XL de Airbus\",\"previousItem\":{\"@type\":\"ListItem\",\"@id\":\"https:\\\/\\\/eldigitaldeasturias.com\\\/magazine365\\\/category\\\/noticias-actualidad\\\/#listItem\",\"name\":\"Noticias y Actualidad\"}}]},{\"@type\":\"Organization\",\"@id\":\"https:\\\/\\\/eldigitaldeasturias.com\\\/magazine365\\\/#organization\",\"name\":\"El digital de Asturias\",\"description\":\"Revista de ocio, turismo y estilo de vida\",\"url\":\"https:\\\/\\\/eldigitaldeasturias.com\\\/magazine365\\\/\",\"logo\":{\"@type\":\"ImageObject\",\"url\":\"https:\\\/\\\/www.eldigitaldeasturias.com\\\/noticias\\\/wp-content\\\/uploads\\\/2020\\\/12\\\/EDA.jpg\",\"@id\":\"https:\\\/\\\/eldigitaldeasturias.com\\\/magazine365\\\/aernnova-fabricara-tres-secciones-del-fuselaje-del-beluga-xl-de-airbus\\\/#organizationLogo\"},\"image\":{\"@id\":\"https:\\\/\\\/eldigitaldeasturias.com\\\/magazine365\\\/aernnova-fabricara-tres-secciones-del-fuselaje-del-beluga-xl-de-airbus\\\/#organizationLogo\"}},{\"@type\":\"Person\",\"@id\":\"https:\\\/\\\/eldigitaldeasturias.com\\\/magazine365\\\/author\\\/admin\\\/#author\",\"url\":\"https:\\\/\\\/eldigitaldeasturias.com\\\/magazine365\\\/author\\\/admin\\\/\",\"name\":\"admin\",\"image\":{\"@type\":\"ImageObject\",\"@id\":\"https:\\\/\\\/eldigitaldeasturias.com\\\/magazine365\\\/aernnova-fabricara-tres-secciones-del-fuselaje-del-beluga-xl-de-airbus\\\/#authorImage\",\"url\":\"https:\\\/\\\/eldigitaldeasturias.com\\\/magazine365\\\/wp-content\\\/litespeed\\\/avatar\\\/e571bcf59a0edd6fa6838245a470f2fe.jpg?ver=1777574230\",\"width\":96,\"height\":96,\"caption\":\"admin\"}},{\"@type\":\"WebPage\",\"@id\":\"https:\\\/\\\/eldigitaldeasturias.com\\\/magazine365\\\/aernnova-fabricara-tres-secciones-del-fuselaje-del-beluga-xl-de-airbus\\\/#webpage\",\"url\":\"https:\\\/\\\/eldigitaldeasturias.com\\\/magazine365\\\/aernnova-fabricara-tres-secciones-del-fuselaje-del-beluga-xl-de-airbus\\\/\",\"name\":\"Aernnova fabricar\\u00e1 tres secciones del fuselaje del Beluga XL de Airbus | El Digital de Asturias\",\"description\":\"La empresa aeron\\u00e1utica Aernnova ha sido seleccionada entre los proveedores de estructuras para la fabricaci\\u00f3n del Beluga XL, el nuevo avi\\u00f3n de carga de gran tama\\u00f1o de Airbus, que se prev\\u00e9 entre en servicio en 2019. Concretamente, la firma espa\\u00f1ola participar\\u00e1n en el dise\\u00f1o y construcci\\u00f3n de tres secciones del fuselaje trasero del Beluga XL\",\"inLanguage\":\"es-ES\",\"isPartOf\":{\"@id\":\"https:\\\/\\\/eldigitaldeasturias.com\\\/magazine365\\\/#website\"},\"breadcrumb\":{\"@id\":\"https:\\\/\\\/eldigitaldeasturias.com\\\/magazine365\\\/aernnova-fabricara-tres-secciones-del-fuselaje-del-beluga-xl-de-airbus\\\/#breadcrumblist\"},\"author\":{\"@id\":\"https:\\\/\\\/eldigitaldeasturias.com\\\/magazine365\\\/author\\\/admin\\\/#author\"},\"creator\":{\"@id\":\"https:\\\/\\\/eldigitaldeasturias.com\\\/magazine365\\\/author\\\/admin\\\/#author\"},\"image\":{\"@type\":\"ImageObject\",\"url\":\"https:\\\/\\\/eldigitaldeasturias.com\\\/magazine365\\\/wp-content\\\/uploads\\\/2015\\\/06\\\/fotonoticia_20150624134124_800.jpg\",\"@id\":\"https:\\\/\\\/eldigitaldeasturias.com\\\/magazine365\\\/aernnova-fabricara-tres-secciones-del-fuselaje-del-beluga-xl-de-airbus\\\/#mainImage\",\"width\":800,\"height\":600},\"primaryImageOfPage\":{\"@id\":\"https:\\\/\\\/eldigitaldeasturias.com\\\/magazine365\\\/aernnova-fabricara-tres-secciones-del-fuselaje-del-beluga-xl-de-airbus\\\/#mainImage\"},\"datePublished\":\"2015-06-25T08:35:24+02:00\",\"dateModified\":\"2015-06-25T08:35:24+02:00\"},{\"@type\":\"WebSite\",\"@id\":\"https:\\\/\\\/eldigitaldeasturias.com\\\/magazine365\\\/#website\",\"url\":\"https:\\\/\\\/eldigitaldeasturias.com\\\/magazine365\\\/\",\"name\":\"El Digital de Asturias\",\"description\":\"Revista de ocio, turismo y estilo de vida\",\"inLanguage\":\"es-ES\",\"publisher\":{\"@id\":\"https:\\\/\\\/eldigitaldeasturias.com\\\/magazine365\\\/#organization\"}}]}\n\t\t<\/script>\n\t\t<!-- All in One SEO Pro -->\r\n\t\t<title>Aernnova fabricar\u00e1 tres secciones del fuselaje del Beluga XL de Airbus | El Digital de Asturias<\/title>\n\n","aioseo_head_json":{"title":"Aernnova fabricar\u00e1 tres secciones del fuselaje del Beluga XL de Airbus | El Digital de Asturias","description":"La empresa aeron\u00e1utica Aernnova ha sido seleccionada entre los proveedores de estructuras para la fabricaci\u00f3n del Beluga XL, el nuevo avi\u00f3n de carga de gran tama\u00f1o de Airbus, que se prev\u00e9 entre en servicio en 2019. Concretamente, la firma espa\u00f1ola participar\u00e1n en el dise\u00f1o y construcci\u00f3n de tres secciones del fuselaje trasero del Beluga XL","canonical_url":"https:\/\/eldigitaldeasturias.com\/magazine365\/aernnova-fabricara-tres-secciones-del-fuselaje-del-beluga-xl-de-airbus\/","robots":"max-image-preview:large","keywords":"noticias y actualidad","webmasterTools":{"google-site-verification":"UA-38556648-1","miscellaneous":""},"schema":{"@context":"https:\/\/schema.org","@graph":[{"@type":"Article","@id":"https:\/\/eldigitaldeasturias.com\/magazine365\/aernnova-fabricara-tres-secciones-del-fuselaje-del-beluga-xl-de-airbus\/#article","name":"Aernnova fabricar\u00e1 tres secciones del fuselaje del Beluga XL de Airbus | El Digital de Asturias","headline":"Aernnova fabricar\u00e1 tres secciones del fuselaje del Beluga XL de Airbus","author":{"@id":"https:\/\/eldigitaldeasturias.com\/magazine365\/author\/admin\/#author"},"publisher":{"@id":"https:\/\/eldigitaldeasturias.com\/magazine365\/#organization"},"image":{"@type":"ImageObject","url":"https:\/\/eldigitaldeasturias.com\/magazine365\/wp-content\/uploads\/2015\/06\/fotonoticia_20150624134124_800.jpg","width":800,"height":600},"datePublished":"2015-06-25T08:35:24+02:00","dateModified":"2015-06-25T08:35:24+02:00","inLanguage":"es-ES","mainEntityOfPage":{"@id":"https:\/\/eldigitaldeasturias.com\/magazine365\/aernnova-fabricara-tres-secciones-del-fuselaje-del-beluga-xl-de-airbus\/#webpage"},"isPartOf":{"@id":"https:\/\/eldigitaldeasturias.com\/magazine365\/aernnova-fabricara-tres-secciones-del-fuselaje-del-beluga-xl-de-airbus\/#webpage"},"articleSection":"Noticias y Actualidad"},{"@type":"BreadcrumbList","@id":"https:\/\/eldigitaldeasturias.com\/magazine365\/aernnova-fabricara-tres-secciones-del-fuselaje-del-beluga-xl-de-airbus\/#breadcrumblist","itemListElement":[{"@type":"ListItem","@id":"https:\/\/eldigitaldeasturias.com\/magazine365#listItem","position":1,"name":"Home","item":"https:\/\/eldigitaldeasturias.com\/magazine365","nextItem":{"@type":"ListItem","@id":"https:\/\/eldigitaldeasturias.com\/magazine365\/category\/noticias-actualidad\/#listItem","name":"Noticias y Actualidad"}},{"@type":"ListItem","@id":"https:\/\/eldigitaldeasturias.com\/magazine365\/category\/noticias-actualidad\/#listItem","position":2,"name":"Noticias y Actualidad","item":"https:\/\/eldigitaldeasturias.com\/magazine365\/category\/noticias-actualidad\/","nextItem":{"@type":"ListItem","@id":"https:\/\/eldigitaldeasturias.com\/magazine365\/aernnova-fabricara-tres-secciones-del-fuselaje-del-beluga-xl-de-airbus\/#listItem","name":"Aernnova fabricar\u00e1 tres secciones del fuselaje del Beluga XL de Airbus"},"previousItem":{"@type":"ListItem","@id":"https:\/\/eldigitaldeasturias.com\/magazine365#listItem","name":"Home"}},{"@type":"ListItem","@id":"https:\/\/eldigitaldeasturias.com\/magazine365\/aernnova-fabricara-tres-secciones-del-fuselaje-del-beluga-xl-de-airbus\/#listItem","position":3,"name":"Aernnova fabricar\u00e1 tres secciones del fuselaje del Beluga XL de Airbus","previousItem":{"@type":"ListItem","@id":"https:\/\/eldigitaldeasturias.com\/magazine365\/category\/noticias-actualidad\/#listItem","name":"Noticias y Actualidad"}}]},{"@type":"Organization","@id":"https:\/\/eldigitaldeasturias.com\/magazine365\/#organization","name":"El digital de Asturias","description":"Revista de ocio, turismo y estilo de vida","url":"https:\/\/eldigitaldeasturias.com\/magazine365\/","logo":{"@type":"ImageObject","url":"https:\/\/www.eldigitaldeasturias.com\/noticias\/wp-content\/uploads\/2020\/12\/EDA.jpg","@id":"https:\/\/eldigitaldeasturias.com\/magazine365\/aernnova-fabricara-tres-secciones-del-fuselaje-del-beluga-xl-de-airbus\/#organizationLogo"},"image":{"@id":"https:\/\/eldigitaldeasturias.com\/magazine365\/aernnova-fabricara-tres-secciones-del-fuselaje-del-beluga-xl-de-airbus\/#organizationLogo"}},{"@type":"Person","@id":"https:\/\/eldigitaldeasturias.com\/magazine365\/author\/admin\/#author","url":"https:\/\/eldigitaldeasturias.com\/magazine365\/author\/admin\/","name":"admin","image":{"@type":"ImageObject","@id":"https:\/\/eldigitaldeasturias.com\/magazine365\/aernnova-fabricara-tres-secciones-del-fuselaje-del-beluga-xl-de-airbus\/#authorImage","url":"https:\/\/eldigitaldeasturias.com\/magazine365\/wp-content\/litespeed\/avatar\/e571bcf59a0edd6fa6838245a470f2fe.jpg?ver=1777574230","width":96,"height":96,"caption":"admin"}},{"@type":"WebPage","@id":"https:\/\/eldigitaldeasturias.com\/magazine365\/aernnova-fabricara-tres-secciones-del-fuselaje-del-beluga-xl-de-airbus\/#webpage","url":"https:\/\/eldigitaldeasturias.com\/magazine365\/aernnova-fabricara-tres-secciones-del-fuselaje-del-beluga-xl-de-airbus\/","name":"Aernnova fabricar\u00e1 tres secciones del fuselaje del Beluga XL de Airbus | El Digital de Asturias","description":"La empresa aeron\u00e1utica Aernnova ha sido seleccionada entre los proveedores de estructuras para la fabricaci\u00f3n del Beluga XL, el nuevo avi\u00f3n de carga de gran tama\u00f1o de Airbus, que se prev\u00e9 entre en servicio en 2019. Concretamente, la firma espa\u00f1ola participar\u00e1n en el dise\u00f1o y construcci\u00f3n de tres secciones del fuselaje trasero del Beluga XL","inLanguage":"es-ES","isPartOf":{"@id":"https:\/\/eldigitaldeasturias.com\/magazine365\/#website"},"breadcrumb":{"@id":"https:\/\/eldigitaldeasturias.com\/magazine365\/aernnova-fabricara-tres-secciones-del-fuselaje-del-beluga-xl-de-airbus\/#breadcrumblist"},"author":{"@id":"https:\/\/eldigitaldeasturias.com\/magazine365\/author\/admin\/#author"},"creator":{"@id":"https:\/\/eldigitaldeasturias.com\/magazine365\/author\/admin\/#author"},"image":{"@type":"ImageObject","url":"https:\/\/eldigitaldeasturias.com\/magazine365\/wp-content\/uploads\/2015\/06\/fotonoticia_20150624134124_800.jpg","@id":"https:\/\/eldigitaldeasturias.com\/magazine365\/aernnova-fabricara-tres-secciones-del-fuselaje-del-beluga-xl-de-airbus\/#mainImage","width":800,"height":600},"primaryImageOfPage":{"@id":"https:\/\/eldigitaldeasturias.com\/magazine365\/aernnova-fabricara-tres-secciones-del-fuselaje-del-beluga-xl-de-airbus\/#mainImage"},"datePublished":"2015-06-25T08:35:24+02:00","dateModified":"2015-06-25T08:35:24+02:00"},{"@type":"WebSite","@id":"https:\/\/eldigitaldeasturias.com\/magazine365\/#website","url":"https:\/\/eldigitaldeasturias.com\/magazine365\/","name":"El Digital de Asturias","description":"Revista de ocio, turismo y estilo de vida","inLanguage":"es-ES","publisher":{"@id":"https:\/\/eldigitaldeasturias.com\/magazine365\/#organization"}}]},"og:locale":"es_ES","og:site_name":"El Digital de Asturias \u2013 Revista de ocio, turismo y estilo de vida","og:type":"article","og:title":"Aernnova fabricar\u00e1 tres secciones del fuselaje del Beluga XL de Airbus | El Digital de Asturias","og:description":"La empresa aeron\u00e1utica Aernnova ha sido seleccionada entre los proveedores de estructuras para la fabricaci\u00f3n del Beluga XL, el nuevo avi\u00f3n de carga de gran tama\u00f1o de Airbus, que se prev\u00e9 entre en servicio en 2019. Concretamente, la firma espa\u00f1ola participar\u00e1n en el dise\u00f1o y construcci\u00f3n de tres secciones del fuselaje trasero del Beluga XL","og:url":"https:\/\/eldigitaldeasturias.com\/magazine365\/aernnova-fabricara-tres-secciones-del-fuselaje-del-beluga-xl-de-airbus\/","og:image":"https:\/\/eldigitaldeasturias.com\/magazine365\/wp-content\/uploads\/2015\/06\/fotonoticia_20150624134124_800.jpg","og:image:secure_url":"https:\/\/eldigitaldeasturias.com\/magazine365\/wp-content\/uploads\/2015\/06\/fotonoticia_20150624134124_800.jpg","og:image:width":800,"og:image:height":600,"article:published_time":"2015-06-25T07:05:24+00:00","article:modified_time":"2015-06-25T07:05:24+00:00","twitter:card":"summary_large_image","twitter:title":"Aernnova fabricar\u00e1 tres secciones del fuselaje del Beluga XL de Airbus | El Digital de Asturias","twitter:description":"La empresa aeron\u00e1utica Aernnova ha sido seleccionada entre los proveedores de estructuras para la fabricaci\u00f3n del Beluga XL, el nuevo avi\u00f3n de carga de gran tama\u00f1o de Airbus, que se prev\u00e9 entre en servicio en 2019. Concretamente, la firma espa\u00f1ola participar\u00e1n en el dise\u00f1o y construcci\u00f3n de tres secciones del fuselaje trasero del Beluga XL","twitter:image":"https:\/\/eldigitaldeasturias.com\/magazine365\/wp-content\/uploads\/2015\/06\/fotonoticia_20150624134124_800.jpg"},"aioseo_meta_data":{"post_id":"40871","title":null,"description":null,"keywords":null,"keyphrases":null,"primary_term":null,"canonical_url":null,"og_title":null,"og_description":null,"og_object_type":"default","og_image_type":"default","og_image_url":null,"og_image_width":null,"og_image_height":null,"og_image_custom_url":null,"og_image_custom_fields":null,"og_video":null,"og_custom_url":null,"og_article_section":null,"og_article_tags":null,"twitter_use_og":false,"twitter_card":"default","twitter_image_type":"default","twitter_image_url":null,"twitter_image_custom_url":null,"twitter_image_custom_fields":null,"twitter_title":null,"twitter_description":null,"schema":{"blockGraphs":[],"customGraphs":[],"default":{"data":{"Article":[],"Course":[],"Dataset":[],"FAQPage":[],"Movie":[],"Person":[],"Product":[],"ProductReview":[],"Car":[],"Recipe":[],"Service":[],"SoftwareApplication":[],"WebPage":[]},"graphName":"","isEnabled":true},"graphs":[],"defaultGraph":"","defaultPostTypeGraph":""},"schema_type":null,"schema_type_options":null,"pillar_content":false,"robots_default":true,"robots_noindex":false,"robots_noarchive":false,"robots_nosnippet":false,"robots_nofollow":false,"robots_noimageindex":false,"robots_noodp":false,"robots_notranslate":false,"robots_max_snippet":null,"robots_max_videopreview":null,"robots_max_imagepreview":"large","priority":null,"frequency":null,"location":null,"local_seo":null,"seo_analyzer_scan_date":"2025-09-19 14:32:15","breadcrumb_settings":null,"limit_modified_date":false,"open_ai":null,"ai":null,"created":"2021-03-09 02:22:40","updated":"2025-09-19 14:32:15"},"aioseo_breadcrumb":"<div class=\"aioseo-breadcrumbs\"><span class=\"aioseo-breadcrumb\">\n\t<a href=\"https:\/\/eldigitaldeasturias.com\/magazine365\" title=\"Home\">Home<\/a>\n<\/span><span class=\"aioseo-breadcrumb-separator\">\u2013<\/span><span class=\"aioseo-breadcrumb\">\n\t<a href=\"https:\/\/eldigitaldeasturias.com\/magazine365\/category\/noticias-actualidad\/\" title=\"Noticias y Actualidad\">Noticias y Actualidad<\/a>\n<\/span><span class=\"aioseo-breadcrumb-separator\">\u2013<\/span><span class=\"aioseo-breadcrumb\">\n\t<a href=\"https:\/\/eldigitaldeasturias.com\/magazine365\/aernnova-fabricara-tres-secciones-del-fuselaje-del-beluga-xl-de-airbus\/\" title=\"Aernnova fabricar\u00e1 tres secciones del fuselaje del Beluga XL de Airbus\">Aernnova fabricar\u00e1 tres secciones del fuselaje del Beluga XL de Airbus<\/a>\n<\/span><\/div>","aioseo_breadcrumb_json":[{"label":"Home","link":"https:\/\/eldigitaldeasturias.com\/magazine365"},{"label":"Noticias y Actualidad","link":"https:\/\/eldigitaldeasturias.com\/magazine365\/category\/noticias-actualidad\/"},{"label":"Aernnova fabricar\u00e1 tres secciones del fuselaje del Beluga XL de Airbus","link":"https:\/\/eldigitaldeasturias.com\/magazine365\/aernnova-fabricara-tres-secciones-del-fuselaje-del-beluga-xl-de-airbus\/"}],"_links":{"self":[{"href":"https:\/\/eldigitaldeasturias.com\/magazine365\/wp-json\/wp\/v2\/posts\/40871","targetHints":{"allow":["GET"]}}],"collection":[{"href":"https:\/\/eldigitaldeasturias.com\/magazine365\/wp-json\/wp\/v2\/posts"}],"about":[{"href":"https:\/\/eldigitaldeasturias.com\/magazine365\/wp-json\/wp\/v2\/types\/post"}],"author":[{"embeddable":true,"href":"https:\/\/eldigitaldeasturias.com\/magazine365\/wp-json\/wp\/v2\/users\/1"}],"replies":[{"embeddable":true,"href":"https:\/\/eldigitaldeasturias.com\/magazine365\/wp-json\/wp\/v2\/comments?post=40871"}],"version-history":[{"count":0,"href":"https:\/\/eldigitaldeasturias.com\/magazine365\/wp-json\/wp\/v2\/posts\/40871\/revisions"}],"wp:featuredmedia":[{"embeddable":true,"href":"https:\/\/eldigitaldeasturias.com\/magazine365\/wp-json\/wp\/v2\/media\/40872"}],"wp:attachment":[{"href":"https:\/\/eldigitaldeasturias.com\/magazine365\/wp-json\/wp\/v2\/media?parent=40871"}],"wp:term":[{"taxonomy":"category","embeddable":true,"href":"https:\/\/eldigitaldeasturias.com\/magazine365\/wp-json\/wp\/v2\/categories?post=40871"},{"taxonomy":"post_tag","embeddable":true,"href":"https:\/\/eldigitaldeasturias.com\/magazine365\/wp-json\/wp\/v2\/tags?post=40871"}],"curies":[{"name":"wp","href":"https:\/\/api.w.org\/{rel}","templated":true}]}}