{"id":40862,"date":"2015-06-24T17:05:28","date_gmt":"2015-06-24T15:35:28","guid":{"rendered":"http:\/\/eldigitaldeasturias.com\/magazine365\/?p=40862"},"modified":"2015-06-24T17:05:28","modified_gmt":"2015-06-24T15:35:28","slug":"las-piscinas-naturales-del-valle-del-jerte-listas-para-el-verano","status":"publish","type":"post","link":"https:\/\/eldigitaldeasturias.com\/magazine365\/las-piscinas-naturales-del-valle-del-jerte-listas-para-el-verano\/","title":{"rendered":"Las piscinas naturales del Valle del Jerte listas para el verano"},"content":{"rendered":"<p><img fetchpriority=\"high\" decoding=\"async\" class=\"alignleft size-medium wp-image-40863\" src=\"https:\/\/eldigitaldeasturias.com\/magazine365\/wp-content\/uploads\/2015\/06\/fotonoticia_20150624130438_800-360x241.jpg\" alt=\"fotonoticia_20150624130438_800\" width=\"360\" height=\"241\" srcset=\"https:\/\/eldigitaldeasturias.com\/magazine365\/wp-content\/uploads\/2015\/06\/fotonoticia_20150624130438_800-360x241.jpg 360w, https:\/\/eldigitaldeasturias.com\/magazine365\/wp-content\/uploads\/2015\/06\/fotonoticia_20150624130438_800-650x435.jpg 650w, https:\/\/eldigitaldeasturias.com\/magazine365\/wp-content\/uploads\/2015\/06\/fotonoticia_20150624130438_800-768x514.jpg 768w, https:\/\/eldigitaldeasturias.com\/magazine365\/wp-content\/uploads\/2015\/06\/fotonoticia_20150624130438_800-150x100.jpg 150w, https:\/\/eldigitaldeasturias.com\/magazine365\/wp-content\/uploads\/2015\/06\/fotonoticia_20150624130438_800-450x301.jpg 450w, https:\/\/eldigitaldeasturias.com\/magazine365\/wp-content\/uploads\/2015\/06\/fotonoticia_20150624130438_800-696x465.jpg 696w, https:\/\/eldigitaldeasturias.com\/magazine365\/wp-content\/uploads\/2015\/06\/fotonoticia_20150624130438_800-628x420.jpg 628w, https:\/\/eldigitaldeasturias.com\/magazine365\/wp-content\/uploads\/2015\/06\/fotonoticia_20150624130438_800-84x55.jpg 84w, https:\/\/eldigitaldeasturias.com\/magazine365\/wp-content\/uploads\/2015\/06\/fotonoticia_20150624130438_800.jpg 800w\" sizes=\"(max-width: 360px) 100vw, 360px\" \/>La \u00abpr\u00e1ctica totalidad\u00bb de las piscinas naturales y las gargantas del Valle del Jerte ya est\u00e1n habilitadas y en funcionamiento para la temporada de ba\u00f1os de este a\u00f1o.<\/p>\n<p>Adem\u00e1s, algunos de los chiringuitos repartidos por estas zonas ya se encuentran tambi\u00e9n en funcionamiento, mientras que otros abrir\u00e1n \u00aba lo largo de la pr\u00f3xima semana\u00bb.<\/p>\n<p>Entre las piscinas naturales ubicadas en el r\u00edo Jerte destacan charcos \u00abtan populares\u00bb como &#8216;Los Pingueros&#8217;, en Tornavacas; el &#8216;Nogal\u00f3n&#8217; o &#8216;la Tener\u00eda&#8217;, en Jerte; o &#8216;La Pesquerona&#8217;, &#8216;El Sim\u00f3n&#8217;, &#8216;La Picaza&#8217; o &#8216;El Vao&#8217;, en Cabezuela del Valle.<\/p>\n<p>Tambi\u00e9n est\u00e1n en funcionamiento las piscinas naturales de &#8216;El Pilar&#8217; y &#8216;El Cristo&#8217;, en Navaconcejo, y los charcos de Rebollar o &#8216;El Benidorm&#8217;, en Casas del Casta\u00f1ar, seg\u00fan ha informado la Oficina de Turismo del Valle del Jerte en nota de prensa.<\/p>\n<p>En cuanto a las zonas de ba\u00f1o habilitadas en gargantas hay que se\u00f1alar las de la Garganta Rabanillo, en el municipio de Cabrero; la piscina natural de Valdastillas en la Garganta Bonal; los charcos en la garganta de las Nogaleas, de Navaconcejo; o la piscina natural de &#8216;Las Camellas&#8217; en Barrado.<\/p>\n<p>A estas gargantas hay que sumar la piscina natural en la Garganta del Lugar, en El Torno, que adem\u00e1s ha sido reformada \u00abrecientemente\u00bb y que es conocida como &#8216;Los Pozos&#8217;.<\/p>\n<p>En el caso de las piscinas municipales existentes en diferentes municipios como Barrado, Casas del Casta\u00f1ar, Jerte, Tornavacas, El Torno, Piornal y Valdastillas, \u00e9stas estar\u00e1n abiertas \u00abpara primeros de julio\u00bb, y los servicios de dinamizaci\u00f3n de la Mancomunidad de Municipios organizar\u00e1n, un a\u00f1o m\u00e1s, cursos de nataci\u00f3n en ellas.<\/p>\n<p>LOS PILONES<\/p>\n<p>Asimismo, el paraje &#8216;Los Pilones&#8217;, enclavado en plena Reserva Natural de la Garganta de los Infiernos, se alz\u00f3 el pasado a\u00f1o con el Certificado de Excelencia TripAdvisor, que premia a los lugares que reciben \u00abconstantemente opiniones excepcionales de los viajeros\u00bb.<\/p>\n<p>De hecho, el Certificado de Excelencia constituye un \u00abverdadero motivo de orgullo, ya que se concede \u00edntegramente\u00bb a partir de las opiniones y puntuaciones de los viajeros en TripAdvisor.<\/p>\n<p>Adem\u00e1s, y a lo largo de los \u00faltimos a\u00f1os, \u00abdiversos medios han coincido en se\u00f1alar\u00bb que este paraje se encuentra \u00abentre las mejores piscinas naturales del mundo\u00bb.<\/p>\n<p>Entre estos medios est\u00e1n las \u00abpublicaciones especializadas\u00bb como Skyscanner, Traveler o El Viajero Astuto, que han destacado \u00absu ubicaci\u00f3n, la calidad de sus aguas y la excepcionalidad de su morfolog\u00eda geol\u00f3gica como rasgos distintivos\u00bb.<\/p>\n<p>As\u00ed, la Mancomunidad de Municipios del Valle del Jerte hace un llamamiento \u00aba todas aquellas personas que se acerquen a disfrutar de estos enclaves naturales, para que el uso responsable, la limpieza y el respeto del entorno garanticen su buena conservaci\u00f3n para generaciones futuras\u00bb.<\/p>\n","protected":false},"excerpt":{"rendered":"<p>La \u00abpr\u00e1ctica totalidad\u00bb de las piscinas naturales y las gargantas del Valle del Jerte ya est\u00e1n habilitadas y en funcionamiento para la temporada de ba\u00f1os de este a\u00f1o. Adem\u00e1s, algunos de los chiringuitos repartidos por estas zonas ya se encuentran tambi\u00e9n en funcionamiento, mientras que otros abrir\u00e1n \u00aba lo largo de la pr\u00f3xima semana\u00bb. Entre<\/p>\n","protected":false},"author":1,"featured_media":40863,"comment_status":"open","ping_status":"closed","sticky":false,"template":"","format":"standard","meta":{"footnotes":""},"categories":[222],"tags":[],"class_list":{"0":"post-40862","1":"post","2":"type-post","3":"status-publish","4":"format-standard","5":"has-post-thumbnail","7":"category-actualidad-turismo"},"aioseo_notices":[],"aioseo_head":"\n\t\t<!-- All in One SEO Pro 4.9.6.1 - aioseo.com -->\n\t<meta name=\"description\" content=\"La &quot;pr\u00e1ctica totalidad&quot; de las piscinas naturales y las gargantas del Valle del Jerte ya est\u00e1n habilitadas y en funcionamiento para la temporada de ba\u00f1os de este a\u00f1o. Adem\u00e1s, algunos de los chiringuitos repartidos por estas zonas ya se encuentran tambi\u00e9n en funcionamiento, mientras que otros abrir\u00e1n &quot;a lo largo de la pr\u00f3xima semana&quot;. Entre\" \/>\n\t<meta name=\"robots\" content=\"max-image-preview:large\" \/>\n\t<meta name=\"author\" content=\"admin\"\/>\n\t<meta name=\"google-site-verification\" content=\"UA-38556648-1\" \/>\n\t<meta name=\"keywords\" content=\"actualidad turismo\" \/>\n\t<link rel=\"canonical\" href=\"https:\/\/eldigitaldeasturias.com\/magazine365\/las-piscinas-naturales-del-valle-del-jerte-listas-para-el-verano\/\" \/>\n\t<meta name=\"generator\" content=\"All in One SEO Pro (AIOSEO) 4.9.6.1\" \/>\n\t\t<meta property=\"og:locale\" content=\"es_ES\" \/>\n\t\t<meta property=\"og:site_name\" content=\"El Digital de Asturias \u2013 Revista de ocio, turismo y estilo de vida\" \/>\n\t\t<meta property=\"og:type\" content=\"article\" \/>\n\t\t<meta property=\"og:title\" content=\"Las piscinas naturales del Valle del Jerte listas para el verano | El Digital de Asturias\" \/>\n\t\t<meta property=\"og:description\" content=\"La &quot;pr\u00e1ctica totalidad&quot; de las piscinas naturales y las gargantas del Valle del Jerte ya est\u00e1n habilitadas y en funcionamiento para la temporada de ba\u00f1os de este a\u00f1o. Adem\u00e1s, algunos de los chiringuitos repartidos por estas zonas ya se encuentran tambi\u00e9n en funcionamiento, mientras que otros abrir\u00e1n &quot;a lo largo de la pr\u00f3xima semana&quot;. Entre\" \/>\n\t\t<meta property=\"og:url\" content=\"https:\/\/eldigitaldeasturias.com\/magazine365\/las-piscinas-naturales-del-valle-del-jerte-listas-para-el-verano\/\" \/>\n\t\t<meta property=\"og:image\" content=\"https:\/\/eldigitaldeasturias.com\/magazine365\/wp-content\/uploads\/2015\/06\/fotonoticia_20150624130438_800.jpg\" \/>\n\t\t<meta property=\"og:image:secure_url\" content=\"https:\/\/eldigitaldeasturias.com\/magazine365\/wp-content\/uploads\/2015\/06\/fotonoticia_20150624130438_800.jpg\" \/>\n\t\t<meta property=\"og:image:width\" content=\"800\" \/>\n\t\t<meta property=\"og:image:height\" content=\"535\" \/>\n\t\t<meta property=\"article:published_time\" content=\"2015-06-24T15:35:28+00:00\" \/>\n\t\t<meta property=\"article:modified_time\" content=\"2015-06-24T15:35:28+00:00\" \/>\n\t\t<meta name=\"twitter:card\" content=\"summary_large_image\" \/>\n\t\t<meta name=\"twitter:title\" content=\"Las piscinas naturales del Valle del Jerte listas para el verano | El Digital de Asturias\" \/>\n\t\t<meta name=\"twitter:description\" content=\"La &quot;pr\u00e1ctica totalidad&quot; de las piscinas naturales y las gargantas del Valle del Jerte ya est\u00e1n habilitadas y en funcionamiento para la temporada de ba\u00f1os de este a\u00f1o. Adem\u00e1s, algunos de los chiringuitos repartidos por estas zonas ya se encuentran tambi\u00e9n en funcionamiento, mientras que otros abrir\u00e1n &quot;a lo largo de la pr\u00f3xima semana&quot;. Entre\" \/>\n\t\t<meta name=\"twitter:image\" content=\"https:\/\/eldigitaldeasturias.com\/magazine365\/wp-content\/uploads\/2015\/06\/fotonoticia_20150624130438_800.jpg\" \/>\n\t\t<script type=\"application\/ld+json\" class=\"aioseo-schema\">\n\t\t\t{\"@context\":\"https:\\\/\\\/schema.org\",\"@graph\":[{\"@type\":\"Article\",\"@id\":\"https:\\\/\\\/eldigitaldeasturias.com\\\/magazine365\\\/las-piscinas-naturales-del-valle-del-jerte-listas-para-el-verano\\\/#article\",\"name\":\"Las piscinas naturales del Valle del Jerte listas para el verano | El Digital de Asturias\",\"headline\":\"Las piscinas naturales del Valle del Jerte listas para el verano\",\"author\":{\"@id\":\"https:\\\/\\\/eldigitaldeasturias.com\\\/magazine365\\\/author\\\/admin\\\/#author\"},\"publisher\":{\"@id\":\"https:\\\/\\\/eldigitaldeasturias.com\\\/magazine365\\\/#organization\"},\"image\":{\"@type\":\"ImageObject\",\"url\":\"https:\\\/\\\/eldigitaldeasturias.com\\\/magazine365\\\/wp-content\\\/uploads\\\/2015\\\/06\\\/fotonoticia_20150624130438_800.jpg\",\"width\":800,\"height\":535},\"datePublished\":\"2015-06-24T17:05:28+02:00\",\"dateModified\":\"2015-06-24T17:05:28+02:00\",\"inLanguage\":\"es-ES\",\"mainEntityOfPage\":{\"@id\":\"https:\\\/\\\/eldigitaldeasturias.com\\\/magazine365\\\/las-piscinas-naturales-del-valle-del-jerte-listas-para-el-verano\\\/#webpage\"},\"isPartOf\":{\"@id\":\"https:\\\/\\\/eldigitaldeasturias.com\\\/magazine365\\\/las-piscinas-naturales-del-valle-del-jerte-listas-para-el-verano\\\/#webpage\"},\"articleSection\":\"Actualidad Turismo\"},{\"@type\":\"BreadcrumbList\",\"@id\":\"https:\\\/\\\/eldigitaldeasturias.com\\\/magazine365\\\/las-piscinas-naturales-del-valle-del-jerte-listas-para-el-verano\\\/#breadcrumblist\",\"itemListElement\":[{\"@type\":\"ListItem\",\"@id\":\"https:\\\/\\\/eldigitaldeasturias.com\\\/magazine365#listItem\",\"position\":1,\"name\":\"Home\",\"item\":\"https:\\\/\\\/eldigitaldeasturias.com\\\/magazine365\",\"nextItem\":{\"@type\":\"ListItem\",\"@id\":\"https:\\\/\\\/eldigitaldeasturias.com\\\/magazine365\\\/category\\\/actualidad-turismo\\\/#listItem\",\"name\":\"Actualidad Turismo\"}},{\"@type\":\"ListItem\",\"@id\":\"https:\\\/\\\/eldigitaldeasturias.com\\\/magazine365\\\/category\\\/actualidad-turismo\\\/#listItem\",\"position\":2,\"name\":\"Actualidad Turismo\",\"item\":\"https:\\\/\\\/eldigitaldeasturias.com\\\/magazine365\\\/category\\\/actualidad-turismo\\\/\",\"nextItem\":{\"@type\":\"ListItem\",\"@id\":\"https:\\\/\\\/eldigitaldeasturias.com\\\/magazine365\\\/las-piscinas-naturales-del-valle-del-jerte-listas-para-el-verano\\\/#listItem\",\"name\":\"Las piscinas naturales del Valle del Jerte listas para el verano\"},\"previousItem\":{\"@type\":\"ListItem\",\"@id\":\"https:\\\/\\\/eldigitaldeasturias.com\\\/magazine365#listItem\",\"name\":\"Home\"}},{\"@type\":\"ListItem\",\"@id\":\"https:\\\/\\\/eldigitaldeasturias.com\\\/magazine365\\\/las-piscinas-naturales-del-valle-del-jerte-listas-para-el-verano\\\/#listItem\",\"position\":3,\"name\":\"Las piscinas naturales del Valle del Jerte listas para el verano\",\"previousItem\":{\"@type\":\"ListItem\",\"@id\":\"https:\\\/\\\/eldigitaldeasturias.com\\\/magazine365\\\/category\\\/actualidad-turismo\\\/#listItem\",\"name\":\"Actualidad Turismo\"}}]},{\"@type\":\"Organization\",\"@id\":\"https:\\\/\\\/eldigitaldeasturias.com\\\/magazine365\\\/#organization\",\"name\":\"El digital de Asturias\",\"description\":\"Revista de ocio, turismo y estilo de vida\",\"url\":\"https:\\\/\\\/eldigitaldeasturias.com\\\/magazine365\\\/\",\"logo\":{\"@type\":\"ImageObject\",\"url\":\"https:\\\/\\\/www.eldigitaldeasturias.com\\\/noticias\\\/wp-content\\\/uploads\\\/2020\\\/12\\\/EDA.jpg\",\"@id\":\"https:\\\/\\\/eldigitaldeasturias.com\\\/magazine365\\\/las-piscinas-naturales-del-valle-del-jerte-listas-para-el-verano\\\/#organizationLogo\"},\"image\":{\"@id\":\"https:\\\/\\\/eldigitaldeasturias.com\\\/magazine365\\\/las-piscinas-naturales-del-valle-del-jerte-listas-para-el-verano\\\/#organizationLogo\"}},{\"@type\":\"Person\",\"@id\":\"https:\\\/\\\/eldigitaldeasturias.com\\\/magazine365\\\/author\\\/admin\\\/#author\",\"url\":\"https:\\\/\\\/eldigitaldeasturias.com\\\/magazine365\\\/author\\\/admin\\\/\",\"name\":\"admin\",\"image\":{\"@type\":\"ImageObject\",\"@id\":\"https:\\\/\\\/eldigitaldeasturias.com\\\/magazine365\\\/las-piscinas-naturales-del-valle-del-jerte-listas-para-el-verano\\\/#authorImage\",\"url\":\"https:\\\/\\\/eldigitaldeasturias.com\\\/magazine365\\\/wp-content\\\/litespeed\\\/avatar\\\/e571bcf59a0edd6fa6838245a470f2fe.jpg?ver=1777574230\",\"width\":96,\"height\":96,\"caption\":\"admin\"}},{\"@type\":\"WebPage\",\"@id\":\"https:\\\/\\\/eldigitaldeasturias.com\\\/magazine365\\\/las-piscinas-naturales-del-valle-del-jerte-listas-para-el-verano\\\/#webpage\",\"url\":\"https:\\\/\\\/eldigitaldeasturias.com\\\/magazine365\\\/las-piscinas-naturales-del-valle-del-jerte-listas-para-el-verano\\\/\",\"name\":\"Las piscinas naturales del Valle del Jerte listas para el verano | El Digital de Asturias\",\"description\":\"La \\\"pr\\u00e1ctica totalidad\\\" de las piscinas naturales y las gargantas del Valle del Jerte ya est\\u00e1n habilitadas y en funcionamiento para la temporada de ba\\u00f1os de este a\\u00f1o. Adem\\u00e1s, algunos de los chiringuitos repartidos por estas zonas ya se encuentran tambi\\u00e9n en funcionamiento, mientras que otros abrir\\u00e1n \\\"a lo largo de la pr\\u00f3xima semana\\\". Entre\",\"inLanguage\":\"es-ES\",\"isPartOf\":{\"@id\":\"https:\\\/\\\/eldigitaldeasturias.com\\\/magazine365\\\/#website\"},\"breadcrumb\":{\"@id\":\"https:\\\/\\\/eldigitaldeasturias.com\\\/magazine365\\\/las-piscinas-naturales-del-valle-del-jerte-listas-para-el-verano\\\/#breadcrumblist\"},\"author\":{\"@id\":\"https:\\\/\\\/eldigitaldeasturias.com\\\/magazine365\\\/author\\\/admin\\\/#author\"},\"creator\":{\"@id\":\"https:\\\/\\\/eldigitaldeasturias.com\\\/magazine365\\\/author\\\/admin\\\/#author\"},\"image\":{\"@type\":\"ImageObject\",\"url\":\"https:\\\/\\\/eldigitaldeasturias.com\\\/magazine365\\\/wp-content\\\/uploads\\\/2015\\\/06\\\/fotonoticia_20150624130438_800.jpg\",\"@id\":\"https:\\\/\\\/eldigitaldeasturias.com\\\/magazine365\\\/las-piscinas-naturales-del-valle-del-jerte-listas-para-el-verano\\\/#mainImage\",\"width\":800,\"height\":535},\"primaryImageOfPage\":{\"@id\":\"https:\\\/\\\/eldigitaldeasturias.com\\\/magazine365\\\/las-piscinas-naturales-del-valle-del-jerte-listas-para-el-verano\\\/#mainImage\"},\"datePublished\":\"2015-06-24T17:05:28+02:00\",\"dateModified\":\"2015-06-24T17:05:28+02:00\"},{\"@type\":\"WebSite\",\"@id\":\"https:\\\/\\\/eldigitaldeasturias.com\\\/magazine365\\\/#website\",\"url\":\"https:\\\/\\\/eldigitaldeasturias.com\\\/magazine365\\\/\",\"name\":\"El Digital de Asturias\",\"description\":\"Revista de ocio, turismo y estilo de vida\",\"inLanguage\":\"es-ES\",\"publisher\":{\"@id\":\"https:\\\/\\\/eldigitaldeasturias.com\\\/magazine365\\\/#organization\"}}]}\n\t\t<\/script>\n\t\t<!-- All in One SEO Pro -->\r\n\t\t<title>Las piscinas naturales del Valle del Jerte listas para el verano | El Digital de Asturias<\/title>\n\n","aioseo_head_json":{"title":"Las piscinas naturales del Valle del Jerte listas para el verano | El Digital de Asturias","description":"La \"pr\u00e1ctica totalidad\" de las piscinas naturales y las gargantas del Valle del Jerte ya est\u00e1n habilitadas y en funcionamiento para la temporada de ba\u00f1os de este a\u00f1o. Adem\u00e1s, algunos de los chiringuitos repartidos por estas zonas ya se encuentran tambi\u00e9n en funcionamiento, mientras que otros abrir\u00e1n \"a lo largo de la pr\u00f3xima semana\". Entre","canonical_url":"https:\/\/eldigitaldeasturias.com\/magazine365\/las-piscinas-naturales-del-valle-del-jerte-listas-para-el-verano\/","robots":"max-image-preview:large","keywords":"actualidad turismo","webmasterTools":{"google-site-verification":"UA-38556648-1","miscellaneous":""},"schema":{"@context":"https:\/\/schema.org","@graph":[{"@type":"Article","@id":"https:\/\/eldigitaldeasturias.com\/magazine365\/las-piscinas-naturales-del-valle-del-jerte-listas-para-el-verano\/#article","name":"Las piscinas naturales del Valle del Jerte listas para el verano | El Digital de Asturias","headline":"Las piscinas naturales del Valle del Jerte listas para el verano","author":{"@id":"https:\/\/eldigitaldeasturias.com\/magazine365\/author\/admin\/#author"},"publisher":{"@id":"https:\/\/eldigitaldeasturias.com\/magazine365\/#organization"},"image":{"@type":"ImageObject","url":"https:\/\/eldigitaldeasturias.com\/magazine365\/wp-content\/uploads\/2015\/06\/fotonoticia_20150624130438_800.jpg","width":800,"height":535},"datePublished":"2015-06-24T17:05:28+02:00","dateModified":"2015-06-24T17:05:28+02:00","inLanguage":"es-ES","mainEntityOfPage":{"@id":"https:\/\/eldigitaldeasturias.com\/magazine365\/las-piscinas-naturales-del-valle-del-jerte-listas-para-el-verano\/#webpage"},"isPartOf":{"@id":"https:\/\/eldigitaldeasturias.com\/magazine365\/las-piscinas-naturales-del-valle-del-jerte-listas-para-el-verano\/#webpage"},"articleSection":"Actualidad Turismo"},{"@type":"BreadcrumbList","@id":"https:\/\/eldigitaldeasturias.com\/magazine365\/las-piscinas-naturales-del-valle-del-jerte-listas-para-el-verano\/#breadcrumblist","itemListElement":[{"@type":"ListItem","@id":"https:\/\/eldigitaldeasturias.com\/magazine365#listItem","position":1,"name":"Home","item":"https:\/\/eldigitaldeasturias.com\/magazine365","nextItem":{"@type":"ListItem","@id":"https:\/\/eldigitaldeasturias.com\/magazine365\/category\/actualidad-turismo\/#listItem","name":"Actualidad Turismo"}},{"@type":"ListItem","@id":"https:\/\/eldigitaldeasturias.com\/magazine365\/category\/actualidad-turismo\/#listItem","position":2,"name":"Actualidad Turismo","item":"https:\/\/eldigitaldeasturias.com\/magazine365\/category\/actualidad-turismo\/","nextItem":{"@type":"ListItem","@id":"https:\/\/eldigitaldeasturias.com\/magazine365\/las-piscinas-naturales-del-valle-del-jerte-listas-para-el-verano\/#listItem","name":"Las piscinas naturales del Valle del Jerte listas para el verano"},"previousItem":{"@type":"ListItem","@id":"https:\/\/eldigitaldeasturias.com\/magazine365#listItem","name":"Home"}},{"@type":"ListItem","@id":"https:\/\/eldigitaldeasturias.com\/magazine365\/las-piscinas-naturales-del-valle-del-jerte-listas-para-el-verano\/#listItem","position":3,"name":"Las piscinas naturales del Valle del Jerte listas para el verano","previousItem":{"@type":"ListItem","@id":"https:\/\/eldigitaldeasturias.com\/magazine365\/category\/actualidad-turismo\/#listItem","name":"Actualidad Turismo"}}]},{"@type":"Organization","@id":"https:\/\/eldigitaldeasturias.com\/magazine365\/#organization","name":"El digital de Asturias","description":"Revista de ocio, turismo y estilo de vida","url":"https:\/\/eldigitaldeasturias.com\/magazine365\/","logo":{"@type":"ImageObject","url":"https:\/\/www.eldigitaldeasturias.com\/noticias\/wp-content\/uploads\/2020\/12\/EDA.jpg","@id":"https:\/\/eldigitaldeasturias.com\/magazine365\/las-piscinas-naturales-del-valle-del-jerte-listas-para-el-verano\/#organizationLogo"},"image":{"@id":"https:\/\/eldigitaldeasturias.com\/magazine365\/las-piscinas-naturales-del-valle-del-jerte-listas-para-el-verano\/#organizationLogo"}},{"@type":"Person","@id":"https:\/\/eldigitaldeasturias.com\/magazine365\/author\/admin\/#author","url":"https:\/\/eldigitaldeasturias.com\/magazine365\/author\/admin\/","name":"admin","image":{"@type":"ImageObject","@id":"https:\/\/eldigitaldeasturias.com\/magazine365\/las-piscinas-naturales-del-valle-del-jerte-listas-para-el-verano\/#authorImage","url":"https:\/\/eldigitaldeasturias.com\/magazine365\/wp-content\/litespeed\/avatar\/e571bcf59a0edd6fa6838245a470f2fe.jpg?ver=1777574230","width":96,"height":96,"caption":"admin"}},{"@type":"WebPage","@id":"https:\/\/eldigitaldeasturias.com\/magazine365\/las-piscinas-naturales-del-valle-del-jerte-listas-para-el-verano\/#webpage","url":"https:\/\/eldigitaldeasturias.com\/magazine365\/las-piscinas-naturales-del-valle-del-jerte-listas-para-el-verano\/","name":"Las piscinas naturales del Valle del Jerte listas para el verano | El Digital de Asturias","description":"La \"pr\u00e1ctica totalidad\" de las piscinas naturales y las gargantas del Valle del Jerte ya est\u00e1n habilitadas y en funcionamiento para la temporada de ba\u00f1os de este a\u00f1o. Adem\u00e1s, algunos de los chiringuitos repartidos por estas zonas ya se encuentran tambi\u00e9n en funcionamiento, mientras que otros abrir\u00e1n \"a lo largo de la pr\u00f3xima semana\". Entre","inLanguage":"es-ES","isPartOf":{"@id":"https:\/\/eldigitaldeasturias.com\/magazine365\/#website"},"breadcrumb":{"@id":"https:\/\/eldigitaldeasturias.com\/magazine365\/las-piscinas-naturales-del-valle-del-jerte-listas-para-el-verano\/#breadcrumblist"},"author":{"@id":"https:\/\/eldigitaldeasturias.com\/magazine365\/author\/admin\/#author"},"creator":{"@id":"https:\/\/eldigitaldeasturias.com\/magazine365\/author\/admin\/#author"},"image":{"@type":"ImageObject","url":"https:\/\/eldigitaldeasturias.com\/magazine365\/wp-content\/uploads\/2015\/06\/fotonoticia_20150624130438_800.jpg","@id":"https:\/\/eldigitaldeasturias.com\/magazine365\/las-piscinas-naturales-del-valle-del-jerte-listas-para-el-verano\/#mainImage","width":800,"height":535},"primaryImageOfPage":{"@id":"https:\/\/eldigitaldeasturias.com\/magazine365\/las-piscinas-naturales-del-valle-del-jerte-listas-para-el-verano\/#mainImage"},"datePublished":"2015-06-24T17:05:28+02:00","dateModified":"2015-06-24T17:05:28+02:00"},{"@type":"WebSite","@id":"https:\/\/eldigitaldeasturias.com\/magazine365\/#website","url":"https:\/\/eldigitaldeasturias.com\/magazine365\/","name":"El Digital de Asturias","description":"Revista de ocio, turismo y estilo de vida","inLanguage":"es-ES","publisher":{"@id":"https:\/\/eldigitaldeasturias.com\/magazine365\/#organization"}}]},"og:locale":"es_ES","og:site_name":"El Digital de Asturias \u2013 Revista de ocio, turismo y estilo de vida","og:type":"article","og:title":"Las piscinas naturales del Valle del Jerte listas para el verano | El Digital de Asturias","og:description":"La &quot;pr\u00e1ctica totalidad&quot; de las piscinas naturales y las gargantas del Valle del Jerte ya est\u00e1n habilitadas y en funcionamiento para la temporada de ba\u00f1os de este a\u00f1o. Adem\u00e1s, algunos de los chiringuitos repartidos por estas zonas ya se encuentran tambi\u00e9n en funcionamiento, mientras que otros abrir\u00e1n &quot;a lo largo de la pr\u00f3xima semana&quot;. Entre","og:url":"https:\/\/eldigitaldeasturias.com\/magazine365\/las-piscinas-naturales-del-valle-del-jerte-listas-para-el-verano\/","og:image":"https:\/\/eldigitaldeasturias.com\/magazine365\/wp-content\/uploads\/2015\/06\/fotonoticia_20150624130438_800.jpg","og:image:secure_url":"https:\/\/eldigitaldeasturias.com\/magazine365\/wp-content\/uploads\/2015\/06\/fotonoticia_20150624130438_800.jpg","og:image:width":800,"og:image:height":535,"article:published_time":"2015-06-24T15:35:28+00:00","article:modified_time":"2015-06-24T15:35:28+00:00","twitter:card":"summary_large_image","twitter:title":"Las piscinas naturales del Valle del Jerte listas para el verano | El Digital de Asturias","twitter:description":"La &quot;pr\u00e1ctica totalidad&quot; de las piscinas naturales y las gargantas del Valle del Jerte ya est\u00e1n habilitadas y en funcionamiento para la temporada de ba\u00f1os de este a\u00f1o. Adem\u00e1s, algunos de los chiringuitos repartidos por estas zonas ya se encuentran tambi\u00e9n en funcionamiento, mientras que otros abrir\u00e1n &quot;a lo largo de la pr\u00f3xima semana&quot;. Entre","twitter:image":"https:\/\/eldigitaldeasturias.com\/magazine365\/wp-content\/uploads\/2015\/06\/fotonoticia_20150624130438_800.jpg"},"aioseo_meta_data":{"post_id":"40862","title":null,"description":null,"keywords":null,"keyphrases":null,"primary_term":null,"canonical_url":null,"og_title":null,"og_description":null,"og_object_type":"default","og_image_type":"default","og_image_url":null,"og_image_width":null,"og_image_height":null,"og_image_custom_url":null,"og_image_custom_fields":null,"og_video":null,"og_custom_url":null,"og_article_section":null,"og_article_tags":null,"twitter_use_og":false,"twitter_card":"default","twitter_image_type":"default","twitter_image_url":null,"twitter_image_custom_url":null,"twitter_image_custom_fields":null,"twitter_title":null,"twitter_description":null,"schema":{"blockGraphs":[],"customGraphs":[],"default":{"data":{"Article":[],"Course":[],"Dataset":[],"FAQPage":[],"Movie":[],"Person":[],"Product":[],"ProductReview":[],"Car":[],"Recipe":[],"Service":[],"SoftwareApplication":[],"WebPage":[]},"graphName":"","isEnabled":true},"graphs":[],"defaultGraph":"","defaultPostTypeGraph":""},"schema_type":null,"schema_type_options":null,"pillar_content":false,"robots_default":true,"robots_noindex":false,"robots_noarchive":false,"robots_nosnippet":false,"robots_nofollow":false,"robots_noimageindex":false,"robots_noodp":false,"robots_notranslate":false,"robots_max_snippet":null,"robots_max_videopreview":null,"robots_max_imagepreview":"large","priority":null,"frequency":null,"location":null,"local_seo":null,"seo_analyzer_scan_date":"2025-09-19 14:30:30","breadcrumb_settings":null,"limit_modified_date":false,"open_ai":null,"ai":null,"created":"2021-03-09 02:22:40","updated":"2025-09-19 14:30:30"},"aioseo_breadcrumb":"<div class=\"aioseo-breadcrumbs\"><span class=\"aioseo-breadcrumb\">\n\t<a href=\"https:\/\/eldigitaldeasturias.com\/magazine365\" title=\"Home\">Home<\/a>\n<\/span><span class=\"aioseo-breadcrumb-separator\">\u2013<\/span><span class=\"aioseo-breadcrumb\">\n\t<a href=\"https:\/\/eldigitaldeasturias.com\/magazine365\/category\/actualidad-turismo\/\" title=\"Actualidad Turismo\">Actualidad Turismo<\/a>\n<\/span><span class=\"aioseo-breadcrumb-separator\">\u2013<\/span><span class=\"aioseo-breadcrumb\">\n\t<a href=\"https:\/\/eldigitaldeasturias.com\/magazine365\/las-piscinas-naturales-del-valle-del-jerte-listas-para-el-verano\/\" title=\"Las piscinas naturales del Valle del Jerte listas para el verano\">Las piscinas naturales del Valle del Jerte listas para el verano<\/a>\n<\/span><\/div>","aioseo_breadcrumb_json":[{"label":"Home","link":"https:\/\/eldigitaldeasturias.com\/magazine365"},{"label":"Actualidad Turismo","link":"https:\/\/eldigitaldeasturias.com\/magazine365\/category\/actualidad-turismo\/"},{"label":"Las piscinas naturales del Valle del Jerte listas para el verano","link":"https:\/\/eldigitaldeasturias.com\/magazine365\/las-piscinas-naturales-del-valle-del-jerte-listas-para-el-verano\/"}],"_links":{"self":[{"href":"https:\/\/eldigitaldeasturias.com\/magazine365\/wp-json\/wp\/v2\/posts\/40862","targetHints":{"allow":["GET"]}}],"collection":[{"href":"https:\/\/eldigitaldeasturias.com\/magazine365\/wp-json\/wp\/v2\/posts"}],"about":[{"href":"https:\/\/eldigitaldeasturias.com\/magazine365\/wp-json\/wp\/v2\/types\/post"}],"author":[{"embeddable":true,"href":"https:\/\/eldigitaldeasturias.com\/magazine365\/wp-json\/wp\/v2\/users\/1"}],"replies":[{"embeddable":true,"href":"https:\/\/eldigitaldeasturias.com\/magazine365\/wp-json\/wp\/v2\/comments?post=40862"}],"version-history":[{"count":0,"href":"https:\/\/eldigitaldeasturias.com\/magazine365\/wp-json\/wp\/v2\/posts\/40862\/revisions"}],"wp:featuredmedia":[{"embeddable":true,"href":"https:\/\/eldigitaldeasturias.com\/magazine365\/wp-json\/wp\/v2\/media\/40863"}],"wp:attachment":[{"href":"https:\/\/eldigitaldeasturias.com\/magazine365\/wp-json\/wp\/v2\/media?parent=40862"}],"wp:term":[{"taxonomy":"category","embeddable":true,"href":"https:\/\/eldigitaldeasturias.com\/magazine365\/wp-json\/wp\/v2\/categories?post=40862"},{"taxonomy":"post_tag","embeddable":true,"href":"https:\/\/eldigitaldeasturias.com\/magazine365\/wp-json\/wp\/v2\/tags?post=40862"}],"curies":[{"name":"wp","href":"https:\/\/api.w.org\/{rel}","templated":true}]}}