{"id":40859,"date":"2015-06-24T17:01:41","date_gmt":"2015-06-24T15:31:41","guid":{"rendered":"http:\/\/eldigitaldeasturias.com\/magazine365\/?p=40859"},"modified":"2015-06-24T17:01:41","modified_gmt":"2015-06-24T15:31:41","slug":"mas-de-5-800-efectivos-policiales-velaran-por-la-seguridad-en-zonas-turisticas-de-la-comunidad-valenciana-este-verano","status":"publish","type":"post","link":"https:\/\/eldigitaldeasturias.com\/magazine365\/mas-de-5-800-efectivos-policiales-velaran-por-la-seguridad-en-zonas-turisticas-de-la-comunidad-valenciana-este-verano\/","title":{"rendered":"M\u00e1s de 5.800 efectivos policiales velar\u00e1n por la seguridad en zonas tur\u00edsticas de la Comunidad Valenciana este verano"},"content":{"rendered":"<p><img fetchpriority=\"high\" decoding=\"async\" class=\"alignleft size-medium wp-image-40860\" src=\"https:\/\/eldigitaldeasturias.com\/magazine365\/wp-content\/uploads\/2015\/06\/fotonoticia_20150624130307_800-360x270.jpg\" alt=\"fotonoticia_20150624130307_800\" width=\"360\" height=\"270\" srcset=\"https:\/\/eldigitaldeasturias.com\/magazine365\/wp-content\/uploads\/2015\/06\/fotonoticia_20150624130307_800-360x270.jpg 360w, https:\/\/eldigitaldeasturias.com\/magazine365\/wp-content\/uploads\/2015\/06\/fotonoticia_20150624130307_800-650x488.jpg 650w, https:\/\/eldigitaldeasturias.com\/magazine365\/wp-content\/uploads\/2015\/06\/fotonoticia_20150624130307_800-768x576.jpg 768w, https:\/\/eldigitaldeasturias.com\/magazine365\/wp-content\/uploads\/2015\/06\/fotonoticia_20150624130307_800-150x113.jpg 150w, https:\/\/eldigitaldeasturias.com\/magazine365\/wp-content\/uploads\/2015\/06\/fotonoticia_20150624130307_800-450x338.jpg 450w, https:\/\/eldigitaldeasturias.com\/magazine365\/wp-content\/uploads\/2015\/06\/fotonoticia_20150624130307_800-80x60.jpg 80w, https:\/\/eldigitaldeasturias.com\/magazine365\/wp-content\/uploads\/2015\/06\/fotonoticia_20150624130307_800-265x198.jpg 265w, https:\/\/eldigitaldeasturias.com\/magazine365\/wp-content\/uploads\/2015\/06\/fotonoticia_20150624130307_800-696x522.jpg 696w, https:\/\/eldigitaldeasturias.com\/magazine365\/wp-content\/uploads\/2015\/06\/fotonoticia_20150624130307_800-560x420.jpg 560w, https:\/\/eldigitaldeasturias.com\/magazine365\/wp-content\/uploads\/2015\/06\/fotonoticia_20150624130307_800-90x67.jpg 90w, https:\/\/eldigitaldeasturias.com\/magazine365\/wp-content\/uploads\/2015\/06\/fotonoticia_20150624130307_800-100x75.jpg 100w, https:\/\/eldigitaldeasturias.com\/magazine365\/wp-content\/uploads\/2015\/06\/fotonoticia_20150624130307_800.jpg 800w\" sizes=\"(max-width: 360px) 100vw, 360px\" \/>M\u00e1s de 5.800 efectivos de las Fuerzas y Cuerpos de Seguridad del Estado velar\u00e1n por la seguridad ciudadana en las zonas tur\u00edsticas de la Comunitat Valenciana este verano, seg\u00fan ha anunciado el delegado del Gobierno en la Comunitat Valenciana, Juan Carlos Valderrama.<\/p>\n<p>Valderrama, que ha presentado este mi\u00e9rcoles en Benidorm el Plan Turismo Seguro 2015, ha subrayado que para el Gobierno es una \u00abcuesti\u00f3n prioritaria\u00bb la seguridad en el \u00e1mbito del sector tur\u00edstico\u00bb, a trav\u00e9s de la protecci\u00f3n que proporcionan a diario los m\u00e1s de 1.631 efectivos de la Polic\u00eda Nacional y 4.192 efectivos de la Guardia Civil, a los que se suman las Polic\u00edas Locales, as\u00ed como a trav\u00e9s de distintas acciones preventivas que eviten que se produzcan actos o comportamientos delictivos.<\/p>\n<p>Por provincias, Alicante contar\u00e1 este verano con un total de 690 efectivos de la Polic\u00eda Nacional y 1.610 de la Guardia Civil; la provincia de Valencia tendr\u00e1 desplegados un total de 842 efectivos de la Polic\u00eda Nacional y 1.814 guardias civiles; mientras que en Castell\u00f3n velar\u00e1n por la seguridad ciudadana 99 efectivos de la Polic\u00eda Nacional y 728 efectivos de la Guardia Civil, ha informado la Delegaci\u00f3n del Gobierno en un comunicado. Asimismo, en las pr\u00f3ximas semanas se incorporar\u00e1n un total de 156 nuevos agentes de las Fuerzas y Cuerpos de Seguridad del Estado.<\/p>\n<p>Valderrama ha explicado que el Plan Turismo Seguro, que entrar\u00e1 en vigor el pr\u00f3ximo 1 de julio, tiene entre sus principales objetivos \u00abincrementar la seguridad ciudadana en las zonas con mayor afluencia tur\u00edstica\u00bb y contempla el aumento de la vigilancia y control preventivo en v\u00edas de comunicaci\u00f3n urbanas e interurbanas, estaciones, puertos, aeropuertos, hoteles y campings y, el refuerzo de efectivos en espect\u00e1culos y acontecimientos que supongan \u00abgrandes concentraciones de personas\u00bb.<\/p>\n<p>\u00abLa Comunitat Valenciana es un destino seguro, tal y como demuestran los \u00edndices de criminalidad, ya que los delitos y faltas registrados por las Fuerzas y Cuerpos de Seguridad del Estado descendieron un 5,4 por ciento en el primer trimestre de 2015, en relaci\u00f3n con el mismo periodo del a\u00f1o anterior\u00bb, ha indicado el delegado. Por provincias, en Alicante los delitos y las faltas descendieron en este periodo un 4,6%; en Castell\u00f3n el descenso fue del 7% y en Valencia del 5,7%.<\/p>\n<p>SERVICIO DE ATENCI\u00d3N AL TURISTA EXTRANJERO<\/p>\n<p>Tras la reuni\u00f3n, Valderrama ha visitado la oficina del Servicio de Atenci\u00f3n al Turista Extranjero (SATE) de Benidorm que ha obtenido el Premio a la Excelencia otorgado por la Embajada Brit\u00e1nica y ha felicitado a los agentes por su labor.<\/p>\n<p>Esta oficina, una de las seis con las que cuenta la Comunitat Valenciana que durante el a\u00f1o pasado atendieron a cerca de 3.000 turistas, ofrece asistencia personalizada e integral al visitante extranjero que, tras ser v\u00edctima de cualquier infracci\u00f3n penal y a trav\u00e9s de un equipo de expertos policiales e informadores e int\u00e9rpretes, le ofrecen ayuda en su idioma, le asesoran, y le facilitan apoyo en aquellos tr\u00e1mites que necesite realizar.<\/p>\n<p>Entre estos tr\u00e1mites se encuentra la tramitaci\u00f3n de una denuncia, la cancelaci\u00f3n de tarjetas o documentos de cr\u00e9dito y se le pone en contacto, si fuera necesario, con sus autoridades consulares o con sus familiares.<\/p>\n<p>Valderrama ha se\u00f1alado que en lo que va de a\u00f1o la oficina SATE de Benidorm ha realizado 835 tr\u00e1mites y atendido a 835 personas, mientras que durante 2014 atendi\u00f3 a 1.750 personas y realiz\u00f3 1.850 tr\u00e1mites, en su mayor\u00eda por extrav\u00edos y hurtos. Entre enero y junio de este a\u00f1o, compar\u00e1ndolo con el mismo periodo del a\u00f1o pasado, en esta oficina \u00abse ha demostrado la importancia de la labor preventiva, ya que el n\u00famero de delitos ha descendido un 12% y el de faltas ha bajado un 32%, mientras que por el contrario han aumentado un 20% los tr\u00e1mites ante embajadas\u00bb.<\/p>\n<p>Valderrama ha destacado la apuesta por las nuevas tecnolog\u00edas al servicio de la seguridad, como es la aplicaci\u00f3n m\u00f3vil ALERTCOPS, gratuita y que act\u00faa como canal bidireccional entre el ciudadano y los cuerpos policiales y a trav\u00e9s de la cual quien sea v\u00edctima o testigo de un delito o situaci\u00f3n de riesgo puede pedir ayuda o informaci\u00f3n a trav\u00e9s de su smartphone de una forma inmediata. Asimismo, el delegado ha explicado que para dar a conocer esta aplicaci\u00f3n se han distribuido ya 1.500 carteles y 13.000 d\u00edpticos en espa\u00f1ol y en ingl\u00e9s en los que se explica su funcionamiento.<\/p>\n","protected":false},"excerpt":{"rendered":"<p>M\u00e1s de 5.800 efectivos de las Fuerzas y Cuerpos de Seguridad del Estado velar\u00e1n por la seguridad ciudadana en las zonas tur\u00edsticas de la Comunitat Valenciana este verano, seg\u00fan ha anunciado el delegado del Gobierno en la Comunitat Valenciana, Juan Carlos Valderrama. Valderrama, que ha presentado este mi\u00e9rcoles en Benidorm el Plan Turismo Seguro 2015,<\/p>\n","protected":false},"author":1,"featured_media":40860,"comment_status":"open","ping_status":"closed","sticky":false,"template":"","format":"standard","meta":{"footnotes":""},"categories":[222],"tags":[],"class_list":{"0":"post-40859","1":"post","2":"type-post","3":"status-publish","4":"format-standard","5":"has-post-thumbnail","7":"category-actualidad-turismo"},"aioseo_notices":[],"aioseo_head":"\n\t\t<!-- All in One SEO Pro 4.9.6.1 - aioseo.com -->\n\t<meta name=\"description\" content=\"M\u00e1s de 5.800 efectivos de las Fuerzas y Cuerpos de Seguridad del Estado velar\u00e1n por la seguridad ciudadana en las zonas tur\u00edsticas de la Comunitat Valenciana este verano, seg\u00fan ha anunciado el delegado del Gobierno en la Comunitat Valenciana, Juan Carlos Valderrama. Valderrama, que ha presentado este mi\u00e9rcoles en Benidorm el Plan Turismo Seguro 2015,\" \/>\n\t<meta name=\"robots\" content=\"max-image-preview:large\" \/>\n\t<meta name=\"author\" content=\"admin\"\/>\n\t<meta name=\"google-site-verification\" content=\"UA-38556648-1\" \/>\n\t<meta name=\"keywords\" content=\"actualidad turismo\" \/>\n\t<link rel=\"canonical\" href=\"https:\/\/eldigitaldeasturias.com\/magazine365\/mas-de-5-800-efectivos-policiales-velaran-por-la-seguridad-en-zonas-turisticas-de-la-comunidad-valenciana-este-verano\/\" \/>\n\t<meta name=\"generator\" content=\"All in One SEO Pro (AIOSEO) 4.9.6.1\" \/>\n\t\t<meta property=\"og:locale\" content=\"es_ES\" \/>\n\t\t<meta property=\"og:site_name\" content=\"El Digital de Asturias \u2013 Revista de ocio, turismo y estilo de vida\" \/>\n\t\t<meta property=\"og:type\" content=\"article\" \/>\n\t\t<meta property=\"og:title\" content=\"M\u00e1s de 5.800 efectivos policiales velar\u00e1n por la seguridad en zonas tur\u00edsticas de la Comunidad Valenciana este verano | El Digital de Asturias\" \/>\n\t\t<meta property=\"og:description\" content=\"M\u00e1s de 5.800 efectivos de las Fuerzas y Cuerpos de Seguridad del Estado velar\u00e1n por la seguridad ciudadana en las zonas tur\u00edsticas de la Comunitat Valenciana este verano, seg\u00fan ha anunciado el delegado del Gobierno en la Comunitat Valenciana, Juan Carlos Valderrama. Valderrama, que ha presentado este mi\u00e9rcoles en Benidorm el Plan Turismo Seguro 2015,\" \/>\n\t\t<meta property=\"og:url\" content=\"https:\/\/eldigitaldeasturias.com\/magazine365\/mas-de-5-800-efectivos-policiales-velaran-por-la-seguridad-en-zonas-turisticas-de-la-comunidad-valenciana-este-verano\/\" \/>\n\t\t<meta property=\"og:image\" content=\"https:\/\/eldigitaldeasturias.com\/magazine365\/wp-content\/uploads\/2015\/06\/fotonoticia_20150624130307_800.jpg\" \/>\n\t\t<meta property=\"og:image:secure_url\" content=\"https:\/\/eldigitaldeasturias.com\/magazine365\/wp-content\/uploads\/2015\/06\/fotonoticia_20150624130307_800.jpg\" \/>\n\t\t<meta property=\"og:image:width\" content=\"800\" \/>\n\t\t<meta property=\"og:image:height\" content=\"600\" \/>\n\t\t<meta property=\"article:published_time\" content=\"2015-06-24T15:31:41+00:00\" \/>\n\t\t<meta property=\"article:modified_time\" content=\"2015-06-24T15:31:41+00:00\" \/>\n\t\t<meta name=\"twitter:card\" content=\"summary_large_image\" \/>\n\t\t<meta name=\"twitter:title\" content=\"M\u00e1s de 5.800 efectivos policiales velar\u00e1n por la seguridad en zonas tur\u00edsticas de la Comunidad Valenciana este verano | El Digital de Asturias\" \/>\n\t\t<meta name=\"twitter:description\" content=\"M\u00e1s de 5.800 efectivos de las Fuerzas y Cuerpos de Seguridad del Estado velar\u00e1n por la seguridad ciudadana en las zonas tur\u00edsticas de la Comunitat Valenciana este verano, seg\u00fan ha anunciado el delegado del Gobierno en la Comunitat Valenciana, Juan Carlos Valderrama. Valderrama, que ha presentado este mi\u00e9rcoles en Benidorm el Plan Turismo Seguro 2015,\" \/>\n\t\t<meta name=\"twitter:image\" content=\"https:\/\/eldigitaldeasturias.com\/magazine365\/wp-content\/uploads\/2015\/06\/fotonoticia_20150624130307_800.jpg\" \/>\n\t\t<script type=\"application\/ld+json\" class=\"aioseo-schema\">\n\t\t\t{\"@context\":\"https:\\\/\\\/schema.org\",\"@graph\":[{\"@type\":\"Article\",\"@id\":\"https:\\\/\\\/eldigitaldeasturias.com\\\/magazine365\\\/mas-de-5-800-efectivos-policiales-velaran-por-la-seguridad-en-zonas-turisticas-de-la-comunidad-valenciana-este-verano\\\/#article\",\"name\":\"M\\u00e1s de 5.800 efectivos policiales velar\\u00e1n por la seguridad en zonas tur\\u00edsticas de la Comunidad Valenciana este verano | El Digital de Asturias\",\"headline\":\"M\\u00e1s de 5.800 efectivos policiales velar\\u00e1n por la seguridad en zonas tur\\u00edsticas de la Comunidad Valenciana este verano\",\"author\":{\"@id\":\"https:\\\/\\\/eldigitaldeasturias.com\\\/magazine365\\\/author\\\/admin\\\/#author\"},\"publisher\":{\"@id\":\"https:\\\/\\\/eldigitaldeasturias.com\\\/magazine365\\\/#organization\"},\"image\":{\"@type\":\"ImageObject\",\"url\":\"https:\\\/\\\/eldigitaldeasturias.com\\\/magazine365\\\/wp-content\\\/uploads\\\/2015\\\/06\\\/fotonoticia_20150624130307_800.jpg\",\"width\":800,\"height\":600},\"datePublished\":\"2015-06-24T17:01:41+02:00\",\"dateModified\":\"2015-06-24T17:01:41+02:00\",\"inLanguage\":\"es-ES\",\"mainEntityOfPage\":{\"@id\":\"https:\\\/\\\/eldigitaldeasturias.com\\\/magazine365\\\/mas-de-5-800-efectivos-policiales-velaran-por-la-seguridad-en-zonas-turisticas-de-la-comunidad-valenciana-este-verano\\\/#webpage\"},\"isPartOf\":{\"@id\":\"https:\\\/\\\/eldigitaldeasturias.com\\\/magazine365\\\/mas-de-5-800-efectivos-policiales-velaran-por-la-seguridad-en-zonas-turisticas-de-la-comunidad-valenciana-este-verano\\\/#webpage\"},\"articleSection\":\"Actualidad Turismo\"},{\"@type\":\"BreadcrumbList\",\"@id\":\"https:\\\/\\\/eldigitaldeasturias.com\\\/magazine365\\\/mas-de-5-800-efectivos-policiales-velaran-por-la-seguridad-en-zonas-turisticas-de-la-comunidad-valenciana-este-verano\\\/#breadcrumblist\",\"itemListElement\":[{\"@type\":\"ListItem\",\"@id\":\"https:\\\/\\\/eldigitaldeasturias.com\\\/magazine365#listItem\",\"position\":1,\"name\":\"Home\",\"item\":\"https:\\\/\\\/eldigitaldeasturias.com\\\/magazine365\",\"nextItem\":{\"@type\":\"ListItem\",\"@id\":\"https:\\\/\\\/eldigitaldeasturias.com\\\/magazine365\\\/category\\\/actualidad-turismo\\\/#listItem\",\"name\":\"Actualidad Turismo\"}},{\"@type\":\"ListItem\",\"@id\":\"https:\\\/\\\/eldigitaldeasturias.com\\\/magazine365\\\/category\\\/actualidad-turismo\\\/#listItem\",\"position\":2,\"name\":\"Actualidad Turismo\",\"item\":\"https:\\\/\\\/eldigitaldeasturias.com\\\/magazine365\\\/category\\\/actualidad-turismo\\\/\",\"nextItem\":{\"@type\":\"ListItem\",\"@id\":\"https:\\\/\\\/eldigitaldeasturias.com\\\/magazine365\\\/mas-de-5-800-efectivos-policiales-velaran-por-la-seguridad-en-zonas-turisticas-de-la-comunidad-valenciana-este-verano\\\/#listItem\",\"name\":\"M\\u00e1s de 5.800 efectivos policiales velar\\u00e1n por la seguridad en zonas tur\\u00edsticas de la Comunidad Valenciana este verano\"},\"previousItem\":{\"@type\":\"ListItem\",\"@id\":\"https:\\\/\\\/eldigitaldeasturias.com\\\/magazine365#listItem\",\"name\":\"Home\"}},{\"@type\":\"ListItem\",\"@id\":\"https:\\\/\\\/eldigitaldeasturias.com\\\/magazine365\\\/mas-de-5-800-efectivos-policiales-velaran-por-la-seguridad-en-zonas-turisticas-de-la-comunidad-valenciana-este-verano\\\/#listItem\",\"position\":3,\"name\":\"M\\u00e1s de 5.800 efectivos policiales velar\\u00e1n por la seguridad en zonas tur\\u00edsticas de la Comunidad Valenciana este verano\",\"previousItem\":{\"@type\":\"ListItem\",\"@id\":\"https:\\\/\\\/eldigitaldeasturias.com\\\/magazine365\\\/category\\\/actualidad-turismo\\\/#listItem\",\"name\":\"Actualidad Turismo\"}}]},{\"@type\":\"Organization\",\"@id\":\"https:\\\/\\\/eldigitaldeasturias.com\\\/magazine365\\\/#organization\",\"name\":\"El digital de Asturias\",\"description\":\"Revista de ocio, turismo y estilo de vida\",\"url\":\"https:\\\/\\\/eldigitaldeasturias.com\\\/magazine365\\\/\",\"logo\":{\"@type\":\"ImageObject\",\"url\":\"https:\\\/\\\/www.eldigitaldeasturias.com\\\/noticias\\\/wp-content\\\/uploads\\\/2020\\\/12\\\/EDA.jpg\",\"@id\":\"https:\\\/\\\/eldigitaldeasturias.com\\\/magazine365\\\/mas-de-5-800-efectivos-policiales-velaran-por-la-seguridad-en-zonas-turisticas-de-la-comunidad-valenciana-este-verano\\\/#organizationLogo\"},\"image\":{\"@id\":\"https:\\\/\\\/eldigitaldeasturias.com\\\/magazine365\\\/mas-de-5-800-efectivos-policiales-velaran-por-la-seguridad-en-zonas-turisticas-de-la-comunidad-valenciana-este-verano\\\/#organizationLogo\"}},{\"@type\":\"Person\",\"@id\":\"https:\\\/\\\/eldigitaldeasturias.com\\\/magazine365\\\/author\\\/admin\\\/#author\",\"url\":\"https:\\\/\\\/eldigitaldeasturias.com\\\/magazine365\\\/author\\\/admin\\\/\",\"name\":\"admin\",\"image\":{\"@type\":\"ImageObject\",\"@id\":\"https:\\\/\\\/eldigitaldeasturias.com\\\/magazine365\\\/mas-de-5-800-efectivos-policiales-velaran-por-la-seguridad-en-zonas-turisticas-de-la-comunidad-valenciana-este-verano\\\/#authorImage\",\"url\":\"https:\\\/\\\/eldigitaldeasturias.com\\\/magazine365\\\/wp-content\\\/litespeed\\\/avatar\\\/e571bcf59a0edd6fa6838245a470f2fe.jpg?ver=1777574230\",\"width\":96,\"height\":96,\"caption\":\"admin\"}},{\"@type\":\"WebPage\",\"@id\":\"https:\\\/\\\/eldigitaldeasturias.com\\\/magazine365\\\/mas-de-5-800-efectivos-policiales-velaran-por-la-seguridad-en-zonas-turisticas-de-la-comunidad-valenciana-este-verano\\\/#webpage\",\"url\":\"https:\\\/\\\/eldigitaldeasturias.com\\\/magazine365\\\/mas-de-5-800-efectivos-policiales-velaran-por-la-seguridad-en-zonas-turisticas-de-la-comunidad-valenciana-este-verano\\\/\",\"name\":\"M\\u00e1s de 5.800 efectivos policiales velar\\u00e1n por la seguridad en zonas tur\\u00edsticas de la Comunidad Valenciana este verano | El Digital de Asturias\",\"description\":\"M\\u00e1s de 5.800 efectivos de las Fuerzas y Cuerpos de Seguridad del Estado velar\\u00e1n por la seguridad ciudadana en las zonas tur\\u00edsticas de la Comunitat Valenciana este verano, seg\\u00fan ha anunciado el delegado del Gobierno en la Comunitat Valenciana, Juan Carlos Valderrama. Valderrama, que ha presentado este mi\\u00e9rcoles en Benidorm el Plan Turismo Seguro 2015,\",\"inLanguage\":\"es-ES\",\"isPartOf\":{\"@id\":\"https:\\\/\\\/eldigitaldeasturias.com\\\/magazine365\\\/#website\"},\"breadcrumb\":{\"@id\":\"https:\\\/\\\/eldigitaldeasturias.com\\\/magazine365\\\/mas-de-5-800-efectivos-policiales-velaran-por-la-seguridad-en-zonas-turisticas-de-la-comunidad-valenciana-este-verano\\\/#breadcrumblist\"},\"author\":{\"@id\":\"https:\\\/\\\/eldigitaldeasturias.com\\\/magazine365\\\/author\\\/admin\\\/#author\"},\"creator\":{\"@id\":\"https:\\\/\\\/eldigitaldeasturias.com\\\/magazine365\\\/author\\\/admin\\\/#author\"},\"image\":{\"@type\":\"ImageObject\",\"url\":\"https:\\\/\\\/eldigitaldeasturias.com\\\/magazine365\\\/wp-content\\\/uploads\\\/2015\\\/06\\\/fotonoticia_20150624130307_800.jpg\",\"@id\":\"https:\\\/\\\/eldigitaldeasturias.com\\\/magazine365\\\/mas-de-5-800-efectivos-policiales-velaran-por-la-seguridad-en-zonas-turisticas-de-la-comunidad-valenciana-este-verano\\\/#mainImage\",\"width\":800,\"height\":600},\"primaryImageOfPage\":{\"@id\":\"https:\\\/\\\/eldigitaldeasturias.com\\\/magazine365\\\/mas-de-5-800-efectivos-policiales-velaran-por-la-seguridad-en-zonas-turisticas-de-la-comunidad-valenciana-este-verano\\\/#mainImage\"},\"datePublished\":\"2015-06-24T17:01:41+02:00\",\"dateModified\":\"2015-06-24T17:01:41+02:00\"},{\"@type\":\"WebSite\",\"@id\":\"https:\\\/\\\/eldigitaldeasturias.com\\\/magazine365\\\/#website\",\"url\":\"https:\\\/\\\/eldigitaldeasturias.com\\\/magazine365\\\/\",\"name\":\"El Digital de Asturias\",\"description\":\"Revista de ocio, turismo y estilo de vida\",\"inLanguage\":\"es-ES\",\"publisher\":{\"@id\":\"https:\\\/\\\/eldigitaldeasturias.com\\\/magazine365\\\/#organization\"}}]}\n\t\t<\/script>\n\t\t<!-- All in One SEO Pro -->\r\n\t\t<title>M\u00e1s de 5.800 efectivos policiales velar\u00e1n por la seguridad en zonas tur\u00edsticas de la Comunidad Valenciana este verano | El Digital de Asturias<\/title>\n\n","aioseo_head_json":{"title":"M\u00e1s de 5.800 efectivos policiales velar\u00e1n por la seguridad en zonas tur\u00edsticas de la Comunidad Valenciana este verano | El Digital de Asturias","description":"M\u00e1s de 5.800 efectivos de las Fuerzas y Cuerpos de Seguridad del Estado velar\u00e1n por la seguridad ciudadana en las zonas tur\u00edsticas de la Comunitat Valenciana este verano, seg\u00fan ha anunciado el delegado del Gobierno en la Comunitat Valenciana, Juan Carlos Valderrama. Valderrama, que ha presentado este mi\u00e9rcoles en Benidorm el Plan Turismo Seguro 2015,","canonical_url":"https:\/\/eldigitaldeasturias.com\/magazine365\/mas-de-5-800-efectivos-policiales-velaran-por-la-seguridad-en-zonas-turisticas-de-la-comunidad-valenciana-este-verano\/","robots":"max-image-preview:large","keywords":"actualidad turismo","webmasterTools":{"google-site-verification":"UA-38556648-1","miscellaneous":""},"schema":{"@context":"https:\/\/schema.org","@graph":[{"@type":"Article","@id":"https:\/\/eldigitaldeasturias.com\/magazine365\/mas-de-5-800-efectivos-policiales-velaran-por-la-seguridad-en-zonas-turisticas-de-la-comunidad-valenciana-este-verano\/#article","name":"M\u00e1s de 5.800 efectivos policiales velar\u00e1n por la seguridad en zonas tur\u00edsticas de la Comunidad Valenciana este verano | El Digital de Asturias","headline":"M\u00e1s de 5.800 efectivos policiales velar\u00e1n por la seguridad en zonas tur\u00edsticas de la Comunidad Valenciana este verano","author":{"@id":"https:\/\/eldigitaldeasturias.com\/magazine365\/author\/admin\/#author"},"publisher":{"@id":"https:\/\/eldigitaldeasturias.com\/magazine365\/#organization"},"image":{"@type":"ImageObject","url":"https:\/\/eldigitaldeasturias.com\/magazine365\/wp-content\/uploads\/2015\/06\/fotonoticia_20150624130307_800.jpg","width":800,"height":600},"datePublished":"2015-06-24T17:01:41+02:00","dateModified":"2015-06-24T17:01:41+02:00","inLanguage":"es-ES","mainEntityOfPage":{"@id":"https:\/\/eldigitaldeasturias.com\/magazine365\/mas-de-5-800-efectivos-policiales-velaran-por-la-seguridad-en-zonas-turisticas-de-la-comunidad-valenciana-este-verano\/#webpage"},"isPartOf":{"@id":"https:\/\/eldigitaldeasturias.com\/magazine365\/mas-de-5-800-efectivos-policiales-velaran-por-la-seguridad-en-zonas-turisticas-de-la-comunidad-valenciana-este-verano\/#webpage"},"articleSection":"Actualidad Turismo"},{"@type":"BreadcrumbList","@id":"https:\/\/eldigitaldeasturias.com\/magazine365\/mas-de-5-800-efectivos-policiales-velaran-por-la-seguridad-en-zonas-turisticas-de-la-comunidad-valenciana-este-verano\/#breadcrumblist","itemListElement":[{"@type":"ListItem","@id":"https:\/\/eldigitaldeasturias.com\/magazine365#listItem","position":1,"name":"Home","item":"https:\/\/eldigitaldeasturias.com\/magazine365","nextItem":{"@type":"ListItem","@id":"https:\/\/eldigitaldeasturias.com\/magazine365\/category\/actualidad-turismo\/#listItem","name":"Actualidad Turismo"}},{"@type":"ListItem","@id":"https:\/\/eldigitaldeasturias.com\/magazine365\/category\/actualidad-turismo\/#listItem","position":2,"name":"Actualidad Turismo","item":"https:\/\/eldigitaldeasturias.com\/magazine365\/category\/actualidad-turismo\/","nextItem":{"@type":"ListItem","@id":"https:\/\/eldigitaldeasturias.com\/magazine365\/mas-de-5-800-efectivos-policiales-velaran-por-la-seguridad-en-zonas-turisticas-de-la-comunidad-valenciana-este-verano\/#listItem","name":"M\u00e1s de 5.800 efectivos policiales velar\u00e1n por la seguridad en zonas tur\u00edsticas de la Comunidad Valenciana este verano"},"previousItem":{"@type":"ListItem","@id":"https:\/\/eldigitaldeasturias.com\/magazine365#listItem","name":"Home"}},{"@type":"ListItem","@id":"https:\/\/eldigitaldeasturias.com\/magazine365\/mas-de-5-800-efectivos-policiales-velaran-por-la-seguridad-en-zonas-turisticas-de-la-comunidad-valenciana-este-verano\/#listItem","position":3,"name":"M\u00e1s de 5.800 efectivos policiales velar\u00e1n por la seguridad en zonas tur\u00edsticas de la Comunidad Valenciana este verano","previousItem":{"@type":"ListItem","@id":"https:\/\/eldigitaldeasturias.com\/magazine365\/category\/actualidad-turismo\/#listItem","name":"Actualidad Turismo"}}]},{"@type":"Organization","@id":"https:\/\/eldigitaldeasturias.com\/magazine365\/#organization","name":"El digital de Asturias","description":"Revista de ocio, turismo y estilo de vida","url":"https:\/\/eldigitaldeasturias.com\/magazine365\/","logo":{"@type":"ImageObject","url":"https:\/\/www.eldigitaldeasturias.com\/noticias\/wp-content\/uploads\/2020\/12\/EDA.jpg","@id":"https:\/\/eldigitaldeasturias.com\/magazine365\/mas-de-5-800-efectivos-policiales-velaran-por-la-seguridad-en-zonas-turisticas-de-la-comunidad-valenciana-este-verano\/#organizationLogo"},"image":{"@id":"https:\/\/eldigitaldeasturias.com\/magazine365\/mas-de-5-800-efectivos-policiales-velaran-por-la-seguridad-en-zonas-turisticas-de-la-comunidad-valenciana-este-verano\/#organizationLogo"}},{"@type":"Person","@id":"https:\/\/eldigitaldeasturias.com\/magazine365\/author\/admin\/#author","url":"https:\/\/eldigitaldeasturias.com\/magazine365\/author\/admin\/","name":"admin","image":{"@type":"ImageObject","@id":"https:\/\/eldigitaldeasturias.com\/magazine365\/mas-de-5-800-efectivos-policiales-velaran-por-la-seguridad-en-zonas-turisticas-de-la-comunidad-valenciana-este-verano\/#authorImage","url":"https:\/\/eldigitaldeasturias.com\/magazine365\/wp-content\/litespeed\/avatar\/e571bcf59a0edd6fa6838245a470f2fe.jpg?ver=1777574230","width":96,"height":96,"caption":"admin"}},{"@type":"WebPage","@id":"https:\/\/eldigitaldeasturias.com\/magazine365\/mas-de-5-800-efectivos-policiales-velaran-por-la-seguridad-en-zonas-turisticas-de-la-comunidad-valenciana-este-verano\/#webpage","url":"https:\/\/eldigitaldeasturias.com\/magazine365\/mas-de-5-800-efectivos-policiales-velaran-por-la-seguridad-en-zonas-turisticas-de-la-comunidad-valenciana-este-verano\/","name":"M\u00e1s de 5.800 efectivos policiales velar\u00e1n por la seguridad en zonas tur\u00edsticas de la Comunidad Valenciana este verano | El Digital de Asturias","description":"M\u00e1s de 5.800 efectivos de las Fuerzas y Cuerpos de Seguridad del Estado velar\u00e1n por la seguridad ciudadana en las zonas tur\u00edsticas de la Comunitat Valenciana este verano, seg\u00fan ha anunciado el delegado del Gobierno en la Comunitat Valenciana, Juan Carlos Valderrama. Valderrama, que ha presentado este mi\u00e9rcoles en Benidorm el Plan Turismo Seguro 2015,","inLanguage":"es-ES","isPartOf":{"@id":"https:\/\/eldigitaldeasturias.com\/magazine365\/#website"},"breadcrumb":{"@id":"https:\/\/eldigitaldeasturias.com\/magazine365\/mas-de-5-800-efectivos-policiales-velaran-por-la-seguridad-en-zonas-turisticas-de-la-comunidad-valenciana-este-verano\/#breadcrumblist"},"author":{"@id":"https:\/\/eldigitaldeasturias.com\/magazine365\/author\/admin\/#author"},"creator":{"@id":"https:\/\/eldigitaldeasturias.com\/magazine365\/author\/admin\/#author"},"image":{"@type":"ImageObject","url":"https:\/\/eldigitaldeasturias.com\/magazine365\/wp-content\/uploads\/2015\/06\/fotonoticia_20150624130307_800.jpg","@id":"https:\/\/eldigitaldeasturias.com\/magazine365\/mas-de-5-800-efectivos-policiales-velaran-por-la-seguridad-en-zonas-turisticas-de-la-comunidad-valenciana-este-verano\/#mainImage","width":800,"height":600},"primaryImageOfPage":{"@id":"https:\/\/eldigitaldeasturias.com\/magazine365\/mas-de-5-800-efectivos-policiales-velaran-por-la-seguridad-en-zonas-turisticas-de-la-comunidad-valenciana-este-verano\/#mainImage"},"datePublished":"2015-06-24T17:01:41+02:00","dateModified":"2015-06-24T17:01:41+02:00"},{"@type":"WebSite","@id":"https:\/\/eldigitaldeasturias.com\/magazine365\/#website","url":"https:\/\/eldigitaldeasturias.com\/magazine365\/","name":"El Digital de Asturias","description":"Revista de ocio, turismo y estilo de vida","inLanguage":"es-ES","publisher":{"@id":"https:\/\/eldigitaldeasturias.com\/magazine365\/#organization"}}]},"og:locale":"es_ES","og:site_name":"El Digital de Asturias \u2013 Revista de ocio, turismo y estilo de vida","og:type":"article","og:title":"M\u00e1s de 5.800 efectivos policiales velar\u00e1n por la seguridad en zonas tur\u00edsticas de la Comunidad Valenciana este verano | El Digital de Asturias","og:description":"M\u00e1s de 5.800 efectivos de las Fuerzas y Cuerpos de Seguridad del Estado velar\u00e1n por la seguridad ciudadana en las zonas tur\u00edsticas de la Comunitat Valenciana este verano, seg\u00fan ha anunciado el delegado del Gobierno en la Comunitat Valenciana, Juan Carlos Valderrama. Valderrama, que ha presentado este mi\u00e9rcoles en Benidorm el Plan Turismo Seguro 2015,","og:url":"https:\/\/eldigitaldeasturias.com\/magazine365\/mas-de-5-800-efectivos-policiales-velaran-por-la-seguridad-en-zonas-turisticas-de-la-comunidad-valenciana-este-verano\/","og:image":"https:\/\/eldigitaldeasturias.com\/magazine365\/wp-content\/uploads\/2015\/06\/fotonoticia_20150624130307_800.jpg","og:image:secure_url":"https:\/\/eldigitaldeasturias.com\/magazine365\/wp-content\/uploads\/2015\/06\/fotonoticia_20150624130307_800.jpg","og:image:width":800,"og:image:height":600,"article:published_time":"2015-06-24T15:31:41+00:00","article:modified_time":"2015-06-24T15:31:41+00:00","twitter:card":"summary_large_image","twitter:title":"M\u00e1s de 5.800 efectivos policiales velar\u00e1n por la seguridad en zonas tur\u00edsticas de la Comunidad Valenciana este verano | El Digital de Asturias","twitter:description":"M\u00e1s de 5.800 efectivos de las Fuerzas y Cuerpos de Seguridad del Estado velar\u00e1n por la seguridad ciudadana en las zonas tur\u00edsticas de la Comunitat Valenciana este verano, seg\u00fan ha anunciado el delegado del Gobierno en la Comunitat Valenciana, Juan Carlos Valderrama. Valderrama, que ha presentado este mi\u00e9rcoles en Benidorm el Plan Turismo Seguro 2015,","twitter:image":"https:\/\/eldigitaldeasturias.com\/magazine365\/wp-content\/uploads\/2015\/06\/fotonoticia_20150624130307_800.jpg"},"aioseo_meta_data":{"post_id":"40859","title":null,"description":null,"keywords":null,"keyphrases":null,"primary_term":null,"canonical_url":null,"og_title":null,"og_description":null,"og_object_type":"default","og_image_type":"default","og_image_url":null,"og_image_width":null,"og_image_height":null,"og_image_custom_url":null,"og_image_custom_fields":null,"og_video":null,"og_custom_url":null,"og_article_section":null,"og_article_tags":null,"twitter_use_og":false,"twitter_card":"default","twitter_image_type":"default","twitter_image_url":null,"twitter_image_custom_url":null,"twitter_image_custom_fields":null,"twitter_title":null,"twitter_description":null,"schema":{"blockGraphs":[],"customGraphs":[],"default":{"data":{"Article":[],"Course":[],"Dataset":[],"FAQPage":[],"Movie":[],"Person":[],"Product":[],"ProductReview":[],"Car":[],"Recipe":[],"Service":[],"SoftwareApplication":[],"WebPage":[]},"graphName":"","isEnabled":true},"graphs":[],"defaultGraph":"","defaultPostTypeGraph":""},"schema_type":null,"schema_type_options":null,"pillar_content":false,"robots_default":true,"robots_noindex":false,"robots_noarchive":false,"robots_nosnippet":false,"robots_nofollow":false,"robots_noimageindex":false,"robots_noodp":false,"robots_notranslate":false,"robots_max_snippet":null,"robots_max_videopreview":null,"robots_max_imagepreview":"large","priority":null,"frequency":null,"location":null,"local_seo":null,"seo_analyzer_scan_date":"2025-09-19 14:30:29","breadcrumb_settings":null,"limit_modified_date":false,"open_ai":null,"ai":null,"created":"2021-03-09 02:22:40","updated":"2025-09-19 14:30:29"},"aioseo_breadcrumb":"<div class=\"aioseo-breadcrumbs\"><span class=\"aioseo-breadcrumb\">\n\t<a href=\"https:\/\/eldigitaldeasturias.com\/magazine365\" title=\"Home\">Home<\/a>\n<\/span><span class=\"aioseo-breadcrumb-separator\">\u2013<\/span><span class=\"aioseo-breadcrumb\">\n\t<a href=\"https:\/\/eldigitaldeasturias.com\/magazine365\/category\/actualidad-turismo\/\" title=\"Actualidad Turismo\">Actualidad Turismo<\/a>\n<\/span><span class=\"aioseo-breadcrumb-separator\">\u2013<\/span><span class=\"aioseo-breadcrumb\">\n\t<a href=\"https:\/\/eldigitaldeasturias.com\/magazine365\/mas-de-5-800-efectivos-policiales-velaran-por-la-seguridad-en-zonas-turisticas-de-la-comunidad-valenciana-este-verano\/\" title=\"M\u00e1s de 5.800 efectivos policiales velar\u00e1n por la seguridad en zonas tur\u00edsticas de la Comunidad Valenciana este verano\">M\u00e1s de 5.800 efectivos policiales velar\u00e1n por la seguridad en zonas tur\u00edsticas de la Comunidad Valenciana este verano<\/a>\n<\/span><\/div>","aioseo_breadcrumb_json":[{"label":"Home","link":"https:\/\/eldigitaldeasturias.com\/magazine365"},{"label":"Actualidad Turismo","link":"https:\/\/eldigitaldeasturias.com\/magazine365\/category\/actualidad-turismo\/"},{"label":"M\u00e1s de 5.800 efectivos policiales velar\u00e1n por la seguridad en zonas tur\u00edsticas de la Comunidad Valenciana este verano","link":"https:\/\/eldigitaldeasturias.com\/magazine365\/mas-de-5-800-efectivos-policiales-velaran-por-la-seguridad-en-zonas-turisticas-de-la-comunidad-valenciana-este-verano\/"}],"_links":{"self":[{"href":"https:\/\/eldigitaldeasturias.com\/magazine365\/wp-json\/wp\/v2\/posts\/40859","targetHints":{"allow":["GET"]}}],"collection":[{"href":"https:\/\/eldigitaldeasturias.com\/magazine365\/wp-json\/wp\/v2\/posts"}],"about":[{"href":"https:\/\/eldigitaldeasturias.com\/magazine365\/wp-json\/wp\/v2\/types\/post"}],"author":[{"embeddable":true,"href":"https:\/\/eldigitaldeasturias.com\/magazine365\/wp-json\/wp\/v2\/users\/1"}],"replies":[{"embeddable":true,"href":"https:\/\/eldigitaldeasturias.com\/magazine365\/wp-json\/wp\/v2\/comments?post=40859"}],"version-history":[{"count":0,"href":"https:\/\/eldigitaldeasturias.com\/magazine365\/wp-json\/wp\/v2\/posts\/40859\/revisions"}],"wp:featuredmedia":[{"embeddable":true,"href":"https:\/\/eldigitaldeasturias.com\/magazine365\/wp-json\/wp\/v2\/media\/40860"}],"wp:attachment":[{"href":"https:\/\/eldigitaldeasturias.com\/magazine365\/wp-json\/wp\/v2\/media?parent=40859"}],"wp:term":[{"taxonomy":"category","embeddable":true,"href":"https:\/\/eldigitaldeasturias.com\/magazine365\/wp-json\/wp\/v2\/categories?post=40859"},{"taxonomy":"post_tag","embeddable":true,"href":"https:\/\/eldigitaldeasturias.com\/magazine365\/wp-json\/wp\/v2\/tags?post=40859"}],"curies":[{"name":"wp","href":"https:\/\/api.w.org\/{rel}","templated":true}]}}