{"id":40856,"date":"2015-06-24T17:00:21","date_gmt":"2015-06-24T15:30:21","guid":{"rendered":"http:\/\/eldigitaldeasturias.com\/magazine365\/?p=40856"},"modified":"2015-06-24T17:00:21","modified_gmt":"2015-06-24T15:30:21","slug":"soria-entregara-este-jueves-las-banderas-q-de-calidad-a-playas-e-instalaciones-nauticas","status":"publish","type":"post","link":"https:\/\/eldigitaldeasturias.com\/magazine365\/soria-entregara-este-jueves-las-banderas-q-de-calidad-a-playas-e-instalaciones-nauticas\/","title":{"rendered":"Soria entregar\u00e1 este jueves las banderas &#8216;Q&#8217; de calidad a playas e instalaciones n\u00e1uticas"},"content":{"rendered":"<p><img fetchpriority=\"high\" decoding=\"async\" class=\"alignleft size-medium wp-image-40857\" src=\"https:\/\/eldigitaldeasturias.com\/magazine365\/wp-content\/uploads\/2015\/06\/fotonoticia_20150624125043_800-360x294.jpg\" alt=\"fotonoticia_20150624125043_800\" width=\"360\" height=\"294\" srcset=\"https:\/\/eldigitaldeasturias.com\/magazine365\/wp-content\/uploads\/2015\/06\/fotonoticia_20150624125043_800-360x294.jpg 360w, https:\/\/eldigitaldeasturias.com\/magazine365\/wp-content\/uploads\/2015\/06\/fotonoticia_20150624125043_800-650x531.jpg 650w, https:\/\/eldigitaldeasturias.com\/magazine365\/wp-content\/uploads\/2015\/06\/fotonoticia_20150624125043_800-768x628.jpg 768w, https:\/\/eldigitaldeasturias.com\/magazine365\/wp-content\/uploads\/2015\/06\/fotonoticia_20150624125043_800-150x123.jpg 150w, https:\/\/eldigitaldeasturias.com\/magazine365\/wp-content\/uploads\/2015\/06\/fotonoticia_20150624125043_800-450x368.jpg 450w, https:\/\/eldigitaldeasturias.com\/magazine365\/wp-content\/uploads\/2015\/06\/fotonoticia_20150624125043_800-696x569.jpg 696w, https:\/\/eldigitaldeasturias.com\/magazine365\/wp-content\/uploads\/2015\/06\/fotonoticia_20150624125043_800-514x420.jpg 514w, https:\/\/eldigitaldeasturias.com\/magazine365\/wp-content\/uploads\/2015\/06\/fotonoticia_20150624125043_800.jpg 800w\" sizes=\"(max-width: 360px) 100vw, 360px\" \/>El ministro de Industria, Energ\u00eda y Turismo, Jos\u00e9 Manuel Soria, presidir\u00e1 este jueves la VIII entrega del distintivo de las banderas &#8216;Q&#8217; de calidad tur\u00edstica a las playas e instalaciones n\u00e1utico-deportivas correspondientes a 2015.<\/p>\n<p>Acompa\u00f1ar\u00e1n al titular de Turismo en este acto la secretaria de Estado de Turismo, Isabel Borrego, y el presidente del Instituto para la Calidad Tur\u00edstica (ICTE), Miguel Mirones, inform\u00f3 Industria.<\/p>\n<p>La bandera &#8216;Q&#8217; reconoce la mejora de los servicios que se prestan a los turistas en nuestras playas e instalaciones n\u00e1utico-deportivas, a aquellas que hayan superado las auditor\u00edas pertinentes para la obtenci\u00f3n de esta distinci\u00f3n.<\/p>\n<p>Todas las playas reconocidas cumplen con los requisitos de la norma UE de su sector, asociada a la marca &#8216;Q&#8217; de calidad tur\u00edstica que, en caso de las playas, se refieren tanto a los equipamientos como a la limpieza, seguridad, salvamento o informaci\u00f3n.<\/p>\n<p>En 2014, recibieron la distinci\u00f3n &#8216;Q&#8217; de calidad un total de 196 playas y 17 instalaciones n\u00e1utico deportivas de toda Espa\u00f1a, correspondientes a 96 ayuntamientos y administraciones p\u00fablicas localizadas en 11 comunidades y ciudades aut\u00f3nomas, lo que supuso un incremento 12,64% con respecto a 2013.<\/p>\n<p>Andaluc\u00eda se consolid\u00f3 un a\u00f1o m\u00e1s como la regi\u00f3n con m\u00e1s playas certificadas, con un total de 65, seguida de la Comunidad Valenciana en segundo puesto, con 45 certificaciones. En tercer lugar se situ\u00f3 el a\u00f1o pasado la Regi\u00f3n de Murcia, con 30 certificaciones, seguida de Catalu\u00f1a, con 12, y Galicia, con ocho.<\/p>\n<p>En el apartado de instalaciones n\u00e1utico deportivas, lider\u00f3 Galicia que dispone de m\u00e1s de la mitad de las certificaciones, diez del total de 17.<\/p>\n","protected":false},"excerpt":{"rendered":"<p>El ministro de Industria, Energ\u00eda y Turismo, Jos\u00e9 Manuel Soria, presidir\u00e1 este jueves la VIII entrega del distintivo de las banderas &#8216;Q&#8217; de calidad tur\u00edstica a las playas e instalaciones n\u00e1utico-deportivas correspondientes a 2015. Acompa\u00f1ar\u00e1n al titular de Turismo en este acto la secretaria de Estado de Turismo, Isabel Borrego, y el presidente del Instituto<\/p>\n","protected":false},"author":1,"featured_media":40857,"comment_status":"open","ping_status":"closed","sticky":false,"template":"","format":"standard","meta":{"footnotes":""},"categories":[222],"tags":[],"class_list":{"0":"post-40856","1":"post","2":"type-post","3":"status-publish","4":"format-standard","5":"has-post-thumbnail","7":"category-actualidad-turismo"},"aioseo_notices":[],"aioseo_head":"\n\t\t<!-- All in One SEO Pro 4.9.6.1 - aioseo.com -->\n\t<meta name=\"description\" content=\"El ministro de Industria, Energ\u00eda y Turismo, Jos\u00e9 Manuel Soria, presidir\u00e1 este jueves la VIII entrega del distintivo de las banderas &#039;Q&#039; de calidad tur\u00edstica a las playas e instalaciones n\u00e1utico-deportivas correspondientes a 2015. Acompa\u00f1ar\u00e1n al titular de Turismo en este acto la secretaria de Estado de Turismo, Isabel Borrego, y el presidente del Instituto\" \/>\n\t<meta name=\"robots\" content=\"max-image-preview:large\" \/>\n\t<meta name=\"author\" content=\"admin\"\/>\n\t<meta name=\"google-site-verification\" content=\"UA-38556648-1\" \/>\n\t<meta name=\"keywords\" content=\"actualidad turismo\" \/>\n\t<link rel=\"canonical\" href=\"https:\/\/eldigitaldeasturias.com\/magazine365\/soria-entregara-este-jueves-las-banderas-q-de-calidad-a-playas-e-instalaciones-nauticas\/\" \/>\n\t<meta name=\"generator\" content=\"All in One SEO Pro (AIOSEO) 4.9.6.1\" \/>\n\t\t<meta property=\"og:locale\" content=\"es_ES\" \/>\n\t\t<meta property=\"og:site_name\" content=\"El Digital de Asturias \u2013 Revista de ocio, turismo y estilo de vida\" \/>\n\t\t<meta property=\"og:type\" content=\"article\" \/>\n\t\t<meta property=\"og:title\" content=\"Soria entregar\u00e1 este jueves las banderas \u2018Q\u2019 de calidad a playas e instalaciones n\u00e1uticas | El Digital de Asturias\" \/>\n\t\t<meta property=\"og:description\" content=\"El ministro de Industria, Energ\u00eda y Turismo, Jos\u00e9 Manuel Soria, presidir\u00e1 este jueves la VIII entrega del distintivo de las banderas &#039;Q&#039; de calidad tur\u00edstica a las playas e instalaciones n\u00e1utico-deportivas correspondientes a 2015. Acompa\u00f1ar\u00e1n al titular de Turismo en este acto la secretaria de Estado de Turismo, Isabel Borrego, y el presidente del Instituto\" \/>\n\t\t<meta property=\"og:url\" content=\"https:\/\/eldigitaldeasturias.com\/magazine365\/soria-entregara-este-jueves-las-banderas-q-de-calidad-a-playas-e-instalaciones-nauticas\/\" \/>\n\t\t<meta property=\"og:image\" content=\"https:\/\/eldigitaldeasturias.com\/magazine365\/wp-content\/uploads\/2015\/06\/fotonoticia_20150624125043_800.jpg\" \/>\n\t\t<meta property=\"og:image:secure_url\" content=\"https:\/\/eldigitaldeasturias.com\/magazine365\/wp-content\/uploads\/2015\/06\/fotonoticia_20150624125043_800.jpg\" \/>\n\t\t<meta property=\"og:image:width\" content=\"800\" \/>\n\t\t<meta property=\"og:image:height\" content=\"654\" \/>\n\t\t<meta property=\"article:published_time\" content=\"2015-06-24T15:30:21+00:00\" \/>\n\t\t<meta property=\"article:modified_time\" content=\"2015-06-24T15:30:21+00:00\" \/>\n\t\t<meta name=\"twitter:card\" content=\"summary_large_image\" \/>\n\t\t<meta name=\"twitter:title\" content=\"Soria entregar\u00e1 este jueves las banderas \u2018Q\u2019 de calidad a playas e instalaciones n\u00e1uticas | El Digital de Asturias\" \/>\n\t\t<meta name=\"twitter:description\" content=\"El ministro de Industria, Energ\u00eda y Turismo, Jos\u00e9 Manuel Soria, presidir\u00e1 este jueves la VIII entrega del distintivo de las banderas &#039;Q&#039; de calidad tur\u00edstica a las playas e instalaciones n\u00e1utico-deportivas correspondientes a 2015. Acompa\u00f1ar\u00e1n al titular de Turismo en este acto la secretaria de Estado de Turismo, Isabel Borrego, y el presidente del Instituto\" \/>\n\t\t<meta name=\"twitter:image\" content=\"https:\/\/eldigitaldeasturias.com\/magazine365\/wp-content\/uploads\/2015\/06\/fotonoticia_20150624125043_800.jpg\" \/>\n\t\t<script type=\"application\/ld+json\" class=\"aioseo-schema\">\n\t\t\t{\"@context\":\"https:\\\/\\\/schema.org\",\"@graph\":[{\"@type\":\"Article\",\"@id\":\"https:\\\/\\\/eldigitaldeasturias.com\\\/magazine365\\\/soria-entregara-este-jueves-las-banderas-q-de-calidad-a-playas-e-instalaciones-nauticas\\\/#article\",\"name\":\"Soria entregar\\u00e1 este jueves las banderas \\u2018Q\\u2019 de calidad a playas e instalaciones n\\u00e1uticas | El Digital de Asturias\",\"headline\":\"Soria entregar\\u00e1 este jueves las banderas &#8216;Q&#8217; de calidad a playas e instalaciones n\\u00e1uticas\",\"author\":{\"@id\":\"https:\\\/\\\/eldigitaldeasturias.com\\\/magazine365\\\/author\\\/admin\\\/#author\"},\"publisher\":{\"@id\":\"https:\\\/\\\/eldigitaldeasturias.com\\\/magazine365\\\/#organization\"},\"image\":{\"@type\":\"ImageObject\",\"url\":\"https:\\\/\\\/eldigitaldeasturias.com\\\/magazine365\\\/wp-content\\\/uploads\\\/2015\\\/06\\\/fotonoticia_20150624125043_800.jpg\",\"width\":800,\"height\":654},\"datePublished\":\"2015-06-24T17:00:21+02:00\",\"dateModified\":\"2015-06-24T17:00:21+02:00\",\"inLanguage\":\"es-ES\",\"mainEntityOfPage\":{\"@id\":\"https:\\\/\\\/eldigitaldeasturias.com\\\/magazine365\\\/soria-entregara-este-jueves-las-banderas-q-de-calidad-a-playas-e-instalaciones-nauticas\\\/#webpage\"},\"isPartOf\":{\"@id\":\"https:\\\/\\\/eldigitaldeasturias.com\\\/magazine365\\\/soria-entregara-este-jueves-las-banderas-q-de-calidad-a-playas-e-instalaciones-nauticas\\\/#webpage\"},\"articleSection\":\"Actualidad Turismo\"},{\"@type\":\"BreadcrumbList\",\"@id\":\"https:\\\/\\\/eldigitaldeasturias.com\\\/magazine365\\\/soria-entregara-este-jueves-las-banderas-q-de-calidad-a-playas-e-instalaciones-nauticas\\\/#breadcrumblist\",\"itemListElement\":[{\"@type\":\"ListItem\",\"@id\":\"https:\\\/\\\/eldigitaldeasturias.com\\\/magazine365#listItem\",\"position\":1,\"name\":\"Home\",\"item\":\"https:\\\/\\\/eldigitaldeasturias.com\\\/magazine365\",\"nextItem\":{\"@type\":\"ListItem\",\"@id\":\"https:\\\/\\\/eldigitaldeasturias.com\\\/magazine365\\\/category\\\/actualidad-turismo\\\/#listItem\",\"name\":\"Actualidad Turismo\"}},{\"@type\":\"ListItem\",\"@id\":\"https:\\\/\\\/eldigitaldeasturias.com\\\/magazine365\\\/category\\\/actualidad-turismo\\\/#listItem\",\"position\":2,\"name\":\"Actualidad Turismo\",\"item\":\"https:\\\/\\\/eldigitaldeasturias.com\\\/magazine365\\\/category\\\/actualidad-turismo\\\/\",\"nextItem\":{\"@type\":\"ListItem\",\"@id\":\"https:\\\/\\\/eldigitaldeasturias.com\\\/magazine365\\\/soria-entregara-este-jueves-las-banderas-q-de-calidad-a-playas-e-instalaciones-nauticas\\\/#listItem\",\"name\":\"Soria entregar\\u00e1 este jueves las banderas &#8216;Q&#8217; de calidad a playas e instalaciones n\\u00e1uticas\"},\"previousItem\":{\"@type\":\"ListItem\",\"@id\":\"https:\\\/\\\/eldigitaldeasturias.com\\\/magazine365#listItem\",\"name\":\"Home\"}},{\"@type\":\"ListItem\",\"@id\":\"https:\\\/\\\/eldigitaldeasturias.com\\\/magazine365\\\/soria-entregara-este-jueves-las-banderas-q-de-calidad-a-playas-e-instalaciones-nauticas\\\/#listItem\",\"position\":3,\"name\":\"Soria entregar\\u00e1 este jueves las banderas &#8216;Q&#8217; de calidad a playas e instalaciones n\\u00e1uticas\",\"previousItem\":{\"@type\":\"ListItem\",\"@id\":\"https:\\\/\\\/eldigitaldeasturias.com\\\/magazine365\\\/category\\\/actualidad-turismo\\\/#listItem\",\"name\":\"Actualidad Turismo\"}}]},{\"@type\":\"Organization\",\"@id\":\"https:\\\/\\\/eldigitaldeasturias.com\\\/magazine365\\\/#organization\",\"name\":\"El digital de Asturias\",\"description\":\"Revista de ocio, turismo y estilo de vida\",\"url\":\"https:\\\/\\\/eldigitaldeasturias.com\\\/magazine365\\\/\",\"logo\":{\"@type\":\"ImageObject\",\"url\":\"https:\\\/\\\/www.eldigitaldeasturias.com\\\/noticias\\\/wp-content\\\/uploads\\\/2020\\\/12\\\/EDA.jpg\",\"@id\":\"https:\\\/\\\/eldigitaldeasturias.com\\\/magazine365\\\/soria-entregara-este-jueves-las-banderas-q-de-calidad-a-playas-e-instalaciones-nauticas\\\/#organizationLogo\"},\"image\":{\"@id\":\"https:\\\/\\\/eldigitaldeasturias.com\\\/magazine365\\\/soria-entregara-este-jueves-las-banderas-q-de-calidad-a-playas-e-instalaciones-nauticas\\\/#organizationLogo\"}},{\"@type\":\"Person\",\"@id\":\"https:\\\/\\\/eldigitaldeasturias.com\\\/magazine365\\\/author\\\/admin\\\/#author\",\"url\":\"https:\\\/\\\/eldigitaldeasturias.com\\\/magazine365\\\/author\\\/admin\\\/\",\"name\":\"admin\",\"image\":{\"@type\":\"ImageObject\",\"@id\":\"https:\\\/\\\/eldigitaldeasturias.com\\\/magazine365\\\/soria-entregara-este-jueves-las-banderas-q-de-calidad-a-playas-e-instalaciones-nauticas\\\/#authorImage\",\"url\":\"https:\\\/\\\/eldigitaldeasturias.com\\\/magazine365\\\/wp-content\\\/litespeed\\\/avatar\\\/e571bcf59a0edd6fa6838245a470f2fe.jpg?ver=1777574230\",\"width\":96,\"height\":96,\"caption\":\"admin\"}},{\"@type\":\"WebPage\",\"@id\":\"https:\\\/\\\/eldigitaldeasturias.com\\\/magazine365\\\/soria-entregara-este-jueves-las-banderas-q-de-calidad-a-playas-e-instalaciones-nauticas\\\/#webpage\",\"url\":\"https:\\\/\\\/eldigitaldeasturias.com\\\/magazine365\\\/soria-entregara-este-jueves-las-banderas-q-de-calidad-a-playas-e-instalaciones-nauticas\\\/\",\"name\":\"Soria entregar\\u00e1 este jueves las banderas \\u2018Q\\u2019 de calidad a playas e instalaciones n\\u00e1uticas | El Digital de Asturias\",\"description\":\"El ministro de Industria, Energ\\u00eda y Turismo, Jos\\u00e9 Manuel Soria, presidir\\u00e1 este jueves la VIII entrega del distintivo de las banderas 'Q' de calidad tur\\u00edstica a las playas e instalaciones n\\u00e1utico-deportivas correspondientes a 2015. Acompa\\u00f1ar\\u00e1n al titular de Turismo en este acto la secretaria de Estado de Turismo, Isabel Borrego, y el presidente del Instituto\",\"inLanguage\":\"es-ES\",\"isPartOf\":{\"@id\":\"https:\\\/\\\/eldigitaldeasturias.com\\\/magazine365\\\/#website\"},\"breadcrumb\":{\"@id\":\"https:\\\/\\\/eldigitaldeasturias.com\\\/magazine365\\\/soria-entregara-este-jueves-las-banderas-q-de-calidad-a-playas-e-instalaciones-nauticas\\\/#breadcrumblist\"},\"author\":{\"@id\":\"https:\\\/\\\/eldigitaldeasturias.com\\\/magazine365\\\/author\\\/admin\\\/#author\"},\"creator\":{\"@id\":\"https:\\\/\\\/eldigitaldeasturias.com\\\/magazine365\\\/author\\\/admin\\\/#author\"},\"image\":{\"@type\":\"ImageObject\",\"url\":\"https:\\\/\\\/eldigitaldeasturias.com\\\/magazine365\\\/wp-content\\\/uploads\\\/2015\\\/06\\\/fotonoticia_20150624125043_800.jpg\",\"@id\":\"https:\\\/\\\/eldigitaldeasturias.com\\\/magazine365\\\/soria-entregara-este-jueves-las-banderas-q-de-calidad-a-playas-e-instalaciones-nauticas\\\/#mainImage\",\"width\":800,\"height\":654},\"primaryImageOfPage\":{\"@id\":\"https:\\\/\\\/eldigitaldeasturias.com\\\/magazine365\\\/soria-entregara-este-jueves-las-banderas-q-de-calidad-a-playas-e-instalaciones-nauticas\\\/#mainImage\"},\"datePublished\":\"2015-06-24T17:00:21+02:00\",\"dateModified\":\"2015-06-24T17:00:21+02:00\"},{\"@type\":\"WebSite\",\"@id\":\"https:\\\/\\\/eldigitaldeasturias.com\\\/magazine365\\\/#website\",\"url\":\"https:\\\/\\\/eldigitaldeasturias.com\\\/magazine365\\\/\",\"name\":\"El Digital de Asturias\",\"description\":\"Revista de ocio, turismo y estilo de vida\",\"inLanguage\":\"es-ES\",\"publisher\":{\"@id\":\"https:\\\/\\\/eldigitaldeasturias.com\\\/magazine365\\\/#organization\"}}]}\n\t\t<\/script>\n\t\t<!-- All in One SEO Pro -->\r\n\t\t<title>Soria entregar\u00e1 este jueves las banderas \u2018Q\u2019 de calidad a playas e instalaciones n\u00e1uticas | El Digital de Asturias<\/title>\n\n","aioseo_head_json":{"title":"Soria entregar\u00e1 este jueves las banderas \u2018Q\u2019 de calidad a playas e instalaciones n\u00e1uticas | El Digital de Asturias","description":"El ministro de Industria, Energ\u00eda y Turismo, Jos\u00e9 Manuel Soria, presidir\u00e1 este jueves la VIII entrega del distintivo de las banderas 'Q' de calidad tur\u00edstica a las playas e instalaciones n\u00e1utico-deportivas correspondientes a 2015. Acompa\u00f1ar\u00e1n al titular de Turismo en este acto la secretaria de Estado de Turismo, Isabel Borrego, y el presidente del Instituto","canonical_url":"https:\/\/eldigitaldeasturias.com\/magazine365\/soria-entregara-este-jueves-las-banderas-q-de-calidad-a-playas-e-instalaciones-nauticas\/","robots":"max-image-preview:large","keywords":"actualidad turismo","webmasterTools":{"google-site-verification":"UA-38556648-1","miscellaneous":""},"schema":{"@context":"https:\/\/schema.org","@graph":[{"@type":"Article","@id":"https:\/\/eldigitaldeasturias.com\/magazine365\/soria-entregara-este-jueves-las-banderas-q-de-calidad-a-playas-e-instalaciones-nauticas\/#article","name":"Soria entregar\u00e1 este jueves las banderas \u2018Q\u2019 de calidad a playas e instalaciones n\u00e1uticas | El Digital de Asturias","headline":"Soria entregar\u00e1 este jueves las banderas &#8216;Q&#8217; de calidad a playas e instalaciones n\u00e1uticas","author":{"@id":"https:\/\/eldigitaldeasturias.com\/magazine365\/author\/admin\/#author"},"publisher":{"@id":"https:\/\/eldigitaldeasturias.com\/magazine365\/#organization"},"image":{"@type":"ImageObject","url":"https:\/\/eldigitaldeasturias.com\/magazine365\/wp-content\/uploads\/2015\/06\/fotonoticia_20150624125043_800.jpg","width":800,"height":654},"datePublished":"2015-06-24T17:00:21+02:00","dateModified":"2015-06-24T17:00:21+02:00","inLanguage":"es-ES","mainEntityOfPage":{"@id":"https:\/\/eldigitaldeasturias.com\/magazine365\/soria-entregara-este-jueves-las-banderas-q-de-calidad-a-playas-e-instalaciones-nauticas\/#webpage"},"isPartOf":{"@id":"https:\/\/eldigitaldeasturias.com\/magazine365\/soria-entregara-este-jueves-las-banderas-q-de-calidad-a-playas-e-instalaciones-nauticas\/#webpage"},"articleSection":"Actualidad Turismo"},{"@type":"BreadcrumbList","@id":"https:\/\/eldigitaldeasturias.com\/magazine365\/soria-entregara-este-jueves-las-banderas-q-de-calidad-a-playas-e-instalaciones-nauticas\/#breadcrumblist","itemListElement":[{"@type":"ListItem","@id":"https:\/\/eldigitaldeasturias.com\/magazine365#listItem","position":1,"name":"Home","item":"https:\/\/eldigitaldeasturias.com\/magazine365","nextItem":{"@type":"ListItem","@id":"https:\/\/eldigitaldeasturias.com\/magazine365\/category\/actualidad-turismo\/#listItem","name":"Actualidad Turismo"}},{"@type":"ListItem","@id":"https:\/\/eldigitaldeasturias.com\/magazine365\/category\/actualidad-turismo\/#listItem","position":2,"name":"Actualidad Turismo","item":"https:\/\/eldigitaldeasturias.com\/magazine365\/category\/actualidad-turismo\/","nextItem":{"@type":"ListItem","@id":"https:\/\/eldigitaldeasturias.com\/magazine365\/soria-entregara-este-jueves-las-banderas-q-de-calidad-a-playas-e-instalaciones-nauticas\/#listItem","name":"Soria entregar\u00e1 este jueves las banderas &#8216;Q&#8217; de calidad a playas e instalaciones n\u00e1uticas"},"previousItem":{"@type":"ListItem","@id":"https:\/\/eldigitaldeasturias.com\/magazine365#listItem","name":"Home"}},{"@type":"ListItem","@id":"https:\/\/eldigitaldeasturias.com\/magazine365\/soria-entregara-este-jueves-las-banderas-q-de-calidad-a-playas-e-instalaciones-nauticas\/#listItem","position":3,"name":"Soria entregar\u00e1 este jueves las banderas &#8216;Q&#8217; de calidad a playas e instalaciones n\u00e1uticas","previousItem":{"@type":"ListItem","@id":"https:\/\/eldigitaldeasturias.com\/magazine365\/category\/actualidad-turismo\/#listItem","name":"Actualidad Turismo"}}]},{"@type":"Organization","@id":"https:\/\/eldigitaldeasturias.com\/magazine365\/#organization","name":"El digital de Asturias","description":"Revista de ocio, turismo y estilo de vida","url":"https:\/\/eldigitaldeasturias.com\/magazine365\/","logo":{"@type":"ImageObject","url":"https:\/\/www.eldigitaldeasturias.com\/noticias\/wp-content\/uploads\/2020\/12\/EDA.jpg","@id":"https:\/\/eldigitaldeasturias.com\/magazine365\/soria-entregara-este-jueves-las-banderas-q-de-calidad-a-playas-e-instalaciones-nauticas\/#organizationLogo"},"image":{"@id":"https:\/\/eldigitaldeasturias.com\/magazine365\/soria-entregara-este-jueves-las-banderas-q-de-calidad-a-playas-e-instalaciones-nauticas\/#organizationLogo"}},{"@type":"Person","@id":"https:\/\/eldigitaldeasturias.com\/magazine365\/author\/admin\/#author","url":"https:\/\/eldigitaldeasturias.com\/magazine365\/author\/admin\/","name":"admin","image":{"@type":"ImageObject","@id":"https:\/\/eldigitaldeasturias.com\/magazine365\/soria-entregara-este-jueves-las-banderas-q-de-calidad-a-playas-e-instalaciones-nauticas\/#authorImage","url":"https:\/\/eldigitaldeasturias.com\/magazine365\/wp-content\/litespeed\/avatar\/e571bcf59a0edd6fa6838245a470f2fe.jpg?ver=1777574230","width":96,"height":96,"caption":"admin"}},{"@type":"WebPage","@id":"https:\/\/eldigitaldeasturias.com\/magazine365\/soria-entregara-este-jueves-las-banderas-q-de-calidad-a-playas-e-instalaciones-nauticas\/#webpage","url":"https:\/\/eldigitaldeasturias.com\/magazine365\/soria-entregara-este-jueves-las-banderas-q-de-calidad-a-playas-e-instalaciones-nauticas\/","name":"Soria entregar\u00e1 este jueves las banderas \u2018Q\u2019 de calidad a playas e instalaciones n\u00e1uticas | El Digital de Asturias","description":"El ministro de Industria, Energ\u00eda y Turismo, Jos\u00e9 Manuel Soria, presidir\u00e1 este jueves la VIII entrega del distintivo de las banderas 'Q' de calidad tur\u00edstica a las playas e instalaciones n\u00e1utico-deportivas correspondientes a 2015. Acompa\u00f1ar\u00e1n al titular de Turismo en este acto la secretaria de Estado de Turismo, Isabel Borrego, y el presidente del Instituto","inLanguage":"es-ES","isPartOf":{"@id":"https:\/\/eldigitaldeasturias.com\/magazine365\/#website"},"breadcrumb":{"@id":"https:\/\/eldigitaldeasturias.com\/magazine365\/soria-entregara-este-jueves-las-banderas-q-de-calidad-a-playas-e-instalaciones-nauticas\/#breadcrumblist"},"author":{"@id":"https:\/\/eldigitaldeasturias.com\/magazine365\/author\/admin\/#author"},"creator":{"@id":"https:\/\/eldigitaldeasturias.com\/magazine365\/author\/admin\/#author"},"image":{"@type":"ImageObject","url":"https:\/\/eldigitaldeasturias.com\/magazine365\/wp-content\/uploads\/2015\/06\/fotonoticia_20150624125043_800.jpg","@id":"https:\/\/eldigitaldeasturias.com\/magazine365\/soria-entregara-este-jueves-las-banderas-q-de-calidad-a-playas-e-instalaciones-nauticas\/#mainImage","width":800,"height":654},"primaryImageOfPage":{"@id":"https:\/\/eldigitaldeasturias.com\/magazine365\/soria-entregara-este-jueves-las-banderas-q-de-calidad-a-playas-e-instalaciones-nauticas\/#mainImage"},"datePublished":"2015-06-24T17:00:21+02:00","dateModified":"2015-06-24T17:00:21+02:00"},{"@type":"WebSite","@id":"https:\/\/eldigitaldeasturias.com\/magazine365\/#website","url":"https:\/\/eldigitaldeasturias.com\/magazine365\/","name":"El Digital de Asturias","description":"Revista de ocio, turismo y estilo de vida","inLanguage":"es-ES","publisher":{"@id":"https:\/\/eldigitaldeasturias.com\/magazine365\/#organization"}}]},"og:locale":"es_ES","og:site_name":"El Digital de Asturias \u2013 Revista de ocio, turismo y estilo de vida","og:type":"article","og:title":"Soria entregar\u00e1 este jueves las banderas \u2018Q\u2019 de calidad a playas e instalaciones n\u00e1uticas | El Digital de Asturias","og:description":"El ministro de Industria, Energ\u00eda y Turismo, Jos\u00e9 Manuel Soria, presidir\u00e1 este jueves la VIII entrega del distintivo de las banderas 'Q' de calidad tur\u00edstica a las playas e instalaciones n\u00e1utico-deportivas correspondientes a 2015. Acompa\u00f1ar\u00e1n al titular de Turismo en este acto la secretaria de Estado de Turismo, Isabel Borrego, y el presidente del Instituto","og:url":"https:\/\/eldigitaldeasturias.com\/magazine365\/soria-entregara-este-jueves-las-banderas-q-de-calidad-a-playas-e-instalaciones-nauticas\/","og:image":"https:\/\/eldigitaldeasturias.com\/magazine365\/wp-content\/uploads\/2015\/06\/fotonoticia_20150624125043_800.jpg","og:image:secure_url":"https:\/\/eldigitaldeasturias.com\/magazine365\/wp-content\/uploads\/2015\/06\/fotonoticia_20150624125043_800.jpg","og:image:width":800,"og:image:height":654,"article:published_time":"2015-06-24T15:30:21+00:00","article:modified_time":"2015-06-24T15:30:21+00:00","twitter:card":"summary_large_image","twitter:title":"Soria entregar\u00e1 este jueves las banderas \u2018Q\u2019 de calidad a playas e instalaciones n\u00e1uticas | El Digital de Asturias","twitter:description":"El ministro de Industria, Energ\u00eda y Turismo, Jos\u00e9 Manuel Soria, presidir\u00e1 este jueves la VIII entrega del distintivo de las banderas 'Q' de calidad tur\u00edstica a las playas e instalaciones n\u00e1utico-deportivas correspondientes a 2015. Acompa\u00f1ar\u00e1n al titular de Turismo en este acto la secretaria de Estado de Turismo, Isabel Borrego, y el presidente del Instituto","twitter:image":"https:\/\/eldigitaldeasturias.com\/magazine365\/wp-content\/uploads\/2015\/06\/fotonoticia_20150624125043_800.jpg"},"aioseo_meta_data":{"post_id":"40856","title":null,"description":null,"keywords":null,"keyphrases":null,"primary_term":null,"canonical_url":null,"og_title":null,"og_description":null,"og_object_type":"default","og_image_type":"default","og_image_url":null,"og_image_width":null,"og_image_height":null,"og_image_custom_url":null,"og_image_custom_fields":null,"og_video":null,"og_custom_url":null,"og_article_section":null,"og_article_tags":null,"twitter_use_og":false,"twitter_card":"default","twitter_image_type":"default","twitter_image_url":null,"twitter_image_custom_url":null,"twitter_image_custom_fields":null,"twitter_title":null,"twitter_description":null,"schema":{"blockGraphs":[],"customGraphs":[],"default":{"data":{"Article":[],"Course":[],"Dataset":[],"FAQPage":[],"Movie":[],"Person":[],"Product":[],"ProductReview":[],"Car":[],"Recipe":[],"Service":[],"SoftwareApplication":[],"WebPage":[]},"graphName":"","isEnabled":true},"graphs":[],"defaultGraph":"","defaultPostTypeGraph":""},"schema_type":null,"schema_type_options":null,"pillar_content":false,"robots_default":true,"robots_noindex":false,"robots_noarchive":false,"robots_nosnippet":false,"robots_nofollow":false,"robots_noimageindex":false,"robots_noodp":false,"robots_notranslate":false,"robots_max_snippet":null,"robots_max_videopreview":null,"robots_max_imagepreview":"large","priority":null,"frequency":null,"location":null,"local_seo":null,"seo_analyzer_scan_date":"2025-09-19 14:30:27","breadcrumb_settings":null,"limit_modified_date":false,"open_ai":null,"ai":null,"created":"2021-03-09 02:22:40","updated":"2025-09-19 14:30:27"},"aioseo_breadcrumb":"<div class=\"aioseo-breadcrumbs\"><span class=\"aioseo-breadcrumb\">\n\t<a href=\"https:\/\/eldigitaldeasturias.com\/magazine365\" title=\"Home\">Home<\/a>\n<\/span><span class=\"aioseo-breadcrumb-separator\">\u2013<\/span><span class=\"aioseo-breadcrumb\">\n\t<a href=\"https:\/\/eldigitaldeasturias.com\/magazine365\/category\/actualidad-turismo\/\" title=\"Actualidad Turismo\">Actualidad Turismo<\/a>\n<\/span><span class=\"aioseo-breadcrumb-separator\">\u2013<\/span><span class=\"aioseo-breadcrumb\">\n\t<a href=\"https:\/\/eldigitaldeasturias.com\/magazine365\/soria-entregara-este-jueves-las-banderas-q-de-calidad-a-playas-e-instalaciones-nauticas\/\" title=\"Soria entregar\u00e1 este jueves las banderas \u2018Q\u2019 de calidad a playas e instalaciones n\u00e1uticas\">Soria entregar\u00e1 este jueves las banderas \u2018Q\u2019 de calidad a playas e instalaciones n\u00e1uticas<\/a>\n<\/span><\/div>","aioseo_breadcrumb_json":[{"label":"Home","link":"https:\/\/eldigitaldeasturias.com\/magazine365"},{"label":"Actualidad Turismo","link":"https:\/\/eldigitaldeasturias.com\/magazine365\/category\/actualidad-turismo\/"},{"label":"Soria entregar\u00e1 este jueves las banderas &#8216;Q&#8217; de calidad a playas e instalaciones n\u00e1uticas","link":"https:\/\/eldigitaldeasturias.com\/magazine365\/soria-entregara-este-jueves-las-banderas-q-de-calidad-a-playas-e-instalaciones-nauticas\/"}],"_links":{"self":[{"href":"https:\/\/eldigitaldeasturias.com\/magazine365\/wp-json\/wp\/v2\/posts\/40856","targetHints":{"allow":["GET"]}}],"collection":[{"href":"https:\/\/eldigitaldeasturias.com\/magazine365\/wp-json\/wp\/v2\/posts"}],"about":[{"href":"https:\/\/eldigitaldeasturias.com\/magazine365\/wp-json\/wp\/v2\/types\/post"}],"author":[{"embeddable":true,"href":"https:\/\/eldigitaldeasturias.com\/magazine365\/wp-json\/wp\/v2\/users\/1"}],"replies":[{"embeddable":true,"href":"https:\/\/eldigitaldeasturias.com\/magazine365\/wp-json\/wp\/v2\/comments?post=40856"}],"version-history":[{"count":0,"href":"https:\/\/eldigitaldeasturias.com\/magazine365\/wp-json\/wp\/v2\/posts\/40856\/revisions"}],"wp:featuredmedia":[{"embeddable":true,"href":"https:\/\/eldigitaldeasturias.com\/magazine365\/wp-json\/wp\/v2\/media\/40857"}],"wp:attachment":[{"href":"https:\/\/eldigitaldeasturias.com\/magazine365\/wp-json\/wp\/v2\/media?parent=40856"}],"wp:term":[{"taxonomy":"category","embeddable":true,"href":"https:\/\/eldigitaldeasturias.com\/magazine365\/wp-json\/wp\/v2\/categories?post=40856"},{"taxonomy":"post_tag","embeddable":true,"href":"https:\/\/eldigitaldeasturias.com\/magazine365\/wp-json\/wp\/v2\/tags?post=40856"}],"curies":[{"name":"wp","href":"https:\/\/api.w.org\/{rel}","templated":true}]}}