{"id":40853,"date":"2015-06-24T16:57:28","date_gmt":"2015-06-24T15:27:28","guid":{"rendered":"http:\/\/eldigitaldeasturias.com\/magazine365\/?p=40853"},"modified":"2015-06-24T16:57:28","modified_gmt":"2015-06-24T15:27:28","slug":"el-cobib-se-suma-a-la-reclamacion-de-la-retirada-del-proyecto-de-ampliacion-del-puerto-del-molinar","status":"publish","type":"post","link":"https:\/\/eldigitaldeasturias.com\/magazine365\/el-cobib-se-suma-a-la-reclamacion-de-la-retirada-del-proyecto-de-ampliacion-del-puerto-del-molinar\/","title":{"rendered":"El Cobib se suma a la reclamaci\u00f3n de la retirada del proyecto de ampliaci\u00f3n del Puerto del Molinar"},"content":{"rendered":"<p><img fetchpriority=\"high\" decoding=\"async\" class=\"alignleft size-medium wp-image-40854\" src=\"https:\/\/eldigitaldeasturias.com\/magazine365\/wp-content\/uploads\/2015\/06\/fotonoticia_20150624123930_800-360x270.jpg\" alt=\"fotonoticia_20150624123930_800\" width=\"360\" height=\"270\" srcset=\"https:\/\/eldigitaldeasturias.com\/magazine365\/wp-content\/uploads\/2015\/06\/fotonoticia_20150624123930_800-360x270.jpg 360w, https:\/\/eldigitaldeasturias.com\/magazine365\/wp-content\/uploads\/2015\/06\/fotonoticia_20150624123930_800-650x488.jpg 650w, https:\/\/eldigitaldeasturias.com\/magazine365\/wp-content\/uploads\/2015\/06\/fotonoticia_20150624123930_800-768x576.jpg 768w, https:\/\/eldigitaldeasturias.com\/magazine365\/wp-content\/uploads\/2015\/06\/fotonoticia_20150624123930_800-150x113.jpg 150w, https:\/\/eldigitaldeasturias.com\/magazine365\/wp-content\/uploads\/2015\/06\/fotonoticia_20150624123930_800-450x338.jpg 450w, https:\/\/eldigitaldeasturias.com\/magazine365\/wp-content\/uploads\/2015\/06\/fotonoticia_20150624123930_800-80x60.jpg 80w, https:\/\/eldigitaldeasturias.com\/magazine365\/wp-content\/uploads\/2015\/06\/fotonoticia_20150624123930_800-265x198.jpg 265w, https:\/\/eldigitaldeasturias.com\/magazine365\/wp-content\/uploads\/2015\/06\/fotonoticia_20150624123930_800-696x522.jpg 696w, https:\/\/eldigitaldeasturias.com\/magazine365\/wp-content\/uploads\/2015\/06\/fotonoticia_20150624123930_800-560x420.jpg 560w, https:\/\/eldigitaldeasturias.com\/magazine365\/wp-content\/uploads\/2015\/06\/fotonoticia_20150624123930_800-90x67.jpg 90w, https:\/\/eldigitaldeasturias.com\/magazine365\/wp-content\/uploads\/2015\/06\/fotonoticia_20150624123930_800-100x75.jpg 100w, https:\/\/eldigitaldeasturias.com\/magazine365\/wp-content\/uploads\/2015\/06\/fotonoticia_20150624123930_800.jpg 800w\" sizes=\"(max-width: 360px) 100vw, 360px\" \/>El Colegio Oficial de Bi\u00f3logos de las Illes Balears (Cobib) se ha sumado al movimiento ciudadano &#8216;Al Molinar, Port Petit&#8217;, que reclama la retirada del proyecto de ampliaci\u00f3n del Puerto del Molinar, tras entregar a la Autoridad Portuaria las alegaciones al proyecto.<\/p>\n<p>Estas alegaciones inciden en los impactos sobre \u00abla biodiversidad en una zona de gran valor ambiental y que se extender\u00edan mucho m\u00e1s all\u00e1 del espacio f\u00edsico ocupado\u00bb, han informado este mi\u00e9rcoles en un comunicado.<\/p>\n<p>Cobib ha mencionado las afecciones que tendr\u00eda la ejecuci\u00f3n del proyecto sobre los h\u00e1bitats marinos, en concreto sobre las praderas de posidonia y su h\u00e1bitat potencial, los arrecifes rocosos y los arenales de poca profundidad, as\u00ed como sobre la fauna marina.<\/p>\n<p>Asimismo, las alegaciones del Cobib recogen que \u00abla zona afectada es \u00e1rea de alimentaci\u00f3n, paso e invernada de varias especies de aves estrictamente protegidas por la Ley 42\/2007, entre otras: Phalacrocorax aristotelis, Egretta garzetta y Pandion haliaetus\u00bb.<\/p>\n","protected":false},"excerpt":{"rendered":"<p>El Colegio Oficial de Bi\u00f3logos de las Illes Balears (Cobib) se ha sumado al movimiento ciudadano &#8216;Al Molinar, Port Petit&#8217;, que reclama la retirada del proyecto de ampliaci\u00f3n del Puerto del Molinar, tras entregar a la Autoridad Portuaria las alegaciones al proyecto. Estas alegaciones inciden en los impactos sobre \u00abla biodiversidad en una zona de<\/p>\n","protected":false},"author":1,"featured_media":40854,"comment_status":"open","ping_status":"closed","sticky":false,"template":"","format":"standard","meta":{"footnotes":""},"categories":[222],"tags":[],"class_list":{"0":"post-40853","1":"post","2":"type-post","3":"status-publish","4":"format-standard","5":"has-post-thumbnail","7":"category-actualidad-turismo"},"aioseo_notices":[],"aioseo_head":"\n\t\t<!-- All in One SEO Pro 4.9.6.1 - aioseo.com -->\n\t<meta name=\"description\" content=\"El Colegio Oficial de Bi\u00f3logos de las Illes Balears (Cobib) se ha sumado al movimiento ciudadano &#039;Al Molinar, Port Petit&#039;, que reclama la retirada del proyecto de ampliaci\u00f3n del Puerto del Molinar, tras entregar a la Autoridad Portuaria las alegaciones al proyecto. Estas alegaciones inciden en los impactos sobre &quot;la biodiversidad en una zona de\" \/>\n\t<meta name=\"robots\" content=\"max-image-preview:large\" \/>\n\t<meta name=\"author\" content=\"admin\"\/>\n\t<meta name=\"google-site-verification\" content=\"UA-38556648-1\" \/>\n\t<meta name=\"keywords\" content=\"actualidad turismo\" \/>\n\t<link rel=\"canonical\" href=\"https:\/\/eldigitaldeasturias.com\/magazine365\/el-cobib-se-suma-a-la-reclamacion-de-la-retirada-del-proyecto-de-ampliacion-del-puerto-del-molinar\/\" \/>\n\t<meta name=\"generator\" content=\"All in One SEO Pro (AIOSEO) 4.9.6.1\" \/>\n\t\t<meta property=\"og:locale\" content=\"es_ES\" \/>\n\t\t<meta property=\"og:site_name\" content=\"El Digital de Asturias \u2013 Revista de ocio, turismo y estilo de vida\" \/>\n\t\t<meta property=\"og:type\" content=\"article\" \/>\n\t\t<meta property=\"og:title\" content=\"El Cobib se suma a la reclamaci\u00f3n de la retirada del proyecto de ampliaci\u00f3n del Puerto del Molinar | El Digital de Asturias\" \/>\n\t\t<meta property=\"og:description\" content=\"El Colegio Oficial de Bi\u00f3logos de las Illes Balears (Cobib) se ha sumado al movimiento ciudadano &#039;Al Molinar, Port Petit&#039;, que reclama la retirada del proyecto de ampliaci\u00f3n del Puerto del Molinar, tras entregar a la Autoridad Portuaria las alegaciones al proyecto. Estas alegaciones inciden en los impactos sobre &quot;la biodiversidad en una zona de\" \/>\n\t\t<meta property=\"og:url\" content=\"https:\/\/eldigitaldeasturias.com\/magazine365\/el-cobib-se-suma-a-la-reclamacion-de-la-retirada-del-proyecto-de-ampliacion-del-puerto-del-molinar\/\" \/>\n\t\t<meta property=\"og:image\" content=\"https:\/\/eldigitaldeasturias.com\/magazine365\/wp-content\/uploads\/2015\/06\/fotonoticia_20150624123930_800.jpg\" \/>\n\t\t<meta property=\"og:image:secure_url\" content=\"https:\/\/eldigitaldeasturias.com\/magazine365\/wp-content\/uploads\/2015\/06\/fotonoticia_20150624123930_800.jpg\" \/>\n\t\t<meta property=\"og:image:width\" content=\"800\" \/>\n\t\t<meta property=\"og:image:height\" content=\"600\" \/>\n\t\t<meta property=\"article:published_time\" content=\"2015-06-24T15:27:28+00:00\" \/>\n\t\t<meta property=\"article:modified_time\" content=\"2015-06-24T15:27:28+00:00\" \/>\n\t\t<meta name=\"twitter:card\" content=\"summary_large_image\" \/>\n\t\t<meta name=\"twitter:title\" content=\"El Cobib se suma a la reclamaci\u00f3n de la retirada del proyecto de ampliaci\u00f3n del Puerto del Molinar | El Digital de Asturias\" \/>\n\t\t<meta name=\"twitter:description\" content=\"El Colegio Oficial de Bi\u00f3logos de las Illes Balears (Cobib) se ha sumado al movimiento ciudadano &#039;Al Molinar, Port Petit&#039;, que reclama la retirada del proyecto de ampliaci\u00f3n del Puerto del Molinar, tras entregar a la Autoridad Portuaria las alegaciones al proyecto. Estas alegaciones inciden en los impactos sobre &quot;la biodiversidad en una zona de\" \/>\n\t\t<meta name=\"twitter:image\" content=\"https:\/\/eldigitaldeasturias.com\/magazine365\/wp-content\/uploads\/2015\/06\/fotonoticia_20150624123930_800.jpg\" \/>\n\t\t<script type=\"application\/ld+json\" class=\"aioseo-schema\">\n\t\t\t{\"@context\":\"https:\\\/\\\/schema.org\",\"@graph\":[{\"@type\":\"Article\",\"@id\":\"https:\\\/\\\/eldigitaldeasturias.com\\\/magazine365\\\/el-cobib-se-suma-a-la-reclamacion-de-la-retirada-del-proyecto-de-ampliacion-del-puerto-del-molinar\\\/#article\",\"name\":\"El Cobib se suma a la reclamaci\\u00f3n de la retirada del proyecto de ampliaci\\u00f3n del Puerto del Molinar | El Digital de Asturias\",\"headline\":\"El Cobib se suma a la reclamaci\\u00f3n de la retirada del proyecto de ampliaci\\u00f3n del Puerto del Molinar\",\"author\":{\"@id\":\"https:\\\/\\\/eldigitaldeasturias.com\\\/magazine365\\\/author\\\/admin\\\/#author\"},\"publisher\":{\"@id\":\"https:\\\/\\\/eldigitaldeasturias.com\\\/magazine365\\\/#organization\"},\"image\":{\"@type\":\"ImageObject\",\"url\":\"https:\\\/\\\/eldigitaldeasturias.com\\\/magazine365\\\/wp-content\\\/uploads\\\/2015\\\/06\\\/fotonoticia_20150624123930_800.jpg\",\"width\":800,\"height\":600},\"datePublished\":\"2015-06-24T16:57:28+02:00\",\"dateModified\":\"2015-06-24T16:57:28+02:00\",\"inLanguage\":\"es-ES\",\"mainEntityOfPage\":{\"@id\":\"https:\\\/\\\/eldigitaldeasturias.com\\\/magazine365\\\/el-cobib-se-suma-a-la-reclamacion-de-la-retirada-del-proyecto-de-ampliacion-del-puerto-del-molinar\\\/#webpage\"},\"isPartOf\":{\"@id\":\"https:\\\/\\\/eldigitaldeasturias.com\\\/magazine365\\\/el-cobib-se-suma-a-la-reclamacion-de-la-retirada-del-proyecto-de-ampliacion-del-puerto-del-molinar\\\/#webpage\"},\"articleSection\":\"Actualidad Turismo\"},{\"@type\":\"BreadcrumbList\",\"@id\":\"https:\\\/\\\/eldigitaldeasturias.com\\\/magazine365\\\/el-cobib-se-suma-a-la-reclamacion-de-la-retirada-del-proyecto-de-ampliacion-del-puerto-del-molinar\\\/#breadcrumblist\",\"itemListElement\":[{\"@type\":\"ListItem\",\"@id\":\"https:\\\/\\\/eldigitaldeasturias.com\\\/magazine365#listItem\",\"position\":1,\"name\":\"Home\",\"item\":\"https:\\\/\\\/eldigitaldeasturias.com\\\/magazine365\",\"nextItem\":{\"@type\":\"ListItem\",\"@id\":\"https:\\\/\\\/eldigitaldeasturias.com\\\/magazine365\\\/category\\\/actualidad-turismo\\\/#listItem\",\"name\":\"Actualidad Turismo\"}},{\"@type\":\"ListItem\",\"@id\":\"https:\\\/\\\/eldigitaldeasturias.com\\\/magazine365\\\/category\\\/actualidad-turismo\\\/#listItem\",\"position\":2,\"name\":\"Actualidad Turismo\",\"item\":\"https:\\\/\\\/eldigitaldeasturias.com\\\/magazine365\\\/category\\\/actualidad-turismo\\\/\",\"nextItem\":{\"@type\":\"ListItem\",\"@id\":\"https:\\\/\\\/eldigitaldeasturias.com\\\/magazine365\\\/el-cobib-se-suma-a-la-reclamacion-de-la-retirada-del-proyecto-de-ampliacion-del-puerto-del-molinar\\\/#listItem\",\"name\":\"El Cobib se suma a la reclamaci\\u00f3n de la retirada del proyecto de ampliaci\\u00f3n del Puerto del Molinar\"},\"previousItem\":{\"@type\":\"ListItem\",\"@id\":\"https:\\\/\\\/eldigitaldeasturias.com\\\/magazine365#listItem\",\"name\":\"Home\"}},{\"@type\":\"ListItem\",\"@id\":\"https:\\\/\\\/eldigitaldeasturias.com\\\/magazine365\\\/el-cobib-se-suma-a-la-reclamacion-de-la-retirada-del-proyecto-de-ampliacion-del-puerto-del-molinar\\\/#listItem\",\"position\":3,\"name\":\"El Cobib se suma a la reclamaci\\u00f3n de la retirada del proyecto de ampliaci\\u00f3n del Puerto del Molinar\",\"previousItem\":{\"@type\":\"ListItem\",\"@id\":\"https:\\\/\\\/eldigitaldeasturias.com\\\/magazine365\\\/category\\\/actualidad-turismo\\\/#listItem\",\"name\":\"Actualidad Turismo\"}}]},{\"@type\":\"Organization\",\"@id\":\"https:\\\/\\\/eldigitaldeasturias.com\\\/magazine365\\\/#organization\",\"name\":\"El digital de Asturias\",\"description\":\"Revista de ocio, turismo y estilo de vida\",\"url\":\"https:\\\/\\\/eldigitaldeasturias.com\\\/magazine365\\\/\",\"logo\":{\"@type\":\"ImageObject\",\"url\":\"https:\\\/\\\/www.eldigitaldeasturias.com\\\/noticias\\\/wp-content\\\/uploads\\\/2020\\\/12\\\/EDA.jpg\",\"@id\":\"https:\\\/\\\/eldigitaldeasturias.com\\\/magazine365\\\/el-cobib-se-suma-a-la-reclamacion-de-la-retirada-del-proyecto-de-ampliacion-del-puerto-del-molinar\\\/#organizationLogo\"},\"image\":{\"@id\":\"https:\\\/\\\/eldigitaldeasturias.com\\\/magazine365\\\/el-cobib-se-suma-a-la-reclamacion-de-la-retirada-del-proyecto-de-ampliacion-del-puerto-del-molinar\\\/#organizationLogo\"}},{\"@type\":\"Person\",\"@id\":\"https:\\\/\\\/eldigitaldeasturias.com\\\/magazine365\\\/author\\\/admin\\\/#author\",\"url\":\"https:\\\/\\\/eldigitaldeasturias.com\\\/magazine365\\\/author\\\/admin\\\/\",\"name\":\"admin\",\"image\":{\"@type\":\"ImageObject\",\"@id\":\"https:\\\/\\\/eldigitaldeasturias.com\\\/magazine365\\\/el-cobib-se-suma-a-la-reclamacion-de-la-retirada-del-proyecto-de-ampliacion-del-puerto-del-molinar\\\/#authorImage\",\"url\":\"https:\\\/\\\/eldigitaldeasturias.com\\\/magazine365\\\/wp-content\\\/litespeed\\\/avatar\\\/e571bcf59a0edd6fa6838245a470f2fe.jpg?ver=1777574230\",\"width\":96,\"height\":96,\"caption\":\"admin\"}},{\"@type\":\"WebPage\",\"@id\":\"https:\\\/\\\/eldigitaldeasturias.com\\\/magazine365\\\/el-cobib-se-suma-a-la-reclamacion-de-la-retirada-del-proyecto-de-ampliacion-del-puerto-del-molinar\\\/#webpage\",\"url\":\"https:\\\/\\\/eldigitaldeasturias.com\\\/magazine365\\\/el-cobib-se-suma-a-la-reclamacion-de-la-retirada-del-proyecto-de-ampliacion-del-puerto-del-molinar\\\/\",\"name\":\"El Cobib se suma a la reclamaci\\u00f3n de la retirada del proyecto de ampliaci\\u00f3n del Puerto del Molinar | El Digital de Asturias\",\"description\":\"El Colegio Oficial de Bi\\u00f3logos de las Illes Balears (Cobib) se ha sumado al movimiento ciudadano 'Al Molinar, Port Petit', que reclama la retirada del proyecto de ampliaci\\u00f3n del Puerto del Molinar, tras entregar a la Autoridad Portuaria las alegaciones al proyecto. Estas alegaciones inciden en los impactos sobre \\\"la biodiversidad en una zona de\",\"inLanguage\":\"es-ES\",\"isPartOf\":{\"@id\":\"https:\\\/\\\/eldigitaldeasturias.com\\\/magazine365\\\/#website\"},\"breadcrumb\":{\"@id\":\"https:\\\/\\\/eldigitaldeasturias.com\\\/magazine365\\\/el-cobib-se-suma-a-la-reclamacion-de-la-retirada-del-proyecto-de-ampliacion-del-puerto-del-molinar\\\/#breadcrumblist\"},\"author\":{\"@id\":\"https:\\\/\\\/eldigitaldeasturias.com\\\/magazine365\\\/author\\\/admin\\\/#author\"},\"creator\":{\"@id\":\"https:\\\/\\\/eldigitaldeasturias.com\\\/magazine365\\\/author\\\/admin\\\/#author\"},\"image\":{\"@type\":\"ImageObject\",\"url\":\"https:\\\/\\\/eldigitaldeasturias.com\\\/magazine365\\\/wp-content\\\/uploads\\\/2015\\\/06\\\/fotonoticia_20150624123930_800.jpg\",\"@id\":\"https:\\\/\\\/eldigitaldeasturias.com\\\/magazine365\\\/el-cobib-se-suma-a-la-reclamacion-de-la-retirada-del-proyecto-de-ampliacion-del-puerto-del-molinar\\\/#mainImage\",\"width\":800,\"height\":600},\"primaryImageOfPage\":{\"@id\":\"https:\\\/\\\/eldigitaldeasturias.com\\\/magazine365\\\/el-cobib-se-suma-a-la-reclamacion-de-la-retirada-del-proyecto-de-ampliacion-del-puerto-del-molinar\\\/#mainImage\"},\"datePublished\":\"2015-06-24T16:57:28+02:00\",\"dateModified\":\"2015-06-24T16:57:28+02:00\"},{\"@type\":\"WebSite\",\"@id\":\"https:\\\/\\\/eldigitaldeasturias.com\\\/magazine365\\\/#website\",\"url\":\"https:\\\/\\\/eldigitaldeasturias.com\\\/magazine365\\\/\",\"name\":\"El Digital de Asturias\",\"description\":\"Revista de ocio, turismo y estilo de vida\",\"inLanguage\":\"es-ES\",\"publisher\":{\"@id\":\"https:\\\/\\\/eldigitaldeasturias.com\\\/magazine365\\\/#organization\"}}]}\n\t\t<\/script>\n\t\t<!-- All in One SEO Pro -->\r\n\t\t<title>El Cobib se suma a la reclamaci\u00f3n de la retirada del proyecto de ampliaci\u00f3n del Puerto del Molinar | El Digital de Asturias<\/title>\n\n","aioseo_head_json":{"title":"El Cobib se suma a la reclamaci\u00f3n de la retirada del proyecto de ampliaci\u00f3n del Puerto del Molinar | El Digital de Asturias","description":"El Colegio Oficial de Bi\u00f3logos de las Illes Balears (Cobib) se ha sumado al movimiento ciudadano 'Al Molinar, Port Petit', que reclama la retirada del proyecto de ampliaci\u00f3n del Puerto del Molinar, tras entregar a la Autoridad Portuaria las alegaciones al proyecto. Estas alegaciones inciden en los impactos sobre \"la biodiversidad en una zona de","canonical_url":"https:\/\/eldigitaldeasturias.com\/magazine365\/el-cobib-se-suma-a-la-reclamacion-de-la-retirada-del-proyecto-de-ampliacion-del-puerto-del-molinar\/","robots":"max-image-preview:large","keywords":"actualidad turismo","webmasterTools":{"google-site-verification":"UA-38556648-1","miscellaneous":""},"schema":{"@context":"https:\/\/schema.org","@graph":[{"@type":"Article","@id":"https:\/\/eldigitaldeasturias.com\/magazine365\/el-cobib-se-suma-a-la-reclamacion-de-la-retirada-del-proyecto-de-ampliacion-del-puerto-del-molinar\/#article","name":"El Cobib se suma a la reclamaci\u00f3n de la retirada del proyecto de ampliaci\u00f3n del Puerto del Molinar | El Digital de Asturias","headline":"El Cobib se suma a la reclamaci\u00f3n de la retirada del proyecto de ampliaci\u00f3n del Puerto del Molinar","author":{"@id":"https:\/\/eldigitaldeasturias.com\/magazine365\/author\/admin\/#author"},"publisher":{"@id":"https:\/\/eldigitaldeasturias.com\/magazine365\/#organization"},"image":{"@type":"ImageObject","url":"https:\/\/eldigitaldeasturias.com\/magazine365\/wp-content\/uploads\/2015\/06\/fotonoticia_20150624123930_800.jpg","width":800,"height":600},"datePublished":"2015-06-24T16:57:28+02:00","dateModified":"2015-06-24T16:57:28+02:00","inLanguage":"es-ES","mainEntityOfPage":{"@id":"https:\/\/eldigitaldeasturias.com\/magazine365\/el-cobib-se-suma-a-la-reclamacion-de-la-retirada-del-proyecto-de-ampliacion-del-puerto-del-molinar\/#webpage"},"isPartOf":{"@id":"https:\/\/eldigitaldeasturias.com\/magazine365\/el-cobib-se-suma-a-la-reclamacion-de-la-retirada-del-proyecto-de-ampliacion-del-puerto-del-molinar\/#webpage"},"articleSection":"Actualidad Turismo"},{"@type":"BreadcrumbList","@id":"https:\/\/eldigitaldeasturias.com\/magazine365\/el-cobib-se-suma-a-la-reclamacion-de-la-retirada-del-proyecto-de-ampliacion-del-puerto-del-molinar\/#breadcrumblist","itemListElement":[{"@type":"ListItem","@id":"https:\/\/eldigitaldeasturias.com\/magazine365#listItem","position":1,"name":"Home","item":"https:\/\/eldigitaldeasturias.com\/magazine365","nextItem":{"@type":"ListItem","@id":"https:\/\/eldigitaldeasturias.com\/magazine365\/category\/actualidad-turismo\/#listItem","name":"Actualidad Turismo"}},{"@type":"ListItem","@id":"https:\/\/eldigitaldeasturias.com\/magazine365\/category\/actualidad-turismo\/#listItem","position":2,"name":"Actualidad Turismo","item":"https:\/\/eldigitaldeasturias.com\/magazine365\/category\/actualidad-turismo\/","nextItem":{"@type":"ListItem","@id":"https:\/\/eldigitaldeasturias.com\/magazine365\/el-cobib-se-suma-a-la-reclamacion-de-la-retirada-del-proyecto-de-ampliacion-del-puerto-del-molinar\/#listItem","name":"El Cobib se suma a la reclamaci\u00f3n de la retirada del proyecto de ampliaci\u00f3n del Puerto del Molinar"},"previousItem":{"@type":"ListItem","@id":"https:\/\/eldigitaldeasturias.com\/magazine365#listItem","name":"Home"}},{"@type":"ListItem","@id":"https:\/\/eldigitaldeasturias.com\/magazine365\/el-cobib-se-suma-a-la-reclamacion-de-la-retirada-del-proyecto-de-ampliacion-del-puerto-del-molinar\/#listItem","position":3,"name":"El Cobib se suma a la reclamaci\u00f3n de la retirada del proyecto de ampliaci\u00f3n del Puerto del Molinar","previousItem":{"@type":"ListItem","@id":"https:\/\/eldigitaldeasturias.com\/magazine365\/category\/actualidad-turismo\/#listItem","name":"Actualidad Turismo"}}]},{"@type":"Organization","@id":"https:\/\/eldigitaldeasturias.com\/magazine365\/#organization","name":"El digital de Asturias","description":"Revista de ocio, turismo y estilo de vida","url":"https:\/\/eldigitaldeasturias.com\/magazine365\/","logo":{"@type":"ImageObject","url":"https:\/\/www.eldigitaldeasturias.com\/noticias\/wp-content\/uploads\/2020\/12\/EDA.jpg","@id":"https:\/\/eldigitaldeasturias.com\/magazine365\/el-cobib-se-suma-a-la-reclamacion-de-la-retirada-del-proyecto-de-ampliacion-del-puerto-del-molinar\/#organizationLogo"},"image":{"@id":"https:\/\/eldigitaldeasturias.com\/magazine365\/el-cobib-se-suma-a-la-reclamacion-de-la-retirada-del-proyecto-de-ampliacion-del-puerto-del-molinar\/#organizationLogo"}},{"@type":"Person","@id":"https:\/\/eldigitaldeasturias.com\/magazine365\/author\/admin\/#author","url":"https:\/\/eldigitaldeasturias.com\/magazine365\/author\/admin\/","name":"admin","image":{"@type":"ImageObject","@id":"https:\/\/eldigitaldeasturias.com\/magazine365\/el-cobib-se-suma-a-la-reclamacion-de-la-retirada-del-proyecto-de-ampliacion-del-puerto-del-molinar\/#authorImage","url":"https:\/\/eldigitaldeasturias.com\/magazine365\/wp-content\/litespeed\/avatar\/e571bcf59a0edd6fa6838245a470f2fe.jpg?ver=1777574230","width":96,"height":96,"caption":"admin"}},{"@type":"WebPage","@id":"https:\/\/eldigitaldeasturias.com\/magazine365\/el-cobib-se-suma-a-la-reclamacion-de-la-retirada-del-proyecto-de-ampliacion-del-puerto-del-molinar\/#webpage","url":"https:\/\/eldigitaldeasturias.com\/magazine365\/el-cobib-se-suma-a-la-reclamacion-de-la-retirada-del-proyecto-de-ampliacion-del-puerto-del-molinar\/","name":"El Cobib se suma a la reclamaci\u00f3n de la retirada del proyecto de ampliaci\u00f3n del Puerto del Molinar | El Digital de Asturias","description":"El Colegio Oficial de Bi\u00f3logos de las Illes Balears (Cobib) se ha sumado al movimiento ciudadano 'Al Molinar, Port Petit', que reclama la retirada del proyecto de ampliaci\u00f3n del Puerto del Molinar, tras entregar a la Autoridad Portuaria las alegaciones al proyecto. Estas alegaciones inciden en los impactos sobre \"la biodiversidad en una zona de","inLanguage":"es-ES","isPartOf":{"@id":"https:\/\/eldigitaldeasturias.com\/magazine365\/#website"},"breadcrumb":{"@id":"https:\/\/eldigitaldeasturias.com\/magazine365\/el-cobib-se-suma-a-la-reclamacion-de-la-retirada-del-proyecto-de-ampliacion-del-puerto-del-molinar\/#breadcrumblist"},"author":{"@id":"https:\/\/eldigitaldeasturias.com\/magazine365\/author\/admin\/#author"},"creator":{"@id":"https:\/\/eldigitaldeasturias.com\/magazine365\/author\/admin\/#author"},"image":{"@type":"ImageObject","url":"https:\/\/eldigitaldeasturias.com\/magazine365\/wp-content\/uploads\/2015\/06\/fotonoticia_20150624123930_800.jpg","@id":"https:\/\/eldigitaldeasturias.com\/magazine365\/el-cobib-se-suma-a-la-reclamacion-de-la-retirada-del-proyecto-de-ampliacion-del-puerto-del-molinar\/#mainImage","width":800,"height":600},"primaryImageOfPage":{"@id":"https:\/\/eldigitaldeasturias.com\/magazine365\/el-cobib-se-suma-a-la-reclamacion-de-la-retirada-del-proyecto-de-ampliacion-del-puerto-del-molinar\/#mainImage"},"datePublished":"2015-06-24T16:57:28+02:00","dateModified":"2015-06-24T16:57:28+02:00"},{"@type":"WebSite","@id":"https:\/\/eldigitaldeasturias.com\/magazine365\/#website","url":"https:\/\/eldigitaldeasturias.com\/magazine365\/","name":"El Digital de Asturias","description":"Revista de ocio, turismo y estilo de vida","inLanguage":"es-ES","publisher":{"@id":"https:\/\/eldigitaldeasturias.com\/magazine365\/#organization"}}]},"og:locale":"es_ES","og:site_name":"El Digital de Asturias \u2013 Revista de ocio, turismo y estilo de vida","og:type":"article","og:title":"El Cobib se suma a la reclamaci\u00f3n de la retirada del proyecto de ampliaci\u00f3n del Puerto del Molinar | El Digital de Asturias","og:description":"El Colegio Oficial de Bi\u00f3logos de las Illes Balears (Cobib) se ha sumado al movimiento ciudadano 'Al Molinar, Port Petit', que reclama la retirada del proyecto de ampliaci\u00f3n del Puerto del Molinar, tras entregar a la Autoridad Portuaria las alegaciones al proyecto. Estas alegaciones inciden en los impactos sobre &quot;la biodiversidad en una zona de","og:url":"https:\/\/eldigitaldeasturias.com\/magazine365\/el-cobib-se-suma-a-la-reclamacion-de-la-retirada-del-proyecto-de-ampliacion-del-puerto-del-molinar\/","og:image":"https:\/\/eldigitaldeasturias.com\/magazine365\/wp-content\/uploads\/2015\/06\/fotonoticia_20150624123930_800.jpg","og:image:secure_url":"https:\/\/eldigitaldeasturias.com\/magazine365\/wp-content\/uploads\/2015\/06\/fotonoticia_20150624123930_800.jpg","og:image:width":800,"og:image:height":600,"article:published_time":"2015-06-24T15:27:28+00:00","article:modified_time":"2015-06-24T15:27:28+00:00","twitter:card":"summary_large_image","twitter:title":"El Cobib se suma a la reclamaci\u00f3n de la retirada del proyecto de ampliaci\u00f3n del Puerto del Molinar | El Digital de Asturias","twitter:description":"El Colegio Oficial de Bi\u00f3logos de las Illes Balears (Cobib) se ha sumado al movimiento ciudadano 'Al Molinar, Port Petit', que reclama la retirada del proyecto de ampliaci\u00f3n del Puerto del Molinar, tras entregar a la Autoridad Portuaria las alegaciones al proyecto. Estas alegaciones inciden en los impactos sobre &quot;la biodiversidad en una zona de","twitter:image":"https:\/\/eldigitaldeasturias.com\/magazine365\/wp-content\/uploads\/2015\/06\/fotonoticia_20150624123930_800.jpg"},"aioseo_meta_data":{"post_id":"40853","title":null,"description":null,"keywords":null,"keyphrases":null,"primary_term":null,"canonical_url":null,"og_title":null,"og_description":null,"og_object_type":"default","og_image_type":"default","og_image_url":null,"og_image_width":null,"og_image_height":null,"og_image_custom_url":null,"og_image_custom_fields":null,"og_video":null,"og_custom_url":null,"og_article_section":null,"og_article_tags":null,"twitter_use_og":false,"twitter_card":"default","twitter_image_type":"default","twitter_image_url":null,"twitter_image_custom_url":null,"twitter_image_custom_fields":null,"twitter_title":null,"twitter_description":null,"schema":{"blockGraphs":[],"customGraphs":[],"default":{"data":{"Article":[],"Course":[],"Dataset":[],"FAQPage":[],"Movie":[],"Person":[],"Product":[],"ProductReview":[],"Car":[],"Recipe":[],"Service":[],"SoftwareApplication":[],"WebPage":[]},"graphName":"","isEnabled":true},"graphs":[],"defaultGraph":"","defaultPostTypeGraph":""},"schema_type":null,"schema_type_options":null,"pillar_content":false,"robots_default":true,"robots_noindex":false,"robots_noarchive":false,"robots_nosnippet":false,"robots_nofollow":false,"robots_noimageindex":false,"robots_noodp":false,"robots_notranslate":false,"robots_max_snippet":null,"robots_max_videopreview":null,"robots_max_imagepreview":"large","priority":null,"frequency":null,"location":null,"local_seo":null,"seo_analyzer_scan_date":"2025-09-19 14:27:56","breadcrumb_settings":null,"limit_modified_date":false,"open_ai":null,"ai":null,"created":"2021-03-09 02:22:40","updated":"2025-09-19 14:27:56"},"aioseo_breadcrumb":"<div class=\"aioseo-breadcrumbs\"><span class=\"aioseo-breadcrumb\">\n\t<a href=\"https:\/\/eldigitaldeasturias.com\/magazine365\" title=\"Home\">Home<\/a>\n<\/span><span class=\"aioseo-breadcrumb-separator\">\u2013<\/span><span class=\"aioseo-breadcrumb\">\n\t<a href=\"https:\/\/eldigitaldeasturias.com\/magazine365\/category\/actualidad-turismo\/\" title=\"Actualidad Turismo\">Actualidad Turismo<\/a>\n<\/span><span class=\"aioseo-breadcrumb-separator\">\u2013<\/span><span class=\"aioseo-breadcrumb\">\n\t<a href=\"https:\/\/eldigitaldeasturias.com\/magazine365\/el-cobib-se-suma-a-la-reclamacion-de-la-retirada-del-proyecto-de-ampliacion-del-puerto-del-molinar\/\" title=\"El Cobib se suma a la reclamaci\u00f3n de la retirada del proyecto de ampliaci\u00f3n del Puerto del Molinar\">El Cobib se suma a la reclamaci\u00f3n de la retirada del proyecto de ampliaci\u00f3n del Puerto del Molinar<\/a>\n<\/span><\/div>","aioseo_breadcrumb_json":[{"label":"Home","link":"https:\/\/eldigitaldeasturias.com\/magazine365"},{"label":"Actualidad Turismo","link":"https:\/\/eldigitaldeasturias.com\/magazine365\/category\/actualidad-turismo\/"},{"label":"El Cobib se suma a la reclamaci\u00f3n de la retirada del proyecto de ampliaci\u00f3n del Puerto del Molinar","link":"https:\/\/eldigitaldeasturias.com\/magazine365\/el-cobib-se-suma-a-la-reclamacion-de-la-retirada-del-proyecto-de-ampliacion-del-puerto-del-molinar\/"}],"_links":{"self":[{"href":"https:\/\/eldigitaldeasturias.com\/magazine365\/wp-json\/wp\/v2\/posts\/40853","targetHints":{"allow":["GET"]}}],"collection":[{"href":"https:\/\/eldigitaldeasturias.com\/magazine365\/wp-json\/wp\/v2\/posts"}],"about":[{"href":"https:\/\/eldigitaldeasturias.com\/magazine365\/wp-json\/wp\/v2\/types\/post"}],"author":[{"embeddable":true,"href":"https:\/\/eldigitaldeasturias.com\/magazine365\/wp-json\/wp\/v2\/users\/1"}],"replies":[{"embeddable":true,"href":"https:\/\/eldigitaldeasturias.com\/magazine365\/wp-json\/wp\/v2\/comments?post=40853"}],"version-history":[{"count":0,"href":"https:\/\/eldigitaldeasturias.com\/magazine365\/wp-json\/wp\/v2\/posts\/40853\/revisions"}],"wp:featuredmedia":[{"embeddable":true,"href":"https:\/\/eldigitaldeasturias.com\/magazine365\/wp-json\/wp\/v2\/media\/40854"}],"wp:attachment":[{"href":"https:\/\/eldigitaldeasturias.com\/magazine365\/wp-json\/wp\/v2\/media?parent=40853"}],"wp:term":[{"taxonomy":"category","embeddable":true,"href":"https:\/\/eldigitaldeasturias.com\/magazine365\/wp-json\/wp\/v2\/categories?post=40853"},{"taxonomy":"post_tag","embeddable":true,"href":"https:\/\/eldigitaldeasturias.com\/magazine365\/wp-json\/wp\/v2\/tags?post=40853"}],"curies":[{"name":"wp","href":"https:\/\/api.w.org\/{rel}","templated":true}]}}