{"id":40850,"date":"2015-06-24T16:55:50","date_gmt":"2015-06-24T15:25:50","guid":{"rendered":"http:\/\/eldigitaldeasturias.com\/magazine365\/?p=40850"},"modified":"2015-06-24T16:55:50","modified_gmt":"2015-06-24T15:25:50","slug":"melia-se-alia-con-uniceo-para-potenciar-su-reconocimiento-en-el-segmento-mice","status":"publish","type":"post","link":"https:\/\/eldigitaldeasturias.com\/magazine365\/melia-se-alia-con-uniceo-para-potenciar-su-reconocimiento-en-el-segmento-mice\/","title":{"rendered":"Meli\u00e1 se al\u00eda con UNICEO para potenciar su reconocimiento en el segmento MICE"},"content":{"rendered":"<p><img fetchpriority=\"high\" decoding=\"async\" class=\"alignleft size-medium wp-image-40851\" src=\"https:\/\/eldigitaldeasturias.com\/magazine365\/wp-content\/uploads\/2015\/06\/fotonoticia_20150624121759_800-360x254.jpg\" alt=\"fotonoticia_20150624121759_800\" width=\"360\" height=\"254\" srcset=\"https:\/\/eldigitaldeasturias.com\/magazine365\/wp-content\/uploads\/2015\/06\/fotonoticia_20150624121759_800-360x254.jpg 360w, https:\/\/eldigitaldeasturias.com\/magazine365\/wp-content\/uploads\/2015\/06\/fotonoticia_20150624121759_800-650x458.jpg 650w, https:\/\/eldigitaldeasturias.com\/magazine365\/wp-content\/uploads\/2015\/06\/fotonoticia_20150624121759_800-768x541.jpg 768w, https:\/\/eldigitaldeasturias.com\/magazine365\/wp-content\/uploads\/2015\/06\/fotonoticia_20150624121759_800-150x106.jpg 150w, https:\/\/eldigitaldeasturias.com\/magazine365\/wp-content\/uploads\/2015\/06\/fotonoticia_20150624121759_800-450x317.jpg 450w, https:\/\/eldigitaldeasturias.com\/magazine365\/wp-content\/uploads\/2015\/06\/fotonoticia_20150624121759_800-100x70.jpg 100w, https:\/\/eldigitaldeasturias.com\/magazine365\/wp-content\/uploads\/2015\/06\/fotonoticia_20150624121759_800-696x491.jpg 696w, https:\/\/eldigitaldeasturias.com\/magazine365\/wp-content\/uploads\/2015\/06\/fotonoticia_20150624121759_800-596x420.jpg 596w, https:\/\/eldigitaldeasturias.com\/magazine365\/wp-content\/uploads\/2015\/06\/fotonoticia_20150624121759_800.jpg 800w\" sizes=\"(max-width: 360px) 100vw, 360px\" \/>Meli\u00e1 Hotels International se al\u00eda con UNICEO, la asociaci\u00f3n internacional que agrupa los responsables seniors de eventos corporativos, lo que supone \u00abun paso m\u00e1s\u00bb en su reconocimiento como empresa puntera en el segmento del turismo de reuniones, incentivos, conferencias y exposiciones (MICE), una de las apuestas estrat\u00e9gicas de la cadena.<\/p>\n<p>En virtud de esta alianza, Meli\u00e1 colaborar\u00e1 activamente en las iniciativas de UNICEO que tienen como objetivo el intercambio de experiencias profesionales y conocimientos entre sus miembros. Asimismo, se convertir\u00e1 en patrocinador global y soporte esencial para las actividades de la asociaci\u00f3n sin \u00e1nimo de lucro con sede en Ginebra.<\/p>\n<p>Meli\u00e1 cuenta actualmente con m\u00e1s de un centenar de hoteles con instalaciones y equipos especializados en la celebraci\u00f3n de todo tipo de eventos en cualquiera de sus marcas, as\u00ed como un equipo de profesionales especializados en el segmento MICE.<\/p>\n<p>Para responder a las nuevas demandas de los clientes corporativos, Meli\u00e1 ha ido introduciendo productos espec\u00edficos como paquetes flexibles que permiten controlar el gasto, el desarrollo de herramientas innovadoras que facilitan la organizaci\u00f3n, o recientemente, el dise\u00f1o de conceptos \u00fanicos y diferenciados como &#8216;Power Meeting by Meli\u00e1&#8217; o &#8216;EcoTouch&#8217; para acoger eventos sostenibles en hoteles en la marca Meli\u00e1 Hotels &amp; Resorts.<\/p>\n","protected":false},"excerpt":{"rendered":"<p>Meli\u00e1 Hotels International se al\u00eda con UNICEO, la asociaci\u00f3n internacional que agrupa los responsables seniors de eventos corporativos, lo que supone \u00abun paso m\u00e1s\u00bb en su reconocimiento como empresa puntera en el segmento del turismo de reuniones, incentivos, conferencias y exposiciones (MICE), una de las apuestas estrat\u00e9gicas de la cadena. En virtud de esta alianza,<\/p>\n","protected":false},"author":1,"featured_media":40851,"comment_status":"open","ping_status":"closed","sticky":false,"template":"","format":"standard","meta":{"footnotes":""},"categories":[222],"tags":[],"class_list":{"0":"post-40850","1":"post","2":"type-post","3":"status-publish","4":"format-standard","5":"has-post-thumbnail","7":"category-actualidad-turismo"},"aioseo_notices":[],"aioseo_head":"\n\t\t<!-- All in One SEO Pro 4.9.6.1 - aioseo.com -->\n\t<meta name=\"description\" content=\"Meli\u00e1 Hotels International se al\u00eda con UNICEO, la asociaci\u00f3n internacional que agrupa los responsables seniors de eventos corporativos, lo que supone &quot;un paso m\u00e1s&quot; en su reconocimiento como empresa puntera en el segmento del turismo de reuniones, incentivos, conferencias y exposiciones (MICE), una de las apuestas estrat\u00e9gicas de la cadena. En virtud de esta alianza,\" \/>\n\t<meta name=\"robots\" content=\"max-image-preview:large\" \/>\n\t<meta name=\"author\" content=\"admin\"\/>\n\t<meta name=\"google-site-verification\" content=\"UA-38556648-1\" \/>\n\t<meta name=\"keywords\" content=\"actualidad turismo\" \/>\n\t<link rel=\"canonical\" href=\"https:\/\/eldigitaldeasturias.com\/magazine365\/melia-se-alia-con-uniceo-para-potenciar-su-reconocimiento-en-el-segmento-mice\/\" \/>\n\t<meta name=\"generator\" content=\"All in One SEO Pro (AIOSEO) 4.9.6.1\" \/>\n\t\t<meta property=\"og:locale\" content=\"es_ES\" \/>\n\t\t<meta property=\"og:site_name\" content=\"El Digital de Asturias \u2013 Revista de ocio, turismo y estilo de vida\" \/>\n\t\t<meta property=\"og:type\" content=\"article\" \/>\n\t\t<meta property=\"og:title\" content=\"Meli\u00e1 se al\u00eda con UNICEO para potenciar su reconocimiento en el segmento MICE | El Digital de Asturias\" \/>\n\t\t<meta property=\"og:description\" content=\"Meli\u00e1 Hotels International se al\u00eda con UNICEO, la asociaci\u00f3n internacional que agrupa los responsables seniors de eventos corporativos, lo que supone &quot;un paso m\u00e1s&quot; en su reconocimiento como empresa puntera en el segmento del turismo de reuniones, incentivos, conferencias y exposiciones (MICE), una de las apuestas estrat\u00e9gicas de la cadena. En virtud de esta alianza,\" \/>\n\t\t<meta property=\"og:url\" content=\"https:\/\/eldigitaldeasturias.com\/magazine365\/melia-se-alia-con-uniceo-para-potenciar-su-reconocimiento-en-el-segmento-mice\/\" \/>\n\t\t<meta property=\"og:image\" content=\"https:\/\/eldigitaldeasturias.com\/magazine365\/wp-content\/uploads\/2015\/06\/fotonoticia_20150624121759_800.jpg\" \/>\n\t\t<meta property=\"og:image:secure_url\" content=\"https:\/\/eldigitaldeasturias.com\/magazine365\/wp-content\/uploads\/2015\/06\/fotonoticia_20150624121759_800.jpg\" \/>\n\t\t<meta property=\"og:image:width\" content=\"800\" \/>\n\t\t<meta property=\"og:image:height\" content=\"564\" \/>\n\t\t<meta property=\"article:published_time\" content=\"2015-06-24T15:25:50+00:00\" \/>\n\t\t<meta property=\"article:modified_time\" content=\"2015-06-24T15:25:50+00:00\" \/>\n\t\t<meta name=\"twitter:card\" content=\"summary_large_image\" \/>\n\t\t<meta name=\"twitter:title\" content=\"Meli\u00e1 se al\u00eda con UNICEO para potenciar su reconocimiento en el segmento MICE | El Digital de Asturias\" \/>\n\t\t<meta name=\"twitter:description\" content=\"Meli\u00e1 Hotels International se al\u00eda con UNICEO, la asociaci\u00f3n internacional que agrupa los responsables seniors de eventos corporativos, lo que supone &quot;un paso m\u00e1s&quot; en su reconocimiento como empresa puntera en el segmento del turismo de reuniones, incentivos, conferencias y exposiciones (MICE), una de las apuestas estrat\u00e9gicas de la cadena. En virtud de esta alianza,\" \/>\n\t\t<meta name=\"twitter:image\" content=\"https:\/\/eldigitaldeasturias.com\/magazine365\/wp-content\/uploads\/2015\/06\/fotonoticia_20150624121759_800.jpg\" \/>\n\t\t<script type=\"application\/ld+json\" class=\"aioseo-schema\">\n\t\t\t{\"@context\":\"https:\\\/\\\/schema.org\",\"@graph\":[{\"@type\":\"Article\",\"@id\":\"https:\\\/\\\/eldigitaldeasturias.com\\\/magazine365\\\/melia-se-alia-con-uniceo-para-potenciar-su-reconocimiento-en-el-segmento-mice\\\/#article\",\"name\":\"Meli\\u00e1 se al\\u00eda con UNICEO para potenciar su reconocimiento en el segmento MICE | El Digital de Asturias\",\"headline\":\"Meli\\u00e1 se al\\u00eda con UNICEO para potenciar su reconocimiento en el segmento MICE\",\"author\":{\"@id\":\"https:\\\/\\\/eldigitaldeasturias.com\\\/magazine365\\\/author\\\/admin\\\/#author\"},\"publisher\":{\"@id\":\"https:\\\/\\\/eldigitaldeasturias.com\\\/magazine365\\\/#organization\"},\"image\":{\"@type\":\"ImageObject\",\"url\":\"https:\\\/\\\/eldigitaldeasturias.com\\\/magazine365\\\/wp-content\\\/uploads\\\/2015\\\/06\\\/fotonoticia_20150624121759_800.jpg\",\"width\":800,\"height\":564},\"datePublished\":\"2015-06-24T16:55:50+02:00\",\"dateModified\":\"2015-06-24T16:55:50+02:00\",\"inLanguage\":\"es-ES\",\"mainEntityOfPage\":{\"@id\":\"https:\\\/\\\/eldigitaldeasturias.com\\\/magazine365\\\/melia-se-alia-con-uniceo-para-potenciar-su-reconocimiento-en-el-segmento-mice\\\/#webpage\"},\"isPartOf\":{\"@id\":\"https:\\\/\\\/eldigitaldeasturias.com\\\/magazine365\\\/melia-se-alia-con-uniceo-para-potenciar-su-reconocimiento-en-el-segmento-mice\\\/#webpage\"},\"articleSection\":\"Actualidad Turismo\"},{\"@type\":\"BreadcrumbList\",\"@id\":\"https:\\\/\\\/eldigitaldeasturias.com\\\/magazine365\\\/melia-se-alia-con-uniceo-para-potenciar-su-reconocimiento-en-el-segmento-mice\\\/#breadcrumblist\",\"itemListElement\":[{\"@type\":\"ListItem\",\"@id\":\"https:\\\/\\\/eldigitaldeasturias.com\\\/magazine365#listItem\",\"position\":1,\"name\":\"Home\",\"item\":\"https:\\\/\\\/eldigitaldeasturias.com\\\/magazine365\",\"nextItem\":{\"@type\":\"ListItem\",\"@id\":\"https:\\\/\\\/eldigitaldeasturias.com\\\/magazine365\\\/category\\\/actualidad-turismo\\\/#listItem\",\"name\":\"Actualidad Turismo\"}},{\"@type\":\"ListItem\",\"@id\":\"https:\\\/\\\/eldigitaldeasturias.com\\\/magazine365\\\/category\\\/actualidad-turismo\\\/#listItem\",\"position\":2,\"name\":\"Actualidad Turismo\",\"item\":\"https:\\\/\\\/eldigitaldeasturias.com\\\/magazine365\\\/category\\\/actualidad-turismo\\\/\",\"nextItem\":{\"@type\":\"ListItem\",\"@id\":\"https:\\\/\\\/eldigitaldeasturias.com\\\/magazine365\\\/melia-se-alia-con-uniceo-para-potenciar-su-reconocimiento-en-el-segmento-mice\\\/#listItem\",\"name\":\"Meli\\u00e1 se al\\u00eda con UNICEO para potenciar su reconocimiento en el segmento MICE\"},\"previousItem\":{\"@type\":\"ListItem\",\"@id\":\"https:\\\/\\\/eldigitaldeasturias.com\\\/magazine365#listItem\",\"name\":\"Home\"}},{\"@type\":\"ListItem\",\"@id\":\"https:\\\/\\\/eldigitaldeasturias.com\\\/magazine365\\\/melia-se-alia-con-uniceo-para-potenciar-su-reconocimiento-en-el-segmento-mice\\\/#listItem\",\"position\":3,\"name\":\"Meli\\u00e1 se al\\u00eda con UNICEO para potenciar su reconocimiento en el segmento MICE\",\"previousItem\":{\"@type\":\"ListItem\",\"@id\":\"https:\\\/\\\/eldigitaldeasturias.com\\\/magazine365\\\/category\\\/actualidad-turismo\\\/#listItem\",\"name\":\"Actualidad Turismo\"}}]},{\"@type\":\"Organization\",\"@id\":\"https:\\\/\\\/eldigitaldeasturias.com\\\/magazine365\\\/#organization\",\"name\":\"El digital de Asturias\",\"description\":\"Revista de ocio, turismo y estilo de vida\",\"url\":\"https:\\\/\\\/eldigitaldeasturias.com\\\/magazine365\\\/\",\"logo\":{\"@type\":\"ImageObject\",\"url\":\"https:\\\/\\\/www.eldigitaldeasturias.com\\\/noticias\\\/wp-content\\\/uploads\\\/2020\\\/12\\\/EDA.jpg\",\"@id\":\"https:\\\/\\\/eldigitaldeasturias.com\\\/magazine365\\\/melia-se-alia-con-uniceo-para-potenciar-su-reconocimiento-en-el-segmento-mice\\\/#organizationLogo\"},\"image\":{\"@id\":\"https:\\\/\\\/eldigitaldeasturias.com\\\/magazine365\\\/melia-se-alia-con-uniceo-para-potenciar-su-reconocimiento-en-el-segmento-mice\\\/#organizationLogo\"}},{\"@type\":\"Person\",\"@id\":\"https:\\\/\\\/eldigitaldeasturias.com\\\/magazine365\\\/author\\\/admin\\\/#author\",\"url\":\"https:\\\/\\\/eldigitaldeasturias.com\\\/magazine365\\\/author\\\/admin\\\/\",\"name\":\"admin\",\"image\":{\"@type\":\"ImageObject\",\"@id\":\"https:\\\/\\\/eldigitaldeasturias.com\\\/magazine365\\\/melia-se-alia-con-uniceo-para-potenciar-su-reconocimiento-en-el-segmento-mice\\\/#authorImage\",\"url\":\"https:\\\/\\\/eldigitaldeasturias.com\\\/magazine365\\\/wp-content\\\/litespeed\\\/avatar\\\/e571bcf59a0edd6fa6838245a470f2fe.jpg?ver=1777574230\",\"width\":96,\"height\":96,\"caption\":\"admin\"}},{\"@type\":\"WebPage\",\"@id\":\"https:\\\/\\\/eldigitaldeasturias.com\\\/magazine365\\\/melia-se-alia-con-uniceo-para-potenciar-su-reconocimiento-en-el-segmento-mice\\\/#webpage\",\"url\":\"https:\\\/\\\/eldigitaldeasturias.com\\\/magazine365\\\/melia-se-alia-con-uniceo-para-potenciar-su-reconocimiento-en-el-segmento-mice\\\/\",\"name\":\"Meli\\u00e1 se al\\u00eda con UNICEO para potenciar su reconocimiento en el segmento MICE | El Digital de Asturias\",\"description\":\"Meli\\u00e1 Hotels International se al\\u00eda con UNICEO, la asociaci\\u00f3n internacional que agrupa los responsables seniors de eventos corporativos, lo que supone \\\"un paso m\\u00e1s\\\" en su reconocimiento como empresa puntera en el segmento del turismo de reuniones, incentivos, conferencias y exposiciones (MICE), una de las apuestas estrat\\u00e9gicas de la cadena. En virtud de esta alianza,\",\"inLanguage\":\"es-ES\",\"isPartOf\":{\"@id\":\"https:\\\/\\\/eldigitaldeasturias.com\\\/magazine365\\\/#website\"},\"breadcrumb\":{\"@id\":\"https:\\\/\\\/eldigitaldeasturias.com\\\/magazine365\\\/melia-se-alia-con-uniceo-para-potenciar-su-reconocimiento-en-el-segmento-mice\\\/#breadcrumblist\"},\"author\":{\"@id\":\"https:\\\/\\\/eldigitaldeasturias.com\\\/magazine365\\\/author\\\/admin\\\/#author\"},\"creator\":{\"@id\":\"https:\\\/\\\/eldigitaldeasturias.com\\\/magazine365\\\/author\\\/admin\\\/#author\"},\"image\":{\"@type\":\"ImageObject\",\"url\":\"https:\\\/\\\/eldigitaldeasturias.com\\\/magazine365\\\/wp-content\\\/uploads\\\/2015\\\/06\\\/fotonoticia_20150624121759_800.jpg\",\"@id\":\"https:\\\/\\\/eldigitaldeasturias.com\\\/magazine365\\\/melia-se-alia-con-uniceo-para-potenciar-su-reconocimiento-en-el-segmento-mice\\\/#mainImage\",\"width\":800,\"height\":564},\"primaryImageOfPage\":{\"@id\":\"https:\\\/\\\/eldigitaldeasturias.com\\\/magazine365\\\/melia-se-alia-con-uniceo-para-potenciar-su-reconocimiento-en-el-segmento-mice\\\/#mainImage\"},\"datePublished\":\"2015-06-24T16:55:50+02:00\",\"dateModified\":\"2015-06-24T16:55:50+02:00\"},{\"@type\":\"WebSite\",\"@id\":\"https:\\\/\\\/eldigitaldeasturias.com\\\/magazine365\\\/#website\",\"url\":\"https:\\\/\\\/eldigitaldeasturias.com\\\/magazine365\\\/\",\"name\":\"El Digital de Asturias\",\"description\":\"Revista de ocio, turismo y estilo de vida\",\"inLanguage\":\"es-ES\",\"publisher\":{\"@id\":\"https:\\\/\\\/eldigitaldeasturias.com\\\/magazine365\\\/#organization\"}}]}\n\t\t<\/script>\n\t\t<!-- All in One SEO Pro -->\r\n\t\t<title>Meli\u00e1 se al\u00eda con UNICEO para potenciar su reconocimiento en el segmento MICE | El Digital de Asturias<\/title>\n\n","aioseo_head_json":{"title":"Meli\u00e1 se al\u00eda con UNICEO para potenciar su reconocimiento en el segmento MICE | El Digital de Asturias","description":"Meli\u00e1 Hotels International se al\u00eda con UNICEO, la asociaci\u00f3n internacional que agrupa los responsables seniors de eventos corporativos, lo que supone \"un paso m\u00e1s\" en su reconocimiento como empresa puntera en el segmento del turismo de reuniones, incentivos, conferencias y exposiciones (MICE), una de las apuestas estrat\u00e9gicas de la cadena. En virtud de esta alianza,","canonical_url":"https:\/\/eldigitaldeasturias.com\/magazine365\/melia-se-alia-con-uniceo-para-potenciar-su-reconocimiento-en-el-segmento-mice\/","robots":"max-image-preview:large","keywords":"actualidad turismo","webmasterTools":{"google-site-verification":"UA-38556648-1","miscellaneous":""},"schema":{"@context":"https:\/\/schema.org","@graph":[{"@type":"Article","@id":"https:\/\/eldigitaldeasturias.com\/magazine365\/melia-se-alia-con-uniceo-para-potenciar-su-reconocimiento-en-el-segmento-mice\/#article","name":"Meli\u00e1 se al\u00eda con UNICEO para potenciar su reconocimiento en el segmento MICE | El Digital de Asturias","headline":"Meli\u00e1 se al\u00eda con UNICEO para potenciar su reconocimiento en el segmento MICE","author":{"@id":"https:\/\/eldigitaldeasturias.com\/magazine365\/author\/admin\/#author"},"publisher":{"@id":"https:\/\/eldigitaldeasturias.com\/magazine365\/#organization"},"image":{"@type":"ImageObject","url":"https:\/\/eldigitaldeasturias.com\/magazine365\/wp-content\/uploads\/2015\/06\/fotonoticia_20150624121759_800.jpg","width":800,"height":564},"datePublished":"2015-06-24T16:55:50+02:00","dateModified":"2015-06-24T16:55:50+02:00","inLanguage":"es-ES","mainEntityOfPage":{"@id":"https:\/\/eldigitaldeasturias.com\/magazine365\/melia-se-alia-con-uniceo-para-potenciar-su-reconocimiento-en-el-segmento-mice\/#webpage"},"isPartOf":{"@id":"https:\/\/eldigitaldeasturias.com\/magazine365\/melia-se-alia-con-uniceo-para-potenciar-su-reconocimiento-en-el-segmento-mice\/#webpage"},"articleSection":"Actualidad Turismo"},{"@type":"BreadcrumbList","@id":"https:\/\/eldigitaldeasturias.com\/magazine365\/melia-se-alia-con-uniceo-para-potenciar-su-reconocimiento-en-el-segmento-mice\/#breadcrumblist","itemListElement":[{"@type":"ListItem","@id":"https:\/\/eldigitaldeasturias.com\/magazine365#listItem","position":1,"name":"Home","item":"https:\/\/eldigitaldeasturias.com\/magazine365","nextItem":{"@type":"ListItem","@id":"https:\/\/eldigitaldeasturias.com\/magazine365\/category\/actualidad-turismo\/#listItem","name":"Actualidad Turismo"}},{"@type":"ListItem","@id":"https:\/\/eldigitaldeasturias.com\/magazine365\/category\/actualidad-turismo\/#listItem","position":2,"name":"Actualidad Turismo","item":"https:\/\/eldigitaldeasturias.com\/magazine365\/category\/actualidad-turismo\/","nextItem":{"@type":"ListItem","@id":"https:\/\/eldigitaldeasturias.com\/magazine365\/melia-se-alia-con-uniceo-para-potenciar-su-reconocimiento-en-el-segmento-mice\/#listItem","name":"Meli\u00e1 se al\u00eda con UNICEO para potenciar su reconocimiento en el segmento MICE"},"previousItem":{"@type":"ListItem","@id":"https:\/\/eldigitaldeasturias.com\/magazine365#listItem","name":"Home"}},{"@type":"ListItem","@id":"https:\/\/eldigitaldeasturias.com\/magazine365\/melia-se-alia-con-uniceo-para-potenciar-su-reconocimiento-en-el-segmento-mice\/#listItem","position":3,"name":"Meli\u00e1 se al\u00eda con UNICEO para potenciar su reconocimiento en el segmento MICE","previousItem":{"@type":"ListItem","@id":"https:\/\/eldigitaldeasturias.com\/magazine365\/category\/actualidad-turismo\/#listItem","name":"Actualidad Turismo"}}]},{"@type":"Organization","@id":"https:\/\/eldigitaldeasturias.com\/magazine365\/#organization","name":"El digital de Asturias","description":"Revista de ocio, turismo y estilo de vida","url":"https:\/\/eldigitaldeasturias.com\/magazine365\/","logo":{"@type":"ImageObject","url":"https:\/\/www.eldigitaldeasturias.com\/noticias\/wp-content\/uploads\/2020\/12\/EDA.jpg","@id":"https:\/\/eldigitaldeasturias.com\/magazine365\/melia-se-alia-con-uniceo-para-potenciar-su-reconocimiento-en-el-segmento-mice\/#organizationLogo"},"image":{"@id":"https:\/\/eldigitaldeasturias.com\/magazine365\/melia-se-alia-con-uniceo-para-potenciar-su-reconocimiento-en-el-segmento-mice\/#organizationLogo"}},{"@type":"Person","@id":"https:\/\/eldigitaldeasturias.com\/magazine365\/author\/admin\/#author","url":"https:\/\/eldigitaldeasturias.com\/magazine365\/author\/admin\/","name":"admin","image":{"@type":"ImageObject","@id":"https:\/\/eldigitaldeasturias.com\/magazine365\/melia-se-alia-con-uniceo-para-potenciar-su-reconocimiento-en-el-segmento-mice\/#authorImage","url":"https:\/\/eldigitaldeasturias.com\/magazine365\/wp-content\/litespeed\/avatar\/e571bcf59a0edd6fa6838245a470f2fe.jpg?ver=1777574230","width":96,"height":96,"caption":"admin"}},{"@type":"WebPage","@id":"https:\/\/eldigitaldeasturias.com\/magazine365\/melia-se-alia-con-uniceo-para-potenciar-su-reconocimiento-en-el-segmento-mice\/#webpage","url":"https:\/\/eldigitaldeasturias.com\/magazine365\/melia-se-alia-con-uniceo-para-potenciar-su-reconocimiento-en-el-segmento-mice\/","name":"Meli\u00e1 se al\u00eda con UNICEO para potenciar su reconocimiento en el segmento MICE | El Digital de Asturias","description":"Meli\u00e1 Hotels International se al\u00eda con UNICEO, la asociaci\u00f3n internacional que agrupa los responsables seniors de eventos corporativos, lo que supone \"un paso m\u00e1s\" en su reconocimiento como empresa puntera en el segmento del turismo de reuniones, incentivos, conferencias y exposiciones (MICE), una de las apuestas estrat\u00e9gicas de la cadena. En virtud de esta alianza,","inLanguage":"es-ES","isPartOf":{"@id":"https:\/\/eldigitaldeasturias.com\/magazine365\/#website"},"breadcrumb":{"@id":"https:\/\/eldigitaldeasturias.com\/magazine365\/melia-se-alia-con-uniceo-para-potenciar-su-reconocimiento-en-el-segmento-mice\/#breadcrumblist"},"author":{"@id":"https:\/\/eldigitaldeasturias.com\/magazine365\/author\/admin\/#author"},"creator":{"@id":"https:\/\/eldigitaldeasturias.com\/magazine365\/author\/admin\/#author"},"image":{"@type":"ImageObject","url":"https:\/\/eldigitaldeasturias.com\/magazine365\/wp-content\/uploads\/2015\/06\/fotonoticia_20150624121759_800.jpg","@id":"https:\/\/eldigitaldeasturias.com\/magazine365\/melia-se-alia-con-uniceo-para-potenciar-su-reconocimiento-en-el-segmento-mice\/#mainImage","width":800,"height":564},"primaryImageOfPage":{"@id":"https:\/\/eldigitaldeasturias.com\/magazine365\/melia-se-alia-con-uniceo-para-potenciar-su-reconocimiento-en-el-segmento-mice\/#mainImage"},"datePublished":"2015-06-24T16:55:50+02:00","dateModified":"2015-06-24T16:55:50+02:00"},{"@type":"WebSite","@id":"https:\/\/eldigitaldeasturias.com\/magazine365\/#website","url":"https:\/\/eldigitaldeasturias.com\/magazine365\/","name":"El Digital de Asturias","description":"Revista de ocio, turismo y estilo de vida","inLanguage":"es-ES","publisher":{"@id":"https:\/\/eldigitaldeasturias.com\/magazine365\/#organization"}}]},"og:locale":"es_ES","og:site_name":"El Digital de Asturias \u2013 Revista de ocio, turismo y estilo de vida","og:type":"article","og:title":"Meli\u00e1 se al\u00eda con UNICEO para potenciar su reconocimiento en el segmento MICE | El Digital de Asturias","og:description":"Meli\u00e1 Hotels International se al\u00eda con UNICEO, la asociaci\u00f3n internacional que agrupa los responsables seniors de eventos corporativos, lo que supone &quot;un paso m\u00e1s&quot; en su reconocimiento como empresa puntera en el segmento del turismo de reuniones, incentivos, conferencias y exposiciones (MICE), una de las apuestas estrat\u00e9gicas de la cadena. En virtud de esta alianza,","og:url":"https:\/\/eldigitaldeasturias.com\/magazine365\/melia-se-alia-con-uniceo-para-potenciar-su-reconocimiento-en-el-segmento-mice\/","og:image":"https:\/\/eldigitaldeasturias.com\/magazine365\/wp-content\/uploads\/2015\/06\/fotonoticia_20150624121759_800.jpg","og:image:secure_url":"https:\/\/eldigitaldeasturias.com\/magazine365\/wp-content\/uploads\/2015\/06\/fotonoticia_20150624121759_800.jpg","og:image:width":800,"og:image:height":564,"article:published_time":"2015-06-24T15:25:50+00:00","article:modified_time":"2015-06-24T15:25:50+00:00","twitter:card":"summary_large_image","twitter:title":"Meli\u00e1 se al\u00eda con UNICEO para potenciar su reconocimiento en el segmento MICE | El Digital de Asturias","twitter:description":"Meli\u00e1 Hotels International se al\u00eda con UNICEO, la asociaci\u00f3n internacional que agrupa los responsables seniors de eventos corporativos, lo que supone &quot;un paso m\u00e1s&quot; en su reconocimiento como empresa puntera en el segmento del turismo de reuniones, incentivos, conferencias y exposiciones (MICE), una de las apuestas estrat\u00e9gicas de la cadena. En virtud de esta alianza,","twitter:image":"https:\/\/eldigitaldeasturias.com\/magazine365\/wp-content\/uploads\/2015\/06\/fotonoticia_20150624121759_800.jpg"},"aioseo_meta_data":{"post_id":"40850","title":null,"description":null,"keywords":null,"keyphrases":null,"primary_term":null,"canonical_url":null,"og_title":null,"og_description":null,"og_object_type":"default","og_image_type":"default","og_image_url":null,"og_image_width":null,"og_image_height":null,"og_image_custom_url":null,"og_image_custom_fields":null,"og_video":null,"og_custom_url":null,"og_article_section":null,"og_article_tags":null,"twitter_use_og":false,"twitter_card":"default","twitter_image_type":"default","twitter_image_url":null,"twitter_image_custom_url":null,"twitter_image_custom_fields":null,"twitter_title":null,"twitter_description":null,"schema":{"blockGraphs":[],"customGraphs":[],"default":{"data":{"Article":[],"Course":[],"Dataset":[],"FAQPage":[],"Movie":[],"Person":[],"Product":[],"ProductReview":[],"Car":[],"Recipe":[],"Service":[],"SoftwareApplication":[],"WebPage":[]},"graphName":"","isEnabled":true},"graphs":[],"defaultGraph":"","defaultPostTypeGraph":""},"schema_type":null,"schema_type_options":null,"pillar_content":false,"robots_default":true,"robots_noindex":false,"robots_noarchive":false,"robots_nosnippet":false,"robots_nofollow":false,"robots_noimageindex":false,"robots_noodp":false,"robots_notranslate":false,"robots_max_snippet":null,"robots_max_videopreview":null,"robots_max_imagepreview":"large","priority":null,"frequency":null,"location":null,"local_seo":null,"seo_analyzer_scan_date":"2025-09-19 14:27:55","breadcrumb_settings":null,"limit_modified_date":false,"open_ai":null,"ai":null,"created":"2021-03-09 02:22:40","updated":"2025-09-19 14:27:55"},"aioseo_breadcrumb":"<div class=\"aioseo-breadcrumbs\"><span class=\"aioseo-breadcrumb\">\n\t<a href=\"https:\/\/eldigitaldeasturias.com\/magazine365\" title=\"Home\">Home<\/a>\n<\/span><span class=\"aioseo-breadcrumb-separator\">\u2013<\/span><span class=\"aioseo-breadcrumb\">\n\t<a href=\"https:\/\/eldigitaldeasturias.com\/magazine365\/category\/actualidad-turismo\/\" title=\"Actualidad Turismo\">Actualidad Turismo<\/a>\n<\/span><span class=\"aioseo-breadcrumb-separator\">\u2013<\/span><span class=\"aioseo-breadcrumb\">\n\t<a href=\"https:\/\/eldigitaldeasturias.com\/magazine365\/melia-se-alia-con-uniceo-para-potenciar-su-reconocimiento-en-el-segmento-mice\/\" title=\"Meli\u00e1 se al\u00eda con UNICEO para potenciar su reconocimiento en el segmento MICE\">Meli\u00e1 se al\u00eda con UNICEO para potenciar su reconocimiento en el segmento MICE<\/a>\n<\/span><\/div>","aioseo_breadcrumb_json":[{"label":"Home","link":"https:\/\/eldigitaldeasturias.com\/magazine365"},{"label":"Actualidad Turismo","link":"https:\/\/eldigitaldeasturias.com\/magazine365\/category\/actualidad-turismo\/"},{"label":"Meli\u00e1 se al\u00eda con UNICEO para potenciar su reconocimiento en el segmento MICE","link":"https:\/\/eldigitaldeasturias.com\/magazine365\/melia-se-alia-con-uniceo-para-potenciar-su-reconocimiento-en-el-segmento-mice\/"}],"_links":{"self":[{"href":"https:\/\/eldigitaldeasturias.com\/magazine365\/wp-json\/wp\/v2\/posts\/40850","targetHints":{"allow":["GET"]}}],"collection":[{"href":"https:\/\/eldigitaldeasturias.com\/magazine365\/wp-json\/wp\/v2\/posts"}],"about":[{"href":"https:\/\/eldigitaldeasturias.com\/magazine365\/wp-json\/wp\/v2\/types\/post"}],"author":[{"embeddable":true,"href":"https:\/\/eldigitaldeasturias.com\/magazine365\/wp-json\/wp\/v2\/users\/1"}],"replies":[{"embeddable":true,"href":"https:\/\/eldigitaldeasturias.com\/magazine365\/wp-json\/wp\/v2\/comments?post=40850"}],"version-history":[{"count":0,"href":"https:\/\/eldigitaldeasturias.com\/magazine365\/wp-json\/wp\/v2\/posts\/40850\/revisions"}],"wp:featuredmedia":[{"embeddable":true,"href":"https:\/\/eldigitaldeasturias.com\/magazine365\/wp-json\/wp\/v2\/media\/40851"}],"wp:attachment":[{"href":"https:\/\/eldigitaldeasturias.com\/magazine365\/wp-json\/wp\/v2\/media?parent=40850"}],"wp:term":[{"taxonomy":"category","embeddable":true,"href":"https:\/\/eldigitaldeasturias.com\/magazine365\/wp-json\/wp\/v2\/categories?post=40850"},{"taxonomy":"post_tag","embeddable":true,"href":"https:\/\/eldigitaldeasturias.com\/magazine365\/wp-json\/wp\/v2\/tags?post=40850"}],"curies":[{"name":"wp","href":"https:\/\/api.w.org\/{rel}","templated":true}]}}