{"id":40841,"date":"2015-06-24T16:15:28","date_gmt":"2015-06-24T14:45:28","guid":{"rendered":"http:\/\/eldigitaldeasturias.com\/magazine365\/?p=40841"},"modified":"2015-06-24T16:15:28","modified_gmt":"2015-06-24T14:45:28","slug":"los-exresponsables-del-puerto-de-el-musel-declaran-desde-hoy-como-imputados","status":"publish","type":"post","link":"https:\/\/eldigitaldeasturias.com\/magazine365\/los-exresponsables-del-puerto-de-el-musel-declaran-desde-hoy-como-imputados\/","title":{"rendered":"Los exresponsables del puerto de El Musel declaran desde hoy como imputados"},"content":{"rendered":"<p><img fetchpriority=\"high\" decoding=\"async\" class=\"alignleft size-medium wp-image-40842\" src=\"https:\/\/eldigitaldeasturias.com\/magazine365\/wp-content\/uploads\/2015\/06\/fotonoticia_20150624113009_800-360x270.jpg\" alt=\"fotonoticia_20150624113009_800\" width=\"360\" height=\"270\" srcset=\"https:\/\/eldigitaldeasturias.com\/magazine365\/wp-content\/uploads\/2015\/06\/fotonoticia_20150624113009_800-360x270.jpg 360w, https:\/\/eldigitaldeasturias.com\/magazine365\/wp-content\/uploads\/2015\/06\/fotonoticia_20150624113009_800-650x488.jpg 650w, https:\/\/eldigitaldeasturias.com\/magazine365\/wp-content\/uploads\/2015\/06\/fotonoticia_20150624113009_800-768x576.jpg 768w, https:\/\/eldigitaldeasturias.com\/magazine365\/wp-content\/uploads\/2015\/06\/fotonoticia_20150624113009_800-150x113.jpg 150w, https:\/\/eldigitaldeasturias.com\/magazine365\/wp-content\/uploads\/2015\/06\/fotonoticia_20150624113009_800-450x338.jpg 450w, https:\/\/eldigitaldeasturias.com\/magazine365\/wp-content\/uploads\/2015\/06\/fotonoticia_20150624113009_800-80x60.jpg 80w, https:\/\/eldigitaldeasturias.com\/magazine365\/wp-content\/uploads\/2015\/06\/fotonoticia_20150624113009_800-265x198.jpg 265w, https:\/\/eldigitaldeasturias.com\/magazine365\/wp-content\/uploads\/2015\/06\/fotonoticia_20150624113009_800-696x522.jpg 696w, https:\/\/eldigitaldeasturias.com\/magazine365\/wp-content\/uploads\/2015\/06\/fotonoticia_20150624113009_800-560x420.jpg 560w, https:\/\/eldigitaldeasturias.com\/magazine365\/wp-content\/uploads\/2015\/06\/fotonoticia_20150624113009_800-90x67.jpg 90w, https:\/\/eldigitaldeasturias.com\/magazine365\/wp-content\/uploads\/2015\/06\/fotonoticia_20150624113009_800-100x75.jpg 100w, https:\/\/eldigitaldeasturias.com\/magazine365\/wp-content\/uploads\/2015\/06\/fotonoticia_20150624113009_800.jpg 800w\" sizes=\"(max-width: 360px) 100vw, 360px\" \/>El juez de la Audiencia Nacional Juan Pablo Gonz\u00e1lez interrogar\u00e1 desde hoy, mi\u00e9rcoles, como imputados a los antiguos responsables del puerto de El Musel (Gij\u00f3n) y al que fue gerente de la uni\u00f3n temporal de empresas (UTE) que llev\u00f3 a cabo sus obras de ampliaci\u00f3n, en el marco de la causa en la que se investigan los sobrecostes que se produjeron en estos trabajos.<\/p>\n<p>El magistrado tomar\u00e1 declaraci\u00f3n este mi\u00e9rcoles al expresidente de la Autoridad Portuaria de Gij\u00f3n Fernando Men\u00e9ndez Rexach y al gerente de la UTE, Juan Miguel P\u00e9rez, al que imput\u00f3 el pasado jueves a petici\u00f3n de la Fiscal\u00eda Anticorrupci\u00f3n tras escuchar la declaraci\u00f3n como testigos de los responsables de las constructoras que realizaron las obras. El jueves ser\u00e1 el turno del exdirector del Puerto de Gij\u00f3n Jos\u00e9 Luis D\u00edaz Rato.<\/p>\n<p>Los gerentes de las empresas que llevaron a cabo la remodelaci\u00f3n, en la que se investigan unos sobrecostes en la compra de materiales que podr\u00edan motivar la devoluci\u00f3n de 247,5 millones de fondos europeos, coincidieron en se\u00f1alar que el informe de la Oficina Europea de Lucha contra el Fraude (OLAF) que revel\u00f3 las irregularidades presentaba varios \u00aberrores\u00bb y que los trabajos se llevaron a cabo bajo la supervisi\u00f3n adecuada.<\/p>\n<p>\u00abNunca ha habido una obra con tantos controles y verificaciones como esta\u00bb, se\u00f1al\u00f3 Manuel Amaro, delegado en Asturias de Dragados, que dijo tener, seg\u00fan fuentes jur\u00eddicas consultadas por Europa Press, \u00abm\u00e1s de 40 a\u00f1os de experiencia\u00bb.<\/p>\n<p>Entre las incorrecciones del informe europeo se encontrar\u00edan, seg\u00fan los comparecientes, el supuesto favoritismo a la cantera de Abo\u00f1o, que fue escogida por su proximidad al puerto, en detrimento de otras de la Uni\u00f3n Europea o la falta de control en el pesaje de los camiones. \u00abEl control se hac\u00eda con el volumen de piedra\u00bb, han explicado.<\/p>\n<p>SEIS DELITOS<\/p>\n<p>El juez Javier G\u00f3mez Berm\u00fadez admiti\u00f3 a tr\u00e1mite el pasado 8 de agosto una denuncia formulada por la Fiscal\u00eda Anticorrupci\u00f3n a fin de investigar \u00ablas actuaciones de representantes y administradores\u00bb de la uni\u00f3n temporal de empresas (UTE) Dique Torres, que llev\u00f3 a cabo el proyecto entre los a\u00f1os 2005 y 2011, y de los integrantes de la Autoridad Portuaria de Gij\u00f3n, gestora de las instalaciones.<\/p>\n<p>Seg\u00fan Anticorrupci\u00f3n, los hechos investigados podr\u00edan ser constitutivos de un total de seis delitos: fraude y exacciones ilegales, malversaci\u00f3n de caudales p\u00fablicos, estafa agravada, falsedad en documento oficial y mercantil, fraude a la Hacienda P\u00fablica y prevaricaci\u00f3n.<\/p>\n<p>La Fiscal\u00eda justific\u00f3 la competencia de la Audiencia Nacional para investigar estos hechos, al considerar que podr\u00edan tener \u00abuna grave repercusi\u00f3n en la seguridad del tr\u00e1fico mercantil y un grave perjuicio patrimonial en la econom\u00eda nacional\u00bb.<\/p>\n<p>\u00abGRAVES IRREGULARIDADES Y FRAUDE\u00bb<\/p>\n<p>La denuncia se judicializ\u00f3 despu\u00e9s de que la Oficina Europea de Lucha contra el Fraude (OLAF) remitiera en marzo de 2014 un informe en el que denunciaba \u00abgraves irregularidades e incluso fraude\u00bb en este proyecto, as\u00ed como \u00abdeficiencias en los sistemas de gesti\u00f3n y de control por parte del beneficiario, la Autoridad del Puerto de Gij\u00f3n\u00bb.<\/p>\n<p>La Comisi\u00f3n Europea financi\u00f3 el proyecto con 198 millones de euros procedentes de los fondos de cohesi\u00f3n, a los que se suman otros 49,5 que se encuentran pendientes de cobro.<\/p>\n<p>G\u00f3mez Berm\u00fadez pidi\u00f3 a la Autoridad Portuaria de Gij\u00f3n la remisi\u00f3n del expediente administrativo de contrataci\u00f3n de las obras y la identidad de los miembros de este organismo y del ente p\u00fablico Puertos del Estado en las fechas en las que se produjeron los hechos. Asimismo, reclam\u00f3 documentaci\u00f3n sobre las relaciones que este organismo mantuvo con las empresas Hidrocant\u00e1brico y Tudela Vegu\u00edn.<\/p>\n<p>La UTE que llev\u00f3 a cabo este proyecto estaba formada por las empresas constructoras Dragados, FCC, SATO, FPS y Alvargonz\u00e1lez Contratas. A estas compa\u00f1\u00edas el juez reclam\u00f3 los registros contables y la documentaci\u00f3n referente a este contrato, as\u00ed como los documentos que justifiquen su relaci\u00f3n con Hidrocant\u00e1brico respecto de la cantera de Abo\u00f1o y los correspondientes a las operaciones con Tudela Vegu\u00edn en relaci\u00f3n con las canteras Pe\u00f1a Mar\u00eda y La Hoya-Perecil.<\/p>\n","protected":false},"excerpt":{"rendered":"<p>El juez de la Audiencia Nacional Juan Pablo Gonz\u00e1lez interrogar\u00e1 desde hoy, mi\u00e9rcoles, como imputados a los antiguos responsables del puerto de El Musel (Gij\u00f3n) y al que fue gerente de la uni\u00f3n temporal de empresas (UTE) que llev\u00f3 a cabo sus obras de ampliaci\u00f3n, en el marco de la causa en la que se<\/p>\n","protected":false},"author":1,"featured_media":40842,"comment_status":"open","ping_status":"closed","sticky":false,"template":"","format":"standard","meta":{"footnotes":""},"categories":[222],"tags":[],"class_list":{"0":"post-40841","1":"post","2":"type-post","3":"status-publish","4":"format-standard","5":"has-post-thumbnail","7":"category-actualidad-turismo"},"aioseo_notices":[],"aioseo_head":"\n\t\t<!-- All in One SEO Pro 4.9.6.1 - aioseo.com -->\n\t<meta name=\"description\" content=\"El juez de la Audiencia Nacional Juan Pablo Gonz\u00e1lez interrogar\u00e1 desde hoy, mi\u00e9rcoles, como imputados a los antiguos responsables del puerto de El Musel (Gij\u00f3n) y al que fue gerente de la uni\u00f3n temporal de empresas (UTE) que llev\u00f3 a cabo sus obras de ampliaci\u00f3n, en el marco de la causa en la que se\" \/>\n\t<meta name=\"robots\" content=\"max-image-preview:large\" \/>\n\t<meta name=\"author\" content=\"admin\"\/>\n\t<meta name=\"google-site-verification\" content=\"UA-38556648-1\" \/>\n\t<meta name=\"keywords\" content=\"actualidad turismo\" \/>\n\t<link rel=\"canonical\" href=\"https:\/\/eldigitaldeasturias.com\/magazine365\/los-exresponsables-del-puerto-de-el-musel-declaran-desde-hoy-como-imputados\/\" \/>\n\t<meta name=\"generator\" content=\"All in One SEO Pro (AIOSEO) 4.9.6.1\" \/>\n\t\t<meta property=\"og:locale\" content=\"es_ES\" \/>\n\t\t<meta property=\"og:site_name\" content=\"El Digital de Asturias \u2013 Revista de ocio, turismo y estilo de vida\" \/>\n\t\t<meta property=\"og:type\" content=\"article\" \/>\n\t\t<meta property=\"og:title\" content=\"Los exresponsables del puerto de El Musel declaran desde hoy como imputados | El Digital de Asturias\" \/>\n\t\t<meta property=\"og:description\" content=\"El juez de la Audiencia Nacional Juan Pablo Gonz\u00e1lez interrogar\u00e1 desde hoy, mi\u00e9rcoles, como imputados a los antiguos responsables del puerto de El Musel (Gij\u00f3n) y al que fue gerente de la uni\u00f3n temporal de empresas (UTE) que llev\u00f3 a cabo sus obras de ampliaci\u00f3n, en el marco de la causa en la que se\" \/>\n\t\t<meta property=\"og:url\" content=\"https:\/\/eldigitaldeasturias.com\/magazine365\/los-exresponsables-del-puerto-de-el-musel-declaran-desde-hoy-como-imputados\/\" \/>\n\t\t<meta property=\"og:image\" content=\"https:\/\/eldigitaldeasturias.com\/magazine365\/wp-content\/uploads\/2015\/06\/fotonoticia_20150624113009_800.jpg\" \/>\n\t\t<meta property=\"og:image:secure_url\" content=\"https:\/\/eldigitaldeasturias.com\/magazine365\/wp-content\/uploads\/2015\/06\/fotonoticia_20150624113009_800.jpg\" \/>\n\t\t<meta property=\"og:image:width\" content=\"800\" \/>\n\t\t<meta property=\"og:image:height\" content=\"600\" \/>\n\t\t<meta property=\"article:published_time\" content=\"2015-06-24T14:45:28+00:00\" \/>\n\t\t<meta property=\"article:modified_time\" content=\"2015-06-24T14:45:28+00:00\" \/>\n\t\t<meta name=\"twitter:card\" content=\"summary_large_image\" \/>\n\t\t<meta name=\"twitter:title\" content=\"Los exresponsables del puerto de El Musel declaran desde hoy como imputados | El Digital de Asturias\" \/>\n\t\t<meta name=\"twitter:description\" content=\"El juez de la Audiencia Nacional Juan Pablo Gonz\u00e1lez interrogar\u00e1 desde hoy, mi\u00e9rcoles, como imputados a los antiguos responsables del puerto de El Musel (Gij\u00f3n) y al que fue gerente de la uni\u00f3n temporal de empresas (UTE) que llev\u00f3 a cabo sus obras de ampliaci\u00f3n, en el marco de la causa en la que se\" \/>\n\t\t<meta name=\"twitter:image\" content=\"https:\/\/eldigitaldeasturias.com\/magazine365\/wp-content\/uploads\/2015\/06\/fotonoticia_20150624113009_800.jpg\" \/>\n\t\t<script type=\"application\/ld+json\" class=\"aioseo-schema\">\n\t\t\t{\"@context\":\"https:\\\/\\\/schema.org\",\"@graph\":[{\"@type\":\"Article\",\"@id\":\"https:\\\/\\\/eldigitaldeasturias.com\\\/magazine365\\\/los-exresponsables-del-puerto-de-el-musel-declaran-desde-hoy-como-imputados\\\/#article\",\"name\":\"Los exresponsables del puerto de El Musel declaran desde hoy como imputados | El Digital de Asturias\",\"headline\":\"Los exresponsables del puerto de El Musel declaran desde hoy como imputados\",\"author\":{\"@id\":\"https:\\\/\\\/eldigitaldeasturias.com\\\/magazine365\\\/author\\\/admin\\\/#author\"},\"publisher\":{\"@id\":\"https:\\\/\\\/eldigitaldeasturias.com\\\/magazine365\\\/#organization\"},\"image\":{\"@type\":\"ImageObject\",\"url\":\"https:\\\/\\\/eldigitaldeasturias.com\\\/magazine365\\\/wp-content\\\/uploads\\\/2015\\\/06\\\/fotonoticia_20150624113009_800.jpg\",\"width\":800,\"height\":600},\"datePublished\":\"2015-06-24T16:15:28+02:00\",\"dateModified\":\"2015-06-24T16:15:28+02:00\",\"inLanguage\":\"es-ES\",\"mainEntityOfPage\":{\"@id\":\"https:\\\/\\\/eldigitaldeasturias.com\\\/magazine365\\\/los-exresponsables-del-puerto-de-el-musel-declaran-desde-hoy-como-imputados\\\/#webpage\"},\"isPartOf\":{\"@id\":\"https:\\\/\\\/eldigitaldeasturias.com\\\/magazine365\\\/los-exresponsables-del-puerto-de-el-musel-declaran-desde-hoy-como-imputados\\\/#webpage\"},\"articleSection\":\"Actualidad Turismo\"},{\"@type\":\"BreadcrumbList\",\"@id\":\"https:\\\/\\\/eldigitaldeasturias.com\\\/magazine365\\\/los-exresponsables-del-puerto-de-el-musel-declaran-desde-hoy-como-imputados\\\/#breadcrumblist\",\"itemListElement\":[{\"@type\":\"ListItem\",\"@id\":\"https:\\\/\\\/eldigitaldeasturias.com\\\/magazine365#listItem\",\"position\":1,\"name\":\"Home\",\"item\":\"https:\\\/\\\/eldigitaldeasturias.com\\\/magazine365\",\"nextItem\":{\"@type\":\"ListItem\",\"@id\":\"https:\\\/\\\/eldigitaldeasturias.com\\\/magazine365\\\/category\\\/actualidad-turismo\\\/#listItem\",\"name\":\"Actualidad Turismo\"}},{\"@type\":\"ListItem\",\"@id\":\"https:\\\/\\\/eldigitaldeasturias.com\\\/magazine365\\\/category\\\/actualidad-turismo\\\/#listItem\",\"position\":2,\"name\":\"Actualidad Turismo\",\"item\":\"https:\\\/\\\/eldigitaldeasturias.com\\\/magazine365\\\/category\\\/actualidad-turismo\\\/\",\"nextItem\":{\"@type\":\"ListItem\",\"@id\":\"https:\\\/\\\/eldigitaldeasturias.com\\\/magazine365\\\/los-exresponsables-del-puerto-de-el-musel-declaran-desde-hoy-como-imputados\\\/#listItem\",\"name\":\"Los exresponsables del puerto de El Musel declaran desde hoy como imputados\"},\"previousItem\":{\"@type\":\"ListItem\",\"@id\":\"https:\\\/\\\/eldigitaldeasturias.com\\\/magazine365#listItem\",\"name\":\"Home\"}},{\"@type\":\"ListItem\",\"@id\":\"https:\\\/\\\/eldigitaldeasturias.com\\\/magazine365\\\/los-exresponsables-del-puerto-de-el-musel-declaran-desde-hoy-como-imputados\\\/#listItem\",\"position\":3,\"name\":\"Los exresponsables del puerto de El Musel declaran desde hoy como imputados\",\"previousItem\":{\"@type\":\"ListItem\",\"@id\":\"https:\\\/\\\/eldigitaldeasturias.com\\\/magazine365\\\/category\\\/actualidad-turismo\\\/#listItem\",\"name\":\"Actualidad Turismo\"}}]},{\"@type\":\"Organization\",\"@id\":\"https:\\\/\\\/eldigitaldeasturias.com\\\/magazine365\\\/#organization\",\"name\":\"El digital de Asturias\",\"description\":\"Revista de ocio, turismo y estilo de vida\",\"url\":\"https:\\\/\\\/eldigitaldeasturias.com\\\/magazine365\\\/\",\"logo\":{\"@type\":\"ImageObject\",\"url\":\"https:\\\/\\\/www.eldigitaldeasturias.com\\\/noticias\\\/wp-content\\\/uploads\\\/2020\\\/12\\\/EDA.jpg\",\"@id\":\"https:\\\/\\\/eldigitaldeasturias.com\\\/magazine365\\\/los-exresponsables-del-puerto-de-el-musel-declaran-desde-hoy-como-imputados\\\/#organizationLogo\"},\"image\":{\"@id\":\"https:\\\/\\\/eldigitaldeasturias.com\\\/magazine365\\\/los-exresponsables-del-puerto-de-el-musel-declaran-desde-hoy-como-imputados\\\/#organizationLogo\"}},{\"@type\":\"Person\",\"@id\":\"https:\\\/\\\/eldigitaldeasturias.com\\\/magazine365\\\/author\\\/admin\\\/#author\",\"url\":\"https:\\\/\\\/eldigitaldeasturias.com\\\/magazine365\\\/author\\\/admin\\\/\",\"name\":\"admin\",\"image\":{\"@type\":\"ImageObject\",\"@id\":\"https:\\\/\\\/eldigitaldeasturias.com\\\/magazine365\\\/los-exresponsables-del-puerto-de-el-musel-declaran-desde-hoy-como-imputados\\\/#authorImage\",\"url\":\"https:\\\/\\\/eldigitaldeasturias.com\\\/magazine365\\\/wp-content\\\/litespeed\\\/avatar\\\/e571bcf59a0edd6fa6838245a470f2fe.jpg?ver=1777574230\",\"width\":96,\"height\":96,\"caption\":\"admin\"}},{\"@type\":\"WebPage\",\"@id\":\"https:\\\/\\\/eldigitaldeasturias.com\\\/magazine365\\\/los-exresponsables-del-puerto-de-el-musel-declaran-desde-hoy-como-imputados\\\/#webpage\",\"url\":\"https:\\\/\\\/eldigitaldeasturias.com\\\/magazine365\\\/los-exresponsables-del-puerto-de-el-musel-declaran-desde-hoy-como-imputados\\\/\",\"name\":\"Los exresponsables del puerto de El Musel declaran desde hoy como imputados | El Digital de Asturias\",\"description\":\"El juez de la Audiencia Nacional Juan Pablo Gonz\\u00e1lez interrogar\\u00e1 desde hoy, mi\\u00e9rcoles, como imputados a los antiguos responsables del puerto de El Musel (Gij\\u00f3n) y al que fue gerente de la uni\\u00f3n temporal de empresas (UTE) que llev\\u00f3 a cabo sus obras de ampliaci\\u00f3n, en el marco de la causa en la que se\",\"inLanguage\":\"es-ES\",\"isPartOf\":{\"@id\":\"https:\\\/\\\/eldigitaldeasturias.com\\\/magazine365\\\/#website\"},\"breadcrumb\":{\"@id\":\"https:\\\/\\\/eldigitaldeasturias.com\\\/magazine365\\\/los-exresponsables-del-puerto-de-el-musel-declaran-desde-hoy-como-imputados\\\/#breadcrumblist\"},\"author\":{\"@id\":\"https:\\\/\\\/eldigitaldeasturias.com\\\/magazine365\\\/author\\\/admin\\\/#author\"},\"creator\":{\"@id\":\"https:\\\/\\\/eldigitaldeasturias.com\\\/magazine365\\\/author\\\/admin\\\/#author\"},\"image\":{\"@type\":\"ImageObject\",\"url\":\"https:\\\/\\\/eldigitaldeasturias.com\\\/magazine365\\\/wp-content\\\/uploads\\\/2015\\\/06\\\/fotonoticia_20150624113009_800.jpg\",\"@id\":\"https:\\\/\\\/eldigitaldeasturias.com\\\/magazine365\\\/los-exresponsables-del-puerto-de-el-musel-declaran-desde-hoy-como-imputados\\\/#mainImage\",\"width\":800,\"height\":600},\"primaryImageOfPage\":{\"@id\":\"https:\\\/\\\/eldigitaldeasturias.com\\\/magazine365\\\/los-exresponsables-del-puerto-de-el-musel-declaran-desde-hoy-como-imputados\\\/#mainImage\"},\"datePublished\":\"2015-06-24T16:15:28+02:00\",\"dateModified\":\"2015-06-24T16:15:28+02:00\"},{\"@type\":\"WebSite\",\"@id\":\"https:\\\/\\\/eldigitaldeasturias.com\\\/magazine365\\\/#website\",\"url\":\"https:\\\/\\\/eldigitaldeasturias.com\\\/magazine365\\\/\",\"name\":\"El Digital de Asturias\",\"description\":\"Revista de ocio, turismo y estilo de vida\",\"inLanguage\":\"es-ES\",\"publisher\":{\"@id\":\"https:\\\/\\\/eldigitaldeasturias.com\\\/magazine365\\\/#organization\"}}]}\n\t\t<\/script>\n\t\t<!-- All in One SEO Pro -->\r\n\t\t<title>Los exresponsables del puerto de El Musel declaran desde hoy como imputados | El Digital de Asturias<\/title>\n\n","aioseo_head_json":{"title":"Los exresponsables del puerto de El Musel declaran desde hoy como imputados | El Digital de Asturias","description":"El juez de la Audiencia Nacional Juan Pablo Gonz\u00e1lez interrogar\u00e1 desde hoy, mi\u00e9rcoles, como imputados a los antiguos responsables del puerto de El Musel (Gij\u00f3n) y al que fue gerente de la uni\u00f3n temporal de empresas (UTE) que llev\u00f3 a cabo sus obras de ampliaci\u00f3n, en el marco de la causa en la que se","canonical_url":"https:\/\/eldigitaldeasturias.com\/magazine365\/los-exresponsables-del-puerto-de-el-musel-declaran-desde-hoy-como-imputados\/","robots":"max-image-preview:large","keywords":"actualidad turismo","webmasterTools":{"google-site-verification":"UA-38556648-1","miscellaneous":""},"schema":{"@context":"https:\/\/schema.org","@graph":[{"@type":"Article","@id":"https:\/\/eldigitaldeasturias.com\/magazine365\/los-exresponsables-del-puerto-de-el-musel-declaran-desde-hoy-como-imputados\/#article","name":"Los exresponsables del puerto de El Musel declaran desde hoy como imputados | El Digital de Asturias","headline":"Los exresponsables del puerto de El Musel declaran desde hoy como imputados","author":{"@id":"https:\/\/eldigitaldeasturias.com\/magazine365\/author\/admin\/#author"},"publisher":{"@id":"https:\/\/eldigitaldeasturias.com\/magazine365\/#organization"},"image":{"@type":"ImageObject","url":"https:\/\/eldigitaldeasturias.com\/magazine365\/wp-content\/uploads\/2015\/06\/fotonoticia_20150624113009_800.jpg","width":800,"height":600},"datePublished":"2015-06-24T16:15:28+02:00","dateModified":"2015-06-24T16:15:28+02:00","inLanguage":"es-ES","mainEntityOfPage":{"@id":"https:\/\/eldigitaldeasturias.com\/magazine365\/los-exresponsables-del-puerto-de-el-musel-declaran-desde-hoy-como-imputados\/#webpage"},"isPartOf":{"@id":"https:\/\/eldigitaldeasturias.com\/magazine365\/los-exresponsables-del-puerto-de-el-musel-declaran-desde-hoy-como-imputados\/#webpage"},"articleSection":"Actualidad Turismo"},{"@type":"BreadcrumbList","@id":"https:\/\/eldigitaldeasturias.com\/magazine365\/los-exresponsables-del-puerto-de-el-musel-declaran-desde-hoy-como-imputados\/#breadcrumblist","itemListElement":[{"@type":"ListItem","@id":"https:\/\/eldigitaldeasturias.com\/magazine365#listItem","position":1,"name":"Home","item":"https:\/\/eldigitaldeasturias.com\/magazine365","nextItem":{"@type":"ListItem","@id":"https:\/\/eldigitaldeasturias.com\/magazine365\/category\/actualidad-turismo\/#listItem","name":"Actualidad Turismo"}},{"@type":"ListItem","@id":"https:\/\/eldigitaldeasturias.com\/magazine365\/category\/actualidad-turismo\/#listItem","position":2,"name":"Actualidad Turismo","item":"https:\/\/eldigitaldeasturias.com\/magazine365\/category\/actualidad-turismo\/","nextItem":{"@type":"ListItem","@id":"https:\/\/eldigitaldeasturias.com\/magazine365\/los-exresponsables-del-puerto-de-el-musel-declaran-desde-hoy-como-imputados\/#listItem","name":"Los exresponsables del puerto de El Musel declaran desde hoy como imputados"},"previousItem":{"@type":"ListItem","@id":"https:\/\/eldigitaldeasturias.com\/magazine365#listItem","name":"Home"}},{"@type":"ListItem","@id":"https:\/\/eldigitaldeasturias.com\/magazine365\/los-exresponsables-del-puerto-de-el-musel-declaran-desde-hoy-como-imputados\/#listItem","position":3,"name":"Los exresponsables del puerto de El Musel declaran desde hoy como imputados","previousItem":{"@type":"ListItem","@id":"https:\/\/eldigitaldeasturias.com\/magazine365\/category\/actualidad-turismo\/#listItem","name":"Actualidad Turismo"}}]},{"@type":"Organization","@id":"https:\/\/eldigitaldeasturias.com\/magazine365\/#organization","name":"El digital de Asturias","description":"Revista de ocio, turismo y estilo de vida","url":"https:\/\/eldigitaldeasturias.com\/magazine365\/","logo":{"@type":"ImageObject","url":"https:\/\/www.eldigitaldeasturias.com\/noticias\/wp-content\/uploads\/2020\/12\/EDA.jpg","@id":"https:\/\/eldigitaldeasturias.com\/magazine365\/los-exresponsables-del-puerto-de-el-musel-declaran-desde-hoy-como-imputados\/#organizationLogo"},"image":{"@id":"https:\/\/eldigitaldeasturias.com\/magazine365\/los-exresponsables-del-puerto-de-el-musel-declaran-desde-hoy-como-imputados\/#organizationLogo"}},{"@type":"Person","@id":"https:\/\/eldigitaldeasturias.com\/magazine365\/author\/admin\/#author","url":"https:\/\/eldigitaldeasturias.com\/magazine365\/author\/admin\/","name":"admin","image":{"@type":"ImageObject","@id":"https:\/\/eldigitaldeasturias.com\/magazine365\/los-exresponsables-del-puerto-de-el-musel-declaran-desde-hoy-como-imputados\/#authorImage","url":"https:\/\/eldigitaldeasturias.com\/magazine365\/wp-content\/litespeed\/avatar\/e571bcf59a0edd6fa6838245a470f2fe.jpg?ver=1777574230","width":96,"height":96,"caption":"admin"}},{"@type":"WebPage","@id":"https:\/\/eldigitaldeasturias.com\/magazine365\/los-exresponsables-del-puerto-de-el-musel-declaran-desde-hoy-como-imputados\/#webpage","url":"https:\/\/eldigitaldeasturias.com\/magazine365\/los-exresponsables-del-puerto-de-el-musel-declaran-desde-hoy-como-imputados\/","name":"Los exresponsables del puerto de El Musel declaran desde hoy como imputados | El Digital de Asturias","description":"El juez de la Audiencia Nacional Juan Pablo Gonz\u00e1lez interrogar\u00e1 desde hoy, mi\u00e9rcoles, como imputados a los antiguos responsables del puerto de El Musel (Gij\u00f3n) y al que fue gerente de la uni\u00f3n temporal de empresas (UTE) que llev\u00f3 a cabo sus obras de ampliaci\u00f3n, en el marco de la causa en la que se","inLanguage":"es-ES","isPartOf":{"@id":"https:\/\/eldigitaldeasturias.com\/magazine365\/#website"},"breadcrumb":{"@id":"https:\/\/eldigitaldeasturias.com\/magazine365\/los-exresponsables-del-puerto-de-el-musel-declaran-desde-hoy-como-imputados\/#breadcrumblist"},"author":{"@id":"https:\/\/eldigitaldeasturias.com\/magazine365\/author\/admin\/#author"},"creator":{"@id":"https:\/\/eldigitaldeasturias.com\/magazine365\/author\/admin\/#author"},"image":{"@type":"ImageObject","url":"https:\/\/eldigitaldeasturias.com\/magazine365\/wp-content\/uploads\/2015\/06\/fotonoticia_20150624113009_800.jpg","@id":"https:\/\/eldigitaldeasturias.com\/magazine365\/los-exresponsables-del-puerto-de-el-musel-declaran-desde-hoy-como-imputados\/#mainImage","width":800,"height":600},"primaryImageOfPage":{"@id":"https:\/\/eldigitaldeasturias.com\/magazine365\/los-exresponsables-del-puerto-de-el-musel-declaran-desde-hoy-como-imputados\/#mainImage"},"datePublished":"2015-06-24T16:15:28+02:00","dateModified":"2015-06-24T16:15:28+02:00"},{"@type":"WebSite","@id":"https:\/\/eldigitaldeasturias.com\/magazine365\/#website","url":"https:\/\/eldigitaldeasturias.com\/magazine365\/","name":"El Digital de Asturias","description":"Revista de ocio, turismo y estilo de vida","inLanguage":"es-ES","publisher":{"@id":"https:\/\/eldigitaldeasturias.com\/magazine365\/#organization"}}]},"og:locale":"es_ES","og:site_name":"El Digital de Asturias \u2013 Revista de ocio, turismo y estilo de vida","og:type":"article","og:title":"Los exresponsables del puerto de El Musel declaran desde hoy como imputados | El Digital de Asturias","og:description":"El juez de la Audiencia Nacional Juan Pablo Gonz\u00e1lez interrogar\u00e1 desde hoy, mi\u00e9rcoles, como imputados a los antiguos responsables del puerto de El Musel (Gij\u00f3n) y al que fue gerente de la uni\u00f3n temporal de empresas (UTE) que llev\u00f3 a cabo sus obras de ampliaci\u00f3n, en el marco de la causa en la que se","og:url":"https:\/\/eldigitaldeasturias.com\/magazine365\/los-exresponsables-del-puerto-de-el-musel-declaran-desde-hoy-como-imputados\/","og:image":"https:\/\/eldigitaldeasturias.com\/magazine365\/wp-content\/uploads\/2015\/06\/fotonoticia_20150624113009_800.jpg","og:image:secure_url":"https:\/\/eldigitaldeasturias.com\/magazine365\/wp-content\/uploads\/2015\/06\/fotonoticia_20150624113009_800.jpg","og:image:width":800,"og:image:height":600,"article:published_time":"2015-06-24T14:45:28+00:00","article:modified_time":"2015-06-24T14:45:28+00:00","twitter:card":"summary_large_image","twitter:title":"Los exresponsables del puerto de El Musel declaran desde hoy como imputados | El Digital de Asturias","twitter:description":"El juez de la Audiencia Nacional Juan Pablo Gonz\u00e1lez interrogar\u00e1 desde hoy, mi\u00e9rcoles, como imputados a los antiguos responsables del puerto de El Musel (Gij\u00f3n) y al que fue gerente de la uni\u00f3n temporal de empresas (UTE) que llev\u00f3 a cabo sus obras de ampliaci\u00f3n, en el marco de la causa en la que se","twitter:image":"https:\/\/eldigitaldeasturias.com\/magazine365\/wp-content\/uploads\/2015\/06\/fotonoticia_20150624113009_800.jpg"},"aioseo_meta_data":{"post_id":"40841","title":null,"description":null,"keywords":null,"keyphrases":null,"primary_term":null,"canonical_url":null,"og_title":null,"og_description":null,"og_object_type":"default","og_image_type":"default","og_image_url":null,"og_image_width":null,"og_image_height":null,"og_image_custom_url":null,"og_image_custom_fields":null,"og_video":null,"og_custom_url":null,"og_article_section":null,"og_article_tags":null,"twitter_use_og":false,"twitter_card":"default","twitter_image_type":"default","twitter_image_url":null,"twitter_image_custom_url":null,"twitter_image_custom_fields":null,"twitter_title":null,"twitter_description":null,"schema":{"blockGraphs":[],"customGraphs":[],"default":{"data":{"Article":[],"Course":[],"Dataset":[],"FAQPage":[],"Movie":[],"Person":[],"Product":[],"ProductReview":[],"Car":[],"Recipe":[],"Service":[],"SoftwareApplication":[],"WebPage":[]},"graphName":"","isEnabled":true},"graphs":[],"defaultGraph":"","defaultPostTypeGraph":""},"schema_type":null,"schema_type_options":null,"pillar_content":false,"robots_default":true,"robots_noindex":false,"robots_noarchive":false,"robots_nosnippet":false,"robots_nofollow":false,"robots_noimageindex":false,"robots_noodp":false,"robots_notranslate":false,"robots_max_snippet":null,"robots_max_videopreview":null,"robots_max_imagepreview":"large","priority":null,"frequency":null,"location":null,"local_seo":null,"seo_analyzer_scan_date":"2025-09-19 14:27:52","breadcrumb_settings":null,"limit_modified_date":false,"open_ai":null,"ai":null,"created":"2021-03-09 02:23:45","updated":"2025-09-19 14:27:52"},"aioseo_breadcrumb":"<div class=\"aioseo-breadcrumbs\"><span class=\"aioseo-breadcrumb\">\n\t<a href=\"https:\/\/eldigitaldeasturias.com\/magazine365\" title=\"Home\">Home<\/a>\n<\/span><span class=\"aioseo-breadcrumb-separator\">\u2013<\/span><span class=\"aioseo-breadcrumb\">\n\t<a href=\"https:\/\/eldigitaldeasturias.com\/magazine365\/category\/actualidad-turismo\/\" title=\"Actualidad Turismo\">Actualidad Turismo<\/a>\n<\/span><span class=\"aioseo-breadcrumb-separator\">\u2013<\/span><span class=\"aioseo-breadcrumb\">\n\t<a href=\"https:\/\/eldigitaldeasturias.com\/magazine365\/los-exresponsables-del-puerto-de-el-musel-declaran-desde-hoy-como-imputados\/\" title=\"Los exresponsables del puerto de El Musel declaran desde hoy como imputados\">Los exresponsables del puerto de El Musel declaran desde hoy como imputados<\/a>\n<\/span><\/div>","aioseo_breadcrumb_json":[{"label":"Home","link":"https:\/\/eldigitaldeasturias.com\/magazine365"},{"label":"Actualidad Turismo","link":"https:\/\/eldigitaldeasturias.com\/magazine365\/category\/actualidad-turismo\/"},{"label":"Los exresponsables del puerto de El Musel declaran desde hoy como imputados","link":"https:\/\/eldigitaldeasturias.com\/magazine365\/los-exresponsables-del-puerto-de-el-musel-declaran-desde-hoy-como-imputados\/"}],"_links":{"self":[{"href":"https:\/\/eldigitaldeasturias.com\/magazine365\/wp-json\/wp\/v2\/posts\/40841","targetHints":{"allow":["GET"]}}],"collection":[{"href":"https:\/\/eldigitaldeasturias.com\/magazine365\/wp-json\/wp\/v2\/posts"}],"about":[{"href":"https:\/\/eldigitaldeasturias.com\/magazine365\/wp-json\/wp\/v2\/types\/post"}],"author":[{"embeddable":true,"href":"https:\/\/eldigitaldeasturias.com\/magazine365\/wp-json\/wp\/v2\/users\/1"}],"replies":[{"embeddable":true,"href":"https:\/\/eldigitaldeasturias.com\/magazine365\/wp-json\/wp\/v2\/comments?post=40841"}],"version-history":[{"count":0,"href":"https:\/\/eldigitaldeasturias.com\/magazine365\/wp-json\/wp\/v2\/posts\/40841\/revisions"}],"wp:featuredmedia":[{"embeddable":true,"href":"https:\/\/eldigitaldeasturias.com\/magazine365\/wp-json\/wp\/v2\/media\/40842"}],"wp:attachment":[{"href":"https:\/\/eldigitaldeasturias.com\/magazine365\/wp-json\/wp\/v2\/media?parent=40841"}],"wp:term":[{"taxonomy":"category","embeddable":true,"href":"https:\/\/eldigitaldeasturias.com\/magazine365\/wp-json\/wp\/v2\/categories?post=40841"},{"taxonomy":"post_tag","embeddable":true,"href":"https:\/\/eldigitaldeasturias.com\/magazine365\/wp-json\/wp\/v2\/tags?post=40841"}],"curies":[{"name":"wp","href":"https:\/\/api.w.org\/{rel}","templated":true}]}}