{"id":40835,"date":"2015-06-24T16:13:04","date_gmt":"2015-06-24T14:43:04","guid":{"rendered":"http:\/\/eldigitaldeasturias.com\/magazine365\/?p=40835"},"modified":"2015-06-24T16:13:04","modified_gmt":"2015-06-24T14:43:04","slug":"pastor-asegura-que-la-reapertura-de-servicios-maritimos-de-la-autopista-del-mar-entre-gijon-y-nantes-es-prioritaria","status":"publish","type":"post","link":"https:\/\/eldigitaldeasturias.com\/magazine365\/pastor-asegura-que-la-reapertura-de-servicios-maritimos-de-la-autopista-del-mar-entre-gijon-y-nantes-es-prioritaria\/","title":{"rendered":"Pastor asegura que la reapertura de servicios mar\u00edtimos de la autopista del mar entre Gij\u00f3n y Nantes es \u00abprioritaria\u00bb"},"content":{"rendered":"<p><img fetchpriority=\"high\" decoding=\"async\" class=\"alignleft size-medium wp-image-40836\" src=\"https:\/\/eldigitaldeasturias.com\/magazine365\/wp-content\/uploads\/2015\/06\/fotonoticia_20150624101319_800-360x240.jpg\" alt=\"fotonoticia_20150624101319_800\" width=\"360\" height=\"240\" srcset=\"https:\/\/eldigitaldeasturias.com\/magazine365\/wp-content\/uploads\/2015\/06\/fotonoticia_20150624101319_800-360x240.jpg 360w, https:\/\/eldigitaldeasturias.com\/magazine365\/wp-content\/uploads\/2015\/06\/fotonoticia_20150624101319_800-650x433.jpg 650w, https:\/\/eldigitaldeasturias.com\/magazine365\/wp-content\/uploads\/2015\/06\/fotonoticia_20150624101319_800-768x512.jpg 768w, https:\/\/eldigitaldeasturias.com\/magazine365\/wp-content\/uploads\/2015\/06\/fotonoticia_20150624101319_800-150x100.jpg 150w, https:\/\/eldigitaldeasturias.com\/magazine365\/wp-content\/uploads\/2015\/06\/fotonoticia_20150624101319_800-450x300.jpg 450w, https:\/\/eldigitaldeasturias.com\/magazine365\/wp-content\/uploads\/2015\/06\/fotonoticia_20150624101319_800-696x464.jpg 696w, https:\/\/eldigitaldeasturias.com\/magazine365\/wp-content\/uploads\/2015\/06\/fotonoticia_20150624101319_800-630x420.jpg 630w, https:\/\/eldigitaldeasturias.com\/magazine365\/wp-content\/uploads\/2015\/06\/fotonoticia_20150624101319_800-84x55.jpg 84w, https:\/\/eldigitaldeasturias.com\/magazine365\/wp-content\/uploads\/2015\/06\/fotonoticia_20150624101319_800.jpg 800w\" sizes=\"(max-width: 360px) 100vw, 360px\" \/>La ministra de Fomento, Ana Pastor, ha asegurado este martes que la reapertura de los servicios mar\u00edtimos de la autopista del mar entre Gij\u00f3n y Nantes (Francia) es \u00abprioritaria\u00bb para el Gobierno que ha estado \u00abtrabajando\u00bb para ello.<\/p>\n<p>\u00abSolucionar cuanto antes el expediente de reinicio de los servicios de la autopista del mar es una de las actuaciones prioritaria para el Gobierno y as\u00ed lo estamos llevando a cabo\u00bb, ha subrayado en el Pleno del Senado.<\/p>\n<p>En respuesta a la pregunta del senador de Foro Isidro Manuel Mart\u00ednez sobre si el Gobierno est\u00e1 actuando para solucionar urgentemente el expediente de reinicio de los servicios mar\u00edtimos de la autopista, la titular de Fomento ha recordado que la \u00abinterrupci\u00f3n\u00bb del servicio se produjo en 2010 con el anterior gobierno socialista.<\/p>\n<p>\u00abNo ponga en duda la voluntad del Gobierno en reactivarla\u00bb, ha reprochado Pastor al senador, recalcando que esta legislatura ha hecho modificaciones que han beneficiado a las autopistas del mar y que desde que se conoci\u00f3 la suspensi\u00f3n de los servicios de la de Gij\u00f3n y Nantes el Ejecutivo ha \u00abtrabajado intensamente\u00bb para reactivarla.<\/p>\n<p>Por su parte, el senador ha reprochado a Pastor las graves consecuencias que supone para Asturias su suspensi\u00f3n al impedir la diversificaci\u00f3n de tr\u00e1ficos del puerto de El Musel y desviar la actividad portuaria hacia la regi\u00f3n vecina de Galicia.<\/p>\n<p>Adem\u00e1s, ha advertido de la p\u00e9rdida de actividad econ\u00f3mica y de puestos de trabajos y ha responsabilizado al Ejecutivo de ello y de \u00abobstaculizar\u00bb la econom\u00eda auton\u00f3mica al \u00abrechazar cualquier oferta de reactivaci\u00f3n\u00bb. En su opini\u00f3n, esta actitud \u00abperpet\u00faa el desprecio hacia los asturianos\u00bb.<\/p>\n","protected":false},"excerpt":{"rendered":"<p>La ministra de Fomento, Ana Pastor, ha asegurado este martes que la reapertura de los servicios mar\u00edtimos de la autopista del mar entre Gij\u00f3n y Nantes (Francia) es \u00abprioritaria\u00bb para el Gobierno que ha estado \u00abtrabajando\u00bb para ello. \u00abSolucionar cuanto antes el expediente de reinicio de los servicios de la autopista del mar es una<\/p>\n","protected":false},"author":1,"featured_media":40836,"comment_status":"open","ping_status":"closed","sticky":false,"template":"","format":"standard","meta":{"footnotes":""},"categories":[222],"tags":[],"class_list":{"0":"post-40835","1":"post","2":"type-post","3":"status-publish","4":"format-standard","5":"has-post-thumbnail","7":"category-actualidad-turismo"},"aioseo_notices":[],"aioseo_head":"\n\t\t<!-- All in One SEO Pro 4.9.6.1 - aioseo.com -->\n\t<meta name=\"description\" content=\"La ministra de Fomento, Ana Pastor, ha asegurado este martes que la reapertura de los servicios mar\u00edtimos de la autopista del mar entre Gij\u00f3n y Nantes (Francia) es &quot;prioritaria&quot; para el Gobierno que ha estado &quot;trabajando&quot; para ello. &quot;Solucionar cuanto antes el expediente de reinicio de los servicios de la autopista del mar es una\" \/>\n\t<meta name=\"robots\" content=\"max-image-preview:large\" \/>\n\t<meta name=\"author\" content=\"admin\"\/>\n\t<meta name=\"google-site-verification\" content=\"UA-38556648-1\" \/>\n\t<meta name=\"keywords\" content=\"actualidad turismo\" \/>\n\t<link rel=\"canonical\" href=\"https:\/\/eldigitaldeasturias.com\/magazine365\/pastor-asegura-que-la-reapertura-de-servicios-maritimos-de-la-autopista-del-mar-entre-gijon-y-nantes-es-prioritaria\/\" \/>\n\t<meta name=\"generator\" content=\"All in One SEO Pro (AIOSEO) 4.9.6.1\" \/>\n\t\t<meta property=\"og:locale\" content=\"es_ES\" \/>\n\t\t<meta property=\"og:site_name\" content=\"El Digital de Asturias \u2013 Revista de ocio, turismo y estilo de vida\" \/>\n\t\t<meta property=\"og:type\" content=\"article\" \/>\n\t\t<meta property=\"og:title\" content=\"Pastor asegura que la reapertura de servicios mar\u00edtimos de la autopista del mar entre Gij\u00f3n y Nantes es \u00abprioritaria\u00bb | El Digital de Asturias\" \/>\n\t\t<meta property=\"og:description\" content=\"La ministra de Fomento, Ana Pastor, ha asegurado este martes que la reapertura de los servicios mar\u00edtimos de la autopista del mar entre Gij\u00f3n y Nantes (Francia) es &quot;prioritaria&quot; para el Gobierno que ha estado &quot;trabajando&quot; para ello. &quot;Solucionar cuanto antes el expediente de reinicio de los servicios de la autopista del mar es una\" \/>\n\t\t<meta property=\"og:url\" content=\"https:\/\/eldigitaldeasturias.com\/magazine365\/pastor-asegura-que-la-reapertura-de-servicios-maritimos-de-la-autopista-del-mar-entre-gijon-y-nantes-es-prioritaria\/\" \/>\n\t\t<meta property=\"og:image\" content=\"https:\/\/eldigitaldeasturias.com\/magazine365\/wp-content\/uploads\/2015\/06\/fotonoticia_20150624101319_800.jpg\" \/>\n\t\t<meta property=\"og:image:secure_url\" content=\"https:\/\/eldigitaldeasturias.com\/magazine365\/wp-content\/uploads\/2015\/06\/fotonoticia_20150624101319_800.jpg\" \/>\n\t\t<meta property=\"og:image:width\" content=\"800\" \/>\n\t\t<meta property=\"og:image:height\" content=\"533\" \/>\n\t\t<meta property=\"article:published_time\" content=\"2015-06-24T14:43:04+00:00\" \/>\n\t\t<meta property=\"article:modified_time\" content=\"2015-06-24T14:43:04+00:00\" \/>\n\t\t<meta name=\"twitter:card\" content=\"summary_large_image\" \/>\n\t\t<meta name=\"twitter:title\" content=\"Pastor asegura que la reapertura de servicios mar\u00edtimos de la autopista del mar entre Gij\u00f3n y Nantes es \u00abprioritaria\u00bb | El Digital de Asturias\" \/>\n\t\t<meta name=\"twitter:description\" content=\"La ministra de Fomento, Ana Pastor, ha asegurado este martes que la reapertura de los servicios mar\u00edtimos de la autopista del mar entre Gij\u00f3n y Nantes (Francia) es &quot;prioritaria&quot; para el Gobierno que ha estado &quot;trabajando&quot; para ello. &quot;Solucionar cuanto antes el expediente de reinicio de los servicios de la autopista del mar es una\" \/>\n\t\t<meta name=\"twitter:image\" content=\"https:\/\/eldigitaldeasturias.com\/magazine365\/wp-content\/uploads\/2015\/06\/fotonoticia_20150624101319_800.jpg\" \/>\n\t\t<script type=\"application\/ld+json\" class=\"aioseo-schema\">\n\t\t\t{\"@context\":\"https:\\\/\\\/schema.org\",\"@graph\":[{\"@type\":\"Article\",\"@id\":\"https:\\\/\\\/eldigitaldeasturias.com\\\/magazine365\\\/pastor-asegura-que-la-reapertura-de-servicios-maritimos-de-la-autopista-del-mar-entre-gijon-y-nantes-es-prioritaria\\\/#article\",\"name\":\"Pastor asegura que la reapertura de servicios mar\\u00edtimos de la autopista del mar entre Gij\\u00f3n y Nantes es \\u00abprioritaria\\u00bb | El Digital de Asturias\",\"headline\":\"Pastor asegura que la reapertura de servicios mar\\u00edtimos de la autopista del mar entre Gij\\u00f3n y Nantes es \\u00abprioritaria\\u00bb\",\"author\":{\"@id\":\"https:\\\/\\\/eldigitaldeasturias.com\\\/magazine365\\\/author\\\/admin\\\/#author\"},\"publisher\":{\"@id\":\"https:\\\/\\\/eldigitaldeasturias.com\\\/magazine365\\\/#organization\"},\"image\":{\"@type\":\"ImageObject\",\"url\":\"https:\\\/\\\/eldigitaldeasturias.com\\\/magazine365\\\/wp-content\\\/uploads\\\/2015\\\/06\\\/fotonoticia_20150624101319_800.jpg\",\"width\":800,\"height\":533},\"datePublished\":\"2015-06-24T16:13:04+02:00\",\"dateModified\":\"2015-06-24T16:13:04+02:00\",\"inLanguage\":\"es-ES\",\"mainEntityOfPage\":{\"@id\":\"https:\\\/\\\/eldigitaldeasturias.com\\\/magazine365\\\/pastor-asegura-que-la-reapertura-de-servicios-maritimos-de-la-autopista-del-mar-entre-gijon-y-nantes-es-prioritaria\\\/#webpage\"},\"isPartOf\":{\"@id\":\"https:\\\/\\\/eldigitaldeasturias.com\\\/magazine365\\\/pastor-asegura-que-la-reapertura-de-servicios-maritimos-de-la-autopista-del-mar-entre-gijon-y-nantes-es-prioritaria\\\/#webpage\"},\"articleSection\":\"Actualidad Turismo\"},{\"@type\":\"BreadcrumbList\",\"@id\":\"https:\\\/\\\/eldigitaldeasturias.com\\\/magazine365\\\/pastor-asegura-que-la-reapertura-de-servicios-maritimos-de-la-autopista-del-mar-entre-gijon-y-nantes-es-prioritaria\\\/#breadcrumblist\",\"itemListElement\":[{\"@type\":\"ListItem\",\"@id\":\"https:\\\/\\\/eldigitaldeasturias.com\\\/magazine365#listItem\",\"position\":1,\"name\":\"Home\",\"item\":\"https:\\\/\\\/eldigitaldeasturias.com\\\/magazine365\",\"nextItem\":{\"@type\":\"ListItem\",\"@id\":\"https:\\\/\\\/eldigitaldeasturias.com\\\/magazine365\\\/category\\\/actualidad-turismo\\\/#listItem\",\"name\":\"Actualidad Turismo\"}},{\"@type\":\"ListItem\",\"@id\":\"https:\\\/\\\/eldigitaldeasturias.com\\\/magazine365\\\/category\\\/actualidad-turismo\\\/#listItem\",\"position\":2,\"name\":\"Actualidad Turismo\",\"item\":\"https:\\\/\\\/eldigitaldeasturias.com\\\/magazine365\\\/category\\\/actualidad-turismo\\\/\",\"nextItem\":{\"@type\":\"ListItem\",\"@id\":\"https:\\\/\\\/eldigitaldeasturias.com\\\/magazine365\\\/pastor-asegura-que-la-reapertura-de-servicios-maritimos-de-la-autopista-del-mar-entre-gijon-y-nantes-es-prioritaria\\\/#listItem\",\"name\":\"Pastor asegura que la reapertura de servicios mar\\u00edtimos de la autopista del mar entre Gij\\u00f3n y Nantes es \\u00abprioritaria\\u00bb\"},\"previousItem\":{\"@type\":\"ListItem\",\"@id\":\"https:\\\/\\\/eldigitaldeasturias.com\\\/magazine365#listItem\",\"name\":\"Home\"}},{\"@type\":\"ListItem\",\"@id\":\"https:\\\/\\\/eldigitaldeasturias.com\\\/magazine365\\\/pastor-asegura-que-la-reapertura-de-servicios-maritimos-de-la-autopista-del-mar-entre-gijon-y-nantes-es-prioritaria\\\/#listItem\",\"position\":3,\"name\":\"Pastor asegura que la reapertura de servicios mar\\u00edtimos de la autopista del mar entre Gij\\u00f3n y Nantes es \\u00abprioritaria\\u00bb\",\"previousItem\":{\"@type\":\"ListItem\",\"@id\":\"https:\\\/\\\/eldigitaldeasturias.com\\\/magazine365\\\/category\\\/actualidad-turismo\\\/#listItem\",\"name\":\"Actualidad Turismo\"}}]},{\"@type\":\"Organization\",\"@id\":\"https:\\\/\\\/eldigitaldeasturias.com\\\/magazine365\\\/#organization\",\"name\":\"El digital de Asturias\",\"description\":\"Revista de ocio, turismo y estilo de vida\",\"url\":\"https:\\\/\\\/eldigitaldeasturias.com\\\/magazine365\\\/\",\"logo\":{\"@type\":\"ImageObject\",\"url\":\"https:\\\/\\\/www.eldigitaldeasturias.com\\\/noticias\\\/wp-content\\\/uploads\\\/2020\\\/12\\\/EDA.jpg\",\"@id\":\"https:\\\/\\\/eldigitaldeasturias.com\\\/magazine365\\\/pastor-asegura-que-la-reapertura-de-servicios-maritimos-de-la-autopista-del-mar-entre-gijon-y-nantes-es-prioritaria\\\/#organizationLogo\"},\"image\":{\"@id\":\"https:\\\/\\\/eldigitaldeasturias.com\\\/magazine365\\\/pastor-asegura-que-la-reapertura-de-servicios-maritimos-de-la-autopista-del-mar-entre-gijon-y-nantes-es-prioritaria\\\/#organizationLogo\"}},{\"@type\":\"Person\",\"@id\":\"https:\\\/\\\/eldigitaldeasturias.com\\\/magazine365\\\/author\\\/admin\\\/#author\",\"url\":\"https:\\\/\\\/eldigitaldeasturias.com\\\/magazine365\\\/author\\\/admin\\\/\",\"name\":\"admin\",\"image\":{\"@type\":\"ImageObject\",\"@id\":\"https:\\\/\\\/eldigitaldeasturias.com\\\/magazine365\\\/pastor-asegura-que-la-reapertura-de-servicios-maritimos-de-la-autopista-del-mar-entre-gijon-y-nantes-es-prioritaria\\\/#authorImage\",\"url\":\"https:\\\/\\\/eldigitaldeasturias.com\\\/magazine365\\\/wp-content\\\/litespeed\\\/avatar\\\/e571bcf59a0edd6fa6838245a470f2fe.jpg?ver=1777574230\",\"width\":96,\"height\":96,\"caption\":\"admin\"}},{\"@type\":\"WebPage\",\"@id\":\"https:\\\/\\\/eldigitaldeasturias.com\\\/magazine365\\\/pastor-asegura-que-la-reapertura-de-servicios-maritimos-de-la-autopista-del-mar-entre-gijon-y-nantes-es-prioritaria\\\/#webpage\",\"url\":\"https:\\\/\\\/eldigitaldeasturias.com\\\/magazine365\\\/pastor-asegura-que-la-reapertura-de-servicios-maritimos-de-la-autopista-del-mar-entre-gijon-y-nantes-es-prioritaria\\\/\",\"name\":\"Pastor asegura que la reapertura de servicios mar\\u00edtimos de la autopista del mar entre Gij\\u00f3n y Nantes es \\u00abprioritaria\\u00bb | El Digital de Asturias\",\"description\":\"La ministra de Fomento, Ana Pastor, ha asegurado este martes que la reapertura de los servicios mar\\u00edtimos de la autopista del mar entre Gij\\u00f3n y Nantes (Francia) es \\\"prioritaria\\\" para el Gobierno que ha estado \\\"trabajando\\\" para ello. \\\"Solucionar cuanto antes el expediente de reinicio de los servicios de la autopista del mar es una\",\"inLanguage\":\"es-ES\",\"isPartOf\":{\"@id\":\"https:\\\/\\\/eldigitaldeasturias.com\\\/magazine365\\\/#website\"},\"breadcrumb\":{\"@id\":\"https:\\\/\\\/eldigitaldeasturias.com\\\/magazine365\\\/pastor-asegura-que-la-reapertura-de-servicios-maritimos-de-la-autopista-del-mar-entre-gijon-y-nantes-es-prioritaria\\\/#breadcrumblist\"},\"author\":{\"@id\":\"https:\\\/\\\/eldigitaldeasturias.com\\\/magazine365\\\/author\\\/admin\\\/#author\"},\"creator\":{\"@id\":\"https:\\\/\\\/eldigitaldeasturias.com\\\/magazine365\\\/author\\\/admin\\\/#author\"},\"image\":{\"@type\":\"ImageObject\",\"url\":\"https:\\\/\\\/eldigitaldeasturias.com\\\/magazine365\\\/wp-content\\\/uploads\\\/2015\\\/06\\\/fotonoticia_20150624101319_800.jpg\",\"@id\":\"https:\\\/\\\/eldigitaldeasturias.com\\\/magazine365\\\/pastor-asegura-que-la-reapertura-de-servicios-maritimos-de-la-autopista-del-mar-entre-gijon-y-nantes-es-prioritaria\\\/#mainImage\",\"width\":800,\"height\":533},\"primaryImageOfPage\":{\"@id\":\"https:\\\/\\\/eldigitaldeasturias.com\\\/magazine365\\\/pastor-asegura-que-la-reapertura-de-servicios-maritimos-de-la-autopista-del-mar-entre-gijon-y-nantes-es-prioritaria\\\/#mainImage\"},\"datePublished\":\"2015-06-24T16:13:04+02:00\",\"dateModified\":\"2015-06-24T16:13:04+02:00\"},{\"@type\":\"WebSite\",\"@id\":\"https:\\\/\\\/eldigitaldeasturias.com\\\/magazine365\\\/#website\",\"url\":\"https:\\\/\\\/eldigitaldeasturias.com\\\/magazine365\\\/\",\"name\":\"El Digital de Asturias\",\"description\":\"Revista de ocio, turismo y estilo de vida\",\"inLanguage\":\"es-ES\",\"publisher\":{\"@id\":\"https:\\\/\\\/eldigitaldeasturias.com\\\/magazine365\\\/#organization\"}}]}\n\t\t<\/script>\n\t\t<!-- All in One SEO Pro -->\r\n\t\t<title>Pastor asegura que la reapertura de servicios mar\u00edtimos de la autopista del mar entre Gij\u00f3n y Nantes es \u00abprioritaria\u00bb | El Digital de Asturias<\/title>\n\n","aioseo_head_json":{"title":"Pastor asegura que la reapertura de servicios mar\u00edtimos de la autopista del mar entre Gij\u00f3n y Nantes es \u00abprioritaria\u00bb | El Digital de Asturias","description":"La ministra de Fomento, Ana Pastor, ha asegurado este martes que la reapertura de los servicios mar\u00edtimos de la autopista del mar entre Gij\u00f3n y Nantes (Francia) es \"prioritaria\" para el Gobierno que ha estado \"trabajando\" para ello. \"Solucionar cuanto antes el expediente de reinicio de los servicios de la autopista del mar es una","canonical_url":"https:\/\/eldigitaldeasturias.com\/magazine365\/pastor-asegura-que-la-reapertura-de-servicios-maritimos-de-la-autopista-del-mar-entre-gijon-y-nantes-es-prioritaria\/","robots":"max-image-preview:large","keywords":"actualidad turismo","webmasterTools":{"google-site-verification":"UA-38556648-1","miscellaneous":""},"schema":{"@context":"https:\/\/schema.org","@graph":[{"@type":"Article","@id":"https:\/\/eldigitaldeasturias.com\/magazine365\/pastor-asegura-que-la-reapertura-de-servicios-maritimos-de-la-autopista-del-mar-entre-gijon-y-nantes-es-prioritaria\/#article","name":"Pastor asegura que la reapertura de servicios mar\u00edtimos de la autopista del mar entre Gij\u00f3n y Nantes es \u00abprioritaria\u00bb | El Digital de Asturias","headline":"Pastor asegura que la reapertura de servicios mar\u00edtimos de la autopista del mar entre Gij\u00f3n y Nantes es \u00abprioritaria\u00bb","author":{"@id":"https:\/\/eldigitaldeasturias.com\/magazine365\/author\/admin\/#author"},"publisher":{"@id":"https:\/\/eldigitaldeasturias.com\/magazine365\/#organization"},"image":{"@type":"ImageObject","url":"https:\/\/eldigitaldeasturias.com\/magazine365\/wp-content\/uploads\/2015\/06\/fotonoticia_20150624101319_800.jpg","width":800,"height":533},"datePublished":"2015-06-24T16:13:04+02:00","dateModified":"2015-06-24T16:13:04+02:00","inLanguage":"es-ES","mainEntityOfPage":{"@id":"https:\/\/eldigitaldeasturias.com\/magazine365\/pastor-asegura-que-la-reapertura-de-servicios-maritimos-de-la-autopista-del-mar-entre-gijon-y-nantes-es-prioritaria\/#webpage"},"isPartOf":{"@id":"https:\/\/eldigitaldeasturias.com\/magazine365\/pastor-asegura-que-la-reapertura-de-servicios-maritimos-de-la-autopista-del-mar-entre-gijon-y-nantes-es-prioritaria\/#webpage"},"articleSection":"Actualidad Turismo"},{"@type":"BreadcrumbList","@id":"https:\/\/eldigitaldeasturias.com\/magazine365\/pastor-asegura-que-la-reapertura-de-servicios-maritimos-de-la-autopista-del-mar-entre-gijon-y-nantes-es-prioritaria\/#breadcrumblist","itemListElement":[{"@type":"ListItem","@id":"https:\/\/eldigitaldeasturias.com\/magazine365#listItem","position":1,"name":"Home","item":"https:\/\/eldigitaldeasturias.com\/magazine365","nextItem":{"@type":"ListItem","@id":"https:\/\/eldigitaldeasturias.com\/magazine365\/category\/actualidad-turismo\/#listItem","name":"Actualidad Turismo"}},{"@type":"ListItem","@id":"https:\/\/eldigitaldeasturias.com\/magazine365\/category\/actualidad-turismo\/#listItem","position":2,"name":"Actualidad Turismo","item":"https:\/\/eldigitaldeasturias.com\/magazine365\/category\/actualidad-turismo\/","nextItem":{"@type":"ListItem","@id":"https:\/\/eldigitaldeasturias.com\/magazine365\/pastor-asegura-que-la-reapertura-de-servicios-maritimos-de-la-autopista-del-mar-entre-gijon-y-nantes-es-prioritaria\/#listItem","name":"Pastor asegura que la reapertura de servicios mar\u00edtimos de la autopista del mar entre Gij\u00f3n y Nantes es \u00abprioritaria\u00bb"},"previousItem":{"@type":"ListItem","@id":"https:\/\/eldigitaldeasturias.com\/magazine365#listItem","name":"Home"}},{"@type":"ListItem","@id":"https:\/\/eldigitaldeasturias.com\/magazine365\/pastor-asegura-que-la-reapertura-de-servicios-maritimos-de-la-autopista-del-mar-entre-gijon-y-nantes-es-prioritaria\/#listItem","position":3,"name":"Pastor asegura que la reapertura de servicios mar\u00edtimos de la autopista del mar entre Gij\u00f3n y Nantes es \u00abprioritaria\u00bb","previousItem":{"@type":"ListItem","@id":"https:\/\/eldigitaldeasturias.com\/magazine365\/category\/actualidad-turismo\/#listItem","name":"Actualidad Turismo"}}]},{"@type":"Organization","@id":"https:\/\/eldigitaldeasturias.com\/magazine365\/#organization","name":"El digital de Asturias","description":"Revista de ocio, turismo y estilo de vida","url":"https:\/\/eldigitaldeasturias.com\/magazine365\/","logo":{"@type":"ImageObject","url":"https:\/\/www.eldigitaldeasturias.com\/noticias\/wp-content\/uploads\/2020\/12\/EDA.jpg","@id":"https:\/\/eldigitaldeasturias.com\/magazine365\/pastor-asegura-que-la-reapertura-de-servicios-maritimos-de-la-autopista-del-mar-entre-gijon-y-nantes-es-prioritaria\/#organizationLogo"},"image":{"@id":"https:\/\/eldigitaldeasturias.com\/magazine365\/pastor-asegura-que-la-reapertura-de-servicios-maritimos-de-la-autopista-del-mar-entre-gijon-y-nantes-es-prioritaria\/#organizationLogo"}},{"@type":"Person","@id":"https:\/\/eldigitaldeasturias.com\/magazine365\/author\/admin\/#author","url":"https:\/\/eldigitaldeasturias.com\/magazine365\/author\/admin\/","name":"admin","image":{"@type":"ImageObject","@id":"https:\/\/eldigitaldeasturias.com\/magazine365\/pastor-asegura-que-la-reapertura-de-servicios-maritimos-de-la-autopista-del-mar-entre-gijon-y-nantes-es-prioritaria\/#authorImage","url":"https:\/\/eldigitaldeasturias.com\/magazine365\/wp-content\/litespeed\/avatar\/e571bcf59a0edd6fa6838245a470f2fe.jpg?ver=1777574230","width":96,"height":96,"caption":"admin"}},{"@type":"WebPage","@id":"https:\/\/eldigitaldeasturias.com\/magazine365\/pastor-asegura-que-la-reapertura-de-servicios-maritimos-de-la-autopista-del-mar-entre-gijon-y-nantes-es-prioritaria\/#webpage","url":"https:\/\/eldigitaldeasturias.com\/magazine365\/pastor-asegura-que-la-reapertura-de-servicios-maritimos-de-la-autopista-del-mar-entre-gijon-y-nantes-es-prioritaria\/","name":"Pastor asegura que la reapertura de servicios mar\u00edtimos de la autopista del mar entre Gij\u00f3n y Nantes es \u00abprioritaria\u00bb | El Digital de Asturias","description":"La ministra de Fomento, Ana Pastor, ha asegurado este martes que la reapertura de los servicios mar\u00edtimos de la autopista del mar entre Gij\u00f3n y Nantes (Francia) es \"prioritaria\" para el Gobierno que ha estado \"trabajando\" para ello. \"Solucionar cuanto antes el expediente de reinicio de los servicios de la autopista del mar es una","inLanguage":"es-ES","isPartOf":{"@id":"https:\/\/eldigitaldeasturias.com\/magazine365\/#website"},"breadcrumb":{"@id":"https:\/\/eldigitaldeasturias.com\/magazine365\/pastor-asegura-que-la-reapertura-de-servicios-maritimos-de-la-autopista-del-mar-entre-gijon-y-nantes-es-prioritaria\/#breadcrumblist"},"author":{"@id":"https:\/\/eldigitaldeasturias.com\/magazine365\/author\/admin\/#author"},"creator":{"@id":"https:\/\/eldigitaldeasturias.com\/magazine365\/author\/admin\/#author"},"image":{"@type":"ImageObject","url":"https:\/\/eldigitaldeasturias.com\/magazine365\/wp-content\/uploads\/2015\/06\/fotonoticia_20150624101319_800.jpg","@id":"https:\/\/eldigitaldeasturias.com\/magazine365\/pastor-asegura-que-la-reapertura-de-servicios-maritimos-de-la-autopista-del-mar-entre-gijon-y-nantes-es-prioritaria\/#mainImage","width":800,"height":533},"primaryImageOfPage":{"@id":"https:\/\/eldigitaldeasturias.com\/magazine365\/pastor-asegura-que-la-reapertura-de-servicios-maritimos-de-la-autopista-del-mar-entre-gijon-y-nantes-es-prioritaria\/#mainImage"},"datePublished":"2015-06-24T16:13:04+02:00","dateModified":"2015-06-24T16:13:04+02:00"},{"@type":"WebSite","@id":"https:\/\/eldigitaldeasturias.com\/magazine365\/#website","url":"https:\/\/eldigitaldeasturias.com\/magazine365\/","name":"El Digital de Asturias","description":"Revista de ocio, turismo y estilo de vida","inLanguage":"es-ES","publisher":{"@id":"https:\/\/eldigitaldeasturias.com\/magazine365\/#organization"}}]},"og:locale":"es_ES","og:site_name":"El Digital de Asturias \u2013 Revista de ocio, turismo y estilo de vida","og:type":"article","og:title":"Pastor asegura que la reapertura de servicios mar\u00edtimos de la autopista del mar entre Gij\u00f3n y Nantes es \u00abprioritaria\u00bb | El Digital de Asturias","og:description":"La ministra de Fomento, Ana Pastor, ha asegurado este martes que la reapertura de los servicios mar\u00edtimos de la autopista del mar entre Gij\u00f3n y Nantes (Francia) es &quot;prioritaria&quot; para el Gobierno que ha estado &quot;trabajando&quot; para ello. &quot;Solucionar cuanto antes el expediente de reinicio de los servicios de la autopista del mar es una","og:url":"https:\/\/eldigitaldeasturias.com\/magazine365\/pastor-asegura-que-la-reapertura-de-servicios-maritimos-de-la-autopista-del-mar-entre-gijon-y-nantes-es-prioritaria\/","og:image":"https:\/\/eldigitaldeasturias.com\/magazine365\/wp-content\/uploads\/2015\/06\/fotonoticia_20150624101319_800.jpg","og:image:secure_url":"https:\/\/eldigitaldeasturias.com\/magazine365\/wp-content\/uploads\/2015\/06\/fotonoticia_20150624101319_800.jpg","og:image:width":800,"og:image:height":533,"article:published_time":"2015-06-24T14:43:04+00:00","article:modified_time":"2015-06-24T14:43:04+00:00","twitter:card":"summary_large_image","twitter:title":"Pastor asegura que la reapertura de servicios mar\u00edtimos de la autopista del mar entre Gij\u00f3n y Nantes es \u00abprioritaria\u00bb | El Digital de Asturias","twitter:description":"La ministra de Fomento, Ana Pastor, ha asegurado este martes que la reapertura de los servicios mar\u00edtimos de la autopista del mar entre Gij\u00f3n y Nantes (Francia) es &quot;prioritaria&quot; para el Gobierno que ha estado &quot;trabajando&quot; para ello. &quot;Solucionar cuanto antes el expediente de reinicio de los servicios de la autopista del mar es una","twitter:image":"https:\/\/eldigitaldeasturias.com\/magazine365\/wp-content\/uploads\/2015\/06\/fotonoticia_20150624101319_800.jpg"},"aioseo_meta_data":{"post_id":"40835","title":null,"description":null,"keywords":null,"keyphrases":null,"primary_term":null,"canonical_url":null,"og_title":null,"og_description":null,"og_object_type":"default","og_image_type":"default","og_image_url":null,"og_image_width":null,"og_image_height":null,"og_image_custom_url":null,"og_image_custom_fields":null,"og_video":null,"og_custom_url":null,"og_article_section":null,"og_article_tags":null,"twitter_use_og":false,"twitter_card":"default","twitter_image_type":"default","twitter_image_url":null,"twitter_image_custom_url":null,"twitter_image_custom_fields":null,"twitter_title":null,"twitter_description":null,"schema":{"blockGraphs":[],"customGraphs":[],"default":{"data":{"Article":[],"Course":[],"Dataset":[],"FAQPage":[],"Movie":[],"Person":[],"Product":[],"ProductReview":[],"Car":[],"Recipe":[],"Service":[],"SoftwareApplication":[],"WebPage":[]},"graphName":"","isEnabled":true},"graphs":[],"defaultGraph":"","defaultPostTypeGraph":""},"schema_type":null,"schema_type_options":null,"pillar_content":false,"robots_default":true,"robots_noindex":false,"robots_noarchive":false,"robots_nosnippet":false,"robots_nofollow":false,"robots_noimageindex":false,"robots_noodp":false,"robots_notranslate":false,"robots_max_snippet":null,"robots_max_videopreview":null,"robots_max_imagepreview":"large","priority":null,"frequency":null,"location":null,"local_seo":null,"seo_analyzer_scan_date":"2025-09-19 14:24:04","breadcrumb_settings":null,"limit_modified_date":false,"open_ai":null,"ai":null,"created":"2021-03-09 02:23:45","updated":"2025-09-19 14:24:04"},"aioseo_breadcrumb":"<div class=\"aioseo-breadcrumbs\"><span class=\"aioseo-breadcrumb\">\n\t<a href=\"https:\/\/eldigitaldeasturias.com\/magazine365\" title=\"Home\">Home<\/a>\n<\/span><span class=\"aioseo-breadcrumb-separator\">\u2013<\/span><span class=\"aioseo-breadcrumb\">\n\t<a href=\"https:\/\/eldigitaldeasturias.com\/magazine365\/category\/actualidad-turismo\/\" title=\"Actualidad Turismo\">Actualidad Turismo<\/a>\n<\/span><span class=\"aioseo-breadcrumb-separator\">\u2013<\/span><span class=\"aioseo-breadcrumb\">\n\t<a href=\"https:\/\/eldigitaldeasturias.com\/magazine365\/pastor-asegura-que-la-reapertura-de-servicios-maritimos-de-la-autopista-del-mar-entre-gijon-y-nantes-es-prioritaria\/\" title=\"Pastor asegura que la reapertura de servicios mar\u00edtimos de la autopista del mar entre Gij\u00f3n y Nantes es \u00abprioritaria\u00bb\">Pastor asegura que la reapertura de servicios mar\u00edtimos de la autopista del mar entre Gij\u00f3n y Nantes es \u00abprioritaria\u00bb<\/a>\n<\/span><\/div>","aioseo_breadcrumb_json":[{"label":"Home","link":"https:\/\/eldigitaldeasturias.com\/magazine365"},{"label":"Actualidad Turismo","link":"https:\/\/eldigitaldeasturias.com\/magazine365\/category\/actualidad-turismo\/"},{"label":"Pastor asegura que la reapertura de servicios mar\u00edtimos de la autopista del mar entre Gij\u00f3n y Nantes es \u00abprioritaria\u00bb","link":"https:\/\/eldigitaldeasturias.com\/magazine365\/pastor-asegura-que-la-reapertura-de-servicios-maritimos-de-la-autopista-del-mar-entre-gijon-y-nantes-es-prioritaria\/"}],"_links":{"self":[{"href":"https:\/\/eldigitaldeasturias.com\/magazine365\/wp-json\/wp\/v2\/posts\/40835","targetHints":{"allow":["GET"]}}],"collection":[{"href":"https:\/\/eldigitaldeasturias.com\/magazine365\/wp-json\/wp\/v2\/posts"}],"about":[{"href":"https:\/\/eldigitaldeasturias.com\/magazine365\/wp-json\/wp\/v2\/types\/post"}],"author":[{"embeddable":true,"href":"https:\/\/eldigitaldeasturias.com\/magazine365\/wp-json\/wp\/v2\/users\/1"}],"replies":[{"embeddable":true,"href":"https:\/\/eldigitaldeasturias.com\/magazine365\/wp-json\/wp\/v2\/comments?post=40835"}],"version-history":[{"count":0,"href":"https:\/\/eldigitaldeasturias.com\/magazine365\/wp-json\/wp\/v2\/posts\/40835\/revisions"}],"wp:featuredmedia":[{"embeddable":true,"href":"https:\/\/eldigitaldeasturias.com\/magazine365\/wp-json\/wp\/v2\/media\/40836"}],"wp:attachment":[{"href":"https:\/\/eldigitaldeasturias.com\/magazine365\/wp-json\/wp\/v2\/media?parent=40835"}],"wp:term":[{"taxonomy":"category","embeddable":true,"href":"https:\/\/eldigitaldeasturias.com\/magazine365\/wp-json\/wp\/v2\/categories?post=40835"},{"taxonomy":"post_tag","embeddable":true,"href":"https:\/\/eldigitaldeasturias.com\/magazine365\/wp-json\/wp\/v2\/tags?post=40835"}],"curies":[{"name":"wp","href":"https:\/\/api.w.org\/{rel}","templated":true}]}}