{"id":40832,"date":"2015-06-24T16:11:50","date_gmt":"2015-06-24T14:41:50","guid":{"rendered":"http:\/\/eldigitaldeasturias.com\/magazine365\/?p=40832"},"modified":"2015-06-24T16:11:50","modified_gmt":"2015-06-24T14:41:50","slug":"la-casa-de-las-mareas-de-soano-acoge-una-jornada-sobre-accesibilidad-y-turismo","status":"publish","type":"post","link":"https:\/\/eldigitaldeasturias.com\/magazine365\/la-casa-de-las-mareas-de-soano-acoge-una-jornada-sobre-accesibilidad-y-turismo\/","title":{"rendered":"La Casa de las Mareas de Soano acoge una jornada sobre Accesibilidad y Turismo"},"content":{"rendered":"<p><img fetchpriority=\"high\" decoding=\"async\" class=\"alignleft size-medium wp-image-40833\" src=\"https:\/\/eldigitaldeasturias.com\/magazine365\/wp-content\/uploads\/2015\/06\/fotonoticia_20150624100401_800-360x270.jpg\" alt=\"fotonoticia_20150624100401_800\" width=\"360\" height=\"270\" srcset=\"https:\/\/eldigitaldeasturias.com\/magazine365\/wp-content\/uploads\/2015\/06\/fotonoticia_20150624100401_800-360x270.jpg 360w, https:\/\/eldigitaldeasturias.com\/magazine365\/wp-content\/uploads\/2015\/06\/fotonoticia_20150624100401_800-650x488.jpg 650w, https:\/\/eldigitaldeasturias.com\/magazine365\/wp-content\/uploads\/2015\/06\/fotonoticia_20150624100401_800-768x576.jpg 768w, https:\/\/eldigitaldeasturias.com\/magazine365\/wp-content\/uploads\/2015\/06\/fotonoticia_20150624100401_800-150x113.jpg 150w, https:\/\/eldigitaldeasturias.com\/magazine365\/wp-content\/uploads\/2015\/06\/fotonoticia_20150624100401_800-450x338.jpg 450w, https:\/\/eldigitaldeasturias.com\/magazine365\/wp-content\/uploads\/2015\/06\/fotonoticia_20150624100401_800-80x60.jpg 80w, https:\/\/eldigitaldeasturias.com\/magazine365\/wp-content\/uploads\/2015\/06\/fotonoticia_20150624100401_800-265x198.jpg 265w, https:\/\/eldigitaldeasturias.com\/magazine365\/wp-content\/uploads\/2015\/06\/fotonoticia_20150624100401_800-696x522.jpg 696w, https:\/\/eldigitaldeasturias.com\/magazine365\/wp-content\/uploads\/2015\/06\/fotonoticia_20150624100401_800-560x420.jpg 560w, https:\/\/eldigitaldeasturias.com\/magazine365\/wp-content\/uploads\/2015\/06\/fotonoticia_20150624100401_800-90x67.jpg 90w, https:\/\/eldigitaldeasturias.com\/magazine365\/wp-content\/uploads\/2015\/06\/fotonoticia_20150624100401_800-100x75.jpg 100w, https:\/\/eldigitaldeasturias.com\/magazine365\/wp-content\/uploads\/2015\/06\/fotonoticia_20150624100401_800.jpg 800w\" sizes=\"(max-width: 360px) 100vw, 360px\" \/>La Casona de las Mareas de Soano acoge este mi\u00e9rcoles, d\u00eda 24 de junio, la jornada sobre Accesibilidad y Turismo para todos, organizada por el Ayuntamiento de Arnuero y ThyssenKrupp Encasa.<\/p>\n<p>La iniciativa comenzar\u00e1 a las 10.00 horas a cargo del alcalde, Jos\u00e9 Manuel Igual, quien expondr\u00e1 los beneficios que le ha reportado a su municipio ser la primera playa con el distintivo de la Bandera de la Accesibilidad por votaci\u00f3n popular.<\/p>\n<p>Posteriormente, el moderador de esta jornada, Ram\u00f3n Meneses, director del Ecoparque de Trasmiera, expondr\u00e1 &#8216;El Ecoparque de Trasmiera, territorio de integraci\u00f3n social y cultural&#8217;. Seguidamente, Bel\u00e9n Gal\u00e1n, Marketing &amp; Communication Manager de ThyssenKrupp Encasa, comentar\u00e1 por qu\u00e9 la accesibilidad es un beneficio para todos.<\/p>\n<p>Para comentar sus experiencias personales, as\u00ed como los distintos proyectos que est\u00e1n acometiendo distintas asociaciones, la jornada contar\u00e1 con la presencia de Rub\u00e9n Gonz\u00e1lez, responsable de procesos de ocio, deporte y cultura de AMICA con su intervenci\u00f3n &#8216;Rompiendo barreras&#8217;. Y sobre qu\u00e9 nos deparar\u00e1 el futuro, y dar respuesta a esta inc\u00f3gnita, Francisco Sard\u00f3n, presidente de Predif, explicar\u00e1 el &#8216;Presente y futuro del turismo accesible&#8217;.<\/p>\n<p>Tras estas exposiciones, se abrir\u00e1 una mesa coloquio, con el fin de intercambiar opiniones sobre el turismo accesible con las aportaciones de sus experiencias y conocimientos.<\/p>\n<p>Y como cierre de Jornada, se dar\u00e1 el pistoletazo de salida de la II edici\u00f3n de la campa\u00f1a &#8216;La playa de los fans&#8217;, en la que de forma simb\u00f3lica, el alcalde de Arnuero colocar\u00e1 la bandera de la Playa Accesible de los Fans 2014, hasta que, en un plazo de un mes aproximadamente, dar el testigo a otra playa espa\u00f1ola que reunir\u00e1 igualmente los requisitos necesarios para ostentar este t\u00edtulo y que contar\u00e1 con la votaci\u00f3n mayoritaria de los fans.<\/p>\n<p>La Jornada &#8216;Playas accesibles, turismo para todos&#8217; ser\u00e1 el marco escogido para anunciar el comienzo la II edici\u00f3n de &#8216;La Playa m\u00e1s Accesible&#8217;, una iniciativa puesta en marcha por la multinacional l\u00edder en soluciones de accesibilidad, ThyssenKrupp Encasa.<\/p>\n","protected":false},"excerpt":{"rendered":"<p>La Casona de las Mareas de Soano acoge este mi\u00e9rcoles, d\u00eda 24 de junio, la jornada sobre Accesibilidad y Turismo para todos, organizada por el Ayuntamiento de Arnuero y ThyssenKrupp Encasa. La iniciativa comenzar\u00e1 a las 10.00 horas a cargo del alcalde, Jos\u00e9 Manuel Igual, quien expondr\u00e1 los beneficios que le ha reportado a su<\/p>\n","protected":false},"author":1,"featured_media":40833,"comment_status":"open","ping_status":"closed","sticky":false,"template":"","format":"standard","meta":{"footnotes":""},"categories":[222],"tags":[],"class_list":{"0":"post-40832","1":"post","2":"type-post","3":"status-publish","4":"format-standard","5":"has-post-thumbnail","7":"category-actualidad-turismo"},"aioseo_notices":[],"aioseo_head":"\n\t\t<!-- All in One SEO Pro 4.9.6.1 - aioseo.com -->\n\t<meta name=\"description\" content=\"La Casona de las Mareas de Soano acoge este mi\u00e9rcoles, d\u00eda 24 de junio, la jornada sobre Accesibilidad y Turismo para todos, organizada por el Ayuntamiento de Arnuero y ThyssenKrupp Encasa. La iniciativa comenzar\u00e1 a las 10.00 horas a cargo del alcalde, Jos\u00e9 Manuel Igual, quien expondr\u00e1 los beneficios que le ha reportado a su\" \/>\n\t<meta name=\"robots\" content=\"max-image-preview:large\" \/>\n\t<meta name=\"author\" content=\"admin\"\/>\n\t<meta name=\"google-site-verification\" content=\"UA-38556648-1\" \/>\n\t<meta name=\"keywords\" content=\"actualidad turismo\" \/>\n\t<link rel=\"canonical\" href=\"https:\/\/eldigitaldeasturias.com\/magazine365\/la-casa-de-las-mareas-de-soano-acoge-una-jornada-sobre-accesibilidad-y-turismo\/\" \/>\n\t<meta name=\"generator\" content=\"All in One SEO Pro (AIOSEO) 4.9.6.1\" \/>\n\t\t<meta property=\"og:locale\" content=\"es_ES\" \/>\n\t\t<meta property=\"og:site_name\" content=\"El Digital de Asturias \u2013 Revista de ocio, turismo y estilo de vida\" \/>\n\t\t<meta property=\"og:type\" content=\"article\" \/>\n\t\t<meta property=\"og:title\" content=\"La Casa de las Mareas de Soano acoge una jornada sobre Accesibilidad y Turismo | El Digital de Asturias\" \/>\n\t\t<meta property=\"og:description\" content=\"La Casona de las Mareas de Soano acoge este mi\u00e9rcoles, d\u00eda 24 de junio, la jornada sobre Accesibilidad y Turismo para todos, organizada por el Ayuntamiento de Arnuero y ThyssenKrupp Encasa. La iniciativa comenzar\u00e1 a las 10.00 horas a cargo del alcalde, Jos\u00e9 Manuel Igual, quien expondr\u00e1 los beneficios que le ha reportado a su\" \/>\n\t\t<meta property=\"og:url\" content=\"https:\/\/eldigitaldeasturias.com\/magazine365\/la-casa-de-las-mareas-de-soano-acoge-una-jornada-sobre-accesibilidad-y-turismo\/\" \/>\n\t\t<meta property=\"og:image\" content=\"https:\/\/eldigitaldeasturias.com\/magazine365\/wp-content\/uploads\/2015\/06\/fotonoticia_20150624100401_800.jpg\" \/>\n\t\t<meta property=\"og:image:secure_url\" content=\"https:\/\/eldigitaldeasturias.com\/magazine365\/wp-content\/uploads\/2015\/06\/fotonoticia_20150624100401_800.jpg\" \/>\n\t\t<meta property=\"og:image:width\" content=\"800\" \/>\n\t\t<meta property=\"og:image:height\" content=\"600\" \/>\n\t\t<meta property=\"article:published_time\" content=\"2015-06-24T14:41:50+00:00\" \/>\n\t\t<meta property=\"article:modified_time\" content=\"2015-06-24T14:41:50+00:00\" \/>\n\t\t<meta name=\"twitter:card\" content=\"summary_large_image\" \/>\n\t\t<meta name=\"twitter:title\" content=\"La Casa de las Mareas de Soano acoge una jornada sobre Accesibilidad y Turismo | El Digital de Asturias\" \/>\n\t\t<meta name=\"twitter:description\" content=\"La Casona de las Mareas de Soano acoge este mi\u00e9rcoles, d\u00eda 24 de junio, la jornada sobre Accesibilidad y Turismo para todos, organizada por el Ayuntamiento de Arnuero y ThyssenKrupp Encasa. La iniciativa comenzar\u00e1 a las 10.00 horas a cargo del alcalde, Jos\u00e9 Manuel Igual, quien expondr\u00e1 los beneficios que le ha reportado a su\" \/>\n\t\t<meta name=\"twitter:image\" content=\"https:\/\/eldigitaldeasturias.com\/magazine365\/wp-content\/uploads\/2015\/06\/fotonoticia_20150624100401_800.jpg\" \/>\n\t\t<script type=\"application\/ld+json\" class=\"aioseo-schema\">\n\t\t\t{\"@context\":\"https:\\\/\\\/schema.org\",\"@graph\":[{\"@type\":\"Article\",\"@id\":\"https:\\\/\\\/eldigitaldeasturias.com\\\/magazine365\\\/la-casa-de-las-mareas-de-soano-acoge-una-jornada-sobre-accesibilidad-y-turismo\\\/#article\",\"name\":\"La Casa de las Mareas de Soano acoge una jornada sobre Accesibilidad y Turismo | El Digital de Asturias\",\"headline\":\"La Casa de las Mareas de Soano acoge una jornada sobre Accesibilidad y Turismo\",\"author\":{\"@id\":\"https:\\\/\\\/eldigitaldeasturias.com\\\/magazine365\\\/author\\\/admin\\\/#author\"},\"publisher\":{\"@id\":\"https:\\\/\\\/eldigitaldeasturias.com\\\/magazine365\\\/#organization\"},\"image\":{\"@type\":\"ImageObject\",\"url\":\"https:\\\/\\\/eldigitaldeasturias.com\\\/magazine365\\\/wp-content\\\/uploads\\\/2015\\\/06\\\/fotonoticia_20150624100401_800.jpg\",\"width\":800,\"height\":600},\"datePublished\":\"2015-06-24T16:11:50+02:00\",\"dateModified\":\"2015-06-24T16:11:50+02:00\",\"inLanguage\":\"es-ES\",\"mainEntityOfPage\":{\"@id\":\"https:\\\/\\\/eldigitaldeasturias.com\\\/magazine365\\\/la-casa-de-las-mareas-de-soano-acoge-una-jornada-sobre-accesibilidad-y-turismo\\\/#webpage\"},\"isPartOf\":{\"@id\":\"https:\\\/\\\/eldigitaldeasturias.com\\\/magazine365\\\/la-casa-de-las-mareas-de-soano-acoge-una-jornada-sobre-accesibilidad-y-turismo\\\/#webpage\"},\"articleSection\":\"Actualidad Turismo\"},{\"@type\":\"BreadcrumbList\",\"@id\":\"https:\\\/\\\/eldigitaldeasturias.com\\\/magazine365\\\/la-casa-de-las-mareas-de-soano-acoge-una-jornada-sobre-accesibilidad-y-turismo\\\/#breadcrumblist\",\"itemListElement\":[{\"@type\":\"ListItem\",\"@id\":\"https:\\\/\\\/eldigitaldeasturias.com\\\/magazine365#listItem\",\"position\":1,\"name\":\"Home\",\"item\":\"https:\\\/\\\/eldigitaldeasturias.com\\\/magazine365\",\"nextItem\":{\"@type\":\"ListItem\",\"@id\":\"https:\\\/\\\/eldigitaldeasturias.com\\\/magazine365\\\/category\\\/actualidad-turismo\\\/#listItem\",\"name\":\"Actualidad Turismo\"}},{\"@type\":\"ListItem\",\"@id\":\"https:\\\/\\\/eldigitaldeasturias.com\\\/magazine365\\\/category\\\/actualidad-turismo\\\/#listItem\",\"position\":2,\"name\":\"Actualidad Turismo\",\"item\":\"https:\\\/\\\/eldigitaldeasturias.com\\\/magazine365\\\/category\\\/actualidad-turismo\\\/\",\"nextItem\":{\"@type\":\"ListItem\",\"@id\":\"https:\\\/\\\/eldigitaldeasturias.com\\\/magazine365\\\/la-casa-de-las-mareas-de-soano-acoge-una-jornada-sobre-accesibilidad-y-turismo\\\/#listItem\",\"name\":\"La Casa de las Mareas de Soano acoge una jornada sobre Accesibilidad y Turismo\"},\"previousItem\":{\"@type\":\"ListItem\",\"@id\":\"https:\\\/\\\/eldigitaldeasturias.com\\\/magazine365#listItem\",\"name\":\"Home\"}},{\"@type\":\"ListItem\",\"@id\":\"https:\\\/\\\/eldigitaldeasturias.com\\\/magazine365\\\/la-casa-de-las-mareas-de-soano-acoge-una-jornada-sobre-accesibilidad-y-turismo\\\/#listItem\",\"position\":3,\"name\":\"La Casa de las Mareas de Soano acoge una jornada sobre Accesibilidad y Turismo\",\"previousItem\":{\"@type\":\"ListItem\",\"@id\":\"https:\\\/\\\/eldigitaldeasturias.com\\\/magazine365\\\/category\\\/actualidad-turismo\\\/#listItem\",\"name\":\"Actualidad Turismo\"}}]},{\"@type\":\"Organization\",\"@id\":\"https:\\\/\\\/eldigitaldeasturias.com\\\/magazine365\\\/#organization\",\"name\":\"El digital de Asturias\",\"description\":\"Revista de ocio, turismo y estilo de vida\",\"url\":\"https:\\\/\\\/eldigitaldeasturias.com\\\/magazine365\\\/\",\"logo\":{\"@type\":\"ImageObject\",\"url\":\"https:\\\/\\\/www.eldigitaldeasturias.com\\\/noticias\\\/wp-content\\\/uploads\\\/2020\\\/12\\\/EDA.jpg\",\"@id\":\"https:\\\/\\\/eldigitaldeasturias.com\\\/magazine365\\\/la-casa-de-las-mareas-de-soano-acoge-una-jornada-sobre-accesibilidad-y-turismo\\\/#organizationLogo\"},\"image\":{\"@id\":\"https:\\\/\\\/eldigitaldeasturias.com\\\/magazine365\\\/la-casa-de-las-mareas-de-soano-acoge-una-jornada-sobre-accesibilidad-y-turismo\\\/#organizationLogo\"}},{\"@type\":\"Person\",\"@id\":\"https:\\\/\\\/eldigitaldeasturias.com\\\/magazine365\\\/author\\\/admin\\\/#author\",\"url\":\"https:\\\/\\\/eldigitaldeasturias.com\\\/magazine365\\\/author\\\/admin\\\/\",\"name\":\"admin\",\"image\":{\"@type\":\"ImageObject\",\"@id\":\"https:\\\/\\\/eldigitaldeasturias.com\\\/magazine365\\\/la-casa-de-las-mareas-de-soano-acoge-una-jornada-sobre-accesibilidad-y-turismo\\\/#authorImage\",\"url\":\"https:\\\/\\\/eldigitaldeasturias.com\\\/magazine365\\\/wp-content\\\/litespeed\\\/avatar\\\/e571bcf59a0edd6fa6838245a470f2fe.jpg?ver=1777574230\",\"width\":96,\"height\":96,\"caption\":\"admin\"}},{\"@type\":\"WebPage\",\"@id\":\"https:\\\/\\\/eldigitaldeasturias.com\\\/magazine365\\\/la-casa-de-las-mareas-de-soano-acoge-una-jornada-sobre-accesibilidad-y-turismo\\\/#webpage\",\"url\":\"https:\\\/\\\/eldigitaldeasturias.com\\\/magazine365\\\/la-casa-de-las-mareas-de-soano-acoge-una-jornada-sobre-accesibilidad-y-turismo\\\/\",\"name\":\"La Casa de las Mareas de Soano acoge una jornada sobre Accesibilidad y Turismo | El Digital de Asturias\",\"description\":\"La Casona de las Mareas de Soano acoge este mi\\u00e9rcoles, d\\u00eda 24 de junio, la jornada sobre Accesibilidad y Turismo para todos, organizada por el Ayuntamiento de Arnuero y ThyssenKrupp Encasa. La iniciativa comenzar\\u00e1 a las 10.00 horas a cargo del alcalde, Jos\\u00e9 Manuel Igual, quien expondr\\u00e1 los beneficios que le ha reportado a su\",\"inLanguage\":\"es-ES\",\"isPartOf\":{\"@id\":\"https:\\\/\\\/eldigitaldeasturias.com\\\/magazine365\\\/#website\"},\"breadcrumb\":{\"@id\":\"https:\\\/\\\/eldigitaldeasturias.com\\\/magazine365\\\/la-casa-de-las-mareas-de-soano-acoge-una-jornada-sobre-accesibilidad-y-turismo\\\/#breadcrumblist\"},\"author\":{\"@id\":\"https:\\\/\\\/eldigitaldeasturias.com\\\/magazine365\\\/author\\\/admin\\\/#author\"},\"creator\":{\"@id\":\"https:\\\/\\\/eldigitaldeasturias.com\\\/magazine365\\\/author\\\/admin\\\/#author\"},\"image\":{\"@type\":\"ImageObject\",\"url\":\"https:\\\/\\\/eldigitaldeasturias.com\\\/magazine365\\\/wp-content\\\/uploads\\\/2015\\\/06\\\/fotonoticia_20150624100401_800.jpg\",\"@id\":\"https:\\\/\\\/eldigitaldeasturias.com\\\/magazine365\\\/la-casa-de-las-mareas-de-soano-acoge-una-jornada-sobre-accesibilidad-y-turismo\\\/#mainImage\",\"width\":800,\"height\":600},\"primaryImageOfPage\":{\"@id\":\"https:\\\/\\\/eldigitaldeasturias.com\\\/magazine365\\\/la-casa-de-las-mareas-de-soano-acoge-una-jornada-sobre-accesibilidad-y-turismo\\\/#mainImage\"},\"datePublished\":\"2015-06-24T16:11:50+02:00\",\"dateModified\":\"2015-06-24T16:11:50+02:00\"},{\"@type\":\"WebSite\",\"@id\":\"https:\\\/\\\/eldigitaldeasturias.com\\\/magazine365\\\/#website\",\"url\":\"https:\\\/\\\/eldigitaldeasturias.com\\\/magazine365\\\/\",\"name\":\"El Digital de Asturias\",\"description\":\"Revista de ocio, turismo y estilo de vida\",\"inLanguage\":\"es-ES\",\"publisher\":{\"@id\":\"https:\\\/\\\/eldigitaldeasturias.com\\\/magazine365\\\/#organization\"}}]}\n\t\t<\/script>\n\t\t<!-- All in One SEO Pro -->\r\n\t\t<title>La Casa de las Mareas de Soano acoge una jornada sobre Accesibilidad y Turismo | El Digital de Asturias<\/title>\n\n","aioseo_head_json":{"title":"La Casa de las Mareas de Soano acoge una jornada sobre Accesibilidad y Turismo | El Digital de Asturias","description":"La Casona de las Mareas de Soano acoge este mi\u00e9rcoles, d\u00eda 24 de junio, la jornada sobre Accesibilidad y Turismo para todos, organizada por el Ayuntamiento de Arnuero y ThyssenKrupp Encasa. La iniciativa comenzar\u00e1 a las 10.00 horas a cargo del alcalde, Jos\u00e9 Manuel Igual, quien expondr\u00e1 los beneficios que le ha reportado a su","canonical_url":"https:\/\/eldigitaldeasturias.com\/magazine365\/la-casa-de-las-mareas-de-soano-acoge-una-jornada-sobre-accesibilidad-y-turismo\/","robots":"max-image-preview:large","keywords":"actualidad turismo","webmasterTools":{"google-site-verification":"UA-38556648-1","miscellaneous":""},"schema":{"@context":"https:\/\/schema.org","@graph":[{"@type":"Article","@id":"https:\/\/eldigitaldeasturias.com\/magazine365\/la-casa-de-las-mareas-de-soano-acoge-una-jornada-sobre-accesibilidad-y-turismo\/#article","name":"La Casa de las Mareas de Soano acoge una jornada sobre Accesibilidad y Turismo | El Digital de Asturias","headline":"La Casa de las Mareas de Soano acoge una jornada sobre Accesibilidad y Turismo","author":{"@id":"https:\/\/eldigitaldeasturias.com\/magazine365\/author\/admin\/#author"},"publisher":{"@id":"https:\/\/eldigitaldeasturias.com\/magazine365\/#organization"},"image":{"@type":"ImageObject","url":"https:\/\/eldigitaldeasturias.com\/magazine365\/wp-content\/uploads\/2015\/06\/fotonoticia_20150624100401_800.jpg","width":800,"height":600},"datePublished":"2015-06-24T16:11:50+02:00","dateModified":"2015-06-24T16:11:50+02:00","inLanguage":"es-ES","mainEntityOfPage":{"@id":"https:\/\/eldigitaldeasturias.com\/magazine365\/la-casa-de-las-mareas-de-soano-acoge-una-jornada-sobre-accesibilidad-y-turismo\/#webpage"},"isPartOf":{"@id":"https:\/\/eldigitaldeasturias.com\/magazine365\/la-casa-de-las-mareas-de-soano-acoge-una-jornada-sobre-accesibilidad-y-turismo\/#webpage"},"articleSection":"Actualidad Turismo"},{"@type":"BreadcrumbList","@id":"https:\/\/eldigitaldeasturias.com\/magazine365\/la-casa-de-las-mareas-de-soano-acoge-una-jornada-sobre-accesibilidad-y-turismo\/#breadcrumblist","itemListElement":[{"@type":"ListItem","@id":"https:\/\/eldigitaldeasturias.com\/magazine365#listItem","position":1,"name":"Home","item":"https:\/\/eldigitaldeasturias.com\/magazine365","nextItem":{"@type":"ListItem","@id":"https:\/\/eldigitaldeasturias.com\/magazine365\/category\/actualidad-turismo\/#listItem","name":"Actualidad Turismo"}},{"@type":"ListItem","@id":"https:\/\/eldigitaldeasturias.com\/magazine365\/category\/actualidad-turismo\/#listItem","position":2,"name":"Actualidad Turismo","item":"https:\/\/eldigitaldeasturias.com\/magazine365\/category\/actualidad-turismo\/","nextItem":{"@type":"ListItem","@id":"https:\/\/eldigitaldeasturias.com\/magazine365\/la-casa-de-las-mareas-de-soano-acoge-una-jornada-sobre-accesibilidad-y-turismo\/#listItem","name":"La Casa de las Mareas de Soano acoge una jornada sobre Accesibilidad y Turismo"},"previousItem":{"@type":"ListItem","@id":"https:\/\/eldigitaldeasturias.com\/magazine365#listItem","name":"Home"}},{"@type":"ListItem","@id":"https:\/\/eldigitaldeasturias.com\/magazine365\/la-casa-de-las-mareas-de-soano-acoge-una-jornada-sobre-accesibilidad-y-turismo\/#listItem","position":3,"name":"La Casa de las Mareas de Soano acoge una jornada sobre Accesibilidad y Turismo","previousItem":{"@type":"ListItem","@id":"https:\/\/eldigitaldeasturias.com\/magazine365\/category\/actualidad-turismo\/#listItem","name":"Actualidad Turismo"}}]},{"@type":"Organization","@id":"https:\/\/eldigitaldeasturias.com\/magazine365\/#organization","name":"El digital de Asturias","description":"Revista de ocio, turismo y estilo de vida","url":"https:\/\/eldigitaldeasturias.com\/magazine365\/","logo":{"@type":"ImageObject","url":"https:\/\/www.eldigitaldeasturias.com\/noticias\/wp-content\/uploads\/2020\/12\/EDA.jpg","@id":"https:\/\/eldigitaldeasturias.com\/magazine365\/la-casa-de-las-mareas-de-soano-acoge-una-jornada-sobre-accesibilidad-y-turismo\/#organizationLogo"},"image":{"@id":"https:\/\/eldigitaldeasturias.com\/magazine365\/la-casa-de-las-mareas-de-soano-acoge-una-jornada-sobre-accesibilidad-y-turismo\/#organizationLogo"}},{"@type":"Person","@id":"https:\/\/eldigitaldeasturias.com\/magazine365\/author\/admin\/#author","url":"https:\/\/eldigitaldeasturias.com\/magazine365\/author\/admin\/","name":"admin","image":{"@type":"ImageObject","@id":"https:\/\/eldigitaldeasturias.com\/magazine365\/la-casa-de-las-mareas-de-soano-acoge-una-jornada-sobre-accesibilidad-y-turismo\/#authorImage","url":"https:\/\/eldigitaldeasturias.com\/magazine365\/wp-content\/litespeed\/avatar\/e571bcf59a0edd6fa6838245a470f2fe.jpg?ver=1777574230","width":96,"height":96,"caption":"admin"}},{"@type":"WebPage","@id":"https:\/\/eldigitaldeasturias.com\/magazine365\/la-casa-de-las-mareas-de-soano-acoge-una-jornada-sobre-accesibilidad-y-turismo\/#webpage","url":"https:\/\/eldigitaldeasturias.com\/magazine365\/la-casa-de-las-mareas-de-soano-acoge-una-jornada-sobre-accesibilidad-y-turismo\/","name":"La Casa de las Mareas de Soano acoge una jornada sobre Accesibilidad y Turismo | El Digital de Asturias","description":"La Casona de las Mareas de Soano acoge este mi\u00e9rcoles, d\u00eda 24 de junio, la jornada sobre Accesibilidad y Turismo para todos, organizada por el Ayuntamiento de Arnuero y ThyssenKrupp Encasa. La iniciativa comenzar\u00e1 a las 10.00 horas a cargo del alcalde, Jos\u00e9 Manuel Igual, quien expondr\u00e1 los beneficios que le ha reportado a su","inLanguage":"es-ES","isPartOf":{"@id":"https:\/\/eldigitaldeasturias.com\/magazine365\/#website"},"breadcrumb":{"@id":"https:\/\/eldigitaldeasturias.com\/magazine365\/la-casa-de-las-mareas-de-soano-acoge-una-jornada-sobre-accesibilidad-y-turismo\/#breadcrumblist"},"author":{"@id":"https:\/\/eldigitaldeasturias.com\/magazine365\/author\/admin\/#author"},"creator":{"@id":"https:\/\/eldigitaldeasturias.com\/magazine365\/author\/admin\/#author"},"image":{"@type":"ImageObject","url":"https:\/\/eldigitaldeasturias.com\/magazine365\/wp-content\/uploads\/2015\/06\/fotonoticia_20150624100401_800.jpg","@id":"https:\/\/eldigitaldeasturias.com\/magazine365\/la-casa-de-las-mareas-de-soano-acoge-una-jornada-sobre-accesibilidad-y-turismo\/#mainImage","width":800,"height":600},"primaryImageOfPage":{"@id":"https:\/\/eldigitaldeasturias.com\/magazine365\/la-casa-de-las-mareas-de-soano-acoge-una-jornada-sobre-accesibilidad-y-turismo\/#mainImage"},"datePublished":"2015-06-24T16:11:50+02:00","dateModified":"2015-06-24T16:11:50+02:00"},{"@type":"WebSite","@id":"https:\/\/eldigitaldeasturias.com\/magazine365\/#website","url":"https:\/\/eldigitaldeasturias.com\/magazine365\/","name":"El Digital de Asturias","description":"Revista de ocio, turismo y estilo de vida","inLanguage":"es-ES","publisher":{"@id":"https:\/\/eldigitaldeasturias.com\/magazine365\/#organization"}}]},"og:locale":"es_ES","og:site_name":"El Digital de Asturias \u2013 Revista de ocio, turismo y estilo de vida","og:type":"article","og:title":"La Casa de las Mareas de Soano acoge una jornada sobre Accesibilidad y Turismo | El Digital de Asturias","og:description":"La Casona de las Mareas de Soano acoge este mi\u00e9rcoles, d\u00eda 24 de junio, la jornada sobre Accesibilidad y Turismo para todos, organizada por el Ayuntamiento de Arnuero y ThyssenKrupp Encasa. La iniciativa comenzar\u00e1 a las 10.00 horas a cargo del alcalde, Jos\u00e9 Manuel Igual, quien expondr\u00e1 los beneficios que le ha reportado a su","og:url":"https:\/\/eldigitaldeasturias.com\/magazine365\/la-casa-de-las-mareas-de-soano-acoge-una-jornada-sobre-accesibilidad-y-turismo\/","og:image":"https:\/\/eldigitaldeasturias.com\/magazine365\/wp-content\/uploads\/2015\/06\/fotonoticia_20150624100401_800.jpg","og:image:secure_url":"https:\/\/eldigitaldeasturias.com\/magazine365\/wp-content\/uploads\/2015\/06\/fotonoticia_20150624100401_800.jpg","og:image:width":800,"og:image:height":600,"article:published_time":"2015-06-24T14:41:50+00:00","article:modified_time":"2015-06-24T14:41:50+00:00","twitter:card":"summary_large_image","twitter:title":"La Casa de las Mareas de Soano acoge una jornada sobre Accesibilidad y Turismo | El Digital de Asturias","twitter:description":"La Casona de las Mareas de Soano acoge este mi\u00e9rcoles, d\u00eda 24 de junio, la jornada sobre Accesibilidad y Turismo para todos, organizada por el Ayuntamiento de Arnuero y ThyssenKrupp Encasa. La iniciativa comenzar\u00e1 a las 10.00 horas a cargo del alcalde, Jos\u00e9 Manuel Igual, quien expondr\u00e1 los beneficios que le ha reportado a su","twitter:image":"https:\/\/eldigitaldeasturias.com\/magazine365\/wp-content\/uploads\/2015\/06\/fotonoticia_20150624100401_800.jpg"},"aioseo_meta_data":{"post_id":"40832","title":null,"description":null,"keywords":null,"keyphrases":null,"primary_term":null,"canonical_url":null,"og_title":null,"og_description":null,"og_object_type":"default","og_image_type":"default","og_image_url":null,"og_image_width":null,"og_image_height":null,"og_image_custom_url":null,"og_image_custom_fields":null,"og_video":null,"og_custom_url":null,"og_article_section":null,"og_article_tags":null,"twitter_use_og":false,"twitter_card":"default","twitter_image_type":"default","twitter_image_url":null,"twitter_image_custom_url":null,"twitter_image_custom_fields":null,"twitter_title":null,"twitter_description":null,"schema":{"blockGraphs":[],"customGraphs":[],"default":{"data":{"Article":[],"Course":[],"Dataset":[],"FAQPage":[],"Movie":[],"Person":[],"Product":[],"ProductReview":[],"Car":[],"Recipe":[],"Service":[],"SoftwareApplication":[],"WebPage":[]},"graphName":"","isEnabled":true},"graphs":[],"defaultGraph":"","defaultPostTypeGraph":""},"schema_type":null,"schema_type_options":null,"pillar_content":false,"robots_default":true,"robots_noindex":false,"robots_noarchive":false,"robots_nosnippet":false,"robots_nofollow":false,"robots_noimageindex":false,"robots_noodp":false,"robots_notranslate":false,"robots_max_snippet":null,"robots_max_videopreview":null,"robots_max_imagepreview":"large","priority":null,"frequency":null,"location":null,"local_seo":null,"seo_analyzer_scan_date":"2025-09-19 14:24:02","breadcrumb_settings":null,"limit_modified_date":false,"open_ai":null,"ai":null,"created":"2021-03-09 02:23:45","updated":"2025-09-19 14:24:02"},"aioseo_breadcrumb":"<div class=\"aioseo-breadcrumbs\"><span class=\"aioseo-breadcrumb\">\n\t<a href=\"https:\/\/eldigitaldeasturias.com\/magazine365\" title=\"Home\">Home<\/a>\n<\/span><span class=\"aioseo-breadcrumb-separator\">\u2013<\/span><span class=\"aioseo-breadcrumb\">\n\t<a href=\"https:\/\/eldigitaldeasturias.com\/magazine365\/category\/actualidad-turismo\/\" title=\"Actualidad Turismo\">Actualidad Turismo<\/a>\n<\/span><span class=\"aioseo-breadcrumb-separator\">\u2013<\/span><span class=\"aioseo-breadcrumb\">\n\t<a href=\"https:\/\/eldigitaldeasturias.com\/magazine365\/la-casa-de-las-mareas-de-soano-acoge-una-jornada-sobre-accesibilidad-y-turismo\/\" title=\"La Casa de las Mareas de Soano acoge una jornada sobre Accesibilidad y Turismo\">La Casa de las Mareas de Soano acoge una jornada sobre Accesibilidad y Turismo<\/a>\n<\/span><\/div>","aioseo_breadcrumb_json":[{"label":"Home","link":"https:\/\/eldigitaldeasturias.com\/magazine365"},{"label":"Actualidad Turismo","link":"https:\/\/eldigitaldeasturias.com\/magazine365\/category\/actualidad-turismo\/"},{"label":"La Casa de las Mareas de Soano acoge una jornada sobre Accesibilidad y Turismo","link":"https:\/\/eldigitaldeasturias.com\/magazine365\/la-casa-de-las-mareas-de-soano-acoge-una-jornada-sobre-accesibilidad-y-turismo\/"}],"_links":{"self":[{"href":"https:\/\/eldigitaldeasturias.com\/magazine365\/wp-json\/wp\/v2\/posts\/40832","targetHints":{"allow":["GET"]}}],"collection":[{"href":"https:\/\/eldigitaldeasturias.com\/magazine365\/wp-json\/wp\/v2\/posts"}],"about":[{"href":"https:\/\/eldigitaldeasturias.com\/magazine365\/wp-json\/wp\/v2\/types\/post"}],"author":[{"embeddable":true,"href":"https:\/\/eldigitaldeasturias.com\/magazine365\/wp-json\/wp\/v2\/users\/1"}],"replies":[{"embeddable":true,"href":"https:\/\/eldigitaldeasturias.com\/magazine365\/wp-json\/wp\/v2\/comments?post=40832"}],"version-history":[{"count":0,"href":"https:\/\/eldigitaldeasturias.com\/magazine365\/wp-json\/wp\/v2\/posts\/40832\/revisions"}],"wp:featuredmedia":[{"embeddable":true,"href":"https:\/\/eldigitaldeasturias.com\/magazine365\/wp-json\/wp\/v2\/media\/40833"}],"wp:attachment":[{"href":"https:\/\/eldigitaldeasturias.com\/magazine365\/wp-json\/wp\/v2\/media?parent=40832"}],"wp:term":[{"taxonomy":"category","embeddable":true,"href":"https:\/\/eldigitaldeasturias.com\/magazine365\/wp-json\/wp\/v2\/categories?post=40832"},{"taxonomy":"post_tag","embeddable":true,"href":"https:\/\/eldigitaldeasturias.com\/magazine365\/wp-json\/wp\/v2\/tags?post=40832"}],"curies":[{"name":"wp","href":"https:\/\/api.w.org\/{rel}","templated":true}]}}