{"id":40829,"date":"2015-06-24T16:10:47","date_gmt":"2015-06-24T14:40:47","guid":{"rendered":"http:\/\/eldigitaldeasturias.com\/magazine365\/?p=40829"},"modified":"2015-06-24T16:10:47","modified_gmt":"2015-06-24T14:40:47","slug":"la-asociacion-casco-viejo-de-santander-participa-hoy-en-la-comision-de-seguimiento-de-turismo-de-compras","status":"publish","type":"post","link":"https:\/\/eldigitaldeasturias.com\/magazine365\/la-asociacion-casco-viejo-de-santander-participa-hoy-en-la-comision-de-seguimiento-de-turismo-de-compras\/","title":{"rendered":"La Asociaci\u00f3n Casco Viejo de Santander participa hoy en la Comisi\u00f3n de Seguimiento de Turismo de Compras"},"content":{"rendered":"<p><img fetchpriority=\"high\" decoding=\"async\" class=\"alignleft size-medium wp-image-40830\" src=\"https:\/\/eldigitaldeasturias.com\/magazine365\/wp-content\/uploads\/2015\/06\/fotonoticia_20150624100220_800-360x171.jpg\" alt=\"fotonoticia_20150624100220_800\" width=\"360\" height=\"171\" srcset=\"https:\/\/eldigitaldeasturias.com\/magazine365\/wp-content\/uploads\/2015\/06\/fotonoticia_20150624100220_800-360x171.jpg 360w, https:\/\/eldigitaldeasturias.com\/magazine365\/wp-content\/uploads\/2015\/06\/fotonoticia_20150624100220_800-650x308.jpg 650w, https:\/\/eldigitaldeasturias.com\/magazine365\/wp-content\/uploads\/2015\/06\/fotonoticia_20150624100220_800-768x364.jpg 768w, https:\/\/eldigitaldeasturias.com\/magazine365\/wp-content\/uploads\/2015\/06\/fotonoticia_20150624100220_800-150x71.jpg 150w, https:\/\/eldigitaldeasturias.com\/magazine365\/wp-content\/uploads\/2015\/06\/fotonoticia_20150624100220_800-450x213.jpg 450w, https:\/\/eldigitaldeasturias.com\/magazine365\/wp-content\/uploads\/2015\/06\/fotonoticia_20150624100220_800-696x330.jpg 696w, https:\/\/eldigitaldeasturias.com\/magazine365\/wp-content\/uploads\/2015\/06\/fotonoticia_20150624100220_800.jpg 800w\" sizes=\"(max-width: 360px) 100vw, 360px\" \/>La Asociaci\u00f3n de Comerciantes del Casco Viejo de Santander participar\u00e1 este mi\u00e9rcoles, por primera vez, en la Comisi\u00f3n de Seguimiento de Turismo de Compras del Gobierno de Espa\u00f1a, \u00f3rgano en el que defender\u00e1 la \u00abnecesidad\u00bb de crear un plan estrat\u00e9gico especial para fomentar ese tipo de turismo en los cascos hist\u00f3ricos del pa\u00eds.<\/p>\n<p>Dicha Comisi\u00f3n, coordinada por la Direcci\u00f3n General de Comercio Interior y la Direcci\u00f3n General del Instituto de Turismo (Turespa\u00f1a), analizar\u00e1 el desarrollo del Plan Estrat\u00e9gico 2015 de Turismo de Compras.<\/p>\n<p>Casco Viejo de Santander, como secretaria de los cascos hist\u00f3ricos de Espa\u00f1a y que ya mantuvo reuniones con la Direcci\u00f3n General de Comercio Interior, Turismo de Espa\u00f1a, Segittur y la Presidencia del Gobierno, ha subrayado el \u00abpapel fundamental\u00bb que, a su juicio, tienen los cascos hist\u00f3ricos espa\u00f1oles para llevar a cabo una estrategia de turismo de compras, as\u00ed como la potenciaci\u00f3n y uni\u00f3n de la marca COCAHI, Cascos Hist\u00f3ricos de Espa\u00f1a, con la del turismo de compras Marca Espa\u00f1a.<\/p>\n<p>Espa\u00f1a cuenta, por primera vez, con un plan espec\u00edfico para 2015 para potenciar el turismo de compras y que ha sido elaborado por varios departamentos del Gobierno central &#8211;Ministerios de Industria, Energ\u00eda y Turismo; Econom\u00eda y Competitividad; Hacienda, y Asuntos Exteriores y Cooperaci\u00f3n&#8211; en colaboraci\u00f3n con las comunidades aut\u00f3nomas y con el sector privado.<\/p>\n<p>Est\u00e1 centrado este plan en el segmento de compras que pretende aumentar la rentabilidad del sector tur\u00edstico y del comercio interior.<\/p>\n<p>Seg\u00fan la Asociaci\u00f3n de Comerciantes del Casco Viejo de Santander, el turismo de compras permite elevar el gasto medio en destino y distribuir los flujos de demanda a lo largo de todo el a\u00f1o, y por toda la geograf\u00eda espa\u00f1ola.<\/p>\n<p>El presupuesto asignado al plan asciende a 2,8 millones que se asignar\u00e1 a acciones tanto para estimular e incrementar la demanda en los pa\u00edses emisores de turistas como para adaptar la oferta comercial espa\u00f1ola a las necesidades de los turistas internacionales.<\/p>\n<p>Entre las medidas previstas destacan los compromisos de Exteriores para la agilizaci\u00f3n de visados, las actuaciones previstas por la Agencia Tributaria para la mejora en los procesos de devoluci\u00f3n de IVA a los turistas extracomunitarios as\u00ed como la mejora del posicionamiento del turismo de compras en la promoci\u00f3n de Espa\u00f1a.<\/p>\n<p>Espa\u00f1a es el tercer receptor de turistas internacionales del mundo tras la llegada, en 2014, de 114 millones de viajeros no residentes, cifra que, en lo que va de a\u00f1o, crece por encima del 7,4%.<\/p>\n<p>En cuanto al gasto tur\u00edstico, nuestro pa\u00eds, se sit\u00faa tan s\u00f3lo por detr\u00e1s de Estados Unidos y el \u00faltimo dato anual cifr\u00f3 en 59.082 millones de euros este indicador que, al igual que con las llegadas, mejora en los seis primeros meses de 2015. En este caso, un 7,3% m\u00e1s.<\/p>\n<p>No obstante, el Gobierno pretende con este plan captar turistas con mayor poder adquisitivo y considera que es el segmento de compras el que tiene mayor potencial de contribuir a la mejora de la calidad y la competitividad de esta actividad econ\u00f3mica.<\/p>\n<p>El turismo y el comercio son motores de desarrollo econ\u00f3mico para nuestro pa\u00eds y se potencian mutuamente, as\u00ed que el Gobierno ha decidido apostar por el turismo de compras con los objetivos de generar mayor diversificaci\u00f3n motivacional, geogr\u00e1fica y temporal de la demanda pero sobre todo ya que este segmento aumenta significativamente el gasto en destino y, por tanto la rentabilidad de la industria.<\/p>\n<p>De hecho, se han focalizado los mercados de mayor peso y potencial para Espa\u00f1a dentro de este segmento que son, adem\u00e1s de Rusia y Estados Unidos, especialmente China, Jap\u00f3n, M\u00e9xico y Brasil.<\/p>\n<p>Tambi\u00e9n, por su importancia en el segmento de lujo, aunque su volumen sea relativamente reducido, tambi\u00e9n deben considerarse los pa\u00edses del Golfo.<\/p>\n<p>En estos mercados, considerados emergentes, la estrategia del Gobierno ser\u00e1 la de utilizar el turismo de compras para posicionar a Espa\u00f1a como destino tur\u00edstico.<\/p>\n<p>Sin embargo, ser\u00e1 diferente la hoja de ruta que se aplicar\u00e1 en los mercados maduros en t\u00e9rminos tur\u00edsticos, donde el objetivo ser\u00e1 que incorporen el turismo de compras durante su estancia en Espa\u00f1a.<\/p>\n<p>Se trata, adem\u00e1s, de un plan din\u00e1mico ya que un grupo de trabajo se ocupa de realizar un seguimiento de las actuaciones previstas.<\/p>\n","protected":false},"excerpt":{"rendered":"<p>La Asociaci\u00f3n de Comerciantes del Casco Viejo de Santander participar\u00e1 este mi\u00e9rcoles, por primera vez, en la Comisi\u00f3n de Seguimiento de Turismo de Compras del Gobierno de Espa\u00f1a, \u00f3rgano en el que defender\u00e1 la \u00abnecesidad\u00bb de crear un plan estrat\u00e9gico especial para fomentar ese tipo de turismo en los cascos hist\u00f3ricos del pa\u00eds. Dicha Comisi\u00f3n,<\/p>\n","protected":false},"author":1,"featured_media":40830,"comment_status":"open","ping_status":"closed","sticky":false,"template":"","format":"standard","meta":{"footnotes":""},"categories":[222],"tags":[],"class_list":{"0":"post-40829","1":"post","2":"type-post","3":"status-publish","4":"format-standard","5":"has-post-thumbnail","7":"category-actualidad-turismo"},"aioseo_notices":[],"aioseo_head":"\n\t\t<!-- All in One SEO Pro 4.9.6.1 - aioseo.com -->\n\t<meta name=\"description\" content=\"La Asociaci\u00f3n de Comerciantes del Casco Viejo de Santander participar\u00e1 este mi\u00e9rcoles, por primera vez, en la Comisi\u00f3n de Seguimiento de Turismo de Compras del Gobierno de Espa\u00f1a, \u00f3rgano en el que defender\u00e1 la &quot;necesidad&quot; de crear un plan estrat\u00e9gico especial para fomentar ese tipo de turismo en los cascos hist\u00f3ricos del pa\u00eds. Dicha Comisi\u00f3n,\" \/>\n\t<meta name=\"robots\" content=\"max-image-preview:large\" \/>\n\t<meta name=\"author\" content=\"admin\"\/>\n\t<meta name=\"google-site-verification\" content=\"UA-38556648-1\" \/>\n\t<meta name=\"keywords\" content=\"actualidad turismo\" \/>\n\t<link rel=\"canonical\" href=\"https:\/\/eldigitaldeasturias.com\/magazine365\/la-asociacion-casco-viejo-de-santander-participa-hoy-en-la-comision-de-seguimiento-de-turismo-de-compras\/\" \/>\n\t<meta name=\"generator\" content=\"All in One SEO Pro (AIOSEO) 4.9.6.1\" \/>\n\t\t<meta property=\"og:locale\" content=\"es_ES\" \/>\n\t\t<meta property=\"og:site_name\" content=\"El Digital de Asturias \u2013 Revista de ocio, turismo y estilo de vida\" \/>\n\t\t<meta property=\"og:type\" content=\"article\" \/>\n\t\t<meta property=\"og:title\" content=\"La Asociaci\u00f3n Casco Viejo de Santander participa hoy en la Comisi\u00f3n de Seguimiento de Turismo de Compras | El Digital de Asturias\" \/>\n\t\t<meta property=\"og:description\" content=\"La Asociaci\u00f3n de Comerciantes del Casco Viejo de Santander participar\u00e1 este mi\u00e9rcoles, por primera vez, en la Comisi\u00f3n de Seguimiento de Turismo de Compras del Gobierno de Espa\u00f1a, \u00f3rgano en el que defender\u00e1 la &quot;necesidad&quot; de crear un plan estrat\u00e9gico especial para fomentar ese tipo de turismo en los cascos hist\u00f3ricos del pa\u00eds. Dicha Comisi\u00f3n,\" \/>\n\t\t<meta property=\"og:url\" content=\"https:\/\/eldigitaldeasturias.com\/magazine365\/la-asociacion-casco-viejo-de-santander-participa-hoy-en-la-comision-de-seguimiento-de-turismo-de-compras\/\" \/>\n\t\t<meta property=\"og:image\" content=\"https:\/\/eldigitaldeasturias.com\/magazine365\/wp-content\/uploads\/2015\/06\/fotonoticia_20150624100220_800.jpg\" \/>\n\t\t<meta property=\"og:image:secure_url\" content=\"https:\/\/eldigitaldeasturias.com\/magazine365\/wp-content\/uploads\/2015\/06\/fotonoticia_20150624100220_800.jpg\" \/>\n\t\t<meta property=\"og:image:width\" content=\"800\" \/>\n\t\t<meta property=\"og:image:height\" content=\"379\" \/>\n\t\t<meta property=\"article:published_time\" content=\"2015-06-24T14:40:47+00:00\" \/>\n\t\t<meta property=\"article:modified_time\" content=\"2015-06-24T14:40:47+00:00\" \/>\n\t\t<meta name=\"twitter:card\" content=\"summary_large_image\" \/>\n\t\t<meta name=\"twitter:title\" content=\"La Asociaci\u00f3n Casco Viejo de Santander participa hoy en la Comisi\u00f3n de Seguimiento de Turismo de Compras | El Digital de Asturias\" \/>\n\t\t<meta name=\"twitter:description\" content=\"La Asociaci\u00f3n de Comerciantes del Casco Viejo de Santander participar\u00e1 este mi\u00e9rcoles, por primera vez, en la Comisi\u00f3n de Seguimiento de Turismo de Compras del Gobierno de Espa\u00f1a, \u00f3rgano en el que defender\u00e1 la &quot;necesidad&quot; de crear un plan estrat\u00e9gico especial para fomentar ese tipo de turismo en los cascos hist\u00f3ricos del pa\u00eds. Dicha Comisi\u00f3n,\" \/>\n\t\t<meta name=\"twitter:image\" content=\"https:\/\/eldigitaldeasturias.com\/magazine365\/wp-content\/uploads\/2015\/06\/fotonoticia_20150624100220_800.jpg\" \/>\n\t\t<script type=\"application\/ld+json\" class=\"aioseo-schema\">\n\t\t\t{\"@context\":\"https:\\\/\\\/schema.org\",\"@graph\":[{\"@type\":\"Article\",\"@id\":\"https:\\\/\\\/eldigitaldeasturias.com\\\/magazine365\\\/la-asociacion-casco-viejo-de-santander-participa-hoy-en-la-comision-de-seguimiento-de-turismo-de-compras\\\/#article\",\"name\":\"La Asociaci\\u00f3n Casco Viejo de Santander participa hoy en la Comisi\\u00f3n de Seguimiento de Turismo de Compras | El Digital de Asturias\",\"headline\":\"La Asociaci\\u00f3n Casco Viejo de Santander participa hoy en la Comisi\\u00f3n de Seguimiento de Turismo de Compras\",\"author\":{\"@id\":\"https:\\\/\\\/eldigitaldeasturias.com\\\/magazine365\\\/author\\\/admin\\\/#author\"},\"publisher\":{\"@id\":\"https:\\\/\\\/eldigitaldeasturias.com\\\/magazine365\\\/#organization\"},\"image\":{\"@type\":\"ImageObject\",\"url\":\"https:\\\/\\\/eldigitaldeasturias.com\\\/magazine365\\\/wp-content\\\/uploads\\\/2015\\\/06\\\/fotonoticia_20150624100220_800.jpg\",\"width\":800,\"height\":379},\"datePublished\":\"2015-06-24T16:10:47+02:00\",\"dateModified\":\"2015-06-24T16:10:47+02:00\",\"inLanguage\":\"es-ES\",\"mainEntityOfPage\":{\"@id\":\"https:\\\/\\\/eldigitaldeasturias.com\\\/magazine365\\\/la-asociacion-casco-viejo-de-santander-participa-hoy-en-la-comision-de-seguimiento-de-turismo-de-compras\\\/#webpage\"},\"isPartOf\":{\"@id\":\"https:\\\/\\\/eldigitaldeasturias.com\\\/magazine365\\\/la-asociacion-casco-viejo-de-santander-participa-hoy-en-la-comision-de-seguimiento-de-turismo-de-compras\\\/#webpage\"},\"articleSection\":\"Actualidad Turismo\"},{\"@type\":\"BreadcrumbList\",\"@id\":\"https:\\\/\\\/eldigitaldeasturias.com\\\/magazine365\\\/la-asociacion-casco-viejo-de-santander-participa-hoy-en-la-comision-de-seguimiento-de-turismo-de-compras\\\/#breadcrumblist\",\"itemListElement\":[{\"@type\":\"ListItem\",\"@id\":\"https:\\\/\\\/eldigitaldeasturias.com\\\/magazine365#listItem\",\"position\":1,\"name\":\"Home\",\"item\":\"https:\\\/\\\/eldigitaldeasturias.com\\\/magazine365\",\"nextItem\":{\"@type\":\"ListItem\",\"@id\":\"https:\\\/\\\/eldigitaldeasturias.com\\\/magazine365\\\/category\\\/actualidad-turismo\\\/#listItem\",\"name\":\"Actualidad Turismo\"}},{\"@type\":\"ListItem\",\"@id\":\"https:\\\/\\\/eldigitaldeasturias.com\\\/magazine365\\\/category\\\/actualidad-turismo\\\/#listItem\",\"position\":2,\"name\":\"Actualidad Turismo\",\"item\":\"https:\\\/\\\/eldigitaldeasturias.com\\\/magazine365\\\/category\\\/actualidad-turismo\\\/\",\"nextItem\":{\"@type\":\"ListItem\",\"@id\":\"https:\\\/\\\/eldigitaldeasturias.com\\\/magazine365\\\/la-asociacion-casco-viejo-de-santander-participa-hoy-en-la-comision-de-seguimiento-de-turismo-de-compras\\\/#listItem\",\"name\":\"La Asociaci\\u00f3n Casco Viejo de Santander participa hoy en la Comisi\\u00f3n de Seguimiento de Turismo de Compras\"},\"previousItem\":{\"@type\":\"ListItem\",\"@id\":\"https:\\\/\\\/eldigitaldeasturias.com\\\/magazine365#listItem\",\"name\":\"Home\"}},{\"@type\":\"ListItem\",\"@id\":\"https:\\\/\\\/eldigitaldeasturias.com\\\/magazine365\\\/la-asociacion-casco-viejo-de-santander-participa-hoy-en-la-comision-de-seguimiento-de-turismo-de-compras\\\/#listItem\",\"position\":3,\"name\":\"La Asociaci\\u00f3n Casco Viejo de Santander participa hoy en la Comisi\\u00f3n de Seguimiento de Turismo de Compras\",\"previousItem\":{\"@type\":\"ListItem\",\"@id\":\"https:\\\/\\\/eldigitaldeasturias.com\\\/magazine365\\\/category\\\/actualidad-turismo\\\/#listItem\",\"name\":\"Actualidad Turismo\"}}]},{\"@type\":\"Organization\",\"@id\":\"https:\\\/\\\/eldigitaldeasturias.com\\\/magazine365\\\/#organization\",\"name\":\"El digital de Asturias\",\"description\":\"Revista de ocio, turismo y estilo de vida\",\"url\":\"https:\\\/\\\/eldigitaldeasturias.com\\\/magazine365\\\/\",\"logo\":{\"@type\":\"ImageObject\",\"url\":\"https:\\\/\\\/www.eldigitaldeasturias.com\\\/noticias\\\/wp-content\\\/uploads\\\/2020\\\/12\\\/EDA.jpg\",\"@id\":\"https:\\\/\\\/eldigitaldeasturias.com\\\/magazine365\\\/la-asociacion-casco-viejo-de-santander-participa-hoy-en-la-comision-de-seguimiento-de-turismo-de-compras\\\/#organizationLogo\"},\"image\":{\"@id\":\"https:\\\/\\\/eldigitaldeasturias.com\\\/magazine365\\\/la-asociacion-casco-viejo-de-santander-participa-hoy-en-la-comision-de-seguimiento-de-turismo-de-compras\\\/#organizationLogo\"}},{\"@type\":\"Person\",\"@id\":\"https:\\\/\\\/eldigitaldeasturias.com\\\/magazine365\\\/author\\\/admin\\\/#author\",\"url\":\"https:\\\/\\\/eldigitaldeasturias.com\\\/magazine365\\\/author\\\/admin\\\/\",\"name\":\"admin\",\"image\":{\"@type\":\"ImageObject\",\"@id\":\"https:\\\/\\\/eldigitaldeasturias.com\\\/magazine365\\\/la-asociacion-casco-viejo-de-santander-participa-hoy-en-la-comision-de-seguimiento-de-turismo-de-compras\\\/#authorImage\",\"url\":\"https:\\\/\\\/eldigitaldeasturias.com\\\/magazine365\\\/wp-content\\\/litespeed\\\/avatar\\\/e571bcf59a0edd6fa6838245a470f2fe.jpg?ver=1777574230\",\"width\":96,\"height\":96,\"caption\":\"admin\"}},{\"@type\":\"WebPage\",\"@id\":\"https:\\\/\\\/eldigitaldeasturias.com\\\/magazine365\\\/la-asociacion-casco-viejo-de-santander-participa-hoy-en-la-comision-de-seguimiento-de-turismo-de-compras\\\/#webpage\",\"url\":\"https:\\\/\\\/eldigitaldeasturias.com\\\/magazine365\\\/la-asociacion-casco-viejo-de-santander-participa-hoy-en-la-comision-de-seguimiento-de-turismo-de-compras\\\/\",\"name\":\"La Asociaci\\u00f3n Casco Viejo de Santander participa hoy en la Comisi\\u00f3n de Seguimiento de Turismo de Compras | El Digital de Asturias\",\"description\":\"La Asociaci\\u00f3n de Comerciantes del Casco Viejo de Santander participar\\u00e1 este mi\\u00e9rcoles, por primera vez, en la Comisi\\u00f3n de Seguimiento de Turismo de Compras del Gobierno de Espa\\u00f1a, \\u00f3rgano en el que defender\\u00e1 la \\\"necesidad\\\" de crear un plan estrat\\u00e9gico especial para fomentar ese tipo de turismo en los cascos hist\\u00f3ricos del pa\\u00eds. Dicha Comisi\\u00f3n,\",\"inLanguage\":\"es-ES\",\"isPartOf\":{\"@id\":\"https:\\\/\\\/eldigitaldeasturias.com\\\/magazine365\\\/#website\"},\"breadcrumb\":{\"@id\":\"https:\\\/\\\/eldigitaldeasturias.com\\\/magazine365\\\/la-asociacion-casco-viejo-de-santander-participa-hoy-en-la-comision-de-seguimiento-de-turismo-de-compras\\\/#breadcrumblist\"},\"author\":{\"@id\":\"https:\\\/\\\/eldigitaldeasturias.com\\\/magazine365\\\/author\\\/admin\\\/#author\"},\"creator\":{\"@id\":\"https:\\\/\\\/eldigitaldeasturias.com\\\/magazine365\\\/author\\\/admin\\\/#author\"},\"image\":{\"@type\":\"ImageObject\",\"url\":\"https:\\\/\\\/eldigitaldeasturias.com\\\/magazine365\\\/wp-content\\\/uploads\\\/2015\\\/06\\\/fotonoticia_20150624100220_800.jpg\",\"@id\":\"https:\\\/\\\/eldigitaldeasturias.com\\\/magazine365\\\/la-asociacion-casco-viejo-de-santander-participa-hoy-en-la-comision-de-seguimiento-de-turismo-de-compras\\\/#mainImage\",\"width\":800,\"height\":379},\"primaryImageOfPage\":{\"@id\":\"https:\\\/\\\/eldigitaldeasturias.com\\\/magazine365\\\/la-asociacion-casco-viejo-de-santander-participa-hoy-en-la-comision-de-seguimiento-de-turismo-de-compras\\\/#mainImage\"},\"datePublished\":\"2015-06-24T16:10:47+02:00\",\"dateModified\":\"2015-06-24T16:10:47+02:00\"},{\"@type\":\"WebSite\",\"@id\":\"https:\\\/\\\/eldigitaldeasturias.com\\\/magazine365\\\/#website\",\"url\":\"https:\\\/\\\/eldigitaldeasturias.com\\\/magazine365\\\/\",\"name\":\"El Digital de Asturias\",\"description\":\"Revista de ocio, turismo y estilo de vida\",\"inLanguage\":\"es-ES\",\"publisher\":{\"@id\":\"https:\\\/\\\/eldigitaldeasturias.com\\\/magazine365\\\/#organization\"}}]}\n\t\t<\/script>\n\t\t<!-- All in One SEO Pro -->\r\n\t\t<title>La Asociaci\u00f3n Casco Viejo de Santander participa hoy en la Comisi\u00f3n de Seguimiento de Turismo de Compras | El Digital de Asturias<\/title>\n\n","aioseo_head_json":{"title":"La Asociaci\u00f3n Casco Viejo de Santander participa hoy en la Comisi\u00f3n de Seguimiento de Turismo de Compras | El Digital de Asturias","description":"La Asociaci\u00f3n de Comerciantes del Casco Viejo de Santander participar\u00e1 este mi\u00e9rcoles, por primera vez, en la Comisi\u00f3n de Seguimiento de Turismo de Compras del Gobierno de Espa\u00f1a, \u00f3rgano en el que defender\u00e1 la \"necesidad\" de crear un plan estrat\u00e9gico especial para fomentar ese tipo de turismo en los cascos hist\u00f3ricos del pa\u00eds. Dicha Comisi\u00f3n,","canonical_url":"https:\/\/eldigitaldeasturias.com\/magazine365\/la-asociacion-casco-viejo-de-santander-participa-hoy-en-la-comision-de-seguimiento-de-turismo-de-compras\/","robots":"max-image-preview:large","keywords":"actualidad turismo","webmasterTools":{"google-site-verification":"UA-38556648-1","miscellaneous":""},"schema":{"@context":"https:\/\/schema.org","@graph":[{"@type":"Article","@id":"https:\/\/eldigitaldeasturias.com\/magazine365\/la-asociacion-casco-viejo-de-santander-participa-hoy-en-la-comision-de-seguimiento-de-turismo-de-compras\/#article","name":"La Asociaci\u00f3n Casco Viejo de Santander participa hoy en la Comisi\u00f3n de Seguimiento de Turismo de Compras | El Digital de Asturias","headline":"La Asociaci\u00f3n Casco Viejo de Santander participa hoy en la Comisi\u00f3n de Seguimiento de Turismo de Compras","author":{"@id":"https:\/\/eldigitaldeasturias.com\/magazine365\/author\/admin\/#author"},"publisher":{"@id":"https:\/\/eldigitaldeasturias.com\/magazine365\/#organization"},"image":{"@type":"ImageObject","url":"https:\/\/eldigitaldeasturias.com\/magazine365\/wp-content\/uploads\/2015\/06\/fotonoticia_20150624100220_800.jpg","width":800,"height":379},"datePublished":"2015-06-24T16:10:47+02:00","dateModified":"2015-06-24T16:10:47+02:00","inLanguage":"es-ES","mainEntityOfPage":{"@id":"https:\/\/eldigitaldeasturias.com\/magazine365\/la-asociacion-casco-viejo-de-santander-participa-hoy-en-la-comision-de-seguimiento-de-turismo-de-compras\/#webpage"},"isPartOf":{"@id":"https:\/\/eldigitaldeasturias.com\/magazine365\/la-asociacion-casco-viejo-de-santander-participa-hoy-en-la-comision-de-seguimiento-de-turismo-de-compras\/#webpage"},"articleSection":"Actualidad Turismo"},{"@type":"BreadcrumbList","@id":"https:\/\/eldigitaldeasturias.com\/magazine365\/la-asociacion-casco-viejo-de-santander-participa-hoy-en-la-comision-de-seguimiento-de-turismo-de-compras\/#breadcrumblist","itemListElement":[{"@type":"ListItem","@id":"https:\/\/eldigitaldeasturias.com\/magazine365#listItem","position":1,"name":"Home","item":"https:\/\/eldigitaldeasturias.com\/magazine365","nextItem":{"@type":"ListItem","@id":"https:\/\/eldigitaldeasturias.com\/magazine365\/category\/actualidad-turismo\/#listItem","name":"Actualidad Turismo"}},{"@type":"ListItem","@id":"https:\/\/eldigitaldeasturias.com\/magazine365\/category\/actualidad-turismo\/#listItem","position":2,"name":"Actualidad Turismo","item":"https:\/\/eldigitaldeasturias.com\/magazine365\/category\/actualidad-turismo\/","nextItem":{"@type":"ListItem","@id":"https:\/\/eldigitaldeasturias.com\/magazine365\/la-asociacion-casco-viejo-de-santander-participa-hoy-en-la-comision-de-seguimiento-de-turismo-de-compras\/#listItem","name":"La Asociaci\u00f3n Casco Viejo de Santander participa hoy en la Comisi\u00f3n de Seguimiento de Turismo de Compras"},"previousItem":{"@type":"ListItem","@id":"https:\/\/eldigitaldeasturias.com\/magazine365#listItem","name":"Home"}},{"@type":"ListItem","@id":"https:\/\/eldigitaldeasturias.com\/magazine365\/la-asociacion-casco-viejo-de-santander-participa-hoy-en-la-comision-de-seguimiento-de-turismo-de-compras\/#listItem","position":3,"name":"La Asociaci\u00f3n Casco Viejo de Santander participa hoy en la Comisi\u00f3n de Seguimiento de Turismo de Compras","previousItem":{"@type":"ListItem","@id":"https:\/\/eldigitaldeasturias.com\/magazine365\/category\/actualidad-turismo\/#listItem","name":"Actualidad Turismo"}}]},{"@type":"Organization","@id":"https:\/\/eldigitaldeasturias.com\/magazine365\/#organization","name":"El digital de Asturias","description":"Revista de ocio, turismo y estilo de vida","url":"https:\/\/eldigitaldeasturias.com\/magazine365\/","logo":{"@type":"ImageObject","url":"https:\/\/www.eldigitaldeasturias.com\/noticias\/wp-content\/uploads\/2020\/12\/EDA.jpg","@id":"https:\/\/eldigitaldeasturias.com\/magazine365\/la-asociacion-casco-viejo-de-santander-participa-hoy-en-la-comision-de-seguimiento-de-turismo-de-compras\/#organizationLogo"},"image":{"@id":"https:\/\/eldigitaldeasturias.com\/magazine365\/la-asociacion-casco-viejo-de-santander-participa-hoy-en-la-comision-de-seguimiento-de-turismo-de-compras\/#organizationLogo"}},{"@type":"Person","@id":"https:\/\/eldigitaldeasturias.com\/magazine365\/author\/admin\/#author","url":"https:\/\/eldigitaldeasturias.com\/magazine365\/author\/admin\/","name":"admin","image":{"@type":"ImageObject","@id":"https:\/\/eldigitaldeasturias.com\/magazine365\/la-asociacion-casco-viejo-de-santander-participa-hoy-en-la-comision-de-seguimiento-de-turismo-de-compras\/#authorImage","url":"https:\/\/eldigitaldeasturias.com\/magazine365\/wp-content\/litespeed\/avatar\/e571bcf59a0edd6fa6838245a470f2fe.jpg?ver=1777574230","width":96,"height":96,"caption":"admin"}},{"@type":"WebPage","@id":"https:\/\/eldigitaldeasturias.com\/magazine365\/la-asociacion-casco-viejo-de-santander-participa-hoy-en-la-comision-de-seguimiento-de-turismo-de-compras\/#webpage","url":"https:\/\/eldigitaldeasturias.com\/magazine365\/la-asociacion-casco-viejo-de-santander-participa-hoy-en-la-comision-de-seguimiento-de-turismo-de-compras\/","name":"La Asociaci\u00f3n Casco Viejo de Santander participa hoy en la Comisi\u00f3n de Seguimiento de Turismo de Compras | El Digital de Asturias","description":"La Asociaci\u00f3n de Comerciantes del Casco Viejo de Santander participar\u00e1 este mi\u00e9rcoles, por primera vez, en la Comisi\u00f3n de Seguimiento de Turismo de Compras del Gobierno de Espa\u00f1a, \u00f3rgano en el que defender\u00e1 la \"necesidad\" de crear un plan estrat\u00e9gico especial para fomentar ese tipo de turismo en los cascos hist\u00f3ricos del pa\u00eds. Dicha Comisi\u00f3n,","inLanguage":"es-ES","isPartOf":{"@id":"https:\/\/eldigitaldeasturias.com\/magazine365\/#website"},"breadcrumb":{"@id":"https:\/\/eldigitaldeasturias.com\/magazine365\/la-asociacion-casco-viejo-de-santander-participa-hoy-en-la-comision-de-seguimiento-de-turismo-de-compras\/#breadcrumblist"},"author":{"@id":"https:\/\/eldigitaldeasturias.com\/magazine365\/author\/admin\/#author"},"creator":{"@id":"https:\/\/eldigitaldeasturias.com\/magazine365\/author\/admin\/#author"},"image":{"@type":"ImageObject","url":"https:\/\/eldigitaldeasturias.com\/magazine365\/wp-content\/uploads\/2015\/06\/fotonoticia_20150624100220_800.jpg","@id":"https:\/\/eldigitaldeasturias.com\/magazine365\/la-asociacion-casco-viejo-de-santander-participa-hoy-en-la-comision-de-seguimiento-de-turismo-de-compras\/#mainImage","width":800,"height":379},"primaryImageOfPage":{"@id":"https:\/\/eldigitaldeasturias.com\/magazine365\/la-asociacion-casco-viejo-de-santander-participa-hoy-en-la-comision-de-seguimiento-de-turismo-de-compras\/#mainImage"},"datePublished":"2015-06-24T16:10:47+02:00","dateModified":"2015-06-24T16:10:47+02:00"},{"@type":"WebSite","@id":"https:\/\/eldigitaldeasturias.com\/magazine365\/#website","url":"https:\/\/eldigitaldeasturias.com\/magazine365\/","name":"El Digital de Asturias","description":"Revista de ocio, turismo y estilo de vida","inLanguage":"es-ES","publisher":{"@id":"https:\/\/eldigitaldeasturias.com\/magazine365\/#organization"}}]},"og:locale":"es_ES","og:site_name":"El Digital de Asturias \u2013 Revista de ocio, turismo y estilo de vida","og:type":"article","og:title":"La Asociaci\u00f3n Casco Viejo de Santander participa hoy en la Comisi\u00f3n de Seguimiento de Turismo de Compras | El Digital de Asturias","og:description":"La Asociaci\u00f3n de Comerciantes del Casco Viejo de Santander participar\u00e1 este mi\u00e9rcoles, por primera vez, en la Comisi\u00f3n de Seguimiento de Turismo de Compras del Gobierno de Espa\u00f1a, \u00f3rgano en el que defender\u00e1 la &quot;necesidad&quot; de crear un plan estrat\u00e9gico especial para fomentar ese tipo de turismo en los cascos hist\u00f3ricos del pa\u00eds. Dicha Comisi\u00f3n,","og:url":"https:\/\/eldigitaldeasturias.com\/magazine365\/la-asociacion-casco-viejo-de-santander-participa-hoy-en-la-comision-de-seguimiento-de-turismo-de-compras\/","og:image":"https:\/\/eldigitaldeasturias.com\/magazine365\/wp-content\/uploads\/2015\/06\/fotonoticia_20150624100220_800.jpg","og:image:secure_url":"https:\/\/eldigitaldeasturias.com\/magazine365\/wp-content\/uploads\/2015\/06\/fotonoticia_20150624100220_800.jpg","og:image:width":800,"og:image:height":379,"article:published_time":"2015-06-24T14:40:47+00:00","article:modified_time":"2015-06-24T14:40:47+00:00","twitter:card":"summary_large_image","twitter:title":"La Asociaci\u00f3n Casco Viejo de Santander participa hoy en la Comisi\u00f3n de Seguimiento de Turismo de Compras | El Digital de Asturias","twitter:description":"La Asociaci\u00f3n de Comerciantes del Casco Viejo de Santander participar\u00e1 este mi\u00e9rcoles, por primera vez, en la Comisi\u00f3n de Seguimiento de Turismo de Compras del Gobierno de Espa\u00f1a, \u00f3rgano en el que defender\u00e1 la &quot;necesidad&quot; de crear un plan estrat\u00e9gico especial para fomentar ese tipo de turismo en los cascos hist\u00f3ricos del pa\u00eds. Dicha Comisi\u00f3n,","twitter:image":"https:\/\/eldigitaldeasturias.com\/magazine365\/wp-content\/uploads\/2015\/06\/fotonoticia_20150624100220_800.jpg"},"aioseo_meta_data":{"post_id":"40829","title":null,"description":null,"keywords":null,"keyphrases":null,"primary_term":null,"canonical_url":null,"og_title":null,"og_description":null,"og_object_type":"default","og_image_type":"default","og_image_url":null,"og_image_width":null,"og_image_height":null,"og_image_custom_url":null,"og_image_custom_fields":null,"og_video":null,"og_custom_url":null,"og_article_section":null,"og_article_tags":null,"twitter_use_og":false,"twitter_card":"default","twitter_image_type":"default","twitter_image_url":null,"twitter_image_custom_url":null,"twitter_image_custom_fields":null,"twitter_title":null,"twitter_description":null,"schema":{"blockGraphs":[],"customGraphs":[],"default":{"data":{"Article":[],"Course":[],"Dataset":[],"FAQPage":[],"Movie":[],"Person":[],"Product":[],"ProductReview":[],"Car":[],"Recipe":[],"Service":[],"SoftwareApplication":[],"WebPage":[]},"graphName":"","isEnabled":true},"graphs":[],"defaultGraph":"","defaultPostTypeGraph":""},"schema_type":null,"schema_type_options":null,"pillar_content":false,"robots_default":true,"robots_noindex":false,"robots_noarchive":false,"robots_nosnippet":false,"robots_nofollow":false,"robots_noimageindex":false,"robots_noodp":false,"robots_notranslate":false,"robots_max_snippet":null,"robots_max_videopreview":null,"robots_max_imagepreview":"large","priority":null,"frequency":null,"location":null,"local_seo":null,"seo_analyzer_scan_date":"2025-09-19 14:24:01","breadcrumb_settings":null,"limit_modified_date":false,"open_ai":null,"ai":null,"created":"2021-03-09 02:23:45","updated":"2025-09-19 14:24:01"},"aioseo_breadcrumb":"<div class=\"aioseo-breadcrumbs\"><span class=\"aioseo-breadcrumb\">\n\t<a href=\"https:\/\/eldigitaldeasturias.com\/magazine365\" title=\"Home\">Home<\/a>\n<\/span><span class=\"aioseo-breadcrumb-separator\">\u2013<\/span><span class=\"aioseo-breadcrumb\">\n\t<a href=\"https:\/\/eldigitaldeasturias.com\/magazine365\/category\/actualidad-turismo\/\" title=\"Actualidad Turismo\">Actualidad Turismo<\/a>\n<\/span><span class=\"aioseo-breadcrumb-separator\">\u2013<\/span><span class=\"aioseo-breadcrumb\">\n\t<a href=\"https:\/\/eldigitaldeasturias.com\/magazine365\/la-asociacion-casco-viejo-de-santander-participa-hoy-en-la-comision-de-seguimiento-de-turismo-de-compras\/\" title=\"La Asociaci\u00f3n Casco Viejo de Santander participa hoy en la Comisi\u00f3n de Seguimiento de Turismo de Compras\">La Asociaci\u00f3n Casco Viejo de Santander participa hoy en la Comisi\u00f3n de Seguimiento de Turismo de Compras<\/a>\n<\/span><\/div>","aioseo_breadcrumb_json":[{"label":"Home","link":"https:\/\/eldigitaldeasturias.com\/magazine365"},{"label":"Actualidad Turismo","link":"https:\/\/eldigitaldeasturias.com\/magazine365\/category\/actualidad-turismo\/"},{"label":"La Asociaci\u00f3n Casco Viejo de Santander participa hoy en la Comisi\u00f3n de Seguimiento de Turismo de Compras","link":"https:\/\/eldigitaldeasturias.com\/magazine365\/la-asociacion-casco-viejo-de-santander-participa-hoy-en-la-comision-de-seguimiento-de-turismo-de-compras\/"}],"_links":{"self":[{"href":"https:\/\/eldigitaldeasturias.com\/magazine365\/wp-json\/wp\/v2\/posts\/40829","targetHints":{"allow":["GET"]}}],"collection":[{"href":"https:\/\/eldigitaldeasturias.com\/magazine365\/wp-json\/wp\/v2\/posts"}],"about":[{"href":"https:\/\/eldigitaldeasturias.com\/magazine365\/wp-json\/wp\/v2\/types\/post"}],"author":[{"embeddable":true,"href":"https:\/\/eldigitaldeasturias.com\/magazine365\/wp-json\/wp\/v2\/users\/1"}],"replies":[{"embeddable":true,"href":"https:\/\/eldigitaldeasturias.com\/magazine365\/wp-json\/wp\/v2\/comments?post=40829"}],"version-history":[{"count":0,"href":"https:\/\/eldigitaldeasturias.com\/magazine365\/wp-json\/wp\/v2\/posts\/40829\/revisions"}],"wp:featuredmedia":[{"embeddable":true,"href":"https:\/\/eldigitaldeasturias.com\/magazine365\/wp-json\/wp\/v2\/media\/40830"}],"wp:attachment":[{"href":"https:\/\/eldigitaldeasturias.com\/magazine365\/wp-json\/wp\/v2\/media?parent=40829"}],"wp:term":[{"taxonomy":"category","embeddable":true,"href":"https:\/\/eldigitaldeasturias.com\/magazine365\/wp-json\/wp\/v2\/categories?post=40829"},{"taxonomy":"post_tag","embeddable":true,"href":"https:\/\/eldigitaldeasturias.com\/magazine365\/wp-json\/wp\/v2\/tags?post=40829"}],"curies":[{"name":"wp","href":"https:\/\/api.w.org\/{rel}","templated":true}]}}