{"id":40817,"date":"2015-06-24T08:57:20","date_gmt":"2015-06-24T07:27:20","guid":{"rendered":"http:\/\/eldigitaldeasturias.com\/magazine365\/?p=40817"},"modified":"2015-06-24T08:57:20","modified_gmt":"2015-06-24T07:27:20","slug":"aena-preve-reducir-su-deuda-hasta-unos-8-000-millones-a-cierre-de-2015","status":"publish","type":"post","link":"https:\/\/eldigitaldeasturias.com\/magazine365\/aena-preve-reducir-su-deuda-hasta-unos-8-000-millones-a-cierre-de-2015\/","title":{"rendered":"Aena prev\u00e9 reducir su deuda hasta unos 8.000 millones a cierre de 2015"},"content":{"rendered":"<p><img fetchpriority=\"high\" decoding=\"async\" class=\"alignleft size-medium wp-image-40818\" src=\"https:\/\/eldigitaldeasturias.com\/magazine365\/wp-content\/uploads\/2015\/06\/fotonoticia_20150623200452_800-200x300.jpg\" alt=\"fotonoticia_20150623200452_800\" width=\"200\" height=\"300\" srcset=\"https:\/\/eldigitaldeasturias.com\/magazine365\/wp-content\/uploads\/2015\/06\/fotonoticia_20150623200452_800-200x300.jpg 200w, https:\/\/eldigitaldeasturias.com\/magazine365\/wp-content\/uploads\/2015\/06\/fotonoticia_20150623200452_800-427x640.jpg 427w, https:\/\/eldigitaldeasturias.com\/magazine365\/wp-content\/uploads\/2015\/06\/fotonoticia_20150623200452_800-768x1152.jpg 768w, https:\/\/eldigitaldeasturias.com\/magazine365\/wp-content\/uploads\/2015\/06\/fotonoticia_20150623200452_800-150x225.jpg 150w, https:\/\/eldigitaldeasturias.com\/magazine365\/wp-content\/uploads\/2015\/06\/fotonoticia_20150623200452_800-450x675.jpg 450w, https:\/\/eldigitaldeasturias.com\/magazine365\/wp-content\/uploads\/2015\/06\/fotonoticia_20150623200452_800-696x1044.jpg 696w, https:\/\/eldigitaldeasturias.com\/magazine365\/wp-content\/uploads\/2015\/06\/fotonoticia_20150623200452_800-280x420.jpg 280w, https:\/\/eldigitaldeasturias.com\/magazine365\/wp-content\/uploads\/2015\/06\/fotonoticia_20150623200452_800.jpg 800w\" sizes=\"(max-width: 200px) 100vw, 200px\" \/>Aena prev\u00e9 cerrar el ejercicio 2015 con una deuda de algo m\u00e1s de 8.000 millones de euros, frente a la de 12.210 millones que soportaba al inicio de la presente Legislatura, seg\u00fan avanz\u00f3 la ministra de Fomento, Ana Pastor.<\/p>\n<p>La reducci\u00f3n del pasivo de Aena constituye el grueso del recorte de deuda de 4.700 millones de euros que, seg\u00fan la titular de Fomento, el conjunto del Ministerio y sus sociedades y entes p\u00fablicos dependientes ha logrado desde 2011.<\/p>\n<p>\u00abLo que he hecho desde que llegu\u00e9 al Ministerio es hacer frente al desastre que dej\u00f3 el anterior Gobierno socialista\u00bb, asever\u00f3 Pastor en el pleno de control al Gobierno del Senado.<\/p>\n<p>Seg\u00fan record\u00f3, al llegar al Ministerio encontr\u00f3 \u00ab5.500 millones de euros en facturas sin pagar y m\u00e1s de 42.000 millones de euros de deuda\u00bb. \u00abY me he dedicado a pagarlo\u00bb, a\u00f1adi\u00f3.<\/p>\n<p>Seg\u00fan Pastor, la \u00abp\u00e9sima\u00bb gesti\u00f3n de sus antecesores en el cargo provoc\u00f3 que el pasivo de Fomento y sus empresas pasara de sumar 13.500 millones al cierre del ejercicio 2004 a suponer 42.245 millones en 2011.<\/p>\n<p>As\u00ed, indic\u00f3 que en el caso de Adif sumaba una deuda de 9.300 millones, frente a la de 800 millones que soportaba en 2004, y que Aena la duplic\u00f3, al pasar del pasivo de 5.000 millones que ten\u00eda en 2004 al de 12.600 millones que contabilizaba en 2011.<\/p>\n<p>Respecto a Renfe, seg\u00fan Pastor, cuando su equipo lleg\u00f3 a Fomento sumaba una deuda de 5.300 millones, frente a la de 2.300 millones de 2004.<\/p>\n<p>En su intervenci\u00f3n en la C\u00e1mara Alta, la ministra tambi\u00e9n subray\u00f3 que su gesti\u00f3n ha permitido que Fomento y las empresas del Ministerio superaran los &#8216;n\u00fameros rojos&#8217; de 670 millones de euros que presentaban en 2011, y actualmente generen beneficios de 170 millones y un Ebitda de unos 800 millones.<\/p>\n","protected":false},"excerpt":{"rendered":"<p>Aena prev\u00e9 cerrar el ejercicio 2015 con una deuda de algo m\u00e1s de 8.000 millones de euros, frente a la de 12.210 millones que soportaba al inicio de la presente Legislatura, seg\u00fan avanz\u00f3 la ministra de Fomento, Ana Pastor. La reducci\u00f3n del pasivo de Aena constituye el grueso del recorte de deuda de 4.700 millones<\/p>\n","protected":false},"author":1,"featured_media":40818,"comment_status":"open","ping_status":"closed","sticky":false,"template":"","format":"standard","meta":{"footnotes":""},"categories":[224],"tags":[],"class_list":{"0":"post-40817","1":"post","2":"type-post","3":"status-publish","4":"format-standard","5":"has-post-thumbnail","7":"category-noticias-actualidad"},"aioseo_notices":[],"aioseo_head":"\n\t\t<!-- All in One SEO Pro 4.9.6.1 - aioseo.com -->\n\t<meta name=\"description\" content=\"Aena prev\u00e9 cerrar el ejercicio 2015 con una deuda de algo m\u00e1s de 8.000 millones de euros, frente a la de 12.210 millones que soportaba al inicio de la presente Legislatura, seg\u00fan avanz\u00f3 la ministra de Fomento, Ana Pastor. La reducci\u00f3n del pasivo de Aena constituye el grueso del recorte de deuda de 4.700 millones\" \/>\n\t<meta name=\"robots\" content=\"max-image-preview:large\" \/>\n\t<meta name=\"author\" content=\"admin\"\/>\n\t<meta name=\"google-site-verification\" content=\"UA-38556648-1\" \/>\n\t<meta name=\"keywords\" content=\"noticias y actualidad\" \/>\n\t<link rel=\"canonical\" href=\"https:\/\/eldigitaldeasturias.com\/magazine365\/aena-preve-reducir-su-deuda-hasta-unos-8-000-millones-a-cierre-de-2015\/\" \/>\n\t<meta name=\"generator\" content=\"All in One SEO Pro (AIOSEO) 4.9.6.1\" \/>\n\t\t<meta property=\"og:locale\" content=\"es_ES\" \/>\n\t\t<meta property=\"og:site_name\" content=\"El Digital de Asturias \u2013 Revista de ocio, turismo y estilo de vida\" \/>\n\t\t<meta property=\"og:type\" content=\"article\" \/>\n\t\t<meta property=\"og:title\" content=\"Aena prev\u00e9 reducir su deuda hasta unos 8.000 millones a cierre de 2015 | El Digital de Asturias\" \/>\n\t\t<meta property=\"og:description\" content=\"Aena prev\u00e9 cerrar el ejercicio 2015 con una deuda de algo m\u00e1s de 8.000 millones de euros, frente a la de 12.210 millones que soportaba al inicio de la presente Legislatura, seg\u00fan avanz\u00f3 la ministra de Fomento, Ana Pastor. La reducci\u00f3n del pasivo de Aena constituye el grueso del recorte de deuda de 4.700 millones\" \/>\n\t\t<meta property=\"og:url\" content=\"https:\/\/eldigitaldeasturias.com\/magazine365\/aena-preve-reducir-su-deuda-hasta-unos-8-000-millones-a-cierre-de-2015\/\" \/>\n\t\t<meta property=\"og:image\" content=\"https:\/\/eldigitaldeasturias.com\/magazine365\/wp-content\/uploads\/2015\/06\/fotonoticia_20150623200452_800.jpg\" \/>\n\t\t<meta property=\"og:image:secure_url\" content=\"https:\/\/eldigitaldeasturias.com\/magazine365\/wp-content\/uploads\/2015\/06\/fotonoticia_20150623200452_800.jpg\" \/>\n\t\t<meta property=\"og:image:width\" content=\"800\" \/>\n\t\t<meta property=\"og:image:height\" content=\"1200\" \/>\n\t\t<meta property=\"article:published_time\" content=\"2015-06-24T07:27:20+00:00\" \/>\n\t\t<meta property=\"article:modified_time\" content=\"2015-06-24T07:27:20+00:00\" \/>\n\t\t<meta name=\"twitter:card\" content=\"summary_large_image\" \/>\n\t\t<meta name=\"twitter:title\" content=\"Aena prev\u00e9 reducir su deuda hasta unos 8.000 millones a cierre de 2015 | El Digital de Asturias\" \/>\n\t\t<meta name=\"twitter:description\" content=\"Aena prev\u00e9 cerrar el ejercicio 2015 con una deuda de algo m\u00e1s de 8.000 millones de euros, frente a la de 12.210 millones que soportaba al inicio de la presente Legislatura, seg\u00fan avanz\u00f3 la ministra de Fomento, Ana Pastor. La reducci\u00f3n del pasivo de Aena constituye el grueso del recorte de deuda de 4.700 millones\" \/>\n\t\t<meta name=\"twitter:image\" content=\"https:\/\/eldigitaldeasturias.com\/magazine365\/wp-content\/uploads\/2015\/06\/fotonoticia_20150623200452_800.jpg\" \/>\n\t\t<script type=\"application\/ld+json\" class=\"aioseo-schema\">\n\t\t\t{\"@context\":\"https:\\\/\\\/schema.org\",\"@graph\":[{\"@type\":\"Article\",\"@id\":\"https:\\\/\\\/eldigitaldeasturias.com\\\/magazine365\\\/aena-preve-reducir-su-deuda-hasta-unos-8-000-millones-a-cierre-de-2015\\\/#article\",\"name\":\"Aena prev\\u00e9 reducir su deuda hasta unos 8.000 millones a cierre de 2015 | El Digital de Asturias\",\"headline\":\"Aena prev\\u00e9 reducir su deuda hasta unos 8.000 millones a cierre de 2015\",\"author\":{\"@id\":\"https:\\\/\\\/eldigitaldeasturias.com\\\/magazine365\\\/author\\\/admin\\\/#author\"},\"publisher\":{\"@id\":\"https:\\\/\\\/eldigitaldeasturias.com\\\/magazine365\\\/#organization\"},\"image\":{\"@type\":\"ImageObject\",\"url\":\"https:\\\/\\\/eldigitaldeasturias.com\\\/magazine365\\\/wp-content\\\/uploads\\\/2015\\\/06\\\/fotonoticia_20150623200452_800.jpg\",\"width\":800,\"height\":1200},\"datePublished\":\"2015-06-24T08:57:20+02:00\",\"dateModified\":\"2015-06-24T08:57:20+02:00\",\"inLanguage\":\"es-ES\",\"mainEntityOfPage\":{\"@id\":\"https:\\\/\\\/eldigitaldeasturias.com\\\/magazine365\\\/aena-preve-reducir-su-deuda-hasta-unos-8-000-millones-a-cierre-de-2015\\\/#webpage\"},\"isPartOf\":{\"@id\":\"https:\\\/\\\/eldigitaldeasturias.com\\\/magazine365\\\/aena-preve-reducir-su-deuda-hasta-unos-8-000-millones-a-cierre-de-2015\\\/#webpage\"},\"articleSection\":\"Noticias y Actualidad\"},{\"@type\":\"BreadcrumbList\",\"@id\":\"https:\\\/\\\/eldigitaldeasturias.com\\\/magazine365\\\/aena-preve-reducir-su-deuda-hasta-unos-8-000-millones-a-cierre-de-2015\\\/#breadcrumblist\",\"itemListElement\":[{\"@type\":\"ListItem\",\"@id\":\"https:\\\/\\\/eldigitaldeasturias.com\\\/magazine365#listItem\",\"position\":1,\"name\":\"Home\",\"item\":\"https:\\\/\\\/eldigitaldeasturias.com\\\/magazine365\",\"nextItem\":{\"@type\":\"ListItem\",\"@id\":\"https:\\\/\\\/eldigitaldeasturias.com\\\/magazine365\\\/category\\\/noticias-actualidad\\\/#listItem\",\"name\":\"Noticias y Actualidad\"}},{\"@type\":\"ListItem\",\"@id\":\"https:\\\/\\\/eldigitaldeasturias.com\\\/magazine365\\\/category\\\/noticias-actualidad\\\/#listItem\",\"position\":2,\"name\":\"Noticias y Actualidad\",\"item\":\"https:\\\/\\\/eldigitaldeasturias.com\\\/magazine365\\\/category\\\/noticias-actualidad\\\/\",\"nextItem\":{\"@type\":\"ListItem\",\"@id\":\"https:\\\/\\\/eldigitaldeasturias.com\\\/magazine365\\\/aena-preve-reducir-su-deuda-hasta-unos-8-000-millones-a-cierre-de-2015\\\/#listItem\",\"name\":\"Aena prev\\u00e9 reducir su deuda hasta unos 8.000 millones a cierre de 2015\"},\"previousItem\":{\"@type\":\"ListItem\",\"@id\":\"https:\\\/\\\/eldigitaldeasturias.com\\\/magazine365#listItem\",\"name\":\"Home\"}},{\"@type\":\"ListItem\",\"@id\":\"https:\\\/\\\/eldigitaldeasturias.com\\\/magazine365\\\/aena-preve-reducir-su-deuda-hasta-unos-8-000-millones-a-cierre-de-2015\\\/#listItem\",\"position\":3,\"name\":\"Aena prev\\u00e9 reducir su deuda hasta unos 8.000 millones a cierre de 2015\",\"previousItem\":{\"@type\":\"ListItem\",\"@id\":\"https:\\\/\\\/eldigitaldeasturias.com\\\/magazine365\\\/category\\\/noticias-actualidad\\\/#listItem\",\"name\":\"Noticias y Actualidad\"}}]},{\"@type\":\"Organization\",\"@id\":\"https:\\\/\\\/eldigitaldeasturias.com\\\/magazine365\\\/#organization\",\"name\":\"El digital de Asturias\",\"description\":\"Revista de ocio, turismo y estilo de vida\",\"url\":\"https:\\\/\\\/eldigitaldeasturias.com\\\/magazine365\\\/\",\"logo\":{\"@type\":\"ImageObject\",\"url\":\"https:\\\/\\\/www.eldigitaldeasturias.com\\\/noticias\\\/wp-content\\\/uploads\\\/2020\\\/12\\\/EDA.jpg\",\"@id\":\"https:\\\/\\\/eldigitaldeasturias.com\\\/magazine365\\\/aena-preve-reducir-su-deuda-hasta-unos-8-000-millones-a-cierre-de-2015\\\/#organizationLogo\"},\"image\":{\"@id\":\"https:\\\/\\\/eldigitaldeasturias.com\\\/magazine365\\\/aena-preve-reducir-su-deuda-hasta-unos-8-000-millones-a-cierre-de-2015\\\/#organizationLogo\"}},{\"@type\":\"Person\",\"@id\":\"https:\\\/\\\/eldigitaldeasturias.com\\\/magazine365\\\/author\\\/admin\\\/#author\",\"url\":\"https:\\\/\\\/eldigitaldeasturias.com\\\/magazine365\\\/author\\\/admin\\\/\",\"name\":\"admin\",\"image\":{\"@type\":\"ImageObject\",\"@id\":\"https:\\\/\\\/eldigitaldeasturias.com\\\/magazine365\\\/aena-preve-reducir-su-deuda-hasta-unos-8-000-millones-a-cierre-de-2015\\\/#authorImage\",\"url\":\"https:\\\/\\\/eldigitaldeasturias.com\\\/magazine365\\\/wp-content\\\/litespeed\\\/avatar\\\/e571bcf59a0edd6fa6838245a470f2fe.jpg?ver=1777574230\",\"width\":96,\"height\":96,\"caption\":\"admin\"}},{\"@type\":\"WebPage\",\"@id\":\"https:\\\/\\\/eldigitaldeasturias.com\\\/magazine365\\\/aena-preve-reducir-su-deuda-hasta-unos-8-000-millones-a-cierre-de-2015\\\/#webpage\",\"url\":\"https:\\\/\\\/eldigitaldeasturias.com\\\/magazine365\\\/aena-preve-reducir-su-deuda-hasta-unos-8-000-millones-a-cierre-de-2015\\\/\",\"name\":\"Aena prev\\u00e9 reducir su deuda hasta unos 8.000 millones a cierre de 2015 | El Digital de Asturias\",\"description\":\"Aena prev\\u00e9 cerrar el ejercicio 2015 con una deuda de algo m\\u00e1s de 8.000 millones de euros, frente a la de 12.210 millones que soportaba al inicio de la presente Legislatura, seg\\u00fan avanz\\u00f3 la ministra de Fomento, Ana Pastor. La reducci\\u00f3n del pasivo de Aena constituye el grueso del recorte de deuda de 4.700 millones\",\"inLanguage\":\"es-ES\",\"isPartOf\":{\"@id\":\"https:\\\/\\\/eldigitaldeasturias.com\\\/magazine365\\\/#website\"},\"breadcrumb\":{\"@id\":\"https:\\\/\\\/eldigitaldeasturias.com\\\/magazine365\\\/aena-preve-reducir-su-deuda-hasta-unos-8-000-millones-a-cierre-de-2015\\\/#breadcrumblist\"},\"author\":{\"@id\":\"https:\\\/\\\/eldigitaldeasturias.com\\\/magazine365\\\/author\\\/admin\\\/#author\"},\"creator\":{\"@id\":\"https:\\\/\\\/eldigitaldeasturias.com\\\/magazine365\\\/author\\\/admin\\\/#author\"},\"image\":{\"@type\":\"ImageObject\",\"url\":\"https:\\\/\\\/eldigitaldeasturias.com\\\/magazine365\\\/wp-content\\\/uploads\\\/2015\\\/06\\\/fotonoticia_20150623200452_800.jpg\",\"@id\":\"https:\\\/\\\/eldigitaldeasturias.com\\\/magazine365\\\/aena-preve-reducir-su-deuda-hasta-unos-8-000-millones-a-cierre-de-2015\\\/#mainImage\",\"width\":800,\"height\":1200},\"primaryImageOfPage\":{\"@id\":\"https:\\\/\\\/eldigitaldeasturias.com\\\/magazine365\\\/aena-preve-reducir-su-deuda-hasta-unos-8-000-millones-a-cierre-de-2015\\\/#mainImage\"},\"datePublished\":\"2015-06-24T08:57:20+02:00\",\"dateModified\":\"2015-06-24T08:57:20+02:00\"},{\"@type\":\"WebSite\",\"@id\":\"https:\\\/\\\/eldigitaldeasturias.com\\\/magazine365\\\/#website\",\"url\":\"https:\\\/\\\/eldigitaldeasturias.com\\\/magazine365\\\/\",\"name\":\"El Digital de Asturias\",\"description\":\"Revista de ocio, turismo y estilo de vida\",\"inLanguage\":\"es-ES\",\"publisher\":{\"@id\":\"https:\\\/\\\/eldigitaldeasturias.com\\\/magazine365\\\/#organization\"}}]}\n\t\t<\/script>\n\t\t<!-- All in One SEO Pro -->\r\n\t\t<title>Aena prev\u00e9 reducir su deuda hasta unos 8.000 millones a cierre de 2015 | El Digital de Asturias<\/title>\n\n","aioseo_head_json":{"title":"Aena prev\u00e9 reducir su deuda hasta unos 8.000 millones a cierre de 2015 | El Digital de Asturias","description":"Aena prev\u00e9 cerrar el ejercicio 2015 con una deuda de algo m\u00e1s de 8.000 millones de euros, frente a la de 12.210 millones que soportaba al inicio de la presente Legislatura, seg\u00fan avanz\u00f3 la ministra de Fomento, Ana Pastor. La reducci\u00f3n del pasivo de Aena constituye el grueso del recorte de deuda de 4.700 millones","canonical_url":"https:\/\/eldigitaldeasturias.com\/magazine365\/aena-preve-reducir-su-deuda-hasta-unos-8-000-millones-a-cierre-de-2015\/","robots":"max-image-preview:large","keywords":"noticias y actualidad","webmasterTools":{"google-site-verification":"UA-38556648-1","miscellaneous":""},"schema":{"@context":"https:\/\/schema.org","@graph":[{"@type":"Article","@id":"https:\/\/eldigitaldeasturias.com\/magazine365\/aena-preve-reducir-su-deuda-hasta-unos-8-000-millones-a-cierre-de-2015\/#article","name":"Aena prev\u00e9 reducir su deuda hasta unos 8.000 millones a cierre de 2015 | El Digital de Asturias","headline":"Aena prev\u00e9 reducir su deuda hasta unos 8.000 millones a cierre de 2015","author":{"@id":"https:\/\/eldigitaldeasturias.com\/magazine365\/author\/admin\/#author"},"publisher":{"@id":"https:\/\/eldigitaldeasturias.com\/magazine365\/#organization"},"image":{"@type":"ImageObject","url":"https:\/\/eldigitaldeasturias.com\/magazine365\/wp-content\/uploads\/2015\/06\/fotonoticia_20150623200452_800.jpg","width":800,"height":1200},"datePublished":"2015-06-24T08:57:20+02:00","dateModified":"2015-06-24T08:57:20+02:00","inLanguage":"es-ES","mainEntityOfPage":{"@id":"https:\/\/eldigitaldeasturias.com\/magazine365\/aena-preve-reducir-su-deuda-hasta-unos-8-000-millones-a-cierre-de-2015\/#webpage"},"isPartOf":{"@id":"https:\/\/eldigitaldeasturias.com\/magazine365\/aena-preve-reducir-su-deuda-hasta-unos-8-000-millones-a-cierre-de-2015\/#webpage"},"articleSection":"Noticias y Actualidad"},{"@type":"BreadcrumbList","@id":"https:\/\/eldigitaldeasturias.com\/magazine365\/aena-preve-reducir-su-deuda-hasta-unos-8-000-millones-a-cierre-de-2015\/#breadcrumblist","itemListElement":[{"@type":"ListItem","@id":"https:\/\/eldigitaldeasturias.com\/magazine365#listItem","position":1,"name":"Home","item":"https:\/\/eldigitaldeasturias.com\/magazine365","nextItem":{"@type":"ListItem","@id":"https:\/\/eldigitaldeasturias.com\/magazine365\/category\/noticias-actualidad\/#listItem","name":"Noticias y Actualidad"}},{"@type":"ListItem","@id":"https:\/\/eldigitaldeasturias.com\/magazine365\/category\/noticias-actualidad\/#listItem","position":2,"name":"Noticias y Actualidad","item":"https:\/\/eldigitaldeasturias.com\/magazine365\/category\/noticias-actualidad\/","nextItem":{"@type":"ListItem","@id":"https:\/\/eldigitaldeasturias.com\/magazine365\/aena-preve-reducir-su-deuda-hasta-unos-8-000-millones-a-cierre-de-2015\/#listItem","name":"Aena prev\u00e9 reducir su deuda hasta unos 8.000 millones a cierre de 2015"},"previousItem":{"@type":"ListItem","@id":"https:\/\/eldigitaldeasturias.com\/magazine365#listItem","name":"Home"}},{"@type":"ListItem","@id":"https:\/\/eldigitaldeasturias.com\/magazine365\/aena-preve-reducir-su-deuda-hasta-unos-8-000-millones-a-cierre-de-2015\/#listItem","position":3,"name":"Aena prev\u00e9 reducir su deuda hasta unos 8.000 millones a cierre de 2015","previousItem":{"@type":"ListItem","@id":"https:\/\/eldigitaldeasturias.com\/magazine365\/category\/noticias-actualidad\/#listItem","name":"Noticias y Actualidad"}}]},{"@type":"Organization","@id":"https:\/\/eldigitaldeasturias.com\/magazine365\/#organization","name":"El digital de Asturias","description":"Revista de ocio, turismo y estilo de vida","url":"https:\/\/eldigitaldeasturias.com\/magazine365\/","logo":{"@type":"ImageObject","url":"https:\/\/www.eldigitaldeasturias.com\/noticias\/wp-content\/uploads\/2020\/12\/EDA.jpg","@id":"https:\/\/eldigitaldeasturias.com\/magazine365\/aena-preve-reducir-su-deuda-hasta-unos-8-000-millones-a-cierre-de-2015\/#organizationLogo"},"image":{"@id":"https:\/\/eldigitaldeasturias.com\/magazine365\/aena-preve-reducir-su-deuda-hasta-unos-8-000-millones-a-cierre-de-2015\/#organizationLogo"}},{"@type":"Person","@id":"https:\/\/eldigitaldeasturias.com\/magazine365\/author\/admin\/#author","url":"https:\/\/eldigitaldeasturias.com\/magazine365\/author\/admin\/","name":"admin","image":{"@type":"ImageObject","@id":"https:\/\/eldigitaldeasturias.com\/magazine365\/aena-preve-reducir-su-deuda-hasta-unos-8-000-millones-a-cierre-de-2015\/#authorImage","url":"https:\/\/eldigitaldeasturias.com\/magazine365\/wp-content\/litespeed\/avatar\/e571bcf59a0edd6fa6838245a470f2fe.jpg?ver=1777574230","width":96,"height":96,"caption":"admin"}},{"@type":"WebPage","@id":"https:\/\/eldigitaldeasturias.com\/magazine365\/aena-preve-reducir-su-deuda-hasta-unos-8-000-millones-a-cierre-de-2015\/#webpage","url":"https:\/\/eldigitaldeasturias.com\/magazine365\/aena-preve-reducir-su-deuda-hasta-unos-8-000-millones-a-cierre-de-2015\/","name":"Aena prev\u00e9 reducir su deuda hasta unos 8.000 millones a cierre de 2015 | El Digital de Asturias","description":"Aena prev\u00e9 cerrar el ejercicio 2015 con una deuda de algo m\u00e1s de 8.000 millones de euros, frente a la de 12.210 millones que soportaba al inicio de la presente Legislatura, seg\u00fan avanz\u00f3 la ministra de Fomento, Ana Pastor. La reducci\u00f3n del pasivo de Aena constituye el grueso del recorte de deuda de 4.700 millones","inLanguage":"es-ES","isPartOf":{"@id":"https:\/\/eldigitaldeasturias.com\/magazine365\/#website"},"breadcrumb":{"@id":"https:\/\/eldigitaldeasturias.com\/magazine365\/aena-preve-reducir-su-deuda-hasta-unos-8-000-millones-a-cierre-de-2015\/#breadcrumblist"},"author":{"@id":"https:\/\/eldigitaldeasturias.com\/magazine365\/author\/admin\/#author"},"creator":{"@id":"https:\/\/eldigitaldeasturias.com\/magazine365\/author\/admin\/#author"},"image":{"@type":"ImageObject","url":"https:\/\/eldigitaldeasturias.com\/magazine365\/wp-content\/uploads\/2015\/06\/fotonoticia_20150623200452_800.jpg","@id":"https:\/\/eldigitaldeasturias.com\/magazine365\/aena-preve-reducir-su-deuda-hasta-unos-8-000-millones-a-cierre-de-2015\/#mainImage","width":800,"height":1200},"primaryImageOfPage":{"@id":"https:\/\/eldigitaldeasturias.com\/magazine365\/aena-preve-reducir-su-deuda-hasta-unos-8-000-millones-a-cierre-de-2015\/#mainImage"},"datePublished":"2015-06-24T08:57:20+02:00","dateModified":"2015-06-24T08:57:20+02:00"},{"@type":"WebSite","@id":"https:\/\/eldigitaldeasturias.com\/magazine365\/#website","url":"https:\/\/eldigitaldeasturias.com\/magazine365\/","name":"El Digital de Asturias","description":"Revista de ocio, turismo y estilo de vida","inLanguage":"es-ES","publisher":{"@id":"https:\/\/eldigitaldeasturias.com\/magazine365\/#organization"}}]},"og:locale":"es_ES","og:site_name":"El Digital de Asturias \u2013 Revista de ocio, turismo y estilo de vida","og:type":"article","og:title":"Aena prev\u00e9 reducir su deuda hasta unos 8.000 millones a cierre de 2015 | El Digital de Asturias","og:description":"Aena prev\u00e9 cerrar el ejercicio 2015 con una deuda de algo m\u00e1s de 8.000 millones de euros, frente a la de 12.210 millones que soportaba al inicio de la presente Legislatura, seg\u00fan avanz\u00f3 la ministra de Fomento, Ana Pastor. La reducci\u00f3n del pasivo de Aena constituye el grueso del recorte de deuda de 4.700 millones","og:url":"https:\/\/eldigitaldeasturias.com\/magazine365\/aena-preve-reducir-su-deuda-hasta-unos-8-000-millones-a-cierre-de-2015\/","og:image":"https:\/\/eldigitaldeasturias.com\/magazine365\/wp-content\/uploads\/2015\/06\/fotonoticia_20150623200452_800.jpg","og:image:secure_url":"https:\/\/eldigitaldeasturias.com\/magazine365\/wp-content\/uploads\/2015\/06\/fotonoticia_20150623200452_800.jpg","og:image:width":800,"og:image:height":1200,"article:published_time":"2015-06-24T07:27:20+00:00","article:modified_time":"2015-06-24T07:27:20+00:00","twitter:card":"summary_large_image","twitter:title":"Aena prev\u00e9 reducir su deuda hasta unos 8.000 millones a cierre de 2015 | El Digital de Asturias","twitter:description":"Aena prev\u00e9 cerrar el ejercicio 2015 con una deuda de algo m\u00e1s de 8.000 millones de euros, frente a la de 12.210 millones que soportaba al inicio de la presente Legislatura, seg\u00fan avanz\u00f3 la ministra de Fomento, Ana Pastor. La reducci\u00f3n del pasivo de Aena constituye el grueso del recorte de deuda de 4.700 millones","twitter:image":"https:\/\/eldigitaldeasturias.com\/magazine365\/wp-content\/uploads\/2015\/06\/fotonoticia_20150623200452_800.jpg"},"aioseo_meta_data":{"post_id":"40817","title":null,"description":null,"keywords":null,"keyphrases":null,"primary_term":null,"canonical_url":null,"og_title":null,"og_description":null,"og_object_type":"default","og_image_type":"default","og_image_url":null,"og_image_width":null,"og_image_height":null,"og_image_custom_url":null,"og_image_custom_fields":null,"og_video":null,"og_custom_url":null,"og_article_section":null,"og_article_tags":null,"twitter_use_og":false,"twitter_card":"default","twitter_image_type":"default","twitter_image_url":null,"twitter_image_custom_url":null,"twitter_image_custom_fields":null,"twitter_title":null,"twitter_description":null,"schema":{"blockGraphs":[],"customGraphs":[],"default":{"data":{"Article":[],"Course":[],"Dataset":[],"FAQPage":[],"Movie":[],"Person":[],"Product":[],"ProductReview":[],"Car":[],"Recipe":[],"Service":[],"SoftwareApplication":[],"WebPage":[]},"graphName":"","isEnabled":true},"graphs":[],"defaultGraph":"","defaultPostTypeGraph":""},"schema_type":null,"schema_type_options":null,"pillar_content":false,"robots_default":true,"robots_noindex":false,"robots_noarchive":false,"robots_nosnippet":false,"robots_nofollow":false,"robots_noimageindex":false,"robots_noodp":false,"robots_notranslate":false,"robots_max_snippet":null,"robots_max_videopreview":null,"robots_max_imagepreview":"large","priority":null,"frequency":null,"location":null,"local_seo":null,"seo_analyzer_scan_date":"2025-09-19 14:22:23","breadcrumb_settings":null,"limit_modified_date":false,"open_ai":null,"ai":null,"created":"2021-03-09 02:23:45","updated":"2025-09-19 14:22:23"},"aioseo_breadcrumb":"<div class=\"aioseo-breadcrumbs\"><span class=\"aioseo-breadcrumb\">\n\t<a href=\"https:\/\/eldigitaldeasturias.com\/magazine365\" title=\"Home\">Home<\/a>\n<\/span><span class=\"aioseo-breadcrumb-separator\">\u2013<\/span><span class=\"aioseo-breadcrumb\">\n\t<a href=\"https:\/\/eldigitaldeasturias.com\/magazine365\/category\/noticias-actualidad\/\" title=\"Noticias y Actualidad\">Noticias y Actualidad<\/a>\n<\/span><span class=\"aioseo-breadcrumb-separator\">\u2013<\/span><span class=\"aioseo-breadcrumb\">\n\t<a href=\"https:\/\/eldigitaldeasturias.com\/magazine365\/aena-preve-reducir-su-deuda-hasta-unos-8-000-millones-a-cierre-de-2015\/\" title=\"Aena prev\u00e9 reducir su deuda hasta unos 8.000 millones a cierre de 2015\">Aena prev\u00e9 reducir su deuda hasta unos 8.000 millones a cierre de 2015<\/a>\n<\/span><\/div>","aioseo_breadcrumb_json":[{"label":"Home","link":"https:\/\/eldigitaldeasturias.com\/magazine365"},{"label":"Noticias y Actualidad","link":"https:\/\/eldigitaldeasturias.com\/magazine365\/category\/noticias-actualidad\/"},{"label":"Aena prev\u00e9 reducir su deuda hasta unos 8.000 millones a cierre de 2015","link":"https:\/\/eldigitaldeasturias.com\/magazine365\/aena-preve-reducir-su-deuda-hasta-unos-8-000-millones-a-cierre-de-2015\/"}],"_links":{"self":[{"href":"https:\/\/eldigitaldeasturias.com\/magazine365\/wp-json\/wp\/v2\/posts\/40817","targetHints":{"allow":["GET"]}}],"collection":[{"href":"https:\/\/eldigitaldeasturias.com\/magazine365\/wp-json\/wp\/v2\/posts"}],"about":[{"href":"https:\/\/eldigitaldeasturias.com\/magazine365\/wp-json\/wp\/v2\/types\/post"}],"author":[{"embeddable":true,"href":"https:\/\/eldigitaldeasturias.com\/magazine365\/wp-json\/wp\/v2\/users\/1"}],"replies":[{"embeddable":true,"href":"https:\/\/eldigitaldeasturias.com\/magazine365\/wp-json\/wp\/v2\/comments?post=40817"}],"version-history":[{"count":0,"href":"https:\/\/eldigitaldeasturias.com\/magazine365\/wp-json\/wp\/v2\/posts\/40817\/revisions"}],"wp:featuredmedia":[{"embeddable":true,"href":"https:\/\/eldigitaldeasturias.com\/magazine365\/wp-json\/wp\/v2\/media\/40818"}],"wp:attachment":[{"href":"https:\/\/eldigitaldeasturias.com\/magazine365\/wp-json\/wp\/v2\/media?parent=40817"}],"wp:term":[{"taxonomy":"category","embeddable":true,"href":"https:\/\/eldigitaldeasturias.com\/magazine365\/wp-json\/wp\/v2\/categories?post=40817"},{"taxonomy":"post_tag","embeddable":true,"href":"https:\/\/eldigitaldeasturias.com\/magazine365\/wp-json\/wp\/v2\/tags?post=40817"}],"curies":[{"name":"wp","href":"https:\/\/api.w.org\/{rel}","templated":true}]}}