{"id":40808,"date":"2015-06-24T08:28:04","date_gmt":"2015-06-24T06:58:04","guid":{"rendered":"http:\/\/eldigitaldeasturias.com\/magazine365\/?p=40808"},"modified":"2015-06-24T08:28:04","modified_gmt":"2015-06-24T06:58:04","slug":"pastor-anuncia-que-el-aeropuerto-de-vitoria-ampliara-su-horario-en-la-modalidad-de-uso-restringido","status":"publish","type":"post","link":"https:\/\/eldigitaldeasturias.com\/magazine365\/pastor-anuncia-que-el-aeropuerto-de-vitoria-ampliara-su-horario-en-la-modalidad-de-uso-restringido\/","title":{"rendered":"Pastor anuncia que el aeropuerto de Vitoria ampliar\u00e1 su horario en la modalidad de uso restringido"},"content":{"rendered":"<p><img fetchpriority=\"high\" decoding=\"async\" class=\"alignleft size-medium wp-image-40809\" src=\"https:\/\/eldigitaldeasturias.com\/magazine365\/wp-content\/uploads\/2015\/06\/fotonoticia_20150623193531_800-360x240.jpg\" alt=\"fotonoticia_20150623193531_800\" width=\"360\" height=\"240\" srcset=\"https:\/\/eldigitaldeasturias.com\/magazine365\/wp-content\/uploads\/2015\/06\/fotonoticia_20150623193531_800-360x240.jpg 360w, https:\/\/eldigitaldeasturias.com\/magazine365\/wp-content\/uploads\/2015\/06\/fotonoticia_20150623193531_800-650x433.jpg 650w, https:\/\/eldigitaldeasturias.com\/magazine365\/wp-content\/uploads\/2015\/06\/fotonoticia_20150623193531_800-768x512.jpg 768w, https:\/\/eldigitaldeasturias.com\/magazine365\/wp-content\/uploads\/2015\/06\/fotonoticia_20150623193531_800-150x100.jpg 150w, https:\/\/eldigitaldeasturias.com\/magazine365\/wp-content\/uploads\/2015\/06\/fotonoticia_20150623193531_800-450x300.jpg 450w, https:\/\/eldigitaldeasturias.com\/magazine365\/wp-content\/uploads\/2015\/06\/fotonoticia_20150623193531_800-696x464.jpg 696w, https:\/\/eldigitaldeasturias.com\/magazine365\/wp-content\/uploads\/2015\/06\/fotonoticia_20150623193531_800-630x420.jpg 630w, https:\/\/eldigitaldeasturias.com\/magazine365\/wp-content\/uploads\/2015\/06\/fotonoticia_20150623193531_800-84x55.jpg 84w, https:\/\/eldigitaldeasturias.com\/magazine365\/wp-content\/uploads\/2015\/06\/fotonoticia_20150623193531_800.jpg 800w\" sizes=\"(max-width: 360px) 100vw, 360px\" \/>La ministra de Fomento, Ana Pastor, ha anunciado este martes que el aeropuerto de Vitoria-Gasteiz tiene previsto ampliar su horario en la modalidad de uso restringido de lunes a viernes de 08.30 a 16.00 horas, y ha asegurado que durante esta ampliaci\u00f3n se permitir\u00e1 atender tr\u00e1fico de aviaci\u00f3n general no comercial (escuelas de pilotos, aviaci\u00f3n privada y aeroclub).<\/p>\n<p>La titular de Fomento ha se\u00f1alado durante su intervenci\u00f3n en el pleno del Senado que el horario operativo del aeropuerto, que actualmente est\u00e1 fijado en 12 horas al d\u00eda en horario nocturno durante 5 d\u00edas a la semana, est\u00e1 adecuado a su actividad. \u00abEntendemos que es el m\u00e1s adecuado para satisfacer la demanda de tr\u00e1fico del aeropuerto\u00bb, ha dicho Pastor.<\/p>\n<p>En cualquier caso, ha indicado que cualquier compa\u00f1\u00eda que solicite con una antelaci\u00f3n m\u00ednima de cuatro horas operar un vuelo comercial en el aeropuerto de Vitoria fuera del horario operativo actual \u00abpuede hacerlo sin ninguna restricci\u00f3n\u00bb.<\/p>\n<p>La ministra tambi\u00e9n ha recordado que se contin\u00faa trabajando para promover el desarrollo de la conectividad a\u00e9rea de todos los aeropuertos y, en el caso del de Vitoria, el Ejecutivo est\u00e1 en contacto con el organismo VIA Vitoria para coordinar las iniciativas de contactos con compa\u00f1\u00edas a\u00e9reas, tanto de carga como de pasajeros.<\/p>\n<p>\u00abSIGUE SIN DESPEGAR\u00bb<\/p>\n<p>Por su parte, la senadora Mar\u00eda Eugenia Iparragirre, del PNV, ha asegurado que el aeropuerto de Vitoria es \u00abla mejor infraestructura\u00bb aeroportuaria de la Comunidad Aut\u00f3noma pero ha criticado la gesti\u00f3n que hace el Gobierno: \u00abEste aeropuerto sigue sin despegar\u00bb, ha dicho.<\/p>\n<p>Sin embargo, Pastor ha recordado a la senadora que el tr\u00e1fico aument\u00f3 un 19,1% en el a\u00f1o 2014 respecto al a\u00f1o anterior. En cuanto a pasajeros y n\u00famero de operaciones atendidas, en 2014 se registraron incrementos del 2,3% y del 9,2%, respectivamente, seg\u00fan la ministra, que ha destacado los primeros meses de 2015, ha continuado esta \u00abtendencia favorable\u00bb con un aumento del 24% y del 14%.<\/p>\n","protected":false},"excerpt":{"rendered":"<p>La ministra de Fomento, Ana Pastor, ha anunciado este martes que el aeropuerto de Vitoria-Gasteiz tiene previsto ampliar su horario en la modalidad de uso restringido de lunes a viernes de 08.30 a 16.00 horas, y ha asegurado que durante esta ampliaci\u00f3n se permitir\u00e1 atender tr\u00e1fico de aviaci\u00f3n general no comercial (escuelas de pilotos, aviaci\u00f3n<\/p>\n","protected":false},"author":1,"featured_media":40809,"comment_status":"open","ping_status":"closed","sticky":false,"template":"","format":"standard","meta":{"footnotes":""},"categories":[222],"tags":[],"class_list":{"0":"post-40808","1":"post","2":"type-post","3":"status-publish","4":"format-standard","5":"has-post-thumbnail","7":"category-actualidad-turismo"},"aioseo_notices":[],"aioseo_head":"\n\t\t<!-- All in One SEO Pro 4.9.6.1 - aioseo.com -->\n\t<meta name=\"description\" content=\"La ministra de Fomento, Ana Pastor, ha anunciado este martes que el aeropuerto de Vitoria-Gasteiz tiene previsto ampliar su horario en la modalidad de uso restringido de lunes a viernes de 08.30 a 16.00 horas, y ha asegurado que durante esta ampliaci\u00f3n se permitir\u00e1 atender tr\u00e1fico de aviaci\u00f3n general no comercial (escuelas de pilotos, aviaci\u00f3n\" \/>\n\t<meta name=\"robots\" content=\"max-image-preview:large\" \/>\n\t<meta name=\"author\" content=\"admin\"\/>\n\t<meta name=\"google-site-verification\" content=\"UA-38556648-1\" \/>\n\t<meta name=\"keywords\" content=\"actualidad turismo\" \/>\n\t<link rel=\"canonical\" href=\"https:\/\/eldigitaldeasturias.com\/magazine365\/pastor-anuncia-que-el-aeropuerto-de-vitoria-ampliara-su-horario-en-la-modalidad-de-uso-restringido\/\" \/>\n\t<meta name=\"generator\" content=\"All in One SEO Pro (AIOSEO) 4.9.6.1\" \/>\n\t\t<meta property=\"og:locale\" content=\"es_ES\" \/>\n\t\t<meta property=\"og:site_name\" content=\"El Digital de Asturias \u2013 Revista de ocio, turismo y estilo de vida\" \/>\n\t\t<meta property=\"og:type\" content=\"article\" \/>\n\t\t<meta property=\"og:title\" content=\"Pastor anuncia que el aeropuerto de Vitoria ampliar\u00e1 su horario en la modalidad de uso restringido | El Digital de Asturias\" \/>\n\t\t<meta property=\"og:description\" content=\"La ministra de Fomento, Ana Pastor, ha anunciado este martes que el aeropuerto de Vitoria-Gasteiz tiene previsto ampliar su horario en la modalidad de uso restringido de lunes a viernes de 08.30 a 16.00 horas, y ha asegurado que durante esta ampliaci\u00f3n se permitir\u00e1 atender tr\u00e1fico de aviaci\u00f3n general no comercial (escuelas de pilotos, aviaci\u00f3n\" \/>\n\t\t<meta property=\"og:url\" content=\"https:\/\/eldigitaldeasturias.com\/magazine365\/pastor-anuncia-que-el-aeropuerto-de-vitoria-ampliara-su-horario-en-la-modalidad-de-uso-restringido\/\" \/>\n\t\t<meta property=\"og:image\" content=\"https:\/\/eldigitaldeasturias.com\/magazine365\/wp-content\/uploads\/2015\/06\/fotonoticia_20150623193531_800.jpg\" \/>\n\t\t<meta property=\"og:image:secure_url\" content=\"https:\/\/eldigitaldeasturias.com\/magazine365\/wp-content\/uploads\/2015\/06\/fotonoticia_20150623193531_800.jpg\" \/>\n\t\t<meta property=\"og:image:width\" content=\"800\" \/>\n\t\t<meta property=\"og:image:height\" content=\"533\" \/>\n\t\t<meta property=\"article:published_time\" content=\"2015-06-24T06:58:04+00:00\" \/>\n\t\t<meta property=\"article:modified_time\" content=\"2015-06-24T06:58:04+00:00\" \/>\n\t\t<meta name=\"twitter:card\" content=\"summary_large_image\" \/>\n\t\t<meta name=\"twitter:title\" content=\"Pastor anuncia que el aeropuerto de Vitoria ampliar\u00e1 su horario en la modalidad de uso restringido | El Digital de Asturias\" \/>\n\t\t<meta name=\"twitter:description\" content=\"La ministra de Fomento, Ana Pastor, ha anunciado este martes que el aeropuerto de Vitoria-Gasteiz tiene previsto ampliar su horario en la modalidad de uso restringido de lunes a viernes de 08.30 a 16.00 horas, y ha asegurado que durante esta ampliaci\u00f3n se permitir\u00e1 atender tr\u00e1fico de aviaci\u00f3n general no comercial (escuelas de pilotos, aviaci\u00f3n\" \/>\n\t\t<meta name=\"twitter:image\" content=\"https:\/\/eldigitaldeasturias.com\/magazine365\/wp-content\/uploads\/2015\/06\/fotonoticia_20150623193531_800.jpg\" \/>\n\t\t<script type=\"application\/ld+json\" class=\"aioseo-schema\">\n\t\t\t{\"@context\":\"https:\\\/\\\/schema.org\",\"@graph\":[{\"@type\":\"Article\",\"@id\":\"https:\\\/\\\/eldigitaldeasturias.com\\\/magazine365\\\/pastor-anuncia-que-el-aeropuerto-de-vitoria-ampliara-su-horario-en-la-modalidad-de-uso-restringido\\\/#article\",\"name\":\"Pastor anuncia que el aeropuerto de Vitoria ampliar\\u00e1 su horario en la modalidad de uso restringido | El Digital de Asturias\",\"headline\":\"Pastor anuncia que el aeropuerto de Vitoria ampliar\\u00e1 su horario en la modalidad de uso restringido\",\"author\":{\"@id\":\"https:\\\/\\\/eldigitaldeasturias.com\\\/magazine365\\\/author\\\/admin\\\/#author\"},\"publisher\":{\"@id\":\"https:\\\/\\\/eldigitaldeasturias.com\\\/magazine365\\\/#organization\"},\"image\":{\"@type\":\"ImageObject\",\"url\":\"https:\\\/\\\/eldigitaldeasturias.com\\\/magazine365\\\/wp-content\\\/uploads\\\/2015\\\/06\\\/fotonoticia_20150623193531_800.jpg\",\"width\":800,\"height\":533},\"datePublished\":\"2015-06-24T08:28:04+02:00\",\"dateModified\":\"2015-06-24T08:28:04+02:00\",\"inLanguage\":\"es-ES\",\"mainEntityOfPage\":{\"@id\":\"https:\\\/\\\/eldigitaldeasturias.com\\\/magazine365\\\/pastor-anuncia-que-el-aeropuerto-de-vitoria-ampliara-su-horario-en-la-modalidad-de-uso-restringido\\\/#webpage\"},\"isPartOf\":{\"@id\":\"https:\\\/\\\/eldigitaldeasturias.com\\\/magazine365\\\/pastor-anuncia-que-el-aeropuerto-de-vitoria-ampliara-su-horario-en-la-modalidad-de-uso-restringido\\\/#webpage\"},\"articleSection\":\"Actualidad Turismo\"},{\"@type\":\"BreadcrumbList\",\"@id\":\"https:\\\/\\\/eldigitaldeasturias.com\\\/magazine365\\\/pastor-anuncia-que-el-aeropuerto-de-vitoria-ampliara-su-horario-en-la-modalidad-de-uso-restringido\\\/#breadcrumblist\",\"itemListElement\":[{\"@type\":\"ListItem\",\"@id\":\"https:\\\/\\\/eldigitaldeasturias.com\\\/magazine365#listItem\",\"position\":1,\"name\":\"Home\",\"item\":\"https:\\\/\\\/eldigitaldeasturias.com\\\/magazine365\",\"nextItem\":{\"@type\":\"ListItem\",\"@id\":\"https:\\\/\\\/eldigitaldeasturias.com\\\/magazine365\\\/category\\\/actualidad-turismo\\\/#listItem\",\"name\":\"Actualidad Turismo\"}},{\"@type\":\"ListItem\",\"@id\":\"https:\\\/\\\/eldigitaldeasturias.com\\\/magazine365\\\/category\\\/actualidad-turismo\\\/#listItem\",\"position\":2,\"name\":\"Actualidad Turismo\",\"item\":\"https:\\\/\\\/eldigitaldeasturias.com\\\/magazine365\\\/category\\\/actualidad-turismo\\\/\",\"nextItem\":{\"@type\":\"ListItem\",\"@id\":\"https:\\\/\\\/eldigitaldeasturias.com\\\/magazine365\\\/pastor-anuncia-que-el-aeropuerto-de-vitoria-ampliara-su-horario-en-la-modalidad-de-uso-restringido\\\/#listItem\",\"name\":\"Pastor anuncia que el aeropuerto de Vitoria ampliar\\u00e1 su horario en la modalidad de uso restringido\"},\"previousItem\":{\"@type\":\"ListItem\",\"@id\":\"https:\\\/\\\/eldigitaldeasturias.com\\\/magazine365#listItem\",\"name\":\"Home\"}},{\"@type\":\"ListItem\",\"@id\":\"https:\\\/\\\/eldigitaldeasturias.com\\\/magazine365\\\/pastor-anuncia-que-el-aeropuerto-de-vitoria-ampliara-su-horario-en-la-modalidad-de-uso-restringido\\\/#listItem\",\"position\":3,\"name\":\"Pastor anuncia que el aeropuerto de Vitoria ampliar\\u00e1 su horario en la modalidad de uso restringido\",\"previousItem\":{\"@type\":\"ListItem\",\"@id\":\"https:\\\/\\\/eldigitaldeasturias.com\\\/magazine365\\\/category\\\/actualidad-turismo\\\/#listItem\",\"name\":\"Actualidad Turismo\"}}]},{\"@type\":\"Organization\",\"@id\":\"https:\\\/\\\/eldigitaldeasturias.com\\\/magazine365\\\/#organization\",\"name\":\"El digital de Asturias\",\"description\":\"Revista de ocio, turismo y estilo de vida\",\"url\":\"https:\\\/\\\/eldigitaldeasturias.com\\\/magazine365\\\/\",\"logo\":{\"@type\":\"ImageObject\",\"url\":\"https:\\\/\\\/www.eldigitaldeasturias.com\\\/noticias\\\/wp-content\\\/uploads\\\/2020\\\/12\\\/EDA.jpg\",\"@id\":\"https:\\\/\\\/eldigitaldeasturias.com\\\/magazine365\\\/pastor-anuncia-que-el-aeropuerto-de-vitoria-ampliara-su-horario-en-la-modalidad-de-uso-restringido\\\/#organizationLogo\"},\"image\":{\"@id\":\"https:\\\/\\\/eldigitaldeasturias.com\\\/magazine365\\\/pastor-anuncia-que-el-aeropuerto-de-vitoria-ampliara-su-horario-en-la-modalidad-de-uso-restringido\\\/#organizationLogo\"}},{\"@type\":\"Person\",\"@id\":\"https:\\\/\\\/eldigitaldeasturias.com\\\/magazine365\\\/author\\\/admin\\\/#author\",\"url\":\"https:\\\/\\\/eldigitaldeasturias.com\\\/magazine365\\\/author\\\/admin\\\/\",\"name\":\"admin\",\"image\":{\"@type\":\"ImageObject\",\"@id\":\"https:\\\/\\\/eldigitaldeasturias.com\\\/magazine365\\\/pastor-anuncia-que-el-aeropuerto-de-vitoria-ampliara-su-horario-en-la-modalidad-de-uso-restringido\\\/#authorImage\",\"url\":\"https:\\\/\\\/eldigitaldeasturias.com\\\/magazine365\\\/wp-content\\\/litespeed\\\/avatar\\\/e571bcf59a0edd6fa6838245a470f2fe.jpg?ver=1777574230\",\"width\":96,\"height\":96,\"caption\":\"admin\"}},{\"@type\":\"WebPage\",\"@id\":\"https:\\\/\\\/eldigitaldeasturias.com\\\/magazine365\\\/pastor-anuncia-que-el-aeropuerto-de-vitoria-ampliara-su-horario-en-la-modalidad-de-uso-restringido\\\/#webpage\",\"url\":\"https:\\\/\\\/eldigitaldeasturias.com\\\/magazine365\\\/pastor-anuncia-que-el-aeropuerto-de-vitoria-ampliara-su-horario-en-la-modalidad-de-uso-restringido\\\/\",\"name\":\"Pastor anuncia que el aeropuerto de Vitoria ampliar\\u00e1 su horario en la modalidad de uso restringido | El Digital de Asturias\",\"description\":\"La ministra de Fomento, Ana Pastor, ha anunciado este martes que el aeropuerto de Vitoria-Gasteiz tiene previsto ampliar su horario en la modalidad de uso restringido de lunes a viernes de 08.30 a 16.00 horas, y ha asegurado que durante esta ampliaci\\u00f3n se permitir\\u00e1 atender tr\\u00e1fico de aviaci\\u00f3n general no comercial (escuelas de pilotos, aviaci\\u00f3n\",\"inLanguage\":\"es-ES\",\"isPartOf\":{\"@id\":\"https:\\\/\\\/eldigitaldeasturias.com\\\/magazine365\\\/#website\"},\"breadcrumb\":{\"@id\":\"https:\\\/\\\/eldigitaldeasturias.com\\\/magazine365\\\/pastor-anuncia-que-el-aeropuerto-de-vitoria-ampliara-su-horario-en-la-modalidad-de-uso-restringido\\\/#breadcrumblist\"},\"author\":{\"@id\":\"https:\\\/\\\/eldigitaldeasturias.com\\\/magazine365\\\/author\\\/admin\\\/#author\"},\"creator\":{\"@id\":\"https:\\\/\\\/eldigitaldeasturias.com\\\/magazine365\\\/author\\\/admin\\\/#author\"},\"image\":{\"@type\":\"ImageObject\",\"url\":\"https:\\\/\\\/eldigitaldeasturias.com\\\/magazine365\\\/wp-content\\\/uploads\\\/2015\\\/06\\\/fotonoticia_20150623193531_800.jpg\",\"@id\":\"https:\\\/\\\/eldigitaldeasturias.com\\\/magazine365\\\/pastor-anuncia-que-el-aeropuerto-de-vitoria-ampliara-su-horario-en-la-modalidad-de-uso-restringido\\\/#mainImage\",\"width\":800,\"height\":533},\"primaryImageOfPage\":{\"@id\":\"https:\\\/\\\/eldigitaldeasturias.com\\\/magazine365\\\/pastor-anuncia-que-el-aeropuerto-de-vitoria-ampliara-su-horario-en-la-modalidad-de-uso-restringido\\\/#mainImage\"},\"datePublished\":\"2015-06-24T08:28:04+02:00\",\"dateModified\":\"2015-06-24T08:28:04+02:00\"},{\"@type\":\"WebSite\",\"@id\":\"https:\\\/\\\/eldigitaldeasturias.com\\\/magazine365\\\/#website\",\"url\":\"https:\\\/\\\/eldigitaldeasturias.com\\\/magazine365\\\/\",\"name\":\"El Digital de Asturias\",\"description\":\"Revista de ocio, turismo y estilo de vida\",\"inLanguage\":\"es-ES\",\"publisher\":{\"@id\":\"https:\\\/\\\/eldigitaldeasturias.com\\\/magazine365\\\/#organization\"}}]}\n\t\t<\/script>\n\t\t<!-- All in One SEO Pro -->\r\n\t\t<title>Pastor anuncia que el aeropuerto de Vitoria ampliar\u00e1 su horario en la modalidad de uso restringido | El Digital de Asturias<\/title>\n\n","aioseo_head_json":{"title":"Pastor anuncia que el aeropuerto de Vitoria ampliar\u00e1 su horario en la modalidad de uso restringido | El Digital de Asturias","description":"La ministra de Fomento, Ana Pastor, ha anunciado este martes que el aeropuerto de Vitoria-Gasteiz tiene previsto ampliar su horario en la modalidad de uso restringido de lunes a viernes de 08.30 a 16.00 horas, y ha asegurado que durante esta ampliaci\u00f3n se permitir\u00e1 atender tr\u00e1fico de aviaci\u00f3n general no comercial (escuelas de pilotos, aviaci\u00f3n","canonical_url":"https:\/\/eldigitaldeasturias.com\/magazine365\/pastor-anuncia-que-el-aeropuerto-de-vitoria-ampliara-su-horario-en-la-modalidad-de-uso-restringido\/","robots":"max-image-preview:large","keywords":"actualidad turismo","webmasterTools":{"google-site-verification":"UA-38556648-1","miscellaneous":""},"schema":{"@context":"https:\/\/schema.org","@graph":[{"@type":"Article","@id":"https:\/\/eldigitaldeasturias.com\/magazine365\/pastor-anuncia-que-el-aeropuerto-de-vitoria-ampliara-su-horario-en-la-modalidad-de-uso-restringido\/#article","name":"Pastor anuncia que el aeropuerto de Vitoria ampliar\u00e1 su horario en la modalidad de uso restringido | El Digital de Asturias","headline":"Pastor anuncia que el aeropuerto de Vitoria ampliar\u00e1 su horario en la modalidad de uso restringido","author":{"@id":"https:\/\/eldigitaldeasturias.com\/magazine365\/author\/admin\/#author"},"publisher":{"@id":"https:\/\/eldigitaldeasturias.com\/magazine365\/#organization"},"image":{"@type":"ImageObject","url":"https:\/\/eldigitaldeasturias.com\/magazine365\/wp-content\/uploads\/2015\/06\/fotonoticia_20150623193531_800.jpg","width":800,"height":533},"datePublished":"2015-06-24T08:28:04+02:00","dateModified":"2015-06-24T08:28:04+02:00","inLanguage":"es-ES","mainEntityOfPage":{"@id":"https:\/\/eldigitaldeasturias.com\/magazine365\/pastor-anuncia-que-el-aeropuerto-de-vitoria-ampliara-su-horario-en-la-modalidad-de-uso-restringido\/#webpage"},"isPartOf":{"@id":"https:\/\/eldigitaldeasturias.com\/magazine365\/pastor-anuncia-que-el-aeropuerto-de-vitoria-ampliara-su-horario-en-la-modalidad-de-uso-restringido\/#webpage"},"articleSection":"Actualidad Turismo"},{"@type":"BreadcrumbList","@id":"https:\/\/eldigitaldeasturias.com\/magazine365\/pastor-anuncia-que-el-aeropuerto-de-vitoria-ampliara-su-horario-en-la-modalidad-de-uso-restringido\/#breadcrumblist","itemListElement":[{"@type":"ListItem","@id":"https:\/\/eldigitaldeasturias.com\/magazine365#listItem","position":1,"name":"Home","item":"https:\/\/eldigitaldeasturias.com\/magazine365","nextItem":{"@type":"ListItem","@id":"https:\/\/eldigitaldeasturias.com\/magazine365\/category\/actualidad-turismo\/#listItem","name":"Actualidad Turismo"}},{"@type":"ListItem","@id":"https:\/\/eldigitaldeasturias.com\/magazine365\/category\/actualidad-turismo\/#listItem","position":2,"name":"Actualidad Turismo","item":"https:\/\/eldigitaldeasturias.com\/magazine365\/category\/actualidad-turismo\/","nextItem":{"@type":"ListItem","@id":"https:\/\/eldigitaldeasturias.com\/magazine365\/pastor-anuncia-que-el-aeropuerto-de-vitoria-ampliara-su-horario-en-la-modalidad-de-uso-restringido\/#listItem","name":"Pastor anuncia que el aeropuerto de Vitoria ampliar\u00e1 su horario en la modalidad de uso restringido"},"previousItem":{"@type":"ListItem","@id":"https:\/\/eldigitaldeasturias.com\/magazine365#listItem","name":"Home"}},{"@type":"ListItem","@id":"https:\/\/eldigitaldeasturias.com\/magazine365\/pastor-anuncia-que-el-aeropuerto-de-vitoria-ampliara-su-horario-en-la-modalidad-de-uso-restringido\/#listItem","position":3,"name":"Pastor anuncia que el aeropuerto de Vitoria ampliar\u00e1 su horario en la modalidad de uso restringido","previousItem":{"@type":"ListItem","@id":"https:\/\/eldigitaldeasturias.com\/magazine365\/category\/actualidad-turismo\/#listItem","name":"Actualidad Turismo"}}]},{"@type":"Organization","@id":"https:\/\/eldigitaldeasturias.com\/magazine365\/#organization","name":"El digital de Asturias","description":"Revista de ocio, turismo y estilo de vida","url":"https:\/\/eldigitaldeasturias.com\/magazine365\/","logo":{"@type":"ImageObject","url":"https:\/\/www.eldigitaldeasturias.com\/noticias\/wp-content\/uploads\/2020\/12\/EDA.jpg","@id":"https:\/\/eldigitaldeasturias.com\/magazine365\/pastor-anuncia-que-el-aeropuerto-de-vitoria-ampliara-su-horario-en-la-modalidad-de-uso-restringido\/#organizationLogo"},"image":{"@id":"https:\/\/eldigitaldeasturias.com\/magazine365\/pastor-anuncia-que-el-aeropuerto-de-vitoria-ampliara-su-horario-en-la-modalidad-de-uso-restringido\/#organizationLogo"}},{"@type":"Person","@id":"https:\/\/eldigitaldeasturias.com\/magazine365\/author\/admin\/#author","url":"https:\/\/eldigitaldeasturias.com\/magazine365\/author\/admin\/","name":"admin","image":{"@type":"ImageObject","@id":"https:\/\/eldigitaldeasturias.com\/magazine365\/pastor-anuncia-que-el-aeropuerto-de-vitoria-ampliara-su-horario-en-la-modalidad-de-uso-restringido\/#authorImage","url":"https:\/\/eldigitaldeasturias.com\/magazine365\/wp-content\/litespeed\/avatar\/e571bcf59a0edd6fa6838245a470f2fe.jpg?ver=1777574230","width":96,"height":96,"caption":"admin"}},{"@type":"WebPage","@id":"https:\/\/eldigitaldeasturias.com\/magazine365\/pastor-anuncia-que-el-aeropuerto-de-vitoria-ampliara-su-horario-en-la-modalidad-de-uso-restringido\/#webpage","url":"https:\/\/eldigitaldeasturias.com\/magazine365\/pastor-anuncia-que-el-aeropuerto-de-vitoria-ampliara-su-horario-en-la-modalidad-de-uso-restringido\/","name":"Pastor anuncia que el aeropuerto de Vitoria ampliar\u00e1 su horario en la modalidad de uso restringido | El Digital de Asturias","description":"La ministra de Fomento, Ana Pastor, ha anunciado este martes que el aeropuerto de Vitoria-Gasteiz tiene previsto ampliar su horario en la modalidad de uso restringido de lunes a viernes de 08.30 a 16.00 horas, y ha asegurado que durante esta ampliaci\u00f3n se permitir\u00e1 atender tr\u00e1fico de aviaci\u00f3n general no comercial (escuelas de pilotos, aviaci\u00f3n","inLanguage":"es-ES","isPartOf":{"@id":"https:\/\/eldigitaldeasturias.com\/magazine365\/#website"},"breadcrumb":{"@id":"https:\/\/eldigitaldeasturias.com\/magazine365\/pastor-anuncia-que-el-aeropuerto-de-vitoria-ampliara-su-horario-en-la-modalidad-de-uso-restringido\/#breadcrumblist"},"author":{"@id":"https:\/\/eldigitaldeasturias.com\/magazine365\/author\/admin\/#author"},"creator":{"@id":"https:\/\/eldigitaldeasturias.com\/magazine365\/author\/admin\/#author"},"image":{"@type":"ImageObject","url":"https:\/\/eldigitaldeasturias.com\/magazine365\/wp-content\/uploads\/2015\/06\/fotonoticia_20150623193531_800.jpg","@id":"https:\/\/eldigitaldeasturias.com\/magazine365\/pastor-anuncia-que-el-aeropuerto-de-vitoria-ampliara-su-horario-en-la-modalidad-de-uso-restringido\/#mainImage","width":800,"height":533},"primaryImageOfPage":{"@id":"https:\/\/eldigitaldeasturias.com\/magazine365\/pastor-anuncia-que-el-aeropuerto-de-vitoria-ampliara-su-horario-en-la-modalidad-de-uso-restringido\/#mainImage"},"datePublished":"2015-06-24T08:28:04+02:00","dateModified":"2015-06-24T08:28:04+02:00"},{"@type":"WebSite","@id":"https:\/\/eldigitaldeasturias.com\/magazine365\/#website","url":"https:\/\/eldigitaldeasturias.com\/magazine365\/","name":"El Digital de Asturias","description":"Revista de ocio, turismo y estilo de vida","inLanguage":"es-ES","publisher":{"@id":"https:\/\/eldigitaldeasturias.com\/magazine365\/#organization"}}]},"og:locale":"es_ES","og:site_name":"El Digital de Asturias \u2013 Revista de ocio, turismo y estilo de vida","og:type":"article","og:title":"Pastor anuncia que el aeropuerto de Vitoria ampliar\u00e1 su horario en la modalidad de uso restringido | El Digital de Asturias","og:description":"La ministra de Fomento, Ana Pastor, ha anunciado este martes que el aeropuerto de Vitoria-Gasteiz tiene previsto ampliar su horario en la modalidad de uso restringido de lunes a viernes de 08.30 a 16.00 horas, y ha asegurado que durante esta ampliaci\u00f3n se permitir\u00e1 atender tr\u00e1fico de aviaci\u00f3n general no comercial (escuelas de pilotos, aviaci\u00f3n","og:url":"https:\/\/eldigitaldeasturias.com\/magazine365\/pastor-anuncia-que-el-aeropuerto-de-vitoria-ampliara-su-horario-en-la-modalidad-de-uso-restringido\/","og:image":"https:\/\/eldigitaldeasturias.com\/magazine365\/wp-content\/uploads\/2015\/06\/fotonoticia_20150623193531_800.jpg","og:image:secure_url":"https:\/\/eldigitaldeasturias.com\/magazine365\/wp-content\/uploads\/2015\/06\/fotonoticia_20150623193531_800.jpg","og:image:width":800,"og:image:height":533,"article:published_time":"2015-06-24T06:58:04+00:00","article:modified_time":"2015-06-24T06:58:04+00:00","twitter:card":"summary_large_image","twitter:title":"Pastor anuncia que el aeropuerto de Vitoria ampliar\u00e1 su horario en la modalidad de uso restringido | El Digital de Asturias","twitter:description":"La ministra de Fomento, Ana Pastor, ha anunciado este martes que el aeropuerto de Vitoria-Gasteiz tiene previsto ampliar su horario en la modalidad de uso restringido de lunes a viernes de 08.30 a 16.00 horas, y ha asegurado que durante esta ampliaci\u00f3n se permitir\u00e1 atender tr\u00e1fico de aviaci\u00f3n general no comercial (escuelas de pilotos, aviaci\u00f3n","twitter:image":"https:\/\/eldigitaldeasturias.com\/magazine365\/wp-content\/uploads\/2015\/06\/fotonoticia_20150623193531_800.jpg"},"aioseo_meta_data":{"post_id":"40808","title":null,"description":null,"keywords":null,"keyphrases":null,"primary_term":null,"canonical_url":null,"og_title":null,"og_description":null,"og_object_type":"default","og_image_type":"default","og_image_url":null,"og_image_width":null,"og_image_height":null,"og_image_custom_url":null,"og_image_custom_fields":null,"og_video":null,"og_custom_url":null,"og_article_section":null,"og_article_tags":null,"twitter_use_og":false,"twitter_card":"default","twitter_image_type":"default","twitter_image_url":null,"twitter_image_custom_url":null,"twitter_image_custom_fields":null,"twitter_title":null,"twitter_description":null,"schema":{"blockGraphs":[],"customGraphs":[],"default":{"data":{"Article":[],"Course":[],"Dataset":[],"FAQPage":[],"Movie":[],"Person":[],"Product":[],"ProductReview":[],"Car":[],"Recipe":[],"Service":[],"SoftwareApplication":[],"WebPage":[]},"graphName":"","isEnabled":true},"graphs":[],"defaultGraph":"","defaultPostTypeGraph":""},"schema_type":null,"schema_type_options":null,"pillar_content":false,"robots_default":true,"robots_noindex":false,"robots_noarchive":false,"robots_nosnippet":false,"robots_nofollow":false,"robots_noimageindex":false,"robots_noodp":false,"robots_notranslate":false,"robots_max_snippet":null,"robots_max_videopreview":null,"robots_max_imagepreview":"large","priority":null,"frequency":null,"location":null,"local_seo":null,"seo_analyzer_scan_date":"2025-09-19 14:19:21","breadcrumb_settings":null,"limit_modified_date":false,"open_ai":null,"ai":null,"created":"2021-03-09 02:23:45","updated":"2025-09-19 14:19:21"},"aioseo_breadcrumb":"<div class=\"aioseo-breadcrumbs\"><span class=\"aioseo-breadcrumb\">\n\t<a href=\"https:\/\/eldigitaldeasturias.com\/magazine365\" title=\"Home\">Home<\/a>\n<\/span><span class=\"aioseo-breadcrumb-separator\">\u2013<\/span><span class=\"aioseo-breadcrumb\">\n\t<a href=\"https:\/\/eldigitaldeasturias.com\/magazine365\/category\/actualidad-turismo\/\" title=\"Actualidad Turismo\">Actualidad Turismo<\/a>\n<\/span><span class=\"aioseo-breadcrumb-separator\">\u2013<\/span><span class=\"aioseo-breadcrumb\">\n\t<a href=\"https:\/\/eldigitaldeasturias.com\/magazine365\/pastor-anuncia-que-el-aeropuerto-de-vitoria-ampliara-su-horario-en-la-modalidad-de-uso-restringido\/\" title=\"Pastor anuncia que el aeropuerto de Vitoria ampliar\u00e1 su horario en la modalidad de uso restringido\">Pastor anuncia que el aeropuerto de Vitoria ampliar\u00e1 su horario en la modalidad de uso restringido<\/a>\n<\/span><\/div>","aioseo_breadcrumb_json":[{"label":"Home","link":"https:\/\/eldigitaldeasturias.com\/magazine365"},{"label":"Actualidad Turismo","link":"https:\/\/eldigitaldeasturias.com\/magazine365\/category\/actualidad-turismo\/"},{"label":"Pastor anuncia que el aeropuerto de Vitoria ampliar\u00e1 su horario en la modalidad de uso restringido","link":"https:\/\/eldigitaldeasturias.com\/magazine365\/pastor-anuncia-que-el-aeropuerto-de-vitoria-ampliara-su-horario-en-la-modalidad-de-uso-restringido\/"}],"_links":{"self":[{"href":"https:\/\/eldigitaldeasturias.com\/magazine365\/wp-json\/wp\/v2\/posts\/40808","targetHints":{"allow":["GET"]}}],"collection":[{"href":"https:\/\/eldigitaldeasturias.com\/magazine365\/wp-json\/wp\/v2\/posts"}],"about":[{"href":"https:\/\/eldigitaldeasturias.com\/magazine365\/wp-json\/wp\/v2\/types\/post"}],"author":[{"embeddable":true,"href":"https:\/\/eldigitaldeasturias.com\/magazine365\/wp-json\/wp\/v2\/users\/1"}],"replies":[{"embeddable":true,"href":"https:\/\/eldigitaldeasturias.com\/magazine365\/wp-json\/wp\/v2\/comments?post=40808"}],"version-history":[{"count":0,"href":"https:\/\/eldigitaldeasturias.com\/magazine365\/wp-json\/wp\/v2\/posts\/40808\/revisions"}],"wp:featuredmedia":[{"embeddable":true,"href":"https:\/\/eldigitaldeasturias.com\/magazine365\/wp-json\/wp\/v2\/media\/40809"}],"wp:attachment":[{"href":"https:\/\/eldigitaldeasturias.com\/magazine365\/wp-json\/wp\/v2\/media?parent=40808"}],"wp:term":[{"taxonomy":"category","embeddable":true,"href":"https:\/\/eldigitaldeasturias.com\/magazine365\/wp-json\/wp\/v2\/categories?post=40808"},{"taxonomy":"post_tag","embeddable":true,"href":"https:\/\/eldigitaldeasturias.com\/magazine365\/wp-json\/wp\/v2\/tags?post=40808"}],"curies":[{"name":"wp","href":"https:\/\/api.w.org\/{rel}","templated":true}]}}