{"id":40794,"date":"2015-06-24T08:17:38","date_gmt":"2015-06-24T06:47:38","guid":{"rendered":"http:\/\/eldigitaldeasturias.com\/magazine365\/?p=40794"},"modified":"2015-06-24T08:17:38","modified_gmt":"2015-06-24T06:47:38","slug":"los-controladores-aereos-galos-amenazan-con-huelga-los-dias-2-y-3-de-julio","status":"publish","type":"post","link":"https:\/\/eldigitaldeasturias.com\/magazine365\/los-controladores-aereos-galos-amenazan-con-huelga-los-dias-2-y-3-de-julio\/","title":{"rendered":"Los controladores a\u00e9reos galos amenazan con huelga los d\u00edas 2 y 3 de julio"},"content":{"rendered":"<p><img fetchpriority=\"high\" decoding=\"async\" class=\"alignleft size-medium wp-image-39724\" src=\"https:\/\/eldigitaldeasturias.com\/magazine365\/wp-content\/uploads\/2015\/06\/aeropu-360x240.jpg\" alt=\"aeropu\" width=\"360\" height=\"240\" srcset=\"https:\/\/eldigitaldeasturias.com\/magazine365\/wp-content\/uploads\/2015\/06\/aeropu-360x240.jpg 360w, https:\/\/eldigitaldeasturias.com\/magazine365\/wp-content\/uploads\/2015\/06\/aeropu-650x433.jpg 650w, https:\/\/eldigitaldeasturias.com\/magazine365\/wp-content\/uploads\/2015\/06\/aeropu-768x512.jpg 768w, https:\/\/eldigitaldeasturias.com\/magazine365\/wp-content\/uploads\/2015\/06\/aeropu-150x100.jpg 150w, https:\/\/eldigitaldeasturias.com\/magazine365\/wp-content\/uploads\/2015\/06\/aeropu-450x300.jpg 450w, https:\/\/eldigitaldeasturias.com\/magazine365\/wp-content\/uploads\/2015\/06\/aeropu-696x464.jpg 696w, https:\/\/eldigitaldeasturias.com\/magazine365\/wp-content\/uploads\/2015\/06\/aeropu-630x420.jpg 630w, https:\/\/eldigitaldeasturias.com\/magazine365\/wp-content\/uploads\/2015\/06\/aeropu-84x55.jpg 84w, https:\/\/eldigitaldeasturias.com\/magazine365\/wp-content\/uploads\/2015\/06\/aeropu.jpg 800w\" sizes=\"(max-width: 360px) 100vw, 360px\" \/>Los controladores franceses han registrado un preaviso de huelga para los d\u00edas 2 y 3 de julio, en plena temporada de verano, convocada por dos sindicatos entre ellos el mayoritario entre el colectivo el Sindicato Nacional de Controladores del Tr\u00e1fico A\u00e9reo (SNCTA).<\/p>\n<p>En un comunicado, el sindicato explica que la convocatoria de huelga responde a la necesidad de dotar de m\u00e1s recursos \u00abt\u00e9cnicos y humanos\u00bb al control a\u00e9reo en Francia, ante el incremento del tr\u00e1fico a\u00e9reo, as\u00ed como la mejora de condiciones salariales al colectivo.<\/p>\n<p>Los controladores galos ya convocaron huelga en abril y mayo &#8211;8 y 9 de abril, 16 y 18 de abril, y 29 de abril y 2 de mayo&#8211;, paros que obligaron a la cancelaci\u00f3n con antelaci\u00f3n del 40% de los vuelos de corto y medio radio para esas jornadas.<\/p>\n<p>El colectivo buscaba con ello abrir en Francia, el \u00fanico pa\u00eds de Europa Occidental que permite que los controladores a\u00e9reos trabajen hasta los 59 a\u00f1os, tras la \u00faltima reforma en materia de pensiones, abrir una negociaci\u00f3n para tratar sus condiciones laborales.<\/p>\n<p>Con esta nueva propuesta, reclaman \u00abla modernizaci\u00f3n de los sistemas de navegaci\u00f3n\u00bb y un an\u00e1lisis preciso del personal de controladores cualificados de aqu\u00ed a 2020 en consonancia con el incremento de tr\u00e1fico a\u00e9reo y un sistema de reemplazo para el colectivo.<\/p>\n<p>\u00abDesde hace meses o incluso a\u00f1os las pol\u00edticas gubernamentales o de orientaciones desde la Comisi\u00f3n Europea conducen a una restricci\u00f3n de los recursos t\u00e9cnicos y humanos\u00bb, apunta en su blog el principal sindicato<\/p>\n","protected":false},"excerpt":{"rendered":"<p>Los controladores franceses han registrado un preaviso de huelga para los d\u00edas 2 y 3 de julio, en plena temporada de verano, convocada por dos sindicatos entre ellos el mayoritario entre el colectivo el Sindicato Nacional de Controladores del Tr\u00e1fico A\u00e9reo (SNCTA). En un comunicado, el sindicato explica que la convocatoria de huelga responde a<\/p>\n","protected":false},"author":1,"featured_media":39724,"comment_status":"open","ping_status":"closed","sticky":false,"template":"","format":"standard","meta":{"footnotes":""},"categories":[222],"tags":[],"class_list":{"0":"post-40794","1":"post","2":"type-post","3":"status-publish","4":"format-standard","5":"has-post-thumbnail","7":"category-actualidad-turismo"},"aioseo_notices":[],"aioseo_head":"\n\t\t<!-- All in One SEO Pro 4.9.6.1 - aioseo.com -->\n\t<meta name=\"description\" content=\"Los controladores franceses han registrado un preaviso de huelga para los d\u00edas 2 y 3 de julio, en plena temporada de verano, convocada por dos sindicatos entre ellos el mayoritario entre el colectivo el Sindicato Nacional de Controladores del Tr\u00e1fico A\u00e9reo (SNCTA). En un comunicado, el sindicato explica que la convocatoria de huelga responde a\" \/>\n\t<meta name=\"robots\" content=\"max-image-preview:large\" \/>\n\t<meta name=\"author\" content=\"admin\"\/>\n\t<meta name=\"google-site-verification\" content=\"UA-38556648-1\" \/>\n\t<meta name=\"keywords\" content=\"actualidad turismo\" \/>\n\t<link rel=\"canonical\" href=\"https:\/\/eldigitaldeasturias.com\/magazine365\/los-controladores-aereos-galos-amenazan-con-huelga-los-dias-2-y-3-de-julio\/\" \/>\n\t<meta name=\"generator\" content=\"All in One SEO Pro (AIOSEO) 4.9.6.1\" \/>\n\t\t<meta property=\"og:locale\" content=\"es_ES\" \/>\n\t\t<meta property=\"og:site_name\" content=\"El Digital de Asturias \u2013 Revista de ocio, turismo y estilo de vida\" \/>\n\t\t<meta property=\"og:type\" content=\"article\" \/>\n\t\t<meta property=\"og:title\" content=\"Los controladores a\u00e9reos galos amenazan con huelga los d\u00edas 2 y 3 de julio | El Digital de Asturias\" \/>\n\t\t<meta property=\"og:description\" content=\"Los controladores franceses han registrado un preaviso de huelga para los d\u00edas 2 y 3 de julio, en plena temporada de verano, convocada por dos sindicatos entre ellos el mayoritario entre el colectivo el Sindicato Nacional de Controladores del Tr\u00e1fico A\u00e9reo (SNCTA). En un comunicado, el sindicato explica que la convocatoria de huelga responde a\" \/>\n\t\t<meta property=\"og:url\" content=\"https:\/\/eldigitaldeasturias.com\/magazine365\/los-controladores-aereos-galos-amenazan-con-huelga-los-dias-2-y-3-de-julio\/\" \/>\n\t\t<meta property=\"og:image\" content=\"https:\/\/eldigitaldeasturias.com\/magazine365\/wp-content\/uploads\/2015\/06\/aeropu.jpg\" \/>\n\t\t<meta property=\"og:image:secure_url\" content=\"https:\/\/eldigitaldeasturias.com\/magazine365\/wp-content\/uploads\/2015\/06\/aeropu.jpg\" \/>\n\t\t<meta property=\"og:image:width\" content=\"800\" \/>\n\t\t<meta property=\"og:image:height\" content=\"533\" \/>\n\t\t<meta property=\"article:published_time\" content=\"2015-06-24T06:47:38+00:00\" \/>\n\t\t<meta property=\"article:modified_time\" content=\"2015-06-24T06:47:38+00:00\" \/>\n\t\t<meta name=\"twitter:card\" content=\"summary_large_image\" \/>\n\t\t<meta name=\"twitter:title\" content=\"Los controladores a\u00e9reos galos amenazan con huelga los d\u00edas 2 y 3 de julio | El Digital de Asturias\" \/>\n\t\t<meta name=\"twitter:description\" content=\"Los controladores franceses han registrado un preaviso de huelga para los d\u00edas 2 y 3 de julio, en plena temporada de verano, convocada por dos sindicatos entre ellos el mayoritario entre el colectivo el Sindicato Nacional de Controladores del Tr\u00e1fico A\u00e9reo (SNCTA). En un comunicado, el sindicato explica que la convocatoria de huelga responde a\" \/>\n\t\t<meta name=\"twitter:image\" content=\"https:\/\/eldigitaldeasturias.com\/magazine365\/wp-content\/uploads\/2015\/06\/aeropu.jpg\" \/>\n\t\t<script type=\"application\/ld+json\" class=\"aioseo-schema\">\n\t\t\t{\"@context\":\"https:\\\/\\\/schema.org\",\"@graph\":[{\"@type\":\"Article\",\"@id\":\"https:\\\/\\\/eldigitaldeasturias.com\\\/magazine365\\\/los-controladores-aereos-galos-amenazan-con-huelga-los-dias-2-y-3-de-julio\\\/#article\",\"name\":\"Los controladores a\\u00e9reos galos amenazan con huelga los d\\u00edas 2 y 3 de julio | El Digital de Asturias\",\"headline\":\"Los controladores a\\u00e9reos galos amenazan con huelga los d\\u00edas 2 y 3 de julio\",\"author\":{\"@id\":\"https:\\\/\\\/eldigitaldeasturias.com\\\/magazine365\\\/author\\\/admin\\\/#author\"},\"publisher\":{\"@id\":\"https:\\\/\\\/eldigitaldeasturias.com\\\/magazine365\\\/#organization\"},\"image\":{\"@type\":\"ImageObject\",\"url\":\"https:\\\/\\\/eldigitaldeasturias.com\\\/magazine365\\\/wp-content\\\/uploads\\\/2015\\\/06\\\/aeropu.jpg\",\"width\":800,\"height\":533},\"datePublished\":\"2015-06-24T08:17:38+02:00\",\"dateModified\":\"2015-06-24T08:17:38+02:00\",\"inLanguage\":\"es-ES\",\"mainEntityOfPage\":{\"@id\":\"https:\\\/\\\/eldigitaldeasturias.com\\\/magazine365\\\/los-controladores-aereos-galos-amenazan-con-huelga-los-dias-2-y-3-de-julio\\\/#webpage\"},\"isPartOf\":{\"@id\":\"https:\\\/\\\/eldigitaldeasturias.com\\\/magazine365\\\/los-controladores-aereos-galos-amenazan-con-huelga-los-dias-2-y-3-de-julio\\\/#webpage\"},\"articleSection\":\"Actualidad Turismo\"},{\"@type\":\"BreadcrumbList\",\"@id\":\"https:\\\/\\\/eldigitaldeasturias.com\\\/magazine365\\\/los-controladores-aereos-galos-amenazan-con-huelga-los-dias-2-y-3-de-julio\\\/#breadcrumblist\",\"itemListElement\":[{\"@type\":\"ListItem\",\"@id\":\"https:\\\/\\\/eldigitaldeasturias.com\\\/magazine365#listItem\",\"position\":1,\"name\":\"Home\",\"item\":\"https:\\\/\\\/eldigitaldeasturias.com\\\/magazine365\",\"nextItem\":{\"@type\":\"ListItem\",\"@id\":\"https:\\\/\\\/eldigitaldeasturias.com\\\/magazine365\\\/category\\\/actualidad-turismo\\\/#listItem\",\"name\":\"Actualidad Turismo\"}},{\"@type\":\"ListItem\",\"@id\":\"https:\\\/\\\/eldigitaldeasturias.com\\\/magazine365\\\/category\\\/actualidad-turismo\\\/#listItem\",\"position\":2,\"name\":\"Actualidad Turismo\",\"item\":\"https:\\\/\\\/eldigitaldeasturias.com\\\/magazine365\\\/category\\\/actualidad-turismo\\\/\",\"nextItem\":{\"@type\":\"ListItem\",\"@id\":\"https:\\\/\\\/eldigitaldeasturias.com\\\/magazine365\\\/los-controladores-aereos-galos-amenazan-con-huelga-los-dias-2-y-3-de-julio\\\/#listItem\",\"name\":\"Los controladores a\\u00e9reos galos amenazan con huelga los d\\u00edas 2 y 3 de julio\"},\"previousItem\":{\"@type\":\"ListItem\",\"@id\":\"https:\\\/\\\/eldigitaldeasturias.com\\\/magazine365#listItem\",\"name\":\"Home\"}},{\"@type\":\"ListItem\",\"@id\":\"https:\\\/\\\/eldigitaldeasturias.com\\\/magazine365\\\/los-controladores-aereos-galos-amenazan-con-huelga-los-dias-2-y-3-de-julio\\\/#listItem\",\"position\":3,\"name\":\"Los controladores a\\u00e9reos galos amenazan con huelga los d\\u00edas 2 y 3 de julio\",\"previousItem\":{\"@type\":\"ListItem\",\"@id\":\"https:\\\/\\\/eldigitaldeasturias.com\\\/magazine365\\\/category\\\/actualidad-turismo\\\/#listItem\",\"name\":\"Actualidad Turismo\"}}]},{\"@type\":\"Organization\",\"@id\":\"https:\\\/\\\/eldigitaldeasturias.com\\\/magazine365\\\/#organization\",\"name\":\"El digital de Asturias\",\"description\":\"Revista de ocio, turismo y estilo de vida\",\"url\":\"https:\\\/\\\/eldigitaldeasturias.com\\\/magazine365\\\/\",\"logo\":{\"@type\":\"ImageObject\",\"url\":\"https:\\\/\\\/www.eldigitaldeasturias.com\\\/noticias\\\/wp-content\\\/uploads\\\/2020\\\/12\\\/EDA.jpg\",\"@id\":\"https:\\\/\\\/eldigitaldeasturias.com\\\/magazine365\\\/los-controladores-aereos-galos-amenazan-con-huelga-los-dias-2-y-3-de-julio\\\/#organizationLogo\"},\"image\":{\"@id\":\"https:\\\/\\\/eldigitaldeasturias.com\\\/magazine365\\\/los-controladores-aereos-galos-amenazan-con-huelga-los-dias-2-y-3-de-julio\\\/#organizationLogo\"}},{\"@type\":\"Person\",\"@id\":\"https:\\\/\\\/eldigitaldeasturias.com\\\/magazine365\\\/author\\\/admin\\\/#author\",\"url\":\"https:\\\/\\\/eldigitaldeasturias.com\\\/magazine365\\\/author\\\/admin\\\/\",\"name\":\"admin\",\"image\":{\"@type\":\"ImageObject\",\"@id\":\"https:\\\/\\\/eldigitaldeasturias.com\\\/magazine365\\\/los-controladores-aereos-galos-amenazan-con-huelga-los-dias-2-y-3-de-julio\\\/#authorImage\",\"url\":\"https:\\\/\\\/eldigitaldeasturias.com\\\/magazine365\\\/wp-content\\\/litespeed\\\/avatar\\\/e571bcf59a0edd6fa6838245a470f2fe.jpg?ver=1777574230\",\"width\":96,\"height\":96,\"caption\":\"admin\"}},{\"@type\":\"WebPage\",\"@id\":\"https:\\\/\\\/eldigitaldeasturias.com\\\/magazine365\\\/los-controladores-aereos-galos-amenazan-con-huelga-los-dias-2-y-3-de-julio\\\/#webpage\",\"url\":\"https:\\\/\\\/eldigitaldeasturias.com\\\/magazine365\\\/los-controladores-aereos-galos-amenazan-con-huelga-los-dias-2-y-3-de-julio\\\/\",\"name\":\"Los controladores a\\u00e9reos galos amenazan con huelga los d\\u00edas 2 y 3 de julio | El Digital de Asturias\",\"description\":\"Los controladores franceses han registrado un preaviso de huelga para los d\\u00edas 2 y 3 de julio, en plena temporada de verano, convocada por dos sindicatos entre ellos el mayoritario entre el colectivo el Sindicato Nacional de Controladores del Tr\\u00e1fico A\\u00e9reo (SNCTA). En un comunicado, el sindicato explica que la convocatoria de huelga responde a\",\"inLanguage\":\"es-ES\",\"isPartOf\":{\"@id\":\"https:\\\/\\\/eldigitaldeasturias.com\\\/magazine365\\\/#website\"},\"breadcrumb\":{\"@id\":\"https:\\\/\\\/eldigitaldeasturias.com\\\/magazine365\\\/los-controladores-aereos-galos-amenazan-con-huelga-los-dias-2-y-3-de-julio\\\/#breadcrumblist\"},\"author\":{\"@id\":\"https:\\\/\\\/eldigitaldeasturias.com\\\/magazine365\\\/author\\\/admin\\\/#author\"},\"creator\":{\"@id\":\"https:\\\/\\\/eldigitaldeasturias.com\\\/magazine365\\\/author\\\/admin\\\/#author\"},\"image\":{\"@type\":\"ImageObject\",\"url\":\"https:\\\/\\\/eldigitaldeasturias.com\\\/magazine365\\\/wp-content\\\/uploads\\\/2015\\\/06\\\/aeropu.jpg\",\"@id\":\"https:\\\/\\\/eldigitaldeasturias.com\\\/magazine365\\\/los-controladores-aereos-galos-amenazan-con-huelga-los-dias-2-y-3-de-julio\\\/#mainImage\",\"width\":800,\"height\":533},\"primaryImageOfPage\":{\"@id\":\"https:\\\/\\\/eldigitaldeasturias.com\\\/magazine365\\\/los-controladores-aereos-galos-amenazan-con-huelga-los-dias-2-y-3-de-julio\\\/#mainImage\"},\"datePublished\":\"2015-06-24T08:17:38+02:00\",\"dateModified\":\"2015-06-24T08:17:38+02:00\"},{\"@type\":\"WebSite\",\"@id\":\"https:\\\/\\\/eldigitaldeasturias.com\\\/magazine365\\\/#website\",\"url\":\"https:\\\/\\\/eldigitaldeasturias.com\\\/magazine365\\\/\",\"name\":\"El Digital de Asturias\",\"description\":\"Revista de ocio, turismo y estilo de vida\",\"inLanguage\":\"es-ES\",\"publisher\":{\"@id\":\"https:\\\/\\\/eldigitaldeasturias.com\\\/magazine365\\\/#organization\"}}]}\n\t\t<\/script>\n\t\t<!-- All in One SEO Pro -->\r\n\t\t<title>Los controladores a\u00e9reos galos amenazan con huelga los d\u00edas 2 y 3 de julio | El Digital de Asturias<\/title>\n\n","aioseo_head_json":{"title":"Los controladores a\u00e9reos galos amenazan con huelga los d\u00edas 2 y 3 de julio | El Digital de Asturias","description":"Los controladores franceses han registrado un preaviso de huelga para los d\u00edas 2 y 3 de julio, en plena temporada de verano, convocada por dos sindicatos entre ellos el mayoritario entre el colectivo el Sindicato Nacional de Controladores del Tr\u00e1fico A\u00e9reo (SNCTA). En un comunicado, el sindicato explica que la convocatoria de huelga responde a","canonical_url":"https:\/\/eldigitaldeasturias.com\/magazine365\/los-controladores-aereos-galos-amenazan-con-huelga-los-dias-2-y-3-de-julio\/","robots":"max-image-preview:large","keywords":"actualidad turismo","webmasterTools":{"google-site-verification":"UA-38556648-1","miscellaneous":""},"schema":{"@context":"https:\/\/schema.org","@graph":[{"@type":"Article","@id":"https:\/\/eldigitaldeasturias.com\/magazine365\/los-controladores-aereos-galos-amenazan-con-huelga-los-dias-2-y-3-de-julio\/#article","name":"Los controladores a\u00e9reos galos amenazan con huelga los d\u00edas 2 y 3 de julio | El Digital de Asturias","headline":"Los controladores a\u00e9reos galos amenazan con huelga los d\u00edas 2 y 3 de julio","author":{"@id":"https:\/\/eldigitaldeasturias.com\/magazine365\/author\/admin\/#author"},"publisher":{"@id":"https:\/\/eldigitaldeasturias.com\/magazine365\/#organization"},"image":{"@type":"ImageObject","url":"https:\/\/eldigitaldeasturias.com\/magazine365\/wp-content\/uploads\/2015\/06\/aeropu.jpg","width":800,"height":533},"datePublished":"2015-06-24T08:17:38+02:00","dateModified":"2015-06-24T08:17:38+02:00","inLanguage":"es-ES","mainEntityOfPage":{"@id":"https:\/\/eldigitaldeasturias.com\/magazine365\/los-controladores-aereos-galos-amenazan-con-huelga-los-dias-2-y-3-de-julio\/#webpage"},"isPartOf":{"@id":"https:\/\/eldigitaldeasturias.com\/magazine365\/los-controladores-aereos-galos-amenazan-con-huelga-los-dias-2-y-3-de-julio\/#webpage"},"articleSection":"Actualidad Turismo"},{"@type":"BreadcrumbList","@id":"https:\/\/eldigitaldeasturias.com\/magazine365\/los-controladores-aereos-galos-amenazan-con-huelga-los-dias-2-y-3-de-julio\/#breadcrumblist","itemListElement":[{"@type":"ListItem","@id":"https:\/\/eldigitaldeasturias.com\/magazine365#listItem","position":1,"name":"Home","item":"https:\/\/eldigitaldeasturias.com\/magazine365","nextItem":{"@type":"ListItem","@id":"https:\/\/eldigitaldeasturias.com\/magazine365\/category\/actualidad-turismo\/#listItem","name":"Actualidad Turismo"}},{"@type":"ListItem","@id":"https:\/\/eldigitaldeasturias.com\/magazine365\/category\/actualidad-turismo\/#listItem","position":2,"name":"Actualidad Turismo","item":"https:\/\/eldigitaldeasturias.com\/magazine365\/category\/actualidad-turismo\/","nextItem":{"@type":"ListItem","@id":"https:\/\/eldigitaldeasturias.com\/magazine365\/los-controladores-aereos-galos-amenazan-con-huelga-los-dias-2-y-3-de-julio\/#listItem","name":"Los controladores a\u00e9reos galos amenazan con huelga los d\u00edas 2 y 3 de julio"},"previousItem":{"@type":"ListItem","@id":"https:\/\/eldigitaldeasturias.com\/magazine365#listItem","name":"Home"}},{"@type":"ListItem","@id":"https:\/\/eldigitaldeasturias.com\/magazine365\/los-controladores-aereos-galos-amenazan-con-huelga-los-dias-2-y-3-de-julio\/#listItem","position":3,"name":"Los controladores a\u00e9reos galos amenazan con huelga los d\u00edas 2 y 3 de julio","previousItem":{"@type":"ListItem","@id":"https:\/\/eldigitaldeasturias.com\/magazine365\/category\/actualidad-turismo\/#listItem","name":"Actualidad Turismo"}}]},{"@type":"Organization","@id":"https:\/\/eldigitaldeasturias.com\/magazine365\/#organization","name":"El digital de Asturias","description":"Revista de ocio, turismo y estilo de vida","url":"https:\/\/eldigitaldeasturias.com\/magazine365\/","logo":{"@type":"ImageObject","url":"https:\/\/www.eldigitaldeasturias.com\/noticias\/wp-content\/uploads\/2020\/12\/EDA.jpg","@id":"https:\/\/eldigitaldeasturias.com\/magazine365\/los-controladores-aereos-galos-amenazan-con-huelga-los-dias-2-y-3-de-julio\/#organizationLogo"},"image":{"@id":"https:\/\/eldigitaldeasturias.com\/magazine365\/los-controladores-aereos-galos-amenazan-con-huelga-los-dias-2-y-3-de-julio\/#organizationLogo"}},{"@type":"Person","@id":"https:\/\/eldigitaldeasturias.com\/magazine365\/author\/admin\/#author","url":"https:\/\/eldigitaldeasturias.com\/magazine365\/author\/admin\/","name":"admin","image":{"@type":"ImageObject","@id":"https:\/\/eldigitaldeasturias.com\/magazine365\/los-controladores-aereos-galos-amenazan-con-huelga-los-dias-2-y-3-de-julio\/#authorImage","url":"https:\/\/eldigitaldeasturias.com\/magazine365\/wp-content\/litespeed\/avatar\/e571bcf59a0edd6fa6838245a470f2fe.jpg?ver=1777574230","width":96,"height":96,"caption":"admin"}},{"@type":"WebPage","@id":"https:\/\/eldigitaldeasturias.com\/magazine365\/los-controladores-aereos-galos-amenazan-con-huelga-los-dias-2-y-3-de-julio\/#webpage","url":"https:\/\/eldigitaldeasturias.com\/magazine365\/los-controladores-aereos-galos-amenazan-con-huelga-los-dias-2-y-3-de-julio\/","name":"Los controladores a\u00e9reos galos amenazan con huelga los d\u00edas 2 y 3 de julio | El Digital de Asturias","description":"Los controladores franceses han registrado un preaviso de huelga para los d\u00edas 2 y 3 de julio, en plena temporada de verano, convocada por dos sindicatos entre ellos el mayoritario entre el colectivo el Sindicato Nacional de Controladores del Tr\u00e1fico A\u00e9reo (SNCTA). En un comunicado, el sindicato explica que la convocatoria de huelga responde a","inLanguage":"es-ES","isPartOf":{"@id":"https:\/\/eldigitaldeasturias.com\/magazine365\/#website"},"breadcrumb":{"@id":"https:\/\/eldigitaldeasturias.com\/magazine365\/los-controladores-aereos-galos-amenazan-con-huelga-los-dias-2-y-3-de-julio\/#breadcrumblist"},"author":{"@id":"https:\/\/eldigitaldeasturias.com\/magazine365\/author\/admin\/#author"},"creator":{"@id":"https:\/\/eldigitaldeasturias.com\/magazine365\/author\/admin\/#author"},"image":{"@type":"ImageObject","url":"https:\/\/eldigitaldeasturias.com\/magazine365\/wp-content\/uploads\/2015\/06\/aeropu.jpg","@id":"https:\/\/eldigitaldeasturias.com\/magazine365\/los-controladores-aereos-galos-amenazan-con-huelga-los-dias-2-y-3-de-julio\/#mainImage","width":800,"height":533},"primaryImageOfPage":{"@id":"https:\/\/eldigitaldeasturias.com\/magazine365\/los-controladores-aereos-galos-amenazan-con-huelga-los-dias-2-y-3-de-julio\/#mainImage"},"datePublished":"2015-06-24T08:17:38+02:00","dateModified":"2015-06-24T08:17:38+02:00"},{"@type":"WebSite","@id":"https:\/\/eldigitaldeasturias.com\/magazine365\/#website","url":"https:\/\/eldigitaldeasturias.com\/magazine365\/","name":"El Digital de Asturias","description":"Revista de ocio, turismo y estilo de vida","inLanguage":"es-ES","publisher":{"@id":"https:\/\/eldigitaldeasturias.com\/magazine365\/#organization"}}]},"og:locale":"es_ES","og:site_name":"El Digital de Asturias \u2013 Revista de ocio, turismo y estilo de vida","og:type":"article","og:title":"Los controladores a\u00e9reos galos amenazan con huelga los d\u00edas 2 y 3 de julio | El Digital de Asturias","og:description":"Los controladores franceses han registrado un preaviso de huelga para los d\u00edas 2 y 3 de julio, en plena temporada de verano, convocada por dos sindicatos entre ellos el mayoritario entre el colectivo el Sindicato Nacional de Controladores del Tr\u00e1fico A\u00e9reo (SNCTA). En un comunicado, el sindicato explica que la convocatoria de huelga responde a","og:url":"https:\/\/eldigitaldeasturias.com\/magazine365\/los-controladores-aereos-galos-amenazan-con-huelga-los-dias-2-y-3-de-julio\/","og:image":"https:\/\/eldigitaldeasturias.com\/magazine365\/wp-content\/uploads\/2015\/06\/aeropu.jpg","og:image:secure_url":"https:\/\/eldigitaldeasturias.com\/magazine365\/wp-content\/uploads\/2015\/06\/aeropu.jpg","og:image:width":800,"og:image:height":533,"article:published_time":"2015-06-24T06:47:38+00:00","article:modified_time":"2015-06-24T06:47:38+00:00","twitter:card":"summary_large_image","twitter:title":"Los controladores a\u00e9reos galos amenazan con huelga los d\u00edas 2 y 3 de julio | El Digital de Asturias","twitter:description":"Los controladores franceses han registrado un preaviso de huelga para los d\u00edas 2 y 3 de julio, en plena temporada de verano, convocada por dos sindicatos entre ellos el mayoritario entre el colectivo el Sindicato Nacional de Controladores del Tr\u00e1fico A\u00e9reo (SNCTA). En un comunicado, el sindicato explica que la convocatoria de huelga responde a","twitter:image":"https:\/\/eldigitaldeasturias.com\/magazine365\/wp-content\/uploads\/2015\/06\/aeropu.jpg"},"aioseo_meta_data":{"post_id":"40794","title":null,"description":null,"keywords":null,"keyphrases":null,"primary_term":null,"canonical_url":null,"og_title":null,"og_description":null,"og_object_type":"default","og_image_type":"default","og_image_url":null,"og_image_width":null,"og_image_height":null,"og_image_custom_url":null,"og_image_custom_fields":null,"og_video":null,"og_custom_url":null,"og_article_section":null,"og_article_tags":null,"twitter_use_og":false,"twitter_card":"default","twitter_image_type":"default","twitter_image_url":null,"twitter_image_custom_url":null,"twitter_image_custom_fields":null,"twitter_title":null,"twitter_description":null,"schema":{"blockGraphs":[],"customGraphs":[],"default":{"data":{"Article":[],"Course":[],"Dataset":[],"FAQPage":[],"Movie":[],"Person":[],"Product":[],"ProductReview":[],"Car":[],"Recipe":[],"Service":[],"SoftwareApplication":[],"WebPage":[]},"graphName":"","isEnabled":true},"graphs":[],"defaultGraph":"","defaultPostTypeGraph":""},"schema_type":null,"schema_type_options":null,"pillar_content":false,"robots_default":true,"robots_noindex":false,"robots_noarchive":false,"robots_nosnippet":false,"robots_nofollow":false,"robots_noimageindex":false,"robots_noodp":false,"robots_notranslate":false,"robots_max_snippet":null,"robots_max_videopreview":null,"robots_max_imagepreview":"large","priority":null,"frequency":null,"location":null,"local_seo":null,"seo_analyzer_scan_date":"2025-09-19 14:16:59","breadcrumb_settings":null,"limit_modified_date":false,"open_ai":null,"ai":null,"created":"2021-03-09 02:23:45","updated":"2025-09-19 14:16:59"},"aioseo_breadcrumb":"<div class=\"aioseo-breadcrumbs\"><span class=\"aioseo-breadcrumb\">\n\t<a href=\"https:\/\/eldigitaldeasturias.com\/magazine365\" title=\"Home\">Home<\/a>\n<\/span><span class=\"aioseo-breadcrumb-separator\">\u2013<\/span><span class=\"aioseo-breadcrumb\">\n\t<a href=\"https:\/\/eldigitaldeasturias.com\/magazine365\/category\/actualidad-turismo\/\" title=\"Actualidad Turismo\">Actualidad Turismo<\/a>\n<\/span><span class=\"aioseo-breadcrumb-separator\">\u2013<\/span><span class=\"aioseo-breadcrumb\">\n\t<a href=\"https:\/\/eldigitaldeasturias.com\/magazine365\/los-controladores-aereos-galos-amenazan-con-huelga-los-dias-2-y-3-de-julio\/\" title=\"Los controladores a\u00e9reos galos amenazan con huelga los d\u00edas 2 y 3 de julio\">Los controladores a\u00e9reos galos amenazan con huelga los d\u00edas 2 y 3 de julio<\/a>\n<\/span><\/div>","aioseo_breadcrumb_json":[{"label":"Home","link":"https:\/\/eldigitaldeasturias.com\/magazine365"},{"label":"Actualidad Turismo","link":"https:\/\/eldigitaldeasturias.com\/magazine365\/category\/actualidad-turismo\/"},{"label":"Los controladores a\u00e9reos galos amenazan con huelga los d\u00edas 2 y 3 de julio","link":"https:\/\/eldigitaldeasturias.com\/magazine365\/los-controladores-aereos-galos-amenazan-con-huelga-los-dias-2-y-3-de-julio\/"}],"_links":{"self":[{"href":"https:\/\/eldigitaldeasturias.com\/magazine365\/wp-json\/wp\/v2\/posts\/40794","targetHints":{"allow":["GET"]}}],"collection":[{"href":"https:\/\/eldigitaldeasturias.com\/magazine365\/wp-json\/wp\/v2\/posts"}],"about":[{"href":"https:\/\/eldigitaldeasturias.com\/magazine365\/wp-json\/wp\/v2\/types\/post"}],"author":[{"embeddable":true,"href":"https:\/\/eldigitaldeasturias.com\/magazine365\/wp-json\/wp\/v2\/users\/1"}],"replies":[{"embeddable":true,"href":"https:\/\/eldigitaldeasturias.com\/magazine365\/wp-json\/wp\/v2\/comments?post=40794"}],"version-history":[{"count":0,"href":"https:\/\/eldigitaldeasturias.com\/magazine365\/wp-json\/wp\/v2\/posts\/40794\/revisions"}],"wp:featuredmedia":[{"embeddable":true,"href":"https:\/\/eldigitaldeasturias.com\/magazine365\/wp-json\/wp\/v2\/media\/39724"}],"wp:attachment":[{"href":"https:\/\/eldigitaldeasturias.com\/magazine365\/wp-json\/wp\/v2\/media?parent=40794"}],"wp:term":[{"taxonomy":"category","embeddable":true,"href":"https:\/\/eldigitaldeasturias.com\/magazine365\/wp-json\/wp\/v2\/categories?post=40794"},{"taxonomy":"post_tag","embeddable":true,"href":"https:\/\/eldigitaldeasturias.com\/magazine365\/wp-json\/wp\/v2\/tags?post=40794"}],"curies":[{"name":"wp","href":"https:\/\/api.w.org\/{rel}","templated":true}]}}