{"id":40784,"date":"2015-06-24T06:15:22","date_gmt":"2015-06-24T04:45:22","guid":{"rendered":"http:\/\/eldigitaldeasturias.com\/magazine365\/?p=40784"},"modified":"2015-06-24T06:15:22","modified_gmt":"2015-06-24T04:45:22","slug":"marbella-destaca-el-impacto-economico-y-de-imagen-que-generara-la-ibercup-costa-del-sol","status":"publish","type":"post","link":"https:\/\/eldigitaldeasturias.com\/magazine365\/marbella-destaca-el-impacto-economico-y-de-imagen-que-generara-la-ibercup-costa-del-sol\/","title":{"rendered":"Marbella destaca el impacto econ\u00f3mico y de imagen que generar\u00e1 la Ibercup Costa del Sol"},"content":{"rendered":"<p><img fetchpriority=\"high\" decoding=\"async\" class=\"alignleft size-medium wp-image-40786\" src=\"https:\/\/eldigitaldeasturias.com\/magazine365\/wp-content\/uploads\/2015\/06\/fotonoticia_20150623182249_800-360x240.jpg\" alt=\"fotonoticia_20150623182249_800\" width=\"360\" height=\"240\" srcset=\"https:\/\/eldigitaldeasturias.com\/magazine365\/wp-content\/uploads\/2015\/06\/fotonoticia_20150623182249_800-360x240.jpg 360w, https:\/\/eldigitaldeasturias.com\/magazine365\/wp-content\/uploads\/2015\/06\/fotonoticia_20150623182249_800-650x433.jpg 650w, https:\/\/eldigitaldeasturias.com\/magazine365\/wp-content\/uploads\/2015\/06\/fotonoticia_20150623182249_800-768x512.jpg 768w, https:\/\/eldigitaldeasturias.com\/magazine365\/wp-content\/uploads\/2015\/06\/fotonoticia_20150623182249_800-150x100.jpg 150w, https:\/\/eldigitaldeasturias.com\/magazine365\/wp-content\/uploads\/2015\/06\/fotonoticia_20150623182249_800-450x300.jpg 450w, https:\/\/eldigitaldeasturias.com\/magazine365\/wp-content\/uploads\/2015\/06\/fotonoticia_20150623182249_800-696x464.jpg 696w, https:\/\/eldigitaldeasturias.com\/magazine365\/wp-content\/uploads\/2015\/06\/fotonoticia_20150623182249_800-630x420.jpg 630w, https:\/\/eldigitaldeasturias.com\/magazine365\/wp-content\/uploads\/2015\/06\/fotonoticia_20150623182249_800-84x55.jpg 84w, https:\/\/eldigitaldeasturias.com\/magazine365\/wp-content\/uploads\/2015\/06\/fotonoticia_20150623182249_800.jpg 800w\" sizes=\"(max-width: 360px) 100vw, 360px\" \/>El alcalde de Marbella (M\u00e1laga), Jos\u00e9 Bernal, y el delegado municipal de Deportes, Rafael Pi\u00f1a, han acompa\u00f1ado este martes a los participantes de la Ibercup Costa del Sol 2015 de f\u00fatbol 7 y f\u00fatbol 11, en la ceremonia de apertura que se ha celebrado en el Estadio Municipal. El regidor ha destacado el impacto econ\u00f3mico y de imagen que generar\u00e1 este evento en la localidad.<\/p>\n<p>Bernal ha dado la bienvenida a la ciudad a las m\u00e1s de 6.000 personas de 30 pa\u00edses, entre participantes y familiares, que se dan cita estos d\u00edas en Marbella y en Estepona (M\u00e1laga), y ha anunciado que el Ayuntamiento \u00abpotenciar\u00e1 este tipo de encuentros internacionales para generar actividad econ\u00f3mica en la ciudad y promocionar su imagen\u00bb.<\/p>\n<p>El primer edil ha destacado el impacto econ\u00f3mico que supone este torneo para la ciudad y \u00abla oportunidad de que los participantes trasladen las bondades de Marbella en sus respectivos pa\u00edses de origen\u00bb.<\/p>\n<p>El evento, que se celebrar\u00e1 hasta el 27 de junio en las instalaciones del Marbella Football Center y en los centros deportivos municipales de la ciudad y de Estepona, es el encuentro futbol\u00edstico m\u00e1s internacional del sur de Europa y cuenta con equipos de diferentes puntos del mundo.<\/p>\n<p>Entre los clubes que se dan cita destacan el Atl\u00e9tico de Madrid, Valencia, Sevilla, Betis, M\u00e1laga, Villarreal, Deportivo de la Coru\u00f1a, Espa\u00f1ol, Liverpool, Southampton, Bayer 04 Leverkusen, Hamburg, Inter Mil\u00e1n, Juventus, FC Zenit, Vasco de Gama, N\u00e1utico Capibaribe, Sporting de Lisboa, Oporto, Benfica y Paris St Germain.<\/p>\n<p>Tambi\u00e9n participan el Olimpic de Marsella, Olimpic de Lyon, Chivas Guadalajara, Cruz Azul, AIK FF, Aspire Football Academy, NK Bubamara, Lusaka Soccer Academy, SC Villa Mar\u00eda o UCV Aragua. Clubes locales tambi\u00e9n tendr\u00e1n la oportunidad de jugar en algunas de las categor\u00edas del evento.<\/p>\n<p>El calendario ha comenzado este martes con la ceremonia de apertura y el inicio de la competici\u00f3n. Entre este mi\u00e9rcoles y jueves tendr\u00e1n lugar las fases de grupo, mientras que el viernes y el s\u00e1bado se disputar\u00e1n las finales de los &#8216;playoff&#8217;. Este \u00faltimo d\u00eda se llevar\u00e1 a cabo la clausura del torneo.<\/p>\n","protected":false},"excerpt":{"rendered":"<p>El alcalde de Marbella (M\u00e1laga), Jos\u00e9 Bernal, y el delegado municipal de Deportes, Rafael Pi\u00f1a, han acompa\u00f1ado este martes a los participantes de la Ibercup Costa del Sol 2015 de f\u00fatbol 7 y f\u00fatbol 11, en la ceremonia de apertura que se ha celebrado en el Estadio Municipal. El regidor ha destacado el impacto econ\u00f3mico<\/p>\n","protected":false},"author":1,"featured_media":40786,"comment_status":"open","ping_status":"closed","sticky":false,"template":"","format":"standard","meta":{"footnotes":""},"categories":[222],"tags":[],"class_list":{"0":"post-40784","1":"post","2":"type-post","3":"status-publish","4":"format-standard","5":"has-post-thumbnail","7":"category-actualidad-turismo"},"aioseo_notices":[],"aioseo_head":"\n\t\t<!-- All in One SEO Pro 4.9.6.1 - aioseo.com -->\n\t<meta name=\"description\" content=\"El alcalde de Marbella (M\u00e1laga), Jos\u00e9 Bernal, y el delegado municipal de Deportes, Rafael Pi\u00f1a, han acompa\u00f1ado este martes a los participantes de la Ibercup Costa del Sol 2015 de f\u00fatbol 7 y f\u00fatbol 11, en la ceremonia de apertura que se ha celebrado en el Estadio Municipal. El regidor ha destacado el impacto econ\u00f3mico\" \/>\n\t<meta name=\"robots\" content=\"max-image-preview:large\" \/>\n\t<meta name=\"author\" content=\"admin\"\/>\n\t<meta name=\"google-site-verification\" content=\"UA-38556648-1\" \/>\n\t<meta name=\"keywords\" content=\"actualidad turismo\" \/>\n\t<link rel=\"canonical\" href=\"https:\/\/eldigitaldeasturias.com\/magazine365\/marbella-destaca-el-impacto-economico-y-de-imagen-que-generara-la-ibercup-costa-del-sol\/\" \/>\n\t<meta name=\"generator\" content=\"All in One SEO Pro (AIOSEO) 4.9.6.1\" \/>\n\t\t<meta property=\"og:locale\" content=\"es_ES\" \/>\n\t\t<meta property=\"og:site_name\" content=\"El Digital de Asturias \u2013 Revista de ocio, turismo y estilo de vida\" \/>\n\t\t<meta property=\"og:type\" content=\"article\" \/>\n\t\t<meta property=\"og:title\" content=\"Marbella destaca el impacto econ\u00f3mico y de imagen que generar\u00e1 la Ibercup Costa del Sol | El Digital de Asturias\" \/>\n\t\t<meta property=\"og:description\" content=\"El alcalde de Marbella (M\u00e1laga), Jos\u00e9 Bernal, y el delegado municipal de Deportes, Rafael Pi\u00f1a, han acompa\u00f1ado este martes a los participantes de la Ibercup Costa del Sol 2015 de f\u00fatbol 7 y f\u00fatbol 11, en la ceremonia de apertura que se ha celebrado en el Estadio Municipal. El regidor ha destacado el impacto econ\u00f3mico\" \/>\n\t\t<meta property=\"og:url\" content=\"https:\/\/eldigitaldeasturias.com\/magazine365\/marbella-destaca-el-impacto-economico-y-de-imagen-que-generara-la-ibercup-costa-del-sol\/\" \/>\n\t\t<meta property=\"og:image\" content=\"https:\/\/eldigitaldeasturias.com\/magazine365\/wp-content\/uploads\/2015\/06\/fotonoticia_20150623182249_800.jpg\" \/>\n\t\t<meta property=\"og:image:secure_url\" content=\"https:\/\/eldigitaldeasturias.com\/magazine365\/wp-content\/uploads\/2015\/06\/fotonoticia_20150623182249_800.jpg\" \/>\n\t\t<meta property=\"og:image:width\" content=\"800\" \/>\n\t\t<meta property=\"og:image:height\" content=\"533\" \/>\n\t\t<meta property=\"article:published_time\" content=\"2015-06-24T04:45:22+00:00\" \/>\n\t\t<meta property=\"article:modified_time\" content=\"2015-06-24T04:45:22+00:00\" \/>\n\t\t<meta name=\"twitter:card\" content=\"summary_large_image\" \/>\n\t\t<meta name=\"twitter:title\" content=\"Marbella destaca el impacto econ\u00f3mico y de imagen que generar\u00e1 la Ibercup Costa del Sol | El Digital de Asturias\" \/>\n\t\t<meta name=\"twitter:description\" content=\"El alcalde de Marbella (M\u00e1laga), Jos\u00e9 Bernal, y el delegado municipal de Deportes, Rafael Pi\u00f1a, han acompa\u00f1ado este martes a los participantes de la Ibercup Costa del Sol 2015 de f\u00fatbol 7 y f\u00fatbol 11, en la ceremonia de apertura que se ha celebrado en el Estadio Municipal. El regidor ha destacado el impacto econ\u00f3mico\" \/>\n\t\t<meta name=\"twitter:image\" content=\"https:\/\/eldigitaldeasturias.com\/magazine365\/wp-content\/uploads\/2015\/06\/fotonoticia_20150623182249_800.jpg\" \/>\n\t\t<script type=\"application\/ld+json\" class=\"aioseo-schema\">\n\t\t\t{\"@context\":\"https:\\\/\\\/schema.org\",\"@graph\":[{\"@type\":\"Article\",\"@id\":\"https:\\\/\\\/eldigitaldeasturias.com\\\/magazine365\\\/marbella-destaca-el-impacto-economico-y-de-imagen-que-generara-la-ibercup-costa-del-sol\\\/#article\",\"name\":\"Marbella destaca el impacto econ\\u00f3mico y de imagen que generar\\u00e1 la Ibercup Costa del Sol | El Digital de Asturias\",\"headline\":\"Marbella destaca el impacto econ\\u00f3mico y de imagen que generar\\u00e1 la Ibercup Costa del Sol\",\"author\":{\"@id\":\"https:\\\/\\\/eldigitaldeasturias.com\\\/magazine365\\\/author\\\/admin\\\/#author\"},\"publisher\":{\"@id\":\"https:\\\/\\\/eldigitaldeasturias.com\\\/magazine365\\\/#organization\"},\"image\":{\"@type\":\"ImageObject\",\"url\":\"https:\\\/\\\/eldigitaldeasturias.com\\\/magazine365\\\/wp-content\\\/uploads\\\/2015\\\/06\\\/fotonoticia_20150623182249_800.jpg\",\"width\":800,\"height\":533},\"datePublished\":\"2015-06-24T06:15:22+02:00\",\"dateModified\":\"2015-06-24T06:15:22+02:00\",\"inLanguage\":\"es-ES\",\"mainEntityOfPage\":{\"@id\":\"https:\\\/\\\/eldigitaldeasturias.com\\\/magazine365\\\/marbella-destaca-el-impacto-economico-y-de-imagen-que-generara-la-ibercup-costa-del-sol\\\/#webpage\"},\"isPartOf\":{\"@id\":\"https:\\\/\\\/eldigitaldeasturias.com\\\/magazine365\\\/marbella-destaca-el-impacto-economico-y-de-imagen-que-generara-la-ibercup-costa-del-sol\\\/#webpage\"},\"articleSection\":\"Actualidad Turismo\"},{\"@type\":\"BreadcrumbList\",\"@id\":\"https:\\\/\\\/eldigitaldeasturias.com\\\/magazine365\\\/marbella-destaca-el-impacto-economico-y-de-imagen-que-generara-la-ibercup-costa-del-sol\\\/#breadcrumblist\",\"itemListElement\":[{\"@type\":\"ListItem\",\"@id\":\"https:\\\/\\\/eldigitaldeasturias.com\\\/magazine365#listItem\",\"position\":1,\"name\":\"Home\",\"item\":\"https:\\\/\\\/eldigitaldeasturias.com\\\/magazine365\",\"nextItem\":{\"@type\":\"ListItem\",\"@id\":\"https:\\\/\\\/eldigitaldeasturias.com\\\/magazine365\\\/category\\\/actualidad-turismo\\\/#listItem\",\"name\":\"Actualidad Turismo\"}},{\"@type\":\"ListItem\",\"@id\":\"https:\\\/\\\/eldigitaldeasturias.com\\\/magazine365\\\/category\\\/actualidad-turismo\\\/#listItem\",\"position\":2,\"name\":\"Actualidad Turismo\",\"item\":\"https:\\\/\\\/eldigitaldeasturias.com\\\/magazine365\\\/category\\\/actualidad-turismo\\\/\",\"nextItem\":{\"@type\":\"ListItem\",\"@id\":\"https:\\\/\\\/eldigitaldeasturias.com\\\/magazine365\\\/marbella-destaca-el-impacto-economico-y-de-imagen-que-generara-la-ibercup-costa-del-sol\\\/#listItem\",\"name\":\"Marbella destaca el impacto econ\\u00f3mico y de imagen que generar\\u00e1 la Ibercup Costa del Sol\"},\"previousItem\":{\"@type\":\"ListItem\",\"@id\":\"https:\\\/\\\/eldigitaldeasturias.com\\\/magazine365#listItem\",\"name\":\"Home\"}},{\"@type\":\"ListItem\",\"@id\":\"https:\\\/\\\/eldigitaldeasturias.com\\\/magazine365\\\/marbella-destaca-el-impacto-economico-y-de-imagen-que-generara-la-ibercup-costa-del-sol\\\/#listItem\",\"position\":3,\"name\":\"Marbella destaca el impacto econ\\u00f3mico y de imagen que generar\\u00e1 la Ibercup Costa del Sol\",\"previousItem\":{\"@type\":\"ListItem\",\"@id\":\"https:\\\/\\\/eldigitaldeasturias.com\\\/magazine365\\\/category\\\/actualidad-turismo\\\/#listItem\",\"name\":\"Actualidad Turismo\"}}]},{\"@type\":\"Organization\",\"@id\":\"https:\\\/\\\/eldigitaldeasturias.com\\\/magazine365\\\/#organization\",\"name\":\"El digital de Asturias\",\"description\":\"Revista de ocio, turismo y estilo de vida\",\"url\":\"https:\\\/\\\/eldigitaldeasturias.com\\\/magazine365\\\/\",\"logo\":{\"@type\":\"ImageObject\",\"url\":\"https:\\\/\\\/www.eldigitaldeasturias.com\\\/noticias\\\/wp-content\\\/uploads\\\/2020\\\/12\\\/EDA.jpg\",\"@id\":\"https:\\\/\\\/eldigitaldeasturias.com\\\/magazine365\\\/marbella-destaca-el-impacto-economico-y-de-imagen-que-generara-la-ibercup-costa-del-sol\\\/#organizationLogo\"},\"image\":{\"@id\":\"https:\\\/\\\/eldigitaldeasturias.com\\\/magazine365\\\/marbella-destaca-el-impacto-economico-y-de-imagen-que-generara-la-ibercup-costa-del-sol\\\/#organizationLogo\"}},{\"@type\":\"Person\",\"@id\":\"https:\\\/\\\/eldigitaldeasturias.com\\\/magazine365\\\/author\\\/admin\\\/#author\",\"url\":\"https:\\\/\\\/eldigitaldeasturias.com\\\/magazine365\\\/author\\\/admin\\\/\",\"name\":\"admin\",\"image\":{\"@type\":\"ImageObject\",\"@id\":\"https:\\\/\\\/eldigitaldeasturias.com\\\/magazine365\\\/marbella-destaca-el-impacto-economico-y-de-imagen-que-generara-la-ibercup-costa-del-sol\\\/#authorImage\",\"url\":\"https:\\\/\\\/eldigitaldeasturias.com\\\/magazine365\\\/wp-content\\\/litespeed\\\/avatar\\\/e571bcf59a0edd6fa6838245a470f2fe.jpg?ver=1777574230\",\"width\":96,\"height\":96,\"caption\":\"admin\"}},{\"@type\":\"WebPage\",\"@id\":\"https:\\\/\\\/eldigitaldeasturias.com\\\/magazine365\\\/marbella-destaca-el-impacto-economico-y-de-imagen-que-generara-la-ibercup-costa-del-sol\\\/#webpage\",\"url\":\"https:\\\/\\\/eldigitaldeasturias.com\\\/magazine365\\\/marbella-destaca-el-impacto-economico-y-de-imagen-que-generara-la-ibercup-costa-del-sol\\\/\",\"name\":\"Marbella destaca el impacto econ\\u00f3mico y de imagen que generar\\u00e1 la Ibercup Costa del Sol | El Digital de Asturias\",\"description\":\"El alcalde de Marbella (M\\u00e1laga), Jos\\u00e9 Bernal, y el delegado municipal de Deportes, Rafael Pi\\u00f1a, han acompa\\u00f1ado este martes a los participantes de la Ibercup Costa del Sol 2015 de f\\u00fatbol 7 y f\\u00fatbol 11, en la ceremonia de apertura que se ha celebrado en el Estadio Municipal. El regidor ha destacado el impacto econ\\u00f3mico\",\"inLanguage\":\"es-ES\",\"isPartOf\":{\"@id\":\"https:\\\/\\\/eldigitaldeasturias.com\\\/magazine365\\\/#website\"},\"breadcrumb\":{\"@id\":\"https:\\\/\\\/eldigitaldeasturias.com\\\/magazine365\\\/marbella-destaca-el-impacto-economico-y-de-imagen-que-generara-la-ibercup-costa-del-sol\\\/#breadcrumblist\"},\"author\":{\"@id\":\"https:\\\/\\\/eldigitaldeasturias.com\\\/magazine365\\\/author\\\/admin\\\/#author\"},\"creator\":{\"@id\":\"https:\\\/\\\/eldigitaldeasturias.com\\\/magazine365\\\/author\\\/admin\\\/#author\"},\"image\":{\"@type\":\"ImageObject\",\"url\":\"https:\\\/\\\/eldigitaldeasturias.com\\\/magazine365\\\/wp-content\\\/uploads\\\/2015\\\/06\\\/fotonoticia_20150623182249_800.jpg\",\"@id\":\"https:\\\/\\\/eldigitaldeasturias.com\\\/magazine365\\\/marbella-destaca-el-impacto-economico-y-de-imagen-que-generara-la-ibercup-costa-del-sol\\\/#mainImage\",\"width\":800,\"height\":533},\"primaryImageOfPage\":{\"@id\":\"https:\\\/\\\/eldigitaldeasturias.com\\\/magazine365\\\/marbella-destaca-el-impacto-economico-y-de-imagen-que-generara-la-ibercup-costa-del-sol\\\/#mainImage\"},\"datePublished\":\"2015-06-24T06:15:22+02:00\",\"dateModified\":\"2015-06-24T06:15:22+02:00\"},{\"@type\":\"WebSite\",\"@id\":\"https:\\\/\\\/eldigitaldeasturias.com\\\/magazine365\\\/#website\",\"url\":\"https:\\\/\\\/eldigitaldeasturias.com\\\/magazine365\\\/\",\"name\":\"El Digital de Asturias\",\"description\":\"Revista de ocio, turismo y estilo de vida\",\"inLanguage\":\"es-ES\",\"publisher\":{\"@id\":\"https:\\\/\\\/eldigitaldeasturias.com\\\/magazine365\\\/#organization\"}}]}\n\t\t<\/script>\n\t\t<!-- All in One SEO Pro -->\r\n\t\t<title>Marbella destaca el impacto econ\u00f3mico y de imagen que generar\u00e1 la Ibercup Costa del Sol | El Digital de Asturias<\/title>\n\n","aioseo_head_json":{"title":"Marbella destaca el impacto econ\u00f3mico y de imagen que generar\u00e1 la Ibercup Costa del Sol | El Digital de Asturias","description":"El alcalde de Marbella (M\u00e1laga), Jos\u00e9 Bernal, y el delegado municipal de Deportes, Rafael Pi\u00f1a, han acompa\u00f1ado este martes a los participantes de la Ibercup Costa del Sol 2015 de f\u00fatbol 7 y f\u00fatbol 11, en la ceremonia de apertura que se ha celebrado en el Estadio Municipal. El regidor ha destacado el impacto econ\u00f3mico","canonical_url":"https:\/\/eldigitaldeasturias.com\/magazine365\/marbella-destaca-el-impacto-economico-y-de-imagen-que-generara-la-ibercup-costa-del-sol\/","robots":"max-image-preview:large","keywords":"actualidad turismo","webmasterTools":{"google-site-verification":"UA-38556648-1","miscellaneous":""},"schema":{"@context":"https:\/\/schema.org","@graph":[{"@type":"Article","@id":"https:\/\/eldigitaldeasturias.com\/magazine365\/marbella-destaca-el-impacto-economico-y-de-imagen-que-generara-la-ibercup-costa-del-sol\/#article","name":"Marbella destaca el impacto econ\u00f3mico y de imagen que generar\u00e1 la Ibercup Costa del Sol | El Digital de Asturias","headline":"Marbella destaca el impacto econ\u00f3mico y de imagen que generar\u00e1 la Ibercup Costa del Sol","author":{"@id":"https:\/\/eldigitaldeasturias.com\/magazine365\/author\/admin\/#author"},"publisher":{"@id":"https:\/\/eldigitaldeasturias.com\/magazine365\/#organization"},"image":{"@type":"ImageObject","url":"https:\/\/eldigitaldeasturias.com\/magazine365\/wp-content\/uploads\/2015\/06\/fotonoticia_20150623182249_800.jpg","width":800,"height":533},"datePublished":"2015-06-24T06:15:22+02:00","dateModified":"2015-06-24T06:15:22+02:00","inLanguage":"es-ES","mainEntityOfPage":{"@id":"https:\/\/eldigitaldeasturias.com\/magazine365\/marbella-destaca-el-impacto-economico-y-de-imagen-que-generara-la-ibercup-costa-del-sol\/#webpage"},"isPartOf":{"@id":"https:\/\/eldigitaldeasturias.com\/magazine365\/marbella-destaca-el-impacto-economico-y-de-imagen-que-generara-la-ibercup-costa-del-sol\/#webpage"},"articleSection":"Actualidad Turismo"},{"@type":"BreadcrumbList","@id":"https:\/\/eldigitaldeasturias.com\/magazine365\/marbella-destaca-el-impacto-economico-y-de-imagen-que-generara-la-ibercup-costa-del-sol\/#breadcrumblist","itemListElement":[{"@type":"ListItem","@id":"https:\/\/eldigitaldeasturias.com\/magazine365#listItem","position":1,"name":"Home","item":"https:\/\/eldigitaldeasturias.com\/magazine365","nextItem":{"@type":"ListItem","@id":"https:\/\/eldigitaldeasturias.com\/magazine365\/category\/actualidad-turismo\/#listItem","name":"Actualidad Turismo"}},{"@type":"ListItem","@id":"https:\/\/eldigitaldeasturias.com\/magazine365\/category\/actualidad-turismo\/#listItem","position":2,"name":"Actualidad Turismo","item":"https:\/\/eldigitaldeasturias.com\/magazine365\/category\/actualidad-turismo\/","nextItem":{"@type":"ListItem","@id":"https:\/\/eldigitaldeasturias.com\/magazine365\/marbella-destaca-el-impacto-economico-y-de-imagen-que-generara-la-ibercup-costa-del-sol\/#listItem","name":"Marbella destaca el impacto econ\u00f3mico y de imagen que generar\u00e1 la Ibercup Costa del Sol"},"previousItem":{"@type":"ListItem","@id":"https:\/\/eldigitaldeasturias.com\/magazine365#listItem","name":"Home"}},{"@type":"ListItem","@id":"https:\/\/eldigitaldeasturias.com\/magazine365\/marbella-destaca-el-impacto-economico-y-de-imagen-que-generara-la-ibercup-costa-del-sol\/#listItem","position":3,"name":"Marbella destaca el impacto econ\u00f3mico y de imagen que generar\u00e1 la Ibercup Costa del Sol","previousItem":{"@type":"ListItem","@id":"https:\/\/eldigitaldeasturias.com\/magazine365\/category\/actualidad-turismo\/#listItem","name":"Actualidad Turismo"}}]},{"@type":"Organization","@id":"https:\/\/eldigitaldeasturias.com\/magazine365\/#organization","name":"El digital de Asturias","description":"Revista de ocio, turismo y estilo de vida","url":"https:\/\/eldigitaldeasturias.com\/magazine365\/","logo":{"@type":"ImageObject","url":"https:\/\/www.eldigitaldeasturias.com\/noticias\/wp-content\/uploads\/2020\/12\/EDA.jpg","@id":"https:\/\/eldigitaldeasturias.com\/magazine365\/marbella-destaca-el-impacto-economico-y-de-imagen-que-generara-la-ibercup-costa-del-sol\/#organizationLogo"},"image":{"@id":"https:\/\/eldigitaldeasturias.com\/magazine365\/marbella-destaca-el-impacto-economico-y-de-imagen-que-generara-la-ibercup-costa-del-sol\/#organizationLogo"}},{"@type":"Person","@id":"https:\/\/eldigitaldeasturias.com\/magazine365\/author\/admin\/#author","url":"https:\/\/eldigitaldeasturias.com\/magazine365\/author\/admin\/","name":"admin","image":{"@type":"ImageObject","@id":"https:\/\/eldigitaldeasturias.com\/magazine365\/marbella-destaca-el-impacto-economico-y-de-imagen-que-generara-la-ibercup-costa-del-sol\/#authorImage","url":"https:\/\/eldigitaldeasturias.com\/magazine365\/wp-content\/litespeed\/avatar\/e571bcf59a0edd6fa6838245a470f2fe.jpg?ver=1777574230","width":96,"height":96,"caption":"admin"}},{"@type":"WebPage","@id":"https:\/\/eldigitaldeasturias.com\/magazine365\/marbella-destaca-el-impacto-economico-y-de-imagen-que-generara-la-ibercup-costa-del-sol\/#webpage","url":"https:\/\/eldigitaldeasturias.com\/magazine365\/marbella-destaca-el-impacto-economico-y-de-imagen-que-generara-la-ibercup-costa-del-sol\/","name":"Marbella destaca el impacto econ\u00f3mico y de imagen que generar\u00e1 la Ibercup Costa del Sol | El Digital de Asturias","description":"El alcalde de Marbella (M\u00e1laga), Jos\u00e9 Bernal, y el delegado municipal de Deportes, Rafael Pi\u00f1a, han acompa\u00f1ado este martes a los participantes de la Ibercup Costa del Sol 2015 de f\u00fatbol 7 y f\u00fatbol 11, en la ceremonia de apertura que se ha celebrado en el Estadio Municipal. El regidor ha destacado el impacto econ\u00f3mico","inLanguage":"es-ES","isPartOf":{"@id":"https:\/\/eldigitaldeasturias.com\/magazine365\/#website"},"breadcrumb":{"@id":"https:\/\/eldigitaldeasturias.com\/magazine365\/marbella-destaca-el-impacto-economico-y-de-imagen-que-generara-la-ibercup-costa-del-sol\/#breadcrumblist"},"author":{"@id":"https:\/\/eldigitaldeasturias.com\/magazine365\/author\/admin\/#author"},"creator":{"@id":"https:\/\/eldigitaldeasturias.com\/magazine365\/author\/admin\/#author"},"image":{"@type":"ImageObject","url":"https:\/\/eldigitaldeasturias.com\/magazine365\/wp-content\/uploads\/2015\/06\/fotonoticia_20150623182249_800.jpg","@id":"https:\/\/eldigitaldeasturias.com\/magazine365\/marbella-destaca-el-impacto-economico-y-de-imagen-que-generara-la-ibercup-costa-del-sol\/#mainImage","width":800,"height":533},"primaryImageOfPage":{"@id":"https:\/\/eldigitaldeasturias.com\/magazine365\/marbella-destaca-el-impacto-economico-y-de-imagen-que-generara-la-ibercup-costa-del-sol\/#mainImage"},"datePublished":"2015-06-24T06:15:22+02:00","dateModified":"2015-06-24T06:15:22+02:00"},{"@type":"WebSite","@id":"https:\/\/eldigitaldeasturias.com\/magazine365\/#website","url":"https:\/\/eldigitaldeasturias.com\/magazine365\/","name":"El Digital de Asturias","description":"Revista de ocio, turismo y estilo de vida","inLanguage":"es-ES","publisher":{"@id":"https:\/\/eldigitaldeasturias.com\/magazine365\/#organization"}}]},"og:locale":"es_ES","og:site_name":"El Digital de Asturias \u2013 Revista de ocio, turismo y estilo de vida","og:type":"article","og:title":"Marbella destaca el impacto econ\u00f3mico y de imagen que generar\u00e1 la Ibercup Costa del Sol | El Digital de Asturias","og:description":"El alcalde de Marbella (M\u00e1laga), Jos\u00e9 Bernal, y el delegado municipal de Deportes, Rafael Pi\u00f1a, han acompa\u00f1ado este martes a los participantes de la Ibercup Costa del Sol 2015 de f\u00fatbol 7 y f\u00fatbol 11, en la ceremonia de apertura que se ha celebrado en el Estadio Municipal. El regidor ha destacado el impacto econ\u00f3mico","og:url":"https:\/\/eldigitaldeasturias.com\/magazine365\/marbella-destaca-el-impacto-economico-y-de-imagen-que-generara-la-ibercup-costa-del-sol\/","og:image":"https:\/\/eldigitaldeasturias.com\/magazine365\/wp-content\/uploads\/2015\/06\/fotonoticia_20150623182249_800.jpg","og:image:secure_url":"https:\/\/eldigitaldeasturias.com\/magazine365\/wp-content\/uploads\/2015\/06\/fotonoticia_20150623182249_800.jpg","og:image:width":800,"og:image:height":533,"article:published_time":"2015-06-24T04:45:22+00:00","article:modified_time":"2015-06-24T04:45:22+00:00","twitter:card":"summary_large_image","twitter:title":"Marbella destaca el impacto econ\u00f3mico y de imagen que generar\u00e1 la Ibercup Costa del Sol | El Digital de Asturias","twitter:description":"El alcalde de Marbella (M\u00e1laga), Jos\u00e9 Bernal, y el delegado municipal de Deportes, Rafael Pi\u00f1a, han acompa\u00f1ado este martes a los participantes de la Ibercup Costa del Sol 2015 de f\u00fatbol 7 y f\u00fatbol 11, en la ceremonia de apertura que se ha celebrado en el Estadio Municipal. El regidor ha destacado el impacto econ\u00f3mico","twitter:image":"https:\/\/eldigitaldeasturias.com\/magazine365\/wp-content\/uploads\/2015\/06\/fotonoticia_20150623182249_800.jpg"},"aioseo_meta_data":{"post_id":"40784","title":null,"description":null,"keywords":null,"keyphrases":null,"primary_term":null,"canonical_url":null,"og_title":null,"og_description":null,"og_object_type":"default","og_image_type":"default","og_image_url":null,"og_image_width":null,"og_image_height":null,"og_image_custom_url":null,"og_image_custom_fields":null,"og_video":null,"og_custom_url":null,"og_article_section":null,"og_article_tags":null,"twitter_use_og":false,"twitter_card":"default","twitter_image_type":"default","twitter_image_url":null,"twitter_image_custom_url":null,"twitter_image_custom_fields":null,"twitter_title":null,"twitter_description":null,"schema":{"blockGraphs":[],"customGraphs":[],"default":{"data":{"Article":[],"Course":[],"Dataset":[],"FAQPage":[],"Movie":[],"Person":[],"Product":[],"ProductReview":[],"Car":[],"Recipe":[],"Service":[],"SoftwareApplication":[],"WebPage":[]},"graphName":"","isEnabled":true},"graphs":[],"defaultGraph":"","defaultPostTypeGraph":""},"schema_type":null,"schema_type_options":null,"pillar_content":false,"robots_default":true,"robots_noindex":false,"robots_noarchive":false,"robots_nosnippet":false,"robots_nofollow":false,"robots_noimageindex":false,"robots_noodp":false,"robots_notranslate":false,"robots_max_snippet":null,"robots_max_videopreview":null,"robots_max_imagepreview":"large","priority":null,"frequency":null,"location":null,"local_seo":null,"seo_analyzer_scan_date":"2025-09-19 14:16:56","breadcrumb_settings":null,"limit_modified_date":false,"open_ai":null,"ai":null,"created":"2021-03-09 02:23:45","updated":"2025-09-19 14:16:56"},"aioseo_breadcrumb":"<div class=\"aioseo-breadcrumbs\"><span class=\"aioseo-breadcrumb\">\n\t<a href=\"https:\/\/eldigitaldeasturias.com\/magazine365\" title=\"Home\">Home<\/a>\n<\/span><span class=\"aioseo-breadcrumb-separator\">\u2013<\/span><span class=\"aioseo-breadcrumb\">\n\t<a href=\"https:\/\/eldigitaldeasturias.com\/magazine365\/category\/actualidad-turismo\/\" title=\"Actualidad Turismo\">Actualidad Turismo<\/a>\n<\/span><span class=\"aioseo-breadcrumb-separator\">\u2013<\/span><span class=\"aioseo-breadcrumb\">\n\t<a href=\"https:\/\/eldigitaldeasturias.com\/magazine365\/marbella-destaca-el-impacto-economico-y-de-imagen-que-generara-la-ibercup-costa-del-sol\/\" title=\"Marbella destaca el impacto econ\u00f3mico y de imagen que generar\u00e1 la Ibercup Costa del Sol\">Marbella destaca el impacto econ\u00f3mico y de imagen que generar\u00e1 la Ibercup Costa del Sol<\/a>\n<\/span><\/div>","aioseo_breadcrumb_json":[{"label":"Home","link":"https:\/\/eldigitaldeasturias.com\/magazine365"},{"label":"Actualidad Turismo","link":"https:\/\/eldigitaldeasturias.com\/magazine365\/category\/actualidad-turismo\/"},{"label":"Marbella destaca el impacto econ\u00f3mico y de imagen que generar\u00e1 la Ibercup Costa del Sol","link":"https:\/\/eldigitaldeasturias.com\/magazine365\/marbella-destaca-el-impacto-economico-y-de-imagen-que-generara-la-ibercup-costa-del-sol\/"}],"_links":{"self":[{"href":"https:\/\/eldigitaldeasturias.com\/magazine365\/wp-json\/wp\/v2\/posts\/40784","targetHints":{"allow":["GET"]}}],"collection":[{"href":"https:\/\/eldigitaldeasturias.com\/magazine365\/wp-json\/wp\/v2\/posts"}],"about":[{"href":"https:\/\/eldigitaldeasturias.com\/magazine365\/wp-json\/wp\/v2\/types\/post"}],"author":[{"embeddable":true,"href":"https:\/\/eldigitaldeasturias.com\/magazine365\/wp-json\/wp\/v2\/users\/1"}],"replies":[{"embeddable":true,"href":"https:\/\/eldigitaldeasturias.com\/magazine365\/wp-json\/wp\/v2\/comments?post=40784"}],"version-history":[{"count":0,"href":"https:\/\/eldigitaldeasturias.com\/magazine365\/wp-json\/wp\/v2\/posts\/40784\/revisions"}],"wp:featuredmedia":[{"embeddable":true,"href":"https:\/\/eldigitaldeasturias.com\/magazine365\/wp-json\/wp\/v2\/media\/40786"}],"wp:attachment":[{"href":"https:\/\/eldigitaldeasturias.com\/magazine365\/wp-json\/wp\/v2\/media?parent=40784"}],"wp:term":[{"taxonomy":"category","embeddable":true,"href":"https:\/\/eldigitaldeasturias.com\/magazine365\/wp-json\/wp\/v2\/categories?post=40784"},{"taxonomy":"post_tag","embeddable":true,"href":"https:\/\/eldigitaldeasturias.com\/magazine365\/wp-json\/wp\/v2\/tags?post=40784"}],"curies":[{"name":"wp","href":"https:\/\/api.w.org\/{rel}","templated":true}]}}