{"id":40775,"date":"2015-06-24T06:03:49","date_gmt":"2015-06-24T04:33:49","guid":{"rendered":"http:\/\/eldigitaldeasturias.com\/magazine365\/?p=40775"},"modified":"2015-06-24T06:03:49","modified_gmt":"2015-06-24T04:33:49","slug":"la-costa-del-sol-cierra-el-mejor-mayo-de-su-historia","status":"publish","type":"post","link":"https:\/\/eldigitaldeasturias.com\/magazine365\/la-costa-del-sol-cierra-el-mejor-mayo-de-su-historia\/","title":{"rendered":"La Costa del Sol cierra el mejor mayo de su historia"},"content":{"rendered":"<p><img fetchpriority=\"high\" decoding=\"async\" class=\"alignleft size-medium wp-image-40776\" src=\"https:\/\/eldigitaldeasturias.com\/magazine365\/wp-content\/uploads\/2015\/06\/fotonoticia_20150623172936_800-290x300.jpg\" alt=\"fotonoticia_20150623172936_800\" width=\"290\" height=\"300\" srcset=\"https:\/\/eldigitaldeasturias.com\/magazine365\/wp-content\/uploads\/2015\/06\/fotonoticia_20150623172936_800-290x300.jpg 290w, https:\/\/eldigitaldeasturias.com\/magazine365\/wp-content\/uploads\/2015\/06\/fotonoticia_20150623172936_800-618x640.jpg 618w, https:\/\/eldigitaldeasturias.com\/magazine365\/wp-content\/uploads\/2015\/06\/fotonoticia_20150623172936_800-768x796.jpg 768w, https:\/\/eldigitaldeasturias.com\/magazine365\/wp-content\/uploads\/2015\/06\/fotonoticia_20150623172936_800-150x155.jpg 150w, https:\/\/eldigitaldeasturias.com\/magazine365\/wp-content\/uploads\/2015\/06\/fotonoticia_20150623172936_800-450x466.jpg 450w, https:\/\/eldigitaldeasturias.com\/magazine365\/wp-content\/uploads\/2015\/06\/fotonoticia_20150623172936_800-696x721.jpg 696w, https:\/\/eldigitaldeasturias.com\/magazine365\/wp-content\/uploads\/2015\/06\/fotonoticia_20150623172936_800-405x420.jpg 405w, https:\/\/eldigitaldeasturias.com\/magazine365\/wp-content\/uploads\/2015\/06\/fotonoticia_20150623172936_800.jpg 800w\" sizes=\"(max-width: 290px) 100vw, 290px\" \/>M\u00e1s de 520.000 turistas alojados en los hoteles que han generado m\u00e1s de 1,8 millones pernoctaciones sustentan \u00abel mejor mes de mayo de la historia\u00bb en la Costa del Sol.<\/p>\n<p>As\u00ed lo han asegurado desde la Diputaci\u00f3n de M\u00e1laga en un comunicado, precisando que en concreto, llegaron a la provincia malague\u00f1a 520.539 viajeros, un 6,8 por ciento m\u00e1s que en el mismo mes de 2014, y se han contabilizado 1.821.176 noches de hotel consumidas, un cuatro por ciento m\u00e1s.<\/p>\n<p>Estas cifras, extra\u00eddas de la coyuntura hotelera que ha publicado este martes el Instituto Nacional de Estad\u00edstica (INE), colocan a mayo con m\u00e1s turistas incluso que el mes de junio de 2014, cuando llegaron 507.719. Adem\u00e1s, estos dos indicadores son incluso m\u00e1s altos que los cosechados en el a\u00f1o del turismo por excelencia, que fue 2008.<\/p>\n<p>El presidente en funciones de la Diputaci\u00f3n de M\u00e1laga y de Turismo Costa del Sol, El\u00edas Bendodo, ha dejado claro que estos datos \u00abno son fruto de un mes sino que responden a una tendencia que se prolonga en el tiempo\u00bb.<\/p>\n<p>\u00abLa Costa del Sol lleva m\u00e1s de tres a\u00f1os de crecimiento sostenido no s\u00f3lo en el n\u00famero de visitantes y de noches de hotel, sino tambi\u00e9n en el impacto econ\u00f3mico global del turismo en la provincia de M\u00e1laga. Este a\u00f1o, de hecho, se calcula que la repercusi\u00f3n econ\u00f3mica del sector escalar\u00e1 en torno a un cinco por ciento respecto a un 2014 que ya fue de r\u00e9cord\u00bb, ha dicho.<\/p>\n<p>Estas cifras, ha destacado Bendodo, \u00abnos alientan a seguir trabajando en la misma l\u00ednea que hasta ahora, es decir, en una estrategia de segmentaci\u00f3n que nos ha permitido promocionar todas las virtudes de la provincia y nos ha alejado del concepto \u00fanico del sol y playa\u00bb.<\/p>\n<p>De hecho, en el global de los primeros cinco meses del a\u00f1o se han registrado 1.719.994 visitantes hoteleros, un cuatro por ciento m\u00e1s que en el mismo periodo de 2014 y la segunda cifra m\u00e1s alta de la historia. Y con las pernoctaciones ocurre algo similar: se han superado los seis millones, un 2,6 por ciento m\u00e1s que hace un a\u00f1o y el segundo dato m\u00e1s elevado que se conoce.<\/p>\n<p>Otros dos indicadores que han aumentado a lo largo de este a\u00f1o 2015, seg\u00fan han precisado, son la ocupaci\u00f3n y el personal empleado. El primero de ellos refleja un punto m\u00e1s que en 2014 y se instala en el 50,8 por ciento, mientras que el segundo ha avanzado un 2,1 por ciento hasta los 9.792 trabajadores.<\/p>\n<p>Solo en la estancia no se observan crecimientos y \u00e9sta ofrece valores muy parecidos a los del a\u00f1o pasado: 3,5 d\u00edas de media en estos meses; eso s\u00ed, han destacado, \u00abmuy superior\u00bb al promedio nacional (tres) y al andaluz (2,5).<\/p>\n","protected":false},"excerpt":{"rendered":"<p>M\u00e1s de 520.000 turistas alojados en los hoteles que han generado m\u00e1s de 1,8 millones pernoctaciones sustentan \u00abel mejor mes de mayo de la historia\u00bb en la Costa del Sol. As\u00ed lo han asegurado desde la Diputaci\u00f3n de M\u00e1laga en un comunicado, precisando que en concreto, llegaron a la provincia malague\u00f1a 520.539 viajeros, un 6,8<\/p>\n","protected":false},"author":1,"featured_media":40776,"comment_status":"open","ping_status":"closed","sticky":false,"template":"","format":"standard","meta":{"footnotes":""},"categories":[222],"tags":[],"class_list":{"0":"post-40775","1":"post","2":"type-post","3":"status-publish","4":"format-standard","5":"has-post-thumbnail","7":"category-actualidad-turismo"},"aioseo_notices":[],"aioseo_head":"\n\t\t<!-- All in One SEO Pro 4.9.6.1 - aioseo.com -->\n\t<meta name=\"description\" content=\"M\u00e1s de 520.000 turistas alojados en los hoteles que han generado m\u00e1s de 1,8 millones pernoctaciones sustentan &quot;el mejor mes de mayo de la historia&quot; en la Costa del Sol. As\u00ed lo han asegurado desde la Diputaci\u00f3n de M\u00e1laga en un comunicado, precisando que en concreto, llegaron a la provincia malague\u00f1a 520.539 viajeros, un 6,8\" \/>\n\t<meta name=\"robots\" content=\"max-image-preview:large\" \/>\n\t<meta name=\"author\" content=\"admin\"\/>\n\t<meta name=\"google-site-verification\" content=\"UA-38556648-1\" \/>\n\t<meta name=\"keywords\" content=\"actualidad turismo\" \/>\n\t<link rel=\"canonical\" href=\"https:\/\/eldigitaldeasturias.com\/magazine365\/la-costa-del-sol-cierra-el-mejor-mayo-de-su-historia\/\" \/>\n\t<meta name=\"generator\" content=\"All in One SEO Pro (AIOSEO) 4.9.6.1\" \/>\n\t\t<meta property=\"og:locale\" content=\"es_ES\" \/>\n\t\t<meta property=\"og:site_name\" content=\"El Digital de Asturias \u2013 Revista de ocio, turismo y estilo de vida\" \/>\n\t\t<meta property=\"og:type\" content=\"article\" \/>\n\t\t<meta property=\"og:title\" content=\"La Costa del Sol cierra el mejor mayo de su historia | El Digital de Asturias\" \/>\n\t\t<meta property=\"og:description\" content=\"M\u00e1s de 520.000 turistas alojados en los hoteles que han generado m\u00e1s de 1,8 millones pernoctaciones sustentan &quot;el mejor mes de mayo de la historia&quot; en la Costa del Sol. As\u00ed lo han asegurado desde la Diputaci\u00f3n de M\u00e1laga en un comunicado, precisando que en concreto, llegaron a la provincia malague\u00f1a 520.539 viajeros, un 6,8\" \/>\n\t\t<meta property=\"og:url\" content=\"https:\/\/eldigitaldeasturias.com\/magazine365\/la-costa-del-sol-cierra-el-mejor-mayo-de-su-historia\/\" \/>\n\t\t<meta property=\"og:image\" content=\"https:\/\/eldigitaldeasturias.com\/magazine365\/wp-content\/uploads\/2015\/06\/fotonoticia_20150623172936_800.jpg\" \/>\n\t\t<meta property=\"og:image:secure_url\" content=\"https:\/\/eldigitaldeasturias.com\/magazine365\/wp-content\/uploads\/2015\/06\/fotonoticia_20150623172936_800.jpg\" \/>\n\t\t<meta property=\"og:image:width\" content=\"800\" \/>\n\t\t<meta property=\"og:image:height\" content=\"829\" \/>\n\t\t<meta property=\"article:published_time\" content=\"2015-06-24T04:33:49+00:00\" \/>\n\t\t<meta property=\"article:modified_time\" content=\"2015-06-24T04:33:49+00:00\" \/>\n\t\t<meta name=\"twitter:card\" content=\"summary_large_image\" \/>\n\t\t<meta name=\"twitter:title\" content=\"La Costa del Sol cierra el mejor mayo de su historia | El Digital de Asturias\" \/>\n\t\t<meta name=\"twitter:description\" content=\"M\u00e1s de 520.000 turistas alojados en los hoteles que han generado m\u00e1s de 1,8 millones pernoctaciones sustentan &quot;el mejor mes de mayo de la historia&quot; en la Costa del Sol. As\u00ed lo han asegurado desde la Diputaci\u00f3n de M\u00e1laga en un comunicado, precisando que en concreto, llegaron a la provincia malague\u00f1a 520.539 viajeros, un 6,8\" \/>\n\t\t<meta name=\"twitter:image\" content=\"https:\/\/eldigitaldeasturias.com\/magazine365\/wp-content\/uploads\/2015\/06\/fotonoticia_20150623172936_800.jpg\" \/>\n\t\t<script type=\"application\/ld+json\" class=\"aioseo-schema\">\n\t\t\t{\"@context\":\"https:\\\/\\\/schema.org\",\"@graph\":[{\"@type\":\"Article\",\"@id\":\"https:\\\/\\\/eldigitaldeasturias.com\\\/magazine365\\\/la-costa-del-sol-cierra-el-mejor-mayo-de-su-historia\\\/#article\",\"name\":\"La Costa del Sol cierra el mejor mayo de su historia | El Digital de Asturias\",\"headline\":\"La Costa del Sol cierra el mejor mayo de su historia\",\"author\":{\"@id\":\"https:\\\/\\\/eldigitaldeasturias.com\\\/magazine365\\\/author\\\/admin\\\/#author\"},\"publisher\":{\"@id\":\"https:\\\/\\\/eldigitaldeasturias.com\\\/magazine365\\\/#organization\"},\"image\":{\"@type\":\"ImageObject\",\"url\":\"https:\\\/\\\/eldigitaldeasturias.com\\\/magazine365\\\/wp-content\\\/uploads\\\/2015\\\/06\\\/fotonoticia_20150623172936_800.jpg\",\"width\":800,\"height\":829},\"datePublished\":\"2015-06-24T06:03:49+02:00\",\"dateModified\":\"2015-06-24T06:03:49+02:00\",\"inLanguage\":\"es-ES\",\"mainEntityOfPage\":{\"@id\":\"https:\\\/\\\/eldigitaldeasturias.com\\\/magazine365\\\/la-costa-del-sol-cierra-el-mejor-mayo-de-su-historia\\\/#webpage\"},\"isPartOf\":{\"@id\":\"https:\\\/\\\/eldigitaldeasturias.com\\\/magazine365\\\/la-costa-del-sol-cierra-el-mejor-mayo-de-su-historia\\\/#webpage\"},\"articleSection\":\"Actualidad Turismo\"},{\"@type\":\"BreadcrumbList\",\"@id\":\"https:\\\/\\\/eldigitaldeasturias.com\\\/magazine365\\\/la-costa-del-sol-cierra-el-mejor-mayo-de-su-historia\\\/#breadcrumblist\",\"itemListElement\":[{\"@type\":\"ListItem\",\"@id\":\"https:\\\/\\\/eldigitaldeasturias.com\\\/magazine365#listItem\",\"position\":1,\"name\":\"Home\",\"item\":\"https:\\\/\\\/eldigitaldeasturias.com\\\/magazine365\",\"nextItem\":{\"@type\":\"ListItem\",\"@id\":\"https:\\\/\\\/eldigitaldeasturias.com\\\/magazine365\\\/category\\\/actualidad-turismo\\\/#listItem\",\"name\":\"Actualidad Turismo\"}},{\"@type\":\"ListItem\",\"@id\":\"https:\\\/\\\/eldigitaldeasturias.com\\\/magazine365\\\/category\\\/actualidad-turismo\\\/#listItem\",\"position\":2,\"name\":\"Actualidad Turismo\",\"item\":\"https:\\\/\\\/eldigitaldeasturias.com\\\/magazine365\\\/category\\\/actualidad-turismo\\\/\",\"nextItem\":{\"@type\":\"ListItem\",\"@id\":\"https:\\\/\\\/eldigitaldeasturias.com\\\/magazine365\\\/la-costa-del-sol-cierra-el-mejor-mayo-de-su-historia\\\/#listItem\",\"name\":\"La Costa del Sol cierra el mejor mayo de su historia\"},\"previousItem\":{\"@type\":\"ListItem\",\"@id\":\"https:\\\/\\\/eldigitaldeasturias.com\\\/magazine365#listItem\",\"name\":\"Home\"}},{\"@type\":\"ListItem\",\"@id\":\"https:\\\/\\\/eldigitaldeasturias.com\\\/magazine365\\\/la-costa-del-sol-cierra-el-mejor-mayo-de-su-historia\\\/#listItem\",\"position\":3,\"name\":\"La Costa del Sol cierra el mejor mayo de su historia\",\"previousItem\":{\"@type\":\"ListItem\",\"@id\":\"https:\\\/\\\/eldigitaldeasturias.com\\\/magazine365\\\/category\\\/actualidad-turismo\\\/#listItem\",\"name\":\"Actualidad Turismo\"}}]},{\"@type\":\"Organization\",\"@id\":\"https:\\\/\\\/eldigitaldeasturias.com\\\/magazine365\\\/#organization\",\"name\":\"El digital de Asturias\",\"description\":\"Revista de ocio, turismo y estilo de vida\",\"url\":\"https:\\\/\\\/eldigitaldeasturias.com\\\/magazine365\\\/\",\"logo\":{\"@type\":\"ImageObject\",\"url\":\"https:\\\/\\\/www.eldigitaldeasturias.com\\\/noticias\\\/wp-content\\\/uploads\\\/2020\\\/12\\\/EDA.jpg\",\"@id\":\"https:\\\/\\\/eldigitaldeasturias.com\\\/magazine365\\\/la-costa-del-sol-cierra-el-mejor-mayo-de-su-historia\\\/#organizationLogo\"},\"image\":{\"@id\":\"https:\\\/\\\/eldigitaldeasturias.com\\\/magazine365\\\/la-costa-del-sol-cierra-el-mejor-mayo-de-su-historia\\\/#organizationLogo\"}},{\"@type\":\"Person\",\"@id\":\"https:\\\/\\\/eldigitaldeasturias.com\\\/magazine365\\\/author\\\/admin\\\/#author\",\"url\":\"https:\\\/\\\/eldigitaldeasturias.com\\\/magazine365\\\/author\\\/admin\\\/\",\"name\":\"admin\",\"image\":{\"@type\":\"ImageObject\",\"@id\":\"https:\\\/\\\/eldigitaldeasturias.com\\\/magazine365\\\/la-costa-del-sol-cierra-el-mejor-mayo-de-su-historia\\\/#authorImage\",\"url\":\"https:\\\/\\\/eldigitaldeasturias.com\\\/magazine365\\\/wp-content\\\/litespeed\\\/avatar\\\/e571bcf59a0edd6fa6838245a470f2fe.jpg?ver=1777574230\",\"width\":96,\"height\":96,\"caption\":\"admin\"}},{\"@type\":\"WebPage\",\"@id\":\"https:\\\/\\\/eldigitaldeasturias.com\\\/magazine365\\\/la-costa-del-sol-cierra-el-mejor-mayo-de-su-historia\\\/#webpage\",\"url\":\"https:\\\/\\\/eldigitaldeasturias.com\\\/magazine365\\\/la-costa-del-sol-cierra-el-mejor-mayo-de-su-historia\\\/\",\"name\":\"La Costa del Sol cierra el mejor mayo de su historia | El Digital de Asturias\",\"description\":\"M\\u00e1s de 520.000 turistas alojados en los hoteles que han generado m\\u00e1s de 1,8 millones pernoctaciones sustentan \\\"el mejor mes de mayo de la historia\\\" en la Costa del Sol. As\\u00ed lo han asegurado desde la Diputaci\\u00f3n de M\\u00e1laga en un comunicado, precisando que en concreto, llegaron a la provincia malague\\u00f1a 520.539 viajeros, un 6,8\",\"inLanguage\":\"es-ES\",\"isPartOf\":{\"@id\":\"https:\\\/\\\/eldigitaldeasturias.com\\\/magazine365\\\/#website\"},\"breadcrumb\":{\"@id\":\"https:\\\/\\\/eldigitaldeasturias.com\\\/magazine365\\\/la-costa-del-sol-cierra-el-mejor-mayo-de-su-historia\\\/#breadcrumblist\"},\"author\":{\"@id\":\"https:\\\/\\\/eldigitaldeasturias.com\\\/magazine365\\\/author\\\/admin\\\/#author\"},\"creator\":{\"@id\":\"https:\\\/\\\/eldigitaldeasturias.com\\\/magazine365\\\/author\\\/admin\\\/#author\"},\"image\":{\"@type\":\"ImageObject\",\"url\":\"https:\\\/\\\/eldigitaldeasturias.com\\\/magazine365\\\/wp-content\\\/uploads\\\/2015\\\/06\\\/fotonoticia_20150623172936_800.jpg\",\"@id\":\"https:\\\/\\\/eldigitaldeasturias.com\\\/magazine365\\\/la-costa-del-sol-cierra-el-mejor-mayo-de-su-historia\\\/#mainImage\",\"width\":800,\"height\":829},\"primaryImageOfPage\":{\"@id\":\"https:\\\/\\\/eldigitaldeasturias.com\\\/magazine365\\\/la-costa-del-sol-cierra-el-mejor-mayo-de-su-historia\\\/#mainImage\"},\"datePublished\":\"2015-06-24T06:03:49+02:00\",\"dateModified\":\"2015-06-24T06:03:49+02:00\"},{\"@type\":\"WebSite\",\"@id\":\"https:\\\/\\\/eldigitaldeasturias.com\\\/magazine365\\\/#website\",\"url\":\"https:\\\/\\\/eldigitaldeasturias.com\\\/magazine365\\\/\",\"name\":\"El Digital de Asturias\",\"description\":\"Revista de ocio, turismo y estilo de vida\",\"inLanguage\":\"es-ES\",\"publisher\":{\"@id\":\"https:\\\/\\\/eldigitaldeasturias.com\\\/magazine365\\\/#organization\"}}]}\n\t\t<\/script>\n\t\t<!-- All in One SEO Pro -->\r\n\t\t<title>La Costa del Sol cierra el mejor mayo de su historia | El Digital de Asturias<\/title>\n\n","aioseo_head_json":{"title":"La Costa del Sol cierra el mejor mayo de su historia | El Digital de Asturias","description":"M\u00e1s de 520.000 turistas alojados en los hoteles que han generado m\u00e1s de 1,8 millones pernoctaciones sustentan \"el mejor mes de mayo de la historia\" en la Costa del Sol. As\u00ed lo han asegurado desde la Diputaci\u00f3n de M\u00e1laga en un comunicado, precisando que en concreto, llegaron a la provincia malague\u00f1a 520.539 viajeros, un 6,8","canonical_url":"https:\/\/eldigitaldeasturias.com\/magazine365\/la-costa-del-sol-cierra-el-mejor-mayo-de-su-historia\/","robots":"max-image-preview:large","keywords":"actualidad turismo","webmasterTools":{"google-site-verification":"UA-38556648-1","miscellaneous":""},"schema":{"@context":"https:\/\/schema.org","@graph":[{"@type":"Article","@id":"https:\/\/eldigitaldeasturias.com\/magazine365\/la-costa-del-sol-cierra-el-mejor-mayo-de-su-historia\/#article","name":"La Costa del Sol cierra el mejor mayo de su historia | El Digital de Asturias","headline":"La Costa del Sol cierra el mejor mayo de su historia","author":{"@id":"https:\/\/eldigitaldeasturias.com\/magazine365\/author\/admin\/#author"},"publisher":{"@id":"https:\/\/eldigitaldeasturias.com\/magazine365\/#organization"},"image":{"@type":"ImageObject","url":"https:\/\/eldigitaldeasturias.com\/magazine365\/wp-content\/uploads\/2015\/06\/fotonoticia_20150623172936_800.jpg","width":800,"height":829},"datePublished":"2015-06-24T06:03:49+02:00","dateModified":"2015-06-24T06:03:49+02:00","inLanguage":"es-ES","mainEntityOfPage":{"@id":"https:\/\/eldigitaldeasturias.com\/magazine365\/la-costa-del-sol-cierra-el-mejor-mayo-de-su-historia\/#webpage"},"isPartOf":{"@id":"https:\/\/eldigitaldeasturias.com\/magazine365\/la-costa-del-sol-cierra-el-mejor-mayo-de-su-historia\/#webpage"},"articleSection":"Actualidad Turismo"},{"@type":"BreadcrumbList","@id":"https:\/\/eldigitaldeasturias.com\/magazine365\/la-costa-del-sol-cierra-el-mejor-mayo-de-su-historia\/#breadcrumblist","itemListElement":[{"@type":"ListItem","@id":"https:\/\/eldigitaldeasturias.com\/magazine365#listItem","position":1,"name":"Home","item":"https:\/\/eldigitaldeasturias.com\/magazine365","nextItem":{"@type":"ListItem","@id":"https:\/\/eldigitaldeasturias.com\/magazine365\/category\/actualidad-turismo\/#listItem","name":"Actualidad Turismo"}},{"@type":"ListItem","@id":"https:\/\/eldigitaldeasturias.com\/magazine365\/category\/actualidad-turismo\/#listItem","position":2,"name":"Actualidad Turismo","item":"https:\/\/eldigitaldeasturias.com\/magazine365\/category\/actualidad-turismo\/","nextItem":{"@type":"ListItem","@id":"https:\/\/eldigitaldeasturias.com\/magazine365\/la-costa-del-sol-cierra-el-mejor-mayo-de-su-historia\/#listItem","name":"La Costa del Sol cierra el mejor mayo de su historia"},"previousItem":{"@type":"ListItem","@id":"https:\/\/eldigitaldeasturias.com\/magazine365#listItem","name":"Home"}},{"@type":"ListItem","@id":"https:\/\/eldigitaldeasturias.com\/magazine365\/la-costa-del-sol-cierra-el-mejor-mayo-de-su-historia\/#listItem","position":3,"name":"La Costa del Sol cierra el mejor mayo de su historia","previousItem":{"@type":"ListItem","@id":"https:\/\/eldigitaldeasturias.com\/magazine365\/category\/actualidad-turismo\/#listItem","name":"Actualidad Turismo"}}]},{"@type":"Organization","@id":"https:\/\/eldigitaldeasturias.com\/magazine365\/#organization","name":"El digital de Asturias","description":"Revista de ocio, turismo y estilo de vida","url":"https:\/\/eldigitaldeasturias.com\/magazine365\/","logo":{"@type":"ImageObject","url":"https:\/\/www.eldigitaldeasturias.com\/noticias\/wp-content\/uploads\/2020\/12\/EDA.jpg","@id":"https:\/\/eldigitaldeasturias.com\/magazine365\/la-costa-del-sol-cierra-el-mejor-mayo-de-su-historia\/#organizationLogo"},"image":{"@id":"https:\/\/eldigitaldeasturias.com\/magazine365\/la-costa-del-sol-cierra-el-mejor-mayo-de-su-historia\/#organizationLogo"}},{"@type":"Person","@id":"https:\/\/eldigitaldeasturias.com\/magazine365\/author\/admin\/#author","url":"https:\/\/eldigitaldeasturias.com\/magazine365\/author\/admin\/","name":"admin","image":{"@type":"ImageObject","@id":"https:\/\/eldigitaldeasturias.com\/magazine365\/la-costa-del-sol-cierra-el-mejor-mayo-de-su-historia\/#authorImage","url":"https:\/\/eldigitaldeasturias.com\/magazine365\/wp-content\/litespeed\/avatar\/e571bcf59a0edd6fa6838245a470f2fe.jpg?ver=1777574230","width":96,"height":96,"caption":"admin"}},{"@type":"WebPage","@id":"https:\/\/eldigitaldeasturias.com\/magazine365\/la-costa-del-sol-cierra-el-mejor-mayo-de-su-historia\/#webpage","url":"https:\/\/eldigitaldeasturias.com\/magazine365\/la-costa-del-sol-cierra-el-mejor-mayo-de-su-historia\/","name":"La Costa del Sol cierra el mejor mayo de su historia | El Digital de Asturias","description":"M\u00e1s de 520.000 turistas alojados en los hoteles que han generado m\u00e1s de 1,8 millones pernoctaciones sustentan \"el mejor mes de mayo de la historia\" en la Costa del Sol. As\u00ed lo han asegurado desde la Diputaci\u00f3n de M\u00e1laga en un comunicado, precisando que en concreto, llegaron a la provincia malague\u00f1a 520.539 viajeros, un 6,8","inLanguage":"es-ES","isPartOf":{"@id":"https:\/\/eldigitaldeasturias.com\/magazine365\/#website"},"breadcrumb":{"@id":"https:\/\/eldigitaldeasturias.com\/magazine365\/la-costa-del-sol-cierra-el-mejor-mayo-de-su-historia\/#breadcrumblist"},"author":{"@id":"https:\/\/eldigitaldeasturias.com\/magazine365\/author\/admin\/#author"},"creator":{"@id":"https:\/\/eldigitaldeasturias.com\/magazine365\/author\/admin\/#author"},"image":{"@type":"ImageObject","url":"https:\/\/eldigitaldeasturias.com\/magazine365\/wp-content\/uploads\/2015\/06\/fotonoticia_20150623172936_800.jpg","@id":"https:\/\/eldigitaldeasturias.com\/magazine365\/la-costa-del-sol-cierra-el-mejor-mayo-de-su-historia\/#mainImage","width":800,"height":829},"primaryImageOfPage":{"@id":"https:\/\/eldigitaldeasturias.com\/magazine365\/la-costa-del-sol-cierra-el-mejor-mayo-de-su-historia\/#mainImage"},"datePublished":"2015-06-24T06:03:49+02:00","dateModified":"2015-06-24T06:03:49+02:00"},{"@type":"WebSite","@id":"https:\/\/eldigitaldeasturias.com\/magazine365\/#website","url":"https:\/\/eldigitaldeasturias.com\/magazine365\/","name":"El Digital de Asturias","description":"Revista de ocio, turismo y estilo de vida","inLanguage":"es-ES","publisher":{"@id":"https:\/\/eldigitaldeasturias.com\/magazine365\/#organization"}}]},"og:locale":"es_ES","og:site_name":"El Digital de Asturias \u2013 Revista de ocio, turismo y estilo de vida","og:type":"article","og:title":"La Costa del Sol cierra el mejor mayo de su historia | El Digital de Asturias","og:description":"M\u00e1s de 520.000 turistas alojados en los hoteles que han generado m\u00e1s de 1,8 millones pernoctaciones sustentan &quot;el mejor mes de mayo de la historia&quot; en la Costa del Sol. As\u00ed lo han asegurado desde la Diputaci\u00f3n de M\u00e1laga en un comunicado, precisando que en concreto, llegaron a la provincia malague\u00f1a 520.539 viajeros, un 6,8","og:url":"https:\/\/eldigitaldeasturias.com\/magazine365\/la-costa-del-sol-cierra-el-mejor-mayo-de-su-historia\/","og:image":"https:\/\/eldigitaldeasturias.com\/magazine365\/wp-content\/uploads\/2015\/06\/fotonoticia_20150623172936_800.jpg","og:image:secure_url":"https:\/\/eldigitaldeasturias.com\/magazine365\/wp-content\/uploads\/2015\/06\/fotonoticia_20150623172936_800.jpg","og:image:width":800,"og:image:height":829,"article:published_time":"2015-06-24T04:33:49+00:00","article:modified_time":"2015-06-24T04:33:49+00:00","twitter:card":"summary_large_image","twitter:title":"La Costa del Sol cierra el mejor mayo de su historia | El Digital de Asturias","twitter:description":"M\u00e1s de 520.000 turistas alojados en los hoteles que han generado m\u00e1s de 1,8 millones pernoctaciones sustentan &quot;el mejor mes de mayo de la historia&quot; en la Costa del Sol. As\u00ed lo han asegurado desde la Diputaci\u00f3n de M\u00e1laga en un comunicado, precisando que en concreto, llegaron a la provincia malague\u00f1a 520.539 viajeros, un 6,8","twitter:image":"https:\/\/eldigitaldeasturias.com\/magazine365\/wp-content\/uploads\/2015\/06\/fotonoticia_20150623172936_800.jpg"},"aioseo_meta_data":{"post_id":"40775","title":null,"description":null,"keywords":null,"keyphrases":null,"primary_term":null,"canonical_url":null,"og_title":null,"og_description":null,"og_object_type":"default","og_image_type":"default","og_image_url":null,"og_image_width":null,"og_image_height":null,"og_image_custom_url":null,"og_image_custom_fields":null,"og_video":null,"og_custom_url":null,"og_article_section":null,"og_article_tags":null,"twitter_use_og":false,"twitter_card":"default","twitter_image_type":"default","twitter_image_url":null,"twitter_image_custom_url":null,"twitter_image_custom_fields":null,"twitter_title":null,"twitter_description":null,"schema":{"blockGraphs":[],"customGraphs":[],"default":{"data":{"Article":[],"Course":[],"Dataset":[],"FAQPage":[],"Movie":[],"Person":[],"Product":[],"ProductReview":[],"Car":[],"Recipe":[],"Service":[],"SoftwareApplication":[],"WebPage":[]},"graphName":"","isEnabled":true},"graphs":[],"defaultGraph":"","defaultPostTypeGraph":""},"schema_type":null,"schema_type_options":null,"pillar_content":false,"robots_default":true,"robots_noindex":false,"robots_noarchive":false,"robots_nosnippet":false,"robots_nofollow":false,"robots_noimageindex":false,"robots_noodp":false,"robots_notranslate":false,"robots_max_snippet":null,"robots_max_videopreview":null,"robots_max_imagepreview":"large","priority":null,"frequency":null,"location":null,"local_seo":null,"seo_analyzer_scan_date":"2025-09-19 14:15:01","breadcrumb_settings":null,"limit_modified_date":false,"open_ai":null,"ai":null,"created":"2021-03-09 02:23:45","updated":"2025-09-19 14:15:01"},"aioseo_breadcrumb":"<div class=\"aioseo-breadcrumbs\"><span class=\"aioseo-breadcrumb\">\n\t<a href=\"https:\/\/eldigitaldeasturias.com\/magazine365\" title=\"Home\">Home<\/a>\n<\/span><span class=\"aioseo-breadcrumb-separator\">\u2013<\/span><span class=\"aioseo-breadcrumb\">\n\t<a href=\"https:\/\/eldigitaldeasturias.com\/magazine365\/category\/actualidad-turismo\/\" title=\"Actualidad Turismo\">Actualidad Turismo<\/a>\n<\/span><span class=\"aioseo-breadcrumb-separator\">\u2013<\/span><span class=\"aioseo-breadcrumb\">\n\t<a href=\"https:\/\/eldigitaldeasturias.com\/magazine365\/la-costa-del-sol-cierra-el-mejor-mayo-de-su-historia\/\" title=\"La Costa del Sol cierra el mejor mayo de su historia\">La Costa del Sol cierra el mejor mayo de su historia<\/a>\n<\/span><\/div>","aioseo_breadcrumb_json":[{"label":"Home","link":"https:\/\/eldigitaldeasturias.com\/magazine365"},{"label":"Actualidad Turismo","link":"https:\/\/eldigitaldeasturias.com\/magazine365\/category\/actualidad-turismo\/"},{"label":"La Costa del Sol cierra el mejor mayo de su historia","link":"https:\/\/eldigitaldeasturias.com\/magazine365\/la-costa-del-sol-cierra-el-mejor-mayo-de-su-historia\/"}],"_links":{"self":[{"href":"https:\/\/eldigitaldeasturias.com\/magazine365\/wp-json\/wp\/v2\/posts\/40775","targetHints":{"allow":["GET"]}}],"collection":[{"href":"https:\/\/eldigitaldeasturias.com\/magazine365\/wp-json\/wp\/v2\/posts"}],"about":[{"href":"https:\/\/eldigitaldeasturias.com\/magazine365\/wp-json\/wp\/v2\/types\/post"}],"author":[{"embeddable":true,"href":"https:\/\/eldigitaldeasturias.com\/magazine365\/wp-json\/wp\/v2\/users\/1"}],"replies":[{"embeddable":true,"href":"https:\/\/eldigitaldeasturias.com\/magazine365\/wp-json\/wp\/v2\/comments?post=40775"}],"version-history":[{"count":0,"href":"https:\/\/eldigitaldeasturias.com\/magazine365\/wp-json\/wp\/v2\/posts\/40775\/revisions"}],"wp:featuredmedia":[{"embeddable":true,"href":"https:\/\/eldigitaldeasturias.com\/magazine365\/wp-json\/wp\/v2\/media\/40776"}],"wp:attachment":[{"href":"https:\/\/eldigitaldeasturias.com\/magazine365\/wp-json\/wp\/v2\/media?parent=40775"}],"wp:term":[{"taxonomy":"category","embeddable":true,"href":"https:\/\/eldigitaldeasturias.com\/magazine365\/wp-json\/wp\/v2\/categories?post=40775"},{"taxonomy":"post_tag","embeddable":true,"href":"https:\/\/eldigitaldeasturias.com\/magazine365\/wp-json\/wp\/v2\/tags?post=40775"}],"curies":[{"name":"wp","href":"https:\/\/api.w.org\/{rel}","templated":true}]}}