{"id":40748,"date":"2015-06-24T05:37:35","date_gmt":"2015-06-24T04:07:35","guid":{"rendered":"http:\/\/eldigitaldeasturias.com\/magazine365\/?p=40748"},"modified":"2015-06-24T05:37:35","modified_gmt":"2015-06-24T04:07:35","slug":"la-hosteleria-soriana-preve-una-ocupacion-del-100-para-este-fin-de-semana","status":"publish","type":"post","link":"https:\/\/eldigitaldeasturias.com\/magazine365\/la-hosteleria-soriana-preve-una-ocupacion-del-100-para-este-fin-de-semana\/","title":{"rendered":"La hosteler\u00eda soriana prev\u00e9 una ocupaci\u00f3n del 100% para este fin de semana"},"content":{"rendered":"<p><img fetchpriority=\"high\" decoding=\"async\" class=\"alignleft size-medium wp-image-40749\" src=\"https:\/\/eldigitaldeasturias.com\/magazine365\/wp-content\/uploads\/2015\/06\/fotonoticia_20150623154458_800-360x240.jpg\" alt=\"fotonoticia_20150623154458_800\" width=\"360\" height=\"240\" srcset=\"https:\/\/eldigitaldeasturias.com\/magazine365\/wp-content\/uploads\/2015\/06\/fotonoticia_20150623154458_800-360x240.jpg 360w, https:\/\/eldigitaldeasturias.com\/magazine365\/wp-content\/uploads\/2015\/06\/fotonoticia_20150623154458_800-650x433.jpg 650w, https:\/\/eldigitaldeasturias.com\/magazine365\/wp-content\/uploads\/2015\/06\/fotonoticia_20150623154458_800-768x512.jpg 768w, https:\/\/eldigitaldeasturias.com\/magazine365\/wp-content\/uploads\/2015\/06\/fotonoticia_20150623154458_800-150x100.jpg 150w, https:\/\/eldigitaldeasturias.com\/magazine365\/wp-content\/uploads\/2015\/06\/fotonoticia_20150623154458_800-450x300.jpg 450w, https:\/\/eldigitaldeasturias.com\/magazine365\/wp-content\/uploads\/2015\/06\/fotonoticia_20150623154458_800-696x464.jpg 696w, https:\/\/eldigitaldeasturias.com\/magazine365\/wp-content\/uploads\/2015\/06\/fotonoticia_20150623154458_800-630x420.jpg 630w, https:\/\/eldigitaldeasturias.com\/magazine365\/wp-content\/uploads\/2015\/06\/fotonoticia_20150623154458_800-84x55.jpg 84w, https:\/\/eldigitaldeasturias.com\/magazine365\/wp-content\/uploads\/2015\/06\/fotonoticia_20150623154458_800.jpg 800w\" sizes=\"(max-width: 360px) 100vw, 360px\" \/>El sector tur\u00edstico de la ciudad de Soria cuenta con unas \u00abfavorables\u00bb previsiones de negocio para las pr\u00f3ximas jornadas de las fiestas de San Juan, de acuerdo al sondeo realizado entre distintos establecimientos de la ciudad de Soria y que apunta a una ocupaci\u00f3n del 100% durante el fin de semana.<\/p>\n<p>Tal y como ha informado la Agrupaci\u00f3n Soriana de Hosteler\u00eda y Turismo (Asohtur), el segmento de alojamientos exhibe unas \u00abmuy buenas perspectivas\u00bb, de forma que bares y restaurantes conf\u00edan en \u00abmejorar\u00bb los resultados del a\u00f1o anterior.<\/p>\n<p>Adem\u00e1s, las buenas previsiones meteorol\u00f3gicas anticipan unos \u00abbuenos Sanjuanes\u00bb para el colectivo hostelero, seg\u00fan las impresiones recogidas por los empresarios tur\u00edsticos.<\/p>\n<p>Por \u00e1mbitos, los establecimientos de la ciudad de Soria muestran ya \u00edndices de ocupaci\u00f3n del cien por cien para las noches del 26 y 27 de junio, viernes y s\u00e1bado.<\/p>\n<p>Este porcentaje se reduce al 85 por ciento para el jueves 25 de junio, y es de una media del 60 por ciento para el mi\u00e9rcoles 24 de junio. El domingo 28 y lunes 29 de junio, los niveles de ocupaci\u00f3n descienden por debajo del 50 por ciento.<\/p>\n<p>Adem\u00e1s, hoteles, hostales y casas rurales pr\u00f3ximas a la ciudad de Soria \u00abest\u00e1n captando la demanda\u00bb que ya no pueden asumir los ubicados en el entorno de la capital provincial.<\/p>\n<p>El perfil de los turistas que visitan la capital durante las fiestas de San Juan es de grupos de amigos, parejas y familias. As\u00ed, los primeros optan principalmente por el alojamiento en hostales, hoteles de dos y tres estrellas y el camping, mientras que las parejas y familias se deciden por hoteles de cuatro estrellas.<\/p>\n<p>Con respecto a la procedencia, los turistas llegan principalmente de Madrid, Pa\u00eds Vasco y Navarra, Catalu\u00f1a y Valencia, aunque tambi\u00e9n se ha detectado la presencia de turistas de la provincia, que deciden pasar las fiestas de San Juan alojados en Soria.<\/p>\n<p>Pr\u00e1cticamente el 90 por ciento de las reservas se hace con una antelaci\u00f3n de entre uno y tres meses antes de las fiestas, aunque aproximadamente el 10 por ciento de las reservas son de \u00faltima hora.<\/p>\n<p>Como nota general, los establecimientos de hosteler\u00eda conservan un volumen de ocupaci\u00f3n para estas fiestas de San Juan de 2014 \u00aba la altura de las cotas previas al inicio de la crisis econ\u00f3mica\u00bb y, de nuevo este a\u00f1o los precios \u00abse mantienen\u00bb, manteni\u00e9ndose la tendencia de los \u00faltimos dos a\u00f1os.<\/p>\n<p>RESERVAS DE COMIDAS Y CENAS<\/p>\n<p>En lo relativo al sector de restaurantes, un alto n\u00famero de ellos registran ya \u00abuna importante cifra de reservas\u00bb en sus comedores para los pr\u00f3ximos d\u00edas, concentr\u00e1ndose el viernes y el domingo, las jornadas tradicionales en las que los sorianos suelen salir a comer fuera de casa. En lo que respecta a los bares, los d\u00edas \u00abfuertes\u00bb ser\u00e1n el mi\u00e9rcoles por la noche y el s\u00e1bado; en este sentido, la cota de reservas y las previsiones del gasto en restauraci\u00f3n y barra se prev\u00e9n positivas.<\/p>\n<p>La nota general es que las fiestas de San Juan relanzan durante estos d\u00edas la actividad hostelera de la capital, siendo \u00abm\u00e1s palpable\u00bb en la zona centro y en los alrededores de la plaza de Toros, lugares en los que se concentran la mayor parte de las actividades de las fiestas estos d\u00edas.<\/p>\n<p>Tanto restaurantes como bares han advertido, como ya ha venido ocurriendo los \u00faltimos a\u00f1os, un \u00abdescenso\u00bb en el gasto medio que el cliente deja en los establecimientos.<\/p>\n<p>Al respecto de las perspectivas de cara a los meses de verano, la mayor parte de los establecimientos han transmitido que a\u00fan es \u00abpronto\u00bb para hacer una previsi\u00f3n, si bien esperan ocupaciones entorno al 75 por ciento para los meses de julio y agosto.<\/p>\n","protected":false},"excerpt":{"rendered":"<p>El sector tur\u00edstico de la ciudad de Soria cuenta con unas \u00abfavorables\u00bb previsiones de negocio para las pr\u00f3ximas jornadas de las fiestas de San Juan, de acuerdo al sondeo realizado entre distintos establecimientos de la ciudad de Soria y que apunta a una ocupaci\u00f3n del 100% durante el fin de semana. Tal y como ha<\/p>\n","protected":false},"author":1,"featured_media":40749,"comment_status":"open","ping_status":"closed","sticky":false,"template":"","format":"standard","meta":{"footnotes":""},"categories":[222],"tags":[],"class_list":{"0":"post-40748","1":"post","2":"type-post","3":"status-publish","4":"format-standard","5":"has-post-thumbnail","7":"category-actualidad-turismo"},"aioseo_notices":[],"aioseo_head":"\n\t\t<!-- All in One SEO Pro 4.9.6.1 - aioseo.com -->\n\t<meta name=\"description\" content=\"El sector tur\u00edstico de la ciudad de Soria cuenta con unas &quot;favorables&quot; previsiones de negocio para las pr\u00f3ximas jornadas de las fiestas de San Juan, de acuerdo al sondeo realizado entre distintos establecimientos de la ciudad de Soria y que apunta a una ocupaci\u00f3n del 100% durante el fin de semana. Tal y como ha\" \/>\n\t<meta name=\"robots\" content=\"max-image-preview:large\" \/>\n\t<meta name=\"author\" content=\"admin\"\/>\n\t<meta name=\"google-site-verification\" content=\"UA-38556648-1\" \/>\n\t<meta name=\"keywords\" content=\"actualidad turismo\" \/>\n\t<link rel=\"canonical\" href=\"https:\/\/eldigitaldeasturias.com\/magazine365\/la-hosteleria-soriana-preve-una-ocupacion-del-100-para-este-fin-de-semana\/\" \/>\n\t<meta name=\"generator\" content=\"All in One SEO Pro (AIOSEO) 4.9.6.1\" \/>\n\t\t<meta property=\"og:locale\" content=\"es_ES\" \/>\n\t\t<meta property=\"og:site_name\" content=\"El Digital de Asturias \u2013 Revista de ocio, turismo y estilo de vida\" \/>\n\t\t<meta property=\"og:type\" content=\"article\" \/>\n\t\t<meta property=\"og:title\" content=\"La hosteler\u00eda soriana prev\u00e9 una ocupaci\u00f3n del 100% para este fin de semana | El Digital de Asturias\" \/>\n\t\t<meta property=\"og:description\" content=\"El sector tur\u00edstico de la ciudad de Soria cuenta con unas &quot;favorables&quot; previsiones de negocio para las pr\u00f3ximas jornadas de las fiestas de San Juan, de acuerdo al sondeo realizado entre distintos establecimientos de la ciudad de Soria y que apunta a una ocupaci\u00f3n del 100% durante el fin de semana. Tal y como ha\" \/>\n\t\t<meta property=\"og:url\" content=\"https:\/\/eldigitaldeasturias.com\/magazine365\/la-hosteleria-soriana-preve-una-ocupacion-del-100-para-este-fin-de-semana\/\" \/>\n\t\t<meta property=\"og:image\" content=\"https:\/\/eldigitaldeasturias.com\/magazine365\/wp-content\/uploads\/2015\/06\/fotonoticia_20150623154458_800.jpg\" \/>\n\t\t<meta property=\"og:image:secure_url\" content=\"https:\/\/eldigitaldeasturias.com\/magazine365\/wp-content\/uploads\/2015\/06\/fotonoticia_20150623154458_800.jpg\" \/>\n\t\t<meta property=\"og:image:width\" content=\"800\" \/>\n\t\t<meta property=\"og:image:height\" content=\"533\" \/>\n\t\t<meta property=\"article:published_time\" content=\"2015-06-24T04:07:35+00:00\" \/>\n\t\t<meta property=\"article:modified_time\" content=\"2015-06-24T04:07:35+00:00\" \/>\n\t\t<meta name=\"twitter:card\" content=\"summary_large_image\" \/>\n\t\t<meta name=\"twitter:title\" content=\"La hosteler\u00eda soriana prev\u00e9 una ocupaci\u00f3n del 100% para este fin de semana | El Digital de Asturias\" \/>\n\t\t<meta name=\"twitter:description\" content=\"El sector tur\u00edstico de la ciudad de Soria cuenta con unas &quot;favorables&quot; previsiones de negocio para las pr\u00f3ximas jornadas de las fiestas de San Juan, de acuerdo al sondeo realizado entre distintos establecimientos de la ciudad de Soria y que apunta a una ocupaci\u00f3n del 100% durante el fin de semana. Tal y como ha\" \/>\n\t\t<meta name=\"twitter:image\" content=\"https:\/\/eldigitaldeasturias.com\/magazine365\/wp-content\/uploads\/2015\/06\/fotonoticia_20150623154458_800.jpg\" \/>\n\t\t<script type=\"application\/ld+json\" class=\"aioseo-schema\">\n\t\t\t{\"@context\":\"https:\\\/\\\/schema.org\",\"@graph\":[{\"@type\":\"Article\",\"@id\":\"https:\\\/\\\/eldigitaldeasturias.com\\\/magazine365\\\/la-hosteleria-soriana-preve-una-ocupacion-del-100-para-este-fin-de-semana\\\/#article\",\"name\":\"La hosteler\\u00eda soriana prev\\u00e9 una ocupaci\\u00f3n del 100% para este fin de semana | El Digital de Asturias\",\"headline\":\"La hosteler\\u00eda soriana prev\\u00e9 una ocupaci\\u00f3n del 100% para este fin de semana\",\"author\":{\"@id\":\"https:\\\/\\\/eldigitaldeasturias.com\\\/magazine365\\\/author\\\/admin\\\/#author\"},\"publisher\":{\"@id\":\"https:\\\/\\\/eldigitaldeasturias.com\\\/magazine365\\\/#organization\"},\"image\":{\"@type\":\"ImageObject\",\"url\":\"https:\\\/\\\/eldigitaldeasturias.com\\\/magazine365\\\/wp-content\\\/uploads\\\/2015\\\/06\\\/fotonoticia_20150623154458_800.jpg\",\"width\":800,\"height\":533},\"datePublished\":\"2015-06-24T05:37:35+02:00\",\"dateModified\":\"2015-06-24T05:37:35+02:00\",\"inLanguage\":\"es-ES\",\"mainEntityOfPage\":{\"@id\":\"https:\\\/\\\/eldigitaldeasturias.com\\\/magazine365\\\/la-hosteleria-soriana-preve-una-ocupacion-del-100-para-este-fin-de-semana\\\/#webpage\"},\"isPartOf\":{\"@id\":\"https:\\\/\\\/eldigitaldeasturias.com\\\/magazine365\\\/la-hosteleria-soriana-preve-una-ocupacion-del-100-para-este-fin-de-semana\\\/#webpage\"},\"articleSection\":\"Actualidad Turismo\"},{\"@type\":\"BreadcrumbList\",\"@id\":\"https:\\\/\\\/eldigitaldeasturias.com\\\/magazine365\\\/la-hosteleria-soriana-preve-una-ocupacion-del-100-para-este-fin-de-semana\\\/#breadcrumblist\",\"itemListElement\":[{\"@type\":\"ListItem\",\"@id\":\"https:\\\/\\\/eldigitaldeasturias.com\\\/magazine365#listItem\",\"position\":1,\"name\":\"Home\",\"item\":\"https:\\\/\\\/eldigitaldeasturias.com\\\/magazine365\",\"nextItem\":{\"@type\":\"ListItem\",\"@id\":\"https:\\\/\\\/eldigitaldeasturias.com\\\/magazine365\\\/category\\\/actualidad-turismo\\\/#listItem\",\"name\":\"Actualidad Turismo\"}},{\"@type\":\"ListItem\",\"@id\":\"https:\\\/\\\/eldigitaldeasturias.com\\\/magazine365\\\/category\\\/actualidad-turismo\\\/#listItem\",\"position\":2,\"name\":\"Actualidad Turismo\",\"item\":\"https:\\\/\\\/eldigitaldeasturias.com\\\/magazine365\\\/category\\\/actualidad-turismo\\\/\",\"nextItem\":{\"@type\":\"ListItem\",\"@id\":\"https:\\\/\\\/eldigitaldeasturias.com\\\/magazine365\\\/la-hosteleria-soriana-preve-una-ocupacion-del-100-para-este-fin-de-semana\\\/#listItem\",\"name\":\"La hosteler\\u00eda soriana prev\\u00e9 una ocupaci\\u00f3n del 100% para este fin de semana\"},\"previousItem\":{\"@type\":\"ListItem\",\"@id\":\"https:\\\/\\\/eldigitaldeasturias.com\\\/magazine365#listItem\",\"name\":\"Home\"}},{\"@type\":\"ListItem\",\"@id\":\"https:\\\/\\\/eldigitaldeasturias.com\\\/magazine365\\\/la-hosteleria-soriana-preve-una-ocupacion-del-100-para-este-fin-de-semana\\\/#listItem\",\"position\":3,\"name\":\"La hosteler\\u00eda soriana prev\\u00e9 una ocupaci\\u00f3n del 100% para este fin de semana\",\"previousItem\":{\"@type\":\"ListItem\",\"@id\":\"https:\\\/\\\/eldigitaldeasturias.com\\\/magazine365\\\/category\\\/actualidad-turismo\\\/#listItem\",\"name\":\"Actualidad Turismo\"}}]},{\"@type\":\"Organization\",\"@id\":\"https:\\\/\\\/eldigitaldeasturias.com\\\/magazine365\\\/#organization\",\"name\":\"El digital de Asturias\",\"description\":\"Revista de ocio, turismo y estilo de vida\",\"url\":\"https:\\\/\\\/eldigitaldeasturias.com\\\/magazine365\\\/\",\"logo\":{\"@type\":\"ImageObject\",\"url\":\"https:\\\/\\\/www.eldigitaldeasturias.com\\\/noticias\\\/wp-content\\\/uploads\\\/2020\\\/12\\\/EDA.jpg\",\"@id\":\"https:\\\/\\\/eldigitaldeasturias.com\\\/magazine365\\\/la-hosteleria-soriana-preve-una-ocupacion-del-100-para-este-fin-de-semana\\\/#organizationLogo\"},\"image\":{\"@id\":\"https:\\\/\\\/eldigitaldeasturias.com\\\/magazine365\\\/la-hosteleria-soriana-preve-una-ocupacion-del-100-para-este-fin-de-semana\\\/#organizationLogo\"}},{\"@type\":\"Person\",\"@id\":\"https:\\\/\\\/eldigitaldeasturias.com\\\/magazine365\\\/author\\\/admin\\\/#author\",\"url\":\"https:\\\/\\\/eldigitaldeasturias.com\\\/magazine365\\\/author\\\/admin\\\/\",\"name\":\"admin\",\"image\":{\"@type\":\"ImageObject\",\"@id\":\"https:\\\/\\\/eldigitaldeasturias.com\\\/magazine365\\\/la-hosteleria-soriana-preve-una-ocupacion-del-100-para-este-fin-de-semana\\\/#authorImage\",\"url\":\"https:\\\/\\\/eldigitaldeasturias.com\\\/magazine365\\\/wp-content\\\/litespeed\\\/avatar\\\/e571bcf59a0edd6fa6838245a470f2fe.jpg?ver=1777574230\",\"width\":96,\"height\":96,\"caption\":\"admin\"}},{\"@type\":\"WebPage\",\"@id\":\"https:\\\/\\\/eldigitaldeasturias.com\\\/magazine365\\\/la-hosteleria-soriana-preve-una-ocupacion-del-100-para-este-fin-de-semana\\\/#webpage\",\"url\":\"https:\\\/\\\/eldigitaldeasturias.com\\\/magazine365\\\/la-hosteleria-soriana-preve-una-ocupacion-del-100-para-este-fin-de-semana\\\/\",\"name\":\"La hosteler\\u00eda soriana prev\\u00e9 una ocupaci\\u00f3n del 100% para este fin de semana | El Digital de Asturias\",\"description\":\"El sector tur\\u00edstico de la ciudad de Soria cuenta con unas \\\"favorables\\\" previsiones de negocio para las pr\\u00f3ximas jornadas de las fiestas de San Juan, de acuerdo al sondeo realizado entre distintos establecimientos de la ciudad de Soria y que apunta a una ocupaci\\u00f3n del 100% durante el fin de semana. Tal y como ha\",\"inLanguage\":\"es-ES\",\"isPartOf\":{\"@id\":\"https:\\\/\\\/eldigitaldeasturias.com\\\/magazine365\\\/#website\"},\"breadcrumb\":{\"@id\":\"https:\\\/\\\/eldigitaldeasturias.com\\\/magazine365\\\/la-hosteleria-soriana-preve-una-ocupacion-del-100-para-este-fin-de-semana\\\/#breadcrumblist\"},\"author\":{\"@id\":\"https:\\\/\\\/eldigitaldeasturias.com\\\/magazine365\\\/author\\\/admin\\\/#author\"},\"creator\":{\"@id\":\"https:\\\/\\\/eldigitaldeasturias.com\\\/magazine365\\\/author\\\/admin\\\/#author\"},\"image\":{\"@type\":\"ImageObject\",\"url\":\"https:\\\/\\\/eldigitaldeasturias.com\\\/magazine365\\\/wp-content\\\/uploads\\\/2015\\\/06\\\/fotonoticia_20150623154458_800.jpg\",\"@id\":\"https:\\\/\\\/eldigitaldeasturias.com\\\/magazine365\\\/la-hosteleria-soriana-preve-una-ocupacion-del-100-para-este-fin-de-semana\\\/#mainImage\",\"width\":800,\"height\":533},\"primaryImageOfPage\":{\"@id\":\"https:\\\/\\\/eldigitaldeasturias.com\\\/magazine365\\\/la-hosteleria-soriana-preve-una-ocupacion-del-100-para-este-fin-de-semana\\\/#mainImage\"},\"datePublished\":\"2015-06-24T05:37:35+02:00\",\"dateModified\":\"2015-06-24T05:37:35+02:00\"},{\"@type\":\"WebSite\",\"@id\":\"https:\\\/\\\/eldigitaldeasturias.com\\\/magazine365\\\/#website\",\"url\":\"https:\\\/\\\/eldigitaldeasturias.com\\\/magazine365\\\/\",\"name\":\"El Digital de Asturias\",\"description\":\"Revista de ocio, turismo y estilo de vida\",\"inLanguage\":\"es-ES\",\"publisher\":{\"@id\":\"https:\\\/\\\/eldigitaldeasturias.com\\\/magazine365\\\/#organization\"}}]}\n\t\t<\/script>\n\t\t<!-- All in One SEO Pro -->\r\n\t\t<title>La hosteler\u00eda soriana prev\u00e9 una ocupaci\u00f3n del 100% para este fin de semana | El Digital de Asturias<\/title>\n\n","aioseo_head_json":{"title":"La hosteler\u00eda soriana prev\u00e9 una ocupaci\u00f3n del 100% para este fin de semana | El Digital de Asturias","description":"El sector tur\u00edstico de la ciudad de Soria cuenta con unas \"favorables\" previsiones de negocio para las pr\u00f3ximas jornadas de las fiestas de San Juan, de acuerdo al sondeo realizado entre distintos establecimientos de la ciudad de Soria y que apunta a una ocupaci\u00f3n del 100% durante el fin de semana. Tal y como ha","canonical_url":"https:\/\/eldigitaldeasturias.com\/magazine365\/la-hosteleria-soriana-preve-una-ocupacion-del-100-para-este-fin-de-semana\/","robots":"max-image-preview:large","keywords":"actualidad turismo","webmasterTools":{"google-site-verification":"UA-38556648-1","miscellaneous":""},"schema":{"@context":"https:\/\/schema.org","@graph":[{"@type":"Article","@id":"https:\/\/eldigitaldeasturias.com\/magazine365\/la-hosteleria-soriana-preve-una-ocupacion-del-100-para-este-fin-de-semana\/#article","name":"La hosteler\u00eda soriana prev\u00e9 una ocupaci\u00f3n del 100% para este fin de semana | El Digital de Asturias","headline":"La hosteler\u00eda soriana prev\u00e9 una ocupaci\u00f3n del 100% para este fin de semana","author":{"@id":"https:\/\/eldigitaldeasturias.com\/magazine365\/author\/admin\/#author"},"publisher":{"@id":"https:\/\/eldigitaldeasturias.com\/magazine365\/#organization"},"image":{"@type":"ImageObject","url":"https:\/\/eldigitaldeasturias.com\/magazine365\/wp-content\/uploads\/2015\/06\/fotonoticia_20150623154458_800.jpg","width":800,"height":533},"datePublished":"2015-06-24T05:37:35+02:00","dateModified":"2015-06-24T05:37:35+02:00","inLanguage":"es-ES","mainEntityOfPage":{"@id":"https:\/\/eldigitaldeasturias.com\/magazine365\/la-hosteleria-soriana-preve-una-ocupacion-del-100-para-este-fin-de-semana\/#webpage"},"isPartOf":{"@id":"https:\/\/eldigitaldeasturias.com\/magazine365\/la-hosteleria-soriana-preve-una-ocupacion-del-100-para-este-fin-de-semana\/#webpage"},"articleSection":"Actualidad Turismo"},{"@type":"BreadcrumbList","@id":"https:\/\/eldigitaldeasturias.com\/magazine365\/la-hosteleria-soriana-preve-una-ocupacion-del-100-para-este-fin-de-semana\/#breadcrumblist","itemListElement":[{"@type":"ListItem","@id":"https:\/\/eldigitaldeasturias.com\/magazine365#listItem","position":1,"name":"Home","item":"https:\/\/eldigitaldeasturias.com\/magazine365","nextItem":{"@type":"ListItem","@id":"https:\/\/eldigitaldeasturias.com\/magazine365\/category\/actualidad-turismo\/#listItem","name":"Actualidad Turismo"}},{"@type":"ListItem","@id":"https:\/\/eldigitaldeasturias.com\/magazine365\/category\/actualidad-turismo\/#listItem","position":2,"name":"Actualidad Turismo","item":"https:\/\/eldigitaldeasturias.com\/magazine365\/category\/actualidad-turismo\/","nextItem":{"@type":"ListItem","@id":"https:\/\/eldigitaldeasturias.com\/magazine365\/la-hosteleria-soriana-preve-una-ocupacion-del-100-para-este-fin-de-semana\/#listItem","name":"La hosteler\u00eda soriana prev\u00e9 una ocupaci\u00f3n del 100% para este fin de semana"},"previousItem":{"@type":"ListItem","@id":"https:\/\/eldigitaldeasturias.com\/magazine365#listItem","name":"Home"}},{"@type":"ListItem","@id":"https:\/\/eldigitaldeasturias.com\/magazine365\/la-hosteleria-soriana-preve-una-ocupacion-del-100-para-este-fin-de-semana\/#listItem","position":3,"name":"La hosteler\u00eda soriana prev\u00e9 una ocupaci\u00f3n del 100% para este fin de semana","previousItem":{"@type":"ListItem","@id":"https:\/\/eldigitaldeasturias.com\/magazine365\/category\/actualidad-turismo\/#listItem","name":"Actualidad Turismo"}}]},{"@type":"Organization","@id":"https:\/\/eldigitaldeasturias.com\/magazine365\/#organization","name":"El digital de Asturias","description":"Revista de ocio, turismo y estilo de vida","url":"https:\/\/eldigitaldeasturias.com\/magazine365\/","logo":{"@type":"ImageObject","url":"https:\/\/www.eldigitaldeasturias.com\/noticias\/wp-content\/uploads\/2020\/12\/EDA.jpg","@id":"https:\/\/eldigitaldeasturias.com\/magazine365\/la-hosteleria-soriana-preve-una-ocupacion-del-100-para-este-fin-de-semana\/#organizationLogo"},"image":{"@id":"https:\/\/eldigitaldeasturias.com\/magazine365\/la-hosteleria-soriana-preve-una-ocupacion-del-100-para-este-fin-de-semana\/#organizationLogo"}},{"@type":"Person","@id":"https:\/\/eldigitaldeasturias.com\/magazine365\/author\/admin\/#author","url":"https:\/\/eldigitaldeasturias.com\/magazine365\/author\/admin\/","name":"admin","image":{"@type":"ImageObject","@id":"https:\/\/eldigitaldeasturias.com\/magazine365\/la-hosteleria-soriana-preve-una-ocupacion-del-100-para-este-fin-de-semana\/#authorImage","url":"https:\/\/eldigitaldeasturias.com\/magazine365\/wp-content\/litespeed\/avatar\/e571bcf59a0edd6fa6838245a470f2fe.jpg?ver=1777574230","width":96,"height":96,"caption":"admin"}},{"@type":"WebPage","@id":"https:\/\/eldigitaldeasturias.com\/magazine365\/la-hosteleria-soriana-preve-una-ocupacion-del-100-para-este-fin-de-semana\/#webpage","url":"https:\/\/eldigitaldeasturias.com\/magazine365\/la-hosteleria-soriana-preve-una-ocupacion-del-100-para-este-fin-de-semana\/","name":"La hosteler\u00eda soriana prev\u00e9 una ocupaci\u00f3n del 100% para este fin de semana | El Digital de Asturias","description":"El sector tur\u00edstico de la ciudad de Soria cuenta con unas \"favorables\" previsiones de negocio para las pr\u00f3ximas jornadas de las fiestas de San Juan, de acuerdo al sondeo realizado entre distintos establecimientos de la ciudad de Soria y que apunta a una ocupaci\u00f3n del 100% durante el fin de semana. Tal y como ha","inLanguage":"es-ES","isPartOf":{"@id":"https:\/\/eldigitaldeasturias.com\/magazine365\/#website"},"breadcrumb":{"@id":"https:\/\/eldigitaldeasturias.com\/magazine365\/la-hosteleria-soriana-preve-una-ocupacion-del-100-para-este-fin-de-semana\/#breadcrumblist"},"author":{"@id":"https:\/\/eldigitaldeasturias.com\/magazine365\/author\/admin\/#author"},"creator":{"@id":"https:\/\/eldigitaldeasturias.com\/magazine365\/author\/admin\/#author"},"image":{"@type":"ImageObject","url":"https:\/\/eldigitaldeasturias.com\/magazine365\/wp-content\/uploads\/2015\/06\/fotonoticia_20150623154458_800.jpg","@id":"https:\/\/eldigitaldeasturias.com\/magazine365\/la-hosteleria-soriana-preve-una-ocupacion-del-100-para-este-fin-de-semana\/#mainImage","width":800,"height":533},"primaryImageOfPage":{"@id":"https:\/\/eldigitaldeasturias.com\/magazine365\/la-hosteleria-soriana-preve-una-ocupacion-del-100-para-este-fin-de-semana\/#mainImage"},"datePublished":"2015-06-24T05:37:35+02:00","dateModified":"2015-06-24T05:37:35+02:00"},{"@type":"WebSite","@id":"https:\/\/eldigitaldeasturias.com\/magazine365\/#website","url":"https:\/\/eldigitaldeasturias.com\/magazine365\/","name":"El Digital de Asturias","description":"Revista de ocio, turismo y estilo de vida","inLanguage":"es-ES","publisher":{"@id":"https:\/\/eldigitaldeasturias.com\/magazine365\/#organization"}}]},"og:locale":"es_ES","og:site_name":"El Digital de Asturias \u2013 Revista de ocio, turismo y estilo de vida","og:type":"article","og:title":"La hosteler\u00eda soriana prev\u00e9 una ocupaci\u00f3n del 100% para este fin de semana | El Digital de Asturias","og:description":"El sector tur\u00edstico de la ciudad de Soria cuenta con unas &quot;favorables&quot; previsiones de negocio para las pr\u00f3ximas jornadas de las fiestas de San Juan, de acuerdo al sondeo realizado entre distintos establecimientos de la ciudad de Soria y que apunta a una ocupaci\u00f3n del 100% durante el fin de semana. Tal y como ha","og:url":"https:\/\/eldigitaldeasturias.com\/magazine365\/la-hosteleria-soriana-preve-una-ocupacion-del-100-para-este-fin-de-semana\/","og:image":"https:\/\/eldigitaldeasturias.com\/magazine365\/wp-content\/uploads\/2015\/06\/fotonoticia_20150623154458_800.jpg","og:image:secure_url":"https:\/\/eldigitaldeasturias.com\/magazine365\/wp-content\/uploads\/2015\/06\/fotonoticia_20150623154458_800.jpg","og:image:width":800,"og:image:height":533,"article:published_time":"2015-06-24T04:07:35+00:00","article:modified_time":"2015-06-24T04:07:35+00:00","twitter:card":"summary_large_image","twitter:title":"La hosteler\u00eda soriana prev\u00e9 una ocupaci\u00f3n del 100% para este fin de semana | El Digital de Asturias","twitter:description":"El sector tur\u00edstico de la ciudad de Soria cuenta con unas &quot;favorables&quot; previsiones de negocio para las pr\u00f3ximas jornadas de las fiestas de San Juan, de acuerdo al sondeo realizado entre distintos establecimientos de la ciudad de Soria y que apunta a una ocupaci\u00f3n del 100% durante el fin de semana. Tal y como ha","twitter:image":"https:\/\/eldigitaldeasturias.com\/magazine365\/wp-content\/uploads\/2015\/06\/fotonoticia_20150623154458_800.jpg"},"aioseo_meta_data":{"post_id":"40748","title":null,"description":null,"keywords":null,"keyphrases":null,"primary_term":null,"canonical_url":null,"og_title":null,"og_description":null,"og_object_type":"default","og_image_type":"default","og_image_url":null,"og_image_width":null,"og_image_height":null,"og_image_custom_url":null,"og_image_custom_fields":null,"og_video":null,"og_custom_url":null,"og_article_section":null,"og_article_tags":null,"twitter_use_og":false,"twitter_card":"default","twitter_image_type":"default","twitter_image_url":null,"twitter_image_custom_url":null,"twitter_image_custom_fields":null,"twitter_title":null,"twitter_description":null,"schema":{"blockGraphs":[],"customGraphs":[],"default":{"data":{"Article":[],"Course":[],"Dataset":[],"FAQPage":[],"Movie":[],"Person":[],"Product":[],"ProductReview":[],"Car":[],"Recipe":[],"Service":[],"SoftwareApplication":[],"WebPage":[]},"graphName":"","isEnabled":true},"graphs":[],"defaultGraph":"","defaultPostTypeGraph":""},"schema_type":null,"schema_type_options":null,"pillar_content":false,"robots_default":true,"robots_noindex":false,"robots_noarchive":false,"robots_nosnippet":false,"robots_nofollow":false,"robots_noimageindex":false,"robots_noodp":false,"robots_notranslate":false,"robots_max_snippet":null,"robots_max_videopreview":null,"robots_max_imagepreview":"large","priority":null,"frequency":null,"location":null,"local_seo":null,"seo_analyzer_scan_date":"2025-09-19 14:11:59","breadcrumb_settings":null,"limit_modified_date":false,"open_ai":null,"ai":null,"created":"2021-03-09 02:25:04","updated":"2025-09-19 14:11:59"},"aioseo_breadcrumb":"<div class=\"aioseo-breadcrumbs\"><span class=\"aioseo-breadcrumb\">\n\t<a href=\"https:\/\/eldigitaldeasturias.com\/magazine365\" title=\"Home\">Home<\/a>\n<\/span><span class=\"aioseo-breadcrumb-separator\">\u2013<\/span><span class=\"aioseo-breadcrumb\">\n\t<a href=\"https:\/\/eldigitaldeasturias.com\/magazine365\/category\/actualidad-turismo\/\" title=\"Actualidad Turismo\">Actualidad Turismo<\/a>\n<\/span><span class=\"aioseo-breadcrumb-separator\">\u2013<\/span><span class=\"aioseo-breadcrumb\">\n\t<a href=\"https:\/\/eldigitaldeasturias.com\/magazine365\/la-hosteleria-soriana-preve-una-ocupacion-del-100-para-este-fin-de-semana\/\" title=\"La hosteler\u00eda soriana prev\u00e9 una ocupaci\u00f3n del 100% para este fin de semana\">La hosteler\u00eda soriana prev\u00e9 una ocupaci\u00f3n del 100% para este fin de semana<\/a>\n<\/span><\/div>","aioseo_breadcrumb_json":[{"label":"Home","link":"https:\/\/eldigitaldeasturias.com\/magazine365"},{"label":"Actualidad Turismo","link":"https:\/\/eldigitaldeasturias.com\/magazine365\/category\/actualidad-turismo\/"},{"label":"La hosteler\u00eda soriana prev\u00e9 una ocupaci\u00f3n del 100% para este fin de semana","link":"https:\/\/eldigitaldeasturias.com\/magazine365\/la-hosteleria-soriana-preve-una-ocupacion-del-100-para-este-fin-de-semana\/"}],"_links":{"self":[{"href":"https:\/\/eldigitaldeasturias.com\/magazine365\/wp-json\/wp\/v2\/posts\/40748","targetHints":{"allow":["GET"]}}],"collection":[{"href":"https:\/\/eldigitaldeasturias.com\/magazine365\/wp-json\/wp\/v2\/posts"}],"about":[{"href":"https:\/\/eldigitaldeasturias.com\/magazine365\/wp-json\/wp\/v2\/types\/post"}],"author":[{"embeddable":true,"href":"https:\/\/eldigitaldeasturias.com\/magazine365\/wp-json\/wp\/v2\/users\/1"}],"replies":[{"embeddable":true,"href":"https:\/\/eldigitaldeasturias.com\/magazine365\/wp-json\/wp\/v2\/comments?post=40748"}],"version-history":[{"count":0,"href":"https:\/\/eldigitaldeasturias.com\/magazine365\/wp-json\/wp\/v2\/posts\/40748\/revisions"}],"wp:featuredmedia":[{"embeddable":true,"href":"https:\/\/eldigitaldeasturias.com\/magazine365\/wp-json\/wp\/v2\/media\/40749"}],"wp:attachment":[{"href":"https:\/\/eldigitaldeasturias.com\/magazine365\/wp-json\/wp\/v2\/media?parent=40748"}],"wp:term":[{"taxonomy":"category","embeddable":true,"href":"https:\/\/eldigitaldeasturias.com\/magazine365\/wp-json\/wp\/v2\/categories?post=40748"},{"taxonomy":"post_tag","embeddable":true,"href":"https:\/\/eldigitaldeasturias.com\/magazine365\/wp-json\/wp\/v2\/tags?post=40748"}],"curies":[{"name":"wp","href":"https:\/\/api.w.org\/{rel}","templated":true}]}}