{"id":40745,"date":"2015-06-24T05:35:46","date_gmt":"2015-06-24T04:05:46","guid":{"rendered":"http:\/\/eldigitaldeasturias.com\/magazine365\/?p=40745"},"modified":"2015-06-24T05:35:46","modified_gmt":"2015-06-24T04:05:46","slug":"travelplan-destaca-el-exito-de-canarias-en-las-ventas-anticipadas-de-verano","status":"publish","type":"post","link":"https:\/\/eldigitaldeasturias.com\/magazine365\/travelplan-destaca-el-exito-de-canarias-en-las-ventas-anticipadas-de-verano\/","title":{"rendered":"Travelplan destaca el \u00e9xito de Canarias en las ventas anticipadas de verano"},"content":{"rendered":"<p><img fetchpriority=\"high\" decoding=\"async\" class=\"alignleft size-medium wp-image-40746\" src=\"https:\/\/eldigitaldeasturias.com\/magazine365\/wp-content\/uploads\/2015\/06\/fotonoticia_20150623145037_800-360x239.jpg\" alt=\"fotonoticia_20150623145037_800\" width=\"360\" height=\"239\" srcset=\"https:\/\/eldigitaldeasturias.com\/magazine365\/wp-content\/uploads\/2015\/06\/fotonoticia_20150623145037_800-360x239.jpg 360w, https:\/\/eldigitaldeasturias.com\/magazine365\/wp-content\/uploads\/2015\/06\/fotonoticia_20150623145037_800-650x432.jpg 650w, https:\/\/eldigitaldeasturias.com\/magazine365\/wp-content\/uploads\/2015\/06\/fotonoticia_20150623145037_800-768x511.jpg 768w, https:\/\/eldigitaldeasturias.com\/magazine365\/wp-content\/uploads\/2015\/06\/fotonoticia_20150623145037_800-150x100.jpg 150w, https:\/\/eldigitaldeasturias.com\/magazine365\/wp-content\/uploads\/2015\/06\/fotonoticia_20150623145037_800-450x299.jpg 450w, https:\/\/eldigitaldeasturias.com\/magazine365\/wp-content\/uploads\/2015\/06\/fotonoticia_20150623145037_800-696x463.jpg 696w, https:\/\/eldigitaldeasturias.com\/magazine365\/wp-content\/uploads\/2015\/06\/fotonoticia_20150623145037_800-632x420.jpg 632w, https:\/\/eldigitaldeasturias.com\/magazine365\/wp-content\/uploads\/2015\/06\/fotonoticia_20150623145037_800-84x55.jpg 84w, https:\/\/eldigitaldeasturias.com\/magazine365\/wp-content\/uploads\/2015\/06\/fotonoticia_20150623145037_800.jpg 800w\" sizes=\"(max-width: 360px) 100vw, 360px\" \/>La divisi\u00f3n mayorista del Grupo Globalia, Travelplan, ha constatado el \u00ab\u00e9xito\u00bb de su campa\u00f1a de venta anticipada de vacaciones de verano en Canarias entre el turismo peninsular, lo que atribuye al \u00abintenso trabajo llevado a cabo en los \u00faltimos meses para dar a conocer el potencial de las islas entre los profesionales del turismo espa\u00f1ol\u00bb.<\/p>\n<p>\u00abNumerosos Fam Trips de agentes de viajes han recorrido el archipi\u00e9lago de la mano de Air Europa y Travelplan, facilitando a estos prescriptores de vacaciones un conocimiento inestimable a la hora de vender a sus clientes el destino Canarias\u00bb, ha asegurado la compa\u00f1\u00eda a trav\u00e9s de un comunicado.<\/p>\n<p>El director comercial de la Divisi\u00f3n Mayorista del Grupo Globalia, Miguel \u00c1ngel Garc\u00eda, ha explicado que \u00abuna vez finalizada la campa\u00f1a de venta anticipada podemos decir que los resultados son excelentes y claramente superiores a los del a\u00f1o pasado.<\/p>\n<p>Como complemento a la campa\u00f1a de venta anticipada, Travelplan y Air Europa han realizado, durante los meses de abril y mayo, diversos &#8216;Fam Trips&#8217; a uno de los destinos estivales m\u00e1s demandados: las islas Canarias.<\/p>\n<p>En ellos, han participado m\u00e1s de 600 agentes de viajes de toda Espa\u00f1a y Portugal, que pudieron visitar los rincones m\u00e1s atractivos de Tenerife, Gran Canaria, Lanzarote, Fuerteventura, La Palma y La Gomera, con el objetivo de trasmitir las experiencias vividas a sus clientes.<\/p>\n<p>\u00abHemos notado una gran diferencia con respecto a a\u00f1os anteriores\u00bb ha declarado el director general de la Divisi\u00f3n Mayorista e Incoming, Emilio Rivas. \u00abLos clientes han vuelto a confiar en la compra anticipada con buenos precios. Gran parte de ellos ya no esperan a la oferta de \u00faltimo minuto sino que optan por gozar de los privilegios que ofrece la venta anticipada: elecci\u00f3n de hotel, tipo de habitaci\u00f3n, vista o posibilidad de reserva de asiento\u00bb, asever\u00f3.<\/p>\n","protected":false},"excerpt":{"rendered":"<p>La divisi\u00f3n mayorista del Grupo Globalia, Travelplan, ha constatado el \u00ab\u00e9xito\u00bb de su campa\u00f1a de venta anticipada de vacaciones de verano en Canarias entre el turismo peninsular, lo que atribuye al \u00abintenso trabajo llevado a cabo en los \u00faltimos meses para dar a conocer el potencial de las islas entre los profesionales del turismo espa\u00f1ol\u00bb.<\/p>\n","protected":false},"author":1,"featured_media":40746,"comment_status":"open","ping_status":"closed","sticky":false,"template":"","format":"standard","meta":{"footnotes":""},"categories":[222],"tags":[],"class_list":{"0":"post-40745","1":"post","2":"type-post","3":"status-publish","4":"format-standard","5":"has-post-thumbnail","7":"category-actualidad-turismo"},"aioseo_notices":[],"aioseo_head":"\n\t\t<!-- All in One SEO Pro 4.9.6.1 - aioseo.com -->\n\t<meta name=\"description\" content=\"La divisi\u00f3n mayorista del Grupo Globalia, Travelplan, ha constatado el &quot;\u00e9xito&quot; de su campa\u00f1a de venta anticipada de vacaciones de verano en Canarias entre el turismo peninsular, lo que atribuye al &quot;intenso trabajo llevado a cabo en los \u00faltimos meses para dar a conocer el potencial de las islas entre los profesionales del turismo espa\u00f1ol&quot;.\" \/>\n\t<meta name=\"robots\" content=\"max-image-preview:large\" \/>\n\t<meta name=\"author\" content=\"admin\"\/>\n\t<meta name=\"google-site-verification\" content=\"UA-38556648-1\" \/>\n\t<meta name=\"keywords\" content=\"actualidad turismo\" \/>\n\t<link rel=\"canonical\" href=\"https:\/\/eldigitaldeasturias.com\/magazine365\/travelplan-destaca-el-exito-de-canarias-en-las-ventas-anticipadas-de-verano\/\" \/>\n\t<meta name=\"generator\" content=\"All in One SEO Pro (AIOSEO) 4.9.6.1\" \/>\n\t\t<meta property=\"og:locale\" content=\"es_ES\" \/>\n\t\t<meta property=\"og:site_name\" content=\"El Digital de Asturias \u2013 Revista de ocio, turismo y estilo de vida\" \/>\n\t\t<meta property=\"og:type\" content=\"article\" \/>\n\t\t<meta property=\"og:title\" content=\"Travelplan destaca el \u00e9xito de Canarias en las ventas anticipadas de verano | El Digital de Asturias\" \/>\n\t\t<meta property=\"og:description\" content=\"La divisi\u00f3n mayorista del Grupo Globalia, Travelplan, ha constatado el &quot;\u00e9xito&quot; de su campa\u00f1a de venta anticipada de vacaciones de verano en Canarias entre el turismo peninsular, lo que atribuye al &quot;intenso trabajo llevado a cabo en los \u00faltimos meses para dar a conocer el potencial de las islas entre los profesionales del turismo espa\u00f1ol&quot;.\" \/>\n\t\t<meta property=\"og:url\" content=\"https:\/\/eldigitaldeasturias.com\/magazine365\/travelplan-destaca-el-exito-de-canarias-en-las-ventas-anticipadas-de-verano\/\" \/>\n\t\t<meta property=\"og:image\" content=\"https:\/\/eldigitaldeasturias.com\/magazine365\/wp-content\/uploads\/2015\/06\/fotonoticia_20150623145037_800.jpg\" \/>\n\t\t<meta property=\"og:image:secure_url\" content=\"https:\/\/eldigitaldeasturias.com\/magazine365\/wp-content\/uploads\/2015\/06\/fotonoticia_20150623145037_800.jpg\" \/>\n\t\t<meta property=\"og:image:width\" content=\"800\" \/>\n\t\t<meta property=\"og:image:height\" content=\"532\" \/>\n\t\t<meta property=\"article:published_time\" content=\"2015-06-24T04:05:46+00:00\" \/>\n\t\t<meta property=\"article:modified_time\" content=\"2015-06-24T04:05:46+00:00\" \/>\n\t\t<meta name=\"twitter:card\" content=\"summary_large_image\" \/>\n\t\t<meta name=\"twitter:title\" content=\"Travelplan destaca el \u00e9xito de Canarias en las ventas anticipadas de verano | El Digital de Asturias\" \/>\n\t\t<meta name=\"twitter:description\" content=\"La divisi\u00f3n mayorista del Grupo Globalia, Travelplan, ha constatado el &quot;\u00e9xito&quot; de su campa\u00f1a de venta anticipada de vacaciones de verano en Canarias entre el turismo peninsular, lo que atribuye al &quot;intenso trabajo llevado a cabo en los \u00faltimos meses para dar a conocer el potencial de las islas entre los profesionales del turismo espa\u00f1ol&quot;.\" \/>\n\t\t<meta name=\"twitter:image\" content=\"https:\/\/eldigitaldeasturias.com\/magazine365\/wp-content\/uploads\/2015\/06\/fotonoticia_20150623145037_800.jpg\" \/>\n\t\t<script type=\"application\/ld+json\" class=\"aioseo-schema\">\n\t\t\t{\"@context\":\"https:\\\/\\\/schema.org\",\"@graph\":[{\"@type\":\"Article\",\"@id\":\"https:\\\/\\\/eldigitaldeasturias.com\\\/magazine365\\\/travelplan-destaca-el-exito-de-canarias-en-las-ventas-anticipadas-de-verano\\\/#article\",\"name\":\"Travelplan destaca el \\u00e9xito de Canarias en las ventas anticipadas de verano | El Digital de Asturias\",\"headline\":\"Travelplan destaca el \\u00e9xito de Canarias en las ventas anticipadas de verano\",\"author\":{\"@id\":\"https:\\\/\\\/eldigitaldeasturias.com\\\/magazine365\\\/author\\\/admin\\\/#author\"},\"publisher\":{\"@id\":\"https:\\\/\\\/eldigitaldeasturias.com\\\/magazine365\\\/#organization\"},\"image\":{\"@type\":\"ImageObject\",\"url\":\"https:\\\/\\\/eldigitaldeasturias.com\\\/magazine365\\\/wp-content\\\/uploads\\\/2015\\\/06\\\/fotonoticia_20150623145037_800.jpg\",\"width\":800,\"height\":532},\"datePublished\":\"2015-06-24T05:35:46+02:00\",\"dateModified\":\"2015-06-24T05:35:46+02:00\",\"inLanguage\":\"es-ES\",\"mainEntityOfPage\":{\"@id\":\"https:\\\/\\\/eldigitaldeasturias.com\\\/magazine365\\\/travelplan-destaca-el-exito-de-canarias-en-las-ventas-anticipadas-de-verano\\\/#webpage\"},\"isPartOf\":{\"@id\":\"https:\\\/\\\/eldigitaldeasturias.com\\\/magazine365\\\/travelplan-destaca-el-exito-de-canarias-en-las-ventas-anticipadas-de-verano\\\/#webpage\"},\"articleSection\":\"Actualidad Turismo\"},{\"@type\":\"BreadcrumbList\",\"@id\":\"https:\\\/\\\/eldigitaldeasturias.com\\\/magazine365\\\/travelplan-destaca-el-exito-de-canarias-en-las-ventas-anticipadas-de-verano\\\/#breadcrumblist\",\"itemListElement\":[{\"@type\":\"ListItem\",\"@id\":\"https:\\\/\\\/eldigitaldeasturias.com\\\/magazine365#listItem\",\"position\":1,\"name\":\"Home\",\"item\":\"https:\\\/\\\/eldigitaldeasturias.com\\\/magazine365\",\"nextItem\":{\"@type\":\"ListItem\",\"@id\":\"https:\\\/\\\/eldigitaldeasturias.com\\\/magazine365\\\/category\\\/actualidad-turismo\\\/#listItem\",\"name\":\"Actualidad Turismo\"}},{\"@type\":\"ListItem\",\"@id\":\"https:\\\/\\\/eldigitaldeasturias.com\\\/magazine365\\\/category\\\/actualidad-turismo\\\/#listItem\",\"position\":2,\"name\":\"Actualidad Turismo\",\"item\":\"https:\\\/\\\/eldigitaldeasturias.com\\\/magazine365\\\/category\\\/actualidad-turismo\\\/\",\"nextItem\":{\"@type\":\"ListItem\",\"@id\":\"https:\\\/\\\/eldigitaldeasturias.com\\\/magazine365\\\/travelplan-destaca-el-exito-de-canarias-en-las-ventas-anticipadas-de-verano\\\/#listItem\",\"name\":\"Travelplan destaca el \\u00e9xito de Canarias en las ventas anticipadas de verano\"},\"previousItem\":{\"@type\":\"ListItem\",\"@id\":\"https:\\\/\\\/eldigitaldeasturias.com\\\/magazine365#listItem\",\"name\":\"Home\"}},{\"@type\":\"ListItem\",\"@id\":\"https:\\\/\\\/eldigitaldeasturias.com\\\/magazine365\\\/travelplan-destaca-el-exito-de-canarias-en-las-ventas-anticipadas-de-verano\\\/#listItem\",\"position\":3,\"name\":\"Travelplan destaca el \\u00e9xito de Canarias en las ventas anticipadas de verano\",\"previousItem\":{\"@type\":\"ListItem\",\"@id\":\"https:\\\/\\\/eldigitaldeasturias.com\\\/magazine365\\\/category\\\/actualidad-turismo\\\/#listItem\",\"name\":\"Actualidad Turismo\"}}]},{\"@type\":\"Organization\",\"@id\":\"https:\\\/\\\/eldigitaldeasturias.com\\\/magazine365\\\/#organization\",\"name\":\"El digital de Asturias\",\"description\":\"Revista de ocio, turismo y estilo de vida\",\"url\":\"https:\\\/\\\/eldigitaldeasturias.com\\\/magazine365\\\/\",\"logo\":{\"@type\":\"ImageObject\",\"url\":\"https:\\\/\\\/www.eldigitaldeasturias.com\\\/noticias\\\/wp-content\\\/uploads\\\/2020\\\/12\\\/EDA.jpg\",\"@id\":\"https:\\\/\\\/eldigitaldeasturias.com\\\/magazine365\\\/travelplan-destaca-el-exito-de-canarias-en-las-ventas-anticipadas-de-verano\\\/#organizationLogo\"},\"image\":{\"@id\":\"https:\\\/\\\/eldigitaldeasturias.com\\\/magazine365\\\/travelplan-destaca-el-exito-de-canarias-en-las-ventas-anticipadas-de-verano\\\/#organizationLogo\"}},{\"@type\":\"Person\",\"@id\":\"https:\\\/\\\/eldigitaldeasturias.com\\\/magazine365\\\/author\\\/admin\\\/#author\",\"url\":\"https:\\\/\\\/eldigitaldeasturias.com\\\/magazine365\\\/author\\\/admin\\\/\",\"name\":\"admin\",\"image\":{\"@type\":\"ImageObject\",\"@id\":\"https:\\\/\\\/eldigitaldeasturias.com\\\/magazine365\\\/travelplan-destaca-el-exito-de-canarias-en-las-ventas-anticipadas-de-verano\\\/#authorImage\",\"url\":\"https:\\\/\\\/eldigitaldeasturias.com\\\/magazine365\\\/wp-content\\\/litespeed\\\/avatar\\\/e571bcf59a0edd6fa6838245a470f2fe.jpg?ver=1777574230\",\"width\":96,\"height\":96,\"caption\":\"admin\"}},{\"@type\":\"WebPage\",\"@id\":\"https:\\\/\\\/eldigitaldeasturias.com\\\/magazine365\\\/travelplan-destaca-el-exito-de-canarias-en-las-ventas-anticipadas-de-verano\\\/#webpage\",\"url\":\"https:\\\/\\\/eldigitaldeasturias.com\\\/magazine365\\\/travelplan-destaca-el-exito-de-canarias-en-las-ventas-anticipadas-de-verano\\\/\",\"name\":\"Travelplan destaca el \\u00e9xito de Canarias en las ventas anticipadas de verano | El Digital de Asturias\",\"description\":\"La divisi\\u00f3n mayorista del Grupo Globalia, Travelplan, ha constatado el \\\"\\u00e9xito\\\" de su campa\\u00f1a de venta anticipada de vacaciones de verano en Canarias entre el turismo peninsular, lo que atribuye al \\\"intenso trabajo llevado a cabo en los \\u00faltimos meses para dar a conocer el potencial de las islas entre los profesionales del turismo espa\\u00f1ol\\\".\",\"inLanguage\":\"es-ES\",\"isPartOf\":{\"@id\":\"https:\\\/\\\/eldigitaldeasturias.com\\\/magazine365\\\/#website\"},\"breadcrumb\":{\"@id\":\"https:\\\/\\\/eldigitaldeasturias.com\\\/magazine365\\\/travelplan-destaca-el-exito-de-canarias-en-las-ventas-anticipadas-de-verano\\\/#breadcrumblist\"},\"author\":{\"@id\":\"https:\\\/\\\/eldigitaldeasturias.com\\\/magazine365\\\/author\\\/admin\\\/#author\"},\"creator\":{\"@id\":\"https:\\\/\\\/eldigitaldeasturias.com\\\/magazine365\\\/author\\\/admin\\\/#author\"},\"image\":{\"@type\":\"ImageObject\",\"url\":\"https:\\\/\\\/eldigitaldeasturias.com\\\/magazine365\\\/wp-content\\\/uploads\\\/2015\\\/06\\\/fotonoticia_20150623145037_800.jpg\",\"@id\":\"https:\\\/\\\/eldigitaldeasturias.com\\\/magazine365\\\/travelplan-destaca-el-exito-de-canarias-en-las-ventas-anticipadas-de-verano\\\/#mainImage\",\"width\":800,\"height\":532},\"primaryImageOfPage\":{\"@id\":\"https:\\\/\\\/eldigitaldeasturias.com\\\/magazine365\\\/travelplan-destaca-el-exito-de-canarias-en-las-ventas-anticipadas-de-verano\\\/#mainImage\"},\"datePublished\":\"2015-06-24T05:35:46+02:00\",\"dateModified\":\"2015-06-24T05:35:46+02:00\"},{\"@type\":\"WebSite\",\"@id\":\"https:\\\/\\\/eldigitaldeasturias.com\\\/magazine365\\\/#website\",\"url\":\"https:\\\/\\\/eldigitaldeasturias.com\\\/magazine365\\\/\",\"name\":\"El Digital de Asturias\",\"description\":\"Revista de ocio, turismo y estilo de vida\",\"inLanguage\":\"es-ES\",\"publisher\":{\"@id\":\"https:\\\/\\\/eldigitaldeasturias.com\\\/magazine365\\\/#organization\"}}]}\n\t\t<\/script>\n\t\t<!-- All in One SEO Pro -->\r\n\t\t<title>Travelplan destaca el \u00e9xito de Canarias en las ventas anticipadas de verano | El Digital de Asturias<\/title>\n\n","aioseo_head_json":{"title":"Travelplan destaca el \u00e9xito de Canarias en las ventas anticipadas de verano | El Digital de Asturias","description":"La divisi\u00f3n mayorista del Grupo Globalia, Travelplan, ha constatado el \"\u00e9xito\" de su campa\u00f1a de venta anticipada de vacaciones de verano en Canarias entre el turismo peninsular, lo que atribuye al \"intenso trabajo llevado a cabo en los \u00faltimos meses para dar a conocer el potencial de las islas entre los profesionales del turismo espa\u00f1ol\".","canonical_url":"https:\/\/eldigitaldeasturias.com\/magazine365\/travelplan-destaca-el-exito-de-canarias-en-las-ventas-anticipadas-de-verano\/","robots":"max-image-preview:large","keywords":"actualidad turismo","webmasterTools":{"google-site-verification":"UA-38556648-1","miscellaneous":""},"schema":{"@context":"https:\/\/schema.org","@graph":[{"@type":"Article","@id":"https:\/\/eldigitaldeasturias.com\/magazine365\/travelplan-destaca-el-exito-de-canarias-en-las-ventas-anticipadas-de-verano\/#article","name":"Travelplan destaca el \u00e9xito de Canarias en las ventas anticipadas de verano | El Digital de Asturias","headline":"Travelplan destaca el \u00e9xito de Canarias en las ventas anticipadas de verano","author":{"@id":"https:\/\/eldigitaldeasturias.com\/magazine365\/author\/admin\/#author"},"publisher":{"@id":"https:\/\/eldigitaldeasturias.com\/magazine365\/#organization"},"image":{"@type":"ImageObject","url":"https:\/\/eldigitaldeasturias.com\/magazine365\/wp-content\/uploads\/2015\/06\/fotonoticia_20150623145037_800.jpg","width":800,"height":532},"datePublished":"2015-06-24T05:35:46+02:00","dateModified":"2015-06-24T05:35:46+02:00","inLanguage":"es-ES","mainEntityOfPage":{"@id":"https:\/\/eldigitaldeasturias.com\/magazine365\/travelplan-destaca-el-exito-de-canarias-en-las-ventas-anticipadas-de-verano\/#webpage"},"isPartOf":{"@id":"https:\/\/eldigitaldeasturias.com\/magazine365\/travelplan-destaca-el-exito-de-canarias-en-las-ventas-anticipadas-de-verano\/#webpage"},"articleSection":"Actualidad Turismo"},{"@type":"BreadcrumbList","@id":"https:\/\/eldigitaldeasturias.com\/magazine365\/travelplan-destaca-el-exito-de-canarias-en-las-ventas-anticipadas-de-verano\/#breadcrumblist","itemListElement":[{"@type":"ListItem","@id":"https:\/\/eldigitaldeasturias.com\/magazine365#listItem","position":1,"name":"Home","item":"https:\/\/eldigitaldeasturias.com\/magazine365","nextItem":{"@type":"ListItem","@id":"https:\/\/eldigitaldeasturias.com\/magazine365\/category\/actualidad-turismo\/#listItem","name":"Actualidad Turismo"}},{"@type":"ListItem","@id":"https:\/\/eldigitaldeasturias.com\/magazine365\/category\/actualidad-turismo\/#listItem","position":2,"name":"Actualidad Turismo","item":"https:\/\/eldigitaldeasturias.com\/magazine365\/category\/actualidad-turismo\/","nextItem":{"@type":"ListItem","@id":"https:\/\/eldigitaldeasturias.com\/magazine365\/travelplan-destaca-el-exito-de-canarias-en-las-ventas-anticipadas-de-verano\/#listItem","name":"Travelplan destaca el \u00e9xito de Canarias en las ventas anticipadas de verano"},"previousItem":{"@type":"ListItem","@id":"https:\/\/eldigitaldeasturias.com\/magazine365#listItem","name":"Home"}},{"@type":"ListItem","@id":"https:\/\/eldigitaldeasturias.com\/magazine365\/travelplan-destaca-el-exito-de-canarias-en-las-ventas-anticipadas-de-verano\/#listItem","position":3,"name":"Travelplan destaca el \u00e9xito de Canarias en las ventas anticipadas de verano","previousItem":{"@type":"ListItem","@id":"https:\/\/eldigitaldeasturias.com\/magazine365\/category\/actualidad-turismo\/#listItem","name":"Actualidad Turismo"}}]},{"@type":"Organization","@id":"https:\/\/eldigitaldeasturias.com\/magazine365\/#organization","name":"El digital de Asturias","description":"Revista de ocio, turismo y estilo de vida","url":"https:\/\/eldigitaldeasturias.com\/magazine365\/","logo":{"@type":"ImageObject","url":"https:\/\/www.eldigitaldeasturias.com\/noticias\/wp-content\/uploads\/2020\/12\/EDA.jpg","@id":"https:\/\/eldigitaldeasturias.com\/magazine365\/travelplan-destaca-el-exito-de-canarias-en-las-ventas-anticipadas-de-verano\/#organizationLogo"},"image":{"@id":"https:\/\/eldigitaldeasturias.com\/magazine365\/travelplan-destaca-el-exito-de-canarias-en-las-ventas-anticipadas-de-verano\/#organizationLogo"}},{"@type":"Person","@id":"https:\/\/eldigitaldeasturias.com\/magazine365\/author\/admin\/#author","url":"https:\/\/eldigitaldeasturias.com\/magazine365\/author\/admin\/","name":"admin","image":{"@type":"ImageObject","@id":"https:\/\/eldigitaldeasturias.com\/magazine365\/travelplan-destaca-el-exito-de-canarias-en-las-ventas-anticipadas-de-verano\/#authorImage","url":"https:\/\/eldigitaldeasturias.com\/magazine365\/wp-content\/litespeed\/avatar\/e571bcf59a0edd6fa6838245a470f2fe.jpg?ver=1777574230","width":96,"height":96,"caption":"admin"}},{"@type":"WebPage","@id":"https:\/\/eldigitaldeasturias.com\/magazine365\/travelplan-destaca-el-exito-de-canarias-en-las-ventas-anticipadas-de-verano\/#webpage","url":"https:\/\/eldigitaldeasturias.com\/magazine365\/travelplan-destaca-el-exito-de-canarias-en-las-ventas-anticipadas-de-verano\/","name":"Travelplan destaca el \u00e9xito de Canarias en las ventas anticipadas de verano | El Digital de Asturias","description":"La divisi\u00f3n mayorista del Grupo Globalia, Travelplan, ha constatado el \"\u00e9xito\" de su campa\u00f1a de venta anticipada de vacaciones de verano en Canarias entre el turismo peninsular, lo que atribuye al \"intenso trabajo llevado a cabo en los \u00faltimos meses para dar a conocer el potencial de las islas entre los profesionales del turismo espa\u00f1ol\".","inLanguage":"es-ES","isPartOf":{"@id":"https:\/\/eldigitaldeasturias.com\/magazine365\/#website"},"breadcrumb":{"@id":"https:\/\/eldigitaldeasturias.com\/magazine365\/travelplan-destaca-el-exito-de-canarias-en-las-ventas-anticipadas-de-verano\/#breadcrumblist"},"author":{"@id":"https:\/\/eldigitaldeasturias.com\/magazine365\/author\/admin\/#author"},"creator":{"@id":"https:\/\/eldigitaldeasturias.com\/magazine365\/author\/admin\/#author"},"image":{"@type":"ImageObject","url":"https:\/\/eldigitaldeasturias.com\/magazine365\/wp-content\/uploads\/2015\/06\/fotonoticia_20150623145037_800.jpg","@id":"https:\/\/eldigitaldeasturias.com\/magazine365\/travelplan-destaca-el-exito-de-canarias-en-las-ventas-anticipadas-de-verano\/#mainImage","width":800,"height":532},"primaryImageOfPage":{"@id":"https:\/\/eldigitaldeasturias.com\/magazine365\/travelplan-destaca-el-exito-de-canarias-en-las-ventas-anticipadas-de-verano\/#mainImage"},"datePublished":"2015-06-24T05:35:46+02:00","dateModified":"2015-06-24T05:35:46+02:00"},{"@type":"WebSite","@id":"https:\/\/eldigitaldeasturias.com\/magazine365\/#website","url":"https:\/\/eldigitaldeasturias.com\/magazine365\/","name":"El Digital de Asturias","description":"Revista de ocio, turismo y estilo de vida","inLanguage":"es-ES","publisher":{"@id":"https:\/\/eldigitaldeasturias.com\/magazine365\/#organization"}}]},"og:locale":"es_ES","og:site_name":"El Digital de Asturias \u2013 Revista de ocio, turismo y estilo de vida","og:type":"article","og:title":"Travelplan destaca el \u00e9xito de Canarias en las ventas anticipadas de verano | El Digital de Asturias","og:description":"La divisi\u00f3n mayorista del Grupo Globalia, Travelplan, ha constatado el &quot;\u00e9xito&quot; de su campa\u00f1a de venta anticipada de vacaciones de verano en Canarias entre el turismo peninsular, lo que atribuye al &quot;intenso trabajo llevado a cabo en los \u00faltimos meses para dar a conocer el potencial de las islas entre los profesionales del turismo espa\u00f1ol&quot;.","og:url":"https:\/\/eldigitaldeasturias.com\/magazine365\/travelplan-destaca-el-exito-de-canarias-en-las-ventas-anticipadas-de-verano\/","og:image":"https:\/\/eldigitaldeasturias.com\/magazine365\/wp-content\/uploads\/2015\/06\/fotonoticia_20150623145037_800.jpg","og:image:secure_url":"https:\/\/eldigitaldeasturias.com\/magazine365\/wp-content\/uploads\/2015\/06\/fotonoticia_20150623145037_800.jpg","og:image:width":800,"og:image:height":532,"article:published_time":"2015-06-24T04:05:46+00:00","article:modified_time":"2015-06-24T04:05:46+00:00","twitter:card":"summary_large_image","twitter:title":"Travelplan destaca el \u00e9xito de Canarias en las ventas anticipadas de verano | El Digital de Asturias","twitter:description":"La divisi\u00f3n mayorista del Grupo Globalia, Travelplan, ha constatado el &quot;\u00e9xito&quot; de su campa\u00f1a de venta anticipada de vacaciones de verano en Canarias entre el turismo peninsular, lo que atribuye al &quot;intenso trabajo llevado a cabo en los \u00faltimos meses para dar a conocer el potencial de las islas entre los profesionales del turismo espa\u00f1ol&quot;.","twitter:image":"https:\/\/eldigitaldeasturias.com\/magazine365\/wp-content\/uploads\/2015\/06\/fotonoticia_20150623145037_800.jpg"},"aioseo_meta_data":{"post_id":"40745","title":null,"description":null,"keywords":null,"keyphrases":null,"primary_term":null,"canonical_url":null,"og_title":null,"og_description":null,"og_object_type":"default","og_image_type":"default","og_image_url":null,"og_image_width":null,"og_image_height":null,"og_image_custom_url":null,"og_image_custom_fields":null,"og_video":null,"og_custom_url":null,"og_article_section":null,"og_article_tags":null,"twitter_use_og":false,"twitter_card":"default","twitter_image_type":"default","twitter_image_url":null,"twitter_image_custom_url":null,"twitter_image_custom_fields":null,"twitter_title":null,"twitter_description":null,"schema":{"blockGraphs":[],"customGraphs":[],"default":{"data":{"Article":[],"Course":[],"Dataset":[],"FAQPage":[],"Movie":[],"Person":[],"Product":[],"ProductReview":[],"Car":[],"Recipe":[],"Service":[],"SoftwareApplication":[],"WebPage":[]},"graphName":"","isEnabled":true},"graphs":[],"defaultGraph":"","defaultPostTypeGraph":""},"schema_type":null,"schema_type_options":null,"pillar_content":false,"robots_default":true,"robots_noindex":false,"robots_noarchive":false,"robots_nosnippet":false,"robots_nofollow":false,"robots_noimageindex":false,"robots_noodp":false,"robots_notranslate":false,"robots_max_snippet":null,"robots_max_videopreview":null,"robots_max_imagepreview":"large","priority":null,"frequency":null,"location":null,"local_seo":null,"seo_analyzer_scan_date":"2025-09-19 14:11:58","breadcrumb_settings":null,"limit_modified_date":false,"open_ai":null,"ai":null,"created":"2021-03-09 02:25:04","updated":"2025-09-19 14:11:58"},"aioseo_breadcrumb":"<div class=\"aioseo-breadcrumbs\"><span class=\"aioseo-breadcrumb\">\n\t<a href=\"https:\/\/eldigitaldeasturias.com\/magazine365\" title=\"Home\">Home<\/a>\n<\/span><span class=\"aioseo-breadcrumb-separator\">\u2013<\/span><span class=\"aioseo-breadcrumb\">\n\t<a href=\"https:\/\/eldigitaldeasturias.com\/magazine365\/category\/actualidad-turismo\/\" title=\"Actualidad Turismo\">Actualidad Turismo<\/a>\n<\/span><span class=\"aioseo-breadcrumb-separator\">\u2013<\/span><span class=\"aioseo-breadcrumb\">\n\t<a href=\"https:\/\/eldigitaldeasturias.com\/magazine365\/travelplan-destaca-el-exito-de-canarias-en-las-ventas-anticipadas-de-verano\/\" title=\"Travelplan destaca el \u00e9xito de Canarias en las ventas anticipadas de verano\">Travelplan destaca el \u00e9xito de Canarias en las ventas anticipadas de verano<\/a>\n<\/span><\/div>","aioseo_breadcrumb_json":[{"label":"Home","link":"https:\/\/eldigitaldeasturias.com\/magazine365"},{"label":"Actualidad Turismo","link":"https:\/\/eldigitaldeasturias.com\/magazine365\/category\/actualidad-turismo\/"},{"label":"Travelplan destaca el \u00e9xito de Canarias en las ventas anticipadas de verano","link":"https:\/\/eldigitaldeasturias.com\/magazine365\/travelplan-destaca-el-exito-de-canarias-en-las-ventas-anticipadas-de-verano\/"}],"_links":{"self":[{"href":"https:\/\/eldigitaldeasturias.com\/magazine365\/wp-json\/wp\/v2\/posts\/40745","targetHints":{"allow":["GET"]}}],"collection":[{"href":"https:\/\/eldigitaldeasturias.com\/magazine365\/wp-json\/wp\/v2\/posts"}],"about":[{"href":"https:\/\/eldigitaldeasturias.com\/magazine365\/wp-json\/wp\/v2\/types\/post"}],"author":[{"embeddable":true,"href":"https:\/\/eldigitaldeasturias.com\/magazine365\/wp-json\/wp\/v2\/users\/1"}],"replies":[{"embeddable":true,"href":"https:\/\/eldigitaldeasturias.com\/magazine365\/wp-json\/wp\/v2\/comments?post=40745"}],"version-history":[{"count":0,"href":"https:\/\/eldigitaldeasturias.com\/magazine365\/wp-json\/wp\/v2\/posts\/40745\/revisions"}],"wp:featuredmedia":[{"embeddable":true,"href":"https:\/\/eldigitaldeasturias.com\/magazine365\/wp-json\/wp\/v2\/media\/40746"}],"wp:attachment":[{"href":"https:\/\/eldigitaldeasturias.com\/magazine365\/wp-json\/wp\/v2\/media?parent=40745"}],"wp:term":[{"taxonomy":"category","embeddable":true,"href":"https:\/\/eldigitaldeasturias.com\/magazine365\/wp-json\/wp\/v2\/categories?post=40745"},{"taxonomy":"post_tag","embeddable":true,"href":"https:\/\/eldigitaldeasturias.com\/magazine365\/wp-json\/wp\/v2\/tags?post=40745"}],"curies":[{"name":"wp","href":"https:\/\/api.w.org\/{rel}","templated":true}]}}