{"id":40742,"date":"2015-06-24T05:34:48","date_gmt":"2015-06-24T04:04:48","guid":{"rendered":"http:\/\/eldigitaldeasturias.com\/magazine365\/?p=40742"},"modified":"2015-06-24T05:34:48","modified_gmt":"2015-06-24T04:04:48","slug":"easyjet-inaugura-el-sabado-una-nueva-ruta-aerea-entre-menorca-y-ginebra","status":"publish","type":"post","link":"https:\/\/eldigitaldeasturias.com\/magazine365\/easyjet-inaugura-el-sabado-una-nueva-ruta-aerea-entre-menorca-y-ginebra\/","title":{"rendered":"easyJet inaugura el s\u00e1bado una nueva ruta a\u00e9rea entre Menorca y Ginebra"},"content":{"rendered":"<p><img fetchpriority=\"high\" decoding=\"async\" class=\"alignleft size-medium wp-image-40743\" src=\"https:\/\/eldigitaldeasturias.com\/magazine365\/wp-content\/uploads\/2015\/06\/fotonoticia_20150623142252_800-360x212.jpg\" alt=\"fotonoticia_20150623142252_800\" width=\"360\" height=\"212\" srcset=\"https:\/\/eldigitaldeasturias.com\/magazine365\/wp-content\/uploads\/2015\/06\/fotonoticia_20150623142252_800-360x212.jpg 360w, https:\/\/eldigitaldeasturias.com\/magazine365\/wp-content\/uploads\/2015\/06\/fotonoticia_20150623142252_800-650x382.jpg 650w, https:\/\/eldigitaldeasturias.com\/magazine365\/wp-content\/uploads\/2015\/06\/fotonoticia_20150623142252_800-768x451.jpg 768w, https:\/\/eldigitaldeasturias.com\/magazine365\/wp-content\/uploads\/2015\/06\/fotonoticia_20150623142252_800-150x88.jpg 150w, https:\/\/eldigitaldeasturias.com\/magazine365\/wp-content\/uploads\/2015\/06\/fotonoticia_20150623142252_800-450x264.jpg 450w, https:\/\/eldigitaldeasturias.com\/magazine365\/wp-content\/uploads\/2015\/06\/fotonoticia_20150623142252_800-696x409.jpg 696w, https:\/\/eldigitaldeasturias.com\/magazine365\/wp-content\/uploads\/2015\/06\/fotonoticia_20150623142252_800-715x420.jpg 715w, https:\/\/eldigitaldeasturias.com\/magazine365\/wp-content\/uploads\/2015\/06\/fotonoticia_20150623142252_800-172x100.jpg 172w, https:\/\/eldigitaldeasturias.com\/magazine365\/wp-content\/uploads\/2015\/06\/fotonoticia_20150623142252_800.jpg 800w\" sizes=\"(max-width: 360px) 100vw, 360px\" \/>La compa\u00f1\u00eda a\u00e9rea easyJet ha anunciado este martes la inauguraci\u00f3n el pr\u00f3ximo s\u00e1bado 27 de junio de su nueva ruta que conectar\u00e1 el aeropuerto de Menorca con Ginebra, justo un d\u00eda despu\u00e9s de la inauguraci\u00f3n de su conexi\u00f3n entre Menorca y Londres-Southend.<\/p>\n<p>El acto de inauguraci\u00f3n de esta nueva ruta estival de easyJet a Ginebra comenzar\u00e1 con el tradicional bautizo del avi\u00f3n con arco de agua en pista a su llegada al aeropuerto de Menorca. Adem\u00e1s, una tarta conmemorativa esperar\u00e1 a los pasajeros de este vuelo en terminal de llegadas a modo de bienvenida.<\/p>\n<p>El evento estar\u00e1 presidido por el jefe de Gabinete de Direcci\u00f3n de Aena, Abelardo Olives, el jefe de Operaciones de easyJet en Menorca, Jaime Fern\u00e1ndez, as\u00ed como por el gerente de la Fundaci\u00f3 Dest\u00ed Menorca, David Vidal.<\/p>\n","protected":false},"excerpt":{"rendered":"<p>La compa\u00f1\u00eda a\u00e9rea easyJet ha anunciado este martes la inauguraci\u00f3n el pr\u00f3ximo s\u00e1bado 27 de junio de su nueva ruta que conectar\u00e1 el aeropuerto de Menorca con Ginebra, justo un d\u00eda despu\u00e9s de la inauguraci\u00f3n de su conexi\u00f3n entre Menorca y Londres-Southend. El acto de inauguraci\u00f3n de esta nueva ruta estival de easyJet a Ginebra<\/p>\n","protected":false},"author":1,"featured_media":40743,"comment_status":"open","ping_status":"closed","sticky":false,"template":"","format":"standard","meta":{"footnotes":""},"categories":[224],"tags":[],"class_list":{"0":"post-40742","1":"post","2":"type-post","3":"status-publish","4":"format-standard","5":"has-post-thumbnail","7":"category-noticias-actualidad"},"aioseo_notices":[],"aioseo_head":"\n\t\t<!-- All in One SEO Pro 4.9.6.1 - aioseo.com -->\n\t<meta name=\"description\" content=\"La compa\u00f1\u00eda a\u00e9rea easyJet ha anunciado este martes la inauguraci\u00f3n el pr\u00f3ximo s\u00e1bado 27 de junio de su nueva ruta que conectar\u00e1 el aeropuerto de Menorca con Ginebra, justo un d\u00eda despu\u00e9s de la inauguraci\u00f3n de su conexi\u00f3n entre Menorca y Londres-Southend. El acto de inauguraci\u00f3n de esta nueva ruta estival de easyJet a Ginebra\" \/>\n\t<meta name=\"robots\" content=\"max-image-preview:large\" \/>\n\t<meta name=\"author\" content=\"admin\"\/>\n\t<meta name=\"google-site-verification\" content=\"UA-38556648-1\" \/>\n\t<meta name=\"keywords\" content=\"noticias y actualidad\" \/>\n\t<link rel=\"canonical\" href=\"https:\/\/eldigitaldeasturias.com\/magazine365\/easyjet-inaugura-el-sabado-una-nueva-ruta-aerea-entre-menorca-y-ginebra\/\" \/>\n\t<meta name=\"generator\" content=\"All in One SEO Pro (AIOSEO) 4.9.6.1\" \/>\n\t\t<meta property=\"og:locale\" content=\"es_ES\" \/>\n\t\t<meta property=\"og:site_name\" content=\"El Digital de Asturias \u2013 Revista de ocio, turismo y estilo de vida\" \/>\n\t\t<meta property=\"og:type\" content=\"article\" \/>\n\t\t<meta property=\"og:title\" content=\"easyJet inaugura el s\u00e1bado una nueva ruta a\u00e9rea entre Menorca y Ginebra | El Digital de Asturias\" \/>\n\t\t<meta property=\"og:description\" content=\"La compa\u00f1\u00eda a\u00e9rea easyJet ha anunciado este martes la inauguraci\u00f3n el pr\u00f3ximo s\u00e1bado 27 de junio de su nueva ruta que conectar\u00e1 el aeropuerto de Menorca con Ginebra, justo un d\u00eda despu\u00e9s de la inauguraci\u00f3n de su conexi\u00f3n entre Menorca y Londres-Southend. El acto de inauguraci\u00f3n de esta nueva ruta estival de easyJet a Ginebra\" \/>\n\t\t<meta property=\"og:url\" content=\"https:\/\/eldigitaldeasturias.com\/magazine365\/easyjet-inaugura-el-sabado-una-nueva-ruta-aerea-entre-menorca-y-ginebra\/\" \/>\n\t\t<meta property=\"og:image\" content=\"https:\/\/eldigitaldeasturias.com\/magazine365\/wp-content\/uploads\/2015\/06\/fotonoticia_20150623142252_800.jpg\" \/>\n\t\t<meta property=\"og:image:secure_url\" content=\"https:\/\/eldigitaldeasturias.com\/magazine365\/wp-content\/uploads\/2015\/06\/fotonoticia_20150623142252_800.jpg\" \/>\n\t\t<meta property=\"og:image:width\" content=\"800\" \/>\n\t\t<meta property=\"og:image:height\" content=\"470\" \/>\n\t\t<meta property=\"article:published_time\" content=\"2015-06-24T04:04:48+00:00\" \/>\n\t\t<meta property=\"article:modified_time\" content=\"2015-06-24T04:04:48+00:00\" \/>\n\t\t<meta name=\"twitter:card\" content=\"summary_large_image\" \/>\n\t\t<meta name=\"twitter:title\" content=\"easyJet inaugura el s\u00e1bado una nueva ruta a\u00e9rea entre Menorca y Ginebra | El Digital de Asturias\" \/>\n\t\t<meta name=\"twitter:description\" content=\"La compa\u00f1\u00eda a\u00e9rea easyJet ha anunciado este martes la inauguraci\u00f3n el pr\u00f3ximo s\u00e1bado 27 de junio de su nueva ruta que conectar\u00e1 el aeropuerto de Menorca con Ginebra, justo un d\u00eda despu\u00e9s de la inauguraci\u00f3n de su conexi\u00f3n entre Menorca y Londres-Southend. El acto de inauguraci\u00f3n de esta nueva ruta estival de easyJet a Ginebra\" \/>\n\t\t<meta name=\"twitter:image\" content=\"https:\/\/eldigitaldeasturias.com\/magazine365\/wp-content\/uploads\/2015\/06\/fotonoticia_20150623142252_800.jpg\" \/>\n\t\t<script type=\"application\/ld+json\" class=\"aioseo-schema\">\n\t\t\t{\"@context\":\"https:\\\/\\\/schema.org\",\"@graph\":[{\"@type\":\"Article\",\"@id\":\"https:\\\/\\\/eldigitaldeasturias.com\\\/magazine365\\\/easyjet-inaugura-el-sabado-una-nueva-ruta-aerea-entre-menorca-y-ginebra\\\/#article\",\"name\":\"easyJet inaugura el s\\u00e1bado una nueva ruta a\\u00e9rea entre Menorca y Ginebra | El Digital de Asturias\",\"headline\":\"easyJet inaugura el s\\u00e1bado una nueva ruta a\\u00e9rea entre Menorca y Ginebra\",\"author\":{\"@id\":\"https:\\\/\\\/eldigitaldeasturias.com\\\/magazine365\\\/author\\\/admin\\\/#author\"},\"publisher\":{\"@id\":\"https:\\\/\\\/eldigitaldeasturias.com\\\/magazine365\\\/#organization\"},\"image\":{\"@type\":\"ImageObject\",\"url\":\"https:\\\/\\\/eldigitaldeasturias.com\\\/magazine365\\\/wp-content\\\/uploads\\\/2015\\\/06\\\/fotonoticia_20150623142252_800.jpg\",\"width\":800,\"height\":470},\"datePublished\":\"2015-06-24T05:34:48+02:00\",\"dateModified\":\"2015-06-24T05:34:48+02:00\",\"inLanguage\":\"es-ES\",\"mainEntityOfPage\":{\"@id\":\"https:\\\/\\\/eldigitaldeasturias.com\\\/magazine365\\\/easyjet-inaugura-el-sabado-una-nueva-ruta-aerea-entre-menorca-y-ginebra\\\/#webpage\"},\"isPartOf\":{\"@id\":\"https:\\\/\\\/eldigitaldeasturias.com\\\/magazine365\\\/easyjet-inaugura-el-sabado-una-nueva-ruta-aerea-entre-menorca-y-ginebra\\\/#webpage\"},\"articleSection\":\"Noticias y Actualidad\"},{\"@type\":\"BreadcrumbList\",\"@id\":\"https:\\\/\\\/eldigitaldeasturias.com\\\/magazine365\\\/easyjet-inaugura-el-sabado-una-nueva-ruta-aerea-entre-menorca-y-ginebra\\\/#breadcrumblist\",\"itemListElement\":[{\"@type\":\"ListItem\",\"@id\":\"https:\\\/\\\/eldigitaldeasturias.com\\\/magazine365#listItem\",\"position\":1,\"name\":\"Home\",\"item\":\"https:\\\/\\\/eldigitaldeasturias.com\\\/magazine365\",\"nextItem\":{\"@type\":\"ListItem\",\"@id\":\"https:\\\/\\\/eldigitaldeasturias.com\\\/magazine365\\\/category\\\/noticias-actualidad\\\/#listItem\",\"name\":\"Noticias y Actualidad\"}},{\"@type\":\"ListItem\",\"@id\":\"https:\\\/\\\/eldigitaldeasturias.com\\\/magazine365\\\/category\\\/noticias-actualidad\\\/#listItem\",\"position\":2,\"name\":\"Noticias y Actualidad\",\"item\":\"https:\\\/\\\/eldigitaldeasturias.com\\\/magazine365\\\/category\\\/noticias-actualidad\\\/\",\"nextItem\":{\"@type\":\"ListItem\",\"@id\":\"https:\\\/\\\/eldigitaldeasturias.com\\\/magazine365\\\/easyjet-inaugura-el-sabado-una-nueva-ruta-aerea-entre-menorca-y-ginebra\\\/#listItem\",\"name\":\"easyJet inaugura el s\\u00e1bado una nueva ruta a\\u00e9rea entre Menorca y Ginebra\"},\"previousItem\":{\"@type\":\"ListItem\",\"@id\":\"https:\\\/\\\/eldigitaldeasturias.com\\\/magazine365#listItem\",\"name\":\"Home\"}},{\"@type\":\"ListItem\",\"@id\":\"https:\\\/\\\/eldigitaldeasturias.com\\\/magazine365\\\/easyjet-inaugura-el-sabado-una-nueva-ruta-aerea-entre-menorca-y-ginebra\\\/#listItem\",\"position\":3,\"name\":\"easyJet inaugura el s\\u00e1bado una nueva ruta a\\u00e9rea entre Menorca y Ginebra\",\"previousItem\":{\"@type\":\"ListItem\",\"@id\":\"https:\\\/\\\/eldigitaldeasturias.com\\\/magazine365\\\/category\\\/noticias-actualidad\\\/#listItem\",\"name\":\"Noticias y Actualidad\"}}]},{\"@type\":\"Organization\",\"@id\":\"https:\\\/\\\/eldigitaldeasturias.com\\\/magazine365\\\/#organization\",\"name\":\"El digital de Asturias\",\"description\":\"Revista de ocio, turismo y estilo de vida\",\"url\":\"https:\\\/\\\/eldigitaldeasturias.com\\\/magazine365\\\/\",\"logo\":{\"@type\":\"ImageObject\",\"url\":\"https:\\\/\\\/www.eldigitaldeasturias.com\\\/noticias\\\/wp-content\\\/uploads\\\/2020\\\/12\\\/EDA.jpg\",\"@id\":\"https:\\\/\\\/eldigitaldeasturias.com\\\/magazine365\\\/easyjet-inaugura-el-sabado-una-nueva-ruta-aerea-entre-menorca-y-ginebra\\\/#organizationLogo\"},\"image\":{\"@id\":\"https:\\\/\\\/eldigitaldeasturias.com\\\/magazine365\\\/easyjet-inaugura-el-sabado-una-nueva-ruta-aerea-entre-menorca-y-ginebra\\\/#organizationLogo\"}},{\"@type\":\"Person\",\"@id\":\"https:\\\/\\\/eldigitaldeasturias.com\\\/magazine365\\\/author\\\/admin\\\/#author\",\"url\":\"https:\\\/\\\/eldigitaldeasturias.com\\\/magazine365\\\/author\\\/admin\\\/\",\"name\":\"admin\",\"image\":{\"@type\":\"ImageObject\",\"@id\":\"https:\\\/\\\/eldigitaldeasturias.com\\\/magazine365\\\/easyjet-inaugura-el-sabado-una-nueva-ruta-aerea-entre-menorca-y-ginebra\\\/#authorImage\",\"url\":\"https:\\\/\\\/eldigitaldeasturias.com\\\/magazine365\\\/wp-content\\\/litespeed\\\/avatar\\\/e571bcf59a0edd6fa6838245a470f2fe.jpg?ver=1777574230\",\"width\":96,\"height\":96,\"caption\":\"admin\"}},{\"@type\":\"WebPage\",\"@id\":\"https:\\\/\\\/eldigitaldeasturias.com\\\/magazine365\\\/easyjet-inaugura-el-sabado-una-nueva-ruta-aerea-entre-menorca-y-ginebra\\\/#webpage\",\"url\":\"https:\\\/\\\/eldigitaldeasturias.com\\\/magazine365\\\/easyjet-inaugura-el-sabado-una-nueva-ruta-aerea-entre-menorca-y-ginebra\\\/\",\"name\":\"easyJet inaugura el s\\u00e1bado una nueva ruta a\\u00e9rea entre Menorca y Ginebra | El Digital de Asturias\",\"description\":\"La compa\\u00f1\\u00eda a\\u00e9rea easyJet ha anunciado este martes la inauguraci\\u00f3n el pr\\u00f3ximo s\\u00e1bado 27 de junio de su nueva ruta que conectar\\u00e1 el aeropuerto de Menorca con Ginebra, justo un d\\u00eda despu\\u00e9s de la inauguraci\\u00f3n de su conexi\\u00f3n entre Menorca y Londres-Southend. El acto de inauguraci\\u00f3n de esta nueva ruta estival de easyJet a Ginebra\",\"inLanguage\":\"es-ES\",\"isPartOf\":{\"@id\":\"https:\\\/\\\/eldigitaldeasturias.com\\\/magazine365\\\/#website\"},\"breadcrumb\":{\"@id\":\"https:\\\/\\\/eldigitaldeasturias.com\\\/magazine365\\\/easyjet-inaugura-el-sabado-una-nueva-ruta-aerea-entre-menorca-y-ginebra\\\/#breadcrumblist\"},\"author\":{\"@id\":\"https:\\\/\\\/eldigitaldeasturias.com\\\/magazine365\\\/author\\\/admin\\\/#author\"},\"creator\":{\"@id\":\"https:\\\/\\\/eldigitaldeasturias.com\\\/magazine365\\\/author\\\/admin\\\/#author\"},\"image\":{\"@type\":\"ImageObject\",\"url\":\"https:\\\/\\\/eldigitaldeasturias.com\\\/magazine365\\\/wp-content\\\/uploads\\\/2015\\\/06\\\/fotonoticia_20150623142252_800.jpg\",\"@id\":\"https:\\\/\\\/eldigitaldeasturias.com\\\/magazine365\\\/easyjet-inaugura-el-sabado-una-nueva-ruta-aerea-entre-menorca-y-ginebra\\\/#mainImage\",\"width\":800,\"height\":470},\"primaryImageOfPage\":{\"@id\":\"https:\\\/\\\/eldigitaldeasturias.com\\\/magazine365\\\/easyjet-inaugura-el-sabado-una-nueva-ruta-aerea-entre-menorca-y-ginebra\\\/#mainImage\"},\"datePublished\":\"2015-06-24T05:34:48+02:00\",\"dateModified\":\"2015-06-24T05:34:48+02:00\"},{\"@type\":\"WebSite\",\"@id\":\"https:\\\/\\\/eldigitaldeasturias.com\\\/magazine365\\\/#website\",\"url\":\"https:\\\/\\\/eldigitaldeasturias.com\\\/magazine365\\\/\",\"name\":\"El Digital de Asturias\",\"description\":\"Revista de ocio, turismo y estilo de vida\",\"inLanguage\":\"es-ES\",\"publisher\":{\"@id\":\"https:\\\/\\\/eldigitaldeasturias.com\\\/magazine365\\\/#organization\"}}]}\n\t\t<\/script>\n\t\t<!-- All in One SEO Pro -->\r\n\t\t<title>easyJet inaugura el s\u00e1bado una nueva ruta a\u00e9rea entre Menorca y Ginebra | El Digital de Asturias<\/title>\n\n","aioseo_head_json":{"title":"easyJet inaugura el s\u00e1bado una nueva ruta a\u00e9rea entre Menorca y Ginebra | El Digital de Asturias","description":"La compa\u00f1\u00eda a\u00e9rea easyJet ha anunciado este martes la inauguraci\u00f3n el pr\u00f3ximo s\u00e1bado 27 de junio de su nueva ruta que conectar\u00e1 el aeropuerto de Menorca con Ginebra, justo un d\u00eda despu\u00e9s de la inauguraci\u00f3n de su conexi\u00f3n entre Menorca y Londres-Southend. El acto de inauguraci\u00f3n de esta nueva ruta estival de easyJet a Ginebra","canonical_url":"https:\/\/eldigitaldeasturias.com\/magazine365\/easyjet-inaugura-el-sabado-una-nueva-ruta-aerea-entre-menorca-y-ginebra\/","robots":"max-image-preview:large","keywords":"noticias y actualidad","webmasterTools":{"google-site-verification":"UA-38556648-1","miscellaneous":""},"schema":{"@context":"https:\/\/schema.org","@graph":[{"@type":"Article","@id":"https:\/\/eldigitaldeasturias.com\/magazine365\/easyjet-inaugura-el-sabado-una-nueva-ruta-aerea-entre-menorca-y-ginebra\/#article","name":"easyJet inaugura el s\u00e1bado una nueva ruta a\u00e9rea entre Menorca y Ginebra | El Digital de Asturias","headline":"easyJet inaugura el s\u00e1bado una nueva ruta a\u00e9rea entre Menorca y Ginebra","author":{"@id":"https:\/\/eldigitaldeasturias.com\/magazine365\/author\/admin\/#author"},"publisher":{"@id":"https:\/\/eldigitaldeasturias.com\/magazine365\/#organization"},"image":{"@type":"ImageObject","url":"https:\/\/eldigitaldeasturias.com\/magazine365\/wp-content\/uploads\/2015\/06\/fotonoticia_20150623142252_800.jpg","width":800,"height":470},"datePublished":"2015-06-24T05:34:48+02:00","dateModified":"2015-06-24T05:34:48+02:00","inLanguage":"es-ES","mainEntityOfPage":{"@id":"https:\/\/eldigitaldeasturias.com\/magazine365\/easyjet-inaugura-el-sabado-una-nueva-ruta-aerea-entre-menorca-y-ginebra\/#webpage"},"isPartOf":{"@id":"https:\/\/eldigitaldeasturias.com\/magazine365\/easyjet-inaugura-el-sabado-una-nueva-ruta-aerea-entre-menorca-y-ginebra\/#webpage"},"articleSection":"Noticias y Actualidad"},{"@type":"BreadcrumbList","@id":"https:\/\/eldigitaldeasturias.com\/magazine365\/easyjet-inaugura-el-sabado-una-nueva-ruta-aerea-entre-menorca-y-ginebra\/#breadcrumblist","itemListElement":[{"@type":"ListItem","@id":"https:\/\/eldigitaldeasturias.com\/magazine365#listItem","position":1,"name":"Home","item":"https:\/\/eldigitaldeasturias.com\/magazine365","nextItem":{"@type":"ListItem","@id":"https:\/\/eldigitaldeasturias.com\/magazine365\/category\/noticias-actualidad\/#listItem","name":"Noticias y Actualidad"}},{"@type":"ListItem","@id":"https:\/\/eldigitaldeasturias.com\/magazine365\/category\/noticias-actualidad\/#listItem","position":2,"name":"Noticias y Actualidad","item":"https:\/\/eldigitaldeasturias.com\/magazine365\/category\/noticias-actualidad\/","nextItem":{"@type":"ListItem","@id":"https:\/\/eldigitaldeasturias.com\/magazine365\/easyjet-inaugura-el-sabado-una-nueva-ruta-aerea-entre-menorca-y-ginebra\/#listItem","name":"easyJet inaugura el s\u00e1bado una nueva ruta a\u00e9rea entre Menorca y Ginebra"},"previousItem":{"@type":"ListItem","@id":"https:\/\/eldigitaldeasturias.com\/magazine365#listItem","name":"Home"}},{"@type":"ListItem","@id":"https:\/\/eldigitaldeasturias.com\/magazine365\/easyjet-inaugura-el-sabado-una-nueva-ruta-aerea-entre-menorca-y-ginebra\/#listItem","position":3,"name":"easyJet inaugura el s\u00e1bado una nueva ruta a\u00e9rea entre Menorca y Ginebra","previousItem":{"@type":"ListItem","@id":"https:\/\/eldigitaldeasturias.com\/magazine365\/category\/noticias-actualidad\/#listItem","name":"Noticias y Actualidad"}}]},{"@type":"Organization","@id":"https:\/\/eldigitaldeasturias.com\/magazine365\/#organization","name":"El digital de Asturias","description":"Revista de ocio, turismo y estilo de vida","url":"https:\/\/eldigitaldeasturias.com\/magazine365\/","logo":{"@type":"ImageObject","url":"https:\/\/www.eldigitaldeasturias.com\/noticias\/wp-content\/uploads\/2020\/12\/EDA.jpg","@id":"https:\/\/eldigitaldeasturias.com\/magazine365\/easyjet-inaugura-el-sabado-una-nueva-ruta-aerea-entre-menorca-y-ginebra\/#organizationLogo"},"image":{"@id":"https:\/\/eldigitaldeasturias.com\/magazine365\/easyjet-inaugura-el-sabado-una-nueva-ruta-aerea-entre-menorca-y-ginebra\/#organizationLogo"}},{"@type":"Person","@id":"https:\/\/eldigitaldeasturias.com\/magazine365\/author\/admin\/#author","url":"https:\/\/eldigitaldeasturias.com\/magazine365\/author\/admin\/","name":"admin","image":{"@type":"ImageObject","@id":"https:\/\/eldigitaldeasturias.com\/magazine365\/easyjet-inaugura-el-sabado-una-nueva-ruta-aerea-entre-menorca-y-ginebra\/#authorImage","url":"https:\/\/eldigitaldeasturias.com\/magazine365\/wp-content\/litespeed\/avatar\/e571bcf59a0edd6fa6838245a470f2fe.jpg?ver=1777574230","width":96,"height":96,"caption":"admin"}},{"@type":"WebPage","@id":"https:\/\/eldigitaldeasturias.com\/magazine365\/easyjet-inaugura-el-sabado-una-nueva-ruta-aerea-entre-menorca-y-ginebra\/#webpage","url":"https:\/\/eldigitaldeasturias.com\/magazine365\/easyjet-inaugura-el-sabado-una-nueva-ruta-aerea-entre-menorca-y-ginebra\/","name":"easyJet inaugura el s\u00e1bado una nueva ruta a\u00e9rea entre Menorca y Ginebra | El Digital de Asturias","description":"La compa\u00f1\u00eda a\u00e9rea easyJet ha anunciado este martes la inauguraci\u00f3n el pr\u00f3ximo s\u00e1bado 27 de junio de su nueva ruta que conectar\u00e1 el aeropuerto de Menorca con Ginebra, justo un d\u00eda despu\u00e9s de la inauguraci\u00f3n de su conexi\u00f3n entre Menorca y Londres-Southend. El acto de inauguraci\u00f3n de esta nueva ruta estival de easyJet a Ginebra","inLanguage":"es-ES","isPartOf":{"@id":"https:\/\/eldigitaldeasturias.com\/magazine365\/#website"},"breadcrumb":{"@id":"https:\/\/eldigitaldeasturias.com\/magazine365\/easyjet-inaugura-el-sabado-una-nueva-ruta-aerea-entre-menorca-y-ginebra\/#breadcrumblist"},"author":{"@id":"https:\/\/eldigitaldeasturias.com\/magazine365\/author\/admin\/#author"},"creator":{"@id":"https:\/\/eldigitaldeasturias.com\/magazine365\/author\/admin\/#author"},"image":{"@type":"ImageObject","url":"https:\/\/eldigitaldeasturias.com\/magazine365\/wp-content\/uploads\/2015\/06\/fotonoticia_20150623142252_800.jpg","@id":"https:\/\/eldigitaldeasturias.com\/magazine365\/easyjet-inaugura-el-sabado-una-nueva-ruta-aerea-entre-menorca-y-ginebra\/#mainImage","width":800,"height":470},"primaryImageOfPage":{"@id":"https:\/\/eldigitaldeasturias.com\/magazine365\/easyjet-inaugura-el-sabado-una-nueva-ruta-aerea-entre-menorca-y-ginebra\/#mainImage"},"datePublished":"2015-06-24T05:34:48+02:00","dateModified":"2015-06-24T05:34:48+02:00"},{"@type":"WebSite","@id":"https:\/\/eldigitaldeasturias.com\/magazine365\/#website","url":"https:\/\/eldigitaldeasturias.com\/magazine365\/","name":"El Digital de Asturias","description":"Revista de ocio, turismo y estilo de vida","inLanguage":"es-ES","publisher":{"@id":"https:\/\/eldigitaldeasturias.com\/magazine365\/#organization"}}]},"og:locale":"es_ES","og:site_name":"El Digital de Asturias \u2013 Revista de ocio, turismo y estilo de vida","og:type":"article","og:title":"easyJet inaugura el s\u00e1bado una nueva ruta a\u00e9rea entre Menorca y Ginebra | El Digital de Asturias","og:description":"La compa\u00f1\u00eda a\u00e9rea easyJet ha anunciado este martes la inauguraci\u00f3n el pr\u00f3ximo s\u00e1bado 27 de junio de su nueva ruta que conectar\u00e1 el aeropuerto de Menorca con Ginebra, justo un d\u00eda despu\u00e9s de la inauguraci\u00f3n de su conexi\u00f3n entre Menorca y Londres-Southend. El acto de inauguraci\u00f3n de esta nueva ruta estival de easyJet a Ginebra","og:url":"https:\/\/eldigitaldeasturias.com\/magazine365\/easyjet-inaugura-el-sabado-una-nueva-ruta-aerea-entre-menorca-y-ginebra\/","og:image":"https:\/\/eldigitaldeasturias.com\/magazine365\/wp-content\/uploads\/2015\/06\/fotonoticia_20150623142252_800.jpg","og:image:secure_url":"https:\/\/eldigitaldeasturias.com\/magazine365\/wp-content\/uploads\/2015\/06\/fotonoticia_20150623142252_800.jpg","og:image:width":800,"og:image:height":470,"article:published_time":"2015-06-24T04:04:48+00:00","article:modified_time":"2015-06-24T04:04:48+00:00","twitter:card":"summary_large_image","twitter:title":"easyJet inaugura el s\u00e1bado una nueva ruta a\u00e9rea entre Menorca y Ginebra | El Digital de Asturias","twitter:description":"La compa\u00f1\u00eda a\u00e9rea easyJet ha anunciado este martes la inauguraci\u00f3n el pr\u00f3ximo s\u00e1bado 27 de junio de su nueva ruta que conectar\u00e1 el aeropuerto de Menorca con Ginebra, justo un d\u00eda despu\u00e9s de la inauguraci\u00f3n de su conexi\u00f3n entre Menorca y Londres-Southend. El acto de inauguraci\u00f3n de esta nueva ruta estival de easyJet a Ginebra","twitter:image":"https:\/\/eldigitaldeasturias.com\/magazine365\/wp-content\/uploads\/2015\/06\/fotonoticia_20150623142252_800.jpg"},"aioseo_meta_data":{"post_id":"40742","title":null,"description":null,"keywords":null,"keyphrases":null,"primary_term":null,"canonical_url":null,"og_title":null,"og_description":null,"og_object_type":"default","og_image_type":"default","og_image_url":null,"og_image_width":null,"og_image_height":null,"og_image_custom_url":null,"og_image_custom_fields":null,"og_video":null,"og_custom_url":null,"og_article_section":null,"og_article_tags":null,"twitter_use_og":false,"twitter_card":"default","twitter_image_type":"default","twitter_image_url":null,"twitter_image_custom_url":null,"twitter_image_custom_fields":null,"twitter_title":null,"twitter_description":null,"schema":{"blockGraphs":[],"customGraphs":[],"default":{"data":{"Article":[],"Course":[],"Dataset":[],"FAQPage":[],"Movie":[],"Person":[],"Product":[],"ProductReview":[],"Car":[],"Recipe":[],"Service":[],"SoftwareApplication":[],"WebPage":[]},"graphName":"","isEnabled":true},"graphs":[],"defaultGraph":"","defaultPostTypeGraph":""},"schema_type":null,"schema_type_options":null,"pillar_content":false,"robots_default":true,"robots_noindex":false,"robots_noarchive":false,"robots_nosnippet":false,"robots_nofollow":false,"robots_noimageindex":false,"robots_noodp":false,"robots_notranslate":false,"robots_max_snippet":null,"robots_max_videopreview":null,"robots_max_imagepreview":"large","priority":null,"frequency":null,"location":null,"local_seo":null,"seo_analyzer_scan_date":"2025-09-19 14:11:56","breadcrumb_settings":null,"limit_modified_date":false,"open_ai":null,"ai":null,"created":"2021-03-09 02:25:04","updated":"2025-09-19 14:11:56"},"aioseo_breadcrumb":"<div class=\"aioseo-breadcrumbs\"><span class=\"aioseo-breadcrumb\">\n\t<a href=\"https:\/\/eldigitaldeasturias.com\/magazine365\" title=\"Home\">Home<\/a>\n<\/span><span class=\"aioseo-breadcrumb-separator\">\u2013<\/span><span class=\"aioseo-breadcrumb\">\n\t<a href=\"https:\/\/eldigitaldeasturias.com\/magazine365\/category\/noticias-actualidad\/\" title=\"Noticias y Actualidad\">Noticias y Actualidad<\/a>\n<\/span><span class=\"aioseo-breadcrumb-separator\">\u2013<\/span><span class=\"aioseo-breadcrumb\">\n\t<a href=\"https:\/\/eldigitaldeasturias.com\/magazine365\/easyjet-inaugura-el-sabado-una-nueva-ruta-aerea-entre-menorca-y-ginebra\/\" title=\"easyJet inaugura el s\u00e1bado una nueva ruta a\u00e9rea entre Menorca y Ginebra\">easyJet inaugura el s\u00e1bado una nueva ruta a\u00e9rea entre Menorca y Ginebra<\/a>\n<\/span><\/div>","aioseo_breadcrumb_json":[{"label":"Home","link":"https:\/\/eldigitaldeasturias.com\/magazine365"},{"label":"Noticias y Actualidad","link":"https:\/\/eldigitaldeasturias.com\/magazine365\/category\/noticias-actualidad\/"},{"label":"easyJet inaugura el s\u00e1bado una nueva ruta a\u00e9rea entre Menorca y Ginebra","link":"https:\/\/eldigitaldeasturias.com\/magazine365\/easyjet-inaugura-el-sabado-una-nueva-ruta-aerea-entre-menorca-y-ginebra\/"}],"_links":{"self":[{"href":"https:\/\/eldigitaldeasturias.com\/magazine365\/wp-json\/wp\/v2\/posts\/40742","targetHints":{"allow":["GET"]}}],"collection":[{"href":"https:\/\/eldigitaldeasturias.com\/magazine365\/wp-json\/wp\/v2\/posts"}],"about":[{"href":"https:\/\/eldigitaldeasturias.com\/magazine365\/wp-json\/wp\/v2\/types\/post"}],"author":[{"embeddable":true,"href":"https:\/\/eldigitaldeasturias.com\/magazine365\/wp-json\/wp\/v2\/users\/1"}],"replies":[{"embeddable":true,"href":"https:\/\/eldigitaldeasturias.com\/magazine365\/wp-json\/wp\/v2\/comments?post=40742"}],"version-history":[{"count":0,"href":"https:\/\/eldigitaldeasturias.com\/magazine365\/wp-json\/wp\/v2\/posts\/40742\/revisions"}],"wp:featuredmedia":[{"embeddable":true,"href":"https:\/\/eldigitaldeasturias.com\/magazine365\/wp-json\/wp\/v2\/media\/40743"}],"wp:attachment":[{"href":"https:\/\/eldigitaldeasturias.com\/magazine365\/wp-json\/wp\/v2\/media?parent=40742"}],"wp:term":[{"taxonomy":"category","embeddable":true,"href":"https:\/\/eldigitaldeasturias.com\/magazine365\/wp-json\/wp\/v2\/categories?post=40742"},{"taxonomy":"post_tag","embeddable":true,"href":"https:\/\/eldigitaldeasturias.com\/magazine365\/wp-json\/wp\/v2\/tags?post=40742"}],"curies":[{"name":"wp","href":"https:\/\/api.w.org\/{rel}","templated":true}]}}