{"id":40724,"date":"2015-06-24T05:18:42","date_gmt":"2015-06-24T03:48:42","guid":{"rendered":"http:\/\/eldigitaldeasturias.com\/magazine365\/?p=40724"},"modified":"2015-06-24T05:18:42","modified_gmt":"2015-06-24T03:48:42","slug":"los-hoteles-de-la-comunidad-valenciana-alcanzaron-88-millones-de-pernoctaciones-hasta-mayo","status":"publish","type":"post","link":"https:\/\/eldigitaldeasturias.com\/magazine365\/los-hoteles-de-la-comunidad-valenciana-alcanzaron-88-millones-de-pernoctaciones-hasta-mayo\/","title":{"rendered":"Los hoteles de la Comunidad Valenciana alcanzaron 8,8 millones de pernoctaciones hasta mayo"},"content":{"rendered":"<p><img fetchpriority=\"high\" decoding=\"async\" class=\"alignleft size-medium wp-image-40725\" src=\"https:\/\/eldigitaldeasturias.com\/magazine365\/wp-content\/uploads\/2015\/06\/fotonoticia_20150623133225_800-355x300.jpg\" alt=\"fotonoticia_20150623133225_800\" width=\"355\" height=\"300\" srcset=\"https:\/\/eldigitaldeasturias.com\/magazine365\/wp-content\/uploads\/2015\/06\/fotonoticia_20150623133225_800-355x300.jpg 355w, https:\/\/eldigitaldeasturias.com\/magazine365\/wp-content\/uploads\/2015\/06\/fotonoticia_20150623133225_800-650x550.jpg 650w, https:\/\/eldigitaldeasturias.com\/magazine365\/wp-content\/uploads\/2015\/06\/fotonoticia_20150623133225_800-768x650.jpg 768w, https:\/\/eldigitaldeasturias.com\/magazine365\/wp-content\/uploads\/2015\/06\/fotonoticia_20150623133225_800-150x127.jpg 150w, https:\/\/eldigitaldeasturias.com\/magazine365\/wp-content\/uploads\/2015\/06\/fotonoticia_20150623133225_800-450x381.jpg 450w, https:\/\/eldigitaldeasturias.com\/magazine365\/wp-content\/uploads\/2015\/06\/fotonoticia_20150623133225_800-696x589.jpg 696w, https:\/\/eldigitaldeasturias.com\/magazine365\/wp-content\/uploads\/2015\/06\/fotonoticia_20150623133225_800-496x420.jpg 496w, https:\/\/eldigitaldeasturias.com\/magazine365\/wp-content\/uploads\/2015\/06\/fotonoticia_20150623133225_800.jpg 800w\" sizes=\"(max-width: 355px) 100vw, 355px\" \/>Los hoteles de la Comunidad Valenciana alcanzaron 8,8 millones de pernoctaciones hasta mayo, lo que supone un 5,9% m\u00e1s respecto al mismo periodo del a\u00f1o anterior, seg\u00fan los datos difundidos por el Instituto Nacional de Estad\u00edstica (INE).<\/p>\n<p>Destaca el buen comportamiento de la demanda nacional, que aument\u00f3 un 7,8% su n\u00famero de pernoctaciones en los hoteles de la Comunidad Valenciana durante el periodo enero-mayo, con un total de 5.081.162, subraya la Generalitat a trav\u00e9s de un comunicado.<\/p>\n<p>Por su parte, la demanda extranjera tambi\u00e9n ha incrementado las pernoctaciones en los hoteles con respecto al mismo periodo de 2014 en un 3,5%, con un total de 3.779.356 pernoctaciones.<\/p>\n<p>Asimismo, de la misma encuesta se desprende que el n\u00famero de viajeros en los hoteles de la Comunidad Valenciana ha crecido hasta mayo un 6,7%, con un total de 2,7 millones de viajeros registrados durante los primeros cinco meses del a\u00f1o.<\/p>\n<p>Respecto al n\u00famero de viajeros tambi\u00e9n destaca el comportamiento de la demanda de turistas procedentes de Espa\u00f1a, con un incremento del 9,1% con respecto a los primeros cinco meses de 2014, mientras que la demanda extranjera ha incrementado el n\u00famero de viajeros en un 2,7%.<\/p>\n<p>Por lo que respecta a los datos del pasado mes de mayo, los resultados de la Encuesta de Ocupaci\u00f3n Hotelera del INE, muestran que los hoteles de la Comunidad Valenciana registraron m\u00e1s de 2,3 millones de pernoctaciones (2.319.690), un 5,1% m\u00e1s que en mayo de 2014. Por su parte el n\u00famero de viajeros, cifrado en 720.963, aumenta tambi\u00e9n un 9,2%.<\/p>\n<p>EXTRANJEROS<\/p>\n<p>Las pernoctaciones de los extranjeros alcanzan 1.098.898 en mayo, un 6,1% m\u00e1s que en mayo de 2014 y por encima de la media nacional, cifrada en un incremento del 5,8%.<\/p>\n<p>Asimismo, la encuesta del INE publicada este martes muestra que la demanda nacional continua registrando resultados positivos, ya que durante el pasado mes de mayo se registraron 1,2 millones de pernoctaciones realizadas por espa\u00f1oles, un 4,2% m\u00e1s que en mayo de 2014.<\/p>\n","protected":false},"excerpt":{"rendered":"<p>Los hoteles de la Comunidad Valenciana alcanzaron 8,8 millones de pernoctaciones hasta mayo, lo que supone un 5,9% m\u00e1s respecto al mismo periodo del a\u00f1o anterior, seg\u00fan los datos difundidos por el Instituto Nacional de Estad\u00edstica (INE). Destaca el buen comportamiento de la demanda nacional, que aument\u00f3 un 7,8% su n\u00famero de pernoctaciones en los<\/p>\n","protected":false},"author":1,"featured_media":40725,"comment_status":"open","ping_status":"closed","sticky":false,"template":"","format":"standard","meta":{"footnotes":""},"categories":[224],"tags":[],"class_list":{"0":"post-40724","1":"post","2":"type-post","3":"status-publish","4":"format-standard","5":"has-post-thumbnail","7":"category-noticias-actualidad"},"aioseo_notices":[],"aioseo_head":"\n\t\t<!-- All in One SEO Pro 4.9.6.1 - aioseo.com -->\n\t<meta name=\"description\" content=\"Los hoteles de la Comunidad Valenciana alcanzaron 8,8 millones de pernoctaciones hasta mayo, lo que supone un 5,9% m\u00e1s respecto al mismo periodo del a\u00f1o anterior, seg\u00fan los datos difundidos por el Instituto Nacional de Estad\u00edstica (INE). Destaca el buen comportamiento de la demanda nacional, que aument\u00f3 un 7,8% su n\u00famero de pernoctaciones en los\" \/>\n\t<meta name=\"robots\" content=\"max-image-preview:large\" \/>\n\t<meta name=\"author\" content=\"admin\"\/>\n\t<meta name=\"google-site-verification\" content=\"UA-38556648-1\" \/>\n\t<meta name=\"keywords\" content=\"noticias y actualidad\" \/>\n\t<link rel=\"canonical\" href=\"https:\/\/eldigitaldeasturias.com\/magazine365\/los-hoteles-de-la-comunidad-valenciana-alcanzaron-88-millones-de-pernoctaciones-hasta-mayo\/\" \/>\n\t<meta name=\"generator\" content=\"All in One SEO Pro (AIOSEO) 4.9.6.1\" \/>\n\t\t<meta property=\"og:locale\" content=\"es_ES\" \/>\n\t\t<meta property=\"og:site_name\" content=\"El Digital de Asturias \u2013 Revista de ocio, turismo y estilo de vida\" \/>\n\t\t<meta property=\"og:type\" content=\"article\" \/>\n\t\t<meta property=\"og:title\" content=\"Los hoteles de la Comunidad Valenciana alcanzaron 8,8 millones de pernoctaciones hasta mayo | El Digital de Asturias\" \/>\n\t\t<meta property=\"og:description\" content=\"Los hoteles de la Comunidad Valenciana alcanzaron 8,8 millones de pernoctaciones hasta mayo, lo que supone un 5,9% m\u00e1s respecto al mismo periodo del a\u00f1o anterior, seg\u00fan los datos difundidos por el Instituto Nacional de Estad\u00edstica (INE). Destaca el buen comportamiento de la demanda nacional, que aument\u00f3 un 7,8% su n\u00famero de pernoctaciones en los\" \/>\n\t\t<meta property=\"og:url\" content=\"https:\/\/eldigitaldeasturias.com\/magazine365\/los-hoteles-de-la-comunidad-valenciana-alcanzaron-88-millones-de-pernoctaciones-hasta-mayo\/\" \/>\n\t\t<meta property=\"og:image\" content=\"https:\/\/eldigitaldeasturias.com\/magazine365\/wp-content\/uploads\/2015\/06\/fotonoticia_20150623133225_800.jpg\" \/>\n\t\t<meta property=\"og:image:secure_url\" content=\"https:\/\/eldigitaldeasturias.com\/magazine365\/wp-content\/uploads\/2015\/06\/fotonoticia_20150623133225_800.jpg\" \/>\n\t\t<meta property=\"og:image:width\" content=\"800\" \/>\n\t\t<meta property=\"og:image:height\" content=\"677\" \/>\n\t\t<meta property=\"article:published_time\" content=\"2015-06-24T03:48:42+00:00\" \/>\n\t\t<meta property=\"article:modified_time\" content=\"2015-06-24T03:48:42+00:00\" \/>\n\t\t<meta name=\"twitter:card\" content=\"summary_large_image\" \/>\n\t\t<meta name=\"twitter:title\" content=\"Los hoteles de la Comunidad Valenciana alcanzaron 8,8 millones de pernoctaciones hasta mayo | El Digital de Asturias\" \/>\n\t\t<meta name=\"twitter:description\" content=\"Los hoteles de la Comunidad Valenciana alcanzaron 8,8 millones de pernoctaciones hasta mayo, lo que supone un 5,9% m\u00e1s respecto al mismo periodo del a\u00f1o anterior, seg\u00fan los datos difundidos por el Instituto Nacional de Estad\u00edstica (INE). Destaca el buen comportamiento de la demanda nacional, que aument\u00f3 un 7,8% su n\u00famero de pernoctaciones en los\" \/>\n\t\t<meta name=\"twitter:image\" content=\"https:\/\/eldigitaldeasturias.com\/magazine365\/wp-content\/uploads\/2015\/06\/fotonoticia_20150623133225_800.jpg\" \/>\n\t\t<script type=\"application\/ld+json\" class=\"aioseo-schema\">\n\t\t\t{\"@context\":\"https:\\\/\\\/schema.org\",\"@graph\":[{\"@type\":\"Article\",\"@id\":\"https:\\\/\\\/eldigitaldeasturias.com\\\/magazine365\\\/los-hoteles-de-la-comunidad-valenciana-alcanzaron-88-millones-de-pernoctaciones-hasta-mayo\\\/#article\",\"name\":\"Los hoteles de la Comunidad Valenciana alcanzaron 8,8 millones de pernoctaciones hasta mayo | El Digital de Asturias\",\"headline\":\"Los hoteles de la Comunidad Valenciana alcanzaron 8,8 millones de pernoctaciones hasta mayo\",\"author\":{\"@id\":\"https:\\\/\\\/eldigitaldeasturias.com\\\/magazine365\\\/author\\\/admin\\\/#author\"},\"publisher\":{\"@id\":\"https:\\\/\\\/eldigitaldeasturias.com\\\/magazine365\\\/#organization\"},\"image\":{\"@type\":\"ImageObject\",\"url\":\"https:\\\/\\\/eldigitaldeasturias.com\\\/magazine365\\\/wp-content\\\/uploads\\\/2015\\\/06\\\/fotonoticia_20150623133225_800.jpg\",\"width\":800,\"height\":677},\"datePublished\":\"2015-06-24T05:18:42+02:00\",\"dateModified\":\"2015-06-24T05:18:42+02:00\",\"inLanguage\":\"es-ES\",\"mainEntityOfPage\":{\"@id\":\"https:\\\/\\\/eldigitaldeasturias.com\\\/magazine365\\\/los-hoteles-de-la-comunidad-valenciana-alcanzaron-88-millones-de-pernoctaciones-hasta-mayo\\\/#webpage\"},\"isPartOf\":{\"@id\":\"https:\\\/\\\/eldigitaldeasturias.com\\\/magazine365\\\/los-hoteles-de-la-comunidad-valenciana-alcanzaron-88-millones-de-pernoctaciones-hasta-mayo\\\/#webpage\"},\"articleSection\":\"Noticias y Actualidad\"},{\"@type\":\"BreadcrumbList\",\"@id\":\"https:\\\/\\\/eldigitaldeasturias.com\\\/magazine365\\\/los-hoteles-de-la-comunidad-valenciana-alcanzaron-88-millones-de-pernoctaciones-hasta-mayo\\\/#breadcrumblist\",\"itemListElement\":[{\"@type\":\"ListItem\",\"@id\":\"https:\\\/\\\/eldigitaldeasturias.com\\\/magazine365#listItem\",\"position\":1,\"name\":\"Home\",\"item\":\"https:\\\/\\\/eldigitaldeasturias.com\\\/magazine365\",\"nextItem\":{\"@type\":\"ListItem\",\"@id\":\"https:\\\/\\\/eldigitaldeasturias.com\\\/magazine365\\\/category\\\/noticias-actualidad\\\/#listItem\",\"name\":\"Noticias y Actualidad\"}},{\"@type\":\"ListItem\",\"@id\":\"https:\\\/\\\/eldigitaldeasturias.com\\\/magazine365\\\/category\\\/noticias-actualidad\\\/#listItem\",\"position\":2,\"name\":\"Noticias y Actualidad\",\"item\":\"https:\\\/\\\/eldigitaldeasturias.com\\\/magazine365\\\/category\\\/noticias-actualidad\\\/\",\"nextItem\":{\"@type\":\"ListItem\",\"@id\":\"https:\\\/\\\/eldigitaldeasturias.com\\\/magazine365\\\/los-hoteles-de-la-comunidad-valenciana-alcanzaron-88-millones-de-pernoctaciones-hasta-mayo\\\/#listItem\",\"name\":\"Los hoteles de la Comunidad Valenciana alcanzaron 8,8 millones de pernoctaciones hasta mayo\"},\"previousItem\":{\"@type\":\"ListItem\",\"@id\":\"https:\\\/\\\/eldigitaldeasturias.com\\\/magazine365#listItem\",\"name\":\"Home\"}},{\"@type\":\"ListItem\",\"@id\":\"https:\\\/\\\/eldigitaldeasturias.com\\\/magazine365\\\/los-hoteles-de-la-comunidad-valenciana-alcanzaron-88-millones-de-pernoctaciones-hasta-mayo\\\/#listItem\",\"position\":3,\"name\":\"Los hoteles de la Comunidad Valenciana alcanzaron 8,8 millones de pernoctaciones hasta mayo\",\"previousItem\":{\"@type\":\"ListItem\",\"@id\":\"https:\\\/\\\/eldigitaldeasturias.com\\\/magazine365\\\/category\\\/noticias-actualidad\\\/#listItem\",\"name\":\"Noticias y Actualidad\"}}]},{\"@type\":\"Organization\",\"@id\":\"https:\\\/\\\/eldigitaldeasturias.com\\\/magazine365\\\/#organization\",\"name\":\"El digital de Asturias\",\"description\":\"Revista de ocio, turismo y estilo de vida\",\"url\":\"https:\\\/\\\/eldigitaldeasturias.com\\\/magazine365\\\/\",\"logo\":{\"@type\":\"ImageObject\",\"url\":\"https:\\\/\\\/www.eldigitaldeasturias.com\\\/noticias\\\/wp-content\\\/uploads\\\/2020\\\/12\\\/EDA.jpg\",\"@id\":\"https:\\\/\\\/eldigitaldeasturias.com\\\/magazine365\\\/los-hoteles-de-la-comunidad-valenciana-alcanzaron-88-millones-de-pernoctaciones-hasta-mayo\\\/#organizationLogo\"},\"image\":{\"@id\":\"https:\\\/\\\/eldigitaldeasturias.com\\\/magazine365\\\/los-hoteles-de-la-comunidad-valenciana-alcanzaron-88-millones-de-pernoctaciones-hasta-mayo\\\/#organizationLogo\"}},{\"@type\":\"Person\",\"@id\":\"https:\\\/\\\/eldigitaldeasturias.com\\\/magazine365\\\/author\\\/admin\\\/#author\",\"url\":\"https:\\\/\\\/eldigitaldeasturias.com\\\/magazine365\\\/author\\\/admin\\\/\",\"name\":\"admin\",\"image\":{\"@type\":\"ImageObject\",\"@id\":\"https:\\\/\\\/eldigitaldeasturias.com\\\/magazine365\\\/los-hoteles-de-la-comunidad-valenciana-alcanzaron-88-millones-de-pernoctaciones-hasta-mayo\\\/#authorImage\",\"url\":\"https:\\\/\\\/eldigitaldeasturias.com\\\/magazine365\\\/wp-content\\\/litespeed\\\/avatar\\\/e571bcf59a0edd6fa6838245a470f2fe.jpg?ver=1777574230\",\"width\":96,\"height\":96,\"caption\":\"admin\"}},{\"@type\":\"WebPage\",\"@id\":\"https:\\\/\\\/eldigitaldeasturias.com\\\/magazine365\\\/los-hoteles-de-la-comunidad-valenciana-alcanzaron-88-millones-de-pernoctaciones-hasta-mayo\\\/#webpage\",\"url\":\"https:\\\/\\\/eldigitaldeasturias.com\\\/magazine365\\\/los-hoteles-de-la-comunidad-valenciana-alcanzaron-88-millones-de-pernoctaciones-hasta-mayo\\\/\",\"name\":\"Los hoteles de la Comunidad Valenciana alcanzaron 8,8 millones de pernoctaciones hasta mayo | El Digital de Asturias\",\"description\":\"Los hoteles de la Comunidad Valenciana alcanzaron 8,8 millones de pernoctaciones hasta mayo, lo que supone un 5,9% m\\u00e1s respecto al mismo periodo del a\\u00f1o anterior, seg\\u00fan los datos difundidos por el Instituto Nacional de Estad\\u00edstica (INE). Destaca el buen comportamiento de la demanda nacional, que aument\\u00f3 un 7,8% su n\\u00famero de pernoctaciones en los\",\"inLanguage\":\"es-ES\",\"isPartOf\":{\"@id\":\"https:\\\/\\\/eldigitaldeasturias.com\\\/magazine365\\\/#website\"},\"breadcrumb\":{\"@id\":\"https:\\\/\\\/eldigitaldeasturias.com\\\/magazine365\\\/los-hoteles-de-la-comunidad-valenciana-alcanzaron-88-millones-de-pernoctaciones-hasta-mayo\\\/#breadcrumblist\"},\"author\":{\"@id\":\"https:\\\/\\\/eldigitaldeasturias.com\\\/magazine365\\\/author\\\/admin\\\/#author\"},\"creator\":{\"@id\":\"https:\\\/\\\/eldigitaldeasturias.com\\\/magazine365\\\/author\\\/admin\\\/#author\"},\"image\":{\"@type\":\"ImageObject\",\"url\":\"https:\\\/\\\/eldigitaldeasturias.com\\\/magazine365\\\/wp-content\\\/uploads\\\/2015\\\/06\\\/fotonoticia_20150623133225_800.jpg\",\"@id\":\"https:\\\/\\\/eldigitaldeasturias.com\\\/magazine365\\\/los-hoteles-de-la-comunidad-valenciana-alcanzaron-88-millones-de-pernoctaciones-hasta-mayo\\\/#mainImage\",\"width\":800,\"height\":677},\"primaryImageOfPage\":{\"@id\":\"https:\\\/\\\/eldigitaldeasturias.com\\\/magazine365\\\/los-hoteles-de-la-comunidad-valenciana-alcanzaron-88-millones-de-pernoctaciones-hasta-mayo\\\/#mainImage\"},\"datePublished\":\"2015-06-24T05:18:42+02:00\",\"dateModified\":\"2015-06-24T05:18:42+02:00\"},{\"@type\":\"WebSite\",\"@id\":\"https:\\\/\\\/eldigitaldeasturias.com\\\/magazine365\\\/#website\",\"url\":\"https:\\\/\\\/eldigitaldeasturias.com\\\/magazine365\\\/\",\"name\":\"El Digital de Asturias\",\"description\":\"Revista de ocio, turismo y estilo de vida\",\"inLanguage\":\"es-ES\",\"publisher\":{\"@id\":\"https:\\\/\\\/eldigitaldeasturias.com\\\/magazine365\\\/#organization\"}}]}\n\t\t<\/script>\n\t\t<!-- All in One SEO Pro -->\r\n\t\t<title>Los hoteles de la Comunidad Valenciana alcanzaron 8,8 millones de pernoctaciones hasta mayo | El Digital de Asturias<\/title>\n\n","aioseo_head_json":{"title":"Los hoteles de la Comunidad Valenciana alcanzaron 8,8 millones de pernoctaciones hasta mayo | El Digital de Asturias","description":"Los hoteles de la Comunidad Valenciana alcanzaron 8,8 millones de pernoctaciones hasta mayo, lo que supone un 5,9% m\u00e1s respecto al mismo periodo del a\u00f1o anterior, seg\u00fan los datos difundidos por el Instituto Nacional de Estad\u00edstica (INE). Destaca el buen comportamiento de la demanda nacional, que aument\u00f3 un 7,8% su n\u00famero de pernoctaciones en los","canonical_url":"https:\/\/eldigitaldeasturias.com\/magazine365\/los-hoteles-de-la-comunidad-valenciana-alcanzaron-88-millones-de-pernoctaciones-hasta-mayo\/","robots":"max-image-preview:large","keywords":"noticias y actualidad","webmasterTools":{"google-site-verification":"UA-38556648-1","miscellaneous":""},"schema":{"@context":"https:\/\/schema.org","@graph":[{"@type":"Article","@id":"https:\/\/eldigitaldeasturias.com\/magazine365\/los-hoteles-de-la-comunidad-valenciana-alcanzaron-88-millones-de-pernoctaciones-hasta-mayo\/#article","name":"Los hoteles de la Comunidad Valenciana alcanzaron 8,8 millones de pernoctaciones hasta mayo | El Digital de Asturias","headline":"Los hoteles de la Comunidad Valenciana alcanzaron 8,8 millones de pernoctaciones hasta mayo","author":{"@id":"https:\/\/eldigitaldeasturias.com\/magazine365\/author\/admin\/#author"},"publisher":{"@id":"https:\/\/eldigitaldeasturias.com\/magazine365\/#organization"},"image":{"@type":"ImageObject","url":"https:\/\/eldigitaldeasturias.com\/magazine365\/wp-content\/uploads\/2015\/06\/fotonoticia_20150623133225_800.jpg","width":800,"height":677},"datePublished":"2015-06-24T05:18:42+02:00","dateModified":"2015-06-24T05:18:42+02:00","inLanguage":"es-ES","mainEntityOfPage":{"@id":"https:\/\/eldigitaldeasturias.com\/magazine365\/los-hoteles-de-la-comunidad-valenciana-alcanzaron-88-millones-de-pernoctaciones-hasta-mayo\/#webpage"},"isPartOf":{"@id":"https:\/\/eldigitaldeasturias.com\/magazine365\/los-hoteles-de-la-comunidad-valenciana-alcanzaron-88-millones-de-pernoctaciones-hasta-mayo\/#webpage"},"articleSection":"Noticias y Actualidad"},{"@type":"BreadcrumbList","@id":"https:\/\/eldigitaldeasturias.com\/magazine365\/los-hoteles-de-la-comunidad-valenciana-alcanzaron-88-millones-de-pernoctaciones-hasta-mayo\/#breadcrumblist","itemListElement":[{"@type":"ListItem","@id":"https:\/\/eldigitaldeasturias.com\/magazine365#listItem","position":1,"name":"Home","item":"https:\/\/eldigitaldeasturias.com\/magazine365","nextItem":{"@type":"ListItem","@id":"https:\/\/eldigitaldeasturias.com\/magazine365\/category\/noticias-actualidad\/#listItem","name":"Noticias y Actualidad"}},{"@type":"ListItem","@id":"https:\/\/eldigitaldeasturias.com\/magazine365\/category\/noticias-actualidad\/#listItem","position":2,"name":"Noticias y Actualidad","item":"https:\/\/eldigitaldeasturias.com\/magazine365\/category\/noticias-actualidad\/","nextItem":{"@type":"ListItem","@id":"https:\/\/eldigitaldeasturias.com\/magazine365\/los-hoteles-de-la-comunidad-valenciana-alcanzaron-88-millones-de-pernoctaciones-hasta-mayo\/#listItem","name":"Los hoteles de la Comunidad Valenciana alcanzaron 8,8 millones de pernoctaciones hasta mayo"},"previousItem":{"@type":"ListItem","@id":"https:\/\/eldigitaldeasturias.com\/magazine365#listItem","name":"Home"}},{"@type":"ListItem","@id":"https:\/\/eldigitaldeasturias.com\/magazine365\/los-hoteles-de-la-comunidad-valenciana-alcanzaron-88-millones-de-pernoctaciones-hasta-mayo\/#listItem","position":3,"name":"Los hoteles de la Comunidad Valenciana alcanzaron 8,8 millones de pernoctaciones hasta mayo","previousItem":{"@type":"ListItem","@id":"https:\/\/eldigitaldeasturias.com\/magazine365\/category\/noticias-actualidad\/#listItem","name":"Noticias y Actualidad"}}]},{"@type":"Organization","@id":"https:\/\/eldigitaldeasturias.com\/magazine365\/#organization","name":"El digital de Asturias","description":"Revista de ocio, turismo y estilo de vida","url":"https:\/\/eldigitaldeasturias.com\/magazine365\/","logo":{"@type":"ImageObject","url":"https:\/\/www.eldigitaldeasturias.com\/noticias\/wp-content\/uploads\/2020\/12\/EDA.jpg","@id":"https:\/\/eldigitaldeasturias.com\/magazine365\/los-hoteles-de-la-comunidad-valenciana-alcanzaron-88-millones-de-pernoctaciones-hasta-mayo\/#organizationLogo"},"image":{"@id":"https:\/\/eldigitaldeasturias.com\/magazine365\/los-hoteles-de-la-comunidad-valenciana-alcanzaron-88-millones-de-pernoctaciones-hasta-mayo\/#organizationLogo"}},{"@type":"Person","@id":"https:\/\/eldigitaldeasturias.com\/magazine365\/author\/admin\/#author","url":"https:\/\/eldigitaldeasturias.com\/magazine365\/author\/admin\/","name":"admin","image":{"@type":"ImageObject","@id":"https:\/\/eldigitaldeasturias.com\/magazine365\/los-hoteles-de-la-comunidad-valenciana-alcanzaron-88-millones-de-pernoctaciones-hasta-mayo\/#authorImage","url":"https:\/\/eldigitaldeasturias.com\/magazine365\/wp-content\/litespeed\/avatar\/e571bcf59a0edd6fa6838245a470f2fe.jpg?ver=1777574230","width":96,"height":96,"caption":"admin"}},{"@type":"WebPage","@id":"https:\/\/eldigitaldeasturias.com\/magazine365\/los-hoteles-de-la-comunidad-valenciana-alcanzaron-88-millones-de-pernoctaciones-hasta-mayo\/#webpage","url":"https:\/\/eldigitaldeasturias.com\/magazine365\/los-hoteles-de-la-comunidad-valenciana-alcanzaron-88-millones-de-pernoctaciones-hasta-mayo\/","name":"Los hoteles de la Comunidad Valenciana alcanzaron 8,8 millones de pernoctaciones hasta mayo | El Digital de Asturias","description":"Los hoteles de la Comunidad Valenciana alcanzaron 8,8 millones de pernoctaciones hasta mayo, lo que supone un 5,9% m\u00e1s respecto al mismo periodo del a\u00f1o anterior, seg\u00fan los datos difundidos por el Instituto Nacional de Estad\u00edstica (INE). Destaca el buen comportamiento de la demanda nacional, que aument\u00f3 un 7,8% su n\u00famero de pernoctaciones en los","inLanguage":"es-ES","isPartOf":{"@id":"https:\/\/eldigitaldeasturias.com\/magazine365\/#website"},"breadcrumb":{"@id":"https:\/\/eldigitaldeasturias.com\/magazine365\/los-hoteles-de-la-comunidad-valenciana-alcanzaron-88-millones-de-pernoctaciones-hasta-mayo\/#breadcrumblist"},"author":{"@id":"https:\/\/eldigitaldeasturias.com\/magazine365\/author\/admin\/#author"},"creator":{"@id":"https:\/\/eldigitaldeasturias.com\/magazine365\/author\/admin\/#author"},"image":{"@type":"ImageObject","url":"https:\/\/eldigitaldeasturias.com\/magazine365\/wp-content\/uploads\/2015\/06\/fotonoticia_20150623133225_800.jpg","@id":"https:\/\/eldigitaldeasturias.com\/magazine365\/los-hoteles-de-la-comunidad-valenciana-alcanzaron-88-millones-de-pernoctaciones-hasta-mayo\/#mainImage","width":800,"height":677},"primaryImageOfPage":{"@id":"https:\/\/eldigitaldeasturias.com\/magazine365\/los-hoteles-de-la-comunidad-valenciana-alcanzaron-88-millones-de-pernoctaciones-hasta-mayo\/#mainImage"},"datePublished":"2015-06-24T05:18:42+02:00","dateModified":"2015-06-24T05:18:42+02:00"},{"@type":"WebSite","@id":"https:\/\/eldigitaldeasturias.com\/magazine365\/#website","url":"https:\/\/eldigitaldeasturias.com\/magazine365\/","name":"El Digital de Asturias","description":"Revista de ocio, turismo y estilo de vida","inLanguage":"es-ES","publisher":{"@id":"https:\/\/eldigitaldeasturias.com\/magazine365\/#organization"}}]},"og:locale":"es_ES","og:site_name":"El Digital de Asturias \u2013 Revista de ocio, turismo y estilo de vida","og:type":"article","og:title":"Los hoteles de la Comunidad Valenciana alcanzaron 8,8 millones de pernoctaciones hasta mayo | El Digital de Asturias","og:description":"Los hoteles de la Comunidad Valenciana alcanzaron 8,8 millones de pernoctaciones hasta mayo, lo que supone un 5,9% m\u00e1s respecto al mismo periodo del a\u00f1o anterior, seg\u00fan los datos difundidos por el Instituto Nacional de Estad\u00edstica (INE). Destaca el buen comportamiento de la demanda nacional, que aument\u00f3 un 7,8% su n\u00famero de pernoctaciones en los","og:url":"https:\/\/eldigitaldeasturias.com\/magazine365\/los-hoteles-de-la-comunidad-valenciana-alcanzaron-88-millones-de-pernoctaciones-hasta-mayo\/","og:image":"https:\/\/eldigitaldeasturias.com\/magazine365\/wp-content\/uploads\/2015\/06\/fotonoticia_20150623133225_800.jpg","og:image:secure_url":"https:\/\/eldigitaldeasturias.com\/magazine365\/wp-content\/uploads\/2015\/06\/fotonoticia_20150623133225_800.jpg","og:image:width":800,"og:image:height":677,"article:published_time":"2015-06-24T03:48:42+00:00","article:modified_time":"2015-06-24T03:48:42+00:00","twitter:card":"summary_large_image","twitter:title":"Los hoteles de la Comunidad Valenciana alcanzaron 8,8 millones de pernoctaciones hasta mayo | El Digital de Asturias","twitter:description":"Los hoteles de la Comunidad Valenciana alcanzaron 8,8 millones de pernoctaciones hasta mayo, lo que supone un 5,9% m\u00e1s respecto al mismo periodo del a\u00f1o anterior, seg\u00fan los datos difundidos por el Instituto Nacional de Estad\u00edstica (INE). Destaca el buen comportamiento de la demanda nacional, que aument\u00f3 un 7,8% su n\u00famero de pernoctaciones en los","twitter:image":"https:\/\/eldigitaldeasturias.com\/magazine365\/wp-content\/uploads\/2015\/06\/fotonoticia_20150623133225_800.jpg"},"aioseo_meta_data":{"post_id":"40724","title":null,"description":null,"keywords":null,"keyphrases":null,"primary_term":null,"canonical_url":null,"og_title":null,"og_description":null,"og_object_type":"default","og_image_type":"default","og_image_url":null,"og_image_width":null,"og_image_height":null,"og_image_custom_url":null,"og_image_custom_fields":null,"og_video":null,"og_custom_url":null,"og_article_section":null,"og_article_tags":null,"twitter_use_og":false,"twitter_card":"default","twitter_image_type":"default","twitter_image_url":null,"twitter_image_custom_url":null,"twitter_image_custom_fields":null,"twitter_title":null,"twitter_description":null,"schema":{"blockGraphs":[],"customGraphs":[],"default":{"data":{"Article":[],"Course":[],"Dataset":[],"FAQPage":[],"Movie":[],"Person":[],"Product":[],"ProductReview":[],"Car":[],"Recipe":[],"Service":[],"SoftwareApplication":[],"WebPage":[]},"graphName":"","isEnabled":true},"graphs":[],"defaultGraph":"","defaultPostTypeGraph":""},"schema_type":null,"schema_type_options":null,"pillar_content":false,"robots_default":true,"robots_noindex":false,"robots_noarchive":false,"robots_nosnippet":false,"robots_nofollow":false,"robots_noimageindex":false,"robots_noodp":false,"robots_notranslate":false,"robots_max_snippet":null,"robots_max_videopreview":null,"robots_max_imagepreview":"large","priority":null,"frequency":null,"location":null,"local_seo":null,"seo_analyzer_scan_date":"2025-09-19 14:10:19","breadcrumb_settings":null,"limit_modified_date":false,"open_ai":null,"ai":null,"created":"2021-03-09 02:25:04","updated":"2025-09-19 14:10:19"},"aioseo_breadcrumb":"<div class=\"aioseo-breadcrumbs\"><span class=\"aioseo-breadcrumb\">\n\t<a href=\"https:\/\/eldigitaldeasturias.com\/magazine365\" title=\"Home\">Home<\/a>\n<\/span><span class=\"aioseo-breadcrumb-separator\">\u2013<\/span><span class=\"aioseo-breadcrumb\">\n\t<a href=\"https:\/\/eldigitaldeasturias.com\/magazine365\/category\/noticias-actualidad\/\" title=\"Noticias y Actualidad\">Noticias y Actualidad<\/a>\n<\/span><span class=\"aioseo-breadcrumb-separator\">\u2013<\/span><span class=\"aioseo-breadcrumb\">\n\t<a href=\"https:\/\/eldigitaldeasturias.com\/magazine365\/los-hoteles-de-la-comunidad-valenciana-alcanzaron-88-millones-de-pernoctaciones-hasta-mayo\/\" title=\"Los hoteles de la Comunidad Valenciana alcanzaron 8,8 millones de pernoctaciones hasta mayo\">Los hoteles de la Comunidad Valenciana alcanzaron 8,8 millones de pernoctaciones hasta mayo<\/a>\n<\/span><\/div>","aioseo_breadcrumb_json":[{"label":"Home","link":"https:\/\/eldigitaldeasturias.com\/magazine365"},{"label":"Noticias y Actualidad","link":"https:\/\/eldigitaldeasturias.com\/magazine365\/category\/noticias-actualidad\/"},{"label":"Los hoteles de la Comunidad Valenciana alcanzaron 8,8 millones de pernoctaciones hasta mayo","link":"https:\/\/eldigitaldeasturias.com\/magazine365\/los-hoteles-de-la-comunidad-valenciana-alcanzaron-88-millones-de-pernoctaciones-hasta-mayo\/"}],"_links":{"self":[{"href":"https:\/\/eldigitaldeasturias.com\/magazine365\/wp-json\/wp\/v2\/posts\/40724","targetHints":{"allow":["GET"]}}],"collection":[{"href":"https:\/\/eldigitaldeasturias.com\/magazine365\/wp-json\/wp\/v2\/posts"}],"about":[{"href":"https:\/\/eldigitaldeasturias.com\/magazine365\/wp-json\/wp\/v2\/types\/post"}],"author":[{"embeddable":true,"href":"https:\/\/eldigitaldeasturias.com\/magazine365\/wp-json\/wp\/v2\/users\/1"}],"replies":[{"embeddable":true,"href":"https:\/\/eldigitaldeasturias.com\/magazine365\/wp-json\/wp\/v2\/comments?post=40724"}],"version-history":[{"count":0,"href":"https:\/\/eldigitaldeasturias.com\/magazine365\/wp-json\/wp\/v2\/posts\/40724\/revisions"}],"wp:featuredmedia":[{"embeddable":true,"href":"https:\/\/eldigitaldeasturias.com\/magazine365\/wp-json\/wp\/v2\/media\/40725"}],"wp:attachment":[{"href":"https:\/\/eldigitaldeasturias.com\/magazine365\/wp-json\/wp\/v2\/media?parent=40724"}],"wp:term":[{"taxonomy":"category","embeddable":true,"href":"https:\/\/eldigitaldeasturias.com\/magazine365\/wp-json\/wp\/v2\/categories?post=40724"},{"taxonomy":"post_tag","embeddable":true,"href":"https:\/\/eldigitaldeasturias.com\/magazine365\/wp-json\/wp\/v2\/tags?post=40724"}],"curies":[{"name":"wp","href":"https:\/\/api.w.org\/{rel}","templated":true}]}}