{"id":40703,"date":"2015-06-24T05:04:01","date_gmt":"2015-06-24T03:34:01","guid":{"rendered":"http:\/\/eldigitaldeasturias.com\/magazine365\/?p=40703"},"modified":"2015-06-24T05:04:01","modified_gmt":"2015-06-24T03:34:01","slug":"el-tribunal-supremo-luso-rechaza-un-recurso-contra-la-privatizacion-de-tap","status":"publish","type":"post","link":"https:\/\/eldigitaldeasturias.com\/magazine365\/el-tribunal-supremo-luso-rechaza-un-recurso-contra-la-privatizacion-de-tap\/","title":{"rendered":"El Tribunal Supremo luso rechaza un recurso contra la privatizaci\u00f3n de TAP"},"content":{"rendered":"<p><img fetchpriority=\"high\" decoding=\"async\" class=\"alignleft size-medium wp-image-40704\" src=\"https:\/\/eldigitaldeasturias.com\/magazine365\/wp-content\/uploads\/2015\/06\/fotonoticia_20150623122507_800-360x239.jpg\" alt=\"fotonoticia_20150623122507_800\" width=\"360\" height=\"239\" srcset=\"https:\/\/eldigitaldeasturias.com\/magazine365\/wp-content\/uploads\/2015\/06\/fotonoticia_20150623122507_800-360x239.jpg 360w, https:\/\/eldigitaldeasturias.com\/magazine365\/wp-content\/uploads\/2015\/06\/fotonoticia_20150623122507_800-650x432.jpg 650w, https:\/\/eldigitaldeasturias.com\/magazine365\/wp-content\/uploads\/2015\/06\/fotonoticia_20150623122507_800-768x511.jpg 768w, https:\/\/eldigitaldeasturias.com\/magazine365\/wp-content\/uploads\/2015\/06\/fotonoticia_20150623122507_800-150x100.jpg 150w, https:\/\/eldigitaldeasturias.com\/magazine365\/wp-content\/uploads\/2015\/06\/fotonoticia_20150623122507_800-450x299.jpg 450w, https:\/\/eldigitaldeasturias.com\/magazine365\/wp-content\/uploads\/2015\/06\/fotonoticia_20150623122507_800-696x463.jpg 696w, https:\/\/eldigitaldeasturias.com\/magazine365\/wp-content\/uploads\/2015\/06\/fotonoticia_20150623122507_800-632x420.jpg 632w, https:\/\/eldigitaldeasturias.com\/magazine365\/wp-content\/uploads\/2015\/06\/fotonoticia_20150623122507_800-84x55.jpg 84w, https:\/\/eldigitaldeasturias.com\/magazine365\/wp-content\/uploads\/2015\/06\/fotonoticia_20150623122507_800.jpg 800w\" sizes=\"(max-width: 360px) 100vw, 360px\" \/>El Tribunal Supremo Administrativo (STA) luso rechaz\u00f3 este lunes la medida cautelar presentada por la asociaci\u00f3n &#8216;Pe\u00e7o A Palavra&#8217; (Pido la palabra) contra la privatizaci\u00f3n de TAP, en la que reclamaba la suspensi\u00f3n del proceso de venta de la aerol\u00ednea portuguesa.<\/p>\n<p>El STA decidi\u00f3 \u00abrechazar\u00bb la medida cautelar presentada por esta agrupaci\u00f3n en la que ped\u00eda que el proceso se declarara \u00abnulo\u00bb al no haber sido objeto de un concurso p\u00fablico la contrataci\u00f3n de dos firmas independientes para la evaluaci\u00f3n econ\u00f3mica y financiera de la compa\u00f1\u00eda.<\/p>\n<p>El Ejecutivo luso se\u00f1ala que esta decisi\u00f3n de la STA \u00abrefuerza la convicci\u00f3n del Gobierno portugu\u00e9s de que la privatizaci\u00f3n de TAP es un proceso transparente en el que se cumplieron todos los procedimientos legales\u00bb, informa el diario luso &#8216;P\u00fablico&#8217;.<\/p>\n<p>El pasado 3 de junio la asociaci\u00f3n &#8216;Pe\u00e7o A Palavra&#8217; present\u00f3 una providencia cautelar, que fue aceptada por el TSA y demor\u00f3 el proceso de privatizaci\u00f3n, a la que sigui\u00f3 una resoluci\u00f3n del Gobierno portugu\u00e9s que llev\u00f3 al levantamiento de la suspensi\u00f3n.<\/p>\n<p>El Gobierno de Portugal vendi\u00f3 el 61% de la aerol\u00ednea lusa TAP al consorcio Gateway &#8211;liderado por el director ejecutivo de la aerol\u00ednea brasile\u00f1a Azul, David Neeleman, y por el empresario portugu\u00e9s Humberto Pedrosa&#8211; por 354 millones de euros, el pasado 11 de junio. La firma del contrato est\u00e1 prevista para el mi\u00e9rcoles, 24 de junio.<\/p>\n<p>El consorcio compet\u00eda con el empresario y ejecutivo de la aerol\u00ednea colombiana Avianca, Germ\u00e1n Efromovich, que ya intent\u00f3 en 2012 hacerse con la compa\u00f1\u00eda portuguesa.<\/p>\n<p>Gateway tendr\u00e1 la opci\u00f3n de comprar el 34% restante del capital de la aerol\u00ednea portuguesa en los dos pr\u00f3ximos a\u00f1os. Por su parte, los trabajadores recibir\u00e1n el 5% del capital de la aerol\u00ednea, seg\u00fan el dise\u00f1o inicial, frente a los trabajadores que reclamaban una participaci\u00f3n de hasta el 20% en la empresa cuando fuese privatizada.<\/p>\n","protected":false},"excerpt":{"rendered":"<p>El Tribunal Supremo Administrativo (STA) luso rechaz\u00f3 este lunes la medida cautelar presentada por la asociaci\u00f3n &#8216;Pe\u00e7o A Palavra&#8217; (Pido la palabra) contra la privatizaci\u00f3n de TAP, en la que reclamaba la suspensi\u00f3n del proceso de venta de la aerol\u00ednea portuguesa. El STA decidi\u00f3 \u00abrechazar\u00bb la medida cautelar presentada por esta agrupaci\u00f3n en la que<\/p>\n","protected":false},"author":1,"featured_media":40704,"comment_status":"open","ping_status":"closed","sticky":false,"template":"","format":"standard","meta":{"footnotes":""},"categories":[222],"tags":[],"class_list":{"0":"post-40703","1":"post","2":"type-post","3":"status-publish","4":"format-standard","5":"has-post-thumbnail","7":"category-actualidad-turismo"},"aioseo_notices":[],"aioseo_head":"\n\t\t<!-- All in One SEO Pro 4.9.6.1 - aioseo.com -->\n\t<meta name=\"description\" content=\"El Tribunal Supremo Administrativo (STA) luso rechaz\u00f3 este lunes la medida cautelar presentada por la asociaci\u00f3n &#039;Pe\u00e7o A Palavra&#039; (Pido la palabra) contra la privatizaci\u00f3n de TAP, en la que reclamaba la suspensi\u00f3n del proceso de venta de la aerol\u00ednea portuguesa. El STA decidi\u00f3 &quot;rechazar&quot; la medida cautelar presentada por esta agrupaci\u00f3n en la que\" \/>\n\t<meta name=\"robots\" content=\"max-image-preview:large\" \/>\n\t<meta name=\"author\" content=\"admin\"\/>\n\t<meta name=\"google-site-verification\" content=\"UA-38556648-1\" \/>\n\t<meta name=\"keywords\" content=\"actualidad turismo\" \/>\n\t<link rel=\"canonical\" href=\"https:\/\/eldigitaldeasturias.com\/magazine365\/el-tribunal-supremo-luso-rechaza-un-recurso-contra-la-privatizacion-de-tap\/\" \/>\n\t<meta name=\"generator\" content=\"All in One SEO Pro (AIOSEO) 4.9.6.1\" \/>\n\t\t<meta property=\"og:locale\" content=\"es_ES\" \/>\n\t\t<meta property=\"og:site_name\" content=\"El Digital de Asturias \u2013 Revista de ocio, turismo y estilo de vida\" \/>\n\t\t<meta property=\"og:type\" content=\"article\" \/>\n\t\t<meta property=\"og:title\" content=\"El Tribunal Supremo luso rechaza un recurso contra la privatizaci\u00f3n de TAP | El Digital de Asturias\" \/>\n\t\t<meta property=\"og:description\" content=\"El Tribunal Supremo Administrativo (STA) luso rechaz\u00f3 este lunes la medida cautelar presentada por la asociaci\u00f3n &#039;Pe\u00e7o A Palavra&#039; (Pido la palabra) contra la privatizaci\u00f3n de TAP, en la que reclamaba la suspensi\u00f3n del proceso de venta de la aerol\u00ednea portuguesa. El STA decidi\u00f3 &quot;rechazar&quot; la medida cautelar presentada por esta agrupaci\u00f3n en la que\" \/>\n\t\t<meta property=\"og:url\" content=\"https:\/\/eldigitaldeasturias.com\/magazine365\/el-tribunal-supremo-luso-rechaza-un-recurso-contra-la-privatizacion-de-tap\/\" \/>\n\t\t<meta property=\"og:image\" content=\"https:\/\/eldigitaldeasturias.com\/magazine365\/wp-content\/uploads\/2015\/06\/fotonoticia_20150623122507_800.jpg\" \/>\n\t\t<meta property=\"og:image:secure_url\" content=\"https:\/\/eldigitaldeasturias.com\/magazine365\/wp-content\/uploads\/2015\/06\/fotonoticia_20150623122507_800.jpg\" \/>\n\t\t<meta property=\"og:image:width\" content=\"800\" \/>\n\t\t<meta property=\"og:image:height\" content=\"532\" \/>\n\t\t<meta property=\"article:published_time\" content=\"2015-06-24T03:34:01+00:00\" \/>\n\t\t<meta property=\"article:modified_time\" content=\"2015-06-24T03:34:01+00:00\" \/>\n\t\t<meta name=\"twitter:card\" content=\"summary_large_image\" \/>\n\t\t<meta name=\"twitter:title\" content=\"El Tribunal Supremo luso rechaza un recurso contra la privatizaci\u00f3n de TAP | El Digital de Asturias\" \/>\n\t\t<meta name=\"twitter:description\" content=\"El Tribunal Supremo Administrativo (STA) luso rechaz\u00f3 este lunes la medida cautelar presentada por la asociaci\u00f3n &#039;Pe\u00e7o A Palavra&#039; (Pido la palabra) contra la privatizaci\u00f3n de TAP, en la que reclamaba la suspensi\u00f3n del proceso de venta de la aerol\u00ednea portuguesa. El STA decidi\u00f3 &quot;rechazar&quot; la medida cautelar presentada por esta agrupaci\u00f3n en la que\" \/>\n\t\t<meta name=\"twitter:image\" content=\"https:\/\/eldigitaldeasturias.com\/magazine365\/wp-content\/uploads\/2015\/06\/fotonoticia_20150623122507_800.jpg\" \/>\n\t\t<script type=\"application\/ld+json\" class=\"aioseo-schema\">\n\t\t\t{\"@context\":\"https:\\\/\\\/schema.org\",\"@graph\":[{\"@type\":\"Article\",\"@id\":\"https:\\\/\\\/eldigitaldeasturias.com\\\/magazine365\\\/el-tribunal-supremo-luso-rechaza-un-recurso-contra-la-privatizacion-de-tap\\\/#article\",\"name\":\"El Tribunal Supremo luso rechaza un recurso contra la privatizaci\\u00f3n de TAP | El Digital de Asturias\",\"headline\":\"El Tribunal Supremo luso rechaza un recurso contra la privatizaci\\u00f3n de TAP\",\"author\":{\"@id\":\"https:\\\/\\\/eldigitaldeasturias.com\\\/magazine365\\\/author\\\/admin\\\/#author\"},\"publisher\":{\"@id\":\"https:\\\/\\\/eldigitaldeasturias.com\\\/magazine365\\\/#organization\"},\"image\":{\"@type\":\"ImageObject\",\"url\":\"https:\\\/\\\/eldigitaldeasturias.com\\\/magazine365\\\/wp-content\\\/uploads\\\/2015\\\/06\\\/fotonoticia_20150623122507_800.jpg\",\"width\":800,\"height\":532},\"datePublished\":\"2015-06-24T05:04:01+02:00\",\"dateModified\":\"2015-06-24T05:04:01+02:00\",\"inLanguage\":\"es-ES\",\"mainEntityOfPage\":{\"@id\":\"https:\\\/\\\/eldigitaldeasturias.com\\\/magazine365\\\/el-tribunal-supremo-luso-rechaza-un-recurso-contra-la-privatizacion-de-tap\\\/#webpage\"},\"isPartOf\":{\"@id\":\"https:\\\/\\\/eldigitaldeasturias.com\\\/magazine365\\\/el-tribunal-supremo-luso-rechaza-un-recurso-contra-la-privatizacion-de-tap\\\/#webpage\"},\"articleSection\":\"Actualidad Turismo\"},{\"@type\":\"BreadcrumbList\",\"@id\":\"https:\\\/\\\/eldigitaldeasturias.com\\\/magazine365\\\/el-tribunal-supremo-luso-rechaza-un-recurso-contra-la-privatizacion-de-tap\\\/#breadcrumblist\",\"itemListElement\":[{\"@type\":\"ListItem\",\"@id\":\"https:\\\/\\\/eldigitaldeasturias.com\\\/magazine365#listItem\",\"position\":1,\"name\":\"Home\",\"item\":\"https:\\\/\\\/eldigitaldeasturias.com\\\/magazine365\",\"nextItem\":{\"@type\":\"ListItem\",\"@id\":\"https:\\\/\\\/eldigitaldeasturias.com\\\/magazine365\\\/category\\\/actualidad-turismo\\\/#listItem\",\"name\":\"Actualidad Turismo\"}},{\"@type\":\"ListItem\",\"@id\":\"https:\\\/\\\/eldigitaldeasturias.com\\\/magazine365\\\/category\\\/actualidad-turismo\\\/#listItem\",\"position\":2,\"name\":\"Actualidad Turismo\",\"item\":\"https:\\\/\\\/eldigitaldeasturias.com\\\/magazine365\\\/category\\\/actualidad-turismo\\\/\",\"nextItem\":{\"@type\":\"ListItem\",\"@id\":\"https:\\\/\\\/eldigitaldeasturias.com\\\/magazine365\\\/el-tribunal-supremo-luso-rechaza-un-recurso-contra-la-privatizacion-de-tap\\\/#listItem\",\"name\":\"El Tribunal Supremo luso rechaza un recurso contra la privatizaci\\u00f3n de TAP\"},\"previousItem\":{\"@type\":\"ListItem\",\"@id\":\"https:\\\/\\\/eldigitaldeasturias.com\\\/magazine365#listItem\",\"name\":\"Home\"}},{\"@type\":\"ListItem\",\"@id\":\"https:\\\/\\\/eldigitaldeasturias.com\\\/magazine365\\\/el-tribunal-supremo-luso-rechaza-un-recurso-contra-la-privatizacion-de-tap\\\/#listItem\",\"position\":3,\"name\":\"El Tribunal Supremo luso rechaza un recurso contra la privatizaci\\u00f3n de TAP\",\"previousItem\":{\"@type\":\"ListItem\",\"@id\":\"https:\\\/\\\/eldigitaldeasturias.com\\\/magazine365\\\/category\\\/actualidad-turismo\\\/#listItem\",\"name\":\"Actualidad Turismo\"}}]},{\"@type\":\"Organization\",\"@id\":\"https:\\\/\\\/eldigitaldeasturias.com\\\/magazine365\\\/#organization\",\"name\":\"El digital de Asturias\",\"description\":\"Revista de ocio, turismo y estilo de vida\",\"url\":\"https:\\\/\\\/eldigitaldeasturias.com\\\/magazine365\\\/\",\"logo\":{\"@type\":\"ImageObject\",\"url\":\"https:\\\/\\\/www.eldigitaldeasturias.com\\\/noticias\\\/wp-content\\\/uploads\\\/2020\\\/12\\\/EDA.jpg\",\"@id\":\"https:\\\/\\\/eldigitaldeasturias.com\\\/magazine365\\\/el-tribunal-supremo-luso-rechaza-un-recurso-contra-la-privatizacion-de-tap\\\/#organizationLogo\"},\"image\":{\"@id\":\"https:\\\/\\\/eldigitaldeasturias.com\\\/magazine365\\\/el-tribunal-supremo-luso-rechaza-un-recurso-contra-la-privatizacion-de-tap\\\/#organizationLogo\"}},{\"@type\":\"Person\",\"@id\":\"https:\\\/\\\/eldigitaldeasturias.com\\\/magazine365\\\/author\\\/admin\\\/#author\",\"url\":\"https:\\\/\\\/eldigitaldeasturias.com\\\/magazine365\\\/author\\\/admin\\\/\",\"name\":\"admin\",\"image\":{\"@type\":\"ImageObject\",\"@id\":\"https:\\\/\\\/eldigitaldeasturias.com\\\/magazine365\\\/el-tribunal-supremo-luso-rechaza-un-recurso-contra-la-privatizacion-de-tap\\\/#authorImage\",\"url\":\"https:\\\/\\\/eldigitaldeasturias.com\\\/magazine365\\\/wp-content\\\/litespeed\\\/avatar\\\/e571bcf59a0edd6fa6838245a470f2fe.jpg?ver=1777574230\",\"width\":96,\"height\":96,\"caption\":\"admin\"}},{\"@type\":\"WebPage\",\"@id\":\"https:\\\/\\\/eldigitaldeasturias.com\\\/magazine365\\\/el-tribunal-supremo-luso-rechaza-un-recurso-contra-la-privatizacion-de-tap\\\/#webpage\",\"url\":\"https:\\\/\\\/eldigitaldeasturias.com\\\/magazine365\\\/el-tribunal-supremo-luso-rechaza-un-recurso-contra-la-privatizacion-de-tap\\\/\",\"name\":\"El Tribunal Supremo luso rechaza un recurso contra la privatizaci\\u00f3n de TAP | El Digital de Asturias\",\"description\":\"El Tribunal Supremo Administrativo (STA) luso rechaz\\u00f3 este lunes la medida cautelar presentada por la asociaci\\u00f3n 'Pe\\u00e7o A Palavra' (Pido la palabra) contra la privatizaci\\u00f3n de TAP, en la que reclamaba la suspensi\\u00f3n del proceso de venta de la aerol\\u00ednea portuguesa. El STA decidi\\u00f3 \\\"rechazar\\\" la medida cautelar presentada por esta agrupaci\\u00f3n en la que\",\"inLanguage\":\"es-ES\",\"isPartOf\":{\"@id\":\"https:\\\/\\\/eldigitaldeasturias.com\\\/magazine365\\\/#website\"},\"breadcrumb\":{\"@id\":\"https:\\\/\\\/eldigitaldeasturias.com\\\/magazine365\\\/el-tribunal-supremo-luso-rechaza-un-recurso-contra-la-privatizacion-de-tap\\\/#breadcrumblist\"},\"author\":{\"@id\":\"https:\\\/\\\/eldigitaldeasturias.com\\\/magazine365\\\/author\\\/admin\\\/#author\"},\"creator\":{\"@id\":\"https:\\\/\\\/eldigitaldeasturias.com\\\/magazine365\\\/author\\\/admin\\\/#author\"},\"image\":{\"@type\":\"ImageObject\",\"url\":\"https:\\\/\\\/eldigitaldeasturias.com\\\/magazine365\\\/wp-content\\\/uploads\\\/2015\\\/06\\\/fotonoticia_20150623122507_800.jpg\",\"@id\":\"https:\\\/\\\/eldigitaldeasturias.com\\\/magazine365\\\/el-tribunal-supremo-luso-rechaza-un-recurso-contra-la-privatizacion-de-tap\\\/#mainImage\",\"width\":800,\"height\":532},\"primaryImageOfPage\":{\"@id\":\"https:\\\/\\\/eldigitaldeasturias.com\\\/magazine365\\\/el-tribunal-supremo-luso-rechaza-un-recurso-contra-la-privatizacion-de-tap\\\/#mainImage\"},\"datePublished\":\"2015-06-24T05:04:01+02:00\",\"dateModified\":\"2015-06-24T05:04:01+02:00\"},{\"@type\":\"WebSite\",\"@id\":\"https:\\\/\\\/eldigitaldeasturias.com\\\/magazine365\\\/#website\",\"url\":\"https:\\\/\\\/eldigitaldeasturias.com\\\/magazine365\\\/\",\"name\":\"El Digital de Asturias\",\"description\":\"Revista de ocio, turismo y estilo de vida\",\"inLanguage\":\"es-ES\",\"publisher\":{\"@id\":\"https:\\\/\\\/eldigitaldeasturias.com\\\/magazine365\\\/#organization\"}}]}\n\t\t<\/script>\n\t\t<!-- All in One SEO Pro -->\r\n\t\t<title>El Tribunal Supremo luso rechaza un recurso contra la privatizaci\u00f3n de TAP | El Digital de Asturias<\/title>\n\n","aioseo_head_json":{"title":"El Tribunal Supremo luso rechaza un recurso contra la privatizaci\u00f3n de TAP | El Digital de Asturias","description":"El Tribunal Supremo Administrativo (STA) luso rechaz\u00f3 este lunes la medida cautelar presentada por la asociaci\u00f3n 'Pe\u00e7o A Palavra' (Pido la palabra) contra la privatizaci\u00f3n de TAP, en la que reclamaba la suspensi\u00f3n del proceso de venta de la aerol\u00ednea portuguesa. El STA decidi\u00f3 \"rechazar\" la medida cautelar presentada por esta agrupaci\u00f3n en la que","canonical_url":"https:\/\/eldigitaldeasturias.com\/magazine365\/el-tribunal-supremo-luso-rechaza-un-recurso-contra-la-privatizacion-de-tap\/","robots":"max-image-preview:large","keywords":"actualidad turismo","webmasterTools":{"google-site-verification":"UA-38556648-1","miscellaneous":""},"schema":{"@context":"https:\/\/schema.org","@graph":[{"@type":"Article","@id":"https:\/\/eldigitaldeasturias.com\/magazine365\/el-tribunal-supremo-luso-rechaza-un-recurso-contra-la-privatizacion-de-tap\/#article","name":"El Tribunal Supremo luso rechaza un recurso contra la privatizaci\u00f3n de TAP | El Digital de Asturias","headline":"El Tribunal Supremo luso rechaza un recurso contra la privatizaci\u00f3n de TAP","author":{"@id":"https:\/\/eldigitaldeasturias.com\/magazine365\/author\/admin\/#author"},"publisher":{"@id":"https:\/\/eldigitaldeasturias.com\/magazine365\/#organization"},"image":{"@type":"ImageObject","url":"https:\/\/eldigitaldeasturias.com\/magazine365\/wp-content\/uploads\/2015\/06\/fotonoticia_20150623122507_800.jpg","width":800,"height":532},"datePublished":"2015-06-24T05:04:01+02:00","dateModified":"2015-06-24T05:04:01+02:00","inLanguage":"es-ES","mainEntityOfPage":{"@id":"https:\/\/eldigitaldeasturias.com\/magazine365\/el-tribunal-supremo-luso-rechaza-un-recurso-contra-la-privatizacion-de-tap\/#webpage"},"isPartOf":{"@id":"https:\/\/eldigitaldeasturias.com\/magazine365\/el-tribunal-supremo-luso-rechaza-un-recurso-contra-la-privatizacion-de-tap\/#webpage"},"articleSection":"Actualidad Turismo"},{"@type":"BreadcrumbList","@id":"https:\/\/eldigitaldeasturias.com\/magazine365\/el-tribunal-supremo-luso-rechaza-un-recurso-contra-la-privatizacion-de-tap\/#breadcrumblist","itemListElement":[{"@type":"ListItem","@id":"https:\/\/eldigitaldeasturias.com\/magazine365#listItem","position":1,"name":"Home","item":"https:\/\/eldigitaldeasturias.com\/magazine365","nextItem":{"@type":"ListItem","@id":"https:\/\/eldigitaldeasturias.com\/magazine365\/category\/actualidad-turismo\/#listItem","name":"Actualidad Turismo"}},{"@type":"ListItem","@id":"https:\/\/eldigitaldeasturias.com\/magazine365\/category\/actualidad-turismo\/#listItem","position":2,"name":"Actualidad Turismo","item":"https:\/\/eldigitaldeasturias.com\/magazine365\/category\/actualidad-turismo\/","nextItem":{"@type":"ListItem","@id":"https:\/\/eldigitaldeasturias.com\/magazine365\/el-tribunal-supremo-luso-rechaza-un-recurso-contra-la-privatizacion-de-tap\/#listItem","name":"El Tribunal Supremo luso rechaza un recurso contra la privatizaci\u00f3n de TAP"},"previousItem":{"@type":"ListItem","@id":"https:\/\/eldigitaldeasturias.com\/magazine365#listItem","name":"Home"}},{"@type":"ListItem","@id":"https:\/\/eldigitaldeasturias.com\/magazine365\/el-tribunal-supremo-luso-rechaza-un-recurso-contra-la-privatizacion-de-tap\/#listItem","position":3,"name":"El Tribunal Supremo luso rechaza un recurso contra la privatizaci\u00f3n de TAP","previousItem":{"@type":"ListItem","@id":"https:\/\/eldigitaldeasturias.com\/magazine365\/category\/actualidad-turismo\/#listItem","name":"Actualidad Turismo"}}]},{"@type":"Organization","@id":"https:\/\/eldigitaldeasturias.com\/magazine365\/#organization","name":"El digital de Asturias","description":"Revista de ocio, turismo y estilo de vida","url":"https:\/\/eldigitaldeasturias.com\/magazine365\/","logo":{"@type":"ImageObject","url":"https:\/\/www.eldigitaldeasturias.com\/noticias\/wp-content\/uploads\/2020\/12\/EDA.jpg","@id":"https:\/\/eldigitaldeasturias.com\/magazine365\/el-tribunal-supremo-luso-rechaza-un-recurso-contra-la-privatizacion-de-tap\/#organizationLogo"},"image":{"@id":"https:\/\/eldigitaldeasturias.com\/magazine365\/el-tribunal-supremo-luso-rechaza-un-recurso-contra-la-privatizacion-de-tap\/#organizationLogo"}},{"@type":"Person","@id":"https:\/\/eldigitaldeasturias.com\/magazine365\/author\/admin\/#author","url":"https:\/\/eldigitaldeasturias.com\/magazine365\/author\/admin\/","name":"admin","image":{"@type":"ImageObject","@id":"https:\/\/eldigitaldeasturias.com\/magazine365\/el-tribunal-supremo-luso-rechaza-un-recurso-contra-la-privatizacion-de-tap\/#authorImage","url":"https:\/\/eldigitaldeasturias.com\/magazine365\/wp-content\/litespeed\/avatar\/e571bcf59a0edd6fa6838245a470f2fe.jpg?ver=1777574230","width":96,"height":96,"caption":"admin"}},{"@type":"WebPage","@id":"https:\/\/eldigitaldeasturias.com\/magazine365\/el-tribunal-supremo-luso-rechaza-un-recurso-contra-la-privatizacion-de-tap\/#webpage","url":"https:\/\/eldigitaldeasturias.com\/magazine365\/el-tribunal-supremo-luso-rechaza-un-recurso-contra-la-privatizacion-de-tap\/","name":"El Tribunal Supremo luso rechaza un recurso contra la privatizaci\u00f3n de TAP | El Digital de Asturias","description":"El Tribunal Supremo Administrativo (STA) luso rechaz\u00f3 este lunes la medida cautelar presentada por la asociaci\u00f3n 'Pe\u00e7o A Palavra' (Pido la palabra) contra la privatizaci\u00f3n de TAP, en la que reclamaba la suspensi\u00f3n del proceso de venta de la aerol\u00ednea portuguesa. El STA decidi\u00f3 \"rechazar\" la medida cautelar presentada por esta agrupaci\u00f3n en la que","inLanguage":"es-ES","isPartOf":{"@id":"https:\/\/eldigitaldeasturias.com\/magazine365\/#website"},"breadcrumb":{"@id":"https:\/\/eldigitaldeasturias.com\/magazine365\/el-tribunal-supremo-luso-rechaza-un-recurso-contra-la-privatizacion-de-tap\/#breadcrumblist"},"author":{"@id":"https:\/\/eldigitaldeasturias.com\/magazine365\/author\/admin\/#author"},"creator":{"@id":"https:\/\/eldigitaldeasturias.com\/magazine365\/author\/admin\/#author"},"image":{"@type":"ImageObject","url":"https:\/\/eldigitaldeasturias.com\/magazine365\/wp-content\/uploads\/2015\/06\/fotonoticia_20150623122507_800.jpg","@id":"https:\/\/eldigitaldeasturias.com\/magazine365\/el-tribunal-supremo-luso-rechaza-un-recurso-contra-la-privatizacion-de-tap\/#mainImage","width":800,"height":532},"primaryImageOfPage":{"@id":"https:\/\/eldigitaldeasturias.com\/magazine365\/el-tribunal-supremo-luso-rechaza-un-recurso-contra-la-privatizacion-de-tap\/#mainImage"},"datePublished":"2015-06-24T05:04:01+02:00","dateModified":"2015-06-24T05:04:01+02:00"},{"@type":"WebSite","@id":"https:\/\/eldigitaldeasturias.com\/magazine365\/#website","url":"https:\/\/eldigitaldeasturias.com\/magazine365\/","name":"El Digital de Asturias","description":"Revista de ocio, turismo y estilo de vida","inLanguage":"es-ES","publisher":{"@id":"https:\/\/eldigitaldeasturias.com\/magazine365\/#organization"}}]},"og:locale":"es_ES","og:site_name":"El Digital de Asturias \u2013 Revista de ocio, turismo y estilo de vida","og:type":"article","og:title":"El Tribunal Supremo luso rechaza un recurso contra la privatizaci\u00f3n de TAP | El Digital de Asturias","og:description":"El Tribunal Supremo Administrativo (STA) luso rechaz\u00f3 este lunes la medida cautelar presentada por la asociaci\u00f3n 'Pe\u00e7o A Palavra' (Pido la palabra) contra la privatizaci\u00f3n de TAP, en la que reclamaba la suspensi\u00f3n del proceso de venta de la aerol\u00ednea portuguesa. El STA decidi\u00f3 &quot;rechazar&quot; la medida cautelar presentada por esta agrupaci\u00f3n en la que","og:url":"https:\/\/eldigitaldeasturias.com\/magazine365\/el-tribunal-supremo-luso-rechaza-un-recurso-contra-la-privatizacion-de-tap\/","og:image":"https:\/\/eldigitaldeasturias.com\/magazine365\/wp-content\/uploads\/2015\/06\/fotonoticia_20150623122507_800.jpg","og:image:secure_url":"https:\/\/eldigitaldeasturias.com\/magazine365\/wp-content\/uploads\/2015\/06\/fotonoticia_20150623122507_800.jpg","og:image:width":800,"og:image:height":532,"article:published_time":"2015-06-24T03:34:01+00:00","article:modified_time":"2015-06-24T03:34:01+00:00","twitter:card":"summary_large_image","twitter:title":"El Tribunal Supremo luso rechaza un recurso contra la privatizaci\u00f3n de TAP | El Digital de Asturias","twitter:description":"El Tribunal Supremo Administrativo (STA) luso rechaz\u00f3 este lunes la medida cautelar presentada por la asociaci\u00f3n 'Pe\u00e7o A Palavra' (Pido la palabra) contra la privatizaci\u00f3n de TAP, en la que reclamaba la suspensi\u00f3n del proceso de venta de la aerol\u00ednea portuguesa. El STA decidi\u00f3 &quot;rechazar&quot; la medida cautelar presentada por esta agrupaci\u00f3n en la que","twitter:image":"https:\/\/eldigitaldeasturias.com\/magazine365\/wp-content\/uploads\/2015\/06\/fotonoticia_20150623122507_800.jpg"},"aioseo_meta_data":{"post_id":"40703","title":null,"description":null,"keywords":null,"keyphrases":null,"primary_term":null,"canonical_url":null,"og_title":null,"og_description":null,"og_object_type":"default","og_image_type":"default","og_image_url":null,"og_image_width":null,"og_image_height":null,"og_image_custom_url":null,"og_image_custom_fields":null,"og_video":null,"og_custom_url":null,"og_article_section":null,"og_article_tags":null,"twitter_use_og":false,"twitter_card":"default","twitter_image_type":"default","twitter_image_url":null,"twitter_image_custom_url":null,"twitter_image_custom_fields":null,"twitter_title":null,"twitter_description":null,"schema":{"blockGraphs":[],"customGraphs":[],"default":{"data":{"Article":[],"Course":[],"Dataset":[],"FAQPage":[],"Movie":[],"Person":[],"Product":[],"ProductReview":[],"Car":[],"Recipe":[],"Service":[],"SoftwareApplication":[],"WebPage":[]},"graphName":"","isEnabled":true},"graphs":[],"defaultGraph":"","defaultPostTypeGraph":""},"schema_type":null,"schema_type_options":null,"pillar_content":false,"robots_default":true,"robots_noindex":false,"robots_noarchive":false,"robots_nosnippet":false,"robots_nofollow":false,"robots_noimageindex":false,"robots_noodp":false,"robots_notranslate":false,"robots_max_snippet":null,"robots_max_videopreview":null,"robots_max_imagepreview":"large","priority":null,"frequency":null,"location":null,"local_seo":null,"seo_analyzer_scan_date":"2025-09-19 14:06:49","breadcrumb_settings":null,"limit_modified_date":false,"open_ai":null,"ai":null,"created":"2021-03-09 02:25:04","updated":"2025-09-19 14:06:49"},"aioseo_breadcrumb":"<div class=\"aioseo-breadcrumbs\"><span class=\"aioseo-breadcrumb\">\n\t<a href=\"https:\/\/eldigitaldeasturias.com\/magazine365\" title=\"Home\">Home<\/a>\n<\/span><span class=\"aioseo-breadcrumb-separator\">\u2013<\/span><span class=\"aioseo-breadcrumb\">\n\t<a href=\"https:\/\/eldigitaldeasturias.com\/magazine365\/category\/actualidad-turismo\/\" title=\"Actualidad Turismo\">Actualidad Turismo<\/a>\n<\/span><span class=\"aioseo-breadcrumb-separator\">\u2013<\/span><span class=\"aioseo-breadcrumb\">\n\t<a href=\"https:\/\/eldigitaldeasturias.com\/magazine365\/el-tribunal-supremo-luso-rechaza-un-recurso-contra-la-privatizacion-de-tap\/\" title=\"El Tribunal Supremo luso rechaza un recurso contra la privatizaci\u00f3n de TAP\">El Tribunal Supremo luso rechaza un recurso contra la privatizaci\u00f3n de TAP<\/a>\n<\/span><\/div>","aioseo_breadcrumb_json":[{"label":"Home","link":"https:\/\/eldigitaldeasturias.com\/magazine365"},{"label":"Actualidad Turismo","link":"https:\/\/eldigitaldeasturias.com\/magazine365\/category\/actualidad-turismo\/"},{"label":"El Tribunal Supremo luso rechaza un recurso contra la privatizaci\u00f3n de TAP","link":"https:\/\/eldigitaldeasturias.com\/magazine365\/el-tribunal-supremo-luso-rechaza-un-recurso-contra-la-privatizacion-de-tap\/"}],"_links":{"self":[{"href":"https:\/\/eldigitaldeasturias.com\/magazine365\/wp-json\/wp\/v2\/posts\/40703","targetHints":{"allow":["GET"]}}],"collection":[{"href":"https:\/\/eldigitaldeasturias.com\/magazine365\/wp-json\/wp\/v2\/posts"}],"about":[{"href":"https:\/\/eldigitaldeasturias.com\/magazine365\/wp-json\/wp\/v2\/types\/post"}],"author":[{"embeddable":true,"href":"https:\/\/eldigitaldeasturias.com\/magazine365\/wp-json\/wp\/v2\/users\/1"}],"replies":[{"embeddable":true,"href":"https:\/\/eldigitaldeasturias.com\/magazine365\/wp-json\/wp\/v2\/comments?post=40703"}],"version-history":[{"count":0,"href":"https:\/\/eldigitaldeasturias.com\/magazine365\/wp-json\/wp\/v2\/posts\/40703\/revisions"}],"wp:featuredmedia":[{"embeddable":true,"href":"https:\/\/eldigitaldeasturias.com\/magazine365\/wp-json\/wp\/v2\/media\/40704"}],"wp:attachment":[{"href":"https:\/\/eldigitaldeasturias.com\/magazine365\/wp-json\/wp\/v2\/media?parent=40703"}],"wp:term":[{"taxonomy":"category","embeddable":true,"href":"https:\/\/eldigitaldeasturias.com\/magazine365\/wp-json\/wp\/v2\/categories?post=40703"},{"taxonomy":"post_tag","embeddable":true,"href":"https:\/\/eldigitaldeasturias.com\/magazine365\/wp-json\/wp\/v2\/tags?post=40703"}],"curies":[{"name":"wp","href":"https:\/\/api.w.org\/{rel}","templated":true}]}}