{"id":40695,"date":"2015-06-24T04:53:48","date_gmt":"2015-06-24T03:23:48","guid":{"rendered":"http:\/\/eldigitaldeasturias.com\/magazine365\/?p=40695"},"modified":"2015-06-24T04:53:48","modified_gmt":"2015-06-24T03:23:48","slug":"baleares-es-la-comunidad-mas-cara-para-practicar-turismo-rural-este-verano","status":"publish","type":"post","link":"https:\/\/eldigitaldeasturias.com\/magazine365\/baleares-es-la-comunidad-mas-cara-para-practicar-turismo-rural-este-verano\/","title":{"rendered":"Baleares es la comunidad m\u00e1s cara para practicar turismo rural este verano"},"content":{"rendered":"<p><img fetchpriority=\"high\" decoding=\"async\" class=\"alignleft size-medium wp-image-40696\" src=\"https:\/\/eldigitaldeasturias.com\/magazine365\/wp-content\/uploads\/2015\/06\/fotonoticia_20150623115401_800-360x239.jpg\" alt=\"fotonoticia_20150623115401_800\" width=\"360\" height=\"239\" srcset=\"https:\/\/eldigitaldeasturias.com\/magazine365\/wp-content\/uploads\/2015\/06\/fotonoticia_20150623115401_800-360x239.jpg 360w, https:\/\/eldigitaldeasturias.com\/magazine365\/wp-content\/uploads\/2015\/06\/fotonoticia_20150623115401_800-650x432.jpg 650w, https:\/\/eldigitaldeasturias.com\/magazine365\/wp-content\/uploads\/2015\/06\/fotonoticia_20150623115401_800-768x511.jpg 768w, https:\/\/eldigitaldeasturias.com\/magazine365\/wp-content\/uploads\/2015\/06\/fotonoticia_20150623115401_800-150x100.jpg 150w, https:\/\/eldigitaldeasturias.com\/magazine365\/wp-content\/uploads\/2015\/06\/fotonoticia_20150623115401_800-450x299.jpg 450w, https:\/\/eldigitaldeasturias.com\/magazine365\/wp-content\/uploads\/2015\/06\/fotonoticia_20150623115401_800-696x463.jpg 696w, https:\/\/eldigitaldeasturias.com\/magazine365\/wp-content\/uploads\/2015\/06\/fotonoticia_20150623115401_800-632x420.jpg 632w, https:\/\/eldigitaldeasturias.com\/magazine365\/wp-content\/uploads\/2015\/06\/fotonoticia_20150623115401_800-84x55.jpg 84w, https:\/\/eldigitaldeasturias.com\/magazine365\/wp-content\/uploads\/2015\/06\/fotonoticia_20150623115401_800.jpg 800w\" sizes=\"(max-width: 360px) 100vw, 360px\" \/>Baleares es la comunidad aut\u00f3noma m\u00e1s cara para practicar turismo rural este verano, al registrar un precio medio de 61 euros por persona y noche, seg\u00fan datos facilitados por el portal Tuscasasrurales.com.<\/p>\n<p>De este modo, tras Baleares, las comunidades con los precios m\u00e1s elevados para practicar turismo rural este pr\u00f3ximo verano son Canarias con 31,19 euros, Madrid con 28,23 euros, Catalu\u00f1a con 27,44 euros y el Pa\u00eds Vasco con 26,29 euros.<\/p>\n<p>Por su lado, las comunidades m\u00e1s econ\u00f3micas para hacer turismo rural este verano son Murcia con 18,72 euros, Arag\u00f3n con 20,53 euros, el Principado de Asturias con 21,07 euros y Andaluc\u00eda con 21,92 euros.<\/p>\n<p>DATOS NACIONALES.<\/p>\n<p>El precio medio de los alojamientos rurales en Espa\u00f1a se ha situado en 26,39 euros, una cifra ligeramente inferior a la registrada el pasado a\u00f1o, por lo que se ha deducido que los propietarios han seguido \u00abajustando sus precios con el objetivo de incrementar la ocupaci\u00f3n de sus alojamientos rurales\u00bb.<\/p>\n<p>Por otra parte, las provincias m\u00e1s econ\u00f3micas para practicar turismo rural este verano son Murcia con un precio medio de 18,72 euros por persona y d\u00eda, seguido de Huesca con 19,48 euros, Ja\u00e9n con 19,57 euros, M\u00e1laga con 19,74 euros, Zaragoza con 20,23 euros, Salamanca con 20,15 euros y C\u00f3rdoba con 20,92. Seguido de estas provincias quedan otras como Sevilla, Palencia o Soria.<\/p>\n<p>Cabe destacar que la provincia de Badajoz se encuentra en un t\u00e9rmino intermedio ya que el precio medio de los alojamientos rurales para este verano es de 22,18 euros.<\/p>\n<p>EL PRECIO INFLUYE<\/p>\n<p>Un 75 por ciento de los viajeros rurales preguntados por Tuscasasrurales.com ha se\u00f1alado el precio como uno de los tres factores m\u00e1s importantes a la hora de elegir un alojamiento rural este verano, una cifra 3 puntos porcentuales inferior a la se\u00f1alada el a\u00f1o pasado.<\/p>\n<p>El factor precio solo es superado por la ubicaci\u00f3n y el entorno que ha sido se\u00f1alado por un 80,9 por ciento de los viajeros. En tercer lugar y se\u00f1alado por un 42,2 por ciento son las instalaciones del alojamiento como uno de los tres factores m\u00e1s importantes a la hora de elegir un alojamiento rural.<\/p>\n<p>Detr\u00e1s de estos factores quedan otros como las fotograf\u00edas del alojamiento, votado por un 26,2% o la recomendaci\u00f3n de amigos o familiares se\u00f1alado por un 22,2%.<\/p>\n","protected":false},"excerpt":{"rendered":"<p>Baleares es la comunidad aut\u00f3noma m\u00e1s cara para practicar turismo rural este verano, al registrar un precio medio de 61 euros por persona y noche, seg\u00fan datos facilitados por el portal Tuscasasrurales.com. De este modo, tras Baleares, las comunidades con los precios m\u00e1s elevados para practicar turismo rural este pr\u00f3ximo verano son Canarias con 31,19<\/p>\n","protected":false},"author":1,"featured_media":40696,"comment_status":"open","ping_status":"closed","sticky":false,"template":"","format":"standard","meta":{"footnotes":""},"categories":[222],"tags":[],"class_list":{"0":"post-40695","1":"post","2":"type-post","3":"status-publish","4":"format-standard","5":"has-post-thumbnail","7":"category-actualidad-turismo"},"aioseo_notices":[],"aioseo_head":"\n\t\t<!-- All in One SEO Pro 4.9.6.1 - aioseo.com -->\n\t<meta name=\"description\" content=\"Baleares es la comunidad aut\u00f3noma m\u00e1s cara para practicar turismo rural este verano, al registrar un precio medio de 61 euros por persona y noche, seg\u00fan datos facilitados por el portal Tuscasasrurales.com. De este modo, tras Baleares, las comunidades con los precios m\u00e1s elevados para practicar turismo rural este pr\u00f3ximo verano son Canarias con 31,19\" \/>\n\t<meta name=\"robots\" content=\"max-image-preview:large\" \/>\n\t<meta name=\"author\" content=\"admin\"\/>\n\t<meta name=\"google-site-verification\" content=\"UA-38556648-1\" \/>\n\t<meta name=\"keywords\" content=\"actualidad turismo\" \/>\n\t<link rel=\"canonical\" href=\"https:\/\/eldigitaldeasturias.com\/magazine365\/baleares-es-la-comunidad-mas-cara-para-practicar-turismo-rural-este-verano\/\" \/>\n\t<meta name=\"generator\" content=\"All in One SEO Pro (AIOSEO) 4.9.6.1\" \/>\n\t\t<meta property=\"og:locale\" content=\"es_ES\" \/>\n\t\t<meta property=\"og:site_name\" content=\"El Digital de Asturias \u2013 Revista de ocio, turismo y estilo de vida\" \/>\n\t\t<meta property=\"og:type\" content=\"article\" \/>\n\t\t<meta property=\"og:title\" content=\"Baleares es la comunidad m\u00e1s cara para practicar turismo rural este verano | El Digital de Asturias\" \/>\n\t\t<meta property=\"og:description\" content=\"Baleares es la comunidad aut\u00f3noma m\u00e1s cara para practicar turismo rural este verano, al registrar un precio medio de 61 euros por persona y noche, seg\u00fan datos facilitados por el portal Tuscasasrurales.com. De este modo, tras Baleares, las comunidades con los precios m\u00e1s elevados para practicar turismo rural este pr\u00f3ximo verano son Canarias con 31,19\" \/>\n\t\t<meta property=\"og:url\" content=\"https:\/\/eldigitaldeasturias.com\/magazine365\/baleares-es-la-comunidad-mas-cara-para-practicar-turismo-rural-este-verano\/\" \/>\n\t\t<meta property=\"og:image\" content=\"https:\/\/eldigitaldeasturias.com\/magazine365\/wp-content\/uploads\/2015\/06\/fotonoticia_20150623115401_800.jpg\" \/>\n\t\t<meta property=\"og:image:secure_url\" content=\"https:\/\/eldigitaldeasturias.com\/magazine365\/wp-content\/uploads\/2015\/06\/fotonoticia_20150623115401_800.jpg\" \/>\n\t\t<meta property=\"og:image:width\" content=\"800\" \/>\n\t\t<meta property=\"og:image:height\" content=\"532\" \/>\n\t\t<meta property=\"article:published_time\" content=\"2015-06-24T03:23:48+00:00\" \/>\n\t\t<meta property=\"article:modified_time\" content=\"2015-06-24T03:23:48+00:00\" \/>\n\t\t<meta name=\"twitter:card\" content=\"summary_large_image\" \/>\n\t\t<meta name=\"twitter:title\" content=\"Baleares es la comunidad m\u00e1s cara para practicar turismo rural este verano | El Digital de Asturias\" \/>\n\t\t<meta name=\"twitter:description\" content=\"Baleares es la comunidad aut\u00f3noma m\u00e1s cara para practicar turismo rural este verano, al registrar un precio medio de 61 euros por persona y noche, seg\u00fan datos facilitados por el portal Tuscasasrurales.com. De este modo, tras Baleares, las comunidades con los precios m\u00e1s elevados para practicar turismo rural este pr\u00f3ximo verano son Canarias con 31,19\" \/>\n\t\t<meta name=\"twitter:image\" content=\"https:\/\/eldigitaldeasturias.com\/magazine365\/wp-content\/uploads\/2015\/06\/fotonoticia_20150623115401_800.jpg\" \/>\n\t\t<script type=\"application\/ld+json\" class=\"aioseo-schema\">\n\t\t\t{\"@context\":\"https:\\\/\\\/schema.org\",\"@graph\":[{\"@type\":\"Article\",\"@id\":\"https:\\\/\\\/eldigitaldeasturias.com\\\/magazine365\\\/baleares-es-la-comunidad-mas-cara-para-practicar-turismo-rural-este-verano\\\/#article\",\"name\":\"Baleares es la comunidad m\\u00e1s cara para practicar turismo rural este verano | El Digital de Asturias\",\"headline\":\"Baleares es la comunidad m\\u00e1s cara para practicar turismo rural este verano\",\"author\":{\"@id\":\"https:\\\/\\\/eldigitaldeasturias.com\\\/magazine365\\\/author\\\/admin\\\/#author\"},\"publisher\":{\"@id\":\"https:\\\/\\\/eldigitaldeasturias.com\\\/magazine365\\\/#organization\"},\"image\":{\"@type\":\"ImageObject\",\"url\":\"https:\\\/\\\/eldigitaldeasturias.com\\\/magazine365\\\/wp-content\\\/uploads\\\/2015\\\/06\\\/fotonoticia_20150623115401_800.jpg\",\"width\":800,\"height\":532},\"datePublished\":\"2015-06-24T04:53:48+02:00\",\"dateModified\":\"2015-06-24T04:53:48+02:00\",\"inLanguage\":\"es-ES\",\"mainEntityOfPage\":{\"@id\":\"https:\\\/\\\/eldigitaldeasturias.com\\\/magazine365\\\/baleares-es-la-comunidad-mas-cara-para-practicar-turismo-rural-este-verano\\\/#webpage\"},\"isPartOf\":{\"@id\":\"https:\\\/\\\/eldigitaldeasturias.com\\\/magazine365\\\/baleares-es-la-comunidad-mas-cara-para-practicar-turismo-rural-este-verano\\\/#webpage\"},\"articleSection\":\"Actualidad Turismo\"},{\"@type\":\"BreadcrumbList\",\"@id\":\"https:\\\/\\\/eldigitaldeasturias.com\\\/magazine365\\\/baleares-es-la-comunidad-mas-cara-para-practicar-turismo-rural-este-verano\\\/#breadcrumblist\",\"itemListElement\":[{\"@type\":\"ListItem\",\"@id\":\"https:\\\/\\\/eldigitaldeasturias.com\\\/magazine365#listItem\",\"position\":1,\"name\":\"Home\",\"item\":\"https:\\\/\\\/eldigitaldeasturias.com\\\/magazine365\",\"nextItem\":{\"@type\":\"ListItem\",\"@id\":\"https:\\\/\\\/eldigitaldeasturias.com\\\/magazine365\\\/category\\\/actualidad-turismo\\\/#listItem\",\"name\":\"Actualidad Turismo\"}},{\"@type\":\"ListItem\",\"@id\":\"https:\\\/\\\/eldigitaldeasturias.com\\\/magazine365\\\/category\\\/actualidad-turismo\\\/#listItem\",\"position\":2,\"name\":\"Actualidad Turismo\",\"item\":\"https:\\\/\\\/eldigitaldeasturias.com\\\/magazine365\\\/category\\\/actualidad-turismo\\\/\",\"nextItem\":{\"@type\":\"ListItem\",\"@id\":\"https:\\\/\\\/eldigitaldeasturias.com\\\/magazine365\\\/baleares-es-la-comunidad-mas-cara-para-practicar-turismo-rural-este-verano\\\/#listItem\",\"name\":\"Baleares es la comunidad m\\u00e1s cara para practicar turismo rural este verano\"},\"previousItem\":{\"@type\":\"ListItem\",\"@id\":\"https:\\\/\\\/eldigitaldeasturias.com\\\/magazine365#listItem\",\"name\":\"Home\"}},{\"@type\":\"ListItem\",\"@id\":\"https:\\\/\\\/eldigitaldeasturias.com\\\/magazine365\\\/baleares-es-la-comunidad-mas-cara-para-practicar-turismo-rural-este-verano\\\/#listItem\",\"position\":3,\"name\":\"Baleares es la comunidad m\\u00e1s cara para practicar turismo rural este verano\",\"previousItem\":{\"@type\":\"ListItem\",\"@id\":\"https:\\\/\\\/eldigitaldeasturias.com\\\/magazine365\\\/category\\\/actualidad-turismo\\\/#listItem\",\"name\":\"Actualidad Turismo\"}}]},{\"@type\":\"Organization\",\"@id\":\"https:\\\/\\\/eldigitaldeasturias.com\\\/magazine365\\\/#organization\",\"name\":\"El digital de Asturias\",\"description\":\"Revista de ocio, turismo y estilo de vida\",\"url\":\"https:\\\/\\\/eldigitaldeasturias.com\\\/magazine365\\\/\",\"logo\":{\"@type\":\"ImageObject\",\"url\":\"https:\\\/\\\/www.eldigitaldeasturias.com\\\/noticias\\\/wp-content\\\/uploads\\\/2020\\\/12\\\/EDA.jpg\",\"@id\":\"https:\\\/\\\/eldigitaldeasturias.com\\\/magazine365\\\/baleares-es-la-comunidad-mas-cara-para-practicar-turismo-rural-este-verano\\\/#organizationLogo\"},\"image\":{\"@id\":\"https:\\\/\\\/eldigitaldeasturias.com\\\/magazine365\\\/baleares-es-la-comunidad-mas-cara-para-practicar-turismo-rural-este-verano\\\/#organizationLogo\"}},{\"@type\":\"Person\",\"@id\":\"https:\\\/\\\/eldigitaldeasturias.com\\\/magazine365\\\/author\\\/admin\\\/#author\",\"url\":\"https:\\\/\\\/eldigitaldeasturias.com\\\/magazine365\\\/author\\\/admin\\\/\",\"name\":\"admin\",\"image\":{\"@type\":\"ImageObject\",\"@id\":\"https:\\\/\\\/eldigitaldeasturias.com\\\/magazine365\\\/baleares-es-la-comunidad-mas-cara-para-practicar-turismo-rural-este-verano\\\/#authorImage\",\"url\":\"https:\\\/\\\/eldigitaldeasturias.com\\\/magazine365\\\/wp-content\\\/litespeed\\\/avatar\\\/e571bcf59a0edd6fa6838245a470f2fe.jpg?ver=1777574230\",\"width\":96,\"height\":96,\"caption\":\"admin\"}},{\"@type\":\"WebPage\",\"@id\":\"https:\\\/\\\/eldigitaldeasturias.com\\\/magazine365\\\/baleares-es-la-comunidad-mas-cara-para-practicar-turismo-rural-este-verano\\\/#webpage\",\"url\":\"https:\\\/\\\/eldigitaldeasturias.com\\\/magazine365\\\/baleares-es-la-comunidad-mas-cara-para-practicar-turismo-rural-este-verano\\\/\",\"name\":\"Baleares es la comunidad m\\u00e1s cara para practicar turismo rural este verano | El Digital de Asturias\",\"description\":\"Baleares es la comunidad aut\\u00f3noma m\\u00e1s cara para practicar turismo rural este verano, al registrar un precio medio de 61 euros por persona y noche, seg\\u00fan datos facilitados por el portal Tuscasasrurales.com. De este modo, tras Baleares, las comunidades con los precios m\\u00e1s elevados para practicar turismo rural este pr\\u00f3ximo verano son Canarias con 31,19\",\"inLanguage\":\"es-ES\",\"isPartOf\":{\"@id\":\"https:\\\/\\\/eldigitaldeasturias.com\\\/magazine365\\\/#website\"},\"breadcrumb\":{\"@id\":\"https:\\\/\\\/eldigitaldeasturias.com\\\/magazine365\\\/baleares-es-la-comunidad-mas-cara-para-practicar-turismo-rural-este-verano\\\/#breadcrumblist\"},\"author\":{\"@id\":\"https:\\\/\\\/eldigitaldeasturias.com\\\/magazine365\\\/author\\\/admin\\\/#author\"},\"creator\":{\"@id\":\"https:\\\/\\\/eldigitaldeasturias.com\\\/magazine365\\\/author\\\/admin\\\/#author\"},\"image\":{\"@type\":\"ImageObject\",\"url\":\"https:\\\/\\\/eldigitaldeasturias.com\\\/magazine365\\\/wp-content\\\/uploads\\\/2015\\\/06\\\/fotonoticia_20150623115401_800.jpg\",\"@id\":\"https:\\\/\\\/eldigitaldeasturias.com\\\/magazine365\\\/baleares-es-la-comunidad-mas-cara-para-practicar-turismo-rural-este-verano\\\/#mainImage\",\"width\":800,\"height\":532},\"primaryImageOfPage\":{\"@id\":\"https:\\\/\\\/eldigitaldeasturias.com\\\/magazine365\\\/baleares-es-la-comunidad-mas-cara-para-practicar-turismo-rural-este-verano\\\/#mainImage\"},\"datePublished\":\"2015-06-24T04:53:48+02:00\",\"dateModified\":\"2015-06-24T04:53:48+02:00\"},{\"@type\":\"WebSite\",\"@id\":\"https:\\\/\\\/eldigitaldeasturias.com\\\/magazine365\\\/#website\",\"url\":\"https:\\\/\\\/eldigitaldeasturias.com\\\/magazine365\\\/\",\"name\":\"El Digital de Asturias\",\"description\":\"Revista de ocio, turismo y estilo de vida\",\"inLanguage\":\"es-ES\",\"publisher\":{\"@id\":\"https:\\\/\\\/eldigitaldeasturias.com\\\/magazine365\\\/#organization\"}}]}\n\t\t<\/script>\n\t\t<!-- All in One SEO Pro -->\r\n\t\t<title>Baleares es la comunidad m\u00e1s cara para practicar turismo rural este verano | El Digital de Asturias<\/title>\n\n","aioseo_head_json":{"title":"Baleares es la comunidad m\u00e1s cara para practicar turismo rural este verano | El Digital de Asturias","description":"Baleares es la comunidad aut\u00f3noma m\u00e1s cara para practicar turismo rural este verano, al registrar un precio medio de 61 euros por persona y noche, seg\u00fan datos facilitados por el portal Tuscasasrurales.com. De este modo, tras Baleares, las comunidades con los precios m\u00e1s elevados para practicar turismo rural este pr\u00f3ximo verano son Canarias con 31,19","canonical_url":"https:\/\/eldigitaldeasturias.com\/magazine365\/baleares-es-la-comunidad-mas-cara-para-practicar-turismo-rural-este-verano\/","robots":"max-image-preview:large","keywords":"actualidad turismo","webmasterTools":{"google-site-verification":"UA-38556648-1","miscellaneous":""},"schema":{"@context":"https:\/\/schema.org","@graph":[{"@type":"Article","@id":"https:\/\/eldigitaldeasturias.com\/magazine365\/baleares-es-la-comunidad-mas-cara-para-practicar-turismo-rural-este-verano\/#article","name":"Baleares es la comunidad m\u00e1s cara para practicar turismo rural este verano | El Digital de Asturias","headline":"Baleares es la comunidad m\u00e1s cara para practicar turismo rural este verano","author":{"@id":"https:\/\/eldigitaldeasturias.com\/magazine365\/author\/admin\/#author"},"publisher":{"@id":"https:\/\/eldigitaldeasturias.com\/magazine365\/#organization"},"image":{"@type":"ImageObject","url":"https:\/\/eldigitaldeasturias.com\/magazine365\/wp-content\/uploads\/2015\/06\/fotonoticia_20150623115401_800.jpg","width":800,"height":532},"datePublished":"2015-06-24T04:53:48+02:00","dateModified":"2015-06-24T04:53:48+02:00","inLanguage":"es-ES","mainEntityOfPage":{"@id":"https:\/\/eldigitaldeasturias.com\/magazine365\/baleares-es-la-comunidad-mas-cara-para-practicar-turismo-rural-este-verano\/#webpage"},"isPartOf":{"@id":"https:\/\/eldigitaldeasturias.com\/magazine365\/baleares-es-la-comunidad-mas-cara-para-practicar-turismo-rural-este-verano\/#webpage"},"articleSection":"Actualidad Turismo"},{"@type":"BreadcrumbList","@id":"https:\/\/eldigitaldeasturias.com\/magazine365\/baleares-es-la-comunidad-mas-cara-para-practicar-turismo-rural-este-verano\/#breadcrumblist","itemListElement":[{"@type":"ListItem","@id":"https:\/\/eldigitaldeasturias.com\/magazine365#listItem","position":1,"name":"Home","item":"https:\/\/eldigitaldeasturias.com\/magazine365","nextItem":{"@type":"ListItem","@id":"https:\/\/eldigitaldeasturias.com\/magazine365\/category\/actualidad-turismo\/#listItem","name":"Actualidad Turismo"}},{"@type":"ListItem","@id":"https:\/\/eldigitaldeasturias.com\/magazine365\/category\/actualidad-turismo\/#listItem","position":2,"name":"Actualidad Turismo","item":"https:\/\/eldigitaldeasturias.com\/magazine365\/category\/actualidad-turismo\/","nextItem":{"@type":"ListItem","@id":"https:\/\/eldigitaldeasturias.com\/magazine365\/baleares-es-la-comunidad-mas-cara-para-practicar-turismo-rural-este-verano\/#listItem","name":"Baleares es la comunidad m\u00e1s cara para practicar turismo rural este verano"},"previousItem":{"@type":"ListItem","@id":"https:\/\/eldigitaldeasturias.com\/magazine365#listItem","name":"Home"}},{"@type":"ListItem","@id":"https:\/\/eldigitaldeasturias.com\/magazine365\/baleares-es-la-comunidad-mas-cara-para-practicar-turismo-rural-este-verano\/#listItem","position":3,"name":"Baleares es la comunidad m\u00e1s cara para practicar turismo rural este verano","previousItem":{"@type":"ListItem","@id":"https:\/\/eldigitaldeasturias.com\/magazine365\/category\/actualidad-turismo\/#listItem","name":"Actualidad Turismo"}}]},{"@type":"Organization","@id":"https:\/\/eldigitaldeasturias.com\/magazine365\/#organization","name":"El digital de Asturias","description":"Revista de ocio, turismo y estilo de vida","url":"https:\/\/eldigitaldeasturias.com\/magazine365\/","logo":{"@type":"ImageObject","url":"https:\/\/www.eldigitaldeasturias.com\/noticias\/wp-content\/uploads\/2020\/12\/EDA.jpg","@id":"https:\/\/eldigitaldeasturias.com\/magazine365\/baleares-es-la-comunidad-mas-cara-para-practicar-turismo-rural-este-verano\/#organizationLogo"},"image":{"@id":"https:\/\/eldigitaldeasturias.com\/magazine365\/baleares-es-la-comunidad-mas-cara-para-practicar-turismo-rural-este-verano\/#organizationLogo"}},{"@type":"Person","@id":"https:\/\/eldigitaldeasturias.com\/magazine365\/author\/admin\/#author","url":"https:\/\/eldigitaldeasturias.com\/magazine365\/author\/admin\/","name":"admin","image":{"@type":"ImageObject","@id":"https:\/\/eldigitaldeasturias.com\/magazine365\/baleares-es-la-comunidad-mas-cara-para-practicar-turismo-rural-este-verano\/#authorImage","url":"https:\/\/eldigitaldeasturias.com\/magazine365\/wp-content\/litespeed\/avatar\/e571bcf59a0edd6fa6838245a470f2fe.jpg?ver=1777574230","width":96,"height":96,"caption":"admin"}},{"@type":"WebPage","@id":"https:\/\/eldigitaldeasturias.com\/magazine365\/baleares-es-la-comunidad-mas-cara-para-practicar-turismo-rural-este-verano\/#webpage","url":"https:\/\/eldigitaldeasturias.com\/magazine365\/baleares-es-la-comunidad-mas-cara-para-practicar-turismo-rural-este-verano\/","name":"Baleares es la comunidad m\u00e1s cara para practicar turismo rural este verano | El Digital de Asturias","description":"Baleares es la comunidad aut\u00f3noma m\u00e1s cara para practicar turismo rural este verano, al registrar un precio medio de 61 euros por persona y noche, seg\u00fan datos facilitados por el portal Tuscasasrurales.com. De este modo, tras Baleares, las comunidades con los precios m\u00e1s elevados para practicar turismo rural este pr\u00f3ximo verano son Canarias con 31,19","inLanguage":"es-ES","isPartOf":{"@id":"https:\/\/eldigitaldeasturias.com\/magazine365\/#website"},"breadcrumb":{"@id":"https:\/\/eldigitaldeasturias.com\/magazine365\/baleares-es-la-comunidad-mas-cara-para-practicar-turismo-rural-este-verano\/#breadcrumblist"},"author":{"@id":"https:\/\/eldigitaldeasturias.com\/magazine365\/author\/admin\/#author"},"creator":{"@id":"https:\/\/eldigitaldeasturias.com\/magazine365\/author\/admin\/#author"},"image":{"@type":"ImageObject","url":"https:\/\/eldigitaldeasturias.com\/magazine365\/wp-content\/uploads\/2015\/06\/fotonoticia_20150623115401_800.jpg","@id":"https:\/\/eldigitaldeasturias.com\/magazine365\/baleares-es-la-comunidad-mas-cara-para-practicar-turismo-rural-este-verano\/#mainImage","width":800,"height":532},"primaryImageOfPage":{"@id":"https:\/\/eldigitaldeasturias.com\/magazine365\/baleares-es-la-comunidad-mas-cara-para-practicar-turismo-rural-este-verano\/#mainImage"},"datePublished":"2015-06-24T04:53:48+02:00","dateModified":"2015-06-24T04:53:48+02:00"},{"@type":"WebSite","@id":"https:\/\/eldigitaldeasturias.com\/magazine365\/#website","url":"https:\/\/eldigitaldeasturias.com\/magazine365\/","name":"El Digital de Asturias","description":"Revista de ocio, turismo y estilo de vida","inLanguage":"es-ES","publisher":{"@id":"https:\/\/eldigitaldeasturias.com\/magazine365\/#organization"}}]},"og:locale":"es_ES","og:site_name":"El Digital de Asturias \u2013 Revista de ocio, turismo y estilo de vida","og:type":"article","og:title":"Baleares es la comunidad m\u00e1s cara para practicar turismo rural este verano | El Digital de Asturias","og:description":"Baleares es la comunidad aut\u00f3noma m\u00e1s cara para practicar turismo rural este verano, al registrar un precio medio de 61 euros por persona y noche, seg\u00fan datos facilitados por el portal Tuscasasrurales.com. De este modo, tras Baleares, las comunidades con los precios m\u00e1s elevados para practicar turismo rural este pr\u00f3ximo verano son Canarias con 31,19","og:url":"https:\/\/eldigitaldeasturias.com\/magazine365\/baleares-es-la-comunidad-mas-cara-para-practicar-turismo-rural-este-verano\/","og:image":"https:\/\/eldigitaldeasturias.com\/magazine365\/wp-content\/uploads\/2015\/06\/fotonoticia_20150623115401_800.jpg","og:image:secure_url":"https:\/\/eldigitaldeasturias.com\/magazine365\/wp-content\/uploads\/2015\/06\/fotonoticia_20150623115401_800.jpg","og:image:width":800,"og:image:height":532,"article:published_time":"2015-06-24T03:23:48+00:00","article:modified_time":"2015-06-24T03:23:48+00:00","twitter:card":"summary_large_image","twitter:title":"Baleares es la comunidad m\u00e1s cara para practicar turismo rural este verano | El Digital de Asturias","twitter:description":"Baleares es la comunidad aut\u00f3noma m\u00e1s cara para practicar turismo rural este verano, al registrar un precio medio de 61 euros por persona y noche, seg\u00fan datos facilitados por el portal Tuscasasrurales.com. De este modo, tras Baleares, las comunidades con los precios m\u00e1s elevados para practicar turismo rural este pr\u00f3ximo verano son Canarias con 31,19","twitter:image":"https:\/\/eldigitaldeasturias.com\/magazine365\/wp-content\/uploads\/2015\/06\/fotonoticia_20150623115401_800.jpg"},"aioseo_meta_data":{"post_id":"40695","title":null,"description":null,"keywords":null,"keyphrases":null,"primary_term":null,"canonical_url":null,"og_title":null,"og_description":null,"og_object_type":"default","og_image_type":"default","og_image_url":null,"og_image_width":null,"og_image_height":null,"og_image_custom_url":null,"og_image_custom_fields":null,"og_video":null,"og_custom_url":null,"og_article_section":null,"og_article_tags":null,"twitter_use_og":false,"twitter_card":"default","twitter_image_type":"default","twitter_image_url":null,"twitter_image_custom_url":null,"twitter_image_custom_fields":null,"twitter_title":null,"twitter_description":null,"schema":{"blockGraphs":[],"customGraphs":[],"default":{"data":{"Article":[],"Course":[],"Dataset":[],"FAQPage":[],"Movie":[],"Person":[],"Product":[],"ProductReview":[],"Car":[],"Recipe":[],"Service":[],"SoftwareApplication":[],"WebPage":[]},"graphName":"","isEnabled":true},"graphs":[],"defaultGraph":"","defaultPostTypeGraph":""},"schema_type":null,"schema_type_options":null,"pillar_content":false,"robots_default":true,"robots_noindex":false,"robots_noarchive":false,"robots_nosnippet":false,"robots_nofollow":false,"robots_noimageindex":false,"robots_noodp":false,"robots_notranslate":false,"robots_max_snippet":null,"robots_max_videopreview":null,"robots_max_imagepreview":"large","priority":null,"frequency":null,"location":null,"local_seo":null,"seo_analyzer_scan_date":"2025-09-19 14:06:46","breadcrumb_settings":null,"limit_modified_date":false,"open_ai":null,"ai":null,"created":"2021-03-09 02:25:04","updated":"2025-09-19 14:06:46"},"aioseo_breadcrumb":"<div class=\"aioseo-breadcrumbs\"><span class=\"aioseo-breadcrumb\">\n\t<a href=\"https:\/\/eldigitaldeasturias.com\/magazine365\" title=\"Home\">Home<\/a>\n<\/span><span class=\"aioseo-breadcrumb-separator\">\u2013<\/span><span class=\"aioseo-breadcrumb\">\n\t<a href=\"https:\/\/eldigitaldeasturias.com\/magazine365\/category\/actualidad-turismo\/\" title=\"Actualidad Turismo\">Actualidad Turismo<\/a>\n<\/span><span class=\"aioseo-breadcrumb-separator\">\u2013<\/span><span class=\"aioseo-breadcrumb\">\n\t<a href=\"https:\/\/eldigitaldeasturias.com\/magazine365\/baleares-es-la-comunidad-mas-cara-para-practicar-turismo-rural-este-verano\/\" title=\"Baleares es la comunidad m\u00e1s cara para practicar turismo rural este verano\">Baleares es la comunidad m\u00e1s cara para practicar turismo rural este verano<\/a>\n<\/span><\/div>","aioseo_breadcrumb_json":[{"label":"Home","link":"https:\/\/eldigitaldeasturias.com\/magazine365"},{"label":"Actualidad Turismo","link":"https:\/\/eldigitaldeasturias.com\/magazine365\/category\/actualidad-turismo\/"},{"label":"Baleares es la comunidad m\u00e1s cara para practicar turismo rural este verano","link":"https:\/\/eldigitaldeasturias.com\/magazine365\/baleares-es-la-comunidad-mas-cara-para-practicar-turismo-rural-este-verano\/"}],"_links":{"self":[{"href":"https:\/\/eldigitaldeasturias.com\/magazine365\/wp-json\/wp\/v2\/posts\/40695","targetHints":{"allow":["GET"]}}],"collection":[{"href":"https:\/\/eldigitaldeasturias.com\/magazine365\/wp-json\/wp\/v2\/posts"}],"about":[{"href":"https:\/\/eldigitaldeasturias.com\/magazine365\/wp-json\/wp\/v2\/types\/post"}],"author":[{"embeddable":true,"href":"https:\/\/eldigitaldeasturias.com\/magazine365\/wp-json\/wp\/v2\/users\/1"}],"replies":[{"embeddable":true,"href":"https:\/\/eldigitaldeasturias.com\/magazine365\/wp-json\/wp\/v2\/comments?post=40695"}],"version-history":[{"count":0,"href":"https:\/\/eldigitaldeasturias.com\/magazine365\/wp-json\/wp\/v2\/posts\/40695\/revisions"}],"wp:featuredmedia":[{"embeddable":true,"href":"https:\/\/eldigitaldeasturias.com\/magazine365\/wp-json\/wp\/v2\/media\/40696"}],"wp:attachment":[{"href":"https:\/\/eldigitaldeasturias.com\/magazine365\/wp-json\/wp\/v2\/media?parent=40695"}],"wp:term":[{"taxonomy":"category","embeddable":true,"href":"https:\/\/eldigitaldeasturias.com\/magazine365\/wp-json\/wp\/v2\/categories?post=40695"},{"taxonomy":"post_tag","embeddable":true,"href":"https:\/\/eldigitaldeasturias.com\/magazine365\/wp-json\/wp\/v2\/tags?post=40695"}],"curies":[{"name":"wp","href":"https:\/\/api.w.org\/{rel}","templated":true}]}}