{"id":40692,"date":"2015-06-24T04:51:47","date_gmt":"2015-06-24T03:21:47","guid":{"rendered":"http:\/\/eldigitaldeasturias.com\/magazine365\/?p=40692"},"modified":"2015-06-24T04:51:47","modified_gmt":"2015-06-24T03:21:47","slug":"el-salon-cava-premium-llega-a-palma","status":"publish","type":"post","link":"https:\/\/eldigitaldeasturias.com\/magazine365\/el-salon-cava-premium-llega-a-palma\/","title":{"rendered":"El Sal\u00f3n Cava Premium llega a Palma"},"content":{"rendered":"<p><img fetchpriority=\"high\" decoding=\"async\" class=\"alignleft size-medium wp-image-40693\" src=\"https:\/\/eldigitaldeasturias.com\/magazine365\/wp-content\/uploads\/2015\/06\/fotonoticia_20150623115300_800-360x198.jpg\" alt=\"fotonoticia_20150623115300_800\" width=\"360\" height=\"198\" srcset=\"https:\/\/eldigitaldeasturias.com\/magazine365\/wp-content\/uploads\/2015\/06\/fotonoticia_20150623115300_800-360x198.jpg 360w, https:\/\/eldigitaldeasturias.com\/magazine365\/wp-content\/uploads\/2015\/06\/fotonoticia_20150623115300_800-650x357.jpg 650w, https:\/\/eldigitaldeasturias.com\/magazine365\/wp-content\/uploads\/2015\/06\/fotonoticia_20150623115300_800-768x421.jpg 768w, https:\/\/eldigitaldeasturias.com\/magazine365\/wp-content\/uploads\/2015\/06\/fotonoticia_20150623115300_800-150x82.jpg 150w, https:\/\/eldigitaldeasturias.com\/magazine365\/wp-content\/uploads\/2015\/06\/fotonoticia_20150623115300_800-450x247.jpg 450w, https:\/\/eldigitaldeasturias.com\/magazine365\/wp-content\/uploads\/2015\/06\/fotonoticia_20150623115300_800-696x385.jpg 696w, https:\/\/eldigitaldeasturias.com\/magazine365\/wp-content\/uploads\/2015\/06\/fotonoticia_20150623115300_800-765x420.jpg 765w, https:\/\/eldigitaldeasturias.com\/magazine365\/wp-content\/uploads\/2015\/06\/fotonoticia_20150623115300_800-655x360.jpg 655w, https:\/\/eldigitaldeasturias.com\/magazine365\/wp-content\/uploads\/2015\/06\/fotonoticia_20150623115300_800.jpg 800w\" sizes=\"(max-width: 360px) 100vw, 360px\" \/>El Sal\u00f3n Cava Premium llegar\u00e1 el 29 de junio al Mercado Gastron\u00f3mico San Juan de S&#8217;Escorxador (Palma) de la mano del Consejo Regulador del Cava, un evento dirigido a tiendas especializadas, restaurantes, sumilleres y medios de comunicaci\u00f3n que tiene como objetivo dar a conocer los Cavas Reserva y Gran Reserva.<\/p>\n<p>El presidente del Consejo Regulador del Cava, Pedro Bonet; la vicepresidenta segunda del Instituto del Cava, Mar Ravent\u00f3s, y el presidente de la Pimecava, Pere Guilera, ser\u00e1n los encargados de inaugurar el acto, seg\u00fan han explicado este martes en un comunicado.<\/p>\n<p>Asimismo, se llevar\u00e1 a cabo una mesa redonda sobre &#8216;Las armon\u00edas del Cava&#8217; que contar\u00e1 con la participaci\u00f3n de personalidades del sector del vino y la gastronom\u00eda como el sumiller Toni Fern\u00e1ndez, el chef con estrella michelin Andreu Genestra, y el presidente de la Asociaci\u00f3n Balear de Sumilleres, Daniel Arias, entre otros.<\/p>\n<p>Los asistentes tendr\u00e1n la oportunidad de participar durante la jornada en un showroom de 27 empresas elaboradoras de Cavas Premium que mostrar\u00e1n sus productos, as\u00ed como degustar m\u00e1s de noventa marcas.<\/p>\n<p>El Mercado Gastron\u00f3mico San Juan abri\u00f3 sus puertas el pasado 20 de junio con el objetivo de convertirse en un \u00abpolo de atracci\u00f3n para el turismo gastron\u00f3mico de la ciudad de Palma\u00bb.<\/p>\n","protected":false},"excerpt":{"rendered":"<p>El Sal\u00f3n Cava Premium llegar\u00e1 el 29 de junio al Mercado Gastron\u00f3mico San Juan de S&#8217;Escorxador (Palma) de la mano del Consejo Regulador del Cava, un evento dirigido a tiendas especializadas, restaurantes, sumilleres y medios de comunicaci\u00f3n que tiene como objetivo dar a conocer los Cavas Reserva y Gran Reserva. El presidente del Consejo Regulador<\/p>\n","protected":false},"author":1,"featured_media":40693,"comment_status":"open","ping_status":"closed","sticky":false,"template":"","format":"standard","meta":{"footnotes":""},"categories":[224],"tags":[],"class_list":{"0":"post-40692","1":"post","2":"type-post","3":"status-publish","4":"format-standard","5":"has-post-thumbnail","7":"category-noticias-actualidad"},"aioseo_notices":[],"aioseo_head":"\n\t\t<!-- All in One SEO Pro 4.9.6.1 - aioseo.com -->\n\t<meta name=\"description\" content=\"El Sal\u00f3n Cava Premium llegar\u00e1 el 29 de junio al Mercado Gastron\u00f3mico San Juan de S&#039;Escorxador (Palma) de la mano del Consejo Regulador del Cava, un evento dirigido a tiendas especializadas, restaurantes, sumilleres y medios de comunicaci\u00f3n que tiene como objetivo dar a conocer los Cavas Reserva y Gran Reserva. El presidente del Consejo Regulador\" \/>\n\t<meta name=\"robots\" content=\"max-image-preview:large\" \/>\n\t<meta name=\"author\" content=\"admin\"\/>\n\t<meta name=\"google-site-verification\" content=\"UA-38556648-1\" \/>\n\t<meta name=\"keywords\" content=\"noticias y actualidad\" \/>\n\t<link rel=\"canonical\" href=\"https:\/\/eldigitaldeasturias.com\/magazine365\/el-salon-cava-premium-llega-a-palma\/\" \/>\n\t<meta name=\"generator\" content=\"All in One SEO Pro (AIOSEO) 4.9.6.1\" \/>\n\t\t<meta property=\"og:locale\" content=\"es_ES\" \/>\n\t\t<meta property=\"og:site_name\" content=\"El Digital de Asturias \u2013 Revista de ocio, turismo y estilo de vida\" \/>\n\t\t<meta property=\"og:type\" content=\"article\" \/>\n\t\t<meta property=\"og:title\" content=\"El Sal\u00f3n Cava Premium llega a Palma | El Digital de Asturias\" \/>\n\t\t<meta property=\"og:description\" content=\"El Sal\u00f3n Cava Premium llegar\u00e1 el 29 de junio al Mercado Gastron\u00f3mico San Juan de S&#039;Escorxador (Palma) de la mano del Consejo Regulador del Cava, un evento dirigido a tiendas especializadas, restaurantes, sumilleres y medios de comunicaci\u00f3n que tiene como objetivo dar a conocer los Cavas Reserva y Gran Reserva. El presidente del Consejo Regulador\" \/>\n\t\t<meta property=\"og:url\" content=\"https:\/\/eldigitaldeasturias.com\/magazine365\/el-salon-cava-premium-llega-a-palma\/\" \/>\n\t\t<meta property=\"og:image\" content=\"https:\/\/eldigitaldeasturias.com\/magazine365\/wp-content\/uploads\/2015\/06\/fotonoticia_20150623115300_800.jpg\" \/>\n\t\t<meta property=\"og:image:secure_url\" content=\"https:\/\/eldigitaldeasturias.com\/magazine365\/wp-content\/uploads\/2015\/06\/fotonoticia_20150623115300_800.jpg\" \/>\n\t\t<meta property=\"og:image:width\" content=\"800\" \/>\n\t\t<meta property=\"og:image:height\" content=\"439\" \/>\n\t\t<meta property=\"article:published_time\" content=\"2015-06-24T03:21:47+00:00\" \/>\n\t\t<meta property=\"article:modified_time\" content=\"2015-06-24T03:21:47+00:00\" \/>\n\t\t<meta name=\"twitter:card\" content=\"summary_large_image\" \/>\n\t\t<meta name=\"twitter:title\" content=\"El Sal\u00f3n Cava Premium llega a Palma | El Digital de Asturias\" \/>\n\t\t<meta name=\"twitter:description\" content=\"El Sal\u00f3n Cava Premium llegar\u00e1 el 29 de junio al Mercado Gastron\u00f3mico San Juan de S&#039;Escorxador (Palma) de la mano del Consejo Regulador del Cava, un evento dirigido a tiendas especializadas, restaurantes, sumilleres y medios de comunicaci\u00f3n que tiene como objetivo dar a conocer los Cavas Reserva y Gran Reserva. El presidente del Consejo Regulador\" \/>\n\t\t<meta name=\"twitter:image\" content=\"https:\/\/eldigitaldeasturias.com\/magazine365\/wp-content\/uploads\/2015\/06\/fotonoticia_20150623115300_800.jpg\" \/>\n\t\t<script type=\"application\/ld+json\" class=\"aioseo-schema\">\n\t\t\t{\"@context\":\"https:\\\/\\\/schema.org\",\"@graph\":[{\"@type\":\"Article\",\"@id\":\"https:\\\/\\\/eldigitaldeasturias.com\\\/magazine365\\\/el-salon-cava-premium-llega-a-palma\\\/#article\",\"name\":\"El Sal\\u00f3n Cava Premium llega a Palma | El Digital de Asturias\",\"headline\":\"El Sal\\u00f3n Cava Premium llega a Palma\",\"author\":{\"@id\":\"https:\\\/\\\/eldigitaldeasturias.com\\\/magazine365\\\/author\\\/admin\\\/#author\"},\"publisher\":{\"@id\":\"https:\\\/\\\/eldigitaldeasturias.com\\\/magazine365\\\/#organization\"},\"image\":{\"@type\":\"ImageObject\",\"url\":\"https:\\\/\\\/eldigitaldeasturias.com\\\/magazine365\\\/wp-content\\\/uploads\\\/2015\\\/06\\\/fotonoticia_20150623115300_800.jpg\",\"width\":800,\"height\":439},\"datePublished\":\"2015-06-24T04:51:47+02:00\",\"dateModified\":\"2015-06-24T04:51:47+02:00\",\"inLanguage\":\"es-ES\",\"mainEntityOfPage\":{\"@id\":\"https:\\\/\\\/eldigitaldeasturias.com\\\/magazine365\\\/el-salon-cava-premium-llega-a-palma\\\/#webpage\"},\"isPartOf\":{\"@id\":\"https:\\\/\\\/eldigitaldeasturias.com\\\/magazine365\\\/el-salon-cava-premium-llega-a-palma\\\/#webpage\"},\"articleSection\":\"Noticias y Actualidad\"},{\"@type\":\"BreadcrumbList\",\"@id\":\"https:\\\/\\\/eldigitaldeasturias.com\\\/magazine365\\\/el-salon-cava-premium-llega-a-palma\\\/#breadcrumblist\",\"itemListElement\":[{\"@type\":\"ListItem\",\"@id\":\"https:\\\/\\\/eldigitaldeasturias.com\\\/magazine365#listItem\",\"position\":1,\"name\":\"Home\",\"item\":\"https:\\\/\\\/eldigitaldeasturias.com\\\/magazine365\",\"nextItem\":{\"@type\":\"ListItem\",\"@id\":\"https:\\\/\\\/eldigitaldeasturias.com\\\/magazine365\\\/category\\\/noticias-actualidad\\\/#listItem\",\"name\":\"Noticias y Actualidad\"}},{\"@type\":\"ListItem\",\"@id\":\"https:\\\/\\\/eldigitaldeasturias.com\\\/magazine365\\\/category\\\/noticias-actualidad\\\/#listItem\",\"position\":2,\"name\":\"Noticias y Actualidad\",\"item\":\"https:\\\/\\\/eldigitaldeasturias.com\\\/magazine365\\\/category\\\/noticias-actualidad\\\/\",\"nextItem\":{\"@type\":\"ListItem\",\"@id\":\"https:\\\/\\\/eldigitaldeasturias.com\\\/magazine365\\\/el-salon-cava-premium-llega-a-palma\\\/#listItem\",\"name\":\"El Sal\\u00f3n Cava Premium llega a Palma\"},\"previousItem\":{\"@type\":\"ListItem\",\"@id\":\"https:\\\/\\\/eldigitaldeasturias.com\\\/magazine365#listItem\",\"name\":\"Home\"}},{\"@type\":\"ListItem\",\"@id\":\"https:\\\/\\\/eldigitaldeasturias.com\\\/magazine365\\\/el-salon-cava-premium-llega-a-palma\\\/#listItem\",\"position\":3,\"name\":\"El Sal\\u00f3n Cava Premium llega a Palma\",\"previousItem\":{\"@type\":\"ListItem\",\"@id\":\"https:\\\/\\\/eldigitaldeasturias.com\\\/magazine365\\\/category\\\/noticias-actualidad\\\/#listItem\",\"name\":\"Noticias y Actualidad\"}}]},{\"@type\":\"Organization\",\"@id\":\"https:\\\/\\\/eldigitaldeasturias.com\\\/magazine365\\\/#organization\",\"name\":\"El digital de Asturias\",\"description\":\"Revista de ocio, turismo y estilo de vida\",\"url\":\"https:\\\/\\\/eldigitaldeasturias.com\\\/magazine365\\\/\",\"logo\":{\"@type\":\"ImageObject\",\"url\":\"https:\\\/\\\/www.eldigitaldeasturias.com\\\/noticias\\\/wp-content\\\/uploads\\\/2020\\\/12\\\/EDA.jpg\",\"@id\":\"https:\\\/\\\/eldigitaldeasturias.com\\\/magazine365\\\/el-salon-cava-premium-llega-a-palma\\\/#organizationLogo\"},\"image\":{\"@id\":\"https:\\\/\\\/eldigitaldeasturias.com\\\/magazine365\\\/el-salon-cava-premium-llega-a-palma\\\/#organizationLogo\"}},{\"@type\":\"Person\",\"@id\":\"https:\\\/\\\/eldigitaldeasturias.com\\\/magazine365\\\/author\\\/admin\\\/#author\",\"url\":\"https:\\\/\\\/eldigitaldeasturias.com\\\/magazine365\\\/author\\\/admin\\\/\",\"name\":\"admin\",\"image\":{\"@type\":\"ImageObject\",\"@id\":\"https:\\\/\\\/eldigitaldeasturias.com\\\/magazine365\\\/el-salon-cava-premium-llega-a-palma\\\/#authorImage\",\"url\":\"https:\\\/\\\/eldigitaldeasturias.com\\\/magazine365\\\/wp-content\\\/litespeed\\\/avatar\\\/e571bcf59a0edd6fa6838245a470f2fe.jpg?ver=1777574230\",\"width\":96,\"height\":96,\"caption\":\"admin\"}},{\"@type\":\"WebPage\",\"@id\":\"https:\\\/\\\/eldigitaldeasturias.com\\\/magazine365\\\/el-salon-cava-premium-llega-a-palma\\\/#webpage\",\"url\":\"https:\\\/\\\/eldigitaldeasturias.com\\\/magazine365\\\/el-salon-cava-premium-llega-a-palma\\\/\",\"name\":\"El Sal\\u00f3n Cava Premium llega a Palma | El Digital de Asturias\",\"description\":\"El Sal\\u00f3n Cava Premium llegar\\u00e1 el 29 de junio al Mercado Gastron\\u00f3mico San Juan de S'Escorxador (Palma) de la mano del Consejo Regulador del Cava, un evento dirigido a tiendas especializadas, restaurantes, sumilleres y medios de comunicaci\\u00f3n que tiene como objetivo dar a conocer los Cavas Reserva y Gran Reserva. El presidente del Consejo Regulador\",\"inLanguage\":\"es-ES\",\"isPartOf\":{\"@id\":\"https:\\\/\\\/eldigitaldeasturias.com\\\/magazine365\\\/#website\"},\"breadcrumb\":{\"@id\":\"https:\\\/\\\/eldigitaldeasturias.com\\\/magazine365\\\/el-salon-cava-premium-llega-a-palma\\\/#breadcrumblist\"},\"author\":{\"@id\":\"https:\\\/\\\/eldigitaldeasturias.com\\\/magazine365\\\/author\\\/admin\\\/#author\"},\"creator\":{\"@id\":\"https:\\\/\\\/eldigitaldeasturias.com\\\/magazine365\\\/author\\\/admin\\\/#author\"},\"image\":{\"@type\":\"ImageObject\",\"url\":\"https:\\\/\\\/eldigitaldeasturias.com\\\/magazine365\\\/wp-content\\\/uploads\\\/2015\\\/06\\\/fotonoticia_20150623115300_800.jpg\",\"@id\":\"https:\\\/\\\/eldigitaldeasturias.com\\\/magazine365\\\/el-salon-cava-premium-llega-a-palma\\\/#mainImage\",\"width\":800,\"height\":439},\"primaryImageOfPage\":{\"@id\":\"https:\\\/\\\/eldigitaldeasturias.com\\\/magazine365\\\/el-salon-cava-premium-llega-a-palma\\\/#mainImage\"},\"datePublished\":\"2015-06-24T04:51:47+02:00\",\"dateModified\":\"2015-06-24T04:51:47+02:00\"},{\"@type\":\"WebSite\",\"@id\":\"https:\\\/\\\/eldigitaldeasturias.com\\\/magazine365\\\/#website\",\"url\":\"https:\\\/\\\/eldigitaldeasturias.com\\\/magazine365\\\/\",\"name\":\"El Digital de Asturias\",\"description\":\"Revista de ocio, turismo y estilo de vida\",\"inLanguage\":\"es-ES\",\"publisher\":{\"@id\":\"https:\\\/\\\/eldigitaldeasturias.com\\\/magazine365\\\/#organization\"}}]}\n\t\t<\/script>\n\t\t<!-- All in One SEO Pro -->\r\n\t\t<title>El Sal\u00f3n Cava Premium llega a Palma | El Digital de Asturias<\/title>\n\n","aioseo_head_json":{"title":"El Sal\u00f3n Cava Premium llega a Palma | El Digital de Asturias","description":"El Sal\u00f3n Cava Premium llegar\u00e1 el 29 de junio al Mercado Gastron\u00f3mico San Juan de S'Escorxador (Palma) de la mano del Consejo Regulador del Cava, un evento dirigido a tiendas especializadas, restaurantes, sumilleres y medios de comunicaci\u00f3n que tiene como objetivo dar a conocer los Cavas Reserva y Gran Reserva. El presidente del Consejo Regulador","canonical_url":"https:\/\/eldigitaldeasturias.com\/magazine365\/el-salon-cava-premium-llega-a-palma\/","robots":"max-image-preview:large","keywords":"noticias y actualidad","webmasterTools":{"google-site-verification":"UA-38556648-1","miscellaneous":""},"schema":{"@context":"https:\/\/schema.org","@graph":[{"@type":"Article","@id":"https:\/\/eldigitaldeasturias.com\/magazine365\/el-salon-cava-premium-llega-a-palma\/#article","name":"El Sal\u00f3n Cava Premium llega a Palma | El Digital de Asturias","headline":"El Sal\u00f3n Cava Premium llega a Palma","author":{"@id":"https:\/\/eldigitaldeasturias.com\/magazine365\/author\/admin\/#author"},"publisher":{"@id":"https:\/\/eldigitaldeasturias.com\/magazine365\/#organization"},"image":{"@type":"ImageObject","url":"https:\/\/eldigitaldeasturias.com\/magazine365\/wp-content\/uploads\/2015\/06\/fotonoticia_20150623115300_800.jpg","width":800,"height":439},"datePublished":"2015-06-24T04:51:47+02:00","dateModified":"2015-06-24T04:51:47+02:00","inLanguage":"es-ES","mainEntityOfPage":{"@id":"https:\/\/eldigitaldeasturias.com\/magazine365\/el-salon-cava-premium-llega-a-palma\/#webpage"},"isPartOf":{"@id":"https:\/\/eldigitaldeasturias.com\/magazine365\/el-salon-cava-premium-llega-a-palma\/#webpage"},"articleSection":"Noticias y Actualidad"},{"@type":"BreadcrumbList","@id":"https:\/\/eldigitaldeasturias.com\/magazine365\/el-salon-cava-premium-llega-a-palma\/#breadcrumblist","itemListElement":[{"@type":"ListItem","@id":"https:\/\/eldigitaldeasturias.com\/magazine365#listItem","position":1,"name":"Home","item":"https:\/\/eldigitaldeasturias.com\/magazine365","nextItem":{"@type":"ListItem","@id":"https:\/\/eldigitaldeasturias.com\/magazine365\/category\/noticias-actualidad\/#listItem","name":"Noticias y Actualidad"}},{"@type":"ListItem","@id":"https:\/\/eldigitaldeasturias.com\/magazine365\/category\/noticias-actualidad\/#listItem","position":2,"name":"Noticias y Actualidad","item":"https:\/\/eldigitaldeasturias.com\/magazine365\/category\/noticias-actualidad\/","nextItem":{"@type":"ListItem","@id":"https:\/\/eldigitaldeasturias.com\/magazine365\/el-salon-cava-premium-llega-a-palma\/#listItem","name":"El Sal\u00f3n Cava Premium llega a Palma"},"previousItem":{"@type":"ListItem","@id":"https:\/\/eldigitaldeasturias.com\/magazine365#listItem","name":"Home"}},{"@type":"ListItem","@id":"https:\/\/eldigitaldeasturias.com\/magazine365\/el-salon-cava-premium-llega-a-palma\/#listItem","position":3,"name":"El Sal\u00f3n Cava Premium llega a Palma","previousItem":{"@type":"ListItem","@id":"https:\/\/eldigitaldeasturias.com\/magazine365\/category\/noticias-actualidad\/#listItem","name":"Noticias y Actualidad"}}]},{"@type":"Organization","@id":"https:\/\/eldigitaldeasturias.com\/magazine365\/#organization","name":"El digital de Asturias","description":"Revista de ocio, turismo y estilo de vida","url":"https:\/\/eldigitaldeasturias.com\/magazine365\/","logo":{"@type":"ImageObject","url":"https:\/\/www.eldigitaldeasturias.com\/noticias\/wp-content\/uploads\/2020\/12\/EDA.jpg","@id":"https:\/\/eldigitaldeasturias.com\/magazine365\/el-salon-cava-premium-llega-a-palma\/#organizationLogo"},"image":{"@id":"https:\/\/eldigitaldeasturias.com\/magazine365\/el-salon-cava-premium-llega-a-palma\/#organizationLogo"}},{"@type":"Person","@id":"https:\/\/eldigitaldeasturias.com\/magazine365\/author\/admin\/#author","url":"https:\/\/eldigitaldeasturias.com\/magazine365\/author\/admin\/","name":"admin","image":{"@type":"ImageObject","@id":"https:\/\/eldigitaldeasturias.com\/magazine365\/el-salon-cava-premium-llega-a-palma\/#authorImage","url":"https:\/\/eldigitaldeasturias.com\/magazine365\/wp-content\/litespeed\/avatar\/e571bcf59a0edd6fa6838245a470f2fe.jpg?ver=1777574230","width":96,"height":96,"caption":"admin"}},{"@type":"WebPage","@id":"https:\/\/eldigitaldeasturias.com\/magazine365\/el-salon-cava-premium-llega-a-palma\/#webpage","url":"https:\/\/eldigitaldeasturias.com\/magazine365\/el-salon-cava-premium-llega-a-palma\/","name":"El Sal\u00f3n Cava Premium llega a Palma | El Digital de Asturias","description":"El Sal\u00f3n Cava Premium llegar\u00e1 el 29 de junio al Mercado Gastron\u00f3mico San Juan de S'Escorxador (Palma) de la mano del Consejo Regulador del Cava, un evento dirigido a tiendas especializadas, restaurantes, sumilleres y medios de comunicaci\u00f3n que tiene como objetivo dar a conocer los Cavas Reserva y Gran Reserva. El presidente del Consejo Regulador","inLanguage":"es-ES","isPartOf":{"@id":"https:\/\/eldigitaldeasturias.com\/magazine365\/#website"},"breadcrumb":{"@id":"https:\/\/eldigitaldeasturias.com\/magazine365\/el-salon-cava-premium-llega-a-palma\/#breadcrumblist"},"author":{"@id":"https:\/\/eldigitaldeasturias.com\/magazine365\/author\/admin\/#author"},"creator":{"@id":"https:\/\/eldigitaldeasturias.com\/magazine365\/author\/admin\/#author"},"image":{"@type":"ImageObject","url":"https:\/\/eldigitaldeasturias.com\/magazine365\/wp-content\/uploads\/2015\/06\/fotonoticia_20150623115300_800.jpg","@id":"https:\/\/eldigitaldeasturias.com\/magazine365\/el-salon-cava-premium-llega-a-palma\/#mainImage","width":800,"height":439},"primaryImageOfPage":{"@id":"https:\/\/eldigitaldeasturias.com\/magazine365\/el-salon-cava-premium-llega-a-palma\/#mainImage"},"datePublished":"2015-06-24T04:51:47+02:00","dateModified":"2015-06-24T04:51:47+02:00"},{"@type":"WebSite","@id":"https:\/\/eldigitaldeasturias.com\/magazine365\/#website","url":"https:\/\/eldigitaldeasturias.com\/magazine365\/","name":"El Digital de Asturias","description":"Revista de ocio, turismo y estilo de vida","inLanguage":"es-ES","publisher":{"@id":"https:\/\/eldigitaldeasturias.com\/magazine365\/#organization"}}]},"og:locale":"es_ES","og:site_name":"El Digital de Asturias \u2013 Revista de ocio, turismo y estilo de vida","og:type":"article","og:title":"El Sal\u00f3n Cava Premium llega a Palma | El Digital de Asturias","og:description":"El Sal\u00f3n Cava Premium llegar\u00e1 el 29 de junio al Mercado Gastron\u00f3mico San Juan de S'Escorxador (Palma) de la mano del Consejo Regulador del Cava, un evento dirigido a tiendas especializadas, restaurantes, sumilleres y medios de comunicaci\u00f3n que tiene como objetivo dar a conocer los Cavas Reserva y Gran Reserva. El presidente del Consejo Regulador","og:url":"https:\/\/eldigitaldeasturias.com\/magazine365\/el-salon-cava-premium-llega-a-palma\/","og:image":"https:\/\/eldigitaldeasturias.com\/magazine365\/wp-content\/uploads\/2015\/06\/fotonoticia_20150623115300_800.jpg","og:image:secure_url":"https:\/\/eldigitaldeasturias.com\/magazine365\/wp-content\/uploads\/2015\/06\/fotonoticia_20150623115300_800.jpg","og:image:width":800,"og:image:height":439,"article:published_time":"2015-06-24T03:21:47+00:00","article:modified_time":"2015-06-24T03:21:47+00:00","twitter:card":"summary_large_image","twitter:title":"El Sal\u00f3n Cava Premium llega a Palma | El Digital de Asturias","twitter:description":"El Sal\u00f3n Cava Premium llegar\u00e1 el 29 de junio al Mercado Gastron\u00f3mico San Juan de S'Escorxador (Palma) de la mano del Consejo Regulador del Cava, un evento dirigido a tiendas especializadas, restaurantes, sumilleres y medios de comunicaci\u00f3n que tiene como objetivo dar a conocer los Cavas Reserva y Gran Reserva. El presidente del Consejo Regulador","twitter:image":"https:\/\/eldigitaldeasturias.com\/magazine365\/wp-content\/uploads\/2015\/06\/fotonoticia_20150623115300_800.jpg"},"aioseo_meta_data":{"post_id":"40692","title":null,"description":null,"keywords":null,"keyphrases":null,"primary_term":null,"canonical_url":null,"og_title":null,"og_description":null,"og_object_type":"default","og_image_type":"default","og_image_url":null,"og_image_width":null,"og_image_height":null,"og_image_custom_url":null,"og_image_custom_fields":null,"og_video":null,"og_custom_url":null,"og_article_section":null,"og_article_tags":null,"twitter_use_og":false,"twitter_card":"default","twitter_image_type":"default","twitter_image_url":null,"twitter_image_custom_url":null,"twitter_image_custom_fields":null,"twitter_title":null,"twitter_description":null,"schema":{"blockGraphs":[],"customGraphs":[],"default":{"data":{"Article":[],"Course":[],"Dataset":[],"FAQPage":[],"Movie":[],"Person":[],"Product":[],"ProductReview":[],"Car":[],"Recipe":[],"Service":[],"SoftwareApplication":[],"WebPage":[]},"graphName":"","isEnabled":true},"graphs":[],"defaultGraph":"","defaultPostTypeGraph":""},"schema_type":null,"schema_type_options":null,"pillar_content":false,"robots_default":true,"robots_noindex":false,"robots_noarchive":false,"robots_nosnippet":false,"robots_nofollow":false,"robots_noimageindex":false,"robots_noodp":false,"robots_notranslate":false,"robots_max_snippet":null,"robots_max_videopreview":null,"robots_max_imagepreview":"large","priority":null,"frequency":null,"location":null,"local_seo":null,"seo_analyzer_scan_date":"2025-09-19 14:06:45","breadcrumb_settings":null,"limit_modified_date":false,"open_ai":null,"ai":null,"created":"2021-03-09 02:25:04","updated":"2025-09-19 14:06:45"},"aioseo_breadcrumb":"<div class=\"aioseo-breadcrumbs\"><span class=\"aioseo-breadcrumb\">\n\t<a href=\"https:\/\/eldigitaldeasturias.com\/magazine365\" title=\"Home\">Home<\/a>\n<\/span><span class=\"aioseo-breadcrumb-separator\">\u2013<\/span><span class=\"aioseo-breadcrumb\">\n\t<a href=\"https:\/\/eldigitaldeasturias.com\/magazine365\/category\/noticias-actualidad\/\" title=\"Noticias y Actualidad\">Noticias y Actualidad<\/a>\n<\/span><span class=\"aioseo-breadcrumb-separator\">\u2013<\/span><span class=\"aioseo-breadcrumb\">\n\t<a href=\"https:\/\/eldigitaldeasturias.com\/magazine365\/el-salon-cava-premium-llega-a-palma\/\" title=\"El Sal\u00f3n Cava Premium llega a Palma\">El Sal\u00f3n Cava Premium llega a Palma<\/a>\n<\/span><\/div>","aioseo_breadcrumb_json":[{"label":"Home","link":"https:\/\/eldigitaldeasturias.com\/magazine365"},{"label":"Noticias y Actualidad","link":"https:\/\/eldigitaldeasturias.com\/magazine365\/category\/noticias-actualidad\/"},{"label":"El Sal\u00f3n Cava Premium llega a Palma","link":"https:\/\/eldigitaldeasturias.com\/magazine365\/el-salon-cava-premium-llega-a-palma\/"}],"_links":{"self":[{"href":"https:\/\/eldigitaldeasturias.com\/magazine365\/wp-json\/wp\/v2\/posts\/40692","targetHints":{"allow":["GET"]}}],"collection":[{"href":"https:\/\/eldigitaldeasturias.com\/magazine365\/wp-json\/wp\/v2\/posts"}],"about":[{"href":"https:\/\/eldigitaldeasturias.com\/magazine365\/wp-json\/wp\/v2\/types\/post"}],"author":[{"embeddable":true,"href":"https:\/\/eldigitaldeasturias.com\/magazine365\/wp-json\/wp\/v2\/users\/1"}],"replies":[{"embeddable":true,"href":"https:\/\/eldigitaldeasturias.com\/magazine365\/wp-json\/wp\/v2\/comments?post=40692"}],"version-history":[{"count":0,"href":"https:\/\/eldigitaldeasturias.com\/magazine365\/wp-json\/wp\/v2\/posts\/40692\/revisions"}],"wp:featuredmedia":[{"embeddable":true,"href":"https:\/\/eldigitaldeasturias.com\/magazine365\/wp-json\/wp\/v2\/media\/40693"}],"wp:attachment":[{"href":"https:\/\/eldigitaldeasturias.com\/magazine365\/wp-json\/wp\/v2\/media?parent=40692"}],"wp:term":[{"taxonomy":"category","embeddable":true,"href":"https:\/\/eldigitaldeasturias.com\/magazine365\/wp-json\/wp\/v2\/categories?post=40692"},{"taxonomy":"post_tag","embeddable":true,"href":"https:\/\/eldigitaldeasturias.com\/magazine365\/wp-json\/wp\/v2\/tags?post=40692"}],"curies":[{"name":"wp","href":"https:\/\/api.w.org\/{rel}","templated":true}]}}