{"id":40689,"date":"2015-06-24T04:49:52","date_gmt":"2015-06-24T03:19:52","guid":{"rendered":"http:\/\/eldigitaldeasturias.com\/magazine365\/?p=40689"},"modified":"2015-06-24T04:49:52","modified_gmt":"2015-06-24T03:19:52","slug":"grecia-aplicara-un-iva-del-13-en-los-hoteles","status":"publish","type":"post","link":"https:\/\/eldigitaldeasturias.com\/magazine365\/grecia-aplicara-un-iva-del-13-en-los-hoteles\/","title":{"rendered":"Grecia aplicar\u00e1 un IVA del 13% en los hoteles"},"content":{"rendered":"<p><img fetchpriority=\"high\" decoding=\"async\" class=\"alignleft size-medium wp-image-40690\" src=\"https:\/\/eldigitaldeasturias.com\/magazine365\/wp-content\/uploads\/2015\/06\/fotonoticia_20150623115104_800-360x239.jpg\" alt=\"fotonoticia_20150623115104_800\" width=\"360\" height=\"239\" srcset=\"https:\/\/eldigitaldeasturias.com\/magazine365\/wp-content\/uploads\/2015\/06\/fotonoticia_20150623115104_800-360x239.jpg 360w, https:\/\/eldigitaldeasturias.com\/magazine365\/wp-content\/uploads\/2015\/06\/fotonoticia_20150623115104_800-650x432.jpg 650w, https:\/\/eldigitaldeasturias.com\/magazine365\/wp-content\/uploads\/2015\/06\/fotonoticia_20150623115104_800-768x511.jpg 768w, https:\/\/eldigitaldeasturias.com\/magazine365\/wp-content\/uploads\/2015\/06\/fotonoticia_20150623115104_800-150x100.jpg 150w, https:\/\/eldigitaldeasturias.com\/magazine365\/wp-content\/uploads\/2015\/06\/fotonoticia_20150623115104_800-450x299.jpg 450w, https:\/\/eldigitaldeasturias.com\/magazine365\/wp-content\/uploads\/2015\/06\/fotonoticia_20150623115104_800-696x463.jpg 696w, https:\/\/eldigitaldeasturias.com\/magazine365\/wp-content\/uploads\/2015\/06\/fotonoticia_20150623115104_800-632x420.jpg 632w, https:\/\/eldigitaldeasturias.com\/magazine365\/wp-content\/uploads\/2015\/06\/fotonoticia_20150623115104_800-84x55.jpg 84w, https:\/\/eldigitaldeasturias.com\/magazine365\/wp-content\/uploads\/2015\/06\/fotonoticia_20150623115104_800.jpg 800w\" sizes=\"(max-width: 360px) 100vw, 360px\" \/>El primer ministro griego, Alexis Tsipras, ha ofrecido nuevas concesiones a sus acreedores en pensiones y subida del IVA, dos de sus l\u00edneas rojas hasta ahora, para lograr un acuerdo que permita desbloquear el rescate y evitar la suspensi\u00f3n de pagos y la salida de Grecia del euro.<\/p>\n<p>En cuanto al IVA, Grecia se compromete a aplicar a la mayor\u00eda de productos el tipo general del 23%. El tipo reducido del 13% se limitar\u00e1 \u00fanicamente a la energ\u00eda, los alimentos b\u00e1sicos y los hoteles, mientras que habr\u00e1 un tipo superreducido del 6% para suministros m\u00e9dicos y libros.<\/p>\n<p>El Gobierno de Syriza acepta retrasar la edad de jubilaci\u00f3n hasta los 67 a\u00f1os y penalizar las prejubilaciones, as\u00ed como aumentar las contribuciones sociales, seg\u00fan figura en la \u00faltima propuesta remitida a la troika.<\/p>\n<p>En total, Atenas prev\u00e9 generar unos ingresos adicionales del 0,38% del PIB este a\u00f1o y del 0,74% del PIB en 2016 con el aumento del IVA y del 0,37% y del 1,05%, respectivamente, con la reforma de las pensiones.<\/p>\n<p>Adem\u00e1s, Tsipras plantea aumentar el impuesto de sociedades del 26% al 29%, aplicar una tasa extra del 12% a los beneficios empresariales superiores a medio mill\u00f3n de euros, recortar ligeramente el presupuesto de defensa el a\u00f1o que viene y aumentar el impuesto al lujo incluyendo los yates privados.<\/p>\n<p>En total, la \u00faltima oferta de Grecia generar\u00eda ingresos adicionales del 1,51% del PIB este a\u00f1o y del 2,87% del PIB en 2016. La delegaci\u00f3n helena sostiene que estas medidas son suficientes para cumplir los nuevos objetivos de super\u00e1vit primario -descontando intereses- que ha fijado la troika: el 1% del PIB en 2015, el 2% en 2016 y el 3% en 2017.<\/p>\n<p>EL SECTOR RECLAMABA UN ACUERDO EN PLENO VERANO.<\/p>\n<p>La Agrupaci\u00f3n Europea de Asociaciones Nacionales de Agencias de Viajes (ECTAA) hab\u00eda pedido a las partes que negociaban el futuro de Grecia en la Uni\u00f3n Europea que concretaran \u00abcuanto antes\u00bb el IVA tur\u00edstico del pa\u00eds heleno, para que touropradores y hoteleros pudieran planificar con antelaci\u00f3n la temporada y firmar sus contratos para 2016.<\/p>\n<p>El sector del turismo contribuy\u00f3 con 14.000 millones de euros en ingresos directos en 2014 a Grecia y, junto con el transporte a\u00e9reo, el mar\u00edtimo y el turismo dom\u00e9stico, esta cifra se eleva hasta los 17.100 millones de euros.<\/p>\n<p>La contribuci\u00f3n total, directa e indirecta, del turismo a la econom\u00eda real es de entre un 20,5% y un 24,7% del PIB, seg\u00fan datos provisionales, lo que equivale a unos 37.600 a 45.300 millones de euros.<\/p>\n<p>Los ingresos recibidos por el turismo en Grecia repuntaron un 12,8% m\u00e1s en el primer trimestre del a\u00f1o, hasta los 532 millones de euros. El n\u00famero de visitantes ha aumentado un 45,6% en comparaci\u00f3n con el primer trimestre de 2014, hasta los 1,7 millones de turistas.<\/p>\n<p>La agrupaci\u00f3n asegura que los tipos de IVA medio para los servicios tur\u00edsticos que se aplican en el sur de Europa oscilan entre el 4% y el 8%, por lo que una subida del gravamen por encima de esos niveles podr\u00eda dejar a Grecia \u00abfuera de los mercados tur\u00edsticos competitivos\u00bb.<\/p>\n","protected":false},"excerpt":{"rendered":"<p>El primer ministro griego, Alexis Tsipras, ha ofrecido nuevas concesiones a sus acreedores en pensiones y subida del IVA, dos de sus l\u00edneas rojas hasta ahora, para lograr un acuerdo que permita desbloquear el rescate y evitar la suspensi\u00f3n de pagos y la salida de Grecia del euro. En cuanto al IVA, Grecia se compromete<\/p>\n","protected":false},"author":1,"featured_media":40690,"comment_status":"open","ping_status":"closed","sticky":false,"template":"","format":"standard","meta":{"footnotes":""},"categories":[222],"tags":[],"class_list":{"0":"post-40689","1":"post","2":"type-post","3":"status-publish","4":"format-standard","5":"has-post-thumbnail","7":"category-actualidad-turismo"},"aioseo_notices":[],"aioseo_head":"\n\t\t<!-- All in One SEO Pro 4.9.6.1 - aioseo.com -->\n\t<meta name=\"description\" content=\"El primer ministro griego, Alexis Tsipras, ha ofrecido nuevas concesiones a sus acreedores en pensiones y subida del IVA, dos de sus l\u00edneas rojas hasta ahora, para lograr un acuerdo que permita desbloquear el rescate y evitar la suspensi\u00f3n de pagos y la salida de Grecia del euro. En cuanto al IVA, Grecia se compromete\" \/>\n\t<meta name=\"robots\" content=\"max-image-preview:large\" \/>\n\t<meta name=\"author\" content=\"admin\"\/>\n\t<meta name=\"google-site-verification\" content=\"UA-38556648-1\" \/>\n\t<meta name=\"keywords\" content=\"actualidad turismo\" \/>\n\t<link rel=\"canonical\" href=\"https:\/\/eldigitaldeasturias.com\/magazine365\/grecia-aplicara-un-iva-del-13-en-los-hoteles\/\" \/>\n\t<meta name=\"generator\" content=\"All in One SEO Pro (AIOSEO) 4.9.6.1\" \/>\n\t\t<meta property=\"og:locale\" content=\"es_ES\" \/>\n\t\t<meta property=\"og:site_name\" content=\"El Digital de Asturias \u2013 Revista de ocio, turismo y estilo de vida\" \/>\n\t\t<meta property=\"og:type\" content=\"article\" \/>\n\t\t<meta property=\"og:title\" content=\"Grecia aplicar\u00e1 un IVA del 13% en los hoteles | El Digital de Asturias\" \/>\n\t\t<meta property=\"og:description\" content=\"El primer ministro griego, Alexis Tsipras, ha ofrecido nuevas concesiones a sus acreedores en pensiones y subida del IVA, dos de sus l\u00edneas rojas hasta ahora, para lograr un acuerdo que permita desbloquear el rescate y evitar la suspensi\u00f3n de pagos y la salida de Grecia del euro. En cuanto al IVA, Grecia se compromete\" \/>\n\t\t<meta property=\"og:url\" content=\"https:\/\/eldigitaldeasturias.com\/magazine365\/grecia-aplicara-un-iva-del-13-en-los-hoteles\/\" \/>\n\t\t<meta property=\"og:image\" content=\"https:\/\/eldigitaldeasturias.com\/magazine365\/wp-content\/uploads\/2015\/06\/fotonoticia_20150623115104_800.jpg\" \/>\n\t\t<meta property=\"og:image:secure_url\" content=\"https:\/\/eldigitaldeasturias.com\/magazine365\/wp-content\/uploads\/2015\/06\/fotonoticia_20150623115104_800.jpg\" \/>\n\t\t<meta property=\"og:image:width\" content=\"800\" \/>\n\t\t<meta property=\"og:image:height\" content=\"532\" \/>\n\t\t<meta property=\"article:published_time\" content=\"2015-06-24T03:19:52+00:00\" \/>\n\t\t<meta property=\"article:modified_time\" content=\"2015-06-24T03:19:52+00:00\" \/>\n\t\t<meta name=\"twitter:card\" content=\"summary_large_image\" \/>\n\t\t<meta name=\"twitter:title\" content=\"Grecia aplicar\u00e1 un IVA del 13% en los hoteles | El Digital de Asturias\" \/>\n\t\t<meta name=\"twitter:description\" content=\"El primer ministro griego, Alexis Tsipras, ha ofrecido nuevas concesiones a sus acreedores en pensiones y subida del IVA, dos de sus l\u00edneas rojas hasta ahora, para lograr un acuerdo que permita desbloquear el rescate y evitar la suspensi\u00f3n de pagos y la salida de Grecia del euro. En cuanto al IVA, Grecia se compromete\" \/>\n\t\t<meta name=\"twitter:image\" content=\"https:\/\/eldigitaldeasturias.com\/magazine365\/wp-content\/uploads\/2015\/06\/fotonoticia_20150623115104_800.jpg\" \/>\n\t\t<script type=\"application\/ld+json\" class=\"aioseo-schema\">\n\t\t\t{\"@context\":\"https:\\\/\\\/schema.org\",\"@graph\":[{\"@type\":\"Article\",\"@id\":\"https:\\\/\\\/eldigitaldeasturias.com\\\/magazine365\\\/grecia-aplicara-un-iva-del-13-en-los-hoteles\\\/#article\",\"name\":\"Grecia aplicar\\u00e1 un IVA del 13% en los hoteles | El Digital de Asturias\",\"headline\":\"Grecia aplicar\\u00e1 un IVA del 13% en los hoteles\",\"author\":{\"@id\":\"https:\\\/\\\/eldigitaldeasturias.com\\\/magazine365\\\/author\\\/admin\\\/#author\"},\"publisher\":{\"@id\":\"https:\\\/\\\/eldigitaldeasturias.com\\\/magazine365\\\/#organization\"},\"image\":{\"@type\":\"ImageObject\",\"url\":\"https:\\\/\\\/eldigitaldeasturias.com\\\/magazine365\\\/wp-content\\\/uploads\\\/2015\\\/06\\\/fotonoticia_20150623115104_800.jpg\",\"width\":800,\"height\":532},\"datePublished\":\"2015-06-24T04:49:52+02:00\",\"dateModified\":\"2015-06-24T04:49:52+02:00\",\"inLanguage\":\"es-ES\",\"mainEntityOfPage\":{\"@id\":\"https:\\\/\\\/eldigitaldeasturias.com\\\/magazine365\\\/grecia-aplicara-un-iva-del-13-en-los-hoteles\\\/#webpage\"},\"isPartOf\":{\"@id\":\"https:\\\/\\\/eldigitaldeasturias.com\\\/magazine365\\\/grecia-aplicara-un-iva-del-13-en-los-hoteles\\\/#webpage\"},\"articleSection\":\"Actualidad Turismo\"},{\"@type\":\"BreadcrumbList\",\"@id\":\"https:\\\/\\\/eldigitaldeasturias.com\\\/magazine365\\\/grecia-aplicara-un-iva-del-13-en-los-hoteles\\\/#breadcrumblist\",\"itemListElement\":[{\"@type\":\"ListItem\",\"@id\":\"https:\\\/\\\/eldigitaldeasturias.com\\\/magazine365#listItem\",\"position\":1,\"name\":\"Home\",\"item\":\"https:\\\/\\\/eldigitaldeasturias.com\\\/magazine365\",\"nextItem\":{\"@type\":\"ListItem\",\"@id\":\"https:\\\/\\\/eldigitaldeasturias.com\\\/magazine365\\\/category\\\/actualidad-turismo\\\/#listItem\",\"name\":\"Actualidad Turismo\"}},{\"@type\":\"ListItem\",\"@id\":\"https:\\\/\\\/eldigitaldeasturias.com\\\/magazine365\\\/category\\\/actualidad-turismo\\\/#listItem\",\"position\":2,\"name\":\"Actualidad Turismo\",\"item\":\"https:\\\/\\\/eldigitaldeasturias.com\\\/magazine365\\\/category\\\/actualidad-turismo\\\/\",\"nextItem\":{\"@type\":\"ListItem\",\"@id\":\"https:\\\/\\\/eldigitaldeasturias.com\\\/magazine365\\\/grecia-aplicara-un-iva-del-13-en-los-hoteles\\\/#listItem\",\"name\":\"Grecia aplicar\\u00e1 un IVA del 13% en los hoteles\"},\"previousItem\":{\"@type\":\"ListItem\",\"@id\":\"https:\\\/\\\/eldigitaldeasturias.com\\\/magazine365#listItem\",\"name\":\"Home\"}},{\"@type\":\"ListItem\",\"@id\":\"https:\\\/\\\/eldigitaldeasturias.com\\\/magazine365\\\/grecia-aplicara-un-iva-del-13-en-los-hoteles\\\/#listItem\",\"position\":3,\"name\":\"Grecia aplicar\\u00e1 un IVA del 13% en los hoteles\",\"previousItem\":{\"@type\":\"ListItem\",\"@id\":\"https:\\\/\\\/eldigitaldeasturias.com\\\/magazine365\\\/category\\\/actualidad-turismo\\\/#listItem\",\"name\":\"Actualidad Turismo\"}}]},{\"@type\":\"Organization\",\"@id\":\"https:\\\/\\\/eldigitaldeasturias.com\\\/magazine365\\\/#organization\",\"name\":\"El digital de Asturias\",\"description\":\"Revista de ocio, turismo y estilo de vida\",\"url\":\"https:\\\/\\\/eldigitaldeasturias.com\\\/magazine365\\\/\",\"logo\":{\"@type\":\"ImageObject\",\"url\":\"https:\\\/\\\/www.eldigitaldeasturias.com\\\/noticias\\\/wp-content\\\/uploads\\\/2020\\\/12\\\/EDA.jpg\",\"@id\":\"https:\\\/\\\/eldigitaldeasturias.com\\\/magazine365\\\/grecia-aplicara-un-iva-del-13-en-los-hoteles\\\/#organizationLogo\"},\"image\":{\"@id\":\"https:\\\/\\\/eldigitaldeasturias.com\\\/magazine365\\\/grecia-aplicara-un-iva-del-13-en-los-hoteles\\\/#organizationLogo\"}},{\"@type\":\"Person\",\"@id\":\"https:\\\/\\\/eldigitaldeasturias.com\\\/magazine365\\\/author\\\/admin\\\/#author\",\"url\":\"https:\\\/\\\/eldigitaldeasturias.com\\\/magazine365\\\/author\\\/admin\\\/\",\"name\":\"admin\",\"image\":{\"@type\":\"ImageObject\",\"@id\":\"https:\\\/\\\/eldigitaldeasturias.com\\\/magazine365\\\/grecia-aplicara-un-iva-del-13-en-los-hoteles\\\/#authorImage\",\"url\":\"https:\\\/\\\/eldigitaldeasturias.com\\\/magazine365\\\/wp-content\\\/litespeed\\\/avatar\\\/e571bcf59a0edd6fa6838245a470f2fe.jpg?ver=1777574230\",\"width\":96,\"height\":96,\"caption\":\"admin\"}},{\"@type\":\"WebPage\",\"@id\":\"https:\\\/\\\/eldigitaldeasturias.com\\\/magazine365\\\/grecia-aplicara-un-iva-del-13-en-los-hoteles\\\/#webpage\",\"url\":\"https:\\\/\\\/eldigitaldeasturias.com\\\/magazine365\\\/grecia-aplicara-un-iva-del-13-en-los-hoteles\\\/\",\"name\":\"Grecia aplicar\\u00e1 un IVA del 13% en los hoteles | El Digital de Asturias\",\"description\":\"El primer ministro griego, Alexis Tsipras, ha ofrecido nuevas concesiones a sus acreedores en pensiones y subida del IVA, dos de sus l\\u00edneas rojas hasta ahora, para lograr un acuerdo que permita desbloquear el rescate y evitar la suspensi\\u00f3n de pagos y la salida de Grecia del euro. En cuanto al IVA, Grecia se compromete\",\"inLanguage\":\"es-ES\",\"isPartOf\":{\"@id\":\"https:\\\/\\\/eldigitaldeasturias.com\\\/magazine365\\\/#website\"},\"breadcrumb\":{\"@id\":\"https:\\\/\\\/eldigitaldeasturias.com\\\/magazine365\\\/grecia-aplicara-un-iva-del-13-en-los-hoteles\\\/#breadcrumblist\"},\"author\":{\"@id\":\"https:\\\/\\\/eldigitaldeasturias.com\\\/magazine365\\\/author\\\/admin\\\/#author\"},\"creator\":{\"@id\":\"https:\\\/\\\/eldigitaldeasturias.com\\\/magazine365\\\/author\\\/admin\\\/#author\"},\"image\":{\"@type\":\"ImageObject\",\"url\":\"https:\\\/\\\/eldigitaldeasturias.com\\\/magazine365\\\/wp-content\\\/uploads\\\/2015\\\/06\\\/fotonoticia_20150623115104_800.jpg\",\"@id\":\"https:\\\/\\\/eldigitaldeasturias.com\\\/magazine365\\\/grecia-aplicara-un-iva-del-13-en-los-hoteles\\\/#mainImage\",\"width\":800,\"height\":532},\"primaryImageOfPage\":{\"@id\":\"https:\\\/\\\/eldigitaldeasturias.com\\\/magazine365\\\/grecia-aplicara-un-iva-del-13-en-los-hoteles\\\/#mainImage\"},\"datePublished\":\"2015-06-24T04:49:52+02:00\",\"dateModified\":\"2015-06-24T04:49:52+02:00\"},{\"@type\":\"WebSite\",\"@id\":\"https:\\\/\\\/eldigitaldeasturias.com\\\/magazine365\\\/#website\",\"url\":\"https:\\\/\\\/eldigitaldeasturias.com\\\/magazine365\\\/\",\"name\":\"El Digital de Asturias\",\"description\":\"Revista de ocio, turismo y estilo de vida\",\"inLanguage\":\"es-ES\",\"publisher\":{\"@id\":\"https:\\\/\\\/eldigitaldeasturias.com\\\/magazine365\\\/#organization\"}}]}\n\t\t<\/script>\n\t\t<!-- All in One SEO Pro -->\r\n\t\t<title>Grecia aplicar\u00e1 un IVA del 13% en los hoteles | El Digital de Asturias<\/title>\n\n","aioseo_head_json":{"title":"Grecia aplicar\u00e1 un IVA del 13% en los hoteles | El Digital de Asturias","description":"El primer ministro griego, Alexis Tsipras, ha ofrecido nuevas concesiones a sus acreedores en pensiones y subida del IVA, dos de sus l\u00edneas rojas hasta ahora, para lograr un acuerdo que permita desbloquear el rescate y evitar la suspensi\u00f3n de pagos y la salida de Grecia del euro. En cuanto al IVA, Grecia se compromete","canonical_url":"https:\/\/eldigitaldeasturias.com\/magazine365\/grecia-aplicara-un-iva-del-13-en-los-hoteles\/","robots":"max-image-preview:large","keywords":"actualidad turismo","webmasterTools":{"google-site-verification":"UA-38556648-1","miscellaneous":""},"schema":{"@context":"https:\/\/schema.org","@graph":[{"@type":"Article","@id":"https:\/\/eldigitaldeasturias.com\/magazine365\/grecia-aplicara-un-iva-del-13-en-los-hoteles\/#article","name":"Grecia aplicar\u00e1 un IVA del 13% en los hoteles | El Digital de Asturias","headline":"Grecia aplicar\u00e1 un IVA del 13% en los hoteles","author":{"@id":"https:\/\/eldigitaldeasturias.com\/magazine365\/author\/admin\/#author"},"publisher":{"@id":"https:\/\/eldigitaldeasturias.com\/magazine365\/#organization"},"image":{"@type":"ImageObject","url":"https:\/\/eldigitaldeasturias.com\/magazine365\/wp-content\/uploads\/2015\/06\/fotonoticia_20150623115104_800.jpg","width":800,"height":532},"datePublished":"2015-06-24T04:49:52+02:00","dateModified":"2015-06-24T04:49:52+02:00","inLanguage":"es-ES","mainEntityOfPage":{"@id":"https:\/\/eldigitaldeasturias.com\/magazine365\/grecia-aplicara-un-iva-del-13-en-los-hoteles\/#webpage"},"isPartOf":{"@id":"https:\/\/eldigitaldeasturias.com\/magazine365\/grecia-aplicara-un-iva-del-13-en-los-hoteles\/#webpage"},"articleSection":"Actualidad Turismo"},{"@type":"BreadcrumbList","@id":"https:\/\/eldigitaldeasturias.com\/magazine365\/grecia-aplicara-un-iva-del-13-en-los-hoteles\/#breadcrumblist","itemListElement":[{"@type":"ListItem","@id":"https:\/\/eldigitaldeasturias.com\/magazine365#listItem","position":1,"name":"Home","item":"https:\/\/eldigitaldeasturias.com\/magazine365","nextItem":{"@type":"ListItem","@id":"https:\/\/eldigitaldeasturias.com\/magazine365\/category\/actualidad-turismo\/#listItem","name":"Actualidad Turismo"}},{"@type":"ListItem","@id":"https:\/\/eldigitaldeasturias.com\/magazine365\/category\/actualidad-turismo\/#listItem","position":2,"name":"Actualidad Turismo","item":"https:\/\/eldigitaldeasturias.com\/magazine365\/category\/actualidad-turismo\/","nextItem":{"@type":"ListItem","@id":"https:\/\/eldigitaldeasturias.com\/magazine365\/grecia-aplicara-un-iva-del-13-en-los-hoteles\/#listItem","name":"Grecia aplicar\u00e1 un IVA del 13% en los hoteles"},"previousItem":{"@type":"ListItem","@id":"https:\/\/eldigitaldeasturias.com\/magazine365#listItem","name":"Home"}},{"@type":"ListItem","@id":"https:\/\/eldigitaldeasturias.com\/magazine365\/grecia-aplicara-un-iva-del-13-en-los-hoteles\/#listItem","position":3,"name":"Grecia aplicar\u00e1 un IVA del 13% en los hoteles","previousItem":{"@type":"ListItem","@id":"https:\/\/eldigitaldeasturias.com\/magazine365\/category\/actualidad-turismo\/#listItem","name":"Actualidad Turismo"}}]},{"@type":"Organization","@id":"https:\/\/eldigitaldeasturias.com\/magazine365\/#organization","name":"El digital de Asturias","description":"Revista de ocio, turismo y estilo de vida","url":"https:\/\/eldigitaldeasturias.com\/magazine365\/","logo":{"@type":"ImageObject","url":"https:\/\/www.eldigitaldeasturias.com\/noticias\/wp-content\/uploads\/2020\/12\/EDA.jpg","@id":"https:\/\/eldigitaldeasturias.com\/magazine365\/grecia-aplicara-un-iva-del-13-en-los-hoteles\/#organizationLogo"},"image":{"@id":"https:\/\/eldigitaldeasturias.com\/magazine365\/grecia-aplicara-un-iva-del-13-en-los-hoteles\/#organizationLogo"}},{"@type":"Person","@id":"https:\/\/eldigitaldeasturias.com\/magazine365\/author\/admin\/#author","url":"https:\/\/eldigitaldeasturias.com\/magazine365\/author\/admin\/","name":"admin","image":{"@type":"ImageObject","@id":"https:\/\/eldigitaldeasturias.com\/magazine365\/grecia-aplicara-un-iva-del-13-en-los-hoteles\/#authorImage","url":"https:\/\/eldigitaldeasturias.com\/magazine365\/wp-content\/litespeed\/avatar\/e571bcf59a0edd6fa6838245a470f2fe.jpg?ver=1777574230","width":96,"height":96,"caption":"admin"}},{"@type":"WebPage","@id":"https:\/\/eldigitaldeasturias.com\/magazine365\/grecia-aplicara-un-iva-del-13-en-los-hoteles\/#webpage","url":"https:\/\/eldigitaldeasturias.com\/magazine365\/grecia-aplicara-un-iva-del-13-en-los-hoteles\/","name":"Grecia aplicar\u00e1 un IVA del 13% en los hoteles | El Digital de Asturias","description":"El primer ministro griego, Alexis Tsipras, ha ofrecido nuevas concesiones a sus acreedores en pensiones y subida del IVA, dos de sus l\u00edneas rojas hasta ahora, para lograr un acuerdo que permita desbloquear el rescate y evitar la suspensi\u00f3n de pagos y la salida de Grecia del euro. En cuanto al IVA, Grecia se compromete","inLanguage":"es-ES","isPartOf":{"@id":"https:\/\/eldigitaldeasturias.com\/magazine365\/#website"},"breadcrumb":{"@id":"https:\/\/eldigitaldeasturias.com\/magazine365\/grecia-aplicara-un-iva-del-13-en-los-hoteles\/#breadcrumblist"},"author":{"@id":"https:\/\/eldigitaldeasturias.com\/magazine365\/author\/admin\/#author"},"creator":{"@id":"https:\/\/eldigitaldeasturias.com\/magazine365\/author\/admin\/#author"},"image":{"@type":"ImageObject","url":"https:\/\/eldigitaldeasturias.com\/magazine365\/wp-content\/uploads\/2015\/06\/fotonoticia_20150623115104_800.jpg","@id":"https:\/\/eldigitaldeasturias.com\/magazine365\/grecia-aplicara-un-iva-del-13-en-los-hoteles\/#mainImage","width":800,"height":532},"primaryImageOfPage":{"@id":"https:\/\/eldigitaldeasturias.com\/magazine365\/grecia-aplicara-un-iva-del-13-en-los-hoteles\/#mainImage"},"datePublished":"2015-06-24T04:49:52+02:00","dateModified":"2015-06-24T04:49:52+02:00"},{"@type":"WebSite","@id":"https:\/\/eldigitaldeasturias.com\/magazine365\/#website","url":"https:\/\/eldigitaldeasturias.com\/magazine365\/","name":"El Digital de Asturias","description":"Revista de ocio, turismo y estilo de vida","inLanguage":"es-ES","publisher":{"@id":"https:\/\/eldigitaldeasturias.com\/magazine365\/#organization"}}]},"og:locale":"es_ES","og:site_name":"El Digital de Asturias \u2013 Revista de ocio, turismo y estilo de vida","og:type":"article","og:title":"Grecia aplicar\u00e1 un IVA del 13% en los hoteles | El Digital de Asturias","og:description":"El primer ministro griego, Alexis Tsipras, ha ofrecido nuevas concesiones a sus acreedores en pensiones y subida del IVA, dos de sus l\u00edneas rojas hasta ahora, para lograr un acuerdo que permita desbloquear el rescate y evitar la suspensi\u00f3n de pagos y la salida de Grecia del euro. En cuanto al IVA, Grecia se compromete","og:url":"https:\/\/eldigitaldeasturias.com\/magazine365\/grecia-aplicara-un-iva-del-13-en-los-hoteles\/","og:image":"https:\/\/eldigitaldeasturias.com\/magazine365\/wp-content\/uploads\/2015\/06\/fotonoticia_20150623115104_800.jpg","og:image:secure_url":"https:\/\/eldigitaldeasturias.com\/magazine365\/wp-content\/uploads\/2015\/06\/fotonoticia_20150623115104_800.jpg","og:image:width":800,"og:image:height":532,"article:published_time":"2015-06-24T03:19:52+00:00","article:modified_time":"2015-06-24T03:19:52+00:00","twitter:card":"summary_large_image","twitter:title":"Grecia aplicar\u00e1 un IVA del 13% en los hoteles | El Digital de Asturias","twitter:description":"El primer ministro griego, Alexis Tsipras, ha ofrecido nuevas concesiones a sus acreedores en pensiones y subida del IVA, dos de sus l\u00edneas rojas hasta ahora, para lograr un acuerdo que permita desbloquear el rescate y evitar la suspensi\u00f3n de pagos y la salida de Grecia del euro. En cuanto al IVA, Grecia se compromete","twitter:image":"https:\/\/eldigitaldeasturias.com\/magazine365\/wp-content\/uploads\/2015\/06\/fotonoticia_20150623115104_800.jpg"},"aioseo_meta_data":{"post_id":"40689","title":null,"description":null,"keywords":null,"keyphrases":null,"primary_term":null,"canonical_url":null,"og_title":null,"og_description":null,"og_object_type":"default","og_image_type":"default","og_image_url":null,"og_image_width":null,"og_image_height":null,"og_image_custom_url":null,"og_image_custom_fields":null,"og_video":null,"og_custom_url":null,"og_article_section":null,"og_article_tags":null,"twitter_use_og":false,"twitter_card":"default","twitter_image_type":"default","twitter_image_url":null,"twitter_image_custom_url":null,"twitter_image_custom_fields":null,"twitter_title":null,"twitter_description":null,"schema":{"blockGraphs":[],"customGraphs":[],"default":{"data":{"Article":[],"Course":[],"Dataset":[],"FAQPage":[],"Movie":[],"Person":[],"Product":[],"ProductReview":[],"Car":[],"Recipe":[],"Service":[],"SoftwareApplication":[],"WebPage":[]},"graphName":"","isEnabled":true},"graphs":[],"defaultGraph":"","defaultPostTypeGraph":""},"schema_type":null,"schema_type_options":null,"pillar_content":false,"robots_default":true,"robots_noindex":false,"robots_noarchive":false,"robots_nosnippet":false,"robots_nofollow":false,"robots_noimageindex":false,"robots_noodp":false,"robots_notranslate":false,"robots_max_snippet":null,"robots_max_videopreview":null,"robots_max_imagepreview":"large","priority":null,"frequency":null,"location":null,"local_seo":null,"seo_analyzer_scan_date":"2025-09-19 14:04:21","breadcrumb_settings":null,"limit_modified_date":false,"open_ai":null,"ai":null,"created":"2021-03-09 02:25:54","updated":"2025-09-19 14:04:21"},"aioseo_breadcrumb":"<div class=\"aioseo-breadcrumbs\"><span class=\"aioseo-breadcrumb\">\n\t<a href=\"https:\/\/eldigitaldeasturias.com\/magazine365\" title=\"Home\">Home<\/a>\n<\/span><span class=\"aioseo-breadcrumb-separator\">\u2013<\/span><span class=\"aioseo-breadcrumb\">\n\t<a href=\"https:\/\/eldigitaldeasturias.com\/magazine365\/category\/actualidad-turismo\/\" title=\"Actualidad Turismo\">Actualidad Turismo<\/a>\n<\/span><span class=\"aioseo-breadcrumb-separator\">\u2013<\/span><span class=\"aioseo-breadcrumb\">\n\t<a href=\"https:\/\/eldigitaldeasturias.com\/magazine365\/grecia-aplicara-un-iva-del-13-en-los-hoteles\/\" title=\"Grecia aplicar\u00e1 un IVA del 13% en los hoteles\">Grecia aplicar\u00e1 un IVA del 13% en los hoteles<\/a>\n<\/span><\/div>","aioseo_breadcrumb_json":[{"label":"Home","link":"https:\/\/eldigitaldeasturias.com\/magazine365"},{"label":"Actualidad Turismo","link":"https:\/\/eldigitaldeasturias.com\/magazine365\/category\/actualidad-turismo\/"},{"label":"Grecia aplicar\u00e1 un IVA del 13% en los hoteles","link":"https:\/\/eldigitaldeasturias.com\/magazine365\/grecia-aplicara-un-iva-del-13-en-los-hoteles\/"}],"_links":{"self":[{"href":"https:\/\/eldigitaldeasturias.com\/magazine365\/wp-json\/wp\/v2\/posts\/40689","targetHints":{"allow":["GET"]}}],"collection":[{"href":"https:\/\/eldigitaldeasturias.com\/magazine365\/wp-json\/wp\/v2\/posts"}],"about":[{"href":"https:\/\/eldigitaldeasturias.com\/magazine365\/wp-json\/wp\/v2\/types\/post"}],"author":[{"embeddable":true,"href":"https:\/\/eldigitaldeasturias.com\/magazine365\/wp-json\/wp\/v2\/users\/1"}],"replies":[{"embeddable":true,"href":"https:\/\/eldigitaldeasturias.com\/magazine365\/wp-json\/wp\/v2\/comments?post=40689"}],"version-history":[{"count":0,"href":"https:\/\/eldigitaldeasturias.com\/magazine365\/wp-json\/wp\/v2\/posts\/40689\/revisions"}],"wp:featuredmedia":[{"embeddable":true,"href":"https:\/\/eldigitaldeasturias.com\/magazine365\/wp-json\/wp\/v2\/media\/40690"}],"wp:attachment":[{"href":"https:\/\/eldigitaldeasturias.com\/magazine365\/wp-json\/wp\/v2\/media?parent=40689"}],"wp:term":[{"taxonomy":"category","embeddable":true,"href":"https:\/\/eldigitaldeasturias.com\/magazine365\/wp-json\/wp\/v2\/categories?post=40689"},{"taxonomy":"post_tag","embeddable":true,"href":"https:\/\/eldigitaldeasturias.com\/magazine365\/wp-json\/wp\/v2\/tags?post=40689"}],"curies":[{"name":"wp","href":"https:\/\/api.w.org\/{rel}","templated":true}]}}