{"id":40680,"date":"2015-06-24T04:27:19","date_gmt":"2015-06-24T02:57:19","guid":{"rendered":"http:\/\/eldigitaldeasturias.com\/magazine365\/?p=40680"},"modified":"2015-06-24T04:27:19","modified_gmt":"2015-06-24T02:57:19","slug":"200-agentes-para-la-noche-de-san-juan-en-valencia","status":"publish","type":"post","link":"https:\/\/eldigitaldeasturias.com\/magazine365\/200-agentes-para-la-noche-de-san-juan-en-valencia\/","title":{"rendered":"200 agentes para la noche de San Juan en Valencia"},"content":{"rendered":"<p><img fetchpriority=\"high\" decoding=\"async\" class=\"alignleft size-medium wp-image-40681\" src=\"https:\/\/eldigitaldeasturias.com\/magazine365\/wp-content\/uploads\/2015\/06\/fotonoticia_20150623103047_800-360x240.jpg\" alt=\"fotonoticia_20150623103047_800\" width=\"360\" height=\"240\" srcset=\"https:\/\/eldigitaldeasturias.com\/magazine365\/wp-content\/uploads\/2015\/06\/fotonoticia_20150623103047_800-360x240.jpg 360w, https:\/\/eldigitaldeasturias.com\/magazine365\/wp-content\/uploads\/2015\/06\/fotonoticia_20150623103047_800-650x434.jpg 650w, https:\/\/eldigitaldeasturias.com\/magazine365\/wp-content\/uploads\/2015\/06\/fotonoticia_20150623103047_800-768x513.jpg 768w, https:\/\/eldigitaldeasturias.com\/magazine365\/wp-content\/uploads\/2015\/06\/fotonoticia_20150623103047_800-150x100.jpg 150w, https:\/\/eldigitaldeasturias.com\/magazine365\/wp-content\/uploads\/2015\/06\/fotonoticia_20150623103047_800-450x300.jpg 450w, https:\/\/eldigitaldeasturias.com\/magazine365\/wp-content\/uploads\/2015\/06\/fotonoticia_20150623103047_800-696x465.jpg 696w, https:\/\/eldigitaldeasturias.com\/magazine365\/wp-content\/uploads\/2015\/06\/fotonoticia_20150623103047_800-629x420.jpg 629w, https:\/\/eldigitaldeasturias.com\/magazine365\/wp-content\/uploads\/2015\/06\/fotonoticia_20150623103047_800-84x55.jpg 84w, https:\/\/eldigitaldeasturias.com\/magazine365\/wp-content\/uploads\/2015\/06\/fotonoticia_20150623103047_800.jpg 800w\" sizes=\"(max-width: 360px) 100vw, 360px\" \/>La Polic\u00eda Local de Valencia ha preparado un operativo especial para la noche de San Juan de 200 agentes que se encargar\u00e1n de regular la afluencia tanto de p\u00fablico como de veh\u00edculos, para dar cobertura a las v\u00edas de influencia y viales pr\u00f3ximos a las zonas de playas. Para ello, hay previstos \u00abcortes y desv\u00edos progresivos\u00bb.<\/p>\n<p>La Polic\u00eda Local ha explicado en un comunicado que los cortes de tr\u00e1fico que se realizar\u00e1n en la zona de las playas valencianas. As\u00ed, el primero previsto &#8212;sobre las 17.00 horas.&#8212; se realizar\u00e1 en la Plaza de la Armada Espa\u00f1ola, cruce con Dr. Marco Sopena, y se desviar\u00e1n los veh\u00edculos por la calle Dr. Lluch, posteriormente se ir\u00e1n cortando las transversales de Dr. Lluch hacia la playa.<\/p>\n<p>Posteriormente, el segundo corte de tr\u00e1fico y dependiendo del aforo de veh\u00edculos, se realizar\u00e1 desde la misma Plaza de la Armada Espa\u00f1ola en direcci\u00f3n a la calle Francisco Cubells mientras que el \u00faltimo se har\u00e1 en el eje de la Avenida del Puerto, cruce con Serrer\u00eda &#8212;aproximadamente sobre las 21.00 horas&#8212; y se canalizar\u00e1 el tr\u00e1fico por esta v\u00eda hasta el l\u00edmite de la ciudad y el Emisario de Vera.<\/p>\n<p>En cuanto a la zona de Pinedo, Saler, el Parque Natural de la Albufera y &#8216;El Perellonet&#8217;, igualmente se han habilitado zonas de estacionamiento y cortes de tr\u00e1fico en funci\u00f3n de la afluencia de personas.<\/p>\n<p>La Polic\u00eda ha se\u00f1alado tambi\u00e9n que en los cortes de tr\u00e1fico los agentes indicar\u00e1n a los vecinos c\u00f3mo acceder a sus domicilios y los servicios de transporte p\u00fablico de EMT y Taxi podr\u00e1n pasar estos cortes de tr\u00e1fico.<\/p>\n<p>Adem\u00e1s, han recordado la prohibici\u00f3n de hacer fuego en toda la zona del Parque Natural de la Albufera, as\u00ed como el lanzamiento de farolillos voladores de papel en las playas de La Devesa, para evitar posibles incendios.<\/p>\n<p>CRUZ ROJA MOVILIZAR\u00c1 MA\u00d1ANA A 100 VOLUNTARIOS<\/p>\n<p>Por su parte, Cruz Roja ha preparado un dispositivo especial con motivo de las celebraciones de la Noche de San Juan con el que la instituci\u00f3n movilizar\u00e1 a 100 voluntarios y voluntarias, entre socorristas, enfermeros, m\u00e9dicos, coordinadores, desde las 21.00 horas hasta las 5.00 horas.<\/p>\n<p>Adem\u00e1s, el dispositivo, en coordinaci\u00f3n con el Ayuntamiento de Valencia, contempla la apertura de cinco postas sanitarias, cuatro de ellas ubicadas en las playas de las Arenas y El Cabanyal, y una de ellas en Pinedo. As\u00ed, tambi\u00e9n se instalar\u00e1 un hospital de campa\u00f1a ubicado junto a la escultura de los Delfines en el paseo de las Arenas, tres ambulancias de soporte vital avanzado, seis ambulancias de soporte vital b\u00e1sico, tres veh\u00edculos y un Centro M\u00f3vil de Coordinaci\u00f3n.<\/p>\n<p>En un comunicado, Cruz Roja Espa\u00f1ola ha hecho una llamada a la precauci\u00f3n para todas las personas que acudan a la playa, especialmente con el fuego y el abuso del alcohol. Adem\u00e1s, recuerda que s\u00f3lo se pueden efectuar hogueras en zonas delimitadas por el Ayuntamiento y la prohibici\u00f3n del vidrio y farolillos voladores en la playa. En cuanto al ba\u00f1o, la instituci\u00f3n recomienda no alejarse de la zona de costa ni adentrarse a solas en el agua.<\/p>\n<p>Durante las celebraciones de la Noche de San Juan del a\u00f1o 2014, Cruz Roja Espa\u00f1ola atendi\u00f3 a 107 personas, de las que ocho tuvieron que ser trasladadas a centros hospitalarios. Las principales asistencias fueron por quemaduras (42 por ciento), heridas (39 por ciento), intoxicaciones et\u00edlicas (28 por ciento), junto con otras patolog\u00edas.<\/p>\n","protected":false},"excerpt":{"rendered":"<p>La Polic\u00eda Local de Valencia ha preparado un operativo especial para la noche de San Juan de 200 agentes que se encargar\u00e1n de regular la afluencia tanto de p\u00fablico como de veh\u00edculos, para dar cobertura a las v\u00edas de influencia y viales pr\u00f3ximos a las zonas de playas. Para ello, hay previstos \u00abcortes y desv\u00edos<\/p>\n","protected":false},"author":1,"featured_media":40681,"comment_status":"open","ping_status":"closed","sticky":false,"template":"","format":"standard","meta":{"footnotes":""},"categories":[222],"tags":[],"class_list":{"0":"post-40680","1":"post","2":"type-post","3":"status-publish","4":"format-standard","5":"has-post-thumbnail","7":"category-actualidad-turismo"},"aioseo_notices":[],"aioseo_head":"\n\t\t<!-- All in One SEO Pro 4.9.6.1 - aioseo.com -->\n\t<meta name=\"description\" content=\"La Polic\u00eda Local de Valencia ha preparado un operativo especial para la noche de San Juan de 200 agentes que se encargar\u00e1n de regular la afluencia tanto de p\u00fablico como de veh\u00edculos, para dar cobertura a las v\u00edas de influencia y viales pr\u00f3ximos a las zonas de playas. Para ello, hay previstos &quot;cortes y desv\u00edos\" \/>\n\t<meta name=\"robots\" content=\"max-image-preview:large\" \/>\n\t<meta name=\"author\" content=\"admin\"\/>\n\t<meta name=\"google-site-verification\" content=\"UA-38556648-1\" \/>\n\t<meta name=\"keywords\" content=\"actualidad turismo\" \/>\n\t<link rel=\"canonical\" href=\"https:\/\/eldigitaldeasturias.com\/magazine365\/200-agentes-para-la-noche-de-san-juan-en-valencia\/\" \/>\n\t<meta name=\"generator\" content=\"All in One SEO Pro (AIOSEO) 4.9.6.1\" \/>\n\t\t<meta property=\"og:locale\" content=\"es_ES\" \/>\n\t\t<meta property=\"og:site_name\" content=\"El Digital de Asturias \u2013 Revista de ocio, turismo y estilo de vida\" \/>\n\t\t<meta property=\"og:type\" content=\"article\" \/>\n\t\t<meta property=\"og:title\" content=\"200 agentes para la noche de San Juan en Valencia | El Digital de Asturias\" \/>\n\t\t<meta property=\"og:description\" content=\"La Polic\u00eda Local de Valencia ha preparado un operativo especial para la noche de San Juan de 200 agentes que se encargar\u00e1n de regular la afluencia tanto de p\u00fablico como de veh\u00edculos, para dar cobertura a las v\u00edas de influencia y viales pr\u00f3ximos a las zonas de playas. Para ello, hay previstos &quot;cortes y desv\u00edos\" \/>\n\t\t<meta property=\"og:url\" content=\"https:\/\/eldigitaldeasturias.com\/magazine365\/200-agentes-para-la-noche-de-san-juan-en-valencia\/\" \/>\n\t\t<meta property=\"og:image\" content=\"https:\/\/eldigitaldeasturias.com\/magazine365\/wp-content\/uploads\/2015\/06\/fotonoticia_20150623103047_800.jpg\" \/>\n\t\t<meta property=\"og:image:secure_url\" content=\"https:\/\/eldigitaldeasturias.com\/magazine365\/wp-content\/uploads\/2015\/06\/fotonoticia_20150623103047_800.jpg\" \/>\n\t\t<meta property=\"og:image:width\" content=\"800\" \/>\n\t\t<meta property=\"og:image:height\" content=\"534\" \/>\n\t\t<meta property=\"article:published_time\" content=\"2015-06-24T02:57:19+00:00\" \/>\n\t\t<meta property=\"article:modified_time\" content=\"2015-06-24T02:57:19+00:00\" \/>\n\t\t<meta name=\"twitter:card\" content=\"summary_large_image\" \/>\n\t\t<meta name=\"twitter:title\" content=\"200 agentes para la noche de San Juan en Valencia | El Digital de Asturias\" \/>\n\t\t<meta name=\"twitter:description\" content=\"La Polic\u00eda Local de Valencia ha preparado un operativo especial para la noche de San Juan de 200 agentes que se encargar\u00e1n de regular la afluencia tanto de p\u00fablico como de veh\u00edculos, para dar cobertura a las v\u00edas de influencia y viales pr\u00f3ximos a las zonas de playas. Para ello, hay previstos &quot;cortes y desv\u00edos\" \/>\n\t\t<meta name=\"twitter:image\" content=\"https:\/\/eldigitaldeasturias.com\/magazine365\/wp-content\/uploads\/2015\/06\/fotonoticia_20150623103047_800.jpg\" \/>\n\t\t<script type=\"application\/ld+json\" class=\"aioseo-schema\">\n\t\t\t{\"@context\":\"https:\\\/\\\/schema.org\",\"@graph\":[{\"@type\":\"Article\",\"@id\":\"https:\\\/\\\/eldigitaldeasturias.com\\\/magazine365\\\/200-agentes-para-la-noche-de-san-juan-en-valencia\\\/#article\",\"name\":\"200 agentes para la noche de San Juan en Valencia | El Digital de Asturias\",\"headline\":\"200 agentes para la noche de San Juan en Valencia\",\"author\":{\"@id\":\"https:\\\/\\\/eldigitaldeasturias.com\\\/magazine365\\\/author\\\/admin\\\/#author\"},\"publisher\":{\"@id\":\"https:\\\/\\\/eldigitaldeasturias.com\\\/magazine365\\\/#organization\"},\"image\":{\"@type\":\"ImageObject\",\"url\":\"https:\\\/\\\/eldigitaldeasturias.com\\\/magazine365\\\/wp-content\\\/uploads\\\/2015\\\/06\\\/fotonoticia_20150623103047_800.jpg\",\"width\":800,\"height\":534},\"datePublished\":\"2015-06-24T04:27:19+02:00\",\"dateModified\":\"2015-06-24T04:27:19+02:00\",\"inLanguage\":\"es-ES\",\"mainEntityOfPage\":{\"@id\":\"https:\\\/\\\/eldigitaldeasturias.com\\\/magazine365\\\/200-agentes-para-la-noche-de-san-juan-en-valencia\\\/#webpage\"},\"isPartOf\":{\"@id\":\"https:\\\/\\\/eldigitaldeasturias.com\\\/magazine365\\\/200-agentes-para-la-noche-de-san-juan-en-valencia\\\/#webpage\"},\"articleSection\":\"Actualidad Turismo\"},{\"@type\":\"BreadcrumbList\",\"@id\":\"https:\\\/\\\/eldigitaldeasturias.com\\\/magazine365\\\/200-agentes-para-la-noche-de-san-juan-en-valencia\\\/#breadcrumblist\",\"itemListElement\":[{\"@type\":\"ListItem\",\"@id\":\"https:\\\/\\\/eldigitaldeasturias.com\\\/magazine365#listItem\",\"position\":1,\"name\":\"Home\",\"item\":\"https:\\\/\\\/eldigitaldeasturias.com\\\/magazine365\",\"nextItem\":{\"@type\":\"ListItem\",\"@id\":\"https:\\\/\\\/eldigitaldeasturias.com\\\/magazine365\\\/category\\\/actualidad-turismo\\\/#listItem\",\"name\":\"Actualidad Turismo\"}},{\"@type\":\"ListItem\",\"@id\":\"https:\\\/\\\/eldigitaldeasturias.com\\\/magazine365\\\/category\\\/actualidad-turismo\\\/#listItem\",\"position\":2,\"name\":\"Actualidad Turismo\",\"item\":\"https:\\\/\\\/eldigitaldeasturias.com\\\/magazine365\\\/category\\\/actualidad-turismo\\\/\",\"nextItem\":{\"@type\":\"ListItem\",\"@id\":\"https:\\\/\\\/eldigitaldeasturias.com\\\/magazine365\\\/200-agentes-para-la-noche-de-san-juan-en-valencia\\\/#listItem\",\"name\":\"200 agentes para la noche de San Juan en Valencia\"},\"previousItem\":{\"@type\":\"ListItem\",\"@id\":\"https:\\\/\\\/eldigitaldeasturias.com\\\/magazine365#listItem\",\"name\":\"Home\"}},{\"@type\":\"ListItem\",\"@id\":\"https:\\\/\\\/eldigitaldeasturias.com\\\/magazine365\\\/200-agentes-para-la-noche-de-san-juan-en-valencia\\\/#listItem\",\"position\":3,\"name\":\"200 agentes para la noche de San Juan en Valencia\",\"previousItem\":{\"@type\":\"ListItem\",\"@id\":\"https:\\\/\\\/eldigitaldeasturias.com\\\/magazine365\\\/category\\\/actualidad-turismo\\\/#listItem\",\"name\":\"Actualidad Turismo\"}}]},{\"@type\":\"Organization\",\"@id\":\"https:\\\/\\\/eldigitaldeasturias.com\\\/magazine365\\\/#organization\",\"name\":\"El digital de Asturias\",\"description\":\"Revista de ocio, turismo y estilo de vida\",\"url\":\"https:\\\/\\\/eldigitaldeasturias.com\\\/magazine365\\\/\",\"logo\":{\"@type\":\"ImageObject\",\"url\":\"https:\\\/\\\/www.eldigitaldeasturias.com\\\/noticias\\\/wp-content\\\/uploads\\\/2020\\\/12\\\/EDA.jpg\",\"@id\":\"https:\\\/\\\/eldigitaldeasturias.com\\\/magazine365\\\/200-agentes-para-la-noche-de-san-juan-en-valencia\\\/#organizationLogo\"},\"image\":{\"@id\":\"https:\\\/\\\/eldigitaldeasturias.com\\\/magazine365\\\/200-agentes-para-la-noche-de-san-juan-en-valencia\\\/#organizationLogo\"}},{\"@type\":\"Person\",\"@id\":\"https:\\\/\\\/eldigitaldeasturias.com\\\/magazine365\\\/author\\\/admin\\\/#author\",\"url\":\"https:\\\/\\\/eldigitaldeasturias.com\\\/magazine365\\\/author\\\/admin\\\/\",\"name\":\"admin\",\"image\":{\"@type\":\"ImageObject\",\"@id\":\"https:\\\/\\\/eldigitaldeasturias.com\\\/magazine365\\\/200-agentes-para-la-noche-de-san-juan-en-valencia\\\/#authorImage\",\"url\":\"https:\\\/\\\/eldigitaldeasturias.com\\\/magazine365\\\/wp-content\\\/litespeed\\\/avatar\\\/e571bcf59a0edd6fa6838245a470f2fe.jpg?ver=1777574230\",\"width\":96,\"height\":96,\"caption\":\"admin\"}},{\"@type\":\"WebPage\",\"@id\":\"https:\\\/\\\/eldigitaldeasturias.com\\\/magazine365\\\/200-agentes-para-la-noche-de-san-juan-en-valencia\\\/#webpage\",\"url\":\"https:\\\/\\\/eldigitaldeasturias.com\\\/magazine365\\\/200-agentes-para-la-noche-de-san-juan-en-valencia\\\/\",\"name\":\"200 agentes para la noche de San Juan en Valencia | El Digital de Asturias\",\"description\":\"La Polic\\u00eda Local de Valencia ha preparado un operativo especial para la noche de San Juan de 200 agentes que se encargar\\u00e1n de regular la afluencia tanto de p\\u00fablico como de veh\\u00edculos, para dar cobertura a las v\\u00edas de influencia y viales pr\\u00f3ximos a las zonas de playas. Para ello, hay previstos \\\"cortes y desv\\u00edos\",\"inLanguage\":\"es-ES\",\"isPartOf\":{\"@id\":\"https:\\\/\\\/eldigitaldeasturias.com\\\/magazine365\\\/#website\"},\"breadcrumb\":{\"@id\":\"https:\\\/\\\/eldigitaldeasturias.com\\\/magazine365\\\/200-agentes-para-la-noche-de-san-juan-en-valencia\\\/#breadcrumblist\"},\"author\":{\"@id\":\"https:\\\/\\\/eldigitaldeasturias.com\\\/magazine365\\\/author\\\/admin\\\/#author\"},\"creator\":{\"@id\":\"https:\\\/\\\/eldigitaldeasturias.com\\\/magazine365\\\/author\\\/admin\\\/#author\"},\"image\":{\"@type\":\"ImageObject\",\"url\":\"https:\\\/\\\/eldigitaldeasturias.com\\\/magazine365\\\/wp-content\\\/uploads\\\/2015\\\/06\\\/fotonoticia_20150623103047_800.jpg\",\"@id\":\"https:\\\/\\\/eldigitaldeasturias.com\\\/magazine365\\\/200-agentes-para-la-noche-de-san-juan-en-valencia\\\/#mainImage\",\"width\":800,\"height\":534},\"primaryImageOfPage\":{\"@id\":\"https:\\\/\\\/eldigitaldeasturias.com\\\/magazine365\\\/200-agentes-para-la-noche-de-san-juan-en-valencia\\\/#mainImage\"},\"datePublished\":\"2015-06-24T04:27:19+02:00\",\"dateModified\":\"2015-06-24T04:27:19+02:00\"},{\"@type\":\"WebSite\",\"@id\":\"https:\\\/\\\/eldigitaldeasturias.com\\\/magazine365\\\/#website\",\"url\":\"https:\\\/\\\/eldigitaldeasturias.com\\\/magazine365\\\/\",\"name\":\"El Digital de Asturias\",\"description\":\"Revista de ocio, turismo y estilo de vida\",\"inLanguage\":\"es-ES\",\"publisher\":{\"@id\":\"https:\\\/\\\/eldigitaldeasturias.com\\\/magazine365\\\/#organization\"}}]}\n\t\t<\/script>\n\t\t<!-- All in One SEO Pro -->\r\n\t\t<title>200 agentes para la noche de San Juan en Valencia | El Digital de Asturias<\/title>\n\n","aioseo_head_json":{"title":"200 agentes para la noche de San Juan en Valencia | El Digital de Asturias","description":"La Polic\u00eda Local de Valencia ha preparado un operativo especial para la noche de San Juan de 200 agentes que se encargar\u00e1n de regular la afluencia tanto de p\u00fablico como de veh\u00edculos, para dar cobertura a las v\u00edas de influencia y viales pr\u00f3ximos a las zonas de playas. Para ello, hay previstos \"cortes y desv\u00edos","canonical_url":"https:\/\/eldigitaldeasturias.com\/magazine365\/200-agentes-para-la-noche-de-san-juan-en-valencia\/","robots":"max-image-preview:large","keywords":"actualidad turismo","webmasterTools":{"google-site-verification":"UA-38556648-1","miscellaneous":""},"schema":{"@context":"https:\/\/schema.org","@graph":[{"@type":"Article","@id":"https:\/\/eldigitaldeasturias.com\/magazine365\/200-agentes-para-la-noche-de-san-juan-en-valencia\/#article","name":"200 agentes para la noche de San Juan en Valencia | El Digital de Asturias","headline":"200 agentes para la noche de San Juan en Valencia","author":{"@id":"https:\/\/eldigitaldeasturias.com\/magazine365\/author\/admin\/#author"},"publisher":{"@id":"https:\/\/eldigitaldeasturias.com\/magazine365\/#organization"},"image":{"@type":"ImageObject","url":"https:\/\/eldigitaldeasturias.com\/magazine365\/wp-content\/uploads\/2015\/06\/fotonoticia_20150623103047_800.jpg","width":800,"height":534},"datePublished":"2015-06-24T04:27:19+02:00","dateModified":"2015-06-24T04:27:19+02:00","inLanguage":"es-ES","mainEntityOfPage":{"@id":"https:\/\/eldigitaldeasturias.com\/magazine365\/200-agentes-para-la-noche-de-san-juan-en-valencia\/#webpage"},"isPartOf":{"@id":"https:\/\/eldigitaldeasturias.com\/magazine365\/200-agentes-para-la-noche-de-san-juan-en-valencia\/#webpage"},"articleSection":"Actualidad Turismo"},{"@type":"BreadcrumbList","@id":"https:\/\/eldigitaldeasturias.com\/magazine365\/200-agentes-para-la-noche-de-san-juan-en-valencia\/#breadcrumblist","itemListElement":[{"@type":"ListItem","@id":"https:\/\/eldigitaldeasturias.com\/magazine365#listItem","position":1,"name":"Home","item":"https:\/\/eldigitaldeasturias.com\/magazine365","nextItem":{"@type":"ListItem","@id":"https:\/\/eldigitaldeasturias.com\/magazine365\/category\/actualidad-turismo\/#listItem","name":"Actualidad Turismo"}},{"@type":"ListItem","@id":"https:\/\/eldigitaldeasturias.com\/magazine365\/category\/actualidad-turismo\/#listItem","position":2,"name":"Actualidad Turismo","item":"https:\/\/eldigitaldeasturias.com\/magazine365\/category\/actualidad-turismo\/","nextItem":{"@type":"ListItem","@id":"https:\/\/eldigitaldeasturias.com\/magazine365\/200-agentes-para-la-noche-de-san-juan-en-valencia\/#listItem","name":"200 agentes para la noche de San Juan en Valencia"},"previousItem":{"@type":"ListItem","@id":"https:\/\/eldigitaldeasturias.com\/magazine365#listItem","name":"Home"}},{"@type":"ListItem","@id":"https:\/\/eldigitaldeasturias.com\/magazine365\/200-agentes-para-la-noche-de-san-juan-en-valencia\/#listItem","position":3,"name":"200 agentes para la noche de San Juan en Valencia","previousItem":{"@type":"ListItem","@id":"https:\/\/eldigitaldeasturias.com\/magazine365\/category\/actualidad-turismo\/#listItem","name":"Actualidad Turismo"}}]},{"@type":"Organization","@id":"https:\/\/eldigitaldeasturias.com\/magazine365\/#organization","name":"El digital de Asturias","description":"Revista de ocio, turismo y estilo de vida","url":"https:\/\/eldigitaldeasturias.com\/magazine365\/","logo":{"@type":"ImageObject","url":"https:\/\/www.eldigitaldeasturias.com\/noticias\/wp-content\/uploads\/2020\/12\/EDA.jpg","@id":"https:\/\/eldigitaldeasturias.com\/magazine365\/200-agentes-para-la-noche-de-san-juan-en-valencia\/#organizationLogo"},"image":{"@id":"https:\/\/eldigitaldeasturias.com\/magazine365\/200-agentes-para-la-noche-de-san-juan-en-valencia\/#organizationLogo"}},{"@type":"Person","@id":"https:\/\/eldigitaldeasturias.com\/magazine365\/author\/admin\/#author","url":"https:\/\/eldigitaldeasturias.com\/magazine365\/author\/admin\/","name":"admin","image":{"@type":"ImageObject","@id":"https:\/\/eldigitaldeasturias.com\/magazine365\/200-agentes-para-la-noche-de-san-juan-en-valencia\/#authorImage","url":"https:\/\/eldigitaldeasturias.com\/magazine365\/wp-content\/litespeed\/avatar\/e571bcf59a0edd6fa6838245a470f2fe.jpg?ver=1777574230","width":96,"height":96,"caption":"admin"}},{"@type":"WebPage","@id":"https:\/\/eldigitaldeasturias.com\/magazine365\/200-agentes-para-la-noche-de-san-juan-en-valencia\/#webpage","url":"https:\/\/eldigitaldeasturias.com\/magazine365\/200-agentes-para-la-noche-de-san-juan-en-valencia\/","name":"200 agentes para la noche de San Juan en Valencia | El Digital de Asturias","description":"La Polic\u00eda Local de Valencia ha preparado un operativo especial para la noche de San Juan de 200 agentes que se encargar\u00e1n de regular la afluencia tanto de p\u00fablico como de veh\u00edculos, para dar cobertura a las v\u00edas de influencia y viales pr\u00f3ximos a las zonas de playas. Para ello, hay previstos \"cortes y desv\u00edos","inLanguage":"es-ES","isPartOf":{"@id":"https:\/\/eldigitaldeasturias.com\/magazine365\/#website"},"breadcrumb":{"@id":"https:\/\/eldigitaldeasturias.com\/magazine365\/200-agentes-para-la-noche-de-san-juan-en-valencia\/#breadcrumblist"},"author":{"@id":"https:\/\/eldigitaldeasturias.com\/magazine365\/author\/admin\/#author"},"creator":{"@id":"https:\/\/eldigitaldeasturias.com\/magazine365\/author\/admin\/#author"},"image":{"@type":"ImageObject","url":"https:\/\/eldigitaldeasturias.com\/magazine365\/wp-content\/uploads\/2015\/06\/fotonoticia_20150623103047_800.jpg","@id":"https:\/\/eldigitaldeasturias.com\/magazine365\/200-agentes-para-la-noche-de-san-juan-en-valencia\/#mainImage","width":800,"height":534},"primaryImageOfPage":{"@id":"https:\/\/eldigitaldeasturias.com\/magazine365\/200-agentes-para-la-noche-de-san-juan-en-valencia\/#mainImage"},"datePublished":"2015-06-24T04:27:19+02:00","dateModified":"2015-06-24T04:27:19+02:00"},{"@type":"WebSite","@id":"https:\/\/eldigitaldeasturias.com\/magazine365\/#website","url":"https:\/\/eldigitaldeasturias.com\/magazine365\/","name":"El Digital de Asturias","description":"Revista de ocio, turismo y estilo de vida","inLanguage":"es-ES","publisher":{"@id":"https:\/\/eldigitaldeasturias.com\/magazine365\/#organization"}}]},"og:locale":"es_ES","og:site_name":"El Digital de Asturias \u2013 Revista de ocio, turismo y estilo de vida","og:type":"article","og:title":"200 agentes para la noche de San Juan en Valencia | El Digital de Asturias","og:description":"La Polic\u00eda Local de Valencia ha preparado un operativo especial para la noche de San Juan de 200 agentes que se encargar\u00e1n de regular la afluencia tanto de p\u00fablico como de veh\u00edculos, para dar cobertura a las v\u00edas de influencia y viales pr\u00f3ximos a las zonas de playas. Para ello, hay previstos &quot;cortes y desv\u00edos","og:url":"https:\/\/eldigitaldeasturias.com\/magazine365\/200-agentes-para-la-noche-de-san-juan-en-valencia\/","og:image":"https:\/\/eldigitaldeasturias.com\/magazine365\/wp-content\/uploads\/2015\/06\/fotonoticia_20150623103047_800.jpg","og:image:secure_url":"https:\/\/eldigitaldeasturias.com\/magazine365\/wp-content\/uploads\/2015\/06\/fotonoticia_20150623103047_800.jpg","og:image:width":800,"og:image:height":534,"article:published_time":"2015-06-24T02:57:19+00:00","article:modified_time":"2015-06-24T02:57:19+00:00","twitter:card":"summary_large_image","twitter:title":"200 agentes para la noche de San Juan en Valencia | El Digital de Asturias","twitter:description":"La Polic\u00eda Local de Valencia ha preparado un operativo especial para la noche de San Juan de 200 agentes que se encargar\u00e1n de regular la afluencia tanto de p\u00fablico como de veh\u00edculos, para dar cobertura a las v\u00edas de influencia y viales pr\u00f3ximos a las zonas de playas. Para ello, hay previstos &quot;cortes y desv\u00edos","twitter:image":"https:\/\/eldigitaldeasturias.com\/magazine365\/wp-content\/uploads\/2015\/06\/fotonoticia_20150623103047_800.jpg"},"aioseo_meta_data":{"post_id":"40680","title":null,"description":null,"keywords":null,"keyphrases":null,"primary_term":null,"canonical_url":null,"og_title":null,"og_description":null,"og_object_type":"default","og_image_type":"default","og_image_url":null,"og_image_width":null,"og_image_height":null,"og_image_custom_url":null,"og_image_custom_fields":null,"og_video":null,"og_custom_url":null,"og_article_section":null,"og_article_tags":null,"twitter_use_og":false,"twitter_card":"default","twitter_image_type":"default","twitter_image_url":null,"twitter_image_custom_url":null,"twitter_image_custom_fields":null,"twitter_title":null,"twitter_description":null,"schema":{"blockGraphs":[],"customGraphs":[],"default":{"data":{"Article":[],"Course":[],"Dataset":[],"FAQPage":[],"Movie":[],"Person":[],"Product":[],"ProductReview":[],"Car":[],"Recipe":[],"Service":[],"SoftwareApplication":[],"WebPage":[]},"graphName":"","isEnabled":true},"graphs":[],"defaultGraph":"","defaultPostTypeGraph":""},"schema_type":null,"schema_type_options":null,"pillar_content":false,"robots_default":true,"robots_noindex":false,"robots_noarchive":false,"robots_nosnippet":false,"robots_nofollow":false,"robots_noimageindex":false,"robots_noodp":false,"robots_notranslate":false,"robots_max_snippet":null,"robots_max_videopreview":null,"robots_max_imagepreview":"large","priority":null,"frequency":null,"location":null,"local_seo":null,"seo_analyzer_scan_date":"2025-09-19 14:04:17","breadcrumb_settings":null,"limit_modified_date":false,"open_ai":null,"ai":null,"created":"2021-03-09 02:25:54","updated":"2025-09-19 14:04:17"},"aioseo_breadcrumb":"<div class=\"aioseo-breadcrumbs\"><span class=\"aioseo-breadcrumb\">\n\t<a href=\"https:\/\/eldigitaldeasturias.com\/magazine365\" title=\"Home\">Home<\/a>\n<\/span><span class=\"aioseo-breadcrumb-separator\">\u2013<\/span><span class=\"aioseo-breadcrumb\">\n\t<a href=\"https:\/\/eldigitaldeasturias.com\/magazine365\/category\/actualidad-turismo\/\" title=\"Actualidad Turismo\">Actualidad Turismo<\/a>\n<\/span><span class=\"aioseo-breadcrumb-separator\">\u2013<\/span><span class=\"aioseo-breadcrumb\">\n\t<a href=\"https:\/\/eldigitaldeasturias.com\/magazine365\/200-agentes-para-la-noche-de-san-juan-en-valencia\/\" title=\"200 agentes para la noche de San Juan en Valencia\">200 agentes para la noche de San Juan en Valencia<\/a>\n<\/span><\/div>","aioseo_breadcrumb_json":[{"label":"Home","link":"https:\/\/eldigitaldeasturias.com\/magazine365"},{"label":"Actualidad Turismo","link":"https:\/\/eldigitaldeasturias.com\/magazine365\/category\/actualidad-turismo\/"},{"label":"200 agentes para la noche de San Juan en Valencia","link":"https:\/\/eldigitaldeasturias.com\/magazine365\/200-agentes-para-la-noche-de-san-juan-en-valencia\/"}],"_links":{"self":[{"href":"https:\/\/eldigitaldeasturias.com\/magazine365\/wp-json\/wp\/v2\/posts\/40680","targetHints":{"allow":["GET"]}}],"collection":[{"href":"https:\/\/eldigitaldeasturias.com\/magazine365\/wp-json\/wp\/v2\/posts"}],"about":[{"href":"https:\/\/eldigitaldeasturias.com\/magazine365\/wp-json\/wp\/v2\/types\/post"}],"author":[{"embeddable":true,"href":"https:\/\/eldigitaldeasturias.com\/magazine365\/wp-json\/wp\/v2\/users\/1"}],"replies":[{"embeddable":true,"href":"https:\/\/eldigitaldeasturias.com\/magazine365\/wp-json\/wp\/v2\/comments?post=40680"}],"version-history":[{"count":0,"href":"https:\/\/eldigitaldeasturias.com\/magazine365\/wp-json\/wp\/v2\/posts\/40680\/revisions"}],"wp:featuredmedia":[{"embeddable":true,"href":"https:\/\/eldigitaldeasturias.com\/magazine365\/wp-json\/wp\/v2\/media\/40681"}],"wp:attachment":[{"href":"https:\/\/eldigitaldeasturias.com\/magazine365\/wp-json\/wp\/v2\/media?parent=40680"}],"wp:term":[{"taxonomy":"category","embeddable":true,"href":"https:\/\/eldigitaldeasturias.com\/magazine365\/wp-json\/wp\/v2\/categories?post=40680"},{"taxonomy":"post_tag","embeddable":true,"href":"https:\/\/eldigitaldeasturias.com\/magazine365\/wp-json\/wp\/v2\/tags?post=40680"}],"curies":[{"name":"wp","href":"https:\/\/api.w.org\/{rel}","templated":true}]}}